{"id":6755,"date":"2025-08-07T01:51:01","date_gmt":"2025-08-06T23:51:01","guid":{"rendered":"https:\/\/www.strassenweb.de\/nachrichten\/aldis-neue-499-us\/"},"modified":"2025-08-07T01:51:02","modified_gmt":"2025-08-06T23:51:02","slug":"aldis-neue-499-us","status":"publish","type":"post","link":"https:\/\/www.strassenweb.de\/nachrichten\/aldis-neue-499-us\/","title":{"rendered":"Aldi&#8217;s neue 4,99 US"},"content":{"rendered":"<p><\/p>\n<div id=\"article-body\" class=\"article__body \">\n<p>Als sich das Wetter zu verschieben beginnt und sich die ersten Hinweise des Herbstes eindringen, habe ich nach kleinen, sinnvollen M\u00f6glichkeiten gesucht, um saisonale Herbsttischdekoration in mein Zuhause zu bringen-nichts \u00fcbertriebenes, nur nachdenkliche kleine Details, die den Raum w\u00e4rmer und gem\u00fctlicher anf\u00fchlen. In dem Moment, in dem ich die Huntington Home Novelty Glass Bud Vasen in Aldi sah, wusste ich, dass ich bald dorthin gehen w\u00fcrde, um etwas abzuholen.<\/p>\n<div id=\"brdx-unit-1\" class=\"brdx-unit\"><\/div>\n<p>Sie sind jeweils knapp 5 US -Dollar, was sich bereits wie ein Schn\u00e4ppchen anf\u00fchlt, besonders f\u00fcr etwas, das sowohl dekorativ als auch vielseitig ist. Was mir wirklich aufgesehen wurde, waren die Formen-winzige Pilze, Eicheln und K\u00fcrbisse-alles in weichem, strukturiertem Glas, das ihnen diesen sch\u00f6nen Vintage-inspirierten Look verleiht. Es ist skurril, aber nicht kitschig, charmant, ohne \u00fcberm\u00e4\u00dfig themat zu werden. Sie sehen aus wie etwas, das Sie auf einer Boutique oder einem Flohmarkt finden w\u00fcrden, nicht auf einem Lebensmittelgesch\u00e4ft.<\/p>\n<div class=\"product-container horizontal-product-container\">\n<div class=\"product-block-row\"><\/div>\n<\/div>\n<aside data-block-type=\"embed\" data-render-type=\"fte\" data-skip=\"dealsy\" data-widget-type=\"seasonal\" class=\"hawk-base\"><\/aside>\n<p>Noch besser ist die Farbpalette in der besten Art und Weise unerwartet: ein olumfarbenes Rosa, ein leuchtendes Bernstein-Orange und ein tiefes Moosgr\u00fcn. Sie sind nicht Ihre typischen &#8222;Herbstfarben&#8220;, aber sie f\u00fchlen sich absolut Herbst &#8211; warm, erdig und geschichtet. Ich kann mir bereits vorstellen, dass sie in die Mitte meines Esstischs verstreut sind, um eine l\u00e4ssige, aber elegante Herbst -Tischlandschaft zu erhalten. Ein paar getrocknete St\u00e4ngel oder abgeschnittene Zweige aus dem Hof, vielleicht mit ein paar sich verj\u00fcngenden Kerzen, und es ist ein sofortiges saisonales Herzst\u00fcck ohne gro\u00dfe Anstrengung.<\/p>\n<div class=\"van_vid_carousel\">\n<div class=\"van_vid_carousel__padding\">\n<div class=\"van_vid_carousel__container\"><\/div>\n<\/div>\n<\/div>\n<p>Aber jenseits meines Herbsttischs oder Herbstk\u00fcchendekors kann ich mir vorstellen, diese Vasen im ganzen Haus zu verwenden. Auf dem Kaminsims w\u00fcrden sie neben anderen nat\u00fcrlichen Elementen genau den richtigen Farbtupfer und Textur hinzuf\u00fcgen. In einem Regal brachten sie das gesammelte, kuratierte Gef\u00fchl, das ich immer anstrebe. Ich denke sogar dar\u00fcber nach, einen auf meinen Nachttisch mit einem einzigen Stamm von etwas getrocknetem zu legen &#8211; nur eine kleine Geste, die die Ver\u00e4nderung der Saison signalisiert.<\/p>\n<div id=\"brdx-unit-2\" class=\"brdx-unit\"><\/div>\n<p>Da sie Teil von Aldi&#8217;s Limited Time &#8218;Aldi findet, \u00bbich wei\u00df, dass ich nicht f\u00fcr immer zu entscheiden bin. Diese saisonalen Tropfen sind in der Regel schnell ausverkauft, und ich w\u00e4re nicht \u00fcberrascht, wenn diese Knospenvasen schnell verschwinden &#8211; sie sind erschwinglich, bezaubernd und ehrlich gesagt, sie f\u00fchlen sich eine perfekte Art, die Verlagerung in den Herbst zu markieren, ohne eine gro\u00dfe Produktion davon zu machen.<\/p>\n<p>Also ja, ich werde auf jeden Fall bald eine Reise machen. Und vielleicht ein paar Extras, w\u00e4hrend ich dabei bin &#8211; sie w\u00fcrden auch sch\u00f6ne kleine Geschenke machen. Eine kleine, einfache Erg\u00e4nzung zu meinem Zuhause, bei der sich alles ein bisschen absichtlicher und viel saisoniver anf\u00fchlt.<\/p>\n<h3 class=\"article-body__section\" id=\"section-shop-bud-vases-for-fall\"><span>Laden Sie Knospenvasen f\u00fcr den Herbst ein<\/span><\/h3>\n<p>Wenn Sie davon tr\u00e4umen, Ihrem Herbsttisch saisonale Knospen -Vasen hinzuzuf\u00fcgen, aber keine Aldi in der N\u00e4he haben, habe ich meine Lieblingsalternativen online zusammengefasst, damit Sie Ihr Herbst -Dekor erh\u00f6hen k\u00f6nnen, wenn der September herumrollt.<\/p>\n<div id=\"slice-container-newsletterForm-articleInbodyContent-SFphwrAcos3WoQ5Dwa7sWM\" class=\"slice-container newsletter-inbodyContent-slice newsletterForm-articleInbodyContent-SFphwrAcos3WoQ5Dwa7sWM slice-container-newsletterForm\"><\/div>\n<div class=\"product-container hero-product-container product-block-no-wrap\">\n<div class=\"product-block-row\"><\/div>\n<div class=\"product-block-row\"><\/div>\n<div class=\"product-block-row\"><\/div>\n<\/div>\n<\/div>\n","protected":false},"excerpt":{"rendered":"<p>Als sich das Wetter zu verschieben beginnt und sich die ersten Hinweise des Herbstes eindringen, habe ich nach kleinen, sinnvollen M\u00f6glichkeiten gesucht, um saisonale Herbsttischdekoration<\/p>\n","protected":false},"author":1,"featured_media":6756,"comment_status":"closed","ping_status":"","sticky":false,"template":"","format":"standard","meta":{"footnotes":""},"categories":[118],"tags":[7667,108],"class_list":["post-6755","post","type-post","status-publish","format-standard","has-post-thumbnail","hentry","category-haus-garten","tag-aldis","tag-neue","generate-columns","tablet-grid-50","mobile-grid-100","grid-parent","grid-50"],"yoast_head":"<!-- This site is optimized with the Yoast SEO plugin v27.3 - https:\/\/yoast.com\/product\/yoast-seo-wordpress\/ -->\n<title>Aldi&#039;s neue 4,99 US - Nachrichten - Stra\u00dfenweb<\/title>\n<meta name=\"robots\" content=\"index, follow, max-snippet:-1, max-image-preview:large, max-video-preview:-1\" \/>\n<link rel=\"canonical\" href=\"https:\/\/www.strassenweb.de\/nachrichten\/aldis-neue-499-us\/\" \/>\n<meta property=\"og:locale\" content=\"de_DE\" \/>\n<meta property=\"og:type\" content=\"article\" \/>\n<meta property=\"og:title\" content=\"Aldi&#039;s neue 4,99 US - Nachrichten - Stra\u00dfenweb\" \/>\n<meta property=\"og:description\" content=\"Als sich das Wetter zu verschieben beginnt und sich die ersten Hinweise des Herbstes eindringen, habe ich nach kleinen, sinnvollen M\u00f6glichkeiten gesucht, um saisonale Herbsttischdekoration\" \/>\n<meta property=\"og:url\" content=\"https:\/\/www.strassenweb.de\/nachrichten\/aldis-neue-499-us\/\" \/>\n<meta property=\"og:site_name\" content=\"Stra\u00dfenweb\" \/>\n<meta property=\"article:publisher\" content=\"https:\/\/www.facebook.com\/strassenweb\/\" \/>\n<meta property=\"article:published_time\" content=\"2025-08-06T23:51:01+00:00\" \/>\n<meta property=\"article:modified_time\" content=\"2025-08-06T23:51:02+00:00\" \/>\n<meta property=\"og:image\" content=\"https:\/\/www.strassenweb.de\/nachrichten\/wp-content\/uploads\/2025\/08\/Aldis-neue-499-US-1024x819.jpg\" \/>\n\t<meta property=\"og:image:width\" content=\"1024\" \/>\n\t<meta property=\"og:image:height\" content=\"819\" \/>\n\t<meta property=\"og:image:type\" content=\"image\/jpeg\" \/>\n<meta name=\"author\" content=\"Robert Hoffmann\" \/>\n<meta name=\"twitter:card\" content=\"summary_large_image\" \/>\n<meta name=\"twitter:label1\" content=\"Verfasst von\" \/>\n\t<meta name=\"twitter:data1\" content=\"Robert Hoffmann\" \/>\n\t<meta name=\"twitter:label2\" content=\"Gesch\u00e4tzte Lesezeit\" \/>\n\t<meta name=\"twitter:data2\" content=\"3\u00a0Minuten\" \/>\n<script type=\"application\/ld+json\" class=\"yoast-schema-graph\">{\"@context\":\"https:\\\/\\\/schema.org\",\"@graph\":[{\"@type\":\"Article\",\"@id\":\"https:\\\/\\\/www.strassenweb.de\\\/nachrichten\\\/aldis-neue-499-us\\\/#article\",\"isPartOf\":{\"@id\":\"https:\\\/\\\/www.strassenweb.de\\\/nachrichten\\\/aldis-neue-499-us\\\/\"},\"author\":{\"name\":\"Robert Hoffmann\",\"@id\":\"https:\\\/\\\/www.strassenweb.de\\\/nachrichten\\\/#\\\/schema\\\/person\\\/87c9c9067f1211da429a744dc5a5aa41\"},\"headline\":\"Aldi&#8217;s neue 4,99 US\",\"datePublished\":\"2025-08-06T23:51:01+00:00\",\"dateModified\":\"2025-08-06T23:51:02+00:00\",\"mainEntityOfPage\":{\"@id\":\"https:\\\/\\\/www.strassenweb.de\\\/nachrichten\\\/aldis-neue-499-us\\\/\"},\"wordCount\":510,\"publisher\":{\"@id\":\"https:\\\/\\\/www.strassenweb.de\\\/nachrichten\\\/#organization\"},\"image\":{\"@id\":\"https:\\\/\\\/www.strassenweb.de\\\/nachrichten\\\/aldis-neue-499-us\\\/#primaryimage\"},\"thumbnailUrl\":\"https:\\\/\\\/www.strassenweb.de\\\/nachrichten\\\/wp-content\\\/uploads\\\/2025\\\/08\\\/Aldis-neue-499-US.jpg\",\"keywords\":[\"Aldis\",\"Neue\"],\"articleSection\":[\"Haus &amp; Garten\"],\"inLanguage\":\"de\"},{\"@type\":\"WebPage\",\"@id\":\"https:\\\/\\\/www.strassenweb.de\\\/nachrichten\\\/aldis-neue-499-us\\\/\",\"url\":\"https:\\\/\\\/www.strassenweb.de\\\/nachrichten\\\/aldis-neue-499-us\\\/\",\"name\":\"Aldi's neue 4,99 US - Nachrichten - Stra\u00dfenweb\",\"isPartOf\":{\"@id\":\"https:\\\/\\\/www.strassenweb.de\\\/nachrichten\\\/#website\"},\"primaryImageOfPage\":{\"@id\":\"https:\\\/\\\/www.strassenweb.de\\\/nachrichten\\\/aldis-neue-499-us\\\/#primaryimage\"},\"image\":{\"@id\":\"https:\\\/\\\/www.strassenweb.de\\\/nachrichten\\\/aldis-neue-499-us\\\/#primaryimage\"},\"thumbnailUrl\":\"https:\\\/\\\/www.strassenweb.de\\\/nachrichten\\\/wp-content\\\/uploads\\\/2025\\\/08\\\/Aldis-neue-499-US.jpg\",\"datePublished\":\"2025-08-06T23:51:01+00:00\",\"dateModified\":\"2025-08-06T23:51:02+00:00\",\"breadcrumb\":{\"@id\":\"https:\\\/\\\/www.strassenweb.de\\\/nachrichten\\\/aldis-neue-499-us\\\/#breadcrumb\"},\"inLanguage\":\"de\",\"potentialAction\":[{\"@type\":\"ReadAction\",\"target\":[\"https:\\\/\\\/www.strassenweb.de\\\/nachrichten\\\/aldis-neue-499-us\\\/\"]}]},{\"@type\":\"ImageObject\",\"inLanguage\":\"de\",\"@id\":\"https:\\\/\\\/www.strassenweb.de\\\/nachrichten\\\/aldis-neue-499-us\\\/#primaryimage\",\"url\":\"https:\\\/\\\/www.strassenweb.de\\\/nachrichten\\\/wp-content\\\/uploads\\\/2025\\\/08\\\/Aldis-neue-499-US.jpg\",\"contentUrl\":\"https:\\\/\\\/www.strassenweb.de\\\/nachrichten\\\/wp-content\\\/uploads\\\/2025\\\/08\\\/Aldis-neue-499-US.jpg\",\"width\":2000,\"height\":1600,\"caption\":\"Thanksgiving table decor ideas with grey linen and foliage runner and crystal glassware\"},{\"@type\":\"BreadcrumbList\",\"@id\":\"https:\\\/\\\/www.strassenweb.de\\\/nachrichten\\\/aldis-neue-499-us\\\/#breadcrumb\",\"itemListElement\":[{\"@type\":\"ListItem\",\"position\":1,\"name\":\"Home\",\"item\":\"https:\\\/\\\/www.strassenweb.de\\\/nachrichten\\\/\"},{\"@type\":\"ListItem\",\"position\":2,\"name\":\"Aldi&#8217;s neue 4,99 US\"}]},{\"@type\":\"WebSite\",\"@id\":\"https:\\\/\\\/www.strassenweb.de\\\/nachrichten\\\/#website\",\"url\":\"https:\\\/\\\/www.strassenweb.de\\\/nachrichten\\\/\",\"name\":\"Stra\u00dfenweb\",\"description\":\"Stra\u00dfenverzeichnis f\u00fcr Deutschland\",\"publisher\":{\"@id\":\"https:\\\/\\\/www.strassenweb.de\\\/nachrichten\\\/#organization\"},\"potentialAction\":[{\"@type\":\"SearchAction\",\"target\":{\"@type\":\"EntryPoint\",\"urlTemplate\":\"https:\\\/\\\/www.strassenweb.de\\\/nachrichten\\\/?s={search_term_string}\"},\"query-input\":{\"@type\":\"PropertyValueSpecification\",\"valueRequired\":true,\"valueName\":\"search_term_string\"}}],\"inLanguage\":\"de\"},{\"@type\":\"Organization\",\"@id\":\"https:\\\/\\\/www.strassenweb.de\\\/nachrichten\\\/#organization\",\"name\":\"Stra\u00dfenweb\",\"url\":\"https:\\\/\\\/www.strassenweb.de\\\/nachrichten\\\/\",\"logo\":{\"@type\":\"ImageObject\",\"inLanguage\":\"de\",\"@id\":\"https:\\\/\\\/www.strassenweb.de\\\/nachrichten\\\/#\\\/schema\\\/logo\\\/image\\\/\",\"url\":\"https:\\\/\\\/www.strassenweb.de\\\/nachrichten\\\/wp-content\\\/uploads\\\/2024\\\/09\\\/cropped-favicon.png\",\"contentUrl\":\"https:\\\/\\\/www.strassenweb.de\\\/nachrichten\\\/wp-content\\\/uploads\\\/2024\\\/09\\\/cropped-favicon.png\",\"width\":512,\"height\":512,\"caption\":\"Stra\u00dfenweb\"},\"image\":{\"@id\":\"https:\\\/\\\/www.strassenweb.de\\\/nachrichten\\\/#\\\/schema\\\/logo\\\/image\\\/\"},\"sameAs\":[\"https:\\\/\\\/www.facebook.com\\\/strassenweb\\\/\"]},{\"@type\":\"Person\",\"@id\":\"https:\\\/\\\/www.strassenweb.de\\\/nachrichten\\\/#\\\/schema\\\/person\\\/87c9c9067f1211da429a744dc5a5aa41\",\"name\":\"Robert Hoffmann\",\"image\":{\"@type\":\"ImageObject\",\"inLanguage\":\"de\",\"@id\":\"https:\\\/\\\/www.strassenweb.de\\\/nachrichten\\\/wp-content\\\/uploads\\\/2024\\\/09\\\/strassenweb-150x150.jpg\",\"url\":\"https:\\\/\\\/www.strassenweb.de\\\/nachrichten\\\/wp-content\\\/uploads\\\/2024\\\/09\\\/strassenweb-150x150.jpg\",\"contentUrl\":\"https:\\\/\\\/www.strassenweb.de\\\/nachrichten\\\/wp-content\\\/uploads\\\/2024\\\/09\\\/strassenweb-150x150.jpg\",\"caption\":\"Robert Hoffmann\"},\"description\":\"Ich hei\u00dfe Robert Hoffmann und ich bin ein leidenschaftlicher Verfechter von \u00d6kologie und Biodiversit\u00e4t. Seit meiner Kindheit in den W\u00e4ldern Bayerns f\u00fchle ich mich mit der Natur verbunden und bin entschlossen, sie zu sch\u00fctzen. Heute widme ich mein Leben der Sensibilisierung anderer f\u00fcr die Bedeutung des Umweltschutzes f\u00fcr zuk\u00fcnftige Generationen.\",\"sameAs\":[\"https:\\\/\\\/www.strassenweb.de\\\/\"]}]}<\/script>\n<!-- \/ Yoast SEO plugin. -->","yoast_head_json":{"title":"Aldi's neue 4,99 US - Nachrichten - Stra\u00dfenweb","robots":{"index":"index","follow":"follow","max-snippet":"max-snippet:-1","max-image-preview":"max-image-preview:large","max-video-preview":"max-video-preview:-1"},"canonical":"https:\/\/www.strassenweb.de\/nachrichten\/aldis-neue-499-us\/","og_locale":"de_DE","og_type":"article","og_title":"Aldi's neue 4,99 US - Nachrichten - Stra\u00dfenweb","og_description":"Als sich das Wetter zu verschieben beginnt und sich die ersten Hinweise des Herbstes eindringen, habe ich nach kleinen, sinnvollen M\u00f6glichkeiten gesucht, um saisonale Herbsttischdekoration","og_url":"https:\/\/www.strassenweb.de\/nachrichten\/aldis-neue-499-us\/","og_site_name":"Stra\u00dfenweb","article_publisher":"https:\/\/www.facebook.com\/strassenweb\/","article_published_time":"2025-08-06T23:51:01+00:00","article_modified_time":"2025-08-06T23:51:02+00:00","og_image":[{"width":1024,"height":819,"url":"https:\/\/www.strassenweb.de\/nachrichten\/wp-content\/uploads\/2025\/08\/Aldis-neue-499-US-1024x819.jpg","type":"image\/jpeg"}],"author":"Robert Hoffmann","twitter_card":"summary_large_image","twitter_misc":{"Verfasst von":"Robert Hoffmann","Gesch\u00e4tzte Lesezeit":"3\u00a0Minuten"},"schema":{"@context":"https:\/\/schema.org","@graph":[{"@type":"Article","@id":"https:\/\/www.strassenweb.de\/nachrichten\/aldis-neue-499-us\/#article","isPartOf":{"@id":"https:\/\/www.strassenweb.de\/nachrichten\/aldis-neue-499-us\/"},"author":{"name":"Robert Hoffmann","@id":"https:\/\/www.strassenweb.de\/nachrichten\/#\/schema\/person\/87c9c9067f1211da429a744dc5a5aa41"},"headline":"Aldi&#8217;s neue 4,99 US","datePublished":"2025-08-06T23:51:01+00:00","dateModified":"2025-08-06T23:51:02+00:00","mainEntityOfPage":{"@id":"https:\/\/www.strassenweb.de\/nachrichten\/aldis-neue-499-us\/"},"wordCount":510,"publisher":{"@id":"https:\/\/www.strassenweb.de\/nachrichten\/#organization"},"image":{"@id":"https:\/\/www.strassenweb.de\/nachrichten\/aldis-neue-499-us\/#primaryimage"},"thumbnailUrl":"https:\/\/www.strassenweb.de\/nachrichten\/wp-content\/uploads\/2025\/08\/Aldis-neue-499-US.jpg","keywords":["Aldis","Neue"],"articleSection":["Haus &amp; Garten"],"inLanguage":"de"},{"@type":"WebPage","@id":"https:\/\/www.strassenweb.de\/nachrichten\/aldis-neue-499-us\/","url":"https:\/\/www.strassenweb.de\/nachrichten\/aldis-neue-499-us\/","name":"Aldi's neue 4,99 US - Nachrichten - Stra\u00dfenweb","isPartOf":{"@id":"https:\/\/www.strassenweb.de\/nachrichten\/#website"},"primaryImageOfPage":{"@id":"https:\/\/www.strassenweb.de\/nachrichten\/aldis-neue-499-us\/#primaryimage"},"image":{"@id":"https:\/\/www.strassenweb.de\/nachrichten\/aldis-neue-499-us\/#primaryimage"},"thumbnailUrl":"https:\/\/www.strassenweb.de\/nachrichten\/wp-content\/uploads\/2025\/08\/Aldis-neue-499-US.jpg","datePublished":"2025-08-06T23:51:01+00:00","dateModified":"2025-08-06T23:51:02+00:00","breadcrumb":{"@id":"https:\/\/www.strassenweb.de\/nachrichten\/aldis-neue-499-us\/#breadcrumb"},"inLanguage":"de","potentialAction":[{"@type":"ReadAction","target":["https:\/\/www.strassenweb.de\/nachrichten\/aldis-neue-499-us\/"]}]},{"@type":"ImageObject","inLanguage":"de","@id":"https:\/\/www.strassenweb.de\/nachrichten\/aldis-neue-499-us\/#primaryimage","url":"https:\/\/www.strassenweb.de\/nachrichten\/wp-content\/uploads\/2025\/08\/Aldis-neue-499-US.jpg","contentUrl":"https:\/\/www.strassenweb.de\/nachrichten\/wp-content\/uploads\/2025\/08\/Aldis-neue-499-US.jpg","width":2000,"height":1600,"caption":"Thanksgiving table decor ideas with grey linen and foliage runner and crystal glassware"},{"@type":"BreadcrumbList","@id":"https:\/\/www.strassenweb.de\/nachrichten\/aldis-neue-499-us\/#breadcrumb","itemListElement":[{"@type":"ListItem","position":1,"name":"Home","item":"https:\/\/www.strassenweb.de\/nachrichten\/"},{"@type":"ListItem","position":2,"name":"Aldi&#8217;s neue 4,99 US"}]},{"@type":"WebSite","@id":"https:\/\/www.strassenweb.de\/nachrichten\/#website","url":"https:\/\/www.strassenweb.de\/nachrichten\/","name":"Stra\u00dfenweb","description":"Stra\u00dfenverzeichnis f\u00fcr Deutschland","publisher":{"@id":"https:\/\/www.strassenweb.de\/nachrichten\/#organization"},"potentialAction":[{"@type":"SearchAction","target":{"@type":"EntryPoint","urlTemplate":"https:\/\/www.strassenweb.de\/nachrichten\/?s={search_term_string}"},"query-input":{"@type":"PropertyValueSpecification","valueRequired":true,"valueName":"search_term_string"}}],"inLanguage":"de"},{"@type":"Organization","@id":"https:\/\/www.strassenweb.de\/nachrichten\/#organization","name":"Stra\u00dfenweb","url":"https:\/\/www.strassenweb.de\/nachrichten\/","logo":{"@type":"ImageObject","inLanguage":"de","@id":"https:\/\/www.strassenweb.de\/nachrichten\/#\/schema\/logo\/image\/","url":"https:\/\/www.strassenweb.de\/nachrichten\/wp-content\/uploads\/2024\/09\/cropped-favicon.png","contentUrl":"https:\/\/www.strassenweb.de\/nachrichten\/wp-content\/uploads\/2024\/09\/cropped-favicon.png","width":512,"height":512,"caption":"Stra\u00dfenweb"},"image":{"@id":"https:\/\/www.strassenweb.de\/nachrichten\/#\/schema\/logo\/image\/"},"sameAs":["https:\/\/www.facebook.com\/strassenweb\/"]},{"@type":"Person","@id":"https:\/\/www.strassenweb.de\/nachrichten\/#\/schema\/person\/87c9c9067f1211da429a744dc5a5aa41","name":"Robert Hoffmann","image":{"@type":"ImageObject","inLanguage":"de","@id":"https:\/\/www.strassenweb.de\/nachrichten\/wp-content\/uploads\/2024\/09\/strassenweb-150x150.jpg","url":"https:\/\/www.strassenweb.de\/nachrichten\/wp-content\/uploads\/2024\/09\/strassenweb-150x150.jpg","contentUrl":"https:\/\/www.strassenweb.de\/nachrichten\/wp-content\/uploads\/2024\/09\/strassenweb-150x150.jpg","caption":"Robert Hoffmann"},"description":"Ich hei\u00dfe Robert Hoffmann und ich bin ein leidenschaftlicher Verfechter von \u00d6kologie und Biodiversit\u00e4t. Seit meiner Kindheit in den W\u00e4ldern Bayerns f\u00fchle ich mich mit der Natur verbunden und bin entschlossen, sie zu sch\u00fctzen. Heute widme ich mein Leben der Sensibilisierung anderer f\u00fcr die Bedeutung des Umweltschutzes f\u00fcr zuk\u00fcnftige Generationen.","sameAs":["https:\/\/www.strassenweb.de\/"]}]}},"_links":{"self":[{"href":"https:\/\/www.strassenweb.de\/nachrichten\/wp-json\/wp\/v2\/posts\/6755","targetHints":{"allow":["GET"]}}],"collection":[{"href":"https:\/\/www.strassenweb.de\/nachrichten\/wp-json\/wp\/v2\/posts"}],"about":[{"href":"https:\/\/www.strassenweb.de\/nachrichten\/wp-json\/wp\/v2\/types\/post"}],"author":[{"embeddable":true,"href":"https:\/\/www.strassenweb.de\/nachrichten\/wp-json\/wp\/v2\/users\/1"}],"replies":[{"embeddable":true,"href":"https:\/\/www.strassenweb.de\/nachrichten\/wp-json\/wp\/v2\/comments?post=6755"}],"version-history":[{"count":0,"href":"https:\/\/www.strassenweb.de\/nachrichten\/wp-json\/wp\/v2\/posts\/6755\/revisions"}],"wp:featuredmedia":[{"embeddable":true,"href":"https:\/\/www.strassenweb.de\/nachrichten\/wp-json\/wp\/v2\/media\/6756"}],"wp:attachment":[{"href":"https:\/\/www.strassenweb.de\/nachrichten\/wp-json\/wp\/v2\/media?parent=6755"}],"wp:term":[{"taxonomy":"category","embeddable":true,"href":"https:\/\/www.strassenweb.de\/nachrichten\/wp-json\/wp\/v2\/categories?post=6755"},{"taxonomy":"post_tag","embeddable":true,"href":"https:\/\/www.strassenweb.de\/nachrichten\/wp-json\/wp\/v2\/tags?post=6755"}],"curies":[{"name":"wp","href":"https:\/\/api.w.org\/{rel}","templated":true}]}}