{"id":6734,"date":"2025-08-06T10:40:01","date_gmt":"2025-08-06T08:40:01","guid":{"rendered":"https:\/\/www.strassenweb.de\/nachrichten\/5-dinge-die-ich-in-meinen-30ern-als-professioneller-organisator-ruecksichtslos-entschluesselt-habe-es-hat-dazu-beigetragen-platz-fuer-grosse-lebensveraenderungen-zu-schaffen\/"},"modified":"2025-08-06T10:40:02","modified_gmt":"2025-08-06T08:40:02","slug":"5-dinge-die-ich-in-meinen-30ern-als-professioneller-organisator-ruecksichtslos-entschluesselt-habe-es-hat-dazu-beigetragen-platz-fuer-grosse-lebensveraenderungen-zu-schaffen","status":"publish","type":"post","link":"https:\/\/www.strassenweb.de\/nachrichten\/5-dinge-die-ich-in-meinen-30ern-als-professioneller-organisator-ruecksichtslos-entschluesselt-habe-es-hat-dazu-beigetragen-platz-fuer-grosse-lebensveraenderungen-zu-schaffen\/","title":{"rendered":"5 Dinge, die ich in meinen 30ern als professioneller Organisator r\u00fccksichtslos entschl\u00fcsselt habe &#8211; es hat dazu beigetragen, Platz f\u00fcr gro\u00dfe Lebensver\u00e4nderungen zu schaffen"},"content":{"rendered":"<p><\/p>\n<div id=\"article-body\" class=\"article__body \">\n<p>Als professioneller Organisator musste ich in meinen Drei\u00dfigern r\u00fccksichtslos f\u00fcnf wichtige Dinge entdecken, da es ein gesch\u00e4ftiges Jahrzehnt voller Ver\u00e4nderungen war.<\/p>\n<div id=\"ad-unit-1\" class=\"ad-unit\"><\/div>\n<p>Ich habe die Liebe meines Lebens gefunden, St\u00e4dte (und mit ihm) bewegt, ein Gesch\u00e4ft gegr\u00fcndet und zuletzt eine Familie. All diese Dinge erfordern nicht nur Zeit und Aufmerksamkeit, sondern auch den physischen Raum.<\/p>\n<aside data-block-type=\"embed\" data-render-type=\"fte\" data-skip=\"dealsy\" data-widget-type=\"seasonal\" class=\"hawk-base\"><\/aside>\n<p>Wir haben uns in den letzten vier Jahren dreimal umgezogen, und bei jedem Schritt haben wir neue Dinge aufgegriffen, also habe ich darauf geachtet, dass wir uns um r\u00fccksichtslos deklarieren, um unser Leben organisiert und funktional zu halten. Wenn Sie sich auf diese f\u00fcnf Kategorien konzentrieren, k\u00f6nnen Sie dasselbe tun.<\/p>\n<div class=\"van_vid_carousel\">\n<div class=\"van_vid_carousel__padding\">\n<div class=\"van_vid_carousel__container\"><\/div>\n<\/div>\n<\/div>\n<h2 id=\"the-five-things-i-ve-decluttered-in-my-30s-3\">Die f\u00fcnf Dinge, die ich in meinen 30ern entlassen habe<\/h2>\n<h3 class=\"article-body__section\" id=\"section-1-childhood-artwork\"><span>  1. Kindheitskunstwerk<\/span><\/h3>\n<figure class=\"van-image-figure inline-layout \" data-bordeaux-image-check>\n<div class=\"image-full-width-wrapper\">\n<div class=\"image-widthsetter\" style=\"max-width:2000px;\"><\/div>\n<\/div><figcaption class=\"inline-layout \">\n<div class=\"caption-text\">\n<p>Rahmen und zeigen Sie alle wichtigen, die Sie mit Besuchern teilen m\u00f6chten, oder schreiben Sie sie ein.<\/p>\n<\/div>\n<\/figcaption><\/figure>\n<p>Meine Mutter hielt an einem Haufen meiner Kunstwerke in der Kindheit fest, in der Hoffnung, es eines Tages in Sammelalb\u00fccher zu bringen. Obwohl die Absicht s\u00fc\u00df war, wusste ich, dass es wahrscheinlich nicht passieren w\u00fcrde.<\/p>\n<div id=\"ad-unit-2\" class=\"ad-unit\"><\/div>\n<p>Jetzt, da ich Mitte der 30er Jahre bin und nicht mehr das Bed\u00fcrfnis mehr versp\u00fcren muss, ein riesiges Portfolio von Kunstwerken in der Kindheit zu tragen, ist ein Entt\u00e4uschungspiegel, den ich oft empfehle, darin, alles in ein Andenkenbuch zu verwandeln. Ich habe eine Firma namens Plum Print benutzt und es stellte sich sch\u00f6n heraus.<\/p>\n<p>Wenn Sie sich mitten an Ihrer Familie wie ich wachsen lassen und ein System zur Organisation der Kunst Ihrer Kinder ben\u00f6tigen, schlage ich au\u00dferdem vor, eines Satzes von einem Satz von zu verwenden <u>Klare Kunstwerkstaschen von Amazon<\/u>oder ein einfaches <u>Clear Deckel A4 Container, ebenfalls von Amazon<\/u> Um es das ganze Jahr \u00fcber zu sammeln.<\/p>\n<p>Sobald es voll ist &#8211; oder das Schuljahr endet &#8211; ist es der perfekte Zeitpunkt, um die sentimentalen Gegenst\u00e4nde zu verwandeln, die schwer zu einem Buch zu entlasten sind.<\/p>\n<h3 class=\"article-body__section\" id=\"section-2-gift-wrap\"><span>2. Geschenkverpackung<\/span><\/h3>\n<figure class=\"van-image-figure inline-layout \" data-bordeaux-image-check>\n<div class=\"image-full-width-wrapper\">\n<div class=\"image-widthsetter\" style=\"max-width:2000px;\"><\/div>\n<\/div><figcaption class=\"inline-layout \">\n<div class=\"caption-text\">\n<p>Braune Bags f\u00fcr Geschenkwrap neu und f\u00fcgen Sie niedliche B\u00f6gen, B\u00e4nder und andere Accessoires hinzu, um zu Hause nachhaltiger zu sein, und sparen Sie Platz f\u00fcr die Aufbewahrung von Geschenkverpackungen.<\/p>\n<\/div>\n<\/figcaption><\/figure>\n<p>In meinen 30ern habe ich aufgeh\u00f6rt, Geschenkverpackung zu kaufen und ben\u00f6tige keine Ideen f\u00fcr Geschenkverpackungen mehr. Stattdessen drehe ich meine braunen Papier -Einkaufsbeutel von au\u00dfen und verwende sie, um Geschenke zu wickeln. Ich nehme immer noch Band und liebe es, Geschenke mit gepressten Blumen, getrockneten Fr\u00fcchten oder etwas Einzigartigem zu schm\u00fccken &#8211; und sie werden genauso sch\u00f6n.<\/p>\n<p>Ich pers\u00f6nlich benutze keinen Geschenkverpackungsorganisator, aber ich liebe es, wenn es unsere Kunden tun. F\u00fcr Menschen, die dazu neigen, sich an der Geschenkverpackung festzuhalten, hilft es, einen bestimmten Beh\u00e4lter zu haben, da es eine nat\u00fcrliche Grenze f\u00fcr die M\u00f6glichkeit schafft, wie viel Sie aufbewahren.<\/p>\n<div class=\"product-container horizontal-product-container\">\n<div class=\"product-block-row\"><\/div>\n<\/div>\n<div class=\"min-h-(270px) mb-4\" id=\"viafoura-engagement-starter-wrapper\" data-component-name=\"Elk:Embed:EngagementStarter\">\n<div class=\"viafoura\">\n<vf-conversation-starter target=\"viafoura-comments\" title=\"Share your tips\" description=\"What would you like to streamline in this period of your life?\" minimum-comment-count=\"5\"><br \/>\n<\/vf-conversation-starter>\n<\/div>\n<\/div>\n<h3 class=\"article-body__section\" id=\"section-3-books\"><span>3. B\u00fccher<\/span><\/h3>\n<figure class=\"van-image-figure inline-layout \" data-bordeaux-image-check>\n<div class=\"image-full-width-wrapper\">\n<div class=\"image-widthsetter\" style=\"max-width:2000px;\"><\/div>\n<\/div><figcaption class=\"inline-layout \">\n<div class=\"caption-text\">\n<p>F\u00e4llt es Ihnen schwer, B\u00fccher loszuwerden? Das Ende der Entst\u00f6rung von ihnen ist praktischerer Speicherplatz.<\/p>\n<\/div>\n<\/figcaption><\/figure>\n<p>In meinen Zwanzigern bewegte ich mich viel und schleppte immer meine vollst\u00e4ndige Buchsammlung mit mir. Aber die Wahrheit ist, ich lese selbst meine Lieblingsbezeichnungen selten erneut. Also fing ich an, sie zu spenden oder sie mit Freunden zu teilen, und ich sp\u00fcrte sofort, dass das Gewicht sofort hob.<\/p>\n<p>Lernen <u>Wie Sie Ihre B\u00fccher deaktivieren k\u00f6nnen<\/u> wie ein Profi oder <u>Organisieren Sie Ihre B\u00fccherregale<\/u> f\u00fcr eine optimiertere Sammlung.<\/p>\n<h3 class=\"article-body__section\" id=\"section-4-underwear\"><span>4. Unterw\u00e4sche<\/span><\/h3>\n<figure class=\"van-image-figure inline-layout \" data-bordeaux-image-check>\n<div class=\"image-full-width-wrapper\">\n<div class=\"image-widthsetter\" style=\"max-width:2000px;\"><\/div>\n<\/div><figcaption class=\"inline-layout \">\n<div class=\"caption-text\">\n<p>Es ist ein gut erledigter Job, wenn Sie Ihre Sammlung absch\u00e4tzen und alte Gegenst\u00e4nde loswerden.<\/p>\n<\/div>\n<\/figcaption><\/figure>\n<p>Wenn Sie 30 Jahre alt sind und mich m\u00f6gen und immer noch diesen sch\u00e4dlichen alten Tanga von der High School tragen, ist es Zeit zu <u>Organisieren Sie Ihre Unterw\u00e4sche<\/u>. Ich habe mir vor kurzem einige frische Unterw\u00e4sche bekommen und f\u00fchle mich wie eine neue Frau! Ich kann es nur empfehlen.<\/p>\n<p>Unterw\u00e4sche-Organisatoren sind meiner Meinung nach kein Muss. Entt\u00e4uschen Sie einfach die abgenutzten Paare und falten Sie den Rest gut. Ich denke, eine Schublade ist mehr als genug. Wenn es \u00fcberflutet ist, ist es Zeit, Ihre Sammlung abzuarbeiten.<\/p>\n<p>Sie k\u00f6nnen die Unterw\u00e4sche selbst verwenden, um Kategorien zu kreieren, wie es gel\u00f6st wurde, Puntea Van Terheyden, die mit der Nate Berkus &#8218;Sockenschubladenmethode gemacht wurde. Sie fand, dass die Schublade viele Monate lang ohne Nullanstrengungen rationalisierte.<\/p>\n<div class=\"product-container horizontal-product-container\">\n<div class=\"product-block-row\"><\/div>\n<\/div>\n<h3 class=\"article-body__section\" id=\"section-5-beauty-and-hair-products\"><span>  5. Sch\u00f6nheit und Haarprodukte<\/span><\/h3>\n<figure class=\"van-image-figure inline-layout \" data-bordeaux-image-check>\n<div class=\"image-full-width-wrapper\">\n<div class=\"image-widthsetter\" style=\"max-width:2000px;\"><\/div>\n<\/div><figcaption class=\"inline-layout \">\n<div class=\"caption-text\">\n<p>F\u00fcgen Sie zus\u00e4tzlichen Speicher und Funktion mit einem abgestuften, sich drehenden Organizer hinzu.<\/p>\n<\/div>\n<\/figcaption><\/figure>\n<p>In meinen Drei\u00dfigern habe ich jetzt meine Produkte und Hautprodukte gefunden und festgehalten. All die zus\u00e4tzlichen Sachen, die ich f\u00fcr den Fall gehalten habe, oder f\u00fcr einen zuf\u00e4lligen Maskentag? Es ist weg. Weniger <em>Wirklich <\/em>ist mehr.<\/p>\n<p>Erfahren Sie, wie Sie Ihr Make-up und Ihre Hautpflege deaktivieren, und organisieren Sie Ihren Schmuck f\u00fcr stressfreie, stromlinienf\u00f6rmige Selbstpflege.<\/p>\n<h2 class=\"article-body__section\" id=\"section-what-to-shop\"><span>Was einkaufen<\/span><\/h2>\n<div class=\"product-container hero-product-container product-block-no-wrap\">\n<div class=\"product-block-row\"><\/div>\n<div class=\"product-block-row\"><\/div>\n<div class=\"product-block-row\"><\/div>\n<div class=\"product-block-row\"><\/div>\n<div class=\"product-block-row\"><\/div>\n<div class=\"product-block-row\"><\/div>\n<\/div>\n<p>Sie k\u00f6nnen Ihren Eltern auch in den 80ern r\u00fccksichtslos helfen, nach vorne schauen, was in Ihren 40ern entstockt werden soll, oder in unsere bew\u00e4hrte Bibliothek f\u00fcr die Entdeckungsmethode eintauchen, um clevere Tipps und Tricks zu erhalten, um Ihre Stromlinienreise zu starten.<\/p>\n<div class=\"block\" id=\"articleTag\" data-component-name=\"PostArticleLinks\">\n<div class=\"border-b border-b-black border-solid py-2.5 text-black font-bold uppercase\">Themen<\/div>\n<nav class=\"py-2.5 flex gap-2.5 flex-wrap\" data-analytics-id=\"article-tag\">\n<p>Entst\u00f6rung<br \/>\n<\/nav>\n<\/div>\n<\/div>\n","protected":false},"excerpt":{"rendered":"<p>Als professioneller Organisator musste ich in meinen Drei\u00dfigern r\u00fccksichtslos f\u00fcnf wichtige Dinge entdecken, da es ein gesch\u00e4ftiges Jahrzehnt voller Ver\u00e4nderungen war. Ich habe die Liebe<\/p>\n","protected":false},"author":1,"featured_media":6735,"comment_status":"closed","ping_status":"","sticky":false,"template":"","format":"standard","meta":{"footnotes":""},"categories":[118],"tags":[9157,935,7081,803,9,466,8297,55,358,823,189,129,9158,1096,6781,474,6299,8737,215],"class_list":["post-6734","post","type-post","status-publish","format-standard","has-post-thumbnail","hentry","category-haus-garten","tag-30ern","tag-als","tag-beigetragen","tag-dazu","tag-die","tag-dinge","tag-entschluesselt","tag-fuer","tag-grosse","tag-habe","tag-hat","tag-ich","tag-lebensveraenderungen","tag-meinen","tag-organisator","tag-platz","tag-professioneller","tag-ruecksichtslos","tag-schaffen","generate-columns","tablet-grid-50","mobile-grid-100","grid-parent","grid-50"],"yoast_head":"<!-- This site is optimized with the Yoast SEO plugin v27.3 - https:\/\/yoast.com\/product\/yoast-seo-wordpress\/ -->\n<title>5 Dinge, die ich in meinen 30ern als professioneller Organisator r\u00fccksichtslos entschl\u00fcsselt habe - es hat dazu beigetragen, Platz f\u00fcr gro\u00dfe Lebensver\u00e4nderungen zu schaffen - Nachrichten - Stra\u00dfenweb<\/title>\n<meta name=\"robots\" content=\"index, follow, max-snippet:-1, max-image-preview:large, max-video-preview:-1\" \/>\n<link rel=\"canonical\" href=\"https:\/\/www.strassenweb.de\/nachrichten\/5-dinge-die-ich-in-meinen-30ern-als-professioneller-organisator-ruecksichtslos-entschluesselt-habe-es-hat-dazu-beigetragen-platz-fuer-grosse-lebensveraenderungen-zu-schaffen\/\" \/>\n<meta property=\"og:locale\" content=\"de_DE\" \/>\n<meta property=\"og:type\" content=\"article\" \/>\n<meta property=\"og:title\" content=\"5 Dinge, die ich in meinen 30ern als professioneller Organisator r\u00fccksichtslos entschl\u00fcsselt habe - es hat dazu beigetragen, Platz f\u00fcr gro\u00dfe Lebensver\u00e4nderungen zu schaffen - Nachrichten - Stra\u00dfenweb\" \/>\n<meta property=\"og:description\" content=\"Als professioneller Organisator musste ich in meinen Drei\u00dfigern r\u00fccksichtslos f\u00fcnf wichtige Dinge entdecken, da es ein gesch\u00e4ftiges Jahrzehnt voller Ver\u00e4nderungen war. Ich habe die Liebe\" \/>\n<meta property=\"og:url\" content=\"https:\/\/www.strassenweb.de\/nachrichten\/5-dinge-die-ich-in-meinen-30ern-als-professioneller-organisator-ruecksichtslos-entschluesselt-habe-es-hat-dazu-beigetragen-platz-fuer-grosse-lebensveraenderungen-zu-schaffen\/\" \/>\n<meta property=\"og:site_name\" content=\"Stra\u00dfenweb\" \/>\n<meta property=\"article:publisher\" content=\"https:\/\/www.facebook.com\/strassenweb\/\" \/>\n<meta property=\"article:published_time\" content=\"2025-08-06T08:40:01+00:00\" \/>\n<meta property=\"article:modified_time\" content=\"2025-08-06T08:40:02+00:00\" \/>\n<meta property=\"og:image\" content=\"https:\/\/www.strassenweb.de\/nachrichten\/wp-content\/uploads\/2025\/08\/5-Dinge-die-ich-in-meinen-30ern-als-professioneller-Organisator.jpg\" \/>\n\t<meta property=\"og:image:width\" content=\"1600\" \/>\n\t<meta property=\"og:image:height\" content=\"900\" \/>\n\t<meta property=\"og:image:type\" content=\"image\/jpeg\" \/>\n<meta name=\"author\" content=\"Robert Hoffmann\" \/>\n<meta name=\"twitter:card\" content=\"summary_large_image\" \/>\n<meta name=\"twitter:label1\" content=\"Verfasst von\" \/>\n\t<meta name=\"twitter:data1\" content=\"Robert Hoffmann\" \/>\n\t<meta name=\"twitter:label2\" content=\"Gesch\u00e4tzte Lesezeit\" \/>\n\t<meta name=\"twitter:data2\" content=\"4\u00a0Minuten\" \/>\n<script type=\"application\/ld+json\" class=\"yoast-schema-graph\">{\"@context\":\"https:\\\/\\\/schema.org\",\"@graph\":[{\"@type\":\"Article\",\"@id\":\"https:\\\/\\\/www.strassenweb.de\\\/nachrichten\\\/5-dinge-die-ich-in-meinen-30ern-als-professioneller-organisator-ruecksichtslos-entschluesselt-habe-es-hat-dazu-beigetragen-platz-fuer-grosse-lebensveraenderungen-zu-schaffen\\\/#article\",\"isPartOf\":{\"@id\":\"https:\\\/\\\/www.strassenweb.de\\\/nachrichten\\\/5-dinge-die-ich-in-meinen-30ern-als-professioneller-organisator-ruecksichtslos-entschluesselt-habe-es-hat-dazu-beigetragen-platz-fuer-grosse-lebensveraenderungen-zu-schaffen\\\/\"},\"author\":{\"name\":\"Robert Hoffmann\",\"@id\":\"https:\\\/\\\/www.strassenweb.de\\\/nachrichten\\\/#\\\/schema\\\/person\\\/87c9c9067f1211da429a744dc5a5aa41\"},\"headline\":\"5 Dinge, die ich in meinen 30ern als professioneller Organisator r\u00fccksichtslos entschl\u00fcsselt habe &#8211; es hat dazu beigetragen, Platz f\u00fcr gro\u00dfe Lebensver\u00e4nderungen zu schaffen\",\"datePublished\":\"2025-08-06T08:40:01+00:00\",\"dateModified\":\"2025-08-06T08:40:02+00:00\",\"mainEntityOfPage\":{\"@id\":\"https:\\\/\\\/www.strassenweb.de\\\/nachrichten\\\/5-dinge-die-ich-in-meinen-30ern-als-professioneller-organisator-ruecksichtslos-entschluesselt-habe-es-hat-dazu-beigetragen-platz-fuer-grosse-lebensveraenderungen-zu-schaffen\\\/\"},\"wordCount\":879,\"publisher\":{\"@id\":\"https:\\\/\\\/www.strassenweb.de\\\/nachrichten\\\/#organization\"},\"image\":{\"@id\":\"https:\\\/\\\/www.strassenweb.de\\\/nachrichten\\\/5-dinge-die-ich-in-meinen-30ern-als-professioneller-organisator-ruecksichtslos-entschluesselt-habe-es-hat-dazu-beigetragen-platz-fuer-grosse-lebensveraenderungen-zu-schaffen\\\/#primaryimage\"},\"thumbnailUrl\":\"https:\\\/\\\/www.strassenweb.de\\\/nachrichten\\\/wp-content\\\/uploads\\\/2025\\\/08\\\/5-Dinge-die-ich-in-meinen-30ern-als-professioneller-Organisator.jpg\",\"keywords\":[\"30ern\",\"als\",\"beigetragen\",\"dazu\",\"die\",\"Dinge\",\"entschl\u00fcsselt\",\"f\u00fcr\",\"gro\u00dfe\",\"habe\",\"hat\",\"ich\",\"Lebensver\u00e4nderungen\",\"meinen\",\"Organisator\",\"Platz\",\"professioneller\",\"r\u00fccksichtslos\",\"schaffen\"],\"articleSection\":[\"Haus &amp; Garten\"],\"inLanguage\":\"de\"},{\"@type\":\"WebPage\",\"@id\":\"https:\\\/\\\/www.strassenweb.de\\\/nachrichten\\\/5-dinge-die-ich-in-meinen-30ern-als-professioneller-organisator-ruecksichtslos-entschluesselt-habe-es-hat-dazu-beigetragen-platz-fuer-grosse-lebensveraenderungen-zu-schaffen\\\/\",\"url\":\"https:\\\/\\\/www.strassenweb.de\\\/nachrichten\\\/5-dinge-die-ich-in-meinen-30ern-als-professioneller-organisator-ruecksichtslos-entschluesselt-habe-es-hat-dazu-beigetragen-platz-fuer-grosse-lebensveraenderungen-zu-schaffen\\\/\",\"name\":\"5 Dinge, die ich in meinen 30ern als professioneller Organisator r\u00fccksichtslos entschl\u00fcsselt habe - es hat dazu beigetragen, Platz f\u00fcr gro\u00dfe Lebensver\u00e4nderungen zu schaffen - Nachrichten - Stra\u00dfenweb\",\"isPartOf\":{\"@id\":\"https:\\\/\\\/www.strassenweb.de\\\/nachrichten\\\/#website\"},\"primaryImageOfPage\":{\"@id\":\"https:\\\/\\\/www.strassenweb.de\\\/nachrichten\\\/5-dinge-die-ich-in-meinen-30ern-als-professioneller-organisator-ruecksichtslos-entschluesselt-habe-es-hat-dazu-beigetragen-platz-fuer-grosse-lebensveraenderungen-zu-schaffen\\\/#primaryimage\"},\"image\":{\"@id\":\"https:\\\/\\\/www.strassenweb.de\\\/nachrichten\\\/5-dinge-die-ich-in-meinen-30ern-als-professioneller-organisator-ruecksichtslos-entschluesselt-habe-es-hat-dazu-beigetragen-platz-fuer-grosse-lebensveraenderungen-zu-schaffen\\\/#primaryimage\"},\"thumbnailUrl\":\"https:\\\/\\\/www.strassenweb.de\\\/nachrichten\\\/wp-content\\\/uploads\\\/2025\\\/08\\\/5-Dinge-die-ich-in-meinen-30ern-als-professioneller-Organisator.jpg\",\"datePublished\":\"2025-08-06T08:40:01+00:00\",\"dateModified\":\"2025-08-06T08:40:02+00:00\",\"breadcrumb\":{\"@id\":\"https:\\\/\\\/www.strassenweb.de\\\/nachrichten\\\/5-dinge-die-ich-in-meinen-30ern-als-professioneller-organisator-ruecksichtslos-entschluesselt-habe-es-hat-dazu-beigetragen-platz-fuer-grosse-lebensveraenderungen-zu-schaffen\\\/#breadcrumb\"},\"inLanguage\":\"de\",\"potentialAction\":[{\"@type\":\"ReadAction\",\"target\":[\"https:\\\/\\\/www.strassenweb.de\\\/nachrichten\\\/5-dinge-die-ich-in-meinen-30ern-als-professioneller-organisator-ruecksichtslos-entschluesselt-habe-es-hat-dazu-beigetragen-platz-fuer-grosse-lebensveraenderungen-zu-schaffen\\\/\"]}]},{\"@type\":\"ImageObject\",\"inLanguage\":\"de\",\"@id\":\"https:\\\/\\\/www.strassenweb.de\\\/nachrichten\\\/5-dinge-die-ich-in-meinen-30ern-als-professioneller-organisator-ruecksichtslos-entschluesselt-habe-es-hat-dazu-beigetragen-platz-fuer-grosse-lebensveraenderungen-zu-schaffen\\\/#primaryimage\",\"url\":\"https:\\\/\\\/www.strassenweb.de\\\/nachrichten\\\/wp-content\\\/uploads\\\/2025\\\/08\\\/5-Dinge-die-ich-in-meinen-30ern-als-professioneller-Organisator.jpg\",\"contentUrl\":\"https:\\\/\\\/www.strassenweb.de\\\/nachrichten\\\/wp-content\\\/uploads\\\/2025\\\/08\\\/5-Dinge-die-ich-in-meinen-30ern-als-professioneller-Organisator.jpg\",\"width\":1600,\"height\":900,\"caption\":\"Dining area with Fromental&amp;#039;s green floral wallpaper and round wooden dining table with mid century pale green upholstered dining chairs. There is a distressed sideboard in view with a cream lamp, and pink lampshade\"},{\"@type\":\"BreadcrumbList\",\"@id\":\"https:\\\/\\\/www.strassenweb.de\\\/nachrichten\\\/5-dinge-die-ich-in-meinen-30ern-als-professioneller-organisator-ruecksichtslos-entschluesselt-habe-es-hat-dazu-beigetragen-platz-fuer-grosse-lebensveraenderungen-zu-schaffen\\\/#breadcrumb\",\"itemListElement\":[{\"@type\":\"ListItem\",\"position\":1,\"name\":\"Home\",\"item\":\"https:\\\/\\\/www.strassenweb.de\\\/nachrichten\\\/\"},{\"@type\":\"ListItem\",\"position\":2,\"name\":\"5 Dinge, die ich in meinen 30ern als professioneller Organisator r\u00fccksichtslos entschl\u00fcsselt habe &#8211; es hat dazu beigetragen, Platz f\u00fcr gro\u00dfe Lebensver\u00e4nderungen zu schaffen\"}]},{\"@type\":\"WebSite\",\"@id\":\"https:\\\/\\\/www.strassenweb.de\\\/nachrichten\\\/#website\",\"url\":\"https:\\\/\\\/www.strassenweb.de\\\/nachrichten\\\/\",\"name\":\"Stra\u00dfenweb\",\"description\":\"Stra\u00dfenverzeichnis f\u00fcr Deutschland\",\"publisher\":{\"@id\":\"https:\\\/\\\/www.strassenweb.de\\\/nachrichten\\\/#organization\"},\"potentialAction\":[{\"@type\":\"SearchAction\",\"target\":{\"@type\":\"EntryPoint\",\"urlTemplate\":\"https:\\\/\\\/www.strassenweb.de\\\/nachrichten\\\/?s={search_term_string}\"},\"query-input\":{\"@type\":\"PropertyValueSpecification\",\"valueRequired\":true,\"valueName\":\"search_term_string\"}}],\"inLanguage\":\"de\"},{\"@type\":\"Organization\",\"@id\":\"https:\\\/\\\/www.strassenweb.de\\\/nachrichten\\\/#organization\",\"name\":\"Stra\u00dfenweb\",\"url\":\"https:\\\/\\\/www.strassenweb.de\\\/nachrichten\\\/\",\"logo\":{\"@type\":\"ImageObject\",\"inLanguage\":\"de\",\"@id\":\"https:\\\/\\\/www.strassenweb.de\\\/nachrichten\\\/#\\\/schema\\\/logo\\\/image\\\/\",\"url\":\"https:\\\/\\\/www.strassenweb.de\\\/nachrichten\\\/wp-content\\\/uploads\\\/2024\\\/09\\\/cropped-favicon.png\",\"contentUrl\":\"https:\\\/\\\/www.strassenweb.de\\\/nachrichten\\\/wp-content\\\/uploads\\\/2024\\\/09\\\/cropped-favicon.png\",\"width\":512,\"height\":512,\"caption\":\"Stra\u00dfenweb\"},\"image\":{\"@id\":\"https:\\\/\\\/www.strassenweb.de\\\/nachrichten\\\/#\\\/schema\\\/logo\\\/image\\\/\"},\"sameAs\":[\"https:\\\/\\\/www.facebook.com\\\/strassenweb\\\/\"]},{\"@type\":\"Person\",\"@id\":\"https:\\\/\\\/www.strassenweb.de\\\/nachrichten\\\/#\\\/schema\\\/person\\\/87c9c9067f1211da429a744dc5a5aa41\",\"name\":\"Robert Hoffmann\",\"image\":{\"@type\":\"ImageObject\",\"inLanguage\":\"de\",\"@id\":\"https:\\\/\\\/www.strassenweb.de\\\/nachrichten\\\/wp-content\\\/uploads\\\/2024\\\/09\\\/strassenweb-150x150.jpg\",\"url\":\"https:\\\/\\\/www.strassenweb.de\\\/nachrichten\\\/wp-content\\\/uploads\\\/2024\\\/09\\\/strassenweb-150x150.jpg\",\"contentUrl\":\"https:\\\/\\\/www.strassenweb.de\\\/nachrichten\\\/wp-content\\\/uploads\\\/2024\\\/09\\\/strassenweb-150x150.jpg\",\"caption\":\"Robert Hoffmann\"},\"description\":\"Ich hei\u00dfe Robert Hoffmann und ich bin ein leidenschaftlicher Verfechter von \u00d6kologie und Biodiversit\u00e4t. Seit meiner Kindheit in den W\u00e4ldern Bayerns f\u00fchle ich mich mit der Natur verbunden und bin entschlossen, sie zu sch\u00fctzen. Heute widme ich mein Leben der Sensibilisierung anderer f\u00fcr die Bedeutung des Umweltschutzes f\u00fcr zuk\u00fcnftige Generationen.\",\"sameAs\":[\"https:\\\/\\\/www.strassenweb.de\\\/\"]}]}<\/script>\n<!-- \/ Yoast SEO plugin. -->","yoast_head_json":{"title":"5 Dinge, die ich in meinen 30ern als professioneller Organisator r\u00fccksichtslos entschl\u00fcsselt habe - es hat dazu beigetragen, Platz f\u00fcr gro\u00dfe Lebensver\u00e4nderungen zu schaffen - Nachrichten - Stra\u00dfenweb","robots":{"index":"index","follow":"follow","max-snippet":"max-snippet:-1","max-image-preview":"max-image-preview:large","max-video-preview":"max-video-preview:-1"},"canonical":"https:\/\/www.strassenweb.de\/nachrichten\/5-dinge-die-ich-in-meinen-30ern-als-professioneller-organisator-ruecksichtslos-entschluesselt-habe-es-hat-dazu-beigetragen-platz-fuer-grosse-lebensveraenderungen-zu-schaffen\/","og_locale":"de_DE","og_type":"article","og_title":"5 Dinge, die ich in meinen 30ern als professioneller Organisator r\u00fccksichtslos entschl\u00fcsselt habe - es hat dazu beigetragen, Platz f\u00fcr gro\u00dfe Lebensver\u00e4nderungen zu schaffen - Nachrichten - Stra\u00dfenweb","og_description":"Als professioneller Organisator musste ich in meinen Drei\u00dfigern r\u00fccksichtslos f\u00fcnf wichtige Dinge entdecken, da es ein gesch\u00e4ftiges Jahrzehnt voller Ver\u00e4nderungen war. Ich habe die Liebe","og_url":"https:\/\/www.strassenweb.de\/nachrichten\/5-dinge-die-ich-in-meinen-30ern-als-professioneller-organisator-ruecksichtslos-entschluesselt-habe-es-hat-dazu-beigetragen-platz-fuer-grosse-lebensveraenderungen-zu-schaffen\/","og_site_name":"Stra\u00dfenweb","article_publisher":"https:\/\/www.facebook.com\/strassenweb\/","article_published_time":"2025-08-06T08:40:01+00:00","article_modified_time":"2025-08-06T08:40:02+00:00","og_image":[{"width":1600,"height":900,"url":"https:\/\/www.strassenweb.de\/nachrichten\/wp-content\/uploads\/2025\/08\/5-Dinge-die-ich-in-meinen-30ern-als-professioneller-Organisator.jpg","type":"image\/jpeg"}],"author":"Robert Hoffmann","twitter_card":"summary_large_image","twitter_misc":{"Verfasst von":"Robert Hoffmann","Gesch\u00e4tzte Lesezeit":"4\u00a0Minuten"},"schema":{"@context":"https:\/\/schema.org","@graph":[{"@type":"Article","@id":"https:\/\/www.strassenweb.de\/nachrichten\/5-dinge-die-ich-in-meinen-30ern-als-professioneller-organisator-ruecksichtslos-entschluesselt-habe-es-hat-dazu-beigetragen-platz-fuer-grosse-lebensveraenderungen-zu-schaffen\/#article","isPartOf":{"@id":"https:\/\/www.strassenweb.de\/nachrichten\/5-dinge-die-ich-in-meinen-30ern-als-professioneller-organisator-ruecksichtslos-entschluesselt-habe-es-hat-dazu-beigetragen-platz-fuer-grosse-lebensveraenderungen-zu-schaffen\/"},"author":{"name":"Robert Hoffmann","@id":"https:\/\/www.strassenweb.de\/nachrichten\/#\/schema\/person\/87c9c9067f1211da429a744dc5a5aa41"},"headline":"5 Dinge, die ich in meinen 30ern als professioneller Organisator r\u00fccksichtslos entschl\u00fcsselt habe &#8211; es hat dazu beigetragen, Platz f\u00fcr gro\u00dfe Lebensver\u00e4nderungen zu schaffen","datePublished":"2025-08-06T08:40:01+00:00","dateModified":"2025-08-06T08:40:02+00:00","mainEntityOfPage":{"@id":"https:\/\/www.strassenweb.de\/nachrichten\/5-dinge-die-ich-in-meinen-30ern-als-professioneller-organisator-ruecksichtslos-entschluesselt-habe-es-hat-dazu-beigetragen-platz-fuer-grosse-lebensveraenderungen-zu-schaffen\/"},"wordCount":879,"publisher":{"@id":"https:\/\/www.strassenweb.de\/nachrichten\/#organization"},"image":{"@id":"https:\/\/www.strassenweb.de\/nachrichten\/5-dinge-die-ich-in-meinen-30ern-als-professioneller-organisator-ruecksichtslos-entschluesselt-habe-es-hat-dazu-beigetragen-platz-fuer-grosse-lebensveraenderungen-zu-schaffen\/#primaryimage"},"thumbnailUrl":"https:\/\/www.strassenweb.de\/nachrichten\/wp-content\/uploads\/2025\/08\/5-Dinge-die-ich-in-meinen-30ern-als-professioneller-Organisator.jpg","keywords":["30ern","als","beigetragen","dazu","die","Dinge","entschl\u00fcsselt","f\u00fcr","gro\u00dfe","habe","hat","ich","Lebensver\u00e4nderungen","meinen","Organisator","Platz","professioneller","r\u00fccksichtslos","schaffen"],"articleSection":["Haus &amp; Garten"],"inLanguage":"de"},{"@type":"WebPage","@id":"https:\/\/www.strassenweb.de\/nachrichten\/5-dinge-die-ich-in-meinen-30ern-als-professioneller-organisator-ruecksichtslos-entschluesselt-habe-es-hat-dazu-beigetragen-platz-fuer-grosse-lebensveraenderungen-zu-schaffen\/","url":"https:\/\/www.strassenweb.de\/nachrichten\/5-dinge-die-ich-in-meinen-30ern-als-professioneller-organisator-ruecksichtslos-entschluesselt-habe-es-hat-dazu-beigetragen-platz-fuer-grosse-lebensveraenderungen-zu-schaffen\/","name":"5 Dinge, die ich in meinen 30ern als professioneller Organisator r\u00fccksichtslos entschl\u00fcsselt habe - es hat dazu beigetragen, Platz f\u00fcr gro\u00dfe Lebensver\u00e4nderungen zu schaffen - Nachrichten - Stra\u00dfenweb","isPartOf":{"@id":"https:\/\/www.strassenweb.de\/nachrichten\/#website"},"primaryImageOfPage":{"@id":"https:\/\/www.strassenweb.de\/nachrichten\/5-dinge-die-ich-in-meinen-30ern-als-professioneller-organisator-ruecksichtslos-entschluesselt-habe-es-hat-dazu-beigetragen-platz-fuer-grosse-lebensveraenderungen-zu-schaffen\/#primaryimage"},"image":{"@id":"https:\/\/www.strassenweb.de\/nachrichten\/5-dinge-die-ich-in-meinen-30ern-als-professioneller-organisator-ruecksichtslos-entschluesselt-habe-es-hat-dazu-beigetragen-platz-fuer-grosse-lebensveraenderungen-zu-schaffen\/#primaryimage"},"thumbnailUrl":"https:\/\/www.strassenweb.de\/nachrichten\/wp-content\/uploads\/2025\/08\/5-Dinge-die-ich-in-meinen-30ern-als-professioneller-Organisator.jpg","datePublished":"2025-08-06T08:40:01+00:00","dateModified":"2025-08-06T08:40:02+00:00","breadcrumb":{"@id":"https:\/\/www.strassenweb.de\/nachrichten\/5-dinge-die-ich-in-meinen-30ern-als-professioneller-organisator-ruecksichtslos-entschluesselt-habe-es-hat-dazu-beigetragen-platz-fuer-grosse-lebensveraenderungen-zu-schaffen\/#breadcrumb"},"inLanguage":"de","potentialAction":[{"@type":"ReadAction","target":["https:\/\/www.strassenweb.de\/nachrichten\/5-dinge-die-ich-in-meinen-30ern-als-professioneller-organisator-ruecksichtslos-entschluesselt-habe-es-hat-dazu-beigetragen-platz-fuer-grosse-lebensveraenderungen-zu-schaffen\/"]}]},{"@type":"ImageObject","inLanguage":"de","@id":"https:\/\/www.strassenweb.de\/nachrichten\/5-dinge-die-ich-in-meinen-30ern-als-professioneller-organisator-ruecksichtslos-entschluesselt-habe-es-hat-dazu-beigetragen-platz-fuer-grosse-lebensveraenderungen-zu-schaffen\/#primaryimage","url":"https:\/\/www.strassenweb.de\/nachrichten\/wp-content\/uploads\/2025\/08\/5-Dinge-die-ich-in-meinen-30ern-als-professioneller-Organisator.jpg","contentUrl":"https:\/\/www.strassenweb.de\/nachrichten\/wp-content\/uploads\/2025\/08\/5-Dinge-die-ich-in-meinen-30ern-als-professioneller-Organisator.jpg","width":1600,"height":900,"caption":"Dining area with Fromental&amp;#039;s green floral wallpaper and round wooden dining table with mid century pale green upholstered dining chairs. There is a distressed sideboard in view with a cream lamp, and pink lampshade"},{"@type":"BreadcrumbList","@id":"https:\/\/www.strassenweb.de\/nachrichten\/5-dinge-die-ich-in-meinen-30ern-als-professioneller-organisator-ruecksichtslos-entschluesselt-habe-es-hat-dazu-beigetragen-platz-fuer-grosse-lebensveraenderungen-zu-schaffen\/#breadcrumb","itemListElement":[{"@type":"ListItem","position":1,"name":"Home","item":"https:\/\/www.strassenweb.de\/nachrichten\/"},{"@type":"ListItem","position":2,"name":"5 Dinge, die ich in meinen 30ern als professioneller Organisator r\u00fccksichtslos entschl\u00fcsselt habe &#8211; es hat dazu beigetragen, Platz f\u00fcr gro\u00dfe Lebensver\u00e4nderungen zu schaffen"}]},{"@type":"WebSite","@id":"https:\/\/www.strassenweb.de\/nachrichten\/#website","url":"https:\/\/www.strassenweb.de\/nachrichten\/","name":"Stra\u00dfenweb","description":"Stra\u00dfenverzeichnis f\u00fcr Deutschland","publisher":{"@id":"https:\/\/www.strassenweb.de\/nachrichten\/#organization"},"potentialAction":[{"@type":"SearchAction","target":{"@type":"EntryPoint","urlTemplate":"https:\/\/www.strassenweb.de\/nachrichten\/?s={search_term_string}"},"query-input":{"@type":"PropertyValueSpecification","valueRequired":true,"valueName":"search_term_string"}}],"inLanguage":"de"},{"@type":"Organization","@id":"https:\/\/www.strassenweb.de\/nachrichten\/#organization","name":"Stra\u00dfenweb","url":"https:\/\/www.strassenweb.de\/nachrichten\/","logo":{"@type":"ImageObject","inLanguage":"de","@id":"https:\/\/www.strassenweb.de\/nachrichten\/#\/schema\/logo\/image\/","url":"https:\/\/www.strassenweb.de\/nachrichten\/wp-content\/uploads\/2024\/09\/cropped-favicon.png","contentUrl":"https:\/\/www.strassenweb.de\/nachrichten\/wp-content\/uploads\/2024\/09\/cropped-favicon.png","width":512,"height":512,"caption":"Stra\u00dfenweb"},"image":{"@id":"https:\/\/www.strassenweb.de\/nachrichten\/#\/schema\/logo\/image\/"},"sameAs":["https:\/\/www.facebook.com\/strassenweb\/"]},{"@type":"Person","@id":"https:\/\/www.strassenweb.de\/nachrichten\/#\/schema\/person\/87c9c9067f1211da429a744dc5a5aa41","name":"Robert Hoffmann","image":{"@type":"ImageObject","inLanguage":"de","@id":"https:\/\/www.strassenweb.de\/nachrichten\/wp-content\/uploads\/2024\/09\/strassenweb-150x150.jpg","url":"https:\/\/www.strassenweb.de\/nachrichten\/wp-content\/uploads\/2024\/09\/strassenweb-150x150.jpg","contentUrl":"https:\/\/www.strassenweb.de\/nachrichten\/wp-content\/uploads\/2024\/09\/strassenweb-150x150.jpg","caption":"Robert Hoffmann"},"description":"Ich hei\u00dfe Robert Hoffmann und ich bin ein leidenschaftlicher Verfechter von \u00d6kologie und Biodiversit\u00e4t. Seit meiner Kindheit in den W\u00e4ldern Bayerns f\u00fchle ich mich mit der Natur verbunden und bin entschlossen, sie zu sch\u00fctzen. Heute widme ich mein Leben der Sensibilisierung anderer f\u00fcr die Bedeutung des Umweltschutzes f\u00fcr zuk\u00fcnftige Generationen.","sameAs":["https:\/\/www.strassenweb.de\/"]}]}},"_links":{"self":[{"href":"https:\/\/www.strassenweb.de\/nachrichten\/wp-json\/wp\/v2\/posts\/6734","targetHints":{"allow":["GET"]}}],"collection":[{"href":"https:\/\/www.strassenweb.de\/nachrichten\/wp-json\/wp\/v2\/posts"}],"about":[{"href":"https:\/\/www.strassenweb.de\/nachrichten\/wp-json\/wp\/v2\/types\/post"}],"author":[{"embeddable":true,"href":"https:\/\/www.strassenweb.de\/nachrichten\/wp-json\/wp\/v2\/users\/1"}],"replies":[{"embeddable":true,"href":"https:\/\/www.strassenweb.de\/nachrichten\/wp-json\/wp\/v2\/comments?post=6734"}],"version-history":[{"count":0,"href":"https:\/\/www.strassenweb.de\/nachrichten\/wp-json\/wp\/v2\/posts\/6734\/revisions"}],"wp:featuredmedia":[{"embeddable":true,"href":"https:\/\/www.strassenweb.de\/nachrichten\/wp-json\/wp\/v2\/media\/6735"}],"wp:attachment":[{"href":"https:\/\/www.strassenweb.de\/nachrichten\/wp-json\/wp\/v2\/media?parent=6734"}],"wp:term":[{"taxonomy":"category","embeddable":true,"href":"https:\/\/www.strassenweb.de\/nachrichten\/wp-json\/wp\/v2\/categories?post=6734"},{"taxonomy":"post_tag","embeddable":true,"href":"https:\/\/www.strassenweb.de\/nachrichten\/wp-json\/wp\/v2\/tags?post=6734"}],"curies":[{"name":"wp","href":"https:\/\/api.w.org\/{rel}","templated":true}]}}