{"id":6716,"date":"2025-08-05T16:39:23","date_gmt":"2025-08-05T14:39:23","guid":{"rendered":"https:\/\/www.strassenweb.de\/nachrichten\/warum-blueht-mein-agapanthus-nicht-was-ich-nach-jahren-des-wachstums-dieser-blueten-als-professioneller-gaertner-gelernt-habe\/"},"modified":"2025-08-05T16:39:23","modified_gmt":"2025-08-05T14:39:23","slug":"warum-blueht-mein-agapanthus-nicht-was-ich-nach-jahren-des-wachstums-dieser-blueten-als-professioneller-gaertner-gelernt-habe","status":"publish","type":"post","link":"https:\/\/www.strassenweb.de\/nachrichten\/warum-blueht-mein-agapanthus-nicht-was-ich-nach-jahren-des-wachstums-dieser-blueten-als-professioneller-gaertner-gelernt-habe\/","title":{"rendered":"Warum bl\u00fcht mein Agapanthus nicht? Was ich nach Jahren des Wachstums dieser Bl\u00fcten als professioneller G\u00e4rtner gelernt habe"},"content":{"rendered":"<p><\/p>\n<div id=\"article-body\" class=\"article__body \">\n<p>Agapanthus, manchmal als afrikanische Lilie oder Lilie des Nils bezeichnet, sind Stars des Sommergartens. W\u00e4hrend meiner Zeit als G\u00e4rtner habe ich eine wachsende Wertsch\u00e4tzung f\u00fcr sie entwickelt, zumal sie die Hitze so gut tolerieren (als Pflanze, die am Kap von S\u00fcdafrika beheimatet ist).<\/p>\n<div id=\"ad-unit-1\" class=\"ad-unit\"><\/div>\n<p>Obwohl sie relativ leicht zu wachsen sind, k\u00f6nnen sie oft eine Nebensaison in Bezug auf Blumen haben und manchmal nur \u00fcppige gr\u00fcne Klingen produzieren, ohne einen Blumenstamm in Sichtweite.<\/p>\n<p>Wenn Sie also viele dieser hoch aufragenden Dolben aus blauen und wei\u00dfen Blumen haben m\u00f6chten, wenn Sie Agapanthus wachsen (ich meine, wer w\u00fcrde nicht?), Sie m\u00fcssen drei Bedingungen ben\u00f6tigen, die Sie richtig machen m\u00fcssen &#8211; n\u00e4mlich viel Sonnenschein, angemessenes Wasser und die richtige Ern\u00e4hrung. Hier ist alles, was ich aus Versuch und Irrtum gelernt habe, um Agapanthus in Bl\u00fcte zu \u00fcberreden.<\/p>\n<div class=\"van_vid_carousel\">\n<div class=\"van_vid_carousel__padding\">\n<div class=\"van_vid_carousel__container\"><\/div>\n<\/div>\n<\/div>\n<figure class=\"van-image-figure inline-layout \" data-bordeaux-image-check>\n<div class=\"image-full-width-wrapper\">\n<div class=\"image-widthsetter\" style=\"max-width:2000px;\"><\/div>\n<\/div>\n<\/figure>\n<h2 id=\"why-is-my-agapanthus-not-flowering-3\">Warum bl\u00fcht mein Agapanthus nicht?<\/h2>\n<aside data-block-type=\"embed\" data-render-type=\"fte\" data-skip=\"dealsy\" data-widget-type=\"seasonal\" class=\"hawk-base\"><\/aside>\n<p>Es gibt viele verschiedene Sorten von Agapanthus, von denen die meisten bis in Zone 7 abz\u00fcglich sind.<\/p>\n<div id=\"ad-unit-2\" class=\"ad-unit\"><\/div>\n<p>Es gibt viele beliebte blaue Blumensorten wie &#8222;Abendstern&#8220; und &#8222;Dawn Star&#8220; sowie viele mit wei\u00dfen Blumen wie &#8222;Albatross&#8220;, die alle in Hinterh\u00f6fen beeinflussen.<\/p>\n<p>Unabh\u00e4ngig von der Sorte, die Sie wachsen, gibt es drei goldene Regeln, die Sie befolgen m\u00fcssen, wenn Sie maximale Bl\u00fcten genie\u00dfen m\u00f6chten.<\/p>\n<h3 class=\"article-body__section\" id=\"section-1-lack-of-sunlight\"><span>1. Mangel an Sonnenlicht<\/span><\/h3>\n<figure class=\"van-image-figure inline-layout \" data-bordeaux-image-check>\n<div class=\"image-full-width-wrapper\">\n<div class=\"image-widthsetter\" style=\"max-width:2400px;\"><\/div>\n<\/div>\n<\/figure>\n<p>Agapanthus ben\u00f6tigt mindestens sechs Stunden des Tages direktes Sonnenlicht, um gut zu bl\u00fchen. Wenn sie im Schatten gepflanzt werden, wird die Blume &#8211; falls es welche gibt &#8211; schwach und erweitert, wenn die Pflanze nach Licht sucht.<\/p>\n<p>Wenn Sie also mehrj\u00e4hrige Agapanthus in einem Topf oder Grenze anbauen, der zwielichtig ist, ist es eine gute Idee, sie in eine Position zu bewegen, in der es mehr Licht erh\u00e4lt.<\/p>\n<p>Zu beachten, dass die beste Zeit zum Aufheben und Transplantieren von Agapanthus im fr\u00fchen Fr\u00fchling, irgendwann im M\u00e4rz oder April, bevor die Bl\u00fctezeit im Gange ist, ist. T\u00f6pfe dagegen sind weitaus einfacher, sich zu tauschen.<\/p>\n<p>Wenn Ihr Agapanthus -Topf schwer ist, versuchen Sie, so etwas wie diesen Pflanzen -Caddy auf R\u00e4dern zu verwenden, der bei Amazon erh\u00e4ltlich ist, was den Umzug von Containern erheblich erleichtert.<\/p>\n<p>Wenn Sie Ihren Agapanthus bewegen, kann es ein oder zwei Jahre eines guten Sonnenscheins dauern, bis die Pflanze sich niedergelassen und ein gutes Blumenausstellung erzeugt. Der Trick besteht also darin, die Menge an Sonnenschein richtig zu machen, aber auch geduldig zu sein.<\/p>\n<div class=\"min-h-(270px) mb-4\" id=\"viafoura-engagement-starter-wrapper\" data-component-name=\"Elk:Embed:EngagementStarter\">\n<div class=\"viafoura\">\n<vf-conversation-starter target=\"viafoura-comments\" title=\"Are you growing agapanthus this year?\" description=\"Let us know your growing tips for more flowers in the comments below. \" minimum-comment-count=\"5\"><br \/>\n<\/vf-conversation-starter>\n<\/div>\n<\/div>\n<h3 class=\"article-body__section\" id=\"section-2-too-much-or-not-enough-water\"><span>2. zu viel oder nicht genug Wasser<\/span><\/h3>\n<figure class=\"van-image-figure inline-layout \" data-bordeaux-image-check>\n<div class=\"image-full-width-wrapper\">\n<div class=\"image-widthsetter\" style=\"max-width:2400px;\"><\/div>\n<\/div>\n<\/figure>\n<p>Bew\u00e4sserung ist ein weiterer Balanceakt, wenn es um diese hohen mehrj\u00e4hrigen Bl\u00fcten geht.<\/p>\n<p>Obwohl ich nach der Gr\u00fcndung nach einer D\u00fcrretoleranz festgestellt habe, dass Agapanthus konsequent feuchte Bedingungen bevorzuge (aber nie verw\u00e4ssert), und dies kann einen Einfluss auf die Blumenproduktion haben.<\/p>\n<p>Dar\u00fcber hinaus k\u00f6nnen lange, trockene Zauber w\u00e4hrend der Knospenbildung (normalerweise irgendwann zwischen M\u00e4rz und Mai) dazu f\u00fchren, dass sie die Bl\u00fcte ganz leider aufgeben, sodass tiefes Gie\u00dfen eine gute Idee ist, insbesondere f\u00fcr die in T\u00f6pfen gez\u00fcchteten Pflanzen.<\/p>\n<p>Dar\u00fcber hinaus k\u00f6nnen sie nur ungern bl\u00fchen, wenn sie nach der Bl\u00fcte einer D\u00fcrrebedingungen ausgesetzt werden.<\/p>\n<p>Um im folgenden Jahr eine gute Ausstellung zu gew\u00e4hrleisten, halten Sie die Pflanzen bis zum Herbst feucht (normalerweise bis Oktober), was hoffentlich die Entwicklung neuer Bl\u00fctenknospen im folgenden Jahr sicherstellen sollte.<\/p>\n<h3 class=\"article-body__section\" id=\"section-3-lack-of-nutrients\"><span>3. Mangel an N\u00e4hrstoffen<\/span><\/h3>\n<figure class=\"van-image-figure inline-layout \" data-bordeaux-image-check>\n<div class=\"image-full-width-wrapper\">\n<div class=\"image-widthsetter\" style=\"max-width:2400px;\"><\/div>\n<\/div>\n<\/figure>\n<p>Es ist wichtig, Agapanthus w\u00e4hrend Fr\u00fchling und Sommer zu d\u00fcngen, und ein Mangel an N\u00e4hrstoffen kann h\u00e4ufig zu einigen Bl\u00fcten f\u00fchren.<\/p>\n<p>Wenn Sie in T\u00f6pfen wachsen, ist dies besonders wichtig, da Ihre Pflanze auf Sie aufgrund ihrer Ern\u00e4hrung auf Sie angewiesen ist.<\/p>\n<p>Ich w\u00fcrde vorschlagen, ein hohes Potash-Feed (wie ein Tomatenfutter) zu verwenden, alle drei Wochen w\u00e4hrend der Vegetationsperiode, um im August anzuhalten.<\/p>\n<p>In Bezug auf die Zahlen von Pflanzend\u00fcnger suchen Sie nach einem Produkt mit einer hohen dritten Anzahl, so etwas wie 5-5-10 oder 3-3-5.<\/p>\n<p>Probieren Sie diesen Bio -Tomatend\u00fcnger bei Burpee, der \u00fcber Amazon erh\u00e4ltlich ist.<\/p>\n<h3 class=\"article-body__section\" id=\"section-faqs\"><span>FAQs<\/span><\/h3>\n<h2 id=\"should-i-divide-congested-agapanthus-pots-3\">Sollte ich \u00fcberlastete Agapanthus -T\u00f6pfe teilen? <\/h2>\n<p>Ja, die Aufteilung der \u00fcberlasteten Agapanthus -T\u00f6pfe ist eine gute Idee. Ich w\u00fcrde Sie ermutigen, mutig zu sein und Klumpen um die H\u00e4lfte (oder sogar mehr) zu reduzieren, aber wenn ich in T\u00f6pfen nachordnen, vermeiden ich es, sie in zu ger\u00e4umigen Beh\u00e4ltern anzubauen, da dies eher das Blattwachstum als Bl\u00fcten f\u00f6rdert.<\/p>\n<h2 id=\"are-agapanthus-frost-tolerant-3\">Sind Agapanthus Frost-tolerant? <\/h2>\n<p>W\u00e4hrend es von Ihrer Vielfalt abh\u00e4ngt, sind die meisten Agapanthus in Zone 7 oder Zone 8 abz\u00fcglich, und etablierte Klumpen k\u00f6nnen den Wintertemperaturen auf 14 \u00b0 F bis 5 \u00b0 F (-10 \u00b0 C bis -15 \u00b0 C) standhalten, aber die Anzahl der Bl\u00fcten kann im folgenden Jahr reduziert werden, wenn ein verl\u00e4ngerter Zeitraum von Frost und Schnee und Schnee und Schnee und Schnee besteht.<\/p>\n<p>Es ist auch eine gute Idee, zu lernen, wie man Agapanthus toThead hat, indem alle verblassten Blumenst\u00e4ngel geschnitten werden.<\/p>\n<p>Dies hilft der Pflanze eher auf die Bildung von Bl\u00fctenknospen als auf die Samenproduktion. Unser Leitfaden enth\u00e4lt alle Informationen, die Sie wissen m\u00fcssen.<\/p>\n<h2 id=\"shop-flower-accessories-3\">Laden Sie Blumenzubeh\u00f6r ein<\/h2>\n<div class=\"product-container hero-product-container product-block-no-wrap\">\n<div class=\"product-block-row\"><\/div>\n<div class=\"product-block-row\"><\/div>\n<div class=\"product-block-row\"><\/div>\n<\/div>\n<div class=\"block\" id=\"articleTag\" data-component-name=\"PostArticleLinks\">\n<div class=\"border-b border-b-black border-solid py-2.5 text-black font-bold uppercase\">Themen<\/div>\n<nav class=\"py-2.5 flex gap-2.5 flex-wrap\" data-analytics-id=\"article-tag\">\n<p>Stauden Blumen<br \/>\n<\/nav>\n<\/div>\n<\/div>\n","protected":false},"excerpt":{"rendered":"<p>Agapanthus, manchmal als afrikanische Lilie oder Lilie des Nils bezeichnet, sind Stars des Sommergartens. W\u00e4hrend meiner Zeit als G\u00e4rtner habe ich eine wachsende Wertsch\u00e4tzung f\u00fcr<\/p>\n","protected":false},"author":1,"featured_media":6717,"comment_status":"closed","ping_status":"","sticky":false,"template":"","format":"standard","meta":{"footnotes":""},"categories":[118],"tags":[8932,935,3249,1201,281,1554,2098,2431,823,129,608,778,341,61,6299,8119,744],"class_list":["post-6716","post","type-post","status-publish","format-standard","has-post-thumbnail","hentry","category-haus-garten","tag-agapanthus","tag-als","tag-blueht","tag-blueten","tag-des","tag-dieser","tag-gaertner","tag-gelernt","tag-habe","tag-ich","tag-jahren","tag-mein","tag-nach","tag-nicht","tag-professioneller","tag-wachstums","tag-warum","generate-columns","tablet-grid-50","mobile-grid-100","grid-parent","grid-50"],"yoast_head":"<!-- This site is optimized with the Yoast SEO plugin v27.3 - https:\/\/yoast.com\/product\/yoast-seo-wordpress\/ -->\n<title>Warum bl\u00fcht mein Agapanthus nicht? Was ich nach Jahren des Wachstums dieser Bl\u00fcten als professioneller G\u00e4rtner gelernt habe - Nachrichten - Stra\u00dfenweb<\/title>\n<meta name=\"robots\" content=\"index, follow, max-snippet:-1, max-image-preview:large, max-video-preview:-1\" \/>\n<link rel=\"canonical\" href=\"https:\/\/www.strassenweb.de\/nachrichten\/warum-blueht-mein-agapanthus-nicht-was-ich-nach-jahren-des-wachstums-dieser-blueten-als-professioneller-gaertner-gelernt-habe\/\" \/>\n<meta property=\"og:locale\" content=\"de_DE\" \/>\n<meta property=\"og:type\" content=\"article\" \/>\n<meta property=\"og:title\" content=\"Warum bl\u00fcht mein Agapanthus nicht? Was ich nach Jahren des Wachstums dieser Bl\u00fcten als professioneller G\u00e4rtner gelernt habe - Nachrichten - Stra\u00dfenweb\" \/>\n<meta property=\"og:description\" content=\"Agapanthus, manchmal als afrikanische Lilie oder Lilie des Nils bezeichnet, sind Stars des Sommergartens. W\u00e4hrend meiner Zeit als G\u00e4rtner habe ich eine wachsende Wertsch\u00e4tzung f\u00fcr\" \/>\n<meta property=\"og:url\" content=\"https:\/\/www.strassenweb.de\/nachrichten\/warum-blueht-mein-agapanthus-nicht-was-ich-nach-jahren-des-wachstums-dieser-blueten-als-professioneller-gaertner-gelernt-habe\/\" \/>\n<meta property=\"og:site_name\" content=\"Stra\u00dfenweb\" \/>\n<meta property=\"article:publisher\" content=\"https:\/\/www.facebook.com\/strassenweb\/\" \/>\n<meta property=\"article:published_time\" content=\"2025-08-05T14:39:23+00:00\" \/>\n<meta property=\"og:image\" content=\"https:\/\/www.strassenweb.de\/nachrichten\/wp-content\/uploads\/2025\/08\/Warum-blueht-mein-Agapanthus-nicht-Was-ich-nach-Jahren-des.jpg\" \/>\n\t<meta property=\"og:image:width\" content=\"1600\" \/>\n\t<meta property=\"og:image:height\" content=\"900\" \/>\n\t<meta property=\"og:image:type\" content=\"image\/jpeg\" \/>\n<meta name=\"author\" content=\"Robert Hoffmann\" \/>\n<meta name=\"twitter:card\" content=\"summary_large_image\" \/>\n<meta name=\"twitter:label1\" content=\"Verfasst von\" \/>\n\t<meta name=\"twitter:data1\" content=\"Robert Hoffmann\" \/>\n\t<meta name=\"twitter:label2\" content=\"Gesch\u00e4tzte Lesezeit\" \/>\n\t<meta name=\"twitter:data2\" content=\"4\u00a0Minuten\" \/>\n<script type=\"application\/ld+json\" class=\"yoast-schema-graph\">{\"@context\":\"https:\\\/\\\/schema.org\",\"@graph\":[{\"@type\":\"Article\",\"@id\":\"https:\\\/\\\/www.strassenweb.de\\\/nachrichten\\\/warum-blueht-mein-agapanthus-nicht-was-ich-nach-jahren-des-wachstums-dieser-blueten-als-professioneller-gaertner-gelernt-habe\\\/#article\",\"isPartOf\":{\"@id\":\"https:\\\/\\\/www.strassenweb.de\\\/nachrichten\\\/warum-blueht-mein-agapanthus-nicht-was-ich-nach-jahren-des-wachstums-dieser-blueten-als-professioneller-gaertner-gelernt-habe\\\/\"},\"author\":{\"name\":\"Robert Hoffmann\",\"@id\":\"https:\\\/\\\/www.strassenweb.de\\\/nachrichten\\\/#\\\/schema\\\/person\\\/87c9c9067f1211da429a744dc5a5aa41\"},\"headline\":\"Warum bl\u00fcht mein Agapanthus nicht? Was ich nach Jahren des Wachstums dieser Bl\u00fcten als professioneller G\u00e4rtner gelernt habe\",\"datePublished\":\"2025-08-05T14:39:23+00:00\",\"mainEntityOfPage\":{\"@id\":\"https:\\\/\\\/www.strassenweb.de\\\/nachrichten\\\/warum-blueht-mein-agapanthus-nicht-was-ich-nach-jahren-des-wachstums-dieser-blueten-als-professioneller-gaertner-gelernt-habe\\\/\"},\"wordCount\":894,\"publisher\":{\"@id\":\"https:\\\/\\\/www.strassenweb.de\\\/nachrichten\\\/#organization\"},\"image\":{\"@id\":\"https:\\\/\\\/www.strassenweb.de\\\/nachrichten\\\/warum-blueht-mein-agapanthus-nicht-was-ich-nach-jahren-des-wachstums-dieser-blueten-als-professioneller-gaertner-gelernt-habe\\\/#primaryimage\"},\"thumbnailUrl\":\"https:\\\/\\\/www.strassenweb.de\\\/nachrichten\\\/wp-content\\\/uploads\\\/2025\\\/08\\\/Warum-blueht-mein-Agapanthus-nicht-Was-ich-nach-Jahren-des.jpg\",\"keywords\":[\"Agapanthus\",\"als\",\"bl\u00fcht\",\"Bl\u00fcten\",\"des\",\"dieser\",\"G\u00e4rtner\",\"gelernt\",\"habe\",\"ich\",\"Jahren\",\"mein\",\"Nach\",\"nicht\",\"professioneller\",\"Wachstums\",\"warum\"],\"articleSection\":[\"Haus &amp; Garten\"],\"inLanguage\":\"de\"},{\"@type\":\"WebPage\",\"@id\":\"https:\\\/\\\/www.strassenweb.de\\\/nachrichten\\\/warum-blueht-mein-agapanthus-nicht-was-ich-nach-jahren-des-wachstums-dieser-blueten-als-professioneller-gaertner-gelernt-habe\\\/\",\"url\":\"https:\\\/\\\/www.strassenweb.de\\\/nachrichten\\\/warum-blueht-mein-agapanthus-nicht-was-ich-nach-jahren-des-wachstums-dieser-blueten-als-professioneller-gaertner-gelernt-habe\\\/\",\"name\":\"Warum bl\u00fcht mein Agapanthus nicht? Was ich nach Jahren des Wachstums dieser Bl\u00fcten als professioneller G\u00e4rtner gelernt habe - Nachrichten - Stra\u00dfenweb\",\"isPartOf\":{\"@id\":\"https:\\\/\\\/www.strassenweb.de\\\/nachrichten\\\/#website\"},\"primaryImageOfPage\":{\"@id\":\"https:\\\/\\\/www.strassenweb.de\\\/nachrichten\\\/warum-blueht-mein-agapanthus-nicht-was-ich-nach-jahren-des-wachstums-dieser-blueten-als-professioneller-gaertner-gelernt-habe\\\/#primaryimage\"},\"image\":{\"@id\":\"https:\\\/\\\/www.strassenweb.de\\\/nachrichten\\\/warum-blueht-mein-agapanthus-nicht-was-ich-nach-jahren-des-wachstums-dieser-blueten-als-professioneller-gaertner-gelernt-habe\\\/#primaryimage\"},\"thumbnailUrl\":\"https:\\\/\\\/www.strassenweb.de\\\/nachrichten\\\/wp-content\\\/uploads\\\/2025\\\/08\\\/Warum-blueht-mein-Agapanthus-nicht-Was-ich-nach-Jahren-des.jpg\",\"datePublished\":\"2025-08-05T14:39:23+00:00\",\"breadcrumb\":{\"@id\":\"https:\\\/\\\/www.strassenweb.de\\\/nachrichten\\\/warum-blueht-mein-agapanthus-nicht-was-ich-nach-jahren-des-wachstums-dieser-blueten-als-professioneller-gaertner-gelernt-habe\\\/#breadcrumb\"},\"inLanguage\":\"de\",\"potentialAction\":[{\"@type\":\"ReadAction\",\"target\":[\"https:\\\/\\\/www.strassenweb.de\\\/nachrichten\\\/warum-blueht-mein-agapanthus-nicht-was-ich-nach-jahren-des-wachstums-dieser-blueten-als-professioneller-gaertner-gelernt-habe\\\/\"]}]},{\"@type\":\"ImageObject\",\"inLanguage\":\"de\",\"@id\":\"https:\\\/\\\/www.strassenweb.de\\\/nachrichten\\\/warum-blueht-mein-agapanthus-nicht-was-ich-nach-jahren-des-wachstums-dieser-blueten-als-professioneller-gaertner-gelernt-habe\\\/#primaryimage\",\"url\":\"https:\\\/\\\/www.strassenweb.de\\\/nachrichten\\\/wp-content\\\/uploads\\\/2025\\\/08\\\/Warum-blueht-mein-Agapanthus-nicht-Was-ich-nach-Jahren-des.jpg\",\"contentUrl\":\"https:\\\/\\\/www.strassenweb.de\\\/nachrichten\\\/wp-content\\\/uploads\\\/2025\\\/08\\\/Warum-blueht-mein-Agapanthus-nicht-Was-ich-nach-Jahren-des.jpg\",\"width\":1600,\"height\":900,\"caption\":\"Blue flowers of agapanthus in a garden border next to a lush green lawn\"},{\"@type\":\"BreadcrumbList\",\"@id\":\"https:\\\/\\\/www.strassenweb.de\\\/nachrichten\\\/warum-blueht-mein-agapanthus-nicht-was-ich-nach-jahren-des-wachstums-dieser-blueten-als-professioneller-gaertner-gelernt-habe\\\/#breadcrumb\",\"itemListElement\":[{\"@type\":\"ListItem\",\"position\":1,\"name\":\"Home\",\"item\":\"https:\\\/\\\/www.strassenweb.de\\\/nachrichten\\\/\"},{\"@type\":\"ListItem\",\"position\":2,\"name\":\"Warum bl\u00fcht mein Agapanthus nicht? Was ich nach Jahren des Wachstums dieser Bl\u00fcten als professioneller G\u00e4rtner gelernt habe\"}]},{\"@type\":\"WebSite\",\"@id\":\"https:\\\/\\\/www.strassenweb.de\\\/nachrichten\\\/#website\",\"url\":\"https:\\\/\\\/www.strassenweb.de\\\/nachrichten\\\/\",\"name\":\"Stra\u00dfenweb\",\"description\":\"Stra\u00dfenverzeichnis f\u00fcr Deutschland\",\"publisher\":{\"@id\":\"https:\\\/\\\/www.strassenweb.de\\\/nachrichten\\\/#organization\"},\"potentialAction\":[{\"@type\":\"SearchAction\",\"target\":{\"@type\":\"EntryPoint\",\"urlTemplate\":\"https:\\\/\\\/www.strassenweb.de\\\/nachrichten\\\/?s={search_term_string}\"},\"query-input\":{\"@type\":\"PropertyValueSpecification\",\"valueRequired\":true,\"valueName\":\"search_term_string\"}}],\"inLanguage\":\"de\"},{\"@type\":\"Organization\",\"@id\":\"https:\\\/\\\/www.strassenweb.de\\\/nachrichten\\\/#organization\",\"name\":\"Stra\u00dfenweb\",\"url\":\"https:\\\/\\\/www.strassenweb.de\\\/nachrichten\\\/\",\"logo\":{\"@type\":\"ImageObject\",\"inLanguage\":\"de\",\"@id\":\"https:\\\/\\\/www.strassenweb.de\\\/nachrichten\\\/#\\\/schema\\\/logo\\\/image\\\/\",\"url\":\"https:\\\/\\\/www.strassenweb.de\\\/nachrichten\\\/wp-content\\\/uploads\\\/2024\\\/09\\\/cropped-favicon.png\",\"contentUrl\":\"https:\\\/\\\/www.strassenweb.de\\\/nachrichten\\\/wp-content\\\/uploads\\\/2024\\\/09\\\/cropped-favicon.png\",\"width\":512,\"height\":512,\"caption\":\"Stra\u00dfenweb\"},\"image\":{\"@id\":\"https:\\\/\\\/www.strassenweb.de\\\/nachrichten\\\/#\\\/schema\\\/logo\\\/image\\\/\"},\"sameAs\":[\"https:\\\/\\\/www.facebook.com\\\/strassenweb\\\/\"]},{\"@type\":\"Person\",\"@id\":\"https:\\\/\\\/www.strassenweb.de\\\/nachrichten\\\/#\\\/schema\\\/person\\\/87c9c9067f1211da429a744dc5a5aa41\",\"name\":\"Robert Hoffmann\",\"image\":{\"@type\":\"ImageObject\",\"inLanguage\":\"de\",\"@id\":\"https:\\\/\\\/www.strassenweb.de\\\/nachrichten\\\/wp-content\\\/uploads\\\/2024\\\/09\\\/strassenweb-150x150.jpg\",\"url\":\"https:\\\/\\\/www.strassenweb.de\\\/nachrichten\\\/wp-content\\\/uploads\\\/2024\\\/09\\\/strassenweb-150x150.jpg\",\"contentUrl\":\"https:\\\/\\\/www.strassenweb.de\\\/nachrichten\\\/wp-content\\\/uploads\\\/2024\\\/09\\\/strassenweb-150x150.jpg\",\"caption\":\"Robert Hoffmann\"},\"description\":\"Ich hei\u00dfe Robert Hoffmann und ich bin ein leidenschaftlicher Verfechter von \u00d6kologie und Biodiversit\u00e4t. Seit meiner Kindheit in den W\u00e4ldern Bayerns f\u00fchle ich mich mit der Natur verbunden und bin entschlossen, sie zu sch\u00fctzen. Heute widme ich mein Leben der Sensibilisierung anderer f\u00fcr die Bedeutung des Umweltschutzes f\u00fcr zuk\u00fcnftige Generationen.\",\"sameAs\":[\"https:\\\/\\\/www.strassenweb.de\\\/\"]}]}<\/script>\n<!-- \/ Yoast SEO plugin. -->","yoast_head_json":{"title":"Warum bl\u00fcht mein Agapanthus nicht? Was ich nach Jahren des Wachstums dieser Bl\u00fcten als professioneller G\u00e4rtner gelernt habe - Nachrichten - Stra\u00dfenweb","robots":{"index":"index","follow":"follow","max-snippet":"max-snippet:-1","max-image-preview":"max-image-preview:large","max-video-preview":"max-video-preview:-1"},"canonical":"https:\/\/www.strassenweb.de\/nachrichten\/warum-blueht-mein-agapanthus-nicht-was-ich-nach-jahren-des-wachstums-dieser-blueten-als-professioneller-gaertner-gelernt-habe\/","og_locale":"de_DE","og_type":"article","og_title":"Warum bl\u00fcht mein Agapanthus nicht? Was ich nach Jahren des Wachstums dieser Bl\u00fcten als professioneller G\u00e4rtner gelernt habe - Nachrichten - Stra\u00dfenweb","og_description":"Agapanthus, manchmal als afrikanische Lilie oder Lilie des Nils bezeichnet, sind Stars des Sommergartens. W\u00e4hrend meiner Zeit als G\u00e4rtner habe ich eine wachsende Wertsch\u00e4tzung f\u00fcr","og_url":"https:\/\/www.strassenweb.de\/nachrichten\/warum-blueht-mein-agapanthus-nicht-was-ich-nach-jahren-des-wachstums-dieser-blueten-als-professioneller-gaertner-gelernt-habe\/","og_site_name":"Stra\u00dfenweb","article_publisher":"https:\/\/www.facebook.com\/strassenweb\/","article_published_time":"2025-08-05T14:39:23+00:00","og_image":[{"width":1600,"height":900,"url":"https:\/\/www.strassenweb.de\/nachrichten\/wp-content\/uploads\/2025\/08\/Warum-blueht-mein-Agapanthus-nicht-Was-ich-nach-Jahren-des.jpg","type":"image\/jpeg"}],"author":"Robert Hoffmann","twitter_card":"summary_large_image","twitter_misc":{"Verfasst von":"Robert Hoffmann","Gesch\u00e4tzte Lesezeit":"4\u00a0Minuten"},"schema":{"@context":"https:\/\/schema.org","@graph":[{"@type":"Article","@id":"https:\/\/www.strassenweb.de\/nachrichten\/warum-blueht-mein-agapanthus-nicht-was-ich-nach-jahren-des-wachstums-dieser-blueten-als-professioneller-gaertner-gelernt-habe\/#article","isPartOf":{"@id":"https:\/\/www.strassenweb.de\/nachrichten\/warum-blueht-mein-agapanthus-nicht-was-ich-nach-jahren-des-wachstums-dieser-blueten-als-professioneller-gaertner-gelernt-habe\/"},"author":{"name":"Robert Hoffmann","@id":"https:\/\/www.strassenweb.de\/nachrichten\/#\/schema\/person\/87c9c9067f1211da429a744dc5a5aa41"},"headline":"Warum bl\u00fcht mein Agapanthus nicht? Was ich nach Jahren des Wachstums dieser Bl\u00fcten als professioneller G\u00e4rtner gelernt habe","datePublished":"2025-08-05T14:39:23+00:00","mainEntityOfPage":{"@id":"https:\/\/www.strassenweb.de\/nachrichten\/warum-blueht-mein-agapanthus-nicht-was-ich-nach-jahren-des-wachstums-dieser-blueten-als-professioneller-gaertner-gelernt-habe\/"},"wordCount":894,"publisher":{"@id":"https:\/\/www.strassenweb.de\/nachrichten\/#organization"},"image":{"@id":"https:\/\/www.strassenweb.de\/nachrichten\/warum-blueht-mein-agapanthus-nicht-was-ich-nach-jahren-des-wachstums-dieser-blueten-als-professioneller-gaertner-gelernt-habe\/#primaryimage"},"thumbnailUrl":"https:\/\/www.strassenweb.de\/nachrichten\/wp-content\/uploads\/2025\/08\/Warum-blueht-mein-Agapanthus-nicht-Was-ich-nach-Jahren-des.jpg","keywords":["Agapanthus","als","bl\u00fcht","Bl\u00fcten","des","dieser","G\u00e4rtner","gelernt","habe","ich","Jahren","mein","Nach","nicht","professioneller","Wachstums","warum"],"articleSection":["Haus &amp; Garten"],"inLanguage":"de"},{"@type":"WebPage","@id":"https:\/\/www.strassenweb.de\/nachrichten\/warum-blueht-mein-agapanthus-nicht-was-ich-nach-jahren-des-wachstums-dieser-blueten-als-professioneller-gaertner-gelernt-habe\/","url":"https:\/\/www.strassenweb.de\/nachrichten\/warum-blueht-mein-agapanthus-nicht-was-ich-nach-jahren-des-wachstums-dieser-blueten-als-professioneller-gaertner-gelernt-habe\/","name":"Warum bl\u00fcht mein Agapanthus nicht? Was ich nach Jahren des Wachstums dieser Bl\u00fcten als professioneller G\u00e4rtner gelernt habe - Nachrichten - Stra\u00dfenweb","isPartOf":{"@id":"https:\/\/www.strassenweb.de\/nachrichten\/#website"},"primaryImageOfPage":{"@id":"https:\/\/www.strassenweb.de\/nachrichten\/warum-blueht-mein-agapanthus-nicht-was-ich-nach-jahren-des-wachstums-dieser-blueten-als-professioneller-gaertner-gelernt-habe\/#primaryimage"},"image":{"@id":"https:\/\/www.strassenweb.de\/nachrichten\/warum-blueht-mein-agapanthus-nicht-was-ich-nach-jahren-des-wachstums-dieser-blueten-als-professioneller-gaertner-gelernt-habe\/#primaryimage"},"thumbnailUrl":"https:\/\/www.strassenweb.de\/nachrichten\/wp-content\/uploads\/2025\/08\/Warum-blueht-mein-Agapanthus-nicht-Was-ich-nach-Jahren-des.jpg","datePublished":"2025-08-05T14:39:23+00:00","breadcrumb":{"@id":"https:\/\/www.strassenweb.de\/nachrichten\/warum-blueht-mein-agapanthus-nicht-was-ich-nach-jahren-des-wachstums-dieser-blueten-als-professioneller-gaertner-gelernt-habe\/#breadcrumb"},"inLanguage":"de","potentialAction":[{"@type":"ReadAction","target":["https:\/\/www.strassenweb.de\/nachrichten\/warum-blueht-mein-agapanthus-nicht-was-ich-nach-jahren-des-wachstums-dieser-blueten-als-professioneller-gaertner-gelernt-habe\/"]}]},{"@type":"ImageObject","inLanguage":"de","@id":"https:\/\/www.strassenweb.de\/nachrichten\/warum-blueht-mein-agapanthus-nicht-was-ich-nach-jahren-des-wachstums-dieser-blueten-als-professioneller-gaertner-gelernt-habe\/#primaryimage","url":"https:\/\/www.strassenweb.de\/nachrichten\/wp-content\/uploads\/2025\/08\/Warum-blueht-mein-Agapanthus-nicht-Was-ich-nach-Jahren-des.jpg","contentUrl":"https:\/\/www.strassenweb.de\/nachrichten\/wp-content\/uploads\/2025\/08\/Warum-blueht-mein-Agapanthus-nicht-Was-ich-nach-Jahren-des.jpg","width":1600,"height":900,"caption":"Blue flowers of agapanthus in a garden border next to a lush green lawn"},{"@type":"BreadcrumbList","@id":"https:\/\/www.strassenweb.de\/nachrichten\/warum-blueht-mein-agapanthus-nicht-was-ich-nach-jahren-des-wachstums-dieser-blueten-als-professioneller-gaertner-gelernt-habe\/#breadcrumb","itemListElement":[{"@type":"ListItem","position":1,"name":"Home","item":"https:\/\/www.strassenweb.de\/nachrichten\/"},{"@type":"ListItem","position":2,"name":"Warum bl\u00fcht mein Agapanthus nicht? Was ich nach Jahren des Wachstums dieser Bl\u00fcten als professioneller G\u00e4rtner gelernt habe"}]},{"@type":"WebSite","@id":"https:\/\/www.strassenweb.de\/nachrichten\/#website","url":"https:\/\/www.strassenweb.de\/nachrichten\/","name":"Stra\u00dfenweb","description":"Stra\u00dfenverzeichnis f\u00fcr Deutschland","publisher":{"@id":"https:\/\/www.strassenweb.de\/nachrichten\/#organization"},"potentialAction":[{"@type":"SearchAction","target":{"@type":"EntryPoint","urlTemplate":"https:\/\/www.strassenweb.de\/nachrichten\/?s={search_term_string}"},"query-input":{"@type":"PropertyValueSpecification","valueRequired":true,"valueName":"search_term_string"}}],"inLanguage":"de"},{"@type":"Organization","@id":"https:\/\/www.strassenweb.de\/nachrichten\/#organization","name":"Stra\u00dfenweb","url":"https:\/\/www.strassenweb.de\/nachrichten\/","logo":{"@type":"ImageObject","inLanguage":"de","@id":"https:\/\/www.strassenweb.de\/nachrichten\/#\/schema\/logo\/image\/","url":"https:\/\/www.strassenweb.de\/nachrichten\/wp-content\/uploads\/2024\/09\/cropped-favicon.png","contentUrl":"https:\/\/www.strassenweb.de\/nachrichten\/wp-content\/uploads\/2024\/09\/cropped-favicon.png","width":512,"height":512,"caption":"Stra\u00dfenweb"},"image":{"@id":"https:\/\/www.strassenweb.de\/nachrichten\/#\/schema\/logo\/image\/"},"sameAs":["https:\/\/www.facebook.com\/strassenweb\/"]},{"@type":"Person","@id":"https:\/\/www.strassenweb.de\/nachrichten\/#\/schema\/person\/87c9c9067f1211da429a744dc5a5aa41","name":"Robert Hoffmann","image":{"@type":"ImageObject","inLanguage":"de","@id":"https:\/\/www.strassenweb.de\/nachrichten\/wp-content\/uploads\/2024\/09\/strassenweb-150x150.jpg","url":"https:\/\/www.strassenweb.de\/nachrichten\/wp-content\/uploads\/2024\/09\/strassenweb-150x150.jpg","contentUrl":"https:\/\/www.strassenweb.de\/nachrichten\/wp-content\/uploads\/2024\/09\/strassenweb-150x150.jpg","caption":"Robert Hoffmann"},"description":"Ich hei\u00dfe Robert Hoffmann und ich bin ein leidenschaftlicher Verfechter von \u00d6kologie und Biodiversit\u00e4t. Seit meiner Kindheit in den W\u00e4ldern Bayerns f\u00fchle ich mich mit der Natur verbunden und bin entschlossen, sie zu sch\u00fctzen. Heute widme ich mein Leben der Sensibilisierung anderer f\u00fcr die Bedeutung des Umweltschutzes f\u00fcr zuk\u00fcnftige Generationen.","sameAs":["https:\/\/www.strassenweb.de\/"]}]}},"_links":{"self":[{"href":"https:\/\/www.strassenweb.de\/nachrichten\/wp-json\/wp\/v2\/posts\/6716","targetHints":{"allow":["GET"]}}],"collection":[{"href":"https:\/\/www.strassenweb.de\/nachrichten\/wp-json\/wp\/v2\/posts"}],"about":[{"href":"https:\/\/www.strassenweb.de\/nachrichten\/wp-json\/wp\/v2\/types\/post"}],"author":[{"embeddable":true,"href":"https:\/\/www.strassenweb.de\/nachrichten\/wp-json\/wp\/v2\/users\/1"}],"replies":[{"embeddable":true,"href":"https:\/\/www.strassenweb.de\/nachrichten\/wp-json\/wp\/v2\/comments?post=6716"}],"version-history":[{"count":0,"href":"https:\/\/www.strassenweb.de\/nachrichten\/wp-json\/wp\/v2\/posts\/6716\/revisions"}],"wp:featuredmedia":[{"embeddable":true,"href":"https:\/\/www.strassenweb.de\/nachrichten\/wp-json\/wp\/v2\/media\/6717"}],"wp:attachment":[{"href":"https:\/\/www.strassenweb.de\/nachrichten\/wp-json\/wp\/v2\/media?parent=6716"}],"wp:term":[{"taxonomy":"category","embeddable":true,"href":"https:\/\/www.strassenweb.de\/nachrichten\/wp-json\/wp\/v2\/categories?post=6716"},{"taxonomy":"post_tag","embeddable":true,"href":"https:\/\/www.strassenweb.de\/nachrichten\/wp-json\/wp\/v2\/tags?post=6716"}],"curies":[{"name":"wp","href":"https:\/\/api.w.org\/{rel}","templated":true}]}}