{"id":6713,"date":"2025-08-05T13:39:29","date_gmt":"2025-08-05T11:39:29","guid":{"rendered":"https:\/\/www.strassenweb.de\/nachrichten\/meine-prioritaet-war-es-die-geschichte-dieses-eigentums-zu-ehren-wie-dieser-designer-ein-edwardian-juwel-von-1904-nahm-und-es-in-ein-zeitloses-familienhaus-verwandelte\/"},"modified":"2025-08-05T13:39:30","modified_gmt":"2025-08-05T11:39:30","slug":"meine-prioritaet-war-es-die-geschichte-dieses-eigentums-zu-ehren-wie-dieser-designer-ein-edwardian-juwel-von-1904-nahm-und-es-in-ein-zeitloses-familienhaus-verwandelte","status":"publish","type":"post","link":"https:\/\/www.strassenweb.de\/nachrichten\/meine-prioritaet-war-es-die-geschichte-dieses-eigentums-zu-ehren-wie-dieser-designer-ein-edwardian-juwel-von-1904-nahm-und-es-in-ein-zeitloses-familienhaus-verwandelte\/","title":{"rendered":"&#8222;Meine Priorit\u00e4t war es, die Geschichte dieses Eigentums zu ehren&#8220; &#8211; wie dieser Designer ein Edwardian -Juwel von 1904 nahm und es in ein zeitloses Familienhaus verwandelte"},"content":{"rendered":"<p><\/p>\n<div id=\"article-body\" class=\"article__body \">\n<p>Dieses 1904 im Lake District in San Francisco, Kalifornien, erbaute Haus in Lake District in San Francisco, CA, hatte dieses Haus mit f\u00fcnf Schlafzimmern das Erdbeben der Stadt von 1906 \u00fcberlebt und war voller Geschichte. Die Familie, die das edwardianische Grundst\u00fcck kaufte, hatte sich in ihren zeitgen\u00f6ssischen Charme verliebt und sah das Potenzial, es perfekt f\u00fcr das moderne Familienleben zu machen. Die neuen Besitzer wollten jedoch keine v\u00f6llig moderne Renovierung durchf\u00fchren. Stattdessen suchten sie nach einem sehr lebenswerten und tief personalisierten Raum.<\/p>\n<div id=\"ad-unit-1\" class=\"ad-unit\"><\/div>\n<p>Innenarchitektin Caryn Sloan half der Familie, ihre neue Vision f\u00fcr das Grundst\u00fcck zu erreichen. &#8222;Die gr\u00f6\u00dfte Herausforderung bestand darin, einen modernen Wohnraum f\u00fcr die Familie zu schaffen und gleichzeitig die Geschichte und den Charakter des Hauses hervorzuheben&#8220;, sagt sie.<\/p>\n<aside data-block-type=\"embed\" data-render-type=\"fte\" data-skip=\"dealsy\" data-widget-type=\"seasonal\" class=\"hawk-base\"><\/aside>\n<p>&#8218;Das Haus war urspr\u00fcnglich sehr segmentiert. Der Eintrag wurde ge\u00f6ffnet, um die neue skulpturale Treppe hervorzuheben. B\u00f6gen im Eingang wurden f\u00fcr visuelles Interesse hinzugef\u00fcgt, und das K\u00fcchen-\/Familienzimmer wurde ge\u00f6ffnet, um einen gro\u00dfen gro\u00dfartigen Raum f\u00fcr Unterhaltung zu schaffen. Gleichzeitig hielten wir das Wohnzimmer und die Esszimmerr\u00e4ume wie urspr\u00fcnglich gebaut. &#8218;<\/p>\n<div class=\"van_vid_carousel\">\n<div class=\"van_vid_carousel__padding\">\n<div class=\"van_vid_carousel__container\"><\/div>\n<\/div>\n<\/div>\n<p>Machen Sie die Tour, um herauszufinden, wie Caryn dem Haus einen eleganten neuen Look verleiht und gleichzeitig seinen Sinn f\u00fcr Geschichte bewahrte.<\/p>\n<div id=\"ad-unit-2\" class=\"ad-unit\"><\/div>\n<figure class=\"van-image-figure inline-layout \" data-bordeaux-image-check>\n<div class=\"image-full-width-wrapper\">\n<div class=\"image-widthsetter\" style=\"max-width:2400px;\"><\/div>\n<\/div>\n<\/figure>\n<p>Die Familie wollte einen offenen Grundriss im Familienzimmer und in der K\u00fcche, einen Raum zum Sammeln, Faulenzen und Unterhaltungsbereich.<\/p>\n<p>&#8222;Wir wollten einen familienfreundlichen Raum mit haltbareren St\u00fccken schaffen, wenn wir unterhalten&#8220;, f\u00fcgt Caryn hinzu. &#8222;Die Oak-Einbauten von Segale Bros wurden f\u00fcr Lagerung und zus\u00e4tzliche Sitzpl\u00e4tze ausgelegt, w\u00e4hrend die Vintage-St\u00fccke der Kunden wie der Finn Jhul-Stuhl von 1953 dazu beigetragen haben, den Raum weiter zu personalisieren.&#8220;<\/p>\n<p>Faltt\u00fcren vermitteln ein echtes Gef\u00fchl, dass der Familienraum in die Landschaft ausgeht, und Caryn sagt, sie habe die Farben ausgew\u00e4hlt, um die Natur im Freien zu bringen &#8211; und konzentriert sich auf eine haupts\u00e4chlich gr\u00fcne Farbpalette.<\/p>\n<figure class=\"van-image-figure inline-layout \" data-bordeaux-image-check>\n<div class=\"image-full-width-wrapper\">\n<div class=\"image-widthsetter\" style=\"max-width:2400px;\"><\/div>\n<\/div>\n<\/figure>\n<p>Das Gesamtziel war es, eine erh\u00f6hte, wundersch\u00f6n gestaltete und dennoch hoch funktionierende K\u00fcche f\u00fcr Familienversammlungen und Unterhaltung zu schaffen, erkl\u00e4rt Caryn &#8218;Ich wollte, dass sich das Herz des Hauses warm, einladend und zeitlos f\u00fchlt. Obwohl in der K\u00fcche moderne M\u00fchlen und hochmoderne Ger\u00e4te, ihre nat\u00fcrlichen Eichenschr\u00e4nke und die geschliffenen Calacatta Borghini-Marmor-Arbeitsplatten ausgestattet sind. Das Gleichgewicht von Alt und Neu war in diesem Raum wichtig.<\/p>\n<p>&#8222;Wir waren auch sehr bewusst in den materiellen Entscheidungen, hier und anderswo im Haushalt, die Auswahl von Materialien, die Geschichte hatten und im Laufe der Zeit auch Patina haben&#8220;, f\u00fcgt sie hinzu.<\/p>\n<p>Die rahmenlose Cabinetry in Rift White Eiche im europ\u00e4ischen Stil wurde von Segale Bros mit einer Hardware zur Verj\u00fcngung hergestellt. Die Anh\u00e4nger \u00fcber der Insel sind der Cleo von Kelly Wearstler aus visuellem Komfort.<\/p>\n<figure class=\"van-image-figure inline-layout \" data-bordeaux-image-check>\n<div class=\"image-full-width-wrapper\">\n<div class=\"image-widthsetter\" style=\"max-width:2000px;\"><\/div>\n<\/div>\n<\/figure>\n<p>Im Herzen der K\u00fcche befindet sich eine intelligente Heimat, die den Raum f\u00fcr Unterhaltung weiter aussch\u00f6pfen. &#8218;Ich habe diese Bar so gestaltet, dass ich mich sowohl erh\u00f6ht als auch einladend f\u00fchlte. Ein Raum zum Eingie\u00dfen, Mischen und Entspannen \u201c, sagt Caryn. &#8222;Layered Texturen, reichhaltige Materialien und nachdenkliche Details erwecken es zum Leben, von den Eichenschr\u00e4nken, nicht lakener Messing- und Maschenkabinen bis hin zu Calacatta Borghini Marmor Backsplash.&#8220;<\/p>\n<p>Dank des gut geplanten Layouts k\u00f6nnen sich die Moller Model 77-St\u00fchle auf der Insel leicht als Barhocker verdoppeln, wenn Sundowneers angeboten werden.<\/p>\n<figure class=\"van-image-figure inline-layout \" data-bordeaux-image-check>\n<div class=\"image-full-width-wrapper\">\n<div class=\"image-widthsetter\" style=\"max-width:2000px;\"><\/div>\n<\/div>\n<\/figure>\n<p>Es ist schwer, das schicke Design dieser Speisekammer mit Designer Caryns Beschreibung seines Zwecks als &#8222;schmutzige K\u00fcche&#8220; zu quadrieren. Aber funktional kann auch nicht auch sch\u00f6n sein. Der lebendige Gr\u00fcnraum befindet sich direkt vor der Hauptk\u00fcche, und es gibt n\u00fctzliche zus\u00e4tzliche Geschirrsp\u00fcler- und K\u00fchlschrankschubladen.<\/p>\n<p>Wie in der Hauptk\u00fcche wird die Pantry -Schritte von Segale Bros, festem Ahorn in Farrow &#038; Balls gr\u00fcnem Rauch und Hardware vor der Verj\u00fcngung gebaut. Die Regale und Arbeitsplatten sind Calacatta Cremo -Platten, w\u00e4hrend die Fliese in Gr\u00fcn des Bedrosianischen Clo\u00e9s ist.<\/p>\n<figure class=\"van-image-figure inline-layout \" data-bordeaux-image-check>\n<div class=\"image-full-width-wrapper\">\n<div class=\"image-widthsetter\" style=\"max-width:2400px;\"><\/div>\n<\/div>\n<\/figure>\n<p>Der Esszimmer ist Teil des urspr\u00fcnglichen Hauses und hat immer noch seinen Kamin von 1904. Der Designer behielt die urspr\u00fcnglichen Proportionen des Raumes und aktualisierte den Raum f\u00fcr moderne Unterhaltung mit einem dramatischen dekorativen Finish. &#8218;Dieser Juwelenbox-Raum ist sowohl kunstvoll als auch atmosph\u00e4risch gestaltet. Ein Ort, der erfahren soll \u201c, sagt Caryn.<\/p>\n<p>Eine dramatische asiatisch inspirierte Wandpapier, Nebel in Nebel von Philip Jefferies auf silbergebettetem Papier reflektiert das Licht und f\u00fcgt Tiefe hinzu, w\u00e4hrend Farrow &#038; Balls Moody Studio Green das Ambiente verbessert.<\/p>\n<p>Zu den wichtigsten St\u00fccken geh\u00f6ren der Live-Kanten-Tisch des Eigent\u00fcmers, der in New York ma\u00dfgeschneidert war, Vintage Finn Juhl-St\u00fchle, die der Geschichte und Tradition des Hauses nickte, und der Luglo-Kronleuchter von Lumfardo.<\/p>\n<figure class=\"van-image-figure inline-layout \" data-bordeaux-image-check>\n<div class=\"image-full-width-wrapper\">\n<div class=\"image-widthsetter\" style=\"max-width:2400px;\"><\/div>\n<\/div>\n<\/figure>\n<p>Dieser Raum enth\u00e4lt auch viele charmante Originalmerkmale, die mit ein oder zwei neueren Teilen gemischt sind, um einen charakteristischen und \u00dcbergangsraum zu bieten.<\/p>\n<p>&#8222;Meine Priorit\u00e4t bei der Gestaltung dieses Raums war es, Wege zu finden, um die inh\u00e4rente Geschichte des Hauses zu ehren&#8220;, sagt Caryn. &#8218;Originaldetails wie der Art-Deco-Bodenbelag, Buntglasfenster und Wainscoting wurden als Anspielung auf die Erhaltung seiner Geschichte wiederhergestellt. Die Glasfenster, benutzerdefinierte B\u00fccherregale und ein Erbst\u00fcck der Tang -Dynastie kamen zusammen, um die Vergangenheit und Gegenwart zu \u00fcberbr\u00fccken. Das Ziel war es, einen aussagekr\u00e4ftigen Raum mit Geschichte und nachdenklich gesammelten Details zu schaffen. &#8218;<\/p>\n<p>Der Glass Couchtisch ist ein Familienst\u00fcck, das vom US -amerikanischen Modernist Architect Edward Barnes f\u00fcr die Gro\u00dfeltern des Hausbesitzers entwickelt wurde. Die Kunst \u00fcber dem Kamin stammt von Lena Wolff von der Sarah Shepard Gallery.<\/p>\n<figure class=\"van-image-figure inline-layout \" data-bordeaux-image-check>\n<div class=\"image-full-width-wrapper\">\n<div class=\"image-widthsetter\" style=\"max-width:2000px;\"><\/div>\n<\/div>\n<\/figure>\n<p>&#8222;Das Schl\u00fcsselkonzept im Eingang war es, einen gro\u00dfen Moment zu schaffen&#8220;, sagt Caryn. \u201eIch wollte, dass dieser Eintrag sowohl einladend als auch raffiniert f\u00fchlt und eine moderne Messing- und Mahagoni -Bank, einen Oushak -Teppich aus Boga -Teppichen und eine geschw\u00e4rzte Asche -Leuchten schichtet, um eine Balance zwischen W\u00e4rme und Raffinesse zu schaffen.<\/p>\n<p>&#8218;Die Handl\u00e4ufe und die Kappen der Treppe wurden mit einem skulpturalen Element entworfen und befleckt, um sicherzustellen, dass das Holzkorn durchkommt und ein nat\u00fcrliches, w\u00e4rmeres Aussehen sorgt. Wir wollten die Palette neutral halten, um die architektonischen Details hervorzuheben. Schwarz und Creme wurden mit Holz und Messing kombiniert, wobei das Innenraum frisch hielt und gleichzeitig W\u00e4rme hinzuf\u00fcgte. &#8218;<\/p>\n<figure class=\"van-image-figure inline-layout \" data-bordeaux-image-check>\n<div class=\"image-full-width-wrapper\">\n<div class=\"image-widthsetter\" style=\"max-width:2000px;\"><\/div>\n<\/div>\n<\/figure>\n<p>Wer w\u00fcrde sich in diesem einladenden Schlafzimmer nicht gem\u00fctlich und entspannt f\u00fchlen? Der Gesamtlook spricht von zeitgen\u00f6ssischen Komfort, aber die legend\u00e4re William Morris Print Bank bietet eine starke Anerkennung des Erbes des Hauses.<\/p>\n<p>&#8222;Ich habe das Schlafzimmer entworfen, um mich auf Farbe, Muster und Atmosph\u00e4re zu konzentrieren&#8220;, sagt Caryn. &#8222;Der William Morris-Gei\u00dfblatt und der Tulip-Stoff verleihen seinen fr\u00fchen 20. Jahrhundert einen Hauch von Geschichte, w\u00e4hrend das benutzerdefinierte blaugr\u00fcne Bett den Raum in der gleichen gem\u00fctlichen Ruhe einbringt wie der Nebel, der eindrang.<\/p>\n<figure class=\"van-image-figure inline-layout \" data-bordeaux-image-check>\n<div class=\"image-full-width-wrapper\">\n<div class=\"image-widthsetter\" style=\"max-width:2000px;\"><\/div>\n<\/div>\n<\/figure>\n<p>Ohne Luxus -Renovierung ist ohne Luxus -Badezimmer komplett, und dieses Haus hat mehrere. Das prim\u00e4re Badezimmer kombiniert den modernen Komfort mit Details der Mitte des Jahrhunderts. Die Walnuss -Eitelkeit bringt dieses Erbe an, die zeitgen\u00f6ssischen Linien der freistehenden Wanne, die den Gesamtlook aufweist.<\/p>\n<p>&#8222;Ich habe mir dieses Hauptbad als echtes Heiligtum in der Stadt vorgestellt &#8211; einen Raum, der sich so gut anf\u00fchlt, wie es aussieht&#8220;, sagt Caryn. &#8222;Layered -Materialien und nachdenkliche Details bringen ein Gef\u00fchl der Ruhe, von der Zellige Fliese und Walnut Eitelkeit bis zum warmen Licht von Alabaster -Trachtlauch.&#8220;<\/p>\n<h2 id=\"shop-the-look-3\">Kaufen Sie den Look ein<\/h2>\n<div class=\"product-container hero-product-container product-block-no-wrap\">\n<div class=\"product-block-row\"><\/div>\n<div class=\"product-block-row\"><\/div>\n<div class=\"product-block-row\"><\/div>\n<div class=\"product-block-row\"><\/div>\n<div class=\"product-block-row\"><\/div>\n<div class=\"product-block-row\"><\/div>\n<\/div>\n<p>Innenarchitektur: Caryn Sloan<br \/>Fotografie: R Brad Knipstein<br \/>Styling: Allegra Hsiao<\/p>\n<\/div>\n<p><script async src=\"\/\/www.instagram.com\/embed.js\"><\/script><\/p>\n","protected":false},"excerpt":{"rendered":"<p>Dieses 1904 im Lake District in San Francisco, Kalifornien, erbaute Haus in Lake District in San Francisco, CA, hatte dieses Haus mit f\u00fcnf Schlafzimmern das<\/p>\n","protected":false},"author":1,"featured_media":6714,"comment_status":"closed","ping_status":"","sticky":false,"template":"","format":"standard","meta":{"footnotes":""},"categories":[118],"tags":[216,9,1554,531,9143,7431,9142,43,8671,972,5502,1054,9144,9141,37,5274,21,1495,26,5144],"class_list":["post-6713","post","type-post","status-publish","format-standard","has-post-thumbnail","hentry","category-haus-garten","tag-designer","tag-die","tag-dieser","tag-dieses","tag-edwardian","tag-ehren","tag-eigentums","tag-ein","tag-familienhaus","tag-geschichte","tag-juwel","tag-meine","tag-nahm","tag-prioritaet","tag-und","tag-verwandelte","tag-von","tag-war","tag-wie","tag-zeitloses","generate-columns","tablet-grid-50","mobile-grid-100","grid-parent","grid-50"],"yoast_head":"<!-- This site is optimized with the Yoast SEO plugin v27.3 - https:\/\/yoast.com\/product\/yoast-seo-wordpress\/ -->\n<title>&quot;Meine Priorit\u00e4t war es, die Geschichte dieses Eigentums zu ehren&quot; - wie dieser Designer ein Edwardian -Juwel von 1904 nahm und es in ein zeitloses Familienhaus verwandelte - Nachrichten - Stra\u00dfenweb<\/title>\n<meta name=\"robots\" content=\"index, follow, max-snippet:-1, max-image-preview:large, max-video-preview:-1\" \/>\n<link rel=\"canonical\" href=\"https:\/\/www.strassenweb.de\/nachrichten\/meine-prioritaet-war-es-die-geschichte-dieses-eigentums-zu-ehren-wie-dieser-designer-ein-edwardian-juwel-von-1904-nahm-und-es-in-ein-zeitloses-familienhaus-verwandelte\/\" \/>\n<meta property=\"og:locale\" content=\"de_DE\" \/>\n<meta property=\"og:type\" content=\"article\" \/>\n<meta property=\"og:title\" content=\"&quot;Meine Priorit\u00e4t war es, die Geschichte dieses Eigentums zu ehren&quot; - wie dieser Designer ein Edwardian -Juwel von 1904 nahm und es in ein zeitloses Familienhaus verwandelte - Nachrichten - Stra\u00dfenweb\" \/>\n<meta property=\"og:description\" content=\"Dieses 1904 im Lake District in San Francisco, Kalifornien, erbaute Haus in Lake District in San Francisco, CA, hatte dieses Haus mit f\u00fcnf Schlafzimmern das\" \/>\n<meta property=\"og:url\" content=\"https:\/\/www.strassenweb.de\/nachrichten\/meine-prioritaet-war-es-die-geschichte-dieses-eigentums-zu-ehren-wie-dieser-designer-ein-edwardian-juwel-von-1904-nahm-und-es-in-ein-zeitloses-familienhaus-verwandelte\/\" \/>\n<meta property=\"og:site_name\" content=\"Stra\u00dfenweb\" \/>\n<meta property=\"article:publisher\" content=\"https:\/\/www.facebook.com\/strassenweb\/\" \/>\n<meta property=\"article:published_time\" content=\"2025-08-05T11:39:29+00:00\" \/>\n<meta property=\"article:modified_time\" content=\"2025-08-05T11:39:30+00:00\" \/>\n<meta property=\"og:image\" content=\"https:\/\/www.strassenweb.de\/nachrichten\/wp-content\/uploads\/2025\/08\/Meine-Prioritaet-war-es-die-Geschichte-dieses-Eigentums-zu-ehren.jpg\" \/>\n\t<meta property=\"og:image:width\" content=\"1600\" \/>\n\t<meta property=\"og:image:height\" content=\"900\" \/>\n\t<meta property=\"og:image:type\" content=\"image\/jpeg\" \/>\n<meta name=\"author\" content=\"Robert Hoffmann\" \/>\n<meta name=\"twitter:card\" content=\"summary_large_image\" \/>\n<meta name=\"twitter:label1\" content=\"Verfasst von\" \/>\n\t<meta name=\"twitter:data1\" content=\"Robert Hoffmann\" \/>\n\t<meta name=\"twitter:label2\" content=\"Gesch\u00e4tzte Lesezeit\" \/>\n\t<meta name=\"twitter:data2\" content=\"6\u00a0Minuten\" \/>\n<script type=\"application\/ld+json\" class=\"yoast-schema-graph\">{\"@context\":\"https:\\\/\\\/schema.org\",\"@graph\":[{\"@type\":\"Article\",\"@id\":\"https:\\\/\\\/www.strassenweb.de\\\/nachrichten\\\/meine-prioritaet-war-es-die-geschichte-dieses-eigentums-zu-ehren-wie-dieser-designer-ein-edwardian-juwel-von-1904-nahm-und-es-in-ein-zeitloses-familienhaus-verwandelte\\\/#article\",\"isPartOf\":{\"@id\":\"https:\\\/\\\/www.strassenweb.de\\\/nachrichten\\\/meine-prioritaet-war-es-die-geschichte-dieses-eigentums-zu-ehren-wie-dieser-designer-ein-edwardian-juwel-von-1904-nahm-und-es-in-ein-zeitloses-familienhaus-verwandelte\\\/\"},\"author\":{\"name\":\"Robert Hoffmann\",\"@id\":\"https:\\\/\\\/www.strassenweb.de\\\/nachrichten\\\/#\\\/schema\\\/person\\\/87c9c9067f1211da429a744dc5a5aa41\"},\"headline\":\"&#8222;Meine Priorit\u00e4t war es, die Geschichte dieses Eigentums zu ehren&#8220; &#8211; wie dieser Designer ein Edwardian -Juwel von 1904 nahm und es in ein zeitloses Familienhaus verwandelte\",\"datePublished\":\"2025-08-05T11:39:29+00:00\",\"dateModified\":\"2025-08-05T11:39:30+00:00\",\"mainEntityOfPage\":{\"@id\":\"https:\\\/\\\/www.strassenweb.de\\\/nachrichten\\\/meine-prioritaet-war-es-die-geschichte-dieses-eigentums-zu-ehren-wie-dieser-designer-ein-edwardian-juwel-von-1904-nahm-und-es-in-ein-zeitloses-familienhaus-verwandelte\\\/\"},\"wordCount\":1276,\"publisher\":{\"@id\":\"https:\\\/\\\/www.strassenweb.de\\\/nachrichten\\\/#organization\"},\"image\":{\"@id\":\"https:\\\/\\\/www.strassenweb.de\\\/nachrichten\\\/meine-prioritaet-war-es-die-geschichte-dieses-eigentums-zu-ehren-wie-dieser-designer-ein-edwardian-juwel-von-1904-nahm-und-es-in-ein-zeitloses-familienhaus-verwandelte\\\/#primaryimage\"},\"thumbnailUrl\":\"https:\\\/\\\/www.strassenweb.de\\\/nachrichten\\\/wp-content\\\/uploads\\\/2025\\\/08\\\/Meine-Prioritaet-war-es-die-Geschichte-dieses-Eigentums-zu-ehren.jpg\",\"keywords\":[\"Designer\",\"die\",\"dieser\",\"dieses\",\"Edwardian\",\"ehren\",\"Eigentums\",\"ein\",\"Familienhaus\",\"Geschichte\",\"Juwel\",\"meine\",\"nahm\",\"Priorit\u00e4t\",\"und\",\"verwandelte\",\"von\",\"war\",\"Wie\",\"zeitloses\"],\"articleSection\":[\"Haus &amp; Garten\"],\"inLanguage\":\"de\"},{\"@type\":\"WebPage\",\"@id\":\"https:\\\/\\\/www.strassenweb.de\\\/nachrichten\\\/meine-prioritaet-war-es-die-geschichte-dieses-eigentums-zu-ehren-wie-dieser-designer-ein-edwardian-juwel-von-1904-nahm-und-es-in-ein-zeitloses-familienhaus-verwandelte\\\/\",\"url\":\"https:\\\/\\\/www.strassenweb.de\\\/nachrichten\\\/meine-prioritaet-war-es-die-geschichte-dieses-eigentums-zu-ehren-wie-dieser-designer-ein-edwardian-juwel-von-1904-nahm-und-es-in-ein-zeitloses-familienhaus-verwandelte\\\/\",\"name\":\"\\\"Meine Priorit\u00e4t war es, die Geschichte dieses Eigentums zu ehren\\\" - wie dieser Designer ein Edwardian -Juwel von 1904 nahm und es in ein zeitloses Familienhaus verwandelte - Nachrichten - Stra\u00dfenweb\",\"isPartOf\":{\"@id\":\"https:\\\/\\\/www.strassenweb.de\\\/nachrichten\\\/#website\"},\"primaryImageOfPage\":{\"@id\":\"https:\\\/\\\/www.strassenweb.de\\\/nachrichten\\\/meine-prioritaet-war-es-die-geschichte-dieses-eigentums-zu-ehren-wie-dieser-designer-ein-edwardian-juwel-von-1904-nahm-und-es-in-ein-zeitloses-familienhaus-verwandelte\\\/#primaryimage\"},\"image\":{\"@id\":\"https:\\\/\\\/www.strassenweb.de\\\/nachrichten\\\/meine-prioritaet-war-es-die-geschichte-dieses-eigentums-zu-ehren-wie-dieser-designer-ein-edwardian-juwel-von-1904-nahm-und-es-in-ein-zeitloses-familienhaus-verwandelte\\\/#primaryimage\"},\"thumbnailUrl\":\"https:\\\/\\\/www.strassenweb.de\\\/nachrichten\\\/wp-content\\\/uploads\\\/2025\\\/08\\\/Meine-Prioritaet-war-es-die-Geschichte-dieses-Eigentums-zu-ehren.jpg\",\"datePublished\":\"2025-08-05T11:39:29+00:00\",\"dateModified\":\"2025-08-05T11:39:30+00:00\",\"breadcrumb\":{\"@id\":\"https:\\\/\\\/www.strassenweb.de\\\/nachrichten\\\/meine-prioritaet-war-es-die-geschichte-dieses-eigentums-zu-ehren-wie-dieser-designer-ein-edwardian-juwel-von-1904-nahm-und-es-in-ein-zeitloses-familienhaus-verwandelte\\\/#breadcrumb\"},\"inLanguage\":\"de\",\"potentialAction\":[{\"@type\":\"ReadAction\",\"target\":[\"https:\\\/\\\/www.strassenweb.de\\\/nachrichten\\\/meine-prioritaet-war-es-die-geschichte-dieses-eigentums-zu-ehren-wie-dieser-designer-ein-edwardian-juwel-von-1904-nahm-und-es-in-ein-zeitloses-familienhaus-verwandelte\\\/\"]}]},{\"@type\":\"ImageObject\",\"inLanguage\":\"de\",\"@id\":\"https:\\\/\\\/www.strassenweb.de\\\/nachrichten\\\/meine-prioritaet-war-es-die-geschichte-dieses-eigentums-zu-ehren-wie-dieser-designer-ein-edwardian-juwel-von-1904-nahm-und-es-in-ein-zeitloses-familienhaus-verwandelte\\\/#primaryimage\",\"url\":\"https:\\\/\\\/www.strassenweb.de\\\/nachrichten\\\/wp-content\\\/uploads\\\/2025\\\/08\\\/Meine-Prioritaet-war-es-die-Geschichte-dieses-Eigentums-zu-ehren.jpg\",\"contentUrl\":\"https:\\\/\\\/www.strassenweb.de\\\/nachrichten\\\/wp-content\\\/uploads\\\/2025\\\/08\\\/Meine-Prioritaet-war-es-die-Geschichte-dieses-Eigentums-zu-ehren.jpg\",\"width\":1600,\"height\":900,\"caption\":\"dining room with blue mural walls and paneled ceiling\"},{\"@type\":\"BreadcrumbList\",\"@id\":\"https:\\\/\\\/www.strassenweb.de\\\/nachrichten\\\/meine-prioritaet-war-es-die-geschichte-dieses-eigentums-zu-ehren-wie-dieser-designer-ein-edwardian-juwel-von-1904-nahm-und-es-in-ein-zeitloses-familienhaus-verwandelte\\\/#breadcrumb\",\"itemListElement\":[{\"@type\":\"ListItem\",\"position\":1,\"name\":\"Home\",\"item\":\"https:\\\/\\\/www.strassenweb.de\\\/nachrichten\\\/\"},{\"@type\":\"ListItem\",\"position\":2,\"name\":\"&#8222;Meine Priorit\u00e4t war es, die Geschichte dieses Eigentums zu ehren&#8220; &#8211; wie dieser Designer ein Edwardian -Juwel von 1904 nahm und es in ein zeitloses Familienhaus verwandelte\"}]},{\"@type\":\"WebSite\",\"@id\":\"https:\\\/\\\/www.strassenweb.de\\\/nachrichten\\\/#website\",\"url\":\"https:\\\/\\\/www.strassenweb.de\\\/nachrichten\\\/\",\"name\":\"Stra\u00dfenweb\",\"description\":\"Stra\u00dfenverzeichnis f\u00fcr Deutschland\",\"publisher\":{\"@id\":\"https:\\\/\\\/www.strassenweb.de\\\/nachrichten\\\/#organization\"},\"potentialAction\":[{\"@type\":\"SearchAction\",\"target\":{\"@type\":\"EntryPoint\",\"urlTemplate\":\"https:\\\/\\\/www.strassenweb.de\\\/nachrichten\\\/?s={search_term_string}\"},\"query-input\":{\"@type\":\"PropertyValueSpecification\",\"valueRequired\":true,\"valueName\":\"search_term_string\"}}],\"inLanguage\":\"de\"},{\"@type\":\"Organization\",\"@id\":\"https:\\\/\\\/www.strassenweb.de\\\/nachrichten\\\/#organization\",\"name\":\"Stra\u00dfenweb\",\"url\":\"https:\\\/\\\/www.strassenweb.de\\\/nachrichten\\\/\",\"logo\":{\"@type\":\"ImageObject\",\"inLanguage\":\"de\",\"@id\":\"https:\\\/\\\/www.strassenweb.de\\\/nachrichten\\\/#\\\/schema\\\/logo\\\/image\\\/\",\"url\":\"https:\\\/\\\/www.strassenweb.de\\\/nachrichten\\\/wp-content\\\/uploads\\\/2024\\\/09\\\/cropped-favicon.png\",\"contentUrl\":\"https:\\\/\\\/www.strassenweb.de\\\/nachrichten\\\/wp-content\\\/uploads\\\/2024\\\/09\\\/cropped-favicon.png\",\"width\":512,\"height\":512,\"caption\":\"Stra\u00dfenweb\"},\"image\":{\"@id\":\"https:\\\/\\\/www.strassenweb.de\\\/nachrichten\\\/#\\\/schema\\\/logo\\\/image\\\/\"},\"sameAs\":[\"https:\\\/\\\/www.facebook.com\\\/strassenweb\\\/\"]},{\"@type\":\"Person\",\"@id\":\"https:\\\/\\\/www.strassenweb.de\\\/nachrichten\\\/#\\\/schema\\\/person\\\/87c9c9067f1211da429a744dc5a5aa41\",\"name\":\"Robert Hoffmann\",\"image\":{\"@type\":\"ImageObject\",\"inLanguage\":\"de\",\"@id\":\"https:\\\/\\\/www.strassenweb.de\\\/nachrichten\\\/wp-content\\\/uploads\\\/2024\\\/09\\\/strassenweb-150x150.jpg\",\"url\":\"https:\\\/\\\/www.strassenweb.de\\\/nachrichten\\\/wp-content\\\/uploads\\\/2024\\\/09\\\/strassenweb-150x150.jpg\",\"contentUrl\":\"https:\\\/\\\/www.strassenweb.de\\\/nachrichten\\\/wp-content\\\/uploads\\\/2024\\\/09\\\/strassenweb-150x150.jpg\",\"caption\":\"Robert Hoffmann\"},\"description\":\"Ich hei\u00dfe Robert Hoffmann und ich bin ein leidenschaftlicher Verfechter von \u00d6kologie und Biodiversit\u00e4t. Seit meiner Kindheit in den W\u00e4ldern Bayerns f\u00fchle ich mich mit der Natur verbunden und bin entschlossen, sie zu sch\u00fctzen. Heute widme ich mein Leben der Sensibilisierung anderer f\u00fcr die Bedeutung des Umweltschutzes f\u00fcr zuk\u00fcnftige Generationen.\",\"sameAs\":[\"https:\\\/\\\/www.strassenweb.de\\\/\"]}]}<\/script>\n<!-- \/ Yoast SEO plugin. -->","yoast_head_json":{"title":"\"Meine Priorit\u00e4t war es, die Geschichte dieses Eigentums zu ehren\" - wie dieser Designer ein Edwardian -Juwel von 1904 nahm und es in ein zeitloses Familienhaus verwandelte - Nachrichten - Stra\u00dfenweb","robots":{"index":"index","follow":"follow","max-snippet":"max-snippet:-1","max-image-preview":"max-image-preview:large","max-video-preview":"max-video-preview:-1"},"canonical":"https:\/\/www.strassenweb.de\/nachrichten\/meine-prioritaet-war-es-die-geschichte-dieses-eigentums-zu-ehren-wie-dieser-designer-ein-edwardian-juwel-von-1904-nahm-und-es-in-ein-zeitloses-familienhaus-verwandelte\/","og_locale":"de_DE","og_type":"article","og_title":"\"Meine Priorit\u00e4t war es, die Geschichte dieses Eigentums zu ehren\" - wie dieser Designer ein Edwardian -Juwel von 1904 nahm und es in ein zeitloses Familienhaus verwandelte - Nachrichten - Stra\u00dfenweb","og_description":"Dieses 1904 im Lake District in San Francisco, Kalifornien, erbaute Haus in Lake District in San Francisco, CA, hatte dieses Haus mit f\u00fcnf Schlafzimmern das","og_url":"https:\/\/www.strassenweb.de\/nachrichten\/meine-prioritaet-war-es-die-geschichte-dieses-eigentums-zu-ehren-wie-dieser-designer-ein-edwardian-juwel-von-1904-nahm-und-es-in-ein-zeitloses-familienhaus-verwandelte\/","og_site_name":"Stra\u00dfenweb","article_publisher":"https:\/\/www.facebook.com\/strassenweb\/","article_published_time":"2025-08-05T11:39:29+00:00","article_modified_time":"2025-08-05T11:39:30+00:00","og_image":[{"width":1600,"height":900,"url":"https:\/\/www.strassenweb.de\/nachrichten\/wp-content\/uploads\/2025\/08\/Meine-Prioritaet-war-es-die-Geschichte-dieses-Eigentums-zu-ehren.jpg","type":"image\/jpeg"}],"author":"Robert Hoffmann","twitter_card":"summary_large_image","twitter_misc":{"Verfasst von":"Robert Hoffmann","Gesch\u00e4tzte Lesezeit":"6\u00a0Minuten"},"schema":{"@context":"https:\/\/schema.org","@graph":[{"@type":"Article","@id":"https:\/\/www.strassenweb.de\/nachrichten\/meine-prioritaet-war-es-die-geschichte-dieses-eigentums-zu-ehren-wie-dieser-designer-ein-edwardian-juwel-von-1904-nahm-und-es-in-ein-zeitloses-familienhaus-verwandelte\/#article","isPartOf":{"@id":"https:\/\/www.strassenweb.de\/nachrichten\/meine-prioritaet-war-es-die-geschichte-dieses-eigentums-zu-ehren-wie-dieser-designer-ein-edwardian-juwel-von-1904-nahm-und-es-in-ein-zeitloses-familienhaus-verwandelte\/"},"author":{"name":"Robert Hoffmann","@id":"https:\/\/www.strassenweb.de\/nachrichten\/#\/schema\/person\/87c9c9067f1211da429a744dc5a5aa41"},"headline":"&#8222;Meine Priorit\u00e4t war es, die Geschichte dieses Eigentums zu ehren&#8220; &#8211; wie dieser Designer ein Edwardian -Juwel von 1904 nahm und es in ein zeitloses Familienhaus verwandelte","datePublished":"2025-08-05T11:39:29+00:00","dateModified":"2025-08-05T11:39:30+00:00","mainEntityOfPage":{"@id":"https:\/\/www.strassenweb.de\/nachrichten\/meine-prioritaet-war-es-die-geschichte-dieses-eigentums-zu-ehren-wie-dieser-designer-ein-edwardian-juwel-von-1904-nahm-und-es-in-ein-zeitloses-familienhaus-verwandelte\/"},"wordCount":1276,"publisher":{"@id":"https:\/\/www.strassenweb.de\/nachrichten\/#organization"},"image":{"@id":"https:\/\/www.strassenweb.de\/nachrichten\/meine-prioritaet-war-es-die-geschichte-dieses-eigentums-zu-ehren-wie-dieser-designer-ein-edwardian-juwel-von-1904-nahm-und-es-in-ein-zeitloses-familienhaus-verwandelte\/#primaryimage"},"thumbnailUrl":"https:\/\/www.strassenweb.de\/nachrichten\/wp-content\/uploads\/2025\/08\/Meine-Prioritaet-war-es-die-Geschichte-dieses-Eigentums-zu-ehren.jpg","keywords":["Designer","die","dieser","dieses","Edwardian","ehren","Eigentums","ein","Familienhaus","Geschichte","Juwel","meine","nahm","Priorit\u00e4t","und","verwandelte","von","war","Wie","zeitloses"],"articleSection":["Haus &amp; Garten"],"inLanguage":"de"},{"@type":"WebPage","@id":"https:\/\/www.strassenweb.de\/nachrichten\/meine-prioritaet-war-es-die-geschichte-dieses-eigentums-zu-ehren-wie-dieser-designer-ein-edwardian-juwel-von-1904-nahm-und-es-in-ein-zeitloses-familienhaus-verwandelte\/","url":"https:\/\/www.strassenweb.de\/nachrichten\/meine-prioritaet-war-es-die-geschichte-dieses-eigentums-zu-ehren-wie-dieser-designer-ein-edwardian-juwel-von-1904-nahm-und-es-in-ein-zeitloses-familienhaus-verwandelte\/","name":"\"Meine Priorit\u00e4t war es, die Geschichte dieses Eigentums zu ehren\" - wie dieser Designer ein Edwardian -Juwel von 1904 nahm und es in ein zeitloses Familienhaus verwandelte - Nachrichten - Stra\u00dfenweb","isPartOf":{"@id":"https:\/\/www.strassenweb.de\/nachrichten\/#website"},"primaryImageOfPage":{"@id":"https:\/\/www.strassenweb.de\/nachrichten\/meine-prioritaet-war-es-die-geschichte-dieses-eigentums-zu-ehren-wie-dieser-designer-ein-edwardian-juwel-von-1904-nahm-und-es-in-ein-zeitloses-familienhaus-verwandelte\/#primaryimage"},"image":{"@id":"https:\/\/www.strassenweb.de\/nachrichten\/meine-prioritaet-war-es-die-geschichte-dieses-eigentums-zu-ehren-wie-dieser-designer-ein-edwardian-juwel-von-1904-nahm-und-es-in-ein-zeitloses-familienhaus-verwandelte\/#primaryimage"},"thumbnailUrl":"https:\/\/www.strassenweb.de\/nachrichten\/wp-content\/uploads\/2025\/08\/Meine-Prioritaet-war-es-die-Geschichte-dieses-Eigentums-zu-ehren.jpg","datePublished":"2025-08-05T11:39:29+00:00","dateModified":"2025-08-05T11:39:30+00:00","breadcrumb":{"@id":"https:\/\/www.strassenweb.de\/nachrichten\/meine-prioritaet-war-es-die-geschichte-dieses-eigentums-zu-ehren-wie-dieser-designer-ein-edwardian-juwel-von-1904-nahm-und-es-in-ein-zeitloses-familienhaus-verwandelte\/#breadcrumb"},"inLanguage":"de","potentialAction":[{"@type":"ReadAction","target":["https:\/\/www.strassenweb.de\/nachrichten\/meine-prioritaet-war-es-die-geschichte-dieses-eigentums-zu-ehren-wie-dieser-designer-ein-edwardian-juwel-von-1904-nahm-und-es-in-ein-zeitloses-familienhaus-verwandelte\/"]}]},{"@type":"ImageObject","inLanguage":"de","@id":"https:\/\/www.strassenweb.de\/nachrichten\/meine-prioritaet-war-es-die-geschichte-dieses-eigentums-zu-ehren-wie-dieser-designer-ein-edwardian-juwel-von-1904-nahm-und-es-in-ein-zeitloses-familienhaus-verwandelte\/#primaryimage","url":"https:\/\/www.strassenweb.de\/nachrichten\/wp-content\/uploads\/2025\/08\/Meine-Prioritaet-war-es-die-Geschichte-dieses-Eigentums-zu-ehren.jpg","contentUrl":"https:\/\/www.strassenweb.de\/nachrichten\/wp-content\/uploads\/2025\/08\/Meine-Prioritaet-war-es-die-Geschichte-dieses-Eigentums-zu-ehren.jpg","width":1600,"height":900,"caption":"dining room with blue mural walls and paneled ceiling"},{"@type":"BreadcrumbList","@id":"https:\/\/www.strassenweb.de\/nachrichten\/meine-prioritaet-war-es-die-geschichte-dieses-eigentums-zu-ehren-wie-dieser-designer-ein-edwardian-juwel-von-1904-nahm-und-es-in-ein-zeitloses-familienhaus-verwandelte\/#breadcrumb","itemListElement":[{"@type":"ListItem","position":1,"name":"Home","item":"https:\/\/www.strassenweb.de\/nachrichten\/"},{"@type":"ListItem","position":2,"name":"&#8222;Meine Priorit\u00e4t war es, die Geschichte dieses Eigentums zu ehren&#8220; &#8211; wie dieser Designer ein Edwardian -Juwel von 1904 nahm und es in ein zeitloses Familienhaus verwandelte"}]},{"@type":"WebSite","@id":"https:\/\/www.strassenweb.de\/nachrichten\/#website","url":"https:\/\/www.strassenweb.de\/nachrichten\/","name":"Stra\u00dfenweb","description":"Stra\u00dfenverzeichnis f\u00fcr Deutschland","publisher":{"@id":"https:\/\/www.strassenweb.de\/nachrichten\/#organization"},"potentialAction":[{"@type":"SearchAction","target":{"@type":"EntryPoint","urlTemplate":"https:\/\/www.strassenweb.de\/nachrichten\/?s={search_term_string}"},"query-input":{"@type":"PropertyValueSpecification","valueRequired":true,"valueName":"search_term_string"}}],"inLanguage":"de"},{"@type":"Organization","@id":"https:\/\/www.strassenweb.de\/nachrichten\/#organization","name":"Stra\u00dfenweb","url":"https:\/\/www.strassenweb.de\/nachrichten\/","logo":{"@type":"ImageObject","inLanguage":"de","@id":"https:\/\/www.strassenweb.de\/nachrichten\/#\/schema\/logo\/image\/","url":"https:\/\/www.strassenweb.de\/nachrichten\/wp-content\/uploads\/2024\/09\/cropped-favicon.png","contentUrl":"https:\/\/www.strassenweb.de\/nachrichten\/wp-content\/uploads\/2024\/09\/cropped-favicon.png","width":512,"height":512,"caption":"Stra\u00dfenweb"},"image":{"@id":"https:\/\/www.strassenweb.de\/nachrichten\/#\/schema\/logo\/image\/"},"sameAs":["https:\/\/www.facebook.com\/strassenweb\/"]},{"@type":"Person","@id":"https:\/\/www.strassenweb.de\/nachrichten\/#\/schema\/person\/87c9c9067f1211da429a744dc5a5aa41","name":"Robert Hoffmann","image":{"@type":"ImageObject","inLanguage":"de","@id":"https:\/\/www.strassenweb.de\/nachrichten\/wp-content\/uploads\/2024\/09\/strassenweb-150x150.jpg","url":"https:\/\/www.strassenweb.de\/nachrichten\/wp-content\/uploads\/2024\/09\/strassenweb-150x150.jpg","contentUrl":"https:\/\/www.strassenweb.de\/nachrichten\/wp-content\/uploads\/2024\/09\/strassenweb-150x150.jpg","caption":"Robert Hoffmann"},"description":"Ich hei\u00dfe Robert Hoffmann und ich bin ein leidenschaftlicher Verfechter von \u00d6kologie und Biodiversit\u00e4t. Seit meiner Kindheit in den W\u00e4ldern Bayerns f\u00fchle ich mich mit der Natur verbunden und bin entschlossen, sie zu sch\u00fctzen. Heute widme ich mein Leben der Sensibilisierung anderer f\u00fcr die Bedeutung des Umweltschutzes f\u00fcr zuk\u00fcnftige Generationen.","sameAs":["https:\/\/www.strassenweb.de\/"]}]}},"_links":{"self":[{"href":"https:\/\/www.strassenweb.de\/nachrichten\/wp-json\/wp\/v2\/posts\/6713","targetHints":{"allow":["GET"]}}],"collection":[{"href":"https:\/\/www.strassenweb.de\/nachrichten\/wp-json\/wp\/v2\/posts"}],"about":[{"href":"https:\/\/www.strassenweb.de\/nachrichten\/wp-json\/wp\/v2\/types\/post"}],"author":[{"embeddable":true,"href":"https:\/\/www.strassenweb.de\/nachrichten\/wp-json\/wp\/v2\/users\/1"}],"replies":[{"embeddable":true,"href":"https:\/\/www.strassenweb.de\/nachrichten\/wp-json\/wp\/v2\/comments?post=6713"}],"version-history":[{"count":0,"href":"https:\/\/www.strassenweb.de\/nachrichten\/wp-json\/wp\/v2\/posts\/6713\/revisions"}],"wp:featuredmedia":[{"embeddable":true,"href":"https:\/\/www.strassenweb.de\/nachrichten\/wp-json\/wp\/v2\/media\/6714"}],"wp:attachment":[{"href":"https:\/\/www.strassenweb.de\/nachrichten\/wp-json\/wp\/v2\/media?parent=6713"}],"wp:term":[{"taxonomy":"category","embeddable":true,"href":"https:\/\/www.strassenweb.de\/nachrichten\/wp-json\/wp\/v2\/categories?post=6713"},{"taxonomy":"post_tag","embeddable":true,"href":"https:\/\/www.strassenweb.de\/nachrichten\/wp-json\/wp\/v2\/tags?post=6713"}],"curies":[{"name":"wp","href":"https:\/\/api.w.org\/{rel}","templated":true}]}}