{"id":6693,"date":"2025-08-04T16:39:14","date_gmt":"2025-08-04T14:39:14","guid":{"rendered":"https:\/\/www.strassenweb.de\/nachrichten\/ich-weiss-nicht-wie-sie-es-machen-aber-ich-werde-es-nicht-in-frage-stellen-drew-barrymore-sagt\/"},"modified":"2025-08-04T16:39:15","modified_gmt":"2025-08-04T14:39:15","slug":"ich-weiss-nicht-wie-sie-es-machen-aber-ich-werde-es-nicht-in-frage-stellen-drew-barrymore-sagt","status":"publish","type":"post","link":"https:\/\/www.strassenweb.de\/nachrichten\/ich-weiss-nicht-wie-sie-es-machen-aber-ich-werde-es-nicht-in-frage-stellen-drew-barrymore-sagt\/","title":{"rendered":"&#8222;Ich wei\u00df nicht, wie sie es machen, aber ich werde es nicht in Frage stellen&#8220;: Drew Barrymore sagt"},"content":{"rendered":"<p><\/p>\n<div id=\"article-body\" class=\"article__body \">\n<p>Drew Barrymore kann es gewohnt sein, unsere kulinarischen Gewohnheiten zu formen und unsere Wohnr\u00e4ume mit zu verbessern <em>Das<\/em> Boucle Stuhl (\u00fcber ihre sch\u00f6ne Reichweite), aber ihr Einfluss betrat gerade das Schlafzimmer.<\/p>\n<div id=\"ad-unit-1\" class=\"ad-unit\"><\/div>\n<p>Im November im November f\u00fcgte die Schauspielerin ihren bereits-attraktiven Lebenslauf den Titel &#8222;Sleep Wellness Advocate&#8220; hinzu, nachdem sie sich mit der Bettw\u00e4sche-Unternehmenruhe zusammengeschlossen hatte. Zu dieser Zeit k\u00fcndigte Drew ihre an <u>Evercool Cooling Tr\u00f6ster<\/u> Hatte &#8222;wirklich verbessert (ihr) Leben&#8220; und neun Monate sp\u00e4ter ist sie genauso kostenlos \u00fcber ihre Bettlaken und Bettdecken.<\/p>\n<aside data-block-type=\"embed\" data-render-type=\"fte\" data-skip=\"dealsy\" data-widget-type=\"seasonal\" class=\"hawk-base\"><\/aside>\n<p>\u201eF\u00fcr den Fall, dass ich es nicht klar gemacht habe, liebe ich Ruhe. Ihre k\u00fchlenden Bettdecken und Bl\u00e4tter ver\u00e4ndern sich. Besonders jetzt, wo es so hei\u00df ist. Sie sind so cool und bequem und bleiben die ganze Nacht so. Ich wei\u00df nicht, wie sie es machen, aber ich werde es nicht in Frage stellen, &#8222;teilte sie \u00fcber Instagram.&#8220;<\/p>\n<div class=\"van_vid_carousel\">\n<div class=\"van_vid_carousel__padding\">\n<div class=\"van_vid_carousel__container\"><\/div>\n<\/div>\n<\/div>\n<p>Drew k\u00f6nnte unweigerlich die besten Luxus -Bettw\u00e4sche auf dem Markt haben, sodass ihre Liebe zur Ruhe (was \u00fcberraschend zug\u00e4nglich ist) willkommene Neuigkeiten. Das Befolgen ihres Beispiels k\u00f6nnte sich nur \u00e4ndern, wie Sie f\u00fcr immer schlafen, zumal wir immer noch mit hei\u00dfen Sommern\u00e4chten k\u00e4mpfen. Wir sind uns jedoch sicher, dass diese Bl\u00e4tter genauso vielseitig f\u00fcr den Herbst und dar\u00fcber hinaus sind.<\/p>\n<div id=\"ad-unit-2\" class=\"ad-unit\"><\/div>\n<div class=\"product-container hero-product-container product-block-no-wrap\">\n<div class=\"product-block-row\"><\/div>\n<div class=\"product-block-row\"><\/div>\n<div class=\"product-block-row\"><\/div>\n<div class=\"product-block-row\"><\/div>\n<div class=\"product-block-row\"><\/div>\n<div class=\"product-block-row\"><\/div>\n<\/div>\n<div class=\"instagram-embed\">\n<blockquote class=\"instagram-media\" data-instgrm-captioned data-instgrm-version=\"6\" style=\"width:99.375%; width:-webkit-calc(100% - 2px); width:calc(100% - 2px);\">\n<p>Ein Beitrag, der von Drew Barrymore (@DrewBarrymore) geteilt wird<\/p>\n<p>Ein Foto von on <\/p>\n<\/blockquote>\n<\/div>\n<div class=\"min-h-(270px) mb-4\" id=\"viafoura-engagement-starter-wrapper\" data-component-name=\"Elk:Embed:EngagementStarter\">\n<div class=\"viafoura\">\n<vf-conversation-starter target=\"viafoura-comments\" minimum-comment-count=\"1\"><br \/>\n<\/vf-conversation-starter>\n<\/div>\n<\/div>\n<div id=\"slice-container-newsletterForm-articleInbodyContent-q7TKtDokcXnczV6p6qgAKb\" class=\"slice-container newsletter-inbodyContent-slice newsletterForm-articleInbodyContent-q7TKtDokcXnczV6p6qgAKb slice-container-newsletterForm\"><\/div>\n<div class=\"block\" id=\"articleTag\" data-component-name=\"PostArticleLinks\">\n<div class=\"border-b border-b-black border-solid py-2.5 text-black font-bold uppercase\">Themen<\/div>\n<nav class=\"py-2.5 flex gap-2.5 flex-wrap\" data-analytics-id=\"article-tag\">\n<p>Drew Barrymore<br \/>\n<\/nav>\n<\/div>\n<\/div>\n<p><script async src=\"\/\/www.instagram.com\/embed.js\"><\/script><\/p>\n","protected":false},"excerpt":{"rendered":"<p>Drew Barrymore kann es gewohnt sein, unsere kulinarischen Gewohnheiten zu formen und unsere Wohnr\u00e4ume mit zu verbessern Das Boucle Stuhl (\u00fcber ihre sch\u00f6ne Reichweite), aber<\/p>\n","protected":false},"author":1,"featured_media":6694,"comment_status":"closed","ping_status":"","sticky":false,"template":"","format":"standard","meta":{"footnotes":""},"categories":[118],"tags":[357,1757,1756,9124,129,410,61,1175,165,1642,482,1865,26],"class_list":["post-6693","post","type-post","status-publish","format-standard","has-post-thumbnail","hentry","category-haus-garten","tag-aber","tag-barrymore","tag-drew","tag-frage","tag-ich","tag-machen","tag-nicht","tag-sagt","tag-sie","tag-stellen","tag-weiss","tag-werde","tag-wie","generate-columns","tablet-grid-50","mobile-grid-100","grid-parent","grid-50"],"yoast_head":"<!-- This site is optimized with the Yoast SEO plugin v27.3 - https:\/\/yoast.com\/product\/yoast-seo-wordpress\/ -->\n<title>&quot;Ich wei\u00df nicht, wie sie es machen, aber ich werde es nicht in Frage stellen&quot;: Drew Barrymore sagt - Nachrichten - Stra\u00dfenweb<\/title>\n<meta name=\"robots\" content=\"index, follow, max-snippet:-1, max-image-preview:large, max-video-preview:-1\" \/>\n<link rel=\"canonical\" href=\"https:\/\/www.strassenweb.de\/nachrichten\/ich-weiss-nicht-wie-sie-es-machen-aber-ich-werde-es-nicht-in-frage-stellen-drew-barrymore-sagt\/\" \/>\n<meta property=\"og:locale\" content=\"de_DE\" \/>\n<meta property=\"og:type\" content=\"article\" \/>\n<meta property=\"og:title\" content=\"&quot;Ich wei\u00df nicht, wie sie es machen, aber ich werde es nicht in Frage stellen&quot;: Drew Barrymore sagt - Nachrichten - Stra\u00dfenweb\" \/>\n<meta property=\"og:description\" content=\"Drew Barrymore kann es gewohnt sein, unsere kulinarischen Gewohnheiten zu formen und unsere Wohnr\u00e4ume mit zu verbessern Das Boucle Stuhl (\u00fcber ihre sch\u00f6ne Reichweite), aber\" \/>\n<meta property=\"og:url\" content=\"https:\/\/www.strassenweb.de\/nachrichten\/ich-weiss-nicht-wie-sie-es-machen-aber-ich-werde-es-nicht-in-frage-stellen-drew-barrymore-sagt\/\" \/>\n<meta property=\"og:site_name\" content=\"Stra\u00dfenweb\" \/>\n<meta property=\"article:publisher\" content=\"https:\/\/www.facebook.com\/strassenweb\/\" \/>\n<meta property=\"article:published_time\" content=\"2025-08-04T14:39:14+00:00\" \/>\n<meta property=\"article:modified_time\" content=\"2025-08-04T14:39:15+00:00\" \/>\n<meta property=\"og:image\" content=\"https:\/\/www.strassenweb.de\/nachrichten\/wp-content\/uploads\/2025\/06\/FTcvKp2d7Jwpwf8nQmnCEC.jpg\" \/>\n\t<meta property=\"og:image:width\" content=\"1600\" \/>\n\t<meta property=\"og:image:height\" content=\"1000\" \/>\n\t<meta property=\"og:image:type\" content=\"image\/jpeg\" \/>\n<meta name=\"author\" content=\"Robert Hoffmann\" \/>\n<meta name=\"twitter:card\" content=\"summary_large_image\" \/>\n<meta name=\"twitter:label1\" content=\"Verfasst von\" \/>\n\t<meta name=\"twitter:data1\" content=\"Robert Hoffmann\" \/>\n\t<meta name=\"twitter:label2\" content=\"Gesch\u00e4tzte Lesezeit\" \/>\n\t<meta name=\"twitter:data2\" content=\"1\u00a0Minute\" \/>\n<script type=\"application\/ld+json\" class=\"yoast-schema-graph\">{\"@context\":\"https:\\\/\\\/schema.org\",\"@graph\":[{\"@type\":\"Article\",\"@id\":\"https:\\\/\\\/www.strassenweb.de\\\/nachrichten\\\/ich-weiss-nicht-wie-sie-es-machen-aber-ich-werde-es-nicht-in-frage-stellen-drew-barrymore-sagt\\\/#article\",\"isPartOf\":{\"@id\":\"https:\\\/\\\/www.strassenweb.de\\\/nachrichten\\\/ich-weiss-nicht-wie-sie-es-machen-aber-ich-werde-es-nicht-in-frage-stellen-drew-barrymore-sagt\\\/\"},\"author\":{\"name\":\"Robert Hoffmann\",\"@id\":\"https:\\\/\\\/www.strassenweb.de\\\/nachrichten\\\/#\\\/schema\\\/person\\\/87c9c9067f1211da429a744dc5a5aa41\"},\"headline\":\"&#8222;Ich wei\u00df nicht, wie sie es machen, aber ich werde es nicht in Frage stellen&#8220;: Drew Barrymore sagt\",\"datePublished\":\"2025-08-04T14:39:14+00:00\",\"dateModified\":\"2025-08-04T14:39:15+00:00\",\"mainEntityOfPage\":{\"@id\":\"https:\\\/\\\/www.strassenweb.de\\\/nachrichten\\\/ich-weiss-nicht-wie-sie-es-machen-aber-ich-werde-es-nicht-in-frage-stellen-drew-barrymore-sagt\\\/\"},\"wordCount\":257,\"publisher\":{\"@id\":\"https:\\\/\\\/www.strassenweb.de\\\/nachrichten\\\/#organization\"},\"image\":{\"@id\":\"https:\\\/\\\/www.strassenweb.de\\\/nachrichten\\\/ich-weiss-nicht-wie-sie-es-machen-aber-ich-werde-es-nicht-in-frage-stellen-drew-barrymore-sagt\\\/#primaryimage\"},\"thumbnailUrl\":\"https:\\\/\\\/www.strassenweb.de\\\/nachrichten\\\/wp-content\\\/uploads\\\/2025\\\/06\\\/FTcvKp2d7Jwpwf8nQmnCEC.jpg\",\"keywords\":[\"aber\",\"Barrymore\",\"Drew\",\"Frage\",\"ich\",\"machen\",\"nicht\",\"sagt\",\"Sie\",\"stellen\",\"wei\u00df\",\"werde\",\"Wie\"],\"articleSection\":[\"Haus &amp; Garten\"],\"inLanguage\":\"de\"},{\"@type\":\"WebPage\",\"@id\":\"https:\\\/\\\/www.strassenweb.de\\\/nachrichten\\\/ich-weiss-nicht-wie-sie-es-machen-aber-ich-werde-es-nicht-in-frage-stellen-drew-barrymore-sagt\\\/\",\"url\":\"https:\\\/\\\/www.strassenweb.de\\\/nachrichten\\\/ich-weiss-nicht-wie-sie-es-machen-aber-ich-werde-es-nicht-in-frage-stellen-drew-barrymore-sagt\\\/\",\"name\":\"\\\"Ich wei\u00df nicht, wie sie es machen, aber ich werde es nicht in Frage stellen\\\": Drew Barrymore sagt - Nachrichten - Stra\u00dfenweb\",\"isPartOf\":{\"@id\":\"https:\\\/\\\/www.strassenweb.de\\\/nachrichten\\\/#website\"},\"primaryImageOfPage\":{\"@id\":\"https:\\\/\\\/www.strassenweb.de\\\/nachrichten\\\/ich-weiss-nicht-wie-sie-es-machen-aber-ich-werde-es-nicht-in-frage-stellen-drew-barrymore-sagt\\\/#primaryimage\"},\"image\":{\"@id\":\"https:\\\/\\\/www.strassenweb.de\\\/nachrichten\\\/ich-weiss-nicht-wie-sie-es-machen-aber-ich-werde-es-nicht-in-frage-stellen-drew-barrymore-sagt\\\/#primaryimage\"},\"thumbnailUrl\":\"https:\\\/\\\/www.strassenweb.de\\\/nachrichten\\\/wp-content\\\/uploads\\\/2025\\\/06\\\/FTcvKp2d7Jwpwf8nQmnCEC.jpg\",\"datePublished\":\"2025-08-04T14:39:14+00:00\",\"dateModified\":\"2025-08-04T14:39:15+00:00\",\"breadcrumb\":{\"@id\":\"https:\\\/\\\/www.strassenweb.de\\\/nachrichten\\\/ich-weiss-nicht-wie-sie-es-machen-aber-ich-werde-es-nicht-in-frage-stellen-drew-barrymore-sagt\\\/#breadcrumb\"},\"inLanguage\":\"de\",\"potentialAction\":[{\"@type\":\"ReadAction\",\"target\":[\"https:\\\/\\\/www.strassenweb.de\\\/nachrichten\\\/ich-weiss-nicht-wie-sie-es-machen-aber-ich-werde-es-nicht-in-frage-stellen-drew-barrymore-sagt\\\/\"]}]},{\"@type\":\"ImageObject\",\"inLanguage\":\"de\",\"@id\":\"https:\\\/\\\/www.strassenweb.de\\\/nachrichten\\\/ich-weiss-nicht-wie-sie-es-machen-aber-ich-werde-es-nicht-in-frage-stellen-drew-barrymore-sagt\\\/#primaryimage\",\"url\":\"https:\\\/\\\/www.strassenweb.de\\\/nachrichten\\\/wp-content\\\/uploads\\\/2025\\\/06\\\/FTcvKp2d7Jwpwf8nQmnCEC.jpg\",\"contentUrl\":\"https:\\\/\\\/www.strassenweb.de\\\/nachrichten\\\/wp-content\\\/uploads\\\/2025\\\/06\\\/FTcvKp2d7Jwpwf8nQmnCEC.jpg\",\"width\":1600,\"height\":1000,\"caption\":\"Drew Barrymore\"},{\"@type\":\"BreadcrumbList\",\"@id\":\"https:\\\/\\\/www.strassenweb.de\\\/nachrichten\\\/ich-weiss-nicht-wie-sie-es-machen-aber-ich-werde-es-nicht-in-frage-stellen-drew-barrymore-sagt\\\/#breadcrumb\",\"itemListElement\":[{\"@type\":\"ListItem\",\"position\":1,\"name\":\"Home\",\"item\":\"https:\\\/\\\/www.strassenweb.de\\\/nachrichten\\\/\"},{\"@type\":\"ListItem\",\"position\":2,\"name\":\"&#8222;Ich wei\u00df nicht, wie sie es machen, aber ich werde es nicht in Frage stellen&#8220;: Drew Barrymore sagt\"}]},{\"@type\":\"WebSite\",\"@id\":\"https:\\\/\\\/www.strassenweb.de\\\/nachrichten\\\/#website\",\"url\":\"https:\\\/\\\/www.strassenweb.de\\\/nachrichten\\\/\",\"name\":\"Stra\u00dfenweb\",\"description\":\"Stra\u00dfenverzeichnis f\u00fcr Deutschland\",\"publisher\":{\"@id\":\"https:\\\/\\\/www.strassenweb.de\\\/nachrichten\\\/#organization\"},\"potentialAction\":[{\"@type\":\"SearchAction\",\"target\":{\"@type\":\"EntryPoint\",\"urlTemplate\":\"https:\\\/\\\/www.strassenweb.de\\\/nachrichten\\\/?s={search_term_string}\"},\"query-input\":{\"@type\":\"PropertyValueSpecification\",\"valueRequired\":true,\"valueName\":\"search_term_string\"}}],\"inLanguage\":\"de\"},{\"@type\":\"Organization\",\"@id\":\"https:\\\/\\\/www.strassenweb.de\\\/nachrichten\\\/#organization\",\"name\":\"Stra\u00dfenweb\",\"url\":\"https:\\\/\\\/www.strassenweb.de\\\/nachrichten\\\/\",\"logo\":{\"@type\":\"ImageObject\",\"inLanguage\":\"de\",\"@id\":\"https:\\\/\\\/www.strassenweb.de\\\/nachrichten\\\/#\\\/schema\\\/logo\\\/image\\\/\",\"url\":\"https:\\\/\\\/www.strassenweb.de\\\/nachrichten\\\/wp-content\\\/uploads\\\/2024\\\/09\\\/cropped-favicon.png\",\"contentUrl\":\"https:\\\/\\\/www.strassenweb.de\\\/nachrichten\\\/wp-content\\\/uploads\\\/2024\\\/09\\\/cropped-favicon.png\",\"width\":512,\"height\":512,\"caption\":\"Stra\u00dfenweb\"},\"image\":{\"@id\":\"https:\\\/\\\/www.strassenweb.de\\\/nachrichten\\\/#\\\/schema\\\/logo\\\/image\\\/\"},\"sameAs\":[\"https:\\\/\\\/www.facebook.com\\\/strassenweb\\\/\"]},{\"@type\":\"Person\",\"@id\":\"https:\\\/\\\/www.strassenweb.de\\\/nachrichten\\\/#\\\/schema\\\/person\\\/87c9c9067f1211da429a744dc5a5aa41\",\"name\":\"Robert Hoffmann\",\"image\":{\"@type\":\"ImageObject\",\"inLanguage\":\"de\",\"@id\":\"https:\\\/\\\/www.strassenweb.de\\\/nachrichten\\\/wp-content\\\/uploads\\\/2024\\\/09\\\/strassenweb-150x150.jpg\",\"url\":\"https:\\\/\\\/www.strassenweb.de\\\/nachrichten\\\/wp-content\\\/uploads\\\/2024\\\/09\\\/strassenweb-150x150.jpg\",\"contentUrl\":\"https:\\\/\\\/www.strassenweb.de\\\/nachrichten\\\/wp-content\\\/uploads\\\/2024\\\/09\\\/strassenweb-150x150.jpg\",\"caption\":\"Robert Hoffmann\"},\"description\":\"Ich hei\u00dfe Robert Hoffmann und ich bin ein leidenschaftlicher Verfechter von \u00d6kologie und Biodiversit\u00e4t. Seit meiner Kindheit in den W\u00e4ldern Bayerns f\u00fchle ich mich mit der Natur verbunden und bin entschlossen, sie zu sch\u00fctzen. Heute widme ich mein Leben der Sensibilisierung anderer f\u00fcr die Bedeutung des Umweltschutzes f\u00fcr zuk\u00fcnftige Generationen.\",\"sameAs\":[\"https:\\\/\\\/www.strassenweb.de\\\/\"]}]}<\/script>\n<!-- \/ Yoast SEO plugin. -->","yoast_head_json":{"title":"\"Ich wei\u00df nicht, wie sie es machen, aber ich werde es nicht in Frage stellen\": Drew Barrymore sagt - Nachrichten - Stra\u00dfenweb","robots":{"index":"index","follow":"follow","max-snippet":"max-snippet:-1","max-image-preview":"max-image-preview:large","max-video-preview":"max-video-preview:-1"},"canonical":"https:\/\/www.strassenweb.de\/nachrichten\/ich-weiss-nicht-wie-sie-es-machen-aber-ich-werde-es-nicht-in-frage-stellen-drew-barrymore-sagt\/","og_locale":"de_DE","og_type":"article","og_title":"\"Ich wei\u00df nicht, wie sie es machen, aber ich werde es nicht in Frage stellen\": Drew Barrymore sagt - Nachrichten - Stra\u00dfenweb","og_description":"Drew Barrymore kann es gewohnt sein, unsere kulinarischen Gewohnheiten zu formen und unsere Wohnr\u00e4ume mit zu verbessern Das Boucle Stuhl (\u00fcber ihre sch\u00f6ne Reichweite), aber","og_url":"https:\/\/www.strassenweb.de\/nachrichten\/ich-weiss-nicht-wie-sie-es-machen-aber-ich-werde-es-nicht-in-frage-stellen-drew-barrymore-sagt\/","og_site_name":"Stra\u00dfenweb","article_publisher":"https:\/\/www.facebook.com\/strassenweb\/","article_published_time":"2025-08-04T14:39:14+00:00","article_modified_time":"2025-08-04T14:39:15+00:00","og_image":[{"width":1600,"height":1000,"url":"https:\/\/www.strassenweb.de\/nachrichten\/wp-content\/uploads\/2025\/06\/FTcvKp2d7Jwpwf8nQmnCEC.jpg","type":"image\/jpeg"}],"author":"Robert Hoffmann","twitter_card":"summary_large_image","twitter_misc":{"Verfasst von":"Robert Hoffmann","Gesch\u00e4tzte Lesezeit":"1\u00a0Minute"},"schema":{"@context":"https:\/\/schema.org","@graph":[{"@type":"Article","@id":"https:\/\/www.strassenweb.de\/nachrichten\/ich-weiss-nicht-wie-sie-es-machen-aber-ich-werde-es-nicht-in-frage-stellen-drew-barrymore-sagt\/#article","isPartOf":{"@id":"https:\/\/www.strassenweb.de\/nachrichten\/ich-weiss-nicht-wie-sie-es-machen-aber-ich-werde-es-nicht-in-frage-stellen-drew-barrymore-sagt\/"},"author":{"name":"Robert Hoffmann","@id":"https:\/\/www.strassenweb.de\/nachrichten\/#\/schema\/person\/87c9c9067f1211da429a744dc5a5aa41"},"headline":"&#8222;Ich wei\u00df nicht, wie sie es machen, aber ich werde es nicht in Frage stellen&#8220;: Drew Barrymore sagt","datePublished":"2025-08-04T14:39:14+00:00","dateModified":"2025-08-04T14:39:15+00:00","mainEntityOfPage":{"@id":"https:\/\/www.strassenweb.de\/nachrichten\/ich-weiss-nicht-wie-sie-es-machen-aber-ich-werde-es-nicht-in-frage-stellen-drew-barrymore-sagt\/"},"wordCount":257,"publisher":{"@id":"https:\/\/www.strassenweb.de\/nachrichten\/#organization"},"image":{"@id":"https:\/\/www.strassenweb.de\/nachrichten\/ich-weiss-nicht-wie-sie-es-machen-aber-ich-werde-es-nicht-in-frage-stellen-drew-barrymore-sagt\/#primaryimage"},"thumbnailUrl":"https:\/\/www.strassenweb.de\/nachrichten\/wp-content\/uploads\/2025\/06\/FTcvKp2d7Jwpwf8nQmnCEC.jpg","keywords":["aber","Barrymore","Drew","Frage","ich","machen","nicht","sagt","Sie","stellen","wei\u00df","werde","Wie"],"articleSection":["Haus &amp; Garten"],"inLanguage":"de"},{"@type":"WebPage","@id":"https:\/\/www.strassenweb.de\/nachrichten\/ich-weiss-nicht-wie-sie-es-machen-aber-ich-werde-es-nicht-in-frage-stellen-drew-barrymore-sagt\/","url":"https:\/\/www.strassenweb.de\/nachrichten\/ich-weiss-nicht-wie-sie-es-machen-aber-ich-werde-es-nicht-in-frage-stellen-drew-barrymore-sagt\/","name":"\"Ich wei\u00df nicht, wie sie es machen, aber ich werde es nicht in Frage stellen\": Drew Barrymore sagt - Nachrichten - Stra\u00dfenweb","isPartOf":{"@id":"https:\/\/www.strassenweb.de\/nachrichten\/#website"},"primaryImageOfPage":{"@id":"https:\/\/www.strassenweb.de\/nachrichten\/ich-weiss-nicht-wie-sie-es-machen-aber-ich-werde-es-nicht-in-frage-stellen-drew-barrymore-sagt\/#primaryimage"},"image":{"@id":"https:\/\/www.strassenweb.de\/nachrichten\/ich-weiss-nicht-wie-sie-es-machen-aber-ich-werde-es-nicht-in-frage-stellen-drew-barrymore-sagt\/#primaryimage"},"thumbnailUrl":"https:\/\/www.strassenweb.de\/nachrichten\/wp-content\/uploads\/2025\/06\/FTcvKp2d7Jwpwf8nQmnCEC.jpg","datePublished":"2025-08-04T14:39:14+00:00","dateModified":"2025-08-04T14:39:15+00:00","breadcrumb":{"@id":"https:\/\/www.strassenweb.de\/nachrichten\/ich-weiss-nicht-wie-sie-es-machen-aber-ich-werde-es-nicht-in-frage-stellen-drew-barrymore-sagt\/#breadcrumb"},"inLanguage":"de","potentialAction":[{"@type":"ReadAction","target":["https:\/\/www.strassenweb.de\/nachrichten\/ich-weiss-nicht-wie-sie-es-machen-aber-ich-werde-es-nicht-in-frage-stellen-drew-barrymore-sagt\/"]}]},{"@type":"ImageObject","inLanguage":"de","@id":"https:\/\/www.strassenweb.de\/nachrichten\/ich-weiss-nicht-wie-sie-es-machen-aber-ich-werde-es-nicht-in-frage-stellen-drew-barrymore-sagt\/#primaryimage","url":"https:\/\/www.strassenweb.de\/nachrichten\/wp-content\/uploads\/2025\/06\/FTcvKp2d7Jwpwf8nQmnCEC.jpg","contentUrl":"https:\/\/www.strassenweb.de\/nachrichten\/wp-content\/uploads\/2025\/06\/FTcvKp2d7Jwpwf8nQmnCEC.jpg","width":1600,"height":1000,"caption":"Drew Barrymore"},{"@type":"BreadcrumbList","@id":"https:\/\/www.strassenweb.de\/nachrichten\/ich-weiss-nicht-wie-sie-es-machen-aber-ich-werde-es-nicht-in-frage-stellen-drew-barrymore-sagt\/#breadcrumb","itemListElement":[{"@type":"ListItem","position":1,"name":"Home","item":"https:\/\/www.strassenweb.de\/nachrichten\/"},{"@type":"ListItem","position":2,"name":"&#8222;Ich wei\u00df nicht, wie sie es machen, aber ich werde es nicht in Frage stellen&#8220;: Drew Barrymore sagt"}]},{"@type":"WebSite","@id":"https:\/\/www.strassenweb.de\/nachrichten\/#website","url":"https:\/\/www.strassenweb.de\/nachrichten\/","name":"Stra\u00dfenweb","description":"Stra\u00dfenverzeichnis f\u00fcr Deutschland","publisher":{"@id":"https:\/\/www.strassenweb.de\/nachrichten\/#organization"},"potentialAction":[{"@type":"SearchAction","target":{"@type":"EntryPoint","urlTemplate":"https:\/\/www.strassenweb.de\/nachrichten\/?s={search_term_string}"},"query-input":{"@type":"PropertyValueSpecification","valueRequired":true,"valueName":"search_term_string"}}],"inLanguage":"de"},{"@type":"Organization","@id":"https:\/\/www.strassenweb.de\/nachrichten\/#organization","name":"Stra\u00dfenweb","url":"https:\/\/www.strassenweb.de\/nachrichten\/","logo":{"@type":"ImageObject","inLanguage":"de","@id":"https:\/\/www.strassenweb.de\/nachrichten\/#\/schema\/logo\/image\/","url":"https:\/\/www.strassenweb.de\/nachrichten\/wp-content\/uploads\/2024\/09\/cropped-favicon.png","contentUrl":"https:\/\/www.strassenweb.de\/nachrichten\/wp-content\/uploads\/2024\/09\/cropped-favicon.png","width":512,"height":512,"caption":"Stra\u00dfenweb"},"image":{"@id":"https:\/\/www.strassenweb.de\/nachrichten\/#\/schema\/logo\/image\/"},"sameAs":["https:\/\/www.facebook.com\/strassenweb\/"]},{"@type":"Person","@id":"https:\/\/www.strassenweb.de\/nachrichten\/#\/schema\/person\/87c9c9067f1211da429a744dc5a5aa41","name":"Robert Hoffmann","image":{"@type":"ImageObject","inLanguage":"de","@id":"https:\/\/www.strassenweb.de\/nachrichten\/wp-content\/uploads\/2024\/09\/strassenweb-150x150.jpg","url":"https:\/\/www.strassenweb.de\/nachrichten\/wp-content\/uploads\/2024\/09\/strassenweb-150x150.jpg","contentUrl":"https:\/\/www.strassenweb.de\/nachrichten\/wp-content\/uploads\/2024\/09\/strassenweb-150x150.jpg","caption":"Robert Hoffmann"},"description":"Ich hei\u00dfe Robert Hoffmann und ich bin ein leidenschaftlicher Verfechter von \u00d6kologie und Biodiversit\u00e4t. Seit meiner Kindheit in den W\u00e4ldern Bayerns f\u00fchle ich mich mit der Natur verbunden und bin entschlossen, sie zu sch\u00fctzen. Heute widme ich mein Leben der Sensibilisierung anderer f\u00fcr die Bedeutung des Umweltschutzes f\u00fcr zuk\u00fcnftige Generationen.","sameAs":["https:\/\/www.strassenweb.de\/"]}]}},"_links":{"self":[{"href":"https:\/\/www.strassenweb.de\/nachrichten\/wp-json\/wp\/v2\/posts\/6693","targetHints":{"allow":["GET"]}}],"collection":[{"href":"https:\/\/www.strassenweb.de\/nachrichten\/wp-json\/wp\/v2\/posts"}],"about":[{"href":"https:\/\/www.strassenweb.de\/nachrichten\/wp-json\/wp\/v2\/types\/post"}],"author":[{"embeddable":true,"href":"https:\/\/www.strassenweb.de\/nachrichten\/wp-json\/wp\/v2\/users\/1"}],"replies":[{"embeddable":true,"href":"https:\/\/www.strassenweb.de\/nachrichten\/wp-json\/wp\/v2\/comments?post=6693"}],"version-history":[{"count":0,"href":"https:\/\/www.strassenweb.de\/nachrichten\/wp-json\/wp\/v2\/posts\/6693\/revisions"}],"wp:featuredmedia":[{"embeddable":true,"href":"https:\/\/www.strassenweb.de\/nachrichten\/wp-json\/wp\/v2\/media\/6694"}],"wp:attachment":[{"href":"https:\/\/www.strassenweb.de\/nachrichten\/wp-json\/wp\/v2\/media?parent=6693"}],"wp:term":[{"taxonomy":"category","embeddable":true,"href":"https:\/\/www.strassenweb.de\/nachrichten\/wp-json\/wp\/v2\/categories?post=6693"},{"taxonomy":"post_tag","embeddable":true,"href":"https:\/\/www.strassenweb.de\/nachrichten\/wp-json\/wp\/v2\/tags?post=6693"}],"curies":[{"name":"wp","href":"https:\/\/api.w.org\/{rel}","templated":true}]}}