{"id":6690,"date":"2025-08-04T13:42:30","date_gmt":"2025-08-04T11:42:30","guid":{"rendered":"https:\/\/www.strassenweb.de\/nachrichten\/sommerween-ist-meine-neue-hybride-besessenheit-da-ich-einfach-nicht-bis-oktober-warten-kann-um-meinen-lieblingsurlaub-zu-feiern\/"},"modified":"2025-08-04T13:42:31","modified_gmt":"2025-08-04T11:42:31","slug":"sommerween-ist-meine-neue-hybride-besessenheit-da-ich-einfach-nicht-bis-oktober-warten-kann-um-meinen-lieblingsurlaub-zu-feiern","status":"publish","type":"post","link":"https:\/\/www.strassenweb.de\/nachrichten\/sommerween-ist-meine-neue-hybride-besessenheit-da-ich-einfach-nicht-bis-oktober-warten-kann-um-meinen-lieblingsurlaub-zu-feiern\/","title":{"rendered":"Sommerween ist meine neue hybride Besessenheit &#8211; da ich einfach nicht bis Oktober warten kann, um meinen Lieblingsurlaub zu feiern"},"content":{"rendered":"<p><\/p>\n<div id=\"article-body\" class=\"article__body \">\n<p>Wenn der Oktober im Gange und Herbst im Gange ist, kann es f\u00fcr Halloween -Dekorationsideen etwas sp\u00e4t sein. Ich habe es satt, es bis zur letzten Minute zu verlassen, um festzustellen, dass die Regale kahl sind. Aber ich habe k\u00fcrzlich bemerkt, dass die Gesch\u00e4fte bereits im Juli mit Halloween -Dekor im Freien gef\u00fcllt sind. W\u00e4hrend es also etwas zu fr\u00fch erscheinen mag, um die Vorbereitung zu beginnen, kann es auch eine gute Ausrede sein, die Feierlichkeiten zu verl\u00e4ngern, aber mit einer sommerlicheren Wendung. Ich glaube, ich habe meinen neuen (inoffiziellen) Lieblingsfeiertag entdeckt: Sommerwege.<\/p>\n<div id=\"ad-unit-1\" class=\"ad-unit\"><\/div>\n<p>Es stellt sich heraus, dass das Feiern von Halloween im Sommer nicht so umstritten ist, wie Sie vielleicht denken, und es hat mir die M\u00f6glichkeit, in den gruseligen Geist zu kommen, w\u00e4hrend das Wetter immer noch ideal f\u00fcr das Hosting von Al Fresco ist. Wenn Ihr Interesse geweckt ist, ist hier alles, was Sie \u00fcber den Sommer wissen m\u00fcssen.<\/p>\n<h2 id=\"what-is-summerween-3\">Was ist Sommerwege?<\/h2>\n<figure class=\"van-image-figure inline-layout \" data-bordeaux-image-check>\n<div class=\"image-full-width-wrapper\">\n<div class=\"image-widthsetter\" style=\"max-width:2000px;\"><\/div>\n<\/div>\n<\/figure>\n<p>Wie Sie vielleicht vermutet haben, kombiniert Sommerween Sommer -Hosting mit Elementen von Halloween. Bevor Sie die dunkle, gem\u00fctliche Seite des Urlaubs mit der Ankunft von Herbst umarmen, k\u00f6nnen Sie Ihren Sommerfeierlichkeiten einen lustigen Dreh verleihen.<\/p>\n<div class=\"van_vid_carousel\">\n<div class=\"van_vid_carousel__padding\">\n<div class=\"van_vid_carousel__container\"><\/div>\n<\/div>\n<\/div>\n<aside data-block-type=\"embed\" data-render-type=\"fte\" data-skip=\"dealsy\" data-widget-type=\"seasonal\" class=\"hawk-base\"><\/aside>\n<p>Was ich am Sommer dazwischen liebe, ist nicht nur die Chance, sich den Feierlichkeiten vor dem Halle zu hingeben, sondern sie in einem anderen Kontext neu zu interpretieren-und ich habe mich wirklich in das lebendige Strandthema gestreckt. Von Pastellk\u00fcrbissen bis hin zu Halloween-inspirierten Sommercocktailrezepten hat Summerween meinem saisonalen Hosting eine v\u00f6llig neue Dimension hinzugef\u00fcgt.<\/p>\n<div id=\"ad-unit-2\" class=\"ad-unit\"><\/div>\n<h2 id=\"when-is-summerween-celebrated-3\">Wann wird der Sommer zwischen gefeiert?<\/h2>\n<figure class=\"van-image-figure inline-layout \" data-bordeaux-image-check>\n<div class=\"image-full-width-wrapper\">\n<div class=\"image-widthsetter\" style=\"max-width:2000px;\"><\/div>\n<\/div>\n<\/figure>\n<p>Summer Ween wird nicht am Single -Date gefeiert &#8211; es ist einfach eine Frage, wie fr\u00fch Sie Ihre Halloween -Feierlichkeiten beginnen m\u00f6chten. Das Konzept des Sommers wurde durch eine Episode von Disneys Animationsserie aus dem Jahr 2012 popul\u00e4r gemacht <em>Schwerkraft f\u00e4llt<\/em>. Seitdem hat es sich jedoch zu einem sommerlichen Einzelhandels- und Styling-Trend entwickelt.<\/p>\n<p>Wenn Sie nach einer Ausrede suchen, um sp\u00e4ter im Sommer eine Party zu veranstalten, k\u00f6nnte der Sommer dazwischen kein besseres Gartenparty -Thema sein. Und ein Halloween -Look wird Ihre Veranstaltung zu dieser Jahreszeit garantiert von den anderen abheben.<\/p>\n<h2 id=\"how-to-celebrate-summerween-3\">Wie man den Sommer zwischen feiert<\/h2>\n<figure class=\"van-image-figure inline-layout \" data-bordeaux-image-check>\n<div class=\"image-full-width-wrapper\">\n<div class=\"image-widthsetter\" style=\"max-width:2000px;\"><\/div>\n<\/div>\n<\/figure>\n<p>Meine Lieblingsmethode, um den Sommer zwischen ein paar DIY -Dekorationen zu feiern. Wassermelonen-Jack-O-Laternen sind meine derzeitige Besessenheit, da sie sich als auff\u00e4lliger Sommertisch-Herzst\u00fcck verdoppeln.<\/p>\n<p>Ich habe auch bei meinen Sommerversammlungen mit subtilem Halloween -Dekor experimentiert. Denken Sie an hellorange Bl\u00fctenarrangements, Halloween-Saitenleuchten und einige zur\u00fcckhaltende Zubeh\u00f6r-ich habe bereits eine Reihe von Viral Terrakotta Jack-O-Laternen von Keramik Barn f\u00fcr meine Tischscapes in Al Fresco gekauft.<\/p>\n<p>F\u00fcr einen direkteren Ansatz k\u00f6nnen Sie nat\u00fcrlich eine gruselige Poolparty mit Spielen im Freien und Halloween Floaties veranstalten oder Ihre Abendparty im Freien in eine Sommer -Aff\u00e4re mit einer Reihe von be\u00e4ngstigenden Filmen und einigen Themen -Snacks verwandeln. (Schlie\u00dflich ist es nie zu fr\u00fch, K\u00fcrbisgew\u00fcrzkekse zu backen.)<\/p>\n<p>Sie k\u00f6nnen Pumpkins auch eine sommerliche Wendung mit hawaiianischen Blumen -Leis geben, orangefarbene Cocktails mit Halloween -Accessoires erstellen oder sogar Ihre eigenen Halloween -Eispops f\u00fcr Party -Snacks herstellen, die die saisonale Fusion umfassen.<\/p>\n<h2 id=\"shop-summerween-essentials-3\">SOPPER SOMMERWEISUNGEN<\/h2>\n<div class=\"product-container hero-product-container product-block-no-wrap\">\n<div class=\"product-block-row\"><\/div>\n<div class=\"product-block-row\"><\/div>\n<div class=\"product-block-row\"><\/div>\n<div class=\"product-block-row\"><\/div>\n<div class=\"product-block-row\"><\/div>\n<div class=\"product-block-row\"><\/div>\n<\/div>\n<\/div>\n","protected":false},"excerpt":{"rendered":"<p>Wenn der Oktober im Gange und Herbst im Gange ist, kann es f\u00fcr Halloween -Dekorationsideen etwas sp\u00e4t sein. Ich habe es satt, es bis zur<\/p>\n","protected":false},"author":1,"featured_media":6691,"comment_status":"closed","ping_status":"","sticky":false,"template":"","format":"standard","meta":{"footnotes":""},"categories":[118],"tags":[8049,180,355,3894,9122,129,15,781,9123,1054,1096,108,61,2434,9121,2667],"class_list":["post-6690","post","type-post","status-publish","format-standard","has-post-thumbnail","hentry","category-haus-garten","tag-besessenheit","tag-bis","tag-einfach","tag-feiern","tag-hybride","tag-ich","tag-ist","tag-kann","tag-lieblingsurlaub","tag-meine","tag-meinen","tag-neue","tag-nicht","tag-oktober","tag-sommerween","tag-warten","generate-columns","tablet-grid-50","mobile-grid-100","grid-parent","grid-50"],"yoast_head":"<!-- This site is optimized with the Yoast SEO plugin v27.3 - https:\/\/yoast.com\/product\/yoast-seo-wordpress\/ -->\n<title>Sommerween ist meine neue hybride Besessenheit - da ich einfach nicht bis Oktober warten kann, um meinen Lieblingsurlaub zu feiern - Nachrichten - Stra\u00dfenweb<\/title>\n<meta name=\"robots\" content=\"index, follow, max-snippet:-1, max-image-preview:large, max-video-preview:-1\" \/>\n<link rel=\"canonical\" href=\"https:\/\/www.strassenweb.de\/nachrichten\/sommerween-ist-meine-neue-hybride-besessenheit-da-ich-einfach-nicht-bis-oktober-warten-kann-um-meinen-lieblingsurlaub-zu-feiern\/\" \/>\n<meta property=\"og:locale\" content=\"de_DE\" \/>\n<meta property=\"og:type\" content=\"article\" \/>\n<meta property=\"og:title\" content=\"Sommerween ist meine neue hybride Besessenheit - da ich einfach nicht bis Oktober warten kann, um meinen Lieblingsurlaub zu feiern - Nachrichten - Stra\u00dfenweb\" \/>\n<meta property=\"og:description\" content=\"Wenn der Oktober im Gange und Herbst im Gange ist, kann es f\u00fcr Halloween -Dekorationsideen etwas sp\u00e4t sein. Ich habe es satt, es bis zur\" \/>\n<meta property=\"og:url\" content=\"https:\/\/www.strassenweb.de\/nachrichten\/sommerween-ist-meine-neue-hybride-besessenheit-da-ich-einfach-nicht-bis-oktober-warten-kann-um-meinen-lieblingsurlaub-zu-feiern\/\" \/>\n<meta property=\"og:site_name\" content=\"Stra\u00dfenweb\" \/>\n<meta property=\"article:publisher\" content=\"https:\/\/www.facebook.com\/strassenweb\/\" \/>\n<meta property=\"article:published_time\" content=\"2025-08-04T11:42:30+00:00\" \/>\n<meta property=\"article:modified_time\" content=\"2025-08-04T11:42:31+00:00\" \/>\n<meta property=\"og:image\" content=\"https:\/\/www.strassenweb.de\/nachrichten\/wp-content\/uploads\/2025\/08\/Sommerween-ist-meine-neue-hybride-Besessenheit-da-ich-einfach.jpg\" \/>\n\t<meta property=\"og:image:width\" content=\"1600\" \/>\n\t<meta property=\"og:image:height\" content=\"900\" \/>\n\t<meta property=\"og:image:type\" content=\"image\/jpeg\" \/>\n<meta name=\"author\" content=\"Robert Hoffmann\" \/>\n<meta name=\"twitter:card\" content=\"summary_large_image\" \/>\n<meta name=\"twitter:label1\" content=\"Verfasst von\" \/>\n\t<meta name=\"twitter:data1\" content=\"Robert Hoffmann\" \/>\n\t<meta name=\"twitter:label2\" content=\"Gesch\u00e4tzte Lesezeit\" \/>\n\t<meta name=\"twitter:data2\" content=\"3\u00a0Minuten\" \/>\n<script type=\"application\/ld+json\" class=\"yoast-schema-graph\">{\"@context\":\"https:\\\/\\\/schema.org\",\"@graph\":[{\"@type\":\"Article\",\"@id\":\"https:\\\/\\\/www.strassenweb.de\\\/nachrichten\\\/sommerween-ist-meine-neue-hybride-besessenheit-da-ich-einfach-nicht-bis-oktober-warten-kann-um-meinen-lieblingsurlaub-zu-feiern\\\/#article\",\"isPartOf\":{\"@id\":\"https:\\\/\\\/www.strassenweb.de\\\/nachrichten\\\/sommerween-ist-meine-neue-hybride-besessenheit-da-ich-einfach-nicht-bis-oktober-warten-kann-um-meinen-lieblingsurlaub-zu-feiern\\\/\"},\"author\":{\"name\":\"Robert Hoffmann\",\"@id\":\"https:\\\/\\\/www.strassenweb.de\\\/nachrichten\\\/#\\\/schema\\\/person\\\/87c9c9067f1211da429a744dc5a5aa41\"},\"headline\":\"Sommerween ist meine neue hybride Besessenheit &#8211; da ich einfach nicht bis Oktober warten kann, um meinen Lieblingsurlaub zu feiern\",\"datePublished\":\"2025-08-04T11:42:30+00:00\",\"dateModified\":\"2025-08-04T11:42:31+00:00\",\"mainEntityOfPage\":{\"@id\":\"https:\\\/\\\/www.strassenweb.de\\\/nachrichten\\\/sommerween-ist-meine-neue-hybride-besessenheit-da-ich-einfach-nicht-bis-oktober-warten-kann-um-meinen-lieblingsurlaub-zu-feiern\\\/\"},\"wordCount\":551,\"publisher\":{\"@id\":\"https:\\\/\\\/www.strassenweb.de\\\/nachrichten\\\/#organization\"},\"image\":{\"@id\":\"https:\\\/\\\/www.strassenweb.de\\\/nachrichten\\\/sommerween-ist-meine-neue-hybride-besessenheit-da-ich-einfach-nicht-bis-oktober-warten-kann-um-meinen-lieblingsurlaub-zu-feiern\\\/#primaryimage\"},\"thumbnailUrl\":\"https:\\\/\\\/www.strassenweb.de\\\/nachrichten\\\/wp-content\\\/uploads\\\/2025\\\/08\\\/Sommerween-ist-meine-neue-hybride-Besessenheit-da-ich-einfach.jpg\",\"keywords\":[\"Besessenheit\",\"bis\",\"einfach\",\"feiern\",\"hybride\",\"ich\",\"ist\",\"kann\",\"Lieblingsurlaub\",\"meine\",\"meinen\",\"Neue\",\"nicht\",\"Oktober\",\"Sommerween\",\"warten\"],\"articleSection\":[\"Haus &amp; Garten\"],\"inLanguage\":\"de\"},{\"@type\":\"WebPage\",\"@id\":\"https:\\\/\\\/www.strassenweb.de\\\/nachrichten\\\/sommerween-ist-meine-neue-hybride-besessenheit-da-ich-einfach-nicht-bis-oktober-warten-kann-um-meinen-lieblingsurlaub-zu-feiern\\\/\",\"url\":\"https:\\\/\\\/www.strassenweb.de\\\/nachrichten\\\/sommerween-ist-meine-neue-hybride-besessenheit-da-ich-einfach-nicht-bis-oktober-warten-kann-um-meinen-lieblingsurlaub-zu-feiern\\\/\",\"name\":\"Sommerween ist meine neue hybride Besessenheit - da ich einfach nicht bis Oktober warten kann, um meinen Lieblingsurlaub zu feiern - Nachrichten - Stra\u00dfenweb\",\"isPartOf\":{\"@id\":\"https:\\\/\\\/www.strassenweb.de\\\/nachrichten\\\/#website\"},\"primaryImageOfPage\":{\"@id\":\"https:\\\/\\\/www.strassenweb.de\\\/nachrichten\\\/sommerween-ist-meine-neue-hybride-besessenheit-da-ich-einfach-nicht-bis-oktober-warten-kann-um-meinen-lieblingsurlaub-zu-feiern\\\/#primaryimage\"},\"image\":{\"@id\":\"https:\\\/\\\/www.strassenweb.de\\\/nachrichten\\\/sommerween-ist-meine-neue-hybride-besessenheit-da-ich-einfach-nicht-bis-oktober-warten-kann-um-meinen-lieblingsurlaub-zu-feiern\\\/#primaryimage\"},\"thumbnailUrl\":\"https:\\\/\\\/www.strassenweb.de\\\/nachrichten\\\/wp-content\\\/uploads\\\/2025\\\/08\\\/Sommerween-ist-meine-neue-hybride-Besessenheit-da-ich-einfach.jpg\",\"datePublished\":\"2025-08-04T11:42:30+00:00\",\"dateModified\":\"2025-08-04T11:42:31+00:00\",\"breadcrumb\":{\"@id\":\"https:\\\/\\\/www.strassenweb.de\\\/nachrichten\\\/sommerween-ist-meine-neue-hybride-besessenheit-da-ich-einfach-nicht-bis-oktober-warten-kann-um-meinen-lieblingsurlaub-zu-feiern\\\/#breadcrumb\"},\"inLanguage\":\"de\",\"potentialAction\":[{\"@type\":\"ReadAction\",\"target\":[\"https:\\\/\\\/www.strassenweb.de\\\/nachrichten\\\/sommerween-ist-meine-neue-hybride-besessenheit-da-ich-einfach-nicht-bis-oktober-warten-kann-um-meinen-lieblingsurlaub-zu-feiern\\\/\"]}]},{\"@type\":\"ImageObject\",\"inLanguage\":\"de\",\"@id\":\"https:\\\/\\\/www.strassenweb.de\\\/nachrichten\\\/sommerween-ist-meine-neue-hybride-besessenheit-da-ich-einfach-nicht-bis-oktober-warten-kann-um-meinen-lieblingsurlaub-zu-feiern\\\/#primaryimage\",\"url\":\"https:\\\/\\\/www.strassenweb.de\\\/nachrichten\\\/wp-content\\\/uploads\\\/2025\\\/08\\\/Sommerween-ist-meine-neue-hybride-Besessenheit-da-ich-einfach.jpg\",\"contentUrl\":\"https:\\\/\\\/www.strassenweb.de\\\/nachrichten\\\/wp-content\\\/uploads\\\/2025\\\/08\\\/Sommerween-ist-meine-neue-hybride-Besessenheit-da-ich-einfach.jpg\",\"width\":1600,\"height\":900,\"caption\":\"Pink cocktails against a pale pink background with pink pumpkins and skull decor below\"},{\"@type\":\"BreadcrumbList\",\"@id\":\"https:\\\/\\\/www.strassenweb.de\\\/nachrichten\\\/sommerween-ist-meine-neue-hybride-besessenheit-da-ich-einfach-nicht-bis-oktober-warten-kann-um-meinen-lieblingsurlaub-zu-feiern\\\/#breadcrumb\",\"itemListElement\":[{\"@type\":\"ListItem\",\"position\":1,\"name\":\"Home\",\"item\":\"https:\\\/\\\/www.strassenweb.de\\\/nachrichten\\\/\"},{\"@type\":\"ListItem\",\"position\":2,\"name\":\"Sommerween ist meine neue hybride Besessenheit &#8211; da ich einfach nicht bis Oktober warten kann, um meinen Lieblingsurlaub zu feiern\"}]},{\"@type\":\"WebSite\",\"@id\":\"https:\\\/\\\/www.strassenweb.de\\\/nachrichten\\\/#website\",\"url\":\"https:\\\/\\\/www.strassenweb.de\\\/nachrichten\\\/\",\"name\":\"Stra\u00dfenweb\",\"description\":\"Stra\u00dfenverzeichnis f\u00fcr Deutschland\",\"publisher\":{\"@id\":\"https:\\\/\\\/www.strassenweb.de\\\/nachrichten\\\/#organization\"},\"potentialAction\":[{\"@type\":\"SearchAction\",\"target\":{\"@type\":\"EntryPoint\",\"urlTemplate\":\"https:\\\/\\\/www.strassenweb.de\\\/nachrichten\\\/?s={search_term_string}\"},\"query-input\":{\"@type\":\"PropertyValueSpecification\",\"valueRequired\":true,\"valueName\":\"search_term_string\"}}],\"inLanguage\":\"de\"},{\"@type\":\"Organization\",\"@id\":\"https:\\\/\\\/www.strassenweb.de\\\/nachrichten\\\/#organization\",\"name\":\"Stra\u00dfenweb\",\"url\":\"https:\\\/\\\/www.strassenweb.de\\\/nachrichten\\\/\",\"logo\":{\"@type\":\"ImageObject\",\"inLanguage\":\"de\",\"@id\":\"https:\\\/\\\/www.strassenweb.de\\\/nachrichten\\\/#\\\/schema\\\/logo\\\/image\\\/\",\"url\":\"https:\\\/\\\/www.strassenweb.de\\\/nachrichten\\\/wp-content\\\/uploads\\\/2024\\\/09\\\/cropped-favicon.png\",\"contentUrl\":\"https:\\\/\\\/www.strassenweb.de\\\/nachrichten\\\/wp-content\\\/uploads\\\/2024\\\/09\\\/cropped-favicon.png\",\"width\":512,\"height\":512,\"caption\":\"Stra\u00dfenweb\"},\"image\":{\"@id\":\"https:\\\/\\\/www.strassenweb.de\\\/nachrichten\\\/#\\\/schema\\\/logo\\\/image\\\/\"},\"sameAs\":[\"https:\\\/\\\/www.facebook.com\\\/strassenweb\\\/\"]},{\"@type\":\"Person\",\"@id\":\"https:\\\/\\\/www.strassenweb.de\\\/nachrichten\\\/#\\\/schema\\\/person\\\/87c9c9067f1211da429a744dc5a5aa41\",\"name\":\"Robert Hoffmann\",\"image\":{\"@type\":\"ImageObject\",\"inLanguage\":\"de\",\"@id\":\"https:\\\/\\\/www.strassenweb.de\\\/nachrichten\\\/wp-content\\\/uploads\\\/2024\\\/09\\\/strassenweb-150x150.jpg\",\"url\":\"https:\\\/\\\/www.strassenweb.de\\\/nachrichten\\\/wp-content\\\/uploads\\\/2024\\\/09\\\/strassenweb-150x150.jpg\",\"contentUrl\":\"https:\\\/\\\/www.strassenweb.de\\\/nachrichten\\\/wp-content\\\/uploads\\\/2024\\\/09\\\/strassenweb-150x150.jpg\",\"caption\":\"Robert Hoffmann\"},\"description\":\"Ich hei\u00dfe Robert Hoffmann und ich bin ein leidenschaftlicher Verfechter von \u00d6kologie und Biodiversit\u00e4t. Seit meiner Kindheit in den W\u00e4ldern Bayerns f\u00fchle ich mich mit der Natur verbunden und bin entschlossen, sie zu sch\u00fctzen. Heute widme ich mein Leben der Sensibilisierung anderer f\u00fcr die Bedeutung des Umweltschutzes f\u00fcr zuk\u00fcnftige Generationen.\",\"sameAs\":[\"https:\\\/\\\/www.strassenweb.de\\\/\"]}]}<\/script>\n<!-- \/ Yoast SEO plugin. -->","yoast_head_json":{"title":"Sommerween ist meine neue hybride Besessenheit - da ich einfach nicht bis Oktober warten kann, um meinen Lieblingsurlaub zu feiern - Nachrichten - Stra\u00dfenweb","robots":{"index":"index","follow":"follow","max-snippet":"max-snippet:-1","max-image-preview":"max-image-preview:large","max-video-preview":"max-video-preview:-1"},"canonical":"https:\/\/www.strassenweb.de\/nachrichten\/sommerween-ist-meine-neue-hybride-besessenheit-da-ich-einfach-nicht-bis-oktober-warten-kann-um-meinen-lieblingsurlaub-zu-feiern\/","og_locale":"de_DE","og_type":"article","og_title":"Sommerween ist meine neue hybride Besessenheit - da ich einfach nicht bis Oktober warten kann, um meinen Lieblingsurlaub zu feiern - Nachrichten - Stra\u00dfenweb","og_description":"Wenn der Oktober im Gange und Herbst im Gange ist, kann es f\u00fcr Halloween -Dekorationsideen etwas sp\u00e4t sein. Ich habe es satt, es bis zur","og_url":"https:\/\/www.strassenweb.de\/nachrichten\/sommerween-ist-meine-neue-hybride-besessenheit-da-ich-einfach-nicht-bis-oktober-warten-kann-um-meinen-lieblingsurlaub-zu-feiern\/","og_site_name":"Stra\u00dfenweb","article_publisher":"https:\/\/www.facebook.com\/strassenweb\/","article_published_time":"2025-08-04T11:42:30+00:00","article_modified_time":"2025-08-04T11:42:31+00:00","og_image":[{"width":1600,"height":900,"url":"https:\/\/www.strassenweb.de\/nachrichten\/wp-content\/uploads\/2025\/08\/Sommerween-ist-meine-neue-hybride-Besessenheit-da-ich-einfach.jpg","type":"image\/jpeg"}],"author":"Robert Hoffmann","twitter_card":"summary_large_image","twitter_misc":{"Verfasst von":"Robert Hoffmann","Gesch\u00e4tzte Lesezeit":"3\u00a0Minuten"},"schema":{"@context":"https:\/\/schema.org","@graph":[{"@type":"Article","@id":"https:\/\/www.strassenweb.de\/nachrichten\/sommerween-ist-meine-neue-hybride-besessenheit-da-ich-einfach-nicht-bis-oktober-warten-kann-um-meinen-lieblingsurlaub-zu-feiern\/#article","isPartOf":{"@id":"https:\/\/www.strassenweb.de\/nachrichten\/sommerween-ist-meine-neue-hybride-besessenheit-da-ich-einfach-nicht-bis-oktober-warten-kann-um-meinen-lieblingsurlaub-zu-feiern\/"},"author":{"name":"Robert Hoffmann","@id":"https:\/\/www.strassenweb.de\/nachrichten\/#\/schema\/person\/87c9c9067f1211da429a744dc5a5aa41"},"headline":"Sommerween ist meine neue hybride Besessenheit &#8211; da ich einfach nicht bis Oktober warten kann, um meinen Lieblingsurlaub zu feiern","datePublished":"2025-08-04T11:42:30+00:00","dateModified":"2025-08-04T11:42:31+00:00","mainEntityOfPage":{"@id":"https:\/\/www.strassenweb.de\/nachrichten\/sommerween-ist-meine-neue-hybride-besessenheit-da-ich-einfach-nicht-bis-oktober-warten-kann-um-meinen-lieblingsurlaub-zu-feiern\/"},"wordCount":551,"publisher":{"@id":"https:\/\/www.strassenweb.de\/nachrichten\/#organization"},"image":{"@id":"https:\/\/www.strassenweb.de\/nachrichten\/sommerween-ist-meine-neue-hybride-besessenheit-da-ich-einfach-nicht-bis-oktober-warten-kann-um-meinen-lieblingsurlaub-zu-feiern\/#primaryimage"},"thumbnailUrl":"https:\/\/www.strassenweb.de\/nachrichten\/wp-content\/uploads\/2025\/08\/Sommerween-ist-meine-neue-hybride-Besessenheit-da-ich-einfach.jpg","keywords":["Besessenheit","bis","einfach","feiern","hybride","ich","ist","kann","Lieblingsurlaub","meine","meinen","Neue","nicht","Oktober","Sommerween","warten"],"articleSection":["Haus &amp; Garten"],"inLanguage":"de"},{"@type":"WebPage","@id":"https:\/\/www.strassenweb.de\/nachrichten\/sommerween-ist-meine-neue-hybride-besessenheit-da-ich-einfach-nicht-bis-oktober-warten-kann-um-meinen-lieblingsurlaub-zu-feiern\/","url":"https:\/\/www.strassenweb.de\/nachrichten\/sommerween-ist-meine-neue-hybride-besessenheit-da-ich-einfach-nicht-bis-oktober-warten-kann-um-meinen-lieblingsurlaub-zu-feiern\/","name":"Sommerween ist meine neue hybride Besessenheit - da ich einfach nicht bis Oktober warten kann, um meinen Lieblingsurlaub zu feiern - Nachrichten - Stra\u00dfenweb","isPartOf":{"@id":"https:\/\/www.strassenweb.de\/nachrichten\/#website"},"primaryImageOfPage":{"@id":"https:\/\/www.strassenweb.de\/nachrichten\/sommerween-ist-meine-neue-hybride-besessenheit-da-ich-einfach-nicht-bis-oktober-warten-kann-um-meinen-lieblingsurlaub-zu-feiern\/#primaryimage"},"image":{"@id":"https:\/\/www.strassenweb.de\/nachrichten\/sommerween-ist-meine-neue-hybride-besessenheit-da-ich-einfach-nicht-bis-oktober-warten-kann-um-meinen-lieblingsurlaub-zu-feiern\/#primaryimage"},"thumbnailUrl":"https:\/\/www.strassenweb.de\/nachrichten\/wp-content\/uploads\/2025\/08\/Sommerween-ist-meine-neue-hybride-Besessenheit-da-ich-einfach.jpg","datePublished":"2025-08-04T11:42:30+00:00","dateModified":"2025-08-04T11:42:31+00:00","breadcrumb":{"@id":"https:\/\/www.strassenweb.de\/nachrichten\/sommerween-ist-meine-neue-hybride-besessenheit-da-ich-einfach-nicht-bis-oktober-warten-kann-um-meinen-lieblingsurlaub-zu-feiern\/#breadcrumb"},"inLanguage":"de","potentialAction":[{"@type":"ReadAction","target":["https:\/\/www.strassenweb.de\/nachrichten\/sommerween-ist-meine-neue-hybride-besessenheit-da-ich-einfach-nicht-bis-oktober-warten-kann-um-meinen-lieblingsurlaub-zu-feiern\/"]}]},{"@type":"ImageObject","inLanguage":"de","@id":"https:\/\/www.strassenweb.de\/nachrichten\/sommerween-ist-meine-neue-hybride-besessenheit-da-ich-einfach-nicht-bis-oktober-warten-kann-um-meinen-lieblingsurlaub-zu-feiern\/#primaryimage","url":"https:\/\/www.strassenweb.de\/nachrichten\/wp-content\/uploads\/2025\/08\/Sommerween-ist-meine-neue-hybride-Besessenheit-da-ich-einfach.jpg","contentUrl":"https:\/\/www.strassenweb.de\/nachrichten\/wp-content\/uploads\/2025\/08\/Sommerween-ist-meine-neue-hybride-Besessenheit-da-ich-einfach.jpg","width":1600,"height":900,"caption":"Pink cocktails against a pale pink background with pink pumpkins and skull decor below"},{"@type":"BreadcrumbList","@id":"https:\/\/www.strassenweb.de\/nachrichten\/sommerween-ist-meine-neue-hybride-besessenheit-da-ich-einfach-nicht-bis-oktober-warten-kann-um-meinen-lieblingsurlaub-zu-feiern\/#breadcrumb","itemListElement":[{"@type":"ListItem","position":1,"name":"Home","item":"https:\/\/www.strassenweb.de\/nachrichten\/"},{"@type":"ListItem","position":2,"name":"Sommerween ist meine neue hybride Besessenheit &#8211; da ich einfach nicht bis Oktober warten kann, um meinen Lieblingsurlaub zu feiern"}]},{"@type":"WebSite","@id":"https:\/\/www.strassenweb.de\/nachrichten\/#website","url":"https:\/\/www.strassenweb.de\/nachrichten\/","name":"Stra\u00dfenweb","description":"Stra\u00dfenverzeichnis f\u00fcr Deutschland","publisher":{"@id":"https:\/\/www.strassenweb.de\/nachrichten\/#organization"},"potentialAction":[{"@type":"SearchAction","target":{"@type":"EntryPoint","urlTemplate":"https:\/\/www.strassenweb.de\/nachrichten\/?s={search_term_string}"},"query-input":{"@type":"PropertyValueSpecification","valueRequired":true,"valueName":"search_term_string"}}],"inLanguage":"de"},{"@type":"Organization","@id":"https:\/\/www.strassenweb.de\/nachrichten\/#organization","name":"Stra\u00dfenweb","url":"https:\/\/www.strassenweb.de\/nachrichten\/","logo":{"@type":"ImageObject","inLanguage":"de","@id":"https:\/\/www.strassenweb.de\/nachrichten\/#\/schema\/logo\/image\/","url":"https:\/\/www.strassenweb.de\/nachrichten\/wp-content\/uploads\/2024\/09\/cropped-favicon.png","contentUrl":"https:\/\/www.strassenweb.de\/nachrichten\/wp-content\/uploads\/2024\/09\/cropped-favicon.png","width":512,"height":512,"caption":"Stra\u00dfenweb"},"image":{"@id":"https:\/\/www.strassenweb.de\/nachrichten\/#\/schema\/logo\/image\/"},"sameAs":["https:\/\/www.facebook.com\/strassenweb\/"]},{"@type":"Person","@id":"https:\/\/www.strassenweb.de\/nachrichten\/#\/schema\/person\/87c9c9067f1211da429a744dc5a5aa41","name":"Robert Hoffmann","image":{"@type":"ImageObject","inLanguage":"de","@id":"https:\/\/www.strassenweb.de\/nachrichten\/wp-content\/uploads\/2024\/09\/strassenweb-150x150.jpg","url":"https:\/\/www.strassenweb.de\/nachrichten\/wp-content\/uploads\/2024\/09\/strassenweb-150x150.jpg","contentUrl":"https:\/\/www.strassenweb.de\/nachrichten\/wp-content\/uploads\/2024\/09\/strassenweb-150x150.jpg","caption":"Robert Hoffmann"},"description":"Ich hei\u00dfe Robert Hoffmann und ich bin ein leidenschaftlicher Verfechter von \u00d6kologie und Biodiversit\u00e4t. Seit meiner Kindheit in den W\u00e4ldern Bayerns f\u00fchle ich mich mit der Natur verbunden und bin entschlossen, sie zu sch\u00fctzen. Heute widme ich mein Leben der Sensibilisierung anderer f\u00fcr die Bedeutung des Umweltschutzes f\u00fcr zuk\u00fcnftige Generationen.","sameAs":["https:\/\/www.strassenweb.de\/"]}]}},"_links":{"self":[{"href":"https:\/\/www.strassenweb.de\/nachrichten\/wp-json\/wp\/v2\/posts\/6690","targetHints":{"allow":["GET"]}}],"collection":[{"href":"https:\/\/www.strassenweb.de\/nachrichten\/wp-json\/wp\/v2\/posts"}],"about":[{"href":"https:\/\/www.strassenweb.de\/nachrichten\/wp-json\/wp\/v2\/types\/post"}],"author":[{"embeddable":true,"href":"https:\/\/www.strassenweb.de\/nachrichten\/wp-json\/wp\/v2\/users\/1"}],"replies":[{"embeddable":true,"href":"https:\/\/www.strassenweb.de\/nachrichten\/wp-json\/wp\/v2\/comments?post=6690"}],"version-history":[{"count":0,"href":"https:\/\/www.strassenweb.de\/nachrichten\/wp-json\/wp\/v2\/posts\/6690\/revisions"}],"wp:featuredmedia":[{"embeddable":true,"href":"https:\/\/www.strassenweb.de\/nachrichten\/wp-json\/wp\/v2\/media\/6691"}],"wp:attachment":[{"href":"https:\/\/www.strassenweb.de\/nachrichten\/wp-json\/wp\/v2\/media?parent=6690"}],"wp:term":[{"taxonomy":"category","embeddable":true,"href":"https:\/\/www.strassenweb.de\/nachrichten\/wp-json\/wp\/v2\/categories?post=6690"},{"taxonomy":"post_tag","embeddable":true,"href":"https:\/\/www.strassenweb.de\/nachrichten\/wp-json\/wp\/v2\/tags?post=6690"}],"curies":[{"name":"wp","href":"https:\/\/api.w.org\/{rel}","templated":true}]}}