{"id":6669,"date":"2025-08-03T13:41:41","date_gmt":"2025-08-03T11:41:41","guid":{"rendered":"https:\/\/www.strassenweb.de\/nachrichten\/sie-sind-nicht-nur-fuer-reisen-ein-professioneller-organisator-teilt-die-drei-intelligenten-moeglichkeiten-um-verpackungswuerfel-rund-um-das-haus-zu-verwenden\/"},"modified":"2025-08-03T13:41:42","modified_gmt":"2025-08-03T11:41:42","slug":"sie-sind-nicht-nur-fuer-reisen-ein-professioneller-organisator-teilt-die-drei-intelligenten-moeglichkeiten-um-verpackungswuerfel-rund-um-das-haus-zu-verwenden","status":"publish","type":"post","link":"https:\/\/www.strassenweb.de\/nachrichten\/sie-sind-nicht-nur-fuer-reisen-ein-professioneller-organisator-teilt-die-drei-intelligenten-moeglichkeiten-um-verpackungswuerfel-rund-um-das-haus-zu-verwenden\/","title":{"rendered":"Sie sind nicht nur f\u00fcr Reisen &#8211; ein professioneller Organisator teilt die drei intelligenten M\u00f6glichkeiten, um Verpackungsw\u00fcrfel rund um das Haus zu verwenden"},"content":{"rendered":"<p><\/p>\n<div id=\"article-body\" class=\"article__body \">\n<p>Verpackungsw\u00fcrfel sind brillant, um einen chaotischen Koffer unter Kontrolle zu halten, aber haben Sie jemals dar\u00fcber nachgedacht, sie im Haus zu benutzen?<\/p>\n<div id=\"ad-unit-1\" class=\"ad-unit\"><\/div>\n<p>Der professionelle Organisator Christina Lee hat es sicherlich. Sie sagt, dass Packw\u00fcrfel ihre Anlaufstelle f\u00fcr die Bek\u00e4mpfung von drei der h\u00e4ufigsten Probleme in den R\u00e4umen ihrer Kunden sind.<\/p>\n<aside data-block-type=\"embed\" data-render-type=\"fte\" data-skip=\"dealsy\" data-widget-type=\"seasonal\" class=\"hawk-base\"><\/aside>\n<p>Hier enth\u00fcllt sie genau, wie sie sie benutzt und warum diese Reisebotten m\u00f6glicherweise die kl\u00fcgste Erg\u00e4nzung zu Ihrem sind <u>Haus organisieren<\/u> Toolkit.<\/p>\n<div class=\"van_vid_carousel\">\n<div class=\"van_vid_carousel__padding\">\n<div class=\"van_vid_carousel__container\"><\/div>\n<\/div>\n<\/div>\n<h2 id=\"3-ways-to-use-packing-cubes-to-organize-a-home-3\">3 M\u00f6glichkeiten, Packw\u00fcrfel zu verwenden, um ein Haus zu organisieren <\/h2>\n<h3 class=\"article-body__section\" id=\"section-1-rotating-growing-children-s-clothing\"><span>1. rotieren wachsende Kinderkleidung<\/span><\/h3>\n<figure class=\"van-image-figure inline-layout \" data-bordeaux-image-check>\n<div class=\"image-full-width-wrapper\">\n<div class=\"image-widthsetter\" style=\"max-width:2000px;\"><\/div>\n<\/div><figcaption class=\"inline-layout \">\n<div class=\"caption-text\">\n<p>Beschriftete Verpackungsw\u00fcrfel eignen sich perfekt f\u00fcr die Organisation von Kinderkleidung. <\/p>\n<\/div>\n<\/figcaption><\/figure>\n<p>Wenn Sie mehrere Kinder haben, ein Kind mit Cousins im Alter oder einfach der sentimentale Typ, sind <u>Verpackungsw\u00fcrfel, erh\u00e4ltlich im Container Store erh\u00e4ltlich<\/u>k\u00f6nnte der perfekte sein <u>L\u00f6sung f\u00fcr die Organisation von Kinderkleidung<\/u> nach Alter oder Gr\u00f6\u00dfe.<\/p>\n<div id=\"ad-unit-2\" class=\"ad-unit\"><\/div>\n<p>Christina Lee, CEO und Mitbegr\u00fcnder von <u>Anmutige R\u00e4ume organisieren<\/u>teilt mit, &#8218;eine meiner Lieblingsmethoden, um Packungsw\u00fcrfel zu Hause zu verwenden, sind Kinderschrank, insbesondere f\u00fcr die Verwaltung von Kleidung nach Gr\u00f6\u00dfe. Anstatt sich ausgewachsene oder in der n\u00e4chsten Gr\u00f6\u00dfe stapelnde Elemente zu stapeln lassen, schlage ich vor, Packungsw\u00fcrfel zu verwenden, um ein dediziertes System der n\u00e4chsten Gr\u00f6\u00dfe zu erstellen. Beschriften Sie dann jeden W\u00fcrfel klar nach Alters- oder Gr\u00f6\u00dfenbereich mit benutzerdefinierten Vinyl -Etiketten und speichern Sie sie ordentlich in einem Schrankbeh\u00e4lter oder einer Schublade. &#8218; Der <u>Dymo Handheld Label Maker aus Walmart<\/u>stellt sicher, dass Ihr Organisationssystem einheitlich bleibt.<\/p>\n<p>Christina f\u00e4hrt fort: \u201eWenn Ihr Kind w\u00e4chst, erleichtert dieses einfache Setup es einfach, die Kleidung ein- und auszudrehen. Wenn etwas nicht mehr passt, k\u00f6nnen Sie es einfach in den entsprechenden W\u00fcrfel falten, um zuk\u00fcnftige Verwendung oder von Hand-Me-Downs zu entsprechen. Wenn es Zeit ist, sich zu erh\u00f6hen, haben Sie bereits die n\u00e4chste Garderobe -B\u00fchne bereit zu gehen. Es ist ein kleines System, das einen gro\u00dfen Unterschied macht <u>Organisieren eines Kinderzimmers<\/u>. &#8218;<\/p>\n<p>Wenn Kinder \u00e4lter werden, k\u00f6nnen Sie einige umsetzen <u>Regeln f\u00fcr ordinere Kinder<\/u>einschlie\u00dflich Ihres Kind <u>Kinder in Aufgaben einf\u00fchren<\/u>.<\/p>\n<div class=\"min-h-(270px) mb-4\" id=\"viafoura-engagement-starter-wrapper\" data-component-name=\"Elk:Embed:EngagementStarter\">\n<div class=\"viafoura\">\n<vf-conversation-starter target=\"viafoura-comments\" title=\"What do you do with old children's clothing?\" description=\"Did\/do you save them for the next child? Or do you donate them right away?\" minimum-comment-count=\"5\"><br \/>\n<\/vf-conversation-starter>\n<\/div>\n<\/div>\n<h3 class=\"article-body__section\" id=\"section-2-maintaining-a-travel-zone\"><span>2. Aufrechterhaltung einer Reisezone <\/span><\/h3>\n<figure class=\"van-image-figure inline-layout \" data-bordeaux-image-check>\n<div class=\"image-full-width-wrapper\">\n<div class=\"image-widthsetter\" style=\"max-width:2000px;\"><\/div>\n<\/div><figcaption class=\"inline-layout \">\n<div class=\"caption-text\">\n<p>Das Verpacken von W\u00fcrfeln kann bei Ihren Reise -Essentials bleiben, die bereit sind, Urlaub und Wochenendausfl\u00fcge zu unternehmen. <\/p>\n<\/div>\n<\/figcaption><\/figure>\n<p>F\u00fcr viele von uns ist Reisen etwas, das nur ein paar Mal im Jahr passiert, aber viel Gep\u00e4ck enth\u00e4lt &#8211; wenn Sie das Wortspiel entschuldigen. Neben dem Training <u>Wo kann Koffer gelagert werden<\/u>Sie m\u00fcssen h\u00e4ufig H\u00e4user oder Reiseadapter, winzige Toilettenartikel und Urlaubsspezifische Kleidung und Accessoires finden.<\/p>\n<p>Hier ein Qualit\u00e4tssatz von Verpackungsw\u00fcrfeln wie die <u>Veken verpacken W\u00fcrfel mit Windows von Amazon<\/u>kann helfen, Elemente in Kategorien zu korralieren und eine Grab-and-Go-Verpackungszone zu erstellen.<\/p>\n<p>Christina sagt: \u201eWenn das Verpacken von W\u00fcrfeln f\u00fcr Reisen nicht verwendet wird, empfehle ich, sie zusammen mit anderen Reiseartikeln in einem ausgewiesenen\u201e Reisebaker \u201czu speichern. Dies kann Toilettenbeutel, Tech -Zubeh\u00f6r und andere wichtige Grundlagen umfassen. Eine zentralisierte Reisezone beseitigt das Last-Minute-Scramble und h\u00e4lt die Reise vorbereitet. &#8218;<\/p>\n<p>Diese <u>Faltbare Korbk\u00f6rbe von Walmart<\/u>Passen Sie ordentlich in Cubby -Regale, um Ihre Verpackungsw\u00fcrfel zu verbergen, wenn Sie nicht benutzt werden. Halten Sie sie alternativ in Ihren Koffern versteckt, um Platz zu sparen.<\/p>\n<h3 class=\"article-body__section\" id=\"section-3-seasonal-home-storage\"><span>3. Saisonaler Zuhause Lagerung<\/span><\/h3>\n<figure class=\"van-image-figure inline-layout \" data-bordeaux-image-check>\n<div class=\"image-full-width-wrapper\">\n<div class=\"image-widthsetter\" style=\"max-width:2000px;\"><\/div>\n<\/div><figcaption class=\"inline-layout \">\n<div class=\"caption-text\">\n<p>Verpackungsw\u00fcrfel k\u00f6nnen ordentlich in Regale oder an der Basis der Schr\u00e4nke passen, um saisonale Gegenst\u00e4nde aus dem Weg zu halten, aber leicht zug\u00e4nglich zu machen. <\/p>\n<\/div>\n<\/figcaption><\/figure>\n<p>Platz f\u00fcr Ihre saisonalen Gegenst\u00e4nde in <u>Home Storage Ideas<\/u> Kann schwierig sein und es ist noch schwieriger, bestimmte Dekor, Bettw\u00e4sche und Kleidung zur richtigen Jahreszeit zu graben.<\/p>\n<p>Anstatt alles in einen gro\u00dfen Beh\u00e4lter zu werfen und auf das Beste zu hoffen, sagt Christina: \u201eVerpackungsw\u00fcrfel eignen sich auch hervorragend, um saisonale Gegenst\u00e4nde wie Urlaubsw\u00e4sche, Outdoor -Ausr\u00fcstung oder Spezialit\u00e4ten zu verleihen, die nicht in allt\u00e4glichen Schubladen leben m\u00fcssen. Verwenden Sie klare oder beschriftete W\u00fcrfel in Unterbettspeicher, Schr\u00e4nken oder oberen Schr\u00e4nken, um alles ordentlich, nach Kategorie gruppiert und bei Bedarf leicht abzurufen zu halten. &#8218;<\/p>\n<p>Dieser Satz von f\u00fcnf <u>Verpackungsw\u00fcrfel aus dem Container Store<\/u>hat kleine Taschen f\u00fcr Etiketten, die saisonale St\u00fccke einfach machen.<\/p>\n<h2 class=\"article-body__section\" id=\"section-what-to-shop\"><span>Was einkaufen<\/span><\/h2>\n<div class=\"product-container hero-product-container product-block-no-wrap\">\n<div class=\"product-block-row\"><\/div>\n<div class=\"product-block-row\"><\/div>\n<div class=\"product-block-row\"><\/div>\n<div class=\"product-block-row\"><\/div>\n<div class=\"product-block-row\"><\/div>\n<div class=\"product-block-row\"><\/div>\n<\/div>\n<h2 class=\"article-body__section\" id=\"section-faqs\"><span>FAQs<\/span><\/h2>\n<h3 class=\"article-body__section\" id=\"section-are-packing-cubes-better-than-vacuum-bags\"><span>Sind Verpackungsw\u00fcrfel besser als Vakuumbeutel? <\/span><\/h3>\n<p>Das Verpacken von W\u00fcrfel und Vakuumbeutel bietet unterschiedliche Vorteile, je nachdem, wof\u00fcr Sie sie ben\u00f6tigen. Vakuumspeicherbeutel haben die Oberhand, um Kleidung und Bettw\u00e4sche vor Feuchtigkeit und Sch\u00e4dlingen zu sch\u00fctzen und gleichzeitig den Raum zu sparen. Sie sind jedoch unangenehmer zug\u00e4nglich, da Sie sie nach jeder Verwendung wieder verschlie\u00dfen m\u00fcssen. Das Verpacken von W\u00fcrfeln hingegen, w\u00e4hrend keine Weltraumsparer sind, helfen, die Dinge ohne Zugang zu dem Zugang zu ordentlich zu halten. Au\u00dferdem k\u00f6nnen Sie nicht quadratische Gegenst\u00e4nde in Verpackungsw\u00fcrfeln wie Toilettenartikeln und Elektronik aufbewahren, die Sie mit Vakuumbeuteln nicht durchf\u00fchren k\u00f6nnen.<\/p>\n<h2 class=\"article-body__section\" id=\"section-meet-the-expert\"><span>Treffen Sie den Experten<\/span><\/h2>\n<p>Das Implementieren eines Packungsw\u00fcrfelsystems ist der perfekte Weg dazu <u>Lassen Sie Ihr Zuhause schnell organisierter aussehen,<\/u> und kann in Zukunft sogar die Entst\u00f6rung erleichtern und ein System erstellen, in dem Sie sich jeweils auf eine kleine Tasche konzentrieren k\u00f6nnen, um sie zu vermeiden <u>Burnout entlassen<\/u>.<\/p>\n<\/div>\n","protected":false},"excerpt":{"rendered":"<p>Verpackungsw\u00fcrfel sind brillant, um einen chaotischen Koffer unter Kontrolle zu halten, aber haben Sie jemals dar\u00fcber nachgedacht, sie im Haus zu benutzen? Der professionelle Organisator<\/p>\n","protected":false},"author":1,"featured_media":6670,"comment_status":"closed","ping_status":"","sticky":false,"template":"","format":"standard","meta":{"footnotes":""},"categories":[118],"tags":[112,9,851,43,55,125,7238,119,61,54,6781,6299,4482,123,165,58,1577,9102,126],"class_list":["post-6669","post","type-post","status-publish","format-standard","has-post-thumbnail","hentry","category-haus-garten","tag-das","tag-die","tag-drei","tag-ein","tag-fuer","tag-haus","tag-intelligenten","tag-moeglichkeiten","tag-nicht","tag-nur","tag-organisator","tag-professioneller","tag-reisen","tag-rund","tag-sie","tag-sind","tag-teilt","tag-verpackungswuerfel","tag-verwenden","generate-columns","tablet-grid-50","mobile-grid-100","grid-parent","grid-50"],"yoast_head":"<!-- This site is optimized with the Yoast SEO plugin v27.3 - https:\/\/yoast.com\/product\/yoast-seo-wordpress\/ -->\n<title>Sie sind nicht nur f\u00fcr Reisen - ein professioneller Organisator teilt die drei intelligenten M\u00f6glichkeiten, um Verpackungsw\u00fcrfel rund um das Haus zu verwenden - Nachrichten - Stra\u00dfenweb<\/title>\n<meta name=\"robots\" content=\"index, follow, max-snippet:-1, max-image-preview:large, max-video-preview:-1\" \/>\n<link rel=\"canonical\" href=\"https:\/\/www.strassenweb.de\/nachrichten\/sie-sind-nicht-nur-fuer-reisen-ein-professioneller-organisator-teilt-die-drei-intelligenten-moeglichkeiten-um-verpackungswuerfel-rund-um-das-haus-zu-verwenden\/\" \/>\n<meta property=\"og:locale\" content=\"de_DE\" \/>\n<meta property=\"og:type\" content=\"article\" \/>\n<meta property=\"og:title\" content=\"Sie sind nicht nur f\u00fcr Reisen - ein professioneller Organisator teilt die drei intelligenten M\u00f6glichkeiten, um Verpackungsw\u00fcrfel rund um das Haus zu verwenden - Nachrichten - Stra\u00dfenweb\" \/>\n<meta property=\"og:description\" content=\"Verpackungsw\u00fcrfel sind brillant, um einen chaotischen Koffer unter Kontrolle zu halten, aber haben Sie jemals dar\u00fcber nachgedacht, sie im Haus zu benutzen? Der professionelle Organisator\" \/>\n<meta property=\"og:url\" content=\"https:\/\/www.strassenweb.de\/nachrichten\/sie-sind-nicht-nur-fuer-reisen-ein-professioneller-organisator-teilt-die-drei-intelligenten-moeglichkeiten-um-verpackungswuerfel-rund-um-das-haus-zu-verwenden\/\" \/>\n<meta property=\"og:site_name\" content=\"Stra\u00dfenweb\" \/>\n<meta property=\"article:publisher\" content=\"https:\/\/www.facebook.com\/strassenweb\/\" \/>\n<meta property=\"article:published_time\" content=\"2025-08-03T11:41:41+00:00\" \/>\n<meta property=\"article:modified_time\" content=\"2025-08-03T11:41:42+00:00\" \/>\n<meta property=\"og:image\" content=\"https:\/\/www.strassenweb.de\/nachrichten\/wp-content\/uploads\/2025\/08\/Sie-sind-nicht-nur-fuer-Reisen-ein-professioneller-Organisator.jpg\" \/>\n\t<meta property=\"og:image:width\" content=\"1600\" \/>\n\t<meta property=\"og:image:height\" content=\"900\" \/>\n\t<meta property=\"og:image:type\" content=\"image\/jpeg\" \/>\n<meta name=\"author\" content=\"Robert Hoffmann\" \/>\n<meta name=\"twitter:card\" content=\"summary_large_image\" \/>\n<meta name=\"twitter:label1\" content=\"Verfasst von\" \/>\n\t<meta name=\"twitter:data1\" content=\"Robert Hoffmann\" \/>\n\t<meta name=\"twitter:label2\" content=\"Gesch\u00e4tzte Lesezeit\" \/>\n\t<meta name=\"twitter:data2\" content=\"4\u00a0Minuten\" \/>\n<script type=\"application\/ld+json\" class=\"yoast-schema-graph\">{\"@context\":\"https:\\\/\\\/schema.org\",\"@graph\":[{\"@type\":\"Article\",\"@id\":\"https:\\\/\\\/www.strassenweb.de\\\/nachrichten\\\/sie-sind-nicht-nur-fuer-reisen-ein-professioneller-organisator-teilt-die-drei-intelligenten-moeglichkeiten-um-verpackungswuerfel-rund-um-das-haus-zu-verwenden\\\/#article\",\"isPartOf\":{\"@id\":\"https:\\\/\\\/www.strassenweb.de\\\/nachrichten\\\/sie-sind-nicht-nur-fuer-reisen-ein-professioneller-organisator-teilt-die-drei-intelligenten-moeglichkeiten-um-verpackungswuerfel-rund-um-das-haus-zu-verwenden\\\/\"},\"author\":{\"name\":\"Robert Hoffmann\",\"@id\":\"https:\\\/\\\/www.strassenweb.de\\\/nachrichten\\\/#\\\/schema\\\/person\\\/87c9c9067f1211da429a744dc5a5aa41\"},\"headline\":\"Sie sind nicht nur f\u00fcr Reisen &#8211; ein professioneller Organisator teilt die drei intelligenten M\u00f6glichkeiten, um Verpackungsw\u00fcrfel rund um das Haus zu verwenden\",\"datePublished\":\"2025-08-03T11:41:41+00:00\",\"dateModified\":\"2025-08-03T11:41:42+00:00\",\"mainEntityOfPage\":{\"@id\":\"https:\\\/\\\/www.strassenweb.de\\\/nachrichten\\\/sie-sind-nicht-nur-fuer-reisen-ein-professioneller-organisator-teilt-die-drei-intelligenten-moeglichkeiten-um-verpackungswuerfel-rund-um-das-haus-zu-verwenden\\\/\"},\"wordCount\":903,\"publisher\":{\"@id\":\"https:\\\/\\\/www.strassenweb.de\\\/nachrichten\\\/#organization\"},\"image\":{\"@id\":\"https:\\\/\\\/www.strassenweb.de\\\/nachrichten\\\/sie-sind-nicht-nur-fuer-reisen-ein-professioneller-organisator-teilt-die-drei-intelligenten-moeglichkeiten-um-verpackungswuerfel-rund-um-das-haus-zu-verwenden\\\/#primaryimage\"},\"thumbnailUrl\":\"https:\\\/\\\/www.strassenweb.de\\\/nachrichten\\\/wp-content\\\/uploads\\\/2025\\\/08\\\/Sie-sind-nicht-nur-fuer-Reisen-ein-professioneller-Organisator.jpg\",\"keywords\":[\"das\",\"die\",\"drei\",\"ein\",\"f\u00fcr\",\"Haus\",\"intelligenten\",\"M\u00f6glichkeiten\",\"nicht\",\"nur\",\"Organisator\",\"professioneller\",\"reisen\",\"rund\",\"Sie\",\"sind\",\"teilt\",\"Verpackungsw\u00fcrfel\",\"verwenden\"],\"articleSection\":[\"Haus &amp; Garten\"],\"inLanguage\":\"de\"},{\"@type\":\"WebPage\",\"@id\":\"https:\\\/\\\/www.strassenweb.de\\\/nachrichten\\\/sie-sind-nicht-nur-fuer-reisen-ein-professioneller-organisator-teilt-die-drei-intelligenten-moeglichkeiten-um-verpackungswuerfel-rund-um-das-haus-zu-verwenden\\\/\",\"url\":\"https:\\\/\\\/www.strassenweb.de\\\/nachrichten\\\/sie-sind-nicht-nur-fuer-reisen-ein-professioneller-organisator-teilt-die-drei-intelligenten-moeglichkeiten-um-verpackungswuerfel-rund-um-das-haus-zu-verwenden\\\/\",\"name\":\"Sie sind nicht nur f\u00fcr Reisen - ein professioneller Organisator teilt die drei intelligenten M\u00f6glichkeiten, um Verpackungsw\u00fcrfel rund um das Haus zu verwenden - Nachrichten - Stra\u00dfenweb\",\"isPartOf\":{\"@id\":\"https:\\\/\\\/www.strassenweb.de\\\/nachrichten\\\/#website\"},\"primaryImageOfPage\":{\"@id\":\"https:\\\/\\\/www.strassenweb.de\\\/nachrichten\\\/sie-sind-nicht-nur-fuer-reisen-ein-professioneller-organisator-teilt-die-drei-intelligenten-moeglichkeiten-um-verpackungswuerfel-rund-um-das-haus-zu-verwenden\\\/#primaryimage\"},\"image\":{\"@id\":\"https:\\\/\\\/www.strassenweb.de\\\/nachrichten\\\/sie-sind-nicht-nur-fuer-reisen-ein-professioneller-organisator-teilt-die-drei-intelligenten-moeglichkeiten-um-verpackungswuerfel-rund-um-das-haus-zu-verwenden\\\/#primaryimage\"},\"thumbnailUrl\":\"https:\\\/\\\/www.strassenweb.de\\\/nachrichten\\\/wp-content\\\/uploads\\\/2025\\\/08\\\/Sie-sind-nicht-nur-fuer-Reisen-ein-professioneller-Organisator.jpg\",\"datePublished\":\"2025-08-03T11:41:41+00:00\",\"dateModified\":\"2025-08-03T11:41:42+00:00\",\"breadcrumb\":{\"@id\":\"https:\\\/\\\/www.strassenweb.de\\\/nachrichten\\\/sie-sind-nicht-nur-fuer-reisen-ein-professioneller-organisator-teilt-die-drei-intelligenten-moeglichkeiten-um-verpackungswuerfel-rund-um-das-haus-zu-verwenden\\\/#breadcrumb\"},\"inLanguage\":\"de\",\"potentialAction\":[{\"@type\":\"ReadAction\",\"target\":[\"https:\\\/\\\/www.strassenweb.de\\\/nachrichten\\\/sie-sind-nicht-nur-fuer-reisen-ein-professioneller-organisator-teilt-die-drei-intelligenten-moeglichkeiten-um-verpackungswuerfel-rund-um-das-haus-zu-verwenden\\\/\"]}]},{\"@type\":\"ImageObject\",\"inLanguage\":\"de\",\"@id\":\"https:\\\/\\\/www.strassenweb.de\\\/nachrichten\\\/sie-sind-nicht-nur-fuer-reisen-ein-professioneller-organisator-teilt-die-drei-intelligenten-moeglichkeiten-um-verpackungswuerfel-rund-um-das-haus-zu-verwenden\\\/#primaryimage\",\"url\":\"https:\\\/\\\/www.strassenweb.de\\\/nachrichten\\\/wp-content\\\/uploads\\\/2025\\\/08\\\/Sie-sind-nicht-nur-fuer-Reisen-ein-professioneller-Organisator.jpg\",\"contentUrl\":\"https:\\\/\\\/www.strassenweb.de\\\/nachrichten\\\/wp-content\\\/uploads\\\/2025\\\/08\\\/Sie-sind-nicht-nur-fuer-Reisen-ein-professioneller-Organisator.jpg\",\"width\":1600,\"height\":900,\"caption\":\"A bed in an attic room, with layered white and rust bedding. A warm toned wicker lamp n the table beside it. A large window partially covered by a rattan blind in the background.\"},{\"@type\":\"BreadcrumbList\",\"@id\":\"https:\\\/\\\/www.strassenweb.de\\\/nachrichten\\\/sie-sind-nicht-nur-fuer-reisen-ein-professioneller-organisator-teilt-die-drei-intelligenten-moeglichkeiten-um-verpackungswuerfel-rund-um-das-haus-zu-verwenden\\\/#breadcrumb\",\"itemListElement\":[{\"@type\":\"ListItem\",\"position\":1,\"name\":\"Home\",\"item\":\"https:\\\/\\\/www.strassenweb.de\\\/nachrichten\\\/\"},{\"@type\":\"ListItem\",\"position\":2,\"name\":\"Sie sind nicht nur f\u00fcr Reisen &#8211; ein professioneller Organisator teilt die drei intelligenten M\u00f6glichkeiten, um Verpackungsw\u00fcrfel rund um das Haus zu verwenden\"}]},{\"@type\":\"WebSite\",\"@id\":\"https:\\\/\\\/www.strassenweb.de\\\/nachrichten\\\/#website\",\"url\":\"https:\\\/\\\/www.strassenweb.de\\\/nachrichten\\\/\",\"name\":\"Stra\u00dfenweb\",\"description\":\"Stra\u00dfenverzeichnis f\u00fcr Deutschland\",\"publisher\":{\"@id\":\"https:\\\/\\\/www.strassenweb.de\\\/nachrichten\\\/#organization\"},\"potentialAction\":[{\"@type\":\"SearchAction\",\"target\":{\"@type\":\"EntryPoint\",\"urlTemplate\":\"https:\\\/\\\/www.strassenweb.de\\\/nachrichten\\\/?s={search_term_string}\"},\"query-input\":{\"@type\":\"PropertyValueSpecification\",\"valueRequired\":true,\"valueName\":\"search_term_string\"}}],\"inLanguage\":\"de\"},{\"@type\":\"Organization\",\"@id\":\"https:\\\/\\\/www.strassenweb.de\\\/nachrichten\\\/#organization\",\"name\":\"Stra\u00dfenweb\",\"url\":\"https:\\\/\\\/www.strassenweb.de\\\/nachrichten\\\/\",\"logo\":{\"@type\":\"ImageObject\",\"inLanguage\":\"de\",\"@id\":\"https:\\\/\\\/www.strassenweb.de\\\/nachrichten\\\/#\\\/schema\\\/logo\\\/image\\\/\",\"url\":\"https:\\\/\\\/www.strassenweb.de\\\/nachrichten\\\/wp-content\\\/uploads\\\/2024\\\/09\\\/cropped-favicon.png\",\"contentUrl\":\"https:\\\/\\\/www.strassenweb.de\\\/nachrichten\\\/wp-content\\\/uploads\\\/2024\\\/09\\\/cropped-favicon.png\",\"width\":512,\"height\":512,\"caption\":\"Stra\u00dfenweb\"},\"image\":{\"@id\":\"https:\\\/\\\/www.strassenweb.de\\\/nachrichten\\\/#\\\/schema\\\/logo\\\/image\\\/\"},\"sameAs\":[\"https:\\\/\\\/www.facebook.com\\\/strassenweb\\\/\"]},{\"@type\":\"Person\",\"@id\":\"https:\\\/\\\/www.strassenweb.de\\\/nachrichten\\\/#\\\/schema\\\/person\\\/87c9c9067f1211da429a744dc5a5aa41\",\"name\":\"Robert Hoffmann\",\"image\":{\"@type\":\"ImageObject\",\"inLanguage\":\"de\",\"@id\":\"https:\\\/\\\/www.strassenweb.de\\\/nachrichten\\\/wp-content\\\/uploads\\\/2024\\\/09\\\/strassenweb-150x150.jpg\",\"url\":\"https:\\\/\\\/www.strassenweb.de\\\/nachrichten\\\/wp-content\\\/uploads\\\/2024\\\/09\\\/strassenweb-150x150.jpg\",\"contentUrl\":\"https:\\\/\\\/www.strassenweb.de\\\/nachrichten\\\/wp-content\\\/uploads\\\/2024\\\/09\\\/strassenweb-150x150.jpg\",\"caption\":\"Robert Hoffmann\"},\"description\":\"Ich hei\u00dfe Robert Hoffmann und ich bin ein leidenschaftlicher Verfechter von \u00d6kologie und Biodiversit\u00e4t. Seit meiner Kindheit in den W\u00e4ldern Bayerns f\u00fchle ich mich mit der Natur verbunden und bin entschlossen, sie zu sch\u00fctzen. Heute widme ich mein Leben der Sensibilisierung anderer f\u00fcr die Bedeutung des Umweltschutzes f\u00fcr zuk\u00fcnftige Generationen.\",\"sameAs\":[\"https:\\\/\\\/www.strassenweb.de\\\/\"]}]}<\/script>\n<!-- \/ Yoast SEO plugin. -->","yoast_head_json":{"title":"Sie sind nicht nur f\u00fcr Reisen - ein professioneller Organisator teilt die drei intelligenten M\u00f6glichkeiten, um Verpackungsw\u00fcrfel rund um das Haus zu verwenden - Nachrichten - Stra\u00dfenweb","robots":{"index":"index","follow":"follow","max-snippet":"max-snippet:-1","max-image-preview":"max-image-preview:large","max-video-preview":"max-video-preview:-1"},"canonical":"https:\/\/www.strassenweb.de\/nachrichten\/sie-sind-nicht-nur-fuer-reisen-ein-professioneller-organisator-teilt-die-drei-intelligenten-moeglichkeiten-um-verpackungswuerfel-rund-um-das-haus-zu-verwenden\/","og_locale":"de_DE","og_type":"article","og_title":"Sie sind nicht nur f\u00fcr Reisen - ein professioneller Organisator teilt die drei intelligenten M\u00f6glichkeiten, um Verpackungsw\u00fcrfel rund um das Haus zu verwenden - Nachrichten - Stra\u00dfenweb","og_description":"Verpackungsw\u00fcrfel sind brillant, um einen chaotischen Koffer unter Kontrolle zu halten, aber haben Sie jemals dar\u00fcber nachgedacht, sie im Haus zu benutzen? Der professionelle Organisator","og_url":"https:\/\/www.strassenweb.de\/nachrichten\/sie-sind-nicht-nur-fuer-reisen-ein-professioneller-organisator-teilt-die-drei-intelligenten-moeglichkeiten-um-verpackungswuerfel-rund-um-das-haus-zu-verwenden\/","og_site_name":"Stra\u00dfenweb","article_publisher":"https:\/\/www.facebook.com\/strassenweb\/","article_published_time":"2025-08-03T11:41:41+00:00","article_modified_time":"2025-08-03T11:41:42+00:00","og_image":[{"width":1600,"height":900,"url":"https:\/\/www.strassenweb.de\/nachrichten\/wp-content\/uploads\/2025\/08\/Sie-sind-nicht-nur-fuer-Reisen-ein-professioneller-Organisator.jpg","type":"image\/jpeg"}],"author":"Robert Hoffmann","twitter_card":"summary_large_image","twitter_misc":{"Verfasst von":"Robert Hoffmann","Gesch\u00e4tzte Lesezeit":"4\u00a0Minuten"},"schema":{"@context":"https:\/\/schema.org","@graph":[{"@type":"Article","@id":"https:\/\/www.strassenweb.de\/nachrichten\/sie-sind-nicht-nur-fuer-reisen-ein-professioneller-organisator-teilt-die-drei-intelligenten-moeglichkeiten-um-verpackungswuerfel-rund-um-das-haus-zu-verwenden\/#article","isPartOf":{"@id":"https:\/\/www.strassenweb.de\/nachrichten\/sie-sind-nicht-nur-fuer-reisen-ein-professioneller-organisator-teilt-die-drei-intelligenten-moeglichkeiten-um-verpackungswuerfel-rund-um-das-haus-zu-verwenden\/"},"author":{"name":"Robert Hoffmann","@id":"https:\/\/www.strassenweb.de\/nachrichten\/#\/schema\/person\/87c9c9067f1211da429a744dc5a5aa41"},"headline":"Sie sind nicht nur f\u00fcr Reisen &#8211; ein professioneller Organisator teilt die drei intelligenten M\u00f6glichkeiten, um Verpackungsw\u00fcrfel rund um das Haus zu verwenden","datePublished":"2025-08-03T11:41:41+00:00","dateModified":"2025-08-03T11:41:42+00:00","mainEntityOfPage":{"@id":"https:\/\/www.strassenweb.de\/nachrichten\/sie-sind-nicht-nur-fuer-reisen-ein-professioneller-organisator-teilt-die-drei-intelligenten-moeglichkeiten-um-verpackungswuerfel-rund-um-das-haus-zu-verwenden\/"},"wordCount":903,"publisher":{"@id":"https:\/\/www.strassenweb.de\/nachrichten\/#organization"},"image":{"@id":"https:\/\/www.strassenweb.de\/nachrichten\/sie-sind-nicht-nur-fuer-reisen-ein-professioneller-organisator-teilt-die-drei-intelligenten-moeglichkeiten-um-verpackungswuerfel-rund-um-das-haus-zu-verwenden\/#primaryimage"},"thumbnailUrl":"https:\/\/www.strassenweb.de\/nachrichten\/wp-content\/uploads\/2025\/08\/Sie-sind-nicht-nur-fuer-Reisen-ein-professioneller-Organisator.jpg","keywords":["das","die","drei","ein","f\u00fcr","Haus","intelligenten","M\u00f6glichkeiten","nicht","nur","Organisator","professioneller","reisen","rund","Sie","sind","teilt","Verpackungsw\u00fcrfel","verwenden"],"articleSection":["Haus &amp; Garten"],"inLanguage":"de"},{"@type":"WebPage","@id":"https:\/\/www.strassenweb.de\/nachrichten\/sie-sind-nicht-nur-fuer-reisen-ein-professioneller-organisator-teilt-die-drei-intelligenten-moeglichkeiten-um-verpackungswuerfel-rund-um-das-haus-zu-verwenden\/","url":"https:\/\/www.strassenweb.de\/nachrichten\/sie-sind-nicht-nur-fuer-reisen-ein-professioneller-organisator-teilt-die-drei-intelligenten-moeglichkeiten-um-verpackungswuerfel-rund-um-das-haus-zu-verwenden\/","name":"Sie sind nicht nur f\u00fcr Reisen - ein professioneller Organisator teilt die drei intelligenten M\u00f6glichkeiten, um Verpackungsw\u00fcrfel rund um das Haus zu verwenden - Nachrichten - Stra\u00dfenweb","isPartOf":{"@id":"https:\/\/www.strassenweb.de\/nachrichten\/#website"},"primaryImageOfPage":{"@id":"https:\/\/www.strassenweb.de\/nachrichten\/sie-sind-nicht-nur-fuer-reisen-ein-professioneller-organisator-teilt-die-drei-intelligenten-moeglichkeiten-um-verpackungswuerfel-rund-um-das-haus-zu-verwenden\/#primaryimage"},"image":{"@id":"https:\/\/www.strassenweb.de\/nachrichten\/sie-sind-nicht-nur-fuer-reisen-ein-professioneller-organisator-teilt-die-drei-intelligenten-moeglichkeiten-um-verpackungswuerfel-rund-um-das-haus-zu-verwenden\/#primaryimage"},"thumbnailUrl":"https:\/\/www.strassenweb.de\/nachrichten\/wp-content\/uploads\/2025\/08\/Sie-sind-nicht-nur-fuer-Reisen-ein-professioneller-Organisator.jpg","datePublished":"2025-08-03T11:41:41+00:00","dateModified":"2025-08-03T11:41:42+00:00","breadcrumb":{"@id":"https:\/\/www.strassenweb.de\/nachrichten\/sie-sind-nicht-nur-fuer-reisen-ein-professioneller-organisator-teilt-die-drei-intelligenten-moeglichkeiten-um-verpackungswuerfel-rund-um-das-haus-zu-verwenden\/#breadcrumb"},"inLanguage":"de","potentialAction":[{"@type":"ReadAction","target":["https:\/\/www.strassenweb.de\/nachrichten\/sie-sind-nicht-nur-fuer-reisen-ein-professioneller-organisator-teilt-die-drei-intelligenten-moeglichkeiten-um-verpackungswuerfel-rund-um-das-haus-zu-verwenden\/"]}]},{"@type":"ImageObject","inLanguage":"de","@id":"https:\/\/www.strassenweb.de\/nachrichten\/sie-sind-nicht-nur-fuer-reisen-ein-professioneller-organisator-teilt-die-drei-intelligenten-moeglichkeiten-um-verpackungswuerfel-rund-um-das-haus-zu-verwenden\/#primaryimage","url":"https:\/\/www.strassenweb.de\/nachrichten\/wp-content\/uploads\/2025\/08\/Sie-sind-nicht-nur-fuer-Reisen-ein-professioneller-Organisator.jpg","contentUrl":"https:\/\/www.strassenweb.de\/nachrichten\/wp-content\/uploads\/2025\/08\/Sie-sind-nicht-nur-fuer-Reisen-ein-professioneller-Organisator.jpg","width":1600,"height":900,"caption":"A bed in an attic room, with layered white and rust bedding. A warm toned wicker lamp n the table beside it. A large window partially covered by a rattan blind in the background."},{"@type":"BreadcrumbList","@id":"https:\/\/www.strassenweb.de\/nachrichten\/sie-sind-nicht-nur-fuer-reisen-ein-professioneller-organisator-teilt-die-drei-intelligenten-moeglichkeiten-um-verpackungswuerfel-rund-um-das-haus-zu-verwenden\/#breadcrumb","itemListElement":[{"@type":"ListItem","position":1,"name":"Home","item":"https:\/\/www.strassenweb.de\/nachrichten\/"},{"@type":"ListItem","position":2,"name":"Sie sind nicht nur f\u00fcr Reisen &#8211; ein professioneller Organisator teilt die drei intelligenten M\u00f6glichkeiten, um Verpackungsw\u00fcrfel rund um das Haus zu verwenden"}]},{"@type":"WebSite","@id":"https:\/\/www.strassenweb.de\/nachrichten\/#website","url":"https:\/\/www.strassenweb.de\/nachrichten\/","name":"Stra\u00dfenweb","description":"Stra\u00dfenverzeichnis f\u00fcr Deutschland","publisher":{"@id":"https:\/\/www.strassenweb.de\/nachrichten\/#organization"},"potentialAction":[{"@type":"SearchAction","target":{"@type":"EntryPoint","urlTemplate":"https:\/\/www.strassenweb.de\/nachrichten\/?s={search_term_string}"},"query-input":{"@type":"PropertyValueSpecification","valueRequired":true,"valueName":"search_term_string"}}],"inLanguage":"de"},{"@type":"Organization","@id":"https:\/\/www.strassenweb.de\/nachrichten\/#organization","name":"Stra\u00dfenweb","url":"https:\/\/www.strassenweb.de\/nachrichten\/","logo":{"@type":"ImageObject","inLanguage":"de","@id":"https:\/\/www.strassenweb.de\/nachrichten\/#\/schema\/logo\/image\/","url":"https:\/\/www.strassenweb.de\/nachrichten\/wp-content\/uploads\/2024\/09\/cropped-favicon.png","contentUrl":"https:\/\/www.strassenweb.de\/nachrichten\/wp-content\/uploads\/2024\/09\/cropped-favicon.png","width":512,"height":512,"caption":"Stra\u00dfenweb"},"image":{"@id":"https:\/\/www.strassenweb.de\/nachrichten\/#\/schema\/logo\/image\/"},"sameAs":["https:\/\/www.facebook.com\/strassenweb\/"]},{"@type":"Person","@id":"https:\/\/www.strassenweb.de\/nachrichten\/#\/schema\/person\/87c9c9067f1211da429a744dc5a5aa41","name":"Robert Hoffmann","image":{"@type":"ImageObject","inLanguage":"de","@id":"https:\/\/www.strassenweb.de\/nachrichten\/wp-content\/uploads\/2024\/09\/strassenweb-150x150.jpg","url":"https:\/\/www.strassenweb.de\/nachrichten\/wp-content\/uploads\/2024\/09\/strassenweb-150x150.jpg","contentUrl":"https:\/\/www.strassenweb.de\/nachrichten\/wp-content\/uploads\/2024\/09\/strassenweb-150x150.jpg","caption":"Robert Hoffmann"},"description":"Ich hei\u00dfe Robert Hoffmann und ich bin ein leidenschaftlicher Verfechter von \u00d6kologie und Biodiversit\u00e4t. Seit meiner Kindheit in den W\u00e4ldern Bayerns f\u00fchle ich mich mit der Natur verbunden und bin entschlossen, sie zu sch\u00fctzen. Heute widme ich mein Leben der Sensibilisierung anderer f\u00fcr die Bedeutung des Umweltschutzes f\u00fcr zuk\u00fcnftige Generationen.","sameAs":["https:\/\/www.strassenweb.de\/"]}]}},"_links":{"self":[{"href":"https:\/\/www.strassenweb.de\/nachrichten\/wp-json\/wp\/v2\/posts\/6669","targetHints":{"allow":["GET"]}}],"collection":[{"href":"https:\/\/www.strassenweb.de\/nachrichten\/wp-json\/wp\/v2\/posts"}],"about":[{"href":"https:\/\/www.strassenweb.de\/nachrichten\/wp-json\/wp\/v2\/types\/post"}],"author":[{"embeddable":true,"href":"https:\/\/www.strassenweb.de\/nachrichten\/wp-json\/wp\/v2\/users\/1"}],"replies":[{"embeddable":true,"href":"https:\/\/www.strassenweb.de\/nachrichten\/wp-json\/wp\/v2\/comments?post=6669"}],"version-history":[{"count":0,"href":"https:\/\/www.strassenweb.de\/nachrichten\/wp-json\/wp\/v2\/posts\/6669\/revisions"}],"wp:featuredmedia":[{"embeddable":true,"href":"https:\/\/www.strassenweb.de\/nachrichten\/wp-json\/wp\/v2\/media\/6670"}],"wp:attachment":[{"href":"https:\/\/www.strassenweb.de\/nachrichten\/wp-json\/wp\/v2\/media?parent=6669"}],"wp:term":[{"taxonomy":"category","embeddable":true,"href":"https:\/\/www.strassenweb.de\/nachrichten\/wp-json\/wp\/v2\/categories?post=6669"},{"taxonomy":"post_tag","embeddable":true,"href":"https:\/\/www.strassenweb.de\/nachrichten\/wp-json\/wp\/v2\/tags?post=6669"}],"curies":[{"name":"wp","href":"https:\/\/api.w.org\/{rel}","templated":true}]}}