{"id":6666,"date":"2025-08-03T10:42:19","date_gmt":"2025-08-03T08:42:19","guid":{"rendered":"https:\/\/www.strassenweb.de\/nachrichten\/ist-die-regierungszeit-neutraler-farben-endlich-vorbei-behrs-startfarbe-der-jahreszeit-mit-einem-rauchigen-jade-ton-der-so-raffiniert-wie-mutig-ist\/"},"modified":"2025-08-03T10:42:20","modified_gmt":"2025-08-03T08:42:20","slug":"ist-die-regierungszeit-neutraler-farben-endlich-vorbei-behrs-startfarbe-der-jahreszeit-mit-einem-rauchigen-jade-ton-der-so-raffiniert-wie-mutig-ist","status":"publish","type":"post","link":"https:\/\/www.strassenweb.de\/nachrichten\/ist-die-regierungszeit-neutraler-farben-endlich-vorbei-behrs-startfarbe-der-jahreszeit-mit-einem-rauchigen-jade-ton-der-so-raffiniert-wie-mutig-ist\/","title":{"rendered":"Ist die Regierungszeit neutraler Farben endlich vorbei? Behrs Startfarbe der Jahreszeit mit einem rauchigen Jade -Ton, der so raffiniert wie mutig ist"},"content":{"rendered":"<p><\/p>\n<div id=\"article-body\" class=\"article__body \">\n<p>August und September sind Farben der Jahreszeit. Wir sehen, dass die gr\u00f6\u00dften Farb- und Farbmarken bekannt geben, wie ihre &#8222;Farbe&#8220; f\u00fcr das kommende Jahr sein wird. Sie geben einen echten Einblick in die Stimmung der Innenraumwelt (und dar\u00fcber hinaus), und ich finde, sie geben mir einen guten Hinweis darauf, was auch in Bezug auf breitere Trends kommen wird.<\/p>\n<div id=\"ad-unit-1\" class=\"ad-unit\"><\/div>\n<p>An erster Stelle steht Behrs Farbe des Jahres 2026 &#8211; verstecktes Gem. Und ich bin angenehm \u00fcberrascht. W\u00e4hrend Farbtrends nicht nur um die Neutralen geht, aber sie neigen dazu, zu dominieren, so ist es ein guter Anfang, ein tiefes rauchiges Teal wie ein verstecktes Juwel zu sehen.<\/p>\n<aside data-block-type=\"embed\" data-render-type=\"fte\" data-skip=\"dealsy\" data-widget-type=\"seasonal\" class=\"hawk-base\"><\/aside>\n<p><em>&#8220;<\/em>Hidden Gem &#8218;(N430-6A) ist ein zutiefst luxuri\u00f6ser rauchiger Jade-Ton, der sich zeitlos und zeitgem\u00e4\u00df anf\u00fchlt. Es ist die Art von Lackfarbe, die jede Oberfl\u00e4che betont, auf der sie verwendet wird. Ein opulenter Jade -Ton mit subtilen grauen Untert\u00f6nen, wenn Sie ein Liebhaber der Dekoration mit Schmuckt\u00f6nen sind, ist versteckter Edelstein m\u00f6glicherweise der perfekte Schatten f\u00fcr Sie.<\/p>\n<div class=\"van_vid_carousel\">\n<div class=\"van_vid_carousel__padding\">\n<div class=\"van_vid_carousel__container\"><\/div>\n<\/div>\n<\/div>\n<h2 class=\"article-body__section\" id=\"section-behr-s-color-of-the-year-2026-hidden-gem\"><span>Behrs Farbe des Jahres 2026: verstecktes Edelstein<\/span><\/h2>\n<figure class=\"van-image-figure inline-layout \" data-bordeaux-image-check>\n<div class=\"image-full-width-wrapper\">\n<div class=\"image-widthsetter\" style=\"max-width:2400px;\"><\/div>\n<\/div>\n<\/figure>\n<p>W\u00e4hrend das Dekorieren mit Gr\u00fcn manchmal ein wenig mutig anf\u00fchlen kann, ist verstecktes Juwel die perfekte Wahl f\u00fcr Hausbesitzer, die Tiefe und F\u00e4rben in ihr Schema bringen m\u00f6chten, ohne zu weit in die Dramatik zu kommen. Diese rauchigen Untert\u00f6ne machen es zu einer \u00fcberraschend lebenswerten gr\u00fcnen Farbe, die sowohl tief als auch ged\u00e4mpft ist.<\/p>\n<div id=\"ad-unit-2\" class=\"ad-unit\"><\/div>\n<p>&#8222;Es gibt mehr denn je ein wachsender Appetit auf Farben, die die Konvention herausfordern und ein unerwartetes Staunen in allt\u00e4gliche R\u00e4ume bringen&#8220;, sagte Erika Woelel, VP f\u00fcr Farb- und Kreativdienste bei Behr Paint. &#8222;Verstecktes Juwel erfasst diesen Geist sowohl in Namen als auch in Farbe &#8211; seine Tiefe und Verfeinerung erf\u00fcllt den Wunsch nach Farben, die ewig atemberaubend und stilvoll sind.&#8220;<\/p>\n<div class=\"product-container horizontal-product-container\">\n<div class=\"product-block-row\"><\/div>\n<\/div>\n<figure class=\"van-image-figure inline-layout \" data-bordeaux-image-check>\n<div class=\"image-full-width-wrapper\">\n<div class=\"image-widthsetter\" style=\"max-width:2000px;\"><\/div>\n<\/div>\n<\/figure>\n<p>Untersuchungen von Behr gelangten zu dem Schluss, dass wir f\u00fcr 2026 alle ein bisschen mutiger f\u00fchlen und verstecktes Gem die perfekte Schatten f\u00fcr den Moment ist. In den Umfragen der Marke in Bezug auf ihre Farbe des Jahres sind sich mehr als die H\u00e4lfte der Amerikaner (58%) einig, dass ein mit verstecktem Gem gemasstem Raum faszinierend sein w\u00fcrde, und zwei von drei Amerikanern (67%) sagen, verstecktes Gem w\u00fcrde sich einzigartig anf\u00fchlen und den Test der Zeit bestehen.<\/p>\n<p>&#8222;Color hat die Macht, auszudr\u00fccken, wer Sie sind &#8211; sie erz\u00e4hlt Ihre Geschichte, ohne ein Wort zu sagen&#8220;, erkl\u00e4rte Andy Lopez, SVP, Leiter des globalen Marketings bei Behr Paint Company. &#8222;Verstecktes Juwel erm\u00e4chtigt Heimwerke, Designer und Lackprofis, R\u00e4ume zu basteln, die sowohl zielgerichtet als auch ausdrucksstark sind und durch unsere qualitativ hochwertigen Produkte dauerhaften Wert bieten.&#8220;<\/p>\n<div id=\"slice-container-newsletterForm-articleInbodyContent-FUioR2jQGamYv2mbNtkkGN\" class=\"slice-container newsletter-inbodyContent-slice newsletterForm-articleInbodyContent-FUioR2jQGamYv2mbNtkkGN slice-container-newsletterForm\"><\/div>\n<h2 class=\"article-body__section\" id=\"section-behr-s-2026-color-trend-palette\"><span>Behrs 2026 Farbtrendpalette 2026<\/span><\/h2>\n<figure class=\"van-image-figure inline-layout \" data-bordeaux-image-check>\n<div class=\"image-full-width-wrapper\">\n<div class=\"image-widthsetter\" style=\"max-width:2400px;\"><\/div>\n<\/div><figcaption class=\"inline-layout \">\n<div class=\"caption-text\">\n<p>Behrs Terra Cotta Urne (PPU2-12) ist Teil der 2026 Farbtrends Palette.<\/p>\n<\/div>\n<\/figcaption><\/figure>\n<p>Hidden GEM ist Teil der Behr 2026 Color Trends Palette, einer Sammlung von Trendfarben, die sich mit dieser wichtigen spielerischen Kante kokonieren und klassisch anf\u00fchlen.<\/p>\n<p>Die Palette besteht aus warmen, erdigen T\u00f6nen, Juwelent\u00f6nen und raffinierten Pastellen, die neben dem versteckten Juwel wundersch\u00f6n funktionieren w\u00fcrden. Im Gegensatz zu stereotypen Ideen f\u00fcr Pastellzimmer verleiht Behrs Terrakotta-Urne (PPU2-12) dem herk\u00f6mmlichen Fr\u00fchlingsrosa einen luxuri\u00f6sen Vorsprung. Und wenn Sie es vorziehen, mit Neutralen zu dekorieren, gibt es viele erfrischende Farbt\u00f6ne wie Weizenbrot (720c-3) und zierliche Spitze (MQ3-11), ein empfindliches Beige, das sich warm und doch luftig anf\u00fchlt.<\/p>\n<p>Behrs 2026 -Palette von Behr ist eine wirklich vielseitige Auswahl an Farben und ist zeitlos und f\u00fcr die kommenden Jahre verpflichtet. Jede Farbe f\u00fchlt sich genauso freudig an wie die n\u00e4chste und beweist, dass Farbe sowohl raffiniert als auch lustig sein kann.<\/p>\n<p>Lieben Sie die Juwelent\u00f6ne von verstecktem Gem, aber nicht bereit, sich f\u00fcr ein Lackprojekt zu verpflichten? Diese Dekor -St\u00fccke bringen dieses reichhaltige Gr\u00fcn in Ihr Zuhause, keine Pinsel ben\u00f6tigen.<\/p>\n<div class=\"product-container hero-product-container product-block-no-wrap\">\n<div class=\"product-block-row\"><\/div>\n<div class=\"product-block-row\"><\/div>\n<div class=\"product-block-row\"><\/div>\n<\/div>\n<p>Behrs Farbe des Jahres ist hoffentlich ein aufregender Einblick in die Farben von 2026. Ich prognostiziere mehr dunkle Farben, lebensf\u00e4hige dunkle Farben, das hei\u00dft; Tsch\u00fcss Bye Beige und langweilig und Hallo Jewel T\u00f6ne mit Tiefe und Intrigen.<\/p>\n<div class=\"block\" id=\"articleTag\" data-component-name=\"PostArticleLinks\">\n<div class=\"border-b border-b-black border-solid py-2.5 text-black font-bold uppercase\">Themen<\/div>\n<nav class=\"py-2.5 flex gap-2.5 flex-wrap\" data-analytics-id=\"article-tag\">\n<p>Farbschemata<br \/>\n<\/nav>\n<\/div>\n<\/div>\n","protected":false},"excerpt":{"rendered":"<p>August und September sind Farben der Jahreszeit. Wir sehen, dass die gr\u00f6\u00dften Farb- und Farbmarken bekannt geben, wie ihre &#8222;Farbe&#8220; f\u00fcr das kommende Jahr sein<\/p>\n","protected":false},"author":1,"featured_media":6667,"comment_status":"closed","ping_status":"","sticky":false,"template":"","format":"standard","meta":{"footnotes":""},"categories":[118],"tags":[9098,81,9,22,1553,874,15,9101,772,146,1751,9097,3992,9100,9096,9099,5261,7435,26],"class_list":["post-6666","post","type-post","status-publish","format-standard","has-post-thumbnail","hentry","category-haus-garten","tag-behrs","tag-der","tag-die","tag-einem","tag-endlich","tag-farben","tag-ist","tag-jade","tag-jahreszeit","tag-mit","tag-mutig","tag-neutraler","tag-raffiniert","tag-rauchigen","tag-regierungszeit","tag-startfarbe","tag-ton","tag-vorbei","tag-wie","generate-columns","tablet-grid-50","mobile-grid-100","grid-parent","grid-50"],"yoast_head":"<!-- This site is optimized with the Yoast SEO plugin v27.3 - https:\/\/yoast.com\/product\/yoast-seo-wordpress\/ -->\n<title>Ist die Regierungszeit neutraler Farben endlich vorbei? Behrs Startfarbe der Jahreszeit mit einem rauchigen Jade -Ton, der so raffiniert wie mutig ist - Nachrichten - Stra\u00dfenweb<\/title>\n<meta name=\"robots\" content=\"index, follow, max-snippet:-1, max-image-preview:large, max-video-preview:-1\" \/>\n<link rel=\"canonical\" href=\"https:\/\/www.strassenweb.de\/nachrichten\/ist-die-regierungszeit-neutraler-farben-endlich-vorbei-behrs-startfarbe-der-jahreszeit-mit-einem-rauchigen-jade-ton-der-so-raffiniert-wie-mutig-ist\/\" \/>\n<meta property=\"og:locale\" content=\"de_DE\" \/>\n<meta property=\"og:type\" content=\"article\" \/>\n<meta property=\"og:title\" content=\"Ist die Regierungszeit neutraler Farben endlich vorbei? Behrs Startfarbe der Jahreszeit mit einem rauchigen Jade -Ton, der so raffiniert wie mutig ist - Nachrichten - Stra\u00dfenweb\" \/>\n<meta property=\"og:description\" content=\"August und September sind Farben der Jahreszeit. Wir sehen, dass die gr\u00f6\u00dften Farb- und Farbmarken bekannt geben, wie ihre &#8222;Farbe&#8220; f\u00fcr das kommende Jahr sein\" \/>\n<meta property=\"og:url\" content=\"https:\/\/www.strassenweb.de\/nachrichten\/ist-die-regierungszeit-neutraler-farben-endlich-vorbei-behrs-startfarbe-der-jahreszeit-mit-einem-rauchigen-jade-ton-der-so-raffiniert-wie-mutig-ist\/\" \/>\n<meta property=\"og:site_name\" content=\"Stra\u00dfenweb\" \/>\n<meta property=\"article:publisher\" content=\"https:\/\/www.facebook.com\/strassenweb\/\" \/>\n<meta property=\"article:published_time\" content=\"2025-08-03T08:42:19+00:00\" \/>\n<meta property=\"article:modified_time\" content=\"2025-08-03T08:42:20+00:00\" \/>\n<meta property=\"og:image\" content=\"https:\/\/www.strassenweb.de\/nachrichten\/wp-content\/uploads\/2025\/08\/Ist-die-Regierungszeit-neutraler-Farben-endlich-vorbei-Behrs-Startfarbe-der.jpg\" \/>\n\t<meta property=\"og:image:width\" content=\"1600\" \/>\n\t<meta property=\"og:image:height\" content=\"900\" \/>\n\t<meta property=\"og:image:type\" content=\"image\/jpeg\" \/>\n<meta name=\"author\" content=\"Robert Hoffmann\" \/>\n<meta name=\"twitter:card\" content=\"summary_large_image\" \/>\n<meta name=\"twitter:label1\" content=\"Verfasst von\" \/>\n\t<meta name=\"twitter:data1\" content=\"Robert Hoffmann\" \/>\n\t<meta name=\"twitter:label2\" content=\"Gesch\u00e4tzte Lesezeit\" \/>\n\t<meta name=\"twitter:data2\" content=\"3\u00a0Minuten\" \/>\n<script type=\"application\/ld+json\" class=\"yoast-schema-graph\">{\"@context\":\"https:\\\/\\\/schema.org\",\"@graph\":[{\"@type\":\"Article\",\"@id\":\"https:\\\/\\\/www.strassenweb.de\\\/nachrichten\\\/ist-die-regierungszeit-neutraler-farben-endlich-vorbei-behrs-startfarbe-der-jahreszeit-mit-einem-rauchigen-jade-ton-der-so-raffiniert-wie-mutig-ist\\\/#article\",\"isPartOf\":{\"@id\":\"https:\\\/\\\/www.strassenweb.de\\\/nachrichten\\\/ist-die-regierungszeit-neutraler-farben-endlich-vorbei-behrs-startfarbe-der-jahreszeit-mit-einem-rauchigen-jade-ton-der-so-raffiniert-wie-mutig-ist\\\/\"},\"author\":{\"name\":\"Robert Hoffmann\",\"@id\":\"https:\\\/\\\/www.strassenweb.de\\\/nachrichten\\\/#\\\/schema\\\/person\\\/87c9c9067f1211da429a744dc5a5aa41\"},\"headline\":\"Ist die Regierungszeit neutraler Farben endlich vorbei? Behrs Startfarbe der Jahreszeit mit einem rauchigen Jade -Ton, der so raffiniert wie mutig ist\",\"datePublished\":\"2025-08-03T08:42:19+00:00\",\"dateModified\":\"2025-08-03T08:42:20+00:00\",\"mainEntityOfPage\":{\"@id\":\"https:\\\/\\\/www.strassenweb.de\\\/nachrichten\\\/ist-die-regierungszeit-neutraler-farben-endlich-vorbei-behrs-startfarbe-der-jahreszeit-mit-einem-rauchigen-jade-ton-der-so-raffiniert-wie-mutig-ist\\\/\"},\"wordCount\":708,\"publisher\":{\"@id\":\"https:\\\/\\\/www.strassenweb.de\\\/nachrichten\\\/#organization\"},\"image\":{\"@id\":\"https:\\\/\\\/www.strassenweb.de\\\/nachrichten\\\/ist-die-regierungszeit-neutraler-farben-endlich-vorbei-behrs-startfarbe-der-jahreszeit-mit-einem-rauchigen-jade-ton-der-so-raffiniert-wie-mutig-ist\\\/#primaryimage\"},\"thumbnailUrl\":\"https:\\\/\\\/www.strassenweb.de\\\/nachrichten\\\/wp-content\\\/uploads\\\/2025\\\/08\\\/Ist-die-Regierungszeit-neutraler-Farben-endlich-vorbei-Behrs-Startfarbe-der.jpg\",\"keywords\":[\"Behrs\",\"der\",\"die\",\"einem\",\"endlich\",\"Farben\",\"ist\",\"Jade\",\"Jahreszeit\",\"mit\",\"mutig\",\"neutraler\",\"raffiniert\",\"rauchigen\",\"Regierungszeit\",\"Startfarbe\",\"Ton\",\"vorbei\",\"Wie\"],\"articleSection\":[\"Haus &amp; Garten\"],\"inLanguage\":\"de\"},{\"@type\":\"WebPage\",\"@id\":\"https:\\\/\\\/www.strassenweb.de\\\/nachrichten\\\/ist-die-regierungszeit-neutraler-farben-endlich-vorbei-behrs-startfarbe-der-jahreszeit-mit-einem-rauchigen-jade-ton-der-so-raffiniert-wie-mutig-ist\\\/\",\"url\":\"https:\\\/\\\/www.strassenweb.de\\\/nachrichten\\\/ist-die-regierungszeit-neutraler-farben-endlich-vorbei-behrs-startfarbe-der-jahreszeit-mit-einem-rauchigen-jade-ton-der-so-raffiniert-wie-mutig-ist\\\/\",\"name\":\"Ist die Regierungszeit neutraler Farben endlich vorbei? Behrs Startfarbe der Jahreszeit mit einem rauchigen Jade -Ton, der so raffiniert wie mutig ist - Nachrichten - Stra\u00dfenweb\",\"isPartOf\":{\"@id\":\"https:\\\/\\\/www.strassenweb.de\\\/nachrichten\\\/#website\"},\"primaryImageOfPage\":{\"@id\":\"https:\\\/\\\/www.strassenweb.de\\\/nachrichten\\\/ist-die-regierungszeit-neutraler-farben-endlich-vorbei-behrs-startfarbe-der-jahreszeit-mit-einem-rauchigen-jade-ton-der-so-raffiniert-wie-mutig-ist\\\/#primaryimage\"},\"image\":{\"@id\":\"https:\\\/\\\/www.strassenweb.de\\\/nachrichten\\\/ist-die-regierungszeit-neutraler-farben-endlich-vorbei-behrs-startfarbe-der-jahreszeit-mit-einem-rauchigen-jade-ton-der-so-raffiniert-wie-mutig-ist\\\/#primaryimage\"},\"thumbnailUrl\":\"https:\\\/\\\/www.strassenweb.de\\\/nachrichten\\\/wp-content\\\/uploads\\\/2025\\\/08\\\/Ist-die-Regierungszeit-neutraler-Farben-endlich-vorbei-Behrs-Startfarbe-der.jpg\",\"datePublished\":\"2025-08-03T08:42:19+00:00\",\"dateModified\":\"2025-08-03T08:42:20+00:00\",\"breadcrumb\":{\"@id\":\"https:\\\/\\\/www.strassenweb.de\\\/nachrichten\\\/ist-die-regierungszeit-neutraler-farben-endlich-vorbei-behrs-startfarbe-der-jahreszeit-mit-einem-rauchigen-jade-ton-der-so-raffiniert-wie-mutig-ist\\\/#breadcrumb\"},\"inLanguage\":\"de\",\"potentialAction\":[{\"@type\":\"ReadAction\",\"target\":[\"https:\\\/\\\/www.strassenweb.de\\\/nachrichten\\\/ist-die-regierungszeit-neutraler-farben-endlich-vorbei-behrs-startfarbe-der-jahreszeit-mit-einem-rauchigen-jade-ton-der-so-raffiniert-wie-mutig-ist\\\/\"]}]},{\"@type\":\"ImageObject\",\"inLanguage\":\"de\",\"@id\":\"https:\\\/\\\/www.strassenweb.de\\\/nachrichten\\\/ist-die-regierungszeit-neutraler-farben-endlich-vorbei-behrs-startfarbe-der-jahreszeit-mit-einem-rauchigen-jade-ton-der-so-raffiniert-wie-mutig-ist\\\/#primaryimage\",\"url\":\"https:\\\/\\\/www.strassenweb.de\\\/nachrichten\\\/wp-content\\\/uploads\\\/2025\\\/08\\\/Ist-die-Regierungszeit-neutraler-Farben-endlich-vorbei-Behrs-Startfarbe-der.jpg\",\"contentUrl\":\"https:\\\/\\\/www.strassenweb.de\\\/nachrichten\\\/wp-content\\\/uploads\\\/2025\\\/08\\\/Ist-die-Regierungszeit-neutraler-Farben-endlich-vorbei-Behrs-Startfarbe-der.jpg\",\"width\":1600,\"height\":900,\"caption\":\"Deep green painted living room with fireplace, large windows, beige sofa, leather ottoman and cream armchairs\"},{\"@type\":\"BreadcrumbList\",\"@id\":\"https:\\\/\\\/www.strassenweb.de\\\/nachrichten\\\/ist-die-regierungszeit-neutraler-farben-endlich-vorbei-behrs-startfarbe-der-jahreszeit-mit-einem-rauchigen-jade-ton-der-so-raffiniert-wie-mutig-ist\\\/#breadcrumb\",\"itemListElement\":[{\"@type\":\"ListItem\",\"position\":1,\"name\":\"Home\",\"item\":\"https:\\\/\\\/www.strassenweb.de\\\/nachrichten\\\/\"},{\"@type\":\"ListItem\",\"position\":2,\"name\":\"Ist die Regierungszeit neutraler Farben endlich vorbei? Behrs Startfarbe der Jahreszeit mit einem rauchigen Jade -Ton, der so raffiniert wie mutig ist\"}]},{\"@type\":\"WebSite\",\"@id\":\"https:\\\/\\\/www.strassenweb.de\\\/nachrichten\\\/#website\",\"url\":\"https:\\\/\\\/www.strassenweb.de\\\/nachrichten\\\/\",\"name\":\"Stra\u00dfenweb\",\"description\":\"Stra\u00dfenverzeichnis f\u00fcr Deutschland\",\"publisher\":{\"@id\":\"https:\\\/\\\/www.strassenweb.de\\\/nachrichten\\\/#organization\"},\"potentialAction\":[{\"@type\":\"SearchAction\",\"target\":{\"@type\":\"EntryPoint\",\"urlTemplate\":\"https:\\\/\\\/www.strassenweb.de\\\/nachrichten\\\/?s={search_term_string}\"},\"query-input\":{\"@type\":\"PropertyValueSpecification\",\"valueRequired\":true,\"valueName\":\"search_term_string\"}}],\"inLanguage\":\"de\"},{\"@type\":\"Organization\",\"@id\":\"https:\\\/\\\/www.strassenweb.de\\\/nachrichten\\\/#organization\",\"name\":\"Stra\u00dfenweb\",\"url\":\"https:\\\/\\\/www.strassenweb.de\\\/nachrichten\\\/\",\"logo\":{\"@type\":\"ImageObject\",\"inLanguage\":\"de\",\"@id\":\"https:\\\/\\\/www.strassenweb.de\\\/nachrichten\\\/#\\\/schema\\\/logo\\\/image\\\/\",\"url\":\"https:\\\/\\\/www.strassenweb.de\\\/nachrichten\\\/wp-content\\\/uploads\\\/2024\\\/09\\\/cropped-favicon.png\",\"contentUrl\":\"https:\\\/\\\/www.strassenweb.de\\\/nachrichten\\\/wp-content\\\/uploads\\\/2024\\\/09\\\/cropped-favicon.png\",\"width\":512,\"height\":512,\"caption\":\"Stra\u00dfenweb\"},\"image\":{\"@id\":\"https:\\\/\\\/www.strassenweb.de\\\/nachrichten\\\/#\\\/schema\\\/logo\\\/image\\\/\"},\"sameAs\":[\"https:\\\/\\\/www.facebook.com\\\/strassenweb\\\/\"]},{\"@type\":\"Person\",\"@id\":\"https:\\\/\\\/www.strassenweb.de\\\/nachrichten\\\/#\\\/schema\\\/person\\\/87c9c9067f1211da429a744dc5a5aa41\",\"name\":\"Robert Hoffmann\",\"image\":{\"@type\":\"ImageObject\",\"inLanguage\":\"de\",\"@id\":\"https:\\\/\\\/www.strassenweb.de\\\/nachrichten\\\/wp-content\\\/uploads\\\/2024\\\/09\\\/strassenweb-150x150.jpg\",\"url\":\"https:\\\/\\\/www.strassenweb.de\\\/nachrichten\\\/wp-content\\\/uploads\\\/2024\\\/09\\\/strassenweb-150x150.jpg\",\"contentUrl\":\"https:\\\/\\\/www.strassenweb.de\\\/nachrichten\\\/wp-content\\\/uploads\\\/2024\\\/09\\\/strassenweb-150x150.jpg\",\"caption\":\"Robert Hoffmann\"},\"description\":\"Ich hei\u00dfe Robert Hoffmann und ich bin ein leidenschaftlicher Verfechter von \u00d6kologie und Biodiversit\u00e4t. Seit meiner Kindheit in den W\u00e4ldern Bayerns f\u00fchle ich mich mit der Natur verbunden und bin entschlossen, sie zu sch\u00fctzen. Heute widme ich mein Leben der Sensibilisierung anderer f\u00fcr die Bedeutung des Umweltschutzes f\u00fcr zuk\u00fcnftige Generationen.\",\"sameAs\":[\"https:\\\/\\\/www.strassenweb.de\\\/\"]}]}<\/script>\n<!-- \/ Yoast SEO plugin. -->","yoast_head_json":{"title":"Ist die Regierungszeit neutraler Farben endlich vorbei? Behrs Startfarbe der Jahreszeit mit einem rauchigen Jade -Ton, der so raffiniert wie mutig ist - Nachrichten - Stra\u00dfenweb","robots":{"index":"index","follow":"follow","max-snippet":"max-snippet:-1","max-image-preview":"max-image-preview:large","max-video-preview":"max-video-preview:-1"},"canonical":"https:\/\/www.strassenweb.de\/nachrichten\/ist-die-regierungszeit-neutraler-farben-endlich-vorbei-behrs-startfarbe-der-jahreszeit-mit-einem-rauchigen-jade-ton-der-so-raffiniert-wie-mutig-ist\/","og_locale":"de_DE","og_type":"article","og_title":"Ist die Regierungszeit neutraler Farben endlich vorbei? Behrs Startfarbe der Jahreszeit mit einem rauchigen Jade -Ton, der so raffiniert wie mutig ist - Nachrichten - Stra\u00dfenweb","og_description":"August und September sind Farben der Jahreszeit. Wir sehen, dass die gr\u00f6\u00dften Farb- und Farbmarken bekannt geben, wie ihre &#8222;Farbe&#8220; f\u00fcr das kommende Jahr sein","og_url":"https:\/\/www.strassenweb.de\/nachrichten\/ist-die-regierungszeit-neutraler-farben-endlich-vorbei-behrs-startfarbe-der-jahreszeit-mit-einem-rauchigen-jade-ton-der-so-raffiniert-wie-mutig-ist\/","og_site_name":"Stra\u00dfenweb","article_publisher":"https:\/\/www.facebook.com\/strassenweb\/","article_published_time":"2025-08-03T08:42:19+00:00","article_modified_time":"2025-08-03T08:42:20+00:00","og_image":[{"width":1600,"height":900,"url":"https:\/\/www.strassenweb.de\/nachrichten\/wp-content\/uploads\/2025\/08\/Ist-die-Regierungszeit-neutraler-Farben-endlich-vorbei-Behrs-Startfarbe-der.jpg","type":"image\/jpeg"}],"author":"Robert Hoffmann","twitter_card":"summary_large_image","twitter_misc":{"Verfasst von":"Robert Hoffmann","Gesch\u00e4tzte Lesezeit":"3\u00a0Minuten"},"schema":{"@context":"https:\/\/schema.org","@graph":[{"@type":"Article","@id":"https:\/\/www.strassenweb.de\/nachrichten\/ist-die-regierungszeit-neutraler-farben-endlich-vorbei-behrs-startfarbe-der-jahreszeit-mit-einem-rauchigen-jade-ton-der-so-raffiniert-wie-mutig-ist\/#article","isPartOf":{"@id":"https:\/\/www.strassenweb.de\/nachrichten\/ist-die-regierungszeit-neutraler-farben-endlich-vorbei-behrs-startfarbe-der-jahreszeit-mit-einem-rauchigen-jade-ton-der-so-raffiniert-wie-mutig-ist\/"},"author":{"name":"Robert Hoffmann","@id":"https:\/\/www.strassenweb.de\/nachrichten\/#\/schema\/person\/87c9c9067f1211da429a744dc5a5aa41"},"headline":"Ist die Regierungszeit neutraler Farben endlich vorbei? Behrs Startfarbe der Jahreszeit mit einem rauchigen Jade -Ton, der so raffiniert wie mutig ist","datePublished":"2025-08-03T08:42:19+00:00","dateModified":"2025-08-03T08:42:20+00:00","mainEntityOfPage":{"@id":"https:\/\/www.strassenweb.de\/nachrichten\/ist-die-regierungszeit-neutraler-farben-endlich-vorbei-behrs-startfarbe-der-jahreszeit-mit-einem-rauchigen-jade-ton-der-so-raffiniert-wie-mutig-ist\/"},"wordCount":708,"publisher":{"@id":"https:\/\/www.strassenweb.de\/nachrichten\/#organization"},"image":{"@id":"https:\/\/www.strassenweb.de\/nachrichten\/ist-die-regierungszeit-neutraler-farben-endlich-vorbei-behrs-startfarbe-der-jahreszeit-mit-einem-rauchigen-jade-ton-der-so-raffiniert-wie-mutig-ist\/#primaryimage"},"thumbnailUrl":"https:\/\/www.strassenweb.de\/nachrichten\/wp-content\/uploads\/2025\/08\/Ist-die-Regierungszeit-neutraler-Farben-endlich-vorbei-Behrs-Startfarbe-der.jpg","keywords":["Behrs","der","die","einem","endlich","Farben","ist","Jade","Jahreszeit","mit","mutig","neutraler","raffiniert","rauchigen","Regierungszeit","Startfarbe","Ton","vorbei","Wie"],"articleSection":["Haus &amp; Garten"],"inLanguage":"de"},{"@type":"WebPage","@id":"https:\/\/www.strassenweb.de\/nachrichten\/ist-die-regierungszeit-neutraler-farben-endlich-vorbei-behrs-startfarbe-der-jahreszeit-mit-einem-rauchigen-jade-ton-der-so-raffiniert-wie-mutig-ist\/","url":"https:\/\/www.strassenweb.de\/nachrichten\/ist-die-regierungszeit-neutraler-farben-endlich-vorbei-behrs-startfarbe-der-jahreszeit-mit-einem-rauchigen-jade-ton-der-so-raffiniert-wie-mutig-ist\/","name":"Ist die Regierungszeit neutraler Farben endlich vorbei? Behrs Startfarbe der Jahreszeit mit einem rauchigen Jade -Ton, der so raffiniert wie mutig ist - Nachrichten - Stra\u00dfenweb","isPartOf":{"@id":"https:\/\/www.strassenweb.de\/nachrichten\/#website"},"primaryImageOfPage":{"@id":"https:\/\/www.strassenweb.de\/nachrichten\/ist-die-regierungszeit-neutraler-farben-endlich-vorbei-behrs-startfarbe-der-jahreszeit-mit-einem-rauchigen-jade-ton-der-so-raffiniert-wie-mutig-ist\/#primaryimage"},"image":{"@id":"https:\/\/www.strassenweb.de\/nachrichten\/ist-die-regierungszeit-neutraler-farben-endlich-vorbei-behrs-startfarbe-der-jahreszeit-mit-einem-rauchigen-jade-ton-der-so-raffiniert-wie-mutig-ist\/#primaryimage"},"thumbnailUrl":"https:\/\/www.strassenweb.de\/nachrichten\/wp-content\/uploads\/2025\/08\/Ist-die-Regierungszeit-neutraler-Farben-endlich-vorbei-Behrs-Startfarbe-der.jpg","datePublished":"2025-08-03T08:42:19+00:00","dateModified":"2025-08-03T08:42:20+00:00","breadcrumb":{"@id":"https:\/\/www.strassenweb.de\/nachrichten\/ist-die-regierungszeit-neutraler-farben-endlich-vorbei-behrs-startfarbe-der-jahreszeit-mit-einem-rauchigen-jade-ton-der-so-raffiniert-wie-mutig-ist\/#breadcrumb"},"inLanguage":"de","potentialAction":[{"@type":"ReadAction","target":["https:\/\/www.strassenweb.de\/nachrichten\/ist-die-regierungszeit-neutraler-farben-endlich-vorbei-behrs-startfarbe-der-jahreszeit-mit-einem-rauchigen-jade-ton-der-so-raffiniert-wie-mutig-ist\/"]}]},{"@type":"ImageObject","inLanguage":"de","@id":"https:\/\/www.strassenweb.de\/nachrichten\/ist-die-regierungszeit-neutraler-farben-endlich-vorbei-behrs-startfarbe-der-jahreszeit-mit-einem-rauchigen-jade-ton-der-so-raffiniert-wie-mutig-ist\/#primaryimage","url":"https:\/\/www.strassenweb.de\/nachrichten\/wp-content\/uploads\/2025\/08\/Ist-die-Regierungszeit-neutraler-Farben-endlich-vorbei-Behrs-Startfarbe-der.jpg","contentUrl":"https:\/\/www.strassenweb.de\/nachrichten\/wp-content\/uploads\/2025\/08\/Ist-die-Regierungszeit-neutraler-Farben-endlich-vorbei-Behrs-Startfarbe-der.jpg","width":1600,"height":900,"caption":"Deep green painted living room with fireplace, large windows, beige sofa, leather ottoman and cream armchairs"},{"@type":"BreadcrumbList","@id":"https:\/\/www.strassenweb.de\/nachrichten\/ist-die-regierungszeit-neutraler-farben-endlich-vorbei-behrs-startfarbe-der-jahreszeit-mit-einem-rauchigen-jade-ton-der-so-raffiniert-wie-mutig-ist\/#breadcrumb","itemListElement":[{"@type":"ListItem","position":1,"name":"Home","item":"https:\/\/www.strassenweb.de\/nachrichten\/"},{"@type":"ListItem","position":2,"name":"Ist die Regierungszeit neutraler Farben endlich vorbei? Behrs Startfarbe der Jahreszeit mit einem rauchigen Jade -Ton, der so raffiniert wie mutig ist"}]},{"@type":"WebSite","@id":"https:\/\/www.strassenweb.de\/nachrichten\/#website","url":"https:\/\/www.strassenweb.de\/nachrichten\/","name":"Stra\u00dfenweb","description":"Stra\u00dfenverzeichnis f\u00fcr Deutschland","publisher":{"@id":"https:\/\/www.strassenweb.de\/nachrichten\/#organization"},"potentialAction":[{"@type":"SearchAction","target":{"@type":"EntryPoint","urlTemplate":"https:\/\/www.strassenweb.de\/nachrichten\/?s={search_term_string}"},"query-input":{"@type":"PropertyValueSpecification","valueRequired":true,"valueName":"search_term_string"}}],"inLanguage":"de"},{"@type":"Organization","@id":"https:\/\/www.strassenweb.de\/nachrichten\/#organization","name":"Stra\u00dfenweb","url":"https:\/\/www.strassenweb.de\/nachrichten\/","logo":{"@type":"ImageObject","inLanguage":"de","@id":"https:\/\/www.strassenweb.de\/nachrichten\/#\/schema\/logo\/image\/","url":"https:\/\/www.strassenweb.de\/nachrichten\/wp-content\/uploads\/2024\/09\/cropped-favicon.png","contentUrl":"https:\/\/www.strassenweb.de\/nachrichten\/wp-content\/uploads\/2024\/09\/cropped-favicon.png","width":512,"height":512,"caption":"Stra\u00dfenweb"},"image":{"@id":"https:\/\/www.strassenweb.de\/nachrichten\/#\/schema\/logo\/image\/"},"sameAs":["https:\/\/www.facebook.com\/strassenweb\/"]},{"@type":"Person","@id":"https:\/\/www.strassenweb.de\/nachrichten\/#\/schema\/person\/87c9c9067f1211da429a744dc5a5aa41","name":"Robert Hoffmann","image":{"@type":"ImageObject","inLanguage":"de","@id":"https:\/\/www.strassenweb.de\/nachrichten\/wp-content\/uploads\/2024\/09\/strassenweb-150x150.jpg","url":"https:\/\/www.strassenweb.de\/nachrichten\/wp-content\/uploads\/2024\/09\/strassenweb-150x150.jpg","contentUrl":"https:\/\/www.strassenweb.de\/nachrichten\/wp-content\/uploads\/2024\/09\/strassenweb-150x150.jpg","caption":"Robert Hoffmann"},"description":"Ich hei\u00dfe Robert Hoffmann und ich bin ein leidenschaftlicher Verfechter von \u00d6kologie und Biodiversit\u00e4t. Seit meiner Kindheit in den W\u00e4ldern Bayerns f\u00fchle ich mich mit der Natur verbunden und bin entschlossen, sie zu sch\u00fctzen. Heute widme ich mein Leben der Sensibilisierung anderer f\u00fcr die Bedeutung des Umweltschutzes f\u00fcr zuk\u00fcnftige Generationen.","sameAs":["https:\/\/www.strassenweb.de\/"]}]}},"_links":{"self":[{"href":"https:\/\/www.strassenweb.de\/nachrichten\/wp-json\/wp\/v2\/posts\/6666","targetHints":{"allow":["GET"]}}],"collection":[{"href":"https:\/\/www.strassenweb.de\/nachrichten\/wp-json\/wp\/v2\/posts"}],"about":[{"href":"https:\/\/www.strassenweb.de\/nachrichten\/wp-json\/wp\/v2\/types\/post"}],"author":[{"embeddable":true,"href":"https:\/\/www.strassenweb.de\/nachrichten\/wp-json\/wp\/v2\/users\/1"}],"replies":[{"embeddable":true,"href":"https:\/\/www.strassenweb.de\/nachrichten\/wp-json\/wp\/v2\/comments?post=6666"}],"version-history":[{"count":0,"href":"https:\/\/www.strassenweb.de\/nachrichten\/wp-json\/wp\/v2\/posts\/6666\/revisions"}],"wp:featuredmedia":[{"embeddable":true,"href":"https:\/\/www.strassenweb.de\/nachrichten\/wp-json\/wp\/v2\/media\/6667"}],"wp:attachment":[{"href":"https:\/\/www.strassenweb.de\/nachrichten\/wp-json\/wp\/v2\/media?parent=6666"}],"wp:term":[{"taxonomy":"category","embeddable":true,"href":"https:\/\/www.strassenweb.de\/nachrichten\/wp-json\/wp\/v2\/categories?post=6666"},{"taxonomy":"post_tag","embeddable":true,"href":"https:\/\/www.strassenweb.de\/nachrichten\/wp-json\/wp\/v2\/tags?post=6666"}],"curies":[{"name":"wp","href":"https:\/\/api.w.org\/{rel}","templated":true}]}}