{"id":6660,"date":"2025-08-03T04:40:19","date_gmt":"2025-08-03T02:40:19","guid":{"rendered":"https:\/\/www.strassenweb.de\/nachrichten\/vergessen-sie-beige-und-greige-cliff-richards-tiefgruenes-sofa-beweist-dass-dieser-reiche-erdige-farbton-die-neutralen-designer-fuer-2026-wenden\/"},"modified":"2025-08-03T04:40:20","modified_gmt":"2025-08-03T02:40:20","slug":"vergessen-sie-beige-und-greige-cliff-richards-tiefgruenes-sofa-beweist-dass-dieser-reiche-erdige-farbton-die-neutralen-designer-fuer-2026-wenden","status":"publish","type":"post","link":"https:\/\/www.strassenweb.de\/nachrichten\/vergessen-sie-beige-und-greige-cliff-richards-tiefgruenes-sofa-beweist-dass-dieser-reiche-erdige-farbton-die-neutralen-designer-fuer-2026-wenden\/","title":{"rendered":"Vergessen Sie Beige und Greige &#8211; Cliff Richards tiefgr\u00fcnes Sofa beweist, dass dieser reiche, erdige Farbton die neutralen Designer f\u00fcr 2026 wenden"},"content":{"rendered":"<p><\/p>\n<div id=\"article-body\" class=\"article__body \">\n<p>Trends sind immer wieder ein Radfahren. Hier im Celebrity Style -Team lieben wir es, sich von alten Fotos inspirieren zu lassen (von denen einige jetzt genauso relevant sind wie vor 50 Jahren).<\/p>\n<div id=\"ad-unit-1\" class=\"ad-unit\"><\/div>\n<p>Suchen Sie nicht weiter als Cliff Richards Wohnzimmer zum Beweis. Ein Foto aus dem Jahr 1964 zeigt, dass der Pops\u00e4nger auf einem gr\u00fcnen Sofa mit roten und gr\u00fcnen W\u00fcrfen geschm\u00fcckt ist, w\u00e4hrend sich ein mit einer Obstsch\u00fcssel und etwas Glaswaren dekorierter Couchtisch mit niedrigem Profil befindet. Ein rosa und neutraler Teppich rundet den Retro -Raum ab, aber es ist das gr\u00fcne Sofa, \u00fcber das wir nicht aufh\u00f6ren k\u00f6nnen.<\/p>\n<aside data-block-type=\"embed\" data-render-type=\"fte\" data-skip=\"dealsy\" data-widget-type=\"seasonal\" class=\"hawk-base\"><\/aside>\n<p>Green, eine starke Farbe in den letzten Jahren, hat die Oberste von der K\u00fcche bis zum Wohnraum herrscht und seinen Status als neuer Neutral im Haushalt beweist. Wie Cliff beweist, wirkt Green Works speziell in einem Wohnzimmer.<\/p>\n<div class=\"van_vid_carousel\">\n<div class=\"van_vid_carousel__padding\">\n<div class=\"van_vid_carousel__container\"><\/div>\n<\/div>\n<\/div>\n<p>Kein Wunder, dass wir in letzter Zeit immer mehr Prominente (und Designer) gesehen haben, die immer mehr Prominente (und Designer) folgen. Dieser Farbton zeigt keine Anzeichen einer Verlangsamung, wenn wir nach 2026 schauen, aber Cliff tat es zuerst.<\/p>\n<div id=\"ad-unit-2\" class=\"ad-unit\"><\/div>\n<figure class=\"van-image-figure inline-layout \" data-bordeaux-image-check>\n<div class=\"image-full-width-wrapper\">\n<div class=\"image-widthsetter\" style=\"max-width:2000px;\"><\/div>\n<\/div>\n<\/figure>\n<h3 class=\"article-body__section\" id=\"section-shop-the-look\"><span>Kaufen Sie den Look ein<\/span><\/h3>\n<div class=\"product-container hero-product-container product-block-no-wrap\">\n<div class=\"product-block-row\"><\/div>\n<div class=\"product-block-row\"><\/div>\n<div class=\"product-block-row\"><\/div>\n<\/div>\n<p>Laut Experten macht es Green&#8217;s Way Shade Range zu einer vielseitigen Farbauswahl f\u00fcr ein Sofa und dar\u00fcber hinaus.<\/p>\n<p>\u00bbOb es sich um einen tiefen Waldlieberchen, ein staubiges Weisenw\u00e4sche oder ein olivfarbener Boucle handelt, Gr\u00fcn arbeitet in gewisser Weise, wie andere Farben einfach nicht\u00ab, erkl\u00e4rt Designerin Nina Lichtenstein. \u201eEs spielt gut mit fast allem, einschlie\u00dflich warmem Wald, Messing, geschw\u00e4rztem Metall, weichen Neutralen und sogar Farben wie hellrosa und Terrakotta. Das Sch\u00f6ne von Gr\u00fcn ist, dass es sich verbindet. Zur Natur. Emotion. Zu den Dingen, die sich in einem Haus real anf\u00fchlen. &#8218;<\/p>\n<p>Green ist auch eine vorteilhafte Farbe f\u00fcr unsere Stimmungen mit einer offensichtlichen Verbindung zur Natur, erkl\u00e4rt Nina.<\/p>\n<p>Sie f\u00e4hrt fort, &#8217;seine Anziehungskraft h\u00e4ngt davon ab: belebend und beruhigend sofort. Es f\u00fchlt sich lebendig an, aber nie laut. Das menschliche Gehirn ist verdrahtet, um Gr\u00fcn mit Wachstum, Erneuerung und Sicherheit zu verbinden. Es ist weder zu warm noch zu cool; Es ist im Wesentlichen die Version des emotionalen Gleichgewichts der Designwelt. &#8218;<\/p>\n<div id=\"slice-container-newsletterForm-articleInbodyContent-hoJHUNpjUkDVyGxmqoAzRi\" class=\"slice-container newsletter-inbodyContent-slice newsletterForm-articleInbodyContent-hoJHUNpjUkDVyGxmqoAzRi slice-container-newsletterForm\"><\/div>\n<p>Wir lieben Cliffs Herangehensweise, das nat\u00fcrliche Gef\u00fchl mit einem Holz -Couchtisch zu akzentuieren, w\u00e4hrend er mit einem Wurfkissen unerwartete Rot in den Raum einflie\u00dft.<\/p>\n<div class=\"min-h-(270px) mb-4\" id=\"viafoura-engagement-starter-wrapper\" data-component-name=\"Elk:Embed:EngagementStarter\">\n<div class=\"viafoura\">\n<vf-conversation-starter target=\"viafoura-comments\" title=\"What shade of green do you think is best for a sofa?\" description=\"Do you prefer an olive or an emerald?\" minimum-comment-count=\"1\"><br \/>\n<\/vf-conversation-starter>\n<\/div>\n<\/div>\n<\/div>\n","protected":false},"excerpt":{"rendered":"<p>Trends sind immer wieder ein Radfahren. Hier im Celebrity Style -Team lieben wir es, sich von alten Fotos inspirieren zu lassen (von denen einige jetzt<\/p>\n","protected":false},"author":1,"featured_media":6661,"comment_status":"closed","ping_status":"","sticky":false,"template":"","format":"standard","meta":{"footnotes":""},"categories":[118],"tags":[3478,2037,9092,51,216,9,1554,5638,210,55,9091,1021,2143,6109,165,2806,9093,37,1768,1710],"class_list":["post-6660","post","type-post","status-publish","format-standard","has-post-thumbnail","hentry","category-haus-garten","tag-beige","tag-beweist","tag-cliff","tag-dass","tag-designer","tag-die","tag-dieser","tag-erdige","tag-farbton","tag-fuer","tag-greige","tag-neutralen","tag-reiche","tag-richards","tag-sie","tag-sofa","tag-tiefgruenes","tag-und","tag-vergessen","tag-wenden","generate-columns","tablet-grid-50","mobile-grid-100","grid-parent","grid-50"],"yoast_head":"<!-- This site is optimized with the Yoast SEO plugin v27.3 - https:\/\/yoast.com\/product\/yoast-seo-wordpress\/ -->\n<title>Vergessen Sie Beige und Greige - Cliff Richards tiefgr\u00fcnes Sofa beweist, dass dieser reiche, erdige Farbton die neutralen Designer f\u00fcr 2026 wenden - Nachrichten - Stra\u00dfenweb<\/title>\n<meta name=\"robots\" content=\"index, follow, max-snippet:-1, max-image-preview:large, max-video-preview:-1\" \/>\n<link rel=\"canonical\" href=\"https:\/\/www.strassenweb.de\/nachrichten\/vergessen-sie-beige-und-greige-cliff-richards-tiefgruenes-sofa-beweist-dass-dieser-reiche-erdige-farbton-die-neutralen-designer-fuer-2026-wenden\/\" \/>\n<meta property=\"og:locale\" content=\"de_DE\" \/>\n<meta property=\"og:type\" content=\"article\" \/>\n<meta property=\"og:title\" content=\"Vergessen Sie Beige und Greige - Cliff Richards tiefgr\u00fcnes Sofa beweist, dass dieser reiche, erdige Farbton die neutralen Designer f\u00fcr 2026 wenden - Nachrichten - Stra\u00dfenweb\" \/>\n<meta property=\"og:description\" content=\"Trends sind immer wieder ein Radfahren. Hier im Celebrity Style -Team lieben wir es, sich von alten Fotos inspirieren zu lassen (von denen einige jetzt\" \/>\n<meta property=\"og:url\" content=\"https:\/\/www.strassenweb.de\/nachrichten\/vergessen-sie-beige-und-greige-cliff-richards-tiefgruenes-sofa-beweist-dass-dieser-reiche-erdige-farbton-die-neutralen-designer-fuer-2026-wenden\/\" \/>\n<meta property=\"og:site_name\" content=\"Stra\u00dfenweb\" \/>\n<meta property=\"article:publisher\" content=\"https:\/\/www.facebook.com\/strassenweb\/\" \/>\n<meta property=\"article:published_time\" content=\"2025-08-03T02:40:19+00:00\" \/>\n<meta property=\"article:modified_time\" content=\"2025-08-03T02:40:20+00:00\" \/>\n<meta property=\"og:image\" content=\"https:\/\/www.strassenweb.de\/nachrichten\/wp-content\/uploads\/2025\/08\/Vergessen-Sie-Beige-und-Greige-Cliff-Richards-tiefgruenes-Sofa.jpg\" \/>\n\t<meta property=\"og:image:width\" content=\"1600\" \/>\n\t<meta property=\"og:image:height\" content=\"900\" \/>\n\t<meta property=\"og:image:type\" content=\"image\/jpeg\" \/>\n<meta name=\"author\" content=\"Robert Hoffmann\" \/>\n<meta name=\"twitter:card\" content=\"summary_large_image\" \/>\n<meta name=\"twitter:label1\" content=\"Verfasst von\" \/>\n\t<meta name=\"twitter:data1\" content=\"Robert Hoffmann\" \/>\n\t<meta name=\"twitter:label2\" content=\"Gesch\u00e4tzte Lesezeit\" \/>\n\t<meta name=\"twitter:data2\" content=\"2\u00a0Minuten\" \/>\n<script type=\"application\/ld+json\" class=\"yoast-schema-graph\">{\"@context\":\"https:\\\/\\\/schema.org\",\"@graph\":[{\"@type\":\"Article\",\"@id\":\"https:\\\/\\\/www.strassenweb.de\\\/nachrichten\\\/vergessen-sie-beige-und-greige-cliff-richards-tiefgruenes-sofa-beweist-dass-dieser-reiche-erdige-farbton-die-neutralen-designer-fuer-2026-wenden\\\/#article\",\"isPartOf\":{\"@id\":\"https:\\\/\\\/www.strassenweb.de\\\/nachrichten\\\/vergessen-sie-beige-und-greige-cliff-richards-tiefgruenes-sofa-beweist-dass-dieser-reiche-erdige-farbton-die-neutralen-designer-fuer-2026-wenden\\\/\"},\"author\":{\"name\":\"Robert Hoffmann\",\"@id\":\"https:\\\/\\\/www.strassenweb.de\\\/nachrichten\\\/#\\\/schema\\\/person\\\/87c9c9067f1211da429a744dc5a5aa41\"},\"headline\":\"Vergessen Sie Beige und Greige &#8211; Cliff Richards tiefgr\u00fcnes Sofa beweist, dass dieser reiche, erdige Farbton die neutralen Designer f\u00fcr 2026 wenden\",\"datePublished\":\"2025-08-03T02:40:19+00:00\",\"dateModified\":\"2025-08-03T02:40:20+00:00\",\"mainEntityOfPage\":{\"@id\":\"https:\\\/\\\/www.strassenweb.de\\\/nachrichten\\\/vergessen-sie-beige-und-greige-cliff-richards-tiefgruenes-sofa-beweist-dass-dieser-reiche-erdige-farbton-die-neutralen-designer-fuer-2026-wenden\\\/\"},\"wordCount\":416,\"publisher\":{\"@id\":\"https:\\\/\\\/www.strassenweb.de\\\/nachrichten\\\/#organization\"},\"image\":{\"@id\":\"https:\\\/\\\/www.strassenweb.de\\\/nachrichten\\\/vergessen-sie-beige-und-greige-cliff-richards-tiefgruenes-sofa-beweist-dass-dieser-reiche-erdige-farbton-die-neutralen-designer-fuer-2026-wenden\\\/#primaryimage\"},\"thumbnailUrl\":\"https:\\\/\\\/www.strassenweb.de\\\/nachrichten\\\/wp-content\\\/uploads\\\/2025\\\/08\\\/Vergessen-Sie-Beige-und-Greige-Cliff-Richards-tiefgruenes-Sofa.jpg\",\"keywords\":[\"Beige\",\"beweist\",\"Cliff\",\"dass\",\"Designer\",\"die\",\"dieser\",\"erdige\",\"Farbton\",\"f\u00fcr\",\"Greige\",\"neutralen\",\"reiche\",\"Richards\",\"Sie\",\"Sofa\",\"tiefgr\u00fcnes\",\"und\",\"Vergessen\",\"wenden\"],\"articleSection\":[\"Haus &amp; Garten\"],\"inLanguage\":\"de\"},{\"@type\":\"WebPage\",\"@id\":\"https:\\\/\\\/www.strassenweb.de\\\/nachrichten\\\/vergessen-sie-beige-und-greige-cliff-richards-tiefgruenes-sofa-beweist-dass-dieser-reiche-erdige-farbton-die-neutralen-designer-fuer-2026-wenden\\\/\",\"url\":\"https:\\\/\\\/www.strassenweb.de\\\/nachrichten\\\/vergessen-sie-beige-und-greige-cliff-richards-tiefgruenes-sofa-beweist-dass-dieser-reiche-erdige-farbton-die-neutralen-designer-fuer-2026-wenden\\\/\",\"name\":\"Vergessen Sie Beige und Greige - Cliff Richards tiefgr\u00fcnes Sofa beweist, dass dieser reiche, erdige Farbton die neutralen Designer f\u00fcr 2026 wenden - Nachrichten - Stra\u00dfenweb\",\"isPartOf\":{\"@id\":\"https:\\\/\\\/www.strassenweb.de\\\/nachrichten\\\/#website\"},\"primaryImageOfPage\":{\"@id\":\"https:\\\/\\\/www.strassenweb.de\\\/nachrichten\\\/vergessen-sie-beige-und-greige-cliff-richards-tiefgruenes-sofa-beweist-dass-dieser-reiche-erdige-farbton-die-neutralen-designer-fuer-2026-wenden\\\/#primaryimage\"},\"image\":{\"@id\":\"https:\\\/\\\/www.strassenweb.de\\\/nachrichten\\\/vergessen-sie-beige-und-greige-cliff-richards-tiefgruenes-sofa-beweist-dass-dieser-reiche-erdige-farbton-die-neutralen-designer-fuer-2026-wenden\\\/#primaryimage\"},\"thumbnailUrl\":\"https:\\\/\\\/www.strassenweb.de\\\/nachrichten\\\/wp-content\\\/uploads\\\/2025\\\/08\\\/Vergessen-Sie-Beige-und-Greige-Cliff-Richards-tiefgruenes-Sofa.jpg\",\"datePublished\":\"2025-08-03T02:40:19+00:00\",\"dateModified\":\"2025-08-03T02:40:20+00:00\",\"breadcrumb\":{\"@id\":\"https:\\\/\\\/www.strassenweb.de\\\/nachrichten\\\/vergessen-sie-beige-und-greige-cliff-richards-tiefgruenes-sofa-beweist-dass-dieser-reiche-erdige-farbton-die-neutralen-designer-fuer-2026-wenden\\\/#breadcrumb\"},\"inLanguage\":\"de\",\"potentialAction\":[{\"@type\":\"ReadAction\",\"target\":[\"https:\\\/\\\/www.strassenweb.de\\\/nachrichten\\\/vergessen-sie-beige-und-greige-cliff-richards-tiefgruenes-sofa-beweist-dass-dieser-reiche-erdige-farbton-die-neutralen-designer-fuer-2026-wenden\\\/\"]}]},{\"@type\":\"ImageObject\",\"inLanguage\":\"de\",\"@id\":\"https:\\\/\\\/www.strassenweb.de\\\/nachrichten\\\/vergessen-sie-beige-und-greige-cliff-richards-tiefgruenes-sofa-beweist-dass-dieser-reiche-erdige-farbton-die-neutralen-designer-fuer-2026-wenden\\\/#primaryimage\",\"url\":\"https:\\\/\\\/www.strassenweb.de\\\/nachrichten\\\/wp-content\\\/uploads\\\/2025\\\/08\\\/Vergessen-Sie-Beige-und-Greige-Cliff-Richards-tiefgruenes-Sofa.jpg\",\"contentUrl\":\"https:\\\/\\\/www.strassenweb.de\\\/nachrichten\\\/wp-content\\\/uploads\\\/2025\\\/08\\\/Vergessen-Sie-Beige-und-Greige-Cliff-Richards-tiefgruenes-Sofa.jpg\",\"width\":1600,\"height\":900,\"caption\":\"Cliff Richard\"},{\"@type\":\"BreadcrumbList\",\"@id\":\"https:\\\/\\\/www.strassenweb.de\\\/nachrichten\\\/vergessen-sie-beige-und-greige-cliff-richards-tiefgruenes-sofa-beweist-dass-dieser-reiche-erdige-farbton-die-neutralen-designer-fuer-2026-wenden\\\/#breadcrumb\",\"itemListElement\":[{\"@type\":\"ListItem\",\"position\":1,\"name\":\"Home\",\"item\":\"https:\\\/\\\/www.strassenweb.de\\\/nachrichten\\\/\"},{\"@type\":\"ListItem\",\"position\":2,\"name\":\"Vergessen Sie Beige und Greige &#8211; Cliff Richards tiefgr\u00fcnes Sofa beweist, dass dieser reiche, erdige Farbton die neutralen Designer f\u00fcr 2026 wenden\"}]},{\"@type\":\"WebSite\",\"@id\":\"https:\\\/\\\/www.strassenweb.de\\\/nachrichten\\\/#website\",\"url\":\"https:\\\/\\\/www.strassenweb.de\\\/nachrichten\\\/\",\"name\":\"Stra\u00dfenweb\",\"description\":\"Stra\u00dfenverzeichnis f\u00fcr Deutschland\",\"publisher\":{\"@id\":\"https:\\\/\\\/www.strassenweb.de\\\/nachrichten\\\/#organization\"},\"potentialAction\":[{\"@type\":\"SearchAction\",\"target\":{\"@type\":\"EntryPoint\",\"urlTemplate\":\"https:\\\/\\\/www.strassenweb.de\\\/nachrichten\\\/?s={search_term_string}\"},\"query-input\":{\"@type\":\"PropertyValueSpecification\",\"valueRequired\":true,\"valueName\":\"search_term_string\"}}],\"inLanguage\":\"de\"},{\"@type\":\"Organization\",\"@id\":\"https:\\\/\\\/www.strassenweb.de\\\/nachrichten\\\/#organization\",\"name\":\"Stra\u00dfenweb\",\"url\":\"https:\\\/\\\/www.strassenweb.de\\\/nachrichten\\\/\",\"logo\":{\"@type\":\"ImageObject\",\"inLanguage\":\"de\",\"@id\":\"https:\\\/\\\/www.strassenweb.de\\\/nachrichten\\\/#\\\/schema\\\/logo\\\/image\\\/\",\"url\":\"https:\\\/\\\/www.strassenweb.de\\\/nachrichten\\\/wp-content\\\/uploads\\\/2024\\\/09\\\/cropped-favicon.png\",\"contentUrl\":\"https:\\\/\\\/www.strassenweb.de\\\/nachrichten\\\/wp-content\\\/uploads\\\/2024\\\/09\\\/cropped-favicon.png\",\"width\":512,\"height\":512,\"caption\":\"Stra\u00dfenweb\"},\"image\":{\"@id\":\"https:\\\/\\\/www.strassenweb.de\\\/nachrichten\\\/#\\\/schema\\\/logo\\\/image\\\/\"},\"sameAs\":[\"https:\\\/\\\/www.facebook.com\\\/strassenweb\\\/\"]},{\"@type\":\"Person\",\"@id\":\"https:\\\/\\\/www.strassenweb.de\\\/nachrichten\\\/#\\\/schema\\\/person\\\/87c9c9067f1211da429a744dc5a5aa41\",\"name\":\"Robert Hoffmann\",\"image\":{\"@type\":\"ImageObject\",\"inLanguage\":\"de\",\"@id\":\"https:\\\/\\\/www.strassenweb.de\\\/nachrichten\\\/wp-content\\\/uploads\\\/2024\\\/09\\\/strassenweb-150x150.jpg\",\"url\":\"https:\\\/\\\/www.strassenweb.de\\\/nachrichten\\\/wp-content\\\/uploads\\\/2024\\\/09\\\/strassenweb-150x150.jpg\",\"contentUrl\":\"https:\\\/\\\/www.strassenweb.de\\\/nachrichten\\\/wp-content\\\/uploads\\\/2024\\\/09\\\/strassenweb-150x150.jpg\",\"caption\":\"Robert Hoffmann\"},\"description\":\"Ich hei\u00dfe Robert Hoffmann und ich bin ein leidenschaftlicher Verfechter von \u00d6kologie und Biodiversit\u00e4t. Seit meiner Kindheit in den W\u00e4ldern Bayerns f\u00fchle ich mich mit der Natur verbunden und bin entschlossen, sie zu sch\u00fctzen. Heute widme ich mein Leben der Sensibilisierung anderer f\u00fcr die Bedeutung des Umweltschutzes f\u00fcr zuk\u00fcnftige Generationen.\",\"sameAs\":[\"https:\\\/\\\/www.strassenweb.de\\\/\"]}]}<\/script>\n<!-- \/ Yoast SEO plugin. -->","yoast_head_json":{"title":"Vergessen Sie Beige und Greige - Cliff Richards tiefgr\u00fcnes Sofa beweist, dass dieser reiche, erdige Farbton die neutralen Designer f\u00fcr 2026 wenden - Nachrichten - Stra\u00dfenweb","robots":{"index":"index","follow":"follow","max-snippet":"max-snippet:-1","max-image-preview":"max-image-preview:large","max-video-preview":"max-video-preview:-1"},"canonical":"https:\/\/www.strassenweb.de\/nachrichten\/vergessen-sie-beige-und-greige-cliff-richards-tiefgruenes-sofa-beweist-dass-dieser-reiche-erdige-farbton-die-neutralen-designer-fuer-2026-wenden\/","og_locale":"de_DE","og_type":"article","og_title":"Vergessen Sie Beige und Greige - Cliff Richards tiefgr\u00fcnes Sofa beweist, dass dieser reiche, erdige Farbton die neutralen Designer f\u00fcr 2026 wenden - Nachrichten - Stra\u00dfenweb","og_description":"Trends sind immer wieder ein Radfahren. Hier im Celebrity Style -Team lieben wir es, sich von alten Fotos inspirieren zu lassen (von denen einige jetzt","og_url":"https:\/\/www.strassenweb.de\/nachrichten\/vergessen-sie-beige-und-greige-cliff-richards-tiefgruenes-sofa-beweist-dass-dieser-reiche-erdige-farbton-die-neutralen-designer-fuer-2026-wenden\/","og_site_name":"Stra\u00dfenweb","article_publisher":"https:\/\/www.facebook.com\/strassenweb\/","article_published_time":"2025-08-03T02:40:19+00:00","article_modified_time":"2025-08-03T02:40:20+00:00","og_image":[{"width":1600,"height":900,"url":"https:\/\/www.strassenweb.de\/nachrichten\/wp-content\/uploads\/2025\/08\/Vergessen-Sie-Beige-und-Greige-Cliff-Richards-tiefgruenes-Sofa.jpg","type":"image\/jpeg"}],"author":"Robert Hoffmann","twitter_card":"summary_large_image","twitter_misc":{"Verfasst von":"Robert Hoffmann","Gesch\u00e4tzte Lesezeit":"2\u00a0Minuten"},"schema":{"@context":"https:\/\/schema.org","@graph":[{"@type":"Article","@id":"https:\/\/www.strassenweb.de\/nachrichten\/vergessen-sie-beige-und-greige-cliff-richards-tiefgruenes-sofa-beweist-dass-dieser-reiche-erdige-farbton-die-neutralen-designer-fuer-2026-wenden\/#article","isPartOf":{"@id":"https:\/\/www.strassenweb.de\/nachrichten\/vergessen-sie-beige-und-greige-cliff-richards-tiefgruenes-sofa-beweist-dass-dieser-reiche-erdige-farbton-die-neutralen-designer-fuer-2026-wenden\/"},"author":{"name":"Robert Hoffmann","@id":"https:\/\/www.strassenweb.de\/nachrichten\/#\/schema\/person\/87c9c9067f1211da429a744dc5a5aa41"},"headline":"Vergessen Sie Beige und Greige &#8211; Cliff Richards tiefgr\u00fcnes Sofa beweist, dass dieser reiche, erdige Farbton die neutralen Designer f\u00fcr 2026 wenden","datePublished":"2025-08-03T02:40:19+00:00","dateModified":"2025-08-03T02:40:20+00:00","mainEntityOfPage":{"@id":"https:\/\/www.strassenweb.de\/nachrichten\/vergessen-sie-beige-und-greige-cliff-richards-tiefgruenes-sofa-beweist-dass-dieser-reiche-erdige-farbton-die-neutralen-designer-fuer-2026-wenden\/"},"wordCount":416,"publisher":{"@id":"https:\/\/www.strassenweb.de\/nachrichten\/#organization"},"image":{"@id":"https:\/\/www.strassenweb.de\/nachrichten\/vergessen-sie-beige-und-greige-cliff-richards-tiefgruenes-sofa-beweist-dass-dieser-reiche-erdige-farbton-die-neutralen-designer-fuer-2026-wenden\/#primaryimage"},"thumbnailUrl":"https:\/\/www.strassenweb.de\/nachrichten\/wp-content\/uploads\/2025\/08\/Vergessen-Sie-Beige-und-Greige-Cliff-Richards-tiefgruenes-Sofa.jpg","keywords":["Beige","beweist","Cliff","dass","Designer","die","dieser","erdige","Farbton","f\u00fcr","Greige","neutralen","reiche","Richards","Sie","Sofa","tiefgr\u00fcnes","und","Vergessen","wenden"],"articleSection":["Haus &amp; Garten"],"inLanguage":"de"},{"@type":"WebPage","@id":"https:\/\/www.strassenweb.de\/nachrichten\/vergessen-sie-beige-und-greige-cliff-richards-tiefgruenes-sofa-beweist-dass-dieser-reiche-erdige-farbton-die-neutralen-designer-fuer-2026-wenden\/","url":"https:\/\/www.strassenweb.de\/nachrichten\/vergessen-sie-beige-und-greige-cliff-richards-tiefgruenes-sofa-beweist-dass-dieser-reiche-erdige-farbton-die-neutralen-designer-fuer-2026-wenden\/","name":"Vergessen Sie Beige und Greige - Cliff Richards tiefgr\u00fcnes Sofa beweist, dass dieser reiche, erdige Farbton die neutralen Designer f\u00fcr 2026 wenden - Nachrichten - Stra\u00dfenweb","isPartOf":{"@id":"https:\/\/www.strassenweb.de\/nachrichten\/#website"},"primaryImageOfPage":{"@id":"https:\/\/www.strassenweb.de\/nachrichten\/vergessen-sie-beige-und-greige-cliff-richards-tiefgruenes-sofa-beweist-dass-dieser-reiche-erdige-farbton-die-neutralen-designer-fuer-2026-wenden\/#primaryimage"},"image":{"@id":"https:\/\/www.strassenweb.de\/nachrichten\/vergessen-sie-beige-und-greige-cliff-richards-tiefgruenes-sofa-beweist-dass-dieser-reiche-erdige-farbton-die-neutralen-designer-fuer-2026-wenden\/#primaryimage"},"thumbnailUrl":"https:\/\/www.strassenweb.de\/nachrichten\/wp-content\/uploads\/2025\/08\/Vergessen-Sie-Beige-und-Greige-Cliff-Richards-tiefgruenes-Sofa.jpg","datePublished":"2025-08-03T02:40:19+00:00","dateModified":"2025-08-03T02:40:20+00:00","breadcrumb":{"@id":"https:\/\/www.strassenweb.de\/nachrichten\/vergessen-sie-beige-und-greige-cliff-richards-tiefgruenes-sofa-beweist-dass-dieser-reiche-erdige-farbton-die-neutralen-designer-fuer-2026-wenden\/#breadcrumb"},"inLanguage":"de","potentialAction":[{"@type":"ReadAction","target":["https:\/\/www.strassenweb.de\/nachrichten\/vergessen-sie-beige-und-greige-cliff-richards-tiefgruenes-sofa-beweist-dass-dieser-reiche-erdige-farbton-die-neutralen-designer-fuer-2026-wenden\/"]}]},{"@type":"ImageObject","inLanguage":"de","@id":"https:\/\/www.strassenweb.de\/nachrichten\/vergessen-sie-beige-und-greige-cliff-richards-tiefgruenes-sofa-beweist-dass-dieser-reiche-erdige-farbton-die-neutralen-designer-fuer-2026-wenden\/#primaryimage","url":"https:\/\/www.strassenweb.de\/nachrichten\/wp-content\/uploads\/2025\/08\/Vergessen-Sie-Beige-und-Greige-Cliff-Richards-tiefgruenes-Sofa.jpg","contentUrl":"https:\/\/www.strassenweb.de\/nachrichten\/wp-content\/uploads\/2025\/08\/Vergessen-Sie-Beige-und-Greige-Cliff-Richards-tiefgruenes-Sofa.jpg","width":1600,"height":900,"caption":"Cliff Richard"},{"@type":"BreadcrumbList","@id":"https:\/\/www.strassenweb.de\/nachrichten\/vergessen-sie-beige-und-greige-cliff-richards-tiefgruenes-sofa-beweist-dass-dieser-reiche-erdige-farbton-die-neutralen-designer-fuer-2026-wenden\/#breadcrumb","itemListElement":[{"@type":"ListItem","position":1,"name":"Home","item":"https:\/\/www.strassenweb.de\/nachrichten\/"},{"@type":"ListItem","position":2,"name":"Vergessen Sie Beige und Greige &#8211; Cliff Richards tiefgr\u00fcnes Sofa beweist, dass dieser reiche, erdige Farbton die neutralen Designer f\u00fcr 2026 wenden"}]},{"@type":"WebSite","@id":"https:\/\/www.strassenweb.de\/nachrichten\/#website","url":"https:\/\/www.strassenweb.de\/nachrichten\/","name":"Stra\u00dfenweb","description":"Stra\u00dfenverzeichnis f\u00fcr Deutschland","publisher":{"@id":"https:\/\/www.strassenweb.de\/nachrichten\/#organization"},"potentialAction":[{"@type":"SearchAction","target":{"@type":"EntryPoint","urlTemplate":"https:\/\/www.strassenweb.de\/nachrichten\/?s={search_term_string}"},"query-input":{"@type":"PropertyValueSpecification","valueRequired":true,"valueName":"search_term_string"}}],"inLanguage":"de"},{"@type":"Organization","@id":"https:\/\/www.strassenweb.de\/nachrichten\/#organization","name":"Stra\u00dfenweb","url":"https:\/\/www.strassenweb.de\/nachrichten\/","logo":{"@type":"ImageObject","inLanguage":"de","@id":"https:\/\/www.strassenweb.de\/nachrichten\/#\/schema\/logo\/image\/","url":"https:\/\/www.strassenweb.de\/nachrichten\/wp-content\/uploads\/2024\/09\/cropped-favicon.png","contentUrl":"https:\/\/www.strassenweb.de\/nachrichten\/wp-content\/uploads\/2024\/09\/cropped-favicon.png","width":512,"height":512,"caption":"Stra\u00dfenweb"},"image":{"@id":"https:\/\/www.strassenweb.de\/nachrichten\/#\/schema\/logo\/image\/"},"sameAs":["https:\/\/www.facebook.com\/strassenweb\/"]},{"@type":"Person","@id":"https:\/\/www.strassenweb.de\/nachrichten\/#\/schema\/person\/87c9c9067f1211da429a744dc5a5aa41","name":"Robert Hoffmann","image":{"@type":"ImageObject","inLanguage":"de","@id":"https:\/\/www.strassenweb.de\/nachrichten\/wp-content\/uploads\/2024\/09\/strassenweb-150x150.jpg","url":"https:\/\/www.strassenweb.de\/nachrichten\/wp-content\/uploads\/2024\/09\/strassenweb-150x150.jpg","contentUrl":"https:\/\/www.strassenweb.de\/nachrichten\/wp-content\/uploads\/2024\/09\/strassenweb-150x150.jpg","caption":"Robert Hoffmann"},"description":"Ich hei\u00dfe Robert Hoffmann und ich bin ein leidenschaftlicher Verfechter von \u00d6kologie und Biodiversit\u00e4t. Seit meiner Kindheit in den W\u00e4ldern Bayerns f\u00fchle ich mich mit der Natur verbunden und bin entschlossen, sie zu sch\u00fctzen. Heute widme ich mein Leben der Sensibilisierung anderer f\u00fcr die Bedeutung des Umweltschutzes f\u00fcr zuk\u00fcnftige Generationen.","sameAs":["https:\/\/www.strassenweb.de\/"]}]}},"_links":{"self":[{"href":"https:\/\/www.strassenweb.de\/nachrichten\/wp-json\/wp\/v2\/posts\/6660","targetHints":{"allow":["GET"]}}],"collection":[{"href":"https:\/\/www.strassenweb.de\/nachrichten\/wp-json\/wp\/v2\/posts"}],"about":[{"href":"https:\/\/www.strassenweb.de\/nachrichten\/wp-json\/wp\/v2\/types\/post"}],"author":[{"embeddable":true,"href":"https:\/\/www.strassenweb.de\/nachrichten\/wp-json\/wp\/v2\/users\/1"}],"replies":[{"embeddable":true,"href":"https:\/\/www.strassenweb.de\/nachrichten\/wp-json\/wp\/v2\/comments?post=6660"}],"version-history":[{"count":0,"href":"https:\/\/www.strassenweb.de\/nachrichten\/wp-json\/wp\/v2\/posts\/6660\/revisions"}],"wp:featuredmedia":[{"embeddable":true,"href":"https:\/\/www.strassenweb.de\/nachrichten\/wp-json\/wp\/v2\/media\/6661"}],"wp:attachment":[{"href":"https:\/\/www.strassenweb.de\/nachrichten\/wp-json\/wp\/v2\/media?parent=6660"}],"wp:term":[{"taxonomy":"category","embeddable":true,"href":"https:\/\/www.strassenweb.de\/nachrichten\/wp-json\/wp\/v2\/categories?post=6660"},{"taxonomy":"post_tag","embeddable":true,"href":"https:\/\/www.strassenweb.de\/nachrichten\/wp-json\/wp\/v2\/tags?post=6660"}],"curies":[{"name":"wp","href":"https:\/\/api.w.org\/{rel}","templated":true}]}}