{"id":6657,"date":"2025-08-03T01:40:50","date_gmt":"2025-08-02T23:40:50","guid":{"rendered":"https:\/\/www.strassenweb.de\/nachrichten\/jane-fonda-belebt-einen-mutigen-farbtrend-der-70er-jahre-in-ihrem-freudigen-wohnzimmer-und-es-dominiert-unsere-innenraeume-im-jahr-2026\/"},"modified":"2025-08-03T01:40:51","modified_gmt":"2025-08-02T23:40:51","slug":"jane-fonda-belebt-einen-mutigen-farbtrend-der-70er-jahre-in-ihrem-freudigen-wohnzimmer-und-es-dominiert-unsere-innenraeume-im-jahr-2026","status":"publish","type":"post","link":"https:\/\/www.strassenweb.de\/nachrichten\/jane-fonda-belebt-einen-mutigen-farbtrend-der-70er-jahre-in-ihrem-freudigen-wohnzimmer-und-es-dominiert-unsere-innenraeume-im-jahr-2026\/","title":{"rendered":"Jane Fonda belebt einen mutigen Farbtrend der 70er Jahre in ihrem freudigen Wohnzimmer &#8211; und es dominiert unsere Innenr\u00e4ume im Jahr 2026"},"content":{"rendered":"<p><\/p>\n<div id=\"article-body\" class=\"article__body \">\n<p>Das Dekorieren mit Gelb ist eine polarisierende Wahl. Wenn es in gro\u00dfen Teilen verwendet wird, kann es grell oder \u00fcberw\u00e4ltigend aussehen, aber wenn es als subtiler Akzent verwendet wird, vermittelt es genau die richtige Menge an Freude und Laune. Jane Fondas Wohnzimmer ist eine Meisterklasse im letzteren.<\/p>\n<div id=\"ad-unit-1\" class=\"ad-unit\"><\/div>\n<p>Wir haben die Methode der Schauspielerin zum Dekorieren mit Gelb im Hintergrund ihres Aussehens entdeckt <em>Lebe mit Andy Cohen<\/em>ausgestrahlt von zu Hause. Der Raum hat graue W\u00e4nde mit Gold- und Holzrahmen. Sie hat ein blaues Samtsofa, das mit leuchtend gelben Wurfkissen gef\u00e4rbt akzentuiert wird. Ein kleiner runder Couchtisch und eine Vase von Orchideen erden den Look.<\/p>\n<p>Janes Wohnzimmerfarbe ist zutiefst emblematisch f\u00fcr die 70er Jahre und \u00e4hnelt den Trends und Stilen dieser Zeit. \u00dcber 50 Jahre sp\u00e4ter sind die Looks aus diesen Jahren wieder in Mode. Laut Google -Daten stieg die Suche nach dem &#8218;Zitronengelben Dekor&#8216; um 100% und suchte im letzten Monat um 277%.<\/p>\n<div class=\"van_vid_carousel\">\n<div class=\"van_vid_carousel__padding\">\n<div class=\"van_vid_carousel__container\"><\/div>\n<\/div>\n<\/div>\n<figure class=\"van-image-figure inline-layout \" data-bordeaux-image-check>\n<div class=\"image-full-width-wrapper\">\n<div class=\"image-widthsetter\" style=\"max-width:2000px;\"><\/div>\n<\/div>\n<\/figure>\n<h3 class=\"article-body__section\" id=\"section-shop-the-yellow-edit\"><span>Kaufen Sie die gelbe Bearbeitung ein<\/span><\/h3>\n<div class=\"product-container hero-product-container product-block-no-wrap\">\n<div class=\"product-block-row\"><\/div>\n<div class=\"product-block-row\"><\/div>\n<div class=\"product-block-row\"><\/div>\n<\/div>\n<aside data-block-type=\"embed\" data-render-type=\"fte\" data-skip=\"dealsy\" data-widget-type=\"seasonal\" class=\"hawk-base\"><\/aside>\n<p>Hellgelbe Akzente wie die zitronenfarbenen Kissen von Jane Fonda werden zu einer der gr\u00f6\u00dften Trends im kommenden Jahr des kommenden Jahres.<\/p>\n<div id=\"ad-unit-2\" class=\"ad-unit\"><\/div>\n<p>Verb\u00fcndeter Wechsel von Reynolds, Experte f\u00fcr Innenarchitektur und Mitbegr\u00fcnder des M\u00f6belh\u00e4ndlers Winderwerte und Reynolds erkl\u00e4rt: \u201eButtergelb war der Trend des Jahres bis Herbst und Winter, aber in diesem Sommer dreht sich alles um Zitronengelb. Der Trend von Lemontini ist eine sch\u00f6ne Sicht auf hellgelb &#8211; ein perfekter R\u00fcckfall f\u00fcr die markanten Farbt\u00f6ne der 1970er Jahre. &#8218;<\/p>\n<p>Das Dekorieren eines gelben Wohnzimmers erfordert eine zarte Ber\u00fchrung. Ally r\u00e4t: \u201eGelb im Haus kann kontrovers sein, aber wenn sie richtig verwendet wird, kann der pikestarische Farbton ein freudiges Gef\u00fchl bringen und einen Raum aufhellen. Verwenden Sie den Schatten sparsam, mit gelbem Pops durch dekorative Accessoires, Wandkunst und weiche M\u00f6bel. &#8218;<\/p>\n<p>Die Mischung aus Blau und Gelb ist eine ungew\u00f6hnliche Paarung, kann aber eine der atemberaubendsten Mischungen sein. Nehmen Sie es von Jane Fonda.<\/p>\n<div id=\"slice-container-newsletterForm-articleInbodyContent-7MjBgGi5925TdF29bjEJaf\" class=\"slice-container newsletter-inbodyContent-slice newsletterForm-articleInbodyContent-7MjBgGi5925TdF29bjEJaf slice-container-newsletterForm\"><\/div>\n<div class=\"block\" id=\"articleTag\" data-component-name=\"PostArticleLinks\">\n<div class=\"border-b border-b-black border-solid py-2.5 text-black font-bold uppercase\">Themen<\/div>\n<nav class=\"py-2.5 flex gap-2.5 flex-wrap\" data-analytics-id=\"article-tag\">\n<p>Jane Fonda<br \/>\n<\/nav>\n<\/div>\n<\/div>\n","protected":false},"excerpt":{"rendered":"<p>Das Dekorieren mit Gelb ist eine polarisierende Wahl. Wenn es in gro\u00dfen Teilen verwendet wird, kann es grell oder \u00fcberw\u00e4ltigend aussehen, aber wenn es als<\/p>\n","protected":false},"author":1,"featured_media":6658,"comment_status":"closed","ping_status":"","sticky":false,"template":"","format":"standard","meta":{"footnotes":""},"categories":[118],"tags":[2871,9089,81,2715,166,2771,9088,9090,534,1908,384,831,9087,6112,37,1068,1229],"class_list":["post-6657","post","type-post","status-publish","format-standard","has-post-thumbnail","hentry","category-haus-garten","tag-70er","tag-belebt","tag-der","tag-dominiert","tag-einen","tag-farbtrend","tag-fonda","tag-freudigen","tag-ihrem","tag-innenraeume","tag-jahr","tag-jahre","tag-jane","tag-mutigen","tag-und","tag-unsere","tag-wohnzimmer","generate-columns","tablet-grid-50","mobile-grid-100","grid-parent","grid-50"],"yoast_head":"<!-- This site is optimized with the Yoast SEO plugin v27.3 - https:\/\/yoast.com\/product\/yoast-seo-wordpress\/ -->\n<title>Jane Fonda belebt einen mutigen Farbtrend der 70er Jahre in ihrem freudigen Wohnzimmer - und es dominiert unsere Innenr\u00e4ume im Jahr 2026 - Nachrichten - Stra\u00dfenweb<\/title>\n<meta name=\"robots\" content=\"index, follow, max-snippet:-1, max-image-preview:large, max-video-preview:-1\" \/>\n<link rel=\"canonical\" href=\"https:\/\/www.strassenweb.de\/nachrichten\/jane-fonda-belebt-einen-mutigen-farbtrend-der-70er-jahre-in-ihrem-freudigen-wohnzimmer-und-es-dominiert-unsere-innenraeume-im-jahr-2026\/\" \/>\n<meta property=\"og:locale\" content=\"de_DE\" \/>\n<meta property=\"og:type\" content=\"article\" \/>\n<meta property=\"og:title\" content=\"Jane Fonda belebt einen mutigen Farbtrend der 70er Jahre in ihrem freudigen Wohnzimmer - und es dominiert unsere Innenr\u00e4ume im Jahr 2026 - Nachrichten - Stra\u00dfenweb\" \/>\n<meta property=\"og:description\" content=\"Das Dekorieren mit Gelb ist eine polarisierende Wahl. Wenn es in gro\u00dfen Teilen verwendet wird, kann es grell oder \u00fcberw\u00e4ltigend aussehen, aber wenn es als\" \/>\n<meta property=\"og:url\" content=\"https:\/\/www.strassenweb.de\/nachrichten\/jane-fonda-belebt-einen-mutigen-farbtrend-der-70er-jahre-in-ihrem-freudigen-wohnzimmer-und-es-dominiert-unsere-innenraeume-im-jahr-2026\/\" \/>\n<meta property=\"og:site_name\" content=\"Stra\u00dfenweb\" \/>\n<meta property=\"article:publisher\" content=\"https:\/\/www.facebook.com\/strassenweb\/\" \/>\n<meta property=\"article:published_time\" content=\"2025-08-02T23:40:50+00:00\" \/>\n<meta property=\"article:modified_time\" content=\"2025-08-02T23:40:51+00:00\" \/>\n<meta property=\"og:image\" content=\"https:\/\/www.strassenweb.de\/nachrichten\/wp-content\/uploads\/2025\/08\/Jane-Fonda-belebt-einen-mutigen-Farbtrend-der-70er-Jahre-in.jpg\" \/>\n\t<meta property=\"og:image:width\" content=\"1600\" \/>\n\t<meta property=\"og:image:height\" content=\"1000\" \/>\n\t<meta property=\"og:image:type\" content=\"image\/jpeg\" \/>\n<meta name=\"author\" content=\"Robert Hoffmann\" \/>\n<meta name=\"twitter:card\" content=\"summary_large_image\" \/>\n<meta name=\"twitter:label1\" content=\"Verfasst von\" \/>\n\t<meta name=\"twitter:data1\" content=\"Robert Hoffmann\" \/>\n\t<meta name=\"twitter:label2\" content=\"Gesch\u00e4tzte Lesezeit\" \/>\n\t<meta name=\"twitter:data2\" content=\"2\u00a0Minuten\" \/>\n<script type=\"application\/ld+json\" class=\"yoast-schema-graph\">{\"@context\":\"https:\\\/\\\/schema.org\",\"@graph\":[{\"@type\":\"Article\",\"@id\":\"https:\\\/\\\/www.strassenweb.de\\\/nachrichten\\\/jane-fonda-belebt-einen-mutigen-farbtrend-der-70er-jahre-in-ihrem-freudigen-wohnzimmer-und-es-dominiert-unsere-innenraeume-im-jahr-2026\\\/#article\",\"isPartOf\":{\"@id\":\"https:\\\/\\\/www.strassenweb.de\\\/nachrichten\\\/jane-fonda-belebt-einen-mutigen-farbtrend-der-70er-jahre-in-ihrem-freudigen-wohnzimmer-und-es-dominiert-unsere-innenraeume-im-jahr-2026\\\/\"},\"author\":{\"name\":\"Robert Hoffmann\",\"@id\":\"https:\\\/\\\/www.strassenweb.de\\\/nachrichten\\\/#\\\/schema\\\/person\\\/87c9c9067f1211da429a744dc5a5aa41\"},\"headline\":\"Jane Fonda belebt einen mutigen Farbtrend der 70er Jahre in ihrem freudigen Wohnzimmer &#8211; und es dominiert unsere Innenr\u00e4ume im Jahr 2026\",\"datePublished\":\"2025-08-02T23:40:50+00:00\",\"dateModified\":\"2025-08-02T23:40:51+00:00\",\"mainEntityOfPage\":{\"@id\":\"https:\\\/\\\/www.strassenweb.de\\\/nachrichten\\\/jane-fonda-belebt-einen-mutigen-farbtrend-der-70er-jahre-in-ihrem-freudigen-wohnzimmer-und-es-dominiert-unsere-innenraeume-im-jahr-2026\\\/\"},\"wordCount\":351,\"publisher\":{\"@id\":\"https:\\\/\\\/www.strassenweb.de\\\/nachrichten\\\/#organization\"},\"image\":{\"@id\":\"https:\\\/\\\/www.strassenweb.de\\\/nachrichten\\\/jane-fonda-belebt-einen-mutigen-farbtrend-der-70er-jahre-in-ihrem-freudigen-wohnzimmer-und-es-dominiert-unsere-innenraeume-im-jahr-2026\\\/#primaryimage\"},\"thumbnailUrl\":\"https:\\\/\\\/www.strassenweb.de\\\/nachrichten\\\/wp-content\\\/uploads\\\/2025\\\/08\\\/Jane-Fonda-belebt-einen-mutigen-Farbtrend-der-70er-Jahre-in.jpg\",\"keywords\":[\"70er\",\"belebt\",\"der\",\"dominiert\",\"einen\",\"Farbtrend\",\"Fonda\",\"freudigen\",\"ihrem\",\"Innenr\u00e4ume\",\"Jahr\",\"Jahre\",\"Jane\",\"mutigen\",\"und\",\"Unsere\",\"Wohnzimmer\"],\"articleSection\":[\"Haus &amp; Garten\"],\"inLanguage\":\"de\"},{\"@type\":\"WebPage\",\"@id\":\"https:\\\/\\\/www.strassenweb.de\\\/nachrichten\\\/jane-fonda-belebt-einen-mutigen-farbtrend-der-70er-jahre-in-ihrem-freudigen-wohnzimmer-und-es-dominiert-unsere-innenraeume-im-jahr-2026\\\/\",\"url\":\"https:\\\/\\\/www.strassenweb.de\\\/nachrichten\\\/jane-fonda-belebt-einen-mutigen-farbtrend-der-70er-jahre-in-ihrem-freudigen-wohnzimmer-und-es-dominiert-unsere-innenraeume-im-jahr-2026\\\/\",\"name\":\"Jane Fonda belebt einen mutigen Farbtrend der 70er Jahre in ihrem freudigen Wohnzimmer - und es dominiert unsere Innenr\u00e4ume im Jahr 2026 - Nachrichten - Stra\u00dfenweb\",\"isPartOf\":{\"@id\":\"https:\\\/\\\/www.strassenweb.de\\\/nachrichten\\\/#website\"},\"primaryImageOfPage\":{\"@id\":\"https:\\\/\\\/www.strassenweb.de\\\/nachrichten\\\/jane-fonda-belebt-einen-mutigen-farbtrend-der-70er-jahre-in-ihrem-freudigen-wohnzimmer-und-es-dominiert-unsere-innenraeume-im-jahr-2026\\\/#primaryimage\"},\"image\":{\"@id\":\"https:\\\/\\\/www.strassenweb.de\\\/nachrichten\\\/jane-fonda-belebt-einen-mutigen-farbtrend-der-70er-jahre-in-ihrem-freudigen-wohnzimmer-und-es-dominiert-unsere-innenraeume-im-jahr-2026\\\/#primaryimage\"},\"thumbnailUrl\":\"https:\\\/\\\/www.strassenweb.de\\\/nachrichten\\\/wp-content\\\/uploads\\\/2025\\\/08\\\/Jane-Fonda-belebt-einen-mutigen-Farbtrend-der-70er-Jahre-in.jpg\",\"datePublished\":\"2025-08-02T23:40:50+00:00\",\"dateModified\":\"2025-08-02T23:40:51+00:00\",\"breadcrumb\":{\"@id\":\"https:\\\/\\\/www.strassenweb.de\\\/nachrichten\\\/jane-fonda-belebt-einen-mutigen-farbtrend-der-70er-jahre-in-ihrem-freudigen-wohnzimmer-und-es-dominiert-unsere-innenraeume-im-jahr-2026\\\/#breadcrumb\"},\"inLanguage\":\"de\",\"potentialAction\":[{\"@type\":\"ReadAction\",\"target\":[\"https:\\\/\\\/www.strassenweb.de\\\/nachrichten\\\/jane-fonda-belebt-einen-mutigen-farbtrend-der-70er-jahre-in-ihrem-freudigen-wohnzimmer-und-es-dominiert-unsere-innenraeume-im-jahr-2026\\\/\"]}]},{\"@type\":\"ImageObject\",\"inLanguage\":\"de\",\"@id\":\"https:\\\/\\\/www.strassenweb.de\\\/nachrichten\\\/jane-fonda-belebt-einen-mutigen-farbtrend-der-70er-jahre-in-ihrem-freudigen-wohnzimmer-und-es-dominiert-unsere-innenraeume-im-jahr-2026\\\/#primaryimage\",\"url\":\"https:\\\/\\\/www.strassenweb.de\\\/nachrichten\\\/wp-content\\\/uploads\\\/2025\\\/08\\\/Jane-Fonda-belebt-einen-mutigen-Farbtrend-der-70er-Jahre-in.jpg\",\"contentUrl\":\"https:\\\/\\\/www.strassenweb.de\\\/nachrichten\\\/wp-content\\\/uploads\\\/2025\\\/08\\\/Jane-Fonda-belebt-einen-mutigen-Farbtrend-der-70er-Jahre-in.jpg\",\"width\":1600,\"height\":1000,\"caption\":\"Jane Fonda\"},{\"@type\":\"BreadcrumbList\",\"@id\":\"https:\\\/\\\/www.strassenweb.de\\\/nachrichten\\\/jane-fonda-belebt-einen-mutigen-farbtrend-der-70er-jahre-in-ihrem-freudigen-wohnzimmer-und-es-dominiert-unsere-innenraeume-im-jahr-2026\\\/#breadcrumb\",\"itemListElement\":[{\"@type\":\"ListItem\",\"position\":1,\"name\":\"Home\",\"item\":\"https:\\\/\\\/www.strassenweb.de\\\/nachrichten\\\/\"},{\"@type\":\"ListItem\",\"position\":2,\"name\":\"Jane Fonda belebt einen mutigen Farbtrend der 70er Jahre in ihrem freudigen Wohnzimmer &#8211; und es dominiert unsere Innenr\u00e4ume im Jahr 2026\"}]},{\"@type\":\"WebSite\",\"@id\":\"https:\\\/\\\/www.strassenweb.de\\\/nachrichten\\\/#website\",\"url\":\"https:\\\/\\\/www.strassenweb.de\\\/nachrichten\\\/\",\"name\":\"Stra\u00dfenweb\",\"description\":\"Stra\u00dfenverzeichnis f\u00fcr Deutschland\",\"publisher\":{\"@id\":\"https:\\\/\\\/www.strassenweb.de\\\/nachrichten\\\/#organization\"},\"potentialAction\":[{\"@type\":\"SearchAction\",\"target\":{\"@type\":\"EntryPoint\",\"urlTemplate\":\"https:\\\/\\\/www.strassenweb.de\\\/nachrichten\\\/?s={search_term_string}\"},\"query-input\":{\"@type\":\"PropertyValueSpecification\",\"valueRequired\":true,\"valueName\":\"search_term_string\"}}],\"inLanguage\":\"de\"},{\"@type\":\"Organization\",\"@id\":\"https:\\\/\\\/www.strassenweb.de\\\/nachrichten\\\/#organization\",\"name\":\"Stra\u00dfenweb\",\"url\":\"https:\\\/\\\/www.strassenweb.de\\\/nachrichten\\\/\",\"logo\":{\"@type\":\"ImageObject\",\"inLanguage\":\"de\",\"@id\":\"https:\\\/\\\/www.strassenweb.de\\\/nachrichten\\\/#\\\/schema\\\/logo\\\/image\\\/\",\"url\":\"https:\\\/\\\/www.strassenweb.de\\\/nachrichten\\\/wp-content\\\/uploads\\\/2024\\\/09\\\/cropped-favicon.png\",\"contentUrl\":\"https:\\\/\\\/www.strassenweb.de\\\/nachrichten\\\/wp-content\\\/uploads\\\/2024\\\/09\\\/cropped-favicon.png\",\"width\":512,\"height\":512,\"caption\":\"Stra\u00dfenweb\"},\"image\":{\"@id\":\"https:\\\/\\\/www.strassenweb.de\\\/nachrichten\\\/#\\\/schema\\\/logo\\\/image\\\/\"},\"sameAs\":[\"https:\\\/\\\/www.facebook.com\\\/strassenweb\\\/\"]},{\"@type\":\"Person\",\"@id\":\"https:\\\/\\\/www.strassenweb.de\\\/nachrichten\\\/#\\\/schema\\\/person\\\/87c9c9067f1211da429a744dc5a5aa41\",\"name\":\"Robert Hoffmann\",\"image\":{\"@type\":\"ImageObject\",\"inLanguage\":\"de\",\"@id\":\"https:\\\/\\\/www.strassenweb.de\\\/nachrichten\\\/wp-content\\\/uploads\\\/2024\\\/09\\\/strassenweb-150x150.jpg\",\"url\":\"https:\\\/\\\/www.strassenweb.de\\\/nachrichten\\\/wp-content\\\/uploads\\\/2024\\\/09\\\/strassenweb-150x150.jpg\",\"contentUrl\":\"https:\\\/\\\/www.strassenweb.de\\\/nachrichten\\\/wp-content\\\/uploads\\\/2024\\\/09\\\/strassenweb-150x150.jpg\",\"caption\":\"Robert Hoffmann\"},\"description\":\"Ich hei\u00dfe Robert Hoffmann und ich bin ein leidenschaftlicher Verfechter von \u00d6kologie und Biodiversit\u00e4t. Seit meiner Kindheit in den W\u00e4ldern Bayerns f\u00fchle ich mich mit der Natur verbunden und bin entschlossen, sie zu sch\u00fctzen. Heute widme ich mein Leben der Sensibilisierung anderer f\u00fcr die Bedeutung des Umweltschutzes f\u00fcr zuk\u00fcnftige Generationen.\",\"sameAs\":[\"https:\\\/\\\/www.strassenweb.de\\\/\"]}]}<\/script>\n<!-- \/ Yoast SEO plugin. -->","yoast_head_json":{"title":"Jane Fonda belebt einen mutigen Farbtrend der 70er Jahre in ihrem freudigen Wohnzimmer - und es dominiert unsere Innenr\u00e4ume im Jahr 2026 - Nachrichten - Stra\u00dfenweb","robots":{"index":"index","follow":"follow","max-snippet":"max-snippet:-1","max-image-preview":"max-image-preview:large","max-video-preview":"max-video-preview:-1"},"canonical":"https:\/\/www.strassenweb.de\/nachrichten\/jane-fonda-belebt-einen-mutigen-farbtrend-der-70er-jahre-in-ihrem-freudigen-wohnzimmer-und-es-dominiert-unsere-innenraeume-im-jahr-2026\/","og_locale":"de_DE","og_type":"article","og_title":"Jane Fonda belebt einen mutigen Farbtrend der 70er Jahre in ihrem freudigen Wohnzimmer - und es dominiert unsere Innenr\u00e4ume im Jahr 2026 - Nachrichten - Stra\u00dfenweb","og_description":"Das Dekorieren mit Gelb ist eine polarisierende Wahl. Wenn es in gro\u00dfen Teilen verwendet wird, kann es grell oder \u00fcberw\u00e4ltigend aussehen, aber wenn es als","og_url":"https:\/\/www.strassenweb.de\/nachrichten\/jane-fonda-belebt-einen-mutigen-farbtrend-der-70er-jahre-in-ihrem-freudigen-wohnzimmer-und-es-dominiert-unsere-innenraeume-im-jahr-2026\/","og_site_name":"Stra\u00dfenweb","article_publisher":"https:\/\/www.facebook.com\/strassenweb\/","article_published_time":"2025-08-02T23:40:50+00:00","article_modified_time":"2025-08-02T23:40:51+00:00","og_image":[{"width":1600,"height":1000,"url":"https:\/\/www.strassenweb.de\/nachrichten\/wp-content\/uploads\/2025\/08\/Jane-Fonda-belebt-einen-mutigen-Farbtrend-der-70er-Jahre-in.jpg","type":"image\/jpeg"}],"author":"Robert Hoffmann","twitter_card":"summary_large_image","twitter_misc":{"Verfasst von":"Robert Hoffmann","Gesch\u00e4tzte Lesezeit":"2\u00a0Minuten"},"schema":{"@context":"https:\/\/schema.org","@graph":[{"@type":"Article","@id":"https:\/\/www.strassenweb.de\/nachrichten\/jane-fonda-belebt-einen-mutigen-farbtrend-der-70er-jahre-in-ihrem-freudigen-wohnzimmer-und-es-dominiert-unsere-innenraeume-im-jahr-2026\/#article","isPartOf":{"@id":"https:\/\/www.strassenweb.de\/nachrichten\/jane-fonda-belebt-einen-mutigen-farbtrend-der-70er-jahre-in-ihrem-freudigen-wohnzimmer-und-es-dominiert-unsere-innenraeume-im-jahr-2026\/"},"author":{"name":"Robert Hoffmann","@id":"https:\/\/www.strassenweb.de\/nachrichten\/#\/schema\/person\/87c9c9067f1211da429a744dc5a5aa41"},"headline":"Jane Fonda belebt einen mutigen Farbtrend der 70er Jahre in ihrem freudigen Wohnzimmer &#8211; und es dominiert unsere Innenr\u00e4ume im Jahr 2026","datePublished":"2025-08-02T23:40:50+00:00","dateModified":"2025-08-02T23:40:51+00:00","mainEntityOfPage":{"@id":"https:\/\/www.strassenweb.de\/nachrichten\/jane-fonda-belebt-einen-mutigen-farbtrend-der-70er-jahre-in-ihrem-freudigen-wohnzimmer-und-es-dominiert-unsere-innenraeume-im-jahr-2026\/"},"wordCount":351,"publisher":{"@id":"https:\/\/www.strassenweb.de\/nachrichten\/#organization"},"image":{"@id":"https:\/\/www.strassenweb.de\/nachrichten\/jane-fonda-belebt-einen-mutigen-farbtrend-der-70er-jahre-in-ihrem-freudigen-wohnzimmer-und-es-dominiert-unsere-innenraeume-im-jahr-2026\/#primaryimage"},"thumbnailUrl":"https:\/\/www.strassenweb.de\/nachrichten\/wp-content\/uploads\/2025\/08\/Jane-Fonda-belebt-einen-mutigen-Farbtrend-der-70er-Jahre-in.jpg","keywords":["70er","belebt","der","dominiert","einen","Farbtrend","Fonda","freudigen","ihrem","Innenr\u00e4ume","Jahr","Jahre","Jane","mutigen","und","Unsere","Wohnzimmer"],"articleSection":["Haus &amp; Garten"],"inLanguage":"de"},{"@type":"WebPage","@id":"https:\/\/www.strassenweb.de\/nachrichten\/jane-fonda-belebt-einen-mutigen-farbtrend-der-70er-jahre-in-ihrem-freudigen-wohnzimmer-und-es-dominiert-unsere-innenraeume-im-jahr-2026\/","url":"https:\/\/www.strassenweb.de\/nachrichten\/jane-fonda-belebt-einen-mutigen-farbtrend-der-70er-jahre-in-ihrem-freudigen-wohnzimmer-und-es-dominiert-unsere-innenraeume-im-jahr-2026\/","name":"Jane Fonda belebt einen mutigen Farbtrend der 70er Jahre in ihrem freudigen Wohnzimmer - und es dominiert unsere Innenr\u00e4ume im Jahr 2026 - Nachrichten - Stra\u00dfenweb","isPartOf":{"@id":"https:\/\/www.strassenweb.de\/nachrichten\/#website"},"primaryImageOfPage":{"@id":"https:\/\/www.strassenweb.de\/nachrichten\/jane-fonda-belebt-einen-mutigen-farbtrend-der-70er-jahre-in-ihrem-freudigen-wohnzimmer-und-es-dominiert-unsere-innenraeume-im-jahr-2026\/#primaryimage"},"image":{"@id":"https:\/\/www.strassenweb.de\/nachrichten\/jane-fonda-belebt-einen-mutigen-farbtrend-der-70er-jahre-in-ihrem-freudigen-wohnzimmer-und-es-dominiert-unsere-innenraeume-im-jahr-2026\/#primaryimage"},"thumbnailUrl":"https:\/\/www.strassenweb.de\/nachrichten\/wp-content\/uploads\/2025\/08\/Jane-Fonda-belebt-einen-mutigen-Farbtrend-der-70er-Jahre-in.jpg","datePublished":"2025-08-02T23:40:50+00:00","dateModified":"2025-08-02T23:40:51+00:00","breadcrumb":{"@id":"https:\/\/www.strassenweb.de\/nachrichten\/jane-fonda-belebt-einen-mutigen-farbtrend-der-70er-jahre-in-ihrem-freudigen-wohnzimmer-und-es-dominiert-unsere-innenraeume-im-jahr-2026\/#breadcrumb"},"inLanguage":"de","potentialAction":[{"@type":"ReadAction","target":["https:\/\/www.strassenweb.de\/nachrichten\/jane-fonda-belebt-einen-mutigen-farbtrend-der-70er-jahre-in-ihrem-freudigen-wohnzimmer-und-es-dominiert-unsere-innenraeume-im-jahr-2026\/"]}]},{"@type":"ImageObject","inLanguage":"de","@id":"https:\/\/www.strassenweb.de\/nachrichten\/jane-fonda-belebt-einen-mutigen-farbtrend-der-70er-jahre-in-ihrem-freudigen-wohnzimmer-und-es-dominiert-unsere-innenraeume-im-jahr-2026\/#primaryimage","url":"https:\/\/www.strassenweb.de\/nachrichten\/wp-content\/uploads\/2025\/08\/Jane-Fonda-belebt-einen-mutigen-Farbtrend-der-70er-Jahre-in.jpg","contentUrl":"https:\/\/www.strassenweb.de\/nachrichten\/wp-content\/uploads\/2025\/08\/Jane-Fonda-belebt-einen-mutigen-Farbtrend-der-70er-Jahre-in.jpg","width":1600,"height":1000,"caption":"Jane Fonda"},{"@type":"BreadcrumbList","@id":"https:\/\/www.strassenweb.de\/nachrichten\/jane-fonda-belebt-einen-mutigen-farbtrend-der-70er-jahre-in-ihrem-freudigen-wohnzimmer-und-es-dominiert-unsere-innenraeume-im-jahr-2026\/#breadcrumb","itemListElement":[{"@type":"ListItem","position":1,"name":"Home","item":"https:\/\/www.strassenweb.de\/nachrichten\/"},{"@type":"ListItem","position":2,"name":"Jane Fonda belebt einen mutigen Farbtrend der 70er Jahre in ihrem freudigen Wohnzimmer &#8211; und es dominiert unsere Innenr\u00e4ume im Jahr 2026"}]},{"@type":"WebSite","@id":"https:\/\/www.strassenweb.de\/nachrichten\/#website","url":"https:\/\/www.strassenweb.de\/nachrichten\/","name":"Stra\u00dfenweb","description":"Stra\u00dfenverzeichnis f\u00fcr Deutschland","publisher":{"@id":"https:\/\/www.strassenweb.de\/nachrichten\/#organization"},"potentialAction":[{"@type":"SearchAction","target":{"@type":"EntryPoint","urlTemplate":"https:\/\/www.strassenweb.de\/nachrichten\/?s={search_term_string}"},"query-input":{"@type":"PropertyValueSpecification","valueRequired":true,"valueName":"search_term_string"}}],"inLanguage":"de"},{"@type":"Organization","@id":"https:\/\/www.strassenweb.de\/nachrichten\/#organization","name":"Stra\u00dfenweb","url":"https:\/\/www.strassenweb.de\/nachrichten\/","logo":{"@type":"ImageObject","inLanguage":"de","@id":"https:\/\/www.strassenweb.de\/nachrichten\/#\/schema\/logo\/image\/","url":"https:\/\/www.strassenweb.de\/nachrichten\/wp-content\/uploads\/2024\/09\/cropped-favicon.png","contentUrl":"https:\/\/www.strassenweb.de\/nachrichten\/wp-content\/uploads\/2024\/09\/cropped-favicon.png","width":512,"height":512,"caption":"Stra\u00dfenweb"},"image":{"@id":"https:\/\/www.strassenweb.de\/nachrichten\/#\/schema\/logo\/image\/"},"sameAs":["https:\/\/www.facebook.com\/strassenweb\/"]},{"@type":"Person","@id":"https:\/\/www.strassenweb.de\/nachrichten\/#\/schema\/person\/87c9c9067f1211da429a744dc5a5aa41","name":"Robert Hoffmann","image":{"@type":"ImageObject","inLanguage":"de","@id":"https:\/\/www.strassenweb.de\/nachrichten\/wp-content\/uploads\/2024\/09\/strassenweb-150x150.jpg","url":"https:\/\/www.strassenweb.de\/nachrichten\/wp-content\/uploads\/2024\/09\/strassenweb-150x150.jpg","contentUrl":"https:\/\/www.strassenweb.de\/nachrichten\/wp-content\/uploads\/2024\/09\/strassenweb-150x150.jpg","caption":"Robert Hoffmann"},"description":"Ich hei\u00dfe Robert Hoffmann und ich bin ein leidenschaftlicher Verfechter von \u00d6kologie und Biodiversit\u00e4t. Seit meiner Kindheit in den W\u00e4ldern Bayerns f\u00fchle ich mich mit der Natur verbunden und bin entschlossen, sie zu sch\u00fctzen. Heute widme ich mein Leben der Sensibilisierung anderer f\u00fcr die Bedeutung des Umweltschutzes f\u00fcr zuk\u00fcnftige Generationen.","sameAs":["https:\/\/www.strassenweb.de\/"]}]}},"_links":{"self":[{"href":"https:\/\/www.strassenweb.de\/nachrichten\/wp-json\/wp\/v2\/posts\/6657","targetHints":{"allow":["GET"]}}],"collection":[{"href":"https:\/\/www.strassenweb.de\/nachrichten\/wp-json\/wp\/v2\/posts"}],"about":[{"href":"https:\/\/www.strassenweb.de\/nachrichten\/wp-json\/wp\/v2\/types\/post"}],"author":[{"embeddable":true,"href":"https:\/\/www.strassenweb.de\/nachrichten\/wp-json\/wp\/v2\/users\/1"}],"replies":[{"embeddable":true,"href":"https:\/\/www.strassenweb.de\/nachrichten\/wp-json\/wp\/v2\/comments?post=6657"}],"version-history":[{"count":0,"href":"https:\/\/www.strassenweb.de\/nachrichten\/wp-json\/wp\/v2\/posts\/6657\/revisions"}],"wp:featuredmedia":[{"embeddable":true,"href":"https:\/\/www.strassenweb.de\/nachrichten\/wp-json\/wp\/v2\/media\/6658"}],"wp:attachment":[{"href":"https:\/\/www.strassenweb.de\/nachrichten\/wp-json\/wp\/v2\/media?parent=6657"}],"wp:term":[{"taxonomy":"category","embeddable":true,"href":"https:\/\/www.strassenweb.de\/nachrichten\/wp-json\/wp\/v2\/categories?post=6657"},{"taxonomy":"post_tag","embeddable":true,"href":"https:\/\/www.strassenweb.de\/nachrichten\/wp-json\/wp\/v2\/tags?post=6657"}],"curies":[{"name":"wp","href":"https:\/\/api.w.org\/{rel}","templated":true}]}}