{"id":6641,"date":"2025-08-02T07:43:45","date_gmt":"2025-08-02T05:43:45","guid":{"rendered":"https:\/\/www.strassenweb.de\/nachrichten\/dieser-favorit-mit-toepfereisen-ist-wieder-auf-lager-und-ich-vermisse-dieses-halloween-nicht-aus-renn-sie-zur-kasse\/"},"modified":"2025-08-02T07:43:46","modified_gmt":"2025-08-02T05:43:46","slug":"dieser-favorit-mit-toepfereisen-ist-wieder-auf-lager-und-ich-vermisse-dieses-halloween-nicht-aus-renn-sie-zur-kasse","status":"publish","type":"post","link":"https:\/\/www.strassenweb.de\/nachrichten\/dieser-favorit-mit-toepfereisen-ist-wieder-auf-lager-und-ich-vermisse-dieses-halloween-nicht-aus-renn-sie-zur-kasse\/","title":{"rendered":"Dieser Favorit mit T\u00f6pfereisen ist wieder auf Lager und ich vermisse dieses Halloween nicht aus &#8211; Renn Sie zur Kasse"},"content":{"rendered":"<p><\/p>\n<div id=\"article-body\" class=\"article__body \">\n<p>Als der Herbst immer n\u00e4her kommt, wenden sich meine Gedanken zu Halloween -Dekorationsideen &#8211; zumal der Start der Halloween -Kollektion von Pottery Barn. Von Tabellengeschirr und Softeinrichtungen bis hin zu ausf\u00fchrlichen Outdoor -Accessoires bietet es viel Inspiration f\u00fcr die gruselige Saison, aber es gibt einen Artikel, den ich wirklich begehrt: Pottery Barns Terracotta Jack O&#8217;Lantern.<\/p>\n<div id=\"ad-unit-1\" class=\"ad-unit\"><\/div>\n<p>Diese ausverkauften St\u00fccke sind letztes Jahr aus den Regalen geflogen, und ich bin entschlossen, ein paar in die H\u00e4nde zu bekommen, bevor sie alle wieder aufgerissen werden. Handgemacht von Handwerkern sagen sie subtiles Halloween-Dekor und k\u00f6nnen Jahr f\u00fcr Jahr wiederverwendet werden.<\/p>\n<figure class=\"van-image-figure inline-layout \" data-bordeaux-image-check>\n<div class=\"image-full-width-wrapper\">\n<div class=\"image-widthsetter\" style=\"max-width:2000px;\"><\/div>\n<\/div>\n<\/figure>\n<p>Was ich an den Pottery Barn Jack O&#8217;Lanterns liebe, ist ihre Vielseitigkeit. Es stehen sechs Gr\u00f6\u00dfen zur Verf\u00fcgung, die von Mini (nur 5,25 Zoll hoch) und extra gro\u00df (eine H\u00f6he von 14,75 Zoll) reichen. Die kleineren Versionen eignen sich perfekt f\u00fcr gruselige Tischlandschaften und Mantelpiece Decoration, w\u00e4hrend die gr\u00f6\u00dferen Optionen ideal sind, wenn Sie nach Halloween -Dekor im Freien suchen.<\/p>\n<div class=\"van_vid_carousel\">\n<div class=\"van_vid_carousel__padding\">\n<div class=\"van_vid_carousel__container\"><\/div>\n<\/div>\n<\/div>\n<aside data-block-type=\"embed\" data-render-type=\"fte\" data-skip=\"dealsy\" data-widget-type=\"seasonal\" class=\"hawk-base\"><\/aside>\n<p>In diesem Jahr stehen zwei Formen zur Auswahl: einem klassischen K\u00fcrbis oder einem etwas sperrigeren K\u00fcrbis. Ich habe vor, eine Mischung aus den beiden in verschiedenen Gr\u00f6\u00dfen und Farben (von gewaschenen Schwarz bis Creme und einer traditionellen Terrakotta -Orange) zu kaufen.<\/p>\n<div id=\"ad-unit-2\" class=\"ad-unit\"><\/div>\n<p>Ich war urspr\u00fcnglich teilweise auf die altehrw\u00fcrdige orangefarbene Jack-O-Lantern, aber der cremefarbene Farbton hat mich total \u00fcberzeugt. Tats\u00e4chlich bin ich bereits versucht, ein paar mit funkelnden LED-Lichtern zu f\u00fcllen und sie auf meinen Vorf\u00e4llen zu zeigen. &#8218;Sommerween&#8216;, jemand?<\/p>\n<h2 id=\"pick-your-pumpkin-3\">W\u00e4hlen Sie Ihren K\u00fcrbis<\/h2>\n<div class=\"product-container hero-product-container product-block-no-wrap\">\n<div class=\"product-block-row\"><\/div>\n<div class=\"product-block-row\"><\/div>\n<div class=\"product-block-row\"><\/div>\n<\/div>\n<h2 id=\"complete-the-look-with-these-buys-3\">Vervollst\u00e4ndigen Sie den Look mit diesen K\u00e4ufen<\/h2>\n<div class=\"product-container hero-product-container product-block-no-wrap\">\n<div class=\"product-block-row\"><\/div>\n<div class=\"product-block-row\"><\/div>\n<div class=\"product-block-row\"><\/div>\n<\/div>\n<\/div>\n","protected":false},"excerpt":{"rendered":"<p>Als der Herbst immer n\u00e4her kommt, wenden sich meine Gedanken zu Halloween -Dekorationsideen &#8211; zumal der Start der Halloween -Kollektion von Pottery Barn. Von Tabellengeschirr<\/p>\n","protected":false},"author":1,"featured_media":6642,"comment_status":"closed","ping_status":"","sticky":false,"template":"","format":"standard","meta":{"footnotes":""},"categories":[118],"tags":[46,287,1554,531,8664,248,129,15,9069,9066,146,61,9068,165,9065,37,9067,1440,99],"class_list":["post-6641","post","type-post","status-publish","format-standard","has-post-thumbnail","hentry","category-haus-garten","tag-auf","tag-aus","tag-dieser","tag-dieses","tag-favorit","tag-halloween","tag-ich","tag-ist","tag-kasse","tag-lager","tag-mit","tag-nicht","tag-renn","tag-sie","tag-toepfereisen","tag-und","tag-vermisse","tag-wieder","tag-zur","generate-columns","tablet-grid-50","mobile-grid-100","grid-parent","grid-50"],"yoast_head":"<!-- This site is optimized with the Yoast SEO plugin v27.3 - https:\/\/yoast.com\/product\/yoast-seo-wordpress\/ -->\n<title>Dieser Favorit mit T\u00f6pfereisen ist wieder auf Lager und ich vermisse dieses Halloween nicht aus - Renn Sie zur Kasse - Nachrichten - Stra\u00dfenweb<\/title>\n<meta name=\"robots\" content=\"index, follow, max-snippet:-1, max-image-preview:large, max-video-preview:-1\" \/>\n<link rel=\"canonical\" href=\"https:\/\/www.strassenweb.de\/nachrichten\/dieser-favorit-mit-toepfereisen-ist-wieder-auf-lager-und-ich-vermisse-dieses-halloween-nicht-aus-renn-sie-zur-kasse\/\" \/>\n<meta property=\"og:locale\" content=\"de_DE\" \/>\n<meta property=\"og:type\" content=\"article\" \/>\n<meta property=\"og:title\" content=\"Dieser Favorit mit T\u00f6pfereisen ist wieder auf Lager und ich vermisse dieses Halloween nicht aus - Renn Sie zur Kasse - Nachrichten - Stra\u00dfenweb\" \/>\n<meta property=\"og:description\" content=\"Als der Herbst immer n\u00e4her kommt, wenden sich meine Gedanken zu Halloween -Dekorationsideen &#8211; zumal der Start der Halloween -Kollektion von Pottery Barn. Von Tabellengeschirr\" \/>\n<meta property=\"og:url\" content=\"https:\/\/www.strassenweb.de\/nachrichten\/dieser-favorit-mit-toepfereisen-ist-wieder-auf-lager-und-ich-vermisse-dieses-halloween-nicht-aus-renn-sie-zur-kasse\/\" \/>\n<meta property=\"og:site_name\" content=\"Stra\u00dfenweb\" \/>\n<meta property=\"article:publisher\" content=\"https:\/\/www.facebook.com\/strassenweb\/\" \/>\n<meta property=\"article:published_time\" content=\"2025-08-02T05:43:45+00:00\" \/>\n<meta property=\"article:modified_time\" content=\"2025-08-02T05:43:46+00:00\" \/>\n<meta property=\"og:image\" content=\"https:\/\/www.strassenweb.de\/nachrichten\/wp-content\/uploads\/2025\/08\/Dieser-Favorit-mit-Toepfereisen-ist-wieder-auf-Lager-und-ich.jpg\" \/>\n\t<meta property=\"og:image:width\" content=\"1600\" \/>\n\t<meta property=\"og:image:height\" content=\"900\" \/>\n\t<meta property=\"og:image:type\" content=\"image\/jpeg\" \/>\n<meta name=\"author\" content=\"Robert Hoffmann\" \/>\n<meta name=\"twitter:card\" content=\"summary_large_image\" \/>\n<meta name=\"twitter:label1\" content=\"Verfasst von\" \/>\n\t<meta name=\"twitter:data1\" content=\"Robert Hoffmann\" \/>\n\t<meta name=\"twitter:label2\" content=\"Gesch\u00e4tzte Lesezeit\" \/>\n\t<meta name=\"twitter:data2\" content=\"1\u00a0Minute\" \/>\n<script type=\"application\/ld+json\" class=\"yoast-schema-graph\">{\"@context\":\"https:\\\/\\\/schema.org\",\"@graph\":[{\"@type\":\"Article\",\"@id\":\"https:\\\/\\\/www.strassenweb.de\\\/nachrichten\\\/dieser-favorit-mit-toepfereisen-ist-wieder-auf-lager-und-ich-vermisse-dieses-halloween-nicht-aus-renn-sie-zur-kasse\\\/#article\",\"isPartOf\":{\"@id\":\"https:\\\/\\\/www.strassenweb.de\\\/nachrichten\\\/dieser-favorit-mit-toepfereisen-ist-wieder-auf-lager-und-ich-vermisse-dieses-halloween-nicht-aus-renn-sie-zur-kasse\\\/\"},\"author\":{\"name\":\"Robert Hoffmann\",\"@id\":\"https:\\\/\\\/www.strassenweb.de\\\/nachrichten\\\/#\\\/schema\\\/person\\\/87c9c9067f1211da429a744dc5a5aa41\"},\"headline\":\"Dieser Favorit mit T\u00f6pfereisen ist wieder auf Lager und ich vermisse dieses Halloween nicht aus &#8211; Renn Sie zur Kasse\",\"datePublished\":\"2025-08-02T05:43:45+00:00\",\"dateModified\":\"2025-08-02T05:43:46+00:00\",\"mainEntityOfPage\":{\"@id\":\"https:\\\/\\\/www.strassenweb.de\\\/nachrichten\\\/dieser-favorit-mit-toepfereisen-ist-wieder-auf-lager-und-ich-vermisse-dieses-halloween-nicht-aus-renn-sie-zur-kasse\\\/\"},\"wordCount\":292,\"publisher\":{\"@id\":\"https:\\\/\\\/www.strassenweb.de\\\/nachrichten\\\/#organization\"},\"image\":{\"@id\":\"https:\\\/\\\/www.strassenweb.de\\\/nachrichten\\\/dieser-favorit-mit-toepfereisen-ist-wieder-auf-lager-und-ich-vermisse-dieses-halloween-nicht-aus-renn-sie-zur-kasse\\\/#primaryimage\"},\"thumbnailUrl\":\"https:\\\/\\\/www.strassenweb.de\\\/nachrichten\\\/wp-content\\\/uploads\\\/2025\\\/08\\\/Dieser-Favorit-mit-Toepfereisen-ist-wieder-auf-Lager-und-ich.jpg\",\"keywords\":[\"auf\",\"aus\",\"dieser\",\"dieses\",\"Favorit\",\"Halloween\",\"ich\",\"ist\",\"Kasse\",\"Lager\",\"mit\",\"nicht\",\"Renn\",\"Sie\",\"T\u00f6pfereisen\",\"und\",\"vermisse\",\"wieder\",\"zur\"],\"articleSection\":[\"Haus &amp; Garten\"],\"inLanguage\":\"de\"},{\"@type\":\"WebPage\",\"@id\":\"https:\\\/\\\/www.strassenweb.de\\\/nachrichten\\\/dieser-favorit-mit-toepfereisen-ist-wieder-auf-lager-und-ich-vermisse-dieses-halloween-nicht-aus-renn-sie-zur-kasse\\\/\",\"url\":\"https:\\\/\\\/www.strassenweb.de\\\/nachrichten\\\/dieser-favorit-mit-toepfereisen-ist-wieder-auf-lager-und-ich-vermisse-dieses-halloween-nicht-aus-renn-sie-zur-kasse\\\/\",\"name\":\"Dieser Favorit mit T\u00f6pfereisen ist wieder auf Lager und ich vermisse dieses Halloween nicht aus - Renn Sie zur Kasse - Nachrichten - Stra\u00dfenweb\",\"isPartOf\":{\"@id\":\"https:\\\/\\\/www.strassenweb.de\\\/nachrichten\\\/#website\"},\"primaryImageOfPage\":{\"@id\":\"https:\\\/\\\/www.strassenweb.de\\\/nachrichten\\\/dieser-favorit-mit-toepfereisen-ist-wieder-auf-lager-und-ich-vermisse-dieses-halloween-nicht-aus-renn-sie-zur-kasse\\\/#primaryimage\"},\"image\":{\"@id\":\"https:\\\/\\\/www.strassenweb.de\\\/nachrichten\\\/dieser-favorit-mit-toepfereisen-ist-wieder-auf-lager-und-ich-vermisse-dieses-halloween-nicht-aus-renn-sie-zur-kasse\\\/#primaryimage\"},\"thumbnailUrl\":\"https:\\\/\\\/www.strassenweb.de\\\/nachrichten\\\/wp-content\\\/uploads\\\/2025\\\/08\\\/Dieser-Favorit-mit-Toepfereisen-ist-wieder-auf-Lager-und-ich.jpg\",\"datePublished\":\"2025-08-02T05:43:45+00:00\",\"dateModified\":\"2025-08-02T05:43:46+00:00\",\"breadcrumb\":{\"@id\":\"https:\\\/\\\/www.strassenweb.de\\\/nachrichten\\\/dieser-favorit-mit-toepfereisen-ist-wieder-auf-lager-und-ich-vermisse-dieses-halloween-nicht-aus-renn-sie-zur-kasse\\\/#breadcrumb\"},\"inLanguage\":\"de\",\"potentialAction\":[{\"@type\":\"ReadAction\",\"target\":[\"https:\\\/\\\/www.strassenweb.de\\\/nachrichten\\\/dieser-favorit-mit-toepfereisen-ist-wieder-auf-lager-und-ich-vermisse-dieses-halloween-nicht-aus-renn-sie-zur-kasse\\\/\"]}]},{\"@type\":\"ImageObject\",\"inLanguage\":\"de\",\"@id\":\"https:\\\/\\\/www.strassenweb.de\\\/nachrichten\\\/dieser-favorit-mit-toepfereisen-ist-wieder-auf-lager-und-ich-vermisse-dieses-halloween-nicht-aus-renn-sie-zur-kasse\\\/#primaryimage\",\"url\":\"https:\\\/\\\/www.strassenweb.de\\\/nachrichten\\\/wp-content\\\/uploads\\\/2025\\\/08\\\/Dieser-Favorit-mit-Toepfereisen-ist-wieder-auf-Lager-und-ich.jpg\",\"contentUrl\":\"https:\\\/\\\/www.strassenweb.de\\\/nachrichten\\\/wp-content\\\/uploads\\\/2025\\\/08\\\/Dieser-Favorit-mit-Toepfereisen-ist-wieder-auf-Lager-und-ich.jpg\",\"width\":1600,\"height\":900,\"caption\":\"Wooden shelf displaying cream, black and orange terracotta pumpkins, alongside two large vases of red flowers and yellow leaves\"},{\"@type\":\"BreadcrumbList\",\"@id\":\"https:\\\/\\\/www.strassenweb.de\\\/nachrichten\\\/dieser-favorit-mit-toepfereisen-ist-wieder-auf-lager-und-ich-vermisse-dieses-halloween-nicht-aus-renn-sie-zur-kasse\\\/#breadcrumb\",\"itemListElement\":[{\"@type\":\"ListItem\",\"position\":1,\"name\":\"Home\",\"item\":\"https:\\\/\\\/www.strassenweb.de\\\/nachrichten\\\/\"},{\"@type\":\"ListItem\",\"position\":2,\"name\":\"Dieser Favorit mit T\u00f6pfereisen ist wieder auf Lager und ich vermisse dieses Halloween nicht aus &#8211; Renn Sie zur Kasse\"}]},{\"@type\":\"WebSite\",\"@id\":\"https:\\\/\\\/www.strassenweb.de\\\/nachrichten\\\/#website\",\"url\":\"https:\\\/\\\/www.strassenweb.de\\\/nachrichten\\\/\",\"name\":\"Stra\u00dfenweb\",\"description\":\"Stra\u00dfenverzeichnis f\u00fcr Deutschland\",\"publisher\":{\"@id\":\"https:\\\/\\\/www.strassenweb.de\\\/nachrichten\\\/#organization\"},\"potentialAction\":[{\"@type\":\"SearchAction\",\"target\":{\"@type\":\"EntryPoint\",\"urlTemplate\":\"https:\\\/\\\/www.strassenweb.de\\\/nachrichten\\\/?s={search_term_string}\"},\"query-input\":{\"@type\":\"PropertyValueSpecification\",\"valueRequired\":true,\"valueName\":\"search_term_string\"}}],\"inLanguage\":\"de\"},{\"@type\":\"Organization\",\"@id\":\"https:\\\/\\\/www.strassenweb.de\\\/nachrichten\\\/#organization\",\"name\":\"Stra\u00dfenweb\",\"url\":\"https:\\\/\\\/www.strassenweb.de\\\/nachrichten\\\/\",\"logo\":{\"@type\":\"ImageObject\",\"inLanguage\":\"de\",\"@id\":\"https:\\\/\\\/www.strassenweb.de\\\/nachrichten\\\/#\\\/schema\\\/logo\\\/image\\\/\",\"url\":\"https:\\\/\\\/www.strassenweb.de\\\/nachrichten\\\/wp-content\\\/uploads\\\/2024\\\/09\\\/cropped-favicon.png\",\"contentUrl\":\"https:\\\/\\\/www.strassenweb.de\\\/nachrichten\\\/wp-content\\\/uploads\\\/2024\\\/09\\\/cropped-favicon.png\",\"width\":512,\"height\":512,\"caption\":\"Stra\u00dfenweb\"},\"image\":{\"@id\":\"https:\\\/\\\/www.strassenweb.de\\\/nachrichten\\\/#\\\/schema\\\/logo\\\/image\\\/\"},\"sameAs\":[\"https:\\\/\\\/www.facebook.com\\\/strassenweb\\\/\"]},{\"@type\":\"Person\",\"@id\":\"https:\\\/\\\/www.strassenweb.de\\\/nachrichten\\\/#\\\/schema\\\/person\\\/87c9c9067f1211da429a744dc5a5aa41\",\"name\":\"Robert Hoffmann\",\"image\":{\"@type\":\"ImageObject\",\"inLanguage\":\"de\",\"@id\":\"https:\\\/\\\/www.strassenweb.de\\\/nachrichten\\\/wp-content\\\/uploads\\\/2024\\\/09\\\/strassenweb-150x150.jpg\",\"url\":\"https:\\\/\\\/www.strassenweb.de\\\/nachrichten\\\/wp-content\\\/uploads\\\/2024\\\/09\\\/strassenweb-150x150.jpg\",\"contentUrl\":\"https:\\\/\\\/www.strassenweb.de\\\/nachrichten\\\/wp-content\\\/uploads\\\/2024\\\/09\\\/strassenweb-150x150.jpg\",\"caption\":\"Robert Hoffmann\"},\"description\":\"Ich hei\u00dfe Robert Hoffmann und ich bin ein leidenschaftlicher Verfechter von \u00d6kologie und Biodiversit\u00e4t. Seit meiner Kindheit in den W\u00e4ldern Bayerns f\u00fchle ich mich mit der Natur verbunden und bin entschlossen, sie zu sch\u00fctzen. Heute widme ich mein Leben der Sensibilisierung anderer f\u00fcr die Bedeutung des Umweltschutzes f\u00fcr zuk\u00fcnftige Generationen.\",\"sameAs\":[\"https:\\\/\\\/www.strassenweb.de\\\/\"]}]}<\/script>\n<!-- \/ Yoast SEO plugin. -->","yoast_head_json":{"title":"Dieser Favorit mit T\u00f6pfereisen ist wieder auf Lager und ich vermisse dieses Halloween nicht aus - Renn Sie zur Kasse - Nachrichten - Stra\u00dfenweb","robots":{"index":"index","follow":"follow","max-snippet":"max-snippet:-1","max-image-preview":"max-image-preview:large","max-video-preview":"max-video-preview:-1"},"canonical":"https:\/\/www.strassenweb.de\/nachrichten\/dieser-favorit-mit-toepfereisen-ist-wieder-auf-lager-und-ich-vermisse-dieses-halloween-nicht-aus-renn-sie-zur-kasse\/","og_locale":"de_DE","og_type":"article","og_title":"Dieser Favorit mit T\u00f6pfereisen ist wieder auf Lager und ich vermisse dieses Halloween nicht aus - Renn Sie zur Kasse - Nachrichten - Stra\u00dfenweb","og_description":"Als der Herbst immer n\u00e4her kommt, wenden sich meine Gedanken zu Halloween -Dekorationsideen &#8211; zumal der Start der Halloween -Kollektion von Pottery Barn. Von Tabellengeschirr","og_url":"https:\/\/www.strassenweb.de\/nachrichten\/dieser-favorit-mit-toepfereisen-ist-wieder-auf-lager-und-ich-vermisse-dieses-halloween-nicht-aus-renn-sie-zur-kasse\/","og_site_name":"Stra\u00dfenweb","article_publisher":"https:\/\/www.facebook.com\/strassenweb\/","article_published_time":"2025-08-02T05:43:45+00:00","article_modified_time":"2025-08-02T05:43:46+00:00","og_image":[{"width":1600,"height":900,"url":"https:\/\/www.strassenweb.de\/nachrichten\/wp-content\/uploads\/2025\/08\/Dieser-Favorit-mit-Toepfereisen-ist-wieder-auf-Lager-und-ich.jpg","type":"image\/jpeg"}],"author":"Robert Hoffmann","twitter_card":"summary_large_image","twitter_misc":{"Verfasst von":"Robert Hoffmann","Gesch\u00e4tzte Lesezeit":"1\u00a0Minute"},"schema":{"@context":"https:\/\/schema.org","@graph":[{"@type":"Article","@id":"https:\/\/www.strassenweb.de\/nachrichten\/dieser-favorit-mit-toepfereisen-ist-wieder-auf-lager-und-ich-vermisse-dieses-halloween-nicht-aus-renn-sie-zur-kasse\/#article","isPartOf":{"@id":"https:\/\/www.strassenweb.de\/nachrichten\/dieser-favorit-mit-toepfereisen-ist-wieder-auf-lager-und-ich-vermisse-dieses-halloween-nicht-aus-renn-sie-zur-kasse\/"},"author":{"name":"Robert Hoffmann","@id":"https:\/\/www.strassenweb.de\/nachrichten\/#\/schema\/person\/87c9c9067f1211da429a744dc5a5aa41"},"headline":"Dieser Favorit mit T\u00f6pfereisen ist wieder auf Lager und ich vermisse dieses Halloween nicht aus &#8211; Renn Sie zur Kasse","datePublished":"2025-08-02T05:43:45+00:00","dateModified":"2025-08-02T05:43:46+00:00","mainEntityOfPage":{"@id":"https:\/\/www.strassenweb.de\/nachrichten\/dieser-favorit-mit-toepfereisen-ist-wieder-auf-lager-und-ich-vermisse-dieses-halloween-nicht-aus-renn-sie-zur-kasse\/"},"wordCount":292,"publisher":{"@id":"https:\/\/www.strassenweb.de\/nachrichten\/#organization"},"image":{"@id":"https:\/\/www.strassenweb.de\/nachrichten\/dieser-favorit-mit-toepfereisen-ist-wieder-auf-lager-und-ich-vermisse-dieses-halloween-nicht-aus-renn-sie-zur-kasse\/#primaryimage"},"thumbnailUrl":"https:\/\/www.strassenweb.de\/nachrichten\/wp-content\/uploads\/2025\/08\/Dieser-Favorit-mit-Toepfereisen-ist-wieder-auf-Lager-und-ich.jpg","keywords":["auf","aus","dieser","dieses","Favorit","Halloween","ich","ist","Kasse","Lager","mit","nicht","Renn","Sie","T\u00f6pfereisen","und","vermisse","wieder","zur"],"articleSection":["Haus &amp; Garten"],"inLanguage":"de"},{"@type":"WebPage","@id":"https:\/\/www.strassenweb.de\/nachrichten\/dieser-favorit-mit-toepfereisen-ist-wieder-auf-lager-und-ich-vermisse-dieses-halloween-nicht-aus-renn-sie-zur-kasse\/","url":"https:\/\/www.strassenweb.de\/nachrichten\/dieser-favorit-mit-toepfereisen-ist-wieder-auf-lager-und-ich-vermisse-dieses-halloween-nicht-aus-renn-sie-zur-kasse\/","name":"Dieser Favorit mit T\u00f6pfereisen ist wieder auf Lager und ich vermisse dieses Halloween nicht aus - Renn Sie zur Kasse - Nachrichten - Stra\u00dfenweb","isPartOf":{"@id":"https:\/\/www.strassenweb.de\/nachrichten\/#website"},"primaryImageOfPage":{"@id":"https:\/\/www.strassenweb.de\/nachrichten\/dieser-favorit-mit-toepfereisen-ist-wieder-auf-lager-und-ich-vermisse-dieses-halloween-nicht-aus-renn-sie-zur-kasse\/#primaryimage"},"image":{"@id":"https:\/\/www.strassenweb.de\/nachrichten\/dieser-favorit-mit-toepfereisen-ist-wieder-auf-lager-und-ich-vermisse-dieses-halloween-nicht-aus-renn-sie-zur-kasse\/#primaryimage"},"thumbnailUrl":"https:\/\/www.strassenweb.de\/nachrichten\/wp-content\/uploads\/2025\/08\/Dieser-Favorit-mit-Toepfereisen-ist-wieder-auf-Lager-und-ich.jpg","datePublished":"2025-08-02T05:43:45+00:00","dateModified":"2025-08-02T05:43:46+00:00","breadcrumb":{"@id":"https:\/\/www.strassenweb.de\/nachrichten\/dieser-favorit-mit-toepfereisen-ist-wieder-auf-lager-und-ich-vermisse-dieses-halloween-nicht-aus-renn-sie-zur-kasse\/#breadcrumb"},"inLanguage":"de","potentialAction":[{"@type":"ReadAction","target":["https:\/\/www.strassenweb.de\/nachrichten\/dieser-favorit-mit-toepfereisen-ist-wieder-auf-lager-und-ich-vermisse-dieses-halloween-nicht-aus-renn-sie-zur-kasse\/"]}]},{"@type":"ImageObject","inLanguage":"de","@id":"https:\/\/www.strassenweb.de\/nachrichten\/dieser-favorit-mit-toepfereisen-ist-wieder-auf-lager-und-ich-vermisse-dieses-halloween-nicht-aus-renn-sie-zur-kasse\/#primaryimage","url":"https:\/\/www.strassenweb.de\/nachrichten\/wp-content\/uploads\/2025\/08\/Dieser-Favorit-mit-Toepfereisen-ist-wieder-auf-Lager-und-ich.jpg","contentUrl":"https:\/\/www.strassenweb.de\/nachrichten\/wp-content\/uploads\/2025\/08\/Dieser-Favorit-mit-Toepfereisen-ist-wieder-auf-Lager-und-ich.jpg","width":1600,"height":900,"caption":"Wooden shelf displaying cream, black and orange terracotta pumpkins, alongside two large vases of red flowers and yellow leaves"},{"@type":"BreadcrumbList","@id":"https:\/\/www.strassenweb.de\/nachrichten\/dieser-favorit-mit-toepfereisen-ist-wieder-auf-lager-und-ich-vermisse-dieses-halloween-nicht-aus-renn-sie-zur-kasse\/#breadcrumb","itemListElement":[{"@type":"ListItem","position":1,"name":"Home","item":"https:\/\/www.strassenweb.de\/nachrichten\/"},{"@type":"ListItem","position":2,"name":"Dieser Favorit mit T\u00f6pfereisen ist wieder auf Lager und ich vermisse dieses Halloween nicht aus &#8211; Renn Sie zur Kasse"}]},{"@type":"WebSite","@id":"https:\/\/www.strassenweb.de\/nachrichten\/#website","url":"https:\/\/www.strassenweb.de\/nachrichten\/","name":"Stra\u00dfenweb","description":"Stra\u00dfenverzeichnis f\u00fcr Deutschland","publisher":{"@id":"https:\/\/www.strassenweb.de\/nachrichten\/#organization"},"potentialAction":[{"@type":"SearchAction","target":{"@type":"EntryPoint","urlTemplate":"https:\/\/www.strassenweb.de\/nachrichten\/?s={search_term_string}"},"query-input":{"@type":"PropertyValueSpecification","valueRequired":true,"valueName":"search_term_string"}}],"inLanguage":"de"},{"@type":"Organization","@id":"https:\/\/www.strassenweb.de\/nachrichten\/#organization","name":"Stra\u00dfenweb","url":"https:\/\/www.strassenweb.de\/nachrichten\/","logo":{"@type":"ImageObject","inLanguage":"de","@id":"https:\/\/www.strassenweb.de\/nachrichten\/#\/schema\/logo\/image\/","url":"https:\/\/www.strassenweb.de\/nachrichten\/wp-content\/uploads\/2024\/09\/cropped-favicon.png","contentUrl":"https:\/\/www.strassenweb.de\/nachrichten\/wp-content\/uploads\/2024\/09\/cropped-favicon.png","width":512,"height":512,"caption":"Stra\u00dfenweb"},"image":{"@id":"https:\/\/www.strassenweb.de\/nachrichten\/#\/schema\/logo\/image\/"},"sameAs":["https:\/\/www.facebook.com\/strassenweb\/"]},{"@type":"Person","@id":"https:\/\/www.strassenweb.de\/nachrichten\/#\/schema\/person\/87c9c9067f1211da429a744dc5a5aa41","name":"Robert Hoffmann","image":{"@type":"ImageObject","inLanguage":"de","@id":"https:\/\/www.strassenweb.de\/nachrichten\/wp-content\/uploads\/2024\/09\/strassenweb-150x150.jpg","url":"https:\/\/www.strassenweb.de\/nachrichten\/wp-content\/uploads\/2024\/09\/strassenweb-150x150.jpg","contentUrl":"https:\/\/www.strassenweb.de\/nachrichten\/wp-content\/uploads\/2024\/09\/strassenweb-150x150.jpg","caption":"Robert Hoffmann"},"description":"Ich hei\u00dfe Robert Hoffmann und ich bin ein leidenschaftlicher Verfechter von \u00d6kologie und Biodiversit\u00e4t. Seit meiner Kindheit in den W\u00e4ldern Bayerns f\u00fchle ich mich mit der Natur verbunden und bin entschlossen, sie zu sch\u00fctzen. Heute widme ich mein Leben der Sensibilisierung anderer f\u00fcr die Bedeutung des Umweltschutzes f\u00fcr zuk\u00fcnftige Generationen.","sameAs":["https:\/\/www.strassenweb.de\/"]}]}},"_links":{"self":[{"href":"https:\/\/www.strassenweb.de\/nachrichten\/wp-json\/wp\/v2\/posts\/6641","targetHints":{"allow":["GET"]}}],"collection":[{"href":"https:\/\/www.strassenweb.de\/nachrichten\/wp-json\/wp\/v2\/posts"}],"about":[{"href":"https:\/\/www.strassenweb.de\/nachrichten\/wp-json\/wp\/v2\/types\/post"}],"author":[{"embeddable":true,"href":"https:\/\/www.strassenweb.de\/nachrichten\/wp-json\/wp\/v2\/users\/1"}],"replies":[{"embeddable":true,"href":"https:\/\/www.strassenweb.de\/nachrichten\/wp-json\/wp\/v2\/comments?post=6641"}],"version-history":[{"count":0,"href":"https:\/\/www.strassenweb.de\/nachrichten\/wp-json\/wp\/v2\/posts\/6641\/revisions"}],"wp:featuredmedia":[{"embeddable":true,"href":"https:\/\/www.strassenweb.de\/nachrichten\/wp-json\/wp\/v2\/media\/6642"}],"wp:attachment":[{"href":"https:\/\/www.strassenweb.de\/nachrichten\/wp-json\/wp\/v2\/media?parent=6641"}],"wp:term":[{"taxonomy":"category","embeddable":true,"href":"https:\/\/www.strassenweb.de\/nachrichten\/wp-json\/wp\/v2\/categories?post=6641"},{"taxonomy":"post_tag","embeddable":true,"href":"https:\/\/www.strassenweb.de\/nachrichten\/wp-json\/wp\/v2\/tags?post=6641"}],"curies":[{"name":"wp","href":"https:\/\/api.w.org\/{rel}","templated":true}]}}