{"id":6637,"date":"2025-08-02T01:43:05","date_gmt":"2025-08-01T23:43:05","guid":{"rendered":"https:\/\/www.strassenweb.de\/nachrichten\/ich-dachte-3\/"},"modified":"2025-08-02T01:43:05","modified_gmt":"2025-08-01T23:43:05","slug":"ich-dachte-3","status":"publish","type":"post","link":"https:\/\/www.strassenweb.de\/nachrichten\/ich-dachte-3\/","title":{"rendered":"Ich dachte"},"content":{"rendered":"<p><\/p>\n<div id=\"article-body\" class=\"article__body \">\n<p>Wenn ich in den letzten Monaten etwas gelernt habe, hat Designerin Nate Berkus ein H\u00e4ndchen daf\u00fcr, dass sich scheinbar veraltete Funktionen wieder schick f\u00fchlen. Letzten Monat waren es mit H\u00fchnerdraht-Front-Schr\u00e4nken, und in diesem Monat ist es eine kr\u00e4ftige Fliesenverkleidung-ein Badezimmer-Feature, von dem ich 2025 nicht viel gesehen habe.<\/p>\n<div id=\"ad-unit-1\" class=\"ad-unit\"><\/div>\n<p>Die Art und Weise, wie wir die Fliesenverkleidung verwenden, hat sich im Laufe der Jahre weiterentwickelt, wobei sich viele Ans\u00e4tze veraltet f\u00fchlen. Heutzutage ist es viel seltener, es in Designs zu sehen. Viele Designer und Hausbesitzer entscheiden sich f\u00fcr verschiedene Fliesenformen, um stattdessen eine interessante Kante zu schaffen.<\/p>\n<aside data-block-type=\"embed\" data-render-type=\"fte\" data-skip=\"dealsy\" data-widget-type=\"seasonal\" class=\"hawk-base\"><\/aside>\n<p>Die Wiederbelebung dieses traditionelleren Ansatzes hat jedoch ein charmantes Vintage-Badezimmergef\u00fchl geschaffen-und beweist, dass es im richtigen Design immer noch einen Ort f\u00fcr dieses traditionelle Merkmal in modernen Badezimmern gibt. Und es scheint, dass seine Anh\u00e4nger einverstanden sind.<\/p>\n<div class=\"van_vid_carousel\">\n<div class=\"van_vid_carousel__padding\">\n<div class=\"van_vid_carousel__container\"><\/div>\n<\/div>\n<\/div>\n<div class=\"instagram-embed\">\n<blockquote class=\"instagram-media\" data-instgrm-captioned data-instgrm-version=\"6\" style=\"width:99.375%; width:-webkit-calc(100% - 2px); width:calc(100% - 2px);\">\n<p>Ein Beitrag von Nate Berkus Associates (@nateberkusassociates)<\/p>\n<p>Ein Foto von on <\/p>\n<\/blockquote>\n<\/div>\n<p>In vielerlei Hinsicht trotzt dieses G\u00e4stebad den Badezimmertrends dieses Jahres. Aber ich denke, das ist es, was es so besonders macht &#8211; es stellt ein Vintage -Design auf eine Weise neu, die sich eher zeitlos als veraltet anf\u00fchlt.<\/p>\n<div id=\"ad-unit-2\" class=\"ad-unit\"><\/div>\n<p>Und es scheint, dass viele von uns froh sind, die R\u00fcckkehr dieser unerwarteten, aber zeitlosen Designdetails zu sehen, wobei eine Person kommentiert, \u201eLiebe die Komposition\u201c und eine andere, die \u00fcber ihre Nostalgie nachdenkt: \u201c(es) bringt meine Kindheitserinnerungen in Brooklyn Park Slope Brownstone zur\u00fcck. Und das Black -White -U -Bahn -Fliesendetail? Das ist so ein Klassiker. Liebe es. &#8218;<\/p>\n<p>Der fliesengetr\u00e4nkte Ansatz ist mir an erster Stelle aufgefallen. Die counfachen Fliesen sind ein alter School-Stil, ein breiteres rechteckiges Design und nicht die d\u00fcnnen U-Bahn-Fliesen, die wir so gewohnt sind.<\/p>\n<p>Nate hat sie nicht nur von Boden zu Decke an den W\u00e4nden vorgestellt, sondern er hat auch die Seite der Nischenbadewanne geschnitten, wodurch ein zusammenh\u00e4ngendes, allumfassendes Finish geschaffen wird. Es stellt die Fliesen in die Spitze des Designs und es ist ein wirklich effektiver Ansatz. Ich denke, das wird ein Look sein, der auch ein langsames und stetiges Comeback macht.<\/p>\n<div id=\"slice-container-newsletterForm-articleInbodyContent-oT3PporuxWvuGTyExm8DD8\" class=\"slice-container newsletter-inbodyContent-slice newsletterForm-articleInbodyContent-oT3PporuxWvuGTyExm8DD8 slice-container-newsletterForm\"><\/div>\n<p>Die Badezimmerfliesen bringen sofort ein Vintage -Gef\u00fchl in den Raum, und obwohl es neutral ist, f\u00fchlt es sich trotzdem warm und einladend an. Sie sind auch entscheidend f\u00fcr den Kontrast, der mit der eher unerwarteten schwarzen Marmorfliesen -Zierung erzeugt wurde. Die einfache Zugabe der schwarzen Verkleidung, die \u00fcber die Kante des Duschbereichs verl\u00e4uft, und senkrecht zum Rand der Badewanne liefert die gesamte Fl\u00e4chenabmessung.<\/p>\n<p>Und ich kann nicht \u00fcber das Design sprechen, ohne die Fliesenverkleidung um die Duschnische zu erw\u00e4hnen. Nur wenige Details haben sich in den letzten Jahren umstritten als eine Umgestaltung um eine eingebaute Nische erwiesen, wobei Designer stattdessen eine Mitred -Kante empfehlen. Aber hier funktioniert es wirklich und f\u00fchlt sich eher absichtlich als ein nachtr\u00e4glicher Gedanke an, wie es so oft kann.<\/p>\n<p>Der Grund, warum dieser traditionellere Vintage -Look hier so gut funktioniert, ist die Materialien und Oberfl\u00e4chen, die Nate in den Raum eingef\u00fchrt hat. Die f\u00fcr den Wasserhahn, Duschkopf und Vorhangstange verwendete Messingwaren verleihen sofortige W\u00e4rme &#8211; und es ist ein Finish, das wir heute stark mit einem schicken, zeitlosen Design verbinden.<\/p>\n<p>Er hat auch subtile Marmordetails hinzugef\u00fcgt, die ein bisschen zeitgen\u00f6ssischer Stil in die Mischung einf\u00fcgen. Es wurde als Ausstattung am Rand des Bades und f\u00fcr das Nischenregal eingef\u00fchrt &#8211; kleine Erg\u00e4nzungen, die einen gro\u00dfen Unterschied machen.<\/p>\n<p>Der gestreifte Duschvorhang ist eine weitere sch\u00f6ne Ber\u00fchrung. Das Muster ist klassisch und f\u00fchlt sich immer noch verspielt an &#8211; es f\u00fcgt ein taktileres Element hinzu, das die h\u00e4rteren, eckigen Linien des Raums weicher macht. Es ist ein wirklich schickes Badezimmer, und es hat mich dazu gebracht, wie ich mich \u00fcber traditionellere Details und Designs f\u00fchle.<\/p>\n<h2 id=\"shop-the-look-3\">Kaufen Sie den Look ein<\/h2>\n<div class=\"product-container hero-product-container product-block-no-wrap\">\n<div class=\"product-block-row\"><\/div>\n<div class=\"product-block-row\"><\/div>\n<div class=\"product-block-row\"><\/div>\n<div class=\"product-block-row\"><\/div>\n<div class=\"product-block-row\"><\/div>\n<div class=\"product-block-row\"><\/div>\n<\/div>\n<p>Dieses Badezimmer f\u00fchlt sich wirklich an wie die Blaupause, um ein traditionelles Badezimmer richtig zu machen. Es ist charaktervoll und charmant, bietet dennoch immer noch und Luft von Ruhe und schickem Stil. Es beweist, dass manchmal die einfachsten Designs am wirkungsvollsten sind &#8211; und gelegentlich k\u00f6nnte die Fliesenausstattung in einer Nische m\u00f6glicherweise <em>Genau genommen<\/em> Sei die bessere Option.<\/p>\n<\/div>\n<p><script async src=\"\/\/www.instagram.com\/embed.js\"><\/script><\/p>\n","protected":false},"excerpt":{"rendered":"<p>Wenn ich in den letzten Monaten etwas gelernt habe, hat Designerin Nate Berkus ein H\u00e4ndchen daf\u00fcr, dass sich scheinbar veraltete Funktionen wieder schick f\u00fchlen. Letzten<\/p>\n","protected":false},"author":1,"featured_media":5734,"comment_status":"closed","ping_status":"","sticky":false,"template":"","format":"standard","meta":{"footnotes":""},"categories":[118],"tags":[174,129],"class_list":["post-6637","post","type-post","status-publish","format-standard","has-post-thumbnail","hentry","category-haus-garten","tag-dachte","tag-ich","generate-columns","tablet-grid-50","mobile-grid-100","grid-parent","grid-50"],"yoast_head":"<!-- This site is optimized with the Yoast SEO plugin v27.3 - https:\/\/yoast.com\/product\/yoast-seo-wordpress\/ -->\n<title>Ich dachte - Nachrichten - Stra\u00dfenweb<\/title>\n<meta name=\"robots\" content=\"index, follow, max-snippet:-1, max-image-preview:large, max-video-preview:-1\" \/>\n<link rel=\"canonical\" href=\"https:\/\/www.strassenweb.de\/nachrichten\/ich-dachte-3\/\" \/>\n<meta property=\"og:locale\" content=\"de_DE\" \/>\n<meta property=\"og:type\" content=\"article\" \/>\n<meta property=\"og:title\" content=\"Ich dachte - Nachrichten - Stra\u00dfenweb\" \/>\n<meta property=\"og:description\" content=\"Wenn ich in den letzten Monaten etwas gelernt habe, hat Designerin Nate Berkus ein H\u00e4ndchen daf\u00fcr, dass sich scheinbar veraltete Funktionen wieder schick f\u00fchlen. Letzten\" \/>\n<meta property=\"og:url\" content=\"https:\/\/www.strassenweb.de\/nachrichten\/ich-dachte-3\/\" \/>\n<meta property=\"og:site_name\" content=\"Stra\u00dfenweb\" \/>\n<meta property=\"article:publisher\" content=\"https:\/\/www.facebook.com\/strassenweb\/\" \/>\n<meta property=\"article:published_time\" content=\"2025-08-01T23:43:05+00:00\" \/>\n<meta property=\"og:image\" content=\"https:\/\/www.strassenweb.de\/nachrichten\/wp-content\/uploads\/2025\/03\/ApUkmBQDY7hztwtkTrcM35.png\" \/>\n\t<meta property=\"og:image:width\" content=\"1600\" \/>\n\t<meta property=\"og:image:height\" content=\"900\" \/>\n\t<meta property=\"og:image:type\" content=\"image\/png\" \/>\n<meta name=\"author\" content=\"Robert Hoffmann\" \/>\n<meta name=\"twitter:card\" content=\"summary_large_image\" \/>\n<meta name=\"twitter:label1\" content=\"Verfasst von\" \/>\n\t<meta name=\"twitter:data1\" content=\"Robert Hoffmann\" \/>\n\t<meta name=\"twitter:label2\" content=\"Gesch\u00e4tzte Lesezeit\" \/>\n\t<meta name=\"twitter:data2\" content=\"4\u00a0Minuten\" \/>\n<script type=\"application\/ld+json\" class=\"yoast-schema-graph\">{\"@context\":\"https:\\\/\\\/schema.org\",\"@graph\":[{\"@type\":\"Article\",\"@id\":\"https:\\\/\\\/www.strassenweb.de\\\/nachrichten\\\/ich-dachte-3\\\/#article\",\"isPartOf\":{\"@id\":\"https:\\\/\\\/www.strassenweb.de\\\/nachrichten\\\/ich-dachte-3\\\/\"},\"author\":{\"name\":\"Robert Hoffmann\",\"@id\":\"https:\\\/\\\/www.strassenweb.de\\\/nachrichten\\\/#\\\/schema\\\/person\\\/87c9c9067f1211da429a744dc5a5aa41\"},\"headline\":\"Ich dachte\",\"datePublished\":\"2025-08-01T23:43:05+00:00\",\"mainEntityOfPage\":{\"@id\":\"https:\\\/\\\/www.strassenweb.de\\\/nachrichten\\\/ich-dachte-3\\\/\"},\"wordCount\":708,\"publisher\":{\"@id\":\"https:\\\/\\\/www.strassenweb.de\\\/nachrichten\\\/#organization\"},\"image\":{\"@id\":\"https:\\\/\\\/www.strassenweb.de\\\/nachrichten\\\/ich-dachte-3\\\/#primaryimage\"},\"thumbnailUrl\":\"https:\\\/\\\/www.strassenweb.de\\\/nachrichten\\\/wp-content\\\/uploads\\\/2025\\\/03\\\/ApUkmBQDY7hztwtkTrcM35.png\",\"keywords\":[\"dachte\",\"ich\"],\"articleSection\":[\"Haus &amp; Garten\"],\"inLanguage\":\"de\"},{\"@type\":\"WebPage\",\"@id\":\"https:\\\/\\\/www.strassenweb.de\\\/nachrichten\\\/ich-dachte-3\\\/\",\"url\":\"https:\\\/\\\/www.strassenweb.de\\\/nachrichten\\\/ich-dachte-3\\\/\",\"name\":\"Ich dachte - Nachrichten - Stra\u00dfenweb\",\"isPartOf\":{\"@id\":\"https:\\\/\\\/www.strassenweb.de\\\/nachrichten\\\/#website\"},\"primaryImageOfPage\":{\"@id\":\"https:\\\/\\\/www.strassenweb.de\\\/nachrichten\\\/ich-dachte-3\\\/#primaryimage\"},\"image\":{\"@id\":\"https:\\\/\\\/www.strassenweb.de\\\/nachrichten\\\/ich-dachte-3\\\/#primaryimage\"},\"thumbnailUrl\":\"https:\\\/\\\/www.strassenweb.de\\\/nachrichten\\\/wp-content\\\/uploads\\\/2025\\\/03\\\/ApUkmBQDY7hztwtkTrcM35.png\",\"datePublished\":\"2025-08-01T23:43:05+00:00\",\"breadcrumb\":{\"@id\":\"https:\\\/\\\/www.strassenweb.de\\\/nachrichten\\\/ich-dachte-3\\\/#breadcrumb\"},\"inLanguage\":\"de\",\"potentialAction\":[{\"@type\":\"ReadAction\",\"target\":[\"https:\\\/\\\/www.strassenweb.de\\\/nachrichten\\\/ich-dachte-3\\\/\"]}]},{\"@type\":\"ImageObject\",\"inLanguage\":\"de\",\"@id\":\"https:\\\/\\\/www.strassenweb.de\\\/nachrichten\\\/ich-dachte-3\\\/#primaryimage\",\"url\":\"https:\\\/\\\/www.strassenweb.de\\\/nachrichten\\\/wp-content\\\/uploads\\\/2025\\\/03\\\/ApUkmBQDY7hztwtkTrcM35.png\",\"contentUrl\":\"https:\\\/\\\/www.strassenweb.de\\\/nachrichten\\\/wp-content\\\/uploads\\\/2025\\\/03\\\/ApUkmBQDY7hztwtkTrcM35.png\",\"width\":1600,\"height\":900,\"caption\":\"Nate Berkus\"},{\"@type\":\"BreadcrumbList\",\"@id\":\"https:\\\/\\\/www.strassenweb.de\\\/nachrichten\\\/ich-dachte-3\\\/#breadcrumb\",\"itemListElement\":[{\"@type\":\"ListItem\",\"position\":1,\"name\":\"Home\",\"item\":\"https:\\\/\\\/www.strassenweb.de\\\/nachrichten\\\/\"},{\"@type\":\"ListItem\",\"position\":2,\"name\":\"Ich dachte\"}]},{\"@type\":\"WebSite\",\"@id\":\"https:\\\/\\\/www.strassenweb.de\\\/nachrichten\\\/#website\",\"url\":\"https:\\\/\\\/www.strassenweb.de\\\/nachrichten\\\/\",\"name\":\"Stra\u00dfenweb\",\"description\":\"Stra\u00dfenverzeichnis f\u00fcr Deutschland\",\"publisher\":{\"@id\":\"https:\\\/\\\/www.strassenweb.de\\\/nachrichten\\\/#organization\"},\"potentialAction\":[{\"@type\":\"SearchAction\",\"target\":{\"@type\":\"EntryPoint\",\"urlTemplate\":\"https:\\\/\\\/www.strassenweb.de\\\/nachrichten\\\/?s={search_term_string}\"},\"query-input\":{\"@type\":\"PropertyValueSpecification\",\"valueRequired\":true,\"valueName\":\"search_term_string\"}}],\"inLanguage\":\"de\"},{\"@type\":\"Organization\",\"@id\":\"https:\\\/\\\/www.strassenweb.de\\\/nachrichten\\\/#organization\",\"name\":\"Stra\u00dfenweb\",\"url\":\"https:\\\/\\\/www.strassenweb.de\\\/nachrichten\\\/\",\"logo\":{\"@type\":\"ImageObject\",\"inLanguage\":\"de\",\"@id\":\"https:\\\/\\\/www.strassenweb.de\\\/nachrichten\\\/#\\\/schema\\\/logo\\\/image\\\/\",\"url\":\"https:\\\/\\\/www.strassenweb.de\\\/nachrichten\\\/wp-content\\\/uploads\\\/2024\\\/09\\\/cropped-favicon.png\",\"contentUrl\":\"https:\\\/\\\/www.strassenweb.de\\\/nachrichten\\\/wp-content\\\/uploads\\\/2024\\\/09\\\/cropped-favicon.png\",\"width\":512,\"height\":512,\"caption\":\"Stra\u00dfenweb\"},\"image\":{\"@id\":\"https:\\\/\\\/www.strassenweb.de\\\/nachrichten\\\/#\\\/schema\\\/logo\\\/image\\\/\"},\"sameAs\":[\"https:\\\/\\\/www.facebook.com\\\/strassenweb\\\/\"]},{\"@type\":\"Person\",\"@id\":\"https:\\\/\\\/www.strassenweb.de\\\/nachrichten\\\/#\\\/schema\\\/person\\\/87c9c9067f1211da429a744dc5a5aa41\",\"name\":\"Robert Hoffmann\",\"image\":{\"@type\":\"ImageObject\",\"inLanguage\":\"de\",\"@id\":\"https:\\\/\\\/www.strassenweb.de\\\/nachrichten\\\/wp-content\\\/uploads\\\/2024\\\/09\\\/strassenweb-150x150.jpg\",\"url\":\"https:\\\/\\\/www.strassenweb.de\\\/nachrichten\\\/wp-content\\\/uploads\\\/2024\\\/09\\\/strassenweb-150x150.jpg\",\"contentUrl\":\"https:\\\/\\\/www.strassenweb.de\\\/nachrichten\\\/wp-content\\\/uploads\\\/2024\\\/09\\\/strassenweb-150x150.jpg\",\"caption\":\"Robert Hoffmann\"},\"description\":\"Ich hei\u00dfe Robert Hoffmann und ich bin ein leidenschaftlicher Verfechter von \u00d6kologie und Biodiversit\u00e4t. Seit meiner Kindheit in den W\u00e4ldern Bayerns f\u00fchle ich mich mit der Natur verbunden und bin entschlossen, sie zu sch\u00fctzen. Heute widme ich mein Leben der Sensibilisierung anderer f\u00fcr die Bedeutung des Umweltschutzes f\u00fcr zuk\u00fcnftige Generationen.\",\"sameAs\":[\"https:\\\/\\\/www.strassenweb.de\\\/\"]}]}<\/script>\n<!-- \/ Yoast SEO plugin. -->","yoast_head_json":{"title":"Ich dachte - Nachrichten - Stra\u00dfenweb","robots":{"index":"index","follow":"follow","max-snippet":"max-snippet:-1","max-image-preview":"max-image-preview:large","max-video-preview":"max-video-preview:-1"},"canonical":"https:\/\/www.strassenweb.de\/nachrichten\/ich-dachte-3\/","og_locale":"de_DE","og_type":"article","og_title":"Ich dachte - Nachrichten - Stra\u00dfenweb","og_description":"Wenn ich in den letzten Monaten etwas gelernt habe, hat Designerin Nate Berkus ein H\u00e4ndchen daf\u00fcr, dass sich scheinbar veraltete Funktionen wieder schick f\u00fchlen. Letzten","og_url":"https:\/\/www.strassenweb.de\/nachrichten\/ich-dachte-3\/","og_site_name":"Stra\u00dfenweb","article_publisher":"https:\/\/www.facebook.com\/strassenweb\/","article_published_time":"2025-08-01T23:43:05+00:00","og_image":[{"width":1600,"height":900,"url":"https:\/\/www.strassenweb.de\/nachrichten\/wp-content\/uploads\/2025\/03\/ApUkmBQDY7hztwtkTrcM35.png","type":"image\/png"}],"author":"Robert Hoffmann","twitter_card":"summary_large_image","twitter_misc":{"Verfasst von":"Robert Hoffmann","Gesch\u00e4tzte Lesezeit":"4\u00a0Minuten"},"schema":{"@context":"https:\/\/schema.org","@graph":[{"@type":"Article","@id":"https:\/\/www.strassenweb.de\/nachrichten\/ich-dachte-3\/#article","isPartOf":{"@id":"https:\/\/www.strassenweb.de\/nachrichten\/ich-dachte-3\/"},"author":{"name":"Robert Hoffmann","@id":"https:\/\/www.strassenweb.de\/nachrichten\/#\/schema\/person\/87c9c9067f1211da429a744dc5a5aa41"},"headline":"Ich dachte","datePublished":"2025-08-01T23:43:05+00:00","mainEntityOfPage":{"@id":"https:\/\/www.strassenweb.de\/nachrichten\/ich-dachte-3\/"},"wordCount":708,"publisher":{"@id":"https:\/\/www.strassenweb.de\/nachrichten\/#organization"},"image":{"@id":"https:\/\/www.strassenweb.de\/nachrichten\/ich-dachte-3\/#primaryimage"},"thumbnailUrl":"https:\/\/www.strassenweb.de\/nachrichten\/wp-content\/uploads\/2025\/03\/ApUkmBQDY7hztwtkTrcM35.png","keywords":["dachte","ich"],"articleSection":["Haus &amp; Garten"],"inLanguage":"de"},{"@type":"WebPage","@id":"https:\/\/www.strassenweb.de\/nachrichten\/ich-dachte-3\/","url":"https:\/\/www.strassenweb.de\/nachrichten\/ich-dachte-3\/","name":"Ich dachte - Nachrichten - Stra\u00dfenweb","isPartOf":{"@id":"https:\/\/www.strassenweb.de\/nachrichten\/#website"},"primaryImageOfPage":{"@id":"https:\/\/www.strassenweb.de\/nachrichten\/ich-dachte-3\/#primaryimage"},"image":{"@id":"https:\/\/www.strassenweb.de\/nachrichten\/ich-dachte-3\/#primaryimage"},"thumbnailUrl":"https:\/\/www.strassenweb.de\/nachrichten\/wp-content\/uploads\/2025\/03\/ApUkmBQDY7hztwtkTrcM35.png","datePublished":"2025-08-01T23:43:05+00:00","breadcrumb":{"@id":"https:\/\/www.strassenweb.de\/nachrichten\/ich-dachte-3\/#breadcrumb"},"inLanguage":"de","potentialAction":[{"@type":"ReadAction","target":["https:\/\/www.strassenweb.de\/nachrichten\/ich-dachte-3\/"]}]},{"@type":"ImageObject","inLanguage":"de","@id":"https:\/\/www.strassenweb.de\/nachrichten\/ich-dachte-3\/#primaryimage","url":"https:\/\/www.strassenweb.de\/nachrichten\/wp-content\/uploads\/2025\/03\/ApUkmBQDY7hztwtkTrcM35.png","contentUrl":"https:\/\/www.strassenweb.de\/nachrichten\/wp-content\/uploads\/2025\/03\/ApUkmBQDY7hztwtkTrcM35.png","width":1600,"height":900,"caption":"Nate Berkus"},{"@type":"BreadcrumbList","@id":"https:\/\/www.strassenweb.de\/nachrichten\/ich-dachte-3\/#breadcrumb","itemListElement":[{"@type":"ListItem","position":1,"name":"Home","item":"https:\/\/www.strassenweb.de\/nachrichten\/"},{"@type":"ListItem","position":2,"name":"Ich dachte"}]},{"@type":"WebSite","@id":"https:\/\/www.strassenweb.de\/nachrichten\/#website","url":"https:\/\/www.strassenweb.de\/nachrichten\/","name":"Stra\u00dfenweb","description":"Stra\u00dfenverzeichnis f\u00fcr Deutschland","publisher":{"@id":"https:\/\/www.strassenweb.de\/nachrichten\/#organization"},"potentialAction":[{"@type":"SearchAction","target":{"@type":"EntryPoint","urlTemplate":"https:\/\/www.strassenweb.de\/nachrichten\/?s={search_term_string}"},"query-input":{"@type":"PropertyValueSpecification","valueRequired":true,"valueName":"search_term_string"}}],"inLanguage":"de"},{"@type":"Organization","@id":"https:\/\/www.strassenweb.de\/nachrichten\/#organization","name":"Stra\u00dfenweb","url":"https:\/\/www.strassenweb.de\/nachrichten\/","logo":{"@type":"ImageObject","inLanguage":"de","@id":"https:\/\/www.strassenweb.de\/nachrichten\/#\/schema\/logo\/image\/","url":"https:\/\/www.strassenweb.de\/nachrichten\/wp-content\/uploads\/2024\/09\/cropped-favicon.png","contentUrl":"https:\/\/www.strassenweb.de\/nachrichten\/wp-content\/uploads\/2024\/09\/cropped-favicon.png","width":512,"height":512,"caption":"Stra\u00dfenweb"},"image":{"@id":"https:\/\/www.strassenweb.de\/nachrichten\/#\/schema\/logo\/image\/"},"sameAs":["https:\/\/www.facebook.com\/strassenweb\/"]},{"@type":"Person","@id":"https:\/\/www.strassenweb.de\/nachrichten\/#\/schema\/person\/87c9c9067f1211da429a744dc5a5aa41","name":"Robert Hoffmann","image":{"@type":"ImageObject","inLanguage":"de","@id":"https:\/\/www.strassenweb.de\/nachrichten\/wp-content\/uploads\/2024\/09\/strassenweb-150x150.jpg","url":"https:\/\/www.strassenweb.de\/nachrichten\/wp-content\/uploads\/2024\/09\/strassenweb-150x150.jpg","contentUrl":"https:\/\/www.strassenweb.de\/nachrichten\/wp-content\/uploads\/2024\/09\/strassenweb-150x150.jpg","caption":"Robert Hoffmann"},"description":"Ich hei\u00dfe Robert Hoffmann und ich bin ein leidenschaftlicher Verfechter von \u00d6kologie und Biodiversit\u00e4t. Seit meiner Kindheit in den W\u00e4ldern Bayerns f\u00fchle ich mich mit der Natur verbunden und bin entschlossen, sie zu sch\u00fctzen. Heute widme ich mein Leben der Sensibilisierung anderer f\u00fcr die Bedeutung des Umweltschutzes f\u00fcr zuk\u00fcnftige Generationen.","sameAs":["https:\/\/www.strassenweb.de\/"]}]}},"_links":{"self":[{"href":"https:\/\/www.strassenweb.de\/nachrichten\/wp-json\/wp\/v2\/posts\/6637","targetHints":{"allow":["GET"]}}],"collection":[{"href":"https:\/\/www.strassenweb.de\/nachrichten\/wp-json\/wp\/v2\/posts"}],"about":[{"href":"https:\/\/www.strassenweb.de\/nachrichten\/wp-json\/wp\/v2\/types\/post"}],"author":[{"embeddable":true,"href":"https:\/\/www.strassenweb.de\/nachrichten\/wp-json\/wp\/v2\/users\/1"}],"replies":[{"embeddable":true,"href":"https:\/\/www.strassenweb.de\/nachrichten\/wp-json\/wp\/v2\/comments?post=6637"}],"version-history":[{"count":0,"href":"https:\/\/www.strassenweb.de\/nachrichten\/wp-json\/wp\/v2\/posts\/6637\/revisions"}],"wp:featuredmedia":[{"embeddable":true,"href":"https:\/\/www.strassenweb.de\/nachrichten\/wp-json\/wp\/v2\/media\/5734"}],"wp:attachment":[{"href":"https:\/\/www.strassenweb.de\/nachrichten\/wp-json\/wp\/v2\/media?parent=6637"}],"wp:term":[{"taxonomy":"category","embeddable":true,"href":"https:\/\/www.strassenweb.de\/nachrichten\/wp-json\/wp\/v2\/categories?post=6637"},{"taxonomy":"post_tag","embeddable":true,"href":"https:\/\/www.strassenweb.de\/nachrichten\/wp-json\/wp\/v2\/tags?post=6637"}],"curies":[{"name":"wp","href":"https:\/\/api.w.org\/{rel}","templated":true}]}}