{"id":6631,"date":"2025-08-01T19:40:08","date_gmt":"2025-08-01T17:40:08","guid":{"rendered":"https:\/\/www.strassenweb.de\/nachrichten\/zu-frueh-um-an-halloween-nachzudenken-ich-dachte-schon-aber-dieser-virale-wassermelonen-jack-olantern-trend-hat-meine-meinung-geaendert\/"},"modified":"2025-08-01T19:40:09","modified_gmt":"2025-08-01T17:40:09","slug":"zu-frueh-um-an-halloween-nachzudenken-ich-dachte-schon-aber-dieser-virale-wassermelonen-jack-olantern-trend-hat-meine-meinung-geaendert","status":"publish","type":"post","link":"https:\/\/www.strassenweb.de\/nachrichten\/zu-frueh-um-an-halloween-nachzudenken-ich-dachte-schon-aber-dieser-virale-wassermelonen-jack-olantern-trend-hat-meine-meinung-geaendert\/","title":{"rendered":"Zu fr\u00fch, um an Halloween nachzudenken? Ich dachte schon, aber dieser virale Wassermelonen -Jack O&#8217;Lantern -Trend hat meine Meinung ge\u00e4ndert"},"content":{"rendered":"<p><\/p>\n<div id=\"article-body\" class=\"article__body \">\n<p>W\u00e4hrend ich immer noch im Sommermodus bin und nicht ganz bereit bin, \u00fcber Halloween -Dekorideen nachzudenken, habe ich angefangen, einen neuen Trend zu bemerken: &#8218;Sommerween&#8216;. Es scheint, dass die Kombination der Freuden des Sommers mit einem Hauch von Pre-Halloateen-Jubel viel Hosting-Potenzial bietet-und ich habe beschlossen, ihn zu umarmen, indem ich den Trend f\u00fcr die Herstellung eines Wassermelon-Jack O&#8217;Lantern aus ausprobiert habe, bevor die K\u00fcrbisse auf die Farmst\u00e4nde trafen.<\/p>\n<div id=\"ad-unit-1\" class=\"ad-unit\"><\/div>\n<p>Nach einigem Experimentieren stellt sich heraus, dass Wassermelonen wirklich erstklassige K\u00fcrbis\u00e4quivalente sind: Sie k\u00f6nnen sie genau wie ein normaler Jack O&#8217;Lantern schnitzen. Und das Fleisch muss auch nicht verschwenden, da Sie es in einem der besten Mischungen aufl\u00f6sen k\u00f6nnen, um Martha Stewarts Wassermelonen -Punsch f\u00fcr eine gruselige sommerliche Feier zu machen.<\/p>\n<aside data-block-type=\"embed\" data-render-type=\"fte\" data-skip=\"dealsy\" data-widget-type=\"seasonal\" class=\"hawk-base\"><\/aside>\n<p>Watermelon ist nat\u00fcrlich ein fester Grundnahrungsmittel, unabh\u00e4ngig davon, ob Sie es in Ihren Lieblings -Sommersalat -Rezepten verwenden oder es als helleres Dessert f\u00fcr einen Sommergrill dienen. Ich habe immer ein paar Wassermelonen zur Hand &#8211; aber als ich die Fr\u00fcchte aussch\u00f6pferte, um meinen Schlag zu machen, sp\u00fcrte ich den pl\u00f6tzlichen Drang zu sehen, worum es bei dem Trend der Wassermelone Jack O&#8217;Lantern geht. Hier erfahren Sie, wie man es ausprobiert.<\/p>\n<div class=\"van_vid_carousel\">\n<div class=\"van_vid_carousel__padding\">\n<div class=\"van_vid_carousel__container\"><\/div>\n<\/div>\n<\/div>\n<h2 id=\"how-to-make-a-watermelon-jack-o-lantern-3\">Wie man einen Wassermelon Jack O&#8217;Lantern macht<\/h2>\n<p>Nachdem Sie die Spitze der Melone abgeschnitten und die Basis ausgel\u00f6st haben, sodass sie flach sitzt, m\u00fcssen Sie die Innenseite immer noch heraussch\u00f6pfen, was Sie sp\u00e4ter sparen k\u00f6nnen (sehen Sie sich unsere Tipps zur Speicherung von Wassermelone an).<\/p>\n<div id=\"ad-unit-2\" class=\"ad-unit\"><\/div>\n<p>Wenn Sie die Fr\u00fcchte entfernt haben, k\u00f6nnen Sie an der Au\u00dfenseite der Wassermelone arbeiten, um ein Jack O&#8217;Lantern -Gesicht zu markieren. (Ich habe einen Zahnstocher verwendet, um zuerst einen groben Umriss zu markieren). Ich habe dann jeden Abschnitt mit einem mittleren K\u00fcchenmesser herausgeschnitzt.<\/p>\n<p>Stellen Sie sicher, dass Sie so viel Fleisch wie m\u00f6glich entfernt haben, insbesondere am Boden der Wassermelone. Sobald es ausgeh\u00f6hlt ist, k\u00f6nnen Sie vorsichtig ein Teelicht an der Basis platzieren, genau wie Sie mit einem K\u00fcrbis tun w\u00fcrden.<\/p>\n<h2 id=\"make-a-watermelon-fruit-salad-jack-o-lantern-3\">Machen Sie einen Wassermelonenfruchtsalat Jack O&#8217;Lantern<\/h2>\n<div class=\"instagram-embed\">\n<blockquote class=\"instagram-media\" data-instgrm-version=\"6\" style=\"width:99.375%; width:-webkit-calc(100% - 2px); width:calc(100% - 2px);\">\n<p>Ein Beitrag von Candice Marie \u2661 Easy Healthy Rezepte | Wellness | Home (@simblyhealthymama)<\/p>\n<p>Ein Foto von on <\/p>\n<\/blockquote>\n<\/div>\n<p>F\u00fcr eine lustige Sommer -Hosting -Idee, warum nicht Ihr Wassermelonenfleisch f\u00fcr W\u00fcrfel oder Ballen und in einen frischen Obstsalat mit Ananas und Beeren f\u00fcgen. F\u00fcllen Sie dann Ihre ausgeh\u00f6hlte Wassermelone, damit die Frucht aus dem geschnitzten Mund st\u00fcrzt. Es ist eine sommerliche Einstellung des Trends, geschnitzte K\u00fcrbisse mit S\u00fc\u00dfigkeiten f\u00fcr Trick oder Behandlung zu f\u00fcllen, und sorgt f\u00fcr ein Avantgarde-Sommertisch-Herzst\u00fcck.<\/p>\n<p>Wenn Sie etwas Zeit sparen m\u00f6chten, m\u00fcssen Sie die Wassermelone nicht vollst\u00e4ndig hocken, bevor Sie Ihr gruseliges Gesicht schnitzen. Nat\u00fcrlich k\u00f6nnen Sie die Melone von innen nicht beleuchten, aber der Kontrast des lebendigen roten Fleisches sieht f\u00fcr Sommeraussch\u00fcsse oder als unterhaltsame Erg\u00e4nzung zu einem Thema der tropischen Sommergartenparty immer noch effektiv aus.<\/p>\n<h2 id=\"shop-watermelon-jack-o-lantern-essentials-3\">Laden Sie Wassermelone Jack O&#8217;Lantern Essentials ein<\/h2>\n<div class=\"product-container hero-product-container product-block-no-wrap\">\n<div class=\"product-block-row\"><\/div>\n<div class=\"product-block-row\"><\/div>\n<div class=\"product-block-row\"><\/div>\n<\/div>\n<p>Sie fragen sich, was Sie mit Ihrem \u00fcbrig gebliebenen Wassermelonenfleisch anfangen sollen? Immer wenn ich Obstsalat mache, erh\u00f6he ich ihn gerne mit ein paar einfachen Zutaten. Martha Stewarts Wassermelonen -Dressing ist meine derzeitige Besessenheit, aber dieses Rezept f\u00fcr Wassermelonen Thunfisch ist ein brillantes, herzhaftes Gericht.<\/p>\n<div class=\"block\" id=\"articleTag\" data-component-name=\"PostArticleLinks\">\n<div class=\"border-b border-b-black border-solid py-2.5 text-black font-bold uppercase\">Themen<\/div>\n<nav class=\"py-2.5 flex gap-2.5 flex-wrap\" data-analytics-id=\"article-tag\">\n<p>Halloween<br \/>\n<\/nav>\n<\/div>\n<\/div>\n<p><script async src=\"\/\/www.instagram.com\/embed.js\"><\/script><\/p>\n","protected":false},"excerpt":{"rendered":"<p>W\u00e4hrend ich immer noch im Sommermodus bin und nicht ganz bereit bin, \u00fcber Halloween -Dekorideen nachzudenken, habe ich angefangen, einen neuen Trend zu bemerken: &#8218;Sommerween&#8216;.<\/p>\n","protected":false},"author":1,"featured_media":6632,"comment_status":"closed","ping_status":"","sticky":false,"template":"","format":"standard","meta":{"footnotes":""},"categories":[118],"tags":[357,174,1554,6966,3370,248,189,129,9056,1054,3369,1956,9057,523,504,4272,8378],"class_list":["post-6631","post","type-post","status-publish","format-standard","has-post-thumbnail","hentry","category-haus-garten","tag-aber","tag-dachte","tag-dieser","tag-frueh","tag-geaendert","tag-halloween","tag-hat","tag-ich","tag-jack","tag-meine","tag-meinung","tag-nachzudenken","tag-olantern","tag-schon","tag-trend","tag-virale","tag-wassermelonen","generate-columns","tablet-grid-50","mobile-grid-100","grid-parent","grid-50"],"yoast_head":"<!-- This site is optimized with the Yoast SEO plugin v27.3 - https:\/\/yoast.com\/product\/yoast-seo-wordpress\/ -->\n<title>Zu fr\u00fch, um an Halloween nachzudenken? Ich dachte schon, aber dieser virale Wassermelonen -Jack O&#039;Lantern -Trend hat meine Meinung ge\u00e4ndert - Nachrichten - Stra\u00dfenweb<\/title>\n<meta name=\"robots\" content=\"index, follow, max-snippet:-1, max-image-preview:large, max-video-preview:-1\" \/>\n<link rel=\"canonical\" href=\"https:\/\/www.strassenweb.de\/nachrichten\/zu-frueh-um-an-halloween-nachzudenken-ich-dachte-schon-aber-dieser-virale-wassermelonen-jack-olantern-trend-hat-meine-meinung-geaendert\/\" \/>\n<meta property=\"og:locale\" content=\"de_DE\" \/>\n<meta property=\"og:type\" content=\"article\" \/>\n<meta property=\"og:title\" content=\"Zu fr\u00fch, um an Halloween nachzudenken? Ich dachte schon, aber dieser virale Wassermelonen -Jack O&#039;Lantern -Trend hat meine Meinung ge\u00e4ndert - Nachrichten - Stra\u00dfenweb\" \/>\n<meta property=\"og:description\" content=\"W\u00e4hrend ich immer noch im Sommermodus bin und nicht ganz bereit bin, \u00fcber Halloween -Dekorideen nachzudenken, habe ich angefangen, einen neuen Trend zu bemerken: &#8218;Sommerween&#8216;.\" \/>\n<meta property=\"og:url\" content=\"https:\/\/www.strassenweb.de\/nachrichten\/zu-frueh-um-an-halloween-nachzudenken-ich-dachte-schon-aber-dieser-virale-wassermelonen-jack-olantern-trend-hat-meine-meinung-geaendert\/\" \/>\n<meta property=\"og:site_name\" content=\"Stra\u00dfenweb\" \/>\n<meta property=\"article:publisher\" content=\"https:\/\/www.facebook.com\/strassenweb\/\" \/>\n<meta property=\"article:published_time\" content=\"2025-08-01T17:40:08+00:00\" \/>\n<meta property=\"article:modified_time\" content=\"2025-08-01T17:40:09+00:00\" \/>\n<meta property=\"og:image\" content=\"https:\/\/www.strassenweb.de\/nachrichten\/wp-content\/uploads\/2025\/08\/Zu-frueh-um-an-Halloween-nachzudenken-Ich-dachte-schon-aber.jpg\" \/>\n\t<meta property=\"og:image:width\" content=\"1600\" \/>\n\t<meta property=\"og:image:height\" content=\"900\" \/>\n\t<meta property=\"og:image:type\" content=\"image\/jpeg\" \/>\n<meta name=\"author\" content=\"Robert Hoffmann\" \/>\n<meta name=\"twitter:card\" content=\"summary_large_image\" \/>\n<meta name=\"twitter:label1\" content=\"Verfasst von\" \/>\n\t<meta name=\"twitter:data1\" content=\"Robert Hoffmann\" \/>\n\t<meta name=\"twitter:label2\" content=\"Gesch\u00e4tzte Lesezeit\" \/>\n\t<meta name=\"twitter:data2\" content=\"3\u00a0Minuten\" \/>\n<script type=\"application\/ld+json\" class=\"yoast-schema-graph\">{\"@context\":\"https:\\\/\\\/schema.org\",\"@graph\":[{\"@type\":\"Article\",\"@id\":\"https:\\\/\\\/www.strassenweb.de\\\/nachrichten\\\/zu-frueh-um-an-halloween-nachzudenken-ich-dachte-schon-aber-dieser-virale-wassermelonen-jack-olantern-trend-hat-meine-meinung-geaendert\\\/#article\",\"isPartOf\":{\"@id\":\"https:\\\/\\\/www.strassenweb.de\\\/nachrichten\\\/zu-frueh-um-an-halloween-nachzudenken-ich-dachte-schon-aber-dieser-virale-wassermelonen-jack-olantern-trend-hat-meine-meinung-geaendert\\\/\"},\"author\":{\"name\":\"Robert Hoffmann\",\"@id\":\"https:\\\/\\\/www.strassenweb.de\\\/nachrichten\\\/#\\\/schema\\\/person\\\/87c9c9067f1211da429a744dc5a5aa41\"},\"headline\":\"Zu fr\u00fch, um an Halloween nachzudenken? Ich dachte schon, aber dieser virale Wassermelonen -Jack O&#8217;Lantern -Trend hat meine Meinung ge\u00e4ndert\",\"datePublished\":\"2025-08-01T17:40:08+00:00\",\"dateModified\":\"2025-08-01T17:40:09+00:00\",\"mainEntityOfPage\":{\"@id\":\"https:\\\/\\\/www.strassenweb.de\\\/nachrichten\\\/zu-frueh-um-an-halloween-nachzudenken-ich-dachte-schon-aber-dieser-virale-wassermelonen-jack-olantern-trend-hat-meine-meinung-geaendert\\\/\"},\"wordCount\":586,\"publisher\":{\"@id\":\"https:\\\/\\\/www.strassenweb.de\\\/nachrichten\\\/#organization\"},\"image\":{\"@id\":\"https:\\\/\\\/www.strassenweb.de\\\/nachrichten\\\/zu-frueh-um-an-halloween-nachzudenken-ich-dachte-schon-aber-dieser-virale-wassermelonen-jack-olantern-trend-hat-meine-meinung-geaendert\\\/#primaryimage\"},\"thumbnailUrl\":\"https:\\\/\\\/www.strassenweb.de\\\/nachrichten\\\/wp-content\\\/uploads\\\/2025\\\/08\\\/Zu-frueh-um-an-Halloween-nachzudenken-Ich-dachte-schon-aber.jpg\",\"keywords\":[\"aber\",\"dachte\",\"dieser\",\"fr\u00fch\",\"ge\u00e4ndert\",\"Halloween\",\"hat\",\"ich\",\"Jack\",\"meine\",\"Meinung\",\"nachzudenken\",\"OLantern\",\"schon\",\"Trend\",\"virale\",\"Wassermelonen\"],\"articleSection\":[\"Haus &amp; Garten\"],\"inLanguage\":\"de\"},{\"@type\":\"WebPage\",\"@id\":\"https:\\\/\\\/www.strassenweb.de\\\/nachrichten\\\/zu-frueh-um-an-halloween-nachzudenken-ich-dachte-schon-aber-dieser-virale-wassermelonen-jack-olantern-trend-hat-meine-meinung-geaendert\\\/\",\"url\":\"https:\\\/\\\/www.strassenweb.de\\\/nachrichten\\\/zu-frueh-um-an-halloween-nachzudenken-ich-dachte-schon-aber-dieser-virale-wassermelonen-jack-olantern-trend-hat-meine-meinung-geaendert\\\/\",\"name\":\"Zu fr\u00fch, um an Halloween nachzudenken? Ich dachte schon, aber dieser virale Wassermelonen -Jack O'Lantern -Trend hat meine Meinung ge\u00e4ndert - Nachrichten - Stra\u00dfenweb\",\"isPartOf\":{\"@id\":\"https:\\\/\\\/www.strassenweb.de\\\/nachrichten\\\/#website\"},\"primaryImageOfPage\":{\"@id\":\"https:\\\/\\\/www.strassenweb.de\\\/nachrichten\\\/zu-frueh-um-an-halloween-nachzudenken-ich-dachte-schon-aber-dieser-virale-wassermelonen-jack-olantern-trend-hat-meine-meinung-geaendert\\\/#primaryimage\"},\"image\":{\"@id\":\"https:\\\/\\\/www.strassenweb.de\\\/nachrichten\\\/zu-frueh-um-an-halloween-nachzudenken-ich-dachte-schon-aber-dieser-virale-wassermelonen-jack-olantern-trend-hat-meine-meinung-geaendert\\\/#primaryimage\"},\"thumbnailUrl\":\"https:\\\/\\\/www.strassenweb.de\\\/nachrichten\\\/wp-content\\\/uploads\\\/2025\\\/08\\\/Zu-frueh-um-an-Halloween-nachzudenken-Ich-dachte-schon-aber.jpg\",\"datePublished\":\"2025-08-01T17:40:08+00:00\",\"dateModified\":\"2025-08-01T17:40:09+00:00\",\"breadcrumb\":{\"@id\":\"https:\\\/\\\/www.strassenweb.de\\\/nachrichten\\\/zu-frueh-um-an-halloween-nachzudenken-ich-dachte-schon-aber-dieser-virale-wassermelonen-jack-olantern-trend-hat-meine-meinung-geaendert\\\/#breadcrumb\"},\"inLanguage\":\"de\",\"potentialAction\":[{\"@type\":\"ReadAction\",\"target\":[\"https:\\\/\\\/www.strassenweb.de\\\/nachrichten\\\/zu-frueh-um-an-halloween-nachzudenken-ich-dachte-schon-aber-dieser-virale-wassermelonen-jack-olantern-trend-hat-meine-meinung-geaendert\\\/\"]}]},{\"@type\":\"ImageObject\",\"inLanguage\":\"de\",\"@id\":\"https:\\\/\\\/www.strassenweb.de\\\/nachrichten\\\/zu-frueh-um-an-halloween-nachzudenken-ich-dachte-schon-aber-dieser-virale-wassermelonen-jack-olantern-trend-hat-meine-meinung-geaendert\\\/#primaryimage\",\"url\":\"https:\\\/\\\/www.strassenweb.de\\\/nachrichten\\\/wp-content\\\/uploads\\\/2025\\\/08\\\/Zu-frueh-um-an-Halloween-nachzudenken-Ich-dachte-schon-aber.jpg\",\"contentUrl\":\"https:\\\/\\\/www.strassenweb.de\\\/nachrichten\\\/wp-content\\\/uploads\\\/2025\\\/08\\\/Zu-frueh-um-an-Halloween-nachzudenken-Ich-dachte-schon-aber.jpg\",\"width\":1600,\"height\":900,\"caption\":\"Carved watermelon jack o lantern\"},{\"@type\":\"BreadcrumbList\",\"@id\":\"https:\\\/\\\/www.strassenweb.de\\\/nachrichten\\\/zu-frueh-um-an-halloween-nachzudenken-ich-dachte-schon-aber-dieser-virale-wassermelonen-jack-olantern-trend-hat-meine-meinung-geaendert\\\/#breadcrumb\",\"itemListElement\":[{\"@type\":\"ListItem\",\"position\":1,\"name\":\"Home\",\"item\":\"https:\\\/\\\/www.strassenweb.de\\\/nachrichten\\\/\"},{\"@type\":\"ListItem\",\"position\":2,\"name\":\"Zu fr\u00fch, um an Halloween nachzudenken? Ich dachte schon, aber dieser virale Wassermelonen -Jack O&#8217;Lantern -Trend hat meine Meinung ge\u00e4ndert\"}]},{\"@type\":\"WebSite\",\"@id\":\"https:\\\/\\\/www.strassenweb.de\\\/nachrichten\\\/#website\",\"url\":\"https:\\\/\\\/www.strassenweb.de\\\/nachrichten\\\/\",\"name\":\"Stra\u00dfenweb\",\"description\":\"Stra\u00dfenverzeichnis f\u00fcr Deutschland\",\"publisher\":{\"@id\":\"https:\\\/\\\/www.strassenweb.de\\\/nachrichten\\\/#organization\"},\"potentialAction\":[{\"@type\":\"SearchAction\",\"target\":{\"@type\":\"EntryPoint\",\"urlTemplate\":\"https:\\\/\\\/www.strassenweb.de\\\/nachrichten\\\/?s={search_term_string}\"},\"query-input\":{\"@type\":\"PropertyValueSpecification\",\"valueRequired\":true,\"valueName\":\"search_term_string\"}}],\"inLanguage\":\"de\"},{\"@type\":\"Organization\",\"@id\":\"https:\\\/\\\/www.strassenweb.de\\\/nachrichten\\\/#organization\",\"name\":\"Stra\u00dfenweb\",\"url\":\"https:\\\/\\\/www.strassenweb.de\\\/nachrichten\\\/\",\"logo\":{\"@type\":\"ImageObject\",\"inLanguage\":\"de\",\"@id\":\"https:\\\/\\\/www.strassenweb.de\\\/nachrichten\\\/#\\\/schema\\\/logo\\\/image\\\/\",\"url\":\"https:\\\/\\\/www.strassenweb.de\\\/nachrichten\\\/wp-content\\\/uploads\\\/2024\\\/09\\\/cropped-favicon.png\",\"contentUrl\":\"https:\\\/\\\/www.strassenweb.de\\\/nachrichten\\\/wp-content\\\/uploads\\\/2024\\\/09\\\/cropped-favicon.png\",\"width\":512,\"height\":512,\"caption\":\"Stra\u00dfenweb\"},\"image\":{\"@id\":\"https:\\\/\\\/www.strassenweb.de\\\/nachrichten\\\/#\\\/schema\\\/logo\\\/image\\\/\"},\"sameAs\":[\"https:\\\/\\\/www.facebook.com\\\/strassenweb\\\/\"]},{\"@type\":\"Person\",\"@id\":\"https:\\\/\\\/www.strassenweb.de\\\/nachrichten\\\/#\\\/schema\\\/person\\\/87c9c9067f1211da429a744dc5a5aa41\",\"name\":\"Robert Hoffmann\",\"image\":{\"@type\":\"ImageObject\",\"inLanguage\":\"de\",\"@id\":\"https:\\\/\\\/www.strassenweb.de\\\/nachrichten\\\/wp-content\\\/uploads\\\/2024\\\/09\\\/strassenweb-150x150.jpg\",\"url\":\"https:\\\/\\\/www.strassenweb.de\\\/nachrichten\\\/wp-content\\\/uploads\\\/2024\\\/09\\\/strassenweb-150x150.jpg\",\"contentUrl\":\"https:\\\/\\\/www.strassenweb.de\\\/nachrichten\\\/wp-content\\\/uploads\\\/2024\\\/09\\\/strassenweb-150x150.jpg\",\"caption\":\"Robert Hoffmann\"},\"description\":\"Ich hei\u00dfe Robert Hoffmann und ich bin ein leidenschaftlicher Verfechter von \u00d6kologie und Biodiversit\u00e4t. Seit meiner Kindheit in den W\u00e4ldern Bayerns f\u00fchle ich mich mit der Natur verbunden und bin entschlossen, sie zu sch\u00fctzen. Heute widme ich mein Leben der Sensibilisierung anderer f\u00fcr die Bedeutung des Umweltschutzes f\u00fcr zuk\u00fcnftige Generationen.\",\"sameAs\":[\"https:\\\/\\\/www.strassenweb.de\\\/\"]}]}<\/script>\n<!-- \/ Yoast SEO plugin. -->","yoast_head_json":{"title":"Zu fr\u00fch, um an Halloween nachzudenken? Ich dachte schon, aber dieser virale Wassermelonen -Jack O'Lantern -Trend hat meine Meinung ge\u00e4ndert - Nachrichten - Stra\u00dfenweb","robots":{"index":"index","follow":"follow","max-snippet":"max-snippet:-1","max-image-preview":"max-image-preview:large","max-video-preview":"max-video-preview:-1"},"canonical":"https:\/\/www.strassenweb.de\/nachrichten\/zu-frueh-um-an-halloween-nachzudenken-ich-dachte-schon-aber-dieser-virale-wassermelonen-jack-olantern-trend-hat-meine-meinung-geaendert\/","og_locale":"de_DE","og_type":"article","og_title":"Zu fr\u00fch, um an Halloween nachzudenken? Ich dachte schon, aber dieser virale Wassermelonen -Jack O'Lantern -Trend hat meine Meinung ge\u00e4ndert - Nachrichten - Stra\u00dfenweb","og_description":"W\u00e4hrend ich immer noch im Sommermodus bin und nicht ganz bereit bin, \u00fcber Halloween -Dekorideen nachzudenken, habe ich angefangen, einen neuen Trend zu bemerken: &#8218;Sommerween&#8216;.","og_url":"https:\/\/www.strassenweb.de\/nachrichten\/zu-frueh-um-an-halloween-nachzudenken-ich-dachte-schon-aber-dieser-virale-wassermelonen-jack-olantern-trend-hat-meine-meinung-geaendert\/","og_site_name":"Stra\u00dfenweb","article_publisher":"https:\/\/www.facebook.com\/strassenweb\/","article_published_time":"2025-08-01T17:40:08+00:00","article_modified_time":"2025-08-01T17:40:09+00:00","og_image":[{"width":1600,"height":900,"url":"https:\/\/www.strassenweb.de\/nachrichten\/wp-content\/uploads\/2025\/08\/Zu-frueh-um-an-Halloween-nachzudenken-Ich-dachte-schon-aber.jpg","type":"image\/jpeg"}],"author":"Robert Hoffmann","twitter_card":"summary_large_image","twitter_misc":{"Verfasst von":"Robert Hoffmann","Gesch\u00e4tzte Lesezeit":"3\u00a0Minuten"},"schema":{"@context":"https:\/\/schema.org","@graph":[{"@type":"Article","@id":"https:\/\/www.strassenweb.de\/nachrichten\/zu-frueh-um-an-halloween-nachzudenken-ich-dachte-schon-aber-dieser-virale-wassermelonen-jack-olantern-trend-hat-meine-meinung-geaendert\/#article","isPartOf":{"@id":"https:\/\/www.strassenweb.de\/nachrichten\/zu-frueh-um-an-halloween-nachzudenken-ich-dachte-schon-aber-dieser-virale-wassermelonen-jack-olantern-trend-hat-meine-meinung-geaendert\/"},"author":{"name":"Robert Hoffmann","@id":"https:\/\/www.strassenweb.de\/nachrichten\/#\/schema\/person\/87c9c9067f1211da429a744dc5a5aa41"},"headline":"Zu fr\u00fch, um an Halloween nachzudenken? Ich dachte schon, aber dieser virale Wassermelonen -Jack O&#8217;Lantern -Trend hat meine Meinung ge\u00e4ndert","datePublished":"2025-08-01T17:40:08+00:00","dateModified":"2025-08-01T17:40:09+00:00","mainEntityOfPage":{"@id":"https:\/\/www.strassenweb.de\/nachrichten\/zu-frueh-um-an-halloween-nachzudenken-ich-dachte-schon-aber-dieser-virale-wassermelonen-jack-olantern-trend-hat-meine-meinung-geaendert\/"},"wordCount":586,"publisher":{"@id":"https:\/\/www.strassenweb.de\/nachrichten\/#organization"},"image":{"@id":"https:\/\/www.strassenweb.de\/nachrichten\/zu-frueh-um-an-halloween-nachzudenken-ich-dachte-schon-aber-dieser-virale-wassermelonen-jack-olantern-trend-hat-meine-meinung-geaendert\/#primaryimage"},"thumbnailUrl":"https:\/\/www.strassenweb.de\/nachrichten\/wp-content\/uploads\/2025\/08\/Zu-frueh-um-an-Halloween-nachzudenken-Ich-dachte-schon-aber.jpg","keywords":["aber","dachte","dieser","fr\u00fch","ge\u00e4ndert","Halloween","hat","ich","Jack","meine","Meinung","nachzudenken","OLantern","schon","Trend","virale","Wassermelonen"],"articleSection":["Haus &amp; Garten"],"inLanguage":"de"},{"@type":"WebPage","@id":"https:\/\/www.strassenweb.de\/nachrichten\/zu-frueh-um-an-halloween-nachzudenken-ich-dachte-schon-aber-dieser-virale-wassermelonen-jack-olantern-trend-hat-meine-meinung-geaendert\/","url":"https:\/\/www.strassenweb.de\/nachrichten\/zu-frueh-um-an-halloween-nachzudenken-ich-dachte-schon-aber-dieser-virale-wassermelonen-jack-olantern-trend-hat-meine-meinung-geaendert\/","name":"Zu fr\u00fch, um an Halloween nachzudenken? Ich dachte schon, aber dieser virale Wassermelonen -Jack O'Lantern -Trend hat meine Meinung ge\u00e4ndert - Nachrichten - Stra\u00dfenweb","isPartOf":{"@id":"https:\/\/www.strassenweb.de\/nachrichten\/#website"},"primaryImageOfPage":{"@id":"https:\/\/www.strassenweb.de\/nachrichten\/zu-frueh-um-an-halloween-nachzudenken-ich-dachte-schon-aber-dieser-virale-wassermelonen-jack-olantern-trend-hat-meine-meinung-geaendert\/#primaryimage"},"image":{"@id":"https:\/\/www.strassenweb.de\/nachrichten\/zu-frueh-um-an-halloween-nachzudenken-ich-dachte-schon-aber-dieser-virale-wassermelonen-jack-olantern-trend-hat-meine-meinung-geaendert\/#primaryimage"},"thumbnailUrl":"https:\/\/www.strassenweb.de\/nachrichten\/wp-content\/uploads\/2025\/08\/Zu-frueh-um-an-Halloween-nachzudenken-Ich-dachte-schon-aber.jpg","datePublished":"2025-08-01T17:40:08+00:00","dateModified":"2025-08-01T17:40:09+00:00","breadcrumb":{"@id":"https:\/\/www.strassenweb.de\/nachrichten\/zu-frueh-um-an-halloween-nachzudenken-ich-dachte-schon-aber-dieser-virale-wassermelonen-jack-olantern-trend-hat-meine-meinung-geaendert\/#breadcrumb"},"inLanguage":"de","potentialAction":[{"@type":"ReadAction","target":["https:\/\/www.strassenweb.de\/nachrichten\/zu-frueh-um-an-halloween-nachzudenken-ich-dachte-schon-aber-dieser-virale-wassermelonen-jack-olantern-trend-hat-meine-meinung-geaendert\/"]}]},{"@type":"ImageObject","inLanguage":"de","@id":"https:\/\/www.strassenweb.de\/nachrichten\/zu-frueh-um-an-halloween-nachzudenken-ich-dachte-schon-aber-dieser-virale-wassermelonen-jack-olantern-trend-hat-meine-meinung-geaendert\/#primaryimage","url":"https:\/\/www.strassenweb.de\/nachrichten\/wp-content\/uploads\/2025\/08\/Zu-frueh-um-an-Halloween-nachzudenken-Ich-dachte-schon-aber.jpg","contentUrl":"https:\/\/www.strassenweb.de\/nachrichten\/wp-content\/uploads\/2025\/08\/Zu-frueh-um-an-Halloween-nachzudenken-Ich-dachte-schon-aber.jpg","width":1600,"height":900,"caption":"Carved watermelon jack o lantern"},{"@type":"BreadcrumbList","@id":"https:\/\/www.strassenweb.de\/nachrichten\/zu-frueh-um-an-halloween-nachzudenken-ich-dachte-schon-aber-dieser-virale-wassermelonen-jack-olantern-trend-hat-meine-meinung-geaendert\/#breadcrumb","itemListElement":[{"@type":"ListItem","position":1,"name":"Home","item":"https:\/\/www.strassenweb.de\/nachrichten\/"},{"@type":"ListItem","position":2,"name":"Zu fr\u00fch, um an Halloween nachzudenken? Ich dachte schon, aber dieser virale Wassermelonen -Jack O&#8217;Lantern -Trend hat meine Meinung ge\u00e4ndert"}]},{"@type":"WebSite","@id":"https:\/\/www.strassenweb.de\/nachrichten\/#website","url":"https:\/\/www.strassenweb.de\/nachrichten\/","name":"Stra\u00dfenweb","description":"Stra\u00dfenverzeichnis f\u00fcr Deutschland","publisher":{"@id":"https:\/\/www.strassenweb.de\/nachrichten\/#organization"},"potentialAction":[{"@type":"SearchAction","target":{"@type":"EntryPoint","urlTemplate":"https:\/\/www.strassenweb.de\/nachrichten\/?s={search_term_string}"},"query-input":{"@type":"PropertyValueSpecification","valueRequired":true,"valueName":"search_term_string"}}],"inLanguage":"de"},{"@type":"Organization","@id":"https:\/\/www.strassenweb.de\/nachrichten\/#organization","name":"Stra\u00dfenweb","url":"https:\/\/www.strassenweb.de\/nachrichten\/","logo":{"@type":"ImageObject","inLanguage":"de","@id":"https:\/\/www.strassenweb.de\/nachrichten\/#\/schema\/logo\/image\/","url":"https:\/\/www.strassenweb.de\/nachrichten\/wp-content\/uploads\/2024\/09\/cropped-favicon.png","contentUrl":"https:\/\/www.strassenweb.de\/nachrichten\/wp-content\/uploads\/2024\/09\/cropped-favicon.png","width":512,"height":512,"caption":"Stra\u00dfenweb"},"image":{"@id":"https:\/\/www.strassenweb.de\/nachrichten\/#\/schema\/logo\/image\/"},"sameAs":["https:\/\/www.facebook.com\/strassenweb\/"]},{"@type":"Person","@id":"https:\/\/www.strassenweb.de\/nachrichten\/#\/schema\/person\/87c9c9067f1211da429a744dc5a5aa41","name":"Robert Hoffmann","image":{"@type":"ImageObject","inLanguage":"de","@id":"https:\/\/www.strassenweb.de\/nachrichten\/wp-content\/uploads\/2024\/09\/strassenweb-150x150.jpg","url":"https:\/\/www.strassenweb.de\/nachrichten\/wp-content\/uploads\/2024\/09\/strassenweb-150x150.jpg","contentUrl":"https:\/\/www.strassenweb.de\/nachrichten\/wp-content\/uploads\/2024\/09\/strassenweb-150x150.jpg","caption":"Robert Hoffmann"},"description":"Ich hei\u00dfe Robert Hoffmann und ich bin ein leidenschaftlicher Verfechter von \u00d6kologie und Biodiversit\u00e4t. Seit meiner Kindheit in den W\u00e4ldern Bayerns f\u00fchle ich mich mit der Natur verbunden und bin entschlossen, sie zu sch\u00fctzen. Heute widme ich mein Leben der Sensibilisierung anderer f\u00fcr die Bedeutung des Umweltschutzes f\u00fcr zuk\u00fcnftige Generationen.","sameAs":["https:\/\/www.strassenweb.de\/"]}]}},"_links":{"self":[{"href":"https:\/\/www.strassenweb.de\/nachrichten\/wp-json\/wp\/v2\/posts\/6631","targetHints":{"allow":["GET"]}}],"collection":[{"href":"https:\/\/www.strassenweb.de\/nachrichten\/wp-json\/wp\/v2\/posts"}],"about":[{"href":"https:\/\/www.strassenweb.de\/nachrichten\/wp-json\/wp\/v2\/types\/post"}],"author":[{"embeddable":true,"href":"https:\/\/www.strassenweb.de\/nachrichten\/wp-json\/wp\/v2\/users\/1"}],"replies":[{"embeddable":true,"href":"https:\/\/www.strassenweb.de\/nachrichten\/wp-json\/wp\/v2\/comments?post=6631"}],"version-history":[{"count":0,"href":"https:\/\/www.strassenweb.de\/nachrichten\/wp-json\/wp\/v2\/posts\/6631\/revisions"}],"wp:featuredmedia":[{"embeddable":true,"href":"https:\/\/www.strassenweb.de\/nachrichten\/wp-json\/wp\/v2\/media\/6632"}],"wp:attachment":[{"href":"https:\/\/www.strassenweb.de\/nachrichten\/wp-json\/wp\/v2\/media?parent=6631"}],"wp:term":[{"taxonomy":"category","embeddable":true,"href":"https:\/\/www.strassenweb.de\/nachrichten\/wp-json\/wp\/v2\/categories?post=6631"},{"taxonomy":"post_tag","embeddable":true,"href":"https:\/\/www.strassenweb.de\/nachrichten\/wp-json\/wp\/v2\/tags?post=6631"}],"curies":[{"name":"wp","href":"https:\/\/api.w.org\/{rel}","templated":true}]}}