{"id":6616,"date":"2025-08-01T04:42:33","date_gmt":"2025-08-01T02:42:33","guid":{"rendered":"https:\/\/www.strassenweb.de\/nachrichten\/blumen-fuechse-und-fasane-oh-mein-gott-die-neue-herbstkollektion-von-pottery-barn-ist-die-wunderbar-aeusserst-skurrile-reichweite-die-ich-in-diesem-jahr-bisher-gesehen-habe\/"},"modified":"2025-08-01T04:42:35","modified_gmt":"2025-08-01T02:42:35","slug":"blumen-fuechse-und-fasane-oh-mein-gott-die-neue-herbstkollektion-von-pottery-barn-ist-die-wunderbar-aeusserst-skurrile-reichweite-die-ich-in-diesem-jahr-bisher-gesehen-habe","status":"publish","type":"post","link":"https:\/\/www.strassenweb.de\/nachrichten\/blumen-fuechse-und-fasane-oh-mein-gott-die-neue-herbstkollektion-von-pottery-barn-ist-die-wunderbar-aeusserst-skurrile-reichweite-die-ich-in-diesem-jahr-bisher-gesehen-habe\/","title":{"rendered":"Blumen, F\u00fcchse und Fasane, oh mein Gott! &#8211; Die neue Herbstkollektion von Pottery Barn ist die wunderbar \u00e4u\u00dferst skurrile Reichweite, die ich in diesem Jahr bisher gesehen habe"},"content":{"rendered":"<p><\/p>\n<div id=\"article-body\" class=\"article__body \">\n<p>M\u00f6chten Sie wissen, wie es ist, auf den Seiten eines M\u00e4rchens zu leben? Die Herbstkollektion von Pottery Barn kann Ihnen helfen, dies herauszufinden. Passend bezeichnet <em>&#8222;Fantastischer Wald&#8220;<\/em>Diese Kollektion enth\u00e4lt von Natur aus inspirierte Drucke, Waldmotive und skurrile Details, die jeden Raum Ihres Hauses in eine eigene Storybook-Umgebung verwandeln k\u00f6nnen.<\/p>\n<div id=\"ad-unit-1\" class=\"ad-unit\"><\/div>\n<p>Mit allem, von Bettw\u00e4sche und Kissen bis hin zu M\u00f6beln und Tabellengeschirr, die <em>Fantastischer Wald<\/em> Die Sammlung hat alle Herbst -Dekor -Ideen, die Sie ben\u00f6tigen, um Ihre Geschichte der Saison zu erz\u00e4hlen &#8211; mit Dekor, das so gem\u00fctlich wie eine malerische Kabine und so skurril wie die Fantasie eines Kindes ist. Au\u00dferdem ist es mit einem klassischen und zeitlosen Herbst -Farbschema geerdet &#8211; Braun-, Gr\u00fcn- und Rot -Dekorieren Sie jedes St\u00fcck, w\u00e4hrend Materialien wie Holz, Messing und Wolle eine st\u00fctzende Rolle spielen, um diese Kollektion f\u00fcr den Herbst geeignet zu machen.<\/p>\n<p>Wenn wir von hei\u00dfen und sonnigen Sommertagen zu knackigen und coolen Herbstnachmittagen wechseln, lassen Sie Ihr Wohnkultur die Stimmung der Saison festlegen, indem Sie warme und skurrile Details in jede Ecke einladen. Ihr Herbstdekor sollte eine Geschichte erz\u00e4hlen und die <em>Fantastischer Wald<\/em> Die Sammlung kann dies erm\u00f6glichen.<\/p>\n<div class=\"van_vid_carousel\">\n<div class=\"van_vid_carousel__padding\">\n<div class=\"van_vid_carousel__container\"><\/div>\n<\/div>\n<\/div>\n<figure class=\"van-image-figure inline-layout \" data-bordeaux-image-check>\n<div class=\"image-full-width-wrapper\">\n<div class=\"image-widthsetter\" style=\"max-width:2000px;\"><\/div>\n<\/div>\n<\/figure>\n<div class=\"product-container hero-product-container product-block-no-wrap\">\n<div class=\"product-block-row\"><\/div>\n<div class=\"product-block-row\"><\/div>\n<div class=\"product-block-row\"><\/div>\n<div class=\"product-block-row\"><\/div>\n<div class=\"product-block-row\"><\/div>\n<div class=\"product-block-row\"><\/div>\n<\/div>\n<figure class=\"van-image-figure inline-layout \" data-bordeaux-image-check>\n<div class=\"image-full-width-wrapper\">\n<div class=\"image-widthsetter\" style=\"max-width:2000px;\"><\/div>\n<\/div>\n<\/figure>\n<div class=\"product-container hero-product-container product-block-no-wrap\">\n<div class=\"product-block-row\"><\/div>\n<div class=\"product-block-row\"><\/div>\n<div class=\"product-block-row\"><\/div>\n<div class=\"product-block-row\"><\/div>\n<div class=\"product-block-row\"><\/div>\n<div class=\"product-block-row\"><\/div>\n<\/div>\n<aside data-block-type=\"embed\" data-render-type=\"fte\" data-skip=\"dealsy\" data-widget-type=\"seasonal\" class=\"hawk-base\"><\/aside>\n<p>Nat\u00fcrlich ist die Halloween -Kollektion von Pottery Barn ebenfalls ikonisch und haben bereits ihre Reichweite von 2025 auf den Markt gebracht. Ja, die schwebenden Geister sind dieses Jahr zur\u00fcck, ebenso wie das ganze Weidendekor, aber sie sind jedes Jahr ausverkauft, also ist es m\u00f6glicherweise noch Juli, aber halten Sie nicht nach, wenn Sie etwas sehen, das ein Muss ist.<\/p>\n<div id=\"ad-unit-2\" class=\"ad-unit\"><\/div>\n<div id=\"slice-container-newsletterForm-articleInbodyContent-726DEcLkZR9FCd4awPcrii\" class=\"slice-container newsletter-inbodyContent-slice newsletterForm-articleInbodyContent-726DEcLkZR9FCd4awPcrii slice-container-newsletterForm\"><\/div>\n<\/div>\n","protected":false},"excerpt":{"rendered":"<p>M\u00f6chten Sie wissen, wie es ist, auf den Seiten eines M\u00e4rchens zu leben? Die Herbstkollektion von Pottery Barn kann Ihnen helfen, dies herauszufinden. Passend bezeichnet<\/p>\n","protected":false},"author":1,"featured_media":6617,"comment_status":"closed","ping_status":"","sticky":false,"template":"","format":"standard","meta":{"footnotes":""},"categories":[118],"tags":[9042,4305,2124,2224,9,32,9040,9039,1905,9041,823,8770,129,15,384,778,108,4304,7547,8895,37,21,3518],"class_list":["post-6616","post","type-post","status-publish","format-standard","has-post-thumbnail","hentry","category-haus-garten","tag-aeusserst","tag-barn","tag-bisher","tag-blumen","tag-die","tag-diesem","tag-fasane","tag-fuechse","tag-gesehen","tag-gott","tag-habe","tag-herbstkollektion","tag-ich","tag-ist","tag-jahr","tag-mein","tag-neue","tag-pottery","tag-reichweite","tag-skurrile","tag-und","tag-von","tag-wunderbar","generate-columns","tablet-grid-50","mobile-grid-100","grid-parent","grid-50"],"yoast_head":"<!-- This site is optimized with the Yoast SEO plugin v27.3 - https:\/\/yoast.com\/product\/yoast-seo-wordpress\/ -->\n<title>Blumen, F\u00fcchse und Fasane, oh mein Gott! - Die neue Herbstkollektion von Pottery Barn ist die wunderbar \u00e4u\u00dferst skurrile Reichweite, die ich in diesem Jahr bisher gesehen habe - Nachrichten - Stra\u00dfenweb<\/title>\n<meta name=\"robots\" content=\"index, follow, max-snippet:-1, max-image-preview:large, max-video-preview:-1\" \/>\n<link rel=\"canonical\" href=\"https:\/\/www.strassenweb.de\/nachrichten\/blumen-fuechse-und-fasane-oh-mein-gott-die-neue-herbstkollektion-von-pottery-barn-ist-die-wunderbar-aeusserst-skurrile-reichweite-die-ich-in-diesem-jahr-bisher-gesehen-habe\/\" \/>\n<meta property=\"og:locale\" content=\"de_DE\" \/>\n<meta property=\"og:type\" content=\"article\" \/>\n<meta property=\"og:title\" content=\"Blumen, F\u00fcchse und Fasane, oh mein Gott! - Die neue Herbstkollektion von Pottery Barn ist die wunderbar \u00e4u\u00dferst skurrile Reichweite, die ich in diesem Jahr bisher gesehen habe - Nachrichten - Stra\u00dfenweb\" \/>\n<meta property=\"og:description\" content=\"M\u00f6chten Sie wissen, wie es ist, auf den Seiten eines M\u00e4rchens zu leben? Die Herbstkollektion von Pottery Barn kann Ihnen helfen, dies herauszufinden. Passend bezeichnet\" \/>\n<meta property=\"og:url\" content=\"https:\/\/www.strassenweb.de\/nachrichten\/blumen-fuechse-und-fasane-oh-mein-gott-die-neue-herbstkollektion-von-pottery-barn-ist-die-wunderbar-aeusserst-skurrile-reichweite-die-ich-in-diesem-jahr-bisher-gesehen-habe\/\" \/>\n<meta property=\"og:site_name\" content=\"Stra\u00dfenweb\" \/>\n<meta property=\"article:publisher\" content=\"https:\/\/www.facebook.com\/strassenweb\/\" \/>\n<meta property=\"article:published_time\" content=\"2025-08-01T02:42:33+00:00\" \/>\n<meta property=\"article:modified_time\" content=\"2025-08-01T02:42:35+00:00\" \/>\n<meta property=\"og:image\" content=\"https:\/\/www.strassenweb.de\/nachrichten\/wp-content\/uploads\/2025\/08\/Blumen-Fuechse-und-Fasane-oh-mein-Gott-Die-neue.png\" \/>\n\t<meta property=\"og:image:width\" content=\"1600\" \/>\n\t<meta property=\"og:image:height\" content=\"900\" \/>\n\t<meta property=\"og:image:type\" content=\"image\/png\" \/>\n<meta name=\"author\" content=\"Robert Hoffmann\" \/>\n<meta name=\"twitter:card\" content=\"summary_large_image\" \/>\n<meta name=\"twitter:label1\" content=\"Verfasst von\" \/>\n\t<meta name=\"twitter:data1\" content=\"Robert Hoffmann\" \/>\n\t<meta name=\"twitter:label2\" content=\"Gesch\u00e4tzte Lesezeit\" \/>\n\t<meta name=\"twitter:data2\" content=\"1\u00a0Minute\" \/>\n<script type=\"application\/ld+json\" class=\"yoast-schema-graph\">{\"@context\":\"https:\\\/\\\/schema.org\",\"@graph\":[{\"@type\":\"Article\",\"@id\":\"https:\\\/\\\/www.strassenweb.de\\\/nachrichten\\\/blumen-fuechse-und-fasane-oh-mein-gott-die-neue-herbstkollektion-von-pottery-barn-ist-die-wunderbar-aeusserst-skurrile-reichweite-die-ich-in-diesem-jahr-bisher-gesehen-habe\\\/#article\",\"isPartOf\":{\"@id\":\"https:\\\/\\\/www.strassenweb.de\\\/nachrichten\\\/blumen-fuechse-und-fasane-oh-mein-gott-die-neue-herbstkollektion-von-pottery-barn-ist-die-wunderbar-aeusserst-skurrile-reichweite-die-ich-in-diesem-jahr-bisher-gesehen-habe\\\/\"},\"author\":{\"name\":\"Robert Hoffmann\",\"@id\":\"https:\\\/\\\/www.strassenweb.de\\\/nachrichten\\\/#\\\/schema\\\/person\\\/87c9c9067f1211da429a744dc5a5aa41\"},\"headline\":\"Blumen, F\u00fcchse und Fasane, oh mein Gott! &#8211; Die neue Herbstkollektion von Pottery Barn ist die wunderbar \u00e4u\u00dferst skurrile Reichweite, die ich in diesem Jahr bisher gesehen habe\",\"datePublished\":\"2025-08-01T02:42:33+00:00\",\"dateModified\":\"2025-08-01T02:42:35+00:00\",\"mainEntityOfPage\":{\"@id\":\"https:\\\/\\\/www.strassenweb.de\\\/nachrichten\\\/blumen-fuechse-und-fasane-oh-mein-gott-die-neue-herbstkollektion-von-pottery-barn-ist-die-wunderbar-aeusserst-skurrile-reichweite-die-ich-in-diesem-jahr-bisher-gesehen-habe\\\/\"},\"wordCount\":297,\"publisher\":{\"@id\":\"https:\\\/\\\/www.strassenweb.de\\\/nachrichten\\\/#organization\"},\"image\":{\"@id\":\"https:\\\/\\\/www.strassenweb.de\\\/nachrichten\\\/blumen-fuechse-und-fasane-oh-mein-gott-die-neue-herbstkollektion-von-pottery-barn-ist-die-wunderbar-aeusserst-skurrile-reichweite-die-ich-in-diesem-jahr-bisher-gesehen-habe\\\/#primaryimage\"},\"thumbnailUrl\":\"https:\\\/\\\/www.strassenweb.de\\\/nachrichten\\\/wp-content\\\/uploads\\\/2025\\\/08\\\/Blumen-Fuechse-und-Fasane-oh-mein-Gott-Die-neue.png\",\"keywords\":[\"\u00e4u\u00dferst\",\"Barn\",\"bisher\",\"Blumen\",\"die\",\"diesem\",\"Fasane\",\"F\u00fcchse\",\"gesehen\",\"Gott\",\"habe\",\"Herbstkollektion\",\"ich\",\"ist\",\"Jahr\",\"mein\",\"Neue\",\"Pottery\",\"Reichweite\",\"skurrile\",\"und\",\"von\",\"wunderbar\"],\"articleSection\":[\"Haus &amp; Garten\"],\"inLanguage\":\"de\"},{\"@type\":\"WebPage\",\"@id\":\"https:\\\/\\\/www.strassenweb.de\\\/nachrichten\\\/blumen-fuechse-und-fasane-oh-mein-gott-die-neue-herbstkollektion-von-pottery-barn-ist-die-wunderbar-aeusserst-skurrile-reichweite-die-ich-in-diesem-jahr-bisher-gesehen-habe\\\/\",\"url\":\"https:\\\/\\\/www.strassenweb.de\\\/nachrichten\\\/blumen-fuechse-und-fasane-oh-mein-gott-die-neue-herbstkollektion-von-pottery-barn-ist-die-wunderbar-aeusserst-skurrile-reichweite-die-ich-in-diesem-jahr-bisher-gesehen-habe\\\/\",\"name\":\"Blumen, F\u00fcchse und Fasane, oh mein Gott! - Die neue Herbstkollektion von Pottery Barn ist die wunderbar \u00e4u\u00dferst skurrile Reichweite, die ich in diesem Jahr bisher gesehen habe - Nachrichten - Stra\u00dfenweb\",\"isPartOf\":{\"@id\":\"https:\\\/\\\/www.strassenweb.de\\\/nachrichten\\\/#website\"},\"primaryImageOfPage\":{\"@id\":\"https:\\\/\\\/www.strassenweb.de\\\/nachrichten\\\/blumen-fuechse-und-fasane-oh-mein-gott-die-neue-herbstkollektion-von-pottery-barn-ist-die-wunderbar-aeusserst-skurrile-reichweite-die-ich-in-diesem-jahr-bisher-gesehen-habe\\\/#primaryimage\"},\"image\":{\"@id\":\"https:\\\/\\\/www.strassenweb.de\\\/nachrichten\\\/blumen-fuechse-und-fasane-oh-mein-gott-die-neue-herbstkollektion-von-pottery-barn-ist-die-wunderbar-aeusserst-skurrile-reichweite-die-ich-in-diesem-jahr-bisher-gesehen-habe\\\/#primaryimage\"},\"thumbnailUrl\":\"https:\\\/\\\/www.strassenweb.de\\\/nachrichten\\\/wp-content\\\/uploads\\\/2025\\\/08\\\/Blumen-Fuechse-und-Fasane-oh-mein-Gott-Die-neue.png\",\"datePublished\":\"2025-08-01T02:42:33+00:00\",\"dateModified\":\"2025-08-01T02:42:35+00:00\",\"breadcrumb\":{\"@id\":\"https:\\\/\\\/www.strassenweb.de\\\/nachrichten\\\/blumen-fuechse-und-fasane-oh-mein-gott-die-neue-herbstkollektion-von-pottery-barn-ist-die-wunderbar-aeusserst-skurrile-reichweite-die-ich-in-diesem-jahr-bisher-gesehen-habe\\\/#breadcrumb\"},\"inLanguage\":\"de\",\"potentialAction\":[{\"@type\":\"ReadAction\",\"target\":[\"https:\\\/\\\/www.strassenweb.de\\\/nachrichten\\\/blumen-fuechse-und-fasane-oh-mein-gott-die-neue-herbstkollektion-von-pottery-barn-ist-die-wunderbar-aeusserst-skurrile-reichweite-die-ich-in-diesem-jahr-bisher-gesehen-habe\\\/\"]}]},{\"@type\":\"ImageObject\",\"inLanguage\":\"de\",\"@id\":\"https:\\\/\\\/www.strassenweb.de\\\/nachrichten\\\/blumen-fuechse-und-fasane-oh-mein-gott-die-neue-herbstkollektion-von-pottery-barn-ist-die-wunderbar-aeusserst-skurrile-reichweite-die-ich-in-diesem-jahr-bisher-gesehen-habe\\\/#primaryimage\",\"url\":\"https:\\\/\\\/www.strassenweb.de\\\/nachrichten\\\/wp-content\\\/uploads\\\/2025\\\/08\\\/Blumen-Fuechse-und-Fasane-oh-mein-Gott-Die-neue.png\",\"contentUrl\":\"https:\\\/\\\/www.strassenweb.de\\\/nachrichten\\\/wp-content\\\/uploads\\\/2025\\\/08\\\/Blumen-Fuechse-und-Fasane-oh-mein-Gott-Die-neue.png\",\"width\":1600,\"height\":900,\"caption\":\"a bedroom with a forest-themed bedspread, sage green painted walls, symmetrical bedside tables and lamps, and a plaid accent chair\"},{\"@type\":\"BreadcrumbList\",\"@id\":\"https:\\\/\\\/www.strassenweb.de\\\/nachrichten\\\/blumen-fuechse-und-fasane-oh-mein-gott-die-neue-herbstkollektion-von-pottery-barn-ist-die-wunderbar-aeusserst-skurrile-reichweite-die-ich-in-diesem-jahr-bisher-gesehen-habe\\\/#breadcrumb\",\"itemListElement\":[{\"@type\":\"ListItem\",\"position\":1,\"name\":\"Home\",\"item\":\"https:\\\/\\\/www.strassenweb.de\\\/nachrichten\\\/\"},{\"@type\":\"ListItem\",\"position\":2,\"name\":\"Blumen, F\u00fcchse und Fasane, oh mein Gott! &#8211; Die neue Herbstkollektion von Pottery Barn ist die wunderbar \u00e4u\u00dferst skurrile Reichweite, die ich in diesem Jahr bisher gesehen habe\"}]},{\"@type\":\"WebSite\",\"@id\":\"https:\\\/\\\/www.strassenweb.de\\\/nachrichten\\\/#website\",\"url\":\"https:\\\/\\\/www.strassenweb.de\\\/nachrichten\\\/\",\"name\":\"Stra\u00dfenweb\",\"description\":\"Stra\u00dfenverzeichnis f\u00fcr Deutschland\",\"publisher\":{\"@id\":\"https:\\\/\\\/www.strassenweb.de\\\/nachrichten\\\/#organization\"},\"potentialAction\":[{\"@type\":\"SearchAction\",\"target\":{\"@type\":\"EntryPoint\",\"urlTemplate\":\"https:\\\/\\\/www.strassenweb.de\\\/nachrichten\\\/?s={search_term_string}\"},\"query-input\":{\"@type\":\"PropertyValueSpecification\",\"valueRequired\":true,\"valueName\":\"search_term_string\"}}],\"inLanguage\":\"de\"},{\"@type\":\"Organization\",\"@id\":\"https:\\\/\\\/www.strassenweb.de\\\/nachrichten\\\/#organization\",\"name\":\"Stra\u00dfenweb\",\"url\":\"https:\\\/\\\/www.strassenweb.de\\\/nachrichten\\\/\",\"logo\":{\"@type\":\"ImageObject\",\"inLanguage\":\"de\",\"@id\":\"https:\\\/\\\/www.strassenweb.de\\\/nachrichten\\\/#\\\/schema\\\/logo\\\/image\\\/\",\"url\":\"https:\\\/\\\/www.strassenweb.de\\\/nachrichten\\\/wp-content\\\/uploads\\\/2024\\\/09\\\/cropped-favicon.png\",\"contentUrl\":\"https:\\\/\\\/www.strassenweb.de\\\/nachrichten\\\/wp-content\\\/uploads\\\/2024\\\/09\\\/cropped-favicon.png\",\"width\":512,\"height\":512,\"caption\":\"Stra\u00dfenweb\"},\"image\":{\"@id\":\"https:\\\/\\\/www.strassenweb.de\\\/nachrichten\\\/#\\\/schema\\\/logo\\\/image\\\/\"},\"sameAs\":[\"https:\\\/\\\/www.facebook.com\\\/strassenweb\\\/\"]},{\"@type\":\"Person\",\"@id\":\"https:\\\/\\\/www.strassenweb.de\\\/nachrichten\\\/#\\\/schema\\\/person\\\/87c9c9067f1211da429a744dc5a5aa41\",\"name\":\"Robert Hoffmann\",\"image\":{\"@type\":\"ImageObject\",\"inLanguage\":\"de\",\"@id\":\"https:\\\/\\\/www.strassenweb.de\\\/nachrichten\\\/wp-content\\\/uploads\\\/2024\\\/09\\\/strassenweb-150x150.jpg\",\"url\":\"https:\\\/\\\/www.strassenweb.de\\\/nachrichten\\\/wp-content\\\/uploads\\\/2024\\\/09\\\/strassenweb-150x150.jpg\",\"contentUrl\":\"https:\\\/\\\/www.strassenweb.de\\\/nachrichten\\\/wp-content\\\/uploads\\\/2024\\\/09\\\/strassenweb-150x150.jpg\",\"caption\":\"Robert Hoffmann\"},\"description\":\"Ich hei\u00dfe Robert Hoffmann und ich bin ein leidenschaftlicher Verfechter von \u00d6kologie und Biodiversit\u00e4t. Seit meiner Kindheit in den W\u00e4ldern Bayerns f\u00fchle ich mich mit der Natur verbunden und bin entschlossen, sie zu sch\u00fctzen. Heute widme ich mein Leben der Sensibilisierung anderer f\u00fcr die Bedeutung des Umweltschutzes f\u00fcr zuk\u00fcnftige Generationen.\",\"sameAs\":[\"https:\\\/\\\/www.strassenweb.de\\\/\"]}]}<\/script>\n<!-- \/ Yoast SEO plugin. -->","yoast_head_json":{"title":"Blumen, F\u00fcchse und Fasane, oh mein Gott! - Die neue Herbstkollektion von Pottery Barn ist die wunderbar \u00e4u\u00dferst skurrile Reichweite, die ich in diesem Jahr bisher gesehen habe - Nachrichten - Stra\u00dfenweb","robots":{"index":"index","follow":"follow","max-snippet":"max-snippet:-1","max-image-preview":"max-image-preview:large","max-video-preview":"max-video-preview:-1"},"canonical":"https:\/\/www.strassenweb.de\/nachrichten\/blumen-fuechse-und-fasane-oh-mein-gott-die-neue-herbstkollektion-von-pottery-barn-ist-die-wunderbar-aeusserst-skurrile-reichweite-die-ich-in-diesem-jahr-bisher-gesehen-habe\/","og_locale":"de_DE","og_type":"article","og_title":"Blumen, F\u00fcchse und Fasane, oh mein Gott! - Die neue Herbstkollektion von Pottery Barn ist die wunderbar \u00e4u\u00dferst skurrile Reichweite, die ich in diesem Jahr bisher gesehen habe - Nachrichten - Stra\u00dfenweb","og_description":"M\u00f6chten Sie wissen, wie es ist, auf den Seiten eines M\u00e4rchens zu leben? Die Herbstkollektion von Pottery Barn kann Ihnen helfen, dies herauszufinden. Passend bezeichnet","og_url":"https:\/\/www.strassenweb.de\/nachrichten\/blumen-fuechse-und-fasane-oh-mein-gott-die-neue-herbstkollektion-von-pottery-barn-ist-die-wunderbar-aeusserst-skurrile-reichweite-die-ich-in-diesem-jahr-bisher-gesehen-habe\/","og_site_name":"Stra\u00dfenweb","article_publisher":"https:\/\/www.facebook.com\/strassenweb\/","article_published_time":"2025-08-01T02:42:33+00:00","article_modified_time":"2025-08-01T02:42:35+00:00","og_image":[{"width":1600,"height":900,"url":"https:\/\/www.strassenweb.de\/nachrichten\/wp-content\/uploads\/2025\/08\/Blumen-Fuechse-und-Fasane-oh-mein-Gott-Die-neue.png","type":"image\/png"}],"author":"Robert Hoffmann","twitter_card":"summary_large_image","twitter_misc":{"Verfasst von":"Robert Hoffmann","Gesch\u00e4tzte Lesezeit":"1\u00a0Minute"},"schema":{"@context":"https:\/\/schema.org","@graph":[{"@type":"Article","@id":"https:\/\/www.strassenweb.de\/nachrichten\/blumen-fuechse-und-fasane-oh-mein-gott-die-neue-herbstkollektion-von-pottery-barn-ist-die-wunderbar-aeusserst-skurrile-reichweite-die-ich-in-diesem-jahr-bisher-gesehen-habe\/#article","isPartOf":{"@id":"https:\/\/www.strassenweb.de\/nachrichten\/blumen-fuechse-und-fasane-oh-mein-gott-die-neue-herbstkollektion-von-pottery-barn-ist-die-wunderbar-aeusserst-skurrile-reichweite-die-ich-in-diesem-jahr-bisher-gesehen-habe\/"},"author":{"name":"Robert Hoffmann","@id":"https:\/\/www.strassenweb.de\/nachrichten\/#\/schema\/person\/87c9c9067f1211da429a744dc5a5aa41"},"headline":"Blumen, F\u00fcchse und Fasane, oh mein Gott! &#8211; Die neue Herbstkollektion von Pottery Barn ist die wunderbar \u00e4u\u00dferst skurrile Reichweite, die ich in diesem Jahr bisher gesehen habe","datePublished":"2025-08-01T02:42:33+00:00","dateModified":"2025-08-01T02:42:35+00:00","mainEntityOfPage":{"@id":"https:\/\/www.strassenweb.de\/nachrichten\/blumen-fuechse-und-fasane-oh-mein-gott-die-neue-herbstkollektion-von-pottery-barn-ist-die-wunderbar-aeusserst-skurrile-reichweite-die-ich-in-diesem-jahr-bisher-gesehen-habe\/"},"wordCount":297,"publisher":{"@id":"https:\/\/www.strassenweb.de\/nachrichten\/#organization"},"image":{"@id":"https:\/\/www.strassenweb.de\/nachrichten\/blumen-fuechse-und-fasane-oh-mein-gott-die-neue-herbstkollektion-von-pottery-barn-ist-die-wunderbar-aeusserst-skurrile-reichweite-die-ich-in-diesem-jahr-bisher-gesehen-habe\/#primaryimage"},"thumbnailUrl":"https:\/\/www.strassenweb.de\/nachrichten\/wp-content\/uploads\/2025\/08\/Blumen-Fuechse-und-Fasane-oh-mein-Gott-Die-neue.png","keywords":["\u00e4u\u00dferst","Barn","bisher","Blumen","die","diesem","Fasane","F\u00fcchse","gesehen","Gott","habe","Herbstkollektion","ich","ist","Jahr","mein","Neue","Pottery","Reichweite","skurrile","und","von","wunderbar"],"articleSection":["Haus &amp; Garten"],"inLanguage":"de"},{"@type":"WebPage","@id":"https:\/\/www.strassenweb.de\/nachrichten\/blumen-fuechse-und-fasane-oh-mein-gott-die-neue-herbstkollektion-von-pottery-barn-ist-die-wunderbar-aeusserst-skurrile-reichweite-die-ich-in-diesem-jahr-bisher-gesehen-habe\/","url":"https:\/\/www.strassenweb.de\/nachrichten\/blumen-fuechse-und-fasane-oh-mein-gott-die-neue-herbstkollektion-von-pottery-barn-ist-die-wunderbar-aeusserst-skurrile-reichweite-die-ich-in-diesem-jahr-bisher-gesehen-habe\/","name":"Blumen, F\u00fcchse und Fasane, oh mein Gott! - Die neue Herbstkollektion von Pottery Barn ist die wunderbar \u00e4u\u00dferst skurrile Reichweite, die ich in diesem Jahr bisher gesehen habe - Nachrichten - Stra\u00dfenweb","isPartOf":{"@id":"https:\/\/www.strassenweb.de\/nachrichten\/#website"},"primaryImageOfPage":{"@id":"https:\/\/www.strassenweb.de\/nachrichten\/blumen-fuechse-und-fasane-oh-mein-gott-die-neue-herbstkollektion-von-pottery-barn-ist-die-wunderbar-aeusserst-skurrile-reichweite-die-ich-in-diesem-jahr-bisher-gesehen-habe\/#primaryimage"},"image":{"@id":"https:\/\/www.strassenweb.de\/nachrichten\/blumen-fuechse-und-fasane-oh-mein-gott-die-neue-herbstkollektion-von-pottery-barn-ist-die-wunderbar-aeusserst-skurrile-reichweite-die-ich-in-diesem-jahr-bisher-gesehen-habe\/#primaryimage"},"thumbnailUrl":"https:\/\/www.strassenweb.de\/nachrichten\/wp-content\/uploads\/2025\/08\/Blumen-Fuechse-und-Fasane-oh-mein-Gott-Die-neue.png","datePublished":"2025-08-01T02:42:33+00:00","dateModified":"2025-08-01T02:42:35+00:00","breadcrumb":{"@id":"https:\/\/www.strassenweb.de\/nachrichten\/blumen-fuechse-und-fasane-oh-mein-gott-die-neue-herbstkollektion-von-pottery-barn-ist-die-wunderbar-aeusserst-skurrile-reichweite-die-ich-in-diesem-jahr-bisher-gesehen-habe\/#breadcrumb"},"inLanguage":"de","potentialAction":[{"@type":"ReadAction","target":["https:\/\/www.strassenweb.de\/nachrichten\/blumen-fuechse-und-fasane-oh-mein-gott-die-neue-herbstkollektion-von-pottery-barn-ist-die-wunderbar-aeusserst-skurrile-reichweite-die-ich-in-diesem-jahr-bisher-gesehen-habe\/"]}]},{"@type":"ImageObject","inLanguage":"de","@id":"https:\/\/www.strassenweb.de\/nachrichten\/blumen-fuechse-und-fasane-oh-mein-gott-die-neue-herbstkollektion-von-pottery-barn-ist-die-wunderbar-aeusserst-skurrile-reichweite-die-ich-in-diesem-jahr-bisher-gesehen-habe\/#primaryimage","url":"https:\/\/www.strassenweb.de\/nachrichten\/wp-content\/uploads\/2025\/08\/Blumen-Fuechse-und-Fasane-oh-mein-Gott-Die-neue.png","contentUrl":"https:\/\/www.strassenweb.de\/nachrichten\/wp-content\/uploads\/2025\/08\/Blumen-Fuechse-und-Fasane-oh-mein-Gott-Die-neue.png","width":1600,"height":900,"caption":"a bedroom with a forest-themed bedspread, sage green painted walls, symmetrical bedside tables and lamps, and a plaid accent chair"},{"@type":"BreadcrumbList","@id":"https:\/\/www.strassenweb.de\/nachrichten\/blumen-fuechse-und-fasane-oh-mein-gott-die-neue-herbstkollektion-von-pottery-barn-ist-die-wunderbar-aeusserst-skurrile-reichweite-die-ich-in-diesem-jahr-bisher-gesehen-habe\/#breadcrumb","itemListElement":[{"@type":"ListItem","position":1,"name":"Home","item":"https:\/\/www.strassenweb.de\/nachrichten\/"},{"@type":"ListItem","position":2,"name":"Blumen, F\u00fcchse und Fasane, oh mein Gott! &#8211; Die neue Herbstkollektion von Pottery Barn ist die wunderbar \u00e4u\u00dferst skurrile Reichweite, die ich in diesem Jahr bisher gesehen habe"}]},{"@type":"WebSite","@id":"https:\/\/www.strassenweb.de\/nachrichten\/#website","url":"https:\/\/www.strassenweb.de\/nachrichten\/","name":"Stra\u00dfenweb","description":"Stra\u00dfenverzeichnis f\u00fcr Deutschland","publisher":{"@id":"https:\/\/www.strassenweb.de\/nachrichten\/#organization"},"potentialAction":[{"@type":"SearchAction","target":{"@type":"EntryPoint","urlTemplate":"https:\/\/www.strassenweb.de\/nachrichten\/?s={search_term_string}"},"query-input":{"@type":"PropertyValueSpecification","valueRequired":true,"valueName":"search_term_string"}}],"inLanguage":"de"},{"@type":"Organization","@id":"https:\/\/www.strassenweb.de\/nachrichten\/#organization","name":"Stra\u00dfenweb","url":"https:\/\/www.strassenweb.de\/nachrichten\/","logo":{"@type":"ImageObject","inLanguage":"de","@id":"https:\/\/www.strassenweb.de\/nachrichten\/#\/schema\/logo\/image\/","url":"https:\/\/www.strassenweb.de\/nachrichten\/wp-content\/uploads\/2024\/09\/cropped-favicon.png","contentUrl":"https:\/\/www.strassenweb.de\/nachrichten\/wp-content\/uploads\/2024\/09\/cropped-favicon.png","width":512,"height":512,"caption":"Stra\u00dfenweb"},"image":{"@id":"https:\/\/www.strassenweb.de\/nachrichten\/#\/schema\/logo\/image\/"},"sameAs":["https:\/\/www.facebook.com\/strassenweb\/"]},{"@type":"Person","@id":"https:\/\/www.strassenweb.de\/nachrichten\/#\/schema\/person\/87c9c9067f1211da429a744dc5a5aa41","name":"Robert Hoffmann","image":{"@type":"ImageObject","inLanguage":"de","@id":"https:\/\/www.strassenweb.de\/nachrichten\/wp-content\/uploads\/2024\/09\/strassenweb-150x150.jpg","url":"https:\/\/www.strassenweb.de\/nachrichten\/wp-content\/uploads\/2024\/09\/strassenweb-150x150.jpg","contentUrl":"https:\/\/www.strassenweb.de\/nachrichten\/wp-content\/uploads\/2024\/09\/strassenweb-150x150.jpg","caption":"Robert Hoffmann"},"description":"Ich hei\u00dfe Robert Hoffmann und ich bin ein leidenschaftlicher Verfechter von \u00d6kologie und Biodiversit\u00e4t. Seit meiner Kindheit in den W\u00e4ldern Bayerns f\u00fchle ich mich mit der Natur verbunden und bin entschlossen, sie zu sch\u00fctzen. Heute widme ich mein Leben der Sensibilisierung anderer f\u00fcr die Bedeutung des Umweltschutzes f\u00fcr zuk\u00fcnftige Generationen.","sameAs":["https:\/\/www.strassenweb.de\/"]}]}},"_links":{"self":[{"href":"https:\/\/www.strassenweb.de\/nachrichten\/wp-json\/wp\/v2\/posts\/6616","targetHints":{"allow":["GET"]}}],"collection":[{"href":"https:\/\/www.strassenweb.de\/nachrichten\/wp-json\/wp\/v2\/posts"}],"about":[{"href":"https:\/\/www.strassenweb.de\/nachrichten\/wp-json\/wp\/v2\/types\/post"}],"author":[{"embeddable":true,"href":"https:\/\/www.strassenweb.de\/nachrichten\/wp-json\/wp\/v2\/users\/1"}],"replies":[{"embeddable":true,"href":"https:\/\/www.strassenweb.de\/nachrichten\/wp-json\/wp\/v2\/comments?post=6616"}],"version-history":[{"count":0,"href":"https:\/\/www.strassenweb.de\/nachrichten\/wp-json\/wp\/v2\/posts\/6616\/revisions"}],"wp:featuredmedia":[{"embeddable":true,"href":"https:\/\/www.strassenweb.de\/nachrichten\/wp-json\/wp\/v2\/media\/6617"}],"wp:attachment":[{"href":"https:\/\/www.strassenweb.de\/nachrichten\/wp-json\/wp\/v2\/media?parent=6616"}],"wp:term":[{"taxonomy":"category","embeddable":true,"href":"https:\/\/www.strassenweb.de\/nachrichten\/wp-json\/wp\/v2\/categories?post=6616"},{"taxonomy":"post_tag","embeddable":true,"href":"https:\/\/www.strassenweb.de\/nachrichten\/wp-json\/wp\/v2\/tags?post=6616"}],"curies":[{"name":"wp","href":"https:\/\/api.w.org\/{rel}","templated":true}]}}