{"id":6607,"date":"2025-07-31T20:42:42","date_gmt":"2025-07-31T18:42:42","guid":{"rendered":"https:\/\/www.strassenweb.de\/nachrichten\/dunkler-tag-fuer-seevoegel-als-rspb-schottland-reagiert-auf-schaden\/"},"modified":"2025-07-31T20:42:43","modified_gmt":"2025-07-31T18:42:43","slug":"dunkler-tag-fuer-seevoegel-als-rspb-schottland-reagiert-auf-schaden","status":"publish","type":"post","link":"https:\/\/www.strassenweb.de\/nachrichten\/dunkler-tag-fuer-seevoegel-als-rspb-schottland-reagiert-auf-schaden\/","title":{"rendered":"Dunkler Tag f\u00fcr Seev\u00f6gel als RSPB Schottland reagiert auf Schaden &#8230;"},"content":{"rendered":"<p>Die schottische Regierung hat heute (31. Juli) die Einwilligung f\u00fcr die Berwick Bank Offshore Windfarm vorgeschlagen.<\/p>\n<p>RSPB Scotland hatte zusammen mit Partnern Pl\u00e4ne f\u00fcr den Mega Offshore Windfarm gefordert, um unsere weltweit wichtigen Seev\u00f6gel zu sch\u00fctzen.<\/p>\n<p>Die Entwicklung, nahe an ikonischen Kolonien wie The Bass Rock, wird im Laufe seiner Lebensdauer Zehntausende Seev\u00f6gel t\u00f6ten, darunter Kittiwakes, Papageientaucher und Gannets.<\/p>\n<p>Obwohl die schottischen Minister die Entwickler verlangen, dass die \u201eausreichende\u201c Seevogel -Entsch\u00e4digung vor dem Start des Projekts eingerichtet wird, ist nicht klar, wie die Tausenden von Seev\u00f6geln, die vorausgesagt werden, ausgeglichen werden k\u00f6nnen.<\/p>\n<p><strong>Anne McCall, Direktorin von RSPB Scotland, sagte:<\/strong> \u201eDies ist ein sehr dunkler Tag f\u00fcr Seev\u00f6gel. Es ist eine schreckliche Entscheidung \u00fcber eine wirklich schlechte Entwicklung.<\/p>\n<p>\u201eDie Berwick Bank w\u00e4re f\u00fcr schottische weltweit wichtige Seev\u00f6gel katastrophal, die bereits mit alarmierenden R\u00fcckg\u00e4ngen ausgesetzt sind. Dar\u00fcber hinaus sind die Auswirkungen so sch\u00e4dlich, dass sie die relativen Auswirkungen anderer Windfarms erheblich h\u00f6her machen werden. Dieser eine Windfarm wird es wirklich herausfordernd machen, erneuerbare Projekte \u00fcber Scottish -Seas zu beschleunigen. Schottlands beliebteste Seevogelarten zum Aussterben.<\/p>\n<p>\u201eRSPB Scotland erkennt an, dass der Klimawandel eine der gr\u00f6\u00dften Bedrohungen f\u00fcr Seev\u00f6gel ist, aber es muss Seev\u00f6gel noch \u00fcbrig sein. Wir unterst\u00fctzen naturpositive Offshore-Wind. An den richtigen Orten mit minimierten Auswirkungen auf die Wildtiere und Ma\u00dfnahmen zur Wiederherstellung und Schutz von Seevogelpopulationen.<\/p>\n<p>&#8222;Wir werden die Details der Einwilligungsdokumente in den kommenden Stunden und Tagen sorgf\u00e4ltig pr\u00fcfen und \u00fcberlegen, welche weiteren Schritte wir unternehmen werden.&#8220;<\/p>\n<p><em>Fotokredit: Northern Gannet Adult Pair Couring. Les Cater, RSPB -Bilder.<\/em><\/p>\n","protected":false},"excerpt":{"rendered":"<p>Die schottische Regierung hat heute (31. Juli) die Einwilligung f\u00fcr die Berwick Bank Offshore Windfarm vorgeschlagen. RSPB Scotland hatte zusammen mit Partnern Pl\u00e4ne f\u00fcr den<\/p>\n","protected":false},"author":1,"featured_media":6608,"comment_status":"closed","ping_status":"","sticky":false,"template":"","format":"standard","meta":{"footnotes":""},"categories":[101],"tags":[935,46,9034,55,77,565,438,1062,9035,4325],"class_list":["post-6607","post","type-post","status-publish","format-standard","has-post-thumbnail","hentry","category-oekologie","tag-als","tag-auf","tag-dunkler","tag-fuer","tag-reagiert","tag-rspb","tag-schaden","tag-schottland","tag-seevoegel","tag-tag","generate-columns","tablet-grid-50","mobile-grid-100","grid-parent","grid-50"],"yoast_head":"<!-- This site is optimized with the Yoast SEO plugin v27.3 - https:\/\/yoast.com\/product\/yoast-seo-wordpress\/ -->\n<title>Dunkler Tag f\u00fcr Seev\u00f6gel als RSPB Schottland reagiert auf Schaden ... - Nachrichten - Stra\u00dfenweb<\/title>\n<meta name=\"robots\" content=\"index, follow, max-snippet:-1, max-image-preview:large, max-video-preview:-1\" \/>\n<link rel=\"canonical\" href=\"https:\/\/www.strassenweb.de\/nachrichten\/dunkler-tag-fuer-seevoegel-als-rspb-schottland-reagiert-auf-schaden\/\" \/>\n<meta property=\"og:locale\" content=\"de_DE\" \/>\n<meta property=\"og:type\" content=\"article\" \/>\n<meta property=\"og:title\" content=\"Dunkler Tag f\u00fcr Seev\u00f6gel als RSPB Schottland reagiert auf Schaden ... - Nachrichten - Stra\u00dfenweb\" \/>\n<meta property=\"og:description\" content=\"Die schottische Regierung hat heute (31. Juli) die Einwilligung f\u00fcr die Berwick Bank Offshore Windfarm vorgeschlagen. RSPB Scotland hatte zusammen mit Partnern Pl\u00e4ne f\u00fcr den\" \/>\n<meta property=\"og:url\" content=\"https:\/\/www.strassenweb.de\/nachrichten\/dunkler-tag-fuer-seevoegel-als-rspb-schottland-reagiert-auf-schaden\/\" \/>\n<meta property=\"og:site_name\" content=\"Stra\u00dfenweb\" \/>\n<meta property=\"article:publisher\" content=\"https:\/\/www.facebook.com\/strassenweb\/\" \/>\n<meta property=\"article:published_time\" content=\"2025-07-31T18:42:42+00:00\" \/>\n<meta property=\"article:modified_time\" content=\"2025-07-31T18:42:43+00:00\" \/>\n<meta property=\"og:image\" content=\"https:\/\/www.strassenweb.de\/nachrichten\/wp-content\/uploads\/2025\/07\/Dunkler-Tag-fuer-Seevoegel-als-RSPB-Schottland-reagiert-auf-Schaden.jpeg\" \/>\n\t<meta property=\"og:image:width\" content=\"900\" \/>\n\t<meta property=\"og:image:height\" content=\"557\" \/>\n\t<meta property=\"og:image:type\" content=\"image\/jpeg\" \/>\n<meta name=\"author\" content=\"Robert Hoffmann\" \/>\n<meta name=\"twitter:card\" content=\"summary_large_image\" \/>\n<meta name=\"twitter:label1\" content=\"Verfasst von\" \/>\n\t<meta name=\"twitter:data1\" content=\"Robert Hoffmann\" \/>\n\t<meta name=\"twitter:label2\" content=\"Gesch\u00e4tzte Lesezeit\" \/>\n\t<meta name=\"twitter:data2\" content=\"1\u00a0Minute\" \/>\n<script type=\"application\/ld+json\" class=\"yoast-schema-graph\">{\"@context\":\"https:\\\/\\\/schema.org\",\"@graph\":[{\"@type\":\"Article\",\"@id\":\"https:\\\/\\\/www.strassenweb.de\\\/nachrichten\\\/dunkler-tag-fuer-seevoegel-als-rspb-schottland-reagiert-auf-schaden\\\/#article\",\"isPartOf\":{\"@id\":\"https:\\\/\\\/www.strassenweb.de\\\/nachrichten\\\/dunkler-tag-fuer-seevoegel-als-rspb-schottland-reagiert-auf-schaden\\\/\"},\"author\":{\"name\":\"Robert Hoffmann\",\"@id\":\"https:\\\/\\\/www.strassenweb.de\\\/nachrichten\\\/#\\\/schema\\\/person\\\/87c9c9067f1211da429a744dc5a5aa41\"},\"headline\":\"Dunkler Tag f\u00fcr Seev\u00f6gel als RSPB Schottland reagiert auf Schaden &#8230;\",\"datePublished\":\"2025-07-31T18:42:42+00:00\",\"dateModified\":\"2025-07-31T18:42:43+00:00\",\"mainEntityOfPage\":{\"@id\":\"https:\\\/\\\/www.strassenweb.de\\\/nachrichten\\\/dunkler-tag-fuer-seevoegel-als-rspb-schottland-reagiert-auf-schaden\\\/\"},\"wordCount\":286,\"publisher\":{\"@id\":\"https:\\\/\\\/www.strassenweb.de\\\/nachrichten\\\/#organization\"},\"image\":{\"@id\":\"https:\\\/\\\/www.strassenweb.de\\\/nachrichten\\\/dunkler-tag-fuer-seevoegel-als-rspb-schottland-reagiert-auf-schaden\\\/#primaryimage\"},\"thumbnailUrl\":\"https:\\\/\\\/www.strassenweb.de\\\/nachrichten\\\/wp-content\\\/uploads\\\/2025\\\/07\\\/Dunkler-Tag-fuer-Seevoegel-als-RSPB-Schottland-reagiert-auf-Schaden.jpeg\",\"keywords\":[\"als\",\"auf\",\"Dunkler\",\"f\u00fcr\",\"reagiert\",\"RSPB\",\"schaden\",\"Schottland\",\"Seev\u00f6gel\",\"Tag\"],\"articleSection\":[\"\u00d6kologie\"],\"inLanguage\":\"de\"},{\"@type\":\"WebPage\",\"@id\":\"https:\\\/\\\/www.strassenweb.de\\\/nachrichten\\\/dunkler-tag-fuer-seevoegel-als-rspb-schottland-reagiert-auf-schaden\\\/\",\"url\":\"https:\\\/\\\/www.strassenweb.de\\\/nachrichten\\\/dunkler-tag-fuer-seevoegel-als-rspb-schottland-reagiert-auf-schaden\\\/\",\"name\":\"Dunkler Tag f\u00fcr Seev\u00f6gel als RSPB Schottland reagiert auf Schaden ... - Nachrichten - Stra\u00dfenweb\",\"isPartOf\":{\"@id\":\"https:\\\/\\\/www.strassenweb.de\\\/nachrichten\\\/#website\"},\"primaryImageOfPage\":{\"@id\":\"https:\\\/\\\/www.strassenweb.de\\\/nachrichten\\\/dunkler-tag-fuer-seevoegel-als-rspb-schottland-reagiert-auf-schaden\\\/#primaryimage\"},\"image\":{\"@id\":\"https:\\\/\\\/www.strassenweb.de\\\/nachrichten\\\/dunkler-tag-fuer-seevoegel-als-rspb-schottland-reagiert-auf-schaden\\\/#primaryimage\"},\"thumbnailUrl\":\"https:\\\/\\\/www.strassenweb.de\\\/nachrichten\\\/wp-content\\\/uploads\\\/2025\\\/07\\\/Dunkler-Tag-fuer-Seevoegel-als-RSPB-Schottland-reagiert-auf-Schaden.jpeg\",\"datePublished\":\"2025-07-31T18:42:42+00:00\",\"dateModified\":\"2025-07-31T18:42:43+00:00\",\"breadcrumb\":{\"@id\":\"https:\\\/\\\/www.strassenweb.de\\\/nachrichten\\\/dunkler-tag-fuer-seevoegel-als-rspb-schottland-reagiert-auf-schaden\\\/#breadcrumb\"},\"inLanguage\":\"de\",\"potentialAction\":[{\"@type\":\"ReadAction\",\"target\":[\"https:\\\/\\\/www.strassenweb.de\\\/nachrichten\\\/dunkler-tag-fuer-seevoegel-als-rspb-schottland-reagiert-auf-schaden\\\/\"]}]},{\"@type\":\"ImageObject\",\"inLanguage\":\"de\",\"@id\":\"https:\\\/\\\/www.strassenweb.de\\\/nachrichten\\\/dunkler-tag-fuer-seevoegel-als-rspb-schottland-reagiert-auf-schaden\\\/#primaryimage\",\"url\":\"https:\\\/\\\/www.strassenweb.de\\\/nachrichten\\\/wp-content\\\/uploads\\\/2025\\\/07\\\/Dunkler-Tag-fuer-Seevoegel-als-RSPB-Schottland-reagiert-auf-Schaden.jpeg\",\"contentUrl\":\"https:\\\/\\\/www.strassenweb.de\\\/nachrichten\\\/wp-content\\\/uploads\\\/2025\\\/07\\\/Dunkler-Tag-fuer-Seevoegel-als-RSPB-Schottland-reagiert-auf-Schaden.jpeg\",\"width\":900,\"height\":557,\"caption\":\"Dark day for seabirds as RSPB Scotland respond to damaging Berwick Bank mega windfarm being consented\"},{\"@type\":\"BreadcrumbList\",\"@id\":\"https:\\\/\\\/www.strassenweb.de\\\/nachrichten\\\/dunkler-tag-fuer-seevoegel-als-rspb-schottland-reagiert-auf-schaden\\\/#breadcrumb\",\"itemListElement\":[{\"@type\":\"ListItem\",\"position\":1,\"name\":\"Home\",\"item\":\"https:\\\/\\\/www.strassenweb.de\\\/nachrichten\\\/\"},{\"@type\":\"ListItem\",\"position\":2,\"name\":\"Dunkler Tag f\u00fcr Seev\u00f6gel als RSPB Schottland reagiert auf Schaden &#8230;\"}]},{\"@type\":\"WebSite\",\"@id\":\"https:\\\/\\\/www.strassenweb.de\\\/nachrichten\\\/#website\",\"url\":\"https:\\\/\\\/www.strassenweb.de\\\/nachrichten\\\/\",\"name\":\"Stra\u00dfenweb\",\"description\":\"Stra\u00dfenverzeichnis f\u00fcr Deutschland\",\"publisher\":{\"@id\":\"https:\\\/\\\/www.strassenweb.de\\\/nachrichten\\\/#organization\"},\"potentialAction\":[{\"@type\":\"SearchAction\",\"target\":{\"@type\":\"EntryPoint\",\"urlTemplate\":\"https:\\\/\\\/www.strassenweb.de\\\/nachrichten\\\/?s={search_term_string}\"},\"query-input\":{\"@type\":\"PropertyValueSpecification\",\"valueRequired\":true,\"valueName\":\"search_term_string\"}}],\"inLanguage\":\"de\"},{\"@type\":\"Organization\",\"@id\":\"https:\\\/\\\/www.strassenweb.de\\\/nachrichten\\\/#organization\",\"name\":\"Stra\u00dfenweb\",\"url\":\"https:\\\/\\\/www.strassenweb.de\\\/nachrichten\\\/\",\"logo\":{\"@type\":\"ImageObject\",\"inLanguage\":\"de\",\"@id\":\"https:\\\/\\\/www.strassenweb.de\\\/nachrichten\\\/#\\\/schema\\\/logo\\\/image\\\/\",\"url\":\"https:\\\/\\\/www.strassenweb.de\\\/nachrichten\\\/wp-content\\\/uploads\\\/2024\\\/09\\\/cropped-favicon.png\",\"contentUrl\":\"https:\\\/\\\/www.strassenweb.de\\\/nachrichten\\\/wp-content\\\/uploads\\\/2024\\\/09\\\/cropped-favicon.png\",\"width\":512,\"height\":512,\"caption\":\"Stra\u00dfenweb\"},\"image\":{\"@id\":\"https:\\\/\\\/www.strassenweb.de\\\/nachrichten\\\/#\\\/schema\\\/logo\\\/image\\\/\"},\"sameAs\":[\"https:\\\/\\\/www.facebook.com\\\/strassenweb\\\/\"]},{\"@type\":\"Person\",\"@id\":\"https:\\\/\\\/www.strassenweb.de\\\/nachrichten\\\/#\\\/schema\\\/person\\\/87c9c9067f1211da429a744dc5a5aa41\",\"name\":\"Robert Hoffmann\",\"image\":{\"@type\":\"ImageObject\",\"inLanguage\":\"de\",\"@id\":\"https:\\\/\\\/www.strassenweb.de\\\/nachrichten\\\/wp-content\\\/uploads\\\/2024\\\/09\\\/strassenweb-150x150.jpg\",\"url\":\"https:\\\/\\\/www.strassenweb.de\\\/nachrichten\\\/wp-content\\\/uploads\\\/2024\\\/09\\\/strassenweb-150x150.jpg\",\"contentUrl\":\"https:\\\/\\\/www.strassenweb.de\\\/nachrichten\\\/wp-content\\\/uploads\\\/2024\\\/09\\\/strassenweb-150x150.jpg\",\"caption\":\"Robert Hoffmann\"},\"description\":\"Ich hei\u00dfe Robert Hoffmann und ich bin ein leidenschaftlicher Verfechter von \u00d6kologie und Biodiversit\u00e4t. Seit meiner Kindheit in den W\u00e4ldern Bayerns f\u00fchle ich mich mit der Natur verbunden und bin entschlossen, sie zu sch\u00fctzen. Heute widme ich mein Leben der Sensibilisierung anderer f\u00fcr die Bedeutung des Umweltschutzes f\u00fcr zuk\u00fcnftige Generationen.\",\"sameAs\":[\"https:\\\/\\\/www.strassenweb.de\\\/\"]}]}<\/script>\n<!-- \/ Yoast SEO plugin. -->","yoast_head_json":{"title":"Dunkler Tag f\u00fcr Seev\u00f6gel als RSPB Schottland reagiert auf Schaden ... - Nachrichten - Stra\u00dfenweb","robots":{"index":"index","follow":"follow","max-snippet":"max-snippet:-1","max-image-preview":"max-image-preview:large","max-video-preview":"max-video-preview:-1"},"canonical":"https:\/\/www.strassenweb.de\/nachrichten\/dunkler-tag-fuer-seevoegel-als-rspb-schottland-reagiert-auf-schaden\/","og_locale":"de_DE","og_type":"article","og_title":"Dunkler Tag f\u00fcr Seev\u00f6gel als RSPB Schottland reagiert auf Schaden ... - Nachrichten - Stra\u00dfenweb","og_description":"Die schottische Regierung hat heute (31. Juli) die Einwilligung f\u00fcr die Berwick Bank Offshore Windfarm vorgeschlagen. RSPB Scotland hatte zusammen mit Partnern Pl\u00e4ne f\u00fcr den","og_url":"https:\/\/www.strassenweb.de\/nachrichten\/dunkler-tag-fuer-seevoegel-als-rspb-schottland-reagiert-auf-schaden\/","og_site_name":"Stra\u00dfenweb","article_publisher":"https:\/\/www.facebook.com\/strassenweb\/","article_published_time":"2025-07-31T18:42:42+00:00","article_modified_time":"2025-07-31T18:42:43+00:00","og_image":[{"width":900,"height":557,"url":"https:\/\/www.strassenweb.de\/nachrichten\/wp-content\/uploads\/2025\/07\/Dunkler-Tag-fuer-Seevoegel-als-RSPB-Schottland-reagiert-auf-Schaden.jpeg","type":"image\/jpeg"}],"author":"Robert Hoffmann","twitter_card":"summary_large_image","twitter_misc":{"Verfasst von":"Robert Hoffmann","Gesch\u00e4tzte Lesezeit":"1\u00a0Minute"},"schema":{"@context":"https:\/\/schema.org","@graph":[{"@type":"Article","@id":"https:\/\/www.strassenweb.de\/nachrichten\/dunkler-tag-fuer-seevoegel-als-rspb-schottland-reagiert-auf-schaden\/#article","isPartOf":{"@id":"https:\/\/www.strassenweb.de\/nachrichten\/dunkler-tag-fuer-seevoegel-als-rspb-schottland-reagiert-auf-schaden\/"},"author":{"name":"Robert Hoffmann","@id":"https:\/\/www.strassenweb.de\/nachrichten\/#\/schema\/person\/87c9c9067f1211da429a744dc5a5aa41"},"headline":"Dunkler Tag f\u00fcr Seev\u00f6gel als RSPB Schottland reagiert auf Schaden &#8230;","datePublished":"2025-07-31T18:42:42+00:00","dateModified":"2025-07-31T18:42:43+00:00","mainEntityOfPage":{"@id":"https:\/\/www.strassenweb.de\/nachrichten\/dunkler-tag-fuer-seevoegel-als-rspb-schottland-reagiert-auf-schaden\/"},"wordCount":286,"publisher":{"@id":"https:\/\/www.strassenweb.de\/nachrichten\/#organization"},"image":{"@id":"https:\/\/www.strassenweb.de\/nachrichten\/dunkler-tag-fuer-seevoegel-als-rspb-schottland-reagiert-auf-schaden\/#primaryimage"},"thumbnailUrl":"https:\/\/www.strassenweb.de\/nachrichten\/wp-content\/uploads\/2025\/07\/Dunkler-Tag-fuer-Seevoegel-als-RSPB-Schottland-reagiert-auf-Schaden.jpeg","keywords":["als","auf","Dunkler","f\u00fcr","reagiert","RSPB","schaden","Schottland","Seev\u00f6gel","Tag"],"articleSection":["\u00d6kologie"],"inLanguage":"de"},{"@type":"WebPage","@id":"https:\/\/www.strassenweb.de\/nachrichten\/dunkler-tag-fuer-seevoegel-als-rspb-schottland-reagiert-auf-schaden\/","url":"https:\/\/www.strassenweb.de\/nachrichten\/dunkler-tag-fuer-seevoegel-als-rspb-schottland-reagiert-auf-schaden\/","name":"Dunkler Tag f\u00fcr Seev\u00f6gel als RSPB Schottland reagiert auf Schaden ... - Nachrichten - Stra\u00dfenweb","isPartOf":{"@id":"https:\/\/www.strassenweb.de\/nachrichten\/#website"},"primaryImageOfPage":{"@id":"https:\/\/www.strassenweb.de\/nachrichten\/dunkler-tag-fuer-seevoegel-als-rspb-schottland-reagiert-auf-schaden\/#primaryimage"},"image":{"@id":"https:\/\/www.strassenweb.de\/nachrichten\/dunkler-tag-fuer-seevoegel-als-rspb-schottland-reagiert-auf-schaden\/#primaryimage"},"thumbnailUrl":"https:\/\/www.strassenweb.de\/nachrichten\/wp-content\/uploads\/2025\/07\/Dunkler-Tag-fuer-Seevoegel-als-RSPB-Schottland-reagiert-auf-Schaden.jpeg","datePublished":"2025-07-31T18:42:42+00:00","dateModified":"2025-07-31T18:42:43+00:00","breadcrumb":{"@id":"https:\/\/www.strassenweb.de\/nachrichten\/dunkler-tag-fuer-seevoegel-als-rspb-schottland-reagiert-auf-schaden\/#breadcrumb"},"inLanguage":"de","potentialAction":[{"@type":"ReadAction","target":["https:\/\/www.strassenweb.de\/nachrichten\/dunkler-tag-fuer-seevoegel-als-rspb-schottland-reagiert-auf-schaden\/"]}]},{"@type":"ImageObject","inLanguage":"de","@id":"https:\/\/www.strassenweb.de\/nachrichten\/dunkler-tag-fuer-seevoegel-als-rspb-schottland-reagiert-auf-schaden\/#primaryimage","url":"https:\/\/www.strassenweb.de\/nachrichten\/wp-content\/uploads\/2025\/07\/Dunkler-Tag-fuer-Seevoegel-als-RSPB-Schottland-reagiert-auf-Schaden.jpeg","contentUrl":"https:\/\/www.strassenweb.de\/nachrichten\/wp-content\/uploads\/2025\/07\/Dunkler-Tag-fuer-Seevoegel-als-RSPB-Schottland-reagiert-auf-Schaden.jpeg","width":900,"height":557,"caption":"Dark day for seabirds as RSPB Scotland respond to damaging Berwick Bank mega windfarm being consented"},{"@type":"BreadcrumbList","@id":"https:\/\/www.strassenweb.de\/nachrichten\/dunkler-tag-fuer-seevoegel-als-rspb-schottland-reagiert-auf-schaden\/#breadcrumb","itemListElement":[{"@type":"ListItem","position":1,"name":"Home","item":"https:\/\/www.strassenweb.de\/nachrichten\/"},{"@type":"ListItem","position":2,"name":"Dunkler Tag f\u00fcr Seev\u00f6gel als RSPB Schottland reagiert auf Schaden &#8230;"}]},{"@type":"WebSite","@id":"https:\/\/www.strassenweb.de\/nachrichten\/#website","url":"https:\/\/www.strassenweb.de\/nachrichten\/","name":"Stra\u00dfenweb","description":"Stra\u00dfenverzeichnis f\u00fcr Deutschland","publisher":{"@id":"https:\/\/www.strassenweb.de\/nachrichten\/#organization"},"potentialAction":[{"@type":"SearchAction","target":{"@type":"EntryPoint","urlTemplate":"https:\/\/www.strassenweb.de\/nachrichten\/?s={search_term_string}"},"query-input":{"@type":"PropertyValueSpecification","valueRequired":true,"valueName":"search_term_string"}}],"inLanguage":"de"},{"@type":"Organization","@id":"https:\/\/www.strassenweb.de\/nachrichten\/#organization","name":"Stra\u00dfenweb","url":"https:\/\/www.strassenweb.de\/nachrichten\/","logo":{"@type":"ImageObject","inLanguage":"de","@id":"https:\/\/www.strassenweb.de\/nachrichten\/#\/schema\/logo\/image\/","url":"https:\/\/www.strassenweb.de\/nachrichten\/wp-content\/uploads\/2024\/09\/cropped-favicon.png","contentUrl":"https:\/\/www.strassenweb.de\/nachrichten\/wp-content\/uploads\/2024\/09\/cropped-favicon.png","width":512,"height":512,"caption":"Stra\u00dfenweb"},"image":{"@id":"https:\/\/www.strassenweb.de\/nachrichten\/#\/schema\/logo\/image\/"},"sameAs":["https:\/\/www.facebook.com\/strassenweb\/"]},{"@type":"Person","@id":"https:\/\/www.strassenweb.de\/nachrichten\/#\/schema\/person\/87c9c9067f1211da429a744dc5a5aa41","name":"Robert Hoffmann","image":{"@type":"ImageObject","inLanguage":"de","@id":"https:\/\/www.strassenweb.de\/nachrichten\/wp-content\/uploads\/2024\/09\/strassenweb-150x150.jpg","url":"https:\/\/www.strassenweb.de\/nachrichten\/wp-content\/uploads\/2024\/09\/strassenweb-150x150.jpg","contentUrl":"https:\/\/www.strassenweb.de\/nachrichten\/wp-content\/uploads\/2024\/09\/strassenweb-150x150.jpg","caption":"Robert Hoffmann"},"description":"Ich hei\u00dfe Robert Hoffmann und ich bin ein leidenschaftlicher Verfechter von \u00d6kologie und Biodiversit\u00e4t. Seit meiner Kindheit in den W\u00e4ldern Bayerns f\u00fchle ich mich mit der Natur verbunden und bin entschlossen, sie zu sch\u00fctzen. Heute widme ich mein Leben der Sensibilisierung anderer f\u00fcr die Bedeutung des Umweltschutzes f\u00fcr zuk\u00fcnftige Generationen.","sameAs":["https:\/\/www.strassenweb.de\/"]}]}},"_links":{"self":[{"href":"https:\/\/www.strassenweb.de\/nachrichten\/wp-json\/wp\/v2\/posts\/6607","targetHints":{"allow":["GET"]}}],"collection":[{"href":"https:\/\/www.strassenweb.de\/nachrichten\/wp-json\/wp\/v2\/posts"}],"about":[{"href":"https:\/\/www.strassenweb.de\/nachrichten\/wp-json\/wp\/v2\/types\/post"}],"author":[{"embeddable":true,"href":"https:\/\/www.strassenweb.de\/nachrichten\/wp-json\/wp\/v2\/users\/1"}],"replies":[{"embeddable":true,"href":"https:\/\/www.strassenweb.de\/nachrichten\/wp-json\/wp\/v2\/comments?post=6607"}],"version-history":[{"count":0,"href":"https:\/\/www.strassenweb.de\/nachrichten\/wp-json\/wp\/v2\/posts\/6607\/revisions"}],"wp:featuredmedia":[{"embeddable":true,"href":"https:\/\/www.strassenweb.de\/nachrichten\/wp-json\/wp\/v2\/media\/6608"}],"wp:attachment":[{"href":"https:\/\/www.strassenweb.de\/nachrichten\/wp-json\/wp\/v2\/media?parent=6607"}],"wp:term":[{"taxonomy":"category","embeddable":true,"href":"https:\/\/www.strassenweb.de\/nachrichten\/wp-json\/wp\/v2\/categories?post=6607"},{"taxonomy":"post_tag","embeddable":true,"href":"https:\/\/www.strassenweb.de\/nachrichten\/wp-json\/wp\/v2\/tags?post=6607"}],"curies":[{"name":"wp","href":"https:\/\/api.w.org\/{rel}","templated":true}]}}