{"id":6601,"date":"2025-07-31T16:54:48","date_gmt":"2025-07-31T14:54:48","guid":{"rendered":"https:\/\/www.strassenweb.de\/nachrichten\/ich-habe-mein-sofa-des-jahrzehnts-gekroenen\/"},"modified":"2025-07-31T16:54:49","modified_gmt":"2025-07-31T14:54:49","slug":"ich-habe-mein-sofa-des-jahrzehnts-gekroenen","status":"publish","type":"post","link":"https:\/\/www.strassenweb.de\/nachrichten\/ich-habe-mein-sofa-des-jahrzehnts-gekroenen\/","title":{"rendered":"Ich habe mein Sofa des Jahrzehnts gekr\u00f6nen"},"content":{"rendered":"<p><\/p>\n<div id=\"article-body\" class=\"article__body \">\n<p>Das Sofa ist oft der Kr\u00f6nungspunkt eines jeden Wohnzimmers, und als Redakteur im Promi -Stil bin ich h\u00e4ufig dem Besten in der Branche ausgesetzt. Ich fand es unm\u00f6glich, ein herausragendes St\u00fcck zu w\u00e4hlen, bis ich einen Blick auf Shay Mitchells gebogenes, smaragdgr\u00fcnes St\u00fcck erhielt und alles ver\u00e4nderte.<\/p>\n<div id=\"ad-unit-1\" class=\"ad-unit\"><\/div>\n<p>\u201eEinige Leute haben FOMO &#8230; Ich habe Fommc. (Angst, meine Couch zu verpassen) \u00ab, sagt Shay neben dem Bild ihres atemberaubenden gr\u00fcnen St\u00fccks &#8211; und ich kann ihre Gef\u00fchle verstehen.<\/p>\n<aside data-block-type=\"embed\" data-render-type=\"fte\" data-skip=\"dealsy\" data-widget-type=\"seasonal\" class=\"hawk-base\"><\/aside>\n<p>W\u00e4hrend einige Trends kommen und gehen, <u>Dekorieren mit Gr\u00fcn<\/u> verspricht, den Test der Zeit zu bestehen. In den letzten Jahren habe ich gesehen, wie Designer es als &#8222;neues Neutral&#8220; verwendet haben, was bedeutet, dass es die perfekte Grundfarbe dient und gleichzeitig eine eigene Aussage abgibt &#8211; und nichts tut das wie Shays Sofa.<\/p>\n<div class=\"van_vid_carousel\">\n<div class=\"van_vid_carousel__padding\">\n<div class=\"van_vid_carousel__container\"><\/div>\n<\/div>\n<\/div>\n<div class=\"instagram-embed\">\n<blockquote class=\"instagram-media\" data-instgrm-captioned data-instgrm-version=\"6\" style=\"width:99.375%; width:-webkit-calc(100% - 2px); width:calc(100% - 2px);\">\n<p>Ein Beitrag, der von Shay Mitchell (@shayMitchell) geteilt wurde<\/p>\n<p>Ein Foto von on <\/p>\n<\/blockquote>\n<\/div>\n<h2 id=\"shop-the-emerald-green-sofa-edit-3\">Kaufen Sie das Emerald Green Sofa ein<\/h2>\n<div class=\"product-container hero-product-container product-block-no-wrap\">\n<div class=\"product-block-row\"><\/div>\n<div class=\"product-block-row\"><\/div>\n<div class=\"product-block-row\"><\/div>\n<\/div>\n<p>Mit seiner F\u00e4higkeit, Sofa -Trends zu \u00fcberschreiten und ein Wohnzimmer zu erden (w\u00e4hrend ein \u00fcberaus stilvolles Statement abgibt), ist es keine \u00dcberraschung, dass Shay in guter Gesellschaft ist. Die Designerin Kathy Kuo teilt mit, dass sie auch in ihrem eigenen Zuhause ein Weise gr\u00fcnes Sofa hat, und ihre Vorteile sind die gleichen wie Shays dunklere Wahl.<\/p>\n<div id=\"ad-unit-2\" class=\"ad-unit\"><\/div>\n<p>&#8218;Von der ruhigen Olive bis zu den tiefen Emerald -Farbt\u00f6nen verehre ich gr\u00fcne Sofas f\u00fcr ihren zeitlosen, erdenklichen Aussehen und erdige Anziehungskraft. Ich liebe sie so sehr, ich habe ein wundersch\u00f6nes weises gr\u00fcnes Sofa vorne und in meinem eigenen Wohnzimmer \u201c, kommentiert Kathy.<\/p>\n<p>Sollten wir uns bei der Auswahl eines Sofas f\u00fcr einen Juwelenton wie Shays entscheiden oder leichter werden? Laut Kathy h\u00e4ngt es davon ab, welche Stimmung Sie schaffen m\u00f6chten. Shay hat ihr Smaragd -Sofa mit dunkler Farbe kombiniert, um einen reichhaltigen, gem\u00fctlichen Raum zu schaffen, der sich nach Erdung anf\u00fchlt. Auch leichtere Farbt\u00f6ne haben auch ihre Vorteile (zum Beispiel k\u00f6nnen sie sich erdiger f\u00fchlen und einem minimalistischen Wohnzimmer ein Gef\u00fchl der Lufteinheit verleihen).<\/p>\n<p>\u201eWenn Sie ein gr\u00fcnes Sofa kaufen, h\u00e4ngt die Farbe, die Sie w\u00e4hlen, von der Atmosph\u00e4re ab, die Sie in Ihrem Wohnraum schaffen m\u00f6chten. Weiche gr\u00fcne Farben wie Salbei oder Moos f\u00fchlen sich nat\u00fcrlich und beruhigend an &#8211; eine perfekte Erg\u00e4nzung zu klassischen neutralen R\u00e4umen. Wenn Sie m\u00f6chten, dass Ihr Sofa eine Aussage abgibt, w\u00e4hlen Sie einen Stoff in einer mutigen Farbe wie reiches blaugr\u00fcn oder gr\u00fcner Gr\u00fcn \u201c, kommentiert Kathy.<\/p>\n<div id=\"slice-container-newsletterForm-articleInbodyContent-beBphM8AtQMfCuVTPNDqxh\" class=\"slice-container newsletter-inbodyContent-slice newsletterForm-articleInbodyContent-beBphM8AtQMfCuVTPNDqxh slice-container-newsletterForm\"><\/div>\n<p>Welchen Farbton auch immer Sie w\u00e4hlen, Sie k\u00f6nnen nichts falsch machen. In der Zwischenzeit f\u00fcge ich Shays Sofa jedoch ganz oben auf meiner Wunschliste hinzu.<\/p>\n<div class=\"min-h-(270px) mb-4\" id=\"viafoura-engagement-starter-wrapper\" data-component-name=\"Elk:Embed:EngagementStarter\">\n<div class=\"viafoura\">\n<vf-conversation-starter target=\"viafoura-comments\" minimum-comment-count=\"1\"><br \/>\n<\/vf-conversation-starter>\n<\/div>\n<\/div>\n<\/div>\n<p><script async src=\"\/\/www.instagram.com\/embed.js\"><\/script><\/p>\n","protected":false},"excerpt":{"rendered":"<p>Das Sofa ist oft der Kr\u00f6nungspunkt eines jeden Wohnzimmers, und als Redakteur im Promi -Stil bin ich h\u00e4ufig dem Besten in der Branche ausgesetzt. Ich<\/p>\n","protected":false},"author":1,"featured_media":6602,"comment_status":"closed","ping_status":"","sticky":false,"template":"","format":"standard","meta":{"footnotes":""},"categories":[118],"tags":[281,9029,823,129,9028,778,2806],"class_list":["post-6601","post","type-post","status-publish","format-standard","has-post-thumbnail","hentry","category-haus-garten","tag-des","tag-gekroenen","tag-habe","tag-ich","tag-jahrzehnts","tag-mein","tag-sofa","generate-columns","tablet-grid-50","mobile-grid-100","grid-parent","grid-50"],"yoast_head":"<!-- This site is optimized with the Yoast SEO plugin v27.3 - https:\/\/yoast.com\/product\/yoast-seo-wordpress\/ -->\n<title>Ich habe mein Sofa des Jahrzehnts gekr\u00f6nen - Nachrichten - Stra\u00dfenweb<\/title>\n<meta name=\"robots\" content=\"index, follow, max-snippet:-1, max-image-preview:large, max-video-preview:-1\" \/>\n<link rel=\"canonical\" href=\"https:\/\/www.strassenweb.de\/nachrichten\/ich-habe-mein-sofa-des-jahrzehnts-gekroenen\/\" \/>\n<meta property=\"og:locale\" content=\"de_DE\" \/>\n<meta property=\"og:type\" content=\"article\" \/>\n<meta property=\"og:title\" content=\"Ich habe mein Sofa des Jahrzehnts gekr\u00f6nen - Nachrichten - Stra\u00dfenweb\" \/>\n<meta property=\"og:description\" content=\"Das Sofa ist oft der Kr\u00f6nungspunkt eines jeden Wohnzimmers, und als Redakteur im Promi -Stil bin ich h\u00e4ufig dem Besten in der Branche ausgesetzt. Ich\" \/>\n<meta property=\"og:url\" content=\"https:\/\/www.strassenweb.de\/nachrichten\/ich-habe-mein-sofa-des-jahrzehnts-gekroenen\/\" \/>\n<meta property=\"og:site_name\" content=\"Stra\u00dfenweb\" \/>\n<meta property=\"article:publisher\" content=\"https:\/\/www.facebook.com\/strassenweb\/\" \/>\n<meta property=\"article:published_time\" content=\"2025-07-31T14:54:48+00:00\" \/>\n<meta property=\"article:modified_time\" content=\"2025-07-31T14:54:49+00:00\" \/>\n<meta property=\"og:image\" content=\"https:\/\/www.strassenweb.de\/nachrichten\/wp-content\/uploads\/2025\/07\/Ich-habe-mein-Sofa-des-Jahrzehnts-gekroenen.jpg\" \/>\n\t<meta property=\"og:image:width\" content=\"1600\" \/>\n\t<meta property=\"og:image:height\" content=\"900\" \/>\n\t<meta property=\"og:image:type\" content=\"image\/jpeg\" \/>\n<meta name=\"author\" content=\"Robert Hoffmann\" \/>\n<meta name=\"twitter:card\" content=\"summary_large_image\" \/>\n<meta name=\"twitter:label1\" content=\"Verfasst von\" \/>\n\t<meta name=\"twitter:data1\" content=\"Robert Hoffmann\" \/>\n\t<meta name=\"twitter:label2\" content=\"Gesch\u00e4tzte Lesezeit\" \/>\n\t<meta name=\"twitter:data2\" content=\"2\u00a0Minuten\" \/>\n<script type=\"application\/ld+json\" class=\"yoast-schema-graph\">{\"@context\":\"https:\\\/\\\/schema.org\",\"@graph\":[{\"@type\":\"Article\",\"@id\":\"https:\\\/\\\/www.strassenweb.de\\\/nachrichten\\\/ich-habe-mein-sofa-des-jahrzehnts-gekroenen\\\/#article\",\"isPartOf\":{\"@id\":\"https:\\\/\\\/www.strassenweb.de\\\/nachrichten\\\/ich-habe-mein-sofa-des-jahrzehnts-gekroenen\\\/\"},\"author\":{\"name\":\"Robert Hoffmann\",\"@id\":\"https:\\\/\\\/www.strassenweb.de\\\/nachrichten\\\/#\\\/schema\\\/person\\\/87c9c9067f1211da429a744dc5a5aa41\"},\"headline\":\"Ich habe mein Sofa des Jahrzehnts gekr\u00f6nen\",\"datePublished\":\"2025-07-31T14:54:48+00:00\",\"dateModified\":\"2025-07-31T14:54:49+00:00\",\"mainEntityOfPage\":{\"@id\":\"https:\\\/\\\/www.strassenweb.de\\\/nachrichten\\\/ich-habe-mein-sofa-des-jahrzehnts-gekroenen\\\/\"},\"wordCount\":468,\"publisher\":{\"@id\":\"https:\\\/\\\/www.strassenweb.de\\\/nachrichten\\\/#organization\"},\"image\":{\"@id\":\"https:\\\/\\\/www.strassenweb.de\\\/nachrichten\\\/ich-habe-mein-sofa-des-jahrzehnts-gekroenen\\\/#primaryimage\"},\"thumbnailUrl\":\"https:\\\/\\\/www.strassenweb.de\\\/nachrichten\\\/wp-content\\\/uploads\\\/2025\\\/07\\\/Ich-habe-mein-Sofa-des-Jahrzehnts-gekroenen.jpg\",\"keywords\":[\"des\",\"gekr\u00f6nen\",\"habe\",\"ich\",\"Jahrzehnts\",\"mein\",\"Sofa\"],\"articleSection\":[\"Haus &amp; Garten\"],\"inLanguage\":\"de\"},{\"@type\":\"WebPage\",\"@id\":\"https:\\\/\\\/www.strassenweb.de\\\/nachrichten\\\/ich-habe-mein-sofa-des-jahrzehnts-gekroenen\\\/\",\"url\":\"https:\\\/\\\/www.strassenweb.de\\\/nachrichten\\\/ich-habe-mein-sofa-des-jahrzehnts-gekroenen\\\/\",\"name\":\"Ich habe mein Sofa des Jahrzehnts gekr\u00f6nen - Nachrichten - Stra\u00dfenweb\",\"isPartOf\":{\"@id\":\"https:\\\/\\\/www.strassenweb.de\\\/nachrichten\\\/#website\"},\"primaryImageOfPage\":{\"@id\":\"https:\\\/\\\/www.strassenweb.de\\\/nachrichten\\\/ich-habe-mein-sofa-des-jahrzehnts-gekroenen\\\/#primaryimage\"},\"image\":{\"@id\":\"https:\\\/\\\/www.strassenweb.de\\\/nachrichten\\\/ich-habe-mein-sofa-des-jahrzehnts-gekroenen\\\/#primaryimage\"},\"thumbnailUrl\":\"https:\\\/\\\/www.strassenweb.de\\\/nachrichten\\\/wp-content\\\/uploads\\\/2025\\\/07\\\/Ich-habe-mein-Sofa-des-Jahrzehnts-gekroenen.jpg\",\"datePublished\":\"2025-07-31T14:54:48+00:00\",\"dateModified\":\"2025-07-31T14:54:49+00:00\",\"breadcrumb\":{\"@id\":\"https:\\\/\\\/www.strassenweb.de\\\/nachrichten\\\/ich-habe-mein-sofa-des-jahrzehnts-gekroenen\\\/#breadcrumb\"},\"inLanguage\":\"de\",\"potentialAction\":[{\"@type\":\"ReadAction\",\"target\":[\"https:\\\/\\\/www.strassenweb.de\\\/nachrichten\\\/ich-habe-mein-sofa-des-jahrzehnts-gekroenen\\\/\"]}]},{\"@type\":\"ImageObject\",\"inLanguage\":\"de\",\"@id\":\"https:\\\/\\\/www.strassenweb.de\\\/nachrichten\\\/ich-habe-mein-sofa-des-jahrzehnts-gekroenen\\\/#primaryimage\",\"url\":\"https:\\\/\\\/www.strassenweb.de\\\/nachrichten\\\/wp-content\\\/uploads\\\/2025\\\/07\\\/Ich-habe-mein-Sofa-des-Jahrzehnts-gekroenen.jpg\",\"contentUrl\":\"https:\\\/\\\/www.strassenweb.de\\\/nachrichten\\\/wp-content\\\/uploads\\\/2025\\\/07\\\/Ich-habe-mein-Sofa-des-Jahrzehnts-gekroenen.jpg\",\"width\":1600,\"height\":900,\"caption\":\"Shay Mitchell\"},{\"@type\":\"BreadcrumbList\",\"@id\":\"https:\\\/\\\/www.strassenweb.de\\\/nachrichten\\\/ich-habe-mein-sofa-des-jahrzehnts-gekroenen\\\/#breadcrumb\",\"itemListElement\":[{\"@type\":\"ListItem\",\"position\":1,\"name\":\"Home\",\"item\":\"https:\\\/\\\/www.strassenweb.de\\\/nachrichten\\\/\"},{\"@type\":\"ListItem\",\"position\":2,\"name\":\"Ich habe mein Sofa des Jahrzehnts gekr\u00f6nen\"}]},{\"@type\":\"WebSite\",\"@id\":\"https:\\\/\\\/www.strassenweb.de\\\/nachrichten\\\/#website\",\"url\":\"https:\\\/\\\/www.strassenweb.de\\\/nachrichten\\\/\",\"name\":\"Stra\u00dfenweb\",\"description\":\"Stra\u00dfenverzeichnis f\u00fcr Deutschland\",\"publisher\":{\"@id\":\"https:\\\/\\\/www.strassenweb.de\\\/nachrichten\\\/#organization\"},\"potentialAction\":[{\"@type\":\"SearchAction\",\"target\":{\"@type\":\"EntryPoint\",\"urlTemplate\":\"https:\\\/\\\/www.strassenweb.de\\\/nachrichten\\\/?s={search_term_string}\"},\"query-input\":{\"@type\":\"PropertyValueSpecification\",\"valueRequired\":true,\"valueName\":\"search_term_string\"}}],\"inLanguage\":\"de\"},{\"@type\":\"Organization\",\"@id\":\"https:\\\/\\\/www.strassenweb.de\\\/nachrichten\\\/#organization\",\"name\":\"Stra\u00dfenweb\",\"url\":\"https:\\\/\\\/www.strassenweb.de\\\/nachrichten\\\/\",\"logo\":{\"@type\":\"ImageObject\",\"inLanguage\":\"de\",\"@id\":\"https:\\\/\\\/www.strassenweb.de\\\/nachrichten\\\/#\\\/schema\\\/logo\\\/image\\\/\",\"url\":\"https:\\\/\\\/www.strassenweb.de\\\/nachrichten\\\/wp-content\\\/uploads\\\/2024\\\/09\\\/cropped-favicon.png\",\"contentUrl\":\"https:\\\/\\\/www.strassenweb.de\\\/nachrichten\\\/wp-content\\\/uploads\\\/2024\\\/09\\\/cropped-favicon.png\",\"width\":512,\"height\":512,\"caption\":\"Stra\u00dfenweb\"},\"image\":{\"@id\":\"https:\\\/\\\/www.strassenweb.de\\\/nachrichten\\\/#\\\/schema\\\/logo\\\/image\\\/\"},\"sameAs\":[\"https:\\\/\\\/www.facebook.com\\\/strassenweb\\\/\"]},{\"@type\":\"Person\",\"@id\":\"https:\\\/\\\/www.strassenweb.de\\\/nachrichten\\\/#\\\/schema\\\/person\\\/87c9c9067f1211da429a744dc5a5aa41\",\"name\":\"Robert Hoffmann\",\"image\":{\"@type\":\"ImageObject\",\"inLanguage\":\"de\",\"@id\":\"https:\\\/\\\/www.strassenweb.de\\\/nachrichten\\\/wp-content\\\/uploads\\\/2024\\\/09\\\/strassenweb-150x150.jpg\",\"url\":\"https:\\\/\\\/www.strassenweb.de\\\/nachrichten\\\/wp-content\\\/uploads\\\/2024\\\/09\\\/strassenweb-150x150.jpg\",\"contentUrl\":\"https:\\\/\\\/www.strassenweb.de\\\/nachrichten\\\/wp-content\\\/uploads\\\/2024\\\/09\\\/strassenweb-150x150.jpg\",\"caption\":\"Robert Hoffmann\"},\"description\":\"Ich hei\u00dfe Robert Hoffmann und ich bin ein leidenschaftlicher Verfechter von \u00d6kologie und Biodiversit\u00e4t. Seit meiner Kindheit in den W\u00e4ldern Bayerns f\u00fchle ich mich mit der Natur verbunden und bin entschlossen, sie zu sch\u00fctzen. Heute widme ich mein Leben der Sensibilisierung anderer f\u00fcr die Bedeutung des Umweltschutzes f\u00fcr zuk\u00fcnftige Generationen.\",\"sameAs\":[\"https:\\\/\\\/www.strassenweb.de\\\/\"]}]}<\/script>\n<!-- \/ Yoast SEO plugin. -->","yoast_head_json":{"title":"Ich habe mein Sofa des Jahrzehnts gekr\u00f6nen - Nachrichten - Stra\u00dfenweb","robots":{"index":"index","follow":"follow","max-snippet":"max-snippet:-1","max-image-preview":"max-image-preview:large","max-video-preview":"max-video-preview:-1"},"canonical":"https:\/\/www.strassenweb.de\/nachrichten\/ich-habe-mein-sofa-des-jahrzehnts-gekroenen\/","og_locale":"de_DE","og_type":"article","og_title":"Ich habe mein Sofa des Jahrzehnts gekr\u00f6nen - Nachrichten - Stra\u00dfenweb","og_description":"Das Sofa ist oft der Kr\u00f6nungspunkt eines jeden Wohnzimmers, und als Redakteur im Promi -Stil bin ich h\u00e4ufig dem Besten in der Branche ausgesetzt. Ich","og_url":"https:\/\/www.strassenweb.de\/nachrichten\/ich-habe-mein-sofa-des-jahrzehnts-gekroenen\/","og_site_name":"Stra\u00dfenweb","article_publisher":"https:\/\/www.facebook.com\/strassenweb\/","article_published_time":"2025-07-31T14:54:48+00:00","article_modified_time":"2025-07-31T14:54:49+00:00","og_image":[{"width":1600,"height":900,"url":"https:\/\/www.strassenweb.de\/nachrichten\/wp-content\/uploads\/2025\/07\/Ich-habe-mein-Sofa-des-Jahrzehnts-gekroenen.jpg","type":"image\/jpeg"}],"author":"Robert Hoffmann","twitter_card":"summary_large_image","twitter_misc":{"Verfasst von":"Robert Hoffmann","Gesch\u00e4tzte Lesezeit":"2\u00a0Minuten"},"schema":{"@context":"https:\/\/schema.org","@graph":[{"@type":"Article","@id":"https:\/\/www.strassenweb.de\/nachrichten\/ich-habe-mein-sofa-des-jahrzehnts-gekroenen\/#article","isPartOf":{"@id":"https:\/\/www.strassenweb.de\/nachrichten\/ich-habe-mein-sofa-des-jahrzehnts-gekroenen\/"},"author":{"name":"Robert Hoffmann","@id":"https:\/\/www.strassenweb.de\/nachrichten\/#\/schema\/person\/87c9c9067f1211da429a744dc5a5aa41"},"headline":"Ich habe mein Sofa des Jahrzehnts gekr\u00f6nen","datePublished":"2025-07-31T14:54:48+00:00","dateModified":"2025-07-31T14:54:49+00:00","mainEntityOfPage":{"@id":"https:\/\/www.strassenweb.de\/nachrichten\/ich-habe-mein-sofa-des-jahrzehnts-gekroenen\/"},"wordCount":468,"publisher":{"@id":"https:\/\/www.strassenweb.de\/nachrichten\/#organization"},"image":{"@id":"https:\/\/www.strassenweb.de\/nachrichten\/ich-habe-mein-sofa-des-jahrzehnts-gekroenen\/#primaryimage"},"thumbnailUrl":"https:\/\/www.strassenweb.de\/nachrichten\/wp-content\/uploads\/2025\/07\/Ich-habe-mein-Sofa-des-Jahrzehnts-gekroenen.jpg","keywords":["des","gekr\u00f6nen","habe","ich","Jahrzehnts","mein","Sofa"],"articleSection":["Haus &amp; Garten"],"inLanguage":"de"},{"@type":"WebPage","@id":"https:\/\/www.strassenweb.de\/nachrichten\/ich-habe-mein-sofa-des-jahrzehnts-gekroenen\/","url":"https:\/\/www.strassenweb.de\/nachrichten\/ich-habe-mein-sofa-des-jahrzehnts-gekroenen\/","name":"Ich habe mein Sofa des Jahrzehnts gekr\u00f6nen - Nachrichten - Stra\u00dfenweb","isPartOf":{"@id":"https:\/\/www.strassenweb.de\/nachrichten\/#website"},"primaryImageOfPage":{"@id":"https:\/\/www.strassenweb.de\/nachrichten\/ich-habe-mein-sofa-des-jahrzehnts-gekroenen\/#primaryimage"},"image":{"@id":"https:\/\/www.strassenweb.de\/nachrichten\/ich-habe-mein-sofa-des-jahrzehnts-gekroenen\/#primaryimage"},"thumbnailUrl":"https:\/\/www.strassenweb.de\/nachrichten\/wp-content\/uploads\/2025\/07\/Ich-habe-mein-Sofa-des-Jahrzehnts-gekroenen.jpg","datePublished":"2025-07-31T14:54:48+00:00","dateModified":"2025-07-31T14:54:49+00:00","breadcrumb":{"@id":"https:\/\/www.strassenweb.de\/nachrichten\/ich-habe-mein-sofa-des-jahrzehnts-gekroenen\/#breadcrumb"},"inLanguage":"de","potentialAction":[{"@type":"ReadAction","target":["https:\/\/www.strassenweb.de\/nachrichten\/ich-habe-mein-sofa-des-jahrzehnts-gekroenen\/"]}]},{"@type":"ImageObject","inLanguage":"de","@id":"https:\/\/www.strassenweb.de\/nachrichten\/ich-habe-mein-sofa-des-jahrzehnts-gekroenen\/#primaryimage","url":"https:\/\/www.strassenweb.de\/nachrichten\/wp-content\/uploads\/2025\/07\/Ich-habe-mein-Sofa-des-Jahrzehnts-gekroenen.jpg","contentUrl":"https:\/\/www.strassenweb.de\/nachrichten\/wp-content\/uploads\/2025\/07\/Ich-habe-mein-Sofa-des-Jahrzehnts-gekroenen.jpg","width":1600,"height":900,"caption":"Shay Mitchell"},{"@type":"BreadcrumbList","@id":"https:\/\/www.strassenweb.de\/nachrichten\/ich-habe-mein-sofa-des-jahrzehnts-gekroenen\/#breadcrumb","itemListElement":[{"@type":"ListItem","position":1,"name":"Home","item":"https:\/\/www.strassenweb.de\/nachrichten\/"},{"@type":"ListItem","position":2,"name":"Ich habe mein Sofa des Jahrzehnts gekr\u00f6nen"}]},{"@type":"WebSite","@id":"https:\/\/www.strassenweb.de\/nachrichten\/#website","url":"https:\/\/www.strassenweb.de\/nachrichten\/","name":"Stra\u00dfenweb","description":"Stra\u00dfenverzeichnis f\u00fcr Deutschland","publisher":{"@id":"https:\/\/www.strassenweb.de\/nachrichten\/#organization"},"potentialAction":[{"@type":"SearchAction","target":{"@type":"EntryPoint","urlTemplate":"https:\/\/www.strassenweb.de\/nachrichten\/?s={search_term_string}"},"query-input":{"@type":"PropertyValueSpecification","valueRequired":true,"valueName":"search_term_string"}}],"inLanguage":"de"},{"@type":"Organization","@id":"https:\/\/www.strassenweb.de\/nachrichten\/#organization","name":"Stra\u00dfenweb","url":"https:\/\/www.strassenweb.de\/nachrichten\/","logo":{"@type":"ImageObject","inLanguage":"de","@id":"https:\/\/www.strassenweb.de\/nachrichten\/#\/schema\/logo\/image\/","url":"https:\/\/www.strassenweb.de\/nachrichten\/wp-content\/uploads\/2024\/09\/cropped-favicon.png","contentUrl":"https:\/\/www.strassenweb.de\/nachrichten\/wp-content\/uploads\/2024\/09\/cropped-favicon.png","width":512,"height":512,"caption":"Stra\u00dfenweb"},"image":{"@id":"https:\/\/www.strassenweb.de\/nachrichten\/#\/schema\/logo\/image\/"},"sameAs":["https:\/\/www.facebook.com\/strassenweb\/"]},{"@type":"Person","@id":"https:\/\/www.strassenweb.de\/nachrichten\/#\/schema\/person\/87c9c9067f1211da429a744dc5a5aa41","name":"Robert Hoffmann","image":{"@type":"ImageObject","inLanguage":"de","@id":"https:\/\/www.strassenweb.de\/nachrichten\/wp-content\/uploads\/2024\/09\/strassenweb-150x150.jpg","url":"https:\/\/www.strassenweb.de\/nachrichten\/wp-content\/uploads\/2024\/09\/strassenweb-150x150.jpg","contentUrl":"https:\/\/www.strassenweb.de\/nachrichten\/wp-content\/uploads\/2024\/09\/strassenweb-150x150.jpg","caption":"Robert Hoffmann"},"description":"Ich hei\u00dfe Robert Hoffmann und ich bin ein leidenschaftlicher Verfechter von \u00d6kologie und Biodiversit\u00e4t. Seit meiner Kindheit in den W\u00e4ldern Bayerns f\u00fchle ich mich mit der Natur verbunden und bin entschlossen, sie zu sch\u00fctzen. Heute widme ich mein Leben der Sensibilisierung anderer f\u00fcr die Bedeutung des Umweltschutzes f\u00fcr zuk\u00fcnftige Generationen.","sameAs":["https:\/\/www.strassenweb.de\/"]}]}},"_links":{"self":[{"href":"https:\/\/www.strassenweb.de\/nachrichten\/wp-json\/wp\/v2\/posts\/6601","targetHints":{"allow":["GET"]}}],"collection":[{"href":"https:\/\/www.strassenweb.de\/nachrichten\/wp-json\/wp\/v2\/posts"}],"about":[{"href":"https:\/\/www.strassenweb.de\/nachrichten\/wp-json\/wp\/v2\/types\/post"}],"author":[{"embeddable":true,"href":"https:\/\/www.strassenweb.de\/nachrichten\/wp-json\/wp\/v2\/users\/1"}],"replies":[{"embeddable":true,"href":"https:\/\/www.strassenweb.de\/nachrichten\/wp-json\/wp\/v2\/comments?post=6601"}],"version-history":[{"count":0,"href":"https:\/\/www.strassenweb.de\/nachrichten\/wp-json\/wp\/v2\/posts\/6601\/revisions"}],"wp:featuredmedia":[{"embeddable":true,"href":"https:\/\/www.strassenweb.de\/nachrichten\/wp-json\/wp\/v2\/media\/6602"}],"wp:attachment":[{"href":"https:\/\/www.strassenweb.de\/nachrichten\/wp-json\/wp\/v2\/media?parent=6601"}],"wp:term":[{"taxonomy":"category","embeddable":true,"href":"https:\/\/www.strassenweb.de\/nachrichten\/wp-json\/wp\/v2\/categories?post=6601"},{"taxonomy":"post_tag","embeddable":true,"href":"https:\/\/www.strassenweb.de\/nachrichten\/wp-json\/wp\/v2\/tags?post=6601"}],"curies":[{"name":"wp","href":"https:\/\/api.w.org\/{rel}","templated":true}]}}