{"id":6592,"date":"2025-07-31T11:39:13","date_gmt":"2025-07-31T09:39:13","guid":{"rendered":"https:\/\/www.strassenweb.de\/nachrichten\/einzigartiger-highland-juniper-forest-angegebener-europaeischer-status-in\/"},"modified":"2025-07-31T11:39:14","modified_gmt":"2025-07-31T09:39:14","slug":"einzigartiger-highland-juniper-forest-angegebener-europaeischer-status-in","status":"publish","type":"post","link":"https:\/\/www.strassenweb.de\/nachrichten\/einzigartiger-highland-juniper-forest-angegebener-europaeischer-status-in\/","title":{"rendered":"Einzigartiger Highland Juniper Forest angegebener europ\u00e4ischer Status in &#8230;"},"content":{"rendered":"<p>In einem Gro\u00dfbritannien-First wurde ein gentechnisch einzigartiger Wacholderwald in Blees for Life&#8217;s Dundreggan Rewilding Estate im schottischen Hochland eine spezielle europ\u00e4ische Bezeichnung zum Schutz und zur Verbesserung seiner weltweit bedeutenden Vielfalt erhalten.<\/p>\n<p>Das 10.000 Hektar gro\u00dfe Anwesen in Glemoriston in der N\u00e4he von Loch Ness schlie\u00dft sich nun einem europ\u00e4ischen Netzwerk genetisch wichtiger und gut verwalteter Standorte an, die als Genschutzeinheiten eingestuft werden-ein Status, der nur f\u00fcr langj\u00e4hrige native Baumst\u00e4nde vorbehalten ist, die spezifische Kriterien erf\u00fcllen.<\/p>\n<p>Das in Gro\u00dfbritannien verwaltete Netzwerk-die von Forest Research, der Hauptorganisation des Landes f\u00fcr Forstwirtschaft und baumbezogene Forschung, zielt darauf ab, einen koordinierten Schutz f\u00fcr die genetische Vielfalt von Baumarten in europ\u00e4ischer Ebene zu gew\u00e4hrleisten. Es bringt Standorte zusammen, die f\u00fcr ihren Schutz genetischer Vielfalt und nat\u00fcrlicher Prozesse anerkannt sind.<\/p>\n<p>Wesentliche Teile sowohl der Wacholder- als auch der Silver Birch Woodlands in Dundreggan haben die prestigetr\u00e4chtige Klassifizierung erhalten &#8211; was die Anerkennung ihrer Bedeutung erh\u00f6ht und M\u00f6glichkeiten f\u00fcr weitere wissenschaftliche Studien er\u00f6ffnet.<\/p>\n<p>\u201eDiese Bezeichnung unterstreicht, warum uns in Dundreggan nat\u00fcrlich so wichtig ist, unsere alten W\u00e4lder wiederzuwachsen, und sie feiert die bemerkenswerten \u00dcberreste von nat\u00fcrlich vorkommenden und lokal angepassten Wacholder und Silver Birke, die immer noch auf dem Nachlasse \u00fcberleben\u201c, sagte Gwen Raes, Brees for Life&#8217;s Dundreggan -Immobilienmanager.<\/p>\n<p>\u201eDie ungew\u00f6hnlich nasse Lage f\u00fcr Wacholder und die extreme Lage von Silver Birke haben dazu beigetragen, dass ihre Bev\u00f6lkerungsgruppen bei Dundreggan ganz besonders hergestellt werden. Durch diese Bezeichnung und weiteres Management m\u00f6chten wir sicherstellen, dass diese einzigartigen Waldgebiete die zus\u00e4tzliche Sorgfalt und Aufmerksamkeit erhalten, damit sie gesch\u00fctzt und vorw\u00e4rts gehen.\u201c<\/p>\n<p>Der Schl\u00fcssel zur Bezeichnung ist auch die Verwendung von &#8222;dynamischer Erhaltung&#8220; durch den Nachlass, der die genetische Vielfalt der B\u00e4ume sch\u00fctzt. Das Land wird gelungen, um die nat\u00fcrliche Regeneration zu f\u00f6rdern und es den B\u00e4umen erm\u00f6glicht, sich st\u00e4ndig an ihre spezifische Umgebung anzupassen, einschlie\u00dflich Wetterbedingungen und Temperaturen.<\/p>\n<p>Der Forstwissenschaftler Tom Sim, der f\u00fcr die Registrierung der britischen Gen -Konservierungseinheiten in Gro\u00dfbritannien verantwortlich ist, sagte: \u201eDer Wacholder und die Silberbirke in Dundreggan treten nat\u00fcrlich ohne historische Pflanzung auf und haben sich wahrscheinlich \u00fcber viele Generationen an ihre \u00f6rtlichen Bedingungen angepasst.<\/p>\n<p>&#8222;Infolgedessen w\u00fcrden wir erwarten, dass die St\u00e4nde f\u00fcr eine unterschiedliche genetische Variation f\u00fcr jede Art auf britischer und europ\u00e4ischer Ebene repr\u00e4sentativ sind.&#8220;<\/p>\n<p>Dundreggan hat einen relativ hohen Niederschlag f\u00fcr Juniper, und Experten glauben, dass dies eine lokale Anpassung h\u00e4tte antreten k\u00f6nnen.<\/p>\n<p>Juniper ist ein langsam wachsender immergr\u00fcner Strauch oder ein kleiner Baum mit kleinen blaugr\u00fcnen Nadeln und Beeren, die zu einer dunklen, blau-lila Farbe reifen. Es ist im trockeneren, \u00f6stlichen Teil des Hochlandes h\u00e4ufiger, wo es eine gr\u00f6\u00dfere Gr\u00f6\u00dfe erreicht. <\/p>\n<p>Die Arten steigert die biologische Vielfalt, indem sie Schutz und Nahrung f\u00fcr eine Reihe von Wildtieren, einschlie\u00dflich Insekten, S\u00e4ugetieren und V\u00f6geln, zur Verf\u00fcgung stellen. Juniper wird auch f\u00fcr seine kulinarischen, medizinischen und rituellen Eigenschaften gesch\u00e4tzt, einschlie\u00dflich der Verwendung seiner Beeren in Spielgerichten und seiner Rolle bei der Herstellung von Gin. <\/p>\n<p>Dundreggan ist auch am westlichen Rand Europas von Silver Birchs nat\u00fcrlicher Reichweite. Diese schnell wachsende Art breitet sich leicht \u00fcber offener Boden aus und unterst\u00fctzt viele Insekten und andere Wirbellose, wobei \u00fcber 300 Arten bekannt sind, die sich davon ern\u00e4hren. Die Wurzeln des Baumes erstellen wichtige N\u00e4hrstoffe und seine gefallenen Bl\u00e4tter verleihen den Boden Reichtum.<\/p>\n<p>Im Rahmen der Bezeichnung &#8222;Gen Conservation Unit&#8220; werden Dundreggans Wacholder und Silver Birke regelm\u00e4\u00dfig \u00fcberwacht, um ihr \u00dcberleben, ihre Gesundheit und ihre erfolgreiche nat\u00fcrliche Regeneration zu gew\u00e4hrleisten.<\/p>\n<p>Besucher von Dundreggan und seinem gefeierten Rewilding-Zentrum k\u00f6nnen die \u00fcppigen Wacholder- und Birch-Woodlands erkunden und Spazierg\u00e4nge entlang von Forest Trails genie\u00dfen, darunter einen zug\u00e4nglichen Wacholderweg mit niedrigem Niveau, der als Ceum Aitinn in Gaelic bekannt ist. Insgesamt beherbergen die W\u00e4lder auf dem unteren Teil des Nachlasses etwa 50.000 Wacholder und 80.000 Silberbirke.<\/p>\n<p>Die Wiederholung von Wohlt\u00e4tigkeitsb\u00e4umen f\u00fcr das Leben verpflichtet sich, die naturreichen Landschaften f\u00fcr Menschen, Natur und Klima wiederherzustellen. Zusammen mit Gemeinschaften restauriert es das nat\u00fcrliche und kulturelle Erbe Schottlands und unterst\u00fctzt gleichzeitig die lokalen Lebensunterhalt. Siehe www.treesforlife.org.uk.<\/p>\n<p><em>Fotokredit: B\u00e4ume f\u00fcrs Leben<\/em><\/p>\n","protected":false},"excerpt":{"rendered":"<p>In einem Gro\u00dfbritannien-First wurde ein gentechnisch einzigartiger Wacholderwald in Blees for Life&#8217;s Dundreggan Rewilding Estate im schottischen Hochland eine spezielle europ\u00e4ische Bezeichnung zum Schutz und<\/p>\n","protected":false},"author":1,"featured_media":6593,"comment_status":"closed","ping_status":"","sticky":false,"template":"","format":"standard","meta":{"footnotes":""},"categories":[101],"tags":[9017,4841,511,1437,2324,9016,9018],"class_list":["post-6592","post","type-post","status-publish","format-standard","has-post-thumbnail","hentry","category-oekologie","tag-angegebener","tag-einzigartiger","tag-europaeischer","tag-forest","tag-highland","tag-juniper","tag-status","generate-columns","tablet-grid-50","mobile-grid-100","grid-parent","grid-50"],"yoast_head":"<!-- This site is optimized with the Yoast SEO plugin v27.3 - https:\/\/yoast.com\/product\/yoast-seo-wordpress\/ -->\n<title>Einzigartiger Highland Juniper Forest angegebener europ\u00e4ischer Status in ... - Nachrichten - Stra\u00dfenweb<\/title>\n<meta name=\"robots\" content=\"index, follow, max-snippet:-1, max-image-preview:large, max-video-preview:-1\" \/>\n<link rel=\"canonical\" href=\"https:\/\/www.strassenweb.de\/nachrichten\/einzigartiger-highland-juniper-forest-angegebener-europaeischer-status-in\/\" \/>\n<meta property=\"og:locale\" content=\"de_DE\" \/>\n<meta property=\"og:type\" content=\"article\" \/>\n<meta property=\"og:title\" content=\"Einzigartiger Highland Juniper Forest angegebener europ\u00e4ischer Status in ... - Nachrichten - Stra\u00dfenweb\" \/>\n<meta property=\"og:description\" content=\"In einem Gro\u00dfbritannien-First wurde ein gentechnisch einzigartiger Wacholderwald in Blees for Life&#8217;s Dundreggan Rewilding Estate im schottischen Hochland eine spezielle europ\u00e4ische Bezeichnung zum Schutz und\" \/>\n<meta property=\"og:url\" content=\"https:\/\/www.strassenweb.de\/nachrichten\/einzigartiger-highland-juniper-forest-angegebener-europaeischer-status-in\/\" \/>\n<meta property=\"og:site_name\" content=\"Stra\u00dfenweb\" \/>\n<meta property=\"article:publisher\" content=\"https:\/\/www.facebook.com\/strassenweb\/\" \/>\n<meta property=\"article:published_time\" content=\"2025-07-31T09:39:13+00:00\" \/>\n<meta property=\"article:modified_time\" content=\"2025-07-31T09:39:14+00:00\" \/>\n<meta property=\"og:image\" content=\"https:\/\/www.strassenweb.de\/nachrichten\/wp-content\/uploads\/2025\/07\/Einzigartiger-Highland-Juniper-Forest-angegebener-europaeischer-Status-in.jpg\" \/>\n\t<meta property=\"og:image:width\" content=\"900\" \/>\n\t<meta property=\"og:image:height\" content=\"600\" \/>\n\t<meta property=\"og:image:type\" content=\"image\/jpeg\" \/>\n<meta name=\"author\" content=\"Robert Hoffmann\" \/>\n<meta name=\"twitter:card\" content=\"summary_large_image\" \/>\n<meta name=\"twitter:label1\" content=\"Verfasst von\" \/>\n\t<meta name=\"twitter:data1\" content=\"Robert Hoffmann\" \/>\n\t<meta name=\"twitter:label2\" content=\"Gesch\u00e4tzte Lesezeit\" \/>\n\t<meta name=\"twitter:data2\" content=\"4\u00a0Minuten\" \/>\n<script type=\"application\/ld+json\" class=\"yoast-schema-graph\">{\"@context\":\"https:\\\/\\\/schema.org\",\"@graph\":[{\"@type\":\"Article\",\"@id\":\"https:\\\/\\\/www.strassenweb.de\\\/nachrichten\\\/einzigartiger-highland-juniper-forest-angegebener-europaeischer-status-in\\\/#article\",\"isPartOf\":{\"@id\":\"https:\\\/\\\/www.strassenweb.de\\\/nachrichten\\\/einzigartiger-highland-juniper-forest-angegebener-europaeischer-status-in\\\/\"},\"author\":{\"name\":\"Robert Hoffmann\",\"@id\":\"https:\\\/\\\/www.strassenweb.de\\\/nachrichten\\\/#\\\/schema\\\/person\\\/87c9c9067f1211da429a744dc5a5aa41\"},\"headline\":\"Einzigartiger Highland Juniper Forest angegebener europ\u00e4ischer Status in &#8230;\",\"datePublished\":\"2025-07-31T09:39:13+00:00\",\"dateModified\":\"2025-07-31T09:39:14+00:00\",\"mainEntityOfPage\":{\"@id\":\"https:\\\/\\\/www.strassenweb.de\\\/nachrichten\\\/einzigartiger-highland-juniper-forest-angegebener-europaeischer-status-in\\\/\"},\"wordCount\":744,\"publisher\":{\"@id\":\"https:\\\/\\\/www.strassenweb.de\\\/nachrichten\\\/#organization\"},\"image\":{\"@id\":\"https:\\\/\\\/www.strassenweb.de\\\/nachrichten\\\/einzigartiger-highland-juniper-forest-angegebener-europaeischer-status-in\\\/#primaryimage\"},\"thumbnailUrl\":\"https:\\\/\\\/www.strassenweb.de\\\/nachrichten\\\/wp-content\\\/uploads\\\/2025\\\/07\\\/Einzigartiger-Highland-Juniper-Forest-angegebener-europaeischer-Status-in.jpg\",\"keywords\":[\"angegebener\",\"einzigartiger\",\"europ\u00e4ischer\",\"Forest\",\"Highland\",\"Juniper\",\"Status\"],\"articleSection\":[\"\u00d6kologie\"],\"inLanguage\":\"de\"},{\"@type\":\"WebPage\",\"@id\":\"https:\\\/\\\/www.strassenweb.de\\\/nachrichten\\\/einzigartiger-highland-juniper-forest-angegebener-europaeischer-status-in\\\/\",\"url\":\"https:\\\/\\\/www.strassenweb.de\\\/nachrichten\\\/einzigartiger-highland-juniper-forest-angegebener-europaeischer-status-in\\\/\",\"name\":\"Einzigartiger Highland Juniper Forest angegebener europ\u00e4ischer Status in ... - Nachrichten - Stra\u00dfenweb\",\"isPartOf\":{\"@id\":\"https:\\\/\\\/www.strassenweb.de\\\/nachrichten\\\/#website\"},\"primaryImageOfPage\":{\"@id\":\"https:\\\/\\\/www.strassenweb.de\\\/nachrichten\\\/einzigartiger-highland-juniper-forest-angegebener-europaeischer-status-in\\\/#primaryimage\"},\"image\":{\"@id\":\"https:\\\/\\\/www.strassenweb.de\\\/nachrichten\\\/einzigartiger-highland-juniper-forest-angegebener-europaeischer-status-in\\\/#primaryimage\"},\"thumbnailUrl\":\"https:\\\/\\\/www.strassenweb.de\\\/nachrichten\\\/wp-content\\\/uploads\\\/2025\\\/07\\\/Einzigartiger-Highland-Juniper-Forest-angegebener-europaeischer-Status-in.jpg\",\"datePublished\":\"2025-07-31T09:39:13+00:00\",\"dateModified\":\"2025-07-31T09:39:14+00:00\",\"breadcrumb\":{\"@id\":\"https:\\\/\\\/www.strassenweb.de\\\/nachrichten\\\/einzigartiger-highland-juniper-forest-angegebener-europaeischer-status-in\\\/#breadcrumb\"},\"inLanguage\":\"de\",\"potentialAction\":[{\"@type\":\"ReadAction\",\"target\":[\"https:\\\/\\\/www.strassenweb.de\\\/nachrichten\\\/einzigartiger-highland-juniper-forest-angegebener-europaeischer-status-in\\\/\"]}]},{\"@type\":\"ImageObject\",\"inLanguage\":\"de\",\"@id\":\"https:\\\/\\\/www.strassenweb.de\\\/nachrichten\\\/einzigartiger-highland-juniper-forest-angegebener-europaeischer-status-in\\\/#primaryimage\",\"url\":\"https:\\\/\\\/www.strassenweb.de\\\/nachrichten\\\/wp-content\\\/uploads\\\/2025\\\/07\\\/Einzigartiger-Highland-Juniper-Forest-angegebener-europaeischer-Status-in.jpg\",\"contentUrl\":\"https:\\\/\\\/www.strassenweb.de\\\/nachrichten\\\/wp-content\\\/uploads\\\/2025\\\/07\\\/Einzigartiger-Highland-Juniper-Forest-angegebener-europaeischer-Status-in.jpg\",\"width\":900,\"height\":600,\"caption\":\"Unique Highland juniper forest given special European status in UK first\"},{\"@type\":\"BreadcrumbList\",\"@id\":\"https:\\\/\\\/www.strassenweb.de\\\/nachrichten\\\/einzigartiger-highland-juniper-forest-angegebener-europaeischer-status-in\\\/#breadcrumb\",\"itemListElement\":[{\"@type\":\"ListItem\",\"position\":1,\"name\":\"Home\",\"item\":\"https:\\\/\\\/www.strassenweb.de\\\/nachrichten\\\/\"},{\"@type\":\"ListItem\",\"position\":2,\"name\":\"Einzigartiger Highland Juniper Forest angegebener europ\u00e4ischer Status in &#8230;\"}]},{\"@type\":\"WebSite\",\"@id\":\"https:\\\/\\\/www.strassenweb.de\\\/nachrichten\\\/#website\",\"url\":\"https:\\\/\\\/www.strassenweb.de\\\/nachrichten\\\/\",\"name\":\"Stra\u00dfenweb\",\"description\":\"Stra\u00dfenverzeichnis f\u00fcr Deutschland\",\"publisher\":{\"@id\":\"https:\\\/\\\/www.strassenweb.de\\\/nachrichten\\\/#organization\"},\"potentialAction\":[{\"@type\":\"SearchAction\",\"target\":{\"@type\":\"EntryPoint\",\"urlTemplate\":\"https:\\\/\\\/www.strassenweb.de\\\/nachrichten\\\/?s={search_term_string}\"},\"query-input\":{\"@type\":\"PropertyValueSpecification\",\"valueRequired\":true,\"valueName\":\"search_term_string\"}}],\"inLanguage\":\"de\"},{\"@type\":\"Organization\",\"@id\":\"https:\\\/\\\/www.strassenweb.de\\\/nachrichten\\\/#organization\",\"name\":\"Stra\u00dfenweb\",\"url\":\"https:\\\/\\\/www.strassenweb.de\\\/nachrichten\\\/\",\"logo\":{\"@type\":\"ImageObject\",\"inLanguage\":\"de\",\"@id\":\"https:\\\/\\\/www.strassenweb.de\\\/nachrichten\\\/#\\\/schema\\\/logo\\\/image\\\/\",\"url\":\"https:\\\/\\\/www.strassenweb.de\\\/nachrichten\\\/wp-content\\\/uploads\\\/2024\\\/09\\\/cropped-favicon.png\",\"contentUrl\":\"https:\\\/\\\/www.strassenweb.de\\\/nachrichten\\\/wp-content\\\/uploads\\\/2024\\\/09\\\/cropped-favicon.png\",\"width\":512,\"height\":512,\"caption\":\"Stra\u00dfenweb\"},\"image\":{\"@id\":\"https:\\\/\\\/www.strassenweb.de\\\/nachrichten\\\/#\\\/schema\\\/logo\\\/image\\\/\"},\"sameAs\":[\"https:\\\/\\\/www.facebook.com\\\/strassenweb\\\/\"]},{\"@type\":\"Person\",\"@id\":\"https:\\\/\\\/www.strassenweb.de\\\/nachrichten\\\/#\\\/schema\\\/person\\\/87c9c9067f1211da429a744dc5a5aa41\",\"name\":\"Robert Hoffmann\",\"image\":{\"@type\":\"ImageObject\",\"inLanguage\":\"de\",\"@id\":\"https:\\\/\\\/www.strassenweb.de\\\/nachrichten\\\/wp-content\\\/uploads\\\/2024\\\/09\\\/strassenweb-150x150.jpg\",\"url\":\"https:\\\/\\\/www.strassenweb.de\\\/nachrichten\\\/wp-content\\\/uploads\\\/2024\\\/09\\\/strassenweb-150x150.jpg\",\"contentUrl\":\"https:\\\/\\\/www.strassenweb.de\\\/nachrichten\\\/wp-content\\\/uploads\\\/2024\\\/09\\\/strassenweb-150x150.jpg\",\"caption\":\"Robert Hoffmann\"},\"description\":\"Ich hei\u00dfe Robert Hoffmann und ich bin ein leidenschaftlicher Verfechter von \u00d6kologie und Biodiversit\u00e4t. Seit meiner Kindheit in den W\u00e4ldern Bayerns f\u00fchle ich mich mit der Natur verbunden und bin entschlossen, sie zu sch\u00fctzen. Heute widme ich mein Leben der Sensibilisierung anderer f\u00fcr die Bedeutung des Umweltschutzes f\u00fcr zuk\u00fcnftige Generationen.\",\"sameAs\":[\"https:\\\/\\\/www.strassenweb.de\\\/\"]}]}<\/script>\n<!-- \/ Yoast SEO plugin. -->","yoast_head_json":{"title":"Einzigartiger Highland Juniper Forest angegebener europ\u00e4ischer Status in ... - Nachrichten - Stra\u00dfenweb","robots":{"index":"index","follow":"follow","max-snippet":"max-snippet:-1","max-image-preview":"max-image-preview:large","max-video-preview":"max-video-preview:-1"},"canonical":"https:\/\/www.strassenweb.de\/nachrichten\/einzigartiger-highland-juniper-forest-angegebener-europaeischer-status-in\/","og_locale":"de_DE","og_type":"article","og_title":"Einzigartiger Highland Juniper Forest angegebener europ\u00e4ischer Status in ... - Nachrichten - Stra\u00dfenweb","og_description":"In einem Gro\u00dfbritannien-First wurde ein gentechnisch einzigartiger Wacholderwald in Blees for Life&#8217;s Dundreggan Rewilding Estate im schottischen Hochland eine spezielle europ\u00e4ische Bezeichnung zum Schutz und","og_url":"https:\/\/www.strassenweb.de\/nachrichten\/einzigartiger-highland-juniper-forest-angegebener-europaeischer-status-in\/","og_site_name":"Stra\u00dfenweb","article_publisher":"https:\/\/www.facebook.com\/strassenweb\/","article_published_time":"2025-07-31T09:39:13+00:00","article_modified_time":"2025-07-31T09:39:14+00:00","og_image":[{"width":900,"height":600,"url":"https:\/\/www.strassenweb.de\/nachrichten\/wp-content\/uploads\/2025\/07\/Einzigartiger-Highland-Juniper-Forest-angegebener-europaeischer-Status-in.jpg","type":"image\/jpeg"}],"author":"Robert Hoffmann","twitter_card":"summary_large_image","twitter_misc":{"Verfasst von":"Robert Hoffmann","Gesch\u00e4tzte Lesezeit":"4\u00a0Minuten"},"schema":{"@context":"https:\/\/schema.org","@graph":[{"@type":"Article","@id":"https:\/\/www.strassenweb.de\/nachrichten\/einzigartiger-highland-juniper-forest-angegebener-europaeischer-status-in\/#article","isPartOf":{"@id":"https:\/\/www.strassenweb.de\/nachrichten\/einzigartiger-highland-juniper-forest-angegebener-europaeischer-status-in\/"},"author":{"name":"Robert Hoffmann","@id":"https:\/\/www.strassenweb.de\/nachrichten\/#\/schema\/person\/87c9c9067f1211da429a744dc5a5aa41"},"headline":"Einzigartiger Highland Juniper Forest angegebener europ\u00e4ischer Status in &#8230;","datePublished":"2025-07-31T09:39:13+00:00","dateModified":"2025-07-31T09:39:14+00:00","mainEntityOfPage":{"@id":"https:\/\/www.strassenweb.de\/nachrichten\/einzigartiger-highland-juniper-forest-angegebener-europaeischer-status-in\/"},"wordCount":744,"publisher":{"@id":"https:\/\/www.strassenweb.de\/nachrichten\/#organization"},"image":{"@id":"https:\/\/www.strassenweb.de\/nachrichten\/einzigartiger-highland-juniper-forest-angegebener-europaeischer-status-in\/#primaryimage"},"thumbnailUrl":"https:\/\/www.strassenweb.de\/nachrichten\/wp-content\/uploads\/2025\/07\/Einzigartiger-Highland-Juniper-Forest-angegebener-europaeischer-Status-in.jpg","keywords":["angegebener","einzigartiger","europ\u00e4ischer","Forest","Highland","Juniper","Status"],"articleSection":["\u00d6kologie"],"inLanguage":"de"},{"@type":"WebPage","@id":"https:\/\/www.strassenweb.de\/nachrichten\/einzigartiger-highland-juniper-forest-angegebener-europaeischer-status-in\/","url":"https:\/\/www.strassenweb.de\/nachrichten\/einzigartiger-highland-juniper-forest-angegebener-europaeischer-status-in\/","name":"Einzigartiger Highland Juniper Forest angegebener europ\u00e4ischer Status in ... - Nachrichten - Stra\u00dfenweb","isPartOf":{"@id":"https:\/\/www.strassenweb.de\/nachrichten\/#website"},"primaryImageOfPage":{"@id":"https:\/\/www.strassenweb.de\/nachrichten\/einzigartiger-highland-juniper-forest-angegebener-europaeischer-status-in\/#primaryimage"},"image":{"@id":"https:\/\/www.strassenweb.de\/nachrichten\/einzigartiger-highland-juniper-forest-angegebener-europaeischer-status-in\/#primaryimage"},"thumbnailUrl":"https:\/\/www.strassenweb.de\/nachrichten\/wp-content\/uploads\/2025\/07\/Einzigartiger-Highland-Juniper-Forest-angegebener-europaeischer-Status-in.jpg","datePublished":"2025-07-31T09:39:13+00:00","dateModified":"2025-07-31T09:39:14+00:00","breadcrumb":{"@id":"https:\/\/www.strassenweb.de\/nachrichten\/einzigartiger-highland-juniper-forest-angegebener-europaeischer-status-in\/#breadcrumb"},"inLanguage":"de","potentialAction":[{"@type":"ReadAction","target":["https:\/\/www.strassenweb.de\/nachrichten\/einzigartiger-highland-juniper-forest-angegebener-europaeischer-status-in\/"]}]},{"@type":"ImageObject","inLanguage":"de","@id":"https:\/\/www.strassenweb.de\/nachrichten\/einzigartiger-highland-juniper-forest-angegebener-europaeischer-status-in\/#primaryimage","url":"https:\/\/www.strassenweb.de\/nachrichten\/wp-content\/uploads\/2025\/07\/Einzigartiger-Highland-Juniper-Forest-angegebener-europaeischer-Status-in.jpg","contentUrl":"https:\/\/www.strassenweb.de\/nachrichten\/wp-content\/uploads\/2025\/07\/Einzigartiger-Highland-Juniper-Forest-angegebener-europaeischer-Status-in.jpg","width":900,"height":600,"caption":"Unique Highland juniper forest given special European status in UK first"},{"@type":"BreadcrumbList","@id":"https:\/\/www.strassenweb.de\/nachrichten\/einzigartiger-highland-juniper-forest-angegebener-europaeischer-status-in\/#breadcrumb","itemListElement":[{"@type":"ListItem","position":1,"name":"Home","item":"https:\/\/www.strassenweb.de\/nachrichten\/"},{"@type":"ListItem","position":2,"name":"Einzigartiger Highland Juniper Forest angegebener europ\u00e4ischer Status in &#8230;"}]},{"@type":"WebSite","@id":"https:\/\/www.strassenweb.de\/nachrichten\/#website","url":"https:\/\/www.strassenweb.de\/nachrichten\/","name":"Stra\u00dfenweb","description":"Stra\u00dfenverzeichnis f\u00fcr Deutschland","publisher":{"@id":"https:\/\/www.strassenweb.de\/nachrichten\/#organization"},"potentialAction":[{"@type":"SearchAction","target":{"@type":"EntryPoint","urlTemplate":"https:\/\/www.strassenweb.de\/nachrichten\/?s={search_term_string}"},"query-input":{"@type":"PropertyValueSpecification","valueRequired":true,"valueName":"search_term_string"}}],"inLanguage":"de"},{"@type":"Organization","@id":"https:\/\/www.strassenweb.de\/nachrichten\/#organization","name":"Stra\u00dfenweb","url":"https:\/\/www.strassenweb.de\/nachrichten\/","logo":{"@type":"ImageObject","inLanguage":"de","@id":"https:\/\/www.strassenweb.de\/nachrichten\/#\/schema\/logo\/image\/","url":"https:\/\/www.strassenweb.de\/nachrichten\/wp-content\/uploads\/2024\/09\/cropped-favicon.png","contentUrl":"https:\/\/www.strassenweb.de\/nachrichten\/wp-content\/uploads\/2024\/09\/cropped-favicon.png","width":512,"height":512,"caption":"Stra\u00dfenweb"},"image":{"@id":"https:\/\/www.strassenweb.de\/nachrichten\/#\/schema\/logo\/image\/"},"sameAs":["https:\/\/www.facebook.com\/strassenweb\/"]},{"@type":"Person","@id":"https:\/\/www.strassenweb.de\/nachrichten\/#\/schema\/person\/87c9c9067f1211da429a744dc5a5aa41","name":"Robert Hoffmann","image":{"@type":"ImageObject","inLanguage":"de","@id":"https:\/\/www.strassenweb.de\/nachrichten\/wp-content\/uploads\/2024\/09\/strassenweb-150x150.jpg","url":"https:\/\/www.strassenweb.de\/nachrichten\/wp-content\/uploads\/2024\/09\/strassenweb-150x150.jpg","contentUrl":"https:\/\/www.strassenweb.de\/nachrichten\/wp-content\/uploads\/2024\/09\/strassenweb-150x150.jpg","caption":"Robert Hoffmann"},"description":"Ich hei\u00dfe Robert Hoffmann und ich bin ein leidenschaftlicher Verfechter von \u00d6kologie und Biodiversit\u00e4t. Seit meiner Kindheit in den W\u00e4ldern Bayerns f\u00fchle ich mich mit der Natur verbunden und bin entschlossen, sie zu sch\u00fctzen. Heute widme ich mein Leben der Sensibilisierung anderer f\u00fcr die Bedeutung des Umweltschutzes f\u00fcr zuk\u00fcnftige Generationen.","sameAs":["https:\/\/www.strassenweb.de\/"]}]}},"_links":{"self":[{"href":"https:\/\/www.strassenweb.de\/nachrichten\/wp-json\/wp\/v2\/posts\/6592","targetHints":{"allow":["GET"]}}],"collection":[{"href":"https:\/\/www.strassenweb.de\/nachrichten\/wp-json\/wp\/v2\/posts"}],"about":[{"href":"https:\/\/www.strassenweb.de\/nachrichten\/wp-json\/wp\/v2\/types\/post"}],"author":[{"embeddable":true,"href":"https:\/\/www.strassenweb.de\/nachrichten\/wp-json\/wp\/v2\/users\/1"}],"replies":[{"embeddable":true,"href":"https:\/\/www.strassenweb.de\/nachrichten\/wp-json\/wp\/v2\/comments?post=6592"}],"version-history":[{"count":0,"href":"https:\/\/www.strassenweb.de\/nachrichten\/wp-json\/wp\/v2\/posts\/6592\/revisions"}],"wp:featuredmedia":[{"embeddable":true,"href":"https:\/\/www.strassenweb.de\/nachrichten\/wp-json\/wp\/v2\/media\/6593"}],"wp:attachment":[{"href":"https:\/\/www.strassenweb.de\/nachrichten\/wp-json\/wp\/v2\/media?parent=6592"}],"wp:term":[{"taxonomy":"category","embeddable":true,"href":"https:\/\/www.strassenweb.de\/nachrichten\/wp-json\/wp\/v2\/categories?post=6592"},{"taxonomy":"post_tag","embeddable":true,"href":"https:\/\/www.strassenweb.de\/nachrichten\/wp-json\/wp\/v2\/tags?post=6592"}],"curies":[{"name":"wp","href":"https:\/\/api.w.org\/{rel}","templated":true}]}}