{"id":6580,"date":"2025-07-31T01:41:08","date_gmt":"2025-07-30T23:41:08","guid":{"rendered":"https:\/\/www.strassenweb.de\/nachrichten\/ich-bin-besessen-von-kraeutern-und-gewuerzen\/"},"modified":"2025-07-31T01:41:08","modified_gmt":"2025-07-30T23:41:08","slug":"ich-bin-besessen-von-kraeutern-und-gewuerzen","status":"publish","type":"post","link":"https:\/\/www.strassenweb.de\/nachrichten\/ich-bin-besessen-von-kraeutern-und-gewuerzen\/","title":{"rendered":"Ich bin besessen von Kr\u00e4utern und Gew\u00fcrzen"},"content":{"rendered":"<p><\/p>\n<div id=\"article-body\" class=\"article__body \">\n<p>Das Aufwachsen in einem iranischen Haushalt bedeutete viel tolles Essen und zwei gro\u00dfe K\u00fcchenschr\u00e4nke voller Kr\u00e4uter und Gew\u00fcrze. Es ist eine Besessenheit, die ich mit nur einem Haken in mein eigenes Zuhause \u00fcbernommen habe: Ich habe keinen Platz f\u00fcr meine Sammlung in meiner kleinen K\u00fcche mehr.<\/p>\n<div id=\"ad-unit-1\" class=\"ad-unit\"><\/div>\n<p>Deshalb diese <u>Haftgew\u00fcrzclips, erh\u00e4ltlich bei Amazon<\/u> Ich war ein Lebensretter, so dass ich den verschwendeten Raum innerhalb anderer Schrankt\u00fcren benutzen konnte, um meinen Kr\u00e4uteraufbewahrung zu verdoppeln.<\/p>\n<aside data-block-type=\"embed\" data-render-type=\"fte\" data-skip=\"dealsy\" data-widget-type=\"seasonal\" class=\"hawk-base\"><\/aside>\n<p>Es hat dazu beigetragen, meine Gew\u00fcrze organisiert zu halten, und ist eine g\u00fcnstige und mieterfreundliche L\u00f6sung, wenn Sie vor einem \u00e4hnlichen Mangel konfrontiert sind.<\/p>\n<div class=\"van_vid_carousel\">\n<div class=\"van_vid_carousel__padding\">\n<div class=\"van_vid_carousel__container\"><\/div>\n<\/div>\n<\/div>\n<h2 id=\"adhesive-spice-clips-doubled-my-storage-3\">Kleber -Gew\u00fcrzclips verdoppelten meine Lagerung <\/h2>\n<div class=\"product-container horizontal-product-container\">\n<div class=\"product-block-row\"><\/div>\n<\/div>\n<p>Ich mag diese, wenn sie nur ein paar Sekunden dauern. Ziehen Sie einfach den R\u00fccken auf dem Klebstreifen ab und dr\u00fccken Sie fest auf die Oberfl\u00e4che. Das war&#8217;s. Normalerweise lasse ich diese Arten von Klebstoffzusagen 24 Stunden lang eingeschaltet, bevor ich sie aufladen kann, egal ob es mein ist <u>Joseph Joseph Pan Deckelhalter<\/u>oder mein <u>Bohrfreier Badezimmer Caddy,<\/u> so dass sie fest geladen bleiben. Ich habe noch nie einen von ihnen mit dieser Methode fallen lassen.<\/p>\n<div id=\"ad-unit-2\" class=\"ad-unit\"><\/div>\n<p>Es ist ein Artikel, der als &#8222;Amazon&#8217;s Choice&#8220; gekennzeichnet ist. Dies ist ein Etikett, das Einzelh\u00e4ndler und Wiederverk\u00e4ufer nicht f\u00fcr die Verwendung auf der Website bezahlen k\u00f6nnen. Es wird nur von Amazon vergeben, wenn ein Artikel von den Kunden gut bewertet wird, in der Regel auf Lager ist und eine niedrige Rendite oder Beschwerden enth\u00e4lt. Es ist ein Label, das es wert ist, vertrauensw\u00fcrdig zu sein.<\/p>\n<p>Verifizierter K\u00e4ufer <u>Kellie <\/u>bewertete diese Gew\u00fcrzclips f\u00fcnf Sterne und bezeichnete ihre Rezension als &#8222;Was f\u00fcr eine gro\u00dfartige M\u00f6glichkeit, meine Gew\u00fcrze zu speichern.&#8220; Sie erkl\u00e4rt: \u201eDer klebrige Teil ist sehr klebrig und nach einem Jahr h\u00e4lt sich immer noch sehr gut an. Mir gef\u00e4llt, wie ich meine Gew\u00fcrze organisieren und aufbewahren kann, direkt in meiner Schrankt\u00fcr. Ich w\u00fcrde dieses Produkt auf jeden Fall wieder kaufen. &#8218;<\/p>\n<div class=\"min-h-(270px) mb-4\" id=\"viafoura-engagement-starter-wrapper\" data-component-name=\"Elk:Embed:EngagementStarter\">\n<div class=\"viafoura\">\n<vf-conversation-starter target=\"viafoura-comments\" title=\"Share your tips\" description=\"What type of spice rack or storage do you use?\" minimum-comment-count=\"5\"><br \/>\n<\/vf-conversation-starter>\n<\/div>\n<\/div>\n<p>Ich kann daf\u00fcr b\u00fcrgen, da meine seit mehr als vier Jahren in meinem unteren Kabinett in meinem unteren Kabinett steckt und immer noch stark ist.<\/p>\n<div id=\"slice-container-newsletterForm-articleInbodyContent-H6B3aJUHspyfCHnNJBFqDG\" class=\"slice-container newsletter-inbodyContent-slice newsletterForm-articleInbodyContent-H6B3aJUHspyfCHnNJBFqDG slice-container-newsletterForm\"><\/div>\n<p><u>G Kuspa<\/u> F\u00fcgt hinzu: \u201eWir haben sehr flache Schr\u00e4nke und keinen Platz f\u00fcr ein Aufenthaltsregal. Die Gew\u00fcrze nahmen viel Platz ein und waren nicht sehr organisiert. Ich habe diese gefunden und sie sind eine gute L\u00f6sung. Sie sind einfach zu installieren und die Gr\u00f6\u00dfe zu \u00e4ndern und sehr einfach zu Ihrem Platz einzubauen.<\/p>\n<p>&#8218;Bisher sehr starker Klebstoff, war ungef\u00e4hr 1 Woche. Die gr\u00f6\u00dferen Grill -Gew\u00fcrzflaschen passen nicht und kommen schlie\u00dflich aus dem Halter heraus. Die Gr\u00f6\u00dfe eines gro\u00dfen Pimentbeh\u00e4lters betr\u00e4gt ungef\u00e4hr das Maximum, den sie bew\u00e4ltigen k\u00f6nnen. War ein sehr guter Kauf. &#8218;<\/p>\n<p>Ich stimme G Kuspa zu, als wenn ich meine, Kr\u00e4uter und Gew\u00fcrze in Ordnung sind, aber schwerere Gegenst\u00e4nde wie Sauce bleiben nicht im Halter.<\/p>\n<h2 class=\"article-body__section\" id=\"section-what-to-shop\"><span>Was einkaufen<\/span><\/h2>\n<p><em>Alle Preise waren zum Zeitpunkt der Ver\u00f6ffentlichung korrekt.<\/em><\/p>\n<div class=\"product-container hero-product-container product-block-no-wrap\">\n<div class=\"product-block-row\"><\/div>\n<div class=\"product-block-row\"><\/div>\n<div class=\"product-block-row\"><\/div>\n<\/div>\n<p>Es gibt viele andere Orte, an denen Sie Gew\u00fcrze in einer kleinen K\u00fcche aufbewahren k\u00f6nnen, wenn Sie immer noch f\u00fcr den Platz knirschen. Apropos, wenn Sie oft mit einem Tsunami Kochgeschirr aus einem l\u00e4stigen oder unangenehmen und \u00fcberf\u00fcllten K\u00fcchenschrank zu tun haben, k\u00f6nnte ein abgestufter Topforganisator die L\u00f6sung f\u00fcr Sie sein.<\/p>\n<div class=\"block\" id=\"articleTag\" data-component-name=\"PostArticleLinks\">\n<div class=\"border-b border-b-black border-solid py-2.5 text-black font-bold uppercase\">Themen<\/div>\n<nav class=\"py-2.5 flex gap-2.5 flex-wrap\" data-analytics-id=\"article-tag\">\n<p>Lagerung<br \/>\n<\/nav>\n<\/div>\n<\/div>\n","protected":false},"excerpt":{"rendered":"<p>Das Aufwachsen in einem iranischen Haushalt bedeutete viel tolles Essen und zwei gro\u00dfe K\u00fcchenschr\u00e4nke voller Kr\u00e4uter und Gew\u00fcrze. Es ist eine Besessenheit, die ich mit<\/p>\n","protected":false},"author":1,"featured_media":6581,"comment_status":"closed","ping_status":"","sticky":false,"template":"","format":"standard","meta":{"footnotes":""},"categories":[118],"tags":[3371,1210,9004,129,7293,37,21],"class_list":["post-6580","post","type-post","status-publish","format-standard","has-post-thumbnail","hentry","category-haus-garten","tag-besessen","tag-bin","tag-gewuerzen","tag-ich","tag-kraeutern","tag-und","tag-von","generate-columns","tablet-grid-50","mobile-grid-100","grid-parent","grid-50"],"yoast_head":"<!-- This site is optimized with the Yoast SEO plugin v27.3 - https:\/\/yoast.com\/product\/yoast-seo-wordpress\/ -->\n<title>Ich bin besessen von Kr\u00e4utern und Gew\u00fcrzen - Nachrichten - Stra\u00dfenweb<\/title>\n<meta name=\"robots\" content=\"index, follow, max-snippet:-1, max-image-preview:large, max-video-preview:-1\" \/>\n<link rel=\"canonical\" href=\"https:\/\/www.strassenweb.de\/nachrichten\/ich-bin-besessen-von-kraeutern-und-gewuerzen\/\" \/>\n<meta property=\"og:locale\" content=\"de_DE\" \/>\n<meta property=\"og:type\" content=\"article\" \/>\n<meta property=\"og:title\" content=\"Ich bin besessen von Kr\u00e4utern und Gew\u00fcrzen - Nachrichten - Stra\u00dfenweb\" \/>\n<meta property=\"og:description\" content=\"Das Aufwachsen in einem iranischen Haushalt bedeutete viel tolles Essen und zwei gro\u00dfe K\u00fcchenschr\u00e4nke voller Kr\u00e4uter und Gew\u00fcrze. Es ist eine Besessenheit, die ich mit\" \/>\n<meta property=\"og:url\" content=\"https:\/\/www.strassenweb.de\/nachrichten\/ich-bin-besessen-von-kraeutern-und-gewuerzen\/\" \/>\n<meta property=\"og:site_name\" content=\"Stra\u00dfenweb\" \/>\n<meta property=\"article:publisher\" content=\"https:\/\/www.facebook.com\/strassenweb\/\" \/>\n<meta property=\"article:published_time\" content=\"2025-07-30T23:41:08+00:00\" \/>\n<meta property=\"og:image\" content=\"https:\/\/www.strassenweb.de\/nachrichten\/wp-content\/uploads\/2025\/07\/Ich-bin-besessen-von-Kraeutern-und-Gewuerzen.jpg\" \/>\n\t<meta property=\"og:image:width\" content=\"1600\" \/>\n\t<meta property=\"og:image:height\" content=\"900\" \/>\n\t<meta property=\"og:image:type\" content=\"image\/jpeg\" \/>\n<meta name=\"author\" content=\"Robert Hoffmann\" \/>\n<meta name=\"twitter:card\" content=\"summary_large_image\" \/>\n<meta name=\"twitter:label1\" content=\"Verfasst von\" \/>\n\t<meta name=\"twitter:data1\" content=\"Robert Hoffmann\" \/>\n\t<meta name=\"twitter:label2\" content=\"Gesch\u00e4tzte Lesezeit\" \/>\n\t<meta name=\"twitter:data2\" content=\"3\u00a0Minuten\" \/>\n<script type=\"application\/ld+json\" class=\"yoast-schema-graph\">{\"@context\":\"https:\\\/\\\/schema.org\",\"@graph\":[{\"@type\":\"Article\",\"@id\":\"https:\\\/\\\/www.strassenweb.de\\\/nachrichten\\\/ich-bin-besessen-von-kraeutern-und-gewuerzen\\\/#article\",\"isPartOf\":{\"@id\":\"https:\\\/\\\/www.strassenweb.de\\\/nachrichten\\\/ich-bin-besessen-von-kraeutern-und-gewuerzen\\\/\"},\"author\":{\"name\":\"Robert Hoffmann\",\"@id\":\"https:\\\/\\\/www.strassenweb.de\\\/nachrichten\\\/#\\\/schema\\\/person\\\/87c9c9067f1211da429a744dc5a5aa41\"},\"headline\":\"Ich bin besessen von Kr\u00e4utern und Gew\u00fcrzen\",\"datePublished\":\"2025-07-30T23:41:08+00:00\",\"mainEntityOfPage\":{\"@id\":\"https:\\\/\\\/www.strassenweb.de\\\/nachrichten\\\/ich-bin-besessen-von-kraeutern-und-gewuerzen\\\/\"},\"wordCount\":589,\"publisher\":{\"@id\":\"https:\\\/\\\/www.strassenweb.de\\\/nachrichten\\\/#organization\"},\"image\":{\"@id\":\"https:\\\/\\\/www.strassenweb.de\\\/nachrichten\\\/ich-bin-besessen-von-kraeutern-und-gewuerzen\\\/#primaryimage\"},\"thumbnailUrl\":\"https:\\\/\\\/www.strassenweb.de\\\/nachrichten\\\/wp-content\\\/uploads\\\/2025\\\/07\\\/Ich-bin-besessen-von-Kraeutern-und-Gewuerzen.jpg\",\"keywords\":[\"besessen\",\"bin\",\"Gew\u00fcrzen\",\"ich\",\"Kr\u00e4utern\",\"und\",\"von\"],\"articleSection\":[\"Haus &amp; Garten\"],\"inLanguage\":\"de\"},{\"@type\":\"WebPage\",\"@id\":\"https:\\\/\\\/www.strassenweb.de\\\/nachrichten\\\/ich-bin-besessen-von-kraeutern-und-gewuerzen\\\/\",\"url\":\"https:\\\/\\\/www.strassenweb.de\\\/nachrichten\\\/ich-bin-besessen-von-kraeutern-und-gewuerzen\\\/\",\"name\":\"Ich bin besessen von Kr\u00e4utern und Gew\u00fcrzen - Nachrichten - Stra\u00dfenweb\",\"isPartOf\":{\"@id\":\"https:\\\/\\\/www.strassenweb.de\\\/nachrichten\\\/#website\"},\"primaryImageOfPage\":{\"@id\":\"https:\\\/\\\/www.strassenweb.de\\\/nachrichten\\\/ich-bin-besessen-von-kraeutern-und-gewuerzen\\\/#primaryimage\"},\"image\":{\"@id\":\"https:\\\/\\\/www.strassenweb.de\\\/nachrichten\\\/ich-bin-besessen-von-kraeutern-und-gewuerzen\\\/#primaryimage\"},\"thumbnailUrl\":\"https:\\\/\\\/www.strassenweb.de\\\/nachrichten\\\/wp-content\\\/uploads\\\/2025\\\/07\\\/Ich-bin-besessen-von-Kraeutern-und-Gewuerzen.jpg\",\"datePublished\":\"2025-07-30T23:41:08+00:00\",\"breadcrumb\":{\"@id\":\"https:\\\/\\\/www.strassenweb.de\\\/nachrichten\\\/ich-bin-besessen-von-kraeutern-und-gewuerzen\\\/#breadcrumb\"},\"inLanguage\":\"de\",\"potentialAction\":[{\"@type\":\"ReadAction\",\"target\":[\"https:\\\/\\\/www.strassenweb.de\\\/nachrichten\\\/ich-bin-besessen-von-kraeutern-und-gewuerzen\\\/\"]}]},{\"@type\":\"ImageObject\",\"inLanguage\":\"de\",\"@id\":\"https:\\\/\\\/www.strassenweb.de\\\/nachrichten\\\/ich-bin-besessen-von-kraeutern-und-gewuerzen\\\/#primaryimage\",\"url\":\"https:\\\/\\\/www.strassenweb.de\\\/nachrichten\\\/wp-content\\\/uploads\\\/2025\\\/07\\\/Ich-bin-besessen-von-Kraeutern-und-Gewuerzen.jpg\",\"contentUrl\":\"https:\\\/\\\/www.strassenweb.de\\\/nachrichten\\\/wp-content\\\/uploads\\\/2025\\\/07\\\/Ich-bin-besessen-von-Kraeutern-und-Gewuerzen.jpg\",\"width\":1600,\"height\":900,\"caption\":\"Dark cabinet and natural materials in cottage style utility room\"},{\"@type\":\"BreadcrumbList\",\"@id\":\"https:\\\/\\\/www.strassenweb.de\\\/nachrichten\\\/ich-bin-besessen-von-kraeutern-und-gewuerzen\\\/#breadcrumb\",\"itemListElement\":[{\"@type\":\"ListItem\",\"position\":1,\"name\":\"Home\",\"item\":\"https:\\\/\\\/www.strassenweb.de\\\/nachrichten\\\/\"},{\"@type\":\"ListItem\",\"position\":2,\"name\":\"Ich bin besessen von Kr\u00e4utern und Gew\u00fcrzen\"}]},{\"@type\":\"WebSite\",\"@id\":\"https:\\\/\\\/www.strassenweb.de\\\/nachrichten\\\/#website\",\"url\":\"https:\\\/\\\/www.strassenweb.de\\\/nachrichten\\\/\",\"name\":\"Stra\u00dfenweb\",\"description\":\"Stra\u00dfenverzeichnis f\u00fcr Deutschland\",\"publisher\":{\"@id\":\"https:\\\/\\\/www.strassenweb.de\\\/nachrichten\\\/#organization\"},\"potentialAction\":[{\"@type\":\"SearchAction\",\"target\":{\"@type\":\"EntryPoint\",\"urlTemplate\":\"https:\\\/\\\/www.strassenweb.de\\\/nachrichten\\\/?s={search_term_string}\"},\"query-input\":{\"@type\":\"PropertyValueSpecification\",\"valueRequired\":true,\"valueName\":\"search_term_string\"}}],\"inLanguage\":\"de\"},{\"@type\":\"Organization\",\"@id\":\"https:\\\/\\\/www.strassenweb.de\\\/nachrichten\\\/#organization\",\"name\":\"Stra\u00dfenweb\",\"url\":\"https:\\\/\\\/www.strassenweb.de\\\/nachrichten\\\/\",\"logo\":{\"@type\":\"ImageObject\",\"inLanguage\":\"de\",\"@id\":\"https:\\\/\\\/www.strassenweb.de\\\/nachrichten\\\/#\\\/schema\\\/logo\\\/image\\\/\",\"url\":\"https:\\\/\\\/www.strassenweb.de\\\/nachrichten\\\/wp-content\\\/uploads\\\/2024\\\/09\\\/cropped-favicon.png\",\"contentUrl\":\"https:\\\/\\\/www.strassenweb.de\\\/nachrichten\\\/wp-content\\\/uploads\\\/2024\\\/09\\\/cropped-favicon.png\",\"width\":512,\"height\":512,\"caption\":\"Stra\u00dfenweb\"},\"image\":{\"@id\":\"https:\\\/\\\/www.strassenweb.de\\\/nachrichten\\\/#\\\/schema\\\/logo\\\/image\\\/\"},\"sameAs\":[\"https:\\\/\\\/www.facebook.com\\\/strassenweb\\\/\"]},{\"@type\":\"Person\",\"@id\":\"https:\\\/\\\/www.strassenweb.de\\\/nachrichten\\\/#\\\/schema\\\/person\\\/87c9c9067f1211da429a744dc5a5aa41\",\"name\":\"Robert Hoffmann\",\"image\":{\"@type\":\"ImageObject\",\"inLanguage\":\"de\",\"@id\":\"https:\\\/\\\/www.strassenweb.de\\\/nachrichten\\\/wp-content\\\/uploads\\\/2024\\\/09\\\/strassenweb-150x150.jpg\",\"url\":\"https:\\\/\\\/www.strassenweb.de\\\/nachrichten\\\/wp-content\\\/uploads\\\/2024\\\/09\\\/strassenweb-150x150.jpg\",\"contentUrl\":\"https:\\\/\\\/www.strassenweb.de\\\/nachrichten\\\/wp-content\\\/uploads\\\/2024\\\/09\\\/strassenweb-150x150.jpg\",\"caption\":\"Robert Hoffmann\"},\"description\":\"Ich hei\u00dfe Robert Hoffmann und ich bin ein leidenschaftlicher Verfechter von \u00d6kologie und Biodiversit\u00e4t. Seit meiner Kindheit in den W\u00e4ldern Bayerns f\u00fchle ich mich mit der Natur verbunden und bin entschlossen, sie zu sch\u00fctzen. Heute widme ich mein Leben der Sensibilisierung anderer f\u00fcr die Bedeutung des Umweltschutzes f\u00fcr zuk\u00fcnftige Generationen.\",\"sameAs\":[\"https:\\\/\\\/www.strassenweb.de\\\/\"]}]}<\/script>\n<!-- \/ Yoast SEO plugin. -->","yoast_head_json":{"title":"Ich bin besessen von Kr\u00e4utern und Gew\u00fcrzen - Nachrichten - Stra\u00dfenweb","robots":{"index":"index","follow":"follow","max-snippet":"max-snippet:-1","max-image-preview":"max-image-preview:large","max-video-preview":"max-video-preview:-1"},"canonical":"https:\/\/www.strassenweb.de\/nachrichten\/ich-bin-besessen-von-kraeutern-und-gewuerzen\/","og_locale":"de_DE","og_type":"article","og_title":"Ich bin besessen von Kr\u00e4utern und Gew\u00fcrzen - Nachrichten - Stra\u00dfenweb","og_description":"Das Aufwachsen in einem iranischen Haushalt bedeutete viel tolles Essen und zwei gro\u00dfe K\u00fcchenschr\u00e4nke voller Kr\u00e4uter und Gew\u00fcrze. Es ist eine Besessenheit, die ich mit","og_url":"https:\/\/www.strassenweb.de\/nachrichten\/ich-bin-besessen-von-kraeutern-und-gewuerzen\/","og_site_name":"Stra\u00dfenweb","article_publisher":"https:\/\/www.facebook.com\/strassenweb\/","article_published_time":"2025-07-30T23:41:08+00:00","og_image":[{"width":1600,"height":900,"url":"https:\/\/www.strassenweb.de\/nachrichten\/wp-content\/uploads\/2025\/07\/Ich-bin-besessen-von-Kraeutern-und-Gewuerzen.jpg","type":"image\/jpeg"}],"author":"Robert Hoffmann","twitter_card":"summary_large_image","twitter_misc":{"Verfasst von":"Robert Hoffmann","Gesch\u00e4tzte Lesezeit":"3\u00a0Minuten"},"schema":{"@context":"https:\/\/schema.org","@graph":[{"@type":"Article","@id":"https:\/\/www.strassenweb.de\/nachrichten\/ich-bin-besessen-von-kraeutern-und-gewuerzen\/#article","isPartOf":{"@id":"https:\/\/www.strassenweb.de\/nachrichten\/ich-bin-besessen-von-kraeutern-und-gewuerzen\/"},"author":{"name":"Robert Hoffmann","@id":"https:\/\/www.strassenweb.de\/nachrichten\/#\/schema\/person\/87c9c9067f1211da429a744dc5a5aa41"},"headline":"Ich bin besessen von Kr\u00e4utern und Gew\u00fcrzen","datePublished":"2025-07-30T23:41:08+00:00","mainEntityOfPage":{"@id":"https:\/\/www.strassenweb.de\/nachrichten\/ich-bin-besessen-von-kraeutern-und-gewuerzen\/"},"wordCount":589,"publisher":{"@id":"https:\/\/www.strassenweb.de\/nachrichten\/#organization"},"image":{"@id":"https:\/\/www.strassenweb.de\/nachrichten\/ich-bin-besessen-von-kraeutern-und-gewuerzen\/#primaryimage"},"thumbnailUrl":"https:\/\/www.strassenweb.de\/nachrichten\/wp-content\/uploads\/2025\/07\/Ich-bin-besessen-von-Kraeutern-und-Gewuerzen.jpg","keywords":["besessen","bin","Gew\u00fcrzen","ich","Kr\u00e4utern","und","von"],"articleSection":["Haus &amp; Garten"],"inLanguage":"de"},{"@type":"WebPage","@id":"https:\/\/www.strassenweb.de\/nachrichten\/ich-bin-besessen-von-kraeutern-und-gewuerzen\/","url":"https:\/\/www.strassenweb.de\/nachrichten\/ich-bin-besessen-von-kraeutern-und-gewuerzen\/","name":"Ich bin besessen von Kr\u00e4utern und Gew\u00fcrzen - Nachrichten - Stra\u00dfenweb","isPartOf":{"@id":"https:\/\/www.strassenweb.de\/nachrichten\/#website"},"primaryImageOfPage":{"@id":"https:\/\/www.strassenweb.de\/nachrichten\/ich-bin-besessen-von-kraeutern-und-gewuerzen\/#primaryimage"},"image":{"@id":"https:\/\/www.strassenweb.de\/nachrichten\/ich-bin-besessen-von-kraeutern-und-gewuerzen\/#primaryimage"},"thumbnailUrl":"https:\/\/www.strassenweb.de\/nachrichten\/wp-content\/uploads\/2025\/07\/Ich-bin-besessen-von-Kraeutern-und-Gewuerzen.jpg","datePublished":"2025-07-30T23:41:08+00:00","breadcrumb":{"@id":"https:\/\/www.strassenweb.de\/nachrichten\/ich-bin-besessen-von-kraeutern-und-gewuerzen\/#breadcrumb"},"inLanguage":"de","potentialAction":[{"@type":"ReadAction","target":["https:\/\/www.strassenweb.de\/nachrichten\/ich-bin-besessen-von-kraeutern-und-gewuerzen\/"]}]},{"@type":"ImageObject","inLanguage":"de","@id":"https:\/\/www.strassenweb.de\/nachrichten\/ich-bin-besessen-von-kraeutern-und-gewuerzen\/#primaryimage","url":"https:\/\/www.strassenweb.de\/nachrichten\/wp-content\/uploads\/2025\/07\/Ich-bin-besessen-von-Kraeutern-und-Gewuerzen.jpg","contentUrl":"https:\/\/www.strassenweb.de\/nachrichten\/wp-content\/uploads\/2025\/07\/Ich-bin-besessen-von-Kraeutern-und-Gewuerzen.jpg","width":1600,"height":900,"caption":"Dark cabinet and natural materials in cottage style utility room"},{"@type":"BreadcrumbList","@id":"https:\/\/www.strassenweb.de\/nachrichten\/ich-bin-besessen-von-kraeutern-und-gewuerzen\/#breadcrumb","itemListElement":[{"@type":"ListItem","position":1,"name":"Home","item":"https:\/\/www.strassenweb.de\/nachrichten\/"},{"@type":"ListItem","position":2,"name":"Ich bin besessen von Kr\u00e4utern und Gew\u00fcrzen"}]},{"@type":"WebSite","@id":"https:\/\/www.strassenweb.de\/nachrichten\/#website","url":"https:\/\/www.strassenweb.de\/nachrichten\/","name":"Stra\u00dfenweb","description":"Stra\u00dfenverzeichnis f\u00fcr Deutschland","publisher":{"@id":"https:\/\/www.strassenweb.de\/nachrichten\/#organization"},"potentialAction":[{"@type":"SearchAction","target":{"@type":"EntryPoint","urlTemplate":"https:\/\/www.strassenweb.de\/nachrichten\/?s={search_term_string}"},"query-input":{"@type":"PropertyValueSpecification","valueRequired":true,"valueName":"search_term_string"}}],"inLanguage":"de"},{"@type":"Organization","@id":"https:\/\/www.strassenweb.de\/nachrichten\/#organization","name":"Stra\u00dfenweb","url":"https:\/\/www.strassenweb.de\/nachrichten\/","logo":{"@type":"ImageObject","inLanguage":"de","@id":"https:\/\/www.strassenweb.de\/nachrichten\/#\/schema\/logo\/image\/","url":"https:\/\/www.strassenweb.de\/nachrichten\/wp-content\/uploads\/2024\/09\/cropped-favicon.png","contentUrl":"https:\/\/www.strassenweb.de\/nachrichten\/wp-content\/uploads\/2024\/09\/cropped-favicon.png","width":512,"height":512,"caption":"Stra\u00dfenweb"},"image":{"@id":"https:\/\/www.strassenweb.de\/nachrichten\/#\/schema\/logo\/image\/"},"sameAs":["https:\/\/www.facebook.com\/strassenweb\/"]},{"@type":"Person","@id":"https:\/\/www.strassenweb.de\/nachrichten\/#\/schema\/person\/87c9c9067f1211da429a744dc5a5aa41","name":"Robert Hoffmann","image":{"@type":"ImageObject","inLanguage":"de","@id":"https:\/\/www.strassenweb.de\/nachrichten\/wp-content\/uploads\/2024\/09\/strassenweb-150x150.jpg","url":"https:\/\/www.strassenweb.de\/nachrichten\/wp-content\/uploads\/2024\/09\/strassenweb-150x150.jpg","contentUrl":"https:\/\/www.strassenweb.de\/nachrichten\/wp-content\/uploads\/2024\/09\/strassenweb-150x150.jpg","caption":"Robert Hoffmann"},"description":"Ich hei\u00dfe Robert Hoffmann und ich bin ein leidenschaftlicher Verfechter von \u00d6kologie und Biodiversit\u00e4t. Seit meiner Kindheit in den W\u00e4ldern Bayerns f\u00fchle ich mich mit der Natur verbunden und bin entschlossen, sie zu sch\u00fctzen. Heute widme ich mein Leben der Sensibilisierung anderer f\u00fcr die Bedeutung des Umweltschutzes f\u00fcr zuk\u00fcnftige Generationen.","sameAs":["https:\/\/www.strassenweb.de\/"]}]}},"_links":{"self":[{"href":"https:\/\/www.strassenweb.de\/nachrichten\/wp-json\/wp\/v2\/posts\/6580","targetHints":{"allow":["GET"]}}],"collection":[{"href":"https:\/\/www.strassenweb.de\/nachrichten\/wp-json\/wp\/v2\/posts"}],"about":[{"href":"https:\/\/www.strassenweb.de\/nachrichten\/wp-json\/wp\/v2\/types\/post"}],"author":[{"embeddable":true,"href":"https:\/\/www.strassenweb.de\/nachrichten\/wp-json\/wp\/v2\/users\/1"}],"replies":[{"embeddable":true,"href":"https:\/\/www.strassenweb.de\/nachrichten\/wp-json\/wp\/v2\/comments?post=6580"}],"version-history":[{"count":0,"href":"https:\/\/www.strassenweb.de\/nachrichten\/wp-json\/wp\/v2\/posts\/6580\/revisions"}],"wp:featuredmedia":[{"embeddable":true,"href":"https:\/\/www.strassenweb.de\/nachrichten\/wp-json\/wp\/v2\/media\/6581"}],"wp:attachment":[{"href":"https:\/\/www.strassenweb.de\/nachrichten\/wp-json\/wp\/v2\/media?parent=6580"}],"wp:term":[{"taxonomy":"category","embeddable":true,"href":"https:\/\/www.strassenweb.de\/nachrichten\/wp-json\/wp\/v2\/categories?post=6580"},{"taxonomy":"post_tag","embeddable":true,"href":"https:\/\/www.strassenweb.de\/nachrichten\/wp-json\/wp\/v2\/tags?post=6580"}],"curies":[{"name":"wp","href":"https:\/\/api.w.org\/{rel}","templated":true}]}}