{"id":6571,"date":"2025-07-30T16:45:40","date_gmt":"2025-07-30T14:45:40","guid":{"rendered":"https:\/\/www.strassenweb.de\/nachrichten\/ich-mochte-die-buntglasfenster-in-meinem-kindheit-zu-hause-und-dieser-einfache-lichthack-hat-das-weiche-farbenfrohe-leuchten-in-meiner-eigenen-wohnung-nachgebildet\/"},"modified":"2025-07-30T16:45:41","modified_gmt":"2025-07-30T14:45:41","slug":"ich-mochte-die-buntglasfenster-in-meinem-kindheit-zu-hause-und-dieser-einfache-lichthack-hat-das-weiche-farbenfrohe-leuchten-in-meiner-eigenen-wohnung-nachgebildet","status":"publish","type":"post","link":"https:\/\/www.strassenweb.de\/nachrichten\/ich-mochte-die-buntglasfenster-in-meinem-kindheit-zu-hause-und-dieser-einfache-lichthack-hat-das-weiche-farbenfrohe-leuchten-in-meiner-eigenen-wohnung-nachgebildet\/","title":{"rendered":"Ich mochte die Buntglasfenster in meinem Kindheit zu Hause-und dieser einfache Lichthack hat das weiche, farbenfrohe Leuchten in meiner eigenen Wohnung nachgebildet"},"content":{"rendered":"<p><\/p>\n<div id=\"article-body\" class=\"article__body \">\n<p>Als ich aufwuchs, war eines meiner Lieblingsmerkmale meines Kindeshaushauses das Buntglas-Querfenster, das in unserer K\u00fcche hing. An einem sonnigen Nachmittag traf das Licht jede Panel <em>genau richtig<\/em> &#8211; Diffuse ein Mosaik aus farbigem Licht auf die Schr\u00e4nke und \u00fcber den Boden. Es war eine Erinnerung, ich dachte, ich h\u00e4tte es vergessen, bis ich auf einem Instagram -Video auf diese Buntglas -Gl\u00fchbirnen von Amazon stie\u00df, die das gleiche warme und tr\u00f6stende Gl\u00fchen mit nur dem Schalterfilm ausstrahlen. Dieser bunte Schein lie\u00df mich sofort so nostalgisch f\u00fchlen.<\/p>\n<div id=\"ad-unit-1\" class=\"ad-unit\"><\/div>\n<p>In einer Vielzahl verschiedener Farben handeln diese Gl\u00fchbirnen ein weiches, umgebendes und farbenfrohes Leuchten, wenn sie zu einer kompatiblen Leuchten hinzugef\u00fcgt werden. Und genau wie das Fenster in der K\u00fcche meines alten Hauses k\u00f6nnen diese Lampen einen Raum mit ihren schillernden Farben verwandeln. Sie sind jedoch eine einfache Installation und Sie m\u00fcssen nicht darauf warten, dass die Nachmittagssonne ihre Magie erlebt. F\u00fcgen Sie sie einfach zu einer Lampe Ihrer Wahl hinzu, und diese Lampen k\u00f6nnen Ihr Zimmer sofort mit einer farbenfrohen Lichtshow dekorieren, zu jeder Tageszeit.<\/p>\n<aside data-block-type=\"embed\" data-render-type=\"fte\" data-skip=\"dealsy\" data-widget-type=\"seasonal\" class=\"hawk-base\"><\/aside>\n<p>Und f\u00fcr weniger als 25 US -Dollar betrachten Sie diese Buntglas -Lampen als transformative Beleuchtungsidee, von der Sie nicht wussten, dass Sie es brauchten.<\/p>\n<div class=\"van_vid_carousel\">\n<div class=\"van_vid_carousel__padding\">\n<div class=\"van_vid_carousel__container\"><\/div>\n<\/div>\n<\/div>\n<div class=\"instagram-embed\">\n<blockquote class=\"instagram-media\" data-instgrm-captioned data-instgrm-version=\"6\" style=\"width:99.375%; width:-webkit-calc(100% - 2px); width:calc(100% - 2px);\">\n<p>Ein Beitrag, der von Liz \u25e1\u0308 (@thebekid) geteilt wird<\/p>\n<p>Ein Foto von on <\/p>\n<\/blockquote>\n<\/div>\n<div class=\"product-container horizontal-product-container\">\n<div class=\"product-block-row\"><\/div>\n<\/div>\n<p>Da diese Gl\u00fchbirnen in einer A19 -Form und mit einer E26 -Basis hergestellt werden, sind sie mit den meisten Lampen kompatibel &#8211; tauschen Sie einfach eine normale wei\u00dfe Gl\u00fchbirne f\u00fcr eine davon aus und lassen Sie ihre Farbe Ihren Raum dekorieren.<\/p>\n<div id=\"ad-unit-2\" class=\"ad-unit\"><\/div>\n<p>Mit \u00fcber 300 Bewertungen und einem Rang von 4,6 von 5 Sternen lieben fr\u00fchere K\u00e4ufer, was diese Buntglas -Gl\u00fchbirnen zu bieten haben. Einige erw\u00e4hnen den skurrilen Charme, den sie in den Raum erweitern k\u00f6nnen, und ein anderer sagte sogar, dass ihre Lichtleistung sie an die Sch\u00f6nheit der Nordlichter erinnert.<\/p>\n<p>&#8222;Diese Glasmalerei ist atemberaubend &#8211; auch ohne reflektierende oder Glasfixierungen um sie herum sieht sie f\u00fcr sich immer noch wundersch\u00f6n aus&#8220;, sagte ein anderer Rezensent. \u201eEs gibt eine funkige, warme Atmosph\u00e4re ab, die dem Raum so viel Charakter verleiht. Eine perfekte Mischung aus Kunst und Licht! Es ist ein gro\u00dfer Wert, besonders f\u00fcr die Kommen mit zwei Gl\u00fchbirnen. &#8218;<\/p>\n<p>Diese stilvollen Gl\u00fchbirnen sind vielleicht der einfachste Weg, um Ihr Zuhause einladender zu machen, aber Sie ben\u00f6tigen die richtige Lampenbasis, um ihnen wirklich zu leuchten. Ich denke, dieser Look k\u00f6nnte entweder mit einer wirklich verzierten Vintage -Leuchte funktionieren oder mit einem einfachen Design kombiniert, sodass die farbenfrohen Lichter im Fokus stehen.<\/p>\n<div class=\"product-container hero-product-container product-block-no-wrap\">\n<div class=\"product-block-row\"><\/div>\n<div class=\"product-block-row\"><\/div>\n<div class=\"product-block-row\"><\/div>\n<\/div>\n<p>Diese Buntglas -Gl\u00fchbirnen sind klug, erschwinglich und ein einfacher Tausch, um mehr Farbe in Ihre Innenr\u00e4ume einzuladen. Mit einer lebendigen Ausstrahlung, die die Auswirkungen eines Buntglasfensters nachahmt, haben diese Gl\u00fchbirnen einen traditionellen Charme und eine beruhigende Eleganz von Natur aus. Bringen Sie Buntglas -Gl\u00fchbirnen in Ihr Zuhause, um ihre transformativen Eigenschaften zu erleben.<\/p>\n<\/div>\n<p><script async src=\"\/\/www.instagram.com\/embed.js\"><\/script><\/p>\n","protected":false},"excerpt":{"rendered":"<p>Als ich aufwuchs, war eines meiner Lieblingsmerkmale meines Kindeshaushauses das Buntglas-Querfenster, das in unserer K\u00fcche hing. An einem sonnigen Nachmittag traf das Licht jede Panel<\/p>\n","protected":false},"author":1,"featured_media":6572,"comment_status":"closed","ping_status":"","sticky":false,"template":"","format":"standard","meta":{"footnotes":""},"categories":[118],"tags":[8992,112,9,1554,1703,1224,6432,189,8994,129,8993,6956,8995,1860,1666,7284,8996,8982,1125],"class_list":["post-6571","post","type-post","status-publish","format-standard","has-post-thumbnail","hentry","category-haus-garten","tag-buntglasfenster","tag-das","tag-die","tag-dieser","tag-eigenen","tag-einfache","tag-farbenfrohe","tag-hat","tag-hauseund","tag-ich","tag-kindheit","tag-leuchten","tag-lichthack","tag-meinem","tag-meiner","tag-moechte","tag-nachgebildet","tag-weiche","tag-wohnung","generate-columns","tablet-grid-50","mobile-grid-100","grid-parent","grid-50"],"yoast_head":"<!-- This site is optimized with the Yoast SEO plugin v27.3 - https:\/\/yoast.com\/product\/yoast-seo-wordpress\/ -->\n<title>Ich mochte die Buntglasfenster in meinem Kindheit zu Hause-und dieser einfache Lichthack hat das weiche, farbenfrohe Leuchten in meiner eigenen Wohnung nachgebildet - Nachrichten - Stra\u00dfenweb<\/title>\n<meta name=\"robots\" content=\"index, follow, max-snippet:-1, max-image-preview:large, max-video-preview:-1\" \/>\n<link rel=\"canonical\" href=\"https:\/\/www.strassenweb.de\/nachrichten\/ich-mochte-die-buntglasfenster-in-meinem-kindheit-zu-hause-und-dieser-einfache-lichthack-hat-das-weiche-farbenfrohe-leuchten-in-meiner-eigenen-wohnung-nachgebildet\/\" \/>\n<meta property=\"og:locale\" content=\"de_DE\" \/>\n<meta property=\"og:type\" content=\"article\" \/>\n<meta property=\"og:title\" content=\"Ich mochte die Buntglasfenster in meinem Kindheit zu Hause-und dieser einfache Lichthack hat das weiche, farbenfrohe Leuchten in meiner eigenen Wohnung nachgebildet - Nachrichten - Stra\u00dfenweb\" \/>\n<meta property=\"og:description\" content=\"Als ich aufwuchs, war eines meiner Lieblingsmerkmale meines Kindeshaushauses das Buntglas-Querfenster, das in unserer K\u00fcche hing. An einem sonnigen Nachmittag traf das Licht jede Panel\" \/>\n<meta property=\"og:url\" content=\"https:\/\/www.strassenweb.de\/nachrichten\/ich-mochte-die-buntglasfenster-in-meinem-kindheit-zu-hause-und-dieser-einfache-lichthack-hat-das-weiche-farbenfrohe-leuchten-in-meiner-eigenen-wohnung-nachgebildet\/\" \/>\n<meta property=\"og:site_name\" content=\"Stra\u00dfenweb\" \/>\n<meta property=\"article:publisher\" content=\"https:\/\/www.facebook.com\/strassenweb\/\" \/>\n<meta property=\"article:published_time\" content=\"2025-07-30T14:45:40+00:00\" \/>\n<meta property=\"article:modified_time\" content=\"2025-07-30T14:45:41+00:00\" \/>\n<meta property=\"og:image\" content=\"https:\/\/www.strassenweb.de\/nachrichten\/wp-content\/uploads\/2025\/07\/Ich-mochte-die-Buntglasfenster-in-meinem-Kindheit-zu-Hause-und-dieser.jpg\" \/>\n\t<meta property=\"og:image:width\" content=\"1600\" \/>\n\t<meta property=\"og:image:height\" content=\"900\" \/>\n\t<meta property=\"og:image:type\" content=\"image\/jpeg\" \/>\n<meta name=\"author\" content=\"Robert Hoffmann\" \/>\n<meta name=\"twitter:card\" content=\"summary_large_image\" \/>\n<meta name=\"twitter:label1\" content=\"Verfasst von\" \/>\n\t<meta name=\"twitter:data1\" content=\"Robert Hoffmann\" \/>\n\t<meta name=\"twitter:label2\" content=\"Gesch\u00e4tzte Lesezeit\" \/>\n\t<meta name=\"twitter:data2\" content=\"2\u00a0Minuten\" \/>\n<script type=\"application\/ld+json\" class=\"yoast-schema-graph\">{\"@context\":\"https:\\\/\\\/schema.org\",\"@graph\":[{\"@type\":\"Article\",\"@id\":\"https:\\\/\\\/www.strassenweb.de\\\/nachrichten\\\/ich-mochte-die-buntglasfenster-in-meinem-kindheit-zu-hause-und-dieser-einfache-lichthack-hat-das-weiche-farbenfrohe-leuchten-in-meiner-eigenen-wohnung-nachgebildet\\\/#article\",\"isPartOf\":{\"@id\":\"https:\\\/\\\/www.strassenweb.de\\\/nachrichten\\\/ich-mochte-die-buntglasfenster-in-meinem-kindheit-zu-hause-und-dieser-einfache-lichthack-hat-das-weiche-farbenfrohe-leuchten-in-meiner-eigenen-wohnung-nachgebildet\\\/\"},\"author\":{\"name\":\"Robert Hoffmann\",\"@id\":\"https:\\\/\\\/www.strassenweb.de\\\/nachrichten\\\/#\\\/schema\\\/person\\\/87c9c9067f1211da429a744dc5a5aa41\"},\"headline\":\"Ich mochte die Buntglasfenster in meinem Kindheit zu Hause-und dieser einfache Lichthack hat das weiche, farbenfrohe Leuchten in meiner eigenen Wohnung nachgebildet\",\"datePublished\":\"2025-07-30T14:45:40+00:00\",\"dateModified\":\"2025-07-30T14:45:41+00:00\",\"mainEntityOfPage\":{\"@id\":\"https:\\\/\\\/www.strassenweb.de\\\/nachrichten\\\/ich-mochte-die-buntglasfenster-in-meinem-kindheit-zu-hause-und-dieser-einfache-lichthack-hat-das-weiche-farbenfrohe-leuchten-in-meiner-eigenen-wohnung-nachgebildet\\\/\"},\"wordCount\":515,\"publisher\":{\"@id\":\"https:\\\/\\\/www.strassenweb.de\\\/nachrichten\\\/#organization\"},\"image\":{\"@id\":\"https:\\\/\\\/www.strassenweb.de\\\/nachrichten\\\/ich-mochte-die-buntglasfenster-in-meinem-kindheit-zu-hause-und-dieser-einfache-lichthack-hat-das-weiche-farbenfrohe-leuchten-in-meiner-eigenen-wohnung-nachgebildet\\\/#primaryimage\"},\"thumbnailUrl\":\"https:\\\/\\\/www.strassenweb.de\\\/nachrichten\\\/wp-content\\\/uploads\\\/2025\\\/07\\\/Ich-mochte-die-Buntglasfenster-in-meinem-Kindheit-zu-Hause-und-dieser.jpg\",\"keywords\":[\"Buntglasfenster\",\"das\",\"die\",\"dieser\",\"eigenen\",\"einfache\",\"farbenfrohe\",\"hat\",\"Hauseund\",\"ich\",\"Kindheit\",\"leuchten\",\"Lichthack\",\"meinem\",\"meiner\",\"m\u00f6chte\",\"nachgebildet\",\"weiche\",\"Wohnung\"],\"articleSection\":[\"Haus &amp; Garten\"],\"inLanguage\":\"de\"},{\"@type\":\"WebPage\",\"@id\":\"https:\\\/\\\/www.strassenweb.de\\\/nachrichten\\\/ich-mochte-die-buntglasfenster-in-meinem-kindheit-zu-hause-und-dieser-einfache-lichthack-hat-das-weiche-farbenfrohe-leuchten-in-meiner-eigenen-wohnung-nachgebildet\\\/\",\"url\":\"https:\\\/\\\/www.strassenweb.de\\\/nachrichten\\\/ich-mochte-die-buntglasfenster-in-meinem-kindheit-zu-hause-und-dieser-einfache-lichthack-hat-das-weiche-farbenfrohe-leuchten-in-meiner-eigenen-wohnung-nachgebildet\\\/\",\"name\":\"Ich mochte die Buntglasfenster in meinem Kindheit zu Hause-und dieser einfache Lichthack hat das weiche, farbenfrohe Leuchten in meiner eigenen Wohnung nachgebildet - Nachrichten - Stra\u00dfenweb\",\"isPartOf\":{\"@id\":\"https:\\\/\\\/www.strassenweb.de\\\/nachrichten\\\/#website\"},\"primaryImageOfPage\":{\"@id\":\"https:\\\/\\\/www.strassenweb.de\\\/nachrichten\\\/ich-mochte-die-buntglasfenster-in-meinem-kindheit-zu-hause-und-dieser-einfache-lichthack-hat-das-weiche-farbenfrohe-leuchten-in-meiner-eigenen-wohnung-nachgebildet\\\/#primaryimage\"},\"image\":{\"@id\":\"https:\\\/\\\/www.strassenweb.de\\\/nachrichten\\\/ich-mochte-die-buntglasfenster-in-meinem-kindheit-zu-hause-und-dieser-einfache-lichthack-hat-das-weiche-farbenfrohe-leuchten-in-meiner-eigenen-wohnung-nachgebildet\\\/#primaryimage\"},\"thumbnailUrl\":\"https:\\\/\\\/www.strassenweb.de\\\/nachrichten\\\/wp-content\\\/uploads\\\/2025\\\/07\\\/Ich-mochte-die-Buntglasfenster-in-meinem-Kindheit-zu-Hause-und-dieser.jpg\",\"datePublished\":\"2025-07-30T14:45:40+00:00\",\"dateModified\":\"2025-07-30T14:45:41+00:00\",\"breadcrumb\":{\"@id\":\"https:\\\/\\\/www.strassenweb.de\\\/nachrichten\\\/ich-mochte-die-buntglasfenster-in-meinem-kindheit-zu-hause-und-dieser-einfache-lichthack-hat-das-weiche-farbenfrohe-leuchten-in-meiner-eigenen-wohnung-nachgebildet\\\/#breadcrumb\"},\"inLanguage\":\"de\",\"potentialAction\":[{\"@type\":\"ReadAction\",\"target\":[\"https:\\\/\\\/www.strassenweb.de\\\/nachrichten\\\/ich-mochte-die-buntglasfenster-in-meinem-kindheit-zu-hause-und-dieser-einfache-lichthack-hat-das-weiche-farbenfrohe-leuchten-in-meiner-eigenen-wohnung-nachgebildet\\\/\"]}]},{\"@type\":\"ImageObject\",\"inLanguage\":\"de\",\"@id\":\"https:\\\/\\\/www.strassenweb.de\\\/nachrichten\\\/ich-mochte-die-buntglasfenster-in-meinem-kindheit-zu-hause-und-dieser-einfache-lichthack-hat-das-weiche-farbenfrohe-leuchten-in-meiner-eigenen-wohnung-nachgebildet\\\/#primaryimage\",\"url\":\"https:\\\/\\\/www.strassenweb.de\\\/nachrichten\\\/wp-content\\\/uploads\\\/2025\\\/07\\\/Ich-mochte-die-Buntglasfenster-in-meinem-Kindheit-zu-Hause-und-dieser.jpg\",\"contentUrl\":\"https:\\\/\\\/www.strassenweb.de\\\/nachrichten\\\/wp-content\\\/uploads\\\/2025\\\/07\\\/Ich-mochte-die-Buntglasfenster-in-meinem-Kindheit-zu-Hause-und-dieser.jpg\",\"width\":1600,\"height\":900,\"caption\":\"Hard wood floor, mustard front door and stained glass windows in entryway\"},{\"@type\":\"BreadcrumbList\",\"@id\":\"https:\\\/\\\/www.strassenweb.de\\\/nachrichten\\\/ich-mochte-die-buntglasfenster-in-meinem-kindheit-zu-hause-und-dieser-einfache-lichthack-hat-das-weiche-farbenfrohe-leuchten-in-meiner-eigenen-wohnung-nachgebildet\\\/#breadcrumb\",\"itemListElement\":[{\"@type\":\"ListItem\",\"position\":1,\"name\":\"Home\",\"item\":\"https:\\\/\\\/www.strassenweb.de\\\/nachrichten\\\/\"},{\"@type\":\"ListItem\",\"position\":2,\"name\":\"Ich mochte die Buntglasfenster in meinem Kindheit zu Hause-und dieser einfache Lichthack hat das weiche, farbenfrohe Leuchten in meiner eigenen Wohnung nachgebildet\"}]},{\"@type\":\"WebSite\",\"@id\":\"https:\\\/\\\/www.strassenweb.de\\\/nachrichten\\\/#website\",\"url\":\"https:\\\/\\\/www.strassenweb.de\\\/nachrichten\\\/\",\"name\":\"Stra\u00dfenweb\",\"description\":\"Stra\u00dfenverzeichnis f\u00fcr Deutschland\",\"publisher\":{\"@id\":\"https:\\\/\\\/www.strassenweb.de\\\/nachrichten\\\/#organization\"},\"potentialAction\":[{\"@type\":\"SearchAction\",\"target\":{\"@type\":\"EntryPoint\",\"urlTemplate\":\"https:\\\/\\\/www.strassenweb.de\\\/nachrichten\\\/?s={search_term_string}\"},\"query-input\":{\"@type\":\"PropertyValueSpecification\",\"valueRequired\":true,\"valueName\":\"search_term_string\"}}],\"inLanguage\":\"de\"},{\"@type\":\"Organization\",\"@id\":\"https:\\\/\\\/www.strassenweb.de\\\/nachrichten\\\/#organization\",\"name\":\"Stra\u00dfenweb\",\"url\":\"https:\\\/\\\/www.strassenweb.de\\\/nachrichten\\\/\",\"logo\":{\"@type\":\"ImageObject\",\"inLanguage\":\"de\",\"@id\":\"https:\\\/\\\/www.strassenweb.de\\\/nachrichten\\\/#\\\/schema\\\/logo\\\/image\\\/\",\"url\":\"https:\\\/\\\/www.strassenweb.de\\\/nachrichten\\\/wp-content\\\/uploads\\\/2024\\\/09\\\/cropped-favicon.png\",\"contentUrl\":\"https:\\\/\\\/www.strassenweb.de\\\/nachrichten\\\/wp-content\\\/uploads\\\/2024\\\/09\\\/cropped-favicon.png\",\"width\":512,\"height\":512,\"caption\":\"Stra\u00dfenweb\"},\"image\":{\"@id\":\"https:\\\/\\\/www.strassenweb.de\\\/nachrichten\\\/#\\\/schema\\\/logo\\\/image\\\/\"},\"sameAs\":[\"https:\\\/\\\/www.facebook.com\\\/strassenweb\\\/\"]},{\"@type\":\"Person\",\"@id\":\"https:\\\/\\\/www.strassenweb.de\\\/nachrichten\\\/#\\\/schema\\\/person\\\/87c9c9067f1211da429a744dc5a5aa41\",\"name\":\"Robert Hoffmann\",\"image\":{\"@type\":\"ImageObject\",\"inLanguage\":\"de\",\"@id\":\"https:\\\/\\\/www.strassenweb.de\\\/nachrichten\\\/wp-content\\\/uploads\\\/2024\\\/09\\\/strassenweb-150x150.jpg\",\"url\":\"https:\\\/\\\/www.strassenweb.de\\\/nachrichten\\\/wp-content\\\/uploads\\\/2024\\\/09\\\/strassenweb-150x150.jpg\",\"contentUrl\":\"https:\\\/\\\/www.strassenweb.de\\\/nachrichten\\\/wp-content\\\/uploads\\\/2024\\\/09\\\/strassenweb-150x150.jpg\",\"caption\":\"Robert Hoffmann\"},\"description\":\"Ich hei\u00dfe Robert Hoffmann und ich bin ein leidenschaftlicher Verfechter von \u00d6kologie und Biodiversit\u00e4t. Seit meiner Kindheit in den W\u00e4ldern Bayerns f\u00fchle ich mich mit der Natur verbunden und bin entschlossen, sie zu sch\u00fctzen. Heute widme ich mein Leben der Sensibilisierung anderer f\u00fcr die Bedeutung des Umweltschutzes f\u00fcr zuk\u00fcnftige Generationen.\",\"sameAs\":[\"https:\\\/\\\/www.strassenweb.de\\\/\"]}]}<\/script>\n<!-- \/ Yoast SEO plugin. -->","yoast_head_json":{"title":"Ich mochte die Buntglasfenster in meinem Kindheit zu Hause-und dieser einfache Lichthack hat das weiche, farbenfrohe Leuchten in meiner eigenen Wohnung nachgebildet - Nachrichten - Stra\u00dfenweb","robots":{"index":"index","follow":"follow","max-snippet":"max-snippet:-1","max-image-preview":"max-image-preview:large","max-video-preview":"max-video-preview:-1"},"canonical":"https:\/\/www.strassenweb.de\/nachrichten\/ich-mochte-die-buntglasfenster-in-meinem-kindheit-zu-hause-und-dieser-einfache-lichthack-hat-das-weiche-farbenfrohe-leuchten-in-meiner-eigenen-wohnung-nachgebildet\/","og_locale":"de_DE","og_type":"article","og_title":"Ich mochte die Buntglasfenster in meinem Kindheit zu Hause-und dieser einfache Lichthack hat das weiche, farbenfrohe Leuchten in meiner eigenen Wohnung nachgebildet - Nachrichten - Stra\u00dfenweb","og_description":"Als ich aufwuchs, war eines meiner Lieblingsmerkmale meines Kindeshaushauses das Buntglas-Querfenster, das in unserer K\u00fcche hing. An einem sonnigen Nachmittag traf das Licht jede Panel","og_url":"https:\/\/www.strassenweb.de\/nachrichten\/ich-mochte-die-buntglasfenster-in-meinem-kindheit-zu-hause-und-dieser-einfache-lichthack-hat-das-weiche-farbenfrohe-leuchten-in-meiner-eigenen-wohnung-nachgebildet\/","og_site_name":"Stra\u00dfenweb","article_publisher":"https:\/\/www.facebook.com\/strassenweb\/","article_published_time":"2025-07-30T14:45:40+00:00","article_modified_time":"2025-07-30T14:45:41+00:00","og_image":[{"width":1600,"height":900,"url":"https:\/\/www.strassenweb.de\/nachrichten\/wp-content\/uploads\/2025\/07\/Ich-mochte-die-Buntglasfenster-in-meinem-Kindheit-zu-Hause-und-dieser.jpg","type":"image\/jpeg"}],"author":"Robert Hoffmann","twitter_card":"summary_large_image","twitter_misc":{"Verfasst von":"Robert Hoffmann","Gesch\u00e4tzte Lesezeit":"2\u00a0Minuten"},"schema":{"@context":"https:\/\/schema.org","@graph":[{"@type":"Article","@id":"https:\/\/www.strassenweb.de\/nachrichten\/ich-mochte-die-buntglasfenster-in-meinem-kindheit-zu-hause-und-dieser-einfache-lichthack-hat-das-weiche-farbenfrohe-leuchten-in-meiner-eigenen-wohnung-nachgebildet\/#article","isPartOf":{"@id":"https:\/\/www.strassenweb.de\/nachrichten\/ich-mochte-die-buntglasfenster-in-meinem-kindheit-zu-hause-und-dieser-einfache-lichthack-hat-das-weiche-farbenfrohe-leuchten-in-meiner-eigenen-wohnung-nachgebildet\/"},"author":{"name":"Robert Hoffmann","@id":"https:\/\/www.strassenweb.de\/nachrichten\/#\/schema\/person\/87c9c9067f1211da429a744dc5a5aa41"},"headline":"Ich mochte die Buntglasfenster in meinem Kindheit zu Hause-und dieser einfache Lichthack hat das weiche, farbenfrohe Leuchten in meiner eigenen Wohnung nachgebildet","datePublished":"2025-07-30T14:45:40+00:00","dateModified":"2025-07-30T14:45:41+00:00","mainEntityOfPage":{"@id":"https:\/\/www.strassenweb.de\/nachrichten\/ich-mochte-die-buntglasfenster-in-meinem-kindheit-zu-hause-und-dieser-einfache-lichthack-hat-das-weiche-farbenfrohe-leuchten-in-meiner-eigenen-wohnung-nachgebildet\/"},"wordCount":515,"publisher":{"@id":"https:\/\/www.strassenweb.de\/nachrichten\/#organization"},"image":{"@id":"https:\/\/www.strassenweb.de\/nachrichten\/ich-mochte-die-buntglasfenster-in-meinem-kindheit-zu-hause-und-dieser-einfache-lichthack-hat-das-weiche-farbenfrohe-leuchten-in-meiner-eigenen-wohnung-nachgebildet\/#primaryimage"},"thumbnailUrl":"https:\/\/www.strassenweb.de\/nachrichten\/wp-content\/uploads\/2025\/07\/Ich-mochte-die-Buntglasfenster-in-meinem-Kindheit-zu-Hause-und-dieser.jpg","keywords":["Buntglasfenster","das","die","dieser","eigenen","einfache","farbenfrohe","hat","Hauseund","ich","Kindheit","leuchten","Lichthack","meinem","meiner","m\u00f6chte","nachgebildet","weiche","Wohnung"],"articleSection":["Haus &amp; Garten"],"inLanguage":"de"},{"@type":"WebPage","@id":"https:\/\/www.strassenweb.de\/nachrichten\/ich-mochte-die-buntglasfenster-in-meinem-kindheit-zu-hause-und-dieser-einfache-lichthack-hat-das-weiche-farbenfrohe-leuchten-in-meiner-eigenen-wohnung-nachgebildet\/","url":"https:\/\/www.strassenweb.de\/nachrichten\/ich-mochte-die-buntglasfenster-in-meinem-kindheit-zu-hause-und-dieser-einfache-lichthack-hat-das-weiche-farbenfrohe-leuchten-in-meiner-eigenen-wohnung-nachgebildet\/","name":"Ich mochte die Buntglasfenster in meinem Kindheit zu Hause-und dieser einfache Lichthack hat das weiche, farbenfrohe Leuchten in meiner eigenen Wohnung nachgebildet - Nachrichten - Stra\u00dfenweb","isPartOf":{"@id":"https:\/\/www.strassenweb.de\/nachrichten\/#website"},"primaryImageOfPage":{"@id":"https:\/\/www.strassenweb.de\/nachrichten\/ich-mochte-die-buntglasfenster-in-meinem-kindheit-zu-hause-und-dieser-einfache-lichthack-hat-das-weiche-farbenfrohe-leuchten-in-meiner-eigenen-wohnung-nachgebildet\/#primaryimage"},"image":{"@id":"https:\/\/www.strassenweb.de\/nachrichten\/ich-mochte-die-buntglasfenster-in-meinem-kindheit-zu-hause-und-dieser-einfache-lichthack-hat-das-weiche-farbenfrohe-leuchten-in-meiner-eigenen-wohnung-nachgebildet\/#primaryimage"},"thumbnailUrl":"https:\/\/www.strassenweb.de\/nachrichten\/wp-content\/uploads\/2025\/07\/Ich-mochte-die-Buntglasfenster-in-meinem-Kindheit-zu-Hause-und-dieser.jpg","datePublished":"2025-07-30T14:45:40+00:00","dateModified":"2025-07-30T14:45:41+00:00","breadcrumb":{"@id":"https:\/\/www.strassenweb.de\/nachrichten\/ich-mochte-die-buntglasfenster-in-meinem-kindheit-zu-hause-und-dieser-einfache-lichthack-hat-das-weiche-farbenfrohe-leuchten-in-meiner-eigenen-wohnung-nachgebildet\/#breadcrumb"},"inLanguage":"de","potentialAction":[{"@type":"ReadAction","target":["https:\/\/www.strassenweb.de\/nachrichten\/ich-mochte-die-buntglasfenster-in-meinem-kindheit-zu-hause-und-dieser-einfache-lichthack-hat-das-weiche-farbenfrohe-leuchten-in-meiner-eigenen-wohnung-nachgebildet\/"]}]},{"@type":"ImageObject","inLanguage":"de","@id":"https:\/\/www.strassenweb.de\/nachrichten\/ich-mochte-die-buntglasfenster-in-meinem-kindheit-zu-hause-und-dieser-einfache-lichthack-hat-das-weiche-farbenfrohe-leuchten-in-meiner-eigenen-wohnung-nachgebildet\/#primaryimage","url":"https:\/\/www.strassenweb.de\/nachrichten\/wp-content\/uploads\/2025\/07\/Ich-mochte-die-Buntglasfenster-in-meinem-Kindheit-zu-Hause-und-dieser.jpg","contentUrl":"https:\/\/www.strassenweb.de\/nachrichten\/wp-content\/uploads\/2025\/07\/Ich-mochte-die-Buntglasfenster-in-meinem-Kindheit-zu-Hause-und-dieser.jpg","width":1600,"height":900,"caption":"Hard wood floor, mustard front door and stained glass windows in entryway"},{"@type":"BreadcrumbList","@id":"https:\/\/www.strassenweb.de\/nachrichten\/ich-mochte-die-buntglasfenster-in-meinem-kindheit-zu-hause-und-dieser-einfache-lichthack-hat-das-weiche-farbenfrohe-leuchten-in-meiner-eigenen-wohnung-nachgebildet\/#breadcrumb","itemListElement":[{"@type":"ListItem","position":1,"name":"Home","item":"https:\/\/www.strassenweb.de\/nachrichten\/"},{"@type":"ListItem","position":2,"name":"Ich mochte die Buntglasfenster in meinem Kindheit zu Hause-und dieser einfache Lichthack hat das weiche, farbenfrohe Leuchten in meiner eigenen Wohnung nachgebildet"}]},{"@type":"WebSite","@id":"https:\/\/www.strassenweb.de\/nachrichten\/#website","url":"https:\/\/www.strassenweb.de\/nachrichten\/","name":"Stra\u00dfenweb","description":"Stra\u00dfenverzeichnis f\u00fcr Deutschland","publisher":{"@id":"https:\/\/www.strassenweb.de\/nachrichten\/#organization"},"potentialAction":[{"@type":"SearchAction","target":{"@type":"EntryPoint","urlTemplate":"https:\/\/www.strassenweb.de\/nachrichten\/?s={search_term_string}"},"query-input":{"@type":"PropertyValueSpecification","valueRequired":true,"valueName":"search_term_string"}}],"inLanguage":"de"},{"@type":"Organization","@id":"https:\/\/www.strassenweb.de\/nachrichten\/#organization","name":"Stra\u00dfenweb","url":"https:\/\/www.strassenweb.de\/nachrichten\/","logo":{"@type":"ImageObject","inLanguage":"de","@id":"https:\/\/www.strassenweb.de\/nachrichten\/#\/schema\/logo\/image\/","url":"https:\/\/www.strassenweb.de\/nachrichten\/wp-content\/uploads\/2024\/09\/cropped-favicon.png","contentUrl":"https:\/\/www.strassenweb.de\/nachrichten\/wp-content\/uploads\/2024\/09\/cropped-favicon.png","width":512,"height":512,"caption":"Stra\u00dfenweb"},"image":{"@id":"https:\/\/www.strassenweb.de\/nachrichten\/#\/schema\/logo\/image\/"},"sameAs":["https:\/\/www.facebook.com\/strassenweb\/"]},{"@type":"Person","@id":"https:\/\/www.strassenweb.de\/nachrichten\/#\/schema\/person\/87c9c9067f1211da429a744dc5a5aa41","name":"Robert Hoffmann","image":{"@type":"ImageObject","inLanguage":"de","@id":"https:\/\/www.strassenweb.de\/nachrichten\/wp-content\/uploads\/2024\/09\/strassenweb-150x150.jpg","url":"https:\/\/www.strassenweb.de\/nachrichten\/wp-content\/uploads\/2024\/09\/strassenweb-150x150.jpg","contentUrl":"https:\/\/www.strassenweb.de\/nachrichten\/wp-content\/uploads\/2024\/09\/strassenweb-150x150.jpg","caption":"Robert Hoffmann"},"description":"Ich hei\u00dfe Robert Hoffmann und ich bin ein leidenschaftlicher Verfechter von \u00d6kologie und Biodiversit\u00e4t. Seit meiner Kindheit in den W\u00e4ldern Bayerns f\u00fchle ich mich mit der Natur verbunden und bin entschlossen, sie zu sch\u00fctzen. Heute widme ich mein Leben der Sensibilisierung anderer f\u00fcr die Bedeutung des Umweltschutzes f\u00fcr zuk\u00fcnftige Generationen.","sameAs":["https:\/\/www.strassenweb.de\/"]}]}},"_links":{"self":[{"href":"https:\/\/www.strassenweb.de\/nachrichten\/wp-json\/wp\/v2\/posts\/6571","targetHints":{"allow":["GET"]}}],"collection":[{"href":"https:\/\/www.strassenweb.de\/nachrichten\/wp-json\/wp\/v2\/posts"}],"about":[{"href":"https:\/\/www.strassenweb.de\/nachrichten\/wp-json\/wp\/v2\/types\/post"}],"author":[{"embeddable":true,"href":"https:\/\/www.strassenweb.de\/nachrichten\/wp-json\/wp\/v2\/users\/1"}],"replies":[{"embeddable":true,"href":"https:\/\/www.strassenweb.de\/nachrichten\/wp-json\/wp\/v2\/comments?post=6571"}],"version-history":[{"count":0,"href":"https:\/\/www.strassenweb.de\/nachrichten\/wp-json\/wp\/v2\/posts\/6571\/revisions"}],"wp:featuredmedia":[{"embeddable":true,"href":"https:\/\/www.strassenweb.de\/nachrichten\/wp-json\/wp\/v2\/media\/6572"}],"wp:attachment":[{"href":"https:\/\/www.strassenweb.de\/nachrichten\/wp-json\/wp\/v2\/media?parent=6571"}],"wp:term":[{"taxonomy":"category","embeddable":true,"href":"https:\/\/www.strassenweb.de\/nachrichten\/wp-json\/wp\/v2\/categories?post=6571"},{"taxonomy":"post_tag","embeddable":true,"href":"https:\/\/www.strassenweb.de\/nachrichten\/wp-json\/wp\/v2\/tags?post=6571"}],"curies":[{"name":"wp","href":"https:\/\/api.w.org\/{rel}","templated":true}]}}