{"id":6568,"date":"2025-07-30T13:44:11","date_gmt":"2025-07-30T11:44:11","guid":{"rendered":"https:\/\/www.strassenweb.de\/nachrichten\/ich-kann-nicht-glauben-dass-ich-gerade-erst-das-italienische-kabeltgeschirr-von-net-a-porter-entdeckt-habe-es-ist-perfekt-fuer-extravagantes-sommer-hosting\/"},"modified":"2025-07-30T13:44:12","modified_gmt":"2025-07-30T11:44:12","slug":"ich-kann-nicht-glauben-dass-ich-gerade-erst-das-italienische-kabeltgeschirr-von-net-a-porter-entdeckt-habe-es-ist-perfekt-fuer-extravagantes-sommer-hosting","status":"publish","type":"post","link":"https:\/\/www.strassenweb.de\/nachrichten\/ich-kann-nicht-glauben-dass-ich-gerade-erst-das-italienische-kabeltgeschirr-von-net-a-porter-entdeckt-habe-es-ist-perfekt-fuer-extravagantes-sommer-hosting\/","title":{"rendered":"Ich kann nicht glauben, dass ich gerade erst das italienische Kabeltgeschirr von Net-a-Porter entdeckt habe-es ist perfekt f\u00fcr extravagantes Sommer-Hosting"},"content":{"rendered":"<p><\/p>\n<div id=\"article-body\" class=\"article__body \">\n<p>Seit der \u00dcbergang von Fr\u00fchling zu Sommer habe ich an meinen Sommer-Tischdekor-Ideen gearbeitet, um sicherzustellen, dass ich die Dinnerparty bereit bin. Deshalb war es ein absolutes Geschenk, das italienisch inspirierte Tischgeschirr von Net-a-Porte zu entdecken, und ich bin so froh, dass ich dar\u00fcber gestolpert bin, bevor die Saison herauskommt.<\/p>\n<div id=\"ad-unit-1\" class=\"ad-unit\"><\/div>\n<p>Ich bin fest davon \u00fcberzeugt, dass der klassische italienische Look zu fast jedem Designstil passt. Egal, ob Sie minimalistischen Neutralen loyal sind oder einem verspielten Druck nicht widerstehen k\u00f6nnen, Sie finden eine Reihe von Ideen in der italienischen Tischlandschafts-Bearbeitung von Net-a-Porter, einschlie\u00dflich zierlicher Brille, k\u00fchner Tischw\u00e4sche und Statement-Servieren.<\/p>\n<p>&#8222;Der italienische Tisch war schon immer ein Raum zum Sammeln und Feiern&#8220;, sagt Designerin Natalia Criado dem Net-A-Porter-Team. \u201eAlles dreht sich um m\u00fchelose Genuss. Deshalb geht es nicht um Perfektion, wenn ein italienisch inspiriertes Tischland stylen kann-es geht um W\u00e4rme, Charakter und absichtliche Details. &#8218;<\/p>\n<div class=\"van_vid_carousel\">\n<div class=\"van_vid_carousel__padding\">\n<div class=\"van_vid_carousel__container\"><\/div>\n<\/div>\n<\/div>\n<figure class=\"van-image-figure inline-layout \" data-bordeaux-image-check>\n<div class=\"image-full-width-wrapper\">\n<div class=\"image-widthsetter\" style=\"max-width:2000px;\"><\/div>\n<\/div>\n<\/figure>\n<p>F\u00fcr mich erinnert die italienische Tischlandschaft an lebhafte Glaswaren, handbemalte Keramik und knusprige Bettw\u00e4sche-nat\u00fcrlich neben viel herrlichem Essen. Ich habe meine Sommerpasta -Rezepte in Bereitschaft perfektioniert, um mit diesen wundersch\u00f6nen St\u00fccken zu servieren.<\/p>\n<div id=\"ad-unit-2\" class=\"ad-unit\"><\/div>\n<aside data-block-type=\"embed\" data-render-type=\"fte\" data-skip=\"dealsy\" data-widget-type=\"seasonal\" class=\"hawk-base\"><\/aside>\n<p>\u201eIch w\u00fcrde nat\u00fcrlich frische Produkte einschlie\u00dfen, wie <em>gro\u00df<\/em> Stapel von Trauben, Tomaten oder Feigen, abh\u00e4ngig von der Farbpalette, erkl\u00e4rt Isabelle Buckland, Creative Director of Event Design und Culinary Studio Tische, w\u00e4hrend JJ Martin, Gr\u00fcnder von La Doublej, betont, gedruckte Porzellains und farbige Murano -Glas. Von dort aus k\u00f6nnen Sie sich entweder daf\u00fcr entscheiden, mit einem rein wei\u00dfen Tisch minimaler zu werden oder maximalistisch zu sein, indem Sie farbige und gemusterte Bettw\u00e4sche oder viele farbenfrohe Blumen schichten. &#8218;<\/p>\n<h2 id=\"shop-italian-inspired-tableware-at-net-a-porter-3\">Kaufen Sie italienisch inspiriertes Tabellengeschirr bei Net-a-Porter ein<\/h2>\n<div class=\"product-container hero-product-container product-block-no-wrap\">\n<div class=\"product-block-row\"><\/div>\n<div class=\"product-block-row\"><\/div>\n<div class=\"product-block-row\"><\/div>\n<div class=\"product-block-row\"><\/div>\n<div class=\"product-block-row\"><\/div>\n<div class=\"product-block-row\"><\/div>\n<\/div>\n<p>Wenn es um Aussage und einzigartige Investitionsst\u00fccke geht, scheitert Net-a-Porter nie-und die italienische Bearbeitung ist wirklich eine Schatzkammer. Wenn Sie nach Inspiration f\u00fcr Ihr n\u00e4chstes Summer Garden Party -Thema suchen, ist dies der ideale Ausgangspunkt f\u00fcr einen mediterranen Stil.<\/p>\n<\/div>\n","protected":false},"excerpt":{"rendered":"<p>Seit der \u00dcbergang von Fr\u00fchling zu Sommer habe ich an meinen Sommer-Tischdekor-Ideen gearbeitet, um sicherzustellen, dass ich die Dinnerparty bereit bin. Deshalb war es ein<\/p>\n","protected":false},"author":1,"featured_media":6569,"comment_status":"closed","ping_status":"","sticky":false,"template":"","format":"standard","meta":{"footnotes":""},"categories":[118],"tags":[112,51,501,5849,8991,55,495,1681,8159,129,15,6384,8989,781,8990,61,393,8021,21],"class_list":["post-6568","post","type-post","status-publish","format-standard","has-post-thumbnail","hentry","category-haus-garten","tag-das","tag-dass","tag-entdeckt","tag-erst","tag-extravagantes","tag-fuer","tag-gerade","tag-glauben","tag-habees","tag-ich","tag-ist","tag-italienische","tag-kabeltgeschirr","tag-kann","tag-netaporter","tag-nicht","tag-perfekt","tag-sommerhosting","tag-von","generate-columns","tablet-grid-50","mobile-grid-100","grid-parent","grid-50"],"yoast_head":"<!-- This site is optimized with the Yoast SEO plugin v27.3 - https:\/\/yoast.com\/product\/yoast-seo-wordpress\/ -->\n<title>Ich kann nicht glauben, dass ich gerade erst das italienische Kabeltgeschirr von Net-a-Porter entdeckt habe-es ist perfekt f\u00fcr extravagantes Sommer-Hosting - Nachrichten - Stra\u00dfenweb<\/title>\n<meta name=\"robots\" content=\"index, follow, max-snippet:-1, max-image-preview:large, max-video-preview:-1\" \/>\n<link rel=\"canonical\" href=\"https:\/\/www.strassenweb.de\/nachrichten\/ich-kann-nicht-glauben-dass-ich-gerade-erst-das-italienische-kabeltgeschirr-von-net-a-porter-entdeckt-habe-es-ist-perfekt-fuer-extravagantes-sommer-hosting\/\" \/>\n<meta property=\"og:locale\" content=\"de_DE\" \/>\n<meta property=\"og:type\" content=\"article\" \/>\n<meta property=\"og:title\" content=\"Ich kann nicht glauben, dass ich gerade erst das italienische Kabeltgeschirr von Net-a-Porter entdeckt habe-es ist perfekt f\u00fcr extravagantes Sommer-Hosting - Nachrichten - Stra\u00dfenweb\" \/>\n<meta property=\"og:description\" content=\"Seit der \u00dcbergang von Fr\u00fchling zu Sommer habe ich an meinen Sommer-Tischdekor-Ideen gearbeitet, um sicherzustellen, dass ich die Dinnerparty bereit bin. Deshalb war es ein\" \/>\n<meta property=\"og:url\" content=\"https:\/\/www.strassenweb.de\/nachrichten\/ich-kann-nicht-glauben-dass-ich-gerade-erst-das-italienische-kabeltgeschirr-von-net-a-porter-entdeckt-habe-es-ist-perfekt-fuer-extravagantes-sommer-hosting\/\" \/>\n<meta property=\"og:site_name\" content=\"Stra\u00dfenweb\" \/>\n<meta property=\"article:publisher\" content=\"https:\/\/www.facebook.com\/strassenweb\/\" \/>\n<meta property=\"article:published_time\" content=\"2025-07-30T11:44:11+00:00\" \/>\n<meta property=\"article:modified_time\" content=\"2025-07-30T11:44:12+00:00\" \/>\n<meta property=\"og:image\" content=\"https:\/\/www.strassenweb.de\/nachrichten\/wp-content\/uploads\/2025\/07\/Ich-kann-nicht-glauben-dass-ich-gerade-erst-das-italienische.jpg\" \/>\n\t<meta property=\"og:image:width\" content=\"1600\" \/>\n\t<meta property=\"og:image:height\" content=\"900\" \/>\n\t<meta property=\"og:image:type\" content=\"image\/jpeg\" \/>\n<meta name=\"author\" content=\"Robert Hoffmann\" \/>\n<meta name=\"twitter:card\" content=\"summary_large_image\" \/>\n<meta name=\"twitter:label1\" content=\"Verfasst von\" \/>\n\t<meta name=\"twitter:data1\" content=\"Robert Hoffmann\" \/>\n\t<meta name=\"twitter:label2\" content=\"Gesch\u00e4tzte Lesezeit\" \/>\n\t<meta name=\"twitter:data2\" content=\"2\u00a0Minuten\" \/>\n<script type=\"application\/ld+json\" class=\"yoast-schema-graph\">{\"@context\":\"https:\\\/\\\/schema.org\",\"@graph\":[{\"@type\":\"Article\",\"@id\":\"https:\\\/\\\/www.strassenweb.de\\\/nachrichten\\\/ich-kann-nicht-glauben-dass-ich-gerade-erst-das-italienische-kabeltgeschirr-von-net-a-porter-entdeckt-habe-es-ist-perfekt-fuer-extravagantes-sommer-hosting\\\/#article\",\"isPartOf\":{\"@id\":\"https:\\\/\\\/www.strassenweb.de\\\/nachrichten\\\/ich-kann-nicht-glauben-dass-ich-gerade-erst-das-italienische-kabeltgeschirr-von-net-a-porter-entdeckt-habe-es-ist-perfekt-fuer-extravagantes-sommer-hosting\\\/\"},\"author\":{\"name\":\"Robert Hoffmann\",\"@id\":\"https:\\\/\\\/www.strassenweb.de\\\/nachrichten\\\/#\\\/schema\\\/person\\\/87c9c9067f1211da429a744dc5a5aa41\"},\"headline\":\"Ich kann nicht glauben, dass ich gerade erst das italienische Kabeltgeschirr von Net-a-Porter entdeckt habe-es ist perfekt f\u00fcr extravagantes Sommer-Hosting\",\"datePublished\":\"2025-07-30T11:44:11+00:00\",\"dateModified\":\"2025-07-30T11:44:12+00:00\",\"mainEntityOfPage\":{\"@id\":\"https:\\\/\\\/www.strassenweb.de\\\/nachrichten\\\/ich-kann-nicht-glauben-dass-ich-gerade-erst-das-italienische-kabeltgeschirr-von-net-a-porter-entdeckt-habe-es-ist-perfekt-fuer-extravagantes-sommer-hosting\\\/\"},\"wordCount\":346,\"publisher\":{\"@id\":\"https:\\\/\\\/www.strassenweb.de\\\/nachrichten\\\/#organization\"},\"image\":{\"@id\":\"https:\\\/\\\/www.strassenweb.de\\\/nachrichten\\\/ich-kann-nicht-glauben-dass-ich-gerade-erst-das-italienische-kabeltgeschirr-von-net-a-porter-entdeckt-habe-es-ist-perfekt-fuer-extravagantes-sommer-hosting\\\/#primaryimage\"},\"thumbnailUrl\":\"https:\\\/\\\/www.strassenweb.de\\\/nachrichten\\\/wp-content\\\/uploads\\\/2025\\\/07\\\/Ich-kann-nicht-glauben-dass-ich-gerade-erst-das-italienische.jpg\",\"keywords\":[\"das\",\"dass\",\"entdeckt\",\"erst\",\"extravagantes\",\"f\u00fcr\",\"gerade\",\"glauben\",\"habees\",\"ich\",\"ist\",\"italienische\",\"Kabeltgeschirr\",\"kann\",\"NetaPorter\",\"nicht\",\"perfekt\",\"SommerHosting\",\"von\"],\"articleSection\":[\"Haus &amp; Garten\"],\"inLanguage\":\"de\"},{\"@type\":\"WebPage\",\"@id\":\"https:\\\/\\\/www.strassenweb.de\\\/nachrichten\\\/ich-kann-nicht-glauben-dass-ich-gerade-erst-das-italienische-kabeltgeschirr-von-net-a-porter-entdeckt-habe-es-ist-perfekt-fuer-extravagantes-sommer-hosting\\\/\",\"url\":\"https:\\\/\\\/www.strassenweb.de\\\/nachrichten\\\/ich-kann-nicht-glauben-dass-ich-gerade-erst-das-italienische-kabeltgeschirr-von-net-a-porter-entdeckt-habe-es-ist-perfekt-fuer-extravagantes-sommer-hosting\\\/\",\"name\":\"Ich kann nicht glauben, dass ich gerade erst das italienische Kabeltgeschirr von Net-a-Porter entdeckt habe-es ist perfekt f\u00fcr extravagantes Sommer-Hosting - Nachrichten - Stra\u00dfenweb\",\"isPartOf\":{\"@id\":\"https:\\\/\\\/www.strassenweb.de\\\/nachrichten\\\/#website\"},\"primaryImageOfPage\":{\"@id\":\"https:\\\/\\\/www.strassenweb.de\\\/nachrichten\\\/ich-kann-nicht-glauben-dass-ich-gerade-erst-das-italienische-kabeltgeschirr-von-net-a-porter-entdeckt-habe-es-ist-perfekt-fuer-extravagantes-sommer-hosting\\\/#primaryimage\"},\"image\":{\"@id\":\"https:\\\/\\\/www.strassenweb.de\\\/nachrichten\\\/ich-kann-nicht-glauben-dass-ich-gerade-erst-das-italienische-kabeltgeschirr-von-net-a-porter-entdeckt-habe-es-ist-perfekt-fuer-extravagantes-sommer-hosting\\\/#primaryimage\"},\"thumbnailUrl\":\"https:\\\/\\\/www.strassenweb.de\\\/nachrichten\\\/wp-content\\\/uploads\\\/2025\\\/07\\\/Ich-kann-nicht-glauben-dass-ich-gerade-erst-das-italienische.jpg\",\"datePublished\":\"2025-07-30T11:44:11+00:00\",\"dateModified\":\"2025-07-30T11:44:12+00:00\",\"breadcrumb\":{\"@id\":\"https:\\\/\\\/www.strassenweb.de\\\/nachrichten\\\/ich-kann-nicht-glauben-dass-ich-gerade-erst-das-italienische-kabeltgeschirr-von-net-a-porter-entdeckt-habe-es-ist-perfekt-fuer-extravagantes-sommer-hosting\\\/#breadcrumb\"},\"inLanguage\":\"de\",\"potentialAction\":[{\"@type\":\"ReadAction\",\"target\":[\"https:\\\/\\\/www.strassenweb.de\\\/nachrichten\\\/ich-kann-nicht-glauben-dass-ich-gerade-erst-das-italienische-kabeltgeschirr-von-net-a-porter-entdeckt-habe-es-ist-perfekt-fuer-extravagantes-sommer-hosting\\\/\"]}]},{\"@type\":\"ImageObject\",\"inLanguage\":\"de\",\"@id\":\"https:\\\/\\\/www.strassenweb.de\\\/nachrichten\\\/ich-kann-nicht-glauben-dass-ich-gerade-erst-das-italienische-kabeltgeschirr-von-net-a-porter-entdeckt-habe-es-ist-perfekt-fuer-extravagantes-sommer-hosting\\\/#primaryimage\",\"url\":\"https:\\\/\\\/www.strassenweb.de\\\/nachrichten\\\/wp-content\\\/uploads\\\/2025\\\/07\\\/Ich-kann-nicht-glauben-dass-ich-gerade-erst-das-italienische.jpg\",\"contentUrl\":\"https:\\\/\\\/www.strassenweb.de\\\/nachrichten\\\/wp-content\\\/uploads\\\/2025\\\/07\\\/Ich-kann-nicht-glauben-dass-ich-gerade-erst-das-italienische.jpg\",\"width\":1600,\"height\":900,\"caption\":\"Tablescape with blue and white printed tablecloth, deep blue wine glasses, ble and white plates and a blue and green vase\"},{\"@type\":\"BreadcrumbList\",\"@id\":\"https:\\\/\\\/www.strassenweb.de\\\/nachrichten\\\/ich-kann-nicht-glauben-dass-ich-gerade-erst-das-italienische-kabeltgeschirr-von-net-a-porter-entdeckt-habe-es-ist-perfekt-fuer-extravagantes-sommer-hosting\\\/#breadcrumb\",\"itemListElement\":[{\"@type\":\"ListItem\",\"position\":1,\"name\":\"Home\",\"item\":\"https:\\\/\\\/www.strassenweb.de\\\/nachrichten\\\/\"},{\"@type\":\"ListItem\",\"position\":2,\"name\":\"Ich kann nicht glauben, dass ich gerade erst das italienische Kabeltgeschirr von Net-a-Porter entdeckt habe-es ist perfekt f\u00fcr extravagantes Sommer-Hosting\"}]},{\"@type\":\"WebSite\",\"@id\":\"https:\\\/\\\/www.strassenweb.de\\\/nachrichten\\\/#website\",\"url\":\"https:\\\/\\\/www.strassenweb.de\\\/nachrichten\\\/\",\"name\":\"Stra\u00dfenweb\",\"description\":\"Stra\u00dfenverzeichnis f\u00fcr Deutschland\",\"publisher\":{\"@id\":\"https:\\\/\\\/www.strassenweb.de\\\/nachrichten\\\/#organization\"},\"potentialAction\":[{\"@type\":\"SearchAction\",\"target\":{\"@type\":\"EntryPoint\",\"urlTemplate\":\"https:\\\/\\\/www.strassenweb.de\\\/nachrichten\\\/?s={search_term_string}\"},\"query-input\":{\"@type\":\"PropertyValueSpecification\",\"valueRequired\":true,\"valueName\":\"search_term_string\"}}],\"inLanguage\":\"de\"},{\"@type\":\"Organization\",\"@id\":\"https:\\\/\\\/www.strassenweb.de\\\/nachrichten\\\/#organization\",\"name\":\"Stra\u00dfenweb\",\"url\":\"https:\\\/\\\/www.strassenweb.de\\\/nachrichten\\\/\",\"logo\":{\"@type\":\"ImageObject\",\"inLanguage\":\"de\",\"@id\":\"https:\\\/\\\/www.strassenweb.de\\\/nachrichten\\\/#\\\/schema\\\/logo\\\/image\\\/\",\"url\":\"https:\\\/\\\/www.strassenweb.de\\\/nachrichten\\\/wp-content\\\/uploads\\\/2024\\\/09\\\/cropped-favicon.png\",\"contentUrl\":\"https:\\\/\\\/www.strassenweb.de\\\/nachrichten\\\/wp-content\\\/uploads\\\/2024\\\/09\\\/cropped-favicon.png\",\"width\":512,\"height\":512,\"caption\":\"Stra\u00dfenweb\"},\"image\":{\"@id\":\"https:\\\/\\\/www.strassenweb.de\\\/nachrichten\\\/#\\\/schema\\\/logo\\\/image\\\/\"},\"sameAs\":[\"https:\\\/\\\/www.facebook.com\\\/strassenweb\\\/\"]},{\"@type\":\"Person\",\"@id\":\"https:\\\/\\\/www.strassenweb.de\\\/nachrichten\\\/#\\\/schema\\\/person\\\/87c9c9067f1211da429a744dc5a5aa41\",\"name\":\"Robert Hoffmann\",\"image\":{\"@type\":\"ImageObject\",\"inLanguage\":\"de\",\"@id\":\"https:\\\/\\\/www.strassenweb.de\\\/nachrichten\\\/wp-content\\\/uploads\\\/2024\\\/09\\\/strassenweb-150x150.jpg\",\"url\":\"https:\\\/\\\/www.strassenweb.de\\\/nachrichten\\\/wp-content\\\/uploads\\\/2024\\\/09\\\/strassenweb-150x150.jpg\",\"contentUrl\":\"https:\\\/\\\/www.strassenweb.de\\\/nachrichten\\\/wp-content\\\/uploads\\\/2024\\\/09\\\/strassenweb-150x150.jpg\",\"caption\":\"Robert Hoffmann\"},\"description\":\"Ich hei\u00dfe Robert Hoffmann und ich bin ein leidenschaftlicher Verfechter von \u00d6kologie und Biodiversit\u00e4t. Seit meiner Kindheit in den W\u00e4ldern Bayerns f\u00fchle ich mich mit der Natur verbunden und bin entschlossen, sie zu sch\u00fctzen. Heute widme ich mein Leben der Sensibilisierung anderer f\u00fcr die Bedeutung des Umweltschutzes f\u00fcr zuk\u00fcnftige Generationen.\",\"sameAs\":[\"https:\\\/\\\/www.strassenweb.de\\\/\"]}]}<\/script>\n<!-- \/ Yoast SEO plugin. -->","yoast_head_json":{"title":"Ich kann nicht glauben, dass ich gerade erst das italienische Kabeltgeschirr von Net-a-Porter entdeckt habe-es ist perfekt f\u00fcr extravagantes Sommer-Hosting - Nachrichten - Stra\u00dfenweb","robots":{"index":"index","follow":"follow","max-snippet":"max-snippet:-1","max-image-preview":"max-image-preview:large","max-video-preview":"max-video-preview:-1"},"canonical":"https:\/\/www.strassenweb.de\/nachrichten\/ich-kann-nicht-glauben-dass-ich-gerade-erst-das-italienische-kabeltgeschirr-von-net-a-porter-entdeckt-habe-es-ist-perfekt-fuer-extravagantes-sommer-hosting\/","og_locale":"de_DE","og_type":"article","og_title":"Ich kann nicht glauben, dass ich gerade erst das italienische Kabeltgeschirr von Net-a-Porter entdeckt habe-es ist perfekt f\u00fcr extravagantes Sommer-Hosting - Nachrichten - Stra\u00dfenweb","og_description":"Seit der \u00dcbergang von Fr\u00fchling zu Sommer habe ich an meinen Sommer-Tischdekor-Ideen gearbeitet, um sicherzustellen, dass ich die Dinnerparty bereit bin. Deshalb war es ein","og_url":"https:\/\/www.strassenweb.de\/nachrichten\/ich-kann-nicht-glauben-dass-ich-gerade-erst-das-italienische-kabeltgeschirr-von-net-a-porter-entdeckt-habe-es-ist-perfekt-fuer-extravagantes-sommer-hosting\/","og_site_name":"Stra\u00dfenweb","article_publisher":"https:\/\/www.facebook.com\/strassenweb\/","article_published_time":"2025-07-30T11:44:11+00:00","article_modified_time":"2025-07-30T11:44:12+00:00","og_image":[{"width":1600,"height":900,"url":"https:\/\/www.strassenweb.de\/nachrichten\/wp-content\/uploads\/2025\/07\/Ich-kann-nicht-glauben-dass-ich-gerade-erst-das-italienische.jpg","type":"image\/jpeg"}],"author":"Robert Hoffmann","twitter_card":"summary_large_image","twitter_misc":{"Verfasst von":"Robert Hoffmann","Gesch\u00e4tzte Lesezeit":"2\u00a0Minuten"},"schema":{"@context":"https:\/\/schema.org","@graph":[{"@type":"Article","@id":"https:\/\/www.strassenweb.de\/nachrichten\/ich-kann-nicht-glauben-dass-ich-gerade-erst-das-italienische-kabeltgeschirr-von-net-a-porter-entdeckt-habe-es-ist-perfekt-fuer-extravagantes-sommer-hosting\/#article","isPartOf":{"@id":"https:\/\/www.strassenweb.de\/nachrichten\/ich-kann-nicht-glauben-dass-ich-gerade-erst-das-italienische-kabeltgeschirr-von-net-a-porter-entdeckt-habe-es-ist-perfekt-fuer-extravagantes-sommer-hosting\/"},"author":{"name":"Robert Hoffmann","@id":"https:\/\/www.strassenweb.de\/nachrichten\/#\/schema\/person\/87c9c9067f1211da429a744dc5a5aa41"},"headline":"Ich kann nicht glauben, dass ich gerade erst das italienische Kabeltgeschirr von Net-a-Porter entdeckt habe-es ist perfekt f\u00fcr extravagantes Sommer-Hosting","datePublished":"2025-07-30T11:44:11+00:00","dateModified":"2025-07-30T11:44:12+00:00","mainEntityOfPage":{"@id":"https:\/\/www.strassenweb.de\/nachrichten\/ich-kann-nicht-glauben-dass-ich-gerade-erst-das-italienische-kabeltgeschirr-von-net-a-porter-entdeckt-habe-es-ist-perfekt-fuer-extravagantes-sommer-hosting\/"},"wordCount":346,"publisher":{"@id":"https:\/\/www.strassenweb.de\/nachrichten\/#organization"},"image":{"@id":"https:\/\/www.strassenweb.de\/nachrichten\/ich-kann-nicht-glauben-dass-ich-gerade-erst-das-italienische-kabeltgeschirr-von-net-a-porter-entdeckt-habe-es-ist-perfekt-fuer-extravagantes-sommer-hosting\/#primaryimage"},"thumbnailUrl":"https:\/\/www.strassenweb.de\/nachrichten\/wp-content\/uploads\/2025\/07\/Ich-kann-nicht-glauben-dass-ich-gerade-erst-das-italienische.jpg","keywords":["das","dass","entdeckt","erst","extravagantes","f\u00fcr","gerade","glauben","habees","ich","ist","italienische","Kabeltgeschirr","kann","NetaPorter","nicht","perfekt","SommerHosting","von"],"articleSection":["Haus &amp; Garten"],"inLanguage":"de"},{"@type":"WebPage","@id":"https:\/\/www.strassenweb.de\/nachrichten\/ich-kann-nicht-glauben-dass-ich-gerade-erst-das-italienische-kabeltgeschirr-von-net-a-porter-entdeckt-habe-es-ist-perfekt-fuer-extravagantes-sommer-hosting\/","url":"https:\/\/www.strassenweb.de\/nachrichten\/ich-kann-nicht-glauben-dass-ich-gerade-erst-das-italienische-kabeltgeschirr-von-net-a-porter-entdeckt-habe-es-ist-perfekt-fuer-extravagantes-sommer-hosting\/","name":"Ich kann nicht glauben, dass ich gerade erst das italienische Kabeltgeschirr von Net-a-Porter entdeckt habe-es ist perfekt f\u00fcr extravagantes Sommer-Hosting - Nachrichten - Stra\u00dfenweb","isPartOf":{"@id":"https:\/\/www.strassenweb.de\/nachrichten\/#website"},"primaryImageOfPage":{"@id":"https:\/\/www.strassenweb.de\/nachrichten\/ich-kann-nicht-glauben-dass-ich-gerade-erst-das-italienische-kabeltgeschirr-von-net-a-porter-entdeckt-habe-es-ist-perfekt-fuer-extravagantes-sommer-hosting\/#primaryimage"},"image":{"@id":"https:\/\/www.strassenweb.de\/nachrichten\/ich-kann-nicht-glauben-dass-ich-gerade-erst-das-italienische-kabeltgeschirr-von-net-a-porter-entdeckt-habe-es-ist-perfekt-fuer-extravagantes-sommer-hosting\/#primaryimage"},"thumbnailUrl":"https:\/\/www.strassenweb.de\/nachrichten\/wp-content\/uploads\/2025\/07\/Ich-kann-nicht-glauben-dass-ich-gerade-erst-das-italienische.jpg","datePublished":"2025-07-30T11:44:11+00:00","dateModified":"2025-07-30T11:44:12+00:00","breadcrumb":{"@id":"https:\/\/www.strassenweb.de\/nachrichten\/ich-kann-nicht-glauben-dass-ich-gerade-erst-das-italienische-kabeltgeschirr-von-net-a-porter-entdeckt-habe-es-ist-perfekt-fuer-extravagantes-sommer-hosting\/#breadcrumb"},"inLanguage":"de","potentialAction":[{"@type":"ReadAction","target":["https:\/\/www.strassenweb.de\/nachrichten\/ich-kann-nicht-glauben-dass-ich-gerade-erst-das-italienische-kabeltgeschirr-von-net-a-porter-entdeckt-habe-es-ist-perfekt-fuer-extravagantes-sommer-hosting\/"]}]},{"@type":"ImageObject","inLanguage":"de","@id":"https:\/\/www.strassenweb.de\/nachrichten\/ich-kann-nicht-glauben-dass-ich-gerade-erst-das-italienische-kabeltgeschirr-von-net-a-porter-entdeckt-habe-es-ist-perfekt-fuer-extravagantes-sommer-hosting\/#primaryimage","url":"https:\/\/www.strassenweb.de\/nachrichten\/wp-content\/uploads\/2025\/07\/Ich-kann-nicht-glauben-dass-ich-gerade-erst-das-italienische.jpg","contentUrl":"https:\/\/www.strassenweb.de\/nachrichten\/wp-content\/uploads\/2025\/07\/Ich-kann-nicht-glauben-dass-ich-gerade-erst-das-italienische.jpg","width":1600,"height":900,"caption":"Tablescape with blue and white printed tablecloth, deep blue wine glasses, ble and white plates and a blue and green vase"},{"@type":"BreadcrumbList","@id":"https:\/\/www.strassenweb.de\/nachrichten\/ich-kann-nicht-glauben-dass-ich-gerade-erst-das-italienische-kabeltgeschirr-von-net-a-porter-entdeckt-habe-es-ist-perfekt-fuer-extravagantes-sommer-hosting\/#breadcrumb","itemListElement":[{"@type":"ListItem","position":1,"name":"Home","item":"https:\/\/www.strassenweb.de\/nachrichten\/"},{"@type":"ListItem","position":2,"name":"Ich kann nicht glauben, dass ich gerade erst das italienische Kabeltgeschirr von Net-a-Porter entdeckt habe-es ist perfekt f\u00fcr extravagantes Sommer-Hosting"}]},{"@type":"WebSite","@id":"https:\/\/www.strassenweb.de\/nachrichten\/#website","url":"https:\/\/www.strassenweb.de\/nachrichten\/","name":"Stra\u00dfenweb","description":"Stra\u00dfenverzeichnis f\u00fcr Deutschland","publisher":{"@id":"https:\/\/www.strassenweb.de\/nachrichten\/#organization"},"potentialAction":[{"@type":"SearchAction","target":{"@type":"EntryPoint","urlTemplate":"https:\/\/www.strassenweb.de\/nachrichten\/?s={search_term_string}"},"query-input":{"@type":"PropertyValueSpecification","valueRequired":true,"valueName":"search_term_string"}}],"inLanguage":"de"},{"@type":"Organization","@id":"https:\/\/www.strassenweb.de\/nachrichten\/#organization","name":"Stra\u00dfenweb","url":"https:\/\/www.strassenweb.de\/nachrichten\/","logo":{"@type":"ImageObject","inLanguage":"de","@id":"https:\/\/www.strassenweb.de\/nachrichten\/#\/schema\/logo\/image\/","url":"https:\/\/www.strassenweb.de\/nachrichten\/wp-content\/uploads\/2024\/09\/cropped-favicon.png","contentUrl":"https:\/\/www.strassenweb.de\/nachrichten\/wp-content\/uploads\/2024\/09\/cropped-favicon.png","width":512,"height":512,"caption":"Stra\u00dfenweb"},"image":{"@id":"https:\/\/www.strassenweb.de\/nachrichten\/#\/schema\/logo\/image\/"},"sameAs":["https:\/\/www.facebook.com\/strassenweb\/"]},{"@type":"Person","@id":"https:\/\/www.strassenweb.de\/nachrichten\/#\/schema\/person\/87c9c9067f1211da429a744dc5a5aa41","name":"Robert Hoffmann","image":{"@type":"ImageObject","inLanguage":"de","@id":"https:\/\/www.strassenweb.de\/nachrichten\/wp-content\/uploads\/2024\/09\/strassenweb-150x150.jpg","url":"https:\/\/www.strassenweb.de\/nachrichten\/wp-content\/uploads\/2024\/09\/strassenweb-150x150.jpg","contentUrl":"https:\/\/www.strassenweb.de\/nachrichten\/wp-content\/uploads\/2024\/09\/strassenweb-150x150.jpg","caption":"Robert Hoffmann"},"description":"Ich hei\u00dfe Robert Hoffmann und ich bin ein leidenschaftlicher Verfechter von \u00d6kologie und Biodiversit\u00e4t. Seit meiner Kindheit in den W\u00e4ldern Bayerns f\u00fchle ich mich mit der Natur verbunden und bin entschlossen, sie zu sch\u00fctzen. Heute widme ich mein Leben der Sensibilisierung anderer f\u00fcr die Bedeutung des Umweltschutzes f\u00fcr zuk\u00fcnftige Generationen.","sameAs":["https:\/\/www.strassenweb.de\/"]}]}},"_links":{"self":[{"href":"https:\/\/www.strassenweb.de\/nachrichten\/wp-json\/wp\/v2\/posts\/6568","targetHints":{"allow":["GET"]}}],"collection":[{"href":"https:\/\/www.strassenweb.de\/nachrichten\/wp-json\/wp\/v2\/posts"}],"about":[{"href":"https:\/\/www.strassenweb.de\/nachrichten\/wp-json\/wp\/v2\/types\/post"}],"author":[{"embeddable":true,"href":"https:\/\/www.strassenweb.de\/nachrichten\/wp-json\/wp\/v2\/users\/1"}],"replies":[{"embeddable":true,"href":"https:\/\/www.strassenweb.de\/nachrichten\/wp-json\/wp\/v2\/comments?post=6568"}],"version-history":[{"count":0,"href":"https:\/\/www.strassenweb.de\/nachrichten\/wp-json\/wp\/v2\/posts\/6568\/revisions"}],"wp:featuredmedia":[{"embeddable":true,"href":"https:\/\/www.strassenweb.de\/nachrichten\/wp-json\/wp\/v2\/media\/6569"}],"wp:attachment":[{"href":"https:\/\/www.strassenweb.de\/nachrichten\/wp-json\/wp\/v2\/media?parent=6568"}],"wp:term":[{"taxonomy":"category","embeddable":true,"href":"https:\/\/www.strassenweb.de\/nachrichten\/wp-json\/wp\/v2\/categories?post=6568"},{"taxonomy":"post_tag","embeddable":true,"href":"https:\/\/www.strassenweb.de\/nachrichten\/wp-json\/wp\/v2\/tags?post=6568"}],"curies":[{"name":"wp","href":"https:\/\/api.w.org\/{rel}","templated":true}]}}