{"id":6565,"date":"2025-07-30T10:41:02","date_gmt":"2025-07-30T08:41:02","guid":{"rendered":"https:\/\/www.strassenweb.de\/nachrichten\/warum-werden-meine-japanischen-ahornblaetter-braun-ein-professioneller-gaertner-enthuellt-5-gemeinsame-ursachen-plus-wie-sie-ihren-baum-retten\/"},"modified":"2025-07-30T10:41:03","modified_gmt":"2025-07-30T08:41:03","slug":"warum-werden-meine-japanischen-ahornblaetter-braun-ein-professioneller-gaertner-enthuellt-5-gemeinsame-ursachen-plus-wie-sie-ihren-baum-retten","status":"publish","type":"post","link":"https:\/\/www.strassenweb.de\/nachrichten\/warum-werden-meine-japanischen-ahornblaetter-braun-ein-professioneller-gaertner-enthuellt-5-gemeinsame-ursachen-plus-wie-sie-ihren-baum-retten\/","title":{"rendered":"Warum werden meine japanischen Ahornbl\u00e4tter braun? Ein professioneller G\u00e4rtner enth\u00fcllt 5 gemeinsame Ursachen (plus, wie Sie Ihren Baum retten)"},"content":{"rendered":"<p><\/p>\n<div id=\"article-body\" class=\"article__body \">\n<p>Egal, ob Sie ein tiefe purpurrote &#8222;Blutgood&#8220; -Probe z\u00fcchten oder vielleicht eine s\u00e4uregr\u00fcne Smaragdspitze im Hof haben, es gibt nichts Sch\u00f6neres als die lebendigen \u00dcberd\u00e4cher gesunder japanischer Ahornb\u00e4ume.<\/p>\n<div id=\"ad-unit-1\" class=\"ad-unit\"><\/div>\n<p>Als professioneller G\u00e4rtner habe ich sie in einer Vielzahl von Umgebungen ausgebaut, darunter in T\u00f6pfen auf einem schattigen Innenhof in Wales sowie in schmalen, teilsch\u00e4digen G\u00e4rten in London, wo die Nachmittagssonne gerade genug gefiltert wurde, um sie gl\u00fccklich zu machen. Und wenn es eine Sache gibt, die ich auf dem Weg gelernt habe, dann ist es so, wenn diese B\u00e4ume aus irgendeinem Grund ungl\u00fccklich sind, sobald gesunde Bl\u00e4tter anfangen, braun zu werden, auch als Blattskorch bekannt.<\/p>\n<p>Sobald ein Blatt braun geworden ist, bef\u00fcrchte ich, dass es f\u00fcr die Saison kein Rettung gibt. Knusprig ist knusprig, aus Mangel an einem besseren Satz. Es wird nicht zu Gr\u00fcn zur\u00fcckgekehrt, egal wie z\u00e4rtlich Sie gie\u00dfen. Das hei\u00dft aber nicht, dass alles verloren ist. Ihr Baum sagt Ihnen etwas, daher ist es wichtig, die Wachstumsbedingungen zuzuh\u00f6ren und zu optimieren. Hier sind f\u00fcnf h\u00e4ufige Gr\u00fcnde f\u00fcr Blattskorch mit Tipps, wie Sie in diesem Sommer Ihre japanischen Ahornb\u00e4ume retten k\u00f6nnen.<\/p>\n<div class=\"van_vid_carousel\">\n<div class=\"van_vid_carousel__padding\">\n<div class=\"van_vid_carousel__container\"><\/div>\n<\/div>\n<\/div>\n<figure class=\"van-image-figure inline-layout \" data-bordeaux-image-check>\n<div class=\"image-full-width-wrapper\">\n<div class=\"image-widthsetter\" style=\"max-width:2400px;\"><\/div>\n<\/div>\n<\/figure>\n<h2 id=\"why-are-my-japanese-maple-leaves-turning-brown-3\">Warum werden meine japanischen Ahornbl\u00e4tter braun?<\/h2>\n<aside data-block-type=\"embed\" data-render-type=\"fte\" data-skip=\"dealsy\" data-widget-type=\"seasonal\" class=\"hawk-base\"><\/aside>\n<p>Japanische Ahorns k\u00f6nnen von der US-amerikanischen H\u00e4rte Zone 5 bis Zone 8 angebaut werden, idealerweise in einer Teilschattenposition mit feuchten, aber nie verw\u00e4sserten Boden.<\/p>\n<div id=\"ad-unit-2\" class=\"ad-unit\"><\/div>\n<p>Sie sind normalerweise hart und belastbar, aber braunes Laub ist ein Zeichen daf\u00fcr, dass Ihr Baum nicht gl\u00fccklich ist. Hier sind f\u00fcnf h\u00e4ufige Ursachen und Tipps, um japanische Maples wiederzubeleben, die ich w\u00e4hrend meiner Zeit als professioneller G\u00e4rtner gelernt habe.<\/p>\n<h3 class=\"article-body__section\" id=\"section-1-too-much-sun\"><span>1.. Zu viel Sonne<\/span><\/h3>\n<figure class=\"van-image-figure inline-layout \" data-bordeaux-image-check>\n<div class=\"image-full-width-wrapper\">\n<div class=\"image-widthsetter\" style=\"max-width:2000px;\"><\/div>\n<\/div>\n<\/figure>\n<p>Nach meiner Erfahrung ist zu viel Sonne normalerweise das Problem, wenn ein japanischer Ahorn etwas trocken und knusprig aussieht.<\/p>\n<p>Dies sind Waldpflanzen, und unabh\u00e4ngig von den Sorten japanischer Ahorn in Ihrem Garten k\u00f6nnen sie alle in Teil-Teilen-Schatten am besten sind.<\/p>\n<p>Wenn Sie also japanische Maples in T\u00f6pfen anbauen, ist dies leicht zu korrigieren. Bewegen Sie Ihren Topf einfach an einen Ort mit Morgensonnen (weit zum Baum) und am Nachmittagsschatten (weitaus intensiver).<\/p>\n<p>Probieren Sie diese rustikalen Holzpflanzen -Caddies, die \u00fcber Walmart erh\u00e4ltlich sind, um Pflanzen von A nach B zu rollen, ohne sich selbst zu schaden.<\/p>\n<p>Wenn Sie im Boden wachsen, ist dies schwieriger zu verhindern, au\u00dfer dass Sie Ihren Garten zerrei\u00dfen und den Baum anheben, was ihn t\u00f6ten k\u00f6nnte. Der Baum sollte nicht sterben, aber er k\u00f6nnte f\u00fcr den Rest der Saison ein wenig ungl\u00fccklich aussehen. Achten Sie nur darauf, dass Sie in diesen Tagen mit hoher Hitze und hellem Sonnenschein die tiefgreifende Bew\u00e4sserung beibehalten.<\/p>\n<p>Alternativ k\u00f6nnen Sie f\u00fcr kleinere Exemplare ein Plant -Schattenschutzblatt verwenden, das bei Amazon erh\u00e4ltlich ist. Obwohl es etwas extrem erscheinen mag, verwenden Sie, wenn Sie sehr besorgt sind, einfach ein solches Blatt f\u00fcr die Nachmittagsstunden und entfernen Sie es nach Abschluss der Hitze des Tages.<\/p>\n<h3 class=\"article-body__section\" id=\"section-2-not-enough-water\"><span>2. Nicht genug Wasser<\/span><\/h3>\n<figure class=\"van-image-figure inline-layout \" data-bordeaux-image-check>\n<div class=\"image-full-width-wrapper\">\n<div class=\"image-widthsetter\" style=\"max-width:2000px;\"><\/div>\n<\/div>\n<\/figure>\n<p>Eine weitere h\u00e4ufige Ursache f\u00fcr Blattskorch ist normalerweise unter Wasser. Wenn sich Ihr Baum in einem Topf befindet, m\u00fcssen Sie viel \u00f6fter, sogar t\u00e4glich im Spitzen Sommer.<\/p>\n<p>Ich bin immer erstaunt, wie schnell T\u00f6pfe austrocknen k\u00f6nnen, und ohne Wasser kann Ihr Baum in wenigen Wochen (sogar Tagen) trocken und knusprig werden.<\/p>\n<p>B\u00e4ume im Boden werden auch k\u00e4mpfen, wenn es eine Trockenzauber gibt, zumal ihre Wurzeln normalerweise ziemlich flach sind. Stellen Sie sicher, dass Sie den Boden ordnungsgem\u00e4\u00df einweichen, anstatt eine leichte Bew\u00e4sserung.<\/p>\n<p>Wenn Ihr Wasserhahn weit entfernt ist, sparen Sie sich mehrere Reisen mit der Bew\u00e4sserung, indem Sie einen ausziehbaren Gartenschlauch verwenden. Probieren Sie diesen hoch bewerteten 50-Fu\u00df-Schlauch, der \u00fcber Amazon erh\u00e4ltlich ist.<\/p>\n<div class=\"min-h-(270px) mb-4\" id=\"viafoura-engagement-starter-wrapper\" data-component-name=\"Elk:Embed:EngagementStarter\">\n<div class=\"viafoura\">\n<vf-conversation-starter target=\"viafoura-comments\" title=\"Japanese maple and heat stress\" description=\"How are your tree performing this summer?\" minimum-comment-count=\"5\"><br \/>\n<\/vf-conversation-starter>\n<\/div>\n<\/div>\n<h3 class=\"article-body__section\" id=\"section-3-heat-stress\"><span>3. Hitzestress<\/span><\/h3>\n<figure class=\"van-image-figure inline-layout \" data-bordeaux-image-check>\n<div class=\"image-full-width-wrapper\">\n<div class=\"image-widthsetter\" style=\"max-width:2400px;\"><\/div>\n<\/div>\n<\/figure>\n<p>Selbst mit ausreichendem Wasser und Schutz vor der Sonne am Nachmittag kann extreme Hitze Ihren japanischen Ahorn \u00fcberw\u00e4ltigen. Und in hei\u00dfen Sommer, denen wir in diesem Jahr erleben, wird Hitzebestne Br\u00e4unungslaub verursachen.<\/p>\n<p>Leider k\u00f6nnen Sie dies nicht immer reparieren, aber ein Tipp, den mir beigebracht wurde, besteht darin, sicherzustellen, dass Sie im Sommer japanische Maples mulchen, die die Wurzeln k\u00fchl halten und Feuchtigkeit sperren.<\/p>\n<p>In Bezug auf das, was beim Mulching verwendet werden soll, verwende ich Rindenchips oder hausgemachte gut gerottete Blattform, aber jeder organische Mulch (erh\u00e4ltlich bei Amazon) wird die Aufgabe erledigen.<\/p>\n<h3 class=\"article-body__section\" id=\"section-4-fertilizer-burn\"><span>4. D\u00fcnger brennen<\/span><\/h3>\n<figure class=\"van-image-figure inline-layout \" data-bordeaux-image-check>\n<div class=\"image-full-width-wrapper\">\n<div class=\"image-widthsetter\" style=\"max-width:2400px;\"><\/div>\n<\/div>\n<\/figure>\n<p>Ich finde, dass japanische Ahorns keine reichhaltigen, schweren Feeds m\u00f6gen, besonders im Sommer. Wenn Sie k\u00fcrzlich einen schnell wirkenden oder chemischen D\u00fcnger angewendet und kurz danach ein Blattbr\u00e4unungsbraun bemerkt haben, kann dies zu Stress und braunem Laub f\u00fchren.<\/p>\n<p>Im Allgemeinen ist die beste Zeit, um japanische Maples zu d\u00fcngen, der fr\u00fche Fr\u00fchling, und ich w\u00fcrde vor \u00dcberf\u00fctterung warnen, was ein h\u00e4ufiger befruchtender Fehler ist. Ich w\u00fcrde es vermeiden, w\u00e4hrend der sengenden Sommermonate jederzeit nach Juni zu f\u00fcttern.<\/p>\n<h3 class=\"article-body__section\" id=\"section-5-wind-exposure\"><span>5. Windbelichtung<\/span><\/h3>\n<figure class=\"van-image-figure inline-layout \" data-bordeaux-image-check>\n<div class=\"image-full-width-wrapper\">\n<div class=\"image-widthsetter\" style=\"max-width:2400px;\"><\/div>\n<\/div>\n<\/figure>\n<p>Mein Gro\u00dfvater war aus einem Grund nicht in der Lage, japanische Ahornb\u00e4ume anzubauen: K\u00fcstenwind, was ein Problem entlang der K\u00fcste in Cornwall ist. Einfach ausgedr\u00fcckt, sie m\u00f6gen keinen Wind und sind auch salzempfindlich.<\/p>\n<p>Die guten Nachrichten? F\u00fcr Ahorn in T\u00f6pfen k\u00f6nnen Sie einfach Container f\u00fcr kurze Zeit in eine gesch\u00fctzte Ecke oder eine Ecke bringen.<\/p>\n<p>F\u00fcr Ahorn, die im Boden wachsen, ist dies jedoch etwas schwieriger. Eine L\u00f6sung k\u00f6nnte ein lebendiger gr\u00fcner Windschutz sein, so etwas wie ein fester Eibenhecken oder ein Container -Bambusbildschirm, der anf\u00e4lligere Teile des Hofes vor starken Winden sch\u00fctzen kann.<\/p>\n<p>Wenn dies jedoch viel Aufhebens erscheint, ist es m\u00f6glicherweise nur der Fall, dass dies in offenen, windigen Gebieten nicht die Art ist, die zu wachsen ist.<\/p>\n<h3 class=\"article-body__section\" id=\"section-faqs\"><span>FAQs<\/span><\/h3>\n<h2 id=\"what-varieties-of-japanese-maple-can-tolerate-sun-3\">Welche Sorten japanischer Ahorn k\u00f6nnen die Sonne tolerieren?<\/h2>\n<p>Wenn Sie gerne japanische Ahornes anbauen m\u00f6chten, aber keinen Schatten haben, w\u00e4re eine Spitze, sie unter dem Baldachin eines anderen, gr\u00f6\u00dferen Baumes zu z\u00fcchten, der toleranter gegen\u00fcber Sonnenschein ist. Oder w\u00e4hlen Sie alternativ eine der sonnen-toleranten japanischen Ahornsorten wie &#8222;Bloodgood&#8220; mit einem bemerkenswerten purpurroten Laub. Live -Bloodgood -Ahornb\u00e4ume sind bei Amazon erh\u00e4ltlich.<\/p>\n<p>Unabh\u00e4ngig von der Ursache f\u00fcr Ihre japanischen Maples wird dies wahrscheinlich ein vor\u00fcbergehendes Anliegen sein. W\u00e4hrend es jetzt ein wenig unansehnlich aussieht, sollte Ihr Baum zur\u00fcckprallen und im n\u00e4chsten Fr\u00fchling mit einem \u00fcppigen neuen Laub zur\u00fcckkehren. Mein Top -Tipp: Halten Sie in den letzten Monaten der Vegetationsperiode ein Auge auf das Bew\u00e4ssern.<\/p>\n<p>Weitere Inspirationen finden Sie in unserem Leitfaden zum \u00c4ndern der Farbe japanischer Maples.<\/p>\n<h2 id=\"shop-gardening-essentials-3\">Kaufmantel<\/h2>\n<div class=\"product-container hero-product-container product-block-no-wrap\">\n<div class=\"product-block-row\"><\/div>\n<div class=\"product-block-row\"><\/div>\n<div class=\"product-block-row\"><\/div>\n<\/div>\n<div class=\"block\" id=\"articleTag\" data-component-name=\"PostArticleLinks\">\n<div class=\"border-b border-b-black border-solid py-2.5 text-black font-bold uppercase\">Themen<\/div>\n<nav class=\"py-2.5 flex gap-2.5 flex-wrap\" data-analytics-id=\"article-tag\">\n<p>B\u00e4ume<br \/>\n<\/nav>\n<\/div>\n<\/div>\n","protected":false},"excerpt":{"rendered":"<p>Egal, ob Sie ein tiefe purpurrote &#8222;Blutgood&#8220; -Probe z\u00fcchten oder vielleicht eine s\u00e4uregr\u00fcne Smaragdspitze im Hof haben, es gibt nichts Sch\u00f6neres als die lebendigen \u00dcberd\u00e4cher<\/p>\n","protected":false},"author":1,"featured_media":6566,"comment_status":"closed","ping_status":"","sticky":false,"template":"","format":"standard","meta":{"footnotes":""},"categories":[118],"tags":[8988,3408,3448,43,1035,2098,7423,325,8213,1054,6299,230,165,1670,744,27,26],"class_list":["post-6565","post","type-post","status-publish","format-standard","has-post-thumbnail","hentry","category-haus-garten","tag-ahornblaetter","tag-baum","tag-braun","tag-ein","tag-enthuellt","tag-gaertner","tag-gemeinsame","tag-ihren","tag-japanischen","tag-meine","tag-professioneller","tag-retten","tag-sie","tag-ursachen","tag-warum","tag-werden","tag-wie","generate-columns","tablet-grid-50","mobile-grid-100","grid-parent","grid-50"],"yoast_head":"<!-- This site is optimized with the Yoast SEO plugin v27.3 - https:\/\/yoast.com\/product\/yoast-seo-wordpress\/ -->\n<title>Warum werden meine japanischen Ahornbl\u00e4tter braun? Ein professioneller G\u00e4rtner enth\u00fcllt 5 gemeinsame Ursachen (plus, wie Sie Ihren Baum retten) - Nachrichten - Stra\u00dfenweb<\/title>\n<meta name=\"robots\" content=\"index, follow, max-snippet:-1, max-image-preview:large, max-video-preview:-1\" \/>\n<link rel=\"canonical\" href=\"https:\/\/www.strassenweb.de\/nachrichten\/warum-werden-meine-japanischen-ahornblaetter-braun-ein-professioneller-gaertner-enthuellt-5-gemeinsame-ursachen-plus-wie-sie-ihren-baum-retten\/\" \/>\n<meta property=\"og:locale\" content=\"de_DE\" \/>\n<meta property=\"og:type\" content=\"article\" \/>\n<meta property=\"og:title\" content=\"Warum werden meine japanischen Ahornbl\u00e4tter braun? Ein professioneller G\u00e4rtner enth\u00fcllt 5 gemeinsame Ursachen (plus, wie Sie Ihren Baum retten) - Nachrichten - Stra\u00dfenweb\" \/>\n<meta property=\"og:description\" content=\"Egal, ob Sie ein tiefe purpurrote &#8222;Blutgood&#8220; -Probe z\u00fcchten oder vielleicht eine s\u00e4uregr\u00fcne Smaragdspitze im Hof haben, es gibt nichts Sch\u00f6neres als die lebendigen \u00dcberd\u00e4cher\" \/>\n<meta property=\"og:url\" content=\"https:\/\/www.strassenweb.de\/nachrichten\/warum-werden-meine-japanischen-ahornblaetter-braun-ein-professioneller-gaertner-enthuellt-5-gemeinsame-ursachen-plus-wie-sie-ihren-baum-retten\/\" \/>\n<meta property=\"og:site_name\" content=\"Stra\u00dfenweb\" \/>\n<meta property=\"article:publisher\" content=\"https:\/\/www.facebook.com\/strassenweb\/\" \/>\n<meta property=\"article:published_time\" content=\"2025-07-30T08:41:02+00:00\" \/>\n<meta property=\"article:modified_time\" content=\"2025-07-30T08:41:03+00:00\" \/>\n<meta property=\"og:image\" content=\"https:\/\/www.strassenweb.de\/nachrichten\/wp-content\/uploads\/2025\/07\/Warum-werden-meine-japanischen-Ahornblaetter-braun-Ein-professioneller-Gaertner-enthuellt.jpg\" \/>\n\t<meta property=\"og:image:width\" content=\"1600\" \/>\n\t<meta property=\"og:image:height\" content=\"900\" \/>\n\t<meta property=\"og:image:type\" content=\"image\/jpeg\" \/>\n<meta name=\"author\" content=\"Robert Hoffmann\" \/>\n<meta name=\"twitter:card\" content=\"summary_large_image\" \/>\n<meta name=\"twitter:label1\" content=\"Verfasst von\" \/>\n\t<meta name=\"twitter:data1\" content=\"Robert Hoffmann\" \/>\n\t<meta name=\"twitter:label2\" content=\"Gesch\u00e4tzte Lesezeit\" \/>\n\t<meta name=\"twitter:data2\" content=\"6\u00a0Minuten\" \/>\n<script type=\"application\/ld+json\" class=\"yoast-schema-graph\">{\"@context\":\"https:\\\/\\\/schema.org\",\"@graph\":[{\"@type\":\"Article\",\"@id\":\"https:\\\/\\\/www.strassenweb.de\\\/nachrichten\\\/warum-werden-meine-japanischen-ahornblaetter-braun-ein-professioneller-gaertner-enthuellt-5-gemeinsame-ursachen-plus-wie-sie-ihren-baum-retten\\\/#article\",\"isPartOf\":{\"@id\":\"https:\\\/\\\/www.strassenweb.de\\\/nachrichten\\\/warum-werden-meine-japanischen-ahornblaetter-braun-ein-professioneller-gaertner-enthuellt-5-gemeinsame-ursachen-plus-wie-sie-ihren-baum-retten\\\/\"},\"author\":{\"name\":\"Robert Hoffmann\",\"@id\":\"https:\\\/\\\/www.strassenweb.de\\\/nachrichten\\\/#\\\/schema\\\/person\\\/87c9c9067f1211da429a744dc5a5aa41\"},\"headline\":\"Warum werden meine japanischen Ahornbl\u00e4tter braun? Ein professioneller G\u00e4rtner enth\u00fcllt 5 gemeinsame Ursachen (plus, wie Sie Ihren Baum retten)\",\"datePublished\":\"2025-07-30T08:41:02+00:00\",\"dateModified\":\"2025-07-30T08:41:03+00:00\",\"mainEntityOfPage\":{\"@id\":\"https:\\\/\\\/www.strassenweb.de\\\/nachrichten\\\/warum-werden-meine-japanischen-ahornblaetter-braun-ein-professioneller-gaertner-enthuellt-5-gemeinsame-ursachen-plus-wie-sie-ihren-baum-retten\\\/\"},\"wordCount\":1137,\"publisher\":{\"@id\":\"https:\\\/\\\/www.strassenweb.de\\\/nachrichten\\\/#organization\"},\"image\":{\"@id\":\"https:\\\/\\\/www.strassenweb.de\\\/nachrichten\\\/warum-werden-meine-japanischen-ahornblaetter-braun-ein-professioneller-gaertner-enthuellt-5-gemeinsame-ursachen-plus-wie-sie-ihren-baum-retten\\\/#primaryimage\"},\"thumbnailUrl\":\"https:\\\/\\\/www.strassenweb.de\\\/nachrichten\\\/wp-content\\\/uploads\\\/2025\\\/07\\\/Warum-werden-meine-japanischen-Ahornblaetter-braun-Ein-professioneller-Gaertner-enthuellt.jpg\",\"keywords\":[\"Ahornbl\u00e4tter\",\"Baum\",\"Braun\",\"ein\",\"enth\u00fcllt\",\"G\u00e4rtner\",\"gemeinsame\",\"ihren\",\"japanischen\",\"meine\",\"professioneller\",\"retten\",\"Sie\",\"Ursachen\",\"warum\",\"werden\",\"Wie\"],\"articleSection\":[\"Haus &amp; Garten\"],\"inLanguage\":\"de\"},{\"@type\":\"WebPage\",\"@id\":\"https:\\\/\\\/www.strassenweb.de\\\/nachrichten\\\/warum-werden-meine-japanischen-ahornblaetter-braun-ein-professioneller-gaertner-enthuellt-5-gemeinsame-ursachen-plus-wie-sie-ihren-baum-retten\\\/\",\"url\":\"https:\\\/\\\/www.strassenweb.de\\\/nachrichten\\\/warum-werden-meine-japanischen-ahornblaetter-braun-ein-professioneller-gaertner-enthuellt-5-gemeinsame-ursachen-plus-wie-sie-ihren-baum-retten\\\/\",\"name\":\"Warum werden meine japanischen Ahornbl\u00e4tter braun? Ein professioneller G\u00e4rtner enth\u00fcllt 5 gemeinsame Ursachen (plus, wie Sie Ihren Baum retten) - Nachrichten - Stra\u00dfenweb\",\"isPartOf\":{\"@id\":\"https:\\\/\\\/www.strassenweb.de\\\/nachrichten\\\/#website\"},\"primaryImageOfPage\":{\"@id\":\"https:\\\/\\\/www.strassenweb.de\\\/nachrichten\\\/warum-werden-meine-japanischen-ahornblaetter-braun-ein-professioneller-gaertner-enthuellt-5-gemeinsame-ursachen-plus-wie-sie-ihren-baum-retten\\\/#primaryimage\"},\"image\":{\"@id\":\"https:\\\/\\\/www.strassenweb.de\\\/nachrichten\\\/warum-werden-meine-japanischen-ahornblaetter-braun-ein-professioneller-gaertner-enthuellt-5-gemeinsame-ursachen-plus-wie-sie-ihren-baum-retten\\\/#primaryimage\"},\"thumbnailUrl\":\"https:\\\/\\\/www.strassenweb.de\\\/nachrichten\\\/wp-content\\\/uploads\\\/2025\\\/07\\\/Warum-werden-meine-japanischen-Ahornblaetter-braun-Ein-professioneller-Gaertner-enthuellt.jpg\",\"datePublished\":\"2025-07-30T08:41:02+00:00\",\"dateModified\":\"2025-07-30T08:41:03+00:00\",\"breadcrumb\":{\"@id\":\"https:\\\/\\\/www.strassenweb.de\\\/nachrichten\\\/warum-werden-meine-japanischen-ahornblaetter-braun-ein-professioneller-gaertner-enthuellt-5-gemeinsame-ursachen-plus-wie-sie-ihren-baum-retten\\\/#breadcrumb\"},\"inLanguage\":\"de\",\"potentialAction\":[{\"@type\":\"ReadAction\",\"target\":[\"https:\\\/\\\/www.strassenweb.de\\\/nachrichten\\\/warum-werden-meine-japanischen-ahornblaetter-braun-ein-professioneller-gaertner-enthuellt-5-gemeinsame-ursachen-plus-wie-sie-ihren-baum-retten\\\/\"]}]},{\"@type\":\"ImageObject\",\"inLanguage\":\"de\",\"@id\":\"https:\\\/\\\/www.strassenweb.de\\\/nachrichten\\\/warum-werden-meine-japanischen-ahornblaetter-braun-ein-professioneller-gaertner-enthuellt-5-gemeinsame-ursachen-plus-wie-sie-ihren-baum-retten\\\/#primaryimage\",\"url\":\"https:\\\/\\\/www.strassenweb.de\\\/nachrichten\\\/wp-content\\\/uploads\\\/2025\\\/07\\\/Warum-werden-meine-japanischen-Ahornblaetter-braun-Ein-professioneller-Gaertner-enthuellt.jpg\",\"contentUrl\":\"https:\\\/\\\/www.strassenweb.de\\\/nachrichten\\\/wp-content\\\/uploads\\\/2025\\\/07\\\/Warum-werden-meine-japanischen-Ahornblaetter-braun-Ein-professioneller-Gaertner-enthuellt.jpg\",\"width\":1600,\"height\":900,\"caption\":\"Acer palmatum \u2018Elegans&amp;#039;\"},{\"@type\":\"BreadcrumbList\",\"@id\":\"https:\\\/\\\/www.strassenweb.de\\\/nachrichten\\\/warum-werden-meine-japanischen-ahornblaetter-braun-ein-professioneller-gaertner-enthuellt-5-gemeinsame-ursachen-plus-wie-sie-ihren-baum-retten\\\/#breadcrumb\",\"itemListElement\":[{\"@type\":\"ListItem\",\"position\":1,\"name\":\"Home\",\"item\":\"https:\\\/\\\/www.strassenweb.de\\\/nachrichten\\\/\"},{\"@type\":\"ListItem\",\"position\":2,\"name\":\"Warum werden meine japanischen Ahornbl\u00e4tter braun? Ein professioneller G\u00e4rtner enth\u00fcllt 5 gemeinsame Ursachen (plus, wie Sie Ihren Baum retten)\"}]},{\"@type\":\"WebSite\",\"@id\":\"https:\\\/\\\/www.strassenweb.de\\\/nachrichten\\\/#website\",\"url\":\"https:\\\/\\\/www.strassenweb.de\\\/nachrichten\\\/\",\"name\":\"Stra\u00dfenweb\",\"description\":\"Stra\u00dfenverzeichnis f\u00fcr Deutschland\",\"publisher\":{\"@id\":\"https:\\\/\\\/www.strassenweb.de\\\/nachrichten\\\/#organization\"},\"potentialAction\":[{\"@type\":\"SearchAction\",\"target\":{\"@type\":\"EntryPoint\",\"urlTemplate\":\"https:\\\/\\\/www.strassenweb.de\\\/nachrichten\\\/?s={search_term_string}\"},\"query-input\":{\"@type\":\"PropertyValueSpecification\",\"valueRequired\":true,\"valueName\":\"search_term_string\"}}],\"inLanguage\":\"de\"},{\"@type\":\"Organization\",\"@id\":\"https:\\\/\\\/www.strassenweb.de\\\/nachrichten\\\/#organization\",\"name\":\"Stra\u00dfenweb\",\"url\":\"https:\\\/\\\/www.strassenweb.de\\\/nachrichten\\\/\",\"logo\":{\"@type\":\"ImageObject\",\"inLanguage\":\"de\",\"@id\":\"https:\\\/\\\/www.strassenweb.de\\\/nachrichten\\\/#\\\/schema\\\/logo\\\/image\\\/\",\"url\":\"https:\\\/\\\/www.strassenweb.de\\\/nachrichten\\\/wp-content\\\/uploads\\\/2024\\\/09\\\/cropped-favicon.png\",\"contentUrl\":\"https:\\\/\\\/www.strassenweb.de\\\/nachrichten\\\/wp-content\\\/uploads\\\/2024\\\/09\\\/cropped-favicon.png\",\"width\":512,\"height\":512,\"caption\":\"Stra\u00dfenweb\"},\"image\":{\"@id\":\"https:\\\/\\\/www.strassenweb.de\\\/nachrichten\\\/#\\\/schema\\\/logo\\\/image\\\/\"},\"sameAs\":[\"https:\\\/\\\/www.facebook.com\\\/strassenweb\\\/\"]},{\"@type\":\"Person\",\"@id\":\"https:\\\/\\\/www.strassenweb.de\\\/nachrichten\\\/#\\\/schema\\\/person\\\/87c9c9067f1211da429a744dc5a5aa41\",\"name\":\"Robert Hoffmann\",\"image\":{\"@type\":\"ImageObject\",\"inLanguage\":\"de\",\"@id\":\"https:\\\/\\\/www.strassenweb.de\\\/nachrichten\\\/wp-content\\\/uploads\\\/2024\\\/09\\\/strassenweb-150x150.jpg\",\"url\":\"https:\\\/\\\/www.strassenweb.de\\\/nachrichten\\\/wp-content\\\/uploads\\\/2024\\\/09\\\/strassenweb-150x150.jpg\",\"contentUrl\":\"https:\\\/\\\/www.strassenweb.de\\\/nachrichten\\\/wp-content\\\/uploads\\\/2024\\\/09\\\/strassenweb-150x150.jpg\",\"caption\":\"Robert Hoffmann\"},\"description\":\"Ich hei\u00dfe Robert Hoffmann und ich bin ein leidenschaftlicher Verfechter von \u00d6kologie und Biodiversit\u00e4t. Seit meiner Kindheit in den W\u00e4ldern Bayerns f\u00fchle ich mich mit der Natur verbunden und bin entschlossen, sie zu sch\u00fctzen. Heute widme ich mein Leben der Sensibilisierung anderer f\u00fcr die Bedeutung des Umweltschutzes f\u00fcr zuk\u00fcnftige Generationen.\",\"sameAs\":[\"https:\\\/\\\/www.strassenweb.de\\\/\"]}]}<\/script>\n<!-- \/ Yoast SEO plugin. -->","yoast_head_json":{"title":"Warum werden meine japanischen Ahornbl\u00e4tter braun? Ein professioneller G\u00e4rtner enth\u00fcllt 5 gemeinsame Ursachen (plus, wie Sie Ihren Baum retten) - Nachrichten - Stra\u00dfenweb","robots":{"index":"index","follow":"follow","max-snippet":"max-snippet:-1","max-image-preview":"max-image-preview:large","max-video-preview":"max-video-preview:-1"},"canonical":"https:\/\/www.strassenweb.de\/nachrichten\/warum-werden-meine-japanischen-ahornblaetter-braun-ein-professioneller-gaertner-enthuellt-5-gemeinsame-ursachen-plus-wie-sie-ihren-baum-retten\/","og_locale":"de_DE","og_type":"article","og_title":"Warum werden meine japanischen Ahornbl\u00e4tter braun? Ein professioneller G\u00e4rtner enth\u00fcllt 5 gemeinsame Ursachen (plus, wie Sie Ihren Baum retten) - Nachrichten - Stra\u00dfenweb","og_description":"Egal, ob Sie ein tiefe purpurrote &#8222;Blutgood&#8220; -Probe z\u00fcchten oder vielleicht eine s\u00e4uregr\u00fcne Smaragdspitze im Hof haben, es gibt nichts Sch\u00f6neres als die lebendigen \u00dcberd\u00e4cher","og_url":"https:\/\/www.strassenweb.de\/nachrichten\/warum-werden-meine-japanischen-ahornblaetter-braun-ein-professioneller-gaertner-enthuellt-5-gemeinsame-ursachen-plus-wie-sie-ihren-baum-retten\/","og_site_name":"Stra\u00dfenweb","article_publisher":"https:\/\/www.facebook.com\/strassenweb\/","article_published_time":"2025-07-30T08:41:02+00:00","article_modified_time":"2025-07-30T08:41:03+00:00","og_image":[{"width":1600,"height":900,"url":"https:\/\/www.strassenweb.de\/nachrichten\/wp-content\/uploads\/2025\/07\/Warum-werden-meine-japanischen-Ahornblaetter-braun-Ein-professioneller-Gaertner-enthuellt.jpg","type":"image\/jpeg"}],"author":"Robert Hoffmann","twitter_card":"summary_large_image","twitter_misc":{"Verfasst von":"Robert Hoffmann","Gesch\u00e4tzte Lesezeit":"6\u00a0Minuten"},"schema":{"@context":"https:\/\/schema.org","@graph":[{"@type":"Article","@id":"https:\/\/www.strassenweb.de\/nachrichten\/warum-werden-meine-japanischen-ahornblaetter-braun-ein-professioneller-gaertner-enthuellt-5-gemeinsame-ursachen-plus-wie-sie-ihren-baum-retten\/#article","isPartOf":{"@id":"https:\/\/www.strassenweb.de\/nachrichten\/warum-werden-meine-japanischen-ahornblaetter-braun-ein-professioneller-gaertner-enthuellt-5-gemeinsame-ursachen-plus-wie-sie-ihren-baum-retten\/"},"author":{"name":"Robert Hoffmann","@id":"https:\/\/www.strassenweb.de\/nachrichten\/#\/schema\/person\/87c9c9067f1211da429a744dc5a5aa41"},"headline":"Warum werden meine japanischen Ahornbl\u00e4tter braun? Ein professioneller G\u00e4rtner enth\u00fcllt 5 gemeinsame Ursachen (plus, wie Sie Ihren Baum retten)","datePublished":"2025-07-30T08:41:02+00:00","dateModified":"2025-07-30T08:41:03+00:00","mainEntityOfPage":{"@id":"https:\/\/www.strassenweb.de\/nachrichten\/warum-werden-meine-japanischen-ahornblaetter-braun-ein-professioneller-gaertner-enthuellt-5-gemeinsame-ursachen-plus-wie-sie-ihren-baum-retten\/"},"wordCount":1137,"publisher":{"@id":"https:\/\/www.strassenweb.de\/nachrichten\/#organization"},"image":{"@id":"https:\/\/www.strassenweb.de\/nachrichten\/warum-werden-meine-japanischen-ahornblaetter-braun-ein-professioneller-gaertner-enthuellt-5-gemeinsame-ursachen-plus-wie-sie-ihren-baum-retten\/#primaryimage"},"thumbnailUrl":"https:\/\/www.strassenweb.de\/nachrichten\/wp-content\/uploads\/2025\/07\/Warum-werden-meine-japanischen-Ahornblaetter-braun-Ein-professioneller-Gaertner-enthuellt.jpg","keywords":["Ahornbl\u00e4tter","Baum","Braun","ein","enth\u00fcllt","G\u00e4rtner","gemeinsame","ihren","japanischen","meine","professioneller","retten","Sie","Ursachen","warum","werden","Wie"],"articleSection":["Haus &amp; Garten"],"inLanguage":"de"},{"@type":"WebPage","@id":"https:\/\/www.strassenweb.de\/nachrichten\/warum-werden-meine-japanischen-ahornblaetter-braun-ein-professioneller-gaertner-enthuellt-5-gemeinsame-ursachen-plus-wie-sie-ihren-baum-retten\/","url":"https:\/\/www.strassenweb.de\/nachrichten\/warum-werden-meine-japanischen-ahornblaetter-braun-ein-professioneller-gaertner-enthuellt-5-gemeinsame-ursachen-plus-wie-sie-ihren-baum-retten\/","name":"Warum werden meine japanischen Ahornbl\u00e4tter braun? Ein professioneller G\u00e4rtner enth\u00fcllt 5 gemeinsame Ursachen (plus, wie Sie Ihren Baum retten) - Nachrichten - Stra\u00dfenweb","isPartOf":{"@id":"https:\/\/www.strassenweb.de\/nachrichten\/#website"},"primaryImageOfPage":{"@id":"https:\/\/www.strassenweb.de\/nachrichten\/warum-werden-meine-japanischen-ahornblaetter-braun-ein-professioneller-gaertner-enthuellt-5-gemeinsame-ursachen-plus-wie-sie-ihren-baum-retten\/#primaryimage"},"image":{"@id":"https:\/\/www.strassenweb.de\/nachrichten\/warum-werden-meine-japanischen-ahornblaetter-braun-ein-professioneller-gaertner-enthuellt-5-gemeinsame-ursachen-plus-wie-sie-ihren-baum-retten\/#primaryimage"},"thumbnailUrl":"https:\/\/www.strassenweb.de\/nachrichten\/wp-content\/uploads\/2025\/07\/Warum-werden-meine-japanischen-Ahornblaetter-braun-Ein-professioneller-Gaertner-enthuellt.jpg","datePublished":"2025-07-30T08:41:02+00:00","dateModified":"2025-07-30T08:41:03+00:00","breadcrumb":{"@id":"https:\/\/www.strassenweb.de\/nachrichten\/warum-werden-meine-japanischen-ahornblaetter-braun-ein-professioneller-gaertner-enthuellt-5-gemeinsame-ursachen-plus-wie-sie-ihren-baum-retten\/#breadcrumb"},"inLanguage":"de","potentialAction":[{"@type":"ReadAction","target":["https:\/\/www.strassenweb.de\/nachrichten\/warum-werden-meine-japanischen-ahornblaetter-braun-ein-professioneller-gaertner-enthuellt-5-gemeinsame-ursachen-plus-wie-sie-ihren-baum-retten\/"]}]},{"@type":"ImageObject","inLanguage":"de","@id":"https:\/\/www.strassenweb.de\/nachrichten\/warum-werden-meine-japanischen-ahornblaetter-braun-ein-professioneller-gaertner-enthuellt-5-gemeinsame-ursachen-plus-wie-sie-ihren-baum-retten\/#primaryimage","url":"https:\/\/www.strassenweb.de\/nachrichten\/wp-content\/uploads\/2025\/07\/Warum-werden-meine-japanischen-Ahornblaetter-braun-Ein-professioneller-Gaertner-enthuellt.jpg","contentUrl":"https:\/\/www.strassenweb.de\/nachrichten\/wp-content\/uploads\/2025\/07\/Warum-werden-meine-japanischen-Ahornblaetter-braun-Ein-professioneller-Gaertner-enthuellt.jpg","width":1600,"height":900,"caption":"Acer palmatum \u2018Elegans&amp;#039;"},{"@type":"BreadcrumbList","@id":"https:\/\/www.strassenweb.de\/nachrichten\/warum-werden-meine-japanischen-ahornblaetter-braun-ein-professioneller-gaertner-enthuellt-5-gemeinsame-ursachen-plus-wie-sie-ihren-baum-retten\/#breadcrumb","itemListElement":[{"@type":"ListItem","position":1,"name":"Home","item":"https:\/\/www.strassenweb.de\/nachrichten\/"},{"@type":"ListItem","position":2,"name":"Warum werden meine japanischen Ahornbl\u00e4tter braun? Ein professioneller G\u00e4rtner enth\u00fcllt 5 gemeinsame Ursachen (plus, wie Sie Ihren Baum retten)"}]},{"@type":"WebSite","@id":"https:\/\/www.strassenweb.de\/nachrichten\/#website","url":"https:\/\/www.strassenweb.de\/nachrichten\/","name":"Stra\u00dfenweb","description":"Stra\u00dfenverzeichnis f\u00fcr Deutschland","publisher":{"@id":"https:\/\/www.strassenweb.de\/nachrichten\/#organization"},"potentialAction":[{"@type":"SearchAction","target":{"@type":"EntryPoint","urlTemplate":"https:\/\/www.strassenweb.de\/nachrichten\/?s={search_term_string}"},"query-input":{"@type":"PropertyValueSpecification","valueRequired":true,"valueName":"search_term_string"}}],"inLanguage":"de"},{"@type":"Organization","@id":"https:\/\/www.strassenweb.de\/nachrichten\/#organization","name":"Stra\u00dfenweb","url":"https:\/\/www.strassenweb.de\/nachrichten\/","logo":{"@type":"ImageObject","inLanguage":"de","@id":"https:\/\/www.strassenweb.de\/nachrichten\/#\/schema\/logo\/image\/","url":"https:\/\/www.strassenweb.de\/nachrichten\/wp-content\/uploads\/2024\/09\/cropped-favicon.png","contentUrl":"https:\/\/www.strassenweb.de\/nachrichten\/wp-content\/uploads\/2024\/09\/cropped-favicon.png","width":512,"height":512,"caption":"Stra\u00dfenweb"},"image":{"@id":"https:\/\/www.strassenweb.de\/nachrichten\/#\/schema\/logo\/image\/"},"sameAs":["https:\/\/www.facebook.com\/strassenweb\/"]},{"@type":"Person","@id":"https:\/\/www.strassenweb.de\/nachrichten\/#\/schema\/person\/87c9c9067f1211da429a744dc5a5aa41","name":"Robert Hoffmann","image":{"@type":"ImageObject","inLanguage":"de","@id":"https:\/\/www.strassenweb.de\/nachrichten\/wp-content\/uploads\/2024\/09\/strassenweb-150x150.jpg","url":"https:\/\/www.strassenweb.de\/nachrichten\/wp-content\/uploads\/2024\/09\/strassenweb-150x150.jpg","contentUrl":"https:\/\/www.strassenweb.de\/nachrichten\/wp-content\/uploads\/2024\/09\/strassenweb-150x150.jpg","caption":"Robert Hoffmann"},"description":"Ich hei\u00dfe Robert Hoffmann und ich bin ein leidenschaftlicher Verfechter von \u00d6kologie und Biodiversit\u00e4t. Seit meiner Kindheit in den W\u00e4ldern Bayerns f\u00fchle ich mich mit der Natur verbunden und bin entschlossen, sie zu sch\u00fctzen. Heute widme ich mein Leben der Sensibilisierung anderer f\u00fcr die Bedeutung des Umweltschutzes f\u00fcr zuk\u00fcnftige Generationen.","sameAs":["https:\/\/www.strassenweb.de\/"]}]}},"_links":{"self":[{"href":"https:\/\/www.strassenweb.de\/nachrichten\/wp-json\/wp\/v2\/posts\/6565","targetHints":{"allow":["GET"]}}],"collection":[{"href":"https:\/\/www.strassenweb.de\/nachrichten\/wp-json\/wp\/v2\/posts"}],"about":[{"href":"https:\/\/www.strassenweb.de\/nachrichten\/wp-json\/wp\/v2\/types\/post"}],"author":[{"embeddable":true,"href":"https:\/\/www.strassenweb.de\/nachrichten\/wp-json\/wp\/v2\/users\/1"}],"replies":[{"embeddable":true,"href":"https:\/\/www.strassenweb.de\/nachrichten\/wp-json\/wp\/v2\/comments?post=6565"}],"version-history":[{"count":0,"href":"https:\/\/www.strassenweb.de\/nachrichten\/wp-json\/wp\/v2\/posts\/6565\/revisions"}],"wp:featuredmedia":[{"embeddable":true,"href":"https:\/\/www.strassenweb.de\/nachrichten\/wp-json\/wp\/v2\/media\/6566"}],"wp:attachment":[{"href":"https:\/\/www.strassenweb.de\/nachrichten\/wp-json\/wp\/v2\/media?parent=6565"}],"wp:term":[{"taxonomy":"category","embeddable":true,"href":"https:\/\/www.strassenweb.de\/nachrichten\/wp-json\/wp\/v2\/categories?post=6565"},{"taxonomy":"post_tag","embeddable":true,"href":"https:\/\/www.strassenweb.de\/nachrichten\/wp-json\/wp\/v2\/tags?post=6565"}],"curies":[{"name":"wp","href":"https:\/\/api.w.org\/{rel}","templated":true}]}}