{"id":6562,"date":"2025-07-30T07:42:28","date_gmt":"2025-07-30T05:42:28","guid":{"rendered":"https:\/\/www.strassenweb.de\/nachrichten\/ich-habe-das-gefuehl-dass-sie-die-regale-meines-lebens-sind-wie-chefkoch-clodagh-mckenna-eine-dunkle-kueche-in-einen-warmen-persoenlichen-raum-verwandelt-hat-der-die-funktionalitaet-und-den-leben\/"},"modified":"2025-07-30T07:42:30","modified_gmt":"2025-07-30T05:42:30","slug":"ich-habe-das-gefuehl-dass-sie-die-regale-meines-lebens-sind-wie-chefkoch-clodagh-mckenna-eine-dunkle-kueche-in-einen-warmen-persoenlichen-raum-verwandelt-hat-der-die-funktionalitaet-und-den-leben","status":"publish","type":"post","link":"https:\/\/www.strassenweb.de\/nachrichten\/ich-habe-das-gefuehl-dass-sie-die-regale-meines-lebens-sind-wie-chefkoch-clodagh-mckenna-eine-dunkle-kueche-in-einen-warmen-persoenlichen-raum-verwandelt-hat-der-die-funktionalitaet-und-den-leben\/","title":{"rendered":"&#8222;Ich habe das Gef\u00fchl, dass sie die Regale meines Lebens sind&#8220;-wie Chefkoch Clodagh McKenna eine dunkle K\u00fcche in einen warmen, pers\u00f6nlichen Raum verwandelt hat, der die Funktionalit\u00e4t und den Lebensstil fachm\u00e4nnisch ausgleichen"},"content":{"rendered":"<p><\/p>\n<div id=\"article-body\" class=\"article__body \">\n<p><em>Zimmerrezepte sind unsere neue Serie, in der wir uns mit den emotionalen Auswirkungen eines wundersch\u00f6n gestalteten Raums befassen. Wir entdecken, wie Designer, Geschmacksmacher und Hausbesitzer ihre R\u00e4ume geschaffen und kuratiert haben, welche Schl\u00fcsselelemente das Design definieren und wie sie den Alltag ver\u00e4ndert haben.<\/em><\/p>\n<div id=\"ad-unit-1\" class=\"ad-unit\"><\/div>\n<p>Als professioneller K\u00fcchenchef ist Clodagh McKenna kein Fremder einer gut funktionierenden K\u00fcche. Aber in ihrem eigenen Zuhause wollte sie, dass ihr Kochraum ein betrachtetes Gleichgewicht zwischen Sch\u00f6nheit und Funktionalit\u00e4t ist.<\/p>\n<aside data-block-type=\"embed\" data-render-type=\"fte\" data-skip=\"disabled\" data-widget-type=\"seasonal\" class=\"hawk-base\"><\/aside>\n<p>Ihr Zuhause, ein dreist\u00f6ckiges Stadthaus, eingebettet in einem ruhigen Viertel von Chelsea, war eine Miete, als sie es kaufte und sie mit einem vollst\u00e4ndigen Umbau an den H\u00e4nden lie\u00df. &#8218;Alles war dort sehr vor\u00fcbergehend. Es gab kein Licht; Es war ein sehr geschlossenes, kleines Zimmer \u201c, erinnert sie sich.<\/p>\n<p>So verwandelte sie ihre K\u00fcche von der neu gestalteten Layout bis zur Erw\u00e4rmungsfarbpalette und der gesammelten Dekor, die ihre K\u00fcche von dunkel und deprimierend zu einem einladenden personalisierten Hafen verwandelte &#8211; und die Schl\u00fcsselelemente, die f\u00fcr die Gestaltung einer K\u00fcche entscheidend waren, die sie wirklich liebt.<\/p>\n<h3 class=\"article-body__section\" id=\"section-the-kitchen-layout\"><span>Das K\u00fcchenlayout<\/span><\/h3>\n<figure class=\"van-image-figure inline-layout \" data-bordeaux-image-check>\n<div class=\"image-full-width-wrapper\">\n<div class=\"image-widthsetter\" style=\"max-width:4000px;\"><\/div>\n<\/div>\n<\/figure>\n<p>W\u00e4hrend wir uns alle nach einer wundersch\u00f6n gestalteten K\u00fcche sehnen, die an unserem Designstil haftet, war Clodagh w\u00e4hrend des Neugestaltungsprozesses sehr klar, dass die Funktionalit\u00e4t an erster Stelle kam. Als Koch musste sie leicht kochen, backen und experimentieren k\u00f6nnen &#8211; und eine K\u00fcche mit Ger\u00e4ten und Merkmalen am richtigen Ort war der Schl\u00fcssel.<\/p>\n<div id=\"ad-unit-2\" class=\"ad-unit\"><\/div>\n<p>Eine vollst\u00e4ndig eingebaute K\u00fcche mit Schr\u00e4nken, die jeden Zentimeter verf\u00fcgbarer Wandraum bedecken, war \u00fcberf\u00fcllt und allzu sperrig. \u201eEs war alles wei\u00df und f\u00fchlte sich einfach sehr deprimierend, als ich hineinging. Es war wie der Carrie Bradshaw -Moment, als sie das Stadthaus sah und dann den Schrank mit Big sah. Es war wie, oh mein Gott, wir lieben das Haus und es war unglaublich, aber die K\u00fcche war nicht gut. &#8218;<\/p>\n<p>Durch das Ausriss des gesamten Raumes konnte sie den Raum in eine K\u00fcche neu interpretieren, die sich gem\u00fctlich, einladend und sch\u00f6n anf\u00fchlte, und gleichzeitig die f\u00fcr einen Koch erforderliche allt\u00e4gliche Funktionalit\u00e4t nagelte. Sie f\u00fcgte nicht nur ein Dachlicht hinzu und \u00f6ffnete den Raum f\u00fcr einen helleren Raum, sondern konfigurierte das gesamte K\u00fcchenlayout f\u00fcr einen besseren Fluss.<\/p>\n<p>\u201eDie gr\u00f6\u00dfte Herausforderung bestand darin, alles richtig zu gestalten, bevor ich die Bauherren und Tischler ihre Arbeit erledigen lie\u00df. Ich hatte alle meine Restaurants in Dublin schon einmal entworfen, und weil ich ein Koch bin, war es f\u00fcr mich wahrscheinlich einfacher als f\u00fcr viele Leute, eine K\u00fcche zu entwerfen. Ich habe den gr\u00f6\u00dften Teil meines Lebens in diesem Raum gearbeitet, also war ich sehr wohl damit, es zu entwerfen \u201c, bemerkt sie.<\/p>\n<figure class=\"van-image-figure inline-layout \" data-bordeaux-image-check>\n<div class=\"image-full-width-wrapper\">\n<div class=\"image-widthsetter\" style=\"max-width:3200px;\"><\/div>\n<\/div>\n<\/figure>\n<p>Sie begann aus einer sehr funktionalen Perspektive, als sie \u00fcberlegte, wie sie den Raum nutzen wollte und wie sie in die Ger\u00e4te passen w\u00fcrde, wie ein Doppelk\u00fchlschrank, einen gro\u00dfen Ofen und einen Weink\u00fchlschrank sowie eine gro\u00dfe K\u00fccheninsel. Und sie verwendete eine geniale Methode, um sicherzustellen, dass alles am richtigen Ort entworfen wurde.<\/p>\n<p>\u00bbAls alles ausgehoben wurde, bekam ich Kisten und verbrachte ein paar Wochen damit, die Kisten in der K\u00fcche f\u00fcr die \u00d6fen und die verschiedenen Elemente zu platzieren, und arbeitete von dort aus&#8220;, sagt sie und erkl\u00e4rt, dass sie Mock-ups der Hauptmerkmale erstellt hat.<\/p>\n<p>\u00bbIch habe eine Menge Kisten f\u00fcr meine Insel und die Kisten f\u00fcr den K\u00fchlschrank, den Ofen, den Waschbecken, den Weink\u00fchlschrank und den Geschirrsp\u00fcler gemacht. Ich bewegte mich immer wieder in der K\u00fcche und dachte, okay, wenn ich hier hacken, wo werden meine M\u00fclleimer sein? Die M\u00fclleimer werden unter der Insel sein, daher muss ich mich nicht von dem, wo ich Essen vorbereite, von dem Essen abziehen. &#8218;<\/p>\n<p>Dieser Ansatz machte den Designprozess unglaublich pers\u00f6nlich. Sie konnte in ihrer K\u00fcche stehen und feststellen, wie sie sich mit den verschiedenen Elementen im Raum f\u00fchlte, um sicherzustellen, dass die Art und Weise, wie sie es benutzte, so funktional wie m\u00f6glich war. Es sind die kleinen Details wie das Hinzuf\u00fcgen einer Insel, damit sie sich nicht geschlossen f\u00fchlte, w\u00e4hrend sie Stunden mit Kochen verbrachte &#8211; es ging genauso um Emotionen und Atmosph\u00e4re wie die Funktionalit\u00e4t.<\/p>\n<h3 class=\"article-body__section\" id=\"section-the-open-shelving\"><span>Das offene Regal<\/span><\/h3>\n<figure class=\"van-image-figure inline-layout \" data-bordeaux-image-check>\n<div class=\"image-full-width-wrapper\">\n<div class=\"image-widthsetter\" style=\"max-width:3200px;\"><\/div>\n<\/div>\n<\/figure>\n<p>&#8222;Als all das getan wurde, begann ich \u00fcber die Sch\u00f6nheit dar\u00fcber nachzudenken&#8220;, sagte sie und bemerkte, dass sie aufgrund des kleineren Fu\u00dfabdrucks beschloss, auf obere Schr\u00e4nke zu verzichten und stattdessen offene Regale zu installieren. Es ist die Phase des Umbaues, in der sie personalisierte Details und St\u00fccke einbringen konnte, die ihre Freude bereiteten.<\/p>\n<p>\u201eIch habe immer Regale eingebracht, weil ich es liebe, all meine sch\u00f6nen Teller, Brille, Einweihgl\u00e4ser und den ganzen Rest zu sehen. Ich begann mit der Oberfl\u00e4che, in der ich gro\u00dfe Schalen mit Gem\u00fcse und Obst und dann auf der Oberseite und wie die Lichter passen w\u00fcrden \u201c, erkl\u00e4rt sie.<\/p>\n<p>Das Regal ist zu einem echten Gespr\u00e4chsthema in der K\u00fcche geworden. Die ausgestellten St\u00fccke wickeln sich um die W\u00e4nde und laden ein personalisierteres Gef\u00fchl ein &#8211; und es ist ein Bereich, der Clodagh wunderbar gestylt.<\/p>\n<figure class=\"van-image-figure inline-layout \" data-bordeaux-image-check>\n<div class=\"image-full-width-wrapper\">\n<div class=\"image-widthsetter\" style=\"max-width:4000px;\"><\/div>\n<\/div>\n<\/figure>\n<p>\u201eIch schaue es mir definitiv jede Woche an und bewege die Dinge herum und stecke die Dinge zur\u00fcck. Als Koch habe ich im Laufe der Jahre so viele kleine Dinge gesammelt, sei es ein Teller, eine Eierbecher oder eine Brille \u201c, erkl\u00e4rt sie.<\/p>\n<p>\u201eIch liebe es, meine Favoriten auszustellen, obwohl ich dort oben nicht gerne Stapel von Dingen habe. Dazwischen mag ich es, vielleicht ein kleines Gem\u00e4lde zu haben, das ich mit dem Haus gemacht habe, oder ein wundersch\u00f6nes Glas Gurken oder Honig von der Farm. Wenn Sie nur Dinge einmischen, f\u00fchlt es sich nicht so station\u00e4r an und es f\u00fchlt sich wie eine Sammlung meines Lebens an. Ich mag es sehr, in die Regale zu schauen. Ich habe das Gef\u00fchl, dass sie die Regale meines Lebens sind. &#8218;<\/p>\n<p>Ihre sorgf\u00e4ltige Planung und ihr geschichteter Ansatz zur Gestaltung der K\u00fcche haben zu einem zeitlosen, charakteristischen Raum gef\u00fchrt, der eine Geschichte ihres Lebens erz\u00e4hlt. Clodagh beschreibt es als &#8222;franz\u00f6sische, zeitgen\u00f6ssische kleine Bauernk\u00fcche im italienischen Stil&#8220;, die die verschiedenen Elemente und alten Meets-neuen Gef\u00fchl perfekt einf\u00e4ngt.<\/p>\n<h3 class=\"article-body__section\" id=\"section-the-color-palette\"><span>Die Farbpalette<\/span><\/h3>\n<figure class=\"van-image-figure inline-layout \" data-bordeaux-image-check>\n<div class=\"image-full-width-wrapper\">\n<div class=\"image-widthsetter\" style=\"max-width:3200px;\"><\/div>\n<\/div>\n<\/figure>\n<p>Was wirklich auff\u00e4llt, ist die K\u00fcchenfarbenpalette. Gelbe bemalte W\u00e4nde und burgunderische K\u00fcchenfliesen erzeugen eine unerwartete, aber auff\u00e4llige Paarung, die den Raum mit Charakter und W\u00e4rme verleiht. &#8222;Der Rest des Hauses ist ziemlich zeitgem\u00e4\u00df mit mutigen Farben, also wollte ich, dass die K\u00fcche ein Ort der W\u00e4rme ist, wo Sie sich nicht bewegen m\u00f6chten, wenn Sie an der Theke sitzen.&#8220;<\/p>\n<p>Clodaghs Herangehensweise, ihre Farbpalette zu w\u00e4hlen, drehte sich um nicht nur W\u00e4rme, sondern auch einen Raum, der sich zeitlos anf\u00fchlt. Sie w\u00e4hlte also Farben aus, die sie immer interessiert hatte-mit einem subtilen Food-Thema, das sich f\u00fcr einen K\u00fcchenchef sehr in der Marke anf\u00fchlt.<\/p>\n<p>\u00bbIch wollte (die K\u00fcche) etwas, das f\u00fcr immer da sein w\u00fcrde, also habe ich mich f\u00fcr Farben entschieden, die ich mein ganzes Leben lang geliebt habe. Ich begann mit den Avery -Karamellfliesen von Ca &#8218;Pietra &#8211; sie erinnern mich nur an Karamellstangen. Sie sind so sch\u00f6n, warm und traditionell in franz\u00f6sischen und italienischen Bauernhausk\u00fcchen. &#8218;<\/p>\n<p>\u201eUm dem zu entsprechen, wollte ich etwas honigartig machen. Ich liebe alle Honigfarben &#8211; wir haben eine Farm und ich bin immer fasziniert, wenn wir den Honig ernten, all die verschiedenen Honigt\u00f6ne, die daraus kommen. Also wollte ich etwas, das diese W\u00e4rme widerspiegeln w\u00fcrde. Ich bin mit Cane von Farrow und Ball gegangen \u201c, f\u00fcgt sie hinzu.<\/p>\n<p>Die Mischung aus T\u00f6nen und Materialien verleiht diesem Design eine wirklich zeitlose Anziehungskraft &#8211; das Gleichgewicht zwischen hell und dunkel, schlank und organisch. \u00bbIch habe Marmor -Arbeitsplatten rundum herumgelegt, weil ich eine Leichtigkeit bringen wollte und weil sie so brillant zum Backen, Geb\u00e4ck und Kneten Teig sind. Ich ging mit dunklem Holz f\u00fcr alle Schr\u00e4nke und Regale. &#8218;<\/p>\n<h3 class=\"article-body__section\" id=\"section-the-elevated-functional-features\"><span>Die erh\u00f6hten funktionalen Merkmale<\/span><\/h3>\n<figure class=\"van-image-figure inline-layout \" data-bordeaux-image-check>\n<div class=\"image-full-width-wrapper\">\n<div class=\"image-widthsetter\" style=\"max-width:4000px;\"><\/div>\n<\/div>\n<\/figure>\n<p>Aber es sind die Elemente, in denen die Funktion auf die Sch\u00f6nheit trifft, die sich am meisten von Clodagh abheben. \u201eIch liebe auch unser gro\u00dfes Butler -Waschbecken und die Wasserh\u00e4hne. Ich habe viel Zeit in die Beschaffung der Wasserh\u00e4hne gesteckt, denn wenn man in eine K\u00fcche schaut, kann das Waschbecken manchmal vergessen werden und es ist eine so gro\u00dfe Gegend. Du benutzt es viel, du siehst es viel an, also war ich wirklich gl\u00fccklich \u00fcber sie \u201c, sagt sie.<\/p>\n<p>Sie lie\u00df auch einen Messing -Pot -Kleiderb\u00fcgel unter dem Regal \u00fcber dem Sp\u00fclbecken installiert, was eine traditionellere Funktion und eine weitere Gelegenheit f\u00fcr die Aufbewahrung von Wesentlichen, h\u00fcbsches Dekor und getrocknete Kr\u00e4uter verleiht. &#8222;Es ist eine gro\u00dfe Messingleiste mit all den Metzgerhaken, die ich von Devol bekommen habe&#8220;, erkl\u00e4rt sie.<\/p>\n<p>\u201eIch benutze es in all meinen K\u00fcchen &#8211; ich habe eine in unserer kleinen Kneipe &#8211; und ich liebe es, viele Kr\u00e4uter zu schneiden und sie mit Schnur zu binden und sie alle im R\u00fccken trocknen zu lassen, oder kleine Kupfert\u00f6pfe und meine Zesters mit Holzgriffen. Es sieht wundersch\u00f6n aus und ist so warm und einladend, aber es ist auch sehr funktional. Es ist ein anderer Ort, an dem man Dinge setzen kann, und mit all meinen getrockneten Kr\u00e4utern benutze ich sie in Tees oder zum Braten. &#8218;<\/p>\n<h2 id=\"shop-clodagh-s-kitchen-3\">Shop Clodaghs K\u00fcche<\/h2>\n<div class=\"product-container hero-product-container product-block-no-wrap\">\n<div class=\"product-block-row\"><\/div>\n<div class=\"product-block-row\"><\/div>\n<div class=\"product-block-row\"><\/div>\n<div class=\"product-block-row\"><\/div>\n<div class=\"product-block-row\"><\/div>\n<div class=\"product-block-row\"><\/div>\n<\/div>\n<p>Von ihrem genialen Ansatz zur Planung ihrer K\u00fcche mit Pappkartons bis hin zu ihren personalisierten dekorativen Details, die Sch\u00f6nheit und Funktionalit\u00e4t vermischen, ist Clodaghs Raum eine Meisterklasse im zeitlosen K\u00fcchendesign. Ihre reiche, warme Farbpalette und Mischung aus luxuri\u00f6sen Materialien haben dies zu einer K\u00fcche gemacht, die den Test der Zeit bestehen wird &#8211; und es ist wirklich ein Geh\u00e4use f\u00fcr offene K\u00fcchenregale.<\/p>\n<aside class=\"article__disclaimer\">\n<p><em> <\/em><\/p>\n<\/aside>\n<\/div>\n","protected":false},"excerpt":{"rendered":"<p>Zimmerrezepte sind unsere neue Serie, in der wir uns mit den emotionalen Auswirkungen eines wundersch\u00f6n gestalteten Raums befassen. Wir entdecken, wie Designer, Geschmacksmacher und Hausbesitzer<\/p>\n","protected":false},"author":1,"featured_media":6563,"comment_status":"closed","ping_status":"","sticky":false,"template":"","format":"standard","meta":{"footnotes":""},"categories":[118],"tags":[8987,1032,8985,112,51,78,81,9,3492,74,166,1165,5791,3057,823,189,129,468,2310,6206,8986,1619,3933,182,2911,165,8984,37,662,636],"class_list":["post-6562","post","type-post","status-publish","format-standard","has-post-thumbnail","hentry","category-haus-garten","tag-ausgleichen","tag-chefkoch","tag-clodagh","tag-das","tag-dass","tag-den","tag-der","tag-die","tag-dunkle","tag-eine","tag-einen","tag-fachmaennisch","tag-funktionalitaet","tag-gefuehl","tag-habe","tag-hat","tag-ich","tag-kueche","tag-lebens","tag-lebensstil","tag-mckenna","tag-meines","tag-persoenlichen","tag-raum","tag-regale","tag-sie","tag-sindwie","tag-und","tag-verwandelt","tag-waermen","generate-columns","tablet-grid-50","mobile-grid-100","grid-parent","grid-50"],"yoast_head":"<!-- This site is optimized with the Yoast SEO plugin v27.3 - https:\/\/yoast.com\/product\/yoast-seo-wordpress\/ -->\n<title>&quot;Ich habe das Gef\u00fchl, dass sie die Regale meines Lebens sind&quot;-wie Chefkoch Clodagh McKenna eine dunkle K\u00fcche in einen warmen, pers\u00f6nlichen Raum verwandelt hat, der die Funktionalit\u00e4t und den Lebensstil fachm\u00e4nnisch ausgleichen - Nachrichten - Stra\u00dfenweb<\/title>\n<meta name=\"robots\" content=\"index, follow, max-snippet:-1, max-image-preview:large, max-video-preview:-1\" \/>\n<link rel=\"canonical\" href=\"https:\/\/www.strassenweb.de\/nachrichten\/ich-habe-das-gefuehl-dass-sie-die-regale-meines-lebens-sind-wie-chefkoch-clodagh-mckenna-eine-dunkle-kueche-in-einen-warmen-persoenlichen-raum-verwandelt-hat-der-die-funktionalitaet-und-den-leben\/\" \/>\n<meta property=\"og:locale\" content=\"de_DE\" \/>\n<meta property=\"og:type\" content=\"article\" \/>\n<meta property=\"og:title\" content=\"&quot;Ich habe das Gef\u00fchl, dass sie die Regale meines Lebens sind&quot;-wie Chefkoch Clodagh McKenna eine dunkle K\u00fcche in einen warmen, pers\u00f6nlichen Raum verwandelt hat, der die Funktionalit\u00e4t und den Lebensstil fachm\u00e4nnisch ausgleichen - Nachrichten - Stra\u00dfenweb\" \/>\n<meta property=\"og:description\" content=\"Zimmerrezepte sind unsere neue Serie, in der wir uns mit den emotionalen Auswirkungen eines wundersch\u00f6n gestalteten Raums befassen. Wir entdecken, wie Designer, Geschmacksmacher und Hausbesitzer\" \/>\n<meta property=\"og:url\" content=\"https:\/\/www.strassenweb.de\/nachrichten\/ich-habe-das-gefuehl-dass-sie-die-regale-meines-lebens-sind-wie-chefkoch-clodagh-mckenna-eine-dunkle-kueche-in-einen-warmen-persoenlichen-raum-verwandelt-hat-der-die-funktionalitaet-und-den-leben\/\" \/>\n<meta property=\"og:site_name\" content=\"Stra\u00dfenweb\" \/>\n<meta property=\"article:publisher\" content=\"https:\/\/www.facebook.com\/strassenweb\/\" \/>\n<meta property=\"article:published_time\" content=\"2025-07-30T05:42:28+00:00\" \/>\n<meta property=\"article:modified_time\" content=\"2025-07-30T05:42:30+00:00\" \/>\n<meta property=\"og:image\" content=\"https:\/\/www.strassenweb.de\/nachrichten\/wp-content\/uploads\/2025\/07\/Ich-habe-das-Gefuehl-dass-sie-die-Regale-meines-Lebens.jpg\" \/>\n\t<meta property=\"og:image:width\" content=\"1600\" \/>\n\t<meta property=\"og:image:height\" content=\"900\" \/>\n\t<meta property=\"og:image:type\" content=\"image\/jpeg\" \/>\n<meta name=\"author\" content=\"Robert Hoffmann\" \/>\n<meta name=\"twitter:card\" content=\"summary_large_image\" \/>\n<meta name=\"twitter:label1\" content=\"Verfasst von\" \/>\n\t<meta name=\"twitter:data1\" content=\"Robert Hoffmann\" \/>\n\t<meta name=\"twitter:label2\" content=\"Gesch\u00e4tzte Lesezeit\" \/>\n\t<meta name=\"twitter:data2\" content=\"8\u00a0Minuten\" \/>\n<script type=\"application\/ld+json\" class=\"yoast-schema-graph\">{\"@context\":\"https:\\\/\\\/schema.org\",\"@graph\":[{\"@type\":\"Article\",\"@id\":\"https:\\\/\\\/www.strassenweb.de\\\/nachrichten\\\/ich-habe-das-gefuehl-dass-sie-die-regale-meines-lebens-sind-wie-chefkoch-clodagh-mckenna-eine-dunkle-kueche-in-einen-warmen-persoenlichen-raum-verwandelt-hat-der-die-funktionalitaet-und-den-leben\\\/#article\",\"isPartOf\":{\"@id\":\"https:\\\/\\\/www.strassenweb.de\\\/nachrichten\\\/ich-habe-das-gefuehl-dass-sie-die-regale-meines-lebens-sind-wie-chefkoch-clodagh-mckenna-eine-dunkle-kueche-in-einen-warmen-persoenlichen-raum-verwandelt-hat-der-die-funktionalitaet-und-den-leben\\\/\"},\"author\":{\"name\":\"Robert Hoffmann\",\"@id\":\"https:\\\/\\\/www.strassenweb.de\\\/nachrichten\\\/#\\\/schema\\\/person\\\/87c9c9067f1211da429a744dc5a5aa41\"},\"headline\":\"&#8222;Ich habe das Gef\u00fchl, dass sie die Regale meines Lebens sind&#8220;-wie Chefkoch Clodagh McKenna eine dunkle K\u00fcche in einen warmen, pers\u00f6nlichen Raum verwandelt hat, der die Funktionalit\u00e4t und den Lebensstil fachm\u00e4nnisch ausgleichen\",\"datePublished\":\"2025-07-30T05:42:28+00:00\",\"dateModified\":\"2025-07-30T05:42:30+00:00\",\"mainEntityOfPage\":{\"@id\":\"https:\\\/\\\/www.strassenweb.de\\\/nachrichten\\\/ich-habe-das-gefuehl-dass-sie-die-regale-meines-lebens-sind-wie-chefkoch-clodagh-mckenna-eine-dunkle-kueche-in-einen-warmen-persoenlichen-raum-verwandelt-hat-der-die-funktionalitaet-und-den-leben\\\/\"},\"wordCount\":1731,\"publisher\":{\"@id\":\"https:\\\/\\\/www.strassenweb.de\\\/nachrichten\\\/#organization\"},\"image\":{\"@id\":\"https:\\\/\\\/www.strassenweb.de\\\/nachrichten\\\/ich-habe-das-gefuehl-dass-sie-die-regale-meines-lebens-sind-wie-chefkoch-clodagh-mckenna-eine-dunkle-kueche-in-einen-warmen-persoenlichen-raum-verwandelt-hat-der-die-funktionalitaet-und-den-leben\\\/#primaryimage\"},\"thumbnailUrl\":\"https:\\\/\\\/www.strassenweb.de\\\/nachrichten\\\/wp-content\\\/uploads\\\/2025\\\/07\\\/Ich-habe-das-Gefuehl-dass-sie-die-Regale-meines-Lebens.jpg\",\"keywords\":[\"ausgleichen\",\"Chefkoch\",\"Clodagh\",\"das\",\"dass\",\"den\",\"der\",\"die\",\"dunkle\",\"eine\",\"einen\",\"fachm\u00e4nnisch\",\"Funktionalit\u00e4t\",\"Gef\u00fchl\",\"habe\",\"hat\",\"ich\",\"K\u00fcche\",\"Lebens\",\"Lebensstil\",\"McKenna\",\"meines\",\"pers\u00f6nlichen\",\"Raum\",\"Regale\",\"Sie\",\"sindwie\",\"und\",\"verwandelt\",\"w\u00e4rmen\"],\"articleSection\":[\"Haus &amp; Garten\"],\"inLanguage\":\"de\"},{\"@type\":\"WebPage\",\"@id\":\"https:\\\/\\\/www.strassenweb.de\\\/nachrichten\\\/ich-habe-das-gefuehl-dass-sie-die-regale-meines-lebens-sind-wie-chefkoch-clodagh-mckenna-eine-dunkle-kueche-in-einen-warmen-persoenlichen-raum-verwandelt-hat-der-die-funktionalitaet-und-den-leben\\\/\",\"url\":\"https:\\\/\\\/www.strassenweb.de\\\/nachrichten\\\/ich-habe-das-gefuehl-dass-sie-die-regale-meines-lebens-sind-wie-chefkoch-clodagh-mckenna-eine-dunkle-kueche-in-einen-warmen-persoenlichen-raum-verwandelt-hat-der-die-funktionalitaet-und-den-leben\\\/\",\"name\":\"\\\"Ich habe das Gef\u00fchl, dass sie die Regale meines Lebens sind\\\"-wie Chefkoch Clodagh McKenna eine dunkle K\u00fcche in einen warmen, pers\u00f6nlichen Raum verwandelt hat, der die Funktionalit\u00e4t und den Lebensstil fachm\u00e4nnisch ausgleichen - Nachrichten - Stra\u00dfenweb\",\"isPartOf\":{\"@id\":\"https:\\\/\\\/www.strassenweb.de\\\/nachrichten\\\/#website\"},\"primaryImageOfPage\":{\"@id\":\"https:\\\/\\\/www.strassenweb.de\\\/nachrichten\\\/ich-habe-das-gefuehl-dass-sie-die-regale-meines-lebens-sind-wie-chefkoch-clodagh-mckenna-eine-dunkle-kueche-in-einen-warmen-persoenlichen-raum-verwandelt-hat-der-die-funktionalitaet-und-den-leben\\\/#primaryimage\"},\"image\":{\"@id\":\"https:\\\/\\\/www.strassenweb.de\\\/nachrichten\\\/ich-habe-das-gefuehl-dass-sie-die-regale-meines-lebens-sind-wie-chefkoch-clodagh-mckenna-eine-dunkle-kueche-in-einen-warmen-persoenlichen-raum-verwandelt-hat-der-die-funktionalitaet-und-den-leben\\\/#primaryimage\"},\"thumbnailUrl\":\"https:\\\/\\\/www.strassenweb.de\\\/nachrichten\\\/wp-content\\\/uploads\\\/2025\\\/07\\\/Ich-habe-das-Gefuehl-dass-sie-die-Regale-meines-Lebens.jpg\",\"datePublished\":\"2025-07-30T05:42:28+00:00\",\"dateModified\":\"2025-07-30T05:42:30+00:00\",\"breadcrumb\":{\"@id\":\"https:\\\/\\\/www.strassenweb.de\\\/nachrichten\\\/ich-habe-das-gefuehl-dass-sie-die-regale-meines-lebens-sind-wie-chefkoch-clodagh-mckenna-eine-dunkle-kueche-in-einen-warmen-persoenlichen-raum-verwandelt-hat-der-die-funktionalitaet-und-den-leben\\\/#breadcrumb\"},\"inLanguage\":\"de\",\"potentialAction\":[{\"@type\":\"ReadAction\",\"target\":[\"https:\\\/\\\/www.strassenweb.de\\\/nachrichten\\\/ich-habe-das-gefuehl-dass-sie-die-regale-meines-lebens-sind-wie-chefkoch-clodagh-mckenna-eine-dunkle-kueche-in-einen-warmen-persoenlichen-raum-verwandelt-hat-der-die-funktionalitaet-und-den-leben\\\/\"]}]},{\"@type\":\"ImageObject\",\"inLanguage\":\"de\",\"@id\":\"https:\\\/\\\/www.strassenweb.de\\\/nachrichten\\\/ich-habe-das-gefuehl-dass-sie-die-regale-meines-lebens-sind-wie-chefkoch-clodagh-mckenna-eine-dunkle-kueche-in-einen-warmen-persoenlichen-raum-verwandelt-hat-der-die-funktionalitaet-und-den-leben\\\/#primaryimage\",\"url\":\"https:\\\/\\\/www.strassenweb.de\\\/nachrichten\\\/wp-content\\\/uploads\\\/2025\\\/07\\\/Ich-habe-das-Gefuehl-dass-sie-die-Regale-meines-Lebens.jpg\",\"contentUrl\":\"https:\\\/\\\/www.strassenweb.de\\\/nachrichten\\\/wp-content\\\/uploads\\\/2025\\\/07\\\/Ich-habe-das-Gefuehl-dass-sie-die-Regale-meines-Lebens.jpg\",\"width\":1600,\"height\":900,\"caption\":\"Clodagh McKenna&amp;#039;s kitchen with yellow walls, burgundy backsplash tiles, marble countertops, and wooden open shelved displaying collected kitchenware and decor\"},{\"@type\":\"BreadcrumbList\",\"@id\":\"https:\\\/\\\/www.strassenweb.de\\\/nachrichten\\\/ich-habe-das-gefuehl-dass-sie-die-regale-meines-lebens-sind-wie-chefkoch-clodagh-mckenna-eine-dunkle-kueche-in-einen-warmen-persoenlichen-raum-verwandelt-hat-der-die-funktionalitaet-und-den-leben\\\/#breadcrumb\",\"itemListElement\":[{\"@type\":\"ListItem\",\"position\":1,\"name\":\"Home\",\"item\":\"https:\\\/\\\/www.strassenweb.de\\\/nachrichten\\\/\"},{\"@type\":\"ListItem\",\"position\":2,\"name\":\"&#8222;Ich habe das Gef\u00fchl, dass sie die Regale meines Lebens sind&#8220;-wie Chefkoch Clodagh McKenna eine dunkle K\u00fcche in einen warmen, pers\u00f6nlichen Raum verwandelt hat, der die Funktionalit\u00e4t und den Lebensstil fachm\u00e4nnisch ausgleichen\"}]},{\"@type\":\"WebSite\",\"@id\":\"https:\\\/\\\/www.strassenweb.de\\\/nachrichten\\\/#website\",\"url\":\"https:\\\/\\\/www.strassenweb.de\\\/nachrichten\\\/\",\"name\":\"Stra\u00dfenweb\",\"description\":\"Stra\u00dfenverzeichnis f\u00fcr Deutschland\",\"publisher\":{\"@id\":\"https:\\\/\\\/www.strassenweb.de\\\/nachrichten\\\/#organization\"},\"potentialAction\":[{\"@type\":\"SearchAction\",\"target\":{\"@type\":\"EntryPoint\",\"urlTemplate\":\"https:\\\/\\\/www.strassenweb.de\\\/nachrichten\\\/?s={search_term_string}\"},\"query-input\":{\"@type\":\"PropertyValueSpecification\",\"valueRequired\":true,\"valueName\":\"search_term_string\"}}],\"inLanguage\":\"de\"},{\"@type\":\"Organization\",\"@id\":\"https:\\\/\\\/www.strassenweb.de\\\/nachrichten\\\/#organization\",\"name\":\"Stra\u00dfenweb\",\"url\":\"https:\\\/\\\/www.strassenweb.de\\\/nachrichten\\\/\",\"logo\":{\"@type\":\"ImageObject\",\"inLanguage\":\"de\",\"@id\":\"https:\\\/\\\/www.strassenweb.de\\\/nachrichten\\\/#\\\/schema\\\/logo\\\/image\\\/\",\"url\":\"https:\\\/\\\/www.strassenweb.de\\\/nachrichten\\\/wp-content\\\/uploads\\\/2024\\\/09\\\/cropped-favicon.png\",\"contentUrl\":\"https:\\\/\\\/www.strassenweb.de\\\/nachrichten\\\/wp-content\\\/uploads\\\/2024\\\/09\\\/cropped-favicon.png\",\"width\":512,\"height\":512,\"caption\":\"Stra\u00dfenweb\"},\"image\":{\"@id\":\"https:\\\/\\\/www.strassenweb.de\\\/nachrichten\\\/#\\\/schema\\\/logo\\\/image\\\/\"},\"sameAs\":[\"https:\\\/\\\/www.facebook.com\\\/strassenweb\\\/\"]},{\"@type\":\"Person\",\"@id\":\"https:\\\/\\\/www.strassenweb.de\\\/nachrichten\\\/#\\\/schema\\\/person\\\/87c9c9067f1211da429a744dc5a5aa41\",\"name\":\"Robert Hoffmann\",\"image\":{\"@type\":\"ImageObject\",\"inLanguage\":\"de\",\"@id\":\"https:\\\/\\\/www.strassenweb.de\\\/nachrichten\\\/wp-content\\\/uploads\\\/2024\\\/09\\\/strassenweb-150x150.jpg\",\"url\":\"https:\\\/\\\/www.strassenweb.de\\\/nachrichten\\\/wp-content\\\/uploads\\\/2024\\\/09\\\/strassenweb-150x150.jpg\",\"contentUrl\":\"https:\\\/\\\/www.strassenweb.de\\\/nachrichten\\\/wp-content\\\/uploads\\\/2024\\\/09\\\/strassenweb-150x150.jpg\",\"caption\":\"Robert Hoffmann\"},\"description\":\"Ich hei\u00dfe Robert Hoffmann und ich bin ein leidenschaftlicher Verfechter von \u00d6kologie und Biodiversit\u00e4t. Seit meiner Kindheit in den W\u00e4ldern Bayerns f\u00fchle ich mich mit der Natur verbunden und bin entschlossen, sie zu sch\u00fctzen. Heute widme ich mein Leben der Sensibilisierung anderer f\u00fcr die Bedeutung des Umweltschutzes f\u00fcr zuk\u00fcnftige Generationen.\",\"sameAs\":[\"https:\\\/\\\/www.strassenweb.de\\\/\"]}]}<\/script>\n<!-- \/ Yoast SEO plugin. -->","yoast_head_json":{"title":"\"Ich habe das Gef\u00fchl, dass sie die Regale meines Lebens sind\"-wie Chefkoch Clodagh McKenna eine dunkle K\u00fcche in einen warmen, pers\u00f6nlichen Raum verwandelt hat, der die Funktionalit\u00e4t und den Lebensstil fachm\u00e4nnisch ausgleichen - Nachrichten - Stra\u00dfenweb","robots":{"index":"index","follow":"follow","max-snippet":"max-snippet:-1","max-image-preview":"max-image-preview:large","max-video-preview":"max-video-preview:-1"},"canonical":"https:\/\/www.strassenweb.de\/nachrichten\/ich-habe-das-gefuehl-dass-sie-die-regale-meines-lebens-sind-wie-chefkoch-clodagh-mckenna-eine-dunkle-kueche-in-einen-warmen-persoenlichen-raum-verwandelt-hat-der-die-funktionalitaet-und-den-leben\/","og_locale":"de_DE","og_type":"article","og_title":"\"Ich habe das Gef\u00fchl, dass sie die Regale meines Lebens sind\"-wie Chefkoch Clodagh McKenna eine dunkle K\u00fcche in einen warmen, pers\u00f6nlichen Raum verwandelt hat, der die Funktionalit\u00e4t und den Lebensstil fachm\u00e4nnisch ausgleichen - Nachrichten - Stra\u00dfenweb","og_description":"Zimmerrezepte sind unsere neue Serie, in der wir uns mit den emotionalen Auswirkungen eines wundersch\u00f6n gestalteten Raums befassen. Wir entdecken, wie Designer, Geschmacksmacher und Hausbesitzer","og_url":"https:\/\/www.strassenweb.de\/nachrichten\/ich-habe-das-gefuehl-dass-sie-die-regale-meines-lebens-sind-wie-chefkoch-clodagh-mckenna-eine-dunkle-kueche-in-einen-warmen-persoenlichen-raum-verwandelt-hat-der-die-funktionalitaet-und-den-leben\/","og_site_name":"Stra\u00dfenweb","article_publisher":"https:\/\/www.facebook.com\/strassenweb\/","article_published_time":"2025-07-30T05:42:28+00:00","article_modified_time":"2025-07-30T05:42:30+00:00","og_image":[{"width":1600,"height":900,"url":"https:\/\/www.strassenweb.de\/nachrichten\/wp-content\/uploads\/2025\/07\/Ich-habe-das-Gefuehl-dass-sie-die-Regale-meines-Lebens.jpg","type":"image\/jpeg"}],"author":"Robert Hoffmann","twitter_card":"summary_large_image","twitter_misc":{"Verfasst von":"Robert Hoffmann","Gesch\u00e4tzte Lesezeit":"8\u00a0Minuten"},"schema":{"@context":"https:\/\/schema.org","@graph":[{"@type":"Article","@id":"https:\/\/www.strassenweb.de\/nachrichten\/ich-habe-das-gefuehl-dass-sie-die-regale-meines-lebens-sind-wie-chefkoch-clodagh-mckenna-eine-dunkle-kueche-in-einen-warmen-persoenlichen-raum-verwandelt-hat-der-die-funktionalitaet-und-den-leben\/#article","isPartOf":{"@id":"https:\/\/www.strassenweb.de\/nachrichten\/ich-habe-das-gefuehl-dass-sie-die-regale-meines-lebens-sind-wie-chefkoch-clodagh-mckenna-eine-dunkle-kueche-in-einen-warmen-persoenlichen-raum-verwandelt-hat-der-die-funktionalitaet-und-den-leben\/"},"author":{"name":"Robert Hoffmann","@id":"https:\/\/www.strassenweb.de\/nachrichten\/#\/schema\/person\/87c9c9067f1211da429a744dc5a5aa41"},"headline":"&#8222;Ich habe das Gef\u00fchl, dass sie die Regale meines Lebens sind&#8220;-wie Chefkoch Clodagh McKenna eine dunkle K\u00fcche in einen warmen, pers\u00f6nlichen Raum verwandelt hat, der die Funktionalit\u00e4t und den Lebensstil fachm\u00e4nnisch ausgleichen","datePublished":"2025-07-30T05:42:28+00:00","dateModified":"2025-07-30T05:42:30+00:00","mainEntityOfPage":{"@id":"https:\/\/www.strassenweb.de\/nachrichten\/ich-habe-das-gefuehl-dass-sie-die-regale-meines-lebens-sind-wie-chefkoch-clodagh-mckenna-eine-dunkle-kueche-in-einen-warmen-persoenlichen-raum-verwandelt-hat-der-die-funktionalitaet-und-den-leben\/"},"wordCount":1731,"publisher":{"@id":"https:\/\/www.strassenweb.de\/nachrichten\/#organization"},"image":{"@id":"https:\/\/www.strassenweb.de\/nachrichten\/ich-habe-das-gefuehl-dass-sie-die-regale-meines-lebens-sind-wie-chefkoch-clodagh-mckenna-eine-dunkle-kueche-in-einen-warmen-persoenlichen-raum-verwandelt-hat-der-die-funktionalitaet-und-den-leben\/#primaryimage"},"thumbnailUrl":"https:\/\/www.strassenweb.de\/nachrichten\/wp-content\/uploads\/2025\/07\/Ich-habe-das-Gefuehl-dass-sie-die-Regale-meines-Lebens.jpg","keywords":["ausgleichen","Chefkoch","Clodagh","das","dass","den","der","die","dunkle","eine","einen","fachm\u00e4nnisch","Funktionalit\u00e4t","Gef\u00fchl","habe","hat","ich","K\u00fcche","Lebens","Lebensstil","McKenna","meines","pers\u00f6nlichen","Raum","Regale","Sie","sindwie","und","verwandelt","w\u00e4rmen"],"articleSection":["Haus &amp; Garten"],"inLanguage":"de"},{"@type":"WebPage","@id":"https:\/\/www.strassenweb.de\/nachrichten\/ich-habe-das-gefuehl-dass-sie-die-regale-meines-lebens-sind-wie-chefkoch-clodagh-mckenna-eine-dunkle-kueche-in-einen-warmen-persoenlichen-raum-verwandelt-hat-der-die-funktionalitaet-und-den-leben\/","url":"https:\/\/www.strassenweb.de\/nachrichten\/ich-habe-das-gefuehl-dass-sie-die-regale-meines-lebens-sind-wie-chefkoch-clodagh-mckenna-eine-dunkle-kueche-in-einen-warmen-persoenlichen-raum-verwandelt-hat-der-die-funktionalitaet-und-den-leben\/","name":"\"Ich habe das Gef\u00fchl, dass sie die Regale meines Lebens sind\"-wie Chefkoch Clodagh McKenna eine dunkle K\u00fcche in einen warmen, pers\u00f6nlichen Raum verwandelt hat, der die Funktionalit\u00e4t und den Lebensstil fachm\u00e4nnisch ausgleichen - Nachrichten - Stra\u00dfenweb","isPartOf":{"@id":"https:\/\/www.strassenweb.de\/nachrichten\/#website"},"primaryImageOfPage":{"@id":"https:\/\/www.strassenweb.de\/nachrichten\/ich-habe-das-gefuehl-dass-sie-die-regale-meines-lebens-sind-wie-chefkoch-clodagh-mckenna-eine-dunkle-kueche-in-einen-warmen-persoenlichen-raum-verwandelt-hat-der-die-funktionalitaet-und-den-leben\/#primaryimage"},"image":{"@id":"https:\/\/www.strassenweb.de\/nachrichten\/ich-habe-das-gefuehl-dass-sie-die-regale-meines-lebens-sind-wie-chefkoch-clodagh-mckenna-eine-dunkle-kueche-in-einen-warmen-persoenlichen-raum-verwandelt-hat-der-die-funktionalitaet-und-den-leben\/#primaryimage"},"thumbnailUrl":"https:\/\/www.strassenweb.de\/nachrichten\/wp-content\/uploads\/2025\/07\/Ich-habe-das-Gefuehl-dass-sie-die-Regale-meines-Lebens.jpg","datePublished":"2025-07-30T05:42:28+00:00","dateModified":"2025-07-30T05:42:30+00:00","breadcrumb":{"@id":"https:\/\/www.strassenweb.de\/nachrichten\/ich-habe-das-gefuehl-dass-sie-die-regale-meines-lebens-sind-wie-chefkoch-clodagh-mckenna-eine-dunkle-kueche-in-einen-warmen-persoenlichen-raum-verwandelt-hat-der-die-funktionalitaet-und-den-leben\/#breadcrumb"},"inLanguage":"de","potentialAction":[{"@type":"ReadAction","target":["https:\/\/www.strassenweb.de\/nachrichten\/ich-habe-das-gefuehl-dass-sie-die-regale-meines-lebens-sind-wie-chefkoch-clodagh-mckenna-eine-dunkle-kueche-in-einen-warmen-persoenlichen-raum-verwandelt-hat-der-die-funktionalitaet-und-den-leben\/"]}]},{"@type":"ImageObject","inLanguage":"de","@id":"https:\/\/www.strassenweb.de\/nachrichten\/ich-habe-das-gefuehl-dass-sie-die-regale-meines-lebens-sind-wie-chefkoch-clodagh-mckenna-eine-dunkle-kueche-in-einen-warmen-persoenlichen-raum-verwandelt-hat-der-die-funktionalitaet-und-den-leben\/#primaryimage","url":"https:\/\/www.strassenweb.de\/nachrichten\/wp-content\/uploads\/2025\/07\/Ich-habe-das-Gefuehl-dass-sie-die-Regale-meines-Lebens.jpg","contentUrl":"https:\/\/www.strassenweb.de\/nachrichten\/wp-content\/uploads\/2025\/07\/Ich-habe-das-Gefuehl-dass-sie-die-Regale-meines-Lebens.jpg","width":1600,"height":900,"caption":"Clodagh McKenna&amp;#039;s kitchen with yellow walls, burgundy backsplash tiles, marble countertops, and wooden open shelved displaying collected kitchenware and decor"},{"@type":"BreadcrumbList","@id":"https:\/\/www.strassenweb.de\/nachrichten\/ich-habe-das-gefuehl-dass-sie-die-regale-meines-lebens-sind-wie-chefkoch-clodagh-mckenna-eine-dunkle-kueche-in-einen-warmen-persoenlichen-raum-verwandelt-hat-der-die-funktionalitaet-und-den-leben\/#breadcrumb","itemListElement":[{"@type":"ListItem","position":1,"name":"Home","item":"https:\/\/www.strassenweb.de\/nachrichten\/"},{"@type":"ListItem","position":2,"name":"&#8222;Ich habe das Gef\u00fchl, dass sie die Regale meines Lebens sind&#8220;-wie Chefkoch Clodagh McKenna eine dunkle K\u00fcche in einen warmen, pers\u00f6nlichen Raum verwandelt hat, der die Funktionalit\u00e4t und den Lebensstil fachm\u00e4nnisch ausgleichen"}]},{"@type":"WebSite","@id":"https:\/\/www.strassenweb.de\/nachrichten\/#website","url":"https:\/\/www.strassenweb.de\/nachrichten\/","name":"Stra\u00dfenweb","description":"Stra\u00dfenverzeichnis f\u00fcr Deutschland","publisher":{"@id":"https:\/\/www.strassenweb.de\/nachrichten\/#organization"},"potentialAction":[{"@type":"SearchAction","target":{"@type":"EntryPoint","urlTemplate":"https:\/\/www.strassenweb.de\/nachrichten\/?s={search_term_string}"},"query-input":{"@type":"PropertyValueSpecification","valueRequired":true,"valueName":"search_term_string"}}],"inLanguage":"de"},{"@type":"Organization","@id":"https:\/\/www.strassenweb.de\/nachrichten\/#organization","name":"Stra\u00dfenweb","url":"https:\/\/www.strassenweb.de\/nachrichten\/","logo":{"@type":"ImageObject","inLanguage":"de","@id":"https:\/\/www.strassenweb.de\/nachrichten\/#\/schema\/logo\/image\/","url":"https:\/\/www.strassenweb.de\/nachrichten\/wp-content\/uploads\/2024\/09\/cropped-favicon.png","contentUrl":"https:\/\/www.strassenweb.de\/nachrichten\/wp-content\/uploads\/2024\/09\/cropped-favicon.png","width":512,"height":512,"caption":"Stra\u00dfenweb"},"image":{"@id":"https:\/\/www.strassenweb.de\/nachrichten\/#\/schema\/logo\/image\/"},"sameAs":["https:\/\/www.facebook.com\/strassenweb\/"]},{"@type":"Person","@id":"https:\/\/www.strassenweb.de\/nachrichten\/#\/schema\/person\/87c9c9067f1211da429a744dc5a5aa41","name":"Robert Hoffmann","image":{"@type":"ImageObject","inLanguage":"de","@id":"https:\/\/www.strassenweb.de\/nachrichten\/wp-content\/uploads\/2024\/09\/strassenweb-150x150.jpg","url":"https:\/\/www.strassenweb.de\/nachrichten\/wp-content\/uploads\/2024\/09\/strassenweb-150x150.jpg","contentUrl":"https:\/\/www.strassenweb.de\/nachrichten\/wp-content\/uploads\/2024\/09\/strassenweb-150x150.jpg","caption":"Robert Hoffmann"},"description":"Ich hei\u00dfe Robert Hoffmann und ich bin ein leidenschaftlicher Verfechter von \u00d6kologie und Biodiversit\u00e4t. Seit meiner Kindheit in den W\u00e4ldern Bayerns f\u00fchle ich mich mit der Natur verbunden und bin entschlossen, sie zu sch\u00fctzen. Heute widme ich mein Leben der Sensibilisierung anderer f\u00fcr die Bedeutung des Umweltschutzes f\u00fcr zuk\u00fcnftige Generationen.","sameAs":["https:\/\/www.strassenweb.de\/"]}]}},"_links":{"self":[{"href":"https:\/\/www.strassenweb.de\/nachrichten\/wp-json\/wp\/v2\/posts\/6562","targetHints":{"allow":["GET"]}}],"collection":[{"href":"https:\/\/www.strassenweb.de\/nachrichten\/wp-json\/wp\/v2\/posts"}],"about":[{"href":"https:\/\/www.strassenweb.de\/nachrichten\/wp-json\/wp\/v2\/types\/post"}],"author":[{"embeddable":true,"href":"https:\/\/www.strassenweb.de\/nachrichten\/wp-json\/wp\/v2\/users\/1"}],"replies":[{"embeddable":true,"href":"https:\/\/www.strassenweb.de\/nachrichten\/wp-json\/wp\/v2\/comments?post=6562"}],"version-history":[{"count":0,"href":"https:\/\/www.strassenweb.de\/nachrichten\/wp-json\/wp\/v2\/posts\/6562\/revisions"}],"wp:featuredmedia":[{"embeddable":true,"href":"https:\/\/www.strassenweb.de\/nachrichten\/wp-json\/wp\/v2\/media\/6563"}],"wp:attachment":[{"href":"https:\/\/www.strassenweb.de\/nachrichten\/wp-json\/wp\/v2\/media?parent=6562"}],"wp:term":[{"taxonomy":"category","embeddable":true,"href":"https:\/\/www.strassenweb.de\/nachrichten\/wp-json\/wp\/v2\/categories?post=6562"},{"taxonomy":"post_tag","embeddable":true,"href":"https:\/\/www.strassenweb.de\/nachrichten\/wp-json\/wp\/v2\/tags?post=6562"}],"curies":[{"name":"wp","href":"https:\/\/api.w.org\/{rel}","templated":true}]}}