{"id":6525,"date":"2025-07-28T21:40:03","date_gmt":"2025-07-28T19:40:03","guid":{"rendered":"https:\/\/www.strassenweb.de\/nachrichten\/umschalten-auf-herbstbettwaesche-genauso-sehr-wie-ich-meinen-beliebten-herbst-trench-mantel-herausziehe-und-die-jubilaeumsverkaufsanwaelte-des-nordstroms-sind-alle-meine-gemuetlichen-saisonfavoriten-v\/"},"modified":"2025-07-28T21:40:06","modified_gmt":"2025-07-28T19:40:06","slug":"umschalten-auf-herbstbettwaesche-genauso-sehr-wie-ich-meinen-beliebten-herbst-trench-mantel-herausziehe-und-die-jubilaeumsverkaufsanwaelte-des-nordstroms-sind-alle-meine-gemuetlichen-saisonfavoriten-v","status":"publish","type":"post","link":"https:\/\/www.strassenweb.de\/nachrichten\/umschalten-auf-herbstbettwaesche-genauso-sehr-wie-ich-meinen-beliebten-herbst-trench-mantel-herausziehe-und-die-jubilaeumsverkaufsanwaelte-des-nordstroms-sind-alle-meine-gemuetlichen-saisonfavoriten-v\/","title":{"rendered":"Umschalten auf Herbstbettw\u00e4sche genauso sehr wie ich meinen beliebten Herbst-Trench-Mantel herausziehe-und die Jubil\u00e4umsverkaufsanw\u00e4lte des Nordstroms sind alle meine gem\u00fctlichen Saisonfavoriten vorhanden"},"content":{"rendered":"<div id=\"article-body\" class=\"article__body \">\n<p>Als jemand, der lebt, um zu schichten, sind \u00dcbergangszeiten vielleicht mein Favorit. Vor allem fallen. In dem Moment, in dem es unter 70 sinkt, bin ich wieder in einem Graben, tausche Bermuda -Shorts gegen ma\u00dfgeschneiderte Hosen aus und lehne die volle Neigung in die Gem\u00fctlichkeit.<\/p>\n<div id=\"ad-unit-1\" class=\"ad-unit\"><\/div>\n<p>Und zu Hause ist es der Beginn einer Saison, in der es endlich akzeptabel ist, eine verd\u00e4chtige Anzahl von Wurfkissen auf das Bett zu stapeln, zusammen mit zwei Decken und einer flauschigen Bettdecke. Mit anderen Worten, es ist eine Hochsaison f\u00fcr einen K\u00e4ufer wie mich &#8211; jemand, der a) liebt, b) liebt es, gem\u00fctlich zu werden, und C) braucht immer einen Grund, mehr zu kaufen.<\/p>\n<aside data-block-type=\"embed\" data-render-type=\"fte\" data-skip=\"dealsy\" data-widget-type=\"seasonal\" class=\"hawk-base\"><\/aside>\n<p>Deshalb tauche ich kopf\u00fcber in Nordstroms Jubil\u00e4umsbettverkauf, jetzt bis zum 3. August und einkaufen und die besten Bettlaken einkaufen. So bekomme ich einen Vorsprung in meiner Herbstgarderobe f\u00fcr das Schlafzimmer.<\/p>\n<div class=\"van_vid_carousel\">\n<div class=\"van_vid_carousel__padding\">\n<div class=\"van_vid_carousel__container\"><\/div>\n<\/div>\n<\/div>\n<aside data-component-name=\"Recirculation:ArticleRiver\" data-nosnippet class=\"pt-3 pb-4 mb-4 border-b border-solid border-(#333)\">\n<span class=\"\nafter:content-('') after:flex-1 after:ml-4 after:my-(0.7rem) after:border-t-(#333) after:border-t after:border-solid\nbefore:content-('') before:flex-1 before:mr-4 before:my-(0.7rem) before:border-t-(#333) before:border-t before:border-solid\nfont-article-heading pb-3 !text-base font-bold uppercase sm:text-sm text-(#333) flex\"><\/p>\n<p>Sie m\u00f6gen m\u00f6gen<br \/>\n<\/span><\/p>\n<ul class=\"flex flex-col gap-3 m-0\">\n<li class=\"m-0 list-none\" name=\"recirculation-inline\" data-analytics-id=\"recirculation-inline-1\" analytics-label=\"adviser:related\">\n<picture data-new-v2-image=\"true\" class=\"w-(--article-river-thumbnail-width,60px) flex-shrink-0\"><source type=\"image\/webp\"  ><\/source><\/p>\n<\/picture>\n<span class=\"hover:text-inherit font-article-heading text-base text-(#333) leading-5 content-center\">Ich ging bei H &#038; M einkaufen und konnte meine Wurfkissenabdeckungen nicht aus den Augen lassen &#8211; diese Stile sind der Schl\u00fcssel, um Ihr Wohnzimmer f\u00fcr den Herbst zu erfrischen, und sie sind alle weniger als 20 Dollar<\/span><\/p>\n<\/li>\n<li class=\"m-0 list-none\" name=\"recirculation-inline\" data-analytics-id=\"recirculation-inline-2\" analytics-label=\"adviser:related\">\n<picture data-new-v2-image=\"true\" class=\"w-(--article-river-thumbnail-width,60px) flex-shrink-0\"><source type=\"image\/webp\"  ><\/source><br \/>\n<img decoding=\"async\" alt=\"Seitenansicht der gr\u00fcnen Gingham -Bettw\u00e4sche auf einem Bett gegen beige W\u00e4nde. \"   loading=\"lazy\" data-new-v2-image=\"true\" src=\"https:\/\/www.strassenweb.de\/nachrichten\/wp-content\/uploads\/2025\/07\/PjDncsbZmyt72sSMH9SpBP.jpg\" data-pin-media=\"https:\/\/www.strassenweb.de\/nachrichten\/wp-content\/uploads\/2025\/07\/PjDncsbZmyt72sSMH9SpBP.jpg\" data-pin-nopin=\"true\" class=\"aspect-(--img-listing-aspect-ratio,16\/9) object-cover w-(--article-river-thumbnail-width,60px) flex-shrink-0\">\n<\/picture>\n<span class=\"hover:text-inherit font-article-heading text-base text-(#333) leading-5 content-center\">Bettenverk\u00e4ufe &#8211; So erhalten Sie die besten Angebote f\u00fcr seidige Bl\u00e4tter, unterst\u00fctzende Kissen und K\u00fchlr\u00e4ume<\/span><\/p>\n<\/li>\n<li class=\"m-0 list-none\" name=\"recirculation-inline\" data-analytics-id=\"recirculation-inline-3\" analytics-label=\"adviser:related\">\n<picture data-new-v2-image=\"true\" class=\"w-(--article-river-thumbnail-width,60px) flex-shrink-0\"><source type=\"image\/webp\"  ><\/source><br \/>\n<img decoding=\"async\" alt=\"Hellrosa Schlafzimmer mit Crittall -Fenstern und einem Bett mit Terrakotta -Bettbl\u00e4ttern, einer wei\u00dfen Bettdecke und einer Terrakottadecke\"   loading=\"lazy\" data-new-v2-image=\"true\" src=\"https:\/\/www.strassenweb.de\/nachrichten\/wp-content\/uploads\/2025\/07\/Ich-konnte-die-Ausgaben-fuer-teure-Bio-Bettwaesche-erst-rechtfertigen.jpg\" data-pin-media=\"https:\/\/www.strassenweb.de\/nachrichten\/wp-content\/uploads\/2025\/07\/Ich-konnte-die-Ausgaben-fuer-teure-Bio-Bettwaesche-erst-rechtfertigen.jpg\" data-pin-nopin=\"true\" class=\"aspect-(--img-listing-aspect-ratio,16\/9) object-cover w-(--article-river-thumbnail-width,60px) flex-shrink-0\">\n<\/picture>\n<span class=\"hover:text-inherit font-article-heading text-base text-(#333) leading-5 content-center\">Ich konnte die Ausgaben f\u00fcr teure Bio -Bettw\u00e4sche erst rechtfertigen, bis ich den Boll &#038; Branch -Verkauf entdeckte &#8211; bis zu 40% Rabatt liefern<\/span><\/p>\n<\/li>\n<\/ul>\n<\/aside>\n<p>Nachdem ich alles gescrollt hatte, habe ich mich entschieden: Blumen f\u00fcr den Herbst. Bahnbrechend, ich wei\u00df. Aber wirklich &#8211; schw\u00fcl, launische Blumen f\u00fchlen sich richtig an. Sie bringen eine Weichheit in das Herbstzimmerdekor mit Mustern, die sich immer noch saisonal anf\u00fchlen, aber die Stimmung erleichtern. Nat\u00fcrlich habe ich mich auch mit Kissenbez\u00fcgen und Bl\u00e4ttern in fundamentalen Herbstfarben &#8211; Ochres und Burgunderern &#8211; aus den besten Luxusbettentwicklungsnamen wie Fallschirm und Blissy ein.<\/p>\n<div id=\"ad-unit-2\" class=\"ad-unit\"><\/div>\n<p>Gem\u00fctlich, geschichtet und etwas unerwartet. Vor uns wussten Sie nicht, dass Sie nicht wussten, dass Sie es brauchten.<\/p>\n<div class=\"product-container hero-product-container product-block-no-wrap\">\n<div class=\"product-block-row\"><\/div>\n<div class=\"product-block-row\"><\/div>\n<div class=\"product-block-row\"><\/div>\n<div class=\"product-block-row\"><\/div>\n<div class=\"product-block-row\"><\/div>\n<div class=\"product-block-row\"><\/div>\n<div class=\"product-block-row\"><\/div>\n<div class=\"product-block-row\"><\/div>\n<div class=\"product-block-row\"><\/div>\n<\/div>\n<hr>\n<p>Fand nicht genau, wonach Sie gesucht haben? In Betracht ziehen <em>H\u00e4user &#038; G\u00e4rten<\/em>\u00bbLeitfaden zu den besten Orten, um Ihre Roadmap f\u00fcr alles zu kaufen, was Sie tun.<\/p>\n<div id=\"slice-container-newsletterForm-articleInbodyContent-EWh3XhJrUNhshMKajbZCy5\" class=\"slice-container newsletter-inbodyContent-slice newsletterForm-articleInbodyContent-EWh3XhJrUNhshMKajbZCy5 slice-container-newsletterForm\"><\/div>\n<\/div>\n","protected":false},"excerpt":{"rendered":"<p>Als jemand, der lebt, um zu schichten, sind \u00dcbergangszeiten vielleicht mein Favorit. Vor allem fallen. In dem Moment, in dem es unter 70 sinkt, bin<\/p>\n","protected":false},"author":1,"featured_media":6526,"comment_status":"closed","ping_status":"","sticky":false,"template":"","format":"standard","meta":{"footnotes":""},"categories":[118],"tags":[176,46,3509,281,9,1743,2674,8946,8944,8945,129,8947,1054,1096,8948,8949,3385,58,8943,6136,26],"class_list":["post-6525","post","type-post","status-publish","format-standard","has-post-thumbnail","hentry","category-haus-garten","tag-alle","tag-auf","tag-beliebten","tag-des","tag-die","tag-gemuetlichen","tag-genauso","tag-herauszieheund","tag-herbstbettwaesche","tag-herbsttrenchmantel","tag-ich","tag-jubilaeumsverkaufsanwaelte","tag-meine","tag-meinen","tag-nordstroms","tag-saisonfavoriten","tag-sehr","tag-sind","tag-umschalten","tag-vorhanden","tag-wie","generate-columns","tablet-grid-50","mobile-grid-100","grid-parent","grid-50"],"yoast_head":"<!-- This site is optimized with the Yoast SEO plugin v27.3 - https:\/\/yoast.com\/product\/yoast-seo-wordpress\/ -->\n<title>Umschalten auf Herbstbettw\u00e4sche genauso sehr wie ich meinen beliebten Herbst-Trench-Mantel herausziehe-und die Jubil\u00e4umsverkaufsanw\u00e4lte des Nordstroms sind alle meine gem\u00fctlichen Saisonfavoriten vorhanden - Nachrichten - Stra\u00dfenweb<\/title>\n<meta name=\"robots\" content=\"index, follow, max-snippet:-1, max-image-preview:large, max-video-preview:-1\" \/>\n<link rel=\"canonical\" href=\"https:\/\/www.strassenweb.de\/nachrichten\/umschalten-auf-herbstbettwaesche-genauso-sehr-wie-ich-meinen-beliebten-herbst-trench-mantel-herausziehe-und-die-jubilaeumsverkaufsanwaelte-des-nordstroms-sind-alle-meine-gemuetlichen-saisonfavoriten-v\/\" \/>\n<meta property=\"og:locale\" content=\"de_DE\" \/>\n<meta property=\"og:type\" content=\"article\" \/>\n<meta property=\"og:title\" content=\"Umschalten auf Herbstbettw\u00e4sche genauso sehr wie ich meinen beliebten Herbst-Trench-Mantel herausziehe-und die Jubil\u00e4umsverkaufsanw\u00e4lte des Nordstroms sind alle meine gem\u00fctlichen Saisonfavoriten vorhanden - Nachrichten - Stra\u00dfenweb\" \/>\n<meta property=\"og:description\" content=\"Als jemand, der lebt, um zu schichten, sind \u00dcbergangszeiten vielleicht mein Favorit. Vor allem fallen. In dem Moment, in dem es unter 70 sinkt, bin\" \/>\n<meta property=\"og:url\" content=\"https:\/\/www.strassenweb.de\/nachrichten\/umschalten-auf-herbstbettwaesche-genauso-sehr-wie-ich-meinen-beliebten-herbst-trench-mantel-herausziehe-und-die-jubilaeumsverkaufsanwaelte-des-nordstroms-sind-alle-meine-gemuetlichen-saisonfavoriten-v\/\" \/>\n<meta property=\"og:site_name\" content=\"Stra\u00dfenweb\" \/>\n<meta property=\"article:publisher\" content=\"https:\/\/www.facebook.com\/strassenweb\/\" \/>\n<meta property=\"article:published_time\" content=\"2025-07-28T19:40:03+00:00\" \/>\n<meta property=\"article:modified_time\" content=\"2025-07-28T19:40:06+00:00\" \/>\n<meta property=\"og:image\" content=\"https:\/\/www.strassenweb.de\/nachrichten\/wp-content\/uploads\/2025\/07\/Umschalten-auf-Herbstbettwaesche-genauso-sehr-wie-ich-meinen-beliebten-Herbst-Trench-Mantel-scaled.jpg\" \/>\n\t<meta property=\"og:image:width\" content=\"2560\" \/>\n\t<meta property=\"og:image:height\" content=\"1440\" \/>\n\t<meta property=\"og:image:type\" content=\"image\/jpeg\" \/>\n<meta name=\"author\" content=\"Robert Hoffmann\" \/>\n<meta name=\"twitter:card\" content=\"summary_large_image\" \/>\n<meta name=\"twitter:label1\" content=\"Verfasst von\" \/>\n\t<meta name=\"twitter:data1\" content=\"Robert Hoffmann\" \/>\n\t<meta name=\"twitter:label2\" content=\"Gesch\u00e4tzte Lesezeit\" \/>\n\t<meta name=\"twitter:data2\" content=\"2\u00a0Minuten\" \/>\n<script type=\"application\/ld+json\" class=\"yoast-schema-graph\">{\"@context\":\"https:\\\/\\\/schema.org\",\"@graph\":[{\"@type\":\"Article\",\"@id\":\"https:\\\/\\\/www.strassenweb.de\\\/nachrichten\\\/umschalten-auf-herbstbettwaesche-genauso-sehr-wie-ich-meinen-beliebten-herbst-trench-mantel-herausziehe-und-die-jubilaeumsverkaufsanwaelte-des-nordstroms-sind-alle-meine-gemuetlichen-saisonfavoriten-v\\\/#article\",\"isPartOf\":{\"@id\":\"https:\\\/\\\/www.strassenweb.de\\\/nachrichten\\\/umschalten-auf-herbstbettwaesche-genauso-sehr-wie-ich-meinen-beliebten-herbst-trench-mantel-herausziehe-und-die-jubilaeumsverkaufsanwaelte-des-nordstroms-sind-alle-meine-gemuetlichen-saisonfavoriten-v\\\/\"},\"author\":{\"name\":\"Robert Hoffmann\",\"@id\":\"https:\\\/\\\/www.strassenweb.de\\\/nachrichten\\\/#\\\/schema\\\/person\\\/87c9c9067f1211da429a744dc5a5aa41\"},\"headline\":\"Umschalten auf Herbstbettw\u00e4sche genauso sehr wie ich meinen beliebten Herbst-Trench-Mantel herausziehe-und die Jubil\u00e4umsverkaufsanw\u00e4lte des Nordstroms sind alle meine gem\u00fctlichen Saisonfavoriten vorhanden\",\"datePublished\":\"2025-07-28T19:40:03+00:00\",\"dateModified\":\"2025-07-28T19:40:06+00:00\",\"mainEntityOfPage\":{\"@id\":\"https:\\\/\\\/www.strassenweb.de\\\/nachrichten\\\/umschalten-auf-herbstbettwaesche-genauso-sehr-wie-ich-meinen-beliebten-herbst-trench-mantel-herausziehe-und-die-jubilaeumsverkaufsanwaelte-des-nordstroms-sind-alle-meine-gemuetlichen-saisonfavoriten-v\\\/\"},\"wordCount\":387,\"publisher\":{\"@id\":\"https:\\\/\\\/www.strassenweb.de\\\/nachrichten\\\/#organization\"},\"image\":{\"@id\":\"https:\\\/\\\/www.strassenweb.de\\\/nachrichten\\\/umschalten-auf-herbstbettwaesche-genauso-sehr-wie-ich-meinen-beliebten-herbst-trench-mantel-herausziehe-und-die-jubilaeumsverkaufsanwaelte-des-nordstroms-sind-alle-meine-gemuetlichen-saisonfavoriten-v\\\/#primaryimage\"},\"thumbnailUrl\":\"https:\\\/\\\/www.strassenweb.de\\\/nachrichten\\\/wp-content\\\/uploads\\\/2025\\\/07\\\/Umschalten-auf-Herbstbettwaesche-genauso-sehr-wie-ich-meinen-beliebten-Herbst-Trench-Mantel-scaled.jpg\",\"keywords\":[\"alle\",\"auf\",\"beliebten\",\"des\",\"die\",\"gem\u00fctlichen\",\"genauso\",\"herauszieheund\",\"Herbstbettw\u00e4sche\",\"HerbstTrenchMantel\",\"ich\",\"Jubil\u00e4umsverkaufsanw\u00e4lte\",\"meine\",\"meinen\",\"Nordstroms\",\"Saisonfavoriten\",\"sehr\",\"sind\",\"Umschalten\",\"vorhanden\",\"Wie\"],\"articleSection\":[\"Haus &amp; Garten\"],\"inLanguage\":\"de\"},{\"@type\":\"WebPage\",\"@id\":\"https:\\\/\\\/www.strassenweb.de\\\/nachrichten\\\/umschalten-auf-herbstbettwaesche-genauso-sehr-wie-ich-meinen-beliebten-herbst-trench-mantel-herausziehe-und-die-jubilaeumsverkaufsanwaelte-des-nordstroms-sind-alle-meine-gemuetlichen-saisonfavoriten-v\\\/\",\"url\":\"https:\\\/\\\/www.strassenweb.de\\\/nachrichten\\\/umschalten-auf-herbstbettwaesche-genauso-sehr-wie-ich-meinen-beliebten-herbst-trench-mantel-herausziehe-und-die-jubilaeumsverkaufsanwaelte-des-nordstroms-sind-alle-meine-gemuetlichen-saisonfavoriten-v\\\/\",\"name\":\"Umschalten auf Herbstbettw\u00e4sche genauso sehr wie ich meinen beliebten Herbst-Trench-Mantel herausziehe-und die Jubil\u00e4umsverkaufsanw\u00e4lte des Nordstroms sind alle meine gem\u00fctlichen Saisonfavoriten vorhanden - Nachrichten - Stra\u00dfenweb\",\"isPartOf\":{\"@id\":\"https:\\\/\\\/www.strassenweb.de\\\/nachrichten\\\/#website\"},\"primaryImageOfPage\":{\"@id\":\"https:\\\/\\\/www.strassenweb.de\\\/nachrichten\\\/umschalten-auf-herbstbettwaesche-genauso-sehr-wie-ich-meinen-beliebten-herbst-trench-mantel-herausziehe-und-die-jubilaeumsverkaufsanwaelte-des-nordstroms-sind-alle-meine-gemuetlichen-saisonfavoriten-v\\\/#primaryimage\"},\"image\":{\"@id\":\"https:\\\/\\\/www.strassenweb.de\\\/nachrichten\\\/umschalten-auf-herbstbettwaesche-genauso-sehr-wie-ich-meinen-beliebten-herbst-trench-mantel-herausziehe-und-die-jubilaeumsverkaufsanwaelte-des-nordstroms-sind-alle-meine-gemuetlichen-saisonfavoriten-v\\\/#primaryimage\"},\"thumbnailUrl\":\"https:\\\/\\\/www.strassenweb.de\\\/nachrichten\\\/wp-content\\\/uploads\\\/2025\\\/07\\\/Umschalten-auf-Herbstbettwaesche-genauso-sehr-wie-ich-meinen-beliebten-Herbst-Trench-Mantel-scaled.jpg\",\"datePublished\":\"2025-07-28T19:40:03+00:00\",\"dateModified\":\"2025-07-28T19:40:06+00:00\",\"breadcrumb\":{\"@id\":\"https:\\\/\\\/www.strassenweb.de\\\/nachrichten\\\/umschalten-auf-herbstbettwaesche-genauso-sehr-wie-ich-meinen-beliebten-herbst-trench-mantel-herausziehe-und-die-jubilaeumsverkaufsanwaelte-des-nordstroms-sind-alle-meine-gemuetlichen-saisonfavoriten-v\\\/#breadcrumb\"},\"inLanguage\":\"de\",\"potentialAction\":[{\"@type\":\"ReadAction\",\"target\":[\"https:\\\/\\\/www.strassenweb.de\\\/nachrichten\\\/umschalten-auf-herbstbettwaesche-genauso-sehr-wie-ich-meinen-beliebten-herbst-trench-mantel-herausziehe-und-die-jubilaeumsverkaufsanwaelte-des-nordstroms-sind-alle-meine-gemuetlichen-saisonfavoriten-v\\\/\"]}]},{\"@type\":\"ImageObject\",\"inLanguage\":\"de\",\"@id\":\"https:\\\/\\\/www.strassenweb.de\\\/nachrichten\\\/umschalten-auf-herbstbettwaesche-genauso-sehr-wie-ich-meinen-beliebten-herbst-trench-mantel-herausziehe-und-die-jubilaeumsverkaufsanwaelte-des-nordstroms-sind-alle-meine-gemuetlichen-saisonfavoriten-v\\\/#primaryimage\",\"url\":\"https:\\\/\\\/www.strassenweb.de\\\/nachrichten\\\/wp-content\\\/uploads\\\/2025\\\/07\\\/Umschalten-auf-Herbstbettwaesche-genauso-sehr-wie-ich-meinen-beliebten-Herbst-Trench-Mantel-scaled.jpg\",\"contentUrl\":\"https:\\\/\\\/www.strassenweb.de\\\/nachrichten\\\/wp-content\\\/uploads\\\/2025\\\/07\\\/Umschalten-auf-Herbstbettwaesche-genauso-sehr-wie-ich-meinen-beliebten-Herbst-Trench-Mantel-scaled.jpg\",\"width\":2560,\"height\":1440,\"caption\":\"Green and white floral Boll &amp;amp; Branch bedding set photographed in an airy, sunlit bedroom\"},{\"@type\":\"BreadcrumbList\",\"@id\":\"https:\\\/\\\/www.strassenweb.de\\\/nachrichten\\\/umschalten-auf-herbstbettwaesche-genauso-sehr-wie-ich-meinen-beliebten-herbst-trench-mantel-herausziehe-und-die-jubilaeumsverkaufsanwaelte-des-nordstroms-sind-alle-meine-gemuetlichen-saisonfavoriten-v\\\/#breadcrumb\",\"itemListElement\":[{\"@type\":\"ListItem\",\"position\":1,\"name\":\"Home\",\"item\":\"https:\\\/\\\/www.strassenweb.de\\\/nachrichten\\\/\"},{\"@type\":\"ListItem\",\"position\":2,\"name\":\"Umschalten auf Herbstbettw\u00e4sche genauso sehr wie ich meinen beliebten Herbst-Trench-Mantel herausziehe-und die Jubil\u00e4umsverkaufsanw\u00e4lte des Nordstroms sind alle meine gem\u00fctlichen Saisonfavoriten vorhanden\"}]},{\"@type\":\"WebSite\",\"@id\":\"https:\\\/\\\/www.strassenweb.de\\\/nachrichten\\\/#website\",\"url\":\"https:\\\/\\\/www.strassenweb.de\\\/nachrichten\\\/\",\"name\":\"Stra\u00dfenweb\",\"description\":\"Stra\u00dfenverzeichnis f\u00fcr Deutschland\",\"publisher\":{\"@id\":\"https:\\\/\\\/www.strassenweb.de\\\/nachrichten\\\/#organization\"},\"potentialAction\":[{\"@type\":\"SearchAction\",\"target\":{\"@type\":\"EntryPoint\",\"urlTemplate\":\"https:\\\/\\\/www.strassenweb.de\\\/nachrichten\\\/?s={search_term_string}\"},\"query-input\":{\"@type\":\"PropertyValueSpecification\",\"valueRequired\":true,\"valueName\":\"search_term_string\"}}],\"inLanguage\":\"de\"},{\"@type\":\"Organization\",\"@id\":\"https:\\\/\\\/www.strassenweb.de\\\/nachrichten\\\/#organization\",\"name\":\"Stra\u00dfenweb\",\"url\":\"https:\\\/\\\/www.strassenweb.de\\\/nachrichten\\\/\",\"logo\":{\"@type\":\"ImageObject\",\"inLanguage\":\"de\",\"@id\":\"https:\\\/\\\/www.strassenweb.de\\\/nachrichten\\\/#\\\/schema\\\/logo\\\/image\\\/\",\"url\":\"https:\\\/\\\/www.strassenweb.de\\\/nachrichten\\\/wp-content\\\/uploads\\\/2024\\\/09\\\/cropped-favicon.png\",\"contentUrl\":\"https:\\\/\\\/www.strassenweb.de\\\/nachrichten\\\/wp-content\\\/uploads\\\/2024\\\/09\\\/cropped-favicon.png\",\"width\":512,\"height\":512,\"caption\":\"Stra\u00dfenweb\"},\"image\":{\"@id\":\"https:\\\/\\\/www.strassenweb.de\\\/nachrichten\\\/#\\\/schema\\\/logo\\\/image\\\/\"},\"sameAs\":[\"https:\\\/\\\/www.facebook.com\\\/strassenweb\\\/\"]},{\"@type\":\"Person\",\"@id\":\"https:\\\/\\\/www.strassenweb.de\\\/nachrichten\\\/#\\\/schema\\\/person\\\/87c9c9067f1211da429a744dc5a5aa41\",\"name\":\"Robert Hoffmann\",\"image\":{\"@type\":\"ImageObject\",\"inLanguage\":\"de\",\"@id\":\"https:\\\/\\\/www.strassenweb.de\\\/nachrichten\\\/wp-content\\\/uploads\\\/2024\\\/09\\\/strassenweb-150x150.jpg\",\"url\":\"https:\\\/\\\/www.strassenweb.de\\\/nachrichten\\\/wp-content\\\/uploads\\\/2024\\\/09\\\/strassenweb-150x150.jpg\",\"contentUrl\":\"https:\\\/\\\/www.strassenweb.de\\\/nachrichten\\\/wp-content\\\/uploads\\\/2024\\\/09\\\/strassenweb-150x150.jpg\",\"caption\":\"Robert Hoffmann\"},\"description\":\"Ich hei\u00dfe Robert Hoffmann und ich bin ein leidenschaftlicher Verfechter von \u00d6kologie und Biodiversit\u00e4t. Seit meiner Kindheit in den W\u00e4ldern Bayerns f\u00fchle ich mich mit der Natur verbunden und bin entschlossen, sie zu sch\u00fctzen. Heute widme ich mein Leben der Sensibilisierung anderer f\u00fcr die Bedeutung des Umweltschutzes f\u00fcr zuk\u00fcnftige Generationen.\",\"sameAs\":[\"https:\\\/\\\/www.strassenweb.de\\\/\"]}]}<\/script>\n<!-- \/ Yoast SEO plugin. -->","yoast_head_json":{"title":"Umschalten auf Herbstbettw\u00e4sche genauso sehr wie ich meinen beliebten Herbst-Trench-Mantel herausziehe-und die Jubil\u00e4umsverkaufsanw\u00e4lte des Nordstroms sind alle meine gem\u00fctlichen Saisonfavoriten vorhanden - Nachrichten - Stra\u00dfenweb","robots":{"index":"index","follow":"follow","max-snippet":"max-snippet:-1","max-image-preview":"max-image-preview:large","max-video-preview":"max-video-preview:-1"},"canonical":"https:\/\/www.strassenweb.de\/nachrichten\/umschalten-auf-herbstbettwaesche-genauso-sehr-wie-ich-meinen-beliebten-herbst-trench-mantel-herausziehe-und-die-jubilaeumsverkaufsanwaelte-des-nordstroms-sind-alle-meine-gemuetlichen-saisonfavoriten-v\/","og_locale":"de_DE","og_type":"article","og_title":"Umschalten auf Herbstbettw\u00e4sche genauso sehr wie ich meinen beliebten Herbst-Trench-Mantel herausziehe-und die Jubil\u00e4umsverkaufsanw\u00e4lte des Nordstroms sind alle meine gem\u00fctlichen Saisonfavoriten vorhanden - Nachrichten - Stra\u00dfenweb","og_description":"Als jemand, der lebt, um zu schichten, sind \u00dcbergangszeiten vielleicht mein Favorit. Vor allem fallen. In dem Moment, in dem es unter 70 sinkt, bin","og_url":"https:\/\/www.strassenweb.de\/nachrichten\/umschalten-auf-herbstbettwaesche-genauso-sehr-wie-ich-meinen-beliebten-herbst-trench-mantel-herausziehe-und-die-jubilaeumsverkaufsanwaelte-des-nordstroms-sind-alle-meine-gemuetlichen-saisonfavoriten-v\/","og_site_name":"Stra\u00dfenweb","article_publisher":"https:\/\/www.facebook.com\/strassenweb\/","article_published_time":"2025-07-28T19:40:03+00:00","article_modified_time":"2025-07-28T19:40:06+00:00","og_image":[{"width":2560,"height":1440,"url":"https:\/\/www.strassenweb.de\/nachrichten\/wp-content\/uploads\/2025\/07\/Umschalten-auf-Herbstbettwaesche-genauso-sehr-wie-ich-meinen-beliebten-Herbst-Trench-Mantel-scaled.jpg","type":"image\/jpeg"}],"author":"Robert Hoffmann","twitter_card":"summary_large_image","twitter_misc":{"Verfasst von":"Robert Hoffmann","Gesch\u00e4tzte Lesezeit":"2\u00a0Minuten"},"schema":{"@context":"https:\/\/schema.org","@graph":[{"@type":"Article","@id":"https:\/\/www.strassenweb.de\/nachrichten\/umschalten-auf-herbstbettwaesche-genauso-sehr-wie-ich-meinen-beliebten-herbst-trench-mantel-herausziehe-und-die-jubilaeumsverkaufsanwaelte-des-nordstroms-sind-alle-meine-gemuetlichen-saisonfavoriten-v\/#article","isPartOf":{"@id":"https:\/\/www.strassenweb.de\/nachrichten\/umschalten-auf-herbstbettwaesche-genauso-sehr-wie-ich-meinen-beliebten-herbst-trench-mantel-herausziehe-und-die-jubilaeumsverkaufsanwaelte-des-nordstroms-sind-alle-meine-gemuetlichen-saisonfavoriten-v\/"},"author":{"name":"Robert Hoffmann","@id":"https:\/\/www.strassenweb.de\/nachrichten\/#\/schema\/person\/87c9c9067f1211da429a744dc5a5aa41"},"headline":"Umschalten auf Herbstbettw\u00e4sche genauso sehr wie ich meinen beliebten Herbst-Trench-Mantel herausziehe-und die Jubil\u00e4umsverkaufsanw\u00e4lte des Nordstroms sind alle meine gem\u00fctlichen Saisonfavoriten vorhanden","datePublished":"2025-07-28T19:40:03+00:00","dateModified":"2025-07-28T19:40:06+00:00","mainEntityOfPage":{"@id":"https:\/\/www.strassenweb.de\/nachrichten\/umschalten-auf-herbstbettwaesche-genauso-sehr-wie-ich-meinen-beliebten-herbst-trench-mantel-herausziehe-und-die-jubilaeumsverkaufsanwaelte-des-nordstroms-sind-alle-meine-gemuetlichen-saisonfavoriten-v\/"},"wordCount":387,"publisher":{"@id":"https:\/\/www.strassenweb.de\/nachrichten\/#organization"},"image":{"@id":"https:\/\/www.strassenweb.de\/nachrichten\/umschalten-auf-herbstbettwaesche-genauso-sehr-wie-ich-meinen-beliebten-herbst-trench-mantel-herausziehe-und-die-jubilaeumsverkaufsanwaelte-des-nordstroms-sind-alle-meine-gemuetlichen-saisonfavoriten-v\/#primaryimage"},"thumbnailUrl":"https:\/\/www.strassenweb.de\/nachrichten\/wp-content\/uploads\/2025\/07\/Umschalten-auf-Herbstbettwaesche-genauso-sehr-wie-ich-meinen-beliebten-Herbst-Trench-Mantel-scaled.jpg","keywords":["alle","auf","beliebten","des","die","gem\u00fctlichen","genauso","herauszieheund","Herbstbettw\u00e4sche","HerbstTrenchMantel","ich","Jubil\u00e4umsverkaufsanw\u00e4lte","meine","meinen","Nordstroms","Saisonfavoriten","sehr","sind","Umschalten","vorhanden","Wie"],"articleSection":["Haus &amp; Garten"],"inLanguage":"de"},{"@type":"WebPage","@id":"https:\/\/www.strassenweb.de\/nachrichten\/umschalten-auf-herbstbettwaesche-genauso-sehr-wie-ich-meinen-beliebten-herbst-trench-mantel-herausziehe-und-die-jubilaeumsverkaufsanwaelte-des-nordstroms-sind-alle-meine-gemuetlichen-saisonfavoriten-v\/","url":"https:\/\/www.strassenweb.de\/nachrichten\/umschalten-auf-herbstbettwaesche-genauso-sehr-wie-ich-meinen-beliebten-herbst-trench-mantel-herausziehe-und-die-jubilaeumsverkaufsanwaelte-des-nordstroms-sind-alle-meine-gemuetlichen-saisonfavoriten-v\/","name":"Umschalten auf Herbstbettw\u00e4sche genauso sehr wie ich meinen beliebten Herbst-Trench-Mantel herausziehe-und die Jubil\u00e4umsverkaufsanw\u00e4lte des Nordstroms sind alle meine gem\u00fctlichen Saisonfavoriten vorhanden - Nachrichten - Stra\u00dfenweb","isPartOf":{"@id":"https:\/\/www.strassenweb.de\/nachrichten\/#website"},"primaryImageOfPage":{"@id":"https:\/\/www.strassenweb.de\/nachrichten\/umschalten-auf-herbstbettwaesche-genauso-sehr-wie-ich-meinen-beliebten-herbst-trench-mantel-herausziehe-und-die-jubilaeumsverkaufsanwaelte-des-nordstroms-sind-alle-meine-gemuetlichen-saisonfavoriten-v\/#primaryimage"},"image":{"@id":"https:\/\/www.strassenweb.de\/nachrichten\/umschalten-auf-herbstbettwaesche-genauso-sehr-wie-ich-meinen-beliebten-herbst-trench-mantel-herausziehe-und-die-jubilaeumsverkaufsanwaelte-des-nordstroms-sind-alle-meine-gemuetlichen-saisonfavoriten-v\/#primaryimage"},"thumbnailUrl":"https:\/\/www.strassenweb.de\/nachrichten\/wp-content\/uploads\/2025\/07\/Umschalten-auf-Herbstbettwaesche-genauso-sehr-wie-ich-meinen-beliebten-Herbst-Trench-Mantel-scaled.jpg","datePublished":"2025-07-28T19:40:03+00:00","dateModified":"2025-07-28T19:40:06+00:00","breadcrumb":{"@id":"https:\/\/www.strassenweb.de\/nachrichten\/umschalten-auf-herbstbettwaesche-genauso-sehr-wie-ich-meinen-beliebten-herbst-trench-mantel-herausziehe-und-die-jubilaeumsverkaufsanwaelte-des-nordstroms-sind-alle-meine-gemuetlichen-saisonfavoriten-v\/#breadcrumb"},"inLanguage":"de","potentialAction":[{"@type":"ReadAction","target":["https:\/\/www.strassenweb.de\/nachrichten\/umschalten-auf-herbstbettwaesche-genauso-sehr-wie-ich-meinen-beliebten-herbst-trench-mantel-herausziehe-und-die-jubilaeumsverkaufsanwaelte-des-nordstroms-sind-alle-meine-gemuetlichen-saisonfavoriten-v\/"]}]},{"@type":"ImageObject","inLanguage":"de","@id":"https:\/\/www.strassenweb.de\/nachrichten\/umschalten-auf-herbstbettwaesche-genauso-sehr-wie-ich-meinen-beliebten-herbst-trench-mantel-herausziehe-und-die-jubilaeumsverkaufsanwaelte-des-nordstroms-sind-alle-meine-gemuetlichen-saisonfavoriten-v\/#primaryimage","url":"https:\/\/www.strassenweb.de\/nachrichten\/wp-content\/uploads\/2025\/07\/Umschalten-auf-Herbstbettwaesche-genauso-sehr-wie-ich-meinen-beliebten-Herbst-Trench-Mantel-scaled.jpg","contentUrl":"https:\/\/www.strassenweb.de\/nachrichten\/wp-content\/uploads\/2025\/07\/Umschalten-auf-Herbstbettwaesche-genauso-sehr-wie-ich-meinen-beliebten-Herbst-Trench-Mantel-scaled.jpg","width":2560,"height":1440,"caption":"Green and white floral Boll &amp;amp; Branch bedding set photographed in an airy, sunlit bedroom"},{"@type":"BreadcrumbList","@id":"https:\/\/www.strassenweb.de\/nachrichten\/umschalten-auf-herbstbettwaesche-genauso-sehr-wie-ich-meinen-beliebten-herbst-trench-mantel-herausziehe-und-die-jubilaeumsverkaufsanwaelte-des-nordstroms-sind-alle-meine-gemuetlichen-saisonfavoriten-v\/#breadcrumb","itemListElement":[{"@type":"ListItem","position":1,"name":"Home","item":"https:\/\/www.strassenweb.de\/nachrichten\/"},{"@type":"ListItem","position":2,"name":"Umschalten auf Herbstbettw\u00e4sche genauso sehr wie ich meinen beliebten Herbst-Trench-Mantel herausziehe-und die Jubil\u00e4umsverkaufsanw\u00e4lte des Nordstroms sind alle meine gem\u00fctlichen Saisonfavoriten vorhanden"}]},{"@type":"WebSite","@id":"https:\/\/www.strassenweb.de\/nachrichten\/#website","url":"https:\/\/www.strassenweb.de\/nachrichten\/","name":"Stra\u00dfenweb","description":"Stra\u00dfenverzeichnis f\u00fcr Deutschland","publisher":{"@id":"https:\/\/www.strassenweb.de\/nachrichten\/#organization"},"potentialAction":[{"@type":"SearchAction","target":{"@type":"EntryPoint","urlTemplate":"https:\/\/www.strassenweb.de\/nachrichten\/?s={search_term_string}"},"query-input":{"@type":"PropertyValueSpecification","valueRequired":true,"valueName":"search_term_string"}}],"inLanguage":"de"},{"@type":"Organization","@id":"https:\/\/www.strassenweb.de\/nachrichten\/#organization","name":"Stra\u00dfenweb","url":"https:\/\/www.strassenweb.de\/nachrichten\/","logo":{"@type":"ImageObject","inLanguage":"de","@id":"https:\/\/www.strassenweb.de\/nachrichten\/#\/schema\/logo\/image\/","url":"https:\/\/www.strassenweb.de\/nachrichten\/wp-content\/uploads\/2024\/09\/cropped-favicon.png","contentUrl":"https:\/\/www.strassenweb.de\/nachrichten\/wp-content\/uploads\/2024\/09\/cropped-favicon.png","width":512,"height":512,"caption":"Stra\u00dfenweb"},"image":{"@id":"https:\/\/www.strassenweb.de\/nachrichten\/#\/schema\/logo\/image\/"},"sameAs":["https:\/\/www.facebook.com\/strassenweb\/"]},{"@type":"Person","@id":"https:\/\/www.strassenweb.de\/nachrichten\/#\/schema\/person\/87c9c9067f1211da429a744dc5a5aa41","name":"Robert Hoffmann","image":{"@type":"ImageObject","inLanguage":"de","@id":"https:\/\/www.strassenweb.de\/nachrichten\/wp-content\/uploads\/2024\/09\/strassenweb-150x150.jpg","url":"https:\/\/www.strassenweb.de\/nachrichten\/wp-content\/uploads\/2024\/09\/strassenweb-150x150.jpg","contentUrl":"https:\/\/www.strassenweb.de\/nachrichten\/wp-content\/uploads\/2024\/09\/strassenweb-150x150.jpg","caption":"Robert Hoffmann"},"description":"Ich hei\u00dfe Robert Hoffmann und ich bin ein leidenschaftlicher Verfechter von \u00d6kologie und Biodiversit\u00e4t. Seit meiner Kindheit in den W\u00e4ldern Bayerns f\u00fchle ich mich mit der Natur verbunden und bin entschlossen, sie zu sch\u00fctzen. Heute widme ich mein Leben der Sensibilisierung anderer f\u00fcr die Bedeutung des Umweltschutzes f\u00fcr zuk\u00fcnftige Generationen.","sameAs":["https:\/\/www.strassenweb.de\/"]}]}},"_links":{"self":[{"href":"https:\/\/www.strassenweb.de\/nachrichten\/wp-json\/wp\/v2\/posts\/6525","targetHints":{"allow":["GET"]}}],"collection":[{"href":"https:\/\/www.strassenweb.de\/nachrichten\/wp-json\/wp\/v2\/posts"}],"about":[{"href":"https:\/\/www.strassenweb.de\/nachrichten\/wp-json\/wp\/v2\/types\/post"}],"author":[{"embeddable":true,"href":"https:\/\/www.strassenweb.de\/nachrichten\/wp-json\/wp\/v2\/users\/1"}],"replies":[{"embeddable":true,"href":"https:\/\/www.strassenweb.de\/nachrichten\/wp-json\/wp\/v2\/comments?post=6525"}],"version-history":[{"count":0,"href":"https:\/\/www.strassenweb.de\/nachrichten\/wp-json\/wp\/v2\/posts\/6525\/revisions"}],"wp:featuredmedia":[{"embeddable":true,"href":"https:\/\/www.strassenweb.de\/nachrichten\/wp-json\/wp\/v2\/media\/6526"}],"wp:attachment":[{"href":"https:\/\/www.strassenweb.de\/nachrichten\/wp-json\/wp\/v2\/media?parent=6525"}],"wp:term":[{"taxonomy":"category","embeddable":true,"href":"https:\/\/www.strassenweb.de\/nachrichten\/wp-json\/wp\/v2\/categories?post=6525"},{"taxonomy":"post_tag","embeddable":true,"href":"https:\/\/www.strassenweb.de\/nachrichten\/wp-json\/wp\/v2\/tags?post=6525"}],"curies":[{"name":"wp","href":"https:\/\/api.w.org\/{rel}","templated":true}]}}