{"id":6482,"date":"2025-07-26T09:49:08","date_gmt":"2025-07-26T07:49:08","guid":{"rendered":"https:\/\/www.strassenweb.de\/nachrichten\/die-almanac-herbstprognose-der-bauern-2025-prognostiziert-aggressive-gewitter-und-fruehes-schnee-lassen-sie-es-nicht-zu-spaet-um-ihre-pflanzen-zu-schuetzen\/"},"modified":"2025-07-26T09:49:09","modified_gmt":"2025-07-26T07:49:09","slug":"die-almanac-herbstprognose-der-bauern-2025-prognostiziert-aggressive-gewitter-und-fruehes-schnee-lassen-sie-es-nicht-zu-spaet-um-ihre-pflanzen-zu-schuetzen","status":"publish","type":"post","link":"https:\/\/www.strassenweb.de\/nachrichten\/die-almanac-herbstprognose-der-bauern-2025-prognostiziert-aggressive-gewitter-und-fruehes-schnee-lassen-sie-es-nicht-zu-spaet-um-ihre-pflanzen-zu-schuetzen\/","title":{"rendered":"Die ALMANAC -Herbstprognose der Bauern 2025 prognostiziert aggressive Gewitter und fr\u00fches Schnee &#8211; lassen Sie es nicht zu sp\u00e4t, um Ihre Pflanzen zu sch\u00fctzen"},"content":{"rendered":"<div id=\"article-body\" class=\"article__body \">\n<p>Nach solch hohen Temperaturen in diesem Sommer ist es keine \u00dcberraschung, dass die <em>Bauernalmanach<\/em> Die Vorhersage der Herbstwetter sagt in diesem Winter einige extrem kalte Temperaturen voraus. Da der Herbst -Equinox am 2. September 2025 f\u00e4llt, ist jetzt die Zeit f\u00fcr G\u00e4rtner in den USA, \u00fcber den Frost, den fr\u00fchen Schnee und den starken Niederschlag nachzudenken, der f\u00fcr die ankommende kalte Jahreszeit erwartet wird.<\/p>\n<div id=\"ad-unit-1\" class=\"ad-unit\"><\/div>\n<p>Es w\u00e4re ein Fehler, nur Ihre Herbstgarten -Checkliste zu beurteilen, wenn die Saison eintrifft, da sich diese kalten Schnappsch\u00fcsse an Sie anziehen k\u00f6nnen. Stattdessen eine vertrauensw\u00fcrdige Quelle f\u00fcr die Wettervorhersagen von Wettervorhersagen in den USA und Kanada, <em>Bauernalmanach, <\/em>Schl\u00e4gt vor, sich mit ihrer erweiterten Herbstprognose f\u00fcr 2025 in den Griff zu bekommen und proaktiv zu sein, um Ihren Garten vorzubereiten.<\/p>\n<aside data-block-type=\"embed\" data-render-type=\"fte\" data-skip=\"dealsy\" data-widget-type=\"seasonal\" class=\"hawk-base\"><\/aside>\n<p>&#8222;Von fr\u00fchen Sch\u00fcttelfrost im Norden bis hin zu anhaltender W\u00e4rme im S\u00fcden und vom st\u00fcrmischen Himmel bis hin zu ruhigen Strecken wird uns dieser Herbst auf Trab halten&#8220;, hei\u00dft es in dem &#8222;, hei\u00dft es. Hier ist, was die Wettervorhersagen f\u00fcr Ihren Garten bedeuten k\u00f6nnten, und was Sie tun k\u00f6nnen, um sicherzustellen, dass Ihre Pflanzen die Herbstsaison unversehrt machen.<\/p>\n<div class=\"van_vid_carousel\">\n<div class=\"van_vid_carousel__padding\">\n<div class=\"van_vid_carousel__container\"><\/div>\n<\/div>\n<\/div>\n<aside data-component-name=\"Recirculation:ArticleRiver\" data-nosnippet class=\"pt-3 pb-4 mb-4 border-b border-solid border-(#333)\">\n<span class=\"\nafter:content-('') after:flex-1 after:ml-4 after:my-(0.7rem) after:border-t-(#333) after:border-t after:border-solid\nbefore:content-('') before:flex-1 before:mr-4 before:my-(0.7rem) before:border-t-(#333) before:border-t before:border-solid\nfont-article-heading pb-3 !text-base font-bold uppercase sm:text-sm text-(#333) flex\"><\/p>\n<p>Sie m\u00f6gen m\u00f6gen<br \/>\n<\/span><\/p>\n<ul class=\"flex flex-col gap-3 m-0\">\n<li class=\"m-0 list-none\" name=\"recirculation-inline\" data-analytics-id=\"recirculation-inline-1\" analytics-label=\"adviser:related\">\n<picture data-new-v2-image=\"true\" class=\"w-(--article-river-thumbnail-width,60px) flex-shrink-0\"><source type=\"image\/webp\"  ><\/source><\/p>\n<\/picture>\n<span class=\"hover:text-inherit font-article-heading text-base text-(#333) leading-5 content-center\">Gartenfehler im Juni zu vermeiden &#8211; Gartenexperten zeigen, wie (und wie nicht) Ihren Garten f\u00fcr den Sommer vorbereiten, um sich vorzubereiten<\/span><\/p>\n<\/li>\n<li class=\"m-0 list-none\" name=\"recirculation-inline\" data-analytics-id=\"recirculation-inline-2\" analytics-label=\"adviser:related\">\n<picture data-new-v2-image=\"true\" class=\"w-(--article-river-thumbnail-width,60px) flex-shrink-0\"><source type=\"image\/webp\"  ><\/source><br \/>\n<img decoding=\"async\" alt=\"Blumen im Herbst zu s\u00e4en\"   loading=\"lazy\" data-new-v2-image=\"true\" src=\"https:\/\/www.strassenweb.de\/nachrichten\/wp-content\/uploads\/2025\/07\/x6FsP3ZCGHjUor3nVXBUp9.jpg\" data-pin-media=\"https:\/\/www.strassenweb.de\/nachrichten\/wp-content\/uploads\/2025\/07\/x6FsP3ZCGHjUor3nVXBUp9.jpg\" data-pin-nopin=\"true\" class=\"aspect-(--img-listing-aspect-ratio,16\/9) object-cover w-(--article-river-thumbnail-width,60px) flex-shrink-0\">\n<\/picture>\n<span class=\"hover:text-inherit font-article-heading text-base text-(#333) leading-5 content-center\">6 Blumen, die am st\u00e4rksten von einer Hitzewelle gef\u00e4hrdet sind &#8211; und wie sie sie gl\u00fccklich bl\u00fchen, auch wenn die Temperaturen steigen<\/span><\/p>\n<\/li>\n<li class=\"m-0 list-none\" name=\"recirculation-inline\" data-analytics-id=\"recirculation-inline-3\" analytics-label=\"adviser:related\">\n<picture data-new-v2-image=\"true\" class=\"w-(--article-river-thumbnail-width,60px) flex-shrink-0\"><source type=\"image\/webp\"  ><\/source><br \/>\n<img decoding=\"async\" alt=\"Der Garten der Zukunft in der RHS Chelsea Flower Show 2025\"   loading=\"lazy\" data-new-v2-image=\"true\" src=\"https:\/\/www.strassenweb.de\/nachrichten\/wp-content\/uploads\/2025\/07\/DBQg4PfxdTnKytGE9iNVZ4.jpg\" data-pin-media=\"https:\/\/www.strassenweb.de\/nachrichten\/wp-content\/uploads\/2025\/07\/DBQg4PfxdTnKytGE9iNVZ4.jpg\" data-pin-nopin=\"true\" class=\"aspect-(--img-listing-aspect-ratio,16\/9) object-cover w-(--article-river-thumbnail-width,60px) flex-shrink-0\">\n<\/picture>\n<span class=\"hover:text-inherit font-article-heading text-base text-(#333) leading-5 content-center\">5 Klima-resilen Pflanzen Alle G\u00e4rtner werden bald wachsen-wie ich bei der Erkundung des Gartens der Zukunft in der Chelsea Flower Show 2025 entdeckt habe<\/span><\/p>\n<\/li>\n<\/ul>\n<\/aside>\n<h2 id=\"thunderstorms-could-wipe-out-planting-3\">Gewitter konnten das Pflanzen ausl\u00f6schen<\/h2>\n<figure class=\"van-image-figure inline-layout \" data-bordeaux-image-check>\n<div class=\"image-full-width-wrapper\">\n<div class=\"image-widthsetter\" style=\"max-width:2000px;\"><\/div>\n<\/div>\n<\/figure>\n<p>Wenn wir in die Herbstmonate springen, wird das harte Wetter f\u00fcr die \u00f6stlichen Staaten der USA prognostiziert.<\/p>\n<div id=\"ad-unit-2\" class=\"ad-unit\"><\/div>\n<p>&#8222;Das Labor Day -Wochenende bringt eine Mischung aus Wetter, wobei Gewitter Teile des Nordostens und S\u00fcdostens bedroht&#8220; <em>Bauernalmanach<\/em> Berichte.<\/p>\n<p>&#8218;Der Mittlere Westen und West (Will) genie\u00dfen einen klareren Himmel. Der Monat setzt sich mit einem Schlepper zwischen fairem Wetter und Sturmsystemen fort, einschlie\u00dflich einer bemerkenswerten Hurrikandrohung entlang der Atlantikk\u00fcste Anfang September.<\/p>\n<p>&#8222;Schwere Gewitter und sogar Tornado -Potential werden \u00fcber die zentralen Staaten, insbesondere das Ohio Valley und die Ebenen, ab&#8220;.<\/p>\n<div id=\"slice-container-newsletterForm-articleInbodyContent-9KLsbuhqdNFVvzn8927NFd\" class=\"slice-container newsletter-inbodyContent-slice newsletterForm-articleInbodyContent-9KLsbuhqdNFVvzn8927NFd slice-container-newsletterForm\"><\/div>\n<p>Wenn Sie also in der Region leben, die mit Gewittern bedroht sind, ist es der Schl\u00fcssel, mit dem Schutz von Pflanzen vor einem Sturm voranzukommen.<\/p>\n<p>Dies beinhaltet den Schutz vor starken Winden und den Schutz von Pflanzen vor starkem Regen, die beide St\u00e4ngel und \u00fcbers\u00e4ttigte Wurzeln schnappen k\u00f6nnen.<\/p>\n<p>Erw\u00e4gen Sie, Pflanzen (wie mit diesen Anlagentr\u00e4gern von Amazon) zu halten und sogar Beh\u00e4lterpflanzen in einem Gew\u00e4chshaus zum Schutz zu bewegen.<\/p>\n<p>Reinigen Sie Tr\u00fcmmer, die in starken Winden herumfliegen k\u00f6nnen, wodurch Pflanzen und Infrastruktur m\u00f6glicherweise sch\u00e4dlich sind.<\/p>\n<div class=\"min-h-(270px) mb-4\" id=\"viafoura-engagement-starter-wrapper\" data-component-name=\"Elk:Embed:EngagementStarter\">\n<div class=\"viafoura\">\n<vf-conversation-starter target=\"viafoura-comments\" title=\"What's your hack for protecting plants from strong wind?\" description=\"Plant supports works well, but there are other options, too. Have you tried planting hedges as windbreakers?\" minimum-comment-count=\"5\"><br \/>\n<\/vf-conversation-starter>\n<\/div>\n<\/div>\n<h2 id=\"early-snow-calls-for-proactive-frost-protection-3\">Fr\u00fcher Schnee erfordert einen proaktiven Frostschutz<\/h2>\n<figure class=\"van-image-figure inline-layout \" data-bordeaux-image-check>\n<div class=\"image-full-width-wrapper\">\n<div class=\"image-widthsetter\" style=\"max-width:2400px;\"><\/div>\n<\/div>\n<\/figure>\n<p>Der <em>Bauernalmanach <\/em>stellt fest, dass im Oktober &#8222;Regionen Nordosten und Great Lakes mit fr\u00fchem Schnee flirten, insbesondere in h\u00f6heren Lagen.&#8220;<\/p>\n<p>Dieser fr\u00fche erste Frost ist es wert, proaktiv zu sein, wenn Sie nicht all Ihre Pflanzen verlieren m\u00f6chten.<\/p>\n<p>Zum Gl\u00fcck gibt es viele M\u00f6glichkeiten, Pflanzen vor Frost zu sch\u00fctzen. Dies beinhaltet die Verwendung dieser Cloches von Amazon, Mulching und Bewegen von mehr zarten Pflanzen unter Schutz. Sie k\u00f6nnen sogar Bettlaken verwenden, um Pflanzen vor Frost zu sch\u00fctzen.<\/p>\n<p>Wenn es darum geht, Schnee aus Pflanzen zu entfernen, seien Sie sich jedoch bewusst, dass Lichtschichten tats\u00e4chlich Isolierung liefern k\u00f6nnen. Schwerer Schnee kann jedoch Zweige und St\u00e4ngel schnappen und es lohnt sich, abzurei\u00dfen.<\/p>\n<p>Der <em>Bauernalmanach<\/em> f\u00e4hrt fort: &#8218;November bringt f\u00fcr viele den ersten echten Wintergeschmack. Schnee wird in den Rocky Mountains, Ebenen und gro\u00dfen Seen h\u00e4ufiger, wobei nasse Schnee sogar Teile des Nordostens erreicht. &#8218;<\/p>\n<h3 class=\"article-body__section\" id=\"section-faqs\"><span>FAQs<\/span><\/h3>\n<h2 id=\"can-i-still-divide-my-perennials-this-fall-3\">Kann ich diesen Herbst immer noch meine Stauden teilen?<\/h2>\n<p>Ja, Sie k\u00f6nnen im Herbst immer noch Pflanzen teilen, um sie zu verbreiten. Es ist am besten, dies vor dem Frost zu tun (damit die Pflanzen Wurzeln festlegen k\u00f6nnen), die die <em>Bauernalmanacs<\/em> Die erweiterte Herbstprognose 2025 Notizen k\u00f6nnten in einigen Regionen fr\u00fch sein. Aus diesem Grund ist es am besten, Ihre \u00f6rtliche Frostprognose im Auge zu behalten und Ihre Teilen im Voraus zu erledigen.<\/p>\n<hr>\n<p>Wenn Sie mit kleinem Budget garten oder einfach nicht viel Geld in Werkzeuge investieren m\u00f6chten, um Ihren Garten in diesem Herbst sicher zu halten, lesen Sie unseren Leitfaden \u00fcber g\u00fcnstige M\u00f6glichkeiten, um Pflanzen vor Frost und Schnee zu sch\u00fctzen. Viele der L\u00f6sungen erfordern nur die Wiederverurteilung von Artikeln, die Sie wahrscheinlich bereits haben.<\/p>\n<div class=\"block\" id=\"articleTag\" data-component-name=\"PostArticleLinks\">\n<div class=\"border-b border-b-black border-solid py-2.5 text-black font-bold uppercase\">Themen<\/div>\n<nav class=\"py-2.5 flex gap-2.5 flex-wrap\" data-analytics-id=\"article-tag\">\n<p>Saisonale Gartenarbeit<br \/>\n<\/nav>\n<\/div>\n<\/div>\n","protected":false},"excerpt":{"rendered":"<p>Nach solch hohen Temperaturen in diesem Sommer ist es keine \u00dcberraschung, dass die Bauernalmanach Die Vorhersage der Herbstwetter sagt in diesem Winter einige extrem kalte<\/p>\n","protected":false},"author":1,"featured_media":6483,"comment_status":"closed","ping_status":"","sticky":false,"template":"","format":"standard","meta":{"footnotes":""},"categories":[118],"tags":[8886,8883,3888,81,9,8888,8887,8884,225,1657,61,246,8885,2965,1074,165,1174,37],"class_list":["post-6482","post","type-post","status-publish","format-standard","has-post-thumbnail","hentry","category-haus-garten","tag-aggressive","tag-almanac","tag-bauern","tag-der","tag-die","tag-fruehes","tag-gewitter","tag-herbstprognose","tag-ihre","tag-lassen","tag-nicht","tag-pflanzen","tag-prognostiziert","tag-schnee","tag-schuetzen","tag-sie","tag-spaet","tag-und","generate-columns","tablet-grid-50","mobile-grid-100","grid-parent","grid-50"],"yoast_head":"<!-- This site is optimized with the Yoast SEO plugin v27.3 - https:\/\/yoast.com\/product\/yoast-seo-wordpress\/ -->\n<title>Die ALMANAC -Herbstprognose der Bauern 2025 prognostiziert aggressive Gewitter und fr\u00fches Schnee - lassen Sie es nicht zu sp\u00e4t, um Ihre Pflanzen zu sch\u00fctzen - Nachrichten - Stra\u00dfenweb<\/title>\n<meta name=\"robots\" content=\"index, follow, max-snippet:-1, max-image-preview:large, max-video-preview:-1\" \/>\n<link rel=\"canonical\" href=\"https:\/\/www.strassenweb.de\/nachrichten\/die-almanac-herbstprognose-der-bauern-2025-prognostiziert-aggressive-gewitter-und-fruehes-schnee-lassen-sie-es-nicht-zu-spaet-um-ihre-pflanzen-zu-schuetzen\/\" \/>\n<meta property=\"og:locale\" content=\"de_DE\" \/>\n<meta property=\"og:type\" content=\"article\" \/>\n<meta property=\"og:title\" content=\"Die ALMANAC -Herbstprognose der Bauern 2025 prognostiziert aggressive Gewitter und fr\u00fches Schnee - lassen Sie es nicht zu sp\u00e4t, um Ihre Pflanzen zu sch\u00fctzen - Nachrichten - Stra\u00dfenweb\" \/>\n<meta property=\"og:description\" content=\"Nach solch hohen Temperaturen in diesem Sommer ist es keine \u00dcberraschung, dass die Bauernalmanach Die Vorhersage der Herbstwetter sagt in diesem Winter einige extrem kalte\" \/>\n<meta property=\"og:url\" content=\"https:\/\/www.strassenweb.de\/nachrichten\/die-almanac-herbstprognose-der-bauern-2025-prognostiziert-aggressive-gewitter-und-fruehes-schnee-lassen-sie-es-nicht-zu-spaet-um-ihre-pflanzen-zu-schuetzen\/\" \/>\n<meta property=\"og:site_name\" content=\"Stra\u00dfenweb\" \/>\n<meta property=\"article:publisher\" content=\"https:\/\/www.facebook.com\/strassenweb\/\" \/>\n<meta property=\"article:published_time\" content=\"2025-07-26T07:49:08+00:00\" \/>\n<meta property=\"article:modified_time\" content=\"2025-07-26T07:49:09+00:00\" \/>\n<meta property=\"og:image\" content=\"https:\/\/www.strassenweb.de\/nachrichten\/wp-content\/uploads\/2025\/07\/Die-ALMANAC-Herbstprognose-der-Bauern-2025-prognostiziert-aggressive-Gewitter-und.jpg\" \/>\n\t<meta property=\"og:image:width\" content=\"1600\" \/>\n\t<meta property=\"og:image:height\" content=\"900\" \/>\n\t<meta property=\"og:image:type\" content=\"image\/jpeg\" \/>\n<meta name=\"author\" content=\"Robert Hoffmann\" \/>\n<meta name=\"twitter:card\" content=\"summary_large_image\" \/>\n<meta name=\"twitter:label1\" content=\"Verfasst von\" \/>\n\t<meta name=\"twitter:data1\" content=\"Robert Hoffmann\" \/>\n\t<meta name=\"twitter:label2\" content=\"Gesch\u00e4tzte Lesezeit\" \/>\n\t<meta name=\"twitter:data2\" content=\"4\u00a0Minuten\" \/>\n<script type=\"application\/ld+json\" class=\"yoast-schema-graph\">{\"@context\":\"https:\\\/\\\/schema.org\",\"@graph\":[{\"@type\":\"Article\",\"@id\":\"https:\\\/\\\/www.strassenweb.de\\\/nachrichten\\\/die-almanac-herbstprognose-der-bauern-2025-prognostiziert-aggressive-gewitter-und-fruehes-schnee-lassen-sie-es-nicht-zu-spaet-um-ihre-pflanzen-zu-schuetzen\\\/#article\",\"isPartOf\":{\"@id\":\"https:\\\/\\\/www.strassenweb.de\\\/nachrichten\\\/die-almanac-herbstprognose-der-bauern-2025-prognostiziert-aggressive-gewitter-und-fruehes-schnee-lassen-sie-es-nicht-zu-spaet-um-ihre-pflanzen-zu-schuetzen\\\/\"},\"author\":{\"name\":\"Robert Hoffmann\",\"@id\":\"https:\\\/\\\/www.strassenweb.de\\\/nachrichten\\\/#\\\/schema\\\/person\\\/87c9c9067f1211da429a744dc5a5aa41\"},\"headline\":\"Die ALMANAC -Herbstprognose der Bauern 2025 prognostiziert aggressive Gewitter und fr\u00fches Schnee &#8211; lassen Sie es nicht zu sp\u00e4t, um Ihre Pflanzen zu sch\u00fctzen\",\"datePublished\":\"2025-07-26T07:49:08+00:00\",\"dateModified\":\"2025-07-26T07:49:09+00:00\",\"mainEntityOfPage\":{\"@id\":\"https:\\\/\\\/www.strassenweb.de\\\/nachrichten\\\/die-almanac-herbstprognose-der-bauern-2025-prognostiziert-aggressive-gewitter-und-fruehes-schnee-lassen-sie-es-nicht-zu-spaet-um-ihre-pflanzen-zu-schuetzen\\\/\"},\"wordCount\":800,\"publisher\":{\"@id\":\"https:\\\/\\\/www.strassenweb.de\\\/nachrichten\\\/#organization\"},\"image\":{\"@id\":\"https:\\\/\\\/www.strassenweb.de\\\/nachrichten\\\/die-almanac-herbstprognose-der-bauern-2025-prognostiziert-aggressive-gewitter-und-fruehes-schnee-lassen-sie-es-nicht-zu-spaet-um-ihre-pflanzen-zu-schuetzen\\\/#primaryimage\"},\"thumbnailUrl\":\"https:\\\/\\\/www.strassenweb.de\\\/nachrichten\\\/wp-content\\\/uploads\\\/2025\\\/07\\\/Die-ALMANAC-Herbstprognose-der-Bauern-2025-prognostiziert-aggressive-Gewitter-und.jpg\",\"keywords\":[\"aggressive\",\"ALMANAC\",\"Bauern\",\"der\",\"die\",\"fr\u00fches\",\"Gewitter\",\"Herbstprognose\",\"ihre\",\"lassen\",\"nicht\",\"Pflanzen\",\"prognostiziert\",\"Schnee\",\"sch\u00fctzen\",\"Sie\",\"sp\u00e4t\",\"und\"],\"articleSection\":[\"Haus &amp; Garten\"],\"inLanguage\":\"de\"},{\"@type\":\"WebPage\",\"@id\":\"https:\\\/\\\/www.strassenweb.de\\\/nachrichten\\\/die-almanac-herbstprognose-der-bauern-2025-prognostiziert-aggressive-gewitter-und-fruehes-schnee-lassen-sie-es-nicht-zu-spaet-um-ihre-pflanzen-zu-schuetzen\\\/\",\"url\":\"https:\\\/\\\/www.strassenweb.de\\\/nachrichten\\\/die-almanac-herbstprognose-der-bauern-2025-prognostiziert-aggressive-gewitter-und-fruehes-schnee-lassen-sie-es-nicht-zu-spaet-um-ihre-pflanzen-zu-schuetzen\\\/\",\"name\":\"Die ALMANAC -Herbstprognose der Bauern 2025 prognostiziert aggressive Gewitter und fr\u00fches Schnee - lassen Sie es nicht zu sp\u00e4t, um Ihre Pflanzen zu sch\u00fctzen - Nachrichten - Stra\u00dfenweb\",\"isPartOf\":{\"@id\":\"https:\\\/\\\/www.strassenweb.de\\\/nachrichten\\\/#website\"},\"primaryImageOfPage\":{\"@id\":\"https:\\\/\\\/www.strassenweb.de\\\/nachrichten\\\/die-almanac-herbstprognose-der-bauern-2025-prognostiziert-aggressive-gewitter-und-fruehes-schnee-lassen-sie-es-nicht-zu-spaet-um-ihre-pflanzen-zu-schuetzen\\\/#primaryimage\"},\"image\":{\"@id\":\"https:\\\/\\\/www.strassenweb.de\\\/nachrichten\\\/die-almanac-herbstprognose-der-bauern-2025-prognostiziert-aggressive-gewitter-und-fruehes-schnee-lassen-sie-es-nicht-zu-spaet-um-ihre-pflanzen-zu-schuetzen\\\/#primaryimage\"},\"thumbnailUrl\":\"https:\\\/\\\/www.strassenweb.de\\\/nachrichten\\\/wp-content\\\/uploads\\\/2025\\\/07\\\/Die-ALMANAC-Herbstprognose-der-Bauern-2025-prognostiziert-aggressive-Gewitter-und.jpg\",\"datePublished\":\"2025-07-26T07:49:08+00:00\",\"dateModified\":\"2025-07-26T07:49:09+00:00\",\"breadcrumb\":{\"@id\":\"https:\\\/\\\/www.strassenweb.de\\\/nachrichten\\\/die-almanac-herbstprognose-der-bauern-2025-prognostiziert-aggressive-gewitter-und-fruehes-schnee-lassen-sie-es-nicht-zu-spaet-um-ihre-pflanzen-zu-schuetzen\\\/#breadcrumb\"},\"inLanguage\":\"de\",\"potentialAction\":[{\"@type\":\"ReadAction\",\"target\":[\"https:\\\/\\\/www.strassenweb.de\\\/nachrichten\\\/die-almanac-herbstprognose-der-bauern-2025-prognostiziert-aggressive-gewitter-und-fruehes-schnee-lassen-sie-es-nicht-zu-spaet-um-ihre-pflanzen-zu-schuetzen\\\/\"]}]},{\"@type\":\"ImageObject\",\"inLanguage\":\"de\",\"@id\":\"https:\\\/\\\/www.strassenweb.de\\\/nachrichten\\\/die-almanac-herbstprognose-der-bauern-2025-prognostiziert-aggressive-gewitter-und-fruehes-schnee-lassen-sie-es-nicht-zu-spaet-um-ihre-pflanzen-zu-schuetzen\\\/#primaryimage\",\"url\":\"https:\\\/\\\/www.strassenweb.de\\\/nachrichten\\\/wp-content\\\/uploads\\\/2025\\\/07\\\/Die-ALMANAC-Herbstprognose-der-Bauern-2025-prognostiziert-aggressive-Gewitter-und.jpg\",\"contentUrl\":\"https:\\\/\\\/www.strassenweb.de\\\/nachrichten\\\/wp-content\\\/uploads\\\/2025\\\/07\\\/Die-ALMANAC-Herbstprognose-der-Bauern-2025-prognostiziert-aggressive-Gewitter-und.jpg\",\"width\":1600,\"height\":900,\"caption\":\"Farmers&amp;#039; Almanac\"},{\"@type\":\"BreadcrumbList\",\"@id\":\"https:\\\/\\\/www.strassenweb.de\\\/nachrichten\\\/die-almanac-herbstprognose-der-bauern-2025-prognostiziert-aggressive-gewitter-und-fruehes-schnee-lassen-sie-es-nicht-zu-spaet-um-ihre-pflanzen-zu-schuetzen\\\/#breadcrumb\",\"itemListElement\":[{\"@type\":\"ListItem\",\"position\":1,\"name\":\"Home\",\"item\":\"https:\\\/\\\/www.strassenweb.de\\\/nachrichten\\\/\"},{\"@type\":\"ListItem\",\"position\":2,\"name\":\"Die ALMANAC -Herbstprognose der Bauern 2025 prognostiziert aggressive Gewitter und fr\u00fches Schnee &#8211; lassen Sie es nicht zu sp\u00e4t, um Ihre Pflanzen zu sch\u00fctzen\"}]},{\"@type\":\"WebSite\",\"@id\":\"https:\\\/\\\/www.strassenweb.de\\\/nachrichten\\\/#website\",\"url\":\"https:\\\/\\\/www.strassenweb.de\\\/nachrichten\\\/\",\"name\":\"Stra\u00dfenweb\",\"description\":\"Stra\u00dfenverzeichnis f\u00fcr Deutschland\",\"publisher\":{\"@id\":\"https:\\\/\\\/www.strassenweb.de\\\/nachrichten\\\/#organization\"},\"potentialAction\":[{\"@type\":\"SearchAction\",\"target\":{\"@type\":\"EntryPoint\",\"urlTemplate\":\"https:\\\/\\\/www.strassenweb.de\\\/nachrichten\\\/?s={search_term_string}\"},\"query-input\":{\"@type\":\"PropertyValueSpecification\",\"valueRequired\":true,\"valueName\":\"search_term_string\"}}],\"inLanguage\":\"de\"},{\"@type\":\"Organization\",\"@id\":\"https:\\\/\\\/www.strassenweb.de\\\/nachrichten\\\/#organization\",\"name\":\"Stra\u00dfenweb\",\"url\":\"https:\\\/\\\/www.strassenweb.de\\\/nachrichten\\\/\",\"logo\":{\"@type\":\"ImageObject\",\"inLanguage\":\"de\",\"@id\":\"https:\\\/\\\/www.strassenweb.de\\\/nachrichten\\\/#\\\/schema\\\/logo\\\/image\\\/\",\"url\":\"https:\\\/\\\/www.strassenweb.de\\\/nachrichten\\\/wp-content\\\/uploads\\\/2024\\\/09\\\/cropped-favicon.png\",\"contentUrl\":\"https:\\\/\\\/www.strassenweb.de\\\/nachrichten\\\/wp-content\\\/uploads\\\/2024\\\/09\\\/cropped-favicon.png\",\"width\":512,\"height\":512,\"caption\":\"Stra\u00dfenweb\"},\"image\":{\"@id\":\"https:\\\/\\\/www.strassenweb.de\\\/nachrichten\\\/#\\\/schema\\\/logo\\\/image\\\/\"},\"sameAs\":[\"https:\\\/\\\/www.facebook.com\\\/strassenweb\\\/\"]},{\"@type\":\"Person\",\"@id\":\"https:\\\/\\\/www.strassenweb.de\\\/nachrichten\\\/#\\\/schema\\\/person\\\/87c9c9067f1211da429a744dc5a5aa41\",\"name\":\"Robert Hoffmann\",\"image\":{\"@type\":\"ImageObject\",\"inLanguage\":\"de\",\"@id\":\"https:\\\/\\\/www.strassenweb.de\\\/nachrichten\\\/wp-content\\\/uploads\\\/2024\\\/09\\\/strassenweb-150x150.jpg\",\"url\":\"https:\\\/\\\/www.strassenweb.de\\\/nachrichten\\\/wp-content\\\/uploads\\\/2024\\\/09\\\/strassenweb-150x150.jpg\",\"contentUrl\":\"https:\\\/\\\/www.strassenweb.de\\\/nachrichten\\\/wp-content\\\/uploads\\\/2024\\\/09\\\/strassenweb-150x150.jpg\",\"caption\":\"Robert Hoffmann\"},\"description\":\"Ich hei\u00dfe Robert Hoffmann und ich bin ein leidenschaftlicher Verfechter von \u00d6kologie und Biodiversit\u00e4t. Seit meiner Kindheit in den W\u00e4ldern Bayerns f\u00fchle ich mich mit der Natur verbunden und bin entschlossen, sie zu sch\u00fctzen. Heute widme ich mein Leben der Sensibilisierung anderer f\u00fcr die Bedeutung des Umweltschutzes f\u00fcr zuk\u00fcnftige Generationen.\",\"sameAs\":[\"https:\\\/\\\/www.strassenweb.de\\\/\"]}]}<\/script>\n<!-- \/ Yoast SEO plugin. -->","yoast_head_json":{"title":"Die ALMANAC -Herbstprognose der Bauern 2025 prognostiziert aggressive Gewitter und fr\u00fches Schnee - lassen Sie es nicht zu sp\u00e4t, um Ihre Pflanzen zu sch\u00fctzen - Nachrichten - Stra\u00dfenweb","robots":{"index":"index","follow":"follow","max-snippet":"max-snippet:-1","max-image-preview":"max-image-preview:large","max-video-preview":"max-video-preview:-1"},"canonical":"https:\/\/www.strassenweb.de\/nachrichten\/die-almanac-herbstprognose-der-bauern-2025-prognostiziert-aggressive-gewitter-und-fruehes-schnee-lassen-sie-es-nicht-zu-spaet-um-ihre-pflanzen-zu-schuetzen\/","og_locale":"de_DE","og_type":"article","og_title":"Die ALMANAC -Herbstprognose der Bauern 2025 prognostiziert aggressive Gewitter und fr\u00fches Schnee - lassen Sie es nicht zu sp\u00e4t, um Ihre Pflanzen zu sch\u00fctzen - Nachrichten - Stra\u00dfenweb","og_description":"Nach solch hohen Temperaturen in diesem Sommer ist es keine \u00dcberraschung, dass die Bauernalmanach Die Vorhersage der Herbstwetter sagt in diesem Winter einige extrem kalte","og_url":"https:\/\/www.strassenweb.de\/nachrichten\/die-almanac-herbstprognose-der-bauern-2025-prognostiziert-aggressive-gewitter-und-fruehes-schnee-lassen-sie-es-nicht-zu-spaet-um-ihre-pflanzen-zu-schuetzen\/","og_site_name":"Stra\u00dfenweb","article_publisher":"https:\/\/www.facebook.com\/strassenweb\/","article_published_time":"2025-07-26T07:49:08+00:00","article_modified_time":"2025-07-26T07:49:09+00:00","og_image":[{"width":1600,"height":900,"url":"https:\/\/www.strassenweb.de\/nachrichten\/wp-content\/uploads\/2025\/07\/Die-ALMANAC-Herbstprognose-der-Bauern-2025-prognostiziert-aggressive-Gewitter-und.jpg","type":"image\/jpeg"}],"author":"Robert Hoffmann","twitter_card":"summary_large_image","twitter_misc":{"Verfasst von":"Robert Hoffmann","Gesch\u00e4tzte Lesezeit":"4\u00a0Minuten"},"schema":{"@context":"https:\/\/schema.org","@graph":[{"@type":"Article","@id":"https:\/\/www.strassenweb.de\/nachrichten\/die-almanac-herbstprognose-der-bauern-2025-prognostiziert-aggressive-gewitter-und-fruehes-schnee-lassen-sie-es-nicht-zu-spaet-um-ihre-pflanzen-zu-schuetzen\/#article","isPartOf":{"@id":"https:\/\/www.strassenweb.de\/nachrichten\/die-almanac-herbstprognose-der-bauern-2025-prognostiziert-aggressive-gewitter-und-fruehes-schnee-lassen-sie-es-nicht-zu-spaet-um-ihre-pflanzen-zu-schuetzen\/"},"author":{"name":"Robert Hoffmann","@id":"https:\/\/www.strassenweb.de\/nachrichten\/#\/schema\/person\/87c9c9067f1211da429a744dc5a5aa41"},"headline":"Die ALMANAC -Herbstprognose der Bauern 2025 prognostiziert aggressive Gewitter und fr\u00fches Schnee &#8211; lassen Sie es nicht zu sp\u00e4t, um Ihre Pflanzen zu sch\u00fctzen","datePublished":"2025-07-26T07:49:08+00:00","dateModified":"2025-07-26T07:49:09+00:00","mainEntityOfPage":{"@id":"https:\/\/www.strassenweb.de\/nachrichten\/die-almanac-herbstprognose-der-bauern-2025-prognostiziert-aggressive-gewitter-und-fruehes-schnee-lassen-sie-es-nicht-zu-spaet-um-ihre-pflanzen-zu-schuetzen\/"},"wordCount":800,"publisher":{"@id":"https:\/\/www.strassenweb.de\/nachrichten\/#organization"},"image":{"@id":"https:\/\/www.strassenweb.de\/nachrichten\/die-almanac-herbstprognose-der-bauern-2025-prognostiziert-aggressive-gewitter-und-fruehes-schnee-lassen-sie-es-nicht-zu-spaet-um-ihre-pflanzen-zu-schuetzen\/#primaryimage"},"thumbnailUrl":"https:\/\/www.strassenweb.de\/nachrichten\/wp-content\/uploads\/2025\/07\/Die-ALMANAC-Herbstprognose-der-Bauern-2025-prognostiziert-aggressive-Gewitter-und.jpg","keywords":["aggressive","ALMANAC","Bauern","der","die","fr\u00fches","Gewitter","Herbstprognose","ihre","lassen","nicht","Pflanzen","prognostiziert","Schnee","sch\u00fctzen","Sie","sp\u00e4t","und"],"articleSection":["Haus &amp; Garten"],"inLanguage":"de"},{"@type":"WebPage","@id":"https:\/\/www.strassenweb.de\/nachrichten\/die-almanac-herbstprognose-der-bauern-2025-prognostiziert-aggressive-gewitter-und-fruehes-schnee-lassen-sie-es-nicht-zu-spaet-um-ihre-pflanzen-zu-schuetzen\/","url":"https:\/\/www.strassenweb.de\/nachrichten\/die-almanac-herbstprognose-der-bauern-2025-prognostiziert-aggressive-gewitter-und-fruehes-schnee-lassen-sie-es-nicht-zu-spaet-um-ihre-pflanzen-zu-schuetzen\/","name":"Die ALMANAC -Herbstprognose der Bauern 2025 prognostiziert aggressive Gewitter und fr\u00fches Schnee - lassen Sie es nicht zu sp\u00e4t, um Ihre Pflanzen zu sch\u00fctzen - Nachrichten - Stra\u00dfenweb","isPartOf":{"@id":"https:\/\/www.strassenweb.de\/nachrichten\/#website"},"primaryImageOfPage":{"@id":"https:\/\/www.strassenweb.de\/nachrichten\/die-almanac-herbstprognose-der-bauern-2025-prognostiziert-aggressive-gewitter-und-fruehes-schnee-lassen-sie-es-nicht-zu-spaet-um-ihre-pflanzen-zu-schuetzen\/#primaryimage"},"image":{"@id":"https:\/\/www.strassenweb.de\/nachrichten\/die-almanac-herbstprognose-der-bauern-2025-prognostiziert-aggressive-gewitter-und-fruehes-schnee-lassen-sie-es-nicht-zu-spaet-um-ihre-pflanzen-zu-schuetzen\/#primaryimage"},"thumbnailUrl":"https:\/\/www.strassenweb.de\/nachrichten\/wp-content\/uploads\/2025\/07\/Die-ALMANAC-Herbstprognose-der-Bauern-2025-prognostiziert-aggressive-Gewitter-und.jpg","datePublished":"2025-07-26T07:49:08+00:00","dateModified":"2025-07-26T07:49:09+00:00","breadcrumb":{"@id":"https:\/\/www.strassenweb.de\/nachrichten\/die-almanac-herbstprognose-der-bauern-2025-prognostiziert-aggressive-gewitter-und-fruehes-schnee-lassen-sie-es-nicht-zu-spaet-um-ihre-pflanzen-zu-schuetzen\/#breadcrumb"},"inLanguage":"de","potentialAction":[{"@type":"ReadAction","target":["https:\/\/www.strassenweb.de\/nachrichten\/die-almanac-herbstprognose-der-bauern-2025-prognostiziert-aggressive-gewitter-und-fruehes-schnee-lassen-sie-es-nicht-zu-spaet-um-ihre-pflanzen-zu-schuetzen\/"]}]},{"@type":"ImageObject","inLanguage":"de","@id":"https:\/\/www.strassenweb.de\/nachrichten\/die-almanac-herbstprognose-der-bauern-2025-prognostiziert-aggressive-gewitter-und-fruehes-schnee-lassen-sie-es-nicht-zu-spaet-um-ihre-pflanzen-zu-schuetzen\/#primaryimage","url":"https:\/\/www.strassenweb.de\/nachrichten\/wp-content\/uploads\/2025\/07\/Die-ALMANAC-Herbstprognose-der-Bauern-2025-prognostiziert-aggressive-Gewitter-und.jpg","contentUrl":"https:\/\/www.strassenweb.de\/nachrichten\/wp-content\/uploads\/2025\/07\/Die-ALMANAC-Herbstprognose-der-Bauern-2025-prognostiziert-aggressive-Gewitter-und.jpg","width":1600,"height":900,"caption":"Farmers&amp;#039; Almanac"},{"@type":"BreadcrumbList","@id":"https:\/\/www.strassenweb.de\/nachrichten\/die-almanac-herbstprognose-der-bauern-2025-prognostiziert-aggressive-gewitter-und-fruehes-schnee-lassen-sie-es-nicht-zu-spaet-um-ihre-pflanzen-zu-schuetzen\/#breadcrumb","itemListElement":[{"@type":"ListItem","position":1,"name":"Home","item":"https:\/\/www.strassenweb.de\/nachrichten\/"},{"@type":"ListItem","position":2,"name":"Die ALMANAC -Herbstprognose der Bauern 2025 prognostiziert aggressive Gewitter und fr\u00fches Schnee &#8211; lassen Sie es nicht zu sp\u00e4t, um Ihre Pflanzen zu sch\u00fctzen"}]},{"@type":"WebSite","@id":"https:\/\/www.strassenweb.de\/nachrichten\/#website","url":"https:\/\/www.strassenweb.de\/nachrichten\/","name":"Stra\u00dfenweb","description":"Stra\u00dfenverzeichnis f\u00fcr Deutschland","publisher":{"@id":"https:\/\/www.strassenweb.de\/nachrichten\/#organization"},"potentialAction":[{"@type":"SearchAction","target":{"@type":"EntryPoint","urlTemplate":"https:\/\/www.strassenweb.de\/nachrichten\/?s={search_term_string}"},"query-input":{"@type":"PropertyValueSpecification","valueRequired":true,"valueName":"search_term_string"}}],"inLanguage":"de"},{"@type":"Organization","@id":"https:\/\/www.strassenweb.de\/nachrichten\/#organization","name":"Stra\u00dfenweb","url":"https:\/\/www.strassenweb.de\/nachrichten\/","logo":{"@type":"ImageObject","inLanguage":"de","@id":"https:\/\/www.strassenweb.de\/nachrichten\/#\/schema\/logo\/image\/","url":"https:\/\/www.strassenweb.de\/nachrichten\/wp-content\/uploads\/2024\/09\/cropped-favicon.png","contentUrl":"https:\/\/www.strassenweb.de\/nachrichten\/wp-content\/uploads\/2024\/09\/cropped-favicon.png","width":512,"height":512,"caption":"Stra\u00dfenweb"},"image":{"@id":"https:\/\/www.strassenweb.de\/nachrichten\/#\/schema\/logo\/image\/"},"sameAs":["https:\/\/www.facebook.com\/strassenweb\/"]},{"@type":"Person","@id":"https:\/\/www.strassenweb.de\/nachrichten\/#\/schema\/person\/87c9c9067f1211da429a744dc5a5aa41","name":"Robert Hoffmann","image":{"@type":"ImageObject","inLanguage":"de","@id":"https:\/\/www.strassenweb.de\/nachrichten\/wp-content\/uploads\/2024\/09\/strassenweb-150x150.jpg","url":"https:\/\/www.strassenweb.de\/nachrichten\/wp-content\/uploads\/2024\/09\/strassenweb-150x150.jpg","contentUrl":"https:\/\/www.strassenweb.de\/nachrichten\/wp-content\/uploads\/2024\/09\/strassenweb-150x150.jpg","caption":"Robert Hoffmann"},"description":"Ich hei\u00dfe Robert Hoffmann und ich bin ein leidenschaftlicher Verfechter von \u00d6kologie und Biodiversit\u00e4t. Seit meiner Kindheit in den W\u00e4ldern Bayerns f\u00fchle ich mich mit der Natur verbunden und bin entschlossen, sie zu sch\u00fctzen. Heute widme ich mein Leben der Sensibilisierung anderer f\u00fcr die Bedeutung des Umweltschutzes f\u00fcr zuk\u00fcnftige Generationen.","sameAs":["https:\/\/www.strassenweb.de\/"]}]}},"_links":{"self":[{"href":"https:\/\/www.strassenweb.de\/nachrichten\/wp-json\/wp\/v2\/posts\/6482","targetHints":{"allow":["GET"]}}],"collection":[{"href":"https:\/\/www.strassenweb.de\/nachrichten\/wp-json\/wp\/v2\/posts"}],"about":[{"href":"https:\/\/www.strassenweb.de\/nachrichten\/wp-json\/wp\/v2\/types\/post"}],"author":[{"embeddable":true,"href":"https:\/\/www.strassenweb.de\/nachrichten\/wp-json\/wp\/v2\/users\/1"}],"replies":[{"embeddable":true,"href":"https:\/\/www.strassenweb.de\/nachrichten\/wp-json\/wp\/v2\/comments?post=6482"}],"version-history":[{"count":0,"href":"https:\/\/www.strassenweb.de\/nachrichten\/wp-json\/wp\/v2\/posts\/6482\/revisions"}],"wp:featuredmedia":[{"embeddable":true,"href":"https:\/\/www.strassenweb.de\/nachrichten\/wp-json\/wp\/v2\/media\/6483"}],"wp:attachment":[{"href":"https:\/\/www.strassenweb.de\/nachrichten\/wp-json\/wp\/v2\/media?parent=6482"}],"wp:term":[{"taxonomy":"category","embeddable":true,"href":"https:\/\/www.strassenweb.de\/nachrichten\/wp-json\/wp\/v2\/categories?post=6482"},{"taxonomy":"post_tag","embeddable":true,"href":"https:\/\/www.strassenweb.de\/nachrichten\/wp-json\/wp\/v2\/tags?post=6482"}],"curies":[{"name":"wp","href":"https:\/\/api.w.org\/{rel}","templated":true}]}}