{"id":6479,"date":"2025-07-26T05:42:30","date_gmt":"2025-07-26T03:42:30","guid":{"rendered":"https:\/\/www.strassenweb.de\/nachrichten\/farbnaessen-ist-das-raffinierteste-farbtrend-von-2025-und-johnny-galeckis-heimbibliothek-ist-das-beispiel-fuer-ein-perfektes-beispiel\/"},"modified":"2025-07-26T05:42:32","modified_gmt":"2025-07-26T03:42:32","slug":"farbnaessen-ist-das-raffinierteste-farbtrend-von-2025-und-johnny-galeckis-heimbibliothek-ist-das-beispiel-fuer-ein-perfektes-beispiel","status":"publish","type":"post","link":"https:\/\/www.strassenweb.de\/nachrichten\/farbnaessen-ist-das-raffinierteste-farbtrend-von-2025-und-johnny-galeckis-heimbibliothek-ist-das-beispiel-fuer-ein-perfektes-beispiel\/","title":{"rendered":"Farbn\u00e4ssen ist das raffinierteste Farbtrend von 2025-und Johnny Galeckis Heimbibliothek ist das Beispiel f\u00fcr ein perfektes Beispiel"},"content":{"rendered":"<div id=\"article-body\" class=\"article__body \">\n<p>Johnny Galeckis Ojai, Kalifornien, zu Hause ist voller Charme, aber es ist seine launische, kokonische Bibliothek, die Wellen in der Designwelt macht. Der Raum wurde k\u00fcrzlich von anerkannten Innenarchitekten Pierce &#038; Ward auf Instagram geteilt und ist eine Meisterklasse in einem der \u00fcberzeugendsten Farbtrends des 2025: Farbn\u00e4ssen.<\/p>\n<div id=\"ad-unit-1\" class=\"ad-unit\"><\/div>\n<p>F\u00fcr das Uneingeweihte beinhaltet das Farbn\u00e4ssen, jede Oberfl\u00e4che in einem Raum-W\u00e4nde, Verkleidung, Decke und sogar Einbauten-in einem einzigen, ges\u00e4ttigten Farbton zu malen. Der Effekt ist eindringlich, atmosph\u00e4risch und zutiefst raffiniert.<\/p>\n<aside data-block-type=\"embed\" data-render-type=\"fte\" data-skip=\"dealsy\" data-widget-type=\"seasonal\" class=\"hawk-base\"><\/aside>\n<p>In Johnny Galeckis Fall, ein reichhaltiger, samtiger rotes Schichten im gesamten Raum, der einen dramatischen Hintergrund f\u00fcr Vintage-Sessel, ein gut sortiertes B\u00fccherregal und einen Schrank mit Kuriosit\u00e4ten, die widerspiegeln, erzeugen <em>Die Urknalltheorie<\/em> vielseitiger Geschmack des Schauspielers.<\/p>\n<div class=\"van_vid_carousel\">\n<div class=\"van_vid_carousel__padding\">\n<div class=\"van_vid_carousel__container\"><\/div>\n<\/div>\n<\/div>\n<aside data-component-name=\"Recirculation:ArticleRiver\" data-nosnippet class=\"pt-3 pb-4 mb-4 border-b border-solid border-(#333)\">\n<span class=\"\nafter:content-('') after:flex-1 after:ml-4 after:my-(0.7rem) after:border-t-(#333) after:border-t after:border-solid\nbefore:content-('') before:flex-1 before:mr-4 before:my-(0.7rem) before:border-t-(#333) before:border-t before:border-solid\nfont-article-heading pb-3 !text-base font-bold uppercase sm:text-sm text-(#333) flex\"><\/p>\n<p>Sie m\u00f6gen m\u00f6gen<br \/>\n<\/span><\/p>\n<ul class=\"flex flex-col gap-3 m-0\">\n<li class=\"m-0 list-none\" name=\"recirculation-inline\" data-analytics-id=\"recirculation-inline-1\" analytics-label=\"adviser:related\">\n<picture data-new-v2-image=\"true\" class=\"w-(--article-river-thumbnail-width,60px) flex-shrink-0\"><source type=\"image\/webp\"  ><\/source><\/p>\n<\/picture>\n<span class=\"hover:text-inherit font-article-heading text-base text-(#333) leading-5 content-center\">Johnny Galeckis Schlafzimmer perfekt <\/span><\/p>\n<\/li>\n<li class=\"m-0 list-none\" name=\"recirculation-inline\" data-analytics-id=\"recirculation-inline-2\" analytics-label=\"adviser:related\">\n<picture data-new-v2-image=\"true\" class=\"w-(--article-river-thumbnail-width,60px) flex-shrink-0\"><source type=\"image\/webp\"  ><\/source><br \/>\n<img decoding=\"async\" alt=\"Kevin Speck auf grauem Hintergrund\"   loading=\"lazy\" data-new-v2-image=\"true\" src=\"https:\/\/www.strassenweb.de\/nachrichten\/wp-content\/uploads\/2025\/07\/HS6CdoLrv6Z8NWfNsBBUce.jpg\" data-pin-media=\"https:\/\/www.strassenweb.de\/nachrichten\/wp-content\/uploads\/2025\/07\/HS6CdoLrv6Z8NWfNsBBUce.jpg\" data-pin-nopin=\"true\" class=\"aspect-(--img-listing-aspect-ratio,16\/9) object-cover w-(--article-river-thumbnail-width,60px) flex-shrink-0\">\n<\/picture>\n<span class=\"hover:text-inherit font-article-heading text-base text-(#333) leading-5 content-center\">Kevin Bacons bemalte Fensterverkleidung tippt in den Farbtrend \u201eMondrian trifft den modernen schicken\u201c Farbtrend, der 2025 dominiert &#8211; es ist unerwartet, aber zeitlos<\/span><\/p>\n<\/li>\n<li class=\"m-0 list-none\" name=\"recirculation-inline\" data-analytics-id=\"recirculation-inline-3\" analytics-label=\"adviser:related\">\n<picture data-new-v2-image=\"true\" class=\"w-(--article-river-thumbnail-width,60px) flex-shrink-0\"><source type=\"image\/webp\"  ><\/source><br \/>\n<img decoding=\"async\" alt=\"Doris Tag\"   loading=\"lazy\" data-new-v2-image=\"true\" src=\"https:\/\/www.strassenweb.de\/nachrichten\/wp-content\/uploads\/2025\/07\/zWzDbZc6nA9EDQSzPsD79Z.jpg\" data-pin-media=\"https:\/\/www.strassenweb.de\/nachrichten\/wp-content\/uploads\/2025\/07\/zWzDbZc6nA9EDQSzPsD79Z.jpg\" data-pin-nopin=\"true\" class=\"aspect-(--img-listing-aspect-ratio,16\/9) object-cover w-(--article-river-thumbnail-width,60px) flex-shrink-0\">\n<\/picture>\n<span class=\"hover:text-inherit font-article-heading text-base text-(#333) leading-5 content-center\">Der Doris Day klopfte in ihrem Wohnzimmer aus den 1950er Jahren mit einem kirschroten Sofa und blauen W\u00e4nden 75 Jahre vor dem viral<\/span><\/p>\n<\/li>\n<\/ul>\n<\/aside>\n<p>Was den roten Raum besonders \u00fcberzeugend macht, ist sein Finish-es gibt einen subtilen Glanz f\u00fcr die Farbe, wahrscheinlich einen Lack oder einen hohen Gloss, der den Ton erh\u00f6ht und das Licht auf die richtige Weise f\u00e4ngt. Die Auswahl der Zimmerfarbe f\u00fchlt sich luxuri\u00f6s und ein wenig mysteri\u00f6s an, passt perfekt f\u00fcr eine Bibliothek, die zu einem ruhigen R\u00fcckzugsort einl\u00e4dt. Es ist auch eine Erinnerung daran, dass kleine oder niedrig beleuchtete R\u00e4ume nicht immer von hellen Farben profitieren. Manchmal kann das Umarmen der Dunkelheit transformativ sein.<\/p>\n<div id=\"ad-unit-2\" class=\"ad-unit\"><\/div>\n<div class=\"instagram-embed\">\n<blockquote class=\"instagram-media\" data-instgrm-captioned data-instgrm-version=\"6\" style=\"width:99.375%; width:-webkit-calc(100% - 2px); width:calc(100% - 2px);\">\n<p>Ein Beitrag, der von Pierce &#038; Ward (@pierceandward) geteilt wird<\/p>\n<p>Ein Foto von on <\/p>\n<\/blockquote>\n<\/div>\n<p>Farbn\u00e4ssennahrung gewinnt aus gutem Grund an Dynamik. Da sich das Design weiter vom sterilen Minimalismus und in Richtung reichere, ausdrucksst\u00e4rkere R\u00e4ume enth\u00e4lt, bietet diese Technik eine mutige, aber zusammenh\u00e4ngende M\u00f6glichkeit, mit Farbe zu arbeiten. Durch die Beseitigung von kontrastierenden Linien und Rahmenelementen darf das Auge ruhen, und das Ergebnis f\u00fchlt sich absichtlich, beruhigend und hochwirksam an.<\/p>\n<p>Wenn Sie den Innenarchitektenstrend zu Hause ausprobieren m\u00f6chten, beginnen Sie mit einem kleineren Raum &#8211; denken Sie an ein Studium, ein Pulverraum oder eine Nook. W\u00e4hlen Sie einen Farbton, der die Stimmung spricht, die Sie erstellen m\u00f6chten, und haben Sie keine Angst, tief zu gehen. Ein mattes Finish verleiht Weichheit, w\u00e4hrend High-Gloss oder Satin eine raffiniertere Note verleihen k\u00f6nnen. F\u00fcgen Sie Textur durch M\u00f6bel und Zubeh\u00f6r hinzu, um die Raumdynamik zu halten.<\/p>\n<figure class=\"van-image-figure inline-layout \" data-bordeaux-image-check>\n<div class=\"image-full-width-wrapper\">\n<div class=\"image-widthsetter\" style=\"max-width:2000px;\"><\/div>\n<\/div><figcaption class=\"inline-layout \">\n<div class=\"caption-text\">\n<p>\u00c4hnlicher roter Lesesaal<\/p>\n<\/div>\n<\/figcaption><\/figure>\n<p>Johnny Galeckis Bibliothek, wie Pierce &#038; Ward vorgestellt, ist ein Beweis daf\u00fcr, dass mutige Farbe sowohl zeitlos als auch im Trend sein kann. Es geht nicht nur darum, eine Erkl\u00e4rung abzugeben. Es geht darum, einen Raum zu schaffen, der sich v\u00f6llig und entschuldigend anf\u00fchlt.<\/p>\n<div id=\"slice-container-newsletterForm-articleInbodyContent-Z4X8NKtB6gi4LrPtmMTPuF\" class=\"slice-container newsletter-inbodyContent-slice newsletterForm-articleInbodyContent-Z4X8NKtB6gi4LrPtmMTPuF slice-container-newsletterForm\"><\/div>\n<h3 class=\"article-body__section\" id=\"section-shop-the-look\"><span>Kaufen Sie den Look ein<\/span><\/h3>\n<p>Nehmen Sie einen Stichwort von Johnny Galecki und nehmen Sie die Auswirkungen eines einzelnen Statement -Schattens an &#8211; durchn\u00e4ssen Sie Ihren Raum in reichhaltiger, tonaler Rot f\u00fcr einen Look, der sich sowohl mutig als auch wundersch\u00f6n zusammenh\u00e4ngend anf\u00fchlt. Hier sind mein Lieblingsproduktauswahl, mit dem Sie den Look nach Hause bringen k\u00f6nnen.<\/p>\n<div class=\"product-container hero-product-container product-block-no-wrap\">\n<div class=\"product-block-row\"><\/div>\n<div class=\"product-block-row\"><\/div>\n<div class=\"product-block-row\"><\/div>\n<\/div>\n<div class=\"block\" id=\"articleTag\" data-component-name=\"PostArticleLinks\">\n<div class=\"border-b border-b-black border-solid py-2.5 text-black font-bold uppercase\">Themen<\/div>\n<nav class=\"py-2.5 flex gap-2.5 flex-wrap\" data-analytics-id=\"article-tag\">\n<p>Johnny Galecki<br \/>\n<\/nav>\n<\/div>\n<\/div>\n<p><script async src=\"\/\/www.instagram.com\/embed.js\"><\/script><\/p>\n","protected":false},"excerpt":{"rendered":"<p>Johnny Galeckis Ojai, Kalifornien, zu Hause ist voller Charme, aber es ist seine launische, kokonische Bibliothek, die Wellen in der Designwelt macht. Der Raum wurde<\/p>\n","protected":false},"author":1,"featured_media":6480,"comment_status":"closed","ping_status":"","sticky":false,"template":"","format":"standard","meta":{"footnotes":""},"categories":[118],"tags":[4900,785,112,43,8881,2771,55,2549,8882,15,2548,2541,8317,21],"class_list":["post-6479","post","type-post","status-publish","format-standard","has-post-thumbnail","hentry","category-haus-garten","tag-2025und","tag-beispiel","tag-das","tag-ein","tag-farbnaessen","tag-farbtrend","tag-fuer","tag-galeckis","tag-heimbibliothek","tag-ist","tag-johnny","tag-perfektes","tag-raffinierteste","tag-von","generate-columns","tablet-grid-50","mobile-grid-100","grid-parent","grid-50"],"yoast_head":"<!-- This site is optimized with the Yoast SEO plugin v27.3 - https:\/\/yoast.com\/product\/yoast-seo-wordpress\/ -->\n<title>Farbn\u00e4ssen ist das raffinierteste Farbtrend von 2025-und Johnny Galeckis Heimbibliothek ist das Beispiel f\u00fcr ein perfektes Beispiel - Nachrichten - Stra\u00dfenweb<\/title>\n<meta name=\"robots\" content=\"index, follow, max-snippet:-1, max-image-preview:large, max-video-preview:-1\" \/>\n<link rel=\"canonical\" href=\"https:\/\/www.strassenweb.de\/nachrichten\/farbnaessen-ist-das-raffinierteste-farbtrend-von-2025-und-johnny-galeckis-heimbibliothek-ist-das-beispiel-fuer-ein-perfektes-beispiel\/\" \/>\n<meta property=\"og:locale\" content=\"de_DE\" \/>\n<meta property=\"og:type\" content=\"article\" \/>\n<meta property=\"og:title\" content=\"Farbn\u00e4ssen ist das raffinierteste Farbtrend von 2025-und Johnny Galeckis Heimbibliothek ist das Beispiel f\u00fcr ein perfektes Beispiel - Nachrichten - Stra\u00dfenweb\" \/>\n<meta property=\"og:description\" content=\"Johnny Galeckis Ojai, Kalifornien, zu Hause ist voller Charme, aber es ist seine launische, kokonische Bibliothek, die Wellen in der Designwelt macht. Der Raum wurde\" \/>\n<meta property=\"og:url\" content=\"https:\/\/www.strassenweb.de\/nachrichten\/farbnaessen-ist-das-raffinierteste-farbtrend-von-2025-und-johnny-galeckis-heimbibliothek-ist-das-beispiel-fuer-ein-perfektes-beispiel\/\" \/>\n<meta property=\"og:site_name\" content=\"Stra\u00dfenweb\" \/>\n<meta property=\"article:publisher\" content=\"https:\/\/www.facebook.com\/strassenweb\/\" \/>\n<meta property=\"article:published_time\" content=\"2025-07-26T03:42:30+00:00\" \/>\n<meta property=\"article:modified_time\" content=\"2025-07-26T03:42:32+00:00\" \/>\n<meta property=\"og:image\" content=\"https:\/\/www.strassenweb.de\/nachrichten\/wp-content\/uploads\/2025\/07\/Farbnaessen-ist-das-raffinierteste-Farbtrend-von-2025-und-Johnny-Galeckis-Heimbibliothek-scaled.jpg\" \/>\n\t<meta property=\"og:image:width\" content=\"2560\" \/>\n\t<meta property=\"og:image:height\" content=\"1440\" \/>\n\t<meta property=\"og:image:type\" content=\"image\/jpeg\" \/>\n<meta name=\"author\" content=\"Robert Hoffmann\" \/>\n<meta name=\"twitter:card\" content=\"summary_large_image\" \/>\n<meta name=\"twitter:label1\" content=\"Verfasst von\" \/>\n\t<meta name=\"twitter:data1\" content=\"Robert Hoffmann\" \/>\n\t<meta name=\"twitter:label2\" content=\"Gesch\u00e4tzte Lesezeit\" \/>\n\t<meta name=\"twitter:data2\" content=\"3\u00a0Minuten\" \/>\n<script type=\"application\/ld+json\" class=\"yoast-schema-graph\">{\"@context\":\"https:\\\/\\\/schema.org\",\"@graph\":[{\"@type\":\"Article\",\"@id\":\"https:\\\/\\\/www.strassenweb.de\\\/nachrichten\\\/farbnaessen-ist-das-raffinierteste-farbtrend-von-2025-und-johnny-galeckis-heimbibliothek-ist-das-beispiel-fuer-ein-perfektes-beispiel\\\/#article\",\"isPartOf\":{\"@id\":\"https:\\\/\\\/www.strassenweb.de\\\/nachrichten\\\/farbnaessen-ist-das-raffinierteste-farbtrend-von-2025-und-johnny-galeckis-heimbibliothek-ist-das-beispiel-fuer-ein-perfektes-beispiel\\\/\"},\"author\":{\"name\":\"Robert Hoffmann\",\"@id\":\"https:\\\/\\\/www.strassenweb.de\\\/nachrichten\\\/#\\\/schema\\\/person\\\/87c9c9067f1211da429a744dc5a5aa41\"},\"headline\":\"Farbn\u00e4ssen ist das raffinierteste Farbtrend von 2025-und Johnny Galeckis Heimbibliothek ist das Beispiel f\u00fcr ein perfektes Beispiel\",\"datePublished\":\"2025-07-26T03:42:30+00:00\",\"dateModified\":\"2025-07-26T03:42:32+00:00\",\"mainEntityOfPage\":{\"@id\":\"https:\\\/\\\/www.strassenweb.de\\\/nachrichten\\\/farbnaessen-ist-das-raffinierteste-farbtrend-von-2025-und-johnny-galeckis-heimbibliothek-ist-das-beispiel-fuer-ein-perfektes-beispiel\\\/\"},\"wordCount\":561,\"publisher\":{\"@id\":\"https:\\\/\\\/www.strassenweb.de\\\/nachrichten\\\/#organization\"},\"image\":{\"@id\":\"https:\\\/\\\/www.strassenweb.de\\\/nachrichten\\\/farbnaessen-ist-das-raffinierteste-farbtrend-von-2025-und-johnny-galeckis-heimbibliothek-ist-das-beispiel-fuer-ein-perfektes-beispiel\\\/#primaryimage\"},\"thumbnailUrl\":\"https:\\\/\\\/www.strassenweb.de\\\/nachrichten\\\/wp-content\\\/uploads\\\/2025\\\/07\\\/Farbnaessen-ist-das-raffinierteste-Farbtrend-von-2025-und-Johnny-Galeckis-Heimbibliothek-scaled.jpg\",\"keywords\":[\"2025und\",\"Beispiel\",\"das\",\"ein\",\"Farbn\u00e4ssen\",\"Farbtrend\",\"f\u00fcr\",\"Galeckis\",\"Heimbibliothek\",\"ist\",\"Johnny\",\"perfektes\",\"raffinierteste\",\"von\"],\"articleSection\":[\"Haus &amp; Garten\"],\"inLanguage\":\"de\"},{\"@type\":\"WebPage\",\"@id\":\"https:\\\/\\\/www.strassenweb.de\\\/nachrichten\\\/farbnaessen-ist-das-raffinierteste-farbtrend-von-2025-und-johnny-galeckis-heimbibliothek-ist-das-beispiel-fuer-ein-perfektes-beispiel\\\/\",\"url\":\"https:\\\/\\\/www.strassenweb.de\\\/nachrichten\\\/farbnaessen-ist-das-raffinierteste-farbtrend-von-2025-und-johnny-galeckis-heimbibliothek-ist-das-beispiel-fuer-ein-perfektes-beispiel\\\/\",\"name\":\"Farbn\u00e4ssen ist das raffinierteste Farbtrend von 2025-und Johnny Galeckis Heimbibliothek ist das Beispiel f\u00fcr ein perfektes Beispiel - Nachrichten - Stra\u00dfenweb\",\"isPartOf\":{\"@id\":\"https:\\\/\\\/www.strassenweb.de\\\/nachrichten\\\/#website\"},\"primaryImageOfPage\":{\"@id\":\"https:\\\/\\\/www.strassenweb.de\\\/nachrichten\\\/farbnaessen-ist-das-raffinierteste-farbtrend-von-2025-und-johnny-galeckis-heimbibliothek-ist-das-beispiel-fuer-ein-perfektes-beispiel\\\/#primaryimage\"},\"image\":{\"@id\":\"https:\\\/\\\/www.strassenweb.de\\\/nachrichten\\\/farbnaessen-ist-das-raffinierteste-farbtrend-von-2025-und-johnny-galeckis-heimbibliothek-ist-das-beispiel-fuer-ein-perfektes-beispiel\\\/#primaryimage\"},\"thumbnailUrl\":\"https:\\\/\\\/www.strassenweb.de\\\/nachrichten\\\/wp-content\\\/uploads\\\/2025\\\/07\\\/Farbnaessen-ist-das-raffinierteste-Farbtrend-von-2025-und-Johnny-Galeckis-Heimbibliothek-scaled.jpg\",\"datePublished\":\"2025-07-26T03:42:30+00:00\",\"dateModified\":\"2025-07-26T03:42:32+00:00\",\"breadcrumb\":{\"@id\":\"https:\\\/\\\/www.strassenweb.de\\\/nachrichten\\\/farbnaessen-ist-das-raffinierteste-farbtrend-von-2025-und-johnny-galeckis-heimbibliothek-ist-das-beispiel-fuer-ein-perfektes-beispiel\\\/#breadcrumb\"},\"inLanguage\":\"de\",\"potentialAction\":[{\"@type\":\"ReadAction\",\"target\":[\"https:\\\/\\\/www.strassenweb.de\\\/nachrichten\\\/farbnaessen-ist-das-raffinierteste-farbtrend-von-2025-und-johnny-galeckis-heimbibliothek-ist-das-beispiel-fuer-ein-perfektes-beispiel\\\/\"]}]},{\"@type\":\"ImageObject\",\"inLanguage\":\"de\",\"@id\":\"https:\\\/\\\/www.strassenweb.de\\\/nachrichten\\\/farbnaessen-ist-das-raffinierteste-farbtrend-von-2025-und-johnny-galeckis-heimbibliothek-ist-das-beispiel-fuer-ein-perfektes-beispiel\\\/#primaryimage\",\"url\":\"https:\\\/\\\/www.strassenweb.de\\\/nachrichten\\\/wp-content\\\/uploads\\\/2025\\\/07\\\/Farbnaessen-ist-das-raffinierteste-Farbtrend-von-2025-und-Johnny-Galeckis-Heimbibliothek-scaled.jpg\",\"contentUrl\":\"https:\\\/\\\/www.strassenweb.de\\\/nachrichten\\\/wp-content\\\/uploads\\\/2025\\\/07\\\/Farbnaessen-ist-das-raffinierteste-Farbtrend-von-2025-und-Johnny-Galeckis-Heimbibliothek-scaled.jpg\",\"width\":2560,\"height\":1440,\"caption\":\"Johnny Galecki\"},{\"@type\":\"BreadcrumbList\",\"@id\":\"https:\\\/\\\/www.strassenweb.de\\\/nachrichten\\\/farbnaessen-ist-das-raffinierteste-farbtrend-von-2025-und-johnny-galeckis-heimbibliothek-ist-das-beispiel-fuer-ein-perfektes-beispiel\\\/#breadcrumb\",\"itemListElement\":[{\"@type\":\"ListItem\",\"position\":1,\"name\":\"Home\",\"item\":\"https:\\\/\\\/www.strassenweb.de\\\/nachrichten\\\/\"},{\"@type\":\"ListItem\",\"position\":2,\"name\":\"Farbn\u00e4ssen ist das raffinierteste Farbtrend von 2025-und Johnny Galeckis Heimbibliothek ist das Beispiel f\u00fcr ein perfektes Beispiel\"}]},{\"@type\":\"WebSite\",\"@id\":\"https:\\\/\\\/www.strassenweb.de\\\/nachrichten\\\/#website\",\"url\":\"https:\\\/\\\/www.strassenweb.de\\\/nachrichten\\\/\",\"name\":\"Stra\u00dfenweb\",\"description\":\"Stra\u00dfenverzeichnis f\u00fcr Deutschland\",\"publisher\":{\"@id\":\"https:\\\/\\\/www.strassenweb.de\\\/nachrichten\\\/#organization\"},\"potentialAction\":[{\"@type\":\"SearchAction\",\"target\":{\"@type\":\"EntryPoint\",\"urlTemplate\":\"https:\\\/\\\/www.strassenweb.de\\\/nachrichten\\\/?s={search_term_string}\"},\"query-input\":{\"@type\":\"PropertyValueSpecification\",\"valueRequired\":true,\"valueName\":\"search_term_string\"}}],\"inLanguage\":\"de\"},{\"@type\":\"Organization\",\"@id\":\"https:\\\/\\\/www.strassenweb.de\\\/nachrichten\\\/#organization\",\"name\":\"Stra\u00dfenweb\",\"url\":\"https:\\\/\\\/www.strassenweb.de\\\/nachrichten\\\/\",\"logo\":{\"@type\":\"ImageObject\",\"inLanguage\":\"de\",\"@id\":\"https:\\\/\\\/www.strassenweb.de\\\/nachrichten\\\/#\\\/schema\\\/logo\\\/image\\\/\",\"url\":\"https:\\\/\\\/www.strassenweb.de\\\/nachrichten\\\/wp-content\\\/uploads\\\/2024\\\/09\\\/cropped-favicon.png\",\"contentUrl\":\"https:\\\/\\\/www.strassenweb.de\\\/nachrichten\\\/wp-content\\\/uploads\\\/2024\\\/09\\\/cropped-favicon.png\",\"width\":512,\"height\":512,\"caption\":\"Stra\u00dfenweb\"},\"image\":{\"@id\":\"https:\\\/\\\/www.strassenweb.de\\\/nachrichten\\\/#\\\/schema\\\/logo\\\/image\\\/\"},\"sameAs\":[\"https:\\\/\\\/www.facebook.com\\\/strassenweb\\\/\"]},{\"@type\":\"Person\",\"@id\":\"https:\\\/\\\/www.strassenweb.de\\\/nachrichten\\\/#\\\/schema\\\/person\\\/87c9c9067f1211da429a744dc5a5aa41\",\"name\":\"Robert Hoffmann\",\"image\":{\"@type\":\"ImageObject\",\"inLanguage\":\"de\",\"@id\":\"https:\\\/\\\/www.strassenweb.de\\\/nachrichten\\\/wp-content\\\/uploads\\\/2024\\\/09\\\/strassenweb-150x150.jpg\",\"url\":\"https:\\\/\\\/www.strassenweb.de\\\/nachrichten\\\/wp-content\\\/uploads\\\/2024\\\/09\\\/strassenweb-150x150.jpg\",\"contentUrl\":\"https:\\\/\\\/www.strassenweb.de\\\/nachrichten\\\/wp-content\\\/uploads\\\/2024\\\/09\\\/strassenweb-150x150.jpg\",\"caption\":\"Robert Hoffmann\"},\"description\":\"Ich hei\u00dfe Robert Hoffmann und ich bin ein leidenschaftlicher Verfechter von \u00d6kologie und Biodiversit\u00e4t. Seit meiner Kindheit in den W\u00e4ldern Bayerns f\u00fchle ich mich mit der Natur verbunden und bin entschlossen, sie zu sch\u00fctzen. Heute widme ich mein Leben der Sensibilisierung anderer f\u00fcr die Bedeutung des Umweltschutzes f\u00fcr zuk\u00fcnftige Generationen.\",\"sameAs\":[\"https:\\\/\\\/www.strassenweb.de\\\/\"]}]}<\/script>\n<!-- \/ Yoast SEO plugin. -->","yoast_head_json":{"title":"Farbn\u00e4ssen ist das raffinierteste Farbtrend von 2025-und Johnny Galeckis Heimbibliothek ist das Beispiel f\u00fcr ein perfektes Beispiel - Nachrichten - Stra\u00dfenweb","robots":{"index":"index","follow":"follow","max-snippet":"max-snippet:-1","max-image-preview":"max-image-preview:large","max-video-preview":"max-video-preview:-1"},"canonical":"https:\/\/www.strassenweb.de\/nachrichten\/farbnaessen-ist-das-raffinierteste-farbtrend-von-2025-und-johnny-galeckis-heimbibliothek-ist-das-beispiel-fuer-ein-perfektes-beispiel\/","og_locale":"de_DE","og_type":"article","og_title":"Farbn\u00e4ssen ist das raffinierteste Farbtrend von 2025-und Johnny Galeckis Heimbibliothek ist das Beispiel f\u00fcr ein perfektes Beispiel - Nachrichten - Stra\u00dfenweb","og_description":"Johnny Galeckis Ojai, Kalifornien, zu Hause ist voller Charme, aber es ist seine launische, kokonische Bibliothek, die Wellen in der Designwelt macht. Der Raum wurde","og_url":"https:\/\/www.strassenweb.de\/nachrichten\/farbnaessen-ist-das-raffinierteste-farbtrend-von-2025-und-johnny-galeckis-heimbibliothek-ist-das-beispiel-fuer-ein-perfektes-beispiel\/","og_site_name":"Stra\u00dfenweb","article_publisher":"https:\/\/www.facebook.com\/strassenweb\/","article_published_time":"2025-07-26T03:42:30+00:00","article_modified_time":"2025-07-26T03:42:32+00:00","og_image":[{"width":2560,"height":1440,"url":"https:\/\/www.strassenweb.de\/nachrichten\/wp-content\/uploads\/2025\/07\/Farbnaessen-ist-das-raffinierteste-Farbtrend-von-2025-und-Johnny-Galeckis-Heimbibliothek-scaled.jpg","type":"image\/jpeg"}],"author":"Robert Hoffmann","twitter_card":"summary_large_image","twitter_misc":{"Verfasst von":"Robert Hoffmann","Gesch\u00e4tzte Lesezeit":"3\u00a0Minuten"},"schema":{"@context":"https:\/\/schema.org","@graph":[{"@type":"Article","@id":"https:\/\/www.strassenweb.de\/nachrichten\/farbnaessen-ist-das-raffinierteste-farbtrend-von-2025-und-johnny-galeckis-heimbibliothek-ist-das-beispiel-fuer-ein-perfektes-beispiel\/#article","isPartOf":{"@id":"https:\/\/www.strassenweb.de\/nachrichten\/farbnaessen-ist-das-raffinierteste-farbtrend-von-2025-und-johnny-galeckis-heimbibliothek-ist-das-beispiel-fuer-ein-perfektes-beispiel\/"},"author":{"name":"Robert Hoffmann","@id":"https:\/\/www.strassenweb.de\/nachrichten\/#\/schema\/person\/87c9c9067f1211da429a744dc5a5aa41"},"headline":"Farbn\u00e4ssen ist das raffinierteste Farbtrend von 2025-und Johnny Galeckis Heimbibliothek ist das Beispiel f\u00fcr ein perfektes Beispiel","datePublished":"2025-07-26T03:42:30+00:00","dateModified":"2025-07-26T03:42:32+00:00","mainEntityOfPage":{"@id":"https:\/\/www.strassenweb.de\/nachrichten\/farbnaessen-ist-das-raffinierteste-farbtrend-von-2025-und-johnny-galeckis-heimbibliothek-ist-das-beispiel-fuer-ein-perfektes-beispiel\/"},"wordCount":561,"publisher":{"@id":"https:\/\/www.strassenweb.de\/nachrichten\/#organization"},"image":{"@id":"https:\/\/www.strassenweb.de\/nachrichten\/farbnaessen-ist-das-raffinierteste-farbtrend-von-2025-und-johnny-galeckis-heimbibliothek-ist-das-beispiel-fuer-ein-perfektes-beispiel\/#primaryimage"},"thumbnailUrl":"https:\/\/www.strassenweb.de\/nachrichten\/wp-content\/uploads\/2025\/07\/Farbnaessen-ist-das-raffinierteste-Farbtrend-von-2025-und-Johnny-Galeckis-Heimbibliothek-scaled.jpg","keywords":["2025und","Beispiel","das","ein","Farbn\u00e4ssen","Farbtrend","f\u00fcr","Galeckis","Heimbibliothek","ist","Johnny","perfektes","raffinierteste","von"],"articleSection":["Haus &amp; Garten"],"inLanguage":"de"},{"@type":"WebPage","@id":"https:\/\/www.strassenweb.de\/nachrichten\/farbnaessen-ist-das-raffinierteste-farbtrend-von-2025-und-johnny-galeckis-heimbibliothek-ist-das-beispiel-fuer-ein-perfektes-beispiel\/","url":"https:\/\/www.strassenweb.de\/nachrichten\/farbnaessen-ist-das-raffinierteste-farbtrend-von-2025-und-johnny-galeckis-heimbibliothek-ist-das-beispiel-fuer-ein-perfektes-beispiel\/","name":"Farbn\u00e4ssen ist das raffinierteste Farbtrend von 2025-und Johnny Galeckis Heimbibliothek ist das Beispiel f\u00fcr ein perfektes Beispiel - Nachrichten - Stra\u00dfenweb","isPartOf":{"@id":"https:\/\/www.strassenweb.de\/nachrichten\/#website"},"primaryImageOfPage":{"@id":"https:\/\/www.strassenweb.de\/nachrichten\/farbnaessen-ist-das-raffinierteste-farbtrend-von-2025-und-johnny-galeckis-heimbibliothek-ist-das-beispiel-fuer-ein-perfektes-beispiel\/#primaryimage"},"image":{"@id":"https:\/\/www.strassenweb.de\/nachrichten\/farbnaessen-ist-das-raffinierteste-farbtrend-von-2025-und-johnny-galeckis-heimbibliothek-ist-das-beispiel-fuer-ein-perfektes-beispiel\/#primaryimage"},"thumbnailUrl":"https:\/\/www.strassenweb.de\/nachrichten\/wp-content\/uploads\/2025\/07\/Farbnaessen-ist-das-raffinierteste-Farbtrend-von-2025-und-Johnny-Galeckis-Heimbibliothek-scaled.jpg","datePublished":"2025-07-26T03:42:30+00:00","dateModified":"2025-07-26T03:42:32+00:00","breadcrumb":{"@id":"https:\/\/www.strassenweb.de\/nachrichten\/farbnaessen-ist-das-raffinierteste-farbtrend-von-2025-und-johnny-galeckis-heimbibliothek-ist-das-beispiel-fuer-ein-perfektes-beispiel\/#breadcrumb"},"inLanguage":"de","potentialAction":[{"@type":"ReadAction","target":["https:\/\/www.strassenweb.de\/nachrichten\/farbnaessen-ist-das-raffinierteste-farbtrend-von-2025-und-johnny-galeckis-heimbibliothek-ist-das-beispiel-fuer-ein-perfektes-beispiel\/"]}]},{"@type":"ImageObject","inLanguage":"de","@id":"https:\/\/www.strassenweb.de\/nachrichten\/farbnaessen-ist-das-raffinierteste-farbtrend-von-2025-und-johnny-galeckis-heimbibliothek-ist-das-beispiel-fuer-ein-perfektes-beispiel\/#primaryimage","url":"https:\/\/www.strassenweb.de\/nachrichten\/wp-content\/uploads\/2025\/07\/Farbnaessen-ist-das-raffinierteste-Farbtrend-von-2025-und-Johnny-Galeckis-Heimbibliothek-scaled.jpg","contentUrl":"https:\/\/www.strassenweb.de\/nachrichten\/wp-content\/uploads\/2025\/07\/Farbnaessen-ist-das-raffinierteste-Farbtrend-von-2025-und-Johnny-Galeckis-Heimbibliothek-scaled.jpg","width":2560,"height":1440,"caption":"Johnny Galecki"},{"@type":"BreadcrumbList","@id":"https:\/\/www.strassenweb.de\/nachrichten\/farbnaessen-ist-das-raffinierteste-farbtrend-von-2025-und-johnny-galeckis-heimbibliothek-ist-das-beispiel-fuer-ein-perfektes-beispiel\/#breadcrumb","itemListElement":[{"@type":"ListItem","position":1,"name":"Home","item":"https:\/\/www.strassenweb.de\/nachrichten\/"},{"@type":"ListItem","position":2,"name":"Farbn\u00e4ssen ist das raffinierteste Farbtrend von 2025-und Johnny Galeckis Heimbibliothek ist das Beispiel f\u00fcr ein perfektes Beispiel"}]},{"@type":"WebSite","@id":"https:\/\/www.strassenweb.de\/nachrichten\/#website","url":"https:\/\/www.strassenweb.de\/nachrichten\/","name":"Stra\u00dfenweb","description":"Stra\u00dfenverzeichnis f\u00fcr Deutschland","publisher":{"@id":"https:\/\/www.strassenweb.de\/nachrichten\/#organization"},"potentialAction":[{"@type":"SearchAction","target":{"@type":"EntryPoint","urlTemplate":"https:\/\/www.strassenweb.de\/nachrichten\/?s={search_term_string}"},"query-input":{"@type":"PropertyValueSpecification","valueRequired":true,"valueName":"search_term_string"}}],"inLanguage":"de"},{"@type":"Organization","@id":"https:\/\/www.strassenweb.de\/nachrichten\/#organization","name":"Stra\u00dfenweb","url":"https:\/\/www.strassenweb.de\/nachrichten\/","logo":{"@type":"ImageObject","inLanguage":"de","@id":"https:\/\/www.strassenweb.de\/nachrichten\/#\/schema\/logo\/image\/","url":"https:\/\/www.strassenweb.de\/nachrichten\/wp-content\/uploads\/2024\/09\/cropped-favicon.png","contentUrl":"https:\/\/www.strassenweb.de\/nachrichten\/wp-content\/uploads\/2024\/09\/cropped-favicon.png","width":512,"height":512,"caption":"Stra\u00dfenweb"},"image":{"@id":"https:\/\/www.strassenweb.de\/nachrichten\/#\/schema\/logo\/image\/"},"sameAs":["https:\/\/www.facebook.com\/strassenweb\/"]},{"@type":"Person","@id":"https:\/\/www.strassenweb.de\/nachrichten\/#\/schema\/person\/87c9c9067f1211da429a744dc5a5aa41","name":"Robert Hoffmann","image":{"@type":"ImageObject","inLanguage":"de","@id":"https:\/\/www.strassenweb.de\/nachrichten\/wp-content\/uploads\/2024\/09\/strassenweb-150x150.jpg","url":"https:\/\/www.strassenweb.de\/nachrichten\/wp-content\/uploads\/2024\/09\/strassenweb-150x150.jpg","contentUrl":"https:\/\/www.strassenweb.de\/nachrichten\/wp-content\/uploads\/2024\/09\/strassenweb-150x150.jpg","caption":"Robert Hoffmann"},"description":"Ich hei\u00dfe Robert Hoffmann und ich bin ein leidenschaftlicher Verfechter von \u00d6kologie und Biodiversit\u00e4t. Seit meiner Kindheit in den W\u00e4ldern Bayerns f\u00fchle ich mich mit der Natur verbunden und bin entschlossen, sie zu sch\u00fctzen. Heute widme ich mein Leben der Sensibilisierung anderer f\u00fcr die Bedeutung des Umweltschutzes f\u00fcr zuk\u00fcnftige Generationen.","sameAs":["https:\/\/www.strassenweb.de\/"]}]}},"_links":{"self":[{"href":"https:\/\/www.strassenweb.de\/nachrichten\/wp-json\/wp\/v2\/posts\/6479","targetHints":{"allow":["GET"]}}],"collection":[{"href":"https:\/\/www.strassenweb.de\/nachrichten\/wp-json\/wp\/v2\/posts"}],"about":[{"href":"https:\/\/www.strassenweb.de\/nachrichten\/wp-json\/wp\/v2\/types\/post"}],"author":[{"embeddable":true,"href":"https:\/\/www.strassenweb.de\/nachrichten\/wp-json\/wp\/v2\/users\/1"}],"replies":[{"embeddable":true,"href":"https:\/\/www.strassenweb.de\/nachrichten\/wp-json\/wp\/v2\/comments?post=6479"}],"version-history":[{"count":0,"href":"https:\/\/www.strassenweb.de\/nachrichten\/wp-json\/wp\/v2\/posts\/6479\/revisions"}],"wp:featuredmedia":[{"embeddable":true,"href":"https:\/\/www.strassenweb.de\/nachrichten\/wp-json\/wp\/v2\/media\/6480"}],"wp:attachment":[{"href":"https:\/\/www.strassenweb.de\/nachrichten\/wp-json\/wp\/v2\/media?parent=6479"}],"wp:term":[{"taxonomy":"category","embeddable":true,"href":"https:\/\/www.strassenweb.de\/nachrichten\/wp-json\/wp\/v2\/categories?post=6479"},{"taxonomy":"post_tag","embeddable":true,"href":"https:\/\/www.strassenweb.de\/nachrichten\/wp-json\/wp\/v2\/tags?post=6479"}],"curies":[{"name":"wp","href":"https:\/\/api.w.org\/{rel}","templated":true}]}}