{"id":6458,"date":"2025-07-25T10:46:07","date_gmt":"2025-07-25T08:46:07","guid":{"rendered":"https:\/\/www.strassenweb.de\/nachrichten\/owl-ist-gut-das-gut-endet-eine-naturschutzgeschichte-an-den-ufs\/"},"modified":"2025-07-25T10:46:07","modified_gmt":"2025-07-25T08:46:07","slug":"owl-ist-gut-das-gut-endet-eine-naturschutzgeschichte-an-den-ufs","status":"publish","type":"post","link":"https:\/\/www.strassenweb.de\/nachrichten\/owl-ist-gut-das-gut-endet-eine-naturschutzgeschichte-an-den-ufs\/","title":{"rendered":"Owl ist gut, das gut endet: eine Naturschutzgeschichte an den UFs"},"content":{"rendered":"<p>Hoch \u00fcber den Regalen und stillen Lernr\u00e4umen der Sasol -Bibliothek an der Universit\u00e4t des Freistaates (UFS) entfaltet sich eine stile Erfolgsgeschichte. Ein Paar Scheunen-Eulen hat sich im Dachraum der Bibliothek befindet-Chicks, Jagd auf dem Campusgel\u00e4nde und ein unerwartetes Symbol f\u00fcr \u00f6kologisches Gleichgewicht und abteilungs\u00fcbergreifende Zusammenarbeit.<\/p>\n<p>Mehr als nur eine charmante Geschichte der st\u00e4dtischen Tierwelt, ihre Pr\u00e4senz f\u00fchrt auch zum Nachdenken \u00fcber den sich entwickelnden Zweck akademischer R\u00e4ume.<\/p>\n<p>Prof. Vasu Reddy, stellvertretender Vizekanzler: Forschung und Internationalisierung, zu dessen Portfolio Bibliotheken geh\u00f6ren, sieht die Eulen als Teil von etwas Tieferes. &#8222;Wenn wir Shakespeares Spiel betrachten, ist alles gut, das gut endet, dann best\u00e4tigt die Anwesenheit der Eulen in der Sasol -Bibliothek eine weitere Bedeutung dieses St\u00fccks.&#8220;<\/p>\n<p>&#8222;Liebe&#8220;, sagt Prof. Reddy, &#8222;gilt nicht immer als edel, sondern ist etwas anhaltendes, und unsere Bibliothek ist nicht nur ein Geb\u00e4ude, sondern ein lebendes \u00d6kosystem, in dem kostbare Dokumente, Menschen und sogar Tiere unser Leben interagieren, formen und f\u00f6rdern k\u00f6nnen.&#8220;<\/p>\n<p>Die Eulen wurden seit 2016 in der Bibliothek beobachtet, aber ihr Schicksal nahm 2023 eine Wendung, als eine notleidende Eule au\u00dferhalb des Geb\u00e4udes entdeckt wurde. Tanya Scherman vom Zentrum f\u00fcr Lehren und Lernen war der erste, der reagierte. &#8222;Es schien, dass die Eule vergiftet worden war, h\u00f6chstwahrscheinlich eine sekund\u00e4re Vergiftung eines kontaminierten Nagetiers&#8220;, erkl\u00e4rt sie. Dieser Moment wurde zum Katalysator f\u00fcr eine Initiative zur Erhaltung der Basis &#8211; eine, die besorgte Mitarbeiter, Studenten und Wildtierforscher zusammenbrachte.<\/p>\n<p>\u201eIch habe versucht, mehr sachkundige Menschen zu finden, die helfen k\u00f6nnten\u201c, sagt Scherman. &#8222;Ich habe mich mit einem lokalen Tierarzt, dem Owl Rescue Center in Pretoria und Prof. Francois Deacon von unserer Fakult\u00e4t f\u00fcr nat\u00fcrliche und landwirtschaftliche Wissenschaften beraten. Ich wollte wissen, wie wir die Eulen auf dem Campus sicher halten konnten.&#8220;<\/p>\n<p>Prof. Deacon, der in der Abteilung f\u00fcr Tierwissenschaften h\u00e4lt, sah sofort das Potenzial. \u201eAls jemand, der sich f\u00fcr den Schutz der st\u00e4dtischen Wildtiere lenkt, sah ich eine gro\u00dfartige Gelegenheit-nicht nur, um die Eulen zu unterst\u00fctzen, sondern die Sch\u00fcler in das praktische Lernen einzubeziehen\u201c, sagt er. &#8222;Diese Projekte bieten seltene Chancen, nat\u00fcrliches Tierverhalten in Echtzeit au\u00dferhalb der Grenzen eines Labors zu untersuchen.&#8220;<\/p>\n<p>Zusammen mit seinen Doktoranden, Ruan Higgs und Kaitlyn Taylor, bewertete das Team das Verhalten der Eulen und beriet die Gestaltung einer geeigneten Verschachtelungsstruktur. Sie installierten auch eine bewegungsgesteuerte Infrarot-Feldkamera, um die Aktivit\u00e4t der Eulen sicher und ohne St\u00f6rung zu \u00fcberwachen.<\/p>\n<p>Aber zuerst musste die Nistkasten gebaut werden. Dieser Teil des Projekts wurde unerwartet pers\u00f6nlich. &#8222;Ich habe mit meinem Vater gearbeitet, um es zu bauen&#8220;, sagt Scherman. &#8222;Er ist auch ein begeisterter Tierliebhaber, und wir haben ein Wochenends\u00e4gen, Schleifen und Zusammenstellen der Schachtel mit einer Blaupause damit verbracht, die wir online gefunden haben.&#8220; Mit Hilfe des Teams von Prof. Deacon wurde die abgeschlossene Struktur in den Dachraum aufgenommen und auf einer Kante gesichert, die die Eulen bereits favorisierten. &#8222;Es war ein besonderer Moment, mit meiner Familie zu teilen&#8220;, f\u00fcgt sie hinzu.<\/p>\n<p>Ein Fenster in die Tierwelt auf dem Campus<\/p>\n<p>Die Bem\u00fchungen von Scherman und Prof. Deacon haben bereits ermutigende Ergebnisse erzielt. Im Jahr 2023 hob ein Zuchtpaar erfolgreich zwei Owlets. &#8222;In diesem Jahr haben wir sechs Eier gefunden&#8220;, teilt Scherman mit. &#8222;Von diesen k\u00f6nnen wir derzeit drei Owlets sehen.&#8220;<\/p>\n<p>F\u00fcr Prof. Deacon und seine Sch\u00fcler hat die Kamera ein Fenster in die Welt der V\u00f6gel ge\u00f6ffnet. \u201eEs f\u00e4ngt F\u00fctterungsereignisse, K\u00fckenentwicklung und Elternverhalten ein\u201c, erkl\u00e4rt er. &#8222;Diese Art der passiven \u00dcberwachung ist von unsch\u00e4tzbarem Wert-sie liefert langfristige Daten ohne menschliche Einmischung.&#8220; Das Filmmaterial hat bereits die Grundlage f\u00fcr die Forschung von Studenten in Owl -Di\u00e4t, K\u00fckenwachstum und sogar nistende materielle Pr\u00e4ferenzen gebildet &#8211; Erkenntnisse, die zuk\u00fcnftige Naturschutzprojekte sowohl an der UFS als auch dar\u00fcber hinaus leiten k\u00f6nnten.<\/p>\n<p>&#8222;Diese Eulen unterrichten Werkzeuge&#8220;, sagt er. &#8222;Sie erwecken Lehrb\u00fccher f\u00fcr Sch\u00fcler, die \u00d6kologie, Tierverhalten und nachhaltige Landnutzung studieren.&#8220; Er f\u00fcgt hinzu, dass das Projekt auch zeigt, wie wissenschaftliches Wissen den lokalen \u00d6kosystemen direkt zugute kommen kann. &#8222;Es zeigt, dass die biologische Vielfalt und die menschliche Entwicklung mit dem richtigen Ansatz koexistieren k\u00f6nnen. Selbst eine Universit\u00e4tsbibliothek kann ein Lebensraum werden.&#8220;<\/p>\n<p>Scheunen -Eulen spielen auch eine praktische \u00f6kologische Rolle auf dem Campus. \u201eEin einzelnes Eulenpaar kann in einer Brutzeit Hunderte von Nagetieren essen und die Notwendigkeit von Giften und Pestiziden verringern\u201c, sagt Prof. Deacon. Und es sind nicht nur Nagetiere. &#8222;Wir haben \u00dcberreste kleiner V\u00f6gel und Insekten in ihren auferlegten Pellets festgestellt&#8220;, bemerkt Scherman, &#8222;was zeigt, wie aktiv und adaptiv sie in einer st\u00e4dtischen Umgebung sind.&#8220;<\/p>\n<p>Dennoch ist ihr \u00dcberleben nicht garantiert. St\u00e4dtische Eulen stehen aus Risiken, die vom Stra\u00dfenverkehr bis hin zu Vergiftungen reichen. \u201eWenn Sie jemals eine verletzte Eule finden oder Bedenken haben, versuchen Sie nicht, selbst zu helfen\u201c, r\u00e4t Scherman. &#8222;Wenden Sie sich eher an Prof. Deacon oder mich. Wir sind hier, um zu helfen.&#8220;<\/p>\n<p>&#8222;Bewusstsein schafft Respekt&#8220;, f\u00fcgt Prof. Deacon hinzu. \u201eWenn die Leute wissen, dass diese Eulen leise eine Familie \u00fcber ihren K\u00f6pfen erheben, verschiebt sich sie in der Art und Weise, wie sie mit dem Raum interagieren. Wir bitten die Leute, laute Ger\u00e4usche zu machen oder Flash -Fotografie in der N\u00e4he des Nistorts zu verwenden. Einfache Verhaltensweisen, wie z.<\/p>\n<p>Eine Bibliothek als lebendiges \u00d6kosystem<\/p>\n<p>Als das Projekt an Dynamik gewann, tat es auch sein symbolisches Gewicht auf dem gesamten Campus. Prof. Reddy \u00fcberlegt, wie ein scheinbar st\u00f6render Moment etwas viel Wertvolleres wurde:<\/p>\n<p>&#8222;Es ist klar, dass das, was als st\u00f6render Vorfall mit einer Eule in unseren Bibliotheksraum eingeht, auch ein p\u00e4dagogischer und tief konservierender Touchdown ist.&#8220;<\/p>\n<p>F\u00fcr Prof. Reddy \u201einspiriert es uns, Wissenschaft und Liebe zu B\u00fcchern zu einer lehrbaren Gelegenheit zu bringen. Wenn Bibliotheken stereotyp als die ruhige Ecke der Wissenschaft angesehen werden, dann sagt unser Ereignis, dass unsere Bibliothek auch ein Raum ist, in dem Stille stillt. Wo die Geschichte einer Kreatur einen rechtm\u00e4\u00dfigen Platz hat.<\/p>\n<p>Wahrnehmung \u00e4ndern, Erbe sch\u00fctzen<\/p>\n<p>Das Projekt ber\u00fchrte auch eine tiefere kulturelle Bedeutung. Eulen werden in einigen Gemeinden oft missverstanden, in Verbindung mit Mythen oder Angst. &#8222;Es ist verst\u00e4ndlich&#8220;, sagt Scherman, &#8222;mit ihren unheimlichen Anrufen, wei\u00dfen Gesichtern und geister\u00e4hnlichen Flugen. Aber sie sind auch Boten, Besch\u00fctzer und Symbole der Weisheit in vielen Traditionen.&#8220;<\/p>\n<p>Sie glaubt, dass Bildung der Schl\u00fcssel zur Ver\u00e4nderung dieser Wahrnehmungen ist: \u201eLassen Sie uns die M\u00f6glichkeit nutzen, respektvoll mit Natur und Wildtieren zu koexistieren. Die Anwesenheit von Eulen unter uns ist ein lebendiges Beweis f\u00fcr die reiche Artenvielfalt, die selbst in st\u00e4dtischen R\u00e4umen lebt.\u201c<\/p>\n<p>F\u00fcr Scherman war das Projekt weit mehr als eine Erhaltungsanstrengung. Es war ein Leidenschaftsprojekt, das in ihrer eigenen Familiengeschichte verwurzelt war. \u201eMeine Gro\u00dfeltern hatten auch eine besondere Verbindung zu Eulen, daher f\u00fchlte sich das sehr nahe an der Heimat\u201c, sagt sie. &#8222;Als ich ihre Gewohnheiten und ihre Individualit\u00e4t beobachtete, f\u00fchlte ich mich wie ihr Hausmeister. Als wir das Baby Owlets sahen, f\u00fchlte ich mich nat\u00fcrlich, als w\u00fcrde ich zu einer Eulen-Granny bef\u00f6rdert!&#8220;<\/p>\n<p>Prof. Deacon reflektiert, wie das Projekt Campus -Beziehungen angereichert hat. &#8222;Am lohnendsten war, wie viele Menschen sich damit zusammenkamen &#8211; von Bibliothekaren \u00fcber Studenten bis hin zu Wissenschaftlern. Wir haben Freundschaften aufgebaut, nicht nur eine Nistkiste.&#8220; Er f\u00fcgt hinzu, dass Bibliothekar Hesma Van Tonder sogar einer ihrer Giraffe -Capture -Exkursionen beigetreten ist. &#8222;Diese Art von Verbindung-zwischen Forschung und Abenteuer im wirklichen Leben-wird die Erhaltung lebendig.&#8220;<\/p>\n<p>Mit Blick auf die Zukunft hofft er, dass dieses Projekt mehr Cross-Campus-Initiativen inspirieren wird. \u201eWir untersuchen gr\u00fcne Korridore, Biodiversit\u00e4tszonen auf dem Dach und die M\u00f6glichkeit, andere Arten wie Flederm\u00e4use und Best\u00e4uber zu sparen\u201c, sagt er. &#8222;Es ist nur der Anfang. Hoffentlich k\u00f6nnen auch andere Abteilungen wie Zoologie und Botanik in Zukunft an Bord kommen.&#8220;<\/p>\n<p>Ein Raum f\u00fcr Geschichten &#8211; und f\u00fcr die Natur<\/p>\n<p>W\u00e4hrend die Eulen weiter \u00fcber den ruhigen Ecken der Sasol -Bibliothek gedeihen, l\u00e4dt ihre Anwesenheit die Universit\u00e4t ein, ihre eigenen R\u00e4ume anders zu sehen &#8211; als Orte, an denen Wissen, Natur und Mitgef\u00fchl koexistieren k\u00f6nnen.<\/p>\n<p>Prof. Reddy reflektiert diese gemeinsame Reise:<\/p>\n<p>\u201eDie Eulen haben sich selbst eingeladen, weil sie desorientiert und verzweifelt waren. Als f\u00fcrsorgliche Universit\u00e4t demonstrieren wir durch unsere greifbaren Handlungen, dass ihre Ankunft unsere Neugier als Universit\u00e4t mit Herz weiter entz\u00fcndet. Auf diese Weise zeigt unsere Bibliothek, wie wir uns mit der Welt verbinden, indem wir nicht nur kostbare B\u00fccher und wirkte Auswirkungen auf die Equitat -Equitat -Effekte sind. Gemeinschaft.<\/p>\n<p>Und abschlie\u00dfend spiegelt er abschlie\u00dfend dar\u00fcber nach, was diese kleine, aber sinnvolle Geschichte \u00fcber die Zukunft der Universit\u00e4t zeigt:<\/p>\n<p>&#8222;Wenn unsere Universit\u00e4t von Bedeutung ist und aussagekr\u00e4ftig bleiben soll, haben unsere zuf\u00e4lligen Besucher der Tatsache, dass unser Bibliotheksraum unsere Geschichten enth\u00e4lt, neue Impulse verabreicht und sie als Teil unserer verantwortungsbewussten gesellschaftlichen Zukunftsfutures Orte f\u00fcr neue machen.&#8220;<\/p>\n<hr class=\"wp-block-separator has-alpha-channel-opacity\">\n<p>Bildunterschrift: <em>Eine ruhige Pr\u00e4senz mit starker Wirkung-die Scheunen-Eulen, die in der UFS Sasol Library nisten, sind zu unerwarteten Botschaftern f\u00fcr den Erhalt geworden, inspirieren praktische Forschung, Gemeinschaftsbetreuung und eine tiefere Verbindung zwischen Menschen und Natur.<\/em><\/p>\n","protected":false},"excerpt":{"rendered":"<p>Hoch \u00fcber den Regalen und stillen Lernr\u00e4umen der Sasol -Bibliothek an der Universit\u00e4t des Freistaates (UFS) entfaltet sich eine stile Erfolgsgeschichte. Ein Paar Scheunen-Eulen hat<\/p>\n","protected":false},"author":1,"featured_media":6459,"comment_status":"closed","ping_status":"","sticky":false,"template":"","format":"standard","meta":{"footnotes":""},"categories":[101],"tags":[112,78,74,8857,740,15,8858,8856,8859],"class_list":["post-6458","post","type-post","status-publish","format-standard","has-post-thumbnail","hentry","category-oekologie","tag-das","tag-den","tag-eine","tag-endet","tag-gut","tag-ist","tag-naturschutzgeschichte","tag-owl","tag-ufs","generate-columns","tablet-grid-50","mobile-grid-100","grid-parent","grid-50"],"yoast_head":"<!-- This site is optimized with the Yoast SEO plugin v27.3 - https:\/\/yoast.com\/product\/yoast-seo-wordpress\/ -->\n<title>Owl ist gut, das gut endet: eine Naturschutzgeschichte an den UFs - Nachrichten - Stra\u00dfenweb<\/title>\n<meta name=\"robots\" content=\"index, follow, max-snippet:-1, max-image-preview:large, max-video-preview:-1\" \/>\n<link rel=\"canonical\" href=\"https:\/\/www.strassenweb.de\/nachrichten\/owl-ist-gut-das-gut-endet-eine-naturschutzgeschichte-an-den-ufs\/\" \/>\n<meta property=\"og:locale\" content=\"de_DE\" \/>\n<meta property=\"og:type\" content=\"article\" \/>\n<meta property=\"og:title\" content=\"Owl ist gut, das gut endet: eine Naturschutzgeschichte an den UFs - Nachrichten - Stra\u00dfenweb\" \/>\n<meta property=\"og:description\" content=\"Hoch \u00fcber den Regalen und stillen Lernr\u00e4umen der Sasol -Bibliothek an der Universit\u00e4t des Freistaates (UFS) entfaltet sich eine stile Erfolgsgeschichte. Ein Paar Scheunen-Eulen hat\" \/>\n<meta property=\"og:url\" content=\"https:\/\/www.strassenweb.de\/nachrichten\/owl-ist-gut-das-gut-endet-eine-naturschutzgeschichte-an-den-ufs\/\" \/>\n<meta property=\"og:site_name\" content=\"Stra\u00dfenweb\" \/>\n<meta property=\"article:publisher\" content=\"https:\/\/www.facebook.com\/strassenweb\/\" \/>\n<meta property=\"article:published_time\" content=\"2025-07-25T08:46:07+00:00\" \/>\n<meta property=\"og:image\" content=\"https:\/\/www.strassenweb.de\/nachrichten\/wp-content\/uploads\/2025\/07\/Owl-ist-gut-das-gut-endet-eine-Naturschutzgeschichte-an-den.jpg\" \/>\n\t<meta property=\"og:image:width\" content=\"900\" \/>\n\t<meta property=\"og:image:height\" content=\"587\" \/>\n\t<meta property=\"og:image:type\" content=\"image\/jpeg\" \/>\n<meta name=\"author\" content=\"Robert Hoffmann\" \/>\n<meta name=\"twitter:card\" content=\"summary_large_image\" \/>\n<meta name=\"twitter:label1\" content=\"Verfasst von\" \/>\n\t<meta name=\"twitter:data1\" content=\"Robert Hoffmann\" \/>\n\t<meta name=\"twitter:label2\" content=\"Gesch\u00e4tzte Lesezeit\" \/>\n\t<meta name=\"twitter:data2\" content=\"8\u00a0Minuten\" \/>\n<script type=\"application\/ld+json\" class=\"yoast-schema-graph\">{\"@context\":\"https:\\\/\\\/schema.org\",\"@graph\":[{\"@type\":\"Article\",\"@id\":\"https:\\\/\\\/www.strassenweb.de\\\/nachrichten\\\/owl-ist-gut-das-gut-endet-eine-naturschutzgeschichte-an-den-ufs\\\/#article\",\"isPartOf\":{\"@id\":\"https:\\\/\\\/www.strassenweb.de\\\/nachrichten\\\/owl-ist-gut-das-gut-endet-eine-naturschutzgeschichte-an-den-ufs\\\/\"},\"author\":{\"name\":\"Robert Hoffmann\",\"@id\":\"https:\\\/\\\/www.strassenweb.de\\\/nachrichten\\\/#\\\/schema\\\/person\\\/87c9c9067f1211da429a744dc5a5aa41\"},\"headline\":\"Owl ist gut, das gut endet: eine Naturschutzgeschichte an den UFs\",\"datePublished\":\"2025-07-25T08:46:07+00:00\",\"mainEntityOfPage\":{\"@id\":\"https:\\\/\\\/www.strassenweb.de\\\/nachrichten\\\/owl-ist-gut-das-gut-endet-eine-naturschutzgeschichte-an-den-ufs\\\/\"},\"wordCount\":1568,\"publisher\":{\"@id\":\"https:\\\/\\\/www.strassenweb.de\\\/nachrichten\\\/#organization\"},\"image\":{\"@id\":\"https:\\\/\\\/www.strassenweb.de\\\/nachrichten\\\/owl-ist-gut-das-gut-endet-eine-naturschutzgeschichte-an-den-ufs\\\/#primaryimage\"},\"thumbnailUrl\":\"https:\\\/\\\/www.strassenweb.de\\\/nachrichten\\\/wp-content\\\/uploads\\\/2025\\\/07\\\/Owl-ist-gut-das-gut-endet-eine-Naturschutzgeschichte-an-den.jpg\",\"keywords\":[\"das\",\"den\",\"eine\",\"endet\",\"gut\",\"ist\",\"Naturschutzgeschichte\",\"Owl\",\"UFs\"],\"articleSection\":[\"\u00d6kologie\"],\"inLanguage\":\"de\"},{\"@type\":\"WebPage\",\"@id\":\"https:\\\/\\\/www.strassenweb.de\\\/nachrichten\\\/owl-ist-gut-das-gut-endet-eine-naturschutzgeschichte-an-den-ufs\\\/\",\"url\":\"https:\\\/\\\/www.strassenweb.de\\\/nachrichten\\\/owl-ist-gut-das-gut-endet-eine-naturschutzgeschichte-an-den-ufs\\\/\",\"name\":\"Owl ist gut, das gut endet: eine Naturschutzgeschichte an den UFs - Nachrichten - Stra\u00dfenweb\",\"isPartOf\":{\"@id\":\"https:\\\/\\\/www.strassenweb.de\\\/nachrichten\\\/#website\"},\"primaryImageOfPage\":{\"@id\":\"https:\\\/\\\/www.strassenweb.de\\\/nachrichten\\\/owl-ist-gut-das-gut-endet-eine-naturschutzgeschichte-an-den-ufs\\\/#primaryimage\"},\"image\":{\"@id\":\"https:\\\/\\\/www.strassenweb.de\\\/nachrichten\\\/owl-ist-gut-das-gut-endet-eine-naturschutzgeschichte-an-den-ufs\\\/#primaryimage\"},\"thumbnailUrl\":\"https:\\\/\\\/www.strassenweb.de\\\/nachrichten\\\/wp-content\\\/uploads\\\/2025\\\/07\\\/Owl-ist-gut-das-gut-endet-eine-Naturschutzgeschichte-an-den.jpg\",\"datePublished\":\"2025-07-25T08:46:07+00:00\",\"breadcrumb\":{\"@id\":\"https:\\\/\\\/www.strassenweb.de\\\/nachrichten\\\/owl-ist-gut-das-gut-endet-eine-naturschutzgeschichte-an-den-ufs\\\/#breadcrumb\"},\"inLanguage\":\"de\",\"potentialAction\":[{\"@type\":\"ReadAction\",\"target\":[\"https:\\\/\\\/www.strassenweb.de\\\/nachrichten\\\/owl-ist-gut-das-gut-endet-eine-naturschutzgeschichte-an-den-ufs\\\/\"]}]},{\"@type\":\"ImageObject\",\"inLanguage\":\"de\",\"@id\":\"https:\\\/\\\/www.strassenweb.de\\\/nachrichten\\\/owl-ist-gut-das-gut-endet-eine-naturschutzgeschichte-an-den-ufs\\\/#primaryimage\",\"url\":\"https:\\\/\\\/www.strassenweb.de\\\/nachrichten\\\/wp-content\\\/uploads\\\/2025\\\/07\\\/Owl-ist-gut-das-gut-endet-eine-Naturschutzgeschichte-an-den.jpg\",\"contentUrl\":\"https:\\\/\\\/www.strassenweb.de\\\/nachrichten\\\/wp-content\\\/uploads\\\/2025\\\/07\\\/Owl-ist-gut-das-gut-endet-eine-Naturschutzgeschichte-an-den.jpg\",\"width\":900,\"height\":587,\"caption\":\"Owl\u2019s well that ends well: A conservation tale at the UFS\"},{\"@type\":\"BreadcrumbList\",\"@id\":\"https:\\\/\\\/www.strassenweb.de\\\/nachrichten\\\/owl-ist-gut-das-gut-endet-eine-naturschutzgeschichte-an-den-ufs\\\/#breadcrumb\",\"itemListElement\":[{\"@type\":\"ListItem\",\"position\":1,\"name\":\"Home\",\"item\":\"https:\\\/\\\/www.strassenweb.de\\\/nachrichten\\\/\"},{\"@type\":\"ListItem\",\"position\":2,\"name\":\"Owl ist gut, das gut endet: eine Naturschutzgeschichte an den UFs\"}]},{\"@type\":\"WebSite\",\"@id\":\"https:\\\/\\\/www.strassenweb.de\\\/nachrichten\\\/#website\",\"url\":\"https:\\\/\\\/www.strassenweb.de\\\/nachrichten\\\/\",\"name\":\"Stra\u00dfenweb\",\"description\":\"Stra\u00dfenverzeichnis f\u00fcr Deutschland\",\"publisher\":{\"@id\":\"https:\\\/\\\/www.strassenweb.de\\\/nachrichten\\\/#organization\"},\"potentialAction\":[{\"@type\":\"SearchAction\",\"target\":{\"@type\":\"EntryPoint\",\"urlTemplate\":\"https:\\\/\\\/www.strassenweb.de\\\/nachrichten\\\/?s={search_term_string}\"},\"query-input\":{\"@type\":\"PropertyValueSpecification\",\"valueRequired\":true,\"valueName\":\"search_term_string\"}}],\"inLanguage\":\"de\"},{\"@type\":\"Organization\",\"@id\":\"https:\\\/\\\/www.strassenweb.de\\\/nachrichten\\\/#organization\",\"name\":\"Stra\u00dfenweb\",\"url\":\"https:\\\/\\\/www.strassenweb.de\\\/nachrichten\\\/\",\"logo\":{\"@type\":\"ImageObject\",\"inLanguage\":\"de\",\"@id\":\"https:\\\/\\\/www.strassenweb.de\\\/nachrichten\\\/#\\\/schema\\\/logo\\\/image\\\/\",\"url\":\"https:\\\/\\\/www.strassenweb.de\\\/nachrichten\\\/wp-content\\\/uploads\\\/2024\\\/09\\\/cropped-favicon.png\",\"contentUrl\":\"https:\\\/\\\/www.strassenweb.de\\\/nachrichten\\\/wp-content\\\/uploads\\\/2024\\\/09\\\/cropped-favicon.png\",\"width\":512,\"height\":512,\"caption\":\"Stra\u00dfenweb\"},\"image\":{\"@id\":\"https:\\\/\\\/www.strassenweb.de\\\/nachrichten\\\/#\\\/schema\\\/logo\\\/image\\\/\"},\"sameAs\":[\"https:\\\/\\\/www.facebook.com\\\/strassenweb\\\/\"]},{\"@type\":\"Person\",\"@id\":\"https:\\\/\\\/www.strassenweb.de\\\/nachrichten\\\/#\\\/schema\\\/person\\\/87c9c9067f1211da429a744dc5a5aa41\",\"name\":\"Robert Hoffmann\",\"image\":{\"@type\":\"ImageObject\",\"inLanguage\":\"de\",\"@id\":\"https:\\\/\\\/www.strassenweb.de\\\/nachrichten\\\/wp-content\\\/uploads\\\/2024\\\/09\\\/strassenweb-150x150.jpg\",\"url\":\"https:\\\/\\\/www.strassenweb.de\\\/nachrichten\\\/wp-content\\\/uploads\\\/2024\\\/09\\\/strassenweb-150x150.jpg\",\"contentUrl\":\"https:\\\/\\\/www.strassenweb.de\\\/nachrichten\\\/wp-content\\\/uploads\\\/2024\\\/09\\\/strassenweb-150x150.jpg\",\"caption\":\"Robert Hoffmann\"},\"description\":\"Ich hei\u00dfe Robert Hoffmann und ich bin ein leidenschaftlicher Verfechter von \u00d6kologie und Biodiversit\u00e4t. Seit meiner Kindheit in den W\u00e4ldern Bayerns f\u00fchle ich mich mit der Natur verbunden und bin entschlossen, sie zu sch\u00fctzen. Heute widme ich mein Leben der Sensibilisierung anderer f\u00fcr die Bedeutung des Umweltschutzes f\u00fcr zuk\u00fcnftige Generationen.\",\"sameAs\":[\"https:\\\/\\\/www.strassenweb.de\\\/\"]}]}<\/script>\n<!-- \/ Yoast SEO plugin. -->","yoast_head_json":{"title":"Owl ist gut, das gut endet: eine Naturschutzgeschichte an den UFs - Nachrichten - Stra\u00dfenweb","robots":{"index":"index","follow":"follow","max-snippet":"max-snippet:-1","max-image-preview":"max-image-preview:large","max-video-preview":"max-video-preview:-1"},"canonical":"https:\/\/www.strassenweb.de\/nachrichten\/owl-ist-gut-das-gut-endet-eine-naturschutzgeschichte-an-den-ufs\/","og_locale":"de_DE","og_type":"article","og_title":"Owl ist gut, das gut endet: eine Naturschutzgeschichte an den UFs - Nachrichten - Stra\u00dfenweb","og_description":"Hoch \u00fcber den Regalen und stillen Lernr\u00e4umen der Sasol -Bibliothek an der Universit\u00e4t des Freistaates (UFS) entfaltet sich eine stile Erfolgsgeschichte. Ein Paar Scheunen-Eulen hat","og_url":"https:\/\/www.strassenweb.de\/nachrichten\/owl-ist-gut-das-gut-endet-eine-naturschutzgeschichte-an-den-ufs\/","og_site_name":"Stra\u00dfenweb","article_publisher":"https:\/\/www.facebook.com\/strassenweb\/","article_published_time":"2025-07-25T08:46:07+00:00","og_image":[{"width":900,"height":587,"url":"https:\/\/www.strassenweb.de\/nachrichten\/wp-content\/uploads\/2025\/07\/Owl-ist-gut-das-gut-endet-eine-Naturschutzgeschichte-an-den.jpg","type":"image\/jpeg"}],"author":"Robert Hoffmann","twitter_card":"summary_large_image","twitter_misc":{"Verfasst von":"Robert Hoffmann","Gesch\u00e4tzte Lesezeit":"8\u00a0Minuten"},"schema":{"@context":"https:\/\/schema.org","@graph":[{"@type":"Article","@id":"https:\/\/www.strassenweb.de\/nachrichten\/owl-ist-gut-das-gut-endet-eine-naturschutzgeschichte-an-den-ufs\/#article","isPartOf":{"@id":"https:\/\/www.strassenweb.de\/nachrichten\/owl-ist-gut-das-gut-endet-eine-naturschutzgeschichte-an-den-ufs\/"},"author":{"name":"Robert Hoffmann","@id":"https:\/\/www.strassenweb.de\/nachrichten\/#\/schema\/person\/87c9c9067f1211da429a744dc5a5aa41"},"headline":"Owl ist gut, das gut endet: eine Naturschutzgeschichte an den UFs","datePublished":"2025-07-25T08:46:07+00:00","mainEntityOfPage":{"@id":"https:\/\/www.strassenweb.de\/nachrichten\/owl-ist-gut-das-gut-endet-eine-naturschutzgeschichte-an-den-ufs\/"},"wordCount":1568,"publisher":{"@id":"https:\/\/www.strassenweb.de\/nachrichten\/#organization"},"image":{"@id":"https:\/\/www.strassenweb.de\/nachrichten\/owl-ist-gut-das-gut-endet-eine-naturschutzgeschichte-an-den-ufs\/#primaryimage"},"thumbnailUrl":"https:\/\/www.strassenweb.de\/nachrichten\/wp-content\/uploads\/2025\/07\/Owl-ist-gut-das-gut-endet-eine-Naturschutzgeschichte-an-den.jpg","keywords":["das","den","eine","endet","gut","ist","Naturschutzgeschichte","Owl","UFs"],"articleSection":["\u00d6kologie"],"inLanguage":"de"},{"@type":"WebPage","@id":"https:\/\/www.strassenweb.de\/nachrichten\/owl-ist-gut-das-gut-endet-eine-naturschutzgeschichte-an-den-ufs\/","url":"https:\/\/www.strassenweb.de\/nachrichten\/owl-ist-gut-das-gut-endet-eine-naturschutzgeschichte-an-den-ufs\/","name":"Owl ist gut, das gut endet: eine Naturschutzgeschichte an den UFs - Nachrichten - Stra\u00dfenweb","isPartOf":{"@id":"https:\/\/www.strassenweb.de\/nachrichten\/#website"},"primaryImageOfPage":{"@id":"https:\/\/www.strassenweb.de\/nachrichten\/owl-ist-gut-das-gut-endet-eine-naturschutzgeschichte-an-den-ufs\/#primaryimage"},"image":{"@id":"https:\/\/www.strassenweb.de\/nachrichten\/owl-ist-gut-das-gut-endet-eine-naturschutzgeschichte-an-den-ufs\/#primaryimage"},"thumbnailUrl":"https:\/\/www.strassenweb.de\/nachrichten\/wp-content\/uploads\/2025\/07\/Owl-ist-gut-das-gut-endet-eine-Naturschutzgeschichte-an-den.jpg","datePublished":"2025-07-25T08:46:07+00:00","breadcrumb":{"@id":"https:\/\/www.strassenweb.de\/nachrichten\/owl-ist-gut-das-gut-endet-eine-naturschutzgeschichte-an-den-ufs\/#breadcrumb"},"inLanguage":"de","potentialAction":[{"@type":"ReadAction","target":["https:\/\/www.strassenweb.de\/nachrichten\/owl-ist-gut-das-gut-endet-eine-naturschutzgeschichte-an-den-ufs\/"]}]},{"@type":"ImageObject","inLanguage":"de","@id":"https:\/\/www.strassenweb.de\/nachrichten\/owl-ist-gut-das-gut-endet-eine-naturschutzgeschichte-an-den-ufs\/#primaryimage","url":"https:\/\/www.strassenweb.de\/nachrichten\/wp-content\/uploads\/2025\/07\/Owl-ist-gut-das-gut-endet-eine-Naturschutzgeschichte-an-den.jpg","contentUrl":"https:\/\/www.strassenweb.de\/nachrichten\/wp-content\/uploads\/2025\/07\/Owl-ist-gut-das-gut-endet-eine-Naturschutzgeschichte-an-den.jpg","width":900,"height":587,"caption":"Owl\u2019s well that ends well: A conservation tale at the UFS"},{"@type":"BreadcrumbList","@id":"https:\/\/www.strassenweb.de\/nachrichten\/owl-ist-gut-das-gut-endet-eine-naturschutzgeschichte-an-den-ufs\/#breadcrumb","itemListElement":[{"@type":"ListItem","position":1,"name":"Home","item":"https:\/\/www.strassenweb.de\/nachrichten\/"},{"@type":"ListItem","position":2,"name":"Owl ist gut, das gut endet: eine Naturschutzgeschichte an den UFs"}]},{"@type":"WebSite","@id":"https:\/\/www.strassenweb.de\/nachrichten\/#website","url":"https:\/\/www.strassenweb.de\/nachrichten\/","name":"Stra\u00dfenweb","description":"Stra\u00dfenverzeichnis f\u00fcr Deutschland","publisher":{"@id":"https:\/\/www.strassenweb.de\/nachrichten\/#organization"},"potentialAction":[{"@type":"SearchAction","target":{"@type":"EntryPoint","urlTemplate":"https:\/\/www.strassenweb.de\/nachrichten\/?s={search_term_string}"},"query-input":{"@type":"PropertyValueSpecification","valueRequired":true,"valueName":"search_term_string"}}],"inLanguage":"de"},{"@type":"Organization","@id":"https:\/\/www.strassenweb.de\/nachrichten\/#organization","name":"Stra\u00dfenweb","url":"https:\/\/www.strassenweb.de\/nachrichten\/","logo":{"@type":"ImageObject","inLanguage":"de","@id":"https:\/\/www.strassenweb.de\/nachrichten\/#\/schema\/logo\/image\/","url":"https:\/\/www.strassenweb.de\/nachrichten\/wp-content\/uploads\/2024\/09\/cropped-favicon.png","contentUrl":"https:\/\/www.strassenweb.de\/nachrichten\/wp-content\/uploads\/2024\/09\/cropped-favicon.png","width":512,"height":512,"caption":"Stra\u00dfenweb"},"image":{"@id":"https:\/\/www.strassenweb.de\/nachrichten\/#\/schema\/logo\/image\/"},"sameAs":["https:\/\/www.facebook.com\/strassenweb\/"]},{"@type":"Person","@id":"https:\/\/www.strassenweb.de\/nachrichten\/#\/schema\/person\/87c9c9067f1211da429a744dc5a5aa41","name":"Robert Hoffmann","image":{"@type":"ImageObject","inLanguage":"de","@id":"https:\/\/www.strassenweb.de\/nachrichten\/wp-content\/uploads\/2024\/09\/strassenweb-150x150.jpg","url":"https:\/\/www.strassenweb.de\/nachrichten\/wp-content\/uploads\/2024\/09\/strassenweb-150x150.jpg","contentUrl":"https:\/\/www.strassenweb.de\/nachrichten\/wp-content\/uploads\/2024\/09\/strassenweb-150x150.jpg","caption":"Robert Hoffmann"},"description":"Ich hei\u00dfe Robert Hoffmann und ich bin ein leidenschaftlicher Verfechter von \u00d6kologie und Biodiversit\u00e4t. Seit meiner Kindheit in den W\u00e4ldern Bayerns f\u00fchle ich mich mit der Natur verbunden und bin entschlossen, sie zu sch\u00fctzen. Heute widme ich mein Leben der Sensibilisierung anderer f\u00fcr die Bedeutung des Umweltschutzes f\u00fcr zuk\u00fcnftige Generationen.","sameAs":["https:\/\/www.strassenweb.de\/"]}]}},"_links":{"self":[{"href":"https:\/\/www.strassenweb.de\/nachrichten\/wp-json\/wp\/v2\/posts\/6458","targetHints":{"allow":["GET"]}}],"collection":[{"href":"https:\/\/www.strassenweb.de\/nachrichten\/wp-json\/wp\/v2\/posts"}],"about":[{"href":"https:\/\/www.strassenweb.de\/nachrichten\/wp-json\/wp\/v2\/types\/post"}],"author":[{"embeddable":true,"href":"https:\/\/www.strassenweb.de\/nachrichten\/wp-json\/wp\/v2\/users\/1"}],"replies":[{"embeddable":true,"href":"https:\/\/www.strassenweb.de\/nachrichten\/wp-json\/wp\/v2\/comments?post=6458"}],"version-history":[{"count":0,"href":"https:\/\/www.strassenweb.de\/nachrichten\/wp-json\/wp\/v2\/posts\/6458\/revisions"}],"wp:featuredmedia":[{"embeddable":true,"href":"https:\/\/www.strassenweb.de\/nachrichten\/wp-json\/wp\/v2\/media\/6459"}],"wp:attachment":[{"href":"https:\/\/www.strassenweb.de\/nachrichten\/wp-json\/wp\/v2\/media?parent=6458"}],"wp:term":[{"taxonomy":"category","embeddable":true,"href":"https:\/\/www.strassenweb.de\/nachrichten\/wp-json\/wp\/v2\/categories?post=6458"},{"taxonomy":"post_tag","embeddable":true,"href":"https:\/\/www.strassenweb.de\/nachrichten\/wp-json\/wp\/v2\/tags?post=6458"}],"curies":[{"name":"wp","href":"https:\/\/api.w.org\/{rel}","templated":true}]}}