{"id":6446,"date":"2025-07-25T02:43:59","date_gmt":"2025-07-25T00:43:59","guid":{"rendered":"https:\/\/www.strassenweb.de\/nachrichten\/gemaelde-der-aeltesten-wilden-schottenkiefer-schottlands-bringt-die-notlage-von\/"},"modified":"2025-07-25T02:43:59","modified_gmt":"2025-07-25T00:43:59","slug":"gemaelde-der-aeltesten-wilden-schottenkiefer-schottlands-bringt-die-notlage-von","status":"publish","type":"post","link":"https:\/\/www.strassenweb.de\/nachrichten\/gemaelde-der-aeltesten-wilden-schottenkiefer-schottlands-bringt-die-notlage-von\/","title":{"rendered":"Gem\u00e4lde der \u00e4ltesten wilden Schottenkiefer Schottlands bringt die Notlage von &#8230;"},"content":{"rendered":"<p>Ein dramatisches Gem\u00e4lde des K\u00fcnstlers Dan Llywelyn Hall von der ber\u00fchmten Glen Loyne Pine &#8211; Schottlands \u00e4lteste Wild Scots Pine &#8211; soll der \u00d6ffentlichkeit beim Start der Society of Antiquary -Sommerausstellung in London am 25. Juli vorgestellt werden, um die Notlage der \u00fcberlebenden kaledonischen Pinewoods im Highlands hervorzuheben.<\/p>\n<p>Der Erl\u00f6s aus dem Verkauf des Gem\u00e4ldes und limitierte Drucke davon werden in die B\u00e4ume f\u00fcr die Arbeit des Lebens gehen, um die weltweit einzigartigen Kiefernwoods wiederherzustellen und sie vor dem Verlust f\u00fcr immer zu bewahren.<\/p>\n<p>Die Ausstellung j\u00e4hrt sich den 800. Jahrestag der Ausgabe der endg\u00fcltigen Versionen der Magna Carta und der Charta des Waldes im Jahr 1225. Die Charta hat die von der Magna Carta festgelegten Waldregeln zusammengestellt und gilt weithin als die erste Umweltgesetzgebung des Vereinigten K\u00f6nigreichs.<\/p>\n<p>Die kaledonischen Kiefernwoods -Heimat der legend\u00e4ren schottischen Wildtiere wie Red Eichh\u00f6rnchen, Golden Eagle, Capercaillie und Wildcat -wurden in nur 8 offiziell anerkannten \u00dcberresten auf weniger als 2% ihres urspr\u00fcnglichen Gebiets reduziert, die \u00fcber die Hochlande und h\u00e4ufig in schlechtem Zustand verstreut sind.<\/p>\n<p>Einige der \u00fcberlebenden \u00dcberreste bestehen aus einigen alten B\u00e4umen, die als Oma -Kiefern bekannt sind, die Hunderte von Jahren alt sind, aber keine jungen B\u00e4ume haben, die um sie herum wachsen, um sie zu ersetzen, wenn sie sterben. Dan Llywelyn Halls Gem\u00e4lde des 567-j\u00e4hrigen Glen Loyne Pine bringt diese Situation in die starke Realit\u00e4t.<\/p>\n<p>Steve Micklewright, Gesch\u00e4ftsf\u00fchrer von Trees for Life, sagte: \u201eDans atmosph\u00e4rische Gem\u00e4lde der Glen Loyne Pine &#8211; allein in der dramatischen Hochlandlandschaft &#8211; zeigt die verzweifelte Notlage vieler unserer einheimischen Kiefernh\u00e4lz.<\/p>\n<p>&#8222;Schottlands einheimische Kiefernwoods sollten eine Schl\u00fcsselrolle im Kampf gegen die Notf\u00e4lle von Natur und Klima spielen.<\/p>\n<p>Die W\u00e4lder bedeckten einst 1,5 Millionen Hektar des Hochlandes, wurden jedoch im Laufe der Zeit wegen Holz oder um Land f\u00fcr die Beweidung zu schaffen. Das \u00dcberweidung durch Hirsche, das junge Kiefern -Setzlinge st\u00f6bert, ist nun der Hauptgrund f\u00fcr ihren fortgesetzten R\u00fcckgang.<\/p>\n<p>Eine detaillierte Analyse von B\u00e4umen f\u00fcr das Leben in den Zustand der meisten bekannten Pinewood -\u00dcberreste kam k\u00fcrzlich zu dem Schluss, dass hohe Auswirkungen von k\u00fcnstlich gro\u00dfen Hirschpopulationen die Haupthindernis f\u00fcr die Erholung der Kiefernw\u00e4lder sind und dass viele der \u00dcberreste ohne dringende Ma\u00dfnahmen verloren gehen, um sich zu erholen.<\/p>\n<p>Auf einer gro\u00dfen Konferenz im vergangenen Herbst stimmten 25 Organisationen &#8211; darunter Wohlt\u00e4tigkeitsorganisationen f\u00fcr Leben und Woodland Trust Scotland sowie \u00f6ffentliche Beh\u00f6rden Forstwirtschaft und Landschottland und Naturescot &#8211; zu, die Caledonian Pinewood Partnership zu bilden, um die Wiederherstellungsbem\u00fchungen zu steigern.<\/p>\n<p>Der in Cardiff geborene Dan Llywelyn Hall ist ein Maler, der f\u00fcr lebendige Gem\u00e4lde bekannt ist, einschlie\u00dflich Landschaft und Portr\u00e4t. Zu seinen Portr\u00e4tkommissionen geh\u00f6rt Ihre Majest\u00e4t die K\u00f6nigin im Jahr 2013, als Dan der j\u00fcngste K\u00fcnstler wurde, der den Monarchen darstellte.<\/p>\n<p>Dan sagte: \u201eDie Glen Loyne Pine hat gro\u00dfe historische Ereignisse durchlebt, einschlie\u00dflich der Hinrichtung von Mary Queen of Scots, Jakobit -Rebellionen, der Schaffung des Vereinigten K\u00f6nigreichs und des Zweiten Weltkriegs. Wir m\u00fcssen sicherstellen, dass eine neue Generation von Schotten Kiefer wachsen kann, die Zeugen der Ereignisse der n\u00e4chsten 500 Jahre tragen k\u00f6nnen.<\/p>\n<p>&#8222;Ich hoffe, die neukaledonische Pinewood -Partnerschaft wird von der Charta des Waldes inspiriert und entwickelt eine neue Charta f\u00fcr Schottlands Kiefernwoods, in der die Harmonie zwischen Natur und menschlichen Bed\u00fcrfnissen von gr\u00f6\u00dfter Bedeutung ist.&#8220;<\/p>\n<p>Die &#8222;Magna Carta 1225: 800. Jubil\u00e4umsausstellung&#8220; in der Society of Antiquaries l\u00e4uft bis zum 19. September und zeigt auch drei weitere neu in Auftrag gegebene Gem\u00e4lde des K\u00fcnstlers. Alle zeigen alte W\u00e4lder oder bestimmte B\u00e4ume, die lebendig sind, als die Charta des Waldes 1217 von Vertretern von K\u00f6nig Heinrich III. Aufgenommen wurde.<\/p>\n<p>Nach der Ausstellung werden die verschiedenen Gem\u00e4lde verkauft, um Spenden f\u00fcr B\u00e4ume f\u00fcrs Leben, die Bibliothek und die Sammlung der Gesellschaft der Antiquaries und andere Beg\u00fcnstigte zu sammeln. <\/p>\n<p>Viele der \u00fcberlebenden kaledonischen Kiefernw\u00e4lder sind in alten W\u00e4ldern &#8211; einst dem Monarchen und der Aristokratie f\u00fcr die Jagd vorbehalten. Die Charta des Waldes stellte die Rechte der Menschen wieder her, Brennholz zu sammeln, das Gemeinschaftsland zu weiden und die Fr\u00fcchte des Waldes in England und Wales zu sammeln.<\/p>\n<p>Die Glen Loyne Pine wurde vom St. Andrews Tree-Ring-Labor auf mindestens 1458 datiert und wird als noch \u00e4lter angenommen. Es befindet sich in einem abgelegenen alten Wald von rund 57 Kiefern, alle Jahrhunderte alt, verstreut durch Glen Lloyne im Nordwesthochland.<\/p>\n<p>B\u00e4ume f\u00fcrs Leben widmen sich der Wiederaufnahme des Hochlandes, einschlie\u00dflich der Wiederherstellung des kaledonischen Waldes. Siehe Treesforlife.org.uk.<\/p>\n<hr class=\"wp-block-separator has-alpha-channel-opacity\">\n<p><em>Foto: K\u00fcnstler Dan Llywelyn Hall mit Glen Lloyne Pine Malerei an der Society of Antiquaries, London<\/em><\/p>\n","protected":false},"excerpt":{"rendered":"<p>Ein dramatisches Gem\u00e4lde des K\u00fcnstlers Dan Llywelyn Hall von der ber\u00fchmten Glen Loyne Pine &#8211; Schottlands \u00e4lteste Wild Scots Pine &#8211; soll der \u00d6ffentlichkeit beim<\/p>\n","protected":false},"author":1,"featured_media":6447,"comment_status":"closed","ping_status":"","sticky":false,"template":"","format":"standard","meta":{"footnotes":""},"categories":[101],"tags":[5198,563,81,9,8841,8843,8842,1428,21,1331],"class_list":["post-6446","post","type-post","status-publish","format-standard","has-post-thumbnail","hentry","category-oekologie","tag-aeltesten","tag-bringt","tag-der","tag-die","tag-gemaelde","tag-notlage","tag-schottenkiefer","tag-schottlands","tag-von","tag-wilden","generate-columns","tablet-grid-50","mobile-grid-100","grid-parent","grid-50"],"yoast_head":"<!-- This site is optimized with the Yoast SEO plugin v27.3 - https:\/\/yoast.com\/product\/yoast-seo-wordpress\/ -->\n<title>Gem\u00e4lde der \u00e4ltesten wilden Schottenkiefer Schottlands bringt die Notlage von ... - Nachrichten - Stra\u00dfenweb<\/title>\n<meta name=\"robots\" content=\"index, follow, max-snippet:-1, max-image-preview:large, max-video-preview:-1\" \/>\n<link rel=\"canonical\" href=\"https:\/\/www.strassenweb.de\/nachrichten\/gemaelde-der-aeltesten-wilden-schottenkiefer-schottlands-bringt-die-notlage-von\/\" \/>\n<meta property=\"og:locale\" content=\"de_DE\" \/>\n<meta property=\"og:type\" content=\"article\" \/>\n<meta property=\"og:title\" content=\"Gem\u00e4lde der \u00e4ltesten wilden Schottenkiefer Schottlands bringt die Notlage von ... - Nachrichten - Stra\u00dfenweb\" \/>\n<meta property=\"og:description\" content=\"Ein dramatisches Gem\u00e4lde des K\u00fcnstlers Dan Llywelyn Hall von der ber\u00fchmten Glen Loyne Pine &#8211; Schottlands \u00e4lteste Wild Scots Pine &#8211; soll der \u00d6ffentlichkeit beim\" \/>\n<meta property=\"og:url\" content=\"https:\/\/www.strassenweb.de\/nachrichten\/gemaelde-der-aeltesten-wilden-schottenkiefer-schottlands-bringt-die-notlage-von\/\" \/>\n<meta property=\"og:site_name\" content=\"Stra\u00dfenweb\" \/>\n<meta property=\"article:publisher\" content=\"https:\/\/www.facebook.com\/strassenweb\/\" \/>\n<meta property=\"article:published_time\" content=\"2025-07-25T00:43:59+00:00\" \/>\n<meta property=\"og:image\" content=\"https:\/\/www.strassenweb.de\/nachrichten\/wp-content\/uploads\/2025\/07\/Gemaelde-der-aeltesten-wilden-Schottenkiefer-Schottlands-bringt-die-Notlage-von.jpg\" \/>\n\t<meta property=\"og:image:width\" content=\"900\" \/>\n\t<meta property=\"og:image:height\" content=\"600\" \/>\n\t<meta property=\"og:image:type\" content=\"image\/jpeg\" \/>\n<meta name=\"author\" content=\"Robert Hoffmann\" \/>\n<meta name=\"twitter:card\" content=\"summary_large_image\" \/>\n<meta name=\"twitter:label1\" content=\"Verfasst von\" \/>\n\t<meta name=\"twitter:data1\" content=\"Robert Hoffmann\" \/>\n\t<meta name=\"twitter:label2\" content=\"Gesch\u00e4tzte Lesezeit\" \/>\n\t<meta name=\"twitter:data2\" content=\"4\u00a0Minuten\" \/>\n<script type=\"application\/ld+json\" class=\"yoast-schema-graph\">{\"@context\":\"https:\\\/\\\/schema.org\",\"@graph\":[{\"@type\":\"Article\",\"@id\":\"https:\\\/\\\/www.strassenweb.de\\\/nachrichten\\\/gemaelde-der-aeltesten-wilden-schottenkiefer-schottlands-bringt-die-notlage-von\\\/#article\",\"isPartOf\":{\"@id\":\"https:\\\/\\\/www.strassenweb.de\\\/nachrichten\\\/gemaelde-der-aeltesten-wilden-schottenkiefer-schottlands-bringt-die-notlage-von\\\/\"},\"author\":{\"name\":\"Robert Hoffmann\",\"@id\":\"https:\\\/\\\/www.strassenweb.de\\\/nachrichten\\\/#\\\/schema\\\/person\\\/87c9c9067f1211da429a744dc5a5aa41\"},\"headline\":\"Gem\u00e4lde der \u00e4ltesten wilden Schottenkiefer Schottlands bringt die Notlage von &#8230;\",\"datePublished\":\"2025-07-25T00:43:59+00:00\",\"mainEntityOfPage\":{\"@id\":\"https:\\\/\\\/www.strassenweb.de\\\/nachrichten\\\/gemaelde-der-aeltesten-wilden-schottenkiefer-schottlands-bringt-die-notlage-von\\\/\"},\"wordCount\":814,\"publisher\":{\"@id\":\"https:\\\/\\\/www.strassenweb.de\\\/nachrichten\\\/#organization\"},\"image\":{\"@id\":\"https:\\\/\\\/www.strassenweb.de\\\/nachrichten\\\/gemaelde-der-aeltesten-wilden-schottenkiefer-schottlands-bringt-die-notlage-von\\\/#primaryimage\"},\"thumbnailUrl\":\"https:\\\/\\\/www.strassenweb.de\\\/nachrichten\\\/wp-content\\\/uploads\\\/2025\\\/07\\\/Gemaelde-der-aeltesten-wilden-Schottenkiefer-Schottlands-bringt-die-Notlage-von.jpg\",\"keywords\":[\"\u00e4ltesten\",\"bringt\",\"der\",\"die\",\"Gem\u00e4lde\",\"Notlage\",\"Schottenkiefer\",\"Schottlands\",\"von\",\"wilden\"],\"articleSection\":[\"\u00d6kologie\"],\"inLanguage\":\"de\"},{\"@type\":\"WebPage\",\"@id\":\"https:\\\/\\\/www.strassenweb.de\\\/nachrichten\\\/gemaelde-der-aeltesten-wilden-schottenkiefer-schottlands-bringt-die-notlage-von\\\/\",\"url\":\"https:\\\/\\\/www.strassenweb.de\\\/nachrichten\\\/gemaelde-der-aeltesten-wilden-schottenkiefer-schottlands-bringt-die-notlage-von\\\/\",\"name\":\"Gem\u00e4lde der \u00e4ltesten wilden Schottenkiefer Schottlands bringt die Notlage von ... - Nachrichten - Stra\u00dfenweb\",\"isPartOf\":{\"@id\":\"https:\\\/\\\/www.strassenweb.de\\\/nachrichten\\\/#website\"},\"primaryImageOfPage\":{\"@id\":\"https:\\\/\\\/www.strassenweb.de\\\/nachrichten\\\/gemaelde-der-aeltesten-wilden-schottenkiefer-schottlands-bringt-die-notlage-von\\\/#primaryimage\"},\"image\":{\"@id\":\"https:\\\/\\\/www.strassenweb.de\\\/nachrichten\\\/gemaelde-der-aeltesten-wilden-schottenkiefer-schottlands-bringt-die-notlage-von\\\/#primaryimage\"},\"thumbnailUrl\":\"https:\\\/\\\/www.strassenweb.de\\\/nachrichten\\\/wp-content\\\/uploads\\\/2025\\\/07\\\/Gemaelde-der-aeltesten-wilden-Schottenkiefer-Schottlands-bringt-die-Notlage-von.jpg\",\"datePublished\":\"2025-07-25T00:43:59+00:00\",\"breadcrumb\":{\"@id\":\"https:\\\/\\\/www.strassenweb.de\\\/nachrichten\\\/gemaelde-der-aeltesten-wilden-schottenkiefer-schottlands-bringt-die-notlage-von\\\/#breadcrumb\"},\"inLanguage\":\"de\",\"potentialAction\":[{\"@type\":\"ReadAction\",\"target\":[\"https:\\\/\\\/www.strassenweb.de\\\/nachrichten\\\/gemaelde-der-aeltesten-wilden-schottenkiefer-schottlands-bringt-die-notlage-von\\\/\"]}]},{\"@type\":\"ImageObject\",\"inLanguage\":\"de\",\"@id\":\"https:\\\/\\\/www.strassenweb.de\\\/nachrichten\\\/gemaelde-der-aeltesten-wilden-schottenkiefer-schottlands-bringt-die-notlage-von\\\/#primaryimage\",\"url\":\"https:\\\/\\\/www.strassenweb.de\\\/nachrichten\\\/wp-content\\\/uploads\\\/2025\\\/07\\\/Gemaelde-der-aeltesten-wilden-Schottenkiefer-Schottlands-bringt-die-Notlage-von.jpg\",\"contentUrl\":\"https:\\\/\\\/www.strassenweb.de\\\/nachrichten\\\/wp-content\\\/uploads\\\/2025\\\/07\\\/Gemaelde-der-aeltesten-wilden-Schottenkiefer-Schottlands-bringt-die-Notlage-von.jpg\",\"width\":900,\"height\":600,\"caption\":\"Painting of Scotland\u2019s oldest wild Scots pine puts plight of unique pinewoods in spotlight\"},{\"@type\":\"BreadcrumbList\",\"@id\":\"https:\\\/\\\/www.strassenweb.de\\\/nachrichten\\\/gemaelde-der-aeltesten-wilden-schottenkiefer-schottlands-bringt-die-notlage-von\\\/#breadcrumb\",\"itemListElement\":[{\"@type\":\"ListItem\",\"position\":1,\"name\":\"Home\",\"item\":\"https:\\\/\\\/www.strassenweb.de\\\/nachrichten\\\/\"},{\"@type\":\"ListItem\",\"position\":2,\"name\":\"Gem\u00e4lde der \u00e4ltesten wilden Schottenkiefer Schottlands bringt die Notlage von &#8230;\"}]},{\"@type\":\"WebSite\",\"@id\":\"https:\\\/\\\/www.strassenweb.de\\\/nachrichten\\\/#website\",\"url\":\"https:\\\/\\\/www.strassenweb.de\\\/nachrichten\\\/\",\"name\":\"Stra\u00dfenweb\",\"description\":\"Stra\u00dfenverzeichnis f\u00fcr Deutschland\",\"publisher\":{\"@id\":\"https:\\\/\\\/www.strassenweb.de\\\/nachrichten\\\/#organization\"},\"potentialAction\":[{\"@type\":\"SearchAction\",\"target\":{\"@type\":\"EntryPoint\",\"urlTemplate\":\"https:\\\/\\\/www.strassenweb.de\\\/nachrichten\\\/?s={search_term_string}\"},\"query-input\":{\"@type\":\"PropertyValueSpecification\",\"valueRequired\":true,\"valueName\":\"search_term_string\"}}],\"inLanguage\":\"de\"},{\"@type\":\"Organization\",\"@id\":\"https:\\\/\\\/www.strassenweb.de\\\/nachrichten\\\/#organization\",\"name\":\"Stra\u00dfenweb\",\"url\":\"https:\\\/\\\/www.strassenweb.de\\\/nachrichten\\\/\",\"logo\":{\"@type\":\"ImageObject\",\"inLanguage\":\"de\",\"@id\":\"https:\\\/\\\/www.strassenweb.de\\\/nachrichten\\\/#\\\/schema\\\/logo\\\/image\\\/\",\"url\":\"https:\\\/\\\/www.strassenweb.de\\\/nachrichten\\\/wp-content\\\/uploads\\\/2024\\\/09\\\/cropped-favicon.png\",\"contentUrl\":\"https:\\\/\\\/www.strassenweb.de\\\/nachrichten\\\/wp-content\\\/uploads\\\/2024\\\/09\\\/cropped-favicon.png\",\"width\":512,\"height\":512,\"caption\":\"Stra\u00dfenweb\"},\"image\":{\"@id\":\"https:\\\/\\\/www.strassenweb.de\\\/nachrichten\\\/#\\\/schema\\\/logo\\\/image\\\/\"},\"sameAs\":[\"https:\\\/\\\/www.facebook.com\\\/strassenweb\\\/\"]},{\"@type\":\"Person\",\"@id\":\"https:\\\/\\\/www.strassenweb.de\\\/nachrichten\\\/#\\\/schema\\\/person\\\/87c9c9067f1211da429a744dc5a5aa41\",\"name\":\"Robert Hoffmann\",\"image\":{\"@type\":\"ImageObject\",\"inLanguage\":\"de\",\"@id\":\"https:\\\/\\\/www.strassenweb.de\\\/nachrichten\\\/wp-content\\\/uploads\\\/2024\\\/09\\\/strassenweb-150x150.jpg\",\"url\":\"https:\\\/\\\/www.strassenweb.de\\\/nachrichten\\\/wp-content\\\/uploads\\\/2024\\\/09\\\/strassenweb-150x150.jpg\",\"contentUrl\":\"https:\\\/\\\/www.strassenweb.de\\\/nachrichten\\\/wp-content\\\/uploads\\\/2024\\\/09\\\/strassenweb-150x150.jpg\",\"caption\":\"Robert Hoffmann\"},\"description\":\"Ich hei\u00dfe Robert Hoffmann und ich bin ein leidenschaftlicher Verfechter von \u00d6kologie und Biodiversit\u00e4t. Seit meiner Kindheit in den W\u00e4ldern Bayerns f\u00fchle ich mich mit der Natur verbunden und bin entschlossen, sie zu sch\u00fctzen. Heute widme ich mein Leben der Sensibilisierung anderer f\u00fcr die Bedeutung des Umweltschutzes f\u00fcr zuk\u00fcnftige Generationen.\",\"sameAs\":[\"https:\\\/\\\/www.strassenweb.de\\\/\"]}]}<\/script>\n<!-- \/ Yoast SEO plugin. -->","yoast_head_json":{"title":"Gem\u00e4lde der \u00e4ltesten wilden Schottenkiefer Schottlands bringt die Notlage von ... - Nachrichten - Stra\u00dfenweb","robots":{"index":"index","follow":"follow","max-snippet":"max-snippet:-1","max-image-preview":"max-image-preview:large","max-video-preview":"max-video-preview:-1"},"canonical":"https:\/\/www.strassenweb.de\/nachrichten\/gemaelde-der-aeltesten-wilden-schottenkiefer-schottlands-bringt-die-notlage-von\/","og_locale":"de_DE","og_type":"article","og_title":"Gem\u00e4lde der \u00e4ltesten wilden Schottenkiefer Schottlands bringt die Notlage von ... - Nachrichten - Stra\u00dfenweb","og_description":"Ein dramatisches Gem\u00e4lde des K\u00fcnstlers Dan Llywelyn Hall von der ber\u00fchmten Glen Loyne Pine &#8211; Schottlands \u00e4lteste Wild Scots Pine &#8211; soll der \u00d6ffentlichkeit beim","og_url":"https:\/\/www.strassenweb.de\/nachrichten\/gemaelde-der-aeltesten-wilden-schottenkiefer-schottlands-bringt-die-notlage-von\/","og_site_name":"Stra\u00dfenweb","article_publisher":"https:\/\/www.facebook.com\/strassenweb\/","article_published_time":"2025-07-25T00:43:59+00:00","og_image":[{"width":900,"height":600,"url":"https:\/\/www.strassenweb.de\/nachrichten\/wp-content\/uploads\/2025\/07\/Gemaelde-der-aeltesten-wilden-Schottenkiefer-Schottlands-bringt-die-Notlage-von.jpg","type":"image\/jpeg"}],"author":"Robert Hoffmann","twitter_card":"summary_large_image","twitter_misc":{"Verfasst von":"Robert Hoffmann","Gesch\u00e4tzte Lesezeit":"4\u00a0Minuten"},"schema":{"@context":"https:\/\/schema.org","@graph":[{"@type":"Article","@id":"https:\/\/www.strassenweb.de\/nachrichten\/gemaelde-der-aeltesten-wilden-schottenkiefer-schottlands-bringt-die-notlage-von\/#article","isPartOf":{"@id":"https:\/\/www.strassenweb.de\/nachrichten\/gemaelde-der-aeltesten-wilden-schottenkiefer-schottlands-bringt-die-notlage-von\/"},"author":{"name":"Robert Hoffmann","@id":"https:\/\/www.strassenweb.de\/nachrichten\/#\/schema\/person\/87c9c9067f1211da429a744dc5a5aa41"},"headline":"Gem\u00e4lde der \u00e4ltesten wilden Schottenkiefer Schottlands bringt die Notlage von &#8230;","datePublished":"2025-07-25T00:43:59+00:00","mainEntityOfPage":{"@id":"https:\/\/www.strassenweb.de\/nachrichten\/gemaelde-der-aeltesten-wilden-schottenkiefer-schottlands-bringt-die-notlage-von\/"},"wordCount":814,"publisher":{"@id":"https:\/\/www.strassenweb.de\/nachrichten\/#organization"},"image":{"@id":"https:\/\/www.strassenweb.de\/nachrichten\/gemaelde-der-aeltesten-wilden-schottenkiefer-schottlands-bringt-die-notlage-von\/#primaryimage"},"thumbnailUrl":"https:\/\/www.strassenweb.de\/nachrichten\/wp-content\/uploads\/2025\/07\/Gemaelde-der-aeltesten-wilden-Schottenkiefer-Schottlands-bringt-die-Notlage-von.jpg","keywords":["\u00e4ltesten","bringt","der","die","Gem\u00e4lde","Notlage","Schottenkiefer","Schottlands","von","wilden"],"articleSection":["\u00d6kologie"],"inLanguage":"de"},{"@type":"WebPage","@id":"https:\/\/www.strassenweb.de\/nachrichten\/gemaelde-der-aeltesten-wilden-schottenkiefer-schottlands-bringt-die-notlage-von\/","url":"https:\/\/www.strassenweb.de\/nachrichten\/gemaelde-der-aeltesten-wilden-schottenkiefer-schottlands-bringt-die-notlage-von\/","name":"Gem\u00e4lde der \u00e4ltesten wilden Schottenkiefer Schottlands bringt die Notlage von ... - Nachrichten - Stra\u00dfenweb","isPartOf":{"@id":"https:\/\/www.strassenweb.de\/nachrichten\/#website"},"primaryImageOfPage":{"@id":"https:\/\/www.strassenweb.de\/nachrichten\/gemaelde-der-aeltesten-wilden-schottenkiefer-schottlands-bringt-die-notlage-von\/#primaryimage"},"image":{"@id":"https:\/\/www.strassenweb.de\/nachrichten\/gemaelde-der-aeltesten-wilden-schottenkiefer-schottlands-bringt-die-notlage-von\/#primaryimage"},"thumbnailUrl":"https:\/\/www.strassenweb.de\/nachrichten\/wp-content\/uploads\/2025\/07\/Gemaelde-der-aeltesten-wilden-Schottenkiefer-Schottlands-bringt-die-Notlage-von.jpg","datePublished":"2025-07-25T00:43:59+00:00","breadcrumb":{"@id":"https:\/\/www.strassenweb.de\/nachrichten\/gemaelde-der-aeltesten-wilden-schottenkiefer-schottlands-bringt-die-notlage-von\/#breadcrumb"},"inLanguage":"de","potentialAction":[{"@type":"ReadAction","target":["https:\/\/www.strassenweb.de\/nachrichten\/gemaelde-der-aeltesten-wilden-schottenkiefer-schottlands-bringt-die-notlage-von\/"]}]},{"@type":"ImageObject","inLanguage":"de","@id":"https:\/\/www.strassenweb.de\/nachrichten\/gemaelde-der-aeltesten-wilden-schottenkiefer-schottlands-bringt-die-notlage-von\/#primaryimage","url":"https:\/\/www.strassenweb.de\/nachrichten\/wp-content\/uploads\/2025\/07\/Gemaelde-der-aeltesten-wilden-Schottenkiefer-Schottlands-bringt-die-Notlage-von.jpg","contentUrl":"https:\/\/www.strassenweb.de\/nachrichten\/wp-content\/uploads\/2025\/07\/Gemaelde-der-aeltesten-wilden-Schottenkiefer-Schottlands-bringt-die-Notlage-von.jpg","width":900,"height":600,"caption":"Painting of Scotland\u2019s oldest wild Scots pine puts plight of unique pinewoods in spotlight"},{"@type":"BreadcrumbList","@id":"https:\/\/www.strassenweb.de\/nachrichten\/gemaelde-der-aeltesten-wilden-schottenkiefer-schottlands-bringt-die-notlage-von\/#breadcrumb","itemListElement":[{"@type":"ListItem","position":1,"name":"Home","item":"https:\/\/www.strassenweb.de\/nachrichten\/"},{"@type":"ListItem","position":2,"name":"Gem\u00e4lde der \u00e4ltesten wilden Schottenkiefer Schottlands bringt die Notlage von &#8230;"}]},{"@type":"WebSite","@id":"https:\/\/www.strassenweb.de\/nachrichten\/#website","url":"https:\/\/www.strassenweb.de\/nachrichten\/","name":"Stra\u00dfenweb","description":"Stra\u00dfenverzeichnis f\u00fcr Deutschland","publisher":{"@id":"https:\/\/www.strassenweb.de\/nachrichten\/#organization"},"potentialAction":[{"@type":"SearchAction","target":{"@type":"EntryPoint","urlTemplate":"https:\/\/www.strassenweb.de\/nachrichten\/?s={search_term_string}"},"query-input":{"@type":"PropertyValueSpecification","valueRequired":true,"valueName":"search_term_string"}}],"inLanguage":"de"},{"@type":"Organization","@id":"https:\/\/www.strassenweb.de\/nachrichten\/#organization","name":"Stra\u00dfenweb","url":"https:\/\/www.strassenweb.de\/nachrichten\/","logo":{"@type":"ImageObject","inLanguage":"de","@id":"https:\/\/www.strassenweb.de\/nachrichten\/#\/schema\/logo\/image\/","url":"https:\/\/www.strassenweb.de\/nachrichten\/wp-content\/uploads\/2024\/09\/cropped-favicon.png","contentUrl":"https:\/\/www.strassenweb.de\/nachrichten\/wp-content\/uploads\/2024\/09\/cropped-favicon.png","width":512,"height":512,"caption":"Stra\u00dfenweb"},"image":{"@id":"https:\/\/www.strassenweb.de\/nachrichten\/#\/schema\/logo\/image\/"},"sameAs":["https:\/\/www.facebook.com\/strassenweb\/"]},{"@type":"Person","@id":"https:\/\/www.strassenweb.de\/nachrichten\/#\/schema\/person\/87c9c9067f1211da429a744dc5a5aa41","name":"Robert Hoffmann","image":{"@type":"ImageObject","inLanguage":"de","@id":"https:\/\/www.strassenweb.de\/nachrichten\/wp-content\/uploads\/2024\/09\/strassenweb-150x150.jpg","url":"https:\/\/www.strassenweb.de\/nachrichten\/wp-content\/uploads\/2024\/09\/strassenweb-150x150.jpg","contentUrl":"https:\/\/www.strassenweb.de\/nachrichten\/wp-content\/uploads\/2024\/09\/strassenweb-150x150.jpg","caption":"Robert Hoffmann"},"description":"Ich hei\u00dfe Robert Hoffmann und ich bin ein leidenschaftlicher Verfechter von \u00d6kologie und Biodiversit\u00e4t. Seit meiner Kindheit in den W\u00e4ldern Bayerns f\u00fchle ich mich mit der Natur verbunden und bin entschlossen, sie zu sch\u00fctzen. Heute widme ich mein Leben der Sensibilisierung anderer f\u00fcr die Bedeutung des Umweltschutzes f\u00fcr zuk\u00fcnftige Generationen.","sameAs":["https:\/\/www.strassenweb.de\/"]}]}},"_links":{"self":[{"href":"https:\/\/www.strassenweb.de\/nachrichten\/wp-json\/wp\/v2\/posts\/6446","targetHints":{"allow":["GET"]}}],"collection":[{"href":"https:\/\/www.strassenweb.de\/nachrichten\/wp-json\/wp\/v2\/posts"}],"about":[{"href":"https:\/\/www.strassenweb.de\/nachrichten\/wp-json\/wp\/v2\/types\/post"}],"author":[{"embeddable":true,"href":"https:\/\/www.strassenweb.de\/nachrichten\/wp-json\/wp\/v2\/users\/1"}],"replies":[{"embeddable":true,"href":"https:\/\/www.strassenweb.de\/nachrichten\/wp-json\/wp\/v2\/comments?post=6446"}],"version-history":[{"count":0,"href":"https:\/\/www.strassenweb.de\/nachrichten\/wp-json\/wp\/v2\/posts\/6446\/revisions"}],"wp:featuredmedia":[{"embeddable":true,"href":"https:\/\/www.strassenweb.de\/nachrichten\/wp-json\/wp\/v2\/media\/6447"}],"wp:attachment":[{"href":"https:\/\/www.strassenweb.de\/nachrichten\/wp-json\/wp\/v2\/media?parent=6446"}],"wp:term":[{"taxonomy":"category","embeddable":true,"href":"https:\/\/www.strassenweb.de\/nachrichten\/wp-json\/wp\/v2\/categories?post=6446"},{"taxonomy":"post_tag","embeddable":true,"href":"https:\/\/www.strassenweb.de\/nachrichten\/wp-json\/wp\/v2\/tags?post=6446"}],"curies":[{"name":"wp","href":"https:\/\/api.w.org\/{rel}","templated":true}]}}