{"id":6437,"date":"2025-07-24T21:56:10","date_gmt":"2025-07-24T19:56:10","guid":{"rendered":"https:\/\/www.strassenweb.de\/nachrichten\/das-italienische-sofa-von-gracie-abrams-ist-ein-beweis-dafuer-dass-creme-die-kuehnste-farbauswahl-sein-kann-die-sie-treffen-koennen-es-ist-die-ultimative-neutrale-kraftbewegung\/"},"modified":"2025-07-24T21:56:11","modified_gmt":"2025-07-24T19:56:11","slug":"das-italienische-sofa-von-gracie-abrams-ist-ein-beweis-dafuer-dass-creme-die-kuehnste-farbauswahl-sein-kann-die-sie-treffen-koennen-es-ist-die-ultimative-neutrale-kraftbewegung","status":"publish","type":"post","link":"https:\/\/www.strassenweb.de\/nachrichten\/das-italienische-sofa-von-gracie-abrams-ist-ein-beweis-dafuer-dass-creme-die-kuehnste-farbauswahl-sein-kann-die-sie-treffen-koennen-es-ist-die-ultimative-neutrale-kraftbewegung\/","title":{"rendered":"Das italienische Sofa von Gracie Abrams ist ein Beweis daf\u00fcr, dass Creme die k\u00fchnste Farbauswahl sein kann, die Sie treffen k\u00f6nnen &#8211; es ist die ultimative neutrale Kraftbewegung"},"content":{"rendered":"<div id=\"article-body\" class=\"article__body \">\n<p>Wenn Sie von neutralen M\u00f6beln h\u00f6ren, denken Sie wahrscheinlich an Zeitlosigkeit und Vielseitigkeit. In einigen F\u00e4llen k\u00f6nnen Wei\u00dfe, Cremes und Beigeen (insbesondere) jedoch mit stumpfen Konnotationen einhergehen.<\/p>\n<div id=\"ad-unit-1\" class=\"ad-unit\"><\/div>\n<p>In all ihrer Klasse riskieren diese Farben eine Vanille und verlassen sich so auf andere Faktoren, um sie am Leben zu erhalten. In Gracie Abrams &#8218;Fall stammt das Interesse aus der Aussageform ihres Creme -Sofas &#8211; und es ist eines der elektrischen neutralen M\u00f6belst\u00fccke, die ich bisher gesehen habe.<\/p>\n<aside data-block-type=\"embed\" data-render-type=\"fte\" data-skip=\"dealsy\" data-widget-type=\"seasonal\" class=\"hawk-base\"><\/aside>\n<p>Gracie, die k\u00fcrzlich ein Penthouse von Greenwich Village gekauft hatte, befand sich mit den Schl\u00fcssel zu einem cremefarbenen Wohnzimmer, in dem das skulpturale Sofa im Mittelpunkt steht.<\/p>\n<div class=\"van_vid_carousel\">\n<div class=\"van_vid_carousel__padding\">\n<div class=\"van_vid_carousel__container\"><\/div>\n<\/div>\n<\/div>\n<aside data-component-name=\"Recirculation:ArticleRiver\" data-nosnippet class=\"pt-3 pb-4 mb-4 border-b border-solid border-(#333)\">\n<span class=\"\nafter:content-('') after:flex-1 after:ml-4 after:my-(0.7rem) after:border-t-(#333) after:border-t after:border-solid\nbefore:content-('') before:flex-1 before:mr-4 before:my-(0.7rem) before:border-t-(#333) before:border-t before:border-solid\nfont-article-heading pb-3 !text-base font-bold uppercase sm:text-sm text-(#333) flex\"><\/p>\n<p>Sie m\u00f6gen m\u00f6gen<br \/>\n<\/span><\/p>\n<ul class=\"flex flex-col gap-3 m-0\">\n<li class=\"m-0 list-none\" name=\"recirculation-inline\" data-analytics-id=\"recirculation-inline-1\" analytics-label=\"adviser:related\">\n<picture data-new-v2-image=\"true\" class=\"w-(--article-river-thumbnail-width,60px) flex-shrink-0\"><source type=\"image\/webp\"  ><\/source><\/p>\n<\/picture>\n<span class=\"hover:text-inherit font-article-heading text-base text-(#333) leading-5 content-center\">Es ist niedergelassen: Das zeitlosste Sofa sitzt in Courteney Coxs Wohnzimmer &#8211; dieser Neutral ist alles andere als langweilig <\/span><\/p>\n<\/li>\n<li class=\"m-0 list-none\" name=\"recirculation-inline\" data-analytics-id=\"recirculation-inline-2\" analytics-label=\"adviser:related\">\n<picture data-new-v2-image=\"true\" class=\"w-(--article-river-thumbnail-width,60px) flex-shrink-0\"><source type=\"image\/webp\"  ><\/source><br \/>\n<img decoding=\"async\" alt=\"Coco GAUFF\"   loading=\"lazy\" data-new-v2-image=\"true\" src=\"https:\/\/www.strassenweb.de\/nachrichten\/wp-content\/uploads\/2025\/07\/8qW64XHJneEYJx8A65SZad.jpg\" data-pin-media=\"https:\/\/www.strassenweb.de\/nachrichten\/wp-content\/uploads\/2025\/07\/8qW64XHJneEYJx8A65SZad.jpg\" data-pin-nopin=\"true\" class=\"aspect-(--img-listing-aspect-ratio,16\/9) object-cover w-(--article-river-thumbnail-width,60px) flex-shrink-0\">\n<\/picture>\n<span class=\"hover:text-inherit font-article-heading text-base text-(#333) leading-5 content-center\">Ich wende mich immer diesem bew\u00e4hrten Neutral, um einen m\u00fchelos schicken Wohnraum zu<\/span><\/p>\n<\/li>\n<li class=\"m-0 list-none\" name=\"recirculation-inline\" data-analytics-id=\"recirculation-inline-3\" analytics-label=\"adviser:related\">\n<picture data-new-v2-image=\"true\" class=\"w-(--article-river-thumbnail-width,60px) flex-shrink-0\"><source type=\"image\/webp\"  ><\/source><br \/>\n<img decoding=\"async\" alt=\"Halle Berry\"   loading=\"lazy\" data-new-v2-image=\"true\" src=\"https:\/\/www.strassenweb.de\/nachrichten\/wp-content\/uploads\/2025\/07\/FiRzMYT7cp4iRudqZYrVBd.jpg\" data-pin-media=\"https:\/\/www.strassenweb.de\/nachrichten\/wp-content\/uploads\/2025\/07\/FiRzMYT7cp4iRudqZYrVBd.jpg\" data-pin-nopin=\"true\" class=\"aspect-(--img-listing-aspect-ratio,16\/9) object-cover w-(--article-river-thumbnail-width,60px) flex-shrink-0\">\n<\/picture>\n<span class=\"hover:text-inherit font-article-heading text-base text-(#333) leading-5 content-center\">Halle Berrys Anti-Trend-Wohnzimmersofa bekr\u00e4ftigt eine entscheidende Designstunde: Diese Farbe ist aus einem bestimmten Grund zeitlos<\/span><\/p>\n<\/li>\n<\/ul>\n<\/aside>\n<p>Es scheint das Camaleonda -Sofa zu sein, das 2020 von Mario Bellini als Neuauflage seines legend\u00e4ren modularen St\u00fccks aus den 1970er Jahren entworfen wurde. Produziert von B &#038; B Italia, bewahrt es den Signature -Look (mit Modulen, die durch ein System von Kabeln, Haken und Ringen verbunden sind) mit einer nachhaltigeren und komfortableren Konstruktion.<\/p>\n<div id=\"ad-unit-2\" class=\"ad-unit\"><\/div>\n<div class=\"instagram-embed\">\n<blockquote class=\"instagram-media\" data-instgrm-captioned data-instgrm-version=\"6\" style=\"width:99.375%; width:-webkit-calc(100% - 2px); width:calc(100% - 2px);\">\n<p>Ein Beitrag, der von 6SQFT (@6sqft) geteilt wird<\/p>\n<p>Ein Foto von on <\/p>\n<\/blockquote>\n<\/div>\n<div class=\"product-container hero-product-container product-block-no-wrap\">\n<div class=\"product-block-row\"><\/div>\n<div class=\"product-block-row\"><\/div>\n<div class=\"product-block-row\"><\/div>\n<\/div>\n<p>Das Camaleonda -Sofa ist zusammen mit all ihren Variationen die Sofa -Trends f\u00fcr 2025 auf.<\/p>\n<p>Das Sofa erm\u00f6glicht es Ihnen, mit sicheren Farben zu dekorieren und gleichzeitig eine unvergleichliche Aussage durch die Form zu machen. Es hat sich ge\u00e4ndert, wie ich mir Cream -M\u00f6bel f\u00fcr immer ansehe, und ich bin nicht allein in meinen Gef\u00fchlen. Chloe Barrow, Innenausstattung bei <u>Laura James,<\/u> erkl\u00e4rt, dass Sofas wie die Camaleonda m\u00e4chtig genug sind, um selbst eine Aussage abzugeben &#8211; kein zus\u00e4tzliches Zubeh\u00f6r ben\u00f6tigt.<\/p>\n<p>&#8218;Ein skulpturales neutrales Sofa spricht oft f\u00fcr sich selbst und braucht kein \u00dcberstyling. Allein seine Form kann das visuelle Interesse einf\u00fchren, das normalerweise aus einem Statement -Sofa stammt, das entweder durch eine mutige Farbe oder ein mutiges Muster hergestellt wird \u201c, sagt sie.<\/p>\n<div id=\"slice-container-newsletterForm-articleInbodyContent-Gzc4Nxwodyc3nbMFDk4uke\" class=\"slice-container newsletter-inbodyContent-slice newsletterForm-articleInbodyContent-Gzc4Nxwodyc3nbMFDk4uke slice-container-newsletterForm\"><\/div>\n<p>Wenn Sie jedoch mehr Interesse hinzuf\u00fcgen m\u00f6chten, empfiehlt sie, dies durch nachdenkliche Schichten mit Textur zu tun, anstatt zus\u00e4tzliche Farbe hinzuzuf\u00fcgen.<\/p>\n<p>&#8218;Der Schl\u00fcssel besteht darin, die Textur aufzubauen, ohne das Formular zu st\u00f6ren. Dies h\u00e4ngt nat\u00fcrlich von dem Material und der Form ab, mit denen Sie arbeiten, aber als Beispiel kann ein gekr\u00fcmmter Boucle-Sofa mit einem neutralen Wildlederkissen oder einer dick-verknagten Decke, die beil\u00e4ufig auf einer Seite drapiert ist, erweichen. Wenn Sie dies mit einem neutralen Teppichstil-Teppich unter dem Raum kombinieren, wird der Raum zusammengebracht, w\u00e4hrend das Sofa der Schwerpunkt bleibt \u201c, sagt sie.<\/p>\n<p>&#8222;Diese subtilen strukturellen Kontraste helfen dem Raum, sich heimeliger zu f\u00fchlen, w\u00e4hrend sie den Wow-Faktor des Sofas selbst zeigen.&#8220;<\/p>\n<div class=\"min-h-(270px) mb-4\" id=\"viafoura-engagement-starter-wrapper\" data-component-name=\"Elk:Embed:EngagementStarter\">\n<div class=\"viafoura\">\n<vf-conversation-starter target=\"viafoura-comments\" minimum-comment-count=\"1\"><br \/>\n<\/vf-conversation-starter>\n<\/div>\n<\/div>\n<hr>\n<\/div>\n<p><script async src=\"\/\/www.instagram.com\/embed.js\"><\/script><\/p>\n","protected":false},"excerpt":{"rendered":"<p>Wenn Sie von neutralen M\u00f6beln h\u00f6ren, denken Sie wahrscheinlich an Zeitlosigkeit und Vielseitigkeit. In einigen F\u00e4llen k\u00f6nnen Wei\u00dfe, Cremes und Beigeen (insbesondere) jedoch mit stumpfen<\/p>\n","protected":false},"author":1,"featured_media":6438,"comment_status":"closed","ping_status":"","sticky":false,"template":"","format":"standard","meta":{"footnotes":""},"categories":[118],"tags":[8832,6725,7725,932,112,51,9,43,8834,8831,15,6384,781,689,8835,8833,1653,306,165,2806,2556,589,21],"class_list":["post-6437","post","type-post","status-publish","format-standard","has-post-thumbnail","hentry","category-haus-garten","tag-abrams","tag-beweis","tag-creme","tag-dafuer","tag-das","tag-dass","tag-die","tag-ein","tag-farbauswahl","tag-gracie","tag-ist","tag-italienische","tag-kann","tag-koennen","tag-kraftbewegung","tag-kuehnste","tag-neutrale","tag-sein","tag-sie","tag-sofa","tag-treffen","tag-ultimative","tag-von","generate-columns","tablet-grid-50","mobile-grid-100","grid-parent","grid-50"],"yoast_head":"<!-- This site is optimized with the Yoast SEO plugin v27.3 - https:\/\/yoast.com\/product\/yoast-seo-wordpress\/ -->\n<title>Das italienische Sofa von Gracie Abrams ist ein Beweis daf\u00fcr, dass Creme die k\u00fchnste Farbauswahl sein kann, die Sie treffen k\u00f6nnen - es ist die ultimative neutrale Kraftbewegung - Nachrichten - Stra\u00dfenweb<\/title>\n<meta name=\"robots\" content=\"index, follow, max-snippet:-1, max-image-preview:large, max-video-preview:-1\" \/>\n<link rel=\"canonical\" href=\"https:\/\/www.strassenweb.de\/nachrichten\/das-italienische-sofa-von-gracie-abrams-ist-ein-beweis-dafuer-dass-creme-die-kuehnste-farbauswahl-sein-kann-die-sie-treffen-koennen-es-ist-die-ultimative-neutrale-kraftbewegung\/\" \/>\n<meta property=\"og:locale\" content=\"de_DE\" \/>\n<meta property=\"og:type\" content=\"article\" \/>\n<meta property=\"og:title\" content=\"Das italienische Sofa von Gracie Abrams ist ein Beweis daf\u00fcr, dass Creme die k\u00fchnste Farbauswahl sein kann, die Sie treffen k\u00f6nnen - es ist die ultimative neutrale Kraftbewegung - Nachrichten - Stra\u00dfenweb\" \/>\n<meta property=\"og:description\" content=\"Wenn Sie von neutralen M\u00f6beln h\u00f6ren, denken Sie wahrscheinlich an Zeitlosigkeit und Vielseitigkeit. In einigen F\u00e4llen k\u00f6nnen Wei\u00dfe, Cremes und Beigeen (insbesondere) jedoch mit stumpfen\" \/>\n<meta property=\"og:url\" content=\"https:\/\/www.strassenweb.de\/nachrichten\/das-italienische-sofa-von-gracie-abrams-ist-ein-beweis-dafuer-dass-creme-die-kuehnste-farbauswahl-sein-kann-die-sie-treffen-koennen-es-ist-die-ultimative-neutrale-kraftbewegung\/\" \/>\n<meta property=\"og:site_name\" content=\"Stra\u00dfenweb\" \/>\n<meta property=\"article:publisher\" content=\"https:\/\/www.facebook.com\/strassenweb\/\" \/>\n<meta property=\"article:published_time\" content=\"2025-07-24T19:56:10+00:00\" \/>\n<meta property=\"article:modified_time\" content=\"2025-07-24T19:56:11+00:00\" \/>\n<meta property=\"og:image\" content=\"https:\/\/www.strassenweb.de\/nachrichten\/wp-content\/uploads\/2025\/07\/Das-italienische-Sofa-von-Gracie-Abrams-ist-ein-Beweis-dafuer.jpg\" \/>\n\t<meta property=\"og:image:width\" content=\"1600\" \/>\n\t<meta property=\"og:image:height\" content=\"900\" \/>\n\t<meta property=\"og:image:type\" content=\"image\/jpeg\" \/>\n<meta name=\"author\" content=\"Robert Hoffmann\" \/>\n<meta name=\"twitter:card\" content=\"summary_large_image\" \/>\n<meta name=\"twitter:label1\" content=\"Verfasst von\" \/>\n\t<meta name=\"twitter:data1\" content=\"Robert Hoffmann\" \/>\n\t<meta name=\"twitter:label2\" content=\"Gesch\u00e4tzte Lesezeit\" \/>\n\t<meta name=\"twitter:data2\" content=\"2\u00a0Minuten\" \/>\n<script type=\"application\/ld+json\" class=\"yoast-schema-graph\">{\"@context\":\"https:\\\/\\\/schema.org\",\"@graph\":[{\"@type\":\"Article\",\"@id\":\"https:\\\/\\\/www.strassenweb.de\\\/nachrichten\\\/das-italienische-sofa-von-gracie-abrams-ist-ein-beweis-dafuer-dass-creme-die-kuehnste-farbauswahl-sein-kann-die-sie-treffen-koennen-es-ist-die-ultimative-neutrale-kraftbewegung\\\/#article\",\"isPartOf\":{\"@id\":\"https:\\\/\\\/www.strassenweb.de\\\/nachrichten\\\/das-italienische-sofa-von-gracie-abrams-ist-ein-beweis-dafuer-dass-creme-die-kuehnste-farbauswahl-sein-kann-die-sie-treffen-koennen-es-ist-die-ultimative-neutrale-kraftbewegung\\\/\"},\"author\":{\"name\":\"Robert Hoffmann\",\"@id\":\"https:\\\/\\\/www.strassenweb.de\\\/nachrichten\\\/#\\\/schema\\\/person\\\/87c9c9067f1211da429a744dc5a5aa41\"},\"headline\":\"Das italienische Sofa von Gracie Abrams ist ein Beweis daf\u00fcr, dass Creme die k\u00fchnste Farbauswahl sein kann, die Sie treffen k\u00f6nnen &#8211; es ist die ultimative neutrale Kraftbewegung\",\"datePublished\":\"2025-07-24T19:56:10+00:00\",\"dateModified\":\"2025-07-24T19:56:11+00:00\",\"mainEntityOfPage\":{\"@id\":\"https:\\\/\\\/www.strassenweb.de\\\/nachrichten\\\/das-italienische-sofa-von-gracie-abrams-ist-ein-beweis-dafuer-dass-creme-die-kuehnste-farbauswahl-sein-kann-die-sie-treffen-koennen-es-ist-die-ultimative-neutrale-kraftbewegung\\\/\"},\"wordCount\":523,\"publisher\":{\"@id\":\"https:\\\/\\\/www.strassenweb.de\\\/nachrichten\\\/#organization\"},\"image\":{\"@id\":\"https:\\\/\\\/www.strassenweb.de\\\/nachrichten\\\/das-italienische-sofa-von-gracie-abrams-ist-ein-beweis-dafuer-dass-creme-die-kuehnste-farbauswahl-sein-kann-die-sie-treffen-koennen-es-ist-die-ultimative-neutrale-kraftbewegung\\\/#primaryimage\"},\"thumbnailUrl\":\"https:\\\/\\\/www.strassenweb.de\\\/nachrichten\\\/wp-content\\\/uploads\\\/2025\\\/07\\\/Das-italienische-Sofa-von-Gracie-Abrams-ist-ein-Beweis-dafuer.jpg\",\"keywords\":[\"Abrams\",\"Beweis\",\"Creme\",\"daf\u00fcr\",\"das\",\"dass\",\"die\",\"ein\",\"Farbauswahl\",\"Gracie\",\"ist\",\"italienische\",\"kann\",\"k\u00f6nnen\",\"Kraftbewegung\",\"k\u00fchnste\",\"Neutrale\",\"sein\",\"Sie\",\"Sofa\",\"Treffen\",\"ultimative\",\"von\"],\"articleSection\":[\"Haus &amp; Garten\"],\"inLanguage\":\"de\"},{\"@type\":\"WebPage\",\"@id\":\"https:\\\/\\\/www.strassenweb.de\\\/nachrichten\\\/das-italienische-sofa-von-gracie-abrams-ist-ein-beweis-dafuer-dass-creme-die-kuehnste-farbauswahl-sein-kann-die-sie-treffen-koennen-es-ist-die-ultimative-neutrale-kraftbewegung\\\/\",\"url\":\"https:\\\/\\\/www.strassenweb.de\\\/nachrichten\\\/das-italienische-sofa-von-gracie-abrams-ist-ein-beweis-dafuer-dass-creme-die-kuehnste-farbauswahl-sein-kann-die-sie-treffen-koennen-es-ist-die-ultimative-neutrale-kraftbewegung\\\/\",\"name\":\"Das italienische Sofa von Gracie Abrams ist ein Beweis daf\u00fcr, dass Creme die k\u00fchnste Farbauswahl sein kann, die Sie treffen k\u00f6nnen - es ist die ultimative neutrale Kraftbewegung - Nachrichten - Stra\u00dfenweb\",\"isPartOf\":{\"@id\":\"https:\\\/\\\/www.strassenweb.de\\\/nachrichten\\\/#website\"},\"primaryImageOfPage\":{\"@id\":\"https:\\\/\\\/www.strassenweb.de\\\/nachrichten\\\/das-italienische-sofa-von-gracie-abrams-ist-ein-beweis-dafuer-dass-creme-die-kuehnste-farbauswahl-sein-kann-die-sie-treffen-koennen-es-ist-die-ultimative-neutrale-kraftbewegung\\\/#primaryimage\"},\"image\":{\"@id\":\"https:\\\/\\\/www.strassenweb.de\\\/nachrichten\\\/das-italienische-sofa-von-gracie-abrams-ist-ein-beweis-dafuer-dass-creme-die-kuehnste-farbauswahl-sein-kann-die-sie-treffen-koennen-es-ist-die-ultimative-neutrale-kraftbewegung\\\/#primaryimage\"},\"thumbnailUrl\":\"https:\\\/\\\/www.strassenweb.de\\\/nachrichten\\\/wp-content\\\/uploads\\\/2025\\\/07\\\/Das-italienische-Sofa-von-Gracie-Abrams-ist-ein-Beweis-dafuer.jpg\",\"datePublished\":\"2025-07-24T19:56:10+00:00\",\"dateModified\":\"2025-07-24T19:56:11+00:00\",\"breadcrumb\":{\"@id\":\"https:\\\/\\\/www.strassenweb.de\\\/nachrichten\\\/das-italienische-sofa-von-gracie-abrams-ist-ein-beweis-dafuer-dass-creme-die-kuehnste-farbauswahl-sein-kann-die-sie-treffen-koennen-es-ist-die-ultimative-neutrale-kraftbewegung\\\/#breadcrumb\"},\"inLanguage\":\"de\",\"potentialAction\":[{\"@type\":\"ReadAction\",\"target\":[\"https:\\\/\\\/www.strassenweb.de\\\/nachrichten\\\/das-italienische-sofa-von-gracie-abrams-ist-ein-beweis-dafuer-dass-creme-die-kuehnste-farbauswahl-sein-kann-die-sie-treffen-koennen-es-ist-die-ultimative-neutrale-kraftbewegung\\\/\"]}]},{\"@type\":\"ImageObject\",\"inLanguage\":\"de\",\"@id\":\"https:\\\/\\\/www.strassenweb.de\\\/nachrichten\\\/das-italienische-sofa-von-gracie-abrams-ist-ein-beweis-dafuer-dass-creme-die-kuehnste-farbauswahl-sein-kann-die-sie-treffen-koennen-es-ist-die-ultimative-neutrale-kraftbewegung\\\/#primaryimage\",\"url\":\"https:\\\/\\\/www.strassenweb.de\\\/nachrichten\\\/wp-content\\\/uploads\\\/2025\\\/07\\\/Das-italienische-Sofa-von-Gracie-Abrams-ist-ein-Beweis-dafuer.jpg\",\"contentUrl\":\"https:\\\/\\\/www.strassenweb.de\\\/nachrichten\\\/wp-content\\\/uploads\\\/2025\\\/07\\\/Das-italienische-Sofa-von-Gracie-Abrams-ist-ein-Beweis-dafuer.jpg\",\"width\":1600,\"height\":900,\"caption\":\"Gracie Abrams\"},{\"@type\":\"BreadcrumbList\",\"@id\":\"https:\\\/\\\/www.strassenweb.de\\\/nachrichten\\\/das-italienische-sofa-von-gracie-abrams-ist-ein-beweis-dafuer-dass-creme-die-kuehnste-farbauswahl-sein-kann-die-sie-treffen-koennen-es-ist-die-ultimative-neutrale-kraftbewegung\\\/#breadcrumb\",\"itemListElement\":[{\"@type\":\"ListItem\",\"position\":1,\"name\":\"Home\",\"item\":\"https:\\\/\\\/www.strassenweb.de\\\/nachrichten\\\/\"},{\"@type\":\"ListItem\",\"position\":2,\"name\":\"Das italienische Sofa von Gracie Abrams ist ein Beweis daf\u00fcr, dass Creme die k\u00fchnste Farbauswahl sein kann, die Sie treffen k\u00f6nnen &#8211; es ist die ultimative neutrale Kraftbewegung\"}]},{\"@type\":\"WebSite\",\"@id\":\"https:\\\/\\\/www.strassenweb.de\\\/nachrichten\\\/#website\",\"url\":\"https:\\\/\\\/www.strassenweb.de\\\/nachrichten\\\/\",\"name\":\"Stra\u00dfenweb\",\"description\":\"Stra\u00dfenverzeichnis f\u00fcr Deutschland\",\"publisher\":{\"@id\":\"https:\\\/\\\/www.strassenweb.de\\\/nachrichten\\\/#organization\"},\"potentialAction\":[{\"@type\":\"SearchAction\",\"target\":{\"@type\":\"EntryPoint\",\"urlTemplate\":\"https:\\\/\\\/www.strassenweb.de\\\/nachrichten\\\/?s={search_term_string}\"},\"query-input\":{\"@type\":\"PropertyValueSpecification\",\"valueRequired\":true,\"valueName\":\"search_term_string\"}}],\"inLanguage\":\"de\"},{\"@type\":\"Organization\",\"@id\":\"https:\\\/\\\/www.strassenweb.de\\\/nachrichten\\\/#organization\",\"name\":\"Stra\u00dfenweb\",\"url\":\"https:\\\/\\\/www.strassenweb.de\\\/nachrichten\\\/\",\"logo\":{\"@type\":\"ImageObject\",\"inLanguage\":\"de\",\"@id\":\"https:\\\/\\\/www.strassenweb.de\\\/nachrichten\\\/#\\\/schema\\\/logo\\\/image\\\/\",\"url\":\"https:\\\/\\\/www.strassenweb.de\\\/nachrichten\\\/wp-content\\\/uploads\\\/2024\\\/09\\\/cropped-favicon.png\",\"contentUrl\":\"https:\\\/\\\/www.strassenweb.de\\\/nachrichten\\\/wp-content\\\/uploads\\\/2024\\\/09\\\/cropped-favicon.png\",\"width\":512,\"height\":512,\"caption\":\"Stra\u00dfenweb\"},\"image\":{\"@id\":\"https:\\\/\\\/www.strassenweb.de\\\/nachrichten\\\/#\\\/schema\\\/logo\\\/image\\\/\"},\"sameAs\":[\"https:\\\/\\\/www.facebook.com\\\/strassenweb\\\/\"]},{\"@type\":\"Person\",\"@id\":\"https:\\\/\\\/www.strassenweb.de\\\/nachrichten\\\/#\\\/schema\\\/person\\\/87c9c9067f1211da429a744dc5a5aa41\",\"name\":\"Robert Hoffmann\",\"image\":{\"@type\":\"ImageObject\",\"inLanguage\":\"de\",\"@id\":\"https:\\\/\\\/www.strassenweb.de\\\/nachrichten\\\/wp-content\\\/uploads\\\/2024\\\/09\\\/strassenweb-150x150.jpg\",\"url\":\"https:\\\/\\\/www.strassenweb.de\\\/nachrichten\\\/wp-content\\\/uploads\\\/2024\\\/09\\\/strassenweb-150x150.jpg\",\"contentUrl\":\"https:\\\/\\\/www.strassenweb.de\\\/nachrichten\\\/wp-content\\\/uploads\\\/2024\\\/09\\\/strassenweb-150x150.jpg\",\"caption\":\"Robert Hoffmann\"},\"description\":\"Ich hei\u00dfe Robert Hoffmann und ich bin ein leidenschaftlicher Verfechter von \u00d6kologie und Biodiversit\u00e4t. Seit meiner Kindheit in den W\u00e4ldern Bayerns f\u00fchle ich mich mit der Natur verbunden und bin entschlossen, sie zu sch\u00fctzen. Heute widme ich mein Leben der Sensibilisierung anderer f\u00fcr die Bedeutung des Umweltschutzes f\u00fcr zuk\u00fcnftige Generationen.\",\"sameAs\":[\"https:\\\/\\\/www.strassenweb.de\\\/\"]}]}<\/script>\n<!-- \/ Yoast SEO plugin. -->","yoast_head_json":{"title":"Das italienische Sofa von Gracie Abrams ist ein Beweis daf\u00fcr, dass Creme die k\u00fchnste Farbauswahl sein kann, die Sie treffen k\u00f6nnen - es ist die ultimative neutrale Kraftbewegung - Nachrichten - Stra\u00dfenweb","robots":{"index":"index","follow":"follow","max-snippet":"max-snippet:-1","max-image-preview":"max-image-preview:large","max-video-preview":"max-video-preview:-1"},"canonical":"https:\/\/www.strassenweb.de\/nachrichten\/das-italienische-sofa-von-gracie-abrams-ist-ein-beweis-dafuer-dass-creme-die-kuehnste-farbauswahl-sein-kann-die-sie-treffen-koennen-es-ist-die-ultimative-neutrale-kraftbewegung\/","og_locale":"de_DE","og_type":"article","og_title":"Das italienische Sofa von Gracie Abrams ist ein Beweis daf\u00fcr, dass Creme die k\u00fchnste Farbauswahl sein kann, die Sie treffen k\u00f6nnen - es ist die ultimative neutrale Kraftbewegung - Nachrichten - Stra\u00dfenweb","og_description":"Wenn Sie von neutralen M\u00f6beln h\u00f6ren, denken Sie wahrscheinlich an Zeitlosigkeit und Vielseitigkeit. In einigen F\u00e4llen k\u00f6nnen Wei\u00dfe, Cremes und Beigeen (insbesondere) jedoch mit stumpfen","og_url":"https:\/\/www.strassenweb.de\/nachrichten\/das-italienische-sofa-von-gracie-abrams-ist-ein-beweis-dafuer-dass-creme-die-kuehnste-farbauswahl-sein-kann-die-sie-treffen-koennen-es-ist-die-ultimative-neutrale-kraftbewegung\/","og_site_name":"Stra\u00dfenweb","article_publisher":"https:\/\/www.facebook.com\/strassenweb\/","article_published_time":"2025-07-24T19:56:10+00:00","article_modified_time":"2025-07-24T19:56:11+00:00","og_image":[{"width":1600,"height":900,"url":"https:\/\/www.strassenweb.de\/nachrichten\/wp-content\/uploads\/2025\/07\/Das-italienische-Sofa-von-Gracie-Abrams-ist-ein-Beweis-dafuer.jpg","type":"image\/jpeg"}],"author":"Robert Hoffmann","twitter_card":"summary_large_image","twitter_misc":{"Verfasst von":"Robert Hoffmann","Gesch\u00e4tzte Lesezeit":"2\u00a0Minuten"},"schema":{"@context":"https:\/\/schema.org","@graph":[{"@type":"Article","@id":"https:\/\/www.strassenweb.de\/nachrichten\/das-italienische-sofa-von-gracie-abrams-ist-ein-beweis-dafuer-dass-creme-die-kuehnste-farbauswahl-sein-kann-die-sie-treffen-koennen-es-ist-die-ultimative-neutrale-kraftbewegung\/#article","isPartOf":{"@id":"https:\/\/www.strassenweb.de\/nachrichten\/das-italienische-sofa-von-gracie-abrams-ist-ein-beweis-dafuer-dass-creme-die-kuehnste-farbauswahl-sein-kann-die-sie-treffen-koennen-es-ist-die-ultimative-neutrale-kraftbewegung\/"},"author":{"name":"Robert Hoffmann","@id":"https:\/\/www.strassenweb.de\/nachrichten\/#\/schema\/person\/87c9c9067f1211da429a744dc5a5aa41"},"headline":"Das italienische Sofa von Gracie Abrams ist ein Beweis daf\u00fcr, dass Creme die k\u00fchnste Farbauswahl sein kann, die Sie treffen k\u00f6nnen &#8211; es ist die ultimative neutrale Kraftbewegung","datePublished":"2025-07-24T19:56:10+00:00","dateModified":"2025-07-24T19:56:11+00:00","mainEntityOfPage":{"@id":"https:\/\/www.strassenweb.de\/nachrichten\/das-italienische-sofa-von-gracie-abrams-ist-ein-beweis-dafuer-dass-creme-die-kuehnste-farbauswahl-sein-kann-die-sie-treffen-koennen-es-ist-die-ultimative-neutrale-kraftbewegung\/"},"wordCount":523,"publisher":{"@id":"https:\/\/www.strassenweb.de\/nachrichten\/#organization"},"image":{"@id":"https:\/\/www.strassenweb.de\/nachrichten\/das-italienische-sofa-von-gracie-abrams-ist-ein-beweis-dafuer-dass-creme-die-kuehnste-farbauswahl-sein-kann-die-sie-treffen-koennen-es-ist-die-ultimative-neutrale-kraftbewegung\/#primaryimage"},"thumbnailUrl":"https:\/\/www.strassenweb.de\/nachrichten\/wp-content\/uploads\/2025\/07\/Das-italienische-Sofa-von-Gracie-Abrams-ist-ein-Beweis-dafuer.jpg","keywords":["Abrams","Beweis","Creme","daf\u00fcr","das","dass","die","ein","Farbauswahl","Gracie","ist","italienische","kann","k\u00f6nnen","Kraftbewegung","k\u00fchnste","Neutrale","sein","Sie","Sofa","Treffen","ultimative","von"],"articleSection":["Haus &amp; Garten"],"inLanguage":"de"},{"@type":"WebPage","@id":"https:\/\/www.strassenweb.de\/nachrichten\/das-italienische-sofa-von-gracie-abrams-ist-ein-beweis-dafuer-dass-creme-die-kuehnste-farbauswahl-sein-kann-die-sie-treffen-koennen-es-ist-die-ultimative-neutrale-kraftbewegung\/","url":"https:\/\/www.strassenweb.de\/nachrichten\/das-italienische-sofa-von-gracie-abrams-ist-ein-beweis-dafuer-dass-creme-die-kuehnste-farbauswahl-sein-kann-die-sie-treffen-koennen-es-ist-die-ultimative-neutrale-kraftbewegung\/","name":"Das italienische Sofa von Gracie Abrams ist ein Beweis daf\u00fcr, dass Creme die k\u00fchnste Farbauswahl sein kann, die Sie treffen k\u00f6nnen - es ist die ultimative neutrale Kraftbewegung - Nachrichten - Stra\u00dfenweb","isPartOf":{"@id":"https:\/\/www.strassenweb.de\/nachrichten\/#website"},"primaryImageOfPage":{"@id":"https:\/\/www.strassenweb.de\/nachrichten\/das-italienische-sofa-von-gracie-abrams-ist-ein-beweis-dafuer-dass-creme-die-kuehnste-farbauswahl-sein-kann-die-sie-treffen-koennen-es-ist-die-ultimative-neutrale-kraftbewegung\/#primaryimage"},"image":{"@id":"https:\/\/www.strassenweb.de\/nachrichten\/das-italienische-sofa-von-gracie-abrams-ist-ein-beweis-dafuer-dass-creme-die-kuehnste-farbauswahl-sein-kann-die-sie-treffen-koennen-es-ist-die-ultimative-neutrale-kraftbewegung\/#primaryimage"},"thumbnailUrl":"https:\/\/www.strassenweb.de\/nachrichten\/wp-content\/uploads\/2025\/07\/Das-italienische-Sofa-von-Gracie-Abrams-ist-ein-Beweis-dafuer.jpg","datePublished":"2025-07-24T19:56:10+00:00","dateModified":"2025-07-24T19:56:11+00:00","breadcrumb":{"@id":"https:\/\/www.strassenweb.de\/nachrichten\/das-italienische-sofa-von-gracie-abrams-ist-ein-beweis-dafuer-dass-creme-die-kuehnste-farbauswahl-sein-kann-die-sie-treffen-koennen-es-ist-die-ultimative-neutrale-kraftbewegung\/#breadcrumb"},"inLanguage":"de","potentialAction":[{"@type":"ReadAction","target":["https:\/\/www.strassenweb.de\/nachrichten\/das-italienische-sofa-von-gracie-abrams-ist-ein-beweis-dafuer-dass-creme-die-kuehnste-farbauswahl-sein-kann-die-sie-treffen-koennen-es-ist-die-ultimative-neutrale-kraftbewegung\/"]}]},{"@type":"ImageObject","inLanguage":"de","@id":"https:\/\/www.strassenweb.de\/nachrichten\/das-italienische-sofa-von-gracie-abrams-ist-ein-beweis-dafuer-dass-creme-die-kuehnste-farbauswahl-sein-kann-die-sie-treffen-koennen-es-ist-die-ultimative-neutrale-kraftbewegung\/#primaryimage","url":"https:\/\/www.strassenweb.de\/nachrichten\/wp-content\/uploads\/2025\/07\/Das-italienische-Sofa-von-Gracie-Abrams-ist-ein-Beweis-dafuer.jpg","contentUrl":"https:\/\/www.strassenweb.de\/nachrichten\/wp-content\/uploads\/2025\/07\/Das-italienische-Sofa-von-Gracie-Abrams-ist-ein-Beweis-dafuer.jpg","width":1600,"height":900,"caption":"Gracie Abrams"},{"@type":"BreadcrumbList","@id":"https:\/\/www.strassenweb.de\/nachrichten\/das-italienische-sofa-von-gracie-abrams-ist-ein-beweis-dafuer-dass-creme-die-kuehnste-farbauswahl-sein-kann-die-sie-treffen-koennen-es-ist-die-ultimative-neutrale-kraftbewegung\/#breadcrumb","itemListElement":[{"@type":"ListItem","position":1,"name":"Home","item":"https:\/\/www.strassenweb.de\/nachrichten\/"},{"@type":"ListItem","position":2,"name":"Das italienische Sofa von Gracie Abrams ist ein Beweis daf\u00fcr, dass Creme die k\u00fchnste Farbauswahl sein kann, die Sie treffen k\u00f6nnen &#8211; es ist die ultimative neutrale Kraftbewegung"}]},{"@type":"WebSite","@id":"https:\/\/www.strassenweb.de\/nachrichten\/#website","url":"https:\/\/www.strassenweb.de\/nachrichten\/","name":"Stra\u00dfenweb","description":"Stra\u00dfenverzeichnis f\u00fcr Deutschland","publisher":{"@id":"https:\/\/www.strassenweb.de\/nachrichten\/#organization"},"potentialAction":[{"@type":"SearchAction","target":{"@type":"EntryPoint","urlTemplate":"https:\/\/www.strassenweb.de\/nachrichten\/?s={search_term_string}"},"query-input":{"@type":"PropertyValueSpecification","valueRequired":true,"valueName":"search_term_string"}}],"inLanguage":"de"},{"@type":"Organization","@id":"https:\/\/www.strassenweb.de\/nachrichten\/#organization","name":"Stra\u00dfenweb","url":"https:\/\/www.strassenweb.de\/nachrichten\/","logo":{"@type":"ImageObject","inLanguage":"de","@id":"https:\/\/www.strassenweb.de\/nachrichten\/#\/schema\/logo\/image\/","url":"https:\/\/www.strassenweb.de\/nachrichten\/wp-content\/uploads\/2024\/09\/cropped-favicon.png","contentUrl":"https:\/\/www.strassenweb.de\/nachrichten\/wp-content\/uploads\/2024\/09\/cropped-favicon.png","width":512,"height":512,"caption":"Stra\u00dfenweb"},"image":{"@id":"https:\/\/www.strassenweb.de\/nachrichten\/#\/schema\/logo\/image\/"},"sameAs":["https:\/\/www.facebook.com\/strassenweb\/"]},{"@type":"Person","@id":"https:\/\/www.strassenweb.de\/nachrichten\/#\/schema\/person\/87c9c9067f1211da429a744dc5a5aa41","name":"Robert Hoffmann","image":{"@type":"ImageObject","inLanguage":"de","@id":"https:\/\/www.strassenweb.de\/nachrichten\/wp-content\/uploads\/2024\/09\/strassenweb-150x150.jpg","url":"https:\/\/www.strassenweb.de\/nachrichten\/wp-content\/uploads\/2024\/09\/strassenweb-150x150.jpg","contentUrl":"https:\/\/www.strassenweb.de\/nachrichten\/wp-content\/uploads\/2024\/09\/strassenweb-150x150.jpg","caption":"Robert Hoffmann"},"description":"Ich hei\u00dfe Robert Hoffmann und ich bin ein leidenschaftlicher Verfechter von \u00d6kologie und Biodiversit\u00e4t. Seit meiner Kindheit in den W\u00e4ldern Bayerns f\u00fchle ich mich mit der Natur verbunden und bin entschlossen, sie zu sch\u00fctzen. Heute widme ich mein Leben der Sensibilisierung anderer f\u00fcr die Bedeutung des Umweltschutzes f\u00fcr zuk\u00fcnftige Generationen.","sameAs":["https:\/\/www.strassenweb.de\/"]}]}},"_links":{"self":[{"href":"https:\/\/www.strassenweb.de\/nachrichten\/wp-json\/wp\/v2\/posts\/6437","targetHints":{"allow":["GET"]}}],"collection":[{"href":"https:\/\/www.strassenweb.de\/nachrichten\/wp-json\/wp\/v2\/posts"}],"about":[{"href":"https:\/\/www.strassenweb.de\/nachrichten\/wp-json\/wp\/v2\/types\/post"}],"author":[{"embeddable":true,"href":"https:\/\/www.strassenweb.de\/nachrichten\/wp-json\/wp\/v2\/users\/1"}],"replies":[{"embeddable":true,"href":"https:\/\/www.strassenweb.de\/nachrichten\/wp-json\/wp\/v2\/comments?post=6437"}],"version-history":[{"count":0,"href":"https:\/\/www.strassenweb.de\/nachrichten\/wp-json\/wp\/v2\/posts\/6437\/revisions"}],"wp:featuredmedia":[{"embeddable":true,"href":"https:\/\/www.strassenweb.de\/nachrichten\/wp-json\/wp\/v2\/media\/6438"}],"wp:attachment":[{"href":"https:\/\/www.strassenweb.de\/nachrichten\/wp-json\/wp\/v2\/media?parent=6437"}],"wp:term":[{"taxonomy":"category","embeddable":true,"href":"https:\/\/www.strassenweb.de\/nachrichten\/wp-json\/wp\/v2\/categories?post=6437"},{"taxonomy":"post_tag","embeddable":true,"href":"https:\/\/www.strassenweb.de\/nachrichten\/wp-json\/wp\/v2\/tags?post=6437"}],"curies":[{"name":"wp","href":"https:\/\/api.w.org\/{rel}","templated":true}]}}