{"id":6434,"date":"2025-07-24T18:46:08","date_gmt":"2025-07-24T16:46:08","guid":{"rendered":"https:\/\/www.strassenweb.de\/nachrichten\/einer-der-seltensten-voegel-europas-bruetet-zum-ersten-mal-in-west\/"},"modified":"2025-07-24T18:46:09","modified_gmt":"2025-07-24T16:46:09","slug":"einer-der-seltensten-voegel-europas-bruetet-zum-ersten-mal-in-west","status":"publish","type":"post","link":"https:\/\/www.strassenweb.de\/nachrichten\/einer-der-seltensten-voegel-europas-bruetet-zum-ersten-mal-in-west\/","title":{"rendered":"Einer der seltensten V\u00f6gel Europas br\u00fctet zum ersten Mal in West &#8230;"},"content":{"rendered":"<p><strong>Zum ersten Mal seit Beginn der Aufzeichnungen wurde der eurasische Spoonbill in Wild Ken Hill in West Norfolk erfolgreich z\u00fcchtet und eine Erfolgsgeschichte markiert. <\/strong><\/p>\n<p>Diese bemerkenswerten V\u00f6gel wurden in Gro\u00dfbritannien im Mittelalter gefunden, fehlten jedoch \u00fcber 300 Jahre bis 2010 als Brutart, als an der K\u00fcste von North Norfolk im Holkham Nature Reserve eine kleine Kolonie entdeckt wurde. <\/p>\n<p>Hetty Grant, Naturschutzmanager bei Wild Ken Hill, hoffte, dass sich Spoonbills auf Wild Ken Hill ausbreiteten, wo die S\u00fcmpfe sorgf\u00e4ltig f\u00fcr die Natur verwaltet wurden. Sie sagte: \u201eL\u00f6ffelbills sind so seltsam aussehende V\u00f6gel, die Sie nicht anders k\u00f6nnen, als von ihnen begeistert zu sein, insbesondere wenn man bedenkt, dass die K\u00e4mpfe, die sie als Spezies erleiden,. Da der Lebensraum auf dem Sumpf hier gereift ist, habe ich mit Spannung ihre Ankunft vorweggenommen und in ihrem ersten Brutjahr haben wir 4 Nester verzeichnet, die 10 jung produzieren.\u201c<\/p>\n<p>Der eurasische L\u00f6ffel ist nach ihrer unverwechselbaren Spatel-\u00e4hnlichen Rechnung benannt, die sie anmutig von einer Seite zur Seite im Wasser fegen, um Insekten, kleine Fische und andere Beute zu fangen. Sie k\u00f6nnen bis zu 2 kg wiegen und ihre Fl\u00fcgelspannweite k\u00f6nnen viereinhalb Fu\u00df erreichen. Die Nachricht von den Nestern wurde bisher ruhig gehalten, da St\u00f6rungen, bevor die V\u00f6gel -Flecken sie verlassen konnten.<\/p>\n<p>Eine Person, die den erstaunlichen Erfolg dokumentiert hat, ist der in Snettisham ans\u00e4ssige und scharfe Wildtierfotograf Gra Bloomfield <em>(Hinweis &#8211; Alle Fotos in dieser Pressemitteilung wurden von GRA in Wild Ken Hill aufgenommen).<\/em> Er sagte: \u201eAls ich zum ersten Mal L\u00f6ffel in den B\u00e4umen von Wild Ken Hill sah, konnte ich nicht glauben, was ich sah. Zu sagen, dass ich sehr aufgeregt war, eine Premiere f\u00fcr unsere Gegend zu sehen, ist eine Untertreibung!  <\/p>\n<p>&#8222;Es war sehr frustrierend, dass es sehr frustrierend war, diese V\u00f6gel zu sch\u00fctzen. Bei einem der Nester, der im Blick auf den K\u00fcstenfu\u00dfweg war, gab es mir die M\u00f6glichkeit, ihre Fortschritte \u00fcber viele Wochen zu \u00fcberwachen; von der Mutter, die auf dem Nest sitzt, bis hin zu den K\u00fcken bis zum Schleudern.&#8220;<\/p>\n<p>Laut RSPB wird angenommen, dass es in Gro\u00dfbritannien rund 73 Zuchtpaare eurasischer L\u00f6ffel gibt, was diese Kolonie im Wild Ken Hill \u00fcber 5% der gesamten britischen Zuchtbev\u00f6lkerung ausmacht. Die RSPB -Listenl\u00f6ffel als sehr seltene Brutvogel in Gro\u00dfbritannien und als Sorge der europ\u00e4ischen Naturschutz. Ihre Nester bestehen aus Zweigen und St\u00f6cken und mit Gras ausgekleidet, typischerweise in B\u00e4umen und B\u00fcschen etwa 5 Meter vom Boden entfernt. Sie nisten gemeinsam mit anderen Arten wie kleinen Reiher und grauen Reiher und liegen zwischen 3 und 5 Eiern. Die Eier schl\u00fcpfen nach etwa 25 Tagen, wobei die K\u00fcken etwa 50 Tage danach endlich ausflie\u00dfen.<\/p>\n<p>Dominic Buscall, Gr\u00fcnder von Wild Ken Hill, sagte: \u201eWenn eine Spezies koloniiert oder nach Wild Ken Hill zur\u00fcckkehrt, ist es unglaublich erhebend, insbesondere ein so seltener und auff\u00e4lliger Vogel wie der Spoonbill. Ich freue mich sehr, dass die harte Arbeit und der Ehrgeiz des Teams mit einem besonderen Moment wie diesem Bem\u00fchungen, die Natur wiederherzustellen, zu sehen, und es ist gut f\u00fcr die Zukunft.\u201c \u201c<\/p>\n<p>Mr Bloomfield f\u00fcgte hinzu: \u201eEinen Einblick in diese wunderbar seltsam aussehenden V\u00f6gel war eine fantastische Erfahrung. Ich habe noch fremde Dinge wie kleine Reiz mit Mutter und K\u00fcken auf dem Nest landen. Ein gro\u00dfartiger Ort zum Gehen mit einer Vielzahl von Lebensr\u00e4umen zum Erkennen von Wildtieren. <\/p>\n<hr class=\"wp-block-separator has-alpha-channel-opacity\">\n<p><em>Fotokredit: Gra Bloomfield<\/em><\/p>\n<p><em>Wild Ken Hill ist ein Projekt, um die Natur wiederherzustellen, den Klimawandel zu bek\u00e4mpfen und gesunde Lebensmittel in einer K\u00fcstenfarm in West Norfolk zu steigern. <\/em><\/p>\n<p><em>Wild Ken Hill nutzt die Wiederaufnahme, die Regenerative Landwirtschaft und die traditionellen Naturschutzpraktiken nebeneinander in einem einzigartigen, innovativen Ansatz. <\/em><\/p>\n<p><em>Weitere Informationen unter www.wildkenhill.co.uk<\/em><\/p>\n","protected":false},"excerpt":{"rendered":"<p>Zum ersten Mal seit Beginn der Aufzeichnungen wurde der eurasische Spoonbill in Wild Ken Hill in West Norfolk erfolgreich z\u00fcchtet und eine Erfolgsgeschichte markiert. Diese<\/p>\n","protected":false},"author":1,"featured_media":6435,"comment_status":"closed","ping_status":"","sticky":false,"template":"","format":"standard","meta":{"footnotes":""},"categories":[101],"tags":[8830,81,303,1189,8829,1190,227,918,1872,67],"class_list":["post-6434","post","type-post","status-publish","format-standard","has-post-thumbnail","hentry","category-oekologie","tag-bruetet","tag-der","tag-einer","tag-ersten","tag-europas","tag-mal","tag-seltensten","tag-voegel","tag-west","tag-zum","generate-columns","tablet-grid-50","mobile-grid-100","grid-parent","grid-50"],"yoast_head":"<!-- This site is optimized with the Yoast SEO plugin v27.3 - https:\/\/yoast.com\/product\/yoast-seo-wordpress\/ -->\n<title>Einer der seltensten V\u00f6gel Europas br\u00fctet zum ersten Mal in West ... - Nachrichten - Stra\u00dfenweb<\/title>\n<meta name=\"robots\" content=\"index, follow, max-snippet:-1, max-image-preview:large, max-video-preview:-1\" \/>\n<link rel=\"canonical\" href=\"https:\/\/www.strassenweb.de\/nachrichten\/einer-der-seltensten-voegel-europas-bruetet-zum-ersten-mal-in-west\/\" \/>\n<meta property=\"og:locale\" content=\"de_DE\" \/>\n<meta property=\"og:type\" content=\"article\" \/>\n<meta property=\"og:title\" content=\"Einer der seltensten V\u00f6gel Europas br\u00fctet zum ersten Mal in West ... - Nachrichten - Stra\u00dfenweb\" \/>\n<meta property=\"og:description\" content=\"Zum ersten Mal seit Beginn der Aufzeichnungen wurde der eurasische Spoonbill in Wild Ken Hill in West Norfolk erfolgreich z\u00fcchtet und eine Erfolgsgeschichte markiert. Diese\" \/>\n<meta property=\"og:url\" content=\"https:\/\/www.strassenweb.de\/nachrichten\/einer-der-seltensten-voegel-europas-bruetet-zum-ersten-mal-in-west\/\" \/>\n<meta property=\"og:site_name\" content=\"Stra\u00dfenweb\" \/>\n<meta property=\"article:publisher\" content=\"https:\/\/www.facebook.com\/strassenweb\/\" \/>\n<meta property=\"article:published_time\" content=\"2025-07-24T16:46:08+00:00\" \/>\n<meta property=\"article:modified_time\" content=\"2025-07-24T16:46:09+00:00\" \/>\n<meta property=\"og:image\" content=\"https:\/\/www.strassenweb.de\/nachrichten\/wp-content\/uploads\/2025\/07\/Einer-der-seltensten-Voegel-Europas-bruetet-zum-ersten-Mal-in.jpe\" \/>\n\t<meta property=\"og:image:width\" content=\"900\" \/>\n\t<meta property=\"og:image:height\" content=\"600\" \/>\n\t<meta property=\"og:image:type\" content=\"image\/jpeg\" \/>\n<meta name=\"author\" content=\"Robert Hoffmann\" \/>\n<meta name=\"twitter:card\" content=\"summary_large_image\" \/>\n<meta name=\"twitter:label1\" content=\"Verfasst von\" \/>\n\t<meta name=\"twitter:data1\" content=\"Robert Hoffmann\" \/>\n\t<meta name=\"twitter:label2\" content=\"Gesch\u00e4tzte Lesezeit\" \/>\n\t<meta name=\"twitter:data2\" content=\"3\u00a0Minuten\" \/>\n<script type=\"application\/ld+json\" class=\"yoast-schema-graph\">{\"@context\":\"https:\\\/\\\/schema.org\",\"@graph\":[{\"@type\":\"Article\",\"@id\":\"https:\\\/\\\/www.strassenweb.de\\\/nachrichten\\\/einer-der-seltensten-voegel-europas-bruetet-zum-ersten-mal-in-west\\\/#article\",\"isPartOf\":{\"@id\":\"https:\\\/\\\/www.strassenweb.de\\\/nachrichten\\\/einer-der-seltensten-voegel-europas-bruetet-zum-ersten-mal-in-west\\\/\"},\"author\":{\"name\":\"Robert Hoffmann\",\"@id\":\"https:\\\/\\\/www.strassenweb.de\\\/nachrichten\\\/#\\\/schema\\\/person\\\/87c9c9067f1211da429a744dc5a5aa41\"},\"headline\":\"Einer der seltensten V\u00f6gel Europas br\u00fctet zum ersten Mal in West &#8230;\",\"datePublished\":\"2025-07-24T16:46:08+00:00\",\"dateModified\":\"2025-07-24T16:46:09+00:00\",\"mainEntityOfPage\":{\"@id\":\"https:\\\/\\\/www.strassenweb.de\\\/nachrichten\\\/einer-der-seltensten-voegel-europas-bruetet-zum-ersten-mal-in-west\\\/\"},\"wordCount\":648,\"publisher\":{\"@id\":\"https:\\\/\\\/www.strassenweb.de\\\/nachrichten\\\/#organization\"},\"image\":{\"@id\":\"https:\\\/\\\/www.strassenweb.de\\\/nachrichten\\\/einer-der-seltensten-voegel-europas-bruetet-zum-ersten-mal-in-west\\\/#primaryimage\"},\"thumbnailUrl\":\"https:\\\/\\\/www.strassenweb.de\\\/nachrichten\\\/wp-content\\\/uploads\\\/2025\\\/07\\\/Einer-der-seltensten-Voegel-Europas-bruetet-zum-ersten-Mal-in.jpe\",\"keywords\":[\"br\u00fctet\",\"der\",\"einer\",\"ersten\",\"Europas\",\"Mal\",\"seltensten\",\"V\u00f6gel\",\"West\",\"zum\"],\"articleSection\":[\"\u00d6kologie\"],\"inLanguage\":\"de\"},{\"@type\":\"WebPage\",\"@id\":\"https:\\\/\\\/www.strassenweb.de\\\/nachrichten\\\/einer-der-seltensten-voegel-europas-bruetet-zum-ersten-mal-in-west\\\/\",\"url\":\"https:\\\/\\\/www.strassenweb.de\\\/nachrichten\\\/einer-der-seltensten-voegel-europas-bruetet-zum-ersten-mal-in-west\\\/\",\"name\":\"Einer der seltensten V\u00f6gel Europas br\u00fctet zum ersten Mal in West ... - Nachrichten - Stra\u00dfenweb\",\"isPartOf\":{\"@id\":\"https:\\\/\\\/www.strassenweb.de\\\/nachrichten\\\/#website\"},\"primaryImageOfPage\":{\"@id\":\"https:\\\/\\\/www.strassenweb.de\\\/nachrichten\\\/einer-der-seltensten-voegel-europas-bruetet-zum-ersten-mal-in-west\\\/#primaryimage\"},\"image\":{\"@id\":\"https:\\\/\\\/www.strassenweb.de\\\/nachrichten\\\/einer-der-seltensten-voegel-europas-bruetet-zum-ersten-mal-in-west\\\/#primaryimage\"},\"thumbnailUrl\":\"https:\\\/\\\/www.strassenweb.de\\\/nachrichten\\\/wp-content\\\/uploads\\\/2025\\\/07\\\/Einer-der-seltensten-Voegel-Europas-bruetet-zum-ersten-Mal-in.jpe\",\"datePublished\":\"2025-07-24T16:46:08+00:00\",\"dateModified\":\"2025-07-24T16:46:09+00:00\",\"breadcrumb\":{\"@id\":\"https:\\\/\\\/www.strassenweb.de\\\/nachrichten\\\/einer-der-seltensten-voegel-europas-bruetet-zum-ersten-mal-in-west\\\/#breadcrumb\"},\"inLanguage\":\"de\",\"potentialAction\":[{\"@type\":\"ReadAction\",\"target\":[\"https:\\\/\\\/www.strassenweb.de\\\/nachrichten\\\/einer-der-seltensten-voegel-europas-bruetet-zum-ersten-mal-in-west\\\/\"]}]},{\"@type\":\"ImageObject\",\"inLanguage\":\"de\",\"@id\":\"https:\\\/\\\/www.strassenweb.de\\\/nachrichten\\\/einer-der-seltensten-voegel-europas-bruetet-zum-ersten-mal-in-west\\\/#primaryimage\",\"url\":\"https:\\\/\\\/www.strassenweb.de\\\/nachrichten\\\/wp-content\\\/uploads\\\/2025\\\/07\\\/Einer-der-seltensten-Voegel-Europas-bruetet-zum-ersten-Mal-in.jpe\",\"contentUrl\":\"https:\\\/\\\/www.strassenweb.de\\\/nachrichten\\\/wp-content\\\/uploads\\\/2025\\\/07\\\/Einer-der-seltensten-Voegel-Europas-bruetet-zum-ersten-Mal-in.jpe\",\"width\":900,\"height\":600,\"caption\":\"One of Europe\u2019s rarest birds breeds for the first time at west Norfolk nature restoration project\"},{\"@type\":\"BreadcrumbList\",\"@id\":\"https:\\\/\\\/www.strassenweb.de\\\/nachrichten\\\/einer-der-seltensten-voegel-europas-bruetet-zum-ersten-mal-in-west\\\/#breadcrumb\",\"itemListElement\":[{\"@type\":\"ListItem\",\"position\":1,\"name\":\"Home\",\"item\":\"https:\\\/\\\/www.strassenweb.de\\\/nachrichten\\\/\"},{\"@type\":\"ListItem\",\"position\":2,\"name\":\"Einer der seltensten V\u00f6gel Europas br\u00fctet zum ersten Mal in West &#8230;\"}]},{\"@type\":\"WebSite\",\"@id\":\"https:\\\/\\\/www.strassenweb.de\\\/nachrichten\\\/#website\",\"url\":\"https:\\\/\\\/www.strassenweb.de\\\/nachrichten\\\/\",\"name\":\"Stra\u00dfenweb\",\"description\":\"Stra\u00dfenverzeichnis f\u00fcr Deutschland\",\"publisher\":{\"@id\":\"https:\\\/\\\/www.strassenweb.de\\\/nachrichten\\\/#organization\"},\"potentialAction\":[{\"@type\":\"SearchAction\",\"target\":{\"@type\":\"EntryPoint\",\"urlTemplate\":\"https:\\\/\\\/www.strassenweb.de\\\/nachrichten\\\/?s={search_term_string}\"},\"query-input\":{\"@type\":\"PropertyValueSpecification\",\"valueRequired\":true,\"valueName\":\"search_term_string\"}}],\"inLanguage\":\"de\"},{\"@type\":\"Organization\",\"@id\":\"https:\\\/\\\/www.strassenweb.de\\\/nachrichten\\\/#organization\",\"name\":\"Stra\u00dfenweb\",\"url\":\"https:\\\/\\\/www.strassenweb.de\\\/nachrichten\\\/\",\"logo\":{\"@type\":\"ImageObject\",\"inLanguage\":\"de\",\"@id\":\"https:\\\/\\\/www.strassenweb.de\\\/nachrichten\\\/#\\\/schema\\\/logo\\\/image\\\/\",\"url\":\"https:\\\/\\\/www.strassenweb.de\\\/nachrichten\\\/wp-content\\\/uploads\\\/2024\\\/09\\\/cropped-favicon.png\",\"contentUrl\":\"https:\\\/\\\/www.strassenweb.de\\\/nachrichten\\\/wp-content\\\/uploads\\\/2024\\\/09\\\/cropped-favicon.png\",\"width\":512,\"height\":512,\"caption\":\"Stra\u00dfenweb\"},\"image\":{\"@id\":\"https:\\\/\\\/www.strassenweb.de\\\/nachrichten\\\/#\\\/schema\\\/logo\\\/image\\\/\"},\"sameAs\":[\"https:\\\/\\\/www.facebook.com\\\/strassenweb\\\/\"]},{\"@type\":\"Person\",\"@id\":\"https:\\\/\\\/www.strassenweb.de\\\/nachrichten\\\/#\\\/schema\\\/person\\\/87c9c9067f1211da429a744dc5a5aa41\",\"name\":\"Robert Hoffmann\",\"image\":{\"@type\":\"ImageObject\",\"inLanguage\":\"de\",\"@id\":\"https:\\\/\\\/www.strassenweb.de\\\/nachrichten\\\/wp-content\\\/uploads\\\/2024\\\/09\\\/strassenweb-150x150.jpg\",\"url\":\"https:\\\/\\\/www.strassenweb.de\\\/nachrichten\\\/wp-content\\\/uploads\\\/2024\\\/09\\\/strassenweb-150x150.jpg\",\"contentUrl\":\"https:\\\/\\\/www.strassenweb.de\\\/nachrichten\\\/wp-content\\\/uploads\\\/2024\\\/09\\\/strassenweb-150x150.jpg\",\"caption\":\"Robert Hoffmann\"},\"description\":\"Ich hei\u00dfe Robert Hoffmann und ich bin ein leidenschaftlicher Verfechter von \u00d6kologie und Biodiversit\u00e4t. Seit meiner Kindheit in den W\u00e4ldern Bayerns f\u00fchle ich mich mit der Natur verbunden und bin entschlossen, sie zu sch\u00fctzen. Heute widme ich mein Leben der Sensibilisierung anderer f\u00fcr die Bedeutung des Umweltschutzes f\u00fcr zuk\u00fcnftige Generationen.\",\"sameAs\":[\"https:\\\/\\\/www.strassenweb.de\\\/\"]}]}<\/script>\n<!-- \/ Yoast SEO plugin. -->","yoast_head_json":{"title":"Einer der seltensten V\u00f6gel Europas br\u00fctet zum ersten Mal in West ... - Nachrichten - Stra\u00dfenweb","robots":{"index":"index","follow":"follow","max-snippet":"max-snippet:-1","max-image-preview":"max-image-preview:large","max-video-preview":"max-video-preview:-1"},"canonical":"https:\/\/www.strassenweb.de\/nachrichten\/einer-der-seltensten-voegel-europas-bruetet-zum-ersten-mal-in-west\/","og_locale":"de_DE","og_type":"article","og_title":"Einer der seltensten V\u00f6gel Europas br\u00fctet zum ersten Mal in West ... - Nachrichten - Stra\u00dfenweb","og_description":"Zum ersten Mal seit Beginn der Aufzeichnungen wurde der eurasische Spoonbill in Wild Ken Hill in West Norfolk erfolgreich z\u00fcchtet und eine Erfolgsgeschichte markiert. Diese","og_url":"https:\/\/www.strassenweb.de\/nachrichten\/einer-der-seltensten-voegel-europas-bruetet-zum-ersten-mal-in-west\/","og_site_name":"Stra\u00dfenweb","article_publisher":"https:\/\/www.facebook.com\/strassenweb\/","article_published_time":"2025-07-24T16:46:08+00:00","article_modified_time":"2025-07-24T16:46:09+00:00","og_image":[{"width":900,"height":600,"url":"https:\/\/www.strassenweb.de\/nachrichten\/wp-content\/uploads\/2025\/07\/Einer-der-seltensten-Voegel-Europas-bruetet-zum-ersten-Mal-in.jpe","type":"image\/jpeg"}],"author":"Robert Hoffmann","twitter_card":"summary_large_image","twitter_misc":{"Verfasst von":"Robert Hoffmann","Gesch\u00e4tzte Lesezeit":"3\u00a0Minuten"},"schema":{"@context":"https:\/\/schema.org","@graph":[{"@type":"Article","@id":"https:\/\/www.strassenweb.de\/nachrichten\/einer-der-seltensten-voegel-europas-bruetet-zum-ersten-mal-in-west\/#article","isPartOf":{"@id":"https:\/\/www.strassenweb.de\/nachrichten\/einer-der-seltensten-voegel-europas-bruetet-zum-ersten-mal-in-west\/"},"author":{"name":"Robert Hoffmann","@id":"https:\/\/www.strassenweb.de\/nachrichten\/#\/schema\/person\/87c9c9067f1211da429a744dc5a5aa41"},"headline":"Einer der seltensten V\u00f6gel Europas br\u00fctet zum ersten Mal in West &#8230;","datePublished":"2025-07-24T16:46:08+00:00","dateModified":"2025-07-24T16:46:09+00:00","mainEntityOfPage":{"@id":"https:\/\/www.strassenweb.de\/nachrichten\/einer-der-seltensten-voegel-europas-bruetet-zum-ersten-mal-in-west\/"},"wordCount":648,"publisher":{"@id":"https:\/\/www.strassenweb.de\/nachrichten\/#organization"},"image":{"@id":"https:\/\/www.strassenweb.de\/nachrichten\/einer-der-seltensten-voegel-europas-bruetet-zum-ersten-mal-in-west\/#primaryimage"},"thumbnailUrl":"https:\/\/www.strassenweb.de\/nachrichten\/wp-content\/uploads\/2025\/07\/Einer-der-seltensten-Voegel-Europas-bruetet-zum-ersten-Mal-in.jpe","keywords":["br\u00fctet","der","einer","ersten","Europas","Mal","seltensten","V\u00f6gel","West","zum"],"articleSection":["\u00d6kologie"],"inLanguage":"de"},{"@type":"WebPage","@id":"https:\/\/www.strassenweb.de\/nachrichten\/einer-der-seltensten-voegel-europas-bruetet-zum-ersten-mal-in-west\/","url":"https:\/\/www.strassenweb.de\/nachrichten\/einer-der-seltensten-voegel-europas-bruetet-zum-ersten-mal-in-west\/","name":"Einer der seltensten V\u00f6gel Europas br\u00fctet zum ersten Mal in West ... - Nachrichten - Stra\u00dfenweb","isPartOf":{"@id":"https:\/\/www.strassenweb.de\/nachrichten\/#website"},"primaryImageOfPage":{"@id":"https:\/\/www.strassenweb.de\/nachrichten\/einer-der-seltensten-voegel-europas-bruetet-zum-ersten-mal-in-west\/#primaryimage"},"image":{"@id":"https:\/\/www.strassenweb.de\/nachrichten\/einer-der-seltensten-voegel-europas-bruetet-zum-ersten-mal-in-west\/#primaryimage"},"thumbnailUrl":"https:\/\/www.strassenweb.de\/nachrichten\/wp-content\/uploads\/2025\/07\/Einer-der-seltensten-Voegel-Europas-bruetet-zum-ersten-Mal-in.jpe","datePublished":"2025-07-24T16:46:08+00:00","dateModified":"2025-07-24T16:46:09+00:00","breadcrumb":{"@id":"https:\/\/www.strassenweb.de\/nachrichten\/einer-der-seltensten-voegel-europas-bruetet-zum-ersten-mal-in-west\/#breadcrumb"},"inLanguage":"de","potentialAction":[{"@type":"ReadAction","target":["https:\/\/www.strassenweb.de\/nachrichten\/einer-der-seltensten-voegel-europas-bruetet-zum-ersten-mal-in-west\/"]}]},{"@type":"ImageObject","inLanguage":"de","@id":"https:\/\/www.strassenweb.de\/nachrichten\/einer-der-seltensten-voegel-europas-bruetet-zum-ersten-mal-in-west\/#primaryimage","url":"https:\/\/www.strassenweb.de\/nachrichten\/wp-content\/uploads\/2025\/07\/Einer-der-seltensten-Voegel-Europas-bruetet-zum-ersten-Mal-in.jpe","contentUrl":"https:\/\/www.strassenweb.de\/nachrichten\/wp-content\/uploads\/2025\/07\/Einer-der-seltensten-Voegel-Europas-bruetet-zum-ersten-Mal-in.jpe","width":900,"height":600,"caption":"One of Europe\u2019s rarest birds breeds for the first time at west Norfolk nature restoration project"},{"@type":"BreadcrumbList","@id":"https:\/\/www.strassenweb.de\/nachrichten\/einer-der-seltensten-voegel-europas-bruetet-zum-ersten-mal-in-west\/#breadcrumb","itemListElement":[{"@type":"ListItem","position":1,"name":"Home","item":"https:\/\/www.strassenweb.de\/nachrichten\/"},{"@type":"ListItem","position":2,"name":"Einer der seltensten V\u00f6gel Europas br\u00fctet zum ersten Mal in West &#8230;"}]},{"@type":"WebSite","@id":"https:\/\/www.strassenweb.de\/nachrichten\/#website","url":"https:\/\/www.strassenweb.de\/nachrichten\/","name":"Stra\u00dfenweb","description":"Stra\u00dfenverzeichnis f\u00fcr Deutschland","publisher":{"@id":"https:\/\/www.strassenweb.de\/nachrichten\/#organization"},"potentialAction":[{"@type":"SearchAction","target":{"@type":"EntryPoint","urlTemplate":"https:\/\/www.strassenweb.de\/nachrichten\/?s={search_term_string}"},"query-input":{"@type":"PropertyValueSpecification","valueRequired":true,"valueName":"search_term_string"}}],"inLanguage":"de"},{"@type":"Organization","@id":"https:\/\/www.strassenweb.de\/nachrichten\/#organization","name":"Stra\u00dfenweb","url":"https:\/\/www.strassenweb.de\/nachrichten\/","logo":{"@type":"ImageObject","inLanguage":"de","@id":"https:\/\/www.strassenweb.de\/nachrichten\/#\/schema\/logo\/image\/","url":"https:\/\/www.strassenweb.de\/nachrichten\/wp-content\/uploads\/2024\/09\/cropped-favicon.png","contentUrl":"https:\/\/www.strassenweb.de\/nachrichten\/wp-content\/uploads\/2024\/09\/cropped-favicon.png","width":512,"height":512,"caption":"Stra\u00dfenweb"},"image":{"@id":"https:\/\/www.strassenweb.de\/nachrichten\/#\/schema\/logo\/image\/"},"sameAs":["https:\/\/www.facebook.com\/strassenweb\/"]},{"@type":"Person","@id":"https:\/\/www.strassenweb.de\/nachrichten\/#\/schema\/person\/87c9c9067f1211da429a744dc5a5aa41","name":"Robert Hoffmann","image":{"@type":"ImageObject","inLanguage":"de","@id":"https:\/\/www.strassenweb.de\/nachrichten\/wp-content\/uploads\/2024\/09\/strassenweb-150x150.jpg","url":"https:\/\/www.strassenweb.de\/nachrichten\/wp-content\/uploads\/2024\/09\/strassenweb-150x150.jpg","contentUrl":"https:\/\/www.strassenweb.de\/nachrichten\/wp-content\/uploads\/2024\/09\/strassenweb-150x150.jpg","caption":"Robert Hoffmann"},"description":"Ich hei\u00dfe Robert Hoffmann und ich bin ein leidenschaftlicher Verfechter von \u00d6kologie und Biodiversit\u00e4t. Seit meiner Kindheit in den W\u00e4ldern Bayerns f\u00fchle ich mich mit der Natur verbunden und bin entschlossen, sie zu sch\u00fctzen. Heute widme ich mein Leben der Sensibilisierung anderer f\u00fcr die Bedeutung des Umweltschutzes f\u00fcr zuk\u00fcnftige Generationen.","sameAs":["https:\/\/www.strassenweb.de\/"]}]}},"_links":{"self":[{"href":"https:\/\/www.strassenweb.de\/nachrichten\/wp-json\/wp\/v2\/posts\/6434","targetHints":{"allow":["GET"]}}],"collection":[{"href":"https:\/\/www.strassenweb.de\/nachrichten\/wp-json\/wp\/v2\/posts"}],"about":[{"href":"https:\/\/www.strassenweb.de\/nachrichten\/wp-json\/wp\/v2\/types\/post"}],"author":[{"embeddable":true,"href":"https:\/\/www.strassenweb.de\/nachrichten\/wp-json\/wp\/v2\/users\/1"}],"replies":[{"embeddable":true,"href":"https:\/\/www.strassenweb.de\/nachrichten\/wp-json\/wp\/v2\/comments?post=6434"}],"version-history":[{"count":0,"href":"https:\/\/www.strassenweb.de\/nachrichten\/wp-json\/wp\/v2\/posts\/6434\/revisions"}],"wp:featuredmedia":[{"embeddable":true,"href":"https:\/\/www.strassenweb.de\/nachrichten\/wp-json\/wp\/v2\/media\/6435"}],"wp:attachment":[{"href":"https:\/\/www.strassenweb.de\/nachrichten\/wp-json\/wp\/v2\/media?parent=6434"}],"wp:term":[{"taxonomy":"category","embeddable":true,"href":"https:\/\/www.strassenweb.de\/nachrichten\/wp-json\/wp\/v2\/categories?post=6434"},{"taxonomy":"post_tag","embeddable":true,"href":"https:\/\/www.strassenweb.de\/nachrichten\/wp-json\/wp\/v2\/tags?post=6434"}],"curies":[{"name":"wp","href":"https:\/\/api.w.org\/{rel}","templated":true}]}}