{"id":6413,"date":"2025-07-23T17:42:11","date_gmt":"2025-07-23T15:42:11","guid":{"rendered":"https:\/\/www.strassenweb.de\/nachrichten\/camila-cabellos-wunderschoene-kuechenbeleuchtung-ueberzeugt-mich-einen-leuchten-vorzustellen-es-ist-fast-zu-elegant-um-praktisch-zu-sein\/"},"modified":"2025-07-23T17:42:12","modified_gmt":"2025-07-23T15:42:12","slug":"camila-cabellos-wunderschoene-kuechenbeleuchtung-ueberzeugt-mich-einen-leuchten-vorzustellen-es-ist-fast-zu-elegant-um-praktisch-zu-sein","status":"publish","type":"post","link":"https:\/\/www.strassenweb.de\/nachrichten\/camila-cabellos-wunderschoene-kuechenbeleuchtung-ueberzeugt-mich-einen-leuchten-vorzustellen-es-ist-fast-zu-elegant-um-praktisch-zu-sein\/","title":{"rendered":"Camila Cabellos wundersch\u00f6ne K\u00fcchenbeleuchtung \u00fcberzeugt mich, einen Leuchten vorzustellen &#8211; es ist fast zu elegant, um praktisch zu sein"},"content":{"rendered":"<div id=\"article-body\" class=\"article__body \">\n<p>Bei der Betrachtung des K\u00fcchenbemangs ist die Beleuchtung eine der besten M\u00f6glichkeiten, um eine einladende Atmosph\u00e4re zu kuratieren &#8211; und f\u00fcr seine Funktionalit\u00e4t unglaublich wichtig zu sein.<\/p>\n<div id=\"ad-unit-1\" class=\"ad-unit\"><\/div>\n<p>Wir nehmen Cues von Camila Cabello, die k\u00fcrzlich einen Schnaps ihrer warmen Holzk\u00fcche auf ihre Instagram -Seite geteilt haben. Sie hat sich f\u00fcr eine Wandleuchte entschieden, die sich bequem \u00fcber ihrem Arbeitsplatzbereich befindet, und es gibt uns einige fantastische Ideen f\u00fcr K\u00fcchenbeleuchtung.<\/p>\n<aside data-block-type=\"embed\" data-render-type=\"fte\" data-skip=\"dealsy\" data-widget-type=\"seasonal\" class=\"hawk-base\"><\/aside>\n<p>Der geriffelte Schatten und der metallische Arm verleihen der Gegend ein luxuri\u00f6ses, minimalistisches Gef\u00fchl und dienen in perfektem Kontrast zu ihren nat\u00fcrlichen Steinmauern. Es ist auch sehr praktisch, da dieser Bereich ein Raum zur Zubereitung von Lebensmitteln ist und das Licht reichlich Sichtbarkeit bietet.<\/p>\n<div class=\"van_vid_carousel\">\n<div class=\"van_vid_carousel__padding\">\n<div class=\"van_vid_carousel__container\"><\/div>\n<\/div>\n<\/div>\n<aside data-component-name=\"Recirculation:ArticleRiver\" data-nosnippet class=\"pt-3 pb-4 mb-4 border-b border-solid border-(#333)\">\n<span class=\"\nafter:content-('') after:flex-1 after:ml-4 after:my-(0.7rem) after:border-t-(#333) after:border-t after:border-solid\nbefore:content-('') before:flex-1 before:mr-4 before:my-(0.7rem) before:border-t-(#333) before:border-t before:border-solid\nfont-article-heading pb-3 !text-base font-bold uppercase sm:text-sm text-(#333) flex\"><\/p>\n<p>Sie m\u00f6gen m\u00f6gen<br \/>\n<\/span><\/p>\n<ul class=\"flex flex-col gap-3 m-0\">\n<li class=\"m-0 list-none\" name=\"recirculation-inline\" data-analytics-id=\"recirculation-inline-1\" analytics-label=\"adviser:related\">\n<picture data-new-v2-image=\"true\" class=\"w-(--article-river-thumbnail-width,60px) flex-shrink-0\"><source type=\"image\/webp\"  ><\/source><\/p>\n<\/picture>\n<span class=\"hover:text-inherit font-article-heading text-base text-(#333) leading-5 content-center\">Nate Berkus hat mich \u00fcberzeugt. Ich brauche diese &#8222;unkonventionelle&#8220; Funktion in meiner K\u00fcche &#8211; es ist eine v\u00f6llig erschwingliche M\u00f6glichkeit, einen schicken Kochplatz zu schaffen<\/span><\/p>\n<\/li>\n<li class=\"m-0 list-none\" name=\"recirculation-inline\" data-analytics-id=\"recirculation-inline-2\" analytics-label=\"adviser:related\">\n<picture data-new-v2-image=\"true\" class=\"w-(--article-river-thumbnail-width,60px) flex-shrink-0\"><source type=\"image\/webp\"  ><\/source><br \/>\n<img decoding=\"async\" alt=\"Eine wei\u00dfe K\u00fcche mit Marmorz\u00e4hler und ein Schichtbeleuchtungsschema\"   loading=\"lazy\" data-new-v2-image=\"true\" src=\"https:\/\/www.strassenweb.de\/nachrichten\/wp-content\/uploads\/2025\/06\/9f4UstdbRpahPJYmrxg5b9.jpg\" data-pin-media=\"https:\/\/www.strassenweb.de\/nachrichten\/wp-content\/uploads\/2025\/06\/9f4UstdbRpahPJYmrxg5b9.jpg\" data-pin-nopin=\"true\" class=\"aspect-(--img-listing-aspect-ratio,16\/9) object-cover w-(--article-river-thumbnail-width,60px) flex-shrink-0\">\n<\/picture>\n<span class=\"hover:text-inherit font-article-heading text-base text-(#333) leading-5 content-center\">Ich fragte einen Innenarchitekten, was Sie in einem K\u00fcchenumbau tun m\u00fcssen, um sicherzustellen, dass Sie ihn f\u00fcr immer lieben &#8211; ihre Antwort war \u00fcberraschend einfach<\/span><\/p>\n<\/li>\n<li class=\"m-0 list-none\" name=\"recirculation-inline\" data-analytics-id=\"recirculation-inline-3\" analytics-label=\"adviser:related\">\n<picture data-new-v2-image=\"true\" class=\"w-(--article-river-thumbnail-width,60px) flex-shrink-0\"><source type=\"image\/webp\"  ><\/source><br \/>\n<img decoding=\"async\" alt=\"Anne Hathaway \"   loading=\"lazy\" data-new-v2-image=\"true\" src=\"https:\/\/www.strassenweb.de\/nachrichten\/wp-content\/uploads\/2025\/07\/QQsd7XpCc939oGLuERLQ4M.jpg\" data-pin-media=\"https:\/\/www.strassenweb.de\/nachrichten\/wp-content\/uploads\/2025\/07\/QQsd7XpCc939oGLuERLQ4M.jpg\" data-pin-nopin=\"true\" class=\"aspect-(--img-listing-aspect-ratio,16\/9) object-cover w-(--article-river-thumbnail-width,60px) flex-shrink-0\">\n<\/picture>\n<span class=\"hover:text-inherit font-article-heading text-base text-(#333) leading-5 content-center\">Anne Hathaways Statement Lighting bringt ein luxuri\u00f6ses Ambiente in ihren Essbereich &#8211; aber Top -Designer sagen, dass es in jedem Haus nicht funktioniert<\/span><\/p>\n<\/li>\n<\/ul>\n<\/aside>\n<div class=\"instagram-embed\">\n<blockquote class=\"instagram-media\" data-instgrm-captioned data-instgrm-version=\"6\" style=\"width:99.375%; width:-webkit-calc(100% - 2px); width:calc(100% - 2px);\">\n<p>Ein Beitrag, der von Camila (@camila_cabello) geteilt wird<\/p>\n<p>Ein Foto von on <\/p>\n<\/blockquote>\n<\/div>\n<h3 class=\"article-body__section\" id=\"section-shop-the-kitchen-lighting-edit\"><span>Kaufen Sie die K\u00fcchenbeleuchtung ein<\/span><\/h3>\n<div class=\"product-container hero-product-container product-block-no-wrap\">\n<div class=\"product-block-row\"><\/div>\n<div class=\"product-block-row\"><\/div>\n<div class=\"product-block-row\"><\/div>\n<\/div>\n<p>W\u00e4hrend Wandleuchter h\u00e4ufig in Fluren, Schlafzimmern oder Badezimmern eingef\u00fchrt werden, ist es eine gro\u00dfartige M\u00f6glichkeit, Volumen zu schaffen und einen bestimmten Bereich Ihres Raums hervorzuheben.<\/p>\n<div id=\"ad-unit-2\" class=\"ad-unit\"><\/div>\n<p>&#8222;Wandleuchter eignen sich perfekt zum Hinzuf\u00fcgen einer weichen, richtenden Beleuchtung, die das Kunstwerk hervorheben, einen Spiegel rahmen oder Aufgabenbeleuchtung in funktionalen R\u00e4umen wie einem Badezimmer oder Flur liefern&#8220;, erkl\u00e4rt Designerin Nina Lichtenstein.<\/p>\n<p>\u201eIm Gegensatz zu Oberleuchten, die sich manchmal hart anf\u00fchlen k\u00f6nnen, bieten Leuchten ein subtileres, fokussierteres Licht. Verstellbare Swing-Arm-Wandleuchter sind ideal f\u00fcr den Gebrauch von Krankennetze oder Schreibtisch, w\u00e4hrend b\u00fcndelte oder fest verdrahtete Probanden einen stromlinienf\u00f6rmigen Look entlang von W\u00e4nden oder Treppen erzeugen. &#8218;<\/p>\n<p>Alternativ sagt Nina, dass ein bew\u00e4hrtes Anh\u00e4ngerlicht eine gute Wahl f\u00fcr \u00fcber einer Insel ist.<\/p>\n<div id=\"slice-container-newsletterForm-articleInbodyContent-u3GDmzsnPNxYbHG7NCA5uC\" class=\"slice-container newsletter-inbodyContent-slice newsletterForm-articleInbodyContent-u3GDmzsnPNxYbHG7NCA5uC slice-container-newsletterForm\"><\/div>\n<p>&#8222;W\u00e4hrend traditionell als Overhead -Beleuchtung verwendet werden, k\u00f6nnen Pendelleuchten als stilvolle Alternative zur Aufgabenbeleuchtung dienen, wenn sie an der richtigen Stelle platziert werden&#8220;, erkl\u00e4rt sie. &#8222;H\u00e4ngen Sie die Anh\u00e4nger niedrig \u00fcber K\u00fccheninseln, Esstische oder sogar Nachttische f\u00fcr einen fokussierten Lichtpool, der ohne die H\u00e4rte von Deckenlichtern visuelles Interesse und Funktionalit\u00e4t sorgt.&#8220;<\/p>\n<p>Wenn Anh\u00e4nger und Wandleuchter nicht Ihr Ding sind, sollten Sie die vertrauensw\u00fcrdige Lampe in Betracht ziehen, die wir in unerwarteten R\u00e4umen wie der K\u00fcche zunehmend sehen.<\/p>\n<p>&#8222;Boden- und Tischlampen sind vielseitig und unerl\u00e4sslich, wenn Sie Lichtb\u00e4der in einem Raum herstellen m\u00f6chten&#8220;, sagt Nina. &#8222;Suchen Sie nach Lampen mit dimmbaren Funktionen, damit Sie das Licht leicht an die Stimmung anpassen k\u00f6nnen, egal ob es sich um einen weichen Leuchten f\u00fcr einen entspannenden Abend oder ein helleres Licht zum Lesen handelt.&#8220;<\/p>\n<div class=\"min-h-(270px) mb-4\" id=\"viafoura-engagement-starter-wrapper\" data-component-name=\"Elk:Embed:EngagementStarter\">\n<div class=\"viafoura\">\n<vf-conversation-starter target=\"viafoura-comments\" title=\"What's your kitchen lighting set-up?\" description=\"Do you have sconces, pendant lights, lamps, or alternative lighting in your kitchen?\" minimum-comment-count=\"1\"><br \/>\n<\/vf-conversation-starter>\n<\/div>\n<\/div>\n<hr>\n<\/div>\n<p><script async src=\"\/\/www.instagram.com\/embed.js\"><\/script><\/p>\n","protected":false},"excerpt":{"rendered":"<p>Bei der Betrachtung des K\u00fcchenbemangs ist die Beleuchtung eine der besten M\u00f6glichkeiten, um eine einladende Atmosph\u00e4re zu kuratieren &#8211; und f\u00fcr seine Funktionalit\u00e4t unglaublich wichtig<\/p>\n","protected":false},"author":1,"featured_media":6414,"comment_status":"closed","ping_status":"","sticky":false,"template":"","format":"standard","meta":{"footnotes":""},"categories":[118],"tags":[8808,2076,166,3305,3224,15,2531,6956,1122,5184,306,4512,8809,2727],"class_list":["post-6413","post","type-post","status-publish","format-standard","has-post-thumbnail","hentry","category-haus-garten","tag-cabellos","tag-camila","tag-einen","tag-elegant","tag-fast","tag-ist","tag-kuechenbeleuchtung","tag-leuchten","tag-mich","tag-praktisch","tag-sein","tag-ueberzeugt","tag-vorzustellen","tag-wunderschoene","generate-columns","tablet-grid-50","mobile-grid-100","grid-parent","grid-50"],"yoast_head":"<!-- This site is optimized with the Yoast SEO plugin v27.3 - https:\/\/yoast.com\/product\/yoast-seo-wordpress\/ -->\n<title>Camila Cabellos wundersch\u00f6ne K\u00fcchenbeleuchtung \u00fcberzeugt mich, einen Leuchten vorzustellen - es ist fast zu elegant, um praktisch zu sein - Nachrichten - Stra\u00dfenweb<\/title>\n<meta name=\"robots\" content=\"index, follow, max-snippet:-1, max-image-preview:large, max-video-preview:-1\" \/>\n<link rel=\"canonical\" href=\"https:\/\/www.strassenweb.de\/nachrichten\/camila-cabellos-wunderschoene-kuechenbeleuchtung-ueberzeugt-mich-einen-leuchten-vorzustellen-es-ist-fast-zu-elegant-um-praktisch-zu-sein\/\" \/>\n<meta property=\"og:locale\" content=\"de_DE\" \/>\n<meta property=\"og:type\" content=\"article\" \/>\n<meta property=\"og:title\" content=\"Camila Cabellos wundersch\u00f6ne K\u00fcchenbeleuchtung \u00fcberzeugt mich, einen Leuchten vorzustellen - es ist fast zu elegant, um praktisch zu sein - Nachrichten - Stra\u00dfenweb\" \/>\n<meta property=\"og:description\" content=\"Bei der Betrachtung des K\u00fcchenbemangs ist die Beleuchtung eine der besten M\u00f6glichkeiten, um eine einladende Atmosph\u00e4re zu kuratieren &#8211; und f\u00fcr seine Funktionalit\u00e4t unglaublich wichtig\" \/>\n<meta property=\"og:url\" content=\"https:\/\/www.strassenweb.de\/nachrichten\/camila-cabellos-wunderschoene-kuechenbeleuchtung-ueberzeugt-mich-einen-leuchten-vorzustellen-es-ist-fast-zu-elegant-um-praktisch-zu-sein\/\" \/>\n<meta property=\"og:site_name\" content=\"Stra\u00dfenweb\" \/>\n<meta property=\"article:publisher\" content=\"https:\/\/www.facebook.com\/strassenweb\/\" \/>\n<meta property=\"article:published_time\" content=\"2025-07-23T15:42:11+00:00\" \/>\n<meta property=\"article:modified_time\" content=\"2025-07-23T15:42:12+00:00\" \/>\n<meta property=\"og:image\" content=\"https:\/\/www.strassenweb.de\/nachrichten\/wp-content\/uploads\/2025\/07\/Camila-Cabellos-wunderschoene-Kuechenbeleuchtung-ueberzeugt-mich-einen-Leuchten-vorzustellen.jpg\" \/>\n\t<meta property=\"og:image:width\" content=\"1600\" \/>\n\t<meta property=\"og:image:height\" content=\"900\" \/>\n\t<meta property=\"og:image:type\" content=\"image\/jpeg\" \/>\n<meta name=\"author\" content=\"Robert Hoffmann\" \/>\n<meta name=\"twitter:card\" content=\"summary_large_image\" \/>\n<meta name=\"twitter:label1\" content=\"Verfasst von\" \/>\n\t<meta name=\"twitter:data1\" content=\"Robert Hoffmann\" \/>\n\t<meta name=\"twitter:label2\" content=\"Gesch\u00e4tzte Lesezeit\" \/>\n\t<meta name=\"twitter:data2\" content=\"3\u00a0Minuten\" \/>\n<script type=\"application\/ld+json\" class=\"yoast-schema-graph\">{\"@context\":\"https:\\\/\\\/schema.org\",\"@graph\":[{\"@type\":\"Article\",\"@id\":\"https:\\\/\\\/www.strassenweb.de\\\/nachrichten\\\/camila-cabellos-wunderschoene-kuechenbeleuchtung-ueberzeugt-mich-einen-leuchten-vorzustellen-es-ist-fast-zu-elegant-um-praktisch-zu-sein\\\/#article\",\"isPartOf\":{\"@id\":\"https:\\\/\\\/www.strassenweb.de\\\/nachrichten\\\/camila-cabellos-wunderschoene-kuechenbeleuchtung-ueberzeugt-mich-einen-leuchten-vorzustellen-es-ist-fast-zu-elegant-um-praktisch-zu-sein\\\/\"},\"author\":{\"name\":\"Robert Hoffmann\",\"@id\":\"https:\\\/\\\/www.strassenweb.de\\\/nachrichten\\\/#\\\/schema\\\/person\\\/87c9c9067f1211da429a744dc5a5aa41\"},\"headline\":\"Camila Cabellos wundersch\u00f6ne K\u00fcchenbeleuchtung \u00fcberzeugt mich, einen Leuchten vorzustellen &#8211; es ist fast zu elegant, um praktisch zu sein\",\"datePublished\":\"2025-07-23T15:42:11+00:00\",\"dateModified\":\"2025-07-23T15:42:12+00:00\",\"mainEntityOfPage\":{\"@id\":\"https:\\\/\\\/www.strassenweb.de\\\/nachrichten\\\/camila-cabellos-wunderschoene-kuechenbeleuchtung-ueberzeugt-mich-einen-leuchten-vorzustellen-es-ist-fast-zu-elegant-um-praktisch-zu-sein\\\/\"},\"wordCount\":531,\"publisher\":{\"@id\":\"https:\\\/\\\/www.strassenweb.de\\\/nachrichten\\\/#organization\"},\"image\":{\"@id\":\"https:\\\/\\\/www.strassenweb.de\\\/nachrichten\\\/camila-cabellos-wunderschoene-kuechenbeleuchtung-ueberzeugt-mich-einen-leuchten-vorzustellen-es-ist-fast-zu-elegant-um-praktisch-zu-sein\\\/#primaryimage\"},\"thumbnailUrl\":\"https:\\\/\\\/www.strassenweb.de\\\/nachrichten\\\/wp-content\\\/uploads\\\/2025\\\/07\\\/Camila-Cabellos-wunderschoene-Kuechenbeleuchtung-ueberzeugt-mich-einen-Leuchten-vorzustellen.jpg\",\"keywords\":[\"Cabellos\",\"Camila\",\"einen\",\"elegant\",\"fast\",\"ist\",\"K\u00fcchenbeleuchtung\",\"leuchten\",\"mich\",\"praktisch\",\"sein\",\"\u00fcberzeugt\",\"vorzustellen\",\"wundersch\u00f6ne\"],\"articleSection\":[\"Haus &amp; Garten\"],\"inLanguage\":\"de\"},{\"@type\":\"WebPage\",\"@id\":\"https:\\\/\\\/www.strassenweb.de\\\/nachrichten\\\/camila-cabellos-wunderschoene-kuechenbeleuchtung-ueberzeugt-mich-einen-leuchten-vorzustellen-es-ist-fast-zu-elegant-um-praktisch-zu-sein\\\/\",\"url\":\"https:\\\/\\\/www.strassenweb.de\\\/nachrichten\\\/camila-cabellos-wunderschoene-kuechenbeleuchtung-ueberzeugt-mich-einen-leuchten-vorzustellen-es-ist-fast-zu-elegant-um-praktisch-zu-sein\\\/\",\"name\":\"Camila Cabellos wundersch\u00f6ne K\u00fcchenbeleuchtung \u00fcberzeugt mich, einen Leuchten vorzustellen - es ist fast zu elegant, um praktisch zu sein - Nachrichten - Stra\u00dfenweb\",\"isPartOf\":{\"@id\":\"https:\\\/\\\/www.strassenweb.de\\\/nachrichten\\\/#website\"},\"primaryImageOfPage\":{\"@id\":\"https:\\\/\\\/www.strassenweb.de\\\/nachrichten\\\/camila-cabellos-wunderschoene-kuechenbeleuchtung-ueberzeugt-mich-einen-leuchten-vorzustellen-es-ist-fast-zu-elegant-um-praktisch-zu-sein\\\/#primaryimage\"},\"image\":{\"@id\":\"https:\\\/\\\/www.strassenweb.de\\\/nachrichten\\\/camila-cabellos-wunderschoene-kuechenbeleuchtung-ueberzeugt-mich-einen-leuchten-vorzustellen-es-ist-fast-zu-elegant-um-praktisch-zu-sein\\\/#primaryimage\"},\"thumbnailUrl\":\"https:\\\/\\\/www.strassenweb.de\\\/nachrichten\\\/wp-content\\\/uploads\\\/2025\\\/07\\\/Camila-Cabellos-wunderschoene-Kuechenbeleuchtung-ueberzeugt-mich-einen-Leuchten-vorzustellen.jpg\",\"datePublished\":\"2025-07-23T15:42:11+00:00\",\"dateModified\":\"2025-07-23T15:42:12+00:00\",\"breadcrumb\":{\"@id\":\"https:\\\/\\\/www.strassenweb.de\\\/nachrichten\\\/camila-cabellos-wunderschoene-kuechenbeleuchtung-ueberzeugt-mich-einen-leuchten-vorzustellen-es-ist-fast-zu-elegant-um-praktisch-zu-sein\\\/#breadcrumb\"},\"inLanguage\":\"de\",\"potentialAction\":[{\"@type\":\"ReadAction\",\"target\":[\"https:\\\/\\\/www.strassenweb.de\\\/nachrichten\\\/camila-cabellos-wunderschoene-kuechenbeleuchtung-ueberzeugt-mich-einen-leuchten-vorzustellen-es-ist-fast-zu-elegant-um-praktisch-zu-sein\\\/\"]}]},{\"@type\":\"ImageObject\",\"inLanguage\":\"de\",\"@id\":\"https:\\\/\\\/www.strassenweb.de\\\/nachrichten\\\/camila-cabellos-wunderschoene-kuechenbeleuchtung-ueberzeugt-mich-einen-leuchten-vorzustellen-es-ist-fast-zu-elegant-um-praktisch-zu-sein\\\/#primaryimage\",\"url\":\"https:\\\/\\\/www.strassenweb.de\\\/nachrichten\\\/wp-content\\\/uploads\\\/2025\\\/07\\\/Camila-Cabellos-wunderschoene-Kuechenbeleuchtung-ueberzeugt-mich-einen-Leuchten-vorzustellen.jpg\",\"contentUrl\":\"https:\\\/\\\/www.strassenweb.de\\\/nachrichten\\\/wp-content\\\/uploads\\\/2025\\\/07\\\/Camila-Cabellos-wunderschoene-Kuechenbeleuchtung-ueberzeugt-mich-einen-Leuchten-vorzustellen.jpg\",\"width\":1600,\"height\":900,\"caption\":\"Camila Cabello\"},{\"@type\":\"BreadcrumbList\",\"@id\":\"https:\\\/\\\/www.strassenweb.de\\\/nachrichten\\\/camila-cabellos-wunderschoene-kuechenbeleuchtung-ueberzeugt-mich-einen-leuchten-vorzustellen-es-ist-fast-zu-elegant-um-praktisch-zu-sein\\\/#breadcrumb\",\"itemListElement\":[{\"@type\":\"ListItem\",\"position\":1,\"name\":\"Home\",\"item\":\"https:\\\/\\\/www.strassenweb.de\\\/nachrichten\\\/\"},{\"@type\":\"ListItem\",\"position\":2,\"name\":\"Camila Cabellos wundersch\u00f6ne K\u00fcchenbeleuchtung \u00fcberzeugt mich, einen Leuchten vorzustellen &#8211; es ist fast zu elegant, um praktisch zu sein\"}]},{\"@type\":\"WebSite\",\"@id\":\"https:\\\/\\\/www.strassenweb.de\\\/nachrichten\\\/#website\",\"url\":\"https:\\\/\\\/www.strassenweb.de\\\/nachrichten\\\/\",\"name\":\"Stra\u00dfenweb\",\"description\":\"Stra\u00dfenverzeichnis f\u00fcr Deutschland\",\"publisher\":{\"@id\":\"https:\\\/\\\/www.strassenweb.de\\\/nachrichten\\\/#organization\"},\"potentialAction\":[{\"@type\":\"SearchAction\",\"target\":{\"@type\":\"EntryPoint\",\"urlTemplate\":\"https:\\\/\\\/www.strassenweb.de\\\/nachrichten\\\/?s={search_term_string}\"},\"query-input\":{\"@type\":\"PropertyValueSpecification\",\"valueRequired\":true,\"valueName\":\"search_term_string\"}}],\"inLanguage\":\"de\"},{\"@type\":\"Organization\",\"@id\":\"https:\\\/\\\/www.strassenweb.de\\\/nachrichten\\\/#organization\",\"name\":\"Stra\u00dfenweb\",\"url\":\"https:\\\/\\\/www.strassenweb.de\\\/nachrichten\\\/\",\"logo\":{\"@type\":\"ImageObject\",\"inLanguage\":\"de\",\"@id\":\"https:\\\/\\\/www.strassenweb.de\\\/nachrichten\\\/#\\\/schema\\\/logo\\\/image\\\/\",\"url\":\"https:\\\/\\\/www.strassenweb.de\\\/nachrichten\\\/wp-content\\\/uploads\\\/2024\\\/09\\\/cropped-favicon.png\",\"contentUrl\":\"https:\\\/\\\/www.strassenweb.de\\\/nachrichten\\\/wp-content\\\/uploads\\\/2024\\\/09\\\/cropped-favicon.png\",\"width\":512,\"height\":512,\"caption\":\"Stra\u00dfenweb\"},\"image\":{\"@id\":\"https:\\\/\\\/www.strassenweb.de\\\/nachrichten\\\/#\\\/schema\\\/logo\\\/image\\\/\"},\"sameAs\":[\"https:\\\/\\\/www.facebook.com\\\/strassenweb\\\/\"]},{\"@type\":\"Person\",\"@id\":\"https:\\\/\\\/www.strassenweb.de\\\/nachrichten\\\/#\\\/schema\\\/person\\\/87c9c9067f1211da429a744dc5a5aa41\",\"name\":\"Robert Hoffmann\",\"image\":{\"@type\":\"ImageObject\",\"inLanguage\":\"de\",\"@id\":\"https:\\\/\\\/www.strassenweb.de\\\/nachrichten\\\/wp-content\\\/uploads\\\/2024\\\/09\\\/strassenweb-150x150.jpg\",\"url\":\"https:\\\/\\\/www.strassenweb.de\\\/nachrichten\\\/wp-content\\\/uploads\\\/2024\\\/09\\\/strassenweb-150x150.jpg\",\"contentUrl\":\"https:\\\/\\\/www.strassenweb.de\\\/nachrichten\\\/wp-content\\\/uploads\\\/2024\\\/09\\\/strassenweb-150x150.jpg\",\"caption\":\"Robert Hoffmann\"},\"description\":\"Ich hei\u00dfe Robert Hoffmann und ich bin ein leidenschaftlicher Verfechter von \u00d6kologie und Biodiversit\u00e4t. Seit meiner Kindheit in den W\u00e4ldern Bayerns f\u00fchle ich mich mit der Natur verbunden und bin entschlossen, sie zu sch\u00fctzen. Heute widme ich mein Leben der Sensibilisierung anderer f\u00fcr die Bedeutung des Umweltschutzes f\u00fcr zuk\u00fcnftige Generationen.\",\"sameAs\":[\"https:\\\/\\\/www.strassenweb.de\\\/\"]}]}<\/script>\n<!-- \/ Yoast SEO plugin. -->","yoast_head_json":{"title":"Camila Cabellos wundersch\u00f6ne K\u00fcchenbeleuchtung \u00fcberzeugt mich, einen Leuchten vorzustellen - es ist fast zu elegant, um praktisch zu sein - Nachrichten - Stra\u00dfenweb","robots":{"index":"index","follow":"follow","max-snippet":"max-snippet:-1","max-image-preview":"max-image-preview:large","max-video-preview":"max-video-preview:-1"},"canonical":"https:\/\/www.strassenweb.de\/nachrichten\/camila-cabellos-wunderschoene-kuechenbeleuchtung-ueberzeugt-mich-einen-leuchten-vorzustellen-es-ist-fast-zu-elegant-um-praktisch-zu-sein\/","og_locale":"de_DE","og_type":"article","og_title":"Camila Cabellos wundersch\u00f6ne K\u00fcchenbeleuchtung \u00fcberzeugt mich, einen Leuchten vorzustellen - es ist fast zu elegant, um praktisch zu sein - Nachrichten - Stra\u00dfenweb","og_description":"Bei der Betrachtung des K\u00fcchenbemangs ist die Beleuchtung eine der besten M\u00f6glichkeiten, um eine einladende Atmosph\u00e4re zu kuratieren &#8211; und f\u00fcr seine Funktionalit\u00e4t unglaublich wichtig","og_url":"https:\/\/www.strassenweb.de\/nachrichten\/camila-cabellos-wunderschoene-kuechenbeleuchtung-ueberzeugt-mich-einen-leuchten-vorzustellen-es-ist-fast-zu-elegant-um-praktisch-zu-sein\/","og_site_name":"Stra\u00dfenweb","article_publisher":"https:\/\/www.facebook.com\/strassenweb\/","article_published_time":"2025-07-23T15:42:11+00:00","article_modified_time":"2025-07-23T15:42:12+00:00","og_image":[{"width":1600,"height":900,"url":"https:\/\/www.strassenweb.de\/nachrichten\/wp-content\/uploads\/2025\/07\/Camila-Cabellos-wunderschoene-Kuechenbeleuchtung-ueberzeugt-mich-einen-Leuchten-vorzustellen.jpg","type":"image\/jpeg"}],"author":"Robert Hoffmann","twitter_card":"summary_large_image","twitter_misc":{"Verfasst von":"Robert Hoffmann","Gesch\u00e4tzte Lesezeit":"3\u00a0Minuten"},"schema":{"@context":"https:\/\/schema.org","@graph":[{"@type":"Article","@id":"https:\/\/www.strassenweb.de\/nachrichten\/camila-cabellos-wunderschoene-kuechenbeleuchtung-ueberzeugt-mich-einen-leuchten-vorzustellen-es-ist-fast-zu-elegant-um-praktisch-zu-sein\/#article","isPartOf":{"@id":"https:\/\/www.strassenweb.de\/nachrichten\/camila-cabellos-wunderschoene-kuechenbeleuchtung-ueberzeugt-mich-einen-leuchten-vorzustellen-es-ist-fast-zu-elegant-um-praktisch-zu-sein\/"},"author":{"name":"Robert Hoffmann","@id":"https:\/\/www.strassenweb.de\/nachrichten\/#\/schema\/person\/87c9c9067f1211da429a744dc5a5aa41"},"headline":"Camila Cabellos wundersch\u00f6ne K\u00fcchenbeleuchtung \u00fcberzeugt mich, einen Leuchten vorzustellen &#8211; es ist fast zu elegant, um praktisch zu sein","datePublished":"2025-07-23T15:42:11+00:00","dateModified":"2025-07-23T15:42:12+00:00","mainEntityOfPage":{"@id":"https:\/\/www.strassenweb.de\/nachrichten\/camila-cabellos-wunderschoene-kuechenbeleuchtung-ueberzeugt-mich-einen-leuchten-vorzustellen-es-ist-fast-zu-elegant-um-praktisch-zu-sein\/"},"wordCount":531,"publisher":{"@id":"https:\/\/www.strassenweb.de\/nachrichten\/#organization"},"image":{"@id":"https:\/\/www.strassenweb.de\/nachrichten\/camila-cabellos-wunderschoene-kuechenbeleuchtung-ueberzeugt-mich-einen-leuchten-vorzustellen-es-ist-fast-zu-elegant-um-praktisch-zu-sein\/#primaryimage"},"thumbnailUrl":"https:\/\/www.strassenweb.de\/nachrichten\/wp-content\/uploads\/2025\/07\/Camila-Cabellos-wunderschoene-Kuechenbeleuchtung-ueberzeugt-mich-einen-Leuchten-vorzustellen.jpg","keywords":["Cabellos","Camila","einen","elegant","fast","ist","K\u00fcchenbeleuchtung","leuchten","mich","praktisch","sein","\u00fcberzeugt","vorzustellen","wundersch\u00f6ne"],"articleSection":["Haus &amp; Garten"],"inLanguage":"de"},{"@type":"WebPage","@id":"https:\/\/www.strassenweb.de\/nachrichten\/camila-cabellos-wunderschoene-kuechenbeleuchtung-ueberzeugt-mich-einen-leuchten-vorzustellen-es-ist-fast-zu-elegant-um-praktisch-zu-sein\/","url":"https:\/\/www.strassenweb.de\/nachrichten\/camila-cabellos-wunderschoene-kuechenbeleuchtung-ueberzeugt-mich-einen-leuchten-vorzustellen-es-ist-fast-zu-elegant-um-praktisch-zu-sein\/","name":"Camila Cabellos wundersch\u00f6ne K\u00fcchenbeleuchtung \u00fcberzeugt mich, einen Leuchten vorzustellen - es ist fast zu elegant, um praktisch zu sein - Nachrichten - Stra\u00dfenweb","isPartOf":{"@id":"https:\/\/www.strassenweb.de\/nachrichten\/#website"},"primaryImageOfPage":{"@id":"https:\/\/www.strassenweb.de\/nachrichten\/camila-cabellos-wunderschoene-kuechenbeleuchtung-ueberzeugt-mich-einen-leuchten-vorzustellen-es-ist-fast-zu-elegant-um-praktisch-zu-sein\/#primaryimage"},"image":{"@id":"https:\/\/www.strassenweb.de\/nachrichten\/camila-cabellos-wunderschoene-kuechenbeleuchtung-ueberzeugt-mich-einen-leuchten-vorzustellen-es-ist-fast-zu-elegant-um-praktisch-zu-sein\/#primaryimage"},"thumbnailUrl":"https:\/\/www.strassenweb.de\/nachrichten\/wp-content\/uploads\/2025\/07\/Camila-Cabellos-wunderschoene-Kuechenbeleuchtung-ueberzeugt-mich-einen-Leuchten-vorzustellen.jpg","datePublished":"2025-07-23T15:42:11+00:00","dateModified":"2025-07-23T15:42:12+00:00","breadcrumb":{"@id":"https:\/\/www.strassenweb.de\/nachrichten\/camila-cabellos-wunderschoene-kuechenbeleuchtung-ueberzeugt-mich-einen-leuchten-vorzustellen-es-ist-fast-zu-elegant-um-praktisch-zu-sein\/#breadcrumb"},"inLanguage":"de","potentialAction":[{"@type":"ReadAction","target":["https:\/\/www.strassenweb.de\/nachrichten\/camila-cabellos-wunderschoene-kuechenbeleuchtung-ueberzeugt-mich-einen-leuchten-vorzustellen-es-ist-fast-zu-elegant-um-praktisch-zu-sein\/"]}]},{"@type":"ImageObject","inLanguage":"de","@id":"https:\/\/www.strassenweb.de\/nachrichten\/camila-cabellos-wunderschoene-kuechenbeleuchtung-ueberzeugt-mich-einen-leuchten-vorzustellen-es-ist-fast-zu-elegant-um-praktisch-zu-sein\/#primaryimage","url":"https:\/\/www.strassenweb.de\/nachrichten\/wp-content\/uploads\/2025\/07\/Camila-Cabellos-wunderschoene-Kuechenbeleuchtung-ueberzeugt-mich-einen-Leuchten-vorzustellen.jpg","contentUrl":"https:\/\/www.strassenweb.de\/nachrichten\/wp-content\/uploads\/2025\/07\/Camila-Cabellos-wunderschoene-Kuechenbeleuchtung-ueberzeugt-mich-einen-Leuchten-vorzustellen.jpg","width":1600,"height":900,"caption":"Camila Cabello"},{"@type":"BreadcrumbList","@id":"https:\/\/www.strassenweb.de\/nachrichten\/camila-cabellos-wunderschoene-kuechenbeleuchtung-ueberzeugt-mich-einen-leuchten-vorzustellen-es-ist-fast-zu-elegant-um-praktisch-zu-sein\/#breadcrumb","itemListElement":[{"@type":"ListItem","position":1,"name":"Home","item":"https:\/\/www.strassenweb.de\/nachrichten\/"},{"@type":"ListItem","position":2,"name":"Camila Cabellos wundersch\u00f6ne K\u00fcchenbeleuchtung \u00fcberzeugt mich, einen Leuchten vorzustellen &#8211; es ist fast zu elegant, um praktisch zu sein"}]},{"@type":"WebSite","@id":"https:\/\/www.strassenweb.de\/nachrichten\/#website","url":"https:\/\/www.strassenweb.de\/nachrichten\/","name":"Stra\u00dfenweb","description":"Stra\u00dfenverzeichnis f\u00fcr Deutschland","publisher":{"@id":"https:\/\/www.strassenweb.de\/nachrichten\/#organization"},"potentialAction":[{"@type":"SearchAction","target":{"@type":"EntryPoint","urlTemplate":"https:\/\/www.strassenweb.de\/nachrichten\/?s={search_term_string}"},"query-input":{"@type":"PropertyValueSpecification","valueRequired":true,"valueName":"search_term_string"}}],"inLanguage":"de"},{"@type":"Organization","@id":"https:\/\/www.strassenweb.de\/nachrichten\/#organization","name":"Stra\u00dfenweb","url":"https:\/\/www.strassenweb.de\/nachrichten\/","logo":{"@type":"ImageObject","inLanguage":"de","@id":"https:\/\/www.strassenweb.de\/nachrichten\/#\/schema\/logo\/image\/","url":"https:\/\/www.strassenweb.de\/nachrichten\/wp-content\/uploads\/2024\/09\/cropped-favicon.png","contentUrl":"https:\/\/www.strassenweb.de\/nachrichten\/wp-content\/uploads\/2024\/09\/cropped-favicon.png","width":512,"height":512,"caption":"Stra\u00dfenweb"},"image":{"@id":"https:\/\/www.strassenweb.de\/nachrichten\/#\/schema\/logo\/image\/"},"sameAs":["https:\/\/www.facebook.com\/strassenweb\/"]},{"@type":"Person","@id":"https:\/\/www.strassenweb.de\/nachrichten\/#\/schema\/person\/87c9c9067f1211da429a744dc5a5aa41","name":"Robert Hoffmann","image":{"@type":"ImageObject","inLanguage":"de","@id":"https:\/\/www.strassenweb.de\/nachrichten\/wp-content\/uploads\/2024\/09\/strassenweb-150x150.jpg","url":"https:\/\/www.strassenweb.de\/nachrichten\/wp-content\/uploads\/2024\/09\/strassenweb-150x150.jpg","contentUrl":"https:\/\/www.strassenweb.de\/nachrichten\/wp-content\/uploads\/2024\/09\/strassenweb-150x150.jpg","caption":"Robert Hoffmann"},"description":"Ich hei\u00dfe Robert Hoffmann und ich bin ein leidenschaftlicher Verfechter von \u00d6kologie und Biodiversit\u00e4t. Seit meiner Kindheit in den W\u00e4ldern Bayerns f\u00fchle ich mich mit der Natur verbunden und bin entschlossen, sie zu sch\u00fctzen. Heute widme ich mein Leben der Sensibilisierung anderer f\u00fcr die Bedeutung des Umweltschutzes f\u00fcr zuk\u00fcnftige Generationen.","sameAs":["https:\/\/www.strassenweb.de\/"]}]}},"_links":{"self":[{"href":"https:\/\/www.strassenweb.de\/nachrichten\/wp-json\/wp\/v2\/posts\/6413","targetHints":{"allow":["GET"]}}],"collection":[{"href":"https:\/\/www.strassenweb.de\/nachrichten\/wp-json\/wp\/v2\/posts"}],"about":[{"href":"https:\/\/www.strassenweb.de\/nachrichten\/wp-json\/wp\/v2\/types\/post"}],"author":[{"embeddable":true,"href":"https:\/\/www.strassenweb.de\/nachrichten\/wp-json\/wp\/v2\/users\/1"}],"replies":[{"embeddable":true,"href":"https:\/\/www.strassenweb.de\/nachrichten\/wp-json\/wp\/v2\/comments?post=6413"}],"version-history":[{"count":0,"href":"https:\/\/www.strassenweb.de\/nachrichten\/wp-json\/wp\/v2\/posts\/6413\/revisions"}],"wp:featuredmedia":[{"embeddable":true,"href":"https:\/\/www.strassenweb.de\/nachrichten\/wp-json\/wp\/v2\/media\/6414"}],"wp:attachment":[{"href":"https:\/\/www.strassenweb.de\/nachrichten\/wp-json\/wp\/v2\/media?parent=6413"}],"wp:term":[{"taxonomy":"category","embeddable":true,"href":"https:\/\/www.strassenweb.de\/nachrichten\/wp-json\/wp\/v2\/categories?post=6413"},{"taxonomy":"post_tag","embeddable":true,"href":"https:\/\/www.strassenweb.de\/nachrichten\/wp-json\/wp\/v2\/tags?post=6413"}],"curies":[{"name":"wp","href":"https:\/\/api.w.org\/{rel}","templated":true}]}}