{"id":6400,"date":"2025-07-22T21:45:21","date_gmt":"2025-07-22T19:45:21","guid":{"rendered":"https:\/\/www.strassenweb.de\/nachrichten\/tracee-ellis-ross-fuehrte-in-ihrem-eingang-ein-erklaerung-ein\/"},"modified":"2025-07-22T21:45:21","modified_gmt":"2025-07-22T19:45:21","slug":"tracee-ellis-ross-fuehrte-in-ihrem-eingang-ein-erklaerung-ein","status":"publish","type":"post","link":"https:\/\/www.strassenweb.de\/nachrichten\/tracee-ellis-ross-fuehrte-in-ihrem-eingang-ein-erklaerung-ein\/","title":{"rendered":"Tracee Ellis Ross f\u00fchrte in ihrem Eingang ein Erkl\u00e4rung ein."},"content":{"rendered":"<div id=\"article-body\" class=\"article__body \">\n<p>Es ist kein Geheimnis, dass Art Deco im Jahr 2025 wieder gro\u00df ist. Obwohl einige vielleicht argumentieren, dass es seit seiner Gr\u00fcndung nie wirklich zu 100 Jahren gegangen ist, sehen wir mehr von der luxuri\u00f6sen \u00c4sthetik als je zuvor.<\/p>\n<div id=\"ad-unit-1\" class=\"ad-unit\"><\/div>\n<p>Suchen Sie nicht weiter als den Flur von Tracee Ellis Ross nach Beweisen. Wir haben bemerkt, dass die <em>schwarz <\/em>Dokumentiert ihre Outfits auf Instagram durch einen sehr stilvollen und raffinierten Spiegel, und w\u00e4hrend die Kleidung sch\u00f6n ist, ist es der Spiegel, den wir im Visier haben.<\/p>\n<aside data-block-type=\"embed\" data-render-type=\"fte\" data-skip=\"dealsy\" data-widget-type=\"seasonal\" class=\"hawk-base\"><\/aside>\n<p>Das schwarze und elfenbeinfarbene Muster des Spiegelrahmens ist auf einmal modern und retro und dient als perfekter Akzent gegen ihre minimalistische Holztreppe. Es ist nur eine Art Deco Decor -Idee, die wir f\u00fcr einen Flur zur\u00fccklegen k\u00f6nnen.<\/p>\n<div class=\"van_vid_carousel\">\n<div class=\"van_vid_carousel__padding\">\n<div class=\"van_vid_carousel__container\"><\/div>\n<\/div>\n<\/div>\n<aside data-component-name=\"Recirculation:ArticleRiver\" data-nosnippet class=\"pt-3 pb-4 mb-4 border-b border-solid border-(#333)\">\n<span class=\"\nafter:content-('') after:flex-1 after:ml-4 after:my-(0.7rem) after:border-t-(#333) after:border-t after:border-solid\nbefore:content-('') before:flex-1 before:mr-4 before:my-(0.7rem) before:border-t-(#333) before:border-t before:border-solid\nfont-article-heading pb-3 !text-base font-bold uppercase sm:text-sm text-(#333) flex\"><\/p>\n<p>Sie m\u00f6gen m\u00f6gen<br \/>\n<\/span><\/p>\n<ul class=\"flex flex-col gap-3 m-0\">\n<li class=\"m-0 list-none\" name=\"recirculation-inline\" data-analytics-id=\"recirculation-inline-1\" analytics-label=\"adviser:related\">\n<picture data-new-v2-image=\"true\" class=\"w-(--article-river-thumbnail-width,60px) flex-shrink-0\"><source type=\"image\/webp\"  ><\/source><\/p>\n<\/picture>\n<span class=\"hover:text-inherit font-article-heading text-base text-(#333) leading-5 content-center\">Mandy Moores moderner, minimalistischer Eingang ist die perfekte Mischung aus Texturen und Mustern &#8211; kaufen Sie den Look von 50 US -Dollar ein<\/span><\/p>\n<\/li>\n<li class=\"m-0 list-none\" name=\"recirculation-inline\" data-analytics-id=\"recirculation-inline-2\" analytics-label=\"adviser:related\">\n<picture data-new-v2-image=\"true\" class=\"w-(--article-river-thumbnail-width,60px) flex-shrink-0\"><source type=\"image\/webp\"  ><\/source><br \/>\n<img decoding=\"async\" alt=\"Jessica Simpson auf schwarzem Hintergrund\"   loading=\"lazy\" data-new-v2-image=\"true\" src=\"https:\/\/www.strassenweb.de\/nachrichten\/wp-content\/uploads\/2025\/05\/6MmyMrdtnsxjmWQJHnXB6E.jpg\" data-pin-media=\"https:\/\/www.strassenweb.de\/nachrichten\/wp-content\/uploads\/2025\/05\/6MmyMrdtnsxjmWQJHnXB6E.jpg\" data-pin-nopin=\"true\" class=\"aspect-(--img-listing-aspect-ratio,16\/9) object-cover w-(--article-river-thumbnail-width,60px) flex-shrink-0\">\n<\/picture>\n<span class=\"hover:text-inherit font-article-heading text-base text-(#333) leading-5 content-center\">Ruhiger Luxus ist vorbei? Jessica Simpsons unerwartet mutiger Eingangsbeleuchtung beweist, warum dramatisches Dekor f\u00fcr 2026 zur\u00fcck ist<\/span><\/p>\n<\/li>\n<li class=\"m-0 list-none\" name=\"recirculation-inline\" data-analytics-id=\"recirculation-inline-3\" analytics-label=\"adviser:related\">\n<picture data-new-v2-image=\"true\" class=\"w-(--article-river-thumbnail-width,60px) flex-shrink-0\"><source type=\"image\/webp\"  ><\/source><br \/>\n<img decoding=\"async\" alt=\"Elton John auf einem Hintergrund\"   loading=\"lazy\" data-new-v2-image=\"true\" src=\"https:\/\/www.strassenweb.de\/nachrichten\/wp-content\/uploads\/2025\/07\/LLTcfy6rjRmHHpTAedHD39.jpg\" data-pin-media=\"https:\/\/www.strassenweb.de\/nachrichten\/wp-content\/uploads\/2025\/07\/LLTcfy6rjRmHHpTAedHD39.jpg\" data-pin-nopin=\"true\" class=\"aspect-(--img-listing-aspect-ratio,16\/9) object-cover w-(--article-river-thumbnail-width,60px) flex-shrink-0\">\n<\/picture>\n<span class=\"hover:text-inherit font-article-heading text-base text-(#333) leading-5 content-center\">Elton Johns unapologetisch mutiger 70er -Eingang enth\u00fcllt die dauerhafte Kraft des Jahrzehnts &#8211; es leitet immer noch die Designtrends bis heute<\/span><\/p>\n<\/li>\n<\/ul>\n<\/aside>\n<div class=\"instagram-embed\">\n<blockquote class=\"instagram-media\" data-instgrm-captioned data-instgrm-version=\"6\" style=\"width:99.375%; width:-webkit-calc(100% - 2px); width:calc(100% - 2px);\">\n<p>Ein Beitrag, der von Tracee Ellis Ross (@traceeellisross) geteilt wird<\/p>\n<p>Ein Foto von on <\/p>\n<\/blockquote>\n<\/div>\n<h3 class=\"article-body__section\" id=\"section-shop-the-art-deco-hallway-edit\"><span>Kaufen Sie den Art Deco Flur -Flur ein<\/span><\/h3>\n<div class=\"product-container hero-product-container product-block-no-wrap\">\n<div class=\"product-block-row\"><\/div>\n<div class=\"product-block-row\"><\/div>\n<div class=\"product-block-row\"><\/div>\n<\/div>\n<p>Laut Experten ist eine der besten M\u00f6glichkeiten, Art Deco Decor in Ihren Flur (oder anderswo) in die Materialien einzubeziehen.<\/p>\n<div id=\"ad-unit-2\" class=\"ad-unit\"><\/div>\n<p>&#8222;Art Deco bringt einen sofortigen Charakter in einen Raum&#8220;, erkl\u00e4rt Ariel Darmoni, General Manager bei 123 Remodeling.<\/p>\n<p>&#8218;Es wird durch mutige Geometrie, Symmetrie und reiche Materialien definiert. Wenn ich mich f\u00fcr diesen Look entscheide, biete ich normalerweise Muster wie Sunbursts, Chevrons und Stufendesigns ein. Diese k\u00f6nnen in Tapeten, Fliesen oder sogar Polsterung erscheinen. Materialien auch wichtig. Poliertes Messing, Chrom, lackiertes Holz und Samt sind alle Grundnahrungsmittel des Art -Deco -Stils. Ich liebe es, Samt in tiefen Juwelent\u00f6nen f\u00fcr M\u00f6bel oder Akzente zu verwenden, weil es W\u00e4rme und Raffinesse bringt. &#8218;<\/p>\n<p>In einem Flur k\u00f6nnte dies die Aufnahme eines Samt -Akzentstuhls oder einer Chromlampe bedeuten. Ariel sagt jedoch, dass weniger mehr ist, wenn es um Art -Deco geht, und der Versuchung zu \u00fcbertreiben. Wie Tracee beweist, ist ein Aussagespiegel mehr als genug, um den Trick zu machen.<\/p>\n<div id=\"slice-container-newsletterForm-articleInbodyContent-gxCnbnXVUxhgbNtVLoqfha\" class=\"slice-container newsletter-inbodyContent-slice newsletterForm-articleInbodyContent-gxCnbnXVUxhgbNtVLoqfha slice-container-newsletterForm\"><\/div>\n<p>&#8222;Sie m\u00fcssen nicht \u00fcber Bord gehen&#8220;, sagt er. &#8218;Eine skulpturale Leuchte, ein k\u00fchner Spiegel oder ein Einrichtungsst\u00fcck k\u00f6nnen einen langen Weg zur\u00fccklegen. Das Ziel ist es, einen Raum zu schaffen, der sich geschichtet, elegant und ein bisschen dramatisch anf\u00fchlt, ohne sich \u00fcbertrieben zu f\u00fchlen. &#8218;<\/p>\n<div class=\"min-h-(270px) mb-4\" id=\"viafoura-engagement-starter-wrapper\" data-component-name=\"Elk:Embed:EngagementStarter\">\n<div class=\"viafoura\">\n<vf-conversation-starter target=\"viafoura-comments\" title=\"What do you think of Art Deco 100 years since its inception?\" description=\"Are you a fan of Art Deco decor like Tracee's mirror?\" minimum-comment-count=\"1\"><br \/>\n<\/vf-conversation-starter>\n<\/div>\n<\/div>\n<hr>\n<\/div>\n<p><script async src=\"\/\/www.instagram.com\/embed.js\"><\/script><\/p>\n","protected":false},"excerpt":{"rendered":"<p>Es ist kein Geheimnis, dass Art Deco im Jahr 2025 wieder gro\u00df ist. Obwohl einige vielleicht argumentieren, dass es seit seiner Gr\u00fcndung nie wirklich zu<\/p>\n","protected":false},"author":1,"featured_media":6401,"comment_status":"closed","ping_status":"","sticky":false,"template":"","format":"standard","meta":{"footnotes":""},"categories":[118],"tags":[43,5061,8792,6441,8794,534,8793,8791],"class_list":["post-6400","post","type-post","status-publish","format-standard","has-post-thumbnail","hentry","category-haus-garten","tag-ein","tag-eingang","tag-ellis","tag-erklaerung","tag-fuehrte","tag-ihrem","tag-ross","tag-tracee","generate-columns","tablet-grid-50","mobile-grid-100","grid-parent","grid-50"],"yoast_head":"<!-- This site is optimized with the Yoast SEO plugin v27.3 - https:\/\/yoast.com\/product\/yoast-seo-wordpress\/ -->\n<title>Tracee Ellis Ross f\u00fchrte in ihrem Eingang ein Erkl\u00e4rung ein. - Nachrichten - Stra\u00dfenweb<\/title>\n<meta name=\"robots\" content=\"index, follow, max-snippet:-1, max-image-preview:large, max-video-preview:-1\" \/>\n<link rel=\"canonical\" href=\"https:\/\/www.strassenweb.de\/nachrichten\/tracee-ellis-ross-fuehrte-in-ihrem-eingang-ein-erklaerung-ein\/\" \/>\n<meta property=\"og:locale\" content=\"de_DE\" \/>\n<meta property=\"og:type\" content=\"article\" \/>\n<meta property=\"og:title\" content=\"Tracee Ellis Ross f\u00fchrte in ihrem Eingang ein Erkl\u00e4rung ein. - Nachrichten - Stra\u00dfenweb\" \/>\n<meta property=\"og:description\" content=\"Es ist kein Geheimnis, dass Art Deco im Jahr 2025 wieder gro\u00df ist. Obwohl einige vielleicht argumentieren, dass es seit seiner Gr\u00fcndung nie wirklich zu\" \/>\n<meta property=\"og:url\" content=\"https:\/\/www.strassenweb.de\/nachrichten\/tracee-ellis-ross-fuehrte-in-ihrem-eingang-ein-erklaerung-ein\/\" \/>\n<meta property=\"og:site_name\" content=\"Stra\u00dfenweb\" \/>\n<meta property=\"article:publisher\" content=\"https:\/\/www.facebook.com\/strassenweb\/\" \/>\n<meta property=\"article:published_time\" content=\"2025-07-22T19:45:21+00:00\" \/>\n<meta property=\"og:image\" content=\"https:\/\/www.strassenweb.de\/nachrichten\/wp-content\/uploads\/2025\/07\/Tracee-Ellis-Ross-fuehrte-in-ihrem-Eingang-ein-Erklaerung-ein.jpg\" \/>\n\t<meta property=\"og:image:width\" content=\"1600\" \/>\n\t<meta property=\"og:image:height\" content=\"900\" \/>\n\t<meta property=\"og:image:type\" content=\"image\/jpeg\" \/>\n<meta name=\"author\" content=\"Robert Hoffmann\" \/>\n<meta name=\"twitter:card\" content=\"summary_large_image\" \/>\n<meta name=\"twitter:label1\" content=\"Verfasst von\" \/>\n\t<meta name=\"twitter:data1\" content=\"Robert Hoffmann\" \/>\n\t<meta name=\"twitter:label2\" content=\"Gesch\u00e4tzte Lesezeit\" \/>\n\t<meta name=\"twitter:data2\" content=\"2\u00a0Minuten\" \/>\n<script type=\"application\/ld+json\" class=\"yoast-schema-graph\">{\"@context\":\"https:\\\/\\\/schema.org\",\"@graph\":[{\"@type\":\"Article\",\"@id\":\"https:\\\/\\\/www.strassenweb.de\\\/nachrichten\\\/tracee-ellis-ross-fuehrte-in-ihrem-eingang-ein-erklaerung-ein\\\/#article\",\"isPartOf\":{\"@id\":\"https:\\\/\\\/www.strassenweb.de\\\/nachrichten\\\/tracee-ellis-ross-fuehrte-in-ihrem-eingang-ein-erklaerung-ein\\\/\"},\"author\":{\"name\":\"Robert Hoffmann\",\"@id\":\"https:\\\/\\\/www.strassenweb.de\\\/nachrichten\\\/#\\\/schema\\\/person\\\/87c9c9067f1211da429a744dc5a5aa41\"},\"headline\":\"Tracee Ellis Ross f\u00fchrte in ihrem Eingang ein Erkl\u00e4rung ein.\",\"datePublished\":\"2025-07-22T19:45:21+00:00\",\"mainEntityOfPage\":{\"@id\":\"https:\\\/\\\/www.strassenweb.de\\\/nachrichten\\\/tracee-ellis-ross-fuehrte-in-ihrem-eingang-ein-erklaerung-ein\\\/\"},\"wordCount\":441,\"publisher\":{\"@id\":\"https:\\\/\\\/www.strassenweb.de\\\/nachrichten\\\/#organization\"},\"image\":{\"@id\":\"https:\\\/\\\/www.strassenweb.de\\\/nachrichten\\\/tracee-ellis-ross-fuehrte-in-ihrem-eingang-ein-erklaerung-ein\\\/#primaryimage\"},\"thumbnailUrl\":\"https:\\\/\\\/www.strassenweb.de\\\/nachrichten\\\/wp-content\\\/uploads\\\/2025\\\/07\\\/Tracee-Ellis-Ross-fuehrte-in-ihrem-Eingang-ein-Erklaerung-ein.jpg\",\"keywords\":[\"ein\",\"Eingang\",\"Ellis\",\"Erkl\u00e4rung\",\"f\u00fchrte\",\"ihrem\",\"Ross\",\"Tracee\"],\"articleSection\":[\"Haus &amp; Garten\"],\"inLanguage\":\"de\"},{\"@type\":\"WebPage\",\"@id\":\"https:\\\/\\\/www.strassenweb.de\\\/nachrichten\\\/tracee-ellis-ross-fuehrte-in-ihrem-eingang-ein-erklaerung-ein\\\/\",\"url\":\"https:\\\/\\\/www.strassenweb.de\\\/nachrichten\\\/tracee-ellis-ross-fuehrte-in-ihrem-eingang-ein-erklaerung-ein\\\/\",\"name\":\"Tracee Ellis Ross f\u00fchrte in ihrem Eingang ein Erkl\u00e4rung ein. - Nachrichten - Stra\u00dfenweb\",\"isPartOf\":{\"@id\":\"https:\\\/\\\/www.strassenweb.de\\\/nachrichten\\\/#website\"},\"primaryImageOfPage\":{\"@id\":\"https:\\\/\\\/www.strassenweb.de\\\/nachrichten\\\/tracee-ellis-ross-fuehrte-in-ihrem-eingang-ein-erklaerung-ein\\\/#primaryimage\"},\"image\":{\"@id\":\"https:\\\/\\\/www.strassenweb.de\\\/nachrichten\\\/tracee-ellis-ross-fuehrte-in-ihrem-eingang-ein-erklaerung-ein\\\/#primaryimage\"},\"thumbnailUrl\":\"https:\\\/\\\/www.strassenweb.de\\\/nachrichten\\\/wp-content\\\/uploads\\\/2025\\\/07\\\/Tracee-Ellis-Ross-fuehrte-in-ihrem-Eingang-ein-Erklaerung-ein.jpg\",\"datePublished\":\"2025-07-22T19:45:21+00:00\",\"breadcrumb\":{\"@id\":\"https:\\\/\\\/www.strassenweb.de\\\/nachrichten\\\/tracee-ellis-ross-fuehrte-in-ihrem-eingang-ein-erklaerung-ein\\\/#breadcrumb\"},\"inLanguage\":\"de\",\"potentialAction\":[{\"@type\":\"ReadAction\",\"target\":[\"https:\\\/\\\/www.strassenweb.de\\\/nachrichten\\\/tracee-ellis-ross-fuehrte-in-ihrem-eingang-ein-erklaerung-ein\\\/\"]}]},{\"@type\":\"ImageObject\",\"inLanguage\":\"de\",\"@id\":\"https:\\\/\\\/www.strassenweb.de\\\/nachrichten\\\/tracee-ellis-ross-fuehrte-in-ihrem-eingang-ein-erklaerung-ein\\\/#primaryimage\",\"url\":\"https:\\\/\\\/www.strassenweb.de\\\/nachrichten\\\/wp-content\\\/uploads\\\/2025\\\/07\\\/Tracee-Ellis-Ross-fuehrte-in-ihrem-Eingang-ein-Erklaerung-ein.jpg\",\"contentUrl\":\"https:\\\/\\\/www.strassenweb.de\\\/nachrichten\\\/wp-content\\\/uploads\\\/2025\\\/07\\\/Tracee-Ellis-Ross-fuehrte-in-ihrem-Eingang-ein-Erklaerung-ein.jpg\",\"width\":1600,\"height\":900,\"caption\":\"Tracee Ellis Ross\"},{\"@type\":\"BreadcrumbList\",\"@id\":\"https:\\\/\\\/www.strassenweb.de\\\/nachrichten\\\/tracee-ellis-ross-fuehrte-in-ihrem-eingang-ein-erklaerung-ein\\\/#breadcrumb\",\"itemListElement\":[{\"@type\":\"ListItem\",\"position\":1,\"name\":\"Home\",\"item\":\"https:\\\/\\\/www.strassenweb.de\\\/nachrichten\\\/\"},{\"@type\":\"ListItem\",\"position\":2,\"name\":\"Tracee Ellis Ross f\u00fchrte in ihrem Eingang ein Erkl\u00e4rung ein.\"}]},{\"@type\":\"WebSite\",\"@id\":\"https:\\\/\\\/www.strassenweb.de\\\/nachrichten\\\/#website\",\"url\":\"https:\\\/\\\/www.strassenweb.de\\\/nachrichten\\\/\",\"name\":\"Stra\u00dfenweb\",\"description\":\"Stra\u00dfenverzeichnis f\u00fcr Deutschland\",\"publisher\":{\"@id\":\"https:\\\/\\\/www.strassenweb.de\\\/nachrichten\\\/#organization\"},\"potentialAction\":[{\"@type\":\"SearchAction\",\"target\":{\"@type\":\"EntryPoint\",\"urlTemplate\":\"https:\\\/\\\/www.strassenweb.de\\\/nachrichten\\\/?s={search_term_string}\"},\"query-input\":{\"@type\":\"PropertyValueSpecification\",\"valueRequired\":true,\"valueName\":\"search_term_string\"}}],\"inLanguage\":\"de\"},{\"@type\":\"Organization\",\"@id\":\"https:\\\/\\\/www.strassenweb.de\\\/nachrichten\\\/#organization\",\"name\":\"Stra\u00dfenweb\",\"url\":\"https:\\\/\\\/www.strassenweb.de\\\/nachrichten\\\/\",\"logo\":{\"@type\":\"ImageObject\",\"inLanguage\":\"de\",\"@id\":\"https:\\\/\\\/www.strassenweb.de\\\/nachrichten\\\/#\\\/schema\\\/logo\\\/image\\\/\",\"url\":\"https:\\\/\\\/www.strassenweb.de\\\/nachrichten\\\/wp-content\\\/uploads\\\/2024\\\/09\\\/cropped-favicon.png\",\"contentUrl\":\"https:\\\/\\\/www.strassenweb.de\\\/nachrichten\\\/wp-content\\\/uploads\\\/2024\\\/09\\\/cropped-favicon.png\",\"width\":512,\"height\":512,\"caption\":\"Stra\u00dfenweb\"},\"image\":{\"@id\":\"https:\\\/\\\/www.strassenweb.de\\\/nachrichten\\\/#\\\/schema\\\/logo\\\/image\\\/\"},\"sameAs\":[\"https:\\\/\\\/www.facebook.com\\\/strassenweb\\\/\"]},{\"@type\":\"Person\",\"@id\":\"https:\\\/\\\/www.strassenweb.de\\\/nachrichten\\\/#\\\/schema\\\/person\\\/87c9c9067f1211da429a744dc5a5aa41\",\"name\":\"Robert Hoffmann\",\"image\":{\"@type\":\"ImageObject\",\"inLanguage\":\"de\",\"@id\":\"https:\\\/\\\/www.strassenweb.de\\\/nachrichten\\\/wp-content\\\/uploads\\\/2024\\\/09\\\/strassenweb-150x150.jpg\",\"url\":\"https:\\\/\\\/www.strassenweb.de\\\/nachrichten\\\/wp-content\\\/uploads\\\/2024\\\/09\\\/strassenweb-150x150.jpg\",\"contentUrl\":\"https:\\\/\\\/www.strassenweb.de\\\/nachrichten\\\/wp-content\\\/uploads\\\/2024\\\/09\\\/strassenweb-150x150.jpg\",\"caption\":\"Robert Hoffmann\"},\"description\":\"Ich hei\u00dfe Robert Hoffmann und ich bin ein leidenschaftlicher Verfechter von \u00d6kologie und Biodiversit\u00e4t. Seit meiner Kindheit in den W\u00e4ldern Bayerns f\u00fchle ich mich mit der Natur verbunden und bin entschlossen, sie zu sch\u00fctzen. Heute widme ich mein Leben der Sensibilisierung anderer f\u00fcr die Bedeutung des Umweltschutzes f\u00fcr zuk\u00fcnftige Generationen.\",\"sameAs\":[\"https:\\\/\\\/www.strassenweb.de\\\/\"]}]}<\/script>\n<!-- \/ Yoast SEO plugin. -->","yoast_head_json":{"title":"Tracee Ellis Ross f\u00fchrte in ihrem Eingang ein Erkl\u00e4rung ein. - Nachrichten - Stra\u00dfenweb","robots":{"index":"index","follow":"follow","max-snippet":"max-snippet:-1","max-image-preview":"max-image-preview:large","max-video-preview":"max-video-preview:-1"},"canonical":"https:\/\/www.strassenweb.de\/nachrichten\/tracee-ellis-ross-fuehrte-in-ihrem-eingang-ein-erklaerung-ein\/","og_locale":"de_DE","og_type":"article","og_title":"Tracee Ellis Ross f\u00fchrte in ihrem Eingang ein Erkl\u00e4rung ein. - Nachrichten - Stra\u00dfenweb","og_description":"Es ist kein Geheimnis, dass Art Deco im Jahr 2025 wieder gro\u00df ist. Obwohl einige vielleicht argumentieren, dass es seit seiner Gr\u00fcndung nie wirklich zu","og_url":"https:\/\/www.strassenweb.de\/nachrichten\/tracee-ellis-ross-fuehrte-in-ihrem-eingang-ein-erklaerung-ein\/","og_site_name":"Stra\u00dfenweb","article_publisher":"https:\/\/www.facebook.com\/strassenweb\/","article_published_time":"2025-07-22T19:45:21+00:00","og_image":[{"width":1600,"height":900,"url":"https:\/\/www.strassenweb.de\/nachrichten\/wp-content\/uploads\/2025\/07\/Tracee-Ellis-Ross-fuehrte-in-ihrem-Eingang-ein-Erklaerung-ein.jpg","type":"image\/jpeg"}],"author":"Robert Hoffmann","twitter_card":"summary_large_image","twitter_misc":{"Verfasst von":"Robert Hoffmann","Gesch\u00e4tzte Lesezeit":"2\u00a0Minuten"},"schema":{"@context":"https:\/\/schema.org","@graph":[{"@type":"Article","@id":"https:\/\/www.strassenweb.de\/nachrichten\/tracee-ellis-ross-fuehrte-in-ihrem-eingang-ein-erklaerung-ein\/#article","isPartOf":{"@id":"https:\/\/www.strassenweb.de\/nachrichten\/tracee-ellis-ross-fuehrte-in-ihrem-eingang-ein-erklaerung-ein\/"},"author":{"name":"Robert Hoffmann","@id":"https:\/\/www.strassenweb.de\/nachrichten\/#\/schema\/person\/87c9c9067f1211da429a744dc5a5aa41"},"headline":"Tracee Ellis Ross f\u00fchrte in ihrem Eingang ein Erkl\u00e4rung ein.","datePublished":"2025-07-22T19:45:21+00:00","mainEntityOfPage":{"@id":"https:\/\/www.strassenweb.de\/nachrichten\/tracee-ellis-ross-fuehrte-in-ihrem-eingang-ein-erklaerung-ein\/"},"wordCount":441,"publisher":{"@id":"https:\/\/www.strassenweb.de\/nachrichten\/#organization"},"image":{"@id":"https:\/\/www.strassenweb.de\/nachrichten\/tracee-ellis-ross-fuehrte-in-ihrem-eingang-ein-erklaerung-ein\/#primaryimage"},"thumbnailUrl":"https:\/\/www.strassenweb.de\/nachrichten\/wp-content\/uploads\/2025\/07\/Tracee-Ellis-Ross-fuehrte-in-ihrem-Eingang-ein-Erklaerung-ein.jpg","keywords":["ein","Eingang","Ellis","Erkl\u00e4rung","f\u00fchrte","ihrem","Ross","Tracee"],"articleSection":["Haus &amp; Garten"],"inLanguage":"de"},{"@type":"WebPage","@id":"https:\/\/www.strassenweb.de\/nachrichten\/tracee-ellis-ross-fuehrte-in-ihrem-eingang-ein-erklaerung-ein\/","url":"https:\/\/www.strassenweb.de\/nachrichten\/tracee-ellis-ross-fuehrte-in-ihrem-eingang-ein-erklaerung-ein\/","name":"Tracee Ellis Ross f\u00fchrte in ihrem Eingang ein Erkl\u00e4rung ein. - Nachrichten - Stra\u00dfenweb","isPartOf":{"@id":"https:\/\/www.strassenweb.de\/nachrichten\/#website"},"primaryImageOfPage":{"@id":"https:\/\/www.strassenweb.de\/nachrichten\/tracee-ellis-ross-fuehrte-in-ihrem-eingang-ein-erklaerung-ein\/#primaryimage"},"image":{"@id":"https:\/\/www.strassenweb.de\/nachrichten\/tracee-ellis-ross-fuehrte-in-ihrem-eingang-ein-erklaerung-ein\/#primaryimage"},"thumbnailUrl":"https:\/\/www.strassenweb.de\/nachrichten\/wp-content\/uploads\/2025\/07\/Tracee-Ellis-Ross-fuehrte-in-ihrem-Eingang-ein-Erklaerung-ein.jpg","datePublished":"2025-07-22T19:45:21+00:00","breadcrumb":{"@id":"https:\/\/www.strassenweb.de\/nachrichten\/tracee-ellis-ross-fuehrte-in-ihrem-eingang-ein-erklaerung-ein\/#breadcrumb"},"inLanguage":"de","potentialAction":[{"@type":"ReadAction","target":["https:\/\/www.strassenweb.de\/nachrichten\/tracee-ellis-ross-fuehrte-in-ihrem-eingang-ein-erklaerung-ein\/"]}]},{"@type":"ImageObject","inLanguage":"de","@id":"https:\/\/www.strassenweb.de\/nachrichten\/tracee-ellis-ross-fuehrte-in-ihrem-eingang-ein-erklaerung-ein\/#primaryimage","url":"https:\/\/www.strassenweb.de\/nachrichten\/wp-content\/uploads\/2025\/07\/Tracee-Ellis-Ross-fuehrte-in-ihrem-Eingang-ein-Erklaerung-ein.jpg","contentUrl":"https:\/\/www.strassenweb.de\/nachrichten\/wp-content\/uploads\/2025\/07\/Tracee-Ellis-Ross-fuehrte-in-ihrem-Eingang-ein-Erklaerung-ein.jpg","width":1600,"height":900,"caption":"Tracee Ellis Ross"},{"@type":"BreadcrumbList","@id":"https:\/\/www.strassenweb.de\/nachrichten\/tracee-ellis-ross-fuehrte-in-ihrem-eingang-ein-erklaerung-ein\/#breadcrumb","itemListElement":[{"@type":"ListItem","position":1,"name":"Home","item":"https:\/\/www.strassenweb.de\/nachrichten\/"},{"@type":"ListItem","position":2,"name":"Tracee Ellis Ross f\u00fchrte in ihrem Eingang ein Erkl\u00e4rung ein."}]},{"@type":"WebSite","@id":"https:\/\/www.strassenweb.de\/nachrichten\/#website","url":"https:\/\/www.strassenweb.de\/nachrichten\/","name":"Stra\u00dfenweb","description":"Stra\u00dfenverzeichnis f\u00fcr Deutschland","publisher":{"@id":"https:\/\/www.strassenweb.de\/nachrichten\/#organization"},"potentialAction":[{"@type":"SearchAction","target":{"@type":"EntryPoint","urlTemplate":"https:\/\/www.strassenweb.de\/nachrichten\/?s={search_term_string}"},"query-input":{"@type":"PropertyValueSpecification","valueRequired":true,"valueName":"search_term_string"}}],"inLanguage":"de"},{"@type":"Organization","@id":"https:\/\/www.strassenweb.de\/nachrichten\/#organization","name":"Stra\u00dfenweb","url":"https:\/\/www.strassenweb.de\/nachrichten\/","logo":{"@type":"ImageObject","inLanguage":"de","@id":"https:\/\/www.strassenweb.de\/nachrichten\/#\/schema\/logo\/image\/","url":"https:\/\/www.strassenweb.de\/nachrichten\/wp-content\/uploads\/2024\/09\/cropped-favicon.png","contentUrl":"https:\/\/www.strassenweb.de\/nachrichten\/wp-content\/uploads\/2024\/09\/cropped-favicon.png","width":512,"height":512,"caption":"Stra\u00dfenweb"},"image":{"@id":"https:\/\/www.strassenweb.de\/nachrichten\/#\/schema\/logo\/image\/"},"sameAs":["https:\/\/www.facebook.com\/strassenweb\/"]},{"@type":"Person","@id":"https:\/\/www.strassenweb.de\/nachrichten\/#\/schema\/person\/87c9c9067f1211da429a744dc5a5aa41","name":"Robert Hoffmann","image":{"@type":"ImageObject","inLanguage":"de","@id":"https:\/\/www.strassenweb.de\/nachrichten\/wp-content\/uploads\/2024\/09\/strassenweb-150x150.jpg","url":"https:\/\/www.strassenweb.de\/nachrichten\/wp-content\/uploads\/2024\/09\/strassenweb-150x150.jpg","contentUrl":"https:\/\/www.strassenweb.de\/nachrichten\/wp-content\/uploads\/2024\/09\/strassenweb-150x150.jpg","caption":"Robert Hoffmann"},"description":"Ich hei\u00dfe Robert Hoffmann und ich bin ein leidenschaftlicher Verfechter von \u00d6kologie und Biodiversit\u00e4t. Seit meiner Kindheit in den W\u00e4ldern Bayerns f\u00fchle ich mich mit der Natur verbunden und bin entschlossen, sie zu sch\u00fctzen. Heute widme ich mein Leben der Sensibilisierung anderer f\u00fcr die Bedeutung des Umweltschutzes f\u00fcr zuk\u00fcnftige Generationen.","sameAs":["https:\/\/www.strassenweb.de\/"]}]}},"_links":{"self":[{"href":"https:\/\/www.strassenweb.de\/nachrichten\/wp-json\/wp\/v2\/posts\/6400","targetHints":{"allow":["GET"]}}],"collection":[{"href":"https:\/\/www.strassenweb.de\/nachrichten\/wp-json\/wp\/v2\/posts"}],"about":[{"href":"https:\/\/www.strassenweb.de\/nachrichten\/wp-json\/wp\/v2\/types\/post"}],"author":[{"embeddable":true,"href":"https:\/\/www.strassenweb.de\/nachrichten\/wp-json\/wp\/v2\/users\/1"}],"replies":[{"embeddable":true,"href":"https:\/\/www.strassenweb.de\/nachrichten\/wp-json\/wp\/v2\/comments?post=6400"}],"version-history":[{"count":0,"href":"https:\/\/www.strassenweb.de\/nachrichten\/wp-json\/wp\/v2\/posts\/6400\/revisions"}],"wp:featuredmedia":[{"embeddable":true,"href":"https:\/\/www.strassenweb.de\/nachrichten\/wp-json\/wp\/v2\/media\/6401"}],"wp:attachment":[{"href":"https:\/\/www.strassenweb.de\/nachrichten\/wp-json\/wp\/v2\/media?parent=6400"}],"wp:term":[{"taxonomy":"category","embeddable":true,"href":"https:\/\/www.strassenweb.de\/nachrichten\/wp-json\/wp\/v2\/categories?post=6400"},{"taxonomy":"post_tag","embeddable":true,"href":"https:\/\/www.strassenweb.de\/nachrichten\/wp-json\/wp\/v2\/tags?post=6400"}],"curies":[{"name":"wp","href":"https:\/\/api.w.org\/{rel}","templated":true}]}}