{"id":6397,"date":"2025-07-22T18:44:48","date_gmt":"2025-07-22T16:44:48","guid":{"rendered":"https:\/\/www.strassenweb.de\/nachrichten\/warum-die-britischen-schmetterlinge-im-jahr-2025-boomten\/"},"modified":"2025-07-22T18:44:48","modified_gmt":"2025-07-22T16:44:48","slug":"warum-die-britischen-schmetterlinge-im-jahr-2025-boomten","status":"publish","type":"post","link":"https:\/\/www.strassenweb.de\/nachrichten\/warum-die-britischen-schmetterlinge-im-jahr-2025-boomten\/","title":{"rendered":"Warum die britischen Schmetterlinge im Jahr 2025 boomten"},"content":{"rendered":"<p>Die biologische Vielfalt ist in ganz Gro\u00dfbritannien und weltweit im rasanten R\u00fcckgang. Schmetterlinge eignen sich hervorragend, um uns zu helfen, diese Ver\u00e4nderungen zu verstehen. Wo Schmetterlingsgemeinschaften reich und vielf\u00e4ltig sind, ist auch das \u00d6kosystem. Aber das Gegenteil ist auch wahr: Wenn die Schmetterlingszahlen niedrig sind und es nur wenige Arten gibt, ist es ein schlechtes Zeichen f\u00fcr die Gesamtvielfalt und die F\u00fclle des Lebens in der Region.<\/p>\n<p>Schmetterlingsbeobachtungen geh\u00f6rten 2024 zu den niedrigsten Zeiten in Gro\u00dfbritannien &#8211; ein Tiefpunkt in einem Abw\u00e4rtstrend, der in Nordamerika und anderswo dokumentiert wurde.<\/p>\n<p>Die niedrigen Zahlen des Vereinigten K\u00f6nigreichs im letzten Jahr waren wahrscheinlich auf das Wetter zur\u00fcckzuf\u00fchren &#8211; insbesondere der deutlich bew\u00f6lkte und nasses Sommer. Dies sind keine idealen Bedingungen f\u00fcr Schmetterlinge, bei denen die Sonne W\u00e4rme verwendet wird, um ihre Temperatur zu regulieren, und (meistens) nicht im Regen fliegen.<\/p>\n<p>W\u00e4hrend die Wettermuster variieren, macht der Klimawandel unvorhersehbareres Wetter h\u00e4ufiger. Die Tierwelt steht unter dem immensen kombinierten Druck des Lebensraumverlusts und des Klimawandels und f\u00fchrt viele Arten zum Aussterben. Aufeinanderfolgende Sommer mit schlechtem Wetter k\u00f6nnen Schmetterlinge und andere Arten \u00fcber den Rand schieben.<\/p>\n<p>Zum Gl\u00fcck f\u00fcr Schmetterlinge war 2025 bisher ein starker Kontrast. Nach dem trockensten Fr\u00fchling seit 1893 und mehreren Fr\u00fchsommer -Heatwellen in Gro\u00dfbritannien springen Schmetterlinge wirklich unter viel Sonnenschein zur\u00fcck, was sie aktiv h\u00e4lt.<\/p>\n<p>Der legend\u00e4re Lepidopterist Chris Van Swaay von Butterfly Conservation Europe postet die Ergebnisse des niederl\u00e4ndischen Schmetterlings vom fr\u00fchen Fr\u00fchling bis zum sp\u00e4ten Herbst. Viele dieser \u201eTransect -Umfragen\u201c, bei denen die Aufzeichnung von Schmetterlingen aufgenommen und gleichzeitig eine geraden Linie durch einen Lebensraum folgt, wurden \u00fcber mehrere Jahrzehnte an denselben Stellen wiederholt. Als solche geben sie zuverl\u00e4ssige Trends von Schmetterlingsvielfalt und F\u00fclle.<\/p>\n<p>Van Swaay stellt fest, dass viele gemeinsame Arten ein ausgezeichnetes Jahr haben. Viele der wei\u00dfen Arten, einschlie\u00dflich der gro\u00dfen wei\u00dfen, kleinen wei\u00dfen und gr\u00fcn-gedeckten Wei\u00dfe, geht es besonders gut. Peacock -Schmetterlinge werden in einigen ihrer besten Zahlen in den letzten 20 Jahren auch auf diesen niederl\u00e4ndischen Transekten aufgezeichnet. Diese Trends sind in Gro\u00dfbritannien wahrscheinlich gleich.<\/p>\n<p>Auf dem Knepp Estate in West Sussex, einer Farm, die 2001 wiederholt wurde, melden Biologen Rekordzahlen nicht nur Schmetterlinge im Allgemeinen, sondern auch den schwer fassbaren und atemberaubenden lila Kaiser (<em>Apatura Iris<\/em>). Diese Art kann nur in alten und gro\u00dfen W\u00e4ldern mit Weidenb\u00e4umen \u00fcberleben, auf die sie ihre Eier legen. Da sie fast ausschlie\u00dflich im Baldachin leben, sind sie oft schwer zu erkennen.<\/p>\n<p>Es ist ein Vergn\u00fcgen, auch nur einen lila Kaiser zu sehen, und Knepp hat seit 2014 ihre Zahlen aufgenommen. Der vorherige Rekord war im gesamten Sommer 2018 66 (ein weiterer hei\u00dfer und sonniger). Die Zahlen von 2025 haben dies jedoch mit insgesamt 80 bis zum 11. Juli zerschlagen.<\/p>\n<figure class=\"wp-block-image\"><\/figure>\n<p>Ich habe das Vergn\u00fcgen, oft auf einer Wiese neben einem Fluss zu arbeiten, und die Zahlen der Schmetterlingsanlagen sind hier im Vergleich zu 2024 erstaunt. Selbst der Buddleia -Busch au\u00dferhalb meines B\u00fcros hat in den letzten Wochen mindestens 30 Schmetterlinge gleichzeitig von einer Vielzahl von gemeinsamen Arten gehabt &#8211; eine absolute Freude.<\/p>\n<h2 class=\"wp-block-heading\">Hei\u00dfes Wetter hilft Schmetterlingen &#8211; bis es nicht tut<\/h2>\n<p>Das klingt nach guten Nachrichten, oder? Schmetterlinge wurden gerettet und wir mussten nichts tun. Ich w\u00fcrde mich freuen, auch wenn mich das aus dem Job herausbringt, und obwohl es die unglaubliche Arbeit von Wohlt\u00e4tigkeitsorganisationen wie Butterfly Conservation ignoriert hat. Aber es ist nat\u00fcrlich nicht die ganze Geschichte.<\/p>\n<p>Unser Standard f\u00fcr das, was ein gro\u00dfartiges Jahr f\u00fcr Schmetterlinge ausmacht, wurde aufgrund des Ausma\u00dfes des Verlusts \u00fcber Jahrzehnte und Jahrhunderte erheblich gesenkt. Der gro\u00dfe Schmetterlingssommer, den wir haben, k\u00f6nnte mit einem schrecklichen Jahr vor 30 Jahren vergleichbar sein. In \u00e4hnlicher Weise ist dieses hei\u00dfe und trockene Wetter f\u00fcr eine Weile gut &#8211; aber wenn es nicht bald regnet, werden die Pflanzen verwelken.<\/p>\n<p>Wir haben dies w\u00e4hrend der intensiven Hitzewelle des Sommers 2022 gesehen. Beide Pflanzen, die Schmetterlingslarven f\u00fcr Nahrung verwenden, als auch die Nektarquellen f\u00fcr erwachsene Schmetterlinge waren aufgrund mangelnder Niederschlagsmangel so stark belastet, dass sie nicht gleicherma\u00dfen bei Erwachsenen und Raupen helfen konnten.<\/p>\n<p>Die au\u00dfergew\u00f6hnlich warme Quelle von 2025 f\u00fchrte zu Schmetterlingen aus dem Winterschlaf (als \u201e\u00dcberwinterung\u201c bezeichnet, wenn sie Insekten betrifft) ungew\u00f6hnlich fr\u00fch.<\/p>\n<p>Schmetterlinge \u00fcberwintern als Eier, Raupen oder Erwachsene. Ihre Entstehung wird typischerweise durch steigende Temperaturen ausgel\u00f6st, und die diesj\u00e4hrige W\u00e4rme scheint diesen Prozess beschleunigt zu haben: 21 von 33 Schmetterlingsarten in Dorset wurden fr\u00fcher als gew\u00f6hnlich entdeckt. Der schmuddelige Skipper (<em>Erynnis Tages<\/em>), eine kleine, bescheidene und zunehmend seltene Art, entstand einen ganzen Monat fr\u00fcher als gew\u00f6hnlich.<\/p>\n<p>W\u00e4hrend fr\u00fche Sichtungen ermutigend erscheinen m\u00f6gen, machen sie Bedenken. Wenn Pflanzen nicht auch auf die w\u00e4rmeren Temperaturen reagieren, indem sie fr\u00fcher bl\u00fchen, gibt es m\u00f6glicherweise nicht gen\u00fcgend Lebensmittel, um diese fr\u00fchen Schmetterlinge und andere best\u00e4ubende Insekten zu erhalten. Dies ist ein wachsendes Anliegen, da sich der globale Klima ver\u00e4ndert.<\/p>\n<p>Insgesamt gibt es Gr\u00fcnde, \u00fcber den Sommer 2025 begeistert zu sein. Das sonnige Wetter hat trotz der st\u00e4ndigen Belastung, unter der die Natur steht, einen lebenswichtigen Ausleger der Schmetterlingszahlen zugelassen. Es ist erfrischend, einen Busch voller lebendiger, sch\u00f6ner Insekten zu sehen.<\/p>\n<p>Der Regen ist jedoch immer noch erforderlich, und der Wachsbecken zwischen einem sehr nassen Jahres im Jahr 2024 und dem Potenzial f\u00fcr ein sehr trockenes im Jahr 2025 zeigt an, dass die heftige St\u00f6rung der Wettermuster des Klimawandels \u00fcber eine lange Zeit abh\u00e4ngig ist.<\/p>\n<p>Sie k\u00f6nnen Butterfly Conservation unterst\u00fctzen, indem Sie Ihren Rasen weniger m\u00e4hen, mehr einheimische Blumen pflanzen und sich der j\u00e4hrlichen gro\u00dfen Schmetterlingsanzeige Gro\u00dfbritanniens anschlie\u00dfen &#8211; die am Freitag, dem 18. Juli, beginnt -, um Ihre Sichtungen zu melden und Experten wie ich zu helfen, den \u00dcberblick zu behalten.<\/p>\n<hr class=\"wp-block-separator has-alpha-channel-opacity\">\n<p>Willow Neal, Postgraduiertenforscher f\u00fcr Naturschutz\u00f6kologie, <em>Die offene Universit\u00e4t<\/em><\/p>\n<p>  wird aus dem Gespr\u00e4ch unter einer Creative Commons -Lizenz neu ver\u00f6ffentlicht. <\/p>\n","protected":false},"excerpt":{"rendered":"<p>Die biologische Vielfalt ist in ganz Gro\u00dfbritannien und weltweit im rasanten R\u00fcckgang. Schmetterlinge eignen sich hervorragend, um uns zu helfen, diese Ver\u00e4nderungen zu verstehen. Wo<\/p>\n","protected":false},"author":1,"featured_media":6398,"comment_status":"closed","ping_status":"","sticky":false,"template":"","format":"standard","meta":{"footnotes":""},"categories":[101],"tags":[8790,1525,9,384,5139,744],"class_list":["post-6397","post","type-post","status-publish","format-standard","has-post-thumbnail","hentry","category-oekologie","tag-boomten","tag-britischen","tag-die","tag-jahr","tag-schmetterlinge","tag-warum","generate-columns","tablet-grid-50","mobile-grid-100","grid-parent","grid-50"],"yoast_head":"<!-- This site is optimized with the Yoast SEO plugin v27.3 - https:\/\/yoast.com\/product\/yoast-seo-wordpress\/ -->\n<title>Warum die britischen Schmetterlinge im Jahr 2025 boomten - Nachrichten - Stra\u00dfenweb<\/title>\n<meta name=\"robots\" content=\"index, follow, max-snippet:-1, max-image-preview:large, max-video-preview:-1\" \/>\n<link rel=\"canonical\" href=\"https:\/\/www.strassenweb.de\/nachrichten\/warum-die-britischen-schmetterlinge-im-jahr-2025-boomten\/\" \/>\n<meta property=\"og:locale\" content=\"de_DE\" \/>\n<meta property=\"og:type\" content=\"article\" \/>\n<meta property=\"og:title\" content=\"Warum die britischen Schmetterlinge im Jahr 2025 boomten - Nachrichten - Stra\u00dfenweb\" \/>\n<meta property=\"og:description\" content=\"Die biologische Vielfalt ist in ganz Gro\u00dfbritannien und weltweit im rasanten R\u00fcckgang. Schmetterlinge eignen sich hervorragend, um uns zu helfen, diese Ver\u00e4nderungen zu verstehen. Wo\" \/>\n<meta property=\"og:url\" content=\"https:\/\/www.strassenweb.de\/nachrichten\/warum-die-britischen-schmetterlinge-im-jahr-2025-boomten\/\" \/>\n<meta property=\"og:site_name\" content=\"Stra\u00dfenweb\" \/>\n<meta property=\"article:publisher\" content=\"https:\/\/www.facebook.com\/strassenweb\/\" \/>\n<meta property=\"article:published_time\" content=\"2025-07-22T16:44:48+00:00\" \/>\n<meta property=\"og:image\" content=\"https:\/\/www.strassenweb.de\/nachrichten\/wp-content\/uploads\/2025\/07\/Warum-die-britischen-Schmetterlinge-im-Jahr-2025-boomten.jpg\" \/>\n\t<meta property=\"og:image:width\" content=\"900\" \/>\n\t<meta property=\"og:image:height\" content=\"600\" \/>\n\t<meta property=\"og:image:type\" content=\"image\/jpeg\" \/>\n<meta name=\"author\" content=\"Robert Hoffmann\" \/>\n<meta name=\"twitter:card\" content=\"summary_large_image\" \/>\n<meta name=\"twitter:label1\" content=\"Verfasst von\" \/>\n\t<meta name=\"twitter:data1\" content=\"Robert Hoffmann\" \/>\n\t<meta name=\"twitter:label2\" content=\"Gesch\u00e4tzte Lesezeit\" \/>\n\t<meta name=\"twitter:data2\" content=\"5\u00a0Minuten\" \/>\n<script type=\"application\/ld+json\" class=\"yoast-schema-graph\">{\"@context\":\"https:\\\/\\\/schema.org\",\"@graph\":[{\"@type\":\"Article\",\"@id\":\"https:\\\/\\\/www.strassenweb.de\\\/nachrichten\\\/warum-die-britischen-schmetterlinge-im-jahr-2025-boomten\\\/#article\",\"isPartOf\":{\"@id\":\"https:\\\/\\\/www.strassenweb.de\\\/nachrichten\\\/warum-die-britischen-schmetterlinge-im-jahr-2025-boomten\\\/\"},\"author\":{\"name\":\"Robert Hoffmann\",\"@id\":\"https:\\\/\\\/www.strassenweb.de\\\/nachrichten\\\/#\\\/schema\\\/person\\\/87c9c9067f1211da429a744dc5a5aa41\"},\"headline\":\"Warum die britischen Schmetterlinge im Jahr 2025 boomten\",\"datePublished\":\"2025-07-22T16:44:48+00:00\",\"mainEntityOfPage\":{\"@id\":\"https:\\\/\\\/www.strassenweb.de\\\/nachrichten\\\/warum-die-britischen-schmetterlinge-im-jahr-2025-boomten\\\/\"},\"wordCount\":1022,\"publisher\":{\"@id\":\"https:\\\/\\\/www.strassenweb.de\\\/nachrichten\\\/#organization\"},\"image\":{\"@id\":\"https:\\\/\\\/www.strassenweb.de\\\/nachrichten\\\/warum-die-britischen-schmetterlinge-im-jahr-2025-boomten\\\/#primaryimage\"},\"thumbnailUrl\":\"https:\\\/\\\/www.strassenweb.de\\\/nachrichten\\\/wp-content\\\/uploads\\\/2025\\\/07\\\/Warum-die-britischen-Schmetterlinge-im-Jahr-2025-boomten.jpg\",\"keywords\":[\"boomten\",\"Britischen\",\"die\",\"Jahr\",\"Schmetterlinge\",\"warum\"],\"articleSection\":[\"\u00d6kologie\"],\"inLanguage\":\"de\"},{\"@type\":\"WebPage\",\"@id\":\"https:\\\/\\\/www.strassenweb.de\\\/nachrichten\\\/warum-die-britischen-schmetterlinge-im-jahr-2025-boomten\\\/\",\"url\":\"https:\\\/\\\/www.strassenweb.de\\\/nachrichten\\\/warum-die-britischen-schmetterlinge-im-jahr-2025-boomten\\\/\",\"name\":\"Warum die britischen Schmetterlinge im Jahr 2025 boomten - Nachrichten - Stra\u00dfenweb\",\"isPartOf\":{\"@id\":\"https:\\\/\\\/www.strassenweb.de\\\/nachrichten\\\/#website\"},\"primaryImageOfPage\":{\"@id\":\"https:\\\/\\\/www.strassenweb.de\\\/nachrichten\\\/warum-die-britischen-schmetterlinge-im-jahr-2025-boomten\\\/#primaryimage\"},\"image\":{\"@id\":\"https:\\\/\\\/www.strassenweb.de\\\/nachrichten\\\/warum-die-britischen-schmetterlinge-im-jahr-2025-boomten\\\/#primaryimage\"},\"thumbnailUrl\":\"https:\\\/\\\/www.strassenweb.de\\\/nachrichten\\\/wp-content\\\/uploads\\\/2025\\\/07\\\/Warum-die-britischen-Schmetterlinge-im-Jahr-2025-boomten.jpg\",\"datePublished\":\"2025-07-22T16:44:48+00:00\",\"breadcrumb\":{\"@id\":\"https:\\\/\\\/www.strassenweb.de\\\/nachrichten\\\/warum-die-britischen-schmetterlinge-im-jahr-2025-boomten\\\/#breadcrumb\"},\"inLanguage\":\"de\",\"potentialAction\":[{\"@type\":\"ReadAction\",\"target\":[\"https:\\\/\\\/www.strassenweb.de\\\/nachrichten\\\/warum-die-britischen-schmetterlinge-im-jahr-2025-boomten\\\/\"]}]},{\"@type\":\"ImageObject\",\"inLanguage\":\"de\",\"@id\":\"https:\\\/\\\/www.strassenweb.de\\\/nachrichten\\\/warum-die-britischen-schmetterlinge-im-jahr-2025-boomten\\\/#primaryimage\",\"url\":\"https:\\\/\\\/www.strassenweb.de\\\/nachrichten\\\/wp-content\\\/uploads\\\/2025\\\/07\\\/Warum-die-britischen-Schmetterlinge-im-Jahr-2025-boomten.jpg\",\"contentUrl\":\"https:\\\/\\\/www.strassenweb.de\\\/nachrichten\\\/wp-content\\\/uploads\\\/2025\\\/07\\\/Warum-die-britischen-Schmetterlinge-im-Jahr-2025-boomten.jpg\",\"width\":900,\"height\":600,\"caption\":\"Why the UK\u2019s butterflies are booming in\u00a02025\"},{\"@type\":\"BreadcrumbList\",\"@id\":\"https:\\\/\\\/www.strassenweb.de\\\/nachrichten\\\/warum-die-britischen-schmetterlinge-im-jahr-2025-boomten\\\/#breadcrumb\",\"itemListElement\":[{\"@type\":\"ListItem\",\"position\":1,\"name\":\"Home\",\"item\":\"https:\\\/\\\/www.strassenweb.de\\\/nachrichten\\\/\"},{\"@type\":\"ListItem\",\"position\":2,\"name\":\"Warum die britischen Schmetterlinge im Jahr 2025 boomten\"}]},{\"@type\":\"WebSite\",\"@id\":\"https:\\\/\\\/www.strassenweb.de\\\/nachrichten\\\/#website\",\"url\":\"https:\\\/\\\/www.strassenweb.de\\\/nachrichten\\\/\",\"name\":\"Stra\u00dfenweb\",\"description\":\"Stra\u00dfenverzeichnis f\u00fcr Deutschland\",\"publisher\":{\"@id\":\"https:\\\/\\\/www.strassenweb.de\\\/nachrichten\\\/#organization\"},\"potentialAction\":[{\"@type\":\"SearchAction\",\"target\":{\"@type\":\"EntryPoint\",\"urlTemplate\":\"https:\\\/\\\/www.strassenweb.de\\\/nachrichten\\\/?s={search_term_string}\"},\"query-input\":{\"@type\":\"PropertyValueSpecification\",\"valueRequired\":true,\"valueName\":\"search_term_string\"}}],\"inLanguage\":\"de\"},{\"@type\":\"Organization\",\"@id\":\"https:\\\/\\\/www.strassenweb.de\\\/nachrichten\\\/#organization\",\"name\":\"Stra\u00dfenweb\",\"url\":\"https:\\\/\\\/www.strassenweb.de\\\/nachrichten\\\/\",\"logo\":{\"@type\":\"ImageObject\",\"inLanguage\":\"de\",\"@id\":\"https:\\\/\\\/www.strassenweb.de\\\/nachrichten\\\/#\\\/schema\\\/logo\\\/image\\\/\",\"url\":\"https:\\\/\\\/www.strassenweb.de\\\/nachrichten\\\/wp-content\\\/uploads\\\/2024\\\/09\\\/cropped-favicon.png\",\"contentUrl\":\"https:\\\/\\\/www.strassenweb.de\\\/nachrichten\\\/wp-content\\\/uploads\\\/2024\\\/09\\\/cropped-favicon.png\",\"width\":512,\"height\":512,\"caption\":\"Stra\u00dfenweb\"},\"image\":{\"@id\":\"https:\\\/\\\/www.strassenweb.de\\\/nachrichten\\\/#\\\/schema\\\/logo\\\/image\\\/\"},\"sameAs\":[\"https:\\\/\\\/www.facebook.com\\\/strassenweb\\\/\"]},{\"@type\":\"Person\",\"@id\":\"https:\\\/\\\/www.strassenweb.de\\\/nachrichten\\\/#\\\/schema\\\/person\\\/87c9c9067f1211da429a744dc5a5aa41\",\"name\":\"Robert Hoffmann\",\"image\":{\"@type\":\"ImageObject\",\"inLanguage\":\"de\",\"@id\":\"https:\\\/\\\/www.strassenweb.de\\\/nachrichten\\\/wp-content\\\/uploads\\\/2024\\\/09\\\/strassenweb-150x150.jpg\",\"url\":\"https:\\\/\\\/www.strassenweb.de\\\/nachrichten\\\/wp-content\\\/uploads\\\/2024\\\/09\\\/strassenweb-150x150.jpg\",\"contentUrl\":\"https:\\\/\\\/www.strassenweb.de\\\/nachrichten\\\/wp-content\\\/uploads\\\/2024\\\/09\\\/strassenweb-150x150.jpg\",\"caption\":\"Robert Hoffmann\"},\"description\":\"Ich hei\u00dfe Robert Hoffmann und ich bin ein leidenschaftlicher Verfechter von \u00d6kologie und Biodiversit\u00e4t. Seit meiner Kindheit in den W\u00e4ldern Bayerns f\u00fchle ich mich mit der Natur verbunden und bin entschlossen, sie zu sch\u00fctzen. Heute widme ich mein Leben der Sensibilisierung anderer f\u00fcr die Bedeutung des Umweltschutzes f\u00fcr zuk\u00fcnftige Generationen.\",\"sameAs\":[\"https:\\\/\\\/www.strassenweb.de\\\/\"]}]}<\/script>\n<!-- \/ Yoast SEO plugin. -->","yoast_head_json":{"title":"Warum die britischen Schmetterlinge im Jahr 2025 boomten - Nachrichten - Stra\u00dfenweb","robots":{"index":"index","follow":"follow","max-snippet":"max-snippet:-1","max-image-preview":"max-image-preview:large","max-video-preview":"max-video-preview:-1"},"canonical":"https:\/\/www.strassenweb.de\/nachrichten\/warum-die-britischen-schmetterlinge-im-jahr-2025-boomten\/","og_locale":"de_DE","og_type":"article","og_title":"Warum die britischen Schmetterlinge im Jahr 2025 boomten - Nachrichten - Stra\u00dfenweb","og_description":"Die biologische Vielfalt ist in ganz Gro\u00dfbritannien und weltweit im rasanten R\u00fcckgang. Schmetterlinge eignen sich hervorragend, um uns zu helfen, diese Ver\u00e4nderungen zu verstehen. Wo","og_url":"https:\/\/www.strassenweb.de\/nachrichten\/warum-die-britischen-schmetterlinge-im-jahr-2025-boomten\/","og_site_name":"Stra\u00dfenweb","article_publisher":"https:\/\/www.facebook.com\/strassenweb\/","article_published_time":"2025-07-22T16:44:48+00:00","og_image":[{"width":900,"height":600,"url":"https:\/\/www.strassenweb.de\/nachrichten\/wp-content\/uploads\/2025\/07\/Warum-die-britischen-Schmetterlinge-im-Jahr-2025-boomten.jpg","type":"image\/jpeg"}],"author":"Robert Hoffmann","twitter_card":"summary_large_image","twitter_misc":{"Verfasst von":"Robert Hoffmann","Gesch\u00e4tzte Lesezeit":"5\u00a0Minuten"},"schema":{"@context":"https:\/\/schema.org","@graph":[{"@type":"Article","@id":"https:\/\/www.strassenweb.de\/nachrichten\/warum-die-britischen-schmetterlinge-im-jahr-2025-boomten\/#article","isPartOf":{"@id":"https:\/\/www.strassenweb.de\/nachrichten\/warum-die-britischen-schmetterlinge-im-jahr-2025-boomten\/"},"author":{"name":"Robert Hoffmann","@id":"https:\/\/www.strassenweb.de\/nachrichten\/#\/schema\/person\/87c9c9067f1211da429a744dc5a5aa41"},"headline":"Warum die britischen Schmetterlinge im Jahr 2025 boomten","datePublished":"2025-07-22T16:44:48+00:00","mainEntityOfPage":{"@id":"https:\/\/www.strassenweb.de\/nachrichten\/warum-die-britischen-schmetterlinge-im-jahr-2025-boomten\/"},"wordCount":1022,"publisher":{"@id":"https:\/\/www.strassenweb.de\/nachrichten\/#organization"},"image":{"@id":"https:\/\/www.strassenweb.de\/nachrichten\/warum-die-britischen-schmetterlinge-im-jahr-2025-boomten\/#primaryimage"},"thumbnailUrl":"https:\/\/www.strassenweb.de\/nachrichten\/wp-content\/uploads\/2025\/07\/Warum-die-britischen-Schmetterlinge-im-Jahr-2025-boomten.jpg","keywords":["boomten","Britischen","die","Jahr","Schmetterlinge","warum"],"articleSection":["\u00d6kologie"],"inLanguage":"de"},{"@type":"WebPage","@id":"https:\/\/www.strassenweb.de\/nachrichten\/warum-die-britischen-schmetterlinge-im-jahr-2025-boomten\/","url":"https:\/\/www.strassenweb.de\/nachrichten\/warum-die-britischen-schmetterlinge-im-jahr-2025-boomten\/","name":"Warum die britischen Schmetterlinge im Jahr 2025 boomten - Nachrichten - Stra\u00dfenweb","isPartOf":{"@id":"https:\/\/www.strassenweb.de\/nachrichten\/#website"},"primaryImageOfPage":{"@id":"https:\/\/www.strassenweb.de\/nachrichten\/warum-die-britischen-schmetterlinge-im-jahr-2025-boomten\/#primaryimage"},"image":{"@id":"https:\/\/www.strassenweb.de\/nachrichten\/warum-die-britischen-schmetterlinge-im-jahr-2025-boomten\/#primaryimage"},"thumbnailUrl":"https:\/\/www.strassenweb.de\/nachrichten\/wp-content\/uploads\/2025\/07\/Warum-die-britischen-Schmetterlinge-im-Jahr-2025-boomten.jpg","datePublished":"2025-07-22T16:44:48+00:00","breadcrumb":{"@id":"https:\/\/www.strassenweb.de\/nachrichten\/warum-die-britischen-schmetterlinge-im-jahr-2025-boomten\/#breadcrumb"},"inLanguage":"de","potentialAction":[{"@type":"ReadAction","target":["https:\/\/www.strassenweb.de\/nachrichten\/warum-die-britischen-schmetterlinge-im-jahr-2025-boomten\/"]}]},{"@type":"ImageObject","inLanguage":"de","@id":"https:\/\/www.strassenweb.de\/nachrichten\/warum-die-britischen-schmetterlinge-im-jahr-2025-boomten\/#primaryimage","url":"https:\/\/www.strassenweb.de\/nachrichten\/wp-content\/uploads\/2025\/07\/Warum-die-britischen-Schmetterlinge-im-Jahr-2025-boomten.jpg","contentUrl":"https:\/\/www.strassenweb.de\/nachrichten\/wp-content\/uploads\/2025\/07\/Warum-die-britischen-Schmetterlinge-im-Jahr-2025-boomten.jpg","width":900,"height":600,"caption":"Why the UK\u2019s butterflies are booming in\u00a02025"},{"@type":"BreadcrumbList","@id":"https:\/\/www.strassenweb.de\/nachrichten\/warum-die-britischen-schmetterlinge-im-jahr-2025-boomten\/#breadcrumb","itemListElement":[{"@type":"ListItem","position":1,"name":"Home","item":"https:\/\/www.strassenweb.de\/nachrichten\/"},{"@type":"ListItem","position":2,"name":"Warum die britischen Schmetterlinge im Jahr 2025 boomten"}]},{"@type":"WebSite","@id":"https:\/\/www.strassenweb.de\/nachrichten\/#website","url":"https:\/\/www.strassenweb.de\/nachrichten\/","name":"Stra\u00dfenweb","description":"Stra\u00dfenverzeichnis f\u00fcr Deutschland","publisher":{"@id":"https:\/\/www.strassenweb.de\/nachrichten\/#organization"},"potentialAction":[{"@type":"SearchAction","target":{"@type":"EntryPoint","urlTemplate":"https:\/\/www.strassenweb.de\/nachrichten\/?s={search_term_string}"},"query-input":{"@type":"PropertyValueSpecification","valueRequired":true,"valueName":"search_term_string"}}],"inLanguage":"de"},{"@type":"Organization","@id":"https:\/\/www.strassenweb.de\/nachrichten\/#organization","name":"Stra\u00dfenweb","url":"https:\/\/www.strassenweb.de\/nachrichten\/","logo":{"@type":"ImageObject","inLanguage":"de","@id":"https:\/\/www.strassenweb.de\/nachrichten\/#\/schema\/logo\/image\/","url":"https:\/\/www.strassenweb.de\/nachrichten\/wp-content\/uploads\/2024\/09\/cropped-favicon.png","contentUrl":"https:\/\/www.strassenweb.de\/nachrichten\/wp-content\/uploads\/2024\/09\/cropped-favicon.png","width":512,"height":512,"caption":"Stra\u00dfenweb"},"image":{"@id":"https:\/\/www.strassenweb.de\/nachrichten\/#\/schema\/logo\/image\/"},"sameAs":["https:\/\/www.facebook.com\/strassenweb\/"]},{"@type":"Person","@id":"https:\/\/www.strassenweb.de\/nachrichten\/#\/schema\/person\/87c9c9067f1211da429a744dc5a5aa41","name":"Robert Hoffmann","image":{"@type":"ImageObject","inLanguage":"de","@id":"https:\/\/www.strassenweb.de\/nachrichten\/wp-content\/uploads\/2024\/09\/strassenweb-150x150.jpg","url":"https:\/\/www.strassenweb.de\/nachrichten\/wp-content\/uploads\/2024\/09\/strassenweb-150x150.jpg","contentUrl":"https:\/\/www.strassenweb.de\/nachrichten\/wp-content\/uploads\/2024\/09\/strassenweb-150x150.jpg","caption":"Robert Hoffmann"},"description":"Ich hei\u00dfe Robert Hoffmann und ich bin ein leidenschaftlicher Verfechter von \u00d6kologie und Biodiversit\u00e4t. Seit meiner Kindheit in den W\u00e4ldern Bayerns f\u00fchle ich mich mit der Natur verbunden und bin entschlossen, sie zu sch\u00fctzen. Heute widme ich mein Leben der Sensibilisierung anderer f\u00fcr die Bedeutung des Umweltschutzes f\u00fcr zuk\u00fcnftige Generationen.","sameAs":["https:\/\/www.strassenweb.de\/"]}]}},"_links":{"self":[{"href":"https:\/\/www.strassenweb.de\/nachrichten\/wp-json\/wp\/v2\/posts\/6397","targetHints":{"allow":["GET"]}}],"collection":[{"href":"https:\/\/www.strassenweb.de\/nachrichten\/wp-json\/wp\/v2\/posts"}],"about":[{"href":"https:\/\/www.strassenweb.de\/nachrichten\/wp-json\/wp\/v2\/types\/post"}],"author":[{"embeddable":true,"href":"https:\/\/www.strassenweb.de\/nachrichten\/wp-json\/wp\/v2\/users\/1"}],"replies":[{"embeddable":true,"href":"https:\/\/www.strassenweb.de\/nachrichten\/wp-json\/wp\/v2\/comments?post=6397"}],"version-history":[{"count":0,"href":"https:\/\/www.strassenweb.de\/nachrichten\/wp-json\/wp\/v2\/posts\/6397\/revisions"}],"wp:featuredmedia":[{"embeddable":true,"href":"https:\/\/www.strassenweb.de\/nachrichten\/wp-json\/wp\/v2\/media\/6398"}],"wp:attachment":[{"href":"https:\/\/www.strassenweb.de\/nachrichten\/wp-json\/wp\/v2\/media?parent=6397"}],"wp:term":[{"taxonomy":"category","embeddable":true,"href":"https:\/\/www.strassenweb.de\/nachrichten\/wp-json\/wp\/v2\/categories?post=6397"},{"taxonomy":"post_tag","embeddable":true,"href":"https:\/\/www.strassenweb.de\/nachrichten\/wp-json\/wp\/v2\/tags?post=6397"}],"curies":[{"name":"wp","href":"https:\/\/api.w.org\/{rel}","templated":true}]}}