{"id":6391,"date":"2025-07-22T14:42:29","date_gmt":"2025-07-22T12:42:29","guid":{"rendered":"https:\/\/www.strassenweb.de\/nachrichten\/reaktion-der-cunliffe-review-die-kultur-der-nichteinhaltung-muss-enden\/"},"modified":"2025-07-22T14:42:30","modified_gmt":"2025-07-22T12:42:30","slug":"reaktion-der-cunliffe-review-die-kultur-der-nichteinhaltung-muss-enden","status":"publish","type":"post","link":"https:\/\/www.strassenweb.de\/nachrichten\/reaktion-der-cunliffe-review-die-kultur-der-nichteinhaltung-muss-enden\/","title":{"rendered":"Reaktion der Cunliffe Review: Die Kultur der Nichteinhaltung muss enden"},"content":{"rendered":"<p>Die endg\u00fcltigen Empfehlungen, die heute aus der unabh\u00e4ngigen \u00dcberpr\u00fcfung von Sir Jon Cunliffe ver\u00f6ffentlicht wurden, legten wichtige Elemente eines besser verwalteten Wassersystems in England fest, aber die Regierung muss nun weiter, schneller und tiefer gehen, um unsere scheiternden Gew\u00e4sser zu beheben.<strong><\/p>\n<p>Richard Benwell, Mitglied der Expertengruppe der Independent Water Commission, und CEO von Wildlife and Countryside Link, sagte:<\/strong> \u201eEine Kultur von Regelverst\u00f6\u00dfen und Nichteinhaltung ist die Verschachtung unserer Wasserumgebung. Wasserunternehmen brechen die Umweltverschmutzungsgrenzen und die Lizenzbedingungen st\u00e4ndig. Intensive Industrie und Landwirtschaft lasieren giftigen Chemikalien, Aufschl\u00e4mmung und Sediment. Sie muss aufh\u00f6ren.<\/p>\n<p>\u201eWir brauchen eine engagierte Umweltregulierungsbeh\u00f6rde, die heftig, leistungsstark und unabh\u00e4ngig ist. Wir ben\u00f6tigen eine Wirtschaftsregulierungsbeh\u00f6rde, um sicherzustellen, dass die \u00f6ffentlichen Leistungen gut belohnt werden, aber die Umweltverschmutzung zahlt sich nie aus. Jeder Schritt, um die beiden zu verschmelzen, muss den Naturschutz zur Priorit\u00e4t machen.<\/p>\n<p>&#8222;Seit Jahren werden die Pl\u00e4ne zur Wiederherstellung von Flussrestaurieren ignoriert. Die Regierung sollte schnell die regionalen Wasserbeh\u00f6rden einrichten, wobei die Befugnisse strenge Verschmutzungsgrenzen und Aktionspl\u00e4ne f\u00fcr alle Branchen festlegen, wobei die vollst\u00e4ndige Vertretung von Verbrauchern und unabh\u00e4ngigen Experten.&#8220;<\/p>\n<p>Wir begr\u00fc\u00dfen die vorgeschlagene Verschiebung der regionalen Wasserbeh\u00f6rden und der st\u00e4rkeren regionalen Governance. Wenn sie ordnungsgem\u00e4\u00df finanziert, enth\u00e4lt und gest\u00e4rkt werden, k\u00f6nnten sie eine effektivere Bereitstellung von Flussverbesserungen vornehmen, bei denen fr\u00fchere Managementpl\u00e4ne des Flussbeckens weitgehend ignoriert wurden. Die Regierung sollte Einzugsgebietspartnerschaften unterst\u00fctzen, um die Pl\u00e4ne bereitzustellen und in eine bessere \u00dcberwachung der Umweltverschmutzung im gesamten Wasserumfeld zu investieren.<\/p>\n<p>Ein neues, legal bindendes \u00fcbergeordnetes Ziel f\u00fcr Wasser ist ein weiterer kritischer Schritt nach vorne. Dies muss ehrgeizig und durch eindeutige sektor\u00fcbergreifende Lieferpl\u00e4ne mit Zwischenzielen untermauert werden. Es w\u00fcrde die langfristige Gewissheit bieten, dass Natur, Gemeinschaften und der Sektor dringend brauchen.<\/p>\n<p>Es gibt jedoch wichtige Bedenken hinsichtlich der Umgang mit der Lieferung. Die Reform der Aufsichtsbeh\u00f6rden ohne die Bek\u00e4mpfung grundlegender Themen in Bezug auf Ressourcen und Aufgaben w\u00fcrde bedeuten, Risse zu malen, anstatt die Fundamente zu beheben. Die Aufsichtsbeh\u00f6rden ben\u00f6tigen eine stabile, erh\u00f6hte Finanzierung und einen klaren, konsequenten Betrieb von der Regierung.<\/p>\n<p>Wir warnen auch vor Reformen der Wasserrahmenrichtlinie (WFD), die ihren Kernschutz verw\u00e4ssern w\u00fcrde. Jede Reform muss die wichtigsten Prinzipien der Richtlinie beibehalten und weiter gehen durch:<\/p>\n<ul class=\"wp-block-list\">\n<li>Beibehaltung des Ansatzes &#8222;One Out, All Out&#8220;, aber die Verbesserung des Berichtsprozesses, um zu reflektieren, wo Verbesserungen zu verschiedenen Themen vorgenommen wurden<\/li>\n<li>Bringen Sie die gesamte S\u00fc\u00dfwasserumgebung in den Umfang, insbesondere in kleine stehende Gew\u00e4sser und der Anstreicher<\/li>\n<li>Stellen Sie sicher, dass gen\u00fcgend Finanzmittel f\u00fcr eine gute Umsetzung und Durchsetzung vorhanden sind<\/li>\n<\/ul>\n<p>Einige kritische Ma\u00dfnahmen erfordern keine Gesetzgebung und die Umsetzung der Regierung kann heute beginnen. Die St\u00e4rkung der Einzugsgebietspartnerschaften, die Einf\u00fchrung einer umfassenden \u00dcberwachung der Umweltverschmutzung und die Erlangung einer neuen regionalen Planung sollte ganz oben auf der Liste stehen.<strong><\/p>\n<p>Ali Morse, Wasserpolitikmanager bei The Wildlife Trusts, sagte:<\/strong><br \/>\u201eIn dem Bericht der Kommission gibt es einige starke Empfehlungen f\u00fcr eine viel integrierte Art der Verwaltung von Wasser, die Schl\u00fcsselsektoren zusammenbringen, um den Fortschritt in Richtung regional zu verankerter Ziele zu erzielen, die zu einem nationalen Ganzen f\u00fchren. Entscheidend f\u00fcr den Erfolg dieses Erfolgs wird eine F\u00e4higkeit sein, die F\u00e4higkeit zu leisten, zu leiten, um zu leiten, da wir im Moment. Im Moment finanzieren und sehr \u00e4hnliche Aktionen durch Wasserunternehmen durch das Bauernhof. Sei immer l\u00e4nger gesiedelt und unwirksam.<\/p>\n<p>\u201eEs gibt auch einige Sorge &#8211; wie potenzielle \u00c4nderungen der \u00fcbergeordneten Gesetzgebung, die unsere Gew\u00e4sser und die Funktionen der Aufsichtsbeh\u00f6rden sch\u00fctzen -, w\u00e4hrend wir auch nicht perfekt sind. Wir m\u00fcssen sehr vorsichtig sein, um \u00c4nderungen vorzunehmen, die dramatisch nach hinten losgehen k\u00f6nnten.<\/p>\n<p>\u201eAber schlie\u00dflich und der Schl\u00fcssel zur k\u00fcnftigen Gesundheit unserer Gew\u00e4sser ist die Reaktion der Regierung. Einige dieser Ma\u00dfnahmen m\u00fcssen sofort ergriffen werden, z. B. diejenigen, die die Arbeit im Einzugsgebietsma\u00dfstab unterst\u00fctzen-w\u00e4hrend andere sie sorgf\u00e4ltig ber\u00fccksichtigen m\u00fcssen. Letztendlich hat die Kommission den Rahmen festgelegt, der die Regierung entspricht, um zu handeln.<\/p>\n<p>Die Frist von 2027, um einen guten \u00f6kologischen Status in allen Gew\u00e4ssern f\u00fcr die Richtlinie der Wasserrahmen zu erreichen, droht, wobei das Vereinigte K\u00f6nigreich ab diesem Zeitpunkt von den WFD -Anforderungen entfernen soll. Die Zeit l\u00e4uft also aus, um unsere Fl\u00fcsse, Seen und Feuchtgebiete wiederherzustellen. Die Regierung darf diese Gelegenheit nicht abtreiben lassen.<\/p>\n","protected":false},"excerpt":{"rendered":"<p>Die endg\u00fcltigen Empfehlungen, die heute aus der unabh\u00e4ngigen \u00dcberpr\u00fcfung von Sir Jon Cunliffe ver\u00f6ffentlicht wurden, legten wichtige Elemente eines besser verwalteten Wassersystems in England fest,<\/p>\n","protected":false},"author":1,"featured_media":6392,"comment_status":"closed","ping_status":"","sticky":false,"template":"","format":"standard","meta":{"footnotes":""},"categories":[101],"tags":[8784,81,9,8786,3879,141,8785,396,4420],"class_list":["post-6391","post","type-post","status-publish","format-standard","has-post-thumbnail","hentry","category-oekologie","tag-cunliffe","tag-der","tag-die","tag-enden","tag-kultur","tag-muss","tag-nichteinhaltung","tag-reaktion","tag-review","generate-columns","tablet-grid-50","mobile-grid-100","grid-parent","grid-50"],"yoast_head":"<!-- This site is optimized with the Yoast SEO plugin v27.3 - https:\/\/yoast.com\/product\/yoast-seo-wordpress\/ -->\n<title>Reaktion der Cunliffe Review: Die Kultur der Nichteinhaltung muss enden - Nachrichten - Stra\u00dfenweb<\/title>\n<meta name=\"robots\" content=\"index, follow, max-snippet:-1, max-image-preview:large, max-video-preview:-1\" \/>\n<link rel=\"canonical\" href=\"https:\/\/www.strassenweb.de\/nachrichten\/reaktion-der-cunliffe-review-die-kultur-der-nichteinhaltung-muss-enden\/\" \/>\n<meta property=\"og:locale\" content=\"de_DE\" \/>\n<meta property=\"og:type\" content=\"article\" \/>\n<meta property=\"og:title\" content=\"Reaktion der Cunliffe Review: Die Kultur der Nichteinhaltung muss enden - Nachrichten - Stra\u00dfenweb\" \/>\n<meta property=\"og:description\" content=\"Die endg\u00fcltigen Empfehlungen, die heute aus der unabh\u00e4ngigen \u00dcberpr\u00fcfung von Sir Jon Cunliffe ver\u00f6ffentlicht wurden, legten wichtige Elemente eines besser verwalteten Wassersystems in England fest,\" \/>\n<meta property=\"og:url\" content=\"https:\/\/www.strassenweb.de\/nachrichten\/reaktion-der-cunliffe-review-die-kultur-der-nichteinhaltung-muss-enden\/\" \/>\n<meta property=\"og:site_name\" content=\"Stra\u00dfenweb\" \/>\n<meta property=\"article:publisher\" content=\"https:\/\/www.facebook.com\/strassenweb\/\" \/>\n<meta property=\"article:published_time\" content=\"2025-07-22T12:42:29+00:00\" \/>\n<meta property=\"article:modified_time\" content=\"2025-07-22T12:42:30+00:00\" \/>\n<meta property=\"og:image\" content=\"https:\/\/www.strassenweb.de\/nachrichten\/wp-content\/uploads\/2025\/07\/Reaktion-der-Cunliffe-Review-Die-Kultur-der-Nichteinhaltung-muss-enden.jpg\" \/>\n\t<meta property=\"og:image:width\" content=\"900\" \/>\n\t<meta property=\"og:image:height\" content=\"505\" \/>\n\t<meta property=\"og:image:type\" content=\"image\/jpeg\" \/>\n<meta name=\"author\" content=\"Robert Hoffmann\" \/>\n<meta name=\"twitter:card\" content=\"summary_large_image\" \/>\n<meta name=\"twitter:label1\" content=\"Verfasst von\" \/>\n\t<meta name=\"twitter:data1\" content=\"Robert Hoffmann\" \/>\n\t<meta name=\"twitter:label2\" content=\"Gesch\u00e4tzte Lesezeit\" \/>\n\t<meta name=\"twitter:data2\" content=\"4\u00a0Minuten\" \/>\n<script type=\"application\/ld+json\" class=\"yoast-schema-graph\">{\"@context\":\"https:\\\/\\\/schema.org\",\"@graph\":[{\"@type\":\"Article\",\"@id\":\"https:\\\/\\\/www.strassenweb.de\\\/nachrichten\\\/reaktion-der-cunliffe-review-die-kultur-der-nichteinhaltung-muss-enden\\\/#article\",\"isPartOf\":{\"@id\":\"https:\\\/\\\/www.strassenweb.de\\\/nachrichten\\\/reaktion-der-cunliffe-review-die-kultur-der-nichteinhaltung-muss-enden\\\/\"},\"author\":{\"name\":\"Robert Hoffmann\",\"@id\":\"https:\\\/\\\/www.strassenweb.de\\\/nachrichten\\\/#\\\/schema\\\/person\\\/87c9c9067f1211da429a744dc5a5aa41\"},\"headline\":\"Reaktion der Cunliffe Review: Die Kultur der Nichteinhaltung muss enden\",\"datePublished\":\"2025-07-22T12:42:29+00:00\",\"dateModified\":\"2025-07-22T12:42:30+00:00\",\"mainEntityOfPage\":{\"@id\":\"https:\\\/\\\/www.strassenweb.de\\\/nachrichten\\\/reaktion-der-cunliffe-review-die-kultur-der-nichteinhaltung-muss-enden\\\/\"},\"wordCount\":761,\"publisher\":{\"@id\":\"https:\\\/\\\/www.strassenweb.de\\\/nachrichten\\\/#organization\"},\"image\":{\"@id\":\"https:\\\/\\\/www.strassenweb.de\\\/nachrichten\\\/reaktion-der-cunliffe-review-die-kultur-der-nichteinhaltung-muss-enden\\\/#primaryimage\"},\"thumbnailUrl\":\"https:\\\/\\\/www.strassenweb.de\\\/nachrichten\\\/wp-content\\\/uploads\\\/2025\\\/07\\\/Reaktion-der-Cunliffe-Review-Die-Kultur-der-Nichteinhaltung-muss-enden.jpg\",\"keywords\":[\"Cunliffe\",\"der\",\"die\",\"enden\",\"Kultur\",\"muss\",\"Nichteinhaltung\",\"Reaktion\",\"review\"],\"articleSection\":[\"\u00d6kologie\"],\"inLanguage\":\"de\"},{\"@type\":\"WebPage\",\"@id\":\"https:\\\/\\\/www.strassenweb.de\\\/nachrichten\\\/reaktion-der-cunliffe-review-die-kultur-der-nichteinhaltung-muss-enden\\\/\",\"url\":\"https:\\\/\\\/www.strassenweb.de\\\/nachrichten\\\/reaktion-der-cunliffe-review-die-kultur-der-nichteinhaltung-muss-enden\\\/\",\"name\":\"Reaktion der Cunliffe Review: Die Kultur der Nichteinhaltung muss enden - Nachrichten - Stra\u00dfenweb\",\"isPartOf\":{\"@id\":\"https:\\\/\\\/www.strassenweb.de\\\/nachrichten\\\/#website\"},\"primaryImageOfPage\":{\"@id\":\"https:\\\/\\\/www.strassenweb.de\\\/nachrichten\\\/reaktion-der-cunliffe-review-die-kultur-der-nichteinhaltung-muss-enden\\\/#primaryimage\"},\"image\":{\"@id\":\"https:\\\/\\\/www.strassenweb.de\\\/nachrichten\\\/reaktion-der-cunliffe-review-die-kultur-der-nichteinhaltung-muss-enden\\\/#primaryimage\"},\"thumbnailUrl\":\"https:\\\/\\\/www.strassenweb.de\\\/nachrichten\\\/wp-content\\\/uploads\\\/2025\\\/07\\\/Reaktion-der-Cunliffe-Review-Die-Kultur-der-Nichteinhaltung-muss-enden.jpg\",\"datePublished\":\"2025-07-22T12:42:29+00:00\",\"dateModified\":\"2025-07-22T12:42:30+00:00\",\"breadcrumb\":{\"@id\":\"https:\\\/\\\/www.strassenweb.de\\\/nachrichten\\\/reaktion-der-cunliffe-review-die-kultur-der-nichteinhaltung-muss-enden\\\/#breadcrumb\"},\"inLanguage\":\"de\",\"potentialAction\":[{\"@type\":\"ReadAction\",\"target\":[\"https:\\\/\\\/www.strassenweb.de\\\/nachrichten\\\/reaktion-der-cunliffe-review-die-kultur-der-nichteinhaltung-muss-enden\\\/\"]}]},{\"@type\":\"ImageObject\",\"inLanguage\":\"de\",\"@id\":\"https:\\\/\\\/www.strassenweb.de\\\/nachrichten\\\/reaktion-der-cunliffe-review-die-kultur-der-nichteinhaltung-muss-enden\\\/#primaryimage\",\"url\":\"https:\\\/\\\/www.strassenweb.de\\\/nachrichten\\\/wp-content\\\/uploads\\\/2025\\\/07\\\/Reaktion-der-Cunliffe-Review-Die-Kultur-der-Nichteinhaltung-muss-enden.jpg\",\"contentUrl\":\"https:\\\/\\\/www.strassenweb.de\\\/nachrichten\\\/wp-content\\\/uploads\\\/2025\\\/07\\\/Reaktion-der-Cunliffe-Review-Die-Kultur-der-Nichteinhaltung-muss-enden.jpg\",\"width\":900,\"height\":505,\"caption\":\"Cunliffe Review Response: The culture of non-compliance must end\"},{\"@type\":\"BreadcrumbList\",\"@id\":\"https:\\\/\\\/www.strassenweb.de\\\/nachrichten\\\/reaktion-der-cunliffe-review-die-kultur-der-nichteinhaltung-muss-enden\\\/#breadcrumb\",\"itemListElement\":[{\"@type\":\"ListItem\",\"position\":1,\"name\":\"Home\",\"item\":\"https:\\\/\\\/www.strassenweb.de\\\/nachrichten\\\/\"},{\"@type\":\"ListItem\",\"position\":2,\"name\":\"Reaktion der Cunliffe Review: Die Kultur der Nichteinhaltung muss enden\"}]},{\"@type\":\"WebSite\",\"@id\":\"https:\\\/\\\/www.strassenweb.de\\\/nachrichten\\\/#website\",\"url\":\"https:\\\/\\\/www.strassenweb.de\\\/nachrichten\\\/\",\"name\":\"Stra\u00dfenweb\",\"description\":\"Stra\u00dfenverzeichnis f\u00fcr Deutschland\",\"publisher\":{\"@id\":\"https:\\\/\\\/www.strassenweb.de\\\/nachrichten\\\/#organization\"},\"potentialAction\":[{\"@type\":\"SearchAction\",\"target\":{\"@type\":\"EntryPoint\",\"urlTemplate\":\"https:\\\/\\\/www.strassenweb.de\\\/nachrichten\\\/?s={search_term_string}\"},\"query-input\":{\"@type\":\"PropertyValueSpecification\",\"valueRequired\":true,\"valueName\":\"search_term_string\"}}],\"inLanguage\":\"de\"},{\"@type\":\"Organization\",\"@id\":\"https:\\\/\\\/www.strassenweb.de\\\/nachrichten\\\/#organization\",\"name\":\"Stra\u00dfenweb\",\"url\":\"https:\\\/\\\/www.strassenweb.de\\\/nachrichten\\\/\",\"logo\":{\"@type\":\"ImageObject\",\"inLanguage\":\"de\",\"@id\":\"https:\\\/\\\/www.strassenweb.de\\\/nachrichten\\\/#\\\/schema\\\/logo\\\/image\\\/\",\"url\":\"https:\\\/\\\/www.strassenweb.de\\\/nachrichten\\\/wp-content\\\/uploads\\\/2024\\\/09\\\/cropped-favicon.png\",\"contentUrl\":\"https:\\\/\\\/www.strassenweb.de\\\/nachrichten\\\/wp-content\\\/uploads\\\/2024\\\/09\\\/cropped-favicon.png\",\"width\":512,\"height\":512,\"caption\":\"Stra\u00dfenweb\"},\"image\":{\"@id\":\"https:\\\/\\\/www.strassenweb.de\\\/nachrichten\\\/#\\\/schema\\\/logo\\\/image\\\/\"},\"sameAs\":[\"https:\\\/\\\/www.facebook.com\\\/strassenweb\\\/\"]},{\"@type\":\"Person\",\"@id\":\"https:\\\/\\\/www.strassenweb.de\\\/nachrichten\\\/#\\\/schema\\\/person\\\/87c9c9067f1211da429a744dc5a5aa41\",\"name\":\"Robert Hoffmann\",\"image\":{\"@type\":\"ImageObject\",\"inLanguage\":\"de\",\"@id\":\"https:\\\/\\\/www.strassenweb.de\\\/nachrichten\\\/wp-content\\\/uploads\\\/2024\\\/09\\\/strassenweb-150x150.jpg\",\"url\":\"https:\\\/\\\/www.strassenweb.de\\\/nachrichten\\\/wp-content\\\/uploads\\\/2024\\\/09\\\/strassenweb-150x150.jpg\",\"contentUrl\":\"https:\\\/\\\/www.strassenweb.de\\\/nachrichten\\\/wp-content\\\/uploads\\\/2024\\\/09\\\/strassenweb-150x150.jpg\",\"caption\":\"Robert Hoffmann\"},\"description\":\"Ich hei\u00dfe Robert Hoffmann und ich bin ein leidenschaftlicher Verfechter von \u00d6kologie und Biodiversit\u00e4t. Seit meiner Kindheit in den W\u00e4ldern Bayerns f\u00fchle ich mich mit der Natur verbunden und bin entschlossen, sie zu sch\u00fctzen. Heute widme ich mein Leben der Sensibilisierung anderer f\u00fcr die Bedeutung des Umweltschutzes f\u00fcr zuk\u00fcnftige Generationen.\",\"sameAs\":[\"https:\\\/\\\/www.strassenweb.de\\\/\"]}]}<\/script>\n<!-- \/ Yoast SEO plugin. -->","yoast_head_json":{"title":"Reaktion der Cunliffe Review: Die Kultur der Nichteinhaltung muss enden - Nachrichten - Stra\u00dfenweb","robots":{"index":"index","follow":"follow","max-snippet":"max-snippet:-1","max-image-preview":"max-image-preview:large","max-video-preview":"max-video-preview:-1"},"canonical":"https:\/\/www.strassenweb.de\/nachrichten\/reaktion-der-cunliffe-review-die-kultur-der-nichteinhaltung-muss-enden\/","og_locale":"de_DE","og_type":"article","og_title":"Reaktion der Cunliffe Review: Die Kultur der Nichteinhaltung muss enden - Nachrichten - Stra\u00dfenweb","og_description":"Die endg\u00fcltigen Empfehlungen, die heute aus der unabh\u00e4ngigen \u00dcberpr\u00fcfung von Sir Jon Cunliffe ver\u00f6ffentlicht wurden, legten wichtige Elemente eines besser verwalteten Wassersystems in England fest,","og_url":"https:\/\/www.strassenweb.de\/nachrichten\/reaktion-der-cunliffe-review-die-kultur-der-nichteinhaltung-muss-enden\/","og_site_name":"Stra\u00dfenweb","article_publisher":"https:\/\/www.facebook.com\/strassenweb\/","article_published_time":"2025-07-22T12:42:29+00:00","article_modified_time":"2025-07-22T12:42:30+00:00","og_image":[{"width":900,"height":505,"url":"https:\/\/www.strassenweb.de\/nachrichten\/wp-content\/uploads\/2025\/07\/Reaktion-der-Cunliffe-Review-Die-Kultur-der-Nichteinhaltung-muss-enden.jpg","type":"image\/jpeg"}],"author":"Robert Hoffmann","twitter_card":"summary_large_image","twitter_misc":{"Verfasst von":"Robert Hoffmann","Gesch\u00e4tzte Lesezeit":"4\u00a0Minuten"},"schema":{"@context":"https:\/\/schema.org","@graph":[{"@type":"Article","@id":"https:\/\/www.strassenweb.de\/nachrichten\/reaktion-der-cunliffe-review-die-kultur-der-nichteinhaltung-muss-enden\/#article","isPartOf":{"@id":"https:\/\/www.strassenweb.de\/nachrichten\/reaktion-der-cunliffe-review-die-kultur-der-nichteinhaltung-muss-enden\/"},"author":{"name":"Robert Hoffmann","@id":"https:\/\/www.strassenweb.de\/nachrichten\/#\/schema\/person\/87c9c9067f1211da429a744dc5a5aa41"},"headline":"Reaktion der Cunliffe Review: Die Kultur der Nichteinhaltung muss enden","datePublished":"2025-07-22T12:42:29+00:00","dateModified":"2025-07-22T12:42:30+00:00","mainEntityOfPage":{"@id":"https:\/\/www.strassenweb.de\/nachrichten\/reaktion-der-cunliffe-review-die-kultur-der-nichteinhaltung-muss-enden\/"},"wordCount":761,"publisher":{"@id":"https:\/\/www.strassenweb.de\/nachrichten\/#organization"},"image":{"@id":"https:\/\/www.strassenweb.de\/nachrichten\/reaktion-der-cunliffe-review-die-kultur-der-nichteinhaltung-muss-enden\/#primaryimage"},"thumbnailUrl":"https:\/\/www.strassenweb.de\/nachrichten\/wp-content\/uploads\/2025\/07\/Reaktion-der-Cunliffe-Review-Die-Kultur-der-Nichteinhaltung-muss-enden.jpg","keywords":["Cunliffe","der","die","enden","Kultur","muss","Nichteinhaltung","Reaktion","review"],"articleSection":["\u00d6kologie"],"inLanguage":"de"},{"@type":"WebPage","@id":"https:\/\/www.strassenweb.de\/nachrichten\/reaktion-der-cunliffe-review-die-kultur-der-nichteinhaltung-muss-enden\/","url":"https:\/\/www.strassenweb.de\/nachrichten\/reaktion-der-cunliffe-review-die-kultur-der-nichteinhaltung-muss-enden\/","name":"Reaktion der Cunliffe Review: Die Kultur der Nichteinhaltung muss enden - Nachrichten - Stra\u00dfenweb","isPartOf":{"@id":"https:\/\/www.strassenweb.de\/nachrichten\/#website"},"primaryImageOfPage":{"@id":"https:\/\/www.strassenweb.de\/nachrichten\/reaktion-der-cunliffe-review-die-kultur-der-nichteinhaltung-muss-enden\/#primaryimage"},"image":{"@id":"https:\/\/www.strassenweb.de\/nachrichten\/reaktion-der-cunliffe-review-die-kultur-der-nichteinhaltung-muss-enden\/#primaryimage"},"thumbnailUrl":"https:\/\/www.strassenweb.de\/nachrichten\/wp-content\/uploads\/2025\/07\/Reaktion-der-Cunliffe-Review-Die-Kultur-der-Nichteinhaltung-muss-enden.jpg","datePublished":"2025-07-22T12:42:29+00:00","dateModified":"2025-07-22T12:42:30+00:00","breadcrumb":{"@id":"https:\/\/www.strassenweb.de\/nachrichten\/reaktion-der-cunliffe-review-die-kultur-der-nichteinhaltung-muss-enden\/#breadcrumb"},"inLanguage":"de","potentialAction":[{"@type":"ReadAction","target":["https:\/\/www.strassenweb.de\/nachrichten\/reaktion-der-cunliffe-review-die-kultur-der-nichteinhaltung-muss-enden\/"]}]},{"@type":"ImageObject","inLanguage":"de","@id":"https:\/\/www.strassenweb.de\/nachrichten\/reaktion-der-cunliffe-review-die-kultur-der-nichteinhaltung-muss-enden\/#primaryimage","url":"https:\/\/www.strassenweb.de\/nachrichten\/wp-content\/uploads\/2025\/07\/Reaktion-der-Cunliffe-Review-Die-Kultur-der-Nichteinhaltung-muss-enden.jpg","contentUrl":"https:\/\/www.strassenweb.de\/nachrichten\/wp-content\/uploads\/2025\/07\/Reaktion-der-Cunliffe-Review-Die-Kultur-der-Nichteinhaltung-muss-enden.jpg","width":900,"height":505,"caption":"Cunliffe Review Response: The culture of non-compliance must end"},{"@type":"BreadcrumbList","@id":"https:\/\/www.strassenweb.de\/nachrichten\/reaktion-der-cunliffe-review-die-kultur-der-nichteinhaltung-muss-enden\/#breadcrumb","itemListElement":[{"@type":"ListItem","position":1,"name":"Home","item":"https:\/\/www.strassenweb.de\/nachrichten\/"},{"@type":"ListItem","position":2,"name":"Reaktion der Cunliffe Review: Die Kultur der Nichteinhaltung muss enden"}]},{"@type":"WebSite","@id":"https:\/\/www.strassenweb.de\/nachrichten\/#website","url":"https:\/\/www.strassenweb.de\/nachrichten\/","name":"Stra\u00dfenweb","description":"Stra\u00dfenverzeichnis f\u00fcr Deutschland","publisher":{"@id":"https:\/\/www.strassenweb.de\/nachrichten\/#organization"},"potentialAction":[{"@type":"SearchAction","target":{"@type":"EntryPoint","urlTemplate":"https:\/\/www.strassenweb.de\/nachrichten\/?s={search_term_string}"},"query-input":{"@type":"PropertyValueSpecification","valueRequired":true,"valueName":"search_term_string"}}],"inLanguage":"de"},{"@type":"Organization","@id":"https:\/\/www.strassenweb.de\/nachrichten\/#organization","name":"Stra\u00dfenweb","url":"https:\/\/www.strassenweb.de\/nachrichten\/","logo":{"@type":"ImageObject","inLanguage":"de","@id":"https:\/\/www.strassenweb.de\/nachrichten\/#\/schema\/logo\/image\/","url":"https:\/\/www.strassenweb.de\/nachrichten\/wp-content\/uploads\/2024\/09\/cropped-favicon.png","contentUrl":"https:\/\/www.strassenweb.de\/nachrichten\/wp-content\/uploads\/2024\/09\/cropped-favicon.png","width":512,"height":512,"caption":"Stra\u00dfenweb"},"image":{"@id":"https:\/\/www.strassenweb.de\/nachrichten\/#\/schema\/logo\/image\/"},"sameAs":["https:\/\/www.facebook.com\/strassenweb\/"]},{"@type":"Person","@id":"https:\/\/www.strassenweb.de\/nachrichten\/#\/schema\/person\/87c9c9067f1211da429a744dc5a5aa41","name":"Robert Hoffmann","image":{"@type":"ImageObject","inLanguage":"de","@id":"https:\/\/www.strassenweb.de\/nachrichten\/wp-content\/uploads\/2024\/09\/strassenweb-150x150.jpg","url":"https:\/\/www.strassenweb.de\/nachrichten\/wp-content\/uploads\/2024\/09\/strassenweb-150x150.jpg","contentUrl":"https:\/\/www.strassenweb.de\/nachrichten\/wp-content\/uploads\/2024\/09\/strassenweb-150x150.jpg","caption":"Robert Hoffmann"},"description":"Ich hei\u00dfe Robert Hoffmann und ich bin ein leidenschaftlicher Verfechter von \u00d6kologie und Biodiversit\u00e4t. Seit meiner Kindheit in den W\u00e4ldern Bayerns f\u00fchle ich mich mit der Natur verbunden und bin entschlossen, sie zu sch\u00fctzen. Heute widme ich mein Leben der Sensibilisierung anderer f\u00fcr die Bedeutung des Umweltschutzes f\u00fcr zuk\u00fcnftige Generationen.","sameAs":["https:\/\/www.strassenweb.de\/"]}]}},"_links":{"self":[{"href":"https:\/\/www.strassenweb.de\/nachrichten\/wp-json\/wp\/v2\/posts\/6391","targetHints":{"allow":["GET"]}}],"collection":[{"href":"https:\/\/www.strassenweb.de\/nachrichten\/wp-json\/wp\/v2\/posts"}],"about":[{"href":"https:\/\/www.strassenweb.de\/nachrichten\/wp-json\/wp\/v2\/types\/post"}],"author":[{"embeddable":true,"href":"https:\/\/www.strassenweb.de\/nachrichten\/wp-json\/wp\/v2\/users\/1"}],"replies":[{"embeddable":true,"href":"https:\/\/www.strassenweb.de\/nachrichten\/wp-json\/wp\/v2\/comments?post=6391"}],"version-history":[{"count":0,"href":"https:\/\/www.strassenweb.de\/nachrichten\/wp-json\/wp\/v2\/posts\/6391\/revisions"}],"wp:featuredmedia":[{"embeddable":true,"href":"https:\/\/www.strassenweb.de\/nachrichten\/wp-json\/wp\/v2\/media\/6392"}],"wp:attachment":[{"href":"https:\/\/www.strassenweb.de\/nachrichten\/wp-json\/wp\/v2\/media?parent=6391"}],"wp:term":[{"taxonomy":"category","embeddable":true,"href":"https:\/\/www.strassenweb.de\/nachrichten\/wp-json\/wp\/v2\/categories?post=6391"},{"taxonomy":"post_tag","embeddable":true,"href":"https:\/\/www.strassenweb.de\/nachrichten\/wp-json\/wp\/v2\/tags?post=6391"}],"curies":[{"name":"wp","href":"https:\/\/api.w.org\/{rel}","templated":true}]}}