{"id":6388,"date":"2025-07-22T13:39:40","date_gmt":"2025-07-22T11:39:40","guid":{"rendered":"https:\/\/www.strassenweb.de\/nachrichten\/der-unerwartete-akzentstuhl-von-justin-und-hailey-bieber-macht-die-groesste-farbe-2025-ueberraschend-zugaenglich-es-ist-wirklich-das-perfekte-stueck\/"},"modified":"2025-07-22T13:39:41","modified_gmt":"2025-07-22T11:39:41","slug":"der-unerwartete-akzentstuhl-von-justin-und-hailey-bieber-macht-die-groesste-farbe-2025-ueberraschend-zugaenglich-es-ist-wirklich-das-perfekte-stueck","status":"publish","type":"post","link":"https:\/\/www.strassenweb.de\/nachrichten\/der-unerwartete-akzentstuhl-von-justin-und-hailey-bieber-macht-die-groesste-farbe-2025-ueberraschend-zugaenglich-es-ist-wirklich-das-perfekte-stueck\/","title":{"rendered":"Der unerwartete Akzentstuhl von Justin und Hailey Bieber macht die gr\u00f6\u00dfte Farbe 2025 \u00fcberraschend zug\u00e4nglich &#8211; es ist wirklich das perfekte St\u00fcck"},"content":{"rendered":"<div id=\"article-body\" class=\"article__body \">\n<p>Bitten Sie jeden Designer, 2025 mit einer Farbe zu definieren, und Gelb wird wahrscheinlich in das Gespr\u00e4ch eintreten. Wir haben diesen Ton \u00fcberall von Farben \u00fcber Keramik bis hin zu Kissen und W\u00fcrfen entdeckt &#8211; und jetzt den perfekten Akzentstuhl.<\/p>\n<div id=\"ad-unit-1\" class=\"ad-unit\"><\/div>\n<p>Das fragliche St\u00fcck ist mit freundlicher Genehmigung von Hailey Bieber, der einen Einblick in sie und Justins New Yorker Wohnzimmer teilte. W\u00e4hrend ich urspr\u00fcnglich vom legend\u00e4ren D\u00fcnensofa des Paares (vom franz\u00f6sischen M\u00f6beldesigner Pierre Paulin) abgelenkt wurde, verdient ihr gelber Akzentstuhl einen eigenen Moment.<\/p>\n<aside data-block-type=\"embed\" data-render-type=\"fte\" data-skip=\"dealsy\" data-widget-type=\"seasonal\" class=\"hawk-base\"><\/aside>\n<p>W\u00e4hrend das Dekorieren mit gelben seine Herausforderungen (vor allem wegen seiner Lebendigkeit, insbesondere in minimalistischen R\u00e4umen), zeigt dieser gelbe Stuhl m\u00f6glich, beides zu tun. Hailey hat es geschafft, eine schicke, raffinierte und neutrale \u00c4sthetik im Wohnzimmer aufrechtzuerhalten, aber die Hinzuf\u00fcgung eines gelben Pops h\u00e4lt die Dinge unerwartet und unterhaltsam. Besser noch, es lehrt uns eine Lektion, die in jedem Wohnzimmer und in fast jedem Budget reproduzierbar ist.<\/p>\n<div class=\"van_vid_carousel\">\n<div class=\"van_vid_carousel__padding\">\n<div class=\"van_vid_carousel__container\"><\/div>\n<\/div>\n<\/div>\n<aside data-component-name=\"Recirculation:ArticleRiver\" data-nosnippet class=\"pt-3 pb-4 mb-4 border-b border-solid border-(#333)\">\n<span class=\"\nafter:content-('') after:flex-1 after:ml-4 after:my-(0.7rem) after:border-t-(#333) after:border-t after:border-solid\nbefore:content-('') before:flex-1 before:mr-4 before:my-(0.7rem) before:border-t-(#333) before:border-t before:border-solid\nfont-article-heading pb-3 !text-base font-bold uppercase sm:text-sm text-(#333) flex\"><\/p>\n<p>Sie m\u00f6gen m\u00f6gen<br \/>\n<\/span><\/p>\n<ul class=\"flex flex-col gap-3 m-0\">\n<li class=\"m-0 list-none\" name=\"recirculation-inline\" data-analytics-id=\"recirculation-inline-1\" analytics-label=\"adviser:related\">\n<picture data-new-v2-image=\"true\" class=\"w-(--article-river-thumbnail-width,60px) flex-shrink-0\"><source type=\"image\/webp\"  ><\/source><\/p>\n<\/picture>\n<span class=\"hover:text-inherit font-article-heading text-base text-(#333) leading-5 content-center\">Ich suchte nach dem &#8218;ultimativen neutralen&#8216;<\/span><\/p>\n<\/li>\n<li class=\"m-0 list-none\" name=\"recirculation-inline\" data-analytics-id=\"recirculation-inline-2\" analytics-label=\"adviser:related\">\n<picture data-new-v2-image=\"true\" class=\"w-(--article-river-thumbnail-width,60px) flex-shrink-0\"><source type=\"image\/webp\"  ><\/source><br \/>\n<img decoding=\"async\" alt=\"Gloria Steinem in ihrem Wohnzimmer\"   loading=\"lazy\" data-new-v2-image=\"true\" src=\"https:\/\/www.strassenweb.de\/nachrichten\/wp-content\/uploads\/2025\/06\/ymXvBDADJH8BbYDtsTfjFC.jpg\" data-pin-media=\"https:\/\/www.strassenweb.de\/nachrichten\/wp-content\/uploads\/2025\/06\/ymXvBDADJH8BbYDtsTfjFC.jpg\" data-pin-nopin=\"true\" class=\"aspect-(--img-listing-aspect-ratio,16\/9) object-cover w-(--article-river-thumbnail-width,60px) flex-shrink-0\">\n<\/picture>\n<span class=\"hover:text-inherit font-article-heading text-base text-(#333) leading-5 content-center\">Gloria Steinem hat den gr\u00f6\u00dften Farbtrend 2025 in ihrem Wohnzimmer seit 1990 angenommen &#8211; ihr erhebender Raum versichert mir, dass er niemals aus der Mode gehen wird<\/span><\/p>\n<\/li>\n<li class=\"m-0 list-none\" name=\"recirculation-inline\" data-analytics-id=\"recirculation-inline-3\" analytics-label=\"adviser:related\">\n<picture data-new-v2-image=\"true\" class=\"w-(--article-river-thumbnail-width,60px) flex-shrink-0\"><source type=\"image\/webp\"  ><\/source><br \/>\n<img decoding=\"async\" alt=\"Josh Brolin\"   loading=\"lazy\" data-new-v2-image=\"true\" src=\"https:\/\/www.strassenweb.de\/nachrichten\/wp-content\/uploads\/2025\/07\/GcKzrses4eyoXzfipcSEaa.jpg\" data-pin-media=\"https:\/\/www.strassenweb.de\/nachrichten\/wp-content\/uploads\/2025\/07\/GcKzrses4eyoXzfipcSEaa.jpg\" data-pin-nopin=\"true\" class=\"aspect-(--img-listing-aspect-ratio,16\/9) object-cover w-(--article-river-thumbnail-width,60px) flex-shrink-0\">\n<\/picture>\n<span class=\"hover:text-inherit font-article-heading text-base text-(#333) leading-5 content-center\">Josh Brolin dekoriert gerade mit der trendigen Farbe, die Grau und Beige f\u00fcr 2026 ersetzt<\/span><\/p>\n<\/li>\n<\/ul>\n<\/aside>\n<div class=\"instagram-embed\">\n<blockquote class=\"instagram-media\" data-instgrm-captioned data-instgrm-version=\"6\" style=\"width:99.375%; width:-webkit-calc(100% - 2px); width:calc(100% - 2px);\">\n<p>Ein Beitrag von Adrian Martin (@adrianmartinn)<\/p>\n<p>Ein Foto von on <\/p>\n<\/blockquote>\n<\/div>\n<h2 id=\"shop-the-look-3\">Kaufen Sie den Look ein<\/h2>\n<div class=\"product-container hero-product-container product-block-no-wrap\">\n<div class=\"product-block-row\"><\/div>\n<div class=\"product-block-row\"><\/div>\n<div class=\"product-block-row\"><\/div>\n<\/div>\n<p>Wenn ein gelber Stuhl wie Justin und Hailey Bieber korrekt gestylt wird, gibt er eine Erkl\u00e4rung ab, ohne einen Raum zu \u00fcberw\u00e4ltigen. Es ist daher wichtig, ein solches St\u00fcck neben den richtigen Farbt\u00f6nen zu kombinieren.<\/p>\n<div id=\"ad-unit-2\" class=\"ad-unit\"><\/div>\n<p>&#8222;Wenn es darum geht, Buttergelb mit anderen Farben zu kombinieren, ist das erste, was Sie zu entscheiden sollten, die Stimmung&#8220;, kommentiert Amthal Karim, der Leiter des Designs bei M\u00f6beln und Auswahl. Hailey hat Neutrale ausgew\u00e4hlt, mit denen Amthal zustimmt. Sie k\u00f6nnen sich jedoch auch f\u00fcr ein weiches Rosa entscheiden, wenn Sie einen einladenderen Raum schaffen m\u00f6chten.<\/p>\n<p>&#8222;Buttergelb mit Baby Pink schafft ein s\u00fc\u00dfes oder feminines Gef\u00fchl, w\u00e4hrend das Kombination mit Neutralen wie hellgrau und off-wei\u00df eine zeitgen\u00f6ssische und raffinierte Kante&#8220;, sagt sie. &#8218;Lebhafte Erdt\u00f6ne wie blaugr\u00fcn, t\u00fcrkis und tiefe Gr\u00fcn verleihen dem Raum ein fr\u00f6hliches und nat\u00fcrliches Gef\u00fchl. Pastellfarben wie Mint, Lilac oder Baby Blues erzeugen eine unbeschwerte und freudige Wirkung, wenn sie mit Gelb kombiniert werden. &#8218;<\/p>\n<p>Um sicherzustellen, dass sich der Look modern anf\u00fchlt (auch wenn er mit Vintage -St\u00fccken dekoriert wird), empfiehlt Amthal auch die Auswahl zeitgen\u00f6ssischer Silhouetten, die sicherstellen, dass sich dieser Farbtrend zeitgem\u00e4\u00df und nie veraltet anf\u00fchlt.<\/p>\n<div id=\"slice-container-newsletterForm-articleInbodyContent-vuXDjv4n5Xq3G3W9EXAkZa\" class=\"slice-container newsletter-inbodyContent-slice newsletterForm-articleInbodyContent-vuXDjv4n5Xq3G3W9EXAkZa slice-container-newsletterForm\"><\/div>\n<p>\u201eUm zu verhindern, dass sich der Raum veraltet f\u00fchlt, halten Sie sich bei der Dekoration an moderne Silhouetten. W\u00e4hlen Sie Innenstile wie skandinavisches Innenraum, modernes oder modernes Bauernhaus aus der Mitte des Jahrhunderts, die saubere Linien und \u00fcbergerissene R\u00e4ume bevorzugen \u201c, sagt Amthal.<\/p>\n<p>Wie stylen Sie Ihr gelbes Akzentst\u00fcck? Lassen Sie mich hier in den Kommentaren wissen.<\/p>\n<div class=\"min-h-(270px) mb-4\" id=\"viafoura-engagement-starter-wrapper\" data-component-name=\"Elk:Embed:EngagementStarter\">\n<div class=\"viafoura\">\n<vf-conversation-starter target=\"viafoura-comments\" minimum-comment-count=\"1\"><br \/>\n<\/vf-conversation-starter>\n<\/div>\n<\/div>\n<hr>\n<div class=\"block\" id=\"articleTag\" data-component-name=\"PostArticleLinks\">\n<div class=\"border-b border-b-black border-solid py-2.5 text-black font-bold uppercase\">Themen<\/div>\n<nav class=\"py-2.5 flex gap-2.5 flex-wrap\" data-analytics-id=\"article-tag\">\n<p>Selena Gomez<br \/>\n<\/nav>\n<\/div>\n<\/div>\n<p><script async src=\"\/\/www.instagram.com\/embed.js\"><\/script><\/p>\n","protected":false},"excerpt":{"rendered":"<p>Bitten Sie jeden Designer, 2025 mit einer Farbe zu definieren, und Gelb wird wahrscheinlich in das Gespr\u00e4ch eintreten. Wir haben diesen Ton \u00fcberall von Farben<\/p>\n","protected":false},"author":1,"featured_media":6389,"comment_status":"closed","ping_status":"","sticky":false,"template":"","format":"standard","meta":{"footnotes":""},"categories":[118],"tags":[5228,8783,112,81,9,1202,113,6709,15,6534,939,2188,4183,1641,37,532,21,429,1026],"class_list":["post-6388","post","type-post","status-publish","format-standard","has-post-thumbnail","hentry","category-haus-garten","tag-akzentstuhl","tag-bieber","tag-das","tag-der","tag-die","tag-farbe","tag-groesste","tag-hailey","tag-ist","tag-justin","tag-macht","tag-perfekte","tag-stueck","tag-ueberraschend","tag-und","tag-unerwartete","tag-von","tag-wirklich","tag-zugaenglich","generate-columns","tablet-grid-50","mobile-grid-100","grid-parent","grid-50"],"yoast_head":"<!-- This site is optimized with the Yoast SEO plugin v27.3 - https:\/\/yoast.com\/product\/yoast-seo-wordpress\/ -->\n<title>Der unerwartete Akzentstuhl von Justin und Hailey Bieber macht die gr\u00f6\u00dfte Farbe 2025 \u00fcberraschend zug\u00e4nglich - es ist wirklich das perfekte St\u00fcck - Nachrichten - Stra\u00dfenweb<\/title>\n<meta name=\"robots\" content=\"index, follow, max-snippet:-1, max-image-preview:large, max-video-preview:-1\" \/>\n<link rel=\"canonical\" href=\"https:\/\/www.strassenweb.de\/nachrichten\/der-unerwartete-akzentstuhl-von-justin-und-hailey-bieber-macht-die-groesste-farbe-2025-ueberraschend-zugaenglich-es-ist-wirklich-das-perfekte-stueck\/\" \/>\n<meta property=\"og:locale\" content=\"de_DE\" \/>\n<meta property=\"og:type\" content=\"article\" \/>\n<meta property=\"og:title\" content=\"Der unerwartete Akzentstuhl von Justin und Hailey Bieber macht die gr\u00f6\u00dfte Farbe 2025 \u00fcberraschend zug\u00e4nglich - es ist wirklich das perfekte St\u00fcck - Nachrichten - Stra\u00dfenweb\" \/>\n<meta property=\"og:description\" content=\"Bitten Sie jeden Designer, 2025 mit einer Farbe zu definieren, und Gelb wird wahrscheinlich in das Gespr\u00e4ch eintreten. Wir haben diesen Ton \u00fcberall von Farben\" \/>\n<meta property=\"og:url\" content=\"https:\/\/www.strassenweb.de\/nachrichten\/der-unerwartete-akzentstuhl-von-justin-und-hailey-bieber-macht-die-groesste-farbe-2025-ueberraschend-zugaenglich-es-ist-wirklich-das-perfekte-stueck\/\" \/>\n<meta property=\"og:site_name\" content=\"Stra\u00dfenweb\" \/>\n<meta property=\"article:publisher\" content=\"https:\/\/www.facebook.com\/strassenweb\/\" \/>\n<meta property=\"article:published_time\" content=\"2025-07-22T11:39:40+00:00\" \/>\n<meta property=\"article:modified_time\" content=\"2025-07-22T11:39:41+00:00\" \/>\n<meta property=\"og:image\" content=\"https:\/\/www.strassenweb.de\/nachrichten\/wp-content\/uploads\/2025\/07\/Der-unerwartete-Akzentstuhl-von-Justin-und-Hailey-Bieber-macht-die.jpg\" \/>\n\t<meta property=\"og:image:width\" content=\"1600\" \/>\n\t<meta property=\"og:image:height\" content=\"900\" \/>\n\t<meta property=\"og:image:type\" content=\"image\/jpeg\" \/>\n<meta name=\"author\" content=\"Robert Hoffmann\" \/>\n<meta name=\"twitter:card\" content=\"summary_large_image\" \/>\n<meta name=\"twitter:label1\" content=\"Verfasst von\" \/>\n\t<meta name=\"twitter:data1\" content=\"Robert Hoffmann\" \/>\n\t<meta name=\"twitter:label2\" content=\"Gesch\u00e4tzte Lesezeit\" \/>\n\t<meta name=\"twitter:data2\" content=\"3\u00a0Minuten\" \/>\n<script type=\"application\/ld+json\" class=\"yoast-schema-graph\">{\"@context\":\"https:\\\/\\\/schema.org\",\"@graph\":[{\"@type\":\"Article\",\"@id\":\"https:\\\/\\\/www.strassenweb.de\\\/nachrichten\\\/der-unerwartete-akzentstuhl-von-justin-und-hailey-bieber-macht-die-groesste-farbe-2025-ueberraschend-zugaenglich-es-ist-wirklich-das-perfekte-stueck\\\/#article\",\"isPartOf\":{\"@id\":\"https:\\\/\\\/www.strassenweb.de\\\/nachrichten\\\/der-unerwartete-akzentstuhl-von-justin-und-hailey-bieber-macht-die-groesste-farbe-2025-ueberraschend-zugaenglich-es-ist-wirklich-das-perfekte-stueck\\\/\"},\"author\":{\"name\":\"Robert Hoffmann\",\"@id\":\"https:\\\/\\\/www.strassenweb.de\\\/nachrichten\\\/#\\\/schema\\\/person\\\/87c9c9067f1211da429a744dc5a5aa41\"},\"headline\":\"Der unerwartete Akzentstuhl von Justin und Hailey Bieber macht die gr\u00f6\u00dfte Farbe 2025 \u00fcberraschend zug\u00e4nglich &#8211; es ist wirklich das perfekte St\u00fcck\",\"datePublished\":\"2025-07-22T11:39:40+00:00\",\"dateModified\":\"2025-07-22T11:39:41+00:00\",\"mainEntityOfPage\":{\"@id\":\"https:\\\/\\\/www.strassenweb.de\\\/nachrichten\\\/der-unerwartete-akzentstuhl-von-justin-und-hailey-bieber-macht-die-groesste-farbe-2025-ueberraschend-zugaenglich-es-ist-wirklich-das-perfekte-stueck\\\/\"},\"wordCount\":527,\"publisher\":{\"@id\":\"https:\\\/\\\/www.strassenweb.de\\\/nachrichten\\\/#organization\"},\"image\":{\"@id\":\"https:\\\/\\\/www.strassenweb.de\\\/nachrichten\\\/der-unerwartete-akzentstuhl-von-justin-und-hailey-bieber-macht-die-groesste-farbe-2025-ueberraschend-zugaenglich-es-ist-wirklich-das-perfekte-stueck\\\/#primaryimage\"},\"thumbnailUrl\":\"https:\\\/\\\/www.strassenweb.de\\\/nachrichten\\\/wp-content\\\/uploads\\\/2025\\\/07\\\/Der-unerwartete-Akzentstuhl-von-Justin-und-Hailey-Bieber-macht-die.jpg\",\"keywords\":[\"Akzentstuhl\",\"Bieber\",\"das\",\"der\",\"die\",\"Farbe\",\"gr\u00f6\u00dfte\",\"Hailey\",\"ist\",\"Justin\",\"macht\",\"perfekte\",\"St\u00fcck\",\"\u00fcberraschend\",\"und\",\"unerwartete\",\"von\",\"wirklich\",\"zug\u00e4nglich\"],\"articleSection\":[\"Haus &amp; Garten\"],\"inLanguage\":\"de\"},{\"@type\":\"WebPage\",\"@id\":\"https:\\\/\\\/www.strassenweb.de\\\/nachrichten\\\/der-unerwartete-akzentstuhl-von-justin-und-hailey-bieber-macht-die-groesste-farbe-2025-ueberraschend-zugaenglich-es-ist-wirklich-das-perfekte-stueck\\\/\",\"url\":\"https:\\\/\\\/www.strassenweb.de\\\/nachrichten\\\/der-unerwartete-akzentstuhl-von-justin-und-hailey-bieber-macht-die-groesste-farbe-2025-ueberraschend-zugaenglich-es-ist-wirklich-das-perfekte-stueck\\\/\",\"name\":\"Der unerwartete Akzentstuhl von Justin und Hailey Bieber macht die gr\u00f6\u00dfte Farbe 2025 \u00fcberraschend zug\u00e4nglich - es ist wirklich das perfekte St\u00fcck - Nachrichten - Stra\u00dfenweb\",\"isPartOf\":{\"@id\":\"https:\\\/\\\/www.strassenweb.de\\\/nachrichten\\\/#website\"},\"primaryImageOfPage\":{\"@id\":\"https:\\\/\\\/www.strassenweb.de\\\/nachrichten\\\/der-unerwartete-akzentstuhl-von-justin-und-hailey-bieber-macht-die-groesste-farbe-2025-ueberraschend-zugaenglich-es-ist-wirklich-das-perfekte-stueck\\\/#primaryimage\"},\"image\":{\"@id\":\"https:\\\/\\\/www.strassenweb.de\\\/nachrichten\\\/der-unerwartete-akzentstuhl-von-justin-und-hailey-bieber-macht-die-groesste-farbe-2025-ueberraschend-zugaenglich-es-ist-wirklich-das-perfekte-stueck\\\/#primaryimage\"},\"thumbnailUrl\":\"https:\\\/\\\/www.strassenweb.de\\\/nachrichten\\\/wp-content\\\/uploads\\\/2025\\\/07\\\/Der-unerwartete-Akzentstuhl-von-Justin-und-Hailey-Bieber-macht-die.jpg\",\"datePublished\":\"2025-07-22T11:39:40+00:00\",\"dateModified\":\"2025-07-22T11:39:41+00:00\",\"breadcrumb\":{\"@id\":\"https:\\\/\\\/www.strassenweb.de\\\/nachrichten\\\/der-unerwartete-akzentstuhl-von-justin-und-hailey-bieber-macht-die-groesste-farbe-2025-ueberraschend-zugaenglich-es-ist-wirklich-das-perfekte-stueck\\\/#breadcrumb\"},\"inLanguage\":\"de\",\"potentialAction\":[{\"@type\":\"ReadAction\",\"target\":[\"https:\\\/\\\/www.strassenweb.de\\\/nachrichten\\\/der-unerwartete-akzentstuhl-von-justin-und-hailey-bieber-macht-die-groesste-farbe-2025-ueberraschend-zugaenglich-es-ist-wirklich-das-perfekte-stueck\\\/\"]}]},{\"@type\":\"ImageObject\",\"inLanguage\":\"de\",\"@id\":\"https:\\\/\\\/www.strassenweb.de\\\/nachrichten\\\/der-unerwartete-akzentstuhl-von-justin-und-hailey-bieber-macht-die-groesste-farbe-2025-ueberraschend-zugaenglich-es-ist-wirklich-das-perfekte-stueck\\\/#primaryimage\",\"url\":\"https:\\\/\\\/www.strassenweb.de\\\/nachrichten\\\/wp-content\\\/uploads\\\/2025\\\/07\\\/Der-unerwartete-Akzentstuhl-von-Justin-und-Hailey-Bieber-macht-die.jpg\",\"contentUrl\":\"https:\\\/\\\/www.strassenweb.de\\\/nachrichten\\\/wp-content\\\/uploads\\\/2025\\\/07\\\/Der-unerwartete-Akzentstuhl-von-Justin-und-Hailey-Bieber-macht-die.jpg\",\"width\":1600,\"height\":900,\"caption\":\"Justin and Hailey Bieber\"},{\"@type\":\"BreadcrumbList\",\"@id\":\"https:\\\/\\\/www.strassenweb.de\\\/nachrichten\\\/der-unerwartete-akzentstuhl-von-justin-und-hailey-bieber-macht-die-groesste-farbe-2025-ueberraschend-zugaenglich-es-ist-wirklich-das-perfekte-stueck\\\/#breadcrumb\",\"itemListElement\":[{\"@type\":\"ListItem\",\"position\":1,\"name\":\"Home\",\"item\":\"https:\\\/\\\/www.strassenweb.de\\\/nachrichten\\\/\"},{\"@type\":\"ListItem\",\"position\":2,\"name\":\"Der unerwartete Akzentstuhl von Justin und Hailey Bieber macht die gr\u00f6\u00dfte Farbe 2025 \u00fcberraschend zug\u00e4nglich &#8211; es ist wirklich das perfekte St\u00fcck\"}]},{\"@type\":\"WebSite\",\"@id\":\"https:\\\/\\\/www.strassenweb.de\\\/nachrichten\\\/#website\",\"url\":\"https:\\\/\\\/www.strassenweb.de\\\/nachrichten\\\/\",\"name\":\"Stra\u00dfenweb\",\"description\":\"Stra\u00dfenverzeichnis f\u00fcr Deutschland\",\"publisher\":{\"@id\":\"https:\\\/\\\/www.strassenweb.de\\\/nachrichten\\\/#organization\"},\"potentialAction\":[{\"@type\":\"SearchAction\",\"target\":{\"@type\":\"EntryPoint\",\"urlTemplate\":\"https:\\\/\\\/www.strassenweb.de\\\/nachrichten\\\/?s={search_term_string}\"},\"query-input\":{\"@type\":\"PropertyValueSpecification\",\"valueRequired\":true,\"valueName\":\"search_term_string\"}}],\"inLanguage\":\"de\"},{\"@type\":\"Organization\",\"@id\":\"https:\\\/\\\/www.strassenweb.de\\\/nachrichten\\\/#organization\",\"name\":\"Stra\u00dfenweb\",\"url\":\"https:\\\/\\\/www.strassenweb.de\\\/nachrichten\\\/\",\"logo\":{\"@type\":\"ImageObject\",\"inLanguage\":\"de\",\"@id\":\"https:\\\/\\\/www.strassenweb.de\\\/nachrichten\\\/#\\\/schema\\\/logo\\\/image\\\/\",\"url\":\"https:\\\/\\\/www.strassenweb.de\\\/nachrichten\\\/wp-content\\\/uploads\\\/2024\\\/09\\\/cropped-favicon.png\",\"contentUrl\":\"https:\\\/\\\/www.strassenweb.de\\\/nachrichten\\\/wp-content\\\/uploads\\\/2024\\\/09\\\/cropped-favicon.png\",\"width\":512,\"height\":512,\"caption\":\"Stra\u00dfenweb\"},\"image\":{\"@id\":\"https:\\\/\\\/www.strassenweb.de\\\/nachrichten\\\/#\\\/schema\\\/logo\\\/image\\\/\"},\"sameAs\":[\"https:\\\/\\\/www.facebook.com\\\/strassenweb\\\/\"]},{\"@type\":\"Person\",\"@id\":\"https:\\\/\\\/www.strassenweb.de\\\/nachrichten\\\/#\\\/schema\\\/person\\\/87c9c9067f1211da429a744dc5a5aa41\",\"name\":\"Robert Hoffmann\",\"image\":{\"@type\":\"ImageObject\",\"inLanguage\":\"de\",\"@id\":\"https:\\\/\\\/www.strassenweb.de\\\/nachrichten\\\/wp-content\\\/uploads\\\/2024\\\/09\\\/strassenweb-150x150.jpg\",\"url\":\"https:\\\/\\\/www.strassenweb.de\\\/nachrichten\\\/wp-content\\\/uploads\\\/2024\\\/09\\\/strassenweb-150x150.jpg\",\"contentUrl\":\"https:\\\/\\\/www.strassenweb.de\\\/nachrichten\\\/wp-content\\\/uploads\\\/2024\\\/09\\\/strassenweb-150x150.jpg\",\"caption\":\"Robert Hoffmann\"},\"description\":\"Ich hei\u00dfe Robert Hoffmann und ich bin ein leidenschaftlicher Verfechter von \u00d6kologie und Biodiversit\u00e4t. Seit meiner Kindheit in den W\u00e4ldern Bayerns f\u00fchle ich mich mit der Natur verbunden und bin entschlossen, sie zu sch\u00fctzen. Heute widme ich mein Leben der Sensibilisierung anderer f\u00fcr die Bedeutung des Umweltschutzes f\u00fcr zuk\u00fcnftige Generationen.\",\"sameAs\":[\"https:\\\/\\\/www.strassenweb.de\\\/\"]}]}<\/script>\n<!-- \/ Yoast SEO plugin. -->","yoast_head_json":{"title":"Der unerwartete Akzentstuhl von Justin und Hailey Bieber macht die gr\u00f6\u00dfte Farbe 2025 \u00fcberraschend zug\u00e4nglich - es ist wirklich das perfekte St\u00fcck - Nachrichten - Stra\u00dfenweb","robots":{"index":"index","follow":"follow","max-snippet":"max-snippet:-1","max-image-preview":"max-image-preview:large","max-video-preview":"max-video-preview:-1"},"canonical":"https:\/\/www.strassenweb.de\/nachrichten\/der-unerwartete-akzentstuhl-von-justin-und-hailey-bieber-macht-die-groesste-farbe-2025-ueberraschend-zugaenglich-es-ist-wirklich-das-perfekte-stueck\/","og_locale":"de_DE","og_type":"article","og_title":"Der unerwartete Akzentstuhl von Justin und Hailey Bieber macht die gr\u00f6\u00dfte Farbe 2025 \u00fcberraschend zug\u00e4nglich - es ist wirklich das perfekte St\u00fcck - Nachrichten - Stra\u00dfenweb","og_description":"Bitten Sie jeden Designer, 2025 mit einer Farbe zu definieren, und Gelb wird wahrscheinlich in das Gespr\u00e4ch eintreten. Wir haben diesen Ton \u00fcberall von Farben","og_url":"https:\/\/www.strassenweb.de\/nachrichten\/der-unerwartete-akzentstuhl-von-justin-und-hailey-bieber-macht-die-groesste-farbe-2025-ueberraschend-zugaenglich-es-ist-wirklich-das-perfekte-stueck\/","og_site_name":"Stra\u00dfenweb","article_publisher":"https:\/\/www.facebook.com\/strassenweb\/","article_published_time":"2025-07-22T11:39:40+00:00","article_modified_time":"2025-07-22T11:39:41+00:00","og_image":[{"width":1600,"height":900,"url":"https:\/\/www.strassenweb.de\/nachrichten\/wp-content\/uploads\/2025\/07\/Der-unerwartete-Akzentstuhl-von-Justin-und-Hailey-Bieber-macht-die.jpg","type":"image\/jpeg"}],"author":"Robert Hoffmann","twitter_card":"summary_large_image","twitter_misc":{"Verfasst von":"Robert Hoffmann","Gesch\u00e4tzte Lesezeit":"3\u00a0Minuten"},"schema":{"@context":"https:\/\/schema.org","@graph":[{"@type":"Article","@id":"https:\/\/www.strassenweb.de\/nachrichten\/der-unerwartete-akzentstuhl-von-justin-und-hailey-bieber-macht-die-groesste-farbe-2025-ueberraschend-zugaenglich-es-ist-wirklich-das-perfekte-stueck\/#article","isPartOf":{"@id":"https:\/\/www.strassenweb.de\/nachrichten\/der-unerwartete-akzentstuhl-von-justin-und-hailey-bieber-macht-die-groesste-farbe-2025-ueberraschend-zugaenglich-es-ist-wirklich-das-perfekte-stueck\/"},"author":{"name":"Robert Hoffmann","@id":"https:\/\/www.strassenweb.de\/nachrichten\/#\/schema\/person\/87c9c9067f1211da429a744dc5a5aa41"},"headline":"Der unerwartete Akzentstuhl von Justin und Hailey Bieber macht die gr\u00f6\u00dfte Farbe 2025 \u00fcberraschend zug\u00e4nglich &#8211; es ist wirklich das perfekte St\u00fcck","datePublished":"2025-07-22T11:39:40+00:00","dateModified":"2025-07-22T11:39:41+00:00","mainEntityOfPage":{"@id":"https:\/\/www.strassenweb.de\/nachrichten\/der-unerwartete-akzentstuhl-von-justin-und-hailey-bieber-macht-die-groesste-farbe-2025-ueberraschend-zugaenglich-es-ist-wirklich-das-perfekte-stueck\/"},"wordCount":527,"publisher":{"@id":"https:\/\/www.strassenweb.de\/nachrichten\/#organization"},"image":{"@id":"https:\/\/www.strassenweb.de\/nachrichten\/der-unerwartete-akzentstuhl-von-justin-und-hailey-bieber-macht-die-groesste-farbe-2025-ueberraschend-zugaenglich-es-ist-wirklich-das-perfekte-stueck\/#primaryimage"},"thumbnailUrl":"https:\/\/www.strassenweb.de\/nachrichten\/wp-content\/uploads\/2025\/07\/Der-unerwartete-Akzentstuhl-von-Justin-und-Hailey-Bieber-macht-die.jpg","keywords":["Akzentstuhl","Bieber","das","der","die","Farbe","gr\u00f6\u00dfte","Hailey","ist","Justin","macht","perfekte","St\u00fcck","\u00fcberraschend","und","unerwartete","von","wirklich","zug\u00e4nglich"],"articleSection":["Haus &amp; Garten"],"inLanguage":"de"},{"@type":"WebPage","@id":"https:\/\/www.strassenweb.de\/nachrichten\/der-unerwartete-akzentstuhl-von-justin-und-hailey-bieber-macht-die-groesste-farbe-2025-ueberraschend-zugaenglich-es-ist-wirklich-das-perfekte-stueck\/","url":"https:\/\/www.strassenweb.de\/nachrichten\/der-unerwartete-akzentstuhl-von-justin-und-hailey-bieber-macht-die-groesste-farbe-2025-ueberraschend-zugaenglich-es-ist-wirklich-das-perfekte-stueck\/","name":"Der unerwartete Akzentstuhl von Justin und Hailey Bieber macht die gr\u00f6\u00dfte Farbe 2025 \u00fcberraschend zug\u00e4nglich - es ist wirklich das perfekte St\u00fcck - Nachrichten - Stra\u00dfenweb","isPartOf":{"@id":"https:\/\/www.strassenweb.de\/nachrichten\/#website"},"primaryImageOfPage":{"@id":"https:\/\/www.strassenweb.de\/nachrichten\/der-unerwartete-akzentstuhl-von-justin-und-hailey-bieber-macht-die-groesste-farbe-2025-ueberraschend-zugaenglich-es-ist-wirklich-das-perfekte-stueck\/#primaryimage"},"image":{"@id":"https:\/\/www.strassenweb.de\/nachrichten\/der-unerwartete-akzentstuhl-von-justin-und-hailey-bieber-macht-die-groesste-farbe-2025-ueberraschend-zugaenglich-es-ist-wirklich-das-perfekte-stueck\/#primaryimage"},"thumbnailUrl":"https:\/\/www.strassenweb.de\/nachrichten\/wp-content\/uploads\/2025\/07\/Der-unerwartete-Akzentstuhl-von-Justin-und-Hailey-Bieber-macht-die.jpg","datePublished":"2025-07-22T11:39:40+00:00","dateModified":"2025-07-22T11:39:41+00:00","breadcrumb":{"@id":"https:\/\/www.strassenweb.de\/nachrichten\/der-unerwartete-akzentstuhl-von-justin-und-hailey-bieber-macht-die-groesste-farbe-2025-ueberraschend-zugaenglich-es-ist-wirklich-das-perfekte-stueck\/#breadcrumb"},"inLanguage":"de","potentialAction":[{"@type":"ReadAction","target":["https:\/\/www.strassenweb.de\/nachrichten\/der-unerwartete-akzentstuhl-von-justin-und-hailey-bieber-macht-die-groesste-farbe-2025-ueberraschend-zugaenglich-es-ist-wirklich-das-perfekte-stueck\/"]}]},{"@type":"ImageObject","inLanguage":"de","@id":"https:\/\/www.strassenweb.de\/nachrichten\/der-unerwartete-akzentstuhl-von-justin-und-hailey-bieber-macht-die-groesste-farbe-2025-ueberraschend-zugaenglich-es-ist-wirklich-das-perfekte-stueck\/#primaryimage","url":"https:\/\/www.strassenweb.de\/nachrichten\/wp-content\/uploads\/2025\/07\/Der-unerwartete-Akzentstuhl-von-Justin-und-Hailey-Bieber-macht-die.jpg","contentUrl":"https:\/\/www.strassenweb.de\/nachrichten\/wp-content\/uploads\/2025\/07\/Der-unerwartete-Akzentstuhl-von-Justin-und-Hailey-Bieber-macht-die.jpg","width":1600,"height":900,"caption":"Justin and Hailey Bieber"},{"@type":"BreadcrumbList","@id":"https:\/\/www.strassenweb.de\/nachrichten\/der-unerwartete-akzentstuhl-von-justin-und-hailey-bieber-macht-die-groesste-farbe-2025-ueberraschend-zugaenglich-es-ist-wirklich-das-perfekte-stueck\/#breadcrumb","itemListElement":[{"@type":"ListItem","position":1,"name":"Home","item":"https:\/\/www.strassenweb.de\/nachrichten\/"},{"@type":"ListItem","position":2,"name":"Der unerwartete Akzentstuhl von Justin und Hailey Bieber macht die gr\u00f6\u00dfte Farbe 2025 \u00fcberraschend zug\u00e4nglich &#8211; es ist wirklich das perfekte St\u00fcck"}]},{"@type":"WebSite","@id":"https:\/\/www.strassenweb.de\/nachrichten\/#website","url":"https:\/\/www.strassenweb.de\/nachrichten\/","name":"Stra\u00dfenweb","description":"Stra\u00dfenverzeichnis f\u00fcr Deutschland","publisher":{"@id":"https:\/\/www.strassenweb.de\/nachrichten\/#organization"},"potentialAction":[{"@type":"SearchAction","target":{"@type":"EntryPoint","urlTemplate":"https:\/\/www.strassenweb.de\/nachrichten\/?s={search_term_string}"},"query-input":{"@type":"PropertyValueSpecification","valueRequired":true,"valueName":"search_term_string"}}],"inLanguage":"de"},{"@type":"Organization","@id":"https:\/\/www.strassenweb.de\/nachrichten\/#organization","name":"Stra\u00dfenweb","url":"https:\/\/www.strassenweb.de\/nachrichten\/","logo":{"@type":"ImageObject","inLanguage":"de","@id":"https:\/\/www.strassenweb.de\/nachrichten\/#\/schema\/logo\/image\/","url":"https:\/\/www.strassenweb.de\/nachrichten\/wp-content\/uploads\/2024\/09\/cropped-favicon.png","contentUrl":"https:\/\/www.strassenweb.de\/nachrichten\/wp-content\/uploads\/2024\/09\/cropped-favicon.png","width":512,"height":512,"caption":"Stra\u00dfenweb"},"image":{"@id":"https:\/\/www.strassenweb.de\/nachrichten\/#\/schema\/logo\/image\/"},"sameAs":["https:\/\/www.facebook.com\/strassenweb\/"]},{"@type":"Person","@id":"https:\/\/www.strassenweb.de\/nachrichten\/#\/schema\/person\/87c9c9067f1211da429a744dc5a5aa41","name":"Robert Hoffmann","image":{"@type":"ImageObject","inLanguage":"de","@id":"https:\/\/www.strassenweb.de\/nachrichten\/wp-content\/uploads\/2024\/09\/strassenweb-150x150.jpg","url":"https:\/\/www.strassenweb.de\/nachrichten\/wp-content\/uploads\/2024\/09\/strassenweb-150x150.jpg","contentUrl":"https:\/\/www.strassenweb.de\/nachrichten\/wp-content\/uploads\/2024\/09\/strassenweb-150x150.jpg","caption":"Robert Hoffmann"},"description":"Ich hei\u00dfe Robert Hoffmann und ich bin ein leidenschaftlicher Verfechter von \u00d6kologie und Biodiversit\u00e4t. Seit meiner Kindheit in den W\u00e4ldern Bayerns f\u00fchle ich mich mit der Natur verbunden und bin entschlossen, sie zu sch\u00fctzen. Heute widme ich mein Leben der Sensibilisierung anderer f\u00fcr die Bedeutung des Umweltschutzes f\u00fcr zuk\u00fcnftige Generationen.","sameAs":["https:\/\/www.strassenweb.de\/"]}]}},"_links":{"self":[{"href":"https:\/\/www.strassenweb.de\/nachrichten\/wp-json\/wp\/v2\/posts\/6388","targetHints":{"allow":["GET"]}}],"collection":[{"href":"https:\/\/www.strassenweb.de\/nachrichten\/wp-json\/wp\/v2\/posts"}],"about":[{"href":"https:\/\/www.strassenweb.de\/nachrichten\/wp-json\/wp\/v2\/types\/post"}],"author":[{"embeddable":true,"href":"https:\/\/www.strassenweb.de\/nachrichten\/wp-json\/wp\/v2\/users\/1"}],"replies":[{"embeddable":true,"href":"https:\/\/www.strassenweb.de\/nachrichten\/wp-json\/wp\/v2\/comments?post=6388"}],"version-history":[{"count":0,"href":"https:\/\/www.strassenweb.de\/nachrichten\/wp-json\/wp\/v2\/posts\/6388\/revisions"}],"wp:featuredmedia":[{"embeddable":true,"href":"https:\/\/www.strassenweb.de\/nachrichten\/wp-json\/wp\/v2\/media\/6389"}],"wp:attachment":[{"href":"https:\/\/www.strassenweb.de\/nachrichten\/wp-json\/wp\/v2\/media?parent=6388"}],"wp:term":[{"taxonomy":"category","embeddable":true,"href":"https:\/\/www.strassenweb.de\/nachrichten\/wp-json\/wp\/v2\/categories?post=6388"},{"taxonomy":"post_tag","embeddable":true,"href":"https:\/\/www.strassenweb.de\/nachrichten\/wp-json\/wp\/v2\/tags?post=6388"}],"curies":[{"name":"wp","href":"https:\/\/api.w.org\/{rel}","templated":true}]}}