{"id":6385,"date":"2025-07-22T09:41:31","date_gmt":"2025-07-22T07:41:31","guid":{"rendered":"https:\/\/www.strassenweb.de\/nachrichten\/koennen-sie-die-farbe-japanischer-maples-aendern-hier-ist-was-sich-tatsaechlich-auf-ihr-lebendiges-laub-auswirkt-und-was-sie-tun-koennen-um-zu-helfen\/"},"modified":"2025-07-22T09:41:32","modified_gmt":"2025-07-22T07:41:32","slug":"koennen-sie-die-farbe-japanischer-maples-aendern-hier-ist-was-sich-tatsaechlich-auf-ihr-lebendiges-laub-auswirkt-und-was-sie-tun-koennen-um-zu-helfen","status":"publish","type":"post","link":"https:\/\/www.strassenweb.de\/nachrichten\/koennen-sie-die-farbe-japanischer-maples-aendern-hier-ist-was-sich-tatsaechlich-auf-ihr-lebendiges-laub-auswirkt-und-was-sie-tun-koennen-um-zu-helfen\/","title":{"rendered":"K\u00f6nnen Sie die Farbe japanischer Maples \u00e4ndern? Hier ist, was sich tats\u00e4chlich auf ihr lebendiges Laub auswirkt und was Sie tun k\u00f6nnen, um zu helfen"},"content":{"rendered":"<div id=\"article-body\" class=\"article__body \">\n<p>Ich habe japanische Ahornb\u00e4ume in jeder Art von Umgebung angebaut, von schattigen Waldbetten in S\u00fcdwales bis hin zu sonnigen Terrassen in Italien. Und eine Frage, die ich immer zu stellen scheine, ist: Wie \u00e4ndere ich die Farbe japanischer Maples?<\/p>\n<div id=\"ad-unit-1\" class=\"ad-unit\"><\/div>\n<p>Wir alle wollen diese tiefen Crimsons, Honiggold und flammende Orangen, die einen Raum erh\u00f6hen. Aber hier ist die unbequeme Wahrheit: Sie k\u00f6nnen nicht <em>Wirklich<\/em> \u00c4ndern Sie die Farbe eines japanischen Maples. Im Gegensatz zu Hortensien wird ihr Blattschatten in ihren genetischen Code geschrieben. F\u00fcttern Sie sie, mulch sie, gie\u00dfen Sie sie gut, all dies hilft bei Gesundheit, Kraft und vielleicht der Intensit\u00e4t ihres Laubs, aber eine rotbl\u00e4ttrige Sorte wird rot bleiben, und ein gr\u00fcner wird pl\u00f6tzlich scharlachrote.<\/p>\n<p>Aber wenn dies nicht die Antwort ist, auf die Sie sich erhofft haben, \u00e4rgern Sie sich nicht, da ich viele Empfehlungen f\u00fcr eine feurige Sorte habe, die Sie in diesem Jahr zu Ihrem Verschw\u00f6rung hinzuf\u00fcgen k\u00f6nnen. Hier ist alles, was ich \u00fcber die F\u00f6rderung eines gesunden, lebendigen Laubs und den besten japanischen Ahornb\u00e4umen, die es wert sind, in Ihren Garten zu erweitern, zu f\u00f6rdern. Denn warum sich nicht mit einem Ahorn g\u00f6nnen, der garantiert eine Show veranstaltet?<\/p>\n<div class=\"van_vid_carousel\">\n<div class=\"van_vid_carousel__padding\">\n<div class=\"van_vid_carousel__container\"><\/div>\n<\/div>\n<\/div>\n<aside data-component-name=\"Recirculation:ArticleRiver\" data-nosnippet class=\"pt-3 pb-4 mb-4 border-b border-solid border-(#333)\">\n<span class=\"\nafter:content-('') after:flex-1 after:ml-4 after:my-(0.7rem) after:border-t-(#333) after:border-t after:border-solid\nbefore:content-('') before:flex-1 before:mr-4 before:my-(0.7rem) before:border-t-(#333) before:border-t before:border-solid\nfont-article-heading pb-3 !text-base font-bold uppercase sm:text-sm text-(#333) flex\"><\/p>\n<p>Sie m\u00f6gen m\u00f6gen<br \/>\n<\/span><\/p>\n<ul class=\"flex flex-col gap-3 m-0\">\n<li class=\"m-0 list-none\" name=\"recirculation-inline\" data-analytics-id=\"recirculation-inline-1\" analytics-label=\"adviser:related\">\n<picture data-new-v2-image=\"true\" class=\"w-(--article-river-thumbnail-width,60px) flex-shrink-0\"><source type=\"image\/webp\"  ><\/source><\/p>\n<\/picture>\n<span class=\"hover:text-inherit font-article-heading text-base text-(#333) leading-5 content-center\">Ich hielt meine Jadepflanze an, indem ich eine kleine Ver\u00e4nderung vornehme<\/span><\/p>\n<\/li>\n<li class=\"m-0 list-none\" name=\"recirculation-inline\" data-analytics-id=\"recirculation-inline-2\" analytics-label=\"adviser:related\">\n<picture data-new-v2-image=\"true\" class=\"w-(--article-river-thumbnail-width,60px) flex-shrink-0\"><source type=\"image\/webp\"  ><\/source><br \/>\n<img decoding=\"async\" alt=\"Japanischer Ahornbaum mit orange und rotem Laub in einem Garten\"   loading=\"lazy\" data-new-v2-image=\"true\" src=\"https:\/\/www.strassenweb.de\/nachrichten\/wp-content\/uploads\/2025\/06\/KCkkMcV8EP2m5QiPoGHYwc.jpg\" data-pin-media=\"https:\/\/www.strassenweb.de\/nachrichten\/wp-content\/uploads\/2025\/06\/KCkkMcV8EP2m5QiPoGHYwc.jpg\" data-pin-nopin=\"true\" class=\"aspect-(--img-listing-aspect-ratio,16\/9) object-cover w-(--article-river-thumbnail-width,60px) flex-shrink-0\">\n<\/picture>\n<span class=\"hover:text-inherit font-article-heading text-base text-(#333) leading-5 content-center\">G\u00e4rtner mit japanischen Ahorns, die aufgefordert werden, diese einfache L\u00f6sung von 2-Zutaten zu verwenden, die die Sch\u00e4dlinge schnell aufh\u00f6rt, wenn Sie jetzt handeln<\/span><\/p>\n<\/li>\n<li class=\"m-0 list-none\" name=\"recirculation-inline\" data-analytics-id=\"recirculation-inline-3\" analytics-label=\"adviser:related\">\n<picture data-new-v2-image=\"true\" class=\"w-(--article-river-thumbnail-width,60px) flex-shrink-0\"><source type=\"image\/webp\"  ><\/source><br \/>\n<img decoding=\"async\" alt=\"Japanisches Waldgras mit lebendigen gr\u00fcnen Klingen, die im Sommer in dichten Klumpen in einer Teilschattgrenze wachsen\"   loading=\"lazy\" data-new-v2-image=\"true\" src=\"https:\/\/www.strassenweb.de\/nachrichten\/wp-content\/uploads\/2025\/06\/Wie-man-japanisches-Waldgras-annimmt-fuer-eine-elegante-Problemloeserpflanze-die-in.jpg\" data-pin-media=\"https:\/\/www.strassenweb.de\/nachrichten\/wp-content\/uploads\/2025\/06\/Wie-man-japanisches-Waldgras-annimmt-fuer-eine-elegante-Problemloeserpflanze-die-in.jpg\" data-pin-nopin=\"true\" class=\"aspect-(--img-listing-aspect-ratio,16\/9) object-cover w-(--article-river-thumbnail-width,60px) flex-shrink-0\">\n<\/picture>\n<span class=\"hover:text-inherit font-article-heading text-base text-(#333) leading-5 content-center\">Wie man japanisches Waldgras annimmt-f\u00fcr eine elegante Probleml\u00f6serpflanze, die in schattigen Grenzen gedeiht <\/span><\/p>\n<\/li>\n<\/ul>\n<\/aside>\n<figure class=\"van-image-figure inline-layout \" data-bordeaux-image-check>\n<div class=\"image-full-width-wrapper\">\n<div class=\"image-widthsetter\" style=\"max-width:2400px;\"><\/div>\n<\/div>\n<\/figure>\n<h2 id=\"can-you-change-the-color-of-japanese-maples-3\">K\u00f6nnen Sie die Farbe japanischer Maples \u00e4ndern?<\/h2>\n<aside data-block-type=\"embed\" data-render-type=\"fte\" data-skip=\"dealsy\" data-widget-type=\"seasonal\" class=\"hawk-base\"><\/aside>\n<p>Unabh\u00e4ngig davon, ob Sie japanische Ahorns in T\u00f6pfen oder Grenzen anbauen, fragen Sie sich m\u00f6glicherweise, wie Sie ihre Farbe \u00e4ndern oder verbessern k\u00f6nnen.<\/p>\n<div id=\"ad-unit-2\" class=\"ad-unit\"><\/div>\n<p>Und obwohl Sie die genetische Zusammensetzung dieser Waldpflanzen nicht ver\u00e4ndern k\u00f6nnen, k\u00f6nnen Sie sicherstellen, dass Sie einige wichtige Anforderungen an die Wachstumsanforderungen treffen, um sicherzustellen, dass das Laub in diesem Jahr so zingig und lebendig wie m\u00f6glich ist.<\/p>\n<p>Hier ist alles, was ich \u00fcber die Farbe japanischer Maples wei\u00df, nachdem ich einige Jahre als professioneller G\u00e4rtner gearbeitet habe.<\/p>\n<h3 class=\"article-body__section\" id=\"section-how-to-promote-healthy-trees-and-vibrant-foliage\"><span>Wie f\u00f6rdert man gesunde B\u00e4ume und lebendiges Laub? <\/span><\/h3>\n<figure class=\"van-image-figure inline-layout \" data-bordeaux-image-check>\n<div class=\"image-full-width-wrapper\">\n<div class=\"image-widthsetter\" style=\"max-width:2000px;\"><\/div>\n<\/div>\n<\/figure>\n<p>Ich habe die Anzahl der Zeiten verloren, in denen ich gefragt wurde, ob Sie die Farbe japanischer Maples \u00e4ndern k\u00f6nnen. Und die Wahrheit ist &#8230; nicht wirklich.<\/p>\n<p>Sie k\u00f6nnen diese wartungsarmen B\u00e4ume von gr\u00fcn bis rot durch jede Alchemie oder durch D\u00fcngen japanischer Ahornes nicht zaubern. Blattfarbe befindet sich in der DNA des Baumes. Aber Sie k\u00f6nnen Ihrem Baum helfen, seine beste Show mit den richtigen Wachstumsbedingungen zu veranstalten.<\/p>\n<p>Es kommt alles auf Seneszenz an, was vielleicht etwas zu technisch klingt, aber nicht \u00e4rgern. Es wird am besten als die nat\u00fcrliche Verfall und Abwicklung vor der Ruhepause verstanden.<\/p>\n<p>Im September im August f\u00e4llt Chlorophyll (das gr\u00fcne Zeug in den Bl\u00e4ttern, von denen die meisten von uns in der Schule gelernt haben) zusammenzubrechen. Dieser Vorgang erm\u00f6glicht dann, dass andere Farben im Mittelpunkt des Wetters eintreten.<\/p>\n<p>Helfen? In den w\u00e4rmeren Monaten konsequent Wasser und auch zu lernen, wie man japanische Ahornes im Sommer mulch.<\/p>\n<p>Probieren Sie so etwas wie diesen Bio -Bio zur\u00fcck zu den von Amazon erh\u00e4ltlichen Wurzelmulch.<\/p>\n<p>Mulching ist wichtig und hilft Ihrem Waldbaum, Feuchtigkeit zu halten und zu verhindern, dass die Bl\u00e4tter wilten oder knusprig werden (es gibt keine rettenden braunen Bl\u00e4tter, sobald sie knusprig werden).<\/p>\n<p>Wenn Sie einen Ahorn in einem Topf wachsen, w\u00fcrde ich empfehlen, ihn an einen Punkt mit Morgensonnen und Nachmittagsschatten zu bringen. Ich habe eine gute Dosis Sonne ben\u00f6tigt, um ihre Farbe zu halten, w\u00e4hrend rot, lila und dunkelbl\u00e4ttrige Sorten festgestellt werden, w\u00e4hrend blasser oder die auff\u00e4lligen, liegenden Typen den Schatten bevorzugen.<\/p>\n<p>Und denken Sie daran, einige Dinge sind au\u00dferhalb Ihrer Kontrolle, n\u00e4mlich das Wetter. In k\u00fchleren Zonen wie Zone 5 sind die Herbstfarben nach einigen k\u00fchlen Wochen im fr\u00fchen Herbst mutiger, w\u00e4hrend es in w\u00e4rmeren Regionen m\u00f6glicherweise keine Ver\u00e4nderung oder eine weniger merkliche Ver\u00e4nderung geben kann. Genie\u00dfen Sie einfach Ihren Ahorn, was auch immer es beschlie\u00dft.<\/p>\n<div class=\"min-h-(270px) mb-4\" id=\"viafoura-engagement-starter-wrapper\" data-component-name=\"Elk:Embed:EngagementStarter\">\n<div class=\"viafoura\">\n<vf-conversation-starter target=\"viafoura-comments\" title=\"What Japanese maples are you growing?\" description=\"What color are your Japanese maples? Are they more or less vibrant than usual?\" minimum-comment-count=\"5\"><br \/>\n<\/vf-conversation-starter>\n<\/div>\n<\/div>\n<h3 class=\"article-body__section\" id=\"section-best-japanese-maples-for-fiery-foliage\"><span>Beste japanische Maples f\u00fcr feuriges Laub<\/span><\/h3>\n<figure class=\"van-image-figure inline-layout \" data-bordeaux-image-check>\n<div class=\"image-full-width-wrapper\">\n<div class=\"image-widthsetter\" style=\"max-width:2000px;\"><\/div>\n<\/div>\n<\/figure>\n<p>Obwohl Sie ihre Farbe nicht \u00e4ndern k\u00f6nnen, sollten die meisten Sorten japanischer Ahorns eine ziemlich gute Fr\u00fchlings-, Sommer- und Herbstshow veranstalten.<\/p>\n<p>Ich habe viele verschiedene Typen gewachsen, aber ich hatte immer eine Schw\u00e4che f\u00fcr &#8218;Sango-Kaku&#8216;, mit seinen goldenen gelben Bl\u00e4ttern, die im Herbst der niedrigen Sonne im Herbst beeindruckend aussehen.<\/p>\n<p>F\u00fcr Crimson Laub liebe ich &#8218;Tamukeyama&#8216;, aber den Klassiker <em>Acer Palmatum &#8218;Bloodgood&#8216;<\/em>Mit lebenden Pflanzen, die von Walmart erh\u00e4ltlich sind, ist immer eine gute Wahl, mit tiefen Burgunderbl\u00e4ttern, die schwer zu schlagen sind. Nach meiner Erfahrung h\u00e4lt es seine Farbe im Sommer gut, besonders wenn es einen leichten Nachmittagsschatten gibt.<\/p>\n<p><em>Acer Palmatum <\/em>&#8222;Osakazuki&#8220;, Live -Pflanzen bei Amazon erh\u00e4ltlich, ist eine weitere bemerkenswerte Option. Es hat bescheidene gr\u00fcne Bl\u00e4tter im Fr\u00fchling und Sommer, aber im Herbst ist es ein Feuer aus scharlachrotem Rot, der jeden Baum im Garten konkurriert. Es ist winzig, zuverl\u00e4ssig und brillant, wenn Sie kleine B\u00e4ume suchen, die von Vernachl\u00e4ssigung gedeihen.<\/p>\n<h3 class=\"article-body__section\" id=\"section-faqs\"><span>FAQs<\/span><\/h3>\n<h2 id=\"why-does-my-japanese-maple-have-brown-leaves-in-summer-3\">Warum hat mein japanischer Ahorn im Sommer braune Bl\u00e4tter?<\/h2>\n<p>Keiner von uns will w\u00e4hrend der Vegetationsperiode braune, knusprige Bl\u00e4tter auf unseren Maples sehen. W\u00e4hrend dies im Oktober oder November zu erwarten ist, kann dies im Sommer durch Blattskorch (von zu viel Sonne oder nicht genug Wasser) verursacht werden.<\/p>\n<p>Ich habe auch gekannt, dass Maples trocken und knusprig vor Windsch\u00e4den, insbesondere in der N\u00e4he der K\u00fcste, trocken und knusprig wird, da sie nicht gut auf Salzluft reagieren.<\/p>\n<p>Stellen Sie sicher, dass sich Ihr Ahorn an einem Teil-Sun-Ort befindet, der vor harter Sonne am Nachmittag gesch\u00fctzt ist, aus dem Wind ferngehalten wird, und achten Sie darauf, dass die Basis bei warmen Zauberspr\u00fcchen gut bew\u00e4ssert bleibt.<\/p>\n<hr>\n<p>Wenn Sie sich Sorgen um die Qualit\u00e4t Ihres Bodens machen, hilft das Mulch hilft, kann aber auch Ihre B\u00e4ume im Fr\u00fchjahr und Sommer ein- oder zweimal f\u00fcttern, indem Sie so etwas wie diesen fr\u00f6hlichen Frosch -Japanisch -Ahorn -Feed von Amazon verwenden. Befolgen Sie einfach die Anweisungen gem\u00e4\u00df der Verpackung.<\/p>\n<p>Weitere Informationen finden Sie in unserem Leitfaden zur Wiederbelebung der alten japanischen Maples, mit Tipps zum Beschneiden und F\u00fcttern.<\/p>\n<h2 id=\"shop-tree-accessories-3\">Kaufen Sie Baumzubeh\u00f6r<\/h2>\n<div class=\"product-container hero-product-container product-block-no-wrap\">\n<div class=\"product-block-row\"><\/div>\n<div class=\"product-block-row\"><\/div>\n<div class=\"product-block-row\"><\/div>\n<\/div>\n<div class=\"block\" id=\"articleTag\" data-component-name=\"PostArticleLinks\">\n<div class=\"border-b border-b-black border-solid py-2.5 text-black font-bold uppercase\">Themen<\/div>\n<nav class=\"py-2.5 flex gap-2.5 flex-wrap\" data-analytics-id=\"article-tag\">\n<p>B\u00e4ume<br \/>\n<\/nav>\n<\/div>\n<\/div>\n","protected":false},"excerpt":{"rendered":"<p>Ich habe japanische Ahornb\u00e4ume in jeder Art von Umgebung angebaut, von schattigen Waldbetten in S\u00fcdwales bis hin zu sonnigen Terrassen in Italien. Und eine Frage,<\/p>\n","protected":false},"author":1,"featured_media":6386,"comment_status":"closed","ping_status":"","sticky":false,"template":"","format":"standard","meta":{"footnotes":""},"categories":[118],"tags":[8781,46,8782,9,1202,470,163,170,15,8779,689,1058,8313,8780,142,165,1113,553,37],"class_list":["post-6385","post","type-post","status-publish","format-standard","has-post-thumbnail","hentry","category-haus-garten","tag-aendern","tag-auf","tag-auswirkt","tag-die","tag-farbe","tag-helfen","tag-hier","tag-ihr","tag-ist","tag-japanischer","tag-koennen","tag-laub","tag-lebendiges","tag-maples","tag-sich","tag-sie","tag-tatsaechlich","tag-tun","tag-und","generate-columns","tablet-grid-50","mobile-grid-100","grid-parent","grid-50"],"yoast_head":"<!-- This site is optimized with the Yoast SEO plugin v27.3 - https:\/\/yoast.com\/product\/yoast-seo-wordpress\/ -->\n<title>K\u00f6nnen Sie die Farbe japanischer Maples \u00e4ndern? Hier ist, was sich tats\u00e4chlich auf ihr lebendiges Laub auswirkt und was Sie tun k\u00f6nnen, um zu helfen - Nachrichten - Stra\u00dfenweb<\/title>\n<meta name=\"robots\" content=\"index, follow, max-snippet:-1, max-image-preview:large, max-video-preview:-1\" \/>\n<link rel=\"canonical\" href=\"https:\/\/www.strassenweb.de\/nachrichten\/koennen-sie-die-farbe-japanischer-maples-aendern-hier-ist-was-sich-tatsaechlich-auf-ihr-lebendiges-laub-auswirkt-und-was-sie-tun-koennen-um-zu-helfen\/\" \/>\n<meta property=\"og:locale\" content=\"de_DE\" \/>\n<meta property=\"og:type\" content=\"article\" \/>\n<meta property=\"og:title\" content=\"K\u00f6nnen Sie die Farbe japanischer Maples \u00e4ndern? Hier ist, was sich tats\u00e4chlich auf ihr lebendiges Laub auswirkt und was Sie tun k\u00f6nnen, um zu helfen - Nachrichten - Stra\u00dfenweb\" \/>\n<meta property=\"og:description\" content=\"Ich habe japanische Ahornb\u00e4ume in jeder Art von Umgebung angebaut, von schattigen Waldbetten in S\u00fcdwales bis hin zu sonnigen Terrassen in Italien. Und eine Frage,\" \/>\n<meta property=\"og:url\" content=\"https:\/\/www.strassenweb.de\/nachrichten\/koennen-sie-die-farbe-japanischer-maples-aendern-hier-ist-was-sich-tatsaechlich-auf-ihr-lebendiges-laub-auswirkt-und-was-sie-tun-koennen-um-zu-helfen\/\" \/>\n<meta property=\"og:site_name\" content=\"Stra\u00dfenweb\" \/>\n<meta property=\"article:publisher\" content=\"https:\/\/www.facebook.com\/strassenweb\/\" \/>\n<meta property=\"article:published_time\" content=\"2025-07-22T07:41:31+00:00\" \/>\n<meta property=\"article:modified_time\" content=\"2025-07-22T07:41:32+00:00\" \/>\n<meta property=\"og:image\" content=\"https:\/\/www.strassenweb.de\/nachrichten\/wp-content\/uploads\/2025\/06\/KCkkMcV8EP2m5QiPoGHYwc.jpg\" \/>\n\t<meta property=\"og:image:width\" content=\"1600\" \/>\n\t<meta property=\"og:image:height\" content=\"900\" \/>\n\t<meta property=\"og:image:type\" content=\"image\/jpeg\" \/>\n<meta name=\"author\" content=\"Robert Hoffmann\" \/>\n<meta name=\"twitter:card\" content=\"summary_large_image\" \/>\n<meta name=\"twitter:label1\" content=\"Verfasst von\" \/>\n\t<meta name=\"twitter:data1\" content=\"Robert Hoffmann\" \/>\n\t<meta name=\"twitter:label2\" content=\"Gesch\u00e4tzte Lesezeit\" \/>\n\t<meta name=\"twitter:data2\" content=\"5\u00a0Minuten\" \/>\n<script type=\"application\/ld+json\" class=\"yoast-schema-graph\">{\"@context\":\"https:\\\/\\\/schema.org\",\"@graph\":[{\"@type\":\"Article\",\"@id\":\"https:\\\/\\\/www.strassenweb.de\\\/nachrichten\\\/koennen-sie-die-farbe-japanischer-maples-aendern-hier-ist-was-sich-tatsaechlich-auf-ihr-lebendiges-laub-auswirkt-und-was-sie-tun-koennen-um-zu-helfen\\\/#article\",\"isPartOf\":{\"@id\":\"https:\\\/\\\/www.strassenweb.de\\\/nachrichten\\\/koennen-sie-die-farbe-japanischer-maples-aendern-hier-ist-was-sich-tatsaechlich-auf-ihr-lebendiges-laub-auswirkt-und-was-sie-tun-koennen-um-zu-helfen\\\/\"},\"author\":{\"name\":\"Robert Hoffmann\",\"@id\":\"https:\\\/\\\/www.strassenweb.de\\\/nachrichten\\\/#\\\/schema\\\/person\\\/87c9c9067f1211da429a744dc5a5aa41\"},\"headline\":\"K\u00f6nnen Sie die Farbe japanischer Maples \u00e4ndern? Hier ist, was sich tats\u00e4chlich auf ihr lebendiges Laub auswirkt und was Sie tun k\u00f6nnen, um zu helfen\",\"datePublished\":\"2025-07-22T07:41:31+00:00\",\"dateModified\":\"2025-07-22T07:41:32+00:00\",\"mainEntityOfPage\":{\"@id\":\"https:\\\/\\\/www.strassenweb.de\\\/nachrichten\\\/koennen-sie-die-farbe-japanischer-maples-aendern-hier-ist-was-sich-tatsaechlich-auf-ihr-lebendiges-laub-auswirkt-und-was-sie-tun-koennen-um-zu-helfen\\\/\"},\"wordCount\":1122,\"publisher\":{\"@id\":\"https:\\\/\\\/www.strassenweb.de\\\/nachrichten\\\/#organization\"},\"image\":{\"@id\":\"https:\\\/\\\/www.strassenweb.de\\\/nachrichten\\\/koennen-sie-die-farbe-japanischer-maples-aendern-hier-ist-was-sich-tatsaechlich-auf-ihr-lebendiges-laub-auswirkt-und-was-sie-tun-koennen-um-zu-helfen\\\/#primaryimage\"},\"thumbnailUrl\":\"https:\\\/\\\/www.strassenweb.de\\\/nachrichten\\\/wp-content\\\/uploads\\\/2025\\\/06\\\/KCkkMcV8EP2m5QiPoGHYwc.jpg\",\"keywords\":[\"\u00e4ndern\",\"auf\",\"auswirkt\",\"die\",\"Farbe\",\"helfen\",\"hier\",\"Ihr\",\"ist\",\"japanischer\",\"k\u00f6nnen\",\"Laub\",\"lebendiges\",\"Maples\",\"sich\",\"Sie\",\"tats\u00e4chlich\",\"tun\",\"und\"],\"articleSection\":[\"Haus &amp; Garten\"],\"inLanguage\":\"de\"},{\"@type\":\"WebPage\",\"@id\":\"https:\\\/\\\/www.strassenweb.de\\\/nachrichten\\\/koennen-sie-die-farbe-japanischer-maples-aendern-hier-ist-was-sich-tatsaechlich-auf-ihr-lebendiges-laub-auswirkt-und-was-sie-tun-koennen-um-zu-helfen\\\/\",\"url\":\"https:\\\/\\\/www.strassenweb.de\\\/nachrichten\\\/koennen-sie-die-farbe-japanischer-maples-aendern-hier-ist-was-sich-tatsaechlich-auf-ihr-lebendiges-laub-auswirkt-und-was-sie-tun-koennen-um-zu-helfen\\\/\",\"name\":\"K\u00f6nnen Sie die Farbe japanischer Maples \u00e4ndern? Hier ist, was sich tats\u00e4chlich auf ihr lebendiges Laub auswirkt und was Sie tun k\u00f6nnen, um zu helfen - Nachrichten - Stra\u00dfenweb\",\"isPartOf\":{\"@id\":\"https:\\\/\\\/www.strassenweb.de\\\/nachrichten\\\/#website\"},\"primaryImageOfPage\":{\"@id\":\"https:\\\/\\\/www.strassenweb.de\\\/nachrichten\\\/koennen-sie-die-farbe-japanischer-maples-aendern-hier-ist-was-sich-tatsaechlich-auf-ihr-lebendiges-laub-auswirkt-und-was-sie-tun-koennen-um-zu-helfen\\\/#primaryimage\"},\"image\":{\"@id\":\"https:\\\/\\\/www.strassenweb.de\\\/nachrichten\\\/koennen-sie-die-farbe-japanischer-maples-aendern-hier-ist-was-sich-tatsaechlich-auf-ihr-lebendiges-laub-auswirkt-und-was-sie-tun-koennen-um-zu-helfen\\\/#primaryimage\"},\"thumbnailUrl\":\"https:\\\/\\\/www.strassenweb.de\\\/nachrichten\\\/wp-content\\\/uploads\\\/2025\\\/06\\\/KCkkMcV8EP2m5QiPoGHYwc.jpg\",\"datePublished\":\"2025-07-22T07:41:31+00:00\",\"dateModified\":\"2025-07-22T07:41:32+00:00\",\"breadcrumb\":{\"@id\":\"https:\\\/\\\/www.strassenweb.de\\\/nachrichten\\\/koennen-sie-die-farbe-japanischer-maples-aendern-hier-ist-was-sich-tatsaechlich-auf-ihr-lebendiges-laub-auswirkt-und-was-sie-tun-koennen-um-zu-helfen\\\/#breadcrumb\"},\"inLanguage\":\"de\",\"potentialAction\":[{\"@type\":\"ReadAction\",\"target\":[\"https:\\\/\\\/www.strassenweb.de\\\/nachrichten\\\/koennen-sie-die-farbe-japanischer-maples-aendern-hier-ist-was-sich-tatsaechlich-auf-ihr-lebendiges-laub-auswirkt-und-was-sie-tun-koennen-um-zu-helfen\\\/\"]}]},{\"@type\":\"ImageObject\",\"inLanguage\":\"de\",\"@id\":\"https:\\\/\\\/www.strassenweb.de\\\/nachrichten\\\/koennen-sie-die-farbe-japanischer-maples-aendern-hier-ist-was-sich-tatsaechlich-auf-ihr-lebendiges-laub-auswirkt-und-was-sie-tun-koennen-um-zu-helfen\\\/#primaryimage\",\"url\":\"https:\\\/\\\/www.strassenweb.de\\\/nachrichten\\\/wp-content\\\/uploads\\\/2025\\\/06\\\/KCkkMcV8EP2m5QiPoGHYwc.jpg\",\"contentUrl\":\"https:\\\/\\\/www.strassenweb.de\\\/nachrichten\\\/wp-content\\\/uploads\\\/2025\\\/06\\\/KCkkMcV8EP2m5QiPoGHYwc.jpg\",\"width\":1600,\"height\":900,\"caption\":\"Japanese maple tree with orange and red foliage in a garden\"},{\"@type\":\"BreadcrumbList\",\"@id\":\"https:\\\/\\\/www.strassenweb.de\\\/nachrichten\\\/koennen-sie-die-farbe-japanischer-maples-aendern-hier-ist-was-sich-tatsaechlich-auf-ihr-lebendiges-laub-auswirkt-und-was-sie-tun-koennen-um-zu-helfen\\\/#breadcrumb\",\"itemListElement\":[{\"@type\":\"ListItem\",\"position\":1,\"name\":\"Home\",\"item\":\"https:\\\/\\\/www.strassenweb.de\\\/nachrichten\\\/\"},{\"@type\":\"ListItem\",\"position\":2,\"name\":\"K\u00f6nnen Sie die Farbe japanischer Maples \u00e4ndern? Hier ist, was sich tats\u00e4chlich auf ihr lebendiges Laub auswirkt und was Sie tun k\u00f6nnen, um zu helfen\"}]},{\"@type\":\"WebSite\",\"@id\":\"https:\\\/\\\/www.strassenweb.de\\\/nachrichten\\\/#website\",\"url\":\"https:\\\/\\\/www.strassenweb.de\\\/nachrichten\\\/\",\"name\":\"Stra\u00dfenweb\",\"description\":\"Stra\u00dfenverzeichnis f\u00fcr Deutschland\",\"publisher\":{\"@id\":\"https:\\\/\\\/www.strassenweb.de\\\/nachrichten\\\/#organization\"},\"potentialAction\":[{\"@type\":\"SearchAction\",\"target\":{\"@type\":\"EntryPoint\",\"urlTemplate\":\"https:\\\/\\\/www.strassenweb.de\\\/nachrichten\\\/?s={search_term_string}\"},\"query-input\":{\"@type\":\"PropertyValueSpecification\",\"valueRequired\":true,\"valueName\":\"search_term_string\"}}],\"inLanguage\":\"de\"},{\"@type\":\"Organization\",\"@id\":\"https:\\\/\\\/www.strassenweb.de\\\/nachrichten\\\/#organization\",\"name\":\"Stra\u00dfenweb\",\"url\":\"https:\\\/\\\/www.strassenweb.de\\\/nachrichten\\\/\",\"logo\":{\"@type\":\"ImageObject\",\"inLanguage\":\"de\",\"@id\":\"https:\\\/\\\/www.strassenweb.de\\\/nachrichten\\\/#\\\/schema\\\/logo\\\/image\\\/\",\"url\":\"https:\\\/\\\/www.strassenweb.de\\\/nachrichten\\\/wp-content\\\/uploads\\\/2024\\\/09\\\/cropped-favicon.png\",\"contentUrl\":\"https:\\\/\\\/www.strassenweb.de\\\/nachrichten\\\/wp-content\\\/uploads\\\/2024\\\/09\\\/cropped-favicon.png\",\"width\":512,\"height\":512,\"caption\":\"Stra\u00dfenweb\"},\"image\":{\"@id\":\"https:\\\/\\\/www.strassenweb.de\\\/nachrichten\\\/#\\\/schema\\\/logo\\\/image\\\/\"},\"sameAs\":[\"https:\\\/\\\/www.facebook.com\\\/strassenweb\\\/\"]},{\"@type\":\"Person\",\"@id\":\"https:\\\/\\\/www.strassenweb.de\\\/nachrichten\\\/#\\\/schema\\\/person\\\/87c9c9067f1211da429a744dc5a5aa41\",\"name\":\"Robert Hoffmann\",\"image\":{\"@type\":\"ImageObject\",\"inLanguage\":\"de\",\"@id\":\"https:\\\/\\\/www.strassenweb.de\\\/nachrichten\\\/wp-content\\\/uploads\\\/2024\\\/09\\\/strassenweb-150x150.jpg\",\"url\":\"https:\\\/\\\/www.strassenweb.de\\\/nachrichten\\\/wp-content\\\/uploads\\\/2024\\\/09\\\/strassenweb-150x150.jpg\",\"contentUrl\":\"https:\\\/\\\/www.strassenweb.de\\\/nachrichten\\\/wp-content\\\/uploads\\\/2024\\\/09\\\/strassenweb-150x150.jpg\",\"caption\":\"Robert Hoffmann\"},\"description\":\"Ich hei\u00dfe Robert Hoffmann und ich bin ein leidenschaftlicher Verfechter von \u00d6kologie und Biodiversit\u00e4t. Seit meiner Kindheit in den W\u00e4ldern Bayerns f\u00fchle ich mich mit der Natur verbunden und bin entschlossen, sie zu sch\u00fctzen. Heute widme ich mein Leben der Sensibilisierung anderer f\u00fcr die Bedeutung des Umweltschutzes f\u00fcr zuk\u00fcnftige Generationen.\",\"sameAs\":[\"https:\\\/\\\/www.strassenweb.de\\\/\"]}]}<\/script>\n<!-- \/ Yoast SEO plugin. -->","yoast_head_json":{"title":"K\u00f6nnen Sie die Farbe japanischer Maples \u00e4ndern? Hier ist, was sich tats\u00e4chlich auf ihr lebendiges Laub auswirkt und was Sie tun k\u00f6nnen, um zu helfen - Nachrichten - Stra\u00dfenweb","robots":{"index":"index","follow":"follow","max-snippet":"max-snippet:-1","max-image-preview":"max-image-preview:large","max-video-preview":"max-video-preview:-1"},"canonical":"https:\/\/www.strassenweb.de\/nachrichten\/koennen-sie-die-farbe-japanischer-maples-aendern-hier-ist-was-sich-tatsaechlich-auf-ihr-lebendiges-laub-auswirkt-und-was-sie-tun-koennen-um-zu-helfen\/","og_locale":"de_DE","og_type":"article","og_title":"K\u00f6nnen Sie die Farbe japanischer Maples \u00e4ndern? Hier ist, was sich tats\u00e4chlich auf ihr lebendiges Laub auswirkt und was Sie tun k\u00f6nnen, um zu helfen - Nachrichten - Stra\u00dfenweb","og_description":"Ich habe japanische Ahornb\u00e4ume in jeder Art von Umgebung angebaut, von schattigen Waldbetten in S\u00fcdwales bis hin zu sonnigen Terrassen in Italien. Und eine Frage,","og_url":"https:\/\/www.strassenweb.de\/nachrichten\/koennen-sie-die-farbe-japanischer-maples-aendern-hier-ist-was-sich-tatsaechlich-auf-ihr-lebendiges-laub-auswirkt-und-was-sie-tun-koennen-um-zu-helfen\/","og_site_name":"Stra\u00dfenweb","article_publisher":"https:\/\/www.facebook.com\/strassenweb\/","article_published_time":"2025-07-22T07:41:31+00:00","article_modified_time":"2025-07-22T07:41:32+00:00","og_image":[{"width":1600,"height":900,"url":"https:\/\/www.strassenweb.de\/nachrichten\/wp-content\/uploads\/2025\/06\/KCkkMcV8EP2m5QiPoGHYwc.jpg","type":"image\/jpeg"}],"author":"Robert Hoffmann","twitter_card":"summary_large_image","twitter_misc":{"Verfasst von":"Robert Hoffmann","Gesch\u00e4tzte Lesezeit":"5\u00a0Minuten"},"schema":{"@context":"https:\/\/schema.org","@graph":[{"@type":"Article","@id":"https:\/\/www.strassenweb.de\/nachrichten\/koennen-sie-die-farbe-japanischer-maples-aendern-hier-ist-was-sich-tatsaechlich-auf-ihr-lebendiges-laub-auswirkt-und-was-sie-tun-koennen-um-zu-helfen\/#article","isPartOf":{"@id":"https:\/\/www.strassenweb.de\/nachrichten\/koennen-sie-die-farbe-japanischer-maples-aendern-hier-ist-was-sich-tatsaechlich-auf-ihr-lebendiges-laub-auswirkt-und-was-sie-tun-koennen-um-zu-helfen\/"},"author":{"name":"Robert Hoffmann","@id":"https:\/\/www.strassenweb.de\/nachrichten\/#\/schema\/person\/87c9c9067f1211da429a744dc5a5aa41"},"headline":"K\u00f6nnen Sie die Farbe japanischer Maples \u00e4ndern? Hier ist, was sich tats\u00e4chlich auf ihr lebendiges Laub auswirkt und was Sie tun k\u00f6nnen, um zu helfen","datePublished":"2025-07-22T07:41:31+00:00","dateModified":"2025-07-22T07:41:32+00:00","mainEntityOfPage":{"@id":"https:\/\/www.strassenweb.de\/nachrichten\/koennen-sie-die-farbe-japanischer-maples-aendern-hier-ist-was-sich-tatsaechlich-auf-ihr-lebendiges-laub-auswirkt-und-was-sie-tun-koennen-um-zu-helfen\/"},"wordCount":1122,"publisher":{"@id":"https:\/\/www.strassenweb.de\/nachrichten\/#organization"},"image":{"@id":"https:\/\/www.strassenweb.de\/nachrichten\/koennen-sie-die-farbe-japanischer-maples-aendern-hier-ist-was-sich-tatsaechlich-auf-ihr-lebendiges-laub-auswirkt-und-was-sie-tun-koennen-um-zu-helfen\/#primaryimage"},"thumbnailUrl":"https:\/\/www.strassenweb.de\/nachrichten\/wp-content\/uploads\/2025\/06\/KCkkMcV8EP2m5QiPoGHYwc.jpg","keywords":["\u00e4ndern","auf","auswirkt","die","Farbe","helfen","hier","Ihr","ist","japanischer","k\u00f6nnen","Laub","lebendiges","Maples","sich","Sie","tats\u00e4chlich","tun","und"],"articleSection":["Haus &amp; Garten"],"inLanguage":"de"},{"@type":"WebPage","@id":"https:\/\/www.strassenweb.de\/nachrichten\/koennen-sie-die-farbe-japanischer-maples-aendern-hier-ist-was-sich-tatsaechlich-auf-ihr-lebendiges-laub-auswirkt-und-was-sie-tun-koennen-um-zu-helfen\/","url":"https:\/\/www.strassenweb.de\/nachrichten\/koennen-sie-die-farbe-japanischer-maples-aendern-hier-ist-was-sich-tatsaechlich-auf-ihr-lebendiges-laub-auswirkt-und-was-sie-tun-koennen-um-zu-helfen\/","name":"K\u00f6nnen Sie die Farbe japanischer Maples \u00e4ndern? Hier ist, was sich tats\u00e4chlich auf ihr lebendiges Laub auswirkt und was Sie tun k\u00f6nnen, um zu helfen - Nachrichten - Stra\u00dfenweb","isPartOf":{"@id":"https:\/\/www.strassenweb.de\/nachrichten\/#website"},"primaryImageOfPage":{"@id":"https:\/\/www.strassenweb.de\/nachrichten\/koennen-sie-die-farbe-japanischer-maples-aendern-hier-ist-was-sich-tatsaechlich-auf-ihr-lebendiges-laub-auswirkt-und-was-sie-tun-koennen-um-zu-helfen\/#primaryimage"},"image":{"@id":"https:\/\/www.strassenweb.de\/nachrichten\/koennen-sie-die-farbe-japanischer-maples-aendern-hier-ist-was-sich-tatsaechlich-auf-ihr-lebendiges-laub-auswirkt-und-was-sie-tun-koennen-um-zu-helfen\/#primaryimage"},"thumbnailUrl":"https:\/\/www.strassenweb.de\/nachrichten\/wp-content\/uploads\/2025\/06\/KCkkMcV8EP2m5QiPoGHYwc.jpg","datePublished":"2025-07-22T07:41:31+00:00","dateModified":"2025-07-22T07:41:32+00:00","breadcrumb":{"@id":"https:\/\/www.strassenweb.de\/nachrichten\/koennen-sie-die-farbe-japanischer-maples-aendern-hier-ist-was-sich-tatsaechlich-auf-ihr-lebendiges-laub-auswirkt-und-was-sie-tun-koennen-um-zu-helfen\/#breadcrumb"},"inLanguage":"de","potentialAction":[{"@type":"ReadAction","target":["https:\/\/www.strassenweb.de\/nachrichten\/koennen-sie-die-farbe-japanischer-maples-aendern-hier-ist-was-sich-tatsaechlich-auf-ihr-lebendiges-laub-auswirkt-und-was-sie-tun-koennen-um-zu-helfen\/"]}]},{"@type":"ImageObject","inLanguage":"de","@id":"https:\/\/www.strassenweb.de\/nachrichten\/koennen-sie-die-farbe-japanischer-maples-aendern-hier-ist-was-sich-tatsaechlich-auf-ihr-lebendiges-laub-auswirkt-und-was-sie-tun-koennen-um-zu-helfen\/#primaryimage","url":"https:\/\/www.strassenweb.de\/nachrichten\/wp-content\/uploads\/2025\/06\/KCkkMcV8EP2m5QiPoGHYwc.jpg","contentUrl":"https:\/\/www.strassenweb.de\/nachrichten\/wp-content\/uploads\/2025\/06\/KCkkMcV8EP2m5QiPoGHYwc.jpg","width":1600,"height":900,"caption":"Japanese maple tree with orange and red foliage in a garden"},{"@type":"BreadcrumbList","@id":"https:\/\/www.strassenweb.de\/nachrichten\/koennen-sie-die-farbe-japanischer-maples-aendern-hier-ist-was-sich-tatsaechlich-auf-ihr-lebendiges-laub-auswirkt-und-was-sie-tun-koennen-um-zu-helfen\/#breadcrumb","itemListElement":[{"@type":"ListItem","position":1,"name":"Home","item":"https:\/\/www.strassenweb.de\/nachrichten\/"},{"@type":"ListItem","position":2,"name":"K\u00f6nnen Sie die Farbe japanischer Maples \u00e4ndern? Hier ist, was sich tats\u00e4chlich auf ihr lebendiges Laub auswirkt und was Sie tun k\u00f6nnen, um zu helfen"}]},{"@type":"WebSite","@id":"https:\/\/www.strassenweb.de\/nachrichten\/#website","url":"https:\/\/www.strassenweb.de\/nachrichten\/","name":"Stra\u00dfenweb","description":"Stra\u00dfenverzeichnis f\u00fcr Deutschland","publisher":{"@id":"https:\/\/www.strassenweb.de\/nachrichten\/#organization"},"potentialAction":[{"@type":"SearchAction","target":{"@type":"EntryPoint","urlTemplate":"https:\/\/www.strassenweb.de\/nachrichten\/?s={search_term_string}"},"query-input":{"@type":"PropertyValueSpecification","valueRequired":true,"valueName":"search_term_string"}}],"inLanguage":"de"},{"@type":"Organization","@id":"https:\/\/www.strassenweb.de\/nachrichten\/#organization","name":"Stra\u00dfenweb","url":"https:\/\/www.strassenweb.de\/nachrichten\/","logo":{"@type":"ImageObject","inLanguage":"de","@id":"https:\/\/www.strassenweb.de\/nachrichten\/#\/schema\/logo\/image\/","url":"https:\/\/www.strassenweb.de\/nachrichten\/wp-content\/uploads\/2024\/09\/cropped-favicon.png","contentUrl":"https:\/\/www.strassenweb.de\/nachrichten\/wp-content\/uploads\/2024\/09\/cropped-favicon.png","width":512,"height":512,"caption":"Stra\u00dfenweb"},"image":{"@id":"https:\/\/www.strassenweb.de\/nachrichten\/#\/schema\/logo\/image\/"},"sameAs":["https:\/\/www.facebook.com\/strassenweb\/"]},{"@type":"Person","@id":"https:\/\/www.strassenweb.de\/nachrichten\/#\/schema\/person\/87c9c9067f1211da429a744dc5a5aa41","name":"Robert Hoffmann","image":{"@type":"ImageObject","inLanguage":"de","@id":"https:\/\/www.strassenweb.de\/nachrichten\/wp-content\/uploads\/2024\/09\/strassenweb-150x150.jpg","url":"https:\/\/www.strassenweb.de\/nachrichten\/wp-content\/uploads\/2024\/09\/strassenweb-150x150.jpg","contentUrl":"https:\/\/www.strassenweb.de\/nachrichten\/wp-content\/uploads\/2024\/09\/strassenweb-150x150.jpg","caption":"Robert Hoffmann"},"description":"Ich hei\u00dfe Robert Hoffmann und ich bin ein leidenschaftlicher Verfechter von \u00d6kologie und Biodiversit\u00e4t. Seit meiner Kindheit in den W\u00e4ldern Bayerns f\u00fchle ich mich mit der Natur verbunden und bin entschlossen, sie zu sch\u00fctzen. Heute widme ich mein Leben der Sensibilisierung anderer f\u00fcr die Bedeutung des Umweltschutzes f\u00fcr zuk\u00fcnftige Generationen.","sameAs":["https:\/\/www.strassenweb.de\/"]}]}},"_links":{"self":[{"href":"https:\/\/www.strassenweb.de\/nachrichten\/wp-json\/wp\/v2\/posts\/6385","targetHints":{"allow":["GET"]}}],"collection":[{"href":"https:\/\/www.strassenweb.de\/nachrichten\/wp-json\/wp\/v2\/posts"}],"about":[{"href":"https:\/\/www.strassenweb.de\/nachrichten\/wp-json\/wp\/v2\/types\/post"}],"author":[{"embeddable":true,"href":"https:\/\/www.strassenweb.de\/nachrichten\/wp-json\/wp\/v2\/users\/1"}],"replies":[{"embeddable":true,"href":"https:\/\/www.strassenweb.de\/nachrichten\/wp-json\/wp\/v2\/comments?post=6385"}],"version-history":[{"count":0,"href":"https:\/\/www.strassenweb.de\/nachrichten\/wp-json\/wp\/v2\/posts\/6385\/revisions"}],"wp:featuredmedia":[{"embeddable":true,"href":"https:\/\/www.strassenweb.de\/nachrichten\/wp-json\/wp\/v2\/media\/6386"}],"wp:attachment":[{"href":"https:\/\/www.strassenweb.de\/nachrichten\/wp-json\/wp\/v2\/media?parent=6385"}],"wp:term":[{"taxonomy":"category","embeddable":true,"href":"https:\/\/www.strassenweb.de\/nachrichten\/wp-json\/wp\/v2\/categories?post=6385"},{"taxonomy":"post_tag","embeddable":true,"href":"https:\/\/www.strassenweb.de\/nachrichten\/wp-json\/wp\/v2\/tags?post=6385"}],"curies":[{"name":"wp","href":"https:\/\/api.w.org\/{rel}","templated":true}]}}