{"id":6371,"date":"2025-07-21T13:43:49","date_gmt":"2025-07-21T11:43:49","guid":{"rendered":"https:\/\/www.strassenweb.de\/nachrichten\/30-jahre-seit-wir-ahnungslos-gesehen-haben-denken-wir-immer-noch-an-chers-ankleidezimmer-es-ist-wie-immer-trendy\/"},"modified":"2025-07-21T13:43:50","modified_gmt":"2025-07-21T11:43:50","slug":"30-jahre-seit-wir-ahnungslos-gesehen-haben-denken-wir-immer-noch-an-chers-ankleidezimmer-es-ist-wie-immer-trendy","status":"publish","type":"post","link":"https:\/\/www.strassenweb.de\/nachrichten\/30-jahre-seit-wir-ahnungslos-gesehen-haben-denken-wir-immer-noch-an-chers-ankleidezimmer-es-ist-wie-immer-trendy\/","title":{"rendered":"30 Jahre seit wir ahnungslos gesehen haben, denken wir immer noch an Chers Ankleidezimmer &#8211; es ist wie immer trendy"},"content":{"rendered":"<div id=\"article-body\" class=\"article__body \">\n<p>Wenn es um anstrengende Schr\u00e4nke geht, gibt es eine, die sich als gefestigt hat <em>Die <\/em>Ultimate Garderobe: Wir sprechen nat\u00fcrlich \u00fcber Chers futuristische, ger\u00e4umige Wanderung aus dem Film <em>Ahnungslos <\/em>(1995).<\/p>\n<div id=\"ad-unit-1\" class=\"ad-unit\"><\/div>\n<p>W\u00e4hrend ihr Computersystem zur Koordinierung von Outfits f\u00fcr die meisten von uns m\u00f6glicherweise nicht so zug\u00e4nglich ist, bleibt das Ethos des Raums (dh die Umkleidekabine als Raum, in dem Sie tats\u00e4chlich Zeit verbringen m\u00f6chten) 30 Jahre sp\u00e4ter direkt im Trend und bietet uns viele Ideen f\u00fcr Ankleidekabinen.<\/p>\n<p>Von den farblich koordinierten Kleidung bis hin zu intelligentem Gebrauch von Regalen und Lagerung h\u00e4lt der Cher&#8217;s Closet wirklich-und es ist einfacher, ihre Ankleidekabine zu replizieren, als Sie vielleicht denken.<\/p>\n<div class=\"van_vid_carousel\">\n<div class=\"van_vid_carousel__padding\">\n<div class=\"van_vid_carousel__container\"><\/div>\n<\/div>\n<\/div>\n<aside data-component-name=\"Recirculation:ArticleRiver\" data-nosnippet class=\"pt-3 pb-4 mb-4 border-b border-solid border-(#333)\">\n<span class=\"\nafter:content-('') after:flex-1 after:ml-4 after:my-(0.7rem) after:border-t-(#333) after:border-t after:border-solid\nbefore:content-('') before:flex-1 before:mr-4 before:my-(0.7rem) before:border-t-(#333) before:border-t before:border-solid\nfont-article-heading pb-3 !text-base font-bold uppercase sm:text-sm text-(#333) flex\"><\/p>\n<p>Sie m\u00f6gen m\u00f6gen<br \/>\n<\/span><\/p>\n<ul class=\"flex flex-col gap-3 m-0\">\n<li class=\"m-0 list-none\" name=\"recirculation-inline\" data-analytics-id=\"recirculation-inline-1\" analytics-label=\"adviser:related\">\n<picture data-new-v2-image=\"true\" class=\"w-(--article-river-thumbnail-width,60px) flex-shrink-0\"><source type=\"image\/webp\"  ><\/source><\/p>\n<\/picture>\n<span class=\"hover:text-inherit font-article-heading text-base text-(#333) leading-5 content-center\">Und genau so &#8230; hat uns dazu gebracht, das zu \u00fcberdenken, was ein Schrank sein kann-dieser Mehrzweckraum ist \u00fcberraschend leicht zu neu zu erstellen<\/span><\/p>\n<\/li>\n<li class=\"m-0 list-none\" name=\"recirculation-inline\" data-analytics-id=\"recirculation-inline-2\" analytics-label=\"adviser:related\">\n<picture data-new-v2-image=\"true\" class=\"w-(--article-river-thumbnail-width,60px) flex-shrink-0\"><source type=\"image\/webp\"  ><\/source><br \/>\n<img decoding=\"async\" alt=\"Sirenen\"   loading=\"lazy\" data-new-v2-image=\"true\" src=\"https:\/\/www.strassenweb.de\/nachrichten\/wp-content\/uploads\/2025\/06\/3ZBw6yth7mB847KCG2cSXT.jpg\" data-pin-media=\"https:\/\/www.strassenweb.de\/nachrichten\/wp-content\/uploads\/2025\/06\/3ZBw6yth7mB847KCG2cSXT.jpg\" data-pin-nopin=\"true\" class=\"aspect-(--img-listing-aspect-ratio,16\/9) object-cover w-(--article-river-thumbnail-width,60px) flex-shrink-0\">\n<\/picture>\n<span class=\"hover:text-inherit font-article-heading text-base text-(#333) leading-5 content-center\">Der begehbare Kleiderschrank aus Netflix &#8218;Sirenen beweist, dass Sie keinen Luxus f\u00fcr die Praktikabilit\u00e4t opfern m\u00fcssen<\/span><\/p>\n<\/li>\n<li class=\"m-0 list-none\" name=\"recirculation-inline\" data-analytics-id=\"recirculation-inline-3\" analytics-label=\"adviser:related\">\n<picture data-new-v2-image=\"true\" class=\"w-(--article-river-thumbnail-width,60px) flex-shrink-0\"><source type=\"image\/webp\"  ><\/source><br \/>\n<img decoding=\"async\" alt=\"Sarah Michelle Gellar\"   loading=\"lazy\" data-new-v2-image=\"true\" src=\"https:\/\/www.strassenweb.de\/nachrichten\/wp-content\/uploads\/2025\/07\/FXK3jprZo7NAGByymT5XQd.jpg\" data-pin-media=\"https:\/\/www.strassenweb.de\/nachrichten\/wp-content\/uploads\/2025\/07\/FXK3jprZo7NAGByymT5XQd.jpg\" data-pin-nopin=\"true\" class=\"aspect-(--img-listing-aspect-ratio,16\/9) object-cover w-(--article-river-thumbnail-width,60px) flex-shrink-0\">\n<\/picture>\n<span class=\"hover:text-inherit font-article-heading text-base text-(#333) leading-5 content-center\">Ich habe \u00fcber ein Jahr \u00fcber Promi-Schr\u00e4nke geschrieben, aber Sarah Michelle Gellars Cubby-Stil ist mein Favorit-ihr Schuhdisplay ist Genie<\/span><\/p>\n<\/li>\n<\/ul>\n<\/aside>\n<figure class=\"van-image-figure inline-layout \" data-bordeaux-image-check>\n<div class=\"image-full-width-wrapper\">\n<div class=\"image-widthsetter\" style=\"max-width:2000px;\"><\/div>\n<\/div>\n<\/figure>\n<h3 class=\"article-body__section\" id=\"section-shop-the-look\"><span>Kaufen Sie den Look ein<\/span><\/h3>\n<div class=\"product-container hero-product-container product-block-no-wrap\">\n<div class=\"product-block-row\"><\/div>\n<div class=\"product-block-row\"><\/div>\n<div class=\"product-block-row\"><\/div>\n<\/div>\n<aside data-block-type=\"embed\" data-render-type=\"fte\" data-skip=\"dealsy\" data-widget-type=\"seasonal\" class=\"hawk-base\"><\/aside>\n<p>Laut Experten ist eines der wichtigsten Elemente, um einen Schrank zu einem Raum zu machen, der sich in Aspiration und elegant anf\u00fchlt, die Beleuchtung (sowohl im traditionellen Sinne als auch dar\u00fcber hinaus). Es wirkt sich nicht nur um die Sichtbarkeit aus, sondern kann auch eine bestimmte Stimmung festlegen.<\/p>\n<div id=\"ad-unit-2\" class=\"ad-unit\"><\/div>\n<p>&#8222;Bei der Gestaltung einer Ankleidekabine ist es wichtig, \u00fcber Beleuchtung und lichtreflektierende Oberfl\u00e4chen nachzudenken, um ein fensterloses oder ein kleineres Zimmer zum Leben zu erwecken und es zu einem sch\u00f6nen Ort zu machen, um Zeit zu verbringen&#8220;, erkl\u00e4rt Philipp Nagel, Direktor von Neatsmith. &#8218;Einschlie\u00dflich warm eingebrauchter LEDs, Spiegelt\u00fcr-Designs und dekorativen Glasoberfl\u00e4chen hilft, das Licht und ein Gef\u00fchl von Platz in einer begehbaren Garderobe oder einer Ankleidekabine zu maximieren. Die Beleuchtung spielt eine entscheidende Rolle, nicht nur bei der Festlegung des Ambiente und des Tons Ihres Verbandsraums, sondern auch bei der Besch\u00e4ftigung mit dem Inhalt Ihrer Garderobe. Wir empfehlen unseren Kunden, dass Beleuchtung vor der Garderobe positioniert werden sollte, um die Kleidung ordnungsgem\u00e4\u00df zu beleuchten, unter Ber\u00fccksichtigung von Lumen (auch als LED -Wattage bezeichnet) und Gl\u00fchbirne. Entscheiden Sie sich f\u00fcr das Licht, das nat\u00fcrliches Tageslicht repliziert &#8211; die wahre Farbe Ihrer Wei\u00dfen kann mit w\u00e4rmerer oder k\u00e4lterer Beleuchtung verzerrt werden, was zu potenziellen Mode -Fauxpas f\u00fchrt. Die Kontrolle der Helligkeit in einer Garderobe ist unerl\u00e4sslich. Viele Paare wachen auf und machen sich zu unterschiedlichen Zeiten fertig, sodass eine intelligent beleuchtete Garderobe die Notwendigkeit beseitigt, Raumlichter einzuschalten und St\u00f6rungen in gemeinsamen R\u00e4umen zu verhindern. Lichter k\u00f6nnen nahtlos in die Kleiderschr\u00e4nke integriert werden und verbergen die Quelle f\u00fcr eine \u00e4sthetischere Atmosph\u00e4re. &#8218;<\/p>\n<p>Dar\u00fcber hinaus haben sich die immer beliebte Glasrandschr\u00e4nke aufgrund ihrer Zug\u00e4nglichkeit und einem schlanken Aussehen fort.<\/p>\n<p>&#8222;Im Gegensatz zu herk\u00f6mmlichen Kleiderschr\u00e4nken mit soliden T\u00fcren bieten die Kleiderschr\u00e4nke mit Glasfront eine klare Sichtbarkeit des Inhalts im Inhalt&#8220;, erkl\u00e4rt Philipp. \u201eDies erleichtert es, bestimmte Elemente zu lokalisieren, ohne dass mehrere T\u00fcren ge\u00f6ffnet werden m\u00fcssen und Zeit und M\u00fche sparen m\u00fcssen. Da Glas eine reflektierende Qualit\u00e4t hat, die einen Raum gr\u00f6\u00dfer und heller erscheint, indem es Licht um den Raum h\u00fcpft. In kleineren R\u00e4umen oder Wohnungen k\u00f6nnen die Kleiderschr\u00e4nke mit Glasfront die Illusion von mehr Platz schaffen, wodurch sich der Bereich offener und luftiger anf\u00fchlt. &#8218;<\/p>\n<div id=\"slice-container-newsletterForm-articleInbodyContent-dzdehsGKZg7RnkzYvVkLPj\" class=\"slice-container newsletter-inbodyContent-slice newsletterForm-articleInbodyContent-dzdehsGKZg7RnkzYvVkLPj slice-container-newsletterForm\"><\/div>\n<p>Er f\u00e4hrt fort, wie unser Reflexglas mit Glasfrontst\u00e4tten wie unser Reflexglas so praktisch sind wie visuell faszinierend. Egal, ob Sie einen kleinen Raum gr\u00f6\u00dfer f\u00fchlen oder ein gro\u00dfes Erkl\u00e4rung mit Ihren begehbaren Garderobe-Glas-T\u00fcren haben, die eine zeitlose Qualit\u00e4t haben, die sicherstellt, dass sie in den kommenden Jahren stilvoll bleiben. &#8218;<\/p>\n<hr>\n<p>W\u00e4hrend die Mechanik und die technischen Methoden von Chers Umkleidekabine anstrengend bleiben, ist die Idee einer Umkleidekabine als raffinierter, einladender Raum eine, die wir nach 30 Jahren immer noch hinter sich lassen k\u00f6nnen.<\/p>\n<p>W\u00e4hrend die Mechanik und die technischen Methoden von Chers Umkleidekabine anstrengend bleiben, ist die Idee einer Umkleidekabine als raffinierter, einladender Raum eine, die wir nach 30 Jahren immer noch hinter sich lassen k\u00f6nnen.<\/p>\n<div class=\"min-h-(270px) mb-4\" id=\"viafoura-engagement-starter-wrapper\" data-component-name=\"Elk:Embed:EngagementStarter\">\n<div class=\"viafoura\">\n<vf-conversation-starter target=\"viafoura-comments\" title=\"What do you think of Cher's dressing room 30 years later? \" description=\"Have you taken inspiration from the Clueless closet in your own home?\" minimum-comment-count=\"1\"><br \/>\n<\/vf-conversation-starter>\n<\/div>\n<\/div>\n<\/div>\n","protected":false},"excerpt":{"rendered":"<p>Wenn es um anstrengende Schr\u00e4nke geht, gibt es eine, die sich als gefestigt hat Die Ultimate Garderobe: Wir sprechen nat\u00fcrlich \u00fcber Chers futuristische, ger\u00e4umige Wanderung<\/p>\n","protected":false},"author":1,"featured_media":6372,"comment_status":"closed","ping_status":"","sticky":false,"template":"","format":"standard","meta":{"footnotes":""},"categories":[118],"tags":[8768,2277,4978,502,1905,469,175,15,831,2659,836,8769,26,411],"class_list":["post-6371","post","type-post","status-publish","format-standard","has-post-thumbnail","hentry","category-haus-garten","tag-ahnungslos","tag-ankleidezimmer","tag-chers","tag-denken","tag-gesehen","tag-haben","tag-immer","tag-ist","tag-jahre","tag-noch","tag-seit","tag-trendy","tag-wie","tag-wir","generate-columns","tablet-grid-50","mobile-grid-100","grid-parent","grid-50"],"yoast_head":"<!-- This site is optimized with the Yoast SEO plugin v27.3 - https:\/\/yoast.com\/product\/yoast-seo-wordpress\/ -->\n<title>30 Jahre seit wir ahnungslos gesehen haben, denken wir immer noch an Chers Ankleidezimmer - es ist wie immer trendy - Nachrichten - Stra\u00dfenweb<\/title>\n<meta name=\"robots\" content=\"index, follow, max-snippet:-1, max-image-preview:large, max-video-preview:-1\" \/>\n<link rel=\"canonical\" href=\"https:\/\/www.strassenweb.de\/nachrichten\/30-jahre-seit-wir-ahnungslos-gesehen-haben-denken-wir-immer-noch-an-chers-ankleidezimmer-es-ist-wie-immer-trendy\/\" \/>\n<meta property=\"og:locale\" content=\"de_DE\" \/>\n<meta property=\"og:type\" content=\"article\" \/>\n<meta property=\"og:title\" content=\"30 Jahre seit wir ahnungslos gesehen haben, denken wir immer noch an Chers Ankleidezimmer - es ist wie immer trendy - Nachrichten - Stra\u00dfenweb\" \/>\n<meta property=\"og:description\" content=\"Wenn es um anstrengende Schr\u00e4nke geht, gibt es eine, die sich als gefestigt hat Die Ultimate Garderobe: Wir sprechen nat\u00fcrlich \u00fcber Chers futuristische, ger\u00e4umige Wanderung\" \/>\n<meta property=\"og:url\" content=\"https:\/\/www.strassenweb.de\/nachrichten\/30-jahre-seit-wir-ahnungslos-gesehen-haben-denken-wir-immer-noch-an-chers-ankleidezimmer-es-ist-wie-immer-trendy\/\" \/>\n<meta property=\"og:site_name\" content=\"Stra\u00dfenweb\" \/>\n<meta property=\"article:publisher\" content=\"https:\/\/www.facebook.com\/strassenweb\/\" \/>\n<meta property=\"article:published_time\" content=\"2025-07-21T11:43:49+00:00\" \/>\n<meta property=\"article:modified_time\" content=\"2025-07-21T11:43:50+00:00\" \/>\n<meta property=\"og:image\" content=\"https:\/\/www.strassenweb.de\/nachrichten\/wp-content\/uploads\/2025\/07\/30-Jahre-seit-wir-ahnungslos-gesehen-haben-denken-wir-immer.jpg\" \/>\n\t<meta property=\"og:image:width\" content=\"1600\" \/>\n\t<meta property=\"og:image:height\" content=\"900\" \/>\n\t<meta property=\"og:image:type\" content=\"image\/jpeg\" \/>\n<meta name=\"author\" content=\"Robert Hoffmann\" \/>\n<meta name=\"twitter:card\" content=\"summary_large_image\" \/>\n<meta name=\"twitter:label1\" content=\"Verfasst von\" \/>\n\t<meta name=\"twitter:data1\" content=\"Robert Hoffmann\" \/>\n\t<meta name=\"twitter:label2\" content=\"Gesch\u00e4tzte Lesezeit\" \/>\n\t<meta name=\"twitter:data2\" content=\"4\u00a0Minuten\" \/>\n<script type=\"application\/ld+json\" class=\"yoast-schema-graph\">{\"@context\":\"https:\\\/\\\/schema.org\",\"@graph\":[{\"@type\":\"Article\",\"@id\":\"https:\\\/\\\/www.strassenweb.de\\\/nachrichten\\\/30-jahre-seit-wir-ahnungslos-gesehen-haben-denken-wir-immer-noch-an-chers-ankleidezimmer-es-ist-wie-immer-trendy\\\/#article\",\"isPartOf\":{\"@id\":\"https:\\\/\\\/www.strassenweb.de\\\/nachrichten\\\/30-jahre-seit-wir-ahnungslos-gesehen-haben-denken-wir-immer-noch-an-chers-ankleidezimmer-es-ist-wie-immer-trendy\\\/\"},\"author\":{\"name\":\"Robert Hoffmann\",\"@id\":\"https:\\\/\\\/www.strassenweb.de\\\/nachrichten\\\/#\\\/schema\\\/person\\\/87c9c9067f1211da429a744dc5a5aa41\"},\"headline\":\"30 Jahre seit wir ahnungslos gesehen haben, denken wir immer noch an Chers Ankleidezimmer &#8211; es ist wie immer trendy\",\"datePublished\":\"2025-07-21T11:43:49+00:00\",\"dateModified\":\"2025-07-21T11:43:50+00:00\",\"mainEntityOfPage\":{\"@id\":\"https:\\\/\\\/www.strassenweb.de\\\/nachrichten\\\/30-jahre-seit-wir-ahnungslos-gesehen-haben-denken-wir-immer-noch-an-chers-ankleidezimmer-es-ist-wie-immer-trendy\\\/\"},\"wordCount\":737,\"publisher\":{\"@id\":\"https:\\\/\\\/www.strassenweb.de\\\/nachrichten\\\/#organization\"},\"image\":{\"@id\":\"https:\\\/\\\/www.strassenweb.de\\\/nachrichten\\\/30-jahre-seit-wir-ahnungslos-gesehen-haben-denken-wir-immer-noch-an-chers-ankleidezimmer-es-ist-wie-immer-trendy\\\/#primaryimage\"},\"thumbnailUrl\":\"https:\\\/\\\/www.strassenweb.de\\\/nachrichten\\\/wp-content\\\/uploads\\\/2025\\\/07\\\/30-Jahre-seit-wir-ahnungslos-gesehen-haben-denken-wir-immer.jpg\",\"keywords\":[\"ahnungslos\",\"Ankleidezimmer\",\"Chers\",\"denken\",\"gesehen\",\"haben\",\"immer\",\"ist\",\"Jahre\",\"noch\",\"seit\",\"trendy\",\"Wie\",\"wir\"],\"articleSection\":[\"Haus &amp; Garten\"],\"inLanguage\":\"de\"},{\"@type\":\"WebPage\",\"@id\":\"https:\\\/\\\/www.strassenweb.de\\\/nachrichten\\\/30-jahre-seit-wir-ahnungslos-gesehen-haben-denken-wir-immer-noch-an-chers-ankleidezimmer-es-ist-wie-immer-trendy\\\/\",\"url\":\"https:\\\/\\\/www.strassenweb.de\\\/nachrichten\\\/30-jahre-seit-wir-ahnungslos-gesehen-haben-denken-wir-immer-noch-an-chers-ankleidezimmer-es-ist-wie-immer-trendy\\\/\",\"name\":\"30 Jahre seit wir ahnungslos gesehen haben, denken wir immer noch an Chers Ankleidezimmer - es ist wie immer trendy - Nachrichten - Stra\u00dfenweb\",\"isPartOf\":{\"@id\":\"https:\\\/\\\/www.strassenweb.de\\\/nachrichten\\\/#website\"},\"primaryImageOfPage\":{\"@id\":\"https:\\\/\\\/www.strassenweb.de\\\/nachrichten\\\/30-jahre-seit-wir-ahnungslos-gesehen-haben-denken-wir-immer-noch-an-chers-ankleidezimmer-es-ist-wie-immer-trendy\\\/#primaryimage\"},\"image\":{\"@id\":\"https:\\\/\\\/www.strassenweb.de\\\/nachrichten\\\/30-jahre-seit-wir-ahnungslos-gesehen-haben-denken-wir-immer-noch-an-chers-ankleidezimmer-es-ist-wie-immer-trendy\\\/#primaryimage\"},\"thumbnailUrl\":\"https:\\\/\\\/www.strassenweb.de\\\/nachrichten\\\/wp-content\\\/uploads\\\/2025\\\/07\\\/30-Jahre-seit-wir-ahnungslos-gesehen-haben-denken-wir-immer.jpg\",\"datePublished\":\"2025-07-21T11:43:49+00:00\",\"dateModified\":\"2025-07-21T11:43:50+00:00\",\"breadcrumb\":{\"@id\":\"https:\\\/\\\/www.strassenweb.de\\\/nachrichten\\\/30-jahre-seit-wir-ahnungslos-gesehen-haben-denken-wir-immer-noch-an-chers-ankleidezimmer-es-ist-wie-immer-trendy\\\/#breadcrumb\"},\"inLanguage\":\"de\",\"potentialAction\":[{\"@type\":\"ReadAction\",\"target\":[\"https:\\\/\\\/www.strassenweb.de\\\/nachrichten\\\/30-jahre-seit-wir-ahnungslos-gesehen-haben-denken-wir-immer-noch-an-chers-ankleidezimmer-es-ist-wie-immer-trendy\\\/\"]}]},{\"@type\":\"ImageObject\",\"inLanguage\":\"de\",\"@id\":\"https:\\\/\\\/www.strassenweb.de\\\/nachrichten\\\/30-jahre-seit-wir-ahnungslos-gesehen-haben-denken-wir-immer-noch-an-chers-ankleidezimmer-es-ist-wie-immer-trendy\\\/#primaryimage\",\"url\":\"https:\\\/\\\/www.strassenweb.de\\\/nachrichten\\\/wp-content\\\/uploads\\\/2025\\\/07\\\/30-Jahre-seit-wir-ahnungslos-gesehen-haben-denken-wir-immer.jpg\",\"contentUrl\":\"https:\\\/\\\/www.strassenweb.de\\\/nachrichten\\\/wp-content\\\/uploads\\\/2025\\\/07\\\/30-Jahre-seit-wir-ahnungslos-gesehen-haben-denken-wir-immer.jpg\",\"width\":1600,\"height\":900,\"caption\":\"Cher in Clueless (1995)\"},{\"@type\":\"BreadcrumbList\",\"@id\":\"https:\\\/\\\/www.strassenweb.de\\\/nachrichten\\\/30-jahre-seit-wir-ahnungslos-gesehen-haben-denken-wir-immer-noch-an-chers-ankleidezimmer-es-ist-wie-immer-trendy\\\/#breadcrumb\",\"itemListElement\":[{\"@type\":\"ListItem\",\"position\":1,\"name\":\"Home\",\"item\":\"https:\\\/\\\/www.strassenweb.de\\\/nachrichten\\\/\"},{\"@type\":\"ListItem\",\"position\":2,\"name\":\"30 Jahre seit wir ahnungslos gesehen haben, denken wir immer noch an Chers Ankleidezimmer &#8211; es ist wie immer trendy\"}]},{\"@type\":\"WebSite\",\"@id\":\"https:\\\/\\\/www.strassenweb.de\\\/nachrichten\\\/#website\",\"url\":\"https:\\\/\\\/www.strassenweb.de\\\/nachrichten\\\/\",\"name\":\"Stra\u00dfenweb\",\"description\":\"Stra\u00dfenverzeichnis f\u00fcr Deutschland\",\"publisher\":{\"@id\":\"https:\\\/\\\/www.strassenweb.de\\\/nachrichten\\\/#organization\"},\"potentialAction\":[{\"@type\":\"SearchAction\",\"target\":{\"@type\":\"EntryPoint\",\"urlTemplate\":\"https:\\\/\\\/www.strassenweb.de\\\/nachrichten\\\/?s={search_term_string}\"},\"query-input\":{\"@type\":\"PropertyValueSpecification\",\"valueRequired\":true,\"valueName\":\"search_term_string\"}}],\"inLanguage\":\"de\"},{\"@type\":\"Organization\",\"@id\":\"https:\\\/\\\/www.strassenweb.de\\\/nachrichten\\\/#organization\",\"name\":\"Stra\u00dfenweb\",\"url\":\"https:\\\/\\\/www.strassenweb.de\\\/nachrichten\\\/\",\"logo\":{\"@type\":\"ImageObject\",\"inLanguage\":\"de\",\"@id\":\"https:\\\/\\\/www.strassenweb.de\\\/nachrichten\\\/#\\\/schema\\\/logo\\\/image\\\/\",\"url\":\"https:\\\/\\\/www.strassenweb.de\\\/nachrichten\\\/wp-content\\\/uploads\\\/2024\\\/09\\\/cropped-favicon.png\",\"contentUrl\":\"https:\\\/\\\/www.strassenweb.de\\\/nachrichten\\\/wp-content\\\/uploads\\\/2024\\\/09\\\/cropped-favicon.png\",\"width\":512,\"height\":512,\"caption\":\"Stra\u00dfenweb\"},\"image\":{\"@id\":\"https:\\\/\\\/www.strassenweb.de\\\/nachrichten\\\/#\\\/schema\\\/logo\\\/image\\\/\"},\"sameAs\":[\"https:\\\/\\\/www.facebook.com\\\/strassenweb\\\/\"]},{\"@type\":\"Person\",\"@id\":\"https:\\\/\\\/www.strassenweb.de\\\/nachrichten\\\/#\\\/schema\\\/person\\\/87c9c9067f1211da429a744dc5a5aa41\",\"name\":\"Robert Hoffmann\",\"image\":{\"@type\":\"ImageObject\",\"inLanguage\":\"de\",\"@id\":\"https:\\\/\\\/www.strassenweb.de\\\/nachrichten\\\/wp-content\\\/uploads\\\/2024\\\/09\\\/strassenweb-150x150.jpg\",\"url\":\"https:\\\/\\\/www.strassenweb.de\\\/nachrichten\\\/wp-content\\\/uploads\\\/2024\\\/09\\\/strassenweb-150x150.jpg\",\"contentUrl\":\"https:\\\/\\\/www.strassenweb.de\\\/nachrichten\\\/wp-content\\\/uploads\\\/2024\\\/09\\\/strassenweb-150x150.jpg\",\"caption\":\"Robert Hoffmann\"},\"description\":\"Ich hei\u00dfe Robert Hoffmann und ich bin ein leidenschaftlicher Verfechter von \u00d6kologie und Biodiversit\u00e4t. Seit meiner Kindheit in den W\u00e4ldern Bayerns f\u00fchle ich mich mit der Natur verbunden und bin entschlossen, sie zu sch\u00fctzen. Heute widme ich mein Leben der Sensibilisierung anderer f\u00fcr die Bedeutung des Umweltschutzes f\u00fcr zuk\u00fcnftige Generationen.\",\"sameAs\":[\"https:\\\/\\\/www.strassenweb.de\\\/\"]}]}<\/script>\n<!-- \/ Yoast SEO plugin. -->","yoast_head_json":{"title":"30 Jahre seit wir ahnungslos gesehen haben, denken wir immer noch an Chers Ankleidezimmer - es ist wie immer trendy - Nachrichten - Stra\u00dfenweb","robots":{"index":"index","follow":"follow","max-snippet":"max-snippet:-1","max-image-preview":"max-image-preview:large","max-video-preview":"max-video-preview:-1"},"canonical":"https:\/\/www.strassenweb.de\/nachrichten\/30-jahre-seit-wir-ahnungslos-gesehen-haben-denken-wir-immer-noch-an-chers-ankleidezimmer-es-ist-wie-immer-trendy\/","og_locale":"de_DE","og_type":"article","og_title":"30 Jahre seit wir ahnungslos gesehen haben, denken wir immer noch an Chers Ankleidezimmer - es ist wie immer trendy - Nachrichten - Stra\u00dfenweb","og_description":"Wenn es um anstrengende Schr\u00e4nke geht, gibt es eine, die sich als gefestigt hat Die Ultimate Garderobe: Wir sprechen nat\u00fcrlich \u00fcber Chers futuristische, ger\u00e4umige Wanderung","og_url":"https:\/\/www.strassenweb.de\/nachrichten\/30-jahre-seit-wir-ahnungslos-gesehen-haben-denken-wir-immer-noch-an-chers-ankleidezimmer-es-ist-wie-immer-trendy\/","og_site_name":"Stra\u00dfenweb","article_publisher":"https:\/\/www.facebook.com\/strassenweb\/","article_published_time":"2025-07-21T11:43:49+00:00","article_modified_time":"2025-07-21T11:43:50+00:00","og_image":[{"width":1600,"height":900,"url":"https:\/\/www.strassenweb.de\/nachrichten\/wp-content\/uploads\/2025\/07\/30-Jahre-seit-wir-ahnungslos-gesehen-haben-denken-wir-immer.jpg","type":"image\/jpeg"}],"author":"Robert Hoffmann","twitter_card":"summary_large_image","twitter_misc":{"Verfasst von":"Robert Hoffmann","Gesch\u00e4tzte Lesezeit":"4\u00a0Minuten"},"schema":{"@context":"https:\/\/schema.org","@graph":[{"@type":"Article","@id":"https:\/\/www.strassenweb.de\/nachrichten\/30-jahre-seit-wir-ahnungslos-gesehen-haben-denken-wir-immer-noch-an-chers-ankleidezimmer-es-ist-wie-immer-trendy\/#article","isPartOf":{"@id":"https:\/\/www.strassenweb.de\/nachrichten\/30-jahre-seit-wir-ahnungslos-gesehen-haben-denken-wir-immer-noch-an-chers-ankleidezimmer-es-ist-wie-immer-trendy\/"},"author":{"name":"Robert Hoffmann","@id":"https:\/\/www.strassenweb.de\/nachrichten\/#\/schema\/person\/87c9c9067f1211da429a744dc5a5aa41"},"headline":"30 Jahre seit wir ahnungslos gesehen haben, denken wir immer noch an Chers Ankleidezimmer &#8211; es ist wie immer trendy","datePublished":"2025-07-21T11:43:49+00:00","dateModified":"2025-07-21T11:43:50+00:00","mainEntityOfPage":{"@id":"https:\/\/www.strassenweb.de\/nachrichten\/30-jahre-seit-wir-ahnungslos-gesehen-haben-denken-wir-immer-noch-an-chers-ankleidezimmer-es-ist-wie-immer-trendy\/"},"wordCount":737,"publisher":{"@id":"https:\/\/www.strassenweb.de\/nachrichten\/#organization"},"image":{"@id":"https:\/\/www.strassenweb.de\/nachrichten\/30-jahre-seit-wir-ahnungslos-gesehen-haben-denken-wir-immer-noch-an-chers-ankleidezimmer-es-ist-wie-immer-trendy\/#primaryimage"},"thumbnailUrl":"https:\/\/www.strassenweb.de\/nachrichten\/wp-content\/uploads\/2025\/07\/30-Jahre-seit-wir-ahnungslos-gesehen-haben-denken-wir-immer.jpg","keywords":["ahnungslos","Ankleidezimmer","Chers","denken","gesehen","haben","immer","ist","Jahre","noch","seit","trendy","Wie","wir"],"articleSection":["Haus &amp; Garten"],"inLanguage":"de"},{"@type":"WebPage","@id":"https:\/\/www.strassenweb.de\/nachrichten\/30-jahre-seit-wir-ahnungslos-gesehen-haben-denken-wir-immer-noch-an-chers-ankleidezimmer-es-ist-wie-immer-trendy\/","url":"https:\/\/www.strassenweb.de\/nachrichten\/30-jahre-seit-wir-ahnungslos-gesehen-haben-denken-wir-immer-noch-an-chers-ankleidezimmer-es-ist-wie-immer-trendy\/","name":"30 Jahre seit wir ahnungslos gesehen haben, denken wir immer noch an Chers Ankleidezimmer - es ist wie immer trendy - Nachrichten - Stra\u00dfenweb","isPartOf":{"@id":"https:\/\/www.strassenweb.de\/nachrichten\/#website"},"primaryImageOfPage":{"@id":"https:\/\/www.strassenweb.de\/nachrichten\/30-jahre-seit-wir-ahnungslos-gesehen-haben-denken-wir-immer-noch-an-chers-ankleidezimmer-es-ist-wie-immer-trendy\/#primaryimage"},"image":{"@id":"https:\/\/www.strassenweb.de\/nachrichten\/30-jahre-seit-wir-ahnungslos-gesehen-haben-denken-wir-immer-noch-an-chers-ankleidezimmer-es-ist-wie-immer-trendy\/#primaryimage"},"thumbnailUrl":"https:\/\/www.strassenweb.de\/nachrichten\/wp-content\/uploads\/2025\/07\/30-Jahre-seit-wir-ahnungslos-gesehen-haben-denken-wir-immer.jpg","datePublished":"2025-07-21T11:43:49+00:00","dateModified":"2025-07-21T11:43:50+00:00","breadcrumb":{"@id":"https:\/\/www.strassenweb.de\/nachrichten\/30-jahre-seit-wir-ahnungslos-gesehen-haben-denken-wir-immer-noch-an-chers-ankleidezimmer-es-ist-wie-immer-trendy\/#breadcrumb"},"inLanguage":"de","potentialAction":[{"@type":"ReadAction","target":["https:\/\/www.strassenweb.de\/nachrichten\/30-jahre-seit-wir-ahnungslos-gesehen-haben-denken-wir-immer-noch-an-chers-ankleidezimmer-es-ist-wie-immer-trendy\/"]}]},{"@type":"ImageObject","inLanguage":"de","@id":"https:\/\/www.strassenweb.de\/nachrichten\/30-jahre-seit-wir-ahnungslos-gesehen-haben-denken-wir-immer-noch-an-chers-ankleidezimmer-es-ist-wie-immer-trendy\/#primaryimage","url":"https:\/\/www.strassenweb.de\/nachrichten\/wp-content\/uploads\/2025\/07\/30-Jahre-seit-wir-ahnungslos-gesehen-haben-denken-wir-immer.jpg","contentUrl":"https:\/\/www.strassenweb.de\/nachrichten\/wp-content\/uploads\/2025\/07\/30-Jahre-seit-wir-ahnungslos-gesehen-haben-denken-wir-immer.jpg","width":1600,"height":900,"caption":"Cher in Clueless (1995)"},{"@type":"BreadcrumbList","@id":"https:\/\/www.strassenweb.de\/nachrichten\/30-jahre-seit-wir-ahnungslos-gesehen-haben-denken-wir-immer-noch-an-chers-ankleidezimmer-es-ist-wie-immer-trendy\/#breadcrumb","itemListElement":[{"@type":"ListItem","position":1,"name":"Home","item":"https:\/\/www.strassenweb.de\/nachrichten\/"},{"@type":"ListItem","position":2,"name":"30 Jahre seit wir ahnungslos gesehen haben, denken wir immer noch an Chers Ankleidezimmer &#8211; es ist wie immer trendy"}]},{"@type":"WebSite","@id":"https:\/\/www.strassenweb.de\/nachrichten\/#website","url":"https:\/\/www.strassenweb.de\/nachrichten\/","name":"Stra\u00dfenweb","description":"Stra\u00dfenverzeichnis f\u00fcr Deutschland","publisher":{"@id":"https:\/\/www.strassenweb.de\/nachrichten\/#organization"},"potentialAction":[{"@type":"SearchAction","target":{"@type":"EntryPoint","urlTemplate":"https:\/\/www.strassenweb.de\/nachrichten\/?s={search_term_string}"},"query-input":{"@type":"PropertyValueSpecification","valueRequired":true,"valueName":"search_term_string"}}],"inLanguage":"de"},{"@type":"Organization","@id":"https:\/\/www.strassenweb.de\/nachrichten\/#organization","name":"Stra\u00dfenweb","url":"https:\/\/www.strassenweb.de\/nachrichten\/","logo":{"@type":"ImageObject","inLanguage":"de","@id":"https:\/\/www.strassenweb.de\/nachrichten\/#\/schema\/logo\/image\/","url":"https:\/\/www.strassenweb.de\/nachrichten\/wp-content\/uploads\/2024\/09\/cropped-favicon.png","contentUrl":"https:\/\/www.strassenweb.de\/nachrichten\/wp-content\/uploads\/2024\/09\/cropped-favicon.png","width":512,"height":512,"caption":"Stra\u00dfenweb"},"image":{"@id":"https:\/\/www.strassenweb.de\/nachrichten\/#\/schema\/logo\/image\/"},"sameAs":["https:\/\/www.facebook.com\/strassenweb\/"]},{"@type":"Person","@id":"https:\/\/www.strassenweb.de\/nachrichten\/#\/schema\/person\/87c9c9067f1211da429a744dc5a5aa41","name":"Robert Hoffmann","image":{"@type":"ImageObject","inLanguage":"de","@id":"https:\/\/www.strassenweb.de\/nachrichten\/wp-content\/uploads\/2024\/09\/strassenweb-150x150.jpg","url":"https:\/\/www.strassenweb.de\/nachrichten\/wp-content\/uploads\/2024\/09\/strassenweb-150x150.jpg","contentUrl":"https:\/\/www.strassenweb.de\/nachrichten\/wp-content\/uploads\/2024\/09\/strassenweb-150x150.jpg","caption":"Robert Hoffmann"},"description":"Ich hei\u00dfe Robert Hoffmann und ich bin ein leidenschaftlicher Verfechter von \u00d6kologie und Biodiversit\u00e4t. Seit meiner Kindheit in den W\u00e4ldern Bayerns f\u00fchle ich mich mit der Natur verbunden und bin entschlossen, sie zu sch\u00fctzen. Heute widme ich mein Leben der Sensibilisierung anderer f\u00fcr die Bedeutung des Umweltschutzes f\u00fcr zuk\u00fcnftige Generationen.","sameAs":["https:\/\/www.strassenweb.de\/"]}]}},"_links":{"self":[{"href":"https:\/\/www.strassenweb.de\/nachrichten\/wp-json\/wp\/v2\/posts\/6371","targetHints":{"allow":["GET"]}}],"collection":[{"href":"https:\/\/www.strassenweb.de\/nachrichten\/wp-json\/wp\/v2\/posts"}],"about":[{"href":"https:\/\/www.strassenweb.de\/nachrichten\/wp-json\/wp\/v2\/types\/post"}],"author":[{"embeddable":true,"href":"https:\/\/www.strassenweb.de\/nachrichten\/wp-json\/wp\/v2\/users\/1"}],"replies":[{"embeddable":true,"href":"https:\/\/www.strassenweb.de\/nachrichten\/wp-json\/wp\/v2\/comments?post=6371"}],"version-history":[{"count":0,"href":"https:\/\/www.strassenweb.de\/nachrichten\/wp-json\/wp\/v2\/posts\/6371\/revisions"}],"wp:featuredmedia":[{"embeddable":true,"href":"https:\/\/www.strassenweb.de\/nachrichten\/wp-json\/wp\/v2\/media\/6372"}],"wp:attachment":[{"href":"https:\/\/www.strassenweb.de\/nachrichten\/wp-json\/wp\/v2\/media?parent=6371"}],"wp:term":[{"taxonomy":"category","embeddable":true,"href":"https:\/\/www.strassenweb.de\/nachrichten\/wp-json\/wp\/v2\/categories?post=6371"},{"taxonomy":"post_tag","embeddable":true,"href":"https:\/\/www.strassenweb.de\/nachrichten\/wp-json\/wp\/v2\/tags?post=6371"}],"curies":[{"name":"wp","href":"https:\/\/api.w.org\/{rel}","templated":true}]}}