{"id":637,"date":"2024-10-05T20:40:12","date_gmt":"2024-10-05T18:40:12","guid":{"rendered":"https:\/\/www.strassenweb.de\/nachrichten\/die-urbane-kollektion-von-kelly-clarkson-zelebriert-alle-grundlegenden-elemente-des-nyc-designs-und-ist-jetzt-fuer-den-way-day-reduziert\/"},"modified":"2024-10-05T20:40:13","modified_gmt":"2024-10-05T18:40:13","slug":"die-urbane-kollektion-von-kelly-clarkson-zelebriert-alle-grundlegenden-elemente-des-nyc-designs-und-ist-jetzt-fuer-den-way-day-reduziert","status":"publish","type":"post","link":"https:\/\/www.strassenweb.de\/nachrichten\/die-urbane-kollektion-von-kelly-clarkson-zelebriert-alle-grundlegenden-elemente-des-nyc-designs-und-ist-jetzt-fuer-den-way-day-reduziert\/","title":{"rendered":"Die urbane Kollektion von Kelly Clarkson zelebriert alle grundlegenden Elemente des NYC-Designs \u2013 und ist jetzt f\u00fcr den Way Day reduziert"},"content":{"rendered":"<p><\/p>\n<div id=\"article-body\" class=\"article__body \">\n<p>Mit seiner F\u00e4higkeit, m\u00fchelos cool und doch immer luxuri\u00f6s zu wirken, ist es keine \u00dcberraschung, dass die klassische New Yorker Design\u00e4sthetik zu den am meisten verehrten z\u00e4hlt. Designer weit \u00fcber die Ostk\u00fcste hinaus sch\u00f6pfen in ihrer Arbeit oft aus der Eigenartigkeit dieser Stadt, aber es scheint, dass auch Promis vor ihrem Charme nicht gefeit sind.<\/p>\n<div id=\"ad-unit-1\" class=\"ad-unit\"><\/div>\n<p>Kelly Clarkson ist die neueste Figur, die sich mit ihrer neuen Wayfair-Kollektion, die \u201evon ihrem Umzug in die Stadt inspiriert ist\u201c, mit dem typischen Reiz von New York verbindet. Wir haben bereits einen Liebesbrief an ihr Gespr\u00e4chssofa geschrieben (das ist ein herausragendes St\u00fcck aus der betreffenden Kollektion), aber wir haben uns noch nicht damit befasst, was genau die Kollektion so auf New York konzentriert \u2013 bis jetzt.<\/p>\n<aside class=\"hawk-nest\" data-render-type=\"fte\" data-skip=\"dealsy\" data-widget-type=\"seasonal\">\n<div class=\"hawk-master-widget-hawk-base-wrapper\"><\/div>\n<\/aside>\n<p>\u201eUm diesen klassischen Wohnraum im New Yorker Stil einzufangen, geht es darum, industriellen Chic mit anspruchsvollem Komfort zu verbinden\u201c, sagt Joyce Huston, leitende Innenarchitektin und Mitbegr\u00fcnderin von Decorilla. \u201eMeiner Erfahrung nach liegt der Schl\u00fcssel darin, mit einem offenen Grundriss zu beginnen und Elemente wie unverputzte Ziegelw\u00e4nde oder Rohrleitungen, ob echt oder k\u00fcnstlich, zu ber\u00fccksichtigen.\u201c<\/p>\n<div id=\"desktop-in-article\" class=\"in-article ad-unit\">\n<div id=\"desktop-taboola-mid-article\"><\/div>\n<\/div>\n<div id=\"mobile-in-article\" class=\"in-article ad-unit\">\n<div id=\"mobile-taboola-mid-article\"><\/div>\n<\/div>\n<p>Nat\u00fcrlich k\u00f6nnen wir nicht alle in einem NYC-Loft leben (und manchmal ist es nicht so einfach, diese architektonischen Merkmale wiederherzustellen. Hier stehen M\u00f6bel wie die von Clarkson im Mittelpunkt.<\/p>\n<div class=\"van_vid_carousel\">\n<div class=\"van_vid_carousel__padding\">\n<div class=\"van_vid_carousel__container\"><\/div>\n<\/div>\n<\/div>\n<p>\u201eWenn es um M\u00f6bel geht, finde ich gerne St\u00fccke, die sowohl schlicht als auch multifunktional sind. Ein Ledersofa (wie dieses aus Kellys Wayfair-Kollektion) und ein Couchtisch aus Glas (wie dieser hier) sind perfekt, um Komfort mit urbaner Coolness in Einklang zu bringen. \u201eIch bleibe gerne bei einer neutralen Farbpalette und erg\u00e4nze sie mit auff\u00e4lliger Beleuchtung oder auff\u00e4lligen Kunstwerken, um Pers\u00f6nlichkeit zu verleihen\u201c, sagt Huston.<\/p>\n<div id=\"ad-unit-2\" class=\"ad-unit\"><\/div>\n<p>Es gibt keinen besseren Zeitpunkt, in diese herausragenden St\u00fccke zu investieren, denn jetzt gibt es bei Way Day Erm\u00e4\u00dfigungen.<\/p>\n<div class=\"product-container hero-product-container product-block-no-wrap\"><\/div>\n<figure class=\"van-image-figure inline-layout \" data-bordeaux-image-check>\n<div class=\"image-full-width-wrapper\">\n<div class=\"image-widthsetter\" style=\"max-width:2000px;\"><\/div>\n<\/div>\n<\/figure>\n<p>Wie Huston erkl\u00e4rt, sind die richtigen M\u00f6bel der Schl\u00fcssel zum klassischen New Yorker Stil jenseits des Empire State. Genauso wichtig sind jedoch auch Accessoires.<\/p>\n<div id=\"slice-container-newsletterForm-articleInbodyContent-WcWHqhAKSzFDu6M7PtJtBh\" class=\"slice-container newsletter-inbodyContent-slice newsletterForm-articleInbodyContent-WcWHqhAKSzFDu6M7PtJtBh slice-container-newsletterForm\"><\/div>\n<p>\u201eDenken Sie an Vintage-New-York-Karten, Dekor im U-Bahn-Stil oder sogar gro\u00dfformatige Fotografien von Stadtszenen.\u201c Um die industrielle \u00c4sthetik zu erg\u00e4nzen, gestalte ich den Raum gerne mit Teppichen und Pflanzen weicher, um einen lebenswerten Stadtraum zu schaffen. Ziel ist es, einen Raum zu schaffen, der den anspruchsvollen Stadtlebensstil widerspiegelt. Es geht darum, die richtige Balance zwischen Roh und Raffiniert, Alt und Neu zu finden.\u201c<\/p>\n<p>Wir lieben diese drei St\u00fccke, besonders den sch\u00f6nen Spiegel, der selbst in das kleinste Wohnzimmer passt (etwas, das in New Yorker Wohnungen wahrscheinlich eine willkommene Neuigkeit ist).<\/p>\n<div class=\"product-container hero-product-container product-block-no-wrap\"><\/div>\n<hr>\n<\/div>\n","protected":false},"excerpt":{"rendered":"<p>Mit seiner F\u00e4higkeit, m\u00fchelos cool und doch immer luxuri\u00f6s zu wirken, ist es keine \u00dcberraschung, dass die klassische New Yorker Design\u00e4sthetik zu den am meisten<\/p>\n","protected":false},"author":1,"featured_media":638,"comment_status":"closed","ping_status":"","sticky":false,"template":"","format":"standard","meta":{"footnotes":""},"categories":[118],"tags":[176,1267,1273,78,281,9,1270,55,1269,15,1272,1266,1265,1271,1274,37,1264,21,1268],"class_list":["post-637","post","type-post","status-publish","format-standard","has-post-thumbnail","hentry","category-haus-garten","tag-alle","tag-clarkson","tag-day","tag-den","tag-des","tag-die","tag-elemente","tag-fuer","tag-grundlegenden","tag-ist","tag-jetzt","tag-kelly","tag-kollektion","tag-nycdesigns","tag-reduziert","tag-und","tag-urbane","tag-von","tag-zelebriert","generate-columns","tablet-grid-50","mobile-grid-100","grid-parent","grid-50"],"yoast_head":"<!-- This site is optimized with the Yoast SEO plugin v27.3 - https:\/\/yoast.com\/product\/yoast-seo-wordpress\/ -->\n<title>Die urbane Kollektion von Kelly Clarkson zelebriert alle grundlegenden Elemente des NYC-Designs \u2013 und ist jetzt f\u00fcr den Way Day reduziert - Nachrichten - Stra\u00dfenweb<\/title>\n<meta name=\"robots\" content=\"index, follow, max-snippet:-1, max-image-preview:large, max-video-preview:-1\" \/>\n<link rel=\"canonical\" href=\"https:\/\/www.strassenweb.de\/nachrichten\/die-urbane-kollektion-von-kelly-clarkson-zelebriert-alle-grundlegenden-elemente-des-nyc-designs-und-ist-jetzt-fuer-den-way-day-reduziert\/\" \/>\n<meta property=\"og:locale\" content=\"de_DE\" \/>\n<meta property=\"og:type\" content=\"article\" \/>\n<meta property=\"og:title\" content=\"Die urbane Kollektion von Kelly Clarkson zelebriert alle grundlegenden Elemente des NYC-Designs \u2013 und ist jetzt f\u00fcr den Way Day reduziert - Nachrichten - Stra\u00dfenweb\" \/>\n<meta property=\"og:description\" content=\"Mit seiner F\u00e4higkeit, m\u00fchelos cool und doch immer luxuri\u00f6s zu wirken, ist es keine \u00dcberraschung, dass die klassische New Yorker Design\u00e4sthetik zu den am meisten\" \/>\n<meta property=\"og:url\" content=\"https:\/\/www.strassenweb.de\/nachrichten\/die-urbane-kollektion-von-kelly-clarkson-zelebriert-alle-grundlegenden-elemente-des-nyc-designs-und-ist-jetzt-fuer-den-way-day-reduziert\/\" \/>\n<meta property=\"og:site_name\" content=\"Stra\u00dfenweb\" \/>\n<meta property=\"article:publisher\" content=\"https:\/\/www.facebook.com\/strassenweb\/\" \/>\n<meta property=\"article:published_time\" content=\"2024-10-05T18:40:12+00:00\" \/>\n<meta property=\"article:modified_time\" content=\"2024-10-05T18:40:13+00:00\" \/>\n<meta property=\"og:image\" content=\"https:\/\/www.strassenweb.de\/nachrichten\/wp-content\/uploads\/2024\/10\/Die-urbane-Kollektion-von-Kelly-Clarkson-zelebriert-alle-grundlegenden-Elemente.jpg\" \/>\n\t<meta property=\"og:image:width\" content=\"1200\" \/>\n\t<meta property=\"og:image:height\" content=\"675\" \/>\n\t<meta property=\"og:image:type\" content=\"image\/jpeg\" \/>\n<meta name=\"author\" content=\"Robert Hoffmann\" \/>\n<meta name=\"twitter:card\" content=\"summary_large_image\" \/>\n<meta name=\"twitter:label1\" content=\"Verfasst von\" \/>\n\t<meta name=\"twitter:data1\" content=\"Robert Hoffmann\" \/>\n\t<meta name=\"twitter:label2\" content=\"Gesch\u00e4tzte Lesezeit\" \/>\n\t<meta name=\"twitter:data2\" content=\"2\u00a0Minuten\" \/>\n<script type=\"application\/ld+json\" class=\"yoast-schema-graph\">{\"@context\":\"https:\\\/\\\/schema.org\",\"@graph\":[{\"@type\":\"Article\",\"@id\":\"https:\\\/\\\/www.strassenweb.de\\\/nachrichten\\\/die-urbane-kollektion-von-kelly-clarkson-zelebriert-alle-grundlegenden-elemente-des-nyc-designs-und-ist-jetzt-fuer-den-way-day-reduziert\\\/#article\",\"isPartOf\":{\"@id\":\"https:\\\/\\\/www.strassenweb.de\\\/nachrichten\\\/die-urbane-kollektion-von-kelly-clarkson-zelebriert-alle-grundlegenden-elemente-des-nyc-designs-und-ist-jetzt-fuer-den-way-day-reduziert\\\/\"},\"author\":{\"name\":\"Robert Hoffmann\",\"@id\":\"https:\\\/\\\/www.strassenweb.de\\\/nachrichten\\\/#\\\/schema\\\/person\\\/87c9c9067f1211da429a744dc5a5aa41\"},\"headline\":\"Die urbane Kollektion von Kelly Clarkson zelebriert alle grundlegenden Elemente des NYC-Designs \u2013 und ist jetzt f\u00fcr den Way Day reduziert\",\"datePublished\":\"2024-10-05T18:40:12+00:00\",\"dateModified\":\"2024-10-05T18:40:13+00:00\",\"mainEntityOfPage\":{\"@id\":\"https:\\\/\\\/www.strassenweb.de\\\/nachrichten\\\/die-urbane-kollektion-von-kelly-clarkson-zelebriert-alle-grundlegenden-elemente-des-nyc-designs-und-ist-jetzt-fuer-den-way-day-reduziert\\\/\"},\"wordCount\":453,\"publisher\":{\"@id\":\"https:\\\/\\\/www.strassenweb.de\\\/nachrichten\\\/#organization\"},\"image\":{\"@id\":\"https:\\\/\\\/www.strassenweb.de\\\/nachrichten\\\/die-urbane-kollektion-von-kelly-clarkson-zelebriert-alle-grundlegenden-elemente-des-nyc-designs-und-ist-jetzt-fuer-den-way-day-reduziert\\\/#primaryimage\"},\"thumbnailUrl\":\"https:\\\/\\\/www.strassenweb.de\\\/nachrichten\\\/wp-content\\\/uploads\\\/2024\\\/10\\\/Die-urbane-Kollektion-von-Kelly-Clarkson-zelebriert-alle-grundlegenden-Elemente.jpg\",\"keywords\":[\"alle\",\"Clarkson\",\"Day\",\"den\",\"des\",\"die\",\"Elemente\",\"f\u00fcr\",\"grundlegenden\",\"ist\",\"jetzt\",\"Kelly\",\"Kollektion\",\"NYCDesigns\",\"reduziert\",\"und\",\"urbane\",\"von\",\"zelebriert\"],\"articleSection\":[\"Haus &amp; Garten\"],\"inLanguage\":\"de\"},{\"@type\":\"WebPage\",\"@id\":\"https:\\\/\\\/www.strassenweb.de\\\/nachrichten\\\/die-urbane-kollektion-von-kelly-clarkson-zelebriert-alle-grundlegenden-elemente-des-nyc-designs-und-ist-jetzt-fuer-den-way-day-reduziert\\\/\",\"url\":\"https:\\\/\\\/www.strassenweb.de\\\/nachrichten\\\/die-urbane-kollektion-von-kelly-clarkson-zelebriert-alle-grundlegenden-elemente-des-nyc-designs-und-ist-jetzt-fuer-den-way-day-reduziert\\\/\",\"name\":\"Die urbane Kollektion von Kelly Clarkson zelebriert alle grundlegenden Elemente des NYC-Designs \u2013 und ist jetzt f\u00fcr den Way Day reduziert - Nachrichten - Stra\u00dfenweb\",\"isPartOf\":{\"@id\":\"https:\\\/\\\/www.strassenweb.de\\\/nachrichten\\\/#website\"},\"primaryImageOfPage\":{\"@id\":\"https:\\\/\\\/www.strassenweb.de\\\/nachrichten\\\/die-urbane-kollektion-von-kelly-clarkson-zelebriert-alle-grundlegenden-elemente-des-nyc-designs-und-ist-jetzt-fuer-den-way-day-reduziert\\\/#primaryimage\"},\"image\":{\"@id\":\"https:\\\/\\\/www.strassenweb.de\\\/nachrichten\\\/die-urbane-kollektion-von-kelly-clarkson-zelebriert-alle-grundlegenden-elemente-des-nyc-designs-und-ist-jetzt-fuer-den-way-day-reduziert\\\/#primaryimage\"},\"thumbnailUrl\":\"https:\\\/\\\/www.strassenweb.de\\\/nachrichten\\\/wp-content\\\/uploads\\\/2024\\\/10\\\/Die-urbane-Kollektion-von-Kelly-Clarkson-zelebriert-alle-grundlegenden-Elemente.jpg\",\"datePublished\":\"2024-10-05T18:40:12+00:00\",\"dateModified\":\"2024-10-05T18:40:13+00:00\",\"breadcrumb\":{\"@id\":\"https:\\\/\\\/www.strassenweb.de\\\/nachrichten\\\/die-urbane-kollektion-von-kelly-clarkson-zelebriert-alle-grundlegenden-elemente-des-nyc-designs-und-ist-jetzt-fuer-den-way-day-reduziert\\\/#breadcrumb\"},\"inLanguage\":\"de\",\"potentialAction\":[{\"@type\":\"ReadAction\",\"target\":[\"https:\\\/\\\/www.strassenweb.de\\\/nachrichten\\\/die-urbane-kollektion-von-kelly-clarkson-zelebriert-alle-grundlegenden-elemente-des-nyc-designs-und-ist-jetzt-fuer-den-way-day-reduziert\\\/\"]}]},{\"@type\":\"ImageObject\",\"inLanguage\":\"de\",\"@id\":\"https:\\\/\\\/www.strassenweb.de\\\/nachrichten\\\/die-urbane-kollektion-von-kelly-clarkson-zelebriert-alle-grundlegenden-elemente-des-nyc-designs-und-ist-jetzt-fuer-den-way-day-reduziert\\\/#primaryimage\",\"url\":\"https:\\\/\\\/www.strassenweb.de\\\/nachrichten\\\/wp-content\\\/uploads\\\/2024\\\/10\\\/Die-urbane-Kollektion-von-Kelly-Clarkson-zelebriert-alle-grundlegenden-Elemente.jpg\",\"contentUrl\":\"https:\\\/\\\/www.strassenweb.de\\\/nachrichten\\\/wp-content\\\/uploads\\\/2024\\\/10\\\/Die-urbane-Kollektion-von-Kelly-Clarkson-zelebriert-alle-grundlegenden-Elemente.jpg\",\"width\":1200,\"height\":675,\"caption\":\"Die urbane Kollektion von Kelly Clarkson zelebriert alle grundlegenden Elemente des NYC-Designs \u2013 und ist jetzt f\u00fcr den Way Day reduziert\"},{\"@type\":\"BreadcrumbList\",\"@id\":\"https:\\\/\\\/www.strassenweb.de\\\/nachrichten\\\/die-urbane-kollektion-von-kelly-clarkson-zelebriert-alle-grundlegenden-elemente-des-nyc-designs-und-ist-jetzt-fuer-den-way-day-reduziert\\\/#breadcrumb\",\"itemListElement\":[{\"@type\":\"ListItem\",\"position\":1,\"name\":\"Home\",\"item\":\"https:\\\/\\\/www.strassenweb.de\\\/nachrichten\\\/\"},{\"@type\":\"ListItem\",\"position\":2,\"name\":\"Die urbane Kollektion von Kelly Clarkson zelebriert alle grundlegenden Elemente des NYC-Designs \u2013 und ist jetzt f\u00fcr den Way Day reduziert\"}]},{\"@type\":\"WebSite\",\"@id\":\"https:\\\/\\\/www.strassenweb.de\\\/nachrichten\\\/#website\",\"url\":\"https:\\\/\\\/www.strassenweb.de\\\/nachrichten\\\/\",\"name\":\"Stra\u00dfenweb\",\"description\":\"Stra\u00dfenverzeichnis f\u00fcr Deutschland\",\"publisher\":{\"@id\":\"https:\\\/\\\/www.strassenweb.de\\\/nachrichten\\\/#organization\"},\"potentialAction\":[{\"@type\":\"SearchAction\",\"target\":{\"@type\":\"EntryPoint\",\"urlTemplate\":\"https:\\\/\\\/www.strassenweb.de\\\/nachrichten\\\/?s={search_term_string}\"},\"query-input\":{\"@type\":\"PropertyValueSpecification\",\"valueRequired\":true,\"valueName\":\"search_term_string\"}}],\"inLanguage\":\"de\"},{\"@type\":\"Organization\",\"@id\":\"https:\\\/\\\/www.strassenweb.de\\\/nachrichten\\\/#organization\",\"name\":\"Stra\u00dfenweb\",\"url\":\"https:\\\/\\\/www.strassenweb.de\\\/nachrichten\\\/\",\"logo\":{\"@type\":\"ImageObject\",\"inLanguage\":\"de\",\"@id\":\"https:\\\/\\\/www.strassenweb.de\\\/nachrichten\\\/#\\\/schema\\\/logo\\\/image\\\/\",\"url\":\"https:\\\/\\\/www.strassenweb.de\\\/nachrichten\\\/wp-content\\\/uploads\\\/2024\\\/09\\\/cropped-favicon.png\",\"contentUrl\":\"https:\\\/\\\/www.strassenweb.de\\\/nachrichten\\\/wp-content\\\/uploads\\\/2024\\\/09\\\/cropped-favicon.png\",\"width\":512,\"height\":512,\"caption\":\"Stra\u00dfenweb\"},\"image\":{\"@id\":\"https:\\\/\\\/www.strassenweb.de\\\/nachrichten\\\/#\\\/schema\\\/logo\\\/image\\\/\"},\"sameAs\":[\"https:\\\/\\\/www.facebook.com\\\/strassenweb\\\/\"]},{\"@type\":\"Person\",\"@id\":\"https:\\\/\\\/www.strassenweb.de\\\/nachrichten\\\/#\\\/schema\\\/person\\\/87c9c9067f1211da429a744dc5a5aa41\",\"name\":\"Robert Hoffmann\",\"image\":{\"@type\":\"ImageObject\",\"inLanguage\":\"de\",\"@id\":\"https:\\\/\\\/www.strassenweb.de\\\/nachrichten\\\/wp-content\\\/uploads\\\/2024\\\/09\\\/strassenweb-150x150.jpg\",\"url\":\"https:\\\/\\\/www.strassenweb.de\\\/nachrichten\\\/wp-content\\\/uploads\\\/2024\\\/09\\\/strassenweb-150x150.jpg\",\"contentUrl\":\"https:\\\/\\\/www.strassenweb.de\\\/nachrichten\\\/wp-content\\\/uploads\\\/2024\\\/09\\\/strassenweb-150x150.jpg\",\"caption\":\"Robert Hoffmann\"},\"description\":\"Ich hei\u00dfe Robert Hoffmann und ich bin ein leidenschaftlicher Verfechter von \u00d6kologie und Biodiversit\u00e4t. Seit meiner Kindheit in den W\u00e4ldern Bayerns f\u00fchle ich mich mit der Natur verbunden und bin entschlossen, sie zu sch\u00fctzen. Heute widme ich mein Leben der Sensibilisierung anderer f\u00fcr die Bedeutung des Umweltschutzes f\u00fcr zuk\u00fcnftige Generationen.\",\"sameAs\":[\"https:\\\/\\\/www.strassenweb.de\\\/\"]}]}<\/script>\n<!-- \/ Yoast SEO plugin. -->","yoast_head_json":{"title":"Die urbane Kollektion von Kelly Clarkson zelebriert alle grundlegenden Elemente des NYC-Designs \u2013 und ist jetzt f\u00fcr den Way Day reduziert - Nachrichten - Stra\u00dfenweb","robots":{"index":"index","follow":"follow","max-snippet":"max-snippet:-1","max-image-preview":"max-image-preview:large","max-video-preview":"max-video-preview:-1"},"canonical":"https:\/\/www.strassenweb.de\/nachrichten\/die-urbane-kollektion-von-kelly-clarkson-zelebriert-alle-grundlegenden-elemente-des-nyc-designs-und-ist-jetzt-fuer-den-way-day-reduziert\/","og_locale":"de_DE","og_type":"article","og_title":"Die urbane Kollektion von Kelly Clarkson zelebriert alle grundlegenden Elemente des NYC-Designs \u2013 und ist jetzt f\u00fcr den Way Day reduziert - Nachrichten - Stra\u00dfenweb","og_description":"Mit seiner F\u00e4higkeit, m\u00fchelos cool und doch immer luxuri\u00f6s zu wirken, ist es keine \u00dcberraschung, dass die klassische New Yorker Design\u00e4sthetik zu den am meisten","og_url":"https:\/\/www.strassenweb.de\/nachrichten\/die-urbane-kollektion-von-kelly-clarkson-zelebriert-alle-grundlegenden-elemente-des-nyc-designs-und-ist-jetzt-fuer-den-way-day-reduziert\/","og_site_name":"Stra\u00dfenweb","article_publisher":"https:\/\/www.facebook.com\/strassenweb\/","article_published_time":"2024-10-05T18:40:12+00:00","article_modified_time":"2024-10-05T18:40:13+00:00","og_image":[{"width":1200,"height":675,"url":"https:\/\/www.strassenweb.de\/nachrichten\/wp-content\/uploads\/2024\/10\/Die-urbane-Kollektion-von-Kelly-Clarkson-zelebriert-alle-grundlegenden-Elemente.jpg","type":"image\/jpeg"}],"author":"Robert Hoffmann","twitter_card":"summary_large_image","twitter_misc":{"Verfasst von":"Robert Hoffmann","Gesch\u00e4tzte Lesezeit":"2\u00a0Minuten"},"schema":{"@context":"https:\/\/schema.org","@graph":[{"@type":"Article","@id":"https:\/\/www.strassenweb.de\/nachrichten\/die-urbane-kollektion-von-kelly-clarkson-zelebriert-alle-grundlegenden-elemente-des-nyc-designs-und-ist-jetzt-fuer-den-way-day-reduziert\/#article","isPartOf":{"@id":"https:\/\/www.strassenweb.de\/nachrichten\/die-urbane-kollektion-von-kelly-clarkson-zelebriert-alle-grundlegenden-elemente-des-nyc-designs-und-ist-jetzt-fuer-den-way-day-reduziert\/"},"author":{"name":"Robert Hoffmann","@id":"https:\/\/www.strassenweb.de\/nachrichten\/#\/schema\/person\/87c9c9067f1211da429a744dc5a5aa41"},"headline":"Die urbane Kollektion von Kelly Clarkson zelebriert alle grundlegenden Elemente des NYC-Designs \u2013 und ist jetzt f\u00fcr den Way Day reduziert","datePublished":"2024-10-05T18:40:12+00:00","dateModified":"2024-10-05T18:40:13+00:00","mainEntityOfPage":{"@id":"https:\/\/www.strassenweb.de\/nachrichten\/die-urbane-kollektion-von-kelly-clarkson-zelebriert-alle-grundlegenden-elemente-des-nyc-designs-und-ist-jetzt-fuer-den-way-day-reduziert\/"},"wordCount":453,"publisher":{"@id":"https:\/\/www.strassenweb.de\/nachrichten\/#organization"},"image":{"@id":"https:\/\/www.strassenweb.de\/nachrichten\/die-urbane-kollektion-von-kelly-clarkson-zelebriert-alle-grundlegenden-elemente-des-nyc-designs-und-ist-jetzt-fuer-den-way-day-reduziert\/#primaryimage"},"thumbnailUrl":"https:\/\/www.strassenweb.de\/nachrichten\/wp-content\/uploads\/2024\/10\/Die-urbane-Kollektion-von-Kelly-Clarkson-zelebriert-alle-grundlegenden-Elemente.jpg","keywords":["alle","Clarkson","Day","den","des","die","Elemente","f\u00fcr","grundlegenden","ist","jetzt","Kelly","Kollektion","NYCDesigns","reduziert","und","urbane","von","zelebriert"],"articleSection":["Haus &amp; Garten"],"inLanguage":"de"},{"@type":"WebPage","@id":"https:\/\/www.strassenweb.de\/nachrichten\/die-urbane-kollektion-von-kelly-clarkson-zelebriert-alle-grundlegenden-elemente-des-nyc-designs-und-ist-jetzt-fuer-den-way-day-reduziert\/","url":"https:\/\/www.strassenweb.de\/nachrichten\/die-urbane-kollektion-von-kelly-clarkson-zelebriert-alle-grundlegenden-elemente-des-nyc-designs-und-ist-jetzt-fuer-den-way-day-reduziert\/","name":"Die urbane Kollektion von Kelly Clarkson zelebriert alle grundlegenden Elemente des NYC-Designs \u2013 und ist jetzt f\u00fcr den Way Day reduziert - Nachrichten - Stra\u00dfenweb","isPartOf":{"@id":"https:\/\/www.strassenweb.de\/nachrichten\/#website"},"primaryImageOfPage":{"@id":"https:\/\/www.strassenweb.de\/nachrichten\/die-urbane-kollektion-von-kelly-clarkson-zelebriert-alle-grundlegenden-elemente-des-nyc-designs-und-ist-jetzt-fuer-den-way-day-reduziert\/#primaryimage"},"image":{"@id":"https:\/\/www.strassenweb.de\/nachrichten\/die-urbane-kollektion-von-kelly-clarkson-zelebriert-alle-grundlegenden-elemente-des-nyc-designs-und-ist-jetzt-fuer-den-way-day-reduziert\/#primaryimage"},"thumbnailUrl":"https:\/\/www.strassenweb.de\/nachrichten\/wp-content\/uploads\/2024\/10\/Die-urbane-Kollektion-von-Kelly-Clarkson-zelebriert-alle-grundlegenden-Elemente.jpg","datePublished":"2024-10-05T18:40:12+00:00","dateModified":"2024-10-05T18:40:13+00:00","breadcrumb":{"@id":"https:\/\/www.strassenweb.de\/nachrichten\/die-urbane-kollektion-von-kelly-clarkson-zelebriert-alle-grundlegenden-elemente-des-nyc-designs-und-ist-jetzt-fuer-den-way-day-reduziert\/#breadcrumb"},"inLanguage":"de","potentialAction":[{"@type":"ReadAction","target":["https:\/\/www.strassenweb.de\/nachrichten\/die-urbane-kollektion-von-kelly-clarkson-zelebriert-alle-grundlegenden-elemente-des-nyc-designs-und-ist-jetzt-fuer-den-way-day-reduziert\/"]}]},{"@type":"ImageObject","inLanguage":"de","@id":"https:\/\/www.strassenweb.de\/nachrichten\/die-urbane-kollektion-von-kelly-clarkson-zelebriert-alle-grundlegenden-elemente-des-nyc-designs-und-ist-jetzt-fuer-den-way-day-reduziert\/#primaryimage","url":"https:\/\/www.strassenweb.de\/nachrichten\/wp-content\/uploads\/2024\/10\/Die-urbane-Kollektion-von-Kelly-Clarkson-zelebriert-alle-grundlegenden-Elemente.jpg","contentUrl":"https:\/\/www.strassenweb.de\/nachrichten\/wp-content\/uploads\/2024\/10\/Die-urbane-Kollektion-von-Kelly-Clarkson-zelebriert-alle-grundlegenden-Elemente.jpg","width":1200,"height":675,"caption":"Die urbane Kollektion von Kelly Clarkson zelebriert alle grundlegenden Elemente des NYC-Designs \u2013 und ist jetzt f\u00fcr den Way Day reduziert"},{"@type":"BreadcrumbList","@id":"https:\/\/www.strassenweb.de\/nachrichten\/die-urbane-kollektion-von-kelly-clarkson-zelebriert-alle-grundlegenden-elemente-des-nyc-designs-und-ist-jetzt-fuer-den-way-day-reduziert\/#breadcrumb","itemListElement":[{"@type":"ListItem","position":1,"name":"Home","item":"https:\/\/www.strassenweb.de\/nachrichten\/"},{"@type":"ListItem","position":2,"name":"Die urbane Kollektion von Kelly Clarkson zelebriert alle grundlegenden Elemente des NYC-Designs \u2013 und ist jetzt f\u00fcr den Way Day reduziert"}]},{"@type":"WebSite","@id":"https:\/\/www.strassenweb.de\/nachrichten\/#website","url":"https:\/\/www.strassenweb.de\/nachrichten\/","name":"Stra\u00dfenweb","description":"Stra\u00dfenverzeichnis f\u00fcr Deutschland","publisher":{"@id":"https:\/\/www.strassenweb.de\/nachrichten\/#organization"},"potentialAction":[{"@type":"SearchAction","target":{"@type":"EntryPoint","urlTemplate":"https:\/\/www.strassenweb.de\/nachrichten\/?s={search_term_string}"},"query-input":{"@type":"PropertyValueSpecification","valueRequired":true,"valueName":"search_term_string"}}],"inLanguage":"de"},{"@type":"Organization","@id":"https:\/\/www.strassenweb.de\/nachrichten\/#organization","name":"Stra\u00dfenweb","url":"https:\/\/www.strassenweb.de\/nachrichten\/","logo":{"@type":"ImageObject","inLanguage":"de","@id":"https:\/\/www.strassenweb.de\/nachrichten\/#\/schema\/logo\/image\/","url":"https:\/\/www.strassenweb.de\/nachrichten\/wp-content\/uploads\/2024\/09\/cropped-favicon.png","contentUrl":"https:\/\/www.strassenweb.de\/nachrichten\/wp-content\/uploads\/2024\/09\/cropped-favicon.png","width":512,"height":512,"caption":"Stra\u00dfenweb"},"image":{"@id":"https:\/\/www.strassenweb.de\/nachrichten\/#\/schema\/logo\/image\/"},"sameAs":["https:\/\/www.facebook.com\/strassenweb\/"]},{"@type":"Person","@id":"https:\/\/www.strassenweb.de\/nachrichten\/#\/schema\/person\/87c9c9067f1211da429a744dc5a5aa41","name":"Robert Hoffmann","image":{"@type":"ImageObject","inLanguage":"de","@id":"https:\/\/www.strassenweb.de\/nachrichten\/wp-content\/uploads\/2024\/09\/strassenweb-150x150.jpg","url":"https:\/\/www.strassenweb.de\/nachrichten\/wp-content\/uploads\/2024\/09\/strassenweb-150x150.jpg","contentUrl":"https:\/\/www.strassenweb.de\/nachrichten\/wp-content\/uploads\/2024\/09\/strassenweb-150x150.jpg","caption":"Robert Hoffmann"},"description":"Ich hei\u00dfe Robert Hoffmann und ich bin ein leidenschaftlicher Verfechter von \u00d6kologie und Biodiversit\u00e4t. Seit meiner Kindheit in den W\u00e4ldern Bayerns f\u00fchle ich mich mit der Natur verbunden und bin entschlossen, sie zu sch\u00fctzen. Heute widme ich mein Leben der Sensibilisierung anderer f\u00fcr die Bedeutung des Umweltschutzes f\u00fcr zuk\u00fcnftige Generationen.","sameAs":["https:\/\/www.strassenweb.de\/"]}]}},"_links":{"self":[{"href":"https:\/\/www.strassenweb.de\/nachrichten\/wp-json\/wp\/v2\/posts\/637","targetHints":{"allow":["GET"]}}],"collection":[{"href":"https:\/\/www.strassenweb.de\/nachrichten\/wp-json\/wp\/v2\/posts"}],"about":[{"href":"https:\/\/www.strassenweb.de\/nachrichten\/wp-json\/wp\/v2\/types\/post"}],"author":[{"embeddable":true,"href":"https:\/\/www.strassenweb.de\/nachrichten\/wp-json\/wp\/v2\/users\/1"}],"replies":[{"embeddable":true,"href":"https:\/\/www.strassenweb.de\/nachrichten\/wp-json\/wp\/v2\/comments?post=637"}],"version-history":[{"count":0,"href":"https:\/\/www.strassenweb.de\/nachrichten\/wp-json\/wp\/v2\/posts\/637\/revisions"}],"wp:featuredmedia":[{"embeddable":true,"href":"https:\/\/www.strassenweb.de\/nachrichten\/wp-json\/wp\/v2\/media\/638"}],"wp:attachment":[{"href":"https:\/\/www.strassenweb.de\/nachrichten\/wp-json\/wp\/v2\/media?parent=637"}],"wp:term":[{"taxonomy":"category","embeddable":true,"href":"https:\/\/www.strassenweb.de\/nachrichten\/wp-json\/wp\/v2\/categories?post=637"},{"taxonomy":"post_tag","embeddable":true,"href":"https:\/\/www.strassenweb.de\/nachrichten\/wp-json\/wp\/v2\/tags?post=637"}],"curies":[{"name":"wp","href":"https:\/\/api.w.org\/{rel}","templated":true}]}}