{"id":6351,"date":"2025-07-20T09:39:24","date_gmt":"2025-07-20T07:39:24","guid":{"rendered":"https:\/\/www.strassenweb.de\/nachrichten\/ich-habe-gerade-herausgefunden-wie-vielseitig-dieser-ladenschrankartikel-fuer-das-sommer-hosting-ist-weck-glaeser-sind-mein-lieblings-hack-fuer-die-saison\/"},"modified":"2025-07-20T09:39:25","modified_gmt":"2025-07-20T07:39:25","slug":"ich-habe-gerade-herausgefunden-wie-vielseitig-dieser-ladenschrankartikel-fuer-das-sommer-hosting-ist-weck-glaeser-sind-mein-lieblings-hack-fuer-die-saison","status":"publish","type":"post","link":"https:\/\/www.strassenweb.de\/nachrichten\/ich-habe-gerade-herausgefunden-wie-vielseitig-dieser-ladenschrankartikel-fuer-das-sommer-hosting-ist-weck-glaeser-sind-mein-lieblings-hack-fuer-die-saison\/","title":{"rendered":"Ich habe gerade herausgefunden, wie vielseitig dieser Ladenschrankartikel f\u00fcr das Sommer -Hosting ist &#8211; Weck Gl\u00e4ser sind mein Lieblings -Hack f\u00fcr die Saison"},"content":{"rendered":"<div id=\"article-body\" class=\"article__body \">\n<p>Bis vor kurzem z\u00e4hlte ich auf Weck -Gl\u00e4ser, um zwei Dinge und zwei Dinge zu speichern: Konserven und \u00dcbernachtungspunkte. (Ich f\u00fchle mich unbestreitbar organisiert, wenn ich den Tag mit einem perfekt vorgeschriebenen Fr\u00fchst\u00fcck beginnen kann.)<\/p>\n<div id=\"ad-unit-1\" class=\"ad-unit\"><\/div>\n<p>Aber was ich nicht in Betracht gezogen hatte, war, dass die Weck -Gl\u00e4ser weit mehr als das Innere des K\u00fchlschranks bestimmt sind. Tats\u00e4chlich k\u00f6nnten sie meine neue Geheimwaffe sein, wenn es um Sommer -Tischdekorideen geht.<\/p>\n<aside data-block-type=\"embed\" data-render-type=\"fte\" data-skip=\"dealsy\" data-widget-type=\"seasonal\" class=\"hawk-base\"><\/aside>\n<p>Eine Suche auf Pinterest und Instagram ist auf alle m\u00f6glichen Hacks aufgetaucht, um Weckgl\u00e4ser auf unterschiedliche Weise zu verwenden, von Kerzenlaternen und Knospenvasen bis hin zu Cocktailgl\u00e4ser und Gew\u00fcrzbeh\u00e4ltern. Sogar die Promis sind an Bord &#8211; Reese Witherspoon und Gwyneth Paltrow sind beide Fans des Jar -Hacks. Hier sind einige meiner Favoriten, die ich den ganzen Sommer \u00fcber verwenden werde.<\/p>\n<div class=\"van_vid_carousel\">\n<div class=\"van_vid_carousel__padding\">\n<div class=\"van_vid_carousel__container\"><\/div>\n<\/div>\n<\/div>\n<aside data-component-name=\"Recirculation:ArticleRiver\" data-nosnippet class=\"pt-3 pb-4 mb-4 border-b border-solid border-(#333)\">\n<span class=\"\nafter:content-('') after:flex-1 after:ml-4 after:my-(0.7rem) after:border-t-(#333) after:border-t after:border-solid\nbefore:content-('') before:flex-1 before:mr-4 before:my-(0.7rem) before:border-t-(#333) before:border-t before:border-solid\nfont-article-heading pb-3 !text-base font-bold uppercase sm:text-sm text-(#333) flex\"><\/p>\n<p>Sie m\u00f6gen m\u00f6gen<br \/>\n<\/span><\/p>\n<ul class=\"flex flex-col gap-3 m-0\">\n<li class=\"m-0 list-none\" name=\"recirculation-inline\" data-analytics-id=\"recirculation-inline-1\" analytics-label=\"adviser:related\">\n<picture data-new-v2-image=\"true\" class=\"w-(--article-river-thumbnail-width,60px) flex-shrink-0\"><source type=\"image\/webp\"  ><\/source><\/p>\n<\/picture>\n<span class=\"hover:text-inherit font-article-heading text-base text-(#333) leading-5 content-center\">Ich habe gerade den ultimativen Hack entdeckt, um Essen und Getr\u00e4nke in diesem 4. Juli und dar\u00fcber hinaus k\u00fchl zu halten<\/span><\/p>\n<\/li>\n<li class=\"m-0 list-none\" name=\"recirculation-inline\" data-analytics-id=\"recirculation-inline-2\" analytics-label=\"adviser:related\">\n<picture data-new-v2-image=\"true\" class=\"w-(--article-river-thumbnail-width,60px) flex-shrink-0\"><source type=\"image\/webp\"  ><\/source><br \/>\n<img decoding=\"async\" alt=\"K\u00fcche der Mitte des Jahrhunderts mit Terrazzo Splash Back and Range Cooker\"   loading=\"lazy\" data-new-v2-image=\"true\" src=\"https:\/\/www.strassenweb.de\/nachrichten\/wp-content\/uploads\/2025\/07\/CiQZLXCWgkBjQVsUyGvexb.jpg\" data-pin-media=\"https:\/\/www.strassenweb.de\/nachrichten\/wp-content\/uploads\/2025\/07\/CiQZLXCWgkBjQVsUyGvexb.jpg\" data-pin-nopin=\"true\" class=\"aspect-(--img-listing-aspect-ratio,16\/9) object-cover w-(--article-river-thumbnail-width,60px) flex-shrink-0\">\n<\/picture>\n<span class=\"hover:text-inherit font-article-heading text-base text-(#333) leading-5 content-center\">Die stilvolle, nachhaltige und kostenlose Art und Weise, wie ich meine winzige Vorratsspeicherung f\u00fcr maximale Organisation in 10 Minuten ver\u00e4ndert habe <\/span><\/p>\n<\/li>\n<li class=\"m-0 list-none\" name=\"recirculation-inline\" data-analytics-id=\"recirculation-inline-3\" analytics-label=\"adviser:related\">\n<picture data-new-v2-image=\"true\" class=\"w-(--article-river-thumbnail-width,60px) flex-shrink-0\"><source type=\"image\/webp\"  ><\/source><br \/>\n<img decoding=\"async\" alt=\"Offene Kiefernregale im modernen K\u00fcchenbereich mit Zubeh\u00f6r und Tabellengeschirr\"   loading=\"lazy\" data-new-v2-image=\"true\" src=\"https:\/\/www.strassenweb.de\/nachrichten\/wp-content\/uploads\/2025\/07\/HhmXE73wTbH84r73R8XgVK.png\" data-pin-media=\"https:\/\/www.strassenweb.de\/nachrichten\/wp-content\/uploads\/2025\/07\/HhmXE73wTbH84r73R8XgVK.png\" data-pin-nopin=\"true\" class=\"aspect-(--img-listing-aspect-ratio,16\/9) object-cover w-(--article-river-thumbnail-width,60px) flex-shrink-0\">\n<\/picture>\n<span class=\"hover:text-inherit font-article-heading text-base text-(#333) leading-5 content-center\">Ich habe offene K\u00fcchenregale und keine Geduld f\u00fcr h\u00e4ssliche Lagerung &#8211; dies sind die einzigen Lagerbeh\u00e4lter, mit denen ich den modernen rustikalen Reiz meiner K\u00fcche beibeh\u00e4lt<\/span><\/p>\n<\/li>\n<\/ul>\n<\/aside>\n<h2 id=\"five-ways-to-use-weck-jars-3\">F\u00fcnf M\u00f6glichkeiten, um Weckgl\u00e4ser zu verwenden<\/h2>\n<p>Einen Sommersalat vorbereiten? Cocktails servieren? Daf\u00fcr gibt es ein Weck. Die vertrauensw\u00fcrdige Glaswaren sind m\u00f6glicherweise ein Grundnahrungsmittel f\u00fcr Lebensmittel, aber es ist genauso hilfreich, wenn es um das Hosting geht.<\/p>\n<div id=\"ad-unit-2\" class=\"ad-unit\"><\/div>\n<h2 id=\"1-use-weck-jars-as-cocktail-glasses-3\">1. Verwenden Sie Weck Gl\u00e4ser als Cocktailbrille<\/h2>\n<figure class=\"van-image-figure inline-layout \" data-bordeaux-image-check>\n<div class=\"image-full-width-wrapper\">\n<div class=\"image-widthsetter\" style=\"max-width:2000px;\"><\/div>\n<\/div>\n<\/figure>\n<p>Wenn Sie Sommercocktails herstellen und sich fragen, welches Glas Sie verwenden sollen, legen Sie die schicken Glaswaren beiseite und greifen nach Ihren Weck -Gl\u00e4ser &#8211; schlie\u00dfen Sie die perfekte Balance zwischen rustikal und funktional.<\/p>\n<p>&#8222;Ich liebe es, meine Getr\u00e4nke in Gl\u00e4ser zu machen &#8211; ich habe mit meinen Eiskaffee und Matchas angefangen, weil ich sie sch\u00fctteln konnte, um die Milch und das Eis zu mischen&#8220;, sagt Hebe Hatton, unser Kopf der Innenr\u00e4ume. &#8222;Ich mag am Morgen ein etwas gr\u00f6\u00dferes Glas f\u00fcr meine Getr\u00e4nke und ich habe einige der k\u00fcrzeren Designs f\u00fcr meine typischen Negronis in diesem Sommer verwendet.&#8220;<\/p>\n<p>Gro\u00df genug, um viel Fl\u00fcssigkeit zu halten, und die perfekte Form, um alle auff\u00e4lligen Garnierungen zu zeigen, sind die Weck Gl\u00e4ser als brillante Cocktailbrille dienen. Sie k\u00f6nnen auch die gr\u00f6\u00dferen Versionen verwenden, um Ihre Zutaten aufzur\u00e4umen-und nat\u00fcrlich erm\u00f6glichen Sie mit den lecksicheren Deckeln Getr\u00e4nke der einzigartig tragbaren Sorte. &#8222;Ich habe gr\u00f6\u00dfere Weck -Gl\u00e4ser benutzt, um Cocktails zu machen, die ich zu Parteien nehme&#8220;, sagt Hebe. &#8222;Es bedeutet, dass Sie auch bei Ihrer Ankunft Eis und Garniten hinzuf\u00fcgen k\u00f6nnen.&#8220;<\/p>\n<h2 id=\"2-display-flowers-in-weck-jars-3\">2. Zeigen Sie Blumen in Weck Gl\u00e4ser aus<\/h2>\n<figure class=\"van-image-figure inline-layout \" data-bordeaux-image-check>\n<div class=\"image-full-width-wrapper\">\n<div class=\"image-widthsetter\" style=\"max-width:2000px;\"><\/div>\n<\/div>\n<\/figure>\n<p>Ich liebe es, eine \u00fcbergro\u00dfe oder komplizierte Vase zu verwenden, um ein Statement Summer Table Centerst\u00fcck zu erstellen, aber f\u00fcr eine Alternative mit schie\u00dferem R\u00fccken oder Ideen f\u00fcr lange Tischeinstellungen tun Weck-Gl\u00e4ser sicherlich den Trick.<\/p>\n<p>&#8222;Ich w\u00fcrde immer eine Auswahl an ziemlich gro\u00dfen, runden Bl\u00fcten entscheiden, um in diesem Sommer eine Tischanordnung in einem Weck-Glas zu erstellen&#8220;, r\u00e4t Rachel Bull, unser Kopf der G\u00e4rten. &#8222;Diese Gl\u00e4ser haben breite \u00d6ffnungen, sodass Sie gr\u00f6\u00dfere Fokusblumen ben\u00f6tigen, um den Raum zu f\u00fcllen.&#8220;<\/p>\n<p>Wenn es um die St\u00e4ngel selbst geht, dreht sich alles um Abwechslung. &#8222;Ich w\u00fcrde mich f\u00fcr eine Mischung aus Dahlien, kleinen Sonnenblumen, Zinnien, Schwarz\u00e4ugigen Susans und Zapfen entscheiden&#8220;, schl\u00e4gt Rachel vor. \u201eIch w\u00fcrde auch einige empfindliche Achillea- und Nigella -St\u00e4ngel in die Mischung machen. Dies wird den Look erweichen und ein wenig H\u00f6he und ein meadow\u00e4hnlicheres, gerechtes Gef\u00fchl verleihen. &#8218;<\/p>\n<h2 id=\"3-switch-lanterns-for-weck-jars-3\">3. Laternen f\u00fcr Weck -Gl\u00e4ser wechseln<\/h2>\n<figure class=\"van-image-figure inline-layout \" data-bordeaux-image-check>\n<div class=\"image-full-width-wrapper\">\n<div class=\"image-widthsetter\" style=\"max-width:2000px;\"><\/div>\n<\/div>\n<\/figure>\n<p>Wenn Sie auf der Suche nach Ideen f\u00fcr Outdoor -Kerzen, um Ihre Sommertischscapes zu vervollst\u00e4ndigen, k\u00f6nnte die Weck -Gl\u00e4ser die Antwort sein. Da sie hitzebest\u00e4ndig sind, sind sie brillant, um Teelm\u00e4chte und gr\u00f6\u00dfere Kerzen zu halten-und bieten eine n\u00fctzliche Alternative zu gro\u00dfen Laternen und Hurrikangl\u00e4ser, insbesondere wenn Sie Tischraum sparen m\u00f6chten.<\/p>\n<p>Der Schl\u00fcssel zur Erh\u00f6hung des Looks ist die Maximierung des visuellen Interesses. Versuchen Sie daher, Gl\u00e4ser in verschiedenen Formen und Gr\u00f6\u00dfen zu verwenden. Ich zeige meine gerne neben sich verj\u00fcngten Kerzen, um die H\u00f6hen \u00fcber den Tisch zu variieren.<\/p>\n<h2 id=\"4-serve-snacks-and-desserts-in-weck-jars-3\">4. Servieren Sie Snacks und Desserts in Weckgl\u00e4ser <\/h2>\n<figure class=\"van-image-figure inline-layout \" data-bordeaux-image-check>\n<div class=\"image-full-width-wrapper\">\n<div class=\"image-widthsetter\" style=\"max-width:2000px;\"><\/div>\n<\/div>\n<\/figure>\n<p>Obwohl es wahr ist, dass nichts die G\u00e4ste f\u00fcr die Abendessen beeindruckt, bin ich fest davon \u00fcberzeugt, dass eine erfinderische oder besonders kluge Verwendung von Tabellengeschirr nie unbemerkt bleibt &#8211; und was ist charmanter, als Ihre Vorspeisen, Snacks oder Desserts in einem Glas zu dienen? Ein kurzer Sommer-Berry-Kompote oder Schokoladenmousse ist mein Sweet-Leckerbissen, wenn ich etwas Schnelles f\u00fcr eine Dinnerparty vorbereite.<\/p>\n<p>Alternativ f\u00fcllen Sie ein Weck-Glas mit Oliven oder Brotstiften f\u00fcr Pre-Dinner-Knabbereien oder bieten Sie f\u00fcr junge G\u00e4ste einige Schokoladenvergiffen oder gesunde Snacks an.<\/p>\n<h2 id=\"5-weck-jars-for-dressings-and-pickles-3\">5. Weck Gl\u00e4ser f\u00fcr Dressings und Gurken<\/h2>\n<figure class=\"van-image-figure inline-layout \" data-bordeaux-image-check>\n<div class=\"image-full-width-wrapper\">\n<div class=\"image-widthsetter\" style=\"max-width:2000px;\"><\/div>\n<\/div>\n<\/figure>\n<p>Egal, ob Sie das Dressing f\u00fcr ein Sommersalat -Rezept mischen oder eine hausgemachte Marinade f\u00fcr Barbecue -Rezepte erstellen. Weck Gl\u00e4ser sind die perfekte L\u00f6sung. Sie werden Ihren K\u00fchlschrank dank der luftdichten Deckel nicht riechen, und Sie k\u00f6nnen sie buchst\u00e4blich direkt auf den Tisch legen, wenn Sie bereit sind zu dienen. Warum nicht andere Saucen wie Ketchup und Mayo f\u00fcr einen erh\u00f6hten Look in sie dekantieren?<\/p>\n<p>Sie sind auch ideal f\u00fcr Ihre eigenen Gurkenrezepte und k\u00f6nnen auf einem Sommertisch auch sehr h\u00fcbsch aussehen, um direkt auf Ihren Teller zu servieren.<\/p>\n<h2 id=\"shop-the-essentials-3\">Kaufen Sie das N\u00f6tigste ein <\/h2>\n<div class=\"product-container hero-product-container product-block-no-wrap\">\n<div class=\"product-block-row\"><\/div>\n<div class=\"product-block-row\"><\/div>\n<div class=\"product-block-row\"><\/div>\n<\/div>\n<hr>\n<p>Da haben Sie es: Das bescheidene Weck -Glas ist ein Hosting -Held. Ich werde meine benutzen, um k\u00fchl zu bleiben und meine geschlagene Limonade aufzusetzen.<\/p>\n<\/div>\n","protected":false},"excerpt":{"rendered":"<p>Bis vor kurzem z\u00e4hlte ich auf Weck -Gl\u00e4ser, um zwei Dinge und zwei Dinge zu speichern: Konserven und \u00dcbernachtungspunkte. (Ich f\u00fchle mich unbestreitbar organisiert, wenn<\/p>\n","protected":false},"author":1,"featured_media":6352,"comment_status":"closed","ping_status":"","sticky":false,"template":"","format":"standard","meta":{"footnotes":""},"categories":[118],"tags":[112,9,1554,55,495,4429,823,5433,8743,3829,129,15,8744,6074,778,2292,58,385,3826,8745,26],"class_list":["post-6351","post","type-post","status-publish","format-standard","has-post-thumbnail","hentry","category-haus-garten","tag-das","tag-die","tag-dieser","tag-fuer","tag-gerade","tag-glaeser","tag-habe","tag-hack","tag-herausgefunden","tag-hosting","tag-ich","tag-ist","tag-ladenschrankartikel","tag-lieblings","tag-mein","tag-saison","tag-sind","tag-sommer","tag-vielseitig","tag-weck","tag-wie","generate-columns","tablet-grid-50","mobile-grid-100","grid-parent","grid-50"],"yoast_head":"<!-- This site is optimized with the Yoast SEO plugin v27.3 - https:\/\/yoast.com\/product\/yoast-seo-wordpress\/ -->\n<title>Ich habe gerade herausgefunden, wie vielseitig dieser Ladenschrankartikel f\u00fcr das Sommer -Hosting ist - Weck Gl\u00e4ser sind mein Lieblings -Hack f\u00fcr die Saison - Nachrichten - Stra\u00dfenweb<\/title>\n<meta name=\"robots\" content=\"index, follow, max-snippet:-1, max-image-preview:large, max-video-preview:-1\" \/>\n<link rel=\"canonical\" href=\"https:\/\/www.strassenweb.de\/nachrichten\/ich-habe-gerade-herausgefunden-wie-vielseitig-dieser-ladenschrankartikel-fuer-das-sommer-hosting-ist-weck-glaeser-sind-mein-lieblings-hack-fuer-die-saison\/\" \/>\n<meta property=\"og:locale\" content=\"de_DE\" \/>\n<meta property=\"og:type\" content=\"article\" \/>\n<meta property=\"og:title\" content=\"Ich habe gerade herausgefunden, wie vielseitig dieser Ladenschrankartikel f\u00fcr das Sommer -Hosting ist - Weck Gl\u00e4ser sind mein Lieblings -Hack f\u00fcr die Saison - Nachrichten - Stra\u00dfenweb\" \/>\n<meta property=\"og:description\" content=\"Bis vor kurzem z\u00e4hlte ich auf Weck -Gl\u00e4ser, um zwei Dinge und zwei Dinge zu speichern: Konserven und \u00dcbernachtungspunkte. (Ich f\u00fchle mich unbestreitbar organisiert, wenn\" \/>\n<meta property=\"og:url\" content=\"https:\/\/www.strassenweb.de\/nachrichten\/ich-habe-gerade-herausgefunden-wie-vielseitig-dieser-ladenschrankartikel-fuer-das-sommer-hosting-ist-weck-glaeser-sind-mein-lieblings-hack-fuer-die-saison\/\" \/>\n<meta property=\"og:site_name\" content=\"Stra\u00dfenweb\" \/>\n<meta property=\"article:publisher\" content=\"https:\/\/www.facebook.com\/strassenweb\/\" \/>\n<meta property=\"article:published_time\" content=\"2025-07-20T07:39:24+00:00\" \/>\n<meta property=\"article:modified_time\" content=\"2025-07-20T07:39:25+00:00\" \/>\n<meta property=\"og:image\" content=\"https:\/\/www.strassenweb.de\/nachrichten\/wp-content\/uploads\/2025\/07\/Ich-habe-gerade-herausgefunden-wie-vielseitig-dieser-Ladenschrankartikel-fuer-das.jpg\" \/>\n\t<meta property=\"og:image:width\" content=\"1600\" \/>\n\t<meta property=\"og:image:height\" content=\"900\" \/>\n\t<meta property=\"og:image:type\" content=\"image\/jpeg\" \/>\n<meta name=\"author\" content=\"Robert Hoffmann\" \/>\n<meta name=\"twitter:card\" content=\"summary_large_image\" \/>\n<meta name=\"twitter:label1\" content=\"Verfasst von\" \/>\n\t<meta name=\"twitter:data1\" content=\"Robert Hoffmann\" \/>\n\t<meta name=\"twitter:label2\" content=\"Gesch\u00e4tzte Lesezeit\" \/>\n\t<meta name=\"twitter:data2\" content=\"5\u00a0Minuten\" \/>\n<script type=\"application\/ld+json\" class=\"yoast-schema-graph\">{\"@context\":\"https:\\\/\\\/schema.org\",\"@graph\":[{\"@type\":\"Article\",\"@id\":\"https:\\\/\\\/www.strassenweb.de\\\/nachrichten\\\/ich-habe-gerade-herausgefunden-wie-vielseitig-dieser-ladenschrankartikel-fuer-das-sommer-hosting-ist-weck-glaeser-sind-mein-lieblings-hack-fuer-die-saison\\\/#article\",\"isPartOf\":{\"@id\":\"https:\\\/\\\/www.strassenweb.de\\\/nachrichten\\\/ich-habe-gerade-herausgefunden-wie-vielseitig-dieser-ladenschrankartikel-fuer-das-sommer-hosting-ist-weck-glaeser-sind-mein-lieblings-hack-fuer-die-saison\\\/\"},\"author\":{\"name\":\"Robert Hoffmann\",\"@id\":\"https:\\\/\\\/www.strassenweb.de\\\/nachrichten\\\/#\\\/schema\\\/person\\\/87c9c9067f1211da429a744dc5a5aa41\"},\"headline\":\"Ich habe gerade herausgefunden, wie vielseitig dieser Ladenschrankartikel f\u00fcr das Sommer -Hosting ist &#8211; Weck Gl\u00e4ser sind mein Lieblings -Hack f\u00fcr die Saison\",\"datePublished\":\"2025-07-20T07:39:24+00:00\",\"dateModified\":\"2025-07-20T07:39:25+00:00\",\"mainEntityOfPage\":{\"@id\":\"https:\\\/\\\/www.strassenweb.de\\\/nachrichten\\\/ich-habe-gerade-herausgefunden-wie-vielseitig-dieser-ladenschrankartikel-fuer-das-sommer-hosting-ist-weck-glaeser-sind-mein-lieblings-hack-fuer-die-saison\\\/\"},\"wordCount\":1028,\"publisher\":{\"@id\":\"https:\\\/\\\/www.strassenweb.de\\\/nachrichten\\\/#organization\"},\"image\":{\"@id\":\"https:\\\/\\\/www.strassenweb.de\\\/nachrichten\\\/ich-habe-gerade-herausgefunden-wie-vielseitig-dieser-ladenschrankartikel-fuer-das-sommer-hosting-ist-weck-glaeser-sind-mein-lieblings-hack-fuer-die-saison\\\/#primaryimage\"},\"thumbnailUrl\":\"https:\\\/\\\/www.strassenweb.de\\\/nachrichten\\\/wp-content\\\/uploads\\\/2025\\\/07\\\/Ich-habe-gerade-herausgefunden-wie-vielseitig-dieser-Ladenschrankartikel-fuer-das.jpg\",\"keywords\":[\"das\",\"die\",\"dieser\",\"f\u00fcr\",\"gerade\",\"Gl\u00e4ser\",\"habe\",\"Hack\",\"herausgefunden\",\"Hosting\",\"ich\",\"ist\",\"Ladenschrankartikel\",\"Lieblings\",\"mein\",\"Saison\",\"sind\",\"Sommer\",\"vielseitig\",\"Weck\",\"Wie\"],\"articleSection\":[\"Haus &amp; Garten\"],\"inLanguage\":\"de\"},{\"@type\":\"WebPage\",\"@id\":\"https:\\\/\\\/www.strassenweb.de\\\/nachrichten\\\/ich-habe-gerade-herausgefunden-wie-vielseitig-dieser-ladenschrankartikel-fuer-das-sommer-hosting-ist-weck-glaeser-sind-mein-lieblings-hack-fuer-die-saison\\\/\",\"url\":\"https:\\\/\\\/www.strassenweb.de\\\/nachrichten\\\/ich-habe-gerade-herausgefunden-wie-vielseitig-dieser-ladenschrankartikel-fuer-das-sommer-hosting-ist-weck-glaeser-sind-mein-lieblings-hack-fuer-die-saison\\\/\",\"name\":\"Ich habe gerade herausgefunden, wie vielseitig dieser Ladenschrankartikel f\u00fcr das Sommer -Hosting ist - Weck Gl\u00e4ser sind mein Lieblings -Hack f\u00fcr die Saison - Nachrichten - Stra\u00dfenweb\",\"isPartOf\":{\"@id\":\"https:\\\/\\\/www.strassenweb.de\\\/nachrichten\\\/#website\"},\"primaryImageOfPage\":{\"@id\":\"https:\\\/\\\/www.strassenweb.de\\\/nachrichten\\\/ich-habe-gerade-herausgefunden-wie-vielseitig-dieser-ladenschrankartikel-fuer-das-sommer-hosting-ist-weck-glaeser-sind-mein-lieblings-hack-fuer-die-saison\\\/#primaryimage\"},\"image\":{\"@id\":\"https:\\\/\\\/www.strassenweb.de\\\/nachrichten\\\/ich-habe-gerade-herausgefunden-wie-vielseitig-dieser-ladenschrankartikel-fuer-das-sommer-hosting-ist-weck-glaeser-sind-mein-lieblings-hack-fuer-die-saison\\\/#primaryimage\"},\"thumbnailUrl\":\"https:\\\/\\\/www.strassenweb.de\\\/nachrichten\\\/wp-content\\\/uploads\\\/2025\\\/07\\\/Ich-habe-gerade-herausgefunden-wie-vielseitig-dieser-Ladenschrankartikel-fuer-das.jpg\",\"datePublished\":\"2025-07-20T07:39:24+00:00\",\"dateModified\":\"2025-07-20T07:39:25+00:00\",\"breadcrumb\":{\"@id\":\"https:\\\/\\\/www.strassenweb.de\\\/nachrichten\\\/ich-habe-gerade-herausgefunden-wie-vielseitig-dieser-ladenschrankartikel-fuer-das-sommer-hosting-ist-weck-glaeser-sind-mein-lieblings-hack-fuer-die-saison\\\/#breadcrumb\"},\"inLanguage\":\"de\",\"potentialAction\":[{\"@type\":\"ReadAction\",\"target\":[\"https:\\\/\\\/www.strassenweb.de\\\/nachrichten\\\/ich-habe-gerade-herausgefunden-wie-vielseitig-dieser-ladenschrankartikel-fuer-das-sommer-hosting-ist-weck-glaeser-sind-mein-lieblings-hack-fuer-die-saison\\\/\"]}]},{\"@type\":\"ImageObject\",\"inLanguage\":\"de\",\"@id\":\"https:\\\/\\\/www.strassenweb.de\\\/nachrichten\\\/ich-habe-gerade-herausgefunden-wie-vielseitig-dieser-ladenschrankartikel-fuer-das-sommer-hosting-ist-weck-glaeser-sind-mein-lieblings-hack-fuer-die-saison\\\/#primaryimage\",\"url\":\"https:\\\/\\\/www.strassenweb.de\\\/nachrichten\\\/wp-content\\\/uploads\\\/2025\\\/07\\\/Ich-habe-gerade-herausgefunden-wie-vielseitig-dieser-Ladenschrankartikel-fuer-das.jpg\",\"contentUrl\":\"https:\\\/\\\/www.strassenweb.de\\\/nachrichten\\\/wp-content\\\/uploads\\\/2025\\\/07\\\/Ich-habe-gerade-herausgefunden-wie-vielseitig-dieser-Ladenschrankartikel-fuer-das.jpg\",\"width\":1600,\"height\":900,\"caption\":\"Mason jars with pickles in on a rustic table surrounded by greenery\"},{\"@type\":\"BreadcrumbList\",\"@id\":\"https:\\\/\\\/www.strassenweb.de\\\/nachrichten\\\/ich-habe-gerade-herausgefunden-wie-vielseitig-dieser-ladenschrankartikel-fuer-das-sommer-hosting-ist-weck-glaeser-sind-mein-lieblings-hack-fuer-die-saison\\\/#breadcrumb\",\"itemListElement\":[{\"@type\":\"ListItem\",\"position\":1,\"name\":\"Home\",\"item\":\"https:\\\/\\\/www.strassenweb.de\\\/nachrichten\\\/\"},{\"@type\":\"ListItem\",\"position\":2,\"name\":\"Ich habe gerade herausgefunden, wie vielseitig dieser Ladenschrankartikel f\u00fcr das Sommer -Hosting ist &#8211; Weck Gl\u00e4ser sind mein Lieblings -Hack f\u00fcr die Saison\"}]},{\"@type\":\"WebSite\",\"@id\":\"https:\\\/\\\/www.strassenweb.de\\\/nachrichten\\\/#website\",\"url\":\"https:\\\/\\\/www.strassenweb.de\\\/nachrichten\\\/\",\"name\":\"Stra\u00dfenweb\",\"description\":\"Stra\u00dfenverzeichnis f\u00fcr Deutschland\",\"publisher\":{\"@id\":\"https:\\\/\\\/www.strassenweb.de\\\/nachrichten\\\/#organization\"},\"potentialAction\":[{\"@type\":\"SearchAction\",\"target\":{\"@type\":\"EntryPoint\",\"urlTemplate\":\"https:\\\/\\\/www.strassenweb.de\\\/nachrichten\\\/?s={search_term_string}\"},\"query-input\":{\"@type\":\"PropertyValueSpecification\",\"valueRequired\":true,\"valueName\":\"search_term_string\"}}],\"inLanguage\":\"de\"},{\"@type\":\"Organization\",\"@id\":\"https:\\\/\\\/www.strassenweb.de\\\/nachrichten\\\/#organization\",\"name\":\"Stra\u00dfenweb\",\"url\":\"https:\\\/\\\/www.strassenweb.de\\\/nachrichten\\\/\",\"logo\":{\"@type\":\"ImageObject\",\"inLanguage\":\"de\",\"@id\":\"https:\\\/\\\/www.strassenweb.de\\\/nachrichten\\\/#\\\/schema\\\/logo\\\/image\\\/\",\"url\":\"https:\\\/\\\/www.strassenweb.de\\\/nachrichten\\\/wp-content\\\/uploads\\\/2024\\\/09\\\/cropped-favicon.png\",\"contentUrl\":\"https:\\\/\\\/www.strassenweb.de\\\/nachrichten\\\/wp-content\\\/uploads\\\/2024\\\/09\\\/cropped-favicon.png\",\"width\":512,\"height\":512,\"caption\":\"Stra\u00dfenweb\"},\"image\":{\"@id\":\"https:\\\/\\\/www.strassenweb.de\\\/nachrichten\\\/#\\\/schema\\\/logo\\\/image\\\/\"},\"sameAs\":[\"https:\\\/\\\/www.facebook.com\\\/strassenweb\\\/\"]},{\"@type\":\"Person\",\"@id\":\"https:\\\/\\\/www.strassenweb.de\\\/nachrichten\\\/#\\\/schema\\\/person\\\/87c9c9067f1211da429a744dc5a5aa41\",\"name\":\"Robert Hoffmann\",\"image\":{\"@type\":\"ImageObject\",\"inLanguage\":\"de\",\"@id\":\"https:\\\/\\\/www.strassenweb.de\\\/nachrichten\\\/wp-content\\\/uploads\\\/2024\\\/09\\\/strassenweb-150x150.jpg\",\"url\":\"https:\\\/\\\/www.strassenweb.de\\\/nachrichten\\\/wp-content\\\/uploads\\\/2024\\\/09\\\/strassenweb-150x150.jpg\",\"contentUrl\":\"https:\\\/\\\/www.strassenweb.de\\\/nachrichten\\\/wp-content\\\/uploads\\\/2024\\\/09\\\/strassenweb-150x150.jpg\",\"caption\":\"Robert Hoffmann\"},\"description\":\"Ich hei\u00dfe Robert Hoffmann und ich bin ein leidenschaftlicher Verfechter von \u00d6kologie und Biodiversit\u00e4t. Seit meiner Kindheit in den W\u00e4ldern Bayerns f\u00fchle ich mich mit der Natur verbunden und bin entschlossen, sie zu sch\u00fctzen. Heute widme ich mein Leben der Sensibilisierung anderer f\u00fcr die Bedeutung des Umweltschutzes f\u00fcr zuk\u00fcnftige Generationen.\",\"sameAs\":[\"https:\\\/\\\/www.strassenweb.de\\\/\"]}]}<\/script>\n<!-- \/ Yoast SEO plugin. -->","yoast_head_json":{"title":"Ich habe gerade herausgefunden, wie vielseitig dieser Ladenschrankartikel f\u00fcr das Sommer -Hosting ist - Weck Gl\u00e4ser sind mein Lieblings -Hack f\u00fcr die Saison - Nachrichten - Stra\u00dfenweb","robots":{"index":"index","follow":"follow","max-snippet":"max-snippet:-1","max-image-preview":"max-image-preview:large","max-video-preview":"max-video-preview:-1"},"canonical":"https:\/\/www.strassenweb.de\/nachrichten\/ich-habe-gerade-herausgefunden-wie-vielseitig-dieser-ladenschrankartikel-fuer-das-sommer-hosting-ist-weck-glaeser-sind-mein-lieblings-hack-fuer-die-saison\/","og_locale":"de_DE","og_type":"article","og_title":"Ich habe gerade herausgefunden, wie vielseitig dieser Ladenschrankartikel f\u00fcr das Sommer -Hosting ist - Weck Gl\u00e4ser sind mein Lieblings -Hack f\u00fcr die Saison - Nachrichten - Stra\u00dfenweb","og_description":"Bis vor kurzem z\u00e4hlte ich auf Weck -Gl\u00e4ser, um zwei Dinge und zwei Dinge zu speichern: Konserven und \u00dcbernachtungspunkte. (Ich f\u00fchle mich unbestreitbar organisiert, wenn","og_url":"https:\/\/www.strassenweb.de\/nachrichten\/ich-habe-gerade-herausgefunden-wie-vielseitig-dieser-ladenschrankartikel-fuer-das-sommer-hosting-ist-weck-glaeser-sind-mein-lieblings-hack-fuer-die-saison\/","og_site_name":"Stra\u00dfenweb","article_publisher":"https:\/\/www.facebook.com\/strassenweb\/","article_published_time":"2025-07-20T07:39:24+00:00","article_modified_time":"2025-07-20T07:39:25+00:00","og_image":[{"width":1600,"height":900,"url":"https:\/\/www.strassenweb.de\/nachrichten\/wp-content\/uploads\/2025\/07\/Ich-habe-gerade-herausgefunden-wie-vielseitig-dieser-Ladenschrankartikel-fuer-das.jpg","type":"image\/jpeg"}],"author":"Robert Hoffmann","twitter_card":"summary_large_image","twitter_misc":{"Verfasst von":"Robert Hoffmann","Gesch\u00e4tzte Lesezeit":"5\u00a0Minuten"},"schema":{"@context":"https:\/\/schema.org","@graph":[{"@type":"Article","@id":"https:\/\/www.strassenweb.de\/nachrichten\/ich-habe-gerade-herausgefunden-wie-vielseitig-dieser-ladenschrankartikel-fuer-das-sommer-hosting-ist-weck-glaeser-sind-mein-lieblings-hack-fuer-die-saison\/#article","isPartOf":{"@id":"https:\/\/www.strassenweb.de\/nachrichten\/ich-habe-gerade-herausgefunden-wie-vielseitig-dieser-ladenschrankartikel-fuer-das-sommer-hosting-ist-weck-glaeser-sind-mein-lieblings-hack-fuer-die-saison\/"},"author":{"name":"Robert Hoffmann","@id":"https:\/\/www.strassenweb.de\/nachrichten\/#\/schema\/person\/87c9c9067f1211da429a744dc5a5aa41"},"headline":"Ich habe gerade herausgefunden, wie vielseitig dieser Ladenschrankartikel f\u00fcr das Sommer -Hosting ist &#8211; Weck Gl\u00e4ser sind mein Lieblings -Hack f\u00fcr die Saison","datePublished":"2025-07-20T07:39:24+00:00","dateModified":"2025-07-20T07:39:25+00:00","mainEntityOfPage":{"@id":"https:\/\/www.strassenweb.de\/nachrichten\/ich-habe-gerade-herausgefunden-wie-vielseitig-dieser-ladenschrankartikel-fuer-das-sommer-hosting-ist-weck-glaeser-sind-mein-lieblings-hack-fuer-die-saison\/"},"wordCount":1028,"publisher":{"@id":"https:\/\/www.strassenweb.de\/nachrichten\/#organization"},"image":{"@id":"https:\/\/www.strassenweb.de\/nachrichten\/ich-habe-gerade-herausgefunden-wie-vielseitig-dieser-ladenschrankartikel-fuer-das-sommer-hosting-ist-weck-glaeser-sind-mein-lieblings-hack-fuer-die-saison\/#primaryimage"},"thumbnailUrl":"https:\/\/www.strassenweb.de\/nachrichten\/wp-content\/uploads\/2025\/07\/Ich-habe-gerade-herausgefunden-wie-vielseitig-dieser-Ladenschrankartikel-fuer-das.jpg","keywords":["das","die","dieser","f\u00fcr","gerade","Gl\u00e4ser","habe","Hack","herausgefunden","Hosting","ich","ist","Ladenschrankartikel","Lieblings","mein","Saison","sind","Sommer","vielseitig","Weck","Wie"],"articleSection":["Haus &amp; Garten"],"inLanguage":"de"},{"@type":"WebPage","@id":"https:\/\/www.strassenweb.de\/nachrichten\/ich-habe-gerade-herausgefunden-wie-vielseitig-dieser-ladenschrankartikel-fuer-das-sommer-hosting-ist-weck-glaeser-sind-mein-lieblings-hack-fuer-die-saison\/","url":"https:\/\/www.strassenweb.de\/nachrichten\/ich-habe-gerade-herausgefunden-wie-vielseitig-dieser-ladenschrankartikel-fuer-das-sommer-hosting-ist-weck-glaeser-sind-mein-lieblings-hack-fuer-die-saison\/","name":"Ich habe gerade herausgefunden, wie vielseitig dieser Ladenschrankartikel f\u00fcr das Sommer -Hosting ist - Weck Gl\u00e4ser sind mein Lieblings -Hack f\u00fcr die Saison - Nachrichten - Stra\u00dfenweb","isPartOf":{"@id":"https:\/\/www.strassenweb.de\/nachrichten\/#website"},"primaryImageOfPage":{"@id":"https:\/\/www.strassenweb.de\/nachrichten\/ich-habe-gerade-herausgefunden-wie-vielseitig-dieser-ladenschrankartikel-fuer-das-sommer-hosting-ist-weck-glaeser-sind-mein-lieblings-hack-fuer-die-saison\/#primaryimage"},"image":{"@id":"https:\/\/www.strassenweb.de\/nachrichten\/ich-habe-gerade-herausgefunden-wie-vielseitig-dieser-ladenschrankartikel-fuer-das-sommer-hosting-ist-weck-glaeser-sind-mein-lieblings-hack-fuer-die-saison\/#primaryimage"},"thumbnailUrl":"https:\/\/www.strassenweb.de\/nachrichten\/wp-content\/uploads\/2025\/07\/Ich-habe-gerade-herausgefunden-wie-vielseitig-dieser-Ladenschrankartikel-fuer-das.jpg","datePublished":"2025-07-20T07:39:24+00:00","dateModified":"2025-07-20T07:39:25+00:00","breadcrumb":{"@id":"https:\/\/www.strassenweb.de\/nachrichten\/ich-habe-gerade-herausgefunden-wie-vielseitig-dieser-ladenschrankartikel-fuer-das-sommer-hosting-ist-weck-glaeser-sind-mein-lieblings-hack-fuer-die-saison\/#breadcrumb"},"inLanguage":"de","potentialAction":[{"@type":"ReadAction","target":["https:\/\/www.strassenweb.de\/nachrichten\/ich-habe-gerade-herausgefunden-wie-vielseitig-dieser-ladenschrankartikel-fuer-das-sommer-hosting-ist-weck-glaeser-sind-mein-lieblings-hack-fuer-die-saison\/"]}]},{"@type":"ImageObject","inLanguage":"de","@id":"https:\/\/www.strassenweb.de\/nachrichten\/ich-habe-gerade-herausgefunden-wie-vielseitig-dieser-ladenschrankartikel-fuer-das-sommer-hosting-ist-weck-glaeser-sind-mein-lieblings-hack-fuer-die-saison\/#primaryimage","url":"https:\/\/www.strassenweb.de\/nachrichten\/wp-content\/uploads\/2025\/07\/Ich-habe-gerade-herausgefunden-wie-vielseitig-dieser-Ladenschrankartikel-fuer-das.jpg","contentUrl":"https:\/\/www.strassenweb.de\/nachrichten\/wp-content\/uploads\/2025\/07\/Ich-habe-gerade-herausgefunden-wie-vielseitig-dieser-Ladenschrankartikel-fuer-das.jpg","width":1600,"height":900,"caption":"Mason jars with pickles in on a rustic table surrounded by greenery"},{"@type":"BreadcrumbList","@id":"https:\/\/www.strassenweb.de\/nachrichten\/ich-habe-gerade-herausgefunden-wie-vielseitig-dieser-ladenschrankartikel-fuer-das-sommer-hosting-ist-weck-glaeser-sind-mein-lieblings-hack-fuer-die-saison\/#breadcrumb","itemListElement":[{"@type":"ListItem","position":1,"name":"Home","item":"https:\/\/www.strassenweb.de\/nachrichten\/"},{"@type":"ListItem","position":2,"name":"Ich habe gerade herausgefunden, wie vielseitig dieser Ladenschrankartikel f\u00fcr das Sommer -Hosting ist &#8211; Weck Gl\u00e4ser sind mein Lieblings -Hack f\u00fcr die Saison"}]},{"@type":"WebSite","@id":"https:\/\/www.strassenweb.de\/nachrichten\/#website","url":"https:\/\/www.strassenweb.de\/nachrichten\/","name":"Stra\u00dfenweb","description":"Stra\u00dfenverzeichnis f\u00fcr Deutschland","publisher":{"@id":"https:\/\/www.strassenweb.de\/nachrichten\/#organization"},"potentialAction":[{"@type":"SearchAction","target":{"@type":"EntryPoint","urlTemplate":"https:\/\/www.strassenweb.de\/nachrichten\/?s={search_term_string}"},"query-input":{"@type":"PropertyValueSpecification","valueRequired":true,"valueName":"search_term_string"}}],"inLanguage":"de"},{"@type":"Organization","@id":"https:\/\/www.strassenweb.de\/nachrichten\/#organization","name":"Stra\u00dfenweb","url":"https:\/\/www.strassenweb.de\/nachrichten\/","logo":{"@type":"ImageObject","inLanguage":"de","@id":"https:\/\/www.strassenweb.de\/nachrichten\/#\/schema\/logo\/image\/","url":"https:\/\/www.strassenweb.de\/nachrichten\/wp-content\/uploads\/2024\/09\/cropped-favicon.png","contentUrl":"https:\/\/www.strassenweb.de\/nachrichten\/wp-content\/uploads\/2024\/09\/cropped-favicon.png","width":512,"height":512,"caption":"Stra\u00dfenweb"},"image":{"@id":"https:\/\/www.strassenweb.de\/nachrichten\/#\/schema\/logo\/image\/"},"sameAs":["https:\/\/www.facebook.com\/strassenweb\/"]},{"@type":"Person","@id":"https:\/\/www.strassenweb.de\/nachrichten\/#\/schema\/person\/87c9c9067f1211da429a744dc5a5aa41","name":"Robert Hoffmann","image":{"@type":"ImageObject","inLanguage":"de","@id":"https:\/\/www.strassenweb.de\/nachrichten\/wp-content\/uploads\/2024\/09\/strassenweb-150x150.jpg","url":"https:\/\/www.strassenweb.de\/nachrichten\/wp-content\/uploads\/2024\/09\/strassenweb-150x150.jpg","contentUrl":"https:\/\/www.strassenweb.de\/nachrichten\/wp-content\/uploads\/2024\/09\/strassenweb-150x150.jpg","caption":"Robert Hoffmann"},"description":"Ich hei\u00dfe Robert Hoffmann und ich bin ein leidenschaftlicher Verfechter von \u00d6kologie und Biodiversit\u00e4t. Seit meiner Kindheit in den W\u00e4ldern Bayerns f\u00fchle ich mich mit der Natur verbunden und bin entschlossen, sie zu sch\u00fctzen. Heute widme ich mein Leben der Sensibilisierung anderer f\u00fcr die Bedeutung des Umweltschutzes f\u00fcr zuk\u00fcnftige Generationen.","sameAs":["https:\/\/www.strassenweb.de\/"]}]}},"_links":{"self":[{"href":"https:\/\/www.strassenweb.de\/nachrichten\/wp-json\/wp\/v2\/posts\/6351","targetHints":{"allow":["GET"]}}],"collection":[{"href":"https:\/\/www.strassenweb.de\/nachrichten\/wp-json\/wp\/v2\/posts"}],"about":[{"href":"https:\/\/www.strassenweb.de\/nachrichten\/wp-json\/wp\/v2\/types\/post"}],"author":[{"embeddable":true,"href":"https:\/\/www.strassenweb.de\/nachrichten\/wp-json\/wp\/v2\/users\/1"}],"replies":[{"embeddable":true,"href":"https:\/\/www.strassenweb.de\/nachrichten\/wp-json\/wp\/v2\/comments?post=6351"}],"version-history":[{"count":0,"href":"https:\/\/www.strassenweb.de\/nachrichten\/wp-json\/wp\/v2\/posts\/6351\/revisions"}],"wp:featuredmedia":[{"embeddable":true,"href":"https:\/\/www.strassenweb.de\/nachrichten\/wp-json\/wp\/v2\/media\/6352"}],"wp:attachment":[{"href":"https:\/\/www.strassenweb.de\/nachrichten\/wp-json\/wp\/v2\/media?parent=6351"}],"wp:term":[{"taxonomy":"category","embeddable":true,"href":"https:\/\/www.strassenweb.de\/nachrichten\/wp-json\/wp\/v2\/categories?post=6351"},{"taxonomy":"post_tag","embeddable":true,"href":"https:\/\/www.strassenweb.de\/nachrichten\/wp-json\/wp\/v2\/tags?post=6351"}],"curies":[{"name":"wp","href":"https:\/\/api.w.org\/{rel}","templated":true}]}}