{"id":6348,"date":"2025-07-20T05:40:32","date_gmt":"2025-07-20T03:40:32","guid":{"rendered":"https:\/\/www.strassenweb.de\/nachrichten\/machen-sie-sich-der-debatte-an-innenarchitekten-sind-auf-das-umstrittene-kaminsims-dekor-von-eva-mendes-unterteilt-was-denken-sie\/"},"modified":"2025-07-20T05:40:32","modified_gmt":"2025-07-20T03:40:32","slug":"machen-sie-sich-der-debatte-an-innenarchitekten-sind-auf-das-umstrittene-kaminsims-dekor-von-eva-mendes-unterteilt-was-denken-sie","status":"publish","type":"post","link":"https:\/\/www.strassenweb.de\/nachrichten\/machen-sie-sich-der-debatte-an-innenarchitekten-sind-auf-das-umstrittene-kaminsims-dekor-von-eva-mendes-unterteilt-was-denken-sie\/","title":{"rendered":"Machen Sie sich der Debatte an: Innenarchitekten sind auf das umstrittene Kaminsims -Dekor von Eva Mendes unterteilt. Was denken Sie?"},"content":{"rendered":"<div id=\"article-body\" class=\"article__body \">\n<p>Sollten Sie einen Spiegel \u00fcber einen Kamin platzieren? Fragen Sie einhundert Innenarchitekten, und Sie erhalten wahrscheinlich einhundert verschiedene Antworten.<\/p>\n<div id=\"ad-unit-1\" class=\"ad-unit\"><\/div>\n<p>Die kontroverse Designauswahl l\u00f6st die Debatte erneut aus und bietet einen mutigen Schwerpunkt in der Wohnzimmer der Schauspielerin Eva Mendes.<\/p>\n<aside data-block-type=\"embed\" data-render-type=\"fte\" data-skip=\"dealsy\" data-widget-type=\"seasonal\" class=\"hawk-base\"><\/aside>\n<p>Evas Kaminsims -Dekor, das k\u00fcrzlich in einem Instagram -Post entdeckt ist, besteht aus einem gro\u00dfen rechteckigen Spiegel, der \u00fcber einem wei\u00dfen Marmorkamin positioniert ist. Es reflektiert die Gem\u00e4lde, wei\u00dfen W\u00e4nde und Kronenformungen im hinteren Teil des Raumes.<\/p>\n<div class=\"van_vid_carousel\">\n<div class=\"van_vid_carousel__padding\">\n<div class=\"van_vid_carousel__container\"><\/div>\n<\/div>\n<\/div>\n<aside data-component-name=\"Recirculation:ArticleRiver\" data-nosnippet class=\"pt-3 pb-4 mb-4 border-b border-solid border-(#333)\">\n<span class=\"\nafter:content-('') after:flex-1 after:ml-4 after:my-(0.7rem) after:border-t-(#333) after:border-t after:border-solid\nbefore:content-('') before:flex-1 before:mr-4 before:my-(0.7rem) before:border-t-(#333) before:border-t before:border-solid\nfont-article-heading pb-3 !text-base font-bold uppercase sm:text-sm text-(#333) flex\"><\/p>\n<p>Sie m\u00f6gen m\u00f6gen<br \/>\n<\/span><\/p>\n<ul class=\"flex flex-col gap-3 m-0\">\n<li class=\"m-0 list-none\" name=\"recirculation-inline\" data-analytics-id=\"recirculation-inline-1\" analytics-label=\"adviser:related\">\n<picture data-new-v2-image=\"true\" class=\"w-(--article-river-thumbnail-width,60px) flex-shrink-0\"><source type=\"image\/webp\"  ><\/source><\/p>\n<\/picture>\n<span class=\"hover:text-inherit font-article-heading text-base text-(#333) leading-5 content-center\">Diese Kombination aus Steinkamin und Goldspiegel ist der sch\u00f6nste Teil von Martha Stewarts &#8218;Tiny Apartment&#8216;-er ist einem Haus in italienischem Stil modelliert<\/span><\/p>\n<\/li>\n<li class=\"m-0 list-none\" name=\"recirculation-inline\" data-analytics-id=\"recirculation-inline-2\" analytics-label=\"adviser:related\">\n<picture data-new-v2-image=\"true\" class=\"w-(--article-river-thumbnail-width,60px) flex-shrink-0\"><source type=\"image\/webp\"  ><\/source><br \/>\n<img decoding=\"async\" alt=\"Alyson Hannigan\"   loading=\"lazy\" data-new-v2-image=\"true\" src=\"https:\/\/www.strassenweb.de\/nachrichten\/wp-content\/uploads\/2025\/06\/Design-Experten-und-Immobilienmakler-sind-sich-einig-Diese-dekorative-Funktion.jpg\" data-pin-media=\"https:\/\/www.strassenweb.de\/nachrichten\/wp-content\/uploads\/2025\/06\/Design-Experten-und-Immobilienmakler-sind-sich-einig-Diese-dekorative-Funktion.jpg\" data-pin-nopin=\"true\" class=\"aspect-(--img-listing-aspect-ratio,16\/9) object-cover w-(--article-river-thumbnail-width,60px) flex-shrink-0\">\n<\/picture>\n<span class=\"hover:text-inherit font-article-heading text-base text-(#333) leading-5 content-center\">Design -Experten und Immobilienmakler sind sich einig: Diese dekorative Funktion ist der sch\u00f6nste Teil von Alyson Hannigans Zuhause<\/span><\/p>\n<\/li>\n<li class=\"m-0 list-none\" name=\"recirculation-inline\" data-analytics-id=\"recirculation-inline-3\" analytics-label=\"adviser:related\">\n<picture data-new-v2-image=\"true\" class=\"w-(--article-river-thumbnail-width,60px) flex-shrink-0\"><source type=\"image\/webp\"  ><\/source><br \/>\n<img decoding=\"async\" alt=\"Hilaria und Alec Baldwin auf wei\u00dfem Hintergrund\"   loading=\"lazy\" data-new-v2-image=\"true\" src=\"https:\/\/www.strassenweb.de\/nachrichten\/wp-content\/uploads\/2025\/07\/ztWwkpnxgHNhNe8KbwrwMo.jpg\" data-pin-media=\"https:\/\/www.strassenweb.de\/nachrichten\/wp-content\/uploads\/2025\/07\/ztWwkpnxgHNhNe8KbwrwMo.jpg\" data-pin-nopin=\"true\" class=\"aspect-(--img-listing-aspect-ratio,16\/9) object-cover w-(--article-river-thumbnail-width,60px) flex-shrink-0\">\n<\/picture>\n<span class=\"hover:text-inherit font-article-heading text-base text-(#333) leading-5 content-center\">Niemand kann sich auf Hilaria und Alec Baldwins talisives Wohnzimmerlayout einig sein und Debatten unter Innenarchitekten ausl\u00f6sen &#8211; was denkst du?<\/span><\/p>\n<\/li>\n<\/ul>\n<\/aside>\n<p>Obwohl einige Designoptionen ein klares Ja oder ein klares Nein sind, ist der Konsens um einen Spiegel \u00fcber einem Kamin, wie es in Mendes &#8218;Raum zu sehen ist, viel schlammiger.<\/p>\n<div id=\"ad-unit-2\" class=\"ad-unit\"><\/div>\n<div class=\"instagram-embed\">\n<blockquote class=\"instagram-media\" data-instgrm-captioned data-instgrm-version=\"6\" style=\"width:99.375%; width:-webkit-calc(100% - 2px); width:calc(100% - 2px);\">\n<p>Ein Beitrag, der von Eva Mendes (@evamendenes) geteilt wird<\/p>\n<p>Ein Foto von on <\/p>\n<\/blockquote>\n<\/div>\n<p>Viele Designer schw\u00f6ren auf Evas Wohnzimmerspiegelidee.<\/p>\n<p>Der gefeierte in NYC ans\u00e4ssige Designer Kathy Kuo sprudelt zu <em>H\u00e4user &#038; G\u00e4rten<\/em>: &#8222;Ein Spiegel, der \u00fcber einem Kaminmantel gestylt wird, ist ein Blick, den wir immer wieder sehen, aus gutem Grund &#8211; es ist klassisch und schick und es funktioniert in so ziemlich jedem Raum.&#8220;<\/p>\n<p>Sie f\u00fcgt hinzu: \u201eIch liebe die Art und Weise, wie Spiegel Licht reflektieren, und l\u00e4sst einen Raum heller (und gr\u00f6\u00dfer) als tats\u00e4chlich ist. Dieser Look bietet auch viele Styling -Optionen. Lassen Sie den Spiegel entweder alleine leuchten oder erstellen Sie eine geschichtete Vignette mit dem Spiegel gegen die Wand und ein paar dekorative Akzente im Vordergrund &#8211; denken Sie an skulpturale Objekte, B\u00fccher, gerahmte Fotos, Vasen oder Kerzen.<\/p>\n<div id=\"slice-container-newsletterForm-articleInbodyContent-qm2fa9acXsri8H6fx5ab3U\" class=\"slice-container newsletter-inbodyContent-slice newsletterForm-articleInbodyContent-qm2fa9acXsri8H6fx5ab3U slice-container-newsletterForm\"><\/div>\n<p>Andere sind sich jedoch weniger sicher \u00fcber Mendes &#8218;Kaminidee.<\/p>\n<p>Paulina Hospod, Design-Experte bei AHA in NYC! Innenr\u00e4ume erkl\u00e4rt: \u201eIch vermeide normalerweise etwas \u00fcber einen Kamin. F\u00fcr mich ist der Kamin der Schwerpunkt &#8211; er f\u00e4llt am besten auf, wenn er mit einem sch\u00f6nen Mantel oder einem Schlagstein oder einer Fliesenverkleidung fertig ist. &#8218;<\/p>\n<p>&#8222;Das Hinzuf\u00fcgen eines Spiegels spiegelt h\u00e4ufig die Umgebung wider, wodurch sich der Bereich visuell \u00fcberf\u00fcllt und von der Anwesenheit des Kamins ablenkt&#8220;, f\u00e4hrt sie fort. \u201eIch sehe keine wirklichen Vorteile, dies zu tun. Es \u00e4hnelt dem Platzieren eines Fernsehers \u00fcber einem Kamin &#8211; etwas, das ich im Allgemeinen rate. &#8218;<\/p>\n<div class=\"min-h-(270px) mb-4\" id=\"viafoura-engagement-starter-wrapper\" data-component-name=\"Elk:Embed:EngagementStarter\">\n<div class=\"viafoura\">\n<vf-conversation-starter target=\"viafoura-comments\" minimum-comment-count=\"5\"><br \/>\n<\/vf-conversation-starter>\n<\/div>\n<\/div>\n<h3 class=\"article-body__section\" id=\"section-shop-editors-picks\"><span>Shop Editors Picks<\/span><\/h3>\n<div class=\"product-container hero-product-container product-block-no-wrap\">\n<div class=\"product-block-row\"><\/div>\n<div class=\"product-block-row\"><\/div>\n<div class=\"product-block-row\"><\/div>\n<\/div>\n<p>Obwohl es vollkommen vern\u00fcnftig ist, eine harte und schnelle Meinung zu Evas Mantel Decor -Idee zu haben, ist die Wahrheit, wie gut oder schlecht die Entscheidung von ihrem Styling abh\u00e4ngt.<\/p>\n<p>Kathy Kuo, der im Allgemeinen profitiert, qualifiziert sich: \u201eEin Spiegel, der zu gro\u00df oder zu klein ist, kann ein bisschen fehl am Platz aussehen. Zielen Sie als allgemeine Faustregel auf einen Spiegel ab, der ungef\u00e4hr zwei Drittel der Breite des Mantels ist. &#8218;<\/p>\n<hr>\n<p>Was denken Sie? Liebst du einen Spiegel \u00fcber dem Kamin oder hasst ihn? Lassen Sie es uns in den Kommentaren wissen.<\/p>\n<hr>\n<div class=\"block\" id=\"articleTag\" data-component-name=\"PostArticleLinks\">\n<div class=\"border-b border-b-black border-solid py-2.5 text-black font-bold uppercase\">Themen<\/div>\n<nav class=\"py-2.5 flex gap-2.5 flex-wrap\" data-analytics-id=\"article-tag\">\n<p>Eva Mendes<br \/>\n<\/nav>\n<\/div>\n<\/div>\n<p><script async src=\"\/\/www.instagram.com\/embed.js\"><\/script><\/p>\n","protected":false},"excerpt":{"rendered":"<p>Sollten Sie einen Spiegel \u00fcber einen Kamin platzieren? Fragen Sie einhundert Innenarchitekten, und Sie erhalten wahrscheinlich einhundert verschiedene Antworten. Die kontroverse Designauswahl l\u00f6st die Debatte<\/p>\n","protected":false},"author":1,"featured_media":6349,"comment_status":"closed","ping_status":"","sticky":false,"template":"","format":"standard","meta":{"footnotes":""},"categories":[118],"tags":[46,112,1808,4059,502,81,2016,717,1720,410,2017,142,165,58,8742,8055,21],"class_list":["post-6348","post","type-post","status-publish","format-standard","has-post-thumbnail","hentry","category-haus-garten","tag-auf","tag-das","tag-debatte","tag-dekor","tag-denken","tag-der","tag-eva","tag-innenarchitekten","tag-kaminsims","tag-machen","tag-mendes","tag-sich","tag-sie","tag-sind","tag-umstrittene","tag-unterteilt","tag-von","generate-columns","tablet-grid-50","mobile-grid-100","grid-parent","grid-50"],"yoast_head":"<!-- This site is optimized with the Yoast SEO plugin v27.3 - https:\/\/yoast.com\/product\/yoast-seo-wordpress\/ -->\n<title>Machen Sie sich der Debatte an: Innenarchitekten sind auf das umstrittene Kaminsims -Dekor von Eva Mendes unterteilt. Was denken Sie? - Nachrichten - Stra\u00dfenweb<\/title>\n<meta name=\"robots\" content=\"index, follow, max-snippet:-1, max-image-preview:large, max-video-preview:-1\" \/>\n<link rel=\"canonical\" href=\"https:\/\/www.strassenweb.de\/nachrichten\/machen-sie-sich-der-debatte-an-innenarchitekten-sind-auf-das-umstrittene-kaminsims-dekor-von-eva-mendes-unterteilt-was-denken-sie\/\" \/>\n<meta property=\"og:locale\" content=\"de_DE\" \/>\n<meta property=\"og:type\" content=\"article\" \/>\n<meta property=\"og:title\" content=\"Machen Sie sich der Debatte an: Innenarchitekten sind auf das umstrittene Kaminsims -Dekor von Eva Mendes unterteilt. Was denken Sie? - Nachrichten - Stra\u00dfenweb\" \/>\n<meta property=\"og:description\" content=\"Sollten Sie einen Spiegel \u00fcber einen Kamin platzieren? Fragen Sie einhundert Innenarchitekten, und Sie erhalten wahrscheinlich einhundert verschiedene Antworten. Die kontroverse Designauswahl l\u00f6st die Debatte\" \/>\n<meta property=\"og:url\" content=\"https:\/\/www.strassenweb.de\/nachrichten\/machen-sie-sich-der-debatte-an-innenarchitekten-sind-auf-das-umstrittene-kaminsims-dekor-von-eva-mendes-unterteilt-was-denken-sie\/\" \/>\n<meta property=\"og:site_name\" content=\"Stra\u00dfenweb\" \/>\n<meta property=\"article:publisher\" content=\"https:\/\/www.facebook.com\/strassenweb\/\" \/>\n<meta property=\"article:published_time\" content=\"2025-07-20T03:40:32+00:00\" \/>\n<meta property=\"og:image\" content=\"https:\/\/www.strassenweb.de\/nachrichten\/wp-content\/uploads\/2024\/12\/9LL27WVZzyu48P4LtSu9f3.jpg\" \/>\n\t<meta property=\"og:image:width\" content=\"1\" \/>\n\t<meta property=\"og:image:height\" content=\"1\" \/>\n\t<meta property=\"og:image:type\" content=\"image\/jpeg\" \/>\n<meta name=\"author\" content=\"Robert Hoffmann\" \/>\n<meta name=\"twitter:card\" content=\"summary_large_image\" \/>\n<meta name=\"twitter:label1\" content=\"Verfasst von\" \/>\n\t<meta name=\"twitter:data1\" content=\"Robert Hoffmann\" \/>\n\t<meta name=\"twitter:label2\" content=\"Gesch\u00e4tzte Lesezeit\" \/>\n\t<meta name=\"twitter:data2\" content=\"3\u00a0Minuten\" \/>\n<script type=\"application\/ld+json\" class=\"yoast-schema-graph\">{\"@context\":\"https:\\\/\\\/schema.org\",\"@graph\":[{\"@type\":\"Article\",\"@id\":\"https:\\\/\\\/www.strassenweb.de\\\/nachrichten\\\/machen-sie-sich-der-debatte-an-innenarchitekten-sind-auf-das-umstrittene-kaminsims-dekor-von-eva-mendes-unterteilt-was-denken-sie\\\/#article\",\"isPartOf\":{\"@id\":\"https:\\\/\\\/www.strassenweb.de\\\/nachrichten\\\/machen-sie-sich-der-debatte-an-innenarchitekten-sind-auf-das-umstrittene-kaminsims-dekor-von-eva-mendes-unterteilt-was-denken-sie\\\/\"},\"author\":{\"name\":\"Robert Hoffmann\",\"@id\":\"https:\\\/\\\/www.strassenweb.de\\\/nachrichten\\\/#\\\/schema\\\/person\\\/87c9c9067f1211da429a744dc5a5aa41\"},\"headline\":\"Machen Sie sich der Debatte an: Innenarchitekten sind auf das umstrittene Kaminsims -Dekor von Eva Mendes unterteilt. Was denken Sie?\",\"datePublished\":\"2025-07-20T03:40:32+00:00\",\"mainEntityOfPage\":{\"@id\":\"https:\\\/\\\/www.strassenweb.de\\\/nachrichten\\\/machen-sie-sich-der-debatte-an-innenarchitekten-sind-auf-das-umstrittene-kaminsims-dekor-von-eva-mendes-unterteilt-was-denken-sie\\\/\"},\"wordCount\":556,\"publisher\":{\"@id\":\"https:\\\/\\\/www.strassenweb.de\\\/nachrichten\\\/#organization\"},\"image\":{\"@id\":\"https:\\\/\\\/www.strassenweb.de\\\/nachrichten\\\/machen-sie-sich-der-debatte-an-innenarchitekten-sind-auf-das-umstrittene-kaminsims-dekor-von-eva-mendes-unterteilt-was-denken-sie\\\/#primaryimage\"},\"thumbnailUrl\":\"https:\\\/\\\/www.strassenweb.de\\\/nachrichten\\\/wp-content\\\/uploads\\\/2024\\\/12\\\/9LL27WVZzyu48P4LtSu9f3.jpg\",\"keywords\":[\"auf\",\"das\",\"Debatte\",\"Dekor\",\"denken\",\"der\",\"Eva\",\"Innenarchitekten\",\"Kaminsims\",\"machen\",\"Mendes\",\"sich\",\"Sie\",\"sind\",\"umstrittene\",\"unterteilt\",\"von\"],\"articleSection\":[\"Haus &amp; Garten\"],\"inLanguage\":\"de\"},{\"@type\":\"WebPage\",\"@id\":\"https:\\\/\\\/www.strassenweb.de\\\/nachrichten\\\/machen-sie-sich-der-debatte-an-innenarchitekten-sind-auf-das-umstrittene-kaminsims-dekor-von-eva-mendes-unterteilt-was-denken-sie\\\/\",\"url\":\"https:\\\/\\\/www.strassenweb.de\\\/nachrichten\\\/machen-sie-sich-der-debatte-an-innenarchitekten-sind-auf-das-umstrittene-kaminsims-dekor-von-eva-mendes-unterteilt-was-denken-sie\\\/\",\"name\":\"Machen Sie sich der Debatte an: Innenarchitekten sind auf das umstrittene Kaminsims -Dekor von Eva Mendes unterteilt. Was denken Sie? - Nachrichten - Stra\u00dfenweb\",\"isPartOf\":{\"@id\":\"https:\\\/\\\/www.strassenweb.de\\\/nachrichten\\\/#website\"},\"primaryImageOfPage\":{\"@id\":\"https:\\\/\\\/www.strassenweb.de\\\/nachrichten\\\/machen-sie-sich-der-debatte-an-innenarchitekten-sind-auf-das-umstrittene-kaminsims-dekor-von-eva-mendes-unterteilt-was-denken-sie\\\/#primaryimage\"},\"image\":{\"@id\":\"https:\\\/\\\/www.strassenweb.de\\\/nachrichten\\\/machen-sie-sich-der-debatte-an-innenarchitekten-sind-auf-das-umstrittene-kaminsims-dekor-von-eva-mendes-unterteilt-was-denken-sie\\\/#primaryimage\"},\"thumbnailUrl\":\"https:\\\/\\\/www.strassenweb.de\\\/nachrichten\\\/wp-content\\\/uploads\\\/2024\\\/12\\\/9LL27WVZzyu48P4LtSu9f3.jpg\",\"datePublished\":\"2025-07-20T03:40:32+00:00\",\"breadcrumb\":{\"@id\":\"https:\\\/\\\/www.strassenweb.de\\\/nachrichten\\\/machen-sie-sich-der-debatte-an-innenarchitekten-sind-auf-das-umstrittene-kaminsims-dekor-von-eva-mendes-unterteilt-was-denken-sie\\\/#breadcrumb\"},\"inLanguage\":\"de\",\"potentialAction\":[{\"@type\":\"ReadAction\",\"target\":[\"https:\\\/\\\/www.strassenweb.de\\\/nachrichten\\\/machen-sie-sich-der-debatte-an-innenarchitekten-sind-auf-das-umstrittene-kaminsims-dekor-von-eva-mendes-unterteilt-was-denken-sie\\\/\"]}]},{\"@type\":\"ImageObject\",\"inLanguage\":\"de\",\"@id\":\"https:\\\/\\\/www.strassenweb.de\\\/nachrichten\\\/machen-sie-sich-der-debatte-an-innenarchitekten-sind-auf-das-umstrittene-kaminsims-dekor-von-eva-mendes-unterteilt-was-denken-sie\\\/#primaryimage\",\"url\":\"https:\\\/\\\/www.strassenweb.de\\\/nachrichten\\\/wp-content\\\/uploads\\\/2024\\\/12\\\/9LL27WVZzyu48P4LtSu9f3.jpg\",\"contentUrl\":\"https:\\\/\\\/www.strassenweb.de\\\/nachrichten\\\/wp-content\\\/uploads\\\/2024\\\/12\\\/9LL27WVZzyu48P4LtSu9f3.jpg\",\"caption\":\"Eva Mendes\"},{\"@type\":\"BreadcrumbList\",\"@id\":\"https:\\\/\\\/www.strassenweb.de\\\/nachrichten\\\/machen-sie-sich-der-debatte-an-innenarchitekten-sind-auf-das-umstrittene-kaminsims-dekor-von-eva-mendes-unterteilt-was-denken-sie\\\/#breadcrumb\",\"itemListElement\":[{\"@type\":\"ListItem\",\"position\":1,\"name\":\"Home\",\"item\":\"https:\\\/\\\/www.strassenweb.de\\\/nachrichten\\\/\"},{\"@type\":\"ListItem\",\"position\":2,\"name\":\"Machen Sie sich der Debatte an: Innenarchitekten sind auf das umstrittene Kaminsims -Dekor von Eva Mendes unterteilt. Was denken Sie?\"}]},{\"@type\":\"WebSite\",\"@id\":\"https:\\\/\\\/www.strassenweb.de\\\/nachrichten\\\/#website\",\"url\":\"https:\\\/\\\/www.strassenweb.de\\\/nachrichten\\\/\",\"name\":\"Stra\u00dfenweb\",\"description\":\"Stra\u00dfenverzeichnis f\u00fcr Deutschland\",\"publisher\":{\"@id\":\"https:\\\/\\\/www.strassenweb.de\\\/nachrichten\\\/#organization\"},\"potentialAction\":[{\"@type\":\"SearchAction\",\"target\":{\"@type\":\"EntryPoint\",\"urlTemplate\":\"https:\\\/\\\/www.strassenweb.de\\\/nachrichten\\\/?s={search_term_string}\"},\"query-input\":{\"@type\":\"PropertyValueSpecification\",\"valueRequired\":true,\"valueName\":\"search_term_string\"}}],\"inLanguage\":\"de\"},{\"@type\":\"Organization\",\"@id\":\"https:\\\/\\\/www.strassenweb.de\\\/nachrichten\\\/#organization\",\"name\":\"Stra\u00dfenweb\",\"url\":\"https:\\\/\\\/www.strassenweb.de\\\/nachrichten\\\/\",\"logo\":{\"@type\":\"ImageObject\",\"inLanguage\":\"de\",\"@id\":\"https:\\\/\\\/www.strassenweb.de\\\/nachrichten\\\/#\\\/schema\\\/logo\\\/image\\\/\",\"url\":\"https:\\\/\\\/www.strassenweb.de\\\/nachrichten\\\/wp-content\\\/uploads\\\/2024\\\/09\\\/cropped-favicon.png\",\"contentUrl\":\"https:\\\/\\\/www.strassenweb.de\\\/nachrichten\\\/wp-content\\\/uploads\\\/2024\\\/09\\\/cropped-favicon.png\",\"width\":512,\"height\":512,\"caption\":\"Stra\u00dfenweb\"},\"image\":{\"@id\":\"https:\\\/\\\/www.strassenweb.de\\\/nachrichten\\\/#\\\/schema\\\/logo\\\/image\\\/\"},\"sameAs\":[\"https:\\\/\\\/www.facebook.com\\\/strassenweb\\\/\"]},{\"@type\":\"Person\",\"@id\":\"https:\\\/\\\/www.strassenweb.de\\\/nachrichten\\\/#\\\/schema\\\/person\\\/87c9c9067f1211da429a744dc5a5aa41\",\"name\":\"Robert Hoffmann\",\"image\":{\"@type\":\"ImageObject\",\"inLanguage\":\"de\",\"@id\":\"https:\\\/\\\/www.strassenweb.de\\\/nachrichten\\\/wp-content\\\/uploads\\\/2024\\\/09\\\/strassenweb-150x150.jpg\",\"url\":\"https:\\\/\\\/www.strassenweb.de\\\/nachrichten\\\/wp-content\\\/uploads\\\/2024\\\/09\\\/strassenweb-150x150.jpg\",\"contentUrl\":\"https:\\\/\\\/www.strassenweb.de\\\/nachrichten\\\/wp-content\\\/uploads\\\/2024\\\/09\\\/strassenweb-150x150.jpg\",\"caption\":\"Robert Hoffmann\"},\"description\":\"Ich hei\u00dfe Robert Hoffmann und ich bin ein leidenschaftlicher Verfechter von \u00d6kologie und Biodiversit\u00e4t. Seit meiner Kindheit in den W\u00e4ldern Bayerns f\u00fchle ich mich mit der Natur verbunden und bin entschlossen, sie zu sch\u00fctzen. Heute widme ich mein Leben der Sensibilisierung anderer f\u00fcr die Bedeutung des Umweltschutzes f\u00fcr zuk\u00fcnftige Generationen.\",\"sameAs\":[\"https:\\\/\\\/www.strassenweb.de\\\/\"]}]}<\/script>\n<!-- \/ Yoast SEO plugin. -->","yoast_head_json":{"title":"Machen Sie sich der Debatte an: Innenarchitekten sind auf das umstrittene Kaminsims -Dekor von Eva Mendes unterteilt. Was denken Sie? - Nachrichten - Stra\u00dfenweb","robots":{"index":"index","follow":"follow","max-snippet":"max-snippet:-1","max-image-preview":"max-image-preview:large","max-video-preview":"max-video-preview:-1"},"canonical":"https:\/\/www.strassenweb.de\/nachrichten\/machen-sie-sich-der-debatte-an-innenarchitekten-sind-auf-das-umstrittene-kaminsims-dekor-von-eva-mendes-unterteilt-was-denken-sie\/","og_locale":"de_DE","og_type":"article","og_title":"Machen Sie sich der Debatte an: Innenarchitekten sind auf das umstrittene Kaminsims -Dekor von Eva Mendes unterteilt. Was denken Sie? - Nachrichten - Stra\u00dfenweb","og_description":"Sollten Sie einen Spiegel \u00fcber einen Kamin platzieren? Fragen Sie einhundert Innenarchitekten, und Sie erhalten wahrscheinlich einhundert verschiedene Antworten. Die kontroverse Designauswahl l\u00f6st die Debatte","og_url":"https:\/\/www.strassenweb.de\/nachrichten\/machen-sie-sich-der-debatte-an-innenarchitekten-sind-auf-das-umstrittene-kaminsims-dekor-von-eva-mendes-unterteilt-was-denken-sie\/","og_site_name":"Stra\u00dfenweb","article_publisher":"https:\/\/www.facebook.com\/strassenweb\/","article_published_time":"2025-07-20T03:40:32+00:00","og_image":[{"url":"https:\/\/www.strassenweb.de\/nachrichten\/wp-content\/uploads\/2024\/12\/9LL27WVZzyu48P4LtSu9f3.jpg","width":1,"height":1,"type":"image\/jpeg"}],"author":"Robert Hoffmann","twitter_card":"summary_large_image","twitter_misc":{"Verfasst von":"Robert Hoffmann","Gesch\u00e4tzte Lesezeit":"3\u00a0Minuten"},"schema":{"@context":"https:\/\/schema.org","@graph":[{"@type":"Article","@id":"https:\/\/www.strassenweb.de\/nachrichten\/machen-sie-sich-der-debatte-an-innenarchitekten-sind-auf-das-umstrittene-kaminsims-dekor-von-eva-mendes-unterteilt-was-denken-sie\/#article","isPartOf":{"@id":"https:\/\/www.strassenweb.de\/nachrichten\/machen-sie-sich-der-debatte-an-innenarchitekten-sind-auf-das-umstrittene-kaminsims-dekor-von-eva-mendes-unterteilt-was-denken-sie\/"},"author":{"name":"Robert Hoffmann","@id":"https:\/\/www.strassenweb.de\/nachrichten\/#\/schema\/person\/87c9c9067f1211da429a744dc5a5aa41"},"headline":"Machen Sie sich der Debatte an: Innenarchitekten sind auf das umstrittene Kaminsims -Dekor von Eva Mendes unterteilt. Was denken Sie?","datePublished":"2025-07-20T03:40:32+00:00","mainEntityOfPage":{"@id":"https:\/\/www.strassenweb.de\/nachrichten\/machen-sie-sich-der-debatte-an-innenarchitekten-sind-auf-das-umstrittene-kaminsims-dekor-von-eva-mendes-unterteilt-was-denken-sie\/"},"wordCount":556,"publisher":{"@id":"https:\/\/www.strassenweb.de\/nachrichten\/#organization"},"image":{"@id":"https:\/\/www.strassenweb.de\/nachrichten\/machen-sie-sich-der-debatte-an-innenarchitekten-sind-auf-das-umstrittene-kaminsims-dekor-von-eva-mendes-unterteilt-was-denken-sie\/#primaryimage"},"thumbnailUrl":"https:\/\/www.strassenweb.de\/nachrichten\/wp-content\/uploads\/2024\/12\/9LL27WVZzyu48P4LtSu9f3.jpg","keywords":["auf","das","Debatte","Dekor","denken","der","Eva","Innenarchitekten","Kaminsims","machen","Mendes","sich","Sie","sind","umstrittene","unterteilt","von"],"articleSection":["Haus &amp; Garten"],"inLanguage":"de"},{"@type":"WebPage","@id":"https:\/\/www.strassenweb.de\/nachrichten\/machen-sie-sich-der-debatte-an-innenarchitekten-sind-auf-das-umstrittene-kaminsims-dekor-von-eva-mendes-unterteilt-was-denken-sie\/","url":"https:\/\/www.strassenweb.de\/nachrichten\/machen-sie-sich-der-debatte-an-innenarchitekten-sind-auf-das-umstrittene-kaminsims-dekor-von-eva-mendes-unterteilt-was-denken-sie\/","name":"Machen Sie sich der Debatte an: Innenarchitekten sind auf das umstrittene Kaminsims -Dekor von Eva Mendes unterteilt. Was denken Sie? - Nachrichten - Stra\u00dfenweb","isPartOf":{"@id":"https:\/\/www.strassenweb.de\/nachrichten\/#website"},"primaryImageOfPage":{"@id":"https:\/\/www.strassenweb.de\/nachrichten\/machen-sie-sich-der-debatte-an-innenarchitekten-sind-auf-das-umstrittene-kaminsims-dekor-von-eva-mendes-unterteilt-was-denken-sie\/#primaryimage"},"image":{"@id":"https:\/\/www.strassenweb.de\/nachrichten\/machen-sie-sich-der-debatte-an-innenarchitekten-sind-auf-das-umstrittene-kaminsims-dekor-von-eva-mendes-unterteilt-was-denken-sie\/#primaryimage"},"thumbnailUrl":"https:\/\/www.strassenweb.de\/nachrichten\/wp-content\/uploads\/2024\/12\/9LL27WVZzyu48P4LtSu9f3.jpg","datePublished":"2025-07-20T03:40:32+00:00","breadcrumb":{"@id":"https:\/\/www.strassenweb.de\/nachrichten\/machen-sie-sich-der-debatte-an-innenarchitekten-sind-auf-das-umstrittene-kaminsims-dekor-von-eva-mendes-unterteilt-was-denken-sie\/#breadcrumb"},"inLanguage":"de","potentialAction":[{"@type":"ReadAction","target":["https:\/\/www.strassenweb.de\/nachrichten\/machen-sie-sich-der-debatte-an-innenarchitekten-sind-auf-das-umstrittene-kaminsims-dekor-von-eva-mendes-unterteilt-was-denken-sie\/"]}]},{"@type":"ImageObject","inLanguage":"de","@id":"https:\/\/www.strassenweb.de\/nachrichten\/machen-sie-sich-der-debatte-an-innenarchitekten-sind-auf-das-umstrittene-kaminsims-dekor-von-eva-mendes-unterteilt-was-denken-sie\/#primaryimage","url":"https:\/\/www.strassenweb.de\/nachrichten\/wp-content\/uploads\/2024\/12\/9LL27WVZzyu48P4LtSu9f3.jpg","contentUrl":"https:\/\/www.strassenweb.de\/nachrichten\/wp-content\/uploads\/2024\/12\/9LL27WVZzyu48P4LtSu9f3.jpg","caption":"Eva Mendes"},{"@type":"BreadcrumbList","@id":"https:\/\/www.strassenweb.de\/nachrichten\/machen-sie-sich-der-debatte-an-innenarchitekten-sind-auf-das-umstrittene-kaminsims-dekor-von-eva-mendes-unterteilt-was-denken-sie\/#breadcrumb","itemListElement":[{"@type":"ListItem","position":1,"name":"Home","item":"https:\/\/www.strassenweb.de\/nachrichten\/"},{"@type":"ListItem","position":2,"name":"Machen Sie sich der Debatte an: Innenarchitekten sind auf das umstrittene Kaminsims -Dekor von Eva Mendes unterteilt. Was denken Sie?"}]},{"@type":"WebSite","@id":"https:\/\/www.strassenweb.de\/nachrichten\/#website","url":"https:\/\/www.strassenweb.de\/nachrichten\/","name":"Stra\u00dfenweb","description":"Stra\u00dfenverzeichnis f\u00fcr Deutschland","publisher":{"@id":"https:\/\/www.strassenweb.de\/nachrichten\/#organization"},"potentialAction":[{"@type":"SearchAction","target":{"@type":"EntryPoint","urlTemplate":"https:\/\/www.strassenweb.de\/nachrichten\/?s={search_term_string}"},"query-input":{"@type":"PropertyValueSpecification","valueRequired":true,"valueName":"search_term_string"}}],"inLanguage":"de"},{"@type":"Organization","@id":"https:\/\/www.strassenweb.de\/nachrichten\/#organization","name":"Stra\u00dfenweb","url":"https:\/\/www.strassenweb.de\/nachrichten\/","logo":{"@type":"ImageObject","inLanguage":"de","@id":"https:\/\/www.strassenweb.de\/nachrichten\/#\/schema\/logo\/image\/","url":"https:\/\/www.strassenweb.de\/nachrichten\/wp-content\/uploads\/2024\/09\/cropped-favicon.png","contentUrl":"https:\/\/www.strassenweb.de\/nachrichten\/wp-content\/uploads\/2024\/09\/cropped-favicon.png","width":512,"height":512,"caption":"Stra\u00dfenweb"},"image":{"@id":"https:\/\/www.strassenweb.de\/nachrichten\/#\/schema\/logo\/image\/"},"sameAs":["https:\/\/www.facebook.com\/strassenweb\/"]},{"@type":"Person","@id":"https:\/\/www.strassenweb.de\/nachrichten\/#\/schema\/person\/87c9c9067f1211da429a744dc5a5aa41","name":"Robert Hoffmann","image":{"@type":"ImageObject","inLanguage":"de","@id":"https:\/\/www.strassenweb.de\/nachrichten\/wp-content\/uploads\/2024\/09\/strassenweb-150x150.jpg","url":"https:\/\/www.strassenweb.de\/nachrichten\/wp-content\/uploads\/2024\/09\/strassenweb-150x150.jpg","contentUrl":"https:\/\/www.strassenweb.de\/nachrichten\/wp-content\/uploads\/2024\/09\/strassenweb-150x150.jpg","caption":"Robert Hoffmann"},"description":"Ich hei\u00dfe Robert Hoffmann und ich bin ein leidenschaftlicher Verfechter von \u00d6kologie und Biodiversit\u00e4t. Seit meiner Kindheit in den W\u00e4ldern Bayerns f\u00fchle ich mich mit der Natur verbunden und bin entschlossen, sie zu sch\u00fctzen. Heute widme ich mein Leben der Sensibilisierung anderer f\u00fcr die Bedeutung des Umweltschutzes f\u00fcr zuk\u00fcnftige Generationen.","sameAs":["https:\/\/www.strassenweb.de\/"]}]}},"_links":{"self":[{"href":"https:\/\/www.strassenweb.de\/nachrichten\/wp-json\/wp\/v2\/posts\/6348","targetHints":{"allow":["GET"]}}],"collection":[{"href":"https:\/\/www.strassenweb.de\/nachrichten\/wp-json\/wp\/v2\/posts"}],"about":[{"href":"https:\/\/www.strassenweb.de\/nachrichten\/wp-json\/wp\/v2\/types\/post"}],"author":[{"embeddable":true,"href":"https:\/\/www.strassenweb.de\/nachrichten\/wp-json\/wp\/v2\/users\/1"}],"replies":[{"embeddable":true,"href":"https:\/\/www.strassenweb.de\/nachrichten\/wp-json\/wp\/v2\/comments?post=6348"}],"version-history":[{"count":0,"href":"https:\/\/www.strassenweb.de\/nachrichten\/wp-json\/wp\/v2\/posts\/6348\/revisions"}],"wp:featuredmedia":[{"embeddable":true,"href":"https:\/\/www.strassenweb.de\/nachrichten\/wp-json\/wp\/v2\/media\/6349"}],"wp:attachment":[{"href":"https:\/\/www.strassenweb.de\/nachrichten\/wp-json\/wp\/v2\/media?parent=6348"}],"wp:term":[{"taxonomy":"category","embeddable":true,"href":"https:\/\/www.strassenweb.de\/nachrichten\/wp-json\/wp\/v2\/categories?post=6348"},{"taxonomy":"post_tag","embeddable":true,"href":"https:\/\/www.strassenweb.de\/nachrichten\/wp-json\/wp\/v2\/tags?post=6348"}],"curies":[{"name":"wp","href":"https:\/\/api.w.org\/{rel}","templated":true}]}}