{"id":6339,"date":"2025-07-19T17:40:39","date_gmt":"2025-07-19T15:40:39","guid":{"rendered":"https:\/\/www.strassenweb.de\/nachrichten\/was-ist-dein-geburtsmonatbaum-entdecken-sie-die-symbolik-hinter-ihrer-und-wie-sie-sie-in-ihrem-garten-anbauen-koennen\/"},"modified":"2025-07-19T17:40:40","modified_gmt":"2025-07-19T15:40:40","slug":"was-ist-dein-geburtsmonatbaum-entdecken-sie-die-symbolik-hinter-ihrer-und-wie-sie-sie-in-ihrem-garten-anbauen-koennen","status":"publish","type":"post","link":"https:\/\/www.strassenweb.de\/nachrichten\/was-ist-dein-geburtsmonatbaum-entdecken-sie-die-symbolik-hinter-ihrer-und-wie-sie-sie-in-ihrem-garten-anbauen-koennen\/","title":{"rendered":"Was ist dein Geburtsmonatbaum? Entdecken Sie die Symbolik hinter Ihrer und wie Sie sie in Ihrem Garten anbauen k\u00f6nnen"},"content":{"rendered":"<div id=\"article-body\" class=\"article__body \">\n<p>Ich liebe es, Wegen zu finden, um meinem Garten pers\u00f6nliche Schl\u00e4gen zu verleihen. Es ist eine sch\u00f6ne Art, einen eigenen Au\u00dfenbereich wirklich zu machen, und wie k\u00f6nnte man bessere Pflanzen f\u00fcr Ihre Person anbauen? Genau deshalb bin ich besessen \u00fcber den Geburtsmonat.<\/p>\n<div id=\"ad-unit-1\" class=\"ad-unit\"><\/div>\n<p>Genau wie Blumen f\u00fcr den Geburtsmonat, das personalisierte Bl\u00fcten und Geburtsmonat -Kr\u00e4uter anbieten, die f\u00fcr jede Person leckere und duftende Pflanzen anbieten, bieten Geburtsmonatsb\u00e4ume die M\u00f6glichkeit, Ihrem Garten \u00fcppige Laub und hohe Struktur hinzuzuf\u00fcgen, die eine gewisse Bedeutung dahinter haben.<\/p>\n<aside data-block-type=\"embed\" data-render-type=\"fte\" data-skip=\"dealsy\" data-widget-type=\"seasonal\" class=\"hawk-base\"><\/aside>\n<p>Die Geschichte dahinter ist auch faszinierend. Alles stammt aus dem keltischen Baumkalender, einem alten astronomischen Rahmen. Fasziniert, mehr herauszufinden? Suchen Sie nicht weiter. Ich habe Informationen \u00fcber alle 13 B\u00e4ume des Geburtsmonats zusammengestellt (ja, 13, es stimmt nicht genau zu den 12 Monaten, die wir kennen) und was sie darstellen, sowie Tipps, wie man sie anbaut.<\/p>\n<div class=\"van_vid_carousel\">\n<div class=\"van_vid_carousel__padding\">\n<div class=\"van_vid_carousel__container\"><\/div>\n<\/div>\n<\/div>\n<aside data-component-name=\"Recirculation:ArticleRiver\" data-nosnippet class=\"pt-3 pb-4 mb-4 border-b border-solid border-(#333)\">\n<span class=\"\nafter:content-('') after:flex-1 after:ml-4 after:my-(0.7rem) after:border-t-(#333) after:border-t after:border-solid\nbefore:content-('') before:flex-1 before:mr-4 before:my-(0.7rem) before:border-t-(#333) before:border-t before:border-solid\nfont-article-heading pb-3 !text-base font-bold uppercase sm:text-sm text-(#333) flex\"><\/p>\n<p>Sie m\u00f6gen m\u00f6gen<br \/>\n<\/span><\/p>\n<ul class=\"flex flex-col gap-3 m-0\">\n<li class=\"m-0 list-none\" name=\"recirculation-inline\" data-analytics-id=\"recirculation-inline-1\" analytics-label=\"adviser:related\">\n<picture data-new-v2-image=\"true\" class=\"w-(--article-river-thumbnail-width,60px) flex-shrink-0\"><source type=\"image\/webp\"  ><\/source><\/p>\n<\/picture>\n<span class=\"hover:text-inherit font-article-heading text-base text-(#333) leading-5 content-center\">9 Untersch\u00e4tzte B\u00e4ume, die einen gro\u00dfen Einfluss haben k\u00f6nnen &#8211; entdecken Sie, warum sie einen Platz in Ihrem Garten verdienen k\u00f6nnen<\/span><\/p>\n<\/li>\n<li class=\"m-0 list-none\" name=\"recirculation-inline\" data-analytics-id=\"recirculation-inline-2\" analytics-label=\"adviser:related\">\n<picture data-new-v2-image=\"true\" class=\"w-(--article-river-thumbnail-width,60px) flex-shrink-0\"><source type=\"image\/webp\"  ><\/source><br \/>\n<img decoding=\"async\" alt=\"Veronica Georgia Blue, Speedwell\"   loading=\"lazy\" data-new-v2-image=\"true\" src=\"https:\/\/www.strassenweb.de\/nachrichten\/wp-content\/uploads\/2025\/06\/aT92vKgRPo2HnfDD2HruF.jpg\" data-pin-media=\"https:\/\/www.strassenweb.de\/nachrichten\/wp-content\/uploads\/2025\/06\/aT92vKgRPo2HnfDD2HruF.jpg\" data-pin-nopin=\"true\" class=\"aspect-(--img-listing-aspect-ratio,16\/9) object-cover w-(--article-river-thumbnail-width,60px) flex-shrink-0\">\n<\/picture>\n<span class=\"hover:text-inherit font-article-heading text-base text-(#333) leading-5 content-center\">9 Untersch\u00e4tzte Evergreens, um Ihrem Garten ein ganzj\u00e4hriges Sch\u00f6nheitsschub zu geben-flei\u00dfige Pflanzen ohne Aufregung<\/span><\/p>\n<\/li>\n<li class=\"m-0 list-none\" name=\"recirculation-inline\" data-analytics-id=\"recirculation-inline-3\" analytics-label=\"adviser:related\">\n<picture data-new-v2-image=\"true\" class=\"w-(--article-river-thumbnail-width,60px) flex-shrink-0\"><source type=\"image\/webp\"  ><\/source><br \/>\n<img decoding=\"async\" alt=\"Japanische Ahornbaumbl\u00e4tter im Garten\"   loading=\"lazy\" data-new-v2-image=\"true\" src=\"https:\/\/www.strassenweb.de\/nachrichten\/wp-content\/uploads\/2025\/07\/UjJm6hkT6JQFyHZdHZvBzd.jpg\" data-pin-media=\"https:\/\/www.strassenweb.de\/nachrichten\/wp-content\/uploads\/2025\/07\/UjJm6hkT6JQFyHZdHZvBzd.jpg\" data-pin-nopin=\"true\" class=\"aspect-(--img-listing-aspect-ratio,16\/9) object-cover w-(--article-river-thumbnail-width,60px) flex-shrink-0\">\n<\/picture>\n<span class=\"hover:text-inherit font-article-heading text-base text-(#333) leading-5 content-center\">8 belastbare B\u00e4ume, die in St\u00e4dten gedeihen &#8211; diese Arten absorbieren Verschmutzung, k\u00fchlen die Luft und wachsen in kompakten R\u00e4umen mit minimaler Aufrechterhaltung<\/span><\/p>\n<\/li>\n<\/ul>\n<\/aside>\n<h3 class=\"article-body__section\" id=\"section-what-are-birth-month-trees\"><span>Was sind Geburtsmonatb\u00e4ume?<\/span><\/h3>\n<figure class=\"van-image-figure inline-layout \" data-bordeaux-image-check>\n<div class=\"image-full-width-wrapper\">\n<div class=\"image-widthsetter\" style=\"max-width:2400px;\"><\/div>\n<\/div>\n<\/figure>\n<p>Der keltische Baumkalender wurde 1948 in der Ver\u00f6ffentlichung von popul\u00e4r <em>Die wei\u00dfe G\u00f6ttin<\/em> (erh\u00e4ltlich bei Amazon) vom britischen Dichter und Mythologen Robert Graves.<\/p>\n<div id=\"ad-unit-2\" class=\"ad-unit\"><\/div>\n<p>Robert interpretierte das Ogham Alphabet neu, ein altes irisches Schreibsystem, das jeden Charakter mit einem Baum oder einer Pflanze verband. Von dort aus theoretisierte er, dass die Kelten einen Mondbaumkalender verwendeten.<\/p>\n<p>Jetzt sind B\u00e4ume f\u00fcr den Geburtsmonat zu einer sch\u00f6nen M\u00f6glichkeit geworden, Personen zu feiern und sogar eine charmante Erg\u00e4nzung zu Memory Gardens f\u00fcr Angeh\u00f6rige zu machen.<\/p>\n<p>Wenn Sie also herausfinden m\u00f6chten, was Ihr Geburtsmonatbaum ist, schauen Sie sich unten nach unten, denken Sie daran, nach einer Sorte zu suchen, die in Ihrer US -amerikanischen Hardinit\u00e4tszone wachsen kann, bevor Sie Ihren Garten hinzuf\u00fcgen.<\/p>\n<h3 class=\"article-body__section\" id=\"section-december-24-january-20-birch\"><span>24. Dezember &#8211; 20. Januar: Birke<\/span><\/h3>\n<figure class=\"van-image-figure inline-layout \" data-bordeaux-image-check>\n<div class=\"image-full-width-wrapper\">\n<div class=\"image-widthsetter\" style=\"max-width:2400px;\"><\/div>\n<\/div>\n<\/figure>\n<p>Oben am keltischen Baumkalender steht Birke, und diese sind wirklich wundervolle B\u00e4ume in Ihrem Garten. In der keltischen Tradition repr\u00e4sentieren sie Erneuerung und Wiedergeburt, weshalb sie bis zu Beginn des Jahres festgelegt sind.<\/p>\n<p>Es stehen viele Birkenb\u00e4ume zur Auswahl, von denen die meisten B\u00e4ume mit wei\u00dfer Rinde sind, die einen starken Kontrast zum anderen Gr\u00fcn in Ihrem Garten bieten.<\/p>\n<p>Nicht nur das, sondern auch Birkenb\u00e4ume bieten tats\u00e4chlich viel Herbstfarbe, wobei das Laub in der zweiten Jahresh\u00e4lfte hellgelbe und orangefarbene T\u00f6ne wird.<\/p>\n<p>Stellen Sie einfach sicher, dass Sie eine konsistente Feuchtigkeit erhalten, indem Sie Ihren Birkenbaum regelm\u00e4\u00dfig gie\u00dfen und mulieren.<\/p>\n<p>Finden Sie einen Birkenbaum f\u00fcr Ihren Garten in schnell wachsenden B\u00e4umen.<\/p>\n<div class=\"min-h-(270px) mb-4\" id=\"viafoura-engagement-starter-wrapper\" data-component-name=\"Elk:Embed:EngagementStarter\">\n<div class=\"viafoura\">\n<vf-conversation-starter target=\"viafoura-comments\" title=\"Will you grow your birth month tree?\" description=\"I already happen to have mine in my garden, which is a bonus. Are you considering adding your birth month tree to your garden? \" minimum-comment-count=\"5\"><br \/>\n<\/vf-conversation-starter>\n<\/div>\n<\/div>\n<h3 class=\"article-body__section\" id=\"section-january-21-february-17-rowan\"><span>21. Januar &#8211; 17. Februar: Rowan<\/span><\/h3>\n<figure class=\"van-image-figure inline-layout \" data-bordeaux-image-check>\n<div class=\"image-full-width-wrapper\">\n<div class=\"image-widthsetter\" style=\"max-width:2400px;\"><\/div>\n<\/div>\n<\/figure>\n<p>F\u00fcr diejenigen, die von Mitte Januar bis Mitte Februar geboren wurden, sind Rowan Trees Ihr Geburtsmonatbaum. Sie stellen Schutz und Intuition dar, einen gro\u00dfartigen Baum, um die dunkleren Tage in einem Wintergarten zu erheben.<\/p>\n<p>Das Anbau von Rowan-B\u00e4umen ist auch ziemlich einfach, solange Sie sie an einem sonnigen Ort in gut abrei\u00dfenden Boden positionieren.<\/p>\n<p>Es ist auch wichtig, Rowan -B\u00e4ume im sp\u00e4ten Winter bis zum fr\u00fchen Fr\u00fchling zu beschneiden und besch\u00e4digte Zweige und Laub vor der Vegetationsperiode zu entfernen. Verwenden Sie L\u00e4cher (wie diese von Amazon), um dabei saubere Schnitte vorzunehmen.<\/p>\n<h3 class=\"article-body__section\" id=\"section-february-18-march-17-ash\"><span>18. Februar &#8211; 17. M\u00e4rz: Asche<\/span><\/h3>\n<figure class=\"van-image-figure inline-layout \" data-bordeaux-image-check>\n<div class=\"image-full-width-wrapper\">\n<div class=\"image-widthsetter\" style=\"max-width:2000px;\"><\/div>\n<\/div>\n<\/figure>\n<p>Im keltischen Baumkalender gilt Aschenb\u00e4ume als Quelle poetischer Sehverm\u00f6gen und Kreativit\u00e4t. Es ist nicht schwer zu erkennen, warum mit seiner wundersch\u00f6nen Auswahl an gr\u00fcnen, roten und gelben Bl\u00e4ttern &#8211; wie dieser Herbst Purple Asche von schnell wachsenden B\u00e4umen.<\/p>\n<p>Es ist jedoch etwas zu beachten, dass Aschenb\u00e4ume auf der Liste der B\u00e4ume stehen, um zu vermeiden, dass sie in die N\u00e4he Ihres Hauses gepflanzt werden. Dies liegt daran, dass sie so umfangreiche Wurzelsysteme haben, die Pfeifen und Infrastruktur besch\u00e4digen k\u00f6nnen.<\/p>\n<p>Trotzdem machen sie die schiere Gr\u00f6\u00dfe dieser B\u00e4ume (bis zu 80 Fu\u00df) sicherlich dazu, in Ihrem Garten zu begeistern.<\/p>\n<p>Sie eignen sich am besten in gut abtretenden, fruchtbaren Bodentypen, die h\u00e4ufig in britischen W\u00e4ldern zu finden sind, und machen sie zu einer guten Wahl, wenn Sie Ihren Garten W\u00e4lderpflanzen hinzuf\u00fcgen m\u00f6chten.<\/p>\n<h3 class=\"article-body__section\" id=\"section-march-18-april-14-alder\"><span>18. M\u00e4rz &#8211; 14. April: Alder<\/span><\/h3>\n<figure class=\"van-image-figure inline-layout \" data-bordeaux-image-check>\n<div class=\"image-full-width-wrapper\">\n<div class=\"image-widthsetter\" style=\"max-width:2000px;\"><\/div>\n<\/div>\n<\/figure>\n<p>Es wird angenommen, dass Erlenb\u00e4ume Mut und Entschlossenheit symbolisieren und hoch mit ziemlich dichtem Laub stehen. F\u00fcr diejenigen, die im M\u00e4rz &#8211; April geboren wurden, ist dies ein gro\u00dfartiger Baum, um Ihren Garten zu erweitern.<\/p>\n<p>Die gute Nachricht ist, dass sie auch einige der besten B\u00e4ume f\u00fcr Tonboden, die feuchtere Bedingungen und schlechtere Bodentypen tolerieren.<\/p>\n<p>Sie sorgen auch ganzj\u00e4hrig, wobei gelbe Catkins vom Sp\u00e4twinter in den Fr\u00fchling ausgestellt sind und im Herbst Zapfen werden.<\/p>\n<p>Wenn Sie einen alkalischen Boden in Ihrem Garten haben, sollten Sie Ihren Boden f\u00fcr diese B\u00e4ume saurer machen. Sie k\u00f6nnen den pH -Wert Ihres Bodens mit diesem Bodentest -Kit von Amazon testen und diese pH -Justierer von Amazon nach Bedarf \u00e4ndern.<\/p>\n<h3 class=\"article-body__section\" id=\"section-april-15-may-12-willow\"><span>15. April &#8211; 12. Mai: Willow<\/span><\/h3>\n<figure class=\"van-image-figure inline-layout \" data-bordeaux-image-check>\n<div class=\"image-full-width-wrapper\">\n<div class=\"image-widthsetter\" style=\"max-width:2000px;\"><\/div>\n<\/div>\n<\/figure>\n<p>Willow ist der Geburtsmonatbaum von Mitte April bis Mitte Mai, was die Verbindung zum Wasser und der Weisheit darstellt. Es ist der perfekte Baum f\u00fcr diejenigen mit einem gro\u00dfen Gartenteich und denjenigen, die ein skurriles Gef\u00fchl in einem M\u00e4rchengarten schaffen m\u00f6chten.<\/p>\n<p>Es stehen viele Arten von Weiden zur Auswahl, vom schnell wachsenden Baum f\u00fcr die Privatsph\u00e4re weinerender Weide bis hin zu kleineren Sorten f\u00fcr Containerg\u00e4rten.<\/p>\n<p>Diese Flamingo Weidenbaumschnitte von Amazon k\u00f6nnen Sie beispielsweise mit einem Weidenbaum f\u00fcr T\u00f6pfe beginnen.<\/p>\n<p>Stellen Sie einfach sicher, dass Sie an einer sonnigen Lage pflanzen, da Willows in direkter Sonnenposition am besten gedeihen. Ein schattiger Ort d\u00fcrfte das Wachstum sonnen machen.<\/p>\n<h3 class=\"article-body__section\" id=\"section-may-13-june-9-hawthorn\"><span>13. Mai &#8211; 9. Juni: Hawthorn<\/span><\/h3>\n<figure class=\"van-image-figure inline-layout \" data-bordeaux-image-check>\n<div class=\"image-full-width-wrapper\">\n<div class=\"image-widthsetter\" style=\"max-width:2400px;\"><\/div>\n<\/div>\n<\/figure>\n<p>Inmitten des Fr\u00fchlings ist Hawthorn der Geburtsmonatbaum, der im Mittelpunkt steht. Im keltischen Baumkalender repr\u00e4sentieren Hawthorns Liebe und Schutz. Sie spielen sogar eine wichtige Rolle in Beltane, einem g\u00e4lischen Festival, um den Beginn des Sommers zu feiern.<\/p>\n<p>Im Mai ist Hawthorn voller wei\u00dfer und manchmal rosa Bl\u00fcten.<\/p>\n<p>&#8222;Ich freue mich zu wissen, dass dies mein Geburtsmonatbaum ist, w\u00e4hrend ich die Bl\u00fcte im Fr\u00fchjahr verehre&#8220; <em>H\u00e4user &#038; G\u00e4rten &#8218; <\/em>G\u00e4rtenhaupt, G\u00e4rten, <u>Rachel Bull<\/u>. &#8222;Ich liebe es, sie aus diesem Grund in meinen Blumenentw\u00fcrfen zu verwenden&#8220;, f\u00fcgt sie hinzu.<\/p>\n<p>Sie sind auch gute Wahl f\u00fcr B\u00e4ume f\u00fcr kleine G\u00e4rten. Zum Beispiel erreicht dieser schneeweiste indische Hawthorn-Strauch aus schnell wachsenden B\u00e4umen eine reife H\u00f6he von f\u00fcnf Fu\u00df.<\/p>\n<p>Beim Anbau dieser B\u00e4ume ist es wichtig zu wissen, wann Sie einen Wei\u00dfdorn beschneiden m\u00fcssen. Der sp\u00e4te Winter ist am besten, w\u00e4hrend sich der Baum in Ruhe hat, der Stress verringert und den Baum gesund h\u00e4lt. Sie k\u00f6nnen diese Fiskars -Lopper von Amazon dazu verwenden.<\/p>\n<h3 class=\"article-body__section\" id=\"section-june-10-july-7-oak\"><span>10. Juni &#8211; 7. Juli: Eiche<\/span><\/h3>\n<figure class=\"van-image-figure inline-layout \" data-bordeaux-image-check>\n<div class=\"image-full-width-wrapper\">\n<div class=\"image-widthsetter\" style=\"max-width:2000px;\"><\/div>\n<\/div>\n<\/figure>\n<p>Dies ist eine der einfachsten britischen B\u00e4ume, die Sie durch Blatt identifizieren k\u00f6nnen, dank der IS IS IConic Lapper Form. In der Baummonat -Baumtradition ist es einer der m\u00e4chtigsten B\u00e4ume, die mit Langlebigkeit und Stabilit\u00e4t verbunden sind.<\/p>\n<p>Sie wachsen in einer Vielzahl von Bodentypen, tolerieren volle Sonne auf teilweise Schatten und erfordern eine konsistente Feuchtigkeit.<\/p>\n<p>Ich habe tats\u00e4chlich einen Eichenbaum aus einer Eichel, ein lustiges und einfaches Projekt gewachsen. Sie k\u00f6nnen sogar Acorn Oak Tree -Kits von Amazon kaufen, um Ihnen den Einstieg zu erleichtern &#8211; oder um das Fr\u00fchsommerbaby in Ihrem Leben zu verschenken.<\/p>\n<p>Denken Sie daran, Ihren Eichenbaum w\u00e4hrend ihrer ruhenden Zeit zu beschneiden, um ihn gesund und formell zu halten.<\/p>\n<h3 class=\"article-body__section\" id=\"section-july-8-august-4-holly\"><span>8. Juli &#8211; 4. August: Holly<\/span><\/h3>\n<figure class=\"van-image-figure inline-layout \" data-bordeaux-image-check>\n<div class=\"image-full-width-wrapper\">\n<div class=\"image-widthsetter\" style=\"max-width:2000px;\"><\/div>\n<\/div>\n<\/figure>\n<p>Holly ist zuf\u00e4llig mein eigener Baummonatbaum, den ich freue, als ich Anfang dieses Jahres in ein Haus mit einem Holly -Bush zog &#8211; vielleicht sollte es nur sein. In der keltischen Tradition symbolisiert Holly den Adel und die Belastbarkeit.<\/p>\n<p>Obwohl Sie Holly mit einer der besten Str\u00e4ucher mit Winterbeeren in Verbindung bringen k\u00f6nnen, produzieren sie im Fr\u00fchling auch zierliche wei\u00dfe Bl\u00fcten. Au\u00dferdem kann ihr immergr\u00fcnes Laub das ganze Jahr \u00fcber genossen werden.<\/p>\n<p>Ich pers\u00f6nlich habe eine bunte Holly, die wundersch\u00f6ne gelbe und gr\u00fcne Bl\u00e4tter hat. Es ist leicht, Holly zu wachsen und sich auch daf\u00fcr zu k\u00fcmmern. Ich beschneide nur meinen Holly -Bush im Fr\u00fchling, um es zu formen und neue Wachstum zu ermutigen, vor den k\u00e4lteren Jahreszeiten zu etablieren.<\/p>\n<p>Finden Sie einen Holly -Bush f\u00fcr Ihren Garten in Nature Hills.<\/p>\n<h3 class=\"article-body__section\" id=\"section-august-5-september-1-hazel\"><span>5. August &#8211; 1. September: Hasel<\/span><\/h3>\n<figure class=\"van-image-figure inline-layout \" data-bordeaux-image-check>\n<div class=\"image-full-width-wrapper\">\n<div class=\"image-widthsetter\" style=\"max-width:2400px;\"><\/div>\n<\/div>\n<\/figure>\n<p>Haselnussb\u00e4ume werden f\u00fcr ihre essbaren Haseln\u00fcsse (siehe Abbildung oben) geliebt, die zwischen September und Oktober zur Ernte bereit sind. Sie haben auch vielseitiges Holz, mit dem Sie Haselbudr -St\u00fctzen bauen k\u00f6nnen.<\/p>\n<p>F\u00fcr diejenigen, die bis Anfang September im August geboren wurden, ist es ein Geburtsmonatbaum, der Wissen darstellt.<\/p>\n<p>Hazels sind in der Regel kleinere B\u00e4ume, ideal f\u00fcr kleine Gartenideen. Tats\u00e4chlich k\u00f6nnen Sie sogar einige Sorten in T\u00f6pfen anbauen. Oder entscheiden Sie sich f\u00fcr eine Showstopper -Sorte, wie dieser amerikanische Haselnuss -Filbert -Baum von schnell wachsenden B\u00e4umen.<\/p>\n<p>Es ist der Schl\u00fcssel, Ihren Haselbaum in den fr\u00fchen Jahren zu beschneiden, um eine starke Struktur f\u00fcr zuk\u00fcnftiges Wachstum zu schaffen.<\/p>\n<h3 class=\"article-body__section\" id=\"section-september-2-september-29-vine\"><span>2. September &#8211; 29. September: Rebe<\/span><\/h3>\n<figure class=\"van-image-figure inline-layout \" data-bordeaux-image-check>\n<div class=\"image-full-width-wrapper\">\n<div class=\"image-widthsetter\" style=\"max-width:2400px;\"><\/div>\n<\/div>\n<\/figure>\n<p>Obwohl dies technisch gesehen kein Baum ist, wird angenommen, dass Traubenrebe im keltischen Baumkalender symbolisch f\u00fcr Freude und Feiern ist, der wahrscheinlich mit dem Wein verbunden ist, den Sie aus Trauben machen k\u00f6nnen.<\/p>\n<p>Es ist eine der besten Fruchtpflanzen, obwohl wachsende Trauben bestimmte Bedingungen erfordern, um erfolgreich zu sein. Dies beinhaltet das Pflanzen im Herbst, die Positionierung des irgendwo mit viel direkter Sonne und die Sicherstellung, dass sein Boden nicht verw\u00e4ssert wird.<\/p>\n<p>Um bei der Obstproduktion zu helfen, ist es wichtig, dass Rebfrauen richtig eingestuft werden. Dies beinhaltet jedes Jahr etwas anders (\u00fcber das Sie Informationen in unserem verkn\u00fcpften Handbuch finden) und verwenden Sie die richtigen wesentlichen Schnittwerkzeuge. Diese Schnittschere von Amazon passen gut.<\/p>\n<h3 class=\"article-body__section\" id=\"section-september-30-october-27-ivy\"><span>30. September &#8211; 27. Oktober: Ivy<\/span><\/h3>\n<figure class=\"van-image-figure inline-layout \" data-bordeaux-image-check>\n<div class=\"image-full-width-wrapper\">\n<div class=\"image-widthsetter\" style=\"max-width:2000px;\"><\/div>\n<\/div>\n<\/figure>\n<p>Ein anderer, der im traditionellen Sinne kein Baum ist, aber gemeinsamer Efeu ist der Baummonatbaum f\u00fcr den gr\u00f6\u00dften Teil der Oktoberbabys. Es ist ein Symbol f\u00fcr Ausdauer und \u00dcberleben in der keltischen Tradition.<\/p>\n<p>Nat\u00fcrlich ist die gute Nachricht \u00fcber Ivy, dass Sie es sowohl drinnen als auch als Zimmerpflanze anbauen k\u00f6nnen, um Ivy zu einem guten Geschenk f\u00fcr die Lieben zu dieser Zeit zu einem Geburtstag zu machen. Sie k\u00f6nnen einen Efeu -Zimmerpflanzen an der Schwelle finden.<\/p>\n<p>Ich habe tats\u00e4chlich einen Efeu -Zimmerpflanzen und es ist eines der am einfachsten zu vers\u00e4ngstgebendem. Wenn Sie sich um Ivy k\u00fcmmern, k\u00f6nnen Sie es ein wenig vernachl\u00e4ssigen und an einem unteren Lichtplatz platzieren. Dies spiegelt unter anderem ihren einheimischen Lebensraum in W\u00e4ldern wider.<\/p>\n<p>Ich habe festgestellt, dass der beste Weg, um mehr Wachstum zu f\u00f6rdern, darin besteht, Ihren Efeu zu beschneiden. Je mehr Sie es schneiden, desto mehr wird es wachsen. Deshalb habe ich diese Schnittschnitte von Amazon in meinem Plant Care Kit.<\/p>\n<h3 class=\"article-body__section\" id=\"section-october-28-november-24-reed\"><span>28. Oktober &#8211; 24. November: Reed<\/span><\/h3>\n<figure class=\"van-image-figure inline-layout \" data-bordeaux-image-check>\n<div class=\"image-full-width-wrapper\">\n<div class=\"image-widthsetter\" style=\"max-width:2000px;\"><\/div>\n<\/div>\n<\/figure>\n<p>Auch dies ist nicht ein ganzer Baum, aber es verdient seinen Platz im keltischen Baumkalender als der Geburtsmonatbaum, der einen ehrlichen Ausdruck darstellt, mit Musikinstrumentenverbindungen zu Reed.<\/p>\n<p>Reed ist eines der besten Ziergr\u00e4ser f\u00fcr die Bewegung im Wind. Es wird h\u00e4ufig als Teichpflanze gewachsen, aufgrund seiner Liebe zu feuchteren Bedingungen.<\/p>\n<p>Es bietet auch eine atemberaubende Herbstfarbe, wobei das gr\u00fcne Laub in der zweiten H\u00e4lfte des Jahres die Bronze dreht.<\/p>\n<p>Finden Sie ein gefiedertes Schilfgras f\u00fcr Ihren Garten in Nature Hills.<\/p>\n<h3 class=\"article-body__section\" id=\"section-november-25-december-23-elder\"><span>25. November &#8211; 23. Dezember: \u00c4ltester<\/span><\/h3>\n<figure class=\"van-image-figure inline-layout \" data-bordeaux-image-check>\n<div class=\"image-full-width-wrapper\">\n<div class=\"image-widthsetter\" style=\"max-width:2400px;\"><\/div>\n<\/div>\n<\/figure>\n<p>Der endg\u00fcltige Geburtsmonatbaum im keltischen Baumkalender ist Elder, ein Baum, der wegen seiner Vielseitigkeit im Hof geliebt wird. Sie k\u00f6nnen \u00e4ltere B\u00e4ume aller Farben und Gr\u00f6\u00dfen sowie Beeren anbauen.<\/p>\n<p>Als Geburtsmonatbaum stellt Elder die Fertigstellung und Reflexion dar, wenn er das Jahr zusammenfasst. Es ist in vielerlei Hinsicht auch eine Heilpflanze, einschlie\u00dflich antiviraler Eigenschaften.<\/p>\n<p>\u00c4lteste sind tats\u00e4chlich einige der wartlichsten, die wartlichsten B\u00e4ume sind, von denen bekannt ist, dass sie mit nur minimaler Aufmerksamkeit wachsen und gedeihen.<\/p>\n<p>Es ist jedoch wichtig, im Fr\u00fchjahr einen Elderberry-Strauch zu beschneiden, wenn Sie sp\u00e4ter im Jahr eine gro\u00dfe Produktion dieser wundersch\u00f6nen lila-schwarzen Beeren f\u00f6rdern m\u00f6chten.<\/p>\n<p>Finden Sie einen \u00e4lteren Busch in schnell wachsenden B\u00e4umen.<\/p>\n<h3 class=\"article-body__section\" id=\"section-faqs\"><span>FAQs<\/span><\/h3>\n<h2 id=\"are-birth-month-trees-significant-for-their-month-3\">Sind Geburtsmonatsb\u00e4ume f\u00fcr ihren Monat von Bedeutung?<\/h2>\n<p>Viele Geburtsmonatb\u00e4ume sind mit einer bestimmten Jahreszeit verbunden, da zu diesem Zeitpunkt etwas bedeutendes passiert. Zum Beispiel ist Hawthorn ein May Birth Month Tree und dies ist die Jahreszeit, in der er bl\u00fcht. Ebenso ist Hazel der Baummonatbaum f\u00fcr August, wenn sich Haseln\u00fcsse im Herbst entwickelt werden.<\/p>\n<hr>\n<p>Wenn Sie die Idee lieben, Pflanzen f\u00fcr Ihre Person pers\u00f6nlich auszuw\u00e4hlen, m\u00f6chten Sie m\u00f6glicherweise auch unseren Leitfaden f\u00fcr Zodiac -Zimmerpflanzen f\u00fcr Ihren Innengarten lesen.<\/p>\n<div class=\"block\" id=\"articleTag\" data-component-name=\"PostArticleLinks\">\n<div class=\"border-b border-b-black border-solid py-2.5 text-black font-bold uppercase\">Themen<\/div>\n<nav class=\"py-2.5 flex gap-2.5 flex-wrap\" data-analytics-id=\"article-tag\">\n<p>B\u00e4ume Str\u00e4ucher<br \/>\n<\/nav>\n<\/div>\n<\/div>\n","protected":false},"excerpt":{"rendered":"<p>Ich liebe es, Wegen zu finden, um meinem Garten pers\u00f6nliche Schl\u00e4gen zu verleihen. Es ist eine sch\u00f6ne Art, einen eigenen Au\u00dfenbereich wirklich zu machen, und<\/p>\n","protected":false},"author":1,"featured_media":6340,"comment_status":"closed","ping_status":"","sticky":false,"template":"","format":"standard","meta":{"footnotes":""},"categories":[118],"tags":[1991,5245,9,946,320,8735,2205,534,11,15,689,165,8736,37,26],"class_list":["post-6339","post","type-post","status-publish","format-standard","has-post-thumbnail","hentry","category-haus-garten","tag-anbauen","tag-dein","tag-die","tag-entdecken","tag-garten","tag-geburtsmonatbaum","tag-hinter","tag-ihrem","tag-ihrer","tag-ist","tag-koennen","tag-sie","tag-symbolik","tag-und","tag-wie","generate-columns","tablet-grid-50","mobile-grid-100","grid-parent","grid-50"],"yoast_head":"<!-- This site is optimized with the Yoast SEO plugin v27.3 - https:\/\/yoast.com\/product\/yoast-seo-wordpress\/ -->\n<title>Was ist dein Geburtsmonatbaum? Entdecken Sie die Symbolik hinter Ihrer und wie Sie sie in Ihrem Garten anbauen k\u00f6nnen - Nachrichten - Stra\u00dfenweb<\/title>\n<meta name=\"robots\" content=\"index, follow, max-snippet:-1, max-image-preview:large, max-video-preview:-1\" \/>\n<link rel=\"canonical\" href=\"https:\/\/www.strassenweb.de\/nachrichten\/was-ist-dein-geburtsmonatbaum-entdecken-sie-die-symbolik-hinter-ihrer-und-wie-sie-sie-in-ihrem-garten-anbauen-koennen\/\" \/>\n<meta property=\"og:locale\" content=\"de_DE\" \/>\n<meta property=\"og:type\" content=\"article\" \/>\n<meta property=\"og:title\" content=\"Was ist dein Geburtsmonatbaum? Entdecken Sie die Symbolik hinter Ihrer und wie Sie sie in Ihrem Garten anbauen k\u00f6nnen - Nachrichten - Stra\u00dfenweb\" \/>\n<meta property=\"og:description\" content=\"Ich liebe es, Wegen zu finden, um meinem Garten pers\u00f6nliche Schl\u00e4gen zu verleihen. Es ist eine sch\u00f6ne Art, einen eigenen Au\u00dfenbereich wirklich zu machen, und\" \/>\n<meta property=\"og:url\" content=\"https:\/\/www.strassenweb.de\/nachrichten\/was-ist-dein-geburtsmonatbaum-entdecken-sie-die-symbolik-hinter-ihrer-und-wie-sie-sie-in-ihrem-garten-anbauen-koennen\/\" \/>\n<meta property=\"og:site_name\" content=\"Stra\u00dfenweb\" \/>\n<meta property=\"article:publisher\" content=\"https:\/\/www.facebook.com\/strassenweb\/\" \/>\n<meta property=\"article:published_time\" content=\"2025-07-19T15:40:39+00:00\" \/>\n<meta property=\"article:modified_time\" content=\"2025-07-19T15:40:40+00:00\" \/>\n<meta property=\"og:image\" content=\"https:\/\/www.strassenweb.de\/nachrichten\/wp-content\/uploads\/2025\/07\/Was-ist-dein-Geburtsmonatbaum-Entdecken-Sie-die-Symbolik-hinter-Ihrer.jpg\" \/>\n\t<meta property=\"og:image:width\" content=\"1600\" \/>\n\t<meta property=\"og:image:height\" content=\"900\" \/>\n\t<meta property=\"og:image:type\" content=\"image\/jpeg\" \/>\n<meta name=\"author\" content=\"Robert Hoffmann\" \/>\n<meta name=\"twitter:card\" content=\"summary_large_image\" \/>\n<meta name=\"twitter:label1\" content=\"Verfasst von\" \/>\n\t<meta name=\"twitter:data1\" content=\"Robert Hoffmann\" \/>\n\t<meta name=\"twitter:label2\" content=\"Gesch\u00e4tzte Lesezeit\" \/>\n\t<meta name=\"twitter:data2\" content=\"11\u00a0Minuten\" \/>\n<script type=\"application\/ld+json\" class=\"yoast-schema-graph\">{\"@context\":\"https:\\\/\\\/schema.org\",\"@graph\":[{\"@type\":\"Article\",\"@id\":\"https:\\\/\\\/www.strassenweb.de\\\/nachrichten\\\/was-ist-dein-geburtsmonatbaum-entdecken-sie-die-symbolik-hinter-ihrer-und-wie-sie-sie-in-ihrem-garten-anbauen-koennen\\\/#article\",\"isPartOf\":{\"@id\":\"https:\\\/\\\/www.strassenweb.de\\\/nachrichten\\\/was-ist-dein-geburtsmonatbaum-entdecken-sie-die-symbolik-hinter-ihrer-und-wie-sie-sie-in-ihrem-garten-anbauen-koennen\\\/\"},\"author\":{\"name\":\"Robert Hoffmann\",\"@id\":\"https:\\\/\\\/www.strassenweb.de\\\/nachrichten\\\/#\\\/schema\\\/person\\\/87c9c9067f1211da429a744dc5a5aa41\"},\"headline\":\"Was ist dein Geburtsmonatbaum? Entdecken Sie die Symbolik hinter Ihrer und wie Sie sie in Ihrem Garten anbauen k\u00f6nnen\",\"datePublished\":\"2025-07-19T15:40:39+00:00\",\"dateModified\":\"2025-07-19T15:40:40+00:00\",\"mainEntityOfPage\":{\"@id\":\"https:\\\/\\\/www.strassenweb.de\\\/nachrichten\\\/was-ist-dein-geburtsmonatbaum-entdecken-sie-die-symbolik-hinter-ihrer-und-wie-sie-sie-in-ihrem-garten-anbauen-koennen\\\/\"},\"wordCount\":2227,\"publisher\":{\"@id\":\"https:\\\/\\\/www.strassenweb.de\\\/nachrichten\\\/#organization\"},\"image\":{\"@id\":\"https:\\\/\\\/www.strassenweb.de\\\/nachrichten\\\/was-ist-dein-geburtsmonatbaum-entdecken-sie-die-symbolik-hinter-ihrer-und-wie-sie-sie-in-ihrem-garten-anbauen-koennen\\\/#primaryimage\"},\"thumbnailUrl\":\"https:\\\/\\\/www.strassenweb.de\\\/nachrichten\\\/wp-content\\\/uploads\\\/2025\\\/07\\\/Was-ist-dein-Geburtsmonatbaum-Entdecken-Sie-die-Symbolik-hinter-Ihrer.jpg\",\"keywords\":[\"anbauen\",\"dein\",\"die\",\"Entdecken\",\"Garten\",\"Geburtsmonatbaum\",\"hinter\",\"ihrem\",\"ihrer\",\"ist\",\"k\u00f6nnen\",\"Sie\",\"Symbolik\",\"und\",\"Wie\"],\"articleSection\":[\"Haus &amp; Garten\"],\"inLanguage\":\"de\"},{\"@type\":\"WebPage\",\"@id\":\"https:\\\/\\\/www.strassenweb.de\\\/nachrichten\\\/was-ist-dein-geburtsmonatbaum-entdecken-sie-die-symbolik-hinter-ihrer-und-wie-sie-sie-in-ihrem-garten-anbauen-koennen\\\/\",\"url\":\"https:\\\/\\\/www.strassenweb.de\\\/nachrichten\\\/was-ist-dein-geburtsmonatbaum-entdecken-sie-die-symbolik-hinter-ihrer-und-wie-sie-sie-in-ihrem-garten-anbauen-koennen\\\/\",\"name\":\"Was ist dein Geburtsmonatbaum? Entdecken Sie die Symbolik hinter Ihrer und wie Sie sie in Ihrem Garten anbauen k\u00f6nnen - Nachrichten - Stra\u00dfenweb\",\"isPartOf\":{\"@id\":\"https:\\\/\\\/www.strassenweb.de\\\/nachrichten\\\/#website\"},\"primaryImageOfPage\":{\"@id\":\"https:\\\/\\\/www.strassenweb.de\\\/nachrichten\\\/was-ist-dein-geburtsmonatbaum-entdecken-sie-die-symbolik-hinter-ihrer-und-wie-sie-sie-in-ihrem-garten-anbauen-koennen\\\/#primaryimage\"},\"image\":{\"@id\":\"https:\\\/\\\/www.strassenweb.de\\\/nachrichten\\\/was-ist-dein-geburtsmonatbaum-entdecken-sie-die-symbolik-hinter-ihrer-und-wie-sie-sie-in-ihrem-garten-anbauen-koennen\\\/#primaryimage\"},\"thumbnailUrl\":\"https:\\\/\\\/www.strassenweb.de\\\/nachrichten\\\/wp-content\\\/uploads\\\/2025\\\/07\\\/Was-ist-dein-Geburtsmonatbaum-Entdecken-Sie-die-Symbolik-hinter-Ihrer.jpg\",\"datePublished\":\"2025-07-19T15:40:39+00:00\",\"dateModified\":\"2025-07-19T15:40:40+00:00\",\"breadcrumb\":{\"@id\":\"https:\\\/\\\/www.strassenweb.de\\\/nachrichten\\\/was-ist-dein-geburtsmonatbaum-entdecken-sie-die-symbolik-hinter-ihrer-und-wie-sie-sie-in-ihrem-garten-anbauen-koennen\\\/#breadcrumb\"},\"inLanguage\":\"de\",\"potentialAction\":[{\"@type\":\"ReadAction\",\"target\":[\"https:\\\/\\\/www.strassenweb.de\\\/nachrichten\\\/was-ist-dein-geburtsmonatbaum-entdecken-sie-die-symbolik-hinter-ihrer-und-wie-sie-sie-in-ihrem-garten-anbauen-koennen\\\/\"]}]},{\"@type\":\"ImageObject\",\"inLanguage\":\"de\",\"@id\":\"https:\\\/\\\/www.strassenweb.de\\\/nachrichten\\\/was-ist-dein-geburtsmonatbaum-entdecken-sie-die-symbolik-hinter-ihrer-und-wie-sie-sie-in-ihrem-garten-anbauen-koennen\\\/#primaryimage\",\"url\":\"https:\\\/\\\/www.strassenweb.de\\\/nachrichten\\\/wp-content\\\/uploads\\\/2025\\\/07\\\/Was-ist-dein-Geburtsmonatbaum-Entdecken-Sie-die-Symbolik-hinter-Ihrer.jpg\",\"contentUrl\":\"https:\\\/\\\/www.strassenweb.de\\\/nachrichten\\\/wp-content\\\/uploads\\\/2025\\\/07\\\/Was-ist-dein-Geburtsmonatbaum-Entdecken-Sie-die-Symbolik-hinter-Ihrer.jpg\",\"width\":1600,\"height\":900,\"caption\":\"What&amp;#039;s your birth month tree?\"},{\"@type\":\"BreadcrumbList\",\"@id\":\"https:\\\/\\\/www.strassenweb.de\\\/nachrichten\\\/was-ist-dein-geburtsmonatbaum-entdecken-sie-die-symbolik-hinter-ihrer-und-wie-sie-sie-in-ihrem-garten-anbauen-koennen\\\/#breadcrumb\",\"itemListElement\":[{\"@type\":\"ListItem\",\"position\":1,\"name\":\"Home\",\"item\":\"https:\\\/\\\/www.strassenweb.de\\\/nachrichten\\\/\"},{\"@type\":\"ListItem\",\"position\":2,\"name\":\"Was ist dein Geburtsmonatbaum? Entdecken Sie die Symbolik hinter Ihrer und wie Sie sie in Ihrem Garten anbauen k\u00f6nnen\"}]},{\"@type\":\"WebSite\",\"@id\":\"https:\\\/\\\/www.strassenweb.de\\\/nachrichten\\\/#website\",\"url\":\"https:\\\/\\\/www.strassenweb.de\\\/nachrichten\\\/\",\"name\":\"Stra\u00dfenweb\",\"description\":\"Stra\u00dfenverzeichnis f\u00fcr Deutschland\",\"publisher\":{\"@id\":\"https:\\\/\\\/www.strassenweb.de\\\/nachrichten\\\/#organization\"},\"potentialAction\":[{\"@type\":\"SearchAction\",\"target\":{\"@type\":\"EntryPoint\",\"urlTemplate\":\"https:\\\/\\\/www.strassenweb.de\\\/nachrichten\\\/?s={search_term_string}\"},\"query-input\":{\"@type\":\"PropertyValueSpecification\",\"valueRequired\":true,\"valueName\":\"search_term_string\"}}],\"inLanguage\":\"de\"},{\"@type\":\"Organization\",\"@id\":\"https:\\\/\\\/www.strassenweb.de\\\/nachrichten\\\/#organization\",\"name\":\"Stra\u00dfenweb\",\"url\":\"https:\\\/\\\/www.strassenweb.de\\\/nachrichten\\\/\",\"logo\":{\"@type\":\"ImageObject\",\"inLanguage\":\"de\",\"@id\":\"https:\\\/\\\/www.strassenweb.de\\\/nachrichten\\\/#\\\/schema\\\/logo\\\/image\\\/\",\"url\":\"https:\\\/\\\/www.strassenweb.de\\\/nachrichten\\\/wp-content\\\/uploads\\\/2024\\\/09\\\/cropped-favicon.png\",\"contentUrl\":\"https:\\\/\\\/www.strassenweb.de\\\/nachrichten\\\/wp-content\\\/uploads\\\/2024\\\/09\\\/cropped-favicon.png\",\"width\":512,\"height\":512,\"caption\":\"Stra\u00dfenweb\"},\"image\":{\"@id\":\"https:\\\/\\\/www.strassenweb.de\\\/nachrichten\\\/#\\\/schema\\\/logo\\\/image\\\/\"},\"sameAs\":[\"https:\\\/\\\/www.facebook.com\\\/strassenweb\\\/\"]},{\"@type\":\"Person\",\"@id\":\"https:\\\/\\\/www.strassenweb.de\\\/nachrichten\\\/#\\\/schema\\\/person\\\/87c9c9067f1211da429a744dc5a5aa41\",\"name\":\"Robert Hoffmann\",\"image\":{\"@type\":\"ImageObject\",\"inLanguage\":\"de\",\"@id\":\"https:\\\/\\\/www.strassenweb.de\\\/nachrichten\\\/wp-content\\\/uploads\\\/2024\\\/09\\\/strassenweb-150x150.jpg\",\"url\":\"https:\\\/\\\/www.strassenweb.de\\\/nachrichten\\\/wp-content\\\/uploads\\\/2024\\\/09\\\/strassenweb-150x150.jpg\",\"contentUrl\":\"https:\\\/\\\/www.strassenweb.de\\\/nachrichten\\\/wp-content\\\/uploads\\\/2024\\\/09\\\/strassenweb-150x150.jpg\",\"caption\":\"Robert Hoffmann\"},\"description\":\"Ich hei\u00dfe Robert Hoffmann und ich bin ein leidenschaftlicher Verfechter von \u00d6kologie und Biodiversit\u00e4t. Seit meiner Kindheit in den W\u00e4ldern Bayerns f\u00fchle ich mich mit der Natur verbunden und bin entschlossen, sie zu sch\u00fctzen. Heute widme ich mein Leben der Sensibilisierung anderer f\u00fcr die Bedeutung des Umweltschutzes f\u00fcr zuk\u00fcnftige Generationen.\",\"sameAs\":[\"https:\\\/\\\/www.strassenweb.de\\\/\"]}]}<\/script>\n<!-- \/ Yoast SEO plugin. -->","yoast_head_json":{"title":"Was ist dein Geburtsmonatbaum? Entdecken Sie die Symbolik hinter Ihrer und wie Sie sie in Ihrem Garten anbauen k\u00f6nnen - Nachrichten - Stra\u00dfenweb","robots":{"index":"index","follow":"follow","max-snippet":"max-snippet:-1","max-image-preview":"max-image-preview:large","max-video-preview":"max-video-preview:-1"},"canonical":"https:\/\/www.strassenweb.de\/nachrichten\/was-ist-dein-geburtsmonatbaum-entdecken-sie-die-symbolik-hinter-ihrer-und-wie-sie-sie-in-ihrem-garten-anbauen-koennen\/","og_locale":"de_DE","og_type":"article","og_title":"Was ist dein Geburtsmonatbaum? Entdecken Sie die Symbolik hinter Ihrer und wie Sie sie in Ihrem Garten anbauen k\u00f6nnen - Nachrichten - Stra\u00dfenweb","og_description":"Ich liebe es, Wegen zu finden, um meinem Garten pers\u00f6nliche Schl\u00e4gen zu verleihen. Es ist eine sch\u00f6ne Art, einen eigenen Au\u00dfenbereich wirklich zu machen, und","og_url":"https:\/\/www.strassenweb.de\/nachrichten\/was-ist-dein-geburtsmonatbaum-entdecken-sie-die-symbolik-hinter-ihrer-und-wie-sie-sie-in-ihrem-garten-anbauen-koennen\/","og_site_name":"Stra\u00dfenweb","article_publisher":"https:\/\/www.facebook.com\/strassenweb\/","article_published_time":"2025-07-19T15:40:39+00:00","article_modified_time":"2025-07-19T15:40:40+00:00","og_image":[{"width":1600,"height":900,"url":"https:\/\/www.strassenweb.de\/nachrichten\/wp-content\/uploads\/2025\/07\/Was-ist-dein-Geburtsmonatbaum-Entdecken-Sie-die-Symbolik-hinter-Ihrer.jpg","type":"image\/jpeg"}],"author":"Robert Hoffmann","twitter_card":"summary_large_image","twitter_misc":{"Verfasst von":"Robert Hoffmann","Gesch\u00e4tzte Lesezeit":"11\u00a0Minuten"},"schema":{"@context":"https:\/\/schema.org","@graph":[{"@type":"Article","@id":"https:\/\/www.strassenweb.de\/nachrichten\/was-ist-dein-geburtsmonatbaum-entdecken-sie-die-symbolik-hinter-ihrer-und-wie-sie-sie-in-ihrem-garten-anbauen-koennen\/#article","isPartOf":{"@id":"https:\/\/www.strassenweb.de\/nachrichten\/was-ist-dein-geburtsmonatbaum-entdecken-sie-die-symbolik-hinter-ihrer-und-wie-sie-sie-in-ihrem-garten-anbauen-koennen\/"},"author":{"name":"Robert Hoffmann","@id":"https:\/\/www.strassenweb.de\/nachrichten\/#\/schema\/person\/87c9c9067f1211da429a744dc5a5aa41"},"headline":"Was ist dein Geburtsmonatbaum? Entdecken Sie die Symbolik hinter Ihrer und wie Sie sie in Ihrem Garten anbauen k\u00f6nnen","datePublished":"2025-07-19T15:40:39+00:00","dateModified":"2025-07-19T15:40:40+00:00","mainEntityOfPage":{"@id":"https:\/\/www.strassenweb.de\/nachrichten\/was-ist-dein-geburtsmonatbaum-entdecken-sie-die-symbolik-hinter-ihrer-und-wie-sie-sie-in-ihrem-garten-anbauen-koennen\/"},"wordCount":2227,"publisher":{"@id":"https:\/\/www.strassenweb.de\/nachrichten\/#organization"},"image":{"@id":"https:\/\/www.strassenweb.de\/nachrichten\/was-ist-dein-geburtsmonatbaum-entdecken-sie-die-symbolik-hinter-ihrer-und-wie-sie-sie-in-ihrem-garten-anbauen-koennen\/#primaryimage"},"thumbnailUrl":"https:\/\/www.strassenweb.de\/nachrichten\/wp-content\/uploads\/2025\/07\/Was-ist-dein-Geburtsmonatbaum-Entdecken-Sie-die-Symbolik-hinter-Ihrer.jpg","keywords":["anbauen","dein","die","Entdecken","Garten","Geburtsmonatbaum","hinter","ihrem","ihrer","ist","k\u00f6nnen","Sie","Symbolik","und","Wie"],"articleSection":["Haus &amp; Garten"],"inLanguage":"de"},{"@type":"WebPage","@id":"https:\/\/www.strassenweb.de\/nachrichten\/was-ist-dein-geburtsmonatbaum-entdecken-sie-die-symbolik-hinter-ihrer-und-wie-sie-sie-in-ihrem-garten-anbauen-koennen\/","url":"https:\/\/www.strassenweb.de\/nachrichten\/was-ist-dein-geburtsmonatbaum-entdecken-sie-die-symbolik-hinter-ihrer-und-wie-sie-sie-in-ihrem-garten-anbauen-koennen\/","name":"Was ist dein Geburtsmonatbaum? Entdecken Sie die Symbolik hinter Ihrer und wie Sie sie in Ihrem Garten anbauen k\u00f6nnen - Nachrichten - Stra\u00dfenweb","isPartOf":{"@id":"https:\/\/www.strassenweb.de\/nachrichten\/#website"},"primaryImageOfPage":{"@id":"https:\/\/www.strassenweb.de\/nachrichten\/was-ist-dein-geburtsmonatbaum-entdecken-sie-die-symbolik-hinter-ihrer-und-wie-sie-sie-in-ihrem-garten-anbauen-koennen\/#primaryimage"},"image":{"@id":"https:\/\/www.strassenweb.de\/nachrichten\/was-ist-dein-geburtsmonatbaum-entdecken-sie-die-symbolik-hinter-ihrer-und-wie-sie-sie-in-ihrem-garten-anbauen-koennen\/#primaryimage"},"thumbnailUrl":"https:\/\/www.strassenweb.de\/nachrichten\/wp-content\/uploads\/2025\/07\/Was-ist-dein-Geburtsmonatbaum-Entdecken-Sie-die-Symbolik-hinter-Ihrer.jpg","datePublished":"2025-07-19T15:40:39+00:00","dateModified":"2025-07-19T15:40:40+00:00","breadcrumb":{"@id":"https:\/\/www.strassenweb.de\/nachrichten\/was-ist-dein-geburtsmonatbaum-entdecken-sie-die-symbolik-hinter-ihrer-und-wie-sie-sie-in-ihrem-garten-anbauen-koennen\/#breadcrumb"},"inLanguage":"de","potentialAction":[{"@type":"ReadAction","target":["https:\/\/www.strassenweb.de\/nachrichten\/was-ist-dein-geburtsmonatbaum-entdecken-sie-die-symbolik-hinter-ihrer-und-wie-sie-sie-in-ihrem-garten-anbauen-koennen\/"]}]},{"@type":"ImageObject","inLanguage":"de","@id":"https:\/\/www.strassenweb.de\/nachrichten\/was-ist-dein-geburtsmonatbaum-entdecken-sie-die-symbolik-hinter-ihrer-und-wie-sie-sie-in-ihrem-garten-anbauen-koennen\/#primaryimage","url":"https:\/\/www.strassenweb.de\/nachrichten\/wp-content\/uploads\/2025\/07\/Was-ist-dein-Geburtsmonatbaum-Entdecken-Sie-die-Symbolik-hinter-Ihrer.jpg","contentUrl":"https:\/\/www.strassenweb.de\/nachrichten\/wp-content\/uploads\/2025\/07\/Was-ist-dein-Geburtsmonatbaum-Entdecken-Sie-die-Symbolik-hinter-Ihrer.jpg","width":1600,"height":900,"caption":"What&amp;#039;s your birth month tree?"},{"@type":"BreadcrumbList","@id":"https:\/\/www.strassenweb.de\/nachrichten\/was-ist-dein-geburtsmonatbaum-entdecken-sie-die-symbolik-hinter-ihrer-und-wie-sie-sie-in-ihrem-garten-anbauen-koennen\/#breadcrumb","itemListElement":[{"@type":"ListItem","position":1,"name":"Home","item":"https:\/\/www.strassenweb.de\/nachrichten\/"},{"@type":"ListItem","position":2,"name":"Was ist dein Geburtsmonatbaum? Entdecken Sie die Symbolik hinter Ihrer und wie Sie sie in Ihrem Garten anbauen k\u00f6nnen"}]},{"@type":"WebSite","@id":"https:\/\/www.strassenweb.de\/nachrichten\/#website","url":"https:\/\/www.strassenweb.de\/nachrichten\/","name":"Stra\u00dfenweb","description":"Stra\u00dfenverzeichnis f\u00fcr Deutschland","publisher":{"@id":"https:\/\/www.strassenweb.de\/nachrichten\/#organization"},"potentialAction":[{"@type":"SearchAction","target":{"@type":"EntryPoint","urlTemplate":"https:\/\/www.strassenweb.de\/nachrichten\/?s={search_term_string}"},"query-input":{"@type":"PropertyValueSpecification","valueRequired":true,"valueName":"search_term_string"}}],"inLanguage":"de"},{"@type":"Organization","@id":"https:\/\/www.strassenweb.de\/nachrichten\/#organization","name":"Stra\u00dfenweb","url":"https:\/\/www.strassenweb.de\/nachrichten\/","logo":{"@type":"ImageObject","inLanguage":"de","@id":"https:\/\/www.strassenweb.de\/nachrichten\/#\/schema\/logo\/image\/","url":"https:\/\/www.strassenweb.de\/nachrichten\/wp-content\/uploads\/2024\/09\/cropped-favicon.png","contentUrl":"https:\/\/www.strassenweb.de\/nachrichten\/wp-content\/uploads\/2024\/09\/cropped-favicon.png","width":512,"height":512,"caption":"Stra\u00dfenweb"},"image":{"@id":"https:\/\/www.strassenweb.de\/nachrichten\/#\/schema\/logo\/image\/"},"sameAs":["https:\/\/www.facebook.com\/strassenweb\/"]},{"@type":"Person","@id":"https:\/\/www.strassenweb.de\/nachrichten\/#\/schema\/person\/87c9c9067f1211da429a744dc5a5aa41","name":"Robert Hoffmann","image":{"@type":"ImageObject","inLanguage":"de","@id":"https:\/\/www.strassenweb.de\/nachrichten\/wp-content\/uploads\/2024\/09\/strassenweb-150x150.jpg","url":"https:\/\/www.strassenweb.de\/nachrichten\/wp-content\/uploads\/2024\/09\/strassenweb-150x150.jpg","contentUrl":"https:\/\/www.strassenweb.de\/nachrichten\/wp-content\/uploads\/2024\/09\/strassenweb-150x150.jpg","caption":"Robert Hoffmann"},"description":"Ich hei\u00dfe Robert Hoffmann und ich bin ein leidenschaftlicher Verfechter von \u00d6kologie und Biodiversit\u00e4t. Seit meiner Kindheit in den W\u00e4ldern Bayerns f\u00fchle ich mich mit der Natur verbunden und bin entschlossen, sie zu sch\u00fctzen. Heute widme ich mein Leben der Sensibilisierung anderer f\u00fcr die Bedeutung des Umweltschutzes f\u00fcr zuk\u00fcnftige Generationen.","sameAs":["https:\/\/www.strassenweb.de\/"]}]}},"_links":{"self":[{"href":"https:\/\/www.strassenweb.de\/nachrichten\/wp-json\/wp\/v2\/posts\/6339","targetHints":{"allow":["GET"]}}],"collection":[{"href":"https:\/\/www.strassenweb.de\/nachrichten\/wp-json\/wp\/v2\/posts"}],"about":[{"href":"https:\/\/www.strassenweb.de\/nachrichten\/wp-json\/wp\/v2\/types\/post"}],"author":[{"embeddable":true,"href":"https:\/\/www.strassenweb.de\/nachrichten\/wp-json\/wp\/v2\/users\/1"}],"replies":[{"embeddable":true,"href":"https:\/\/www.strassenweb.de\/nachrichten\/wp-json\/wp\/v2\/comments?post=6339"}],"version-history":[{"count":0,"href":"https:\/\/www.strassenweb.de\/nachrichten\/wp-json\/wp\/v2\/posts\/6339\/revisions"}],"wp:featuredmedia":[{"embeddable":true,"href":"https:\/\/www.strassenweb.de\/nachrichten\/wp-json\/wp\/v2\/media\/6340"}],"wp:attachment":[{"href":"https:\/\/www.strassenweb.de\/nachrichten\/wp-json\/wp\/v2\/media?parent=6339"}],"wp:term":[{"taxonomy":"category","embeddable":true,"href":"https:\/\/www.strassenweb.de\/nachrichten\/wp-json\/wp\/v2\/categories?post=6339"},{"taxonomy":"post_tag","embeddable":true,"href":"https:\/\/www.strassenweb.de\/nachrichten\/wp-json\/wp\/v2\/tags?post=6339"}],"curies":[{"name":"wp","href":"https:\/\/api.w.org\/{rel}","templated":true}]}}