{"id":6321,"date":"2025-07-18T17:39:41","date_gmt":"2025-07-18T15:39:41","guid":{"rendered":"https:\/\/www.strassenweb.de\/nachrichten\/jimi-hendrix-schlafzimmer-der-60er-jahre-ist-eine-mittlere-feier-des-persoenlichen-stils-folgt-seinem-beispiel-das-gegenmittel-gegen-den-beschleunigten-trendzyklus\/"},"modified":"2025-07-18T17:39:41","modified_gmt":"2025-07-18T15:39:41","slug":"jimi-hendrix-schlafzimmer-der-60er-jahre-ist-eine-mittlere-feier-des-persoenlichen-stils-folgt-seinem-beispiel-das-gegenmittel-gegen-den-beschleunigten-trendzyklus","status":"publish","type":"post","link":"https:\/\/www.strassenweb.de\/nachrichten\/jimi-hendrix-schlafzimmer-der-60er-jahre-ist-eine-mittlere-feier-des-persoenlichen-stils-folgt-seinem-beispiel-das-gegenmittel-gegen-den-beschleunigten-trendzyklus\/","title":{"rendered":"Jimi Hendrix &#8218;Schlafzimmer der 60er Jahre ist eine&#8216; mittlere &#8218;Feier des pers\u00f6nlichen Stils &#8211; folgt seinem Beispiel das Gegenmittel gegen den beschleunigten Trendzyklus"},"content":{"rendered":"<div id=\"article-body\" class=\"article__body \">\n<p>Der Mittelimalismus ist das gemessene Mittelkind f\u00fcr Minimalismus und Maximalismus. Es umfasst das Gleichgewicht zwischen Pers\u00f6nlichkeit und Sch\u00fcttelstil mit Begeisterung und schwelgte dazwischen. Das Schlafzimmer von Jimi Hendrix ist eines der besten Beispiele, die wir gesehen haben.<\/p>\n<div id=\"ad-unit-1\" class=\"ad-unit\"><\/div>\n<p>Im Jahr 2016 wurde eine Erholung des Schlafzimmers der 60er Jahre des Gitarristen f\u00fcr die \u00d6ffentlichkeit auf der H\u00e4ndel- und Hendrix -Ausstellung in London ausgestellt, und es ist eine Meisterklasse im Midimalist -Trend.<\/p>\n<aside data-block-type=\"embed\" data-render-type=\"fte\" data-skip=\"dealsy\" data-widget-type=\"seasonal\" class=\"hawk-base\"><\/aside>\n<p>Jimis vielseitiger Raum kombiniert geschichtete Perserteppiche, antike Holzm\u00f6bel, extravagante Federn und einen Schal im 70er-Jahre-Stil, der an der Decke h\u00e4ngt. Sein Raum ist eine Mischung aus Epochen und Mustern, die alle von einfachen wei\u00dfen W\u00e4nden und zur\u00fcckhaltenden Silhouetten geerdet sind.<\/p>\n<div class=\"van_vid_carousel\">\n<div class=\"van_vid_carousel__padding\">\n<div class=\"van_vid_carousel__container\"><\/div>\n<\/div>\n<\/div>\n<aside data-component-name=\"Recirculation:ArticleRiver\" data-nosnippet class=\"pt-3 pb-4 mb-4 border-b border-solid border-(#333)\">\n<span class=\"\nafter:content-('') after:flex-1 after:ml-4 after:my-(0.7rem) after:border-t-(#333) after:border-t after:border-solid\nbefore:content-('') before:flex-1 before:mr-4 before:my-(0.7rem) before:border-t-(#333) before:border-t before:border-solid\nfont-article-heading pb-3 !text-base font-bold uppercase sm:text-sm text-(#333) flex\"><\/p>\n<p>Sie m\u00f6gen m\u00f6gen<br \/>\n<\/span><\/p>\n<ul class=\"flex flex-col gap-3 m-0\">\n<li class=\"m-0 list-none\" name=\"recirculation-inline\" data-analytics-id=\"recirculation-inline-1\" analytics-label=\"adviser:related\">\n<picture data-new-v2-image=\"true\" class=\"w-(--article-river-thumbnail-width,60px) flex-shrink-0\"><source type=\"image\/webp\"  ><\/source><\/p>\n<\/picture>\n<span class=\"hover:text-inherit font-article-heading text-base text-(#333) leading-5 content-center\">Elton Johns unapologetisch mutiger 70er -Eingang enth\u00fcllt die dauerhafte Kraft des Jahrzehnts &#8211; es leitet immer noch die Designtrends bis heute<\/span><\/p>\n<\/li>\n<li class=\"m-0 list-none\" name=\"recirculation-inline\" data-analytics-id=\"recirculation-inline-2\" analytics-label=\"adviser:related\">\n<picture data-new-v2-image=\"true\" class=\"w-(--article-river-thumbnail-width,60px) flex-shrink-0\"><source type=\"image\/webp\"  ><\/source><br \/>\n<img decoding=\"async\" alt=\"Eklektisches Wohnzimmer mit Holzsessemperien und runden Couchtisch, abstrakte Kunst und flauschiges Sofa\"   loading=\"lazy\" data-new-v2-image=\"true\" src=\"https:\/\/www.strassenweb.de\/nachrichten\/wp-content\/uploads\/2025\/07\/rbWbfmQb4zcA3Lp8Gctezf.jpg\" data-pin-media=\"https:\/\/www.strassenweb.de\/nachrichten\/wp-content\/uploads\/2025\/07\/rbWbfmQb4zcA3Lp8Gctezf.jpg\" data-pin-nopin=\"true\" class=\"aspect-(--img-listing-aspect-ratio,16\/9) object-cover w-(--article-river-thumbnail-width,60px) flex-shrink-0\">\n<\/picture>\n<span class=\"hover:text-inherit font-article-heading text-base text-(#333) leading-5 content-center\">Dieser neue Wohnzimmerstil ist perfekt, wenn Sie Designentscheidungsm\u00fcdigkeit wie mich haben &#8211; hier ist, warum ich den Midimalismus in meinem Wohnzimmer nehme<\/span><\/p>\n<\/li>\n<li class=\"m-0 list-none\" name=\"recirculation-inline\" data-analytics-id=\"recirculation-inline-3\" analytics-label=\"adviser:related\">\n<picture data-new-v2-image=\"true\" class=\"w-(--article-river-thumbnail-width,60px) flex-shrink-0\"><source type=\"image\/webp\"  ><\/source><br \/>\n<img decoding=\"async\" alt=\"Schlafzimmer mit blauen W\u00e4nden, blau gestrichenem Kamin, rosa Nachttisch, Rattan -Kopfteil, botanischen Drucken und rosa Overkopf -Licht\"   loading=\"lazy\" data-new-v2-image=\"true\" src=\"https:\/\/www.strassenweb.de\/nachrichten\/wp-content\/uploads\/2025\/05\/aLuRsT5xmr4Z4a9EMVcsoV.jpg\" data-pin-media=\"https:\/\/www.strassenweb.de\/nachrichten\/wp-content\/uploads\/2025\/05\/aLuRsT5xmr4Z4a9EMVcsoV.jpg\" data-pin-nopin=\"true\" class=\"aspect-(--img-listing-aspect-ratio,16\/9) object-cover w-(--article-river-thumbnail-width,60px) flex-shrink-0\">\n<\/picture>\n<span class=\"hover:text-inherit font-article-heading text-base text-(#333) leading-5 content-center\">Midimalistische Schlafzimmer sind aus gutem Grund im Trend<\/span><\/p>\n<\/li>\n<\/ul>\n<\/aside>\n<p>Da sich die Trends der Innenausstattung zunehmend schnell \u00e4ndern, f\u00fchlt sich Jimis moderate Kombination aus Mittelimalismus mit \u00dcbergangsdekor wie ein Balsam f\u00fcr den beschleunigten Trendzyklus an. In <em>H\u00e4user &#038; G\u00e4rten &#8218;<\/em> Das Interview mit dem Trends -Experten von Etsy, Dayna Isom Johnson, erkl\u00e4rte, dass es eine der besten M\u00f6glichkeiten ist, unter diesen Schichten zeitlos zu bleiben.<\/p>\n<div id=\"ad-unit-2\" class=\"ad-unit\"><\/div>\n<figure class=\"van-image-figure inline-layout \" data-bordeaux-image-check>\n<div class=\"image-full-width-wrapper\">\n<div class=\"image-widthsetter\" style=\"max-width:2000px;\"><\/div>\n<\/div>\n<\/figure>\n<h3 class=\"article-body__section\" id=\"section-shop-the-look\"><span>Kaufen Sie den Look ein<\/span><\/h3>\n<div class=\"product-container hero-product-container product-block-no-wrap\">\n<div class=\"product-block-row\"><\/div>\n<div class=\"product-block-row\"><\/div>\n<div class=\"product-block-row\"><\/div>\n<\/div>\n<p>Dayna diskutierte im Laufe der Jahrzehnte \u00fcber Designtrends und erkl\u00e4rt: \u201eAls ich am Fashion Institute of Technology in der Schule war und wir untersuchten, wie Trendzyklen passieren, war es so einfach, weil man sehr leicht vorhersagen konnte. In fast 20 bis 25 Jahren w\u00fcrden Sie eine Wiederholung dessen sehen, was in diesen Jahrzehnten aus der Vergangenheit passiert ist, oder? &#8218;<\/p>\n<p>&#8218;Heute und in den letzten 5 Jahren haben mehrere Jahrzehnte genau zur gleichen Zeit einen Moment. Ich denke, dies ist das erste Mal, dass dies passiert ist, und ich denke, es liegt daran, dass immer mehr Menschen die Regeln abgeben und stattdessen ihren pers\u00f6nlichen Innenarchitekturstil und ihren eigenen pers\u00f6nlichen Flair annehmen. Das bedeutet dann, dass K\u00e4ufer von einer Reihe von Zeitr\u00e4umen inspiriert sind. &#8218;<\/p>\n<figure class=\"van-image-figure inline-layout \" data-bordeaux-image-check>\n<div class=\"image-full-width-wrapper\">\n<div class=\"image-widthsetter\" style=\"max-width:2000px;\"><\/div>\n<\/div>\n<\/figure>\n<p>Diese Ver\u00e4nderungen f\u00fchren dazu, dass sich mehr Menschen zu vielseitigeren Innenr\u00e4umen wenden, die sich von einer Reihe von Epochen inspirieren lassen.<\/p>\n<div id=\"slice-container-newsletterForm-articleInbodyContent-qDzVWSXJcazhDpwJwwGcQP\" class=\"slice-container newsletter-inbodyContent-slice newsletterForm-articleInbodyContent-qDzVWSXJcazhDpwJwwGcQP slice-container-newsletterForm\"><\/div>\n<p>Dayna erkl\u00e4rt: &#8218;Innenr\u00e4ume werden vielseitiger als je zuvor. Sie werden auch viele Texturen sehen. Vor ein paar Jahren durften wir nicht ber\u00fchren und f\u00fchlen, und jetzt sind wir in diesem extremen Textur Moment, in dem jeder in irgendeiner Weise Textur erleben m\u00f6chte. Ich denke auch, dass Textur W\u00e4rme in einen Raum bringt, und Sie ben\u00f6tigen diese mehrere Elemente, damit sich ein Raum den Kreis anf\u00fchlt. &#8218;<\/p>\n<figure class=\"van-image-figure inline-layout \" data-bordeaux-image-check>\n<div class=\"image-full-width-wrapper\">\n<div class=\"image-widthsetter\" style=\"max-width:2000px;\"><\/div>\n<\/div>\n<\/figure>\n<p>Dayna empfiehlt, diesen \u00dcbergangsdesign -Stil noch mehr geerdet zu halten, um maximalere und minimale Elemente f\u00fcr einen ausgewogenen Raum zusammenzumischen. Jimi Hendrix &#8218;mittleralistischer Raum ist ein gutes Beispiel.<\/p>\n<p>\u201eDie Menschen lieben diesen mittleren Abschnitt des Minimalismus, von dem ich denke, dass es die Menschen zu Ende sind, und den Maximalismus, was meiner Meinung nach f\u00fcr die durchschnittliche Person zu viel sein kann. Die Menschen sind also absichtlicher und geben mehr Gedanken und Anstrengungen in genau diesen richtigen s\u00fc\u00dfen Punkt, der auch mit der Martha Stewart -\u00c4sthetik zusammenf\u00e4llt. Wie ihre R\u00e4ume genau richtig sind, nicht perfekt, aber genau richtig, lebte einfach in, gerade genug kuratiert. &#8218;<\/p>\n<figure class=\"van-image-figure inline-layout \" data-bordeaux-image-check>\n<div class=\"image-full-width-wrapper\">\n<div class=\"image-widthsetter\" style=\"max-width:2000px;\"><\/div>\n<\/div>\n<\/figure>\n<hr>\n<p>Zeitlose Innenr\u00e4ume neigen dazu, im Zentrum der Extreme zu sitzen. Sch\u00f6ne R\u00e4ume aus der Vergangenheit sind einer der besten Orte, um nach Inspiration zu suchen.<\/p>\n<hr>\n<div class=\"min-h-(270px) mb-4\" id=\"viafoura-engagement-starter-wrapper\" data-component-name=\"Elk:Embed:EngagementStarter\">\n<div class=\"viafoura\">\n<vf-conversation-starter target=\"viafoura-comments\" minimum-comment-count=\"5\"><br \/>\n<\/vf-conversation-starter>\n<\/div>\n<\/div>\n<hr>\n<\/div>\n","protected":false},"excerpt":{"rendered":"<p>Der Mittelimalismus ist das gemessene Mittelkind f\u00fcr Minimalismus und Maximalismus. Es umfasst das Gleichgewicht zwischen Pers\u00f6nlichkeit und Sch\u00fcttelstil mit Begeisterung und schwelgte dazwischen. Das Schlafzimmer<\/p>\n","protected":false},"author":1,"featured_media":6322,"comment_status":"closed","ping_status":"","sticky":false,"template":"","format":"standard","meta":{"footnotes":""},"categories":[118],"tags":[7904,785,8714,112,78,81,281,74,3761,3409,294,8713,8711,15,831,8710,8712,3933,866,1255,1240,8715],"class_list":["post-6321","post","type-post","status-publish","format-standard","has-post-thumbnail","hentry","category-haus-garten","tag-60er","tag-beispiel","tag-beschleunigten","tag-das","tag-den","tag-der","tag-des","tag-eine","tag-feier","tag-folgt","tag-gegen","tag-gegenmittel","tag-hendrix","tag-ist","tag-jahre","tag-jimi","tag-mittlere","tag-persoenlichen","tag-schlafzimmer","tag-seinem","tag-stils","tag-trendzyklus","generate-columns","tablet-grid-50","mobile-grid-100","grid-parent","grid-50"],"yoast_head":"<!-- This site is optimized with the Yoast SEO plugin v27.3 - https:\/\/yoast.com\/product\/yoast-seo-wordpress\/ -->\n<title>Jimi Hendrix &#039;Schlafzimmer der 60er Jahre ist eine&#039; mittlere &#039;Feier des pers\u00f6nlichen Stils - folgt seinem Beispiel das Gegenmittel gegen den beschleunigten Trendzyklus - Nachrichten - Stra\u00dfenweb<\/title>\n<meta name=\"robots\" content=\"index, follow, max-snippet:-1, max-image-preview:large, max-video-preview:-1\" \/>\n<link rel=\"canonical\" href=\"https:\/\/www.strassenweb.de\/nachrichten\/jimi-hendrix-schlafzimmer-der-60er-jahre-ist-eine-mittlere-feier-des-persoenlichen-stils-folgt-seinem-beispiel-das-gegenmittel-gegen-den-beschleunigten-trendzyklus\/\" \/>\n<meta property=\"og:locale\" content=\"de_DE\" \/>\n<meta property=\"og:type\" content=\"article\" \/>\n<meta property=\"og:title\" content=\"Jimi Hendrix &#039;Schlafzimmer der 60er Jahre ist eine&#039; mittlere &#039;Feier des pers\u00f6nlichen Stils - folgt seinem Beispiel das Gegenmittel gegen den beschleunigten Trendzyklus - Nachrichten - Stra\u00dfenweb\" \/>\n<meta property=\"og:description\" content=\"Der Mittelimalismus ist das gemessene Mittelkind f\u00fcr Minimalismus und Maximalismus. Es umfasst das Gleichgewicht zwischen Pers\u00f6nlichkeit und Sch\u00fcttelstil mit Begeisterung und schwelgte dazwischen. Das Schlafzimmer\" \/>\n<meta property=\"og:url\" content=\"https:\/\/www.strassenweb.de\/nachrichten\/jimi-hendrix-schlafzimmer-der-60er-jahre-ist-eine-mittlere-feier-des-persoenlichen-stils-folgt-seinem-beispiel-das-gegenmittel-gegen-den-beschleunigten-trendzyklus\/\" \/>\n<meta property=\"og:site_name\" content=\"Stra\u00dfenweb\" \/>\n<meta property=\"article:publisher\" content=\"https:\/\/www.facebook.com\/strassenweb\/\" \/>\n<meta property=\"article:published_time\" content=\"2025-07-18T15:39:41+00:00\" \/>\n<meta property=\"og:image\" content=\"https:\/\/www.strassenweb.de\/nachrichten\/wp-content\/uploads\/2025\/07\/Jimi-Hendrix-Schlafzimmer-der-60er-Jahre-ist-eine-mittlere-Feier.jpg\" \/>\n\t<meta property=\"og:image:width\" content=\"1600\" \/>\n\t<meta property=\"og:image:height\" content=\"900\" \/>\n\t<meta property=\"og:image:type\" content=\"image\/jpeg\" \/>\n<meta name=\"author\" content=\"Robert Hoffmann\" \/>\n<meta name=\"twitter:card\" content=\"summary_large_image\" \/>\n<meta name=\"twitter:label1\" content=\"Verfasst von\" \/>\n\t<meta name=\"twitter:data1\" content=\"Robert Hoffmann\" \/>\n\t<meta name=\"twitter:label2\" content=\"Gesch\u00e4tzte Lesezeit\" \/>\n\t<meta name=\"twitter:data2\" content=\"3\u00a0Minuten\" \/>\n<script type=\"application\/ld+json\" class=\"yoast-schema-graph\">{\"@context\":\"https:\\\/\\\/schema.org\",\"@graph\":[{\"@type\":\"Article\",\"@id\":\"https:\\\/\\\/www.strassenweb.de\\\/nachrichten\\\/jimi-hendrix-schlafzimmer-der-60er-jahre-ist-eine-mittlere-feier-des-persoenlichen-stils-folgt-seinem-beispiel-das-gegenmittel-gegen-den-beschleunigten-trendzyklus\\\/#article\",\"isPartOf\":{\"@id\":\"https:\\\/\\\/www.strassenweb.de\\\/nachrichten\\\/jimi-hendrix-schlafzimmer-der-60er-jahre-ist-eine-mittlere-feier-des-persoenlichen-stils-folgt-seinem-beispiel-das-gegenmittel-gegen-den-beschleunigten-trendzyklus\\\/\"},\"author\":{\"name\":\"Robert Hoffmann\",\"@id\":\"https:\\\/\\\/www.strassenweb.de\\\/nachrichten\\\/#\\\/schema\\\/person\\\/87c9c9067f1211da429a744dc5a5aa41\"},\"headline\":\"Jimi Hendrix &#8218;Schlafzimmer der 60er Jahre ist eine&#8216; mittlere &#8218;Feier des pers\u00f6nlichen Stils &#8211; folgt seinem Beispiel das Gegenmittel gegen den beschleunigten Trendzyklus\",\"datePublished\":\"2025-07-18T15:39:41+00:00\",\"mainEntityOfPage\":{\"@id\":\"https:\\\/\\\/www.strassenweb.de\\\/nachrichten\\\/jimi-hendrix-schlafzimmer-der-60er-jahre-ist-eine-mittlere-feier-des-persoenlichen-stils-folgt-seinem-beispiel-das-gegenmittel-gegen-den-beschleunigten-trendzyklus\\\/\"},\"wordCount\":626,\"publisher\":{\"@id\":\"https:\\\/\\\/www.strassenweb.de\\\/nachrichten\\\/#organization\"},\"image\":{\"@id\":\"https:\\\/\\\/www.strassenweb.de\\\/nachrichten\\\/jimi-hendrix-schlafzimmer-der-60er-jahre-ist-eine-mittlere-feier-des-persoenlichen-stils-folgt-seinem-beispiel-das-gegenmittel-gegen-den-beschleunigten-trendzyklus\\\/#primaryimage\"},\"thumbnailUrl\":\"https:\\\/\\\/www.strassenweb.de\\\/nachrichten\\\/wp-content\\\/uploads\\\/2025\\\/07\\\/Jimi-Hendrix-Schlafzimmer-der-60er-Jahre-ist-eine-mittlere-Feier.jpg\",\"keywords\":[\"60er\",\"Beispiel\",\"beschleunigten\",\"das\",\"den\",\"der\",\"des\",\"eine\",\"Feier\",\"folgt\",\"gegen\",\"Gegenmittel\",\"Hendrix\",\"ist\",\"Jahre\",\"Jimi\",\"mittlere\",\"pers\u00f6nlichen\",\"Schlafzimmer\",\"seinem\",\"Stils\",\"Trendzyklus\"],\"articleSection\":[\"Haus &amp; Garten\"],\"inLanguage\":\"de\"},{\"@type\":\"WebPage\",\"@id\":\"https:\\\/\\\/www.strassenweb.de\\\/nachrichten\\\/jimi-hendrix-schlafzimmer-der-60er-jahre-ist-eine-mittlere-feier-des-persoenlichen-stils-folgt-seinem-beispiel-das-gegenmittel-gegen-den-beschleunigten-trendzyklus\\\/\",\"url\":\"https:\\\/\\\/www.strassenweb.de\\\/nachrichten\\\/jimi-hendrix-schlafzimmer-der-60er-jahre-ist-eine-mittlere-feier-des-persoenlichen-stils-folgt-seinem-beispiel-das-gegenmittel-gegen-den-beschleunigten-trendzyklus\\\/\",\"name\":\"Jimi Hendrix 'Schlafzimmer der 60er Jahre ist eine' mittlere 'Feier des pers\u00f6nlichen Stils - folgt seinem Beispiel das Gegenmittel gegen den beschleunigten Trendzyklus - Nachrichten - Stra\u00dfenweb\",\"isPartOf\":{\"@id\":\"https:\\\/\\\/www.strassenweb.de\\\/nachrichten\\\/#website\"},\"primaryImageOfPage\":{\"@id\":\"https:\\\/\\\/www.strassenweb.de\\\/nachrichten\\\/jimi-hendrix-schlafzimmer-der-60er-jahre-ist-eine-mittlere-feier-des-persoenlichen-stils-folgt-seinem-beispiel-das-gegenmittel-gegen-den-beschleunigten-trendzyklus\\\/#primaryimage\"},\"image\":{\"@id\":\"https:\\\/\\\/www.strassenweb.de\\\/nachrichten\\\/jimi-hendrix-schlafzimmer-der-60er-jahre-ist-eine-mittlere-feier-des-persoenlichen-stils-folgt-seinem-beispiel-das-gegenmittel-gegen-den-beschleunigten-trendzyklus\\\/#primaryimage\"},\"thumbnailUrl\":\"https:\\\/\\\/www.strassenweb.de\\\/nachrichten\\\/wp-content\\\/uploads\\\/2025\\\/07\\\/Jimi-Hendrix-Schlafzimmer-der-60er-Jahre-ist-eine-mittlere-Feier.jpg\",\"datePublished\":\"2025-07-18T15:39:41+00:00\",\"breadcrumb\":{\"@id\":\"https:\\\/\\\/www.strassenweb.de\\\/nachrichten\\\/jimi-hendrix-schlafzimmer-der-60er-jahre-ist-eine-mittlere-feier-des-persoenlichen-stils-folgt-seinem-beispiel-das-gegenmittel-gegen-den-beschleunigten-trendzyklus\\\/#breadcrumb\"},\"inLanguage\":\"de\",\"potentialAction\":[{\"@type\":\"ReadAction\",\"target\":[\"https:\\\/\\\/www.strassenweb.de\\\/nachrichten\\\/jimi-hendrix-schlafzimmer-der-60er-jahre-ist-eine-mittlere-feier-des-persoenlichen-stils-folgt-seinem-beispiel-das-gegenmittel-gegen-den-beschleunigten-trendzyklus\\\/\"]}]},{\"@type\":\"ImageObject\",\"inLanguage\":\"de\",\"@id\":\"https:\\\/\\\/www.strassenweb.de\\\/nachrichten\\\/jimi-hendrix-schlafzimmer-der-60er-jahre-ist-eine-mittlere-feier-des-persoenlichen-stils-folgt-seinem-beispiel-das-gegenmittel-gegen-den-beschleunigten-trendzyklus\\\/#primaryimage\",\"url\":\"https:\\\/\\\/www.strassenweb.de\\\/nachrichten\\\/wp-content\\\/uploads\\\/2025\\\/07\\\/Jimi-Hendrix-Schlafzimmer-der-60er-Jahre-ist-eine-mittlere-Feier.jpg\",\"contentUrl\":\"https:\\\/\\\/www.strassenweb.de\\\/nachrichten\\\/wp-content\\\/uploads\\\/2025\\\/07\\\/Jimi-Hendrix-Schlafzimmer-der-60er-Jahre-ist-eine-mittlere-Feier.jpg\",\"width\":1600,\"height\":900,\"caption\":\"Jimi Hendrix in bed\"},{\"@type\":\"BreadcrumbList\",\"@id\":\"https:\\\/\\\/www.strassenweb.de\\\/nachrichten\\\/jimi-hendrix-schlafzimmer-der-60er-jahre-ist-eine-mittlere-feier-des-persoenlichen-stils-folgt-seinem-beispiel-das-gegenmittel-gegen-den-beschleunigten-trendzyklus\\\/#breadcrumb\",\"itemListElement\":[{\"@type\":\"ListItem\",\"position\":1,\"name\":\"Home\",\"item\":\"https:\\\/\\\/www.strassenweb.de\\\/nachrichten\\\/\"},{\"@type\":\"ListItem\",\"position\":2,\"name\":\"Jimi Hendrix &#8218;Schlafzimmer der 60er Jahre ist eine&#8216; mittlere &#8218;Feier des pers\u00f6nlichen Stils &#8211; folgt seinem Beispiel das Gegenmittel gegen den beschleunigten Trendzyklus\"}]},{\"@type\":\"WebSite\",\"@id\":\"https:\\\/\\\/www.strassenweb.de\\\/nachrichten\\\/#website\",\"url\":\"https:\\\/\\\/www.strassenweb.de\\\/nachrichten\\\/\",\"name\":\"Stra\u00dfenweb\",\"description\":\"Stra\u00dfenverzeichnis f\u00fcr Deutschland\",\"publisher\":{\"@id\":\"https:\\\/\\\/www.strassenweb.de\\\/nachrichten\\\/#organization\"},\"potentialAction\":[{\"@type\":\"SearchAction\",\"target\":{\"@type\":\"EntryPoint\",\"urlTemplate\":\"https:\\\/\\\/www.strassenweb.de\\\/nachrichten\\\/?s={search_term_string}\"},\"query-input\":{\"@type\":\"PropertyValueSpecification\",\"valueRequired\":true,\"valueName\":\"search_term_string\"}}],\"inLanguage\":\"de\"},{\"@type\":\"Organization\",\"@id\":\"https:\\\/\\\/www.strassenweb.de\\\/nachrichten\\\/#organization\",\"name\":\"Stra\u00dfenweb\",\"url\":\"https:\\\/\\\/www.strassenweb.de\\\/nachrichten\\\/\",\"logo\":{\"@type\":\"ImageObject\",\"inLanguage\":\"de\",\"@id\":\"https:\\\/\\\/www.strassenweb.de\\\/nachrichten\\\/#\\\/schema\\\/logo\\\/image\\\/\",\"url\":\"https:\\\/\\\/www.strassenweb.de\\\/nachrichten\\\/wp-content\\\/uploads\\\/2024\\\/09\\\/cropped-favicon.png\",\"contentUrl\":\"https:\\\/\\\/www.strassenweb.de\\\/nachrichten\\\/wp-content\\\/uploads\\\/2024\\\/09\\\/cropped-favicon.png\",\"width\":512,\"height\":512,\"caption\":\"Stra\u00dfenweb\"},\"image\":{\"@id\":\"https:\\\/\\\/www.strassenweb.de\\\/nachrichten\\\/#\\\/schema\\\/logo\\\/image\\\/\"},\"sameAs\":[\"https:\\\/\\\/www.facebook.com\\\/strassenweb\\\/\"]},{\"@type\":\"Person\",\"@id\":\"https:\\\/\\\/www.strassenweb.de\\\/nachrichten\\\/#\\\/schema\\\/person\\\/87c9c9067f1211da429a744dc5a5aa41\",\"name\":\"Robert Hoffmann\",\"image\":{\"@type\":\"ImageObject\",\"inLanguage\":\"de\",\"@id\":\"https:\\\/\\\/www.strassenweb.de\\\/nachrichten\\\/wp-content\\\/uploads\\\/2024\\\/09\\\/strassenweb-150x150.jpg\",\"url\":\"https:\\\/\\\/www.strassenweb.de\\\/nachrichten\\\/wp-content\\\/uploads\\\/2024\\\/09\\\/strassenweb-150x150.jpg\",\"contentUrl\":\"https:\\\/\\\/www.strassenweb.de\\\/nachrichten\\\/wp-content\\\/uploads\\\/2024\\\/09\\\/strassenweb-150x150.jpg\",\"caption\":\"Robert Hoffmann\"},\"description\":\"Ich hei\u00dfe Robert Hoffmann und ich bin ein leidenschaftlicher Verfechter von \u00d6kologie und Biodiversit\u00e4t. Seit meiner Kindheit in den W\u00e4ldern Bayerns f\u00fchle ich mich mit der Natur verbunden und bin entschlossen, sie zu sch\u00fctzen. Heute widme ich mein Leben der Sensibilisierung anderer f\u00fcr die Bedeutung des Umweltschutzes f\u00fcr zuk\u00fcnftige Generationen.\",\"sameAs\":[\"https:\\\/\\\/www.strassenweb.de\\\/\"]}]}<\/script>\n<!-- \/ Yoast SEO plugin. -->","yoast_head_json":{"title":"Jimi Hendrix 'Schlafzimmer der 60er Jahre ist eine' mittlere 'Feier des pers\u00f6nlichen Stils - folgt seinem Beispiel das Gegenmittel gegen den beschleunigten Trendzyklus - Nachrichten - Stra\u00dfenweb","robots":{"index":"index","follow":"follow","max-snippet":"max-snippet:-1","max-image-preview":"max-image-preview:large","max-video-preview":"max-video-preview:-1"},"canonical":"https:\/\/www.strassenweb.de\/nachrichten\/jimi-hendrix-schlafzimmer-der-60er-jahre-ist-eine-mittlere-feier-des-persoenlichen-stils-folgt-seinem-beispiel-das-gegenmittel-gegen-den-beschleunigten-trendzyklus\/","og_locale":"de_DE","og_type":"article","og_title":"Jimi Hendrix 'Schlafzimmer der 60er Jahre ist eine' mittlere 'Feier des pers\u00f6nlichen Stils - folgt seinem Beispiel das Gegenmittel gegen den beschleunigten Trendzyklus - Nachrichten - Stra\u00dfenweb","og_description":"Der Mittelimalismus ist das gemessene Mittelkind f\u00fcr Minimalismus und Maximalismus. Es umfasst das Gleichgewicht zwischen Pers\u00f6nlichkeit und Sch\u00fcttelstil mit Begeisterung und schwelgte dazwischen. Das Schlafzimmer","og_url":"https:\/\/www.strassenweb.de\/nachrichten\/jimi-hendrix-schlafzimmer-der-60er-jahre-ist-eine-mittlere-feier-des-persoenlichen-stils-folgt-seinem-beispiel-das-gegenmittel-gegen-den-beschleunigten-trendzyklus\/","og_site_name":"Stra\u00dfenweb","article_publisher":"https:\/\/www.facebook.com\/strassenweb\/","article_published_time":"2025-07-18T15:39:41+00:00","og_image":[{"width":1600,"height":900,"url":"https:\/\/www.strassenweb.de\/nachrichten\/wp-content\/uploads\/2025\/07\/Jimi-Hendrix-Schlafzimmer-der-60er-Jahre-ist-eine-mittlere-Feier.jpg","type":"image\/jpeg"}],"author":"Robert Hoffmann","twitter_card":"summary_large_image","twitter_misc":{"Verfasst von":"Robert Hoffmann","Gesch\u00e4tzte Lesezeit":"3\u00a0Minuten"},"schema":{"@context":"https:\/\/schema.org","@graph":[{"@type":"Article","@id":"https:\/\/www.strassenweb.de\/nachrichten\/jimi-hendrix-schlafzimmer-der-60er-jahre-ist-eine-mittlere-feier-des-persoenlichen-stils-folgt-seinem-beispiel-das-gegenmittel-gegen-den-beschleunigten-trendzyklus\/#article","isPartOf":{"@id":"https:\/\/www.strassenweb.de\/nachrichten\/jimi-hendrix-schlafzimmer-der-60er-jahre-ist-eine-mittlere-feier-des-persoenlichen-stils-folgt-seinem-beispiel-das-gegenmittel-gegen-den-beschleunigten-trendzyklus\/"},"author":{"name":"Robert Hoffmann","@id":"https:\/\/www.strassenweb.de\/nachrichten\/#\/schema\/person\/87c9c9067f1211da429a744dc5a5aa41"},"headline":"Jimi Hendrix &#8218;Schlafzimmer der 60er Jahre ist eine&#8216; mittlere &#8218;Feier des pers\u00f6nlichen Stils &#8211; folgt seinem Beispiel das Gegenmittel gegen den beschleunigten Trendzyklus","datePublished":"2025-07-18T15:39:41+00:00","mainEntityOfPage":{"@id":"https:\/\/www.strassenweb.de\/nachrichten\/jimi-hendrix-schlafzimmer-der-60er-jahre-ist-eine-mittlere-feier-des-persoenlichen-stils-folgt-seinem-beispiel-das-gegenmittel-gegen-den-beschleunigten-trendzyklus\/"},"wordCount":626,"publisher":{"@id":"https:\/\/www.strassenweb.de\/nachrichten\/#organization"},"image":{"@id":"https:\/\/www.strassenweb.de\/nachrichten\/jimi-hendrix-schlafzimmer-der-60er-jahre-ist-eine-mittlere-feier-des-persoenlichen-stils-folgt-seinem-beispiel-das-gegenmittel-gegen-den-beschleunigten-trendzyklus\/#primaryimage"},"thumbnailUrl":"https:\/\/www.strassenweb.de\/nachrichten\/wp-content\/uploads\/2025\/07\/Jimi-Hendrix-Schlafzimmer-der-60er-Jahre-ist-eine-mittlere-Feier.jpg","keywords":["60er","Beispiel","beschleunigten","das","den","der","des","eine","Feier","folgt","gegen","Gegenmittel","Hendrix","ist","Jahre","Jimi","mittlere","pers\u00f6nlichen","Schlafzimmer","seinem","Stils","Trendzyklus"],"articleSection":["Haus &amp; Garten"],"inLanguage":"de"},{"@type":"WebPage","@id":"https:\/\/www.strassenweb.de\/nachrichten\/jimi-hendrix-schlafzimmer-der-60er-jahre-ist-eine-mittlere-feier-des-persoenlichen-stils-folgt-seinem-beispiel-das-gegenmittel-gegen-den-beschleunigten-trendzyklus\/","url":"https:\/\/www.strassenweb.de\/nachrichten\/jimi-hendrix-schlafzimmer-der-60er-jahre-ist-eine-mittlere-feier-des-persoenlichen-stils-folgt-seinem-beispiel-das-gegenmittel-gegen-den-beschleunigten-trendzyklus\/","name":"Jimi Hendrix 'Schlafzimmer der 60er Jahre ist eine' mittlere 'Feier des pers\u00f6nlichen Stils - folgt seinem Beispiel das Gegenmittel gegen den beschleunigten Trendzyklus - Nachrichten - Stra\u00dfenweb","isPartOf":{"@id":"https:\/\/www.strassenweb.de\/nachrichten\/#website"},"primaryImageOfPage":{"@id":"https:\/\/www.strassenweb.de\/nachrichten\/jimi-hendrix-schlafzimmer-der-60er-jahre-ist-eine-mittlere-feier-des-persoenlichen-stils-folgt-seinem-beispiel-das-gegenmittel-gegen-den-beschleunigten-trendzyklus\/#primaryimage"},"image":{"@id":"https:\/\/www.strassenweb.de\/nachrichten\/jimi-hendrix-schlafzimmer-der-60er-jahre-ist-eine-mittlere-feier-des-persoenlichen-stils-folgt-seinem-beispiel-das-gegenmittel-gegen-den-beschleunigten-trendzyklus\/#primaryimage"},"thumbnailUrl":"https:\/\/www.strassenweb.de\/nachrichten\/wp-content\/uploads\/2025\/07\/Jimi-Hendrix-Schlafzimmer-der-60er-Jahre-ist-eine-mittlere-Feier.jpg","datePublished":"2025-07-18T15:39:41+00:00","breadcrumb":{"@id":"https:\/\/www.strassenweb.de\/nachrichten\/jimi-hendrix-schlafzimmer-der-60er-jahre-ist-eine-mittlere-feier-des-persoenlichen-stils-folgt-seinem-beispiel-das-gegenmittel-gegen-den-beschleunigten-trendzyklus\/#breadcrumb"},"inLanguage":"de","potentialAction":[{"@type":"ReadAction","target":["https:\/\/www.strassenweb.de\/nachrichten\/jimi-hendrix-schlafzimmer-der-60er-jahre-ist-eine-mittlere-feier-des-persoenlichen-stils-folgt-seinem-beispiel-das-gegenmittel-gegen-den-beschleunigten-trendzyklus\/"]}]},{"@type":"ImageObject","inLanguage":"de","@id":"https:\/\/www.strassenweb.de\/nachrichten\/jimi-hendrix-schlafzimmer-der-60er-jahre-ist-eine-mittlere-feier-des-persoenlichen-stils-folgt-seinem-beispiel-das-gegenmittel-gegen-den-beschleunigten-trendzyklus\/#primaryimage","url":"https:\/\/www.strassenweb.de\/nachrichten\/wp-content\/uploads\/2025\/07\/Jimi-Hendrix-Schlafzimmer-der-60er-Jahre-ist-eine-mittlere-Feier.jpg","contentUrl":"https:\/\/www.strassenweb.de\/nachrichten\/wp-content\/uploads\/2025\/07\/Jimi-Hendrix-Schlafzimmer-der-60er-Jahre-ist-eine-mittlere-Feier.jpg","width":1600,"height":900,"caption":"Jimi Hendrix in bed"},{"@type":"BreadcrumbList","@id":"https:\/\/www.strassenweb.de\/nachrichten\/jimi-hendrix-schlafzimmer-der-60er-jahre-ist-eine-mittlere-feier-des-persoenlichen-stils-folgt-seinem-beispiel-das-gegenmittel-gegen-den-beschleunigten-trendzyklus\/#breadcrumb","itemListElement":[{"@type":"ListItem","position":1,"name":"Home","item":"https:\/\/www.strassenweb.de\/nachrichten\/"},{"@type":"ListItem","position":2,"name":"Jimi Hendrix &#8218;Schlafzimmer der 60er Jahre ist eine&#8216; mittlere &#8218;Feier des pers\u00f6nlichen Stils &#8211; folgt seinem Beispiel das Gegenmittel gegen den beschleunigten Trendzyklus"}]},{"@type":"WebSite","@id":"https:\/\/www.strassenweb.de\/nachrichten\/#website","url":"https:\/\/www.strassenweb.de\/nachrichten\/","name":"Stra\u00dfenweb","description":"Stra\u00dfenverzeichnis f\u00fcr Deutschland","publisher":{"@id":"https:\/\/www.strassenweb.de\/nachrichten\/#organization"},"potentialAction":[{"@type":"SearchAction","target":{"@type":"EntryPoint","urlTemplate":"https:\/\/www.strassenweb.de\/nachrichten\/?s={search_term_string}"},"query-input":{"@type":"PropertyValueSpecification","valueRequired":true,"valueName":"search_term_string"}}],"inLanguage":"de"},{"@type":"Organization","@id":"https:\/\/www.strassenweb.de\/nachrichten\/#organization","name":"Stra\u00dfenweb","url":"https:\/\/www.strassenweb.de\/nachrichten\/","logo":{"@type":"ImageObject","inLanguage":"de","@id":"https:\/\/www.strassenweb.de\/nachrichten\/#\/schema\/logo\/image\/","url":"https:\/\/www.strassenweb.de\/nachrichten\/wp-content\/uploads\/2024\/09\/cropped-favicon.png","contentUrl":"https:\/\/www.strassenweb.de\/nachrichten\/wp-content\/uploads\/2024\/09\/cropped-favicon.png","width":512,"height":512,"caption":"Stra\u00dfenweb"},"image":{"@id":"https:\/\/www.strassenweb.de\/nachrichten\/#\/schema\/logo\/image\/"},"sameAs":["https:\/\/www.facebook.com\/strassenweb\/"]},{"@type":"Person","@id":"https:\/\/www.strassenweb.de\/nachrichten\/#\/schema\/person\/87c9c9067f1211da429a744dc5a5aa41","name":"Robert Hoffmann","image":{"@type":"ImageObject","inLanguage":"de","@id":"https:\/\/www.strassenweb.de\/nachrichten\/wp-content\/uploads\/2024\/09\/strassenweb-150x150.jpg","url":"https:\/\/www.strassenweb.de\/nachrichten\/wp-content\/uploads\/2024\/09\/strassenweb-150x150.jpg","contentUrl":"https:\/\/www.strassenweb.de\/nachrichten\/wp-content\/uploads\/2024\/09\/strassenweb-150x150.jpg","caption":"Robert Hoffmann"},"description":"Ich hei\u00dfe Robert Hoffmann und ich bin ein leidenschaftlicher Verfechter von \u00d6kologie und Biodiversit\u00e4t. Seit meiner Kindheit in den W\u00e4ldern Bayerns f\u00fchle ich mich mit der Natur verbunden und bin entschlossen, sie zu sch\u00fctzen. Heute widme ich mein Leben der Sensibilisierung anderer f\u00fcr die Bedeutung des Umweltschutzes f\u00fcr zuk\u00fcnftige Generationen.","sameAs":["https:\/\/www.strassenweb.de\/"]}]}},"_links":{"self":[{"href":"https:\/\/www.strassenweb.de\/nachrichten\/wp-json\/wp\/v2\/posts\/6321","targetHints":{"allow":["GET"]}}],"collection":[{"href":"https:\/\/www.strassenweb.de\/nachrichten\/wp-json\/wp\/v2\/posts"}],"about":[{"href":"https:\/\/www.strassenweb.de\/nachrichten\/wp-json\/wp\/v2\/types\/post"}],"author":[{"embeddable":true,"href":"https:\/\/www.strassenweb.de\/nachrichten\/wp-json\/wp\/v2\/users\/1"}],"replies":[{"embeddable":true,"href":"https:\/\/www.strassenweb.de\/nachrichten\/wp-json\/wp\/v2\/comments?post=6321"}],"version-history":[{"count":0,"href":"https:\/\/www.strassenweb.de\/nachrichten\/wp-json\/wp\/v2\/posts\/6321\/revisions"}],"wp:featuredmedia":[{"embeddable":true,"href":"https:\/\/www.strassenweb.de\/nachrichten\/wp-json\/wp\/v2\/media\/6322"}],"wp:attachment":[{"href":"https:\/\/www.strassenweb.de\/nachrichten\/wp-json\/wp\/v2\/media?parent=6321"}],"wp:term":[{"taxonomy":"category","embeddable":true,"href":"https:\/\/www.strassenweb.de\/nachrichten\/wp-json\/wp\/v2\/categories?post=6321"},{"taxonomy":"post_tag","embeddable":true,"href":"https:\/\/www.strassenweb.de\/nachrichten\/wp-json\/wp\/v2\/tags?post=6321"}],"curies":[{"name":"wp","href":"https:\/\/api.w.org\/{rel}","templated":true}]}}