{"id":6312,"date":"2025-07-18T05:39:58","date_gmt":"2025-07-18T03:39:58","guid":{"rendered":"https:\/\/www.strassenweb.de\/nachrichten\/kevin-bacons-bemalte-fensterverkleidung-tippt-in-den-farbtrend-mondrian-trifft-den-modernen-schicken-farbtrend-der-2025-dominiert-es-ist-unerwartet-aber-zeitlos\/"},"modified":"2025-07-18T05:39:59","modified_gmt":"2025-07-18T03:39:59","slug":"kevin-bacons-bemalte-fensterverkleidung-tippt-in-den-farbtrend-mondrian-trifft-den-modernen-schicken-farbtrend-der-2025-dominiert-es-ist-unerwartet-aber-zeitlos","status":"publish","type":"post","link":"https:\/\/www.strassenweb.de\/nachrichten\/kevin-bacons-bemalte-fensterverkleidung-tippt-in-den-farbtrend-mondrian-trifft-den-modernen-schicken-farbtrend-der-2025-dominiert-es-ist-unerwartet-aber-zeitlos\/","title":{"rendered":"Kevin Bacons bemalte Fensterverkleidung tippt in den Farbtrend \u201eMondrian trifft den modernen schicken\u201c Farbtrend, der 2025 dominiert &#8211; es ist unerwartet, aber zeitlos"},"content":{"rendered":"<div id=\"article-body\" class=\"article__body \">\n<p>Ist das rot? Dort? Seit letztem Sommer hat der New Yorker Designer Taylor Migliazzo Simons &#8218;Unerwartes Red Theory&#8216; Dekorateure dazu inspiriert, an den am wenigsten vorhersehbaren Orten einen roten Pop hinzuzuf\u00fcgen. Kevin Bacon hat m\u00f6glicherweise den schicksten Spin f\u00fcr den Look gefunden.<\/p>\n<div id=\"ad-unit-1\" class=\"ad-unit\"><\/div>\n<p>Wir entdeckten die Farbe des Schauspielers im Hintergrund mehrerer seiner Instagram -Rollen. Es ist der perfekte unerwartete Kontrast zu seinen buttergelben W\u00e4nden und verwandelt seine Fenster in eine von Design gef\u00fchrte Aussage.<\/p>\n<aside data-block-type=\"embed\" data-render-type=\"fte\" data-skip=\"dealsy\" data-widget-type=\"seasonal\" class=\"hawk-base\"><\/aside>\n<p>Laut Experten wird die Farbe und den Stil von Kevin nur als riesiger Innenausstattungstrend von 2025 immer beliebter. Laut Angaben von Pinterest hat die Suchanfragen nach &#8222;Kontrastreiz&#8220; um 85% gestiegen. Prim\u00e4rfarben, wie Rot, sind die wahrscheinlichsten Farbt\u00f6ne.<\/p>\n<div class=\"van_vid_carousel\">\n<div class=\"van_vid_carousel__padding\">\n<div class=\"van_vid_carousel__container\"><\/div>\n<\/div>\n<\/div>\n<aside data-component-name=\"Recirculation:ArticleRiver\" data-nosnippet class=\"pt-3 pb-4 mb-4 border-b border-solid border-(#333)\">\n<span class=\"\nafter:content-('') after:flex-1 after:ml-4 after:my-(0.7rem) after:border-t-(#333) after:border-t after:border-solid\nbefore:content-('') before:flex-1 before:mr-4 before:my-(0.7rem) before:border-t-(#333) before:border-t before:border-solid\nfont-article-heading pb-3 !text-base font-bold uppercase sm:text-sm text-(#333) flex\"><\/p>\n<p>Sie m\u00f6gen m\u00f6gen<br \/>\n<\/span><\/p>\n<ul class=\"flex flex-col gap-3 m-0\">\n<li class=\"m-0 list-none\" name=\"recirculation-inline\" data-analytics-id=\"recirculation-inline-1\" analytics-label=\"adviser:related\">\n<picture data-new-v2-image=\"true\" class=\"w-(--article-river-thumbnail-width,60px) flex-shrink-0\"><source type=\"image\/webp\"  ><\/source><\/p>\n<\/picture>\n<span class=\"hover:text-inherit font-article-heading text-base text-(#333) leading-5 content-center\">Sophia Loren war Pionier der &#8222;unerwarteten roten Theorie&#8220; in ihrem 80er -Jahre -Wohnzimmer 38 Jahre bevor es viral wurde &#8211; ihr klassischer Trick ist absolut zeitlos<\/span><\/p>\n<\/li>\n<li class=\"m-0 list-none\" name=\"recirculation-inline\" data-analytics-id=\"recirculation-inline-2\" analytics-label=\"adviser:related\">\n<picture data-new-v2-image=\"true\" class=\"w-(--article-river-thumbnail-width,60px) flex-shrink-0\"><source type=\"image\/webp\"  ><\/source><br \/>\n<img decoding=\"async\" alt=\"Alicia Keys\"   loading=\"lazy\" data-new-v2-image=\"true\" src=\"https:\/\/www.strassenweb.de\/nachrichten\/wp-content\/uploads\/2025\/05\/DMwngae8oQchFfqnhPtBxN.jpg\" data-pin-media=\"https:\/\/www.strassenweb.de\/nachrichten\/wp-content\/uploads\/2025\/05\/DMwngae8oQchFfqnhPtBxN.jpg\" data-pin-nopin=\"true\" class=\"aspect-(--img-listing-aspect-ratio,16\/9) object-cover w-(--article-river-thumbnail-width,60px) flex-shrink-0\">\n<\/picture>\n<span class=\"hover:text-inherit font-article-heading text-base text-(#333) leading-5 content-center\">Die Aussage -Farbtrendung Alicia Keys trug die Met Gala hat mich endlich \u00fcberzeugt, mit der spaltendsten Farbe des Jahres 2025 zu dekorieren<\/span><\/p>\n<\/li>\n<li class=\"m-0 list-none\" name=\"recirculation-inline\" data-analytics-id=\"recirculation-inline-3\" analytics-label=\"adviser:related\">\n<picture data-new-v2-image=\"true\" class=\"w-(--article-river-thumbnail-width,60px) flex-shrink-0\"><source type=\"image\/webp\"  ><\/source><br \/>\n<img decoding=\"async\" alt=\"Doris Tag\"   loading=\"lazy\" data-new-v2-image=\"true\" src=\"https:\/\/www.strassenweb.de\/nachrichten\/wp-content\/uploads\/2025\/07\/zWzDbZc6nA9EDQSzPsD79Z.jpg\" data-pin-media=\"https:\/\/www.strassenweb.de\/nachrichten\/wp-content\/uploads\/2025\/07\/zWzDbZc6nA9EDQSzPsD79Z.jpg\" data-pin-nopin=\"true\" class=\"aspect-(--img-listing-aspect-ratio,16\/9) object-cover w-(--article-river-thumbnail-width,60px) flex-shrink-0\">\n<\/picture>\n<span class=\"hover:text-inherit font-article-heading text-base text-(#333) leading-5 content-center\">Der Doris Day klopfte in ihrem Wohnzimmer aus den 1950er Jahren mit einem kirschroten Sofa und blauen W\u00e4nden 75 Jahre vor dem viral<\/span><\/p>\n<\/li>\n<\/ul>\n<\/aside>\n<div class=\"instagram-embed\">\n<blockquote class=\"instagram-media\" data-instgrm-captioned data-instgrm-version=\"6\" style=\"width:99.375%; width:-webkit-calc(100% - 2px); width:calc(100% - 2px);\">\n<p>Ein Beitrag von Kevin Bacon (@Kevinbacon)<\/p>\n<p>Ein Foto von on <\/p>\n<\/blockquote>\n<\/div>\n<p>&#8222;2025 wird ein Jahr der Rebellion im Inneren sein&#8220;, erkl\u00e4rt Karl OpenShaw, der kreativ im Blocc House of Interiors ist. \u201eVergessen Sie die ged\u00e4mpften, erwachsenen T\u00f6ne der letzten Jahre-es geht darum, die Verspieltheit des Lebens zu nutzen. Prim\u00e4rfarben sind mit einer Wendung zur\u00fcck. Denken Sie, Mondrian trifft Modern Chic, und ja, es ist genauso lebendig wie es sich anh\u00f6rt. &#8218;<\/p>\n<div id=\"ad-unit-2\" class=\"ad-unit\"><\/div>\n<h3 class=\"article-body__section\" id=\"section-shop-the-unexpected-red-edit\"><span>Kaufen Sie die unerwartete rote Bearbeitung ein<\/span><\/h3>\n<div class=\"product-container hero-product-container product-block-no-wrap\">\n<div class=\"product-block-row\"><\/div>\n<div class=\"product-block-row\"><\/div>\n<div class=\"product-block-row\"><\/div>\n<\/div>\n<p>Dieser Farbtrend ist eine Fortsetzung des Interesses an mutigeren und einzigartigeren Innenr\u00e4umen, die wir auf der ganzen Linie immer beliebter gewachsen haben.<\/p>\n<p>Karl f\u00e4hrt fort: \u201eF\u00fcr 2025 sehen wir eine mutige Wiederbelebung der Prim\u00e4rfarbenpalette. Rot, Gelb und Blau &#8211; diese drei legend\u00e4ren Farbt\u00f6ne &#8211; sind nicht nur nostalgisch, sondern werden die Innenr\u00e4ume von morgen auf eine Weise definieren, die sich frisch, unerwartet und aufregend anf\u00fchlt. Etwas wie eine Rebellion gegen &#8222;erwachsene&#8220; Innenarchitekturschemata &#8222;.<\/p>\n<div class=\"instagram-embed\">\n<blockquote class=\"instagram-media\" data-instgrm-captioned data-instgrm-version=\"6\" style=\"width:99.375%; width:-webkit-calc(100% - 2px); width:calc(100% - 2px);\">\n<p>Ein Beitrag von Kevin Bacon (@Kevinbacon)<\/p>\n<p>Ein Foto von on <\/p>\n<\/blockquote>\n<\/div>\n<p>Die Verwendung der unerwarteten roten Theorie f\u00fcr die Fensterverkleidung ist wie Kevin Bacon eine der besten M\u00f6glichkeiten, um das Aussehen zu nutzen. Dies liegt daran, dass es gleichzeitig subtil, aber auff\u00e4llig ist.<\/p>\n<div id=\"slice-container-newsletterForm-articleInbodyContent-NfndtUMN4gsAoWJs2atuFQ\" class=\"slice-container newsletter-inbodyContent-slice newsletterForm-articleInbodyContent-NfndtUMN4gsAoWJs2atuFQ slice-container-newsletterForm\"><\/div>\n<p>Karl r\u00e4t: \u201eRed war schon immer eine Farbe, die Aufmerksamkeit erregt, aber diesmal geht es darum, dies auf unerwartete Weise zu tun. Bei &#8222;Unerwartes Rot&#8220; geht es nicht darum, eine ganze Wand zu malen &#8211; es geht darum, einen Energieschaum an unkonventionelle Orte zu injizieren. Stellen Sie sich einen auff\u00e4lligen roten T\u00fcrrahmen, einen lebhaften Stuhl oder einen purpurroten Backsplash in einer minimalistischen K\u00fcche vor. Diese Farbe ist mutig, muss aber nicht dominieren. &#8218;<\/p>\n<div class=\"min-h-(270px) mb-4\" id=\"viafoura-engagement-starter-wrapper\" data-component-name=\"Elk:Embed:EngagementStarter\">\n<div class=\"viafoura\">\n<vf-conversation-starter target=\"viafoura-comments\" minimum-comment-count=\"5\"><br \/>\n<\/vf-conversation-starter>\n<\/div>\n<\/div>\n<hr>\n<p>Die Einbeziehung eines Pops Rot in Ihrem Haus kann so einfach sein wie eine Farbe in der Fensterverkleidung zu verwenden. Diejenigen, die dieser Look derzeit trendy sind, hat zeitlose Kraft, die niemals veraltet aussehen wird.<\/p>\n<hr>\n<\/div>\n<p><script async src=\"\/\/www.instagram.com\/embed.js\"><\/script><\/p>\n","protected":false},"excerpt":{"rendered":"<p>Ist das rot? Dort? Seit letztem Sommer hat der New Yorker Designer Taylor Migliazzo Simons &#8218;Unerwartes Red Theory&#8216; Dekorateure dazu inspiriert, an den am wenigsten<\/p>\n","protected":false},"author":1,"featured_media":6313,"comment_status":"closed","ping_status":"","sticky":false,"template":"","format":"standard","meta":{"footnotes":""},"categories":[118],"tags":[357,8704,8705,78,81,2715,2771,8706,15,3054,985,8707,6103,5659,6690,2118,3271],"class_list":["post-6312","post","type-post","status-publish","format-standard","has-post-thumbnail","hentry","category-haus-garten","tag-aber","tag-bacons","tag-bemalte","tag-den","tag-der","tag-dominiert","tag-farbtrend","tag-fensterverkleidung","tag-ist","tag-kevin","tag-modernen","tag-mondrian","tag-schicken","tag-tippt","tag-trifft","tag-unerwartet","tag-zeitlos","generate-columns","tablet-grid-50","mobile-grid-100","grid-parent","grid-50"],"yoast_head":"<!-- This site is optimized with the Yoast SEO plugin v27.3 - https:\/\/yoast.com\/product\/yoast-seo-wordpress\/ -->\n<title>Kevin Bacons bemalte Fensterverkleidung tippt in den Farbtrend \u201eMondrian trifft den modernen schicken\u201c Farbtrend, der 2025 dominiert - es ist unerwartet, aber zeitlos - Nachrichten - Stra\u00dfenweb<\/title>\n<meta name=\"robots\" content=\"index, follow, max-snippet:-1, max-image-preview:large, max-video-preview:-1\" \/>\n<link rel=\"canonical\" href=\"https:\/\/www.strassenweb.de\/nachrichten\/kevin-bacons-bemalte-fensterverkleidung-tippt-in-den-farbtrend-mondrian-trifft-den-modernen-schicken-farbtrend-der-2025-dominiert-es-ist-unerwartet-aber-zeitlos\/\" \/>\n<meta property=\"og:locale\" content=\"de_DE\" \/>\n<meta property=\"og:type\" content=\"article\" \/>\n<meta property=\"og:title\" content=\"Kevin Bacons bemalte Fensterverkleidung tippt in den Farbtrend \u201eMondrian trifft den modernen schicken\u201c Farbtrend, der 2025 dominiert - es ist unerwartet, aber zeitlos - Nachrichten - Stra\u00dfenweb\" \/>\n<meta property=\"og:description\" content=\"Ist das rot? Dort? Seit letztem Sommer hat der New Yorker Designer Taylor Migliazzo Simons &#8218;Unerwartes Red Theory&#8216; Dekorateure dazu inspiriert, an den am wenigsten\" \/>\n<meta property=\"og:url\" content=\"https:\/\/www.strassenweb.de\/nachrichten\/kevin-bacons-bemalte-fensterverkleidung-tippt-in-den-farbtrend-mondrian-trifft-den-modernen-schicken-farbtrend-der-2025-dominiert-es-ist-unerwartet-aber-zeitlos\/\" \/>\n<meta property=\"og:site_name\" content=\"Stra\u00dfenweb\" \/>\n<meta property=\"article:publisher\" content=\"https:\/\/www.facebook.com\/strassenweb\/\" \/>\n<meta property=\"article:published_time\" content=\"2025-07-18T03:39:58+00:00\" \/>\n<meta property=\"article:modified_time\" content=\"2025-07-18T03:39:59+00:00\" \/>\n<meta property=\"og:image\" content=\"https:\/\/www.strassenweb.de\/nachrichten\/wp-content\/uploads\/2025\/07\/Kevin-Bacons-bemalte-Fensterverkleidung-tippt-in-den-Farbtrend-\u201eMondrian-trifft.jpg\" \/>\n\t<meta property=\"og:image:width\" content=\"1600\" \/>\n\t<meta property=\"og:image:height\" content=\"900\" \/>\n\t<meta property=\"og:image:type\" content=\"image\/jpeg\" \/>\n<meta name=\"author\" content=\"Robert Hoffmann\" \/>\n<meta name=\"twitter:card\" content=\"summary_large_image\" \/>\n<meta name=\"twitter:label1\" content=\"Verfasst von\" \/>\n\t<meta name=\"twitter:data1\" content=\"Robert Hoffmann\" \/>\n\t<meta name=\"twitter:label2\" content=\"Gesch\u00e4tzte Lesezeit\" \/>\n\t<meta name=\"twitter:data2\" content=\"3\u00a0Minuten\" \/>\n<script type=\"application\/ld+json\" class=\"yoast-schema-graph\">{\"@context\":\"https:\\\/\\\/schema.org\",\"@graph\":[{\"@type\":\"Article\",\"@id\":\"https:\\\/\\\/www.strassenweb.de\\\/nachrichten\\\/kevin-bacons-bemalte-fensterverkleidung-tippt-in-den-farbtrend-mondrian-trifft-den-modernen-schicken-farbtrend-der-2025-dominiert-es-ist-unerwartet-aber-zeitlos\\\/#article\",\"isPartOf\":{\"@id\":\"https:\\\/\\\/www.strassenweb.de\\\/nachrichten\\\/kevin-bacons-bemalte-fensterverkleidung-tippt-in-den-farbtrend-mondrian-trifft-den-modernen-schicken-farbtrend-der-2025-dominiert-es-ist-unerwartet-aber-zeitlos\\\/\"},\"author\":{\"name\":\"Robert Hoffmann\",\"@id\":\"https:\\\/\\\/www.strassenweb.de\\\/nachrichten\\\/#\\\/schema\\\/person\\\/87c9c9067f1211da429a744dc5a5aa41\"},\"headline\":\"Kevin Bacons bemalte Fensterverkleidung tippt in den Farbtrend \u201eMondrian trifft den modernen schicken\u201c Farbtrend, der 2025 dominiert &#8211; es ist unerwartet, aber zeitlos\",\"datePublished\":\"2025-07-18T03:39:58+00:00\",\"dateModified\":\"2025-07-18T03:39:59+00:00\",\"mainEntityOfPage\":{\"@id\":\"https:\\\/\\\/www.strassenweb.de\\\/nachrichten\\\/kevin-bacons-bemalte-fensterverkleidung-tippt-in-den-farbtrend-mondrian-trifft-den-modernen-schicken-farbtrend-der-2025-dominiert-es-ist-unerwartet-aber-zeitlos\\\/\"},\"wordCount\":528,\"publisher\":{\"@id\":\"https:\\\/\\\/www.strassenweb.de\\\/nachrichten\\\/#organization\"},\"image\":{\"@id\":\"https:\\\/\\\/www.strassenweb.de\\\/nachrichten\\\/kevin-bacons-bemalte-fensterverkleidung-tippt-in-den-farbtrend-mondrian-trifft-den-modernen-schicken-farbtrend-der-2025-dominiert-es-ist-unerwartet-aber-zeitlos\\\/#primaryimage\"},\"thumbnailUrl\":\"https:\\\/\\\/www.strassenweb.de\\\/nachrichten\\\/wp-content\\\/uploads\\\/2025\\\/07\\\/Kevin-Bacons-bemalte-Fensterverkleidung-tippt-in-den-Farbtrend-\u201eMondrian-trifft.jpg\",\"keywords\":[\"aber\",\"Bacons\",\"bemalte\",\"den\",\"der\",\"dominiert\",\"Farbtrend\",\"Fensterverkleidung\",\"ist\",\"Kevin\",\"modernen\",\"Mondrian\",\"schicken\",\"tippt\",\"trifft\",\"unerwartet\",\"zeitlos\"],\"articleSection\":[\"Haus &amp; Garten\"],\"inLanguage\":\"de\"},{\"@type\":\"WebPage\",\"@id\":\"https:\\\/\\\/www.strassenweb.de\\\/nachrichten\\\/kevin-bacons-bemalte-fensterverkleidung-tippt-in-den-farbtrend-mondrian-trifft-den-modernen-schicken-farbtrend-der-2025-dominiert-es-ist-unerwartet-aber-zeitlos\\\/\",\"url\":\"https:\\\/\\\/www.strassenweb.de\\\/nachrichten\\\/kevin-bacons-bemalte-fensterverkleidung-tippt-in-den-farbtrend-mondrian-trifft-den-modernen-schicken-farbtrend-der-2025-dominiert-es-ist-unerwartet-aber-zeitlos\\\/\",\"name\":\"Kevin Bacons bemalte Fensterverkleidung tippt in den Farbtrend \u201eMondrian trifft den modernen schicken\u201c Farbtrend, der 2025 dominiert - es ist unerwartet, aber zeitlos - Nachrichten - Stra\u00dfenweb\",\"isPartOf\":{\"@id\":\"https:\\\/\\\/www.strassenweb.de\\\/nachrichten\\\/#website\"},\"primaryImageOfPage\":{\"@id\":\"https:\\\/\\\/www.strassenweb.de\\\/nachrichten\\\/kevin-bacons-bemalte-fensterverkleidung-tippt-in-den-farbtrend-mondrian-trifft-den-modernen-schicken-farbtrend-der-2025-dominiert-es-ist-unerwartet-aber-zeitlos\\\/#primaryimage\"},\"image\":{\"@id\":\"https:\\\/\\\/www.strassenweb.de\\\/nachrichten\\\/kevin-bacons-bemalte-fensterverkleidung-tippt-in-den-farbtrend-mondrian-trifft-den-modernen-schicken-farbtrend-der-2025-dominiert-es-ist-unerwartet-aber-zeitlos\\\/#primaryimage\"},\"thumbnailUrl\":\"https:\\\/\\\/www.strassenweb.de\\\/nachrichten\\\/wp-content\\\/uploads\\\/2025\\\/07\\\/Kevin-Bacons-bemalte-Fensterverkleidung-tippt-in-den-Farbtrend-\u201eMondrian-trifft.jpg\",\"datePublished\":\"2025-07-18T03:39:58+00:00\",\"dateModified\":\"2025-07-18T03:39:59+00:00\",\"breadcrumb\":{\"@id\":\"https:\\\/\\\/www.strassenweb.de\\\/nachrichten\\\/kevin-bacons-bemalte-fensterverkleidung-tippt-in-den-farbtrend-mondrian-trifft-den-modernen-schicken-farbtrend-der-2025-dominiert-es-ist-unerwartet-aber-zeitlos\\\/#breadcrumb\"},\"inLanguage\":\"de\",\"potentialAction\":[{\"@type\":\"ReadAction\",\"target\":[\"https:\\\/\\\/www.strassenweb.de\\\/nachrichten\\\/kevin-bacons-bemalte-fensterverkleidung-tippt-in-den-farbtrend-mondrian-trifft-den-modernen-schicken-farbtrend-der-2025-dominiert-es-ist-unerwartet-aber-zeitlos\\\/\"]}]},{\"@type\":\"ImageObject\",\"inLanguage\":\"de\",\"@id\":\"https:\\\/\\\/www.strassenweb.de\\\/nachrichten\\\/kevin-bacons-bemalte-fensterverkleidung-tippt-in-den-farbtrend-mondrian-trifft-den-modernen-schicken-farbtrend-der-2025-dominiert-es-ist-unerwartet-aber-zeitlos\\\/#primaryimage\",\"url\":\"https:\\\/\\\/www.strassenweb.de\\\/nachrichten\\\/wp-content\\\/uploads\\\/2025\\\/07\\\/Kevin-Bacons-bemalte-Fensterverkleidung-tippt-in-den-Farbtrend-\u201eMondrian-trifft.jpg\",\"contentUrl\":\"https:\\\/\\\/www.strassenweb.de\\\/nachrichten\\\/wp-content\\\/uploads\\\/2025\\\/07\\\/Kevin-Bacons-bemalte-Fensterverkleidung-tippt-in-den-Farbtrend-\u201eMondrian-trifft.jpg\",\"width\":1600,\"height\":900,\"caption\":\"kevin bacon on a gray background\"},{\"@type\":\"BreadcrumbList\",\"@id\":\"https:\\\/\\\/www.strassenweb.de\\\/nachrichten\\\/kevin-bacons-bemalte-fensterverkleidung-tippt-in-den-farbtrend-mondrian-trifft-den-modernen-schicken-farbtrend-der-2025-dominiert-es-ist-unerwartet-aber-zeitlos\\\/#breadcrumb\",\"itemListElement\":[{\"@type\":\"ListItem\",\"position\":1,\"name\":\"Home\",\"item\":\"https:\\\/\\\/www.strassenweb.de\\\/nachrichten\\\/\"},{\"@type\":\"ListItem\",\"position\":2,\"name\":\"Kevin Bacons bemalte Fensterverkleidung tippt in den Farbtrend \u201eMondrian trifft den modernen schicken\u201c Farbtrend, der 2025 dominiert &#8211; es ist unerwartet, aber zeitlos\"}]},{\"@type\":\"WebSite\",\"@id\":\"https:\\\/\\\/www.strassenweb.de\\\/nachrichten\\\/#website\",\"url\":\"https:\\\/\\\/www.strassenweb.de\\\/nachrichten\\\/\",\"name\":\"Stra\u00dfenweb\",\"description\":\"Stra\u00dfenverzeichnis f\u00fcr Deutschland\",\"publisher\":{\"@id\":\"https:\\\/\\\/www.strassenweb.de\\\/nachrichten\\\/#organization\"},\"potentialAction\":[{\"@type\":\"SearchAction\",\"target\":{\"@type\":\"EntryPoint\",\"urlTemplate\":\"https:\\\/\\\/www.strassenweb.de\\\/nachrichten\\\/?s={search_term_string}\"},\"query-input\":{\"@type\":\"PropertyValueSpecification\",\"valueRequired\":true,\"valueName\":\"search_term_string\"}}],\"inLanguage\":\"de\"},{\"@type\":\"Organization\",\"@id\":\"https:\\\/\\\/www.strassenweb.de\\\/nachrichten\\\/#organization\",\"name\":\"Stra\u00dfenweb\",\"url\":\"https:\\\/\\\/www.strassenweb.de\\\/nachrichten\\\/\",\"logo\":{\"@type\":\"ImageObject\",\"inLanguage\":\"de\",\"@id\":\"https:\\\/\\\/www.strassenweb.de\\\/nachrichten\\\/#\\\/schema\\\/logo\\\/image\\\/\",\"url\":\"https:\\\/\\\/www.strassenweb.de\\\/nachrichten\\\/wp-content\\\/uploads\\\/2024\\\/09\\\/cropped-favicon.png\",\"contentUrl\":\"https:\\\/\\\/www.strassenweb.de\\\/nachrichten\\\/wp-content\\\/uploads\\\/2024\\\/09\\\/cropped-favicon.png\",\"width\":512,\"height\":512,\"caption\":\"Stra\u00dfenweb\"},\"image\":{\"@id\":\"https:\\\/\\\/www.strassenweb.de\\\/nachrichten\\\/#\\\/schema\\\/logo\\\/image\\\/\"},\"sameAs\":[\"https:\\\/\\\/www.facebook.com\\\/strassenweb\\\/\"]},{\"@type\":\"Person\",\"@id\":\"https:\\\/\\\/www.strassenweb.de\\\/nachrichten\\\/#\\\/schema\\\/person\\\/87c9c9067f1211da429a744dc5a5aa41\",\"name\":\"Robert Hoffmann\",\"image\":{\"@type\":\"ImageObject\",\"inLanguage\":\"de\",\"@id\":\"https:\\\/\\\/www.strassenweb.de\\\/nachrichten\\\/wp-content\\\/uploads\\\/2024\\\/09\\\/strassenweb-150x150.jpg\",\"url\":\"https:\\\/\\\/www.strassenweb.de\\\/nachrichten\\\/wp-content\\\/uploads\\\/2024\\\/09\\\/strassenweb-150x150.jpg\",\"contentUrl\":\"https:\\\/\\\/www.strassenweb.de\\\/nachrichten\\\/wp-content\\\/uploads\\\/2024\\\/09\\\/strassenweb-150x150.jpg\",\"caption\":\"Robert Hoffmann\"},\"description\":\"Ich hei\u00dfe Robert Hoffmann und ich bin ein leidenschaftlicher Verfechter von \u00d6kologie und Biodiversit\u00e4t. Seit meiner Kindheit in den W\u00e4ldern Bayerns f\u00fchle ich mich mit der Natur verbunden und bin entschlossen, sie zu sch\u00fctzen. Heute widme ich mein Leben der Sensibilisierung anderer f\u00fcr die Bedeutung des Umweltschutzes f\u00fcr zuk\u00fcnftige Generationen.\",\"sameAs\":[\"https:\\\/\\\/www.strassenweb.de\\\/\"]}]}<\/script>\n<!-- \/ Yoast SEO plugin. -->","yoast_head_json":{"title":"Kevin Bacons bemalte Fensterverkleidung tippt in den Farbtrend \u201eMondrian trifft den modernen schicken\u201c Farbtrend, der 2025 dominiert - es ist unerwartet, aber zeitlos - Nachrichten - Stra\u00dfenweb","robots":{"index":"index","follow":"follow","max-snippet":"max-snippet:-1","max-image-preview":"max-image-preview:large","max-video-preview":"max-video-preview:-1"},"canonical":"https:\/\/www.strassenweb.de\/nachrichten\/kevin-bacons-bemalte-fensterverkleidung-tippt-in-den-farbtrend-mondrian-trifft-den-modernen-schicken-farbtrend-der-2025-dominiert-es-ist-unerwartet-aber-zeitlos\/","og_locale":"de_DE","og_type":"article","og_title":"Kevin Bacons bemalte Fensterverkleidung tippt in den Farbtrend \u201eMondrian trifft den modernen schicken\u201c Farbtrend, der 2025 dominiert - es ist unerwartet, aber zeitlos - Nachrichten - Stra\u00dfenweb","og_description":"Ist das rot? Dort? Seit letztem Sommer hat der New Yorker Designer Taylor Migliazzo Simons &#8218;Unerwartes Red Theory&#8216; Dekorateure dazu inspiriert, an den am wenigsten","og_url":"https:\/\/www.strassenweb.de\/nachrichten\/kevin-bacons-bemalte-fensterverkleidung-tippt-in-den-farbtrend-mondrian-trifft-den-modernen-schicken-farbtrend-der-2025-dominiert-es-ist-unerwartet-aber-zeitlos\/","og_site_name":"Stra\u00dfenweb","article_publisher":"https:\/\/www.facebook.com\/strassenweb\/","article_published_time":"2025-07-18T03:39:58+00:00","article_modified_time":"2025-07-18T03:39:59+00:00","og_image":[{"width":1600,"height":900,"url":"https:\/\/www.strassenweb.de\/nachrichten\/wp-content\/uploads\/2025\/07\/Kevin-Bacons-bemalte-Fensterverkleidung-tippt-in-den-Farbtrend-\u201eMondrian-trifft.jpg","type":"image\/jpeg"}],"author":"Robert Hoffmann","twitter_card":"summary_large_image","twitter_misc":{"Verfasst von":"Robert Hoffmann","Gesch\u00e4tzte Lesezeit":"3\u00a0Minuten"},"schema":{"@context":"https:\/\/schema.org","@graph":[{"@type":"Article","@id":"https:\/\/www.strassenweb.de\/nachrichten\/kevin-bacons-bemalte-fensterverkleidung-tippt-in-den-farbtrend-mondrian-trifft-den-modernen-schicken-farbtrend-der-2025-dominiert-es-ist-unerwartet-aber-zeitlos\/#article","isPartOf":{"@id":"https:\/\/www.strassenweb.de\/nachrichten\/kevin-bacons-bemalte-fensterverkleidung-tippt-in-den-farbtrend-mondrian-trifft-den-modernen-schicken-farbtrend-der-2025-dominiert-es-ist-unerwartet-aber-zeitlos\/"},"author":{"name":"Robert Hoffmann","@id":"https:\/\/www.strassenweb.de\/nachrichten\/#\/schema\/person\/87c9c9067f1211da429a744dc5a5aa41"},"headline":"Kevin Bacons bemalte Fensterverkleidung tippt in den Farbtrend \u201eMondrian trifft den modernen schicken\u201c Farbtrend, der 2025 dominiert &#8211; es ist unerwartet, aber zeitlos","datePublished":"2025-07-18T03:39:58+00:00","dateModified":"2025-07-18T03:39:59+00:00","mainEntityOfPage":{"@id":"https:\/\/www.strassenweb.de\/nachrichten\/kevin-bacons-bemalte-fensterverkleidung-tippt-in-den-farbtrend-mondrian-trifft-den-modernen-schicken-farbtrend-der-2025-dominiert-es-ist-unerwartet-aber-zeitlos\/"},"wordCount":528,"publisher":{"@id":"https:\/\/www.strassenweb.de\/nachrichten\/#organization"},"image":{"@id":"https:\/\/www.strassenweb.de\/nachrichten\/kevin-bacons-bemalte-fensterverkleidung-tippt-in-den-farbtrend-mondrian-trifft-den-modernen-schicken-farbtrend-der-2025-dominiert-es-ist-unerwartet-aber-zeitlos\/#primaryimage"},"thumbnailUrl":"https:\/\/www.strassenweb.de\/nachrichten\/wp-content\/uploads\/2025\/07\/Kevin-Bacons-bemalte-Fensterverkleidung-tippt-in-den-Farbtrend-\u201eMondrian-trifft.jpg","keywords":["aber","Bacons","bemalte","den","der","dominiert","Farbtrend","Fensterverkleidung","ist","Kevin","modernen","Mondrian","schicken","tippt","trifft","unerwartet","zeitlos"],"articleSection":["Haus &amp; Garten"],"inLanguage":"de"},{"@type":"WebPage","@id":"https:\/\/www.strassenweb.de\/nachrichten\/kevin-bacons-bemalte-fensterverkleidung-tippt-in-den-farbtrend-mondrian-trifft-den-modernen-schicken-farbtrend-der-2025-dominiert-es-ist-unerwartet-aber-zeitlos\/","url":"https:\/\/www.strassenweb.de\/nachrichten\/kevin-bacons-bemalte-fensterverkleidung-tippt-in-den-farbtrend-mondrian-trifft-den-modernen-schicken-farbtrend-der-2025-dominiert-es-ist-unerwartet-aber-zeitlos\/","name":"Kevin Bacons bemalte Fensterverkleidung tippt in den Farbtrend \u201eMondrian trifft den modernen schicken\u201c Farbtrend, der 2025 dominiert - es ist unerwartet, aber zeitlos - Nachrichten - Stra\u00dfenweb","isPartOf":{"@id":"https:\/\/www.strassenweb.de\/nachrichten\/#website"},"primaryImageOfPage":{"@id":"https:\/\/www.strassenweb.de\/nachrichten\/kevin-bacons-bemalte-fensterverkleidung-tippt-in-den-farbtrend-mondrian-trifft-den-modernen-schicken-farbtrend-der-2025-dominiert-es-ist-unerwartet-aber-zeitlos\/#primaryimage"},"image":{"@id":"https:\/\/www.strassenweb.de\/nachrichten\/kevin-bacons-bemalte-fensterverkleidung-tippt-in-den-farbtrend-mondrian-trifft-den-modernen-schicken-farbtrend-der-2025-dominiert-es-ist-unerwartet-aber-zeitlos\/#primaryimage"},"thumbnailUrl":"https:\/\/www.strassenweb.de\/nachrichten\/wp-content\/uploads\/2025\/07\/Kevin-Bacons-bemalte-Fensterverkleidung-tippt-in-den-Farbtrend-\u201eMondrian-trifft.jpg","datePublished":"2025-07-18T03:39:58+00:00","dateModified":"2025-07-18T03:39:59+00:00","breadcrumb":{"@id":"https:\/\/www.strassenweb.de\/nachrichten\/kevin-bacons-bemalte-fensterverkleidung-tippt-in-den-farbtrend-mondrian-trifft-den-modernen-schicken-farbtrend-der-2025-dominiert-es-ist-unerwartet-aber-zeitlos\/#breadcrumb"},"inLanguage":"de","potentialAction":[{"@type":"ReadAction","target":["https:\/\/www.strassenweb.de\/nachrichten\/kevin-bacons-bemalte-fensterverkleidung-tippt-in-den-farbtrend-mondrian-trifft-den-modernen-schicken-farbtrend-der-2025-dominiert-es-ist-unerwartet-aber-zeitlos\/"]}]},{"@type":"ImageObject","inLanguage":"de","@id":"https:\/\/www.strassenweb.de\/nachrichten\/kevin-bacons-bemalte-fensterverkleidung-tippt-in-den-farbtrend-mondrian-trifft-den-modernen-schicken-farbtrend-der-2025-dominiert-es-ist-unerwartet-aber-zeitlos\/#primaryimage","url":"https:\/\/www.strassenweb.de\/nachrichten\/wp-content\/uploads\/2025\/07\/Kevin-Bacons-bemalte-Fensterverkleidung-tippt-in-den-Farbtrend-\u201eMondrian-trifft.jpg","contentUrl":"https:\/\/www.strassenweb.de\/nachrichten\/wp-content\/uploads\/2025\/07\/Kevin-Bacons-bemalte-Fensterverkleidung-tippt-in-den-Farbtrend-\u201eMondrian-trifft.jpg","width":1600,"height":900,"caption":"kevin bacon on a gray background"},{"@type":"BreadcrumbList","@id":"https:\/\/www.strassenweb.de\/nachrichten\/kevin-bacons-bemalte-fensterverkleidung-tippt-in-den-farbtrend-mondrian-trifft-den-modernen-schicken-farbtrend-der-2025-dominiert-es-ist-unerwartet-aber-zeitlos\/#breadcrumb","itemListElement":[{"@type":"ListItem","position":1,"name":"Home","item":"https:\/\/www.strassenweb.de\/nachrichten\/"},{"@type":"ListItem","position":2,"name":"Kevin Bacons bemalte Fensterverkleidung tippt in den Farbtrend \u201eMondrian trifft den modernen schicken\u201c Farbtrend, der 2025 dominiert &#8211; es ist unerwartet, aber zeitlos"}]},{"@type":"WebSite","@id":"https:\/\/www.strassenweb.de\/nachrichten\/#website","url":"https:\/\/www.strassenweb.de\/nachrichten\/","name":"Stra\u00dfenweb","description":"Stra\u00dfenverzeichnis f\u00fcr Deutschland","publisher":{"@id":"https:\/\/www.strassenweb.de\/nachrichten\/#organization"},"potentialAction":[{"@type":"SearchAction","target":{"@type":"EntryPoint","urlTemplate":"https:\/\/www.strassenweb.de\/nachrichten\/?s={search_term_string}"},"query-input":{"@type":"PropertyValueSpecification","valueRequired":true,"valueName":"search_term_string"}}],"inLanguage":"de"},{"@type":"Organization","@id":"https:\/\/www.strassenweb.de\/nachrichten\/#organization","name":"Stra\u00dfenweb","url":"https:\/\/www.strassenweb.de\/nachrichten\/","logo":{"@type":"ImageObject","inLanguage":"de","@id":"https:\/\/www.strassenweb.de\/nachrichten\/#\/schema\/logo\/image\/","url":"https:\/\/www.strassenweb.de\/nachrichten\/wp-content\/uploads\/2024\/09\/cropped-favicon.png","contentUrl":"https:\/\/www.strassenweb.de\/nachrichten\/wp-content\/uploads\/2024\/09\/cropped-favicon.png","width":512,"height":512,"caption":"Stra\u00dfenweb"},"image":{"@id":"https:\/\/www.strassenweb.de\/nachrichten\/#\/schema\/logo\/image\/"},"sameAs":["https:\/\/www.facebook.com\/strassenweb\/"]},{"@type":"Person","@id":"https:\/\/www.strassenweb.de\/nachrichten\/#\/schema\/person\/87c9c9067f1211da429a744dc5a5aa41","name":"Robert Hoffmann","image":{"@type":"ImageObject","inLanguage":"de","@id":"https:\/\/www.strassenweb.de\/nachrichten\/wp-content\/uploads\/2024\/09\/strassenweb-150x150.jpg","url":"https:\/\/www.strassenweb.de\/nachrichten\/wp-content\/uploads\/2024\/09\/strassenweb-150x150.jpg","contentUrl":"https:\/\/www.strassenweb.de\/nachrichten\/wp-content\/uploads\/2024\/09\/strassenweb-150x150.jpg","caption":"Robert Hoffmann"},"description":"Ich hei\u00dfe Robert Hoffmann und ich bin ein leidenschaftlicher Verfechter von \u00d6kologie und Biodiversit\u00e4t. Seit meiner Kindheit in den W\u00e4ldern Bayerns f\u00fchle ich mich mit der Natur verbunden und bin entschlossen, sie zu sch\u00fctzen. Heute widme ich mein Leben der Sensibilisierung anderer f\u00fcr die Bedeutung des Umweltschutzes f\u00fcr zuk\u00fcnftige Generationen.","sameAs":["https:\/\/www.strassenweb.de\/"]}]}},"_links":{"self":[{"href":"https:\/\/www.strassenweb.de\/nachrichten\/wp-json\/wp\/v2\/posts\/6312","targetHints":{"allow":["GET"]}}],"collection":[{"href":"https:\/\/www.strassenweb.de\/nachrichten\/wp-json\/wp\/v2\/posts"}],"about":[{"href":"https:\/\/www.strassenweb.de\/nachrichten\/wp-json\/wp\/v2\/types\/post"}],"author":[{"embeddable":true,"href":"https:\/\/www.strassenweb.de\/nachrichten\/wp-json\/wp\/v2\/users\/1"}],"replies":[{"embeddable":true,"href":"https:\/\/www.strassenweb.de\/nachrichten\/wp-json\/wp\/v2\/comments?post=6312"}],"version-history":[{"count":0,"href":"https:\/\/www.strassenweb.de\/nachrichten\/wp-json\/wp\/v2\/posts\/6312\/revisions"}],"wp:featuredmedia":[{"embeddable":true,"href":"https:\/\/www.strassenweb.de\/nachrichten\/wp-json\/wp\/v2\/media\/6313"}],"wp:attachment":[{"href":"https:\/\/www.strassenweb.de\/nachrichten\/wp-json\/wp\/v2\/media?parent=6312"}],"wp:term":[{"taxonomy":"category","embeddable":true,"href":"https:\/\/www.strassenweb.de\/nachrichten\/wp-json\/wp\/v2\/categories?post=6312"},{"taxonomy":"post_tag","embeddable":true,"href":"https:\/\/www.strassenweb.de\/nachrichten\/wp-json\/wp\/v2\/tags?post=6312"}],"curies":[{"name":"wp","href":"https:\/\/api.w.org\/{rel}","templated":true}]}}