{"id":631,"date":"2024-10-05T16:44:14","date_gmt":"2024-10-05T14:44:14","guid":{"rendered":"https:\/\/www.strassenweb.de\/nachrichten\/so-ernten-sie-schwarzaugen-susanensamen-expertentipps-fuer-den-perfekten-zeitpunkt-und-die-samenlagerung\/"},"modified":"2024-10-05T16:44:15","modified_gmt":"2024-10-05T14:44:15","slug":"so-ernten-sie-schwarzaugen-susanensamen-expertentipps-fuer-den-perfekten-zeitpunkt-und-die-samenlagerung","status":"publish","type":"post","link":"https:\/\/www.strassenweb.de\/nachrichten\/so-ernten-sie-schwarzaugen-susanensamen-expertentipps-fuer-den-perfekten-zeitpunkt-und-die-samenlagerung\/","title":{"rendered":"So ernten Sie Schwarzaugen-Susanensamen \u2013 Expertentipps f\u00fcr den perfekten Zeitpunkt und die Samenlagerung"},"content":{"rendered":"<p><\/p>\n<div id=\"article-body\" class=\"article__body \">\n<p>Sammeln von Samen von reifen Schwarzaugen-Susanne oder <em>Rudbeckia hirta<\/em>ist eine einfache Aufgabe, mit der Sie sich Jahr f\u00fcr Jahr an dieser leuchtenden Bl\u00fctenpracht erfreuen k\u00f6nnen. Diese kosteng\u00fcnstige und nachhaltige Gartenbaupraxis bringt in der Regel Samen hervor, die besser an das lokale Klima und die Bodenbedingungen angepasst sind, was zu verbesserten Keimraten und ges\u00fcnderen Pflanzen f\u00fchrt.<\/p>\n<div id=\"ad-unit-1\" class=\"ad-unit\"><\/div>\n<p>Als Mitglieder der Familie der Sonnenblumen produzieren Schwarz\u00e4ugige Susannen gro\u00dfe Mengen an Samen \u2013 oft bis zu 1.000 pro Pflanze \u2013, was das Sammeln ihrer Samen zu einer lohnenswerten und einfachen Aufgabe macht.<\/p>\n<p>Wenn Sie diese f\u00fcnf Expertenschritte befolgen, k\u00f6nnen Sie Samen effektiv sammeln und lagern und so den Weg f\u00fcr einen bl\u00fchenden Garten in den kommenden Jahreszeiten voller charakteristischer Schwarzaugen-Susanenbl\u00fcten ebnen.<\/p>\n<div id=\"desktop-in-article\" class=\"in-article ad-unit\">\n<div id=\"desktop-taboola-mid-article\"><\/div>\n<\/div>\n<div id=\"mobile-in-article\" class=\"in-article ad-unit\">\n<div id=\"mobile-taboola-mid-article\"><\/div>\n<\/div>\n<figure class=\"van-image-figure inline-layout \" data-bordeaux-image-check>\n<div class=\"image-full-width-wrapper\">\n<div class=\"image-widthsetter\" style=\"max-width:2400px;\"><\/div>\n<\/div>\n<\/figure>\n<h3 class=\"article-body__section\" id=\"section-what-you-ll-need\"><span>Was Sie brauchen<\/span><\/h3>\n<ul>\n<li>Gartenscheren, wie diese Fiskars-Schere von Amazon<\/li>\n<li>Papierumschl\u00e4ge<\/li>\n<li>Ein Beh\u00e4lter mit Deckel<\/li>\n<li>Ein Sieb<\/li>\n<li>Papier<\/li>\n<li>Eine Sch\u00fcssel<\/li>\n<\/ul>\n<h3 class=\"article-body__section\" id=\"section-1-time-harvesting-correctly\"><span>1. Richtige Erntezeit<\/span><\/h3>\n<figure class=\"van-image-figure inline-layout \" data-bordeaux-image-check>\n<div class=\"image-full-width-wrapper\">\n<div class=\"image-widthsetter\" style=\"max-width:2400px;\"><\/div>\n<\/div>\n<\/figure>\n<p>Bei der Ernte von Schwarzaugen-Susanen-Samen ist der Zeitpunkt von entscheidender Bedeutung, um sicherzustellen, dass Sie die Samen ernten, die reif und f\u00fcr die zuk\u00fcnftige Aussaat geeignet sind. Wenn die Samen zu fr\u00fch geerntet werden, haben sie sich m\u00f6glicherweise nicht richtig entwickelt, was zu einer schlechten Keimrate f\u00fchrt.<\/p>\n<div class=\"van_vid_carousel\">\n<div class=\"van_vid_carousel__padding\">\n<div class=\"van_vid_carousel__container\"><\/div>\n<\/div>\n<\/div>\n<aside class=\"hawk-nest\" data-render-type=\"fte\" data-skip=\"dealsy\" data-widget-type=\"seasonal\">\n<div class=\"hawk-master-widget-hawk-base-wrapper\"><\/div>\n<\/aside>\n<p>Der Schl\u00fcsselindikator daf\u00fcr, dass die Samen gereift sind und zur Ernte bereit sind, ist, wenn ihre Samenk\u00f6pfe braun werden und br\u00fcchig und trocken genug werden, um leicht auseinanderzufallen.<\/p>\n<div id=\"ad-unit-2\" class=\"ad-unit\"><\/div>\n<p>Der G\u00e4rtner und G\u00e4rtner Nathan Thorne r\u00e4t: \u201eSch\u00fctteln Sie die Bl\u00fctenk\u00f6pfe vorsichtig, wenn sie fertig sind.\u201c \u201eWenn Sie ein Rasseln h\u00f6ren, sind sie reif und es ist Zeit, die Samen zu ernten.\u201c<\/p>\n<p>Dies geschieht typischerweise zwischen Sp\u00e4tsommer und Mitte Oktober, drei bis vier Wochen nach der Bl\u00fcte einer Bl\u00fcte, wenn etwa die H\u00e4lfte des Samenkopfes braun und spr\u00f6de geworden ist, aber bevor die Samen auf nat\u00fcrliche Weise abzufallen beginnen.<\/p>\n<p>\u201eDie Samen reifen ein bis zwei Wochen lang weiter. \u00dcberpr\u00fcfen Sie sie daher regelm\u00e4\u00dfig und streichen Sie vorsichtig mit der Hand \u00fcber die K\u00f6pfe, um die herunterfallenden Samen aufzufangen\u201c, sagt Joe Dogherty, Inhaber von D&#038;G Landscaping.<\/p>\n<p>Sobald Ihre Samen zur Ernte bereit sind, w\u00e4hlen Sie einen trockenen Tag, schnappen Sie sich Ihre Schere und beginnen Sie.<\/p>\n<h3 class=\"article-body__section\" id=\"section-2-cut-the-black-eyed-susan-seed-heads\"><span>2. Schneiden Sie die Samenk\u00f6pfe der Schwarz\u00e4ugigen Susanne ab<\/span><\/h3>\n<figure class=\"van-image-figure inline-layout \" data-bordeaux-image-check>\n<div class=\"image-full-width-wrapper\">\n<div class=\"image-widthsetter\" style=\"max-width:2400px;\"><\/div>\n<\/div>\n<\/figure>\n<p>Sobald die Samenk\u00f6pfe reif sind, schneiden Sie den Stiel mit einer Gartenschere einige Zentimeter unterhalb des Samenkopfes ab.<\/p>\n<p>Um zu vermeiden, dass w\u00e4hrend des Vorgangs herunterfallende Samen verloren gehen, stecken Sie die abgeschnittenen Samenk\u00f6pfe vorsichtig in einen Papierumschlag oder auf einen Pappteller. Wiederholen Sie diesen Schritt f\u00fcr alle fertigen Samenk\u00f6pfe.<\/p>\n<h3 class=\"article-body__section\" id=\"section-3-dry-the-seed-heads\"><span>3. Trocknen Sie die Samenk\u00f6pfe<\/span><\/h3>\n<figure class=\"van-image-figure inline-layout \" data-bordeaux-image-check>\n<div class=\"image-full-width-wrapper\">\n<div class=\"image-widthsetter\" style=\"max-width:2400px;\"><\/div>\n<\/div>\n<\/figure>\n<p>Der n\u00e4chste Schritt besteht darin, die Samen zu trocknen, um sicherzustellen, dass sie vollst\u00e4ndig ausgereift und zur Lagerung oder Pflanzung bereit sind.<\/p>\n<p>Dadurch wird verhindert, dass die Samen Feuchtigkeit speichern, was zur Bildung von Schimmel oder F\u00e4ulnis bei der Lagerung f\u00fchren und die Samen unbrauchbar machen kann. Richtig getrocknete Samen k\u00f6nnen \u00fcber einen l\u00e4ngeren Zeitraum gelagert werden, ohne zu verderben \u2013 sie k\u00f6nnen Jahre halten, obwohl die Keimrate in den ersten ein bis zwei Jahren am h\u00f6chsten ist. Sobald die Samenk\u00f6pfe vollst\u00e4ndig getrocknet sind, l\u00f6sen sich die Samen au\u00dferdem leichter vom Bl\u00fctenkopf.<\/p>\n<p>Lassen Sie die Samenk\u00f6pfe etwa ein bis zwei Wochen lang an einem k\u00fchlen, trockenen und gut bel\u00fcfteten Ort ohne direkte Sonneneinstrahlung trocknen.<\/p>\n<p>Sie k\u00f6nnen die Samenk\u00f6pfe kopf\u00fcber aufh\u00e4ngen, damit beim Trocknen mehr Samen auf nat\u00fcrliche Weise fallen. Mit diesem H\u00e4ngest\u00e4nder f\u00fcr Pflanzen von Amazon k\u00f6nnen Sie die Samenk\u00f6pfe an den Stielen aufh\u00e4ngen.<\/p>\n<h3 class=\"article-body__section\" id=\"section-4-extract-the-seeds\"><span>4. Extrahieren Sie die Samen<\/span><\/h3>\n<figure class=\"van-image-figure inline-layout \" data-bordeaux-image-check>\n<div class=\"image-full-width-wrapper\">\n<div class=\"image-widthsetter\" style=\"max-width:2400px;\"><\/div>\n<\/div>\n<\/figure>\n<p>Sobald die geernteten Samenk\u00f6pfe getrocknet sind, k\u00f6nnen Sie die Zapfen vorsichtig sch\u00fctteln oder zwischen Ihren Fingern \u00fcber einer Sch\u00fcssel reiben, um die Samen freizusetzen.<\/p>\n<p>Alternativ k\u00f6nnen Sie die Samenk\u00f6pfe in einen Beh\u00e4lter, beispielsweise ein Glas mit Deckel, legen, einen kleinen Gegenstand wie eine M\u00fcnze oder einen Stein hinzuf\u00fcgen und den Beh\u00e4lter sch\u00fctteln, um die Samen aus den K\u00f6pfen zu l\u00f6sen.<\/p>\n<p>Anschlie\u00dfend den Inhalt durch ein feines Sieb auf ein Blatt Papier gie\u00dfen. Die kleinen schwarzen Samen fallen durch und hinterlassen gr\u00f6\u00dfere R\u00fcckst\u00e4nde wie Bl\u00fctenbl\u00e4tter oder Zapfenfragmente.<\/p>\n<p>Machen Sie sich keine Sorgen, wenn sich etwas Spreu (das Zapfenmaterial, das den Samen \u00e4hnelt) mit den Samen vermischt. Es ist ungef\u00e4hrlich und kann beim Pflanzen wieder in den Boden zur\u00fcckgebracht werden. Wenn Sie die Samen jedoch noch weiter von allen verbleibenden R\u00fcckst\u00e4nden trennen m\u00f6chten, blasen Sie vorsichtig dar\u00fcber. Die leichtere Spreu wird weggeblasen und die Samen bleiben zur\u00fcck.<\/p>\n<h3 class=\"article-body__section\" id=\"section-5-store-the-seeds-correctly\"><span>5. Lagern Sie die Samen richtig<\/span><\/h3>\n<figure class=\"van-image-figure inline-layout \" data-bordeaux-image-check>\n<div class=\"image-full-width-wrapper\">\n<div class=\"image-widthsetter\" style=\"max-width:2400px;\"><\/div>\n<\/div>\n<\/figure>\n<p>Nachdem die Ernte abgeschlossen ist, m\u00fcssen Sie die Samen nur noch f\u00fcr die sp\u00e4tere Aussaat richtig lagern.<\/p>\n<p>F\u00fcllen Sie die gesammelten Samen in einen Papierumschlag oder einen luftdichten Beh\u00e4lter, um sie trocken zu halten. Beschriften Sie den Beh\u00e4lter mit der Samenart und dem Erntedatum.<\/p>\n<p>\u201eBewahren Sie die geernteten Samen an einem trockenen, k\u00fchlen Ort auf, beispielsweise in einer Schublade oder in der Speisekammer, bis Sie sie im Fr\u00fchjahr pflanzen m\u00f6chten\u201c, r\u00e4t Joe Dogherty.<\/p>\n<p>\u201eRichtig getrocknete und gelagerte Schwarzaugen-Susanensamen k\u00f6nnen zwei bis drei Jahre haltbar sein, obwohl die Keimrate mit der Zeit abnimmt. Mit der richtigen Pflege und dem richtigen Zeitpunkt kann die Ernte von Schwarzaugen-Susanen-Samen einen reichlichen Vorrat f\u00fcr Ihren Garten oder zum Teilen liefern.\u201c<\/p>\n<div class=\"product-container hero-product-container product-block-no-wrap\"><\/div>\n<h3 class=\"article-body__section\" id=\"section-faqs\"><span>FAQs<\/span><\/h3>\n<h2 id=\"how-long-can-black-eyed-susan-seeds-last-in-storage-3\">Wie lange sind Schwarzaugen-Susanen-Samen gelagert haltbar?<\/h2>\n<p>Die Haltbarkeit von Schwarzaugen-Susanen-Samen h\u00e4ngt nicht nur von der Art der Lagerung ab, sondern kann auch je nach Variante variieren.<\/p>\n<p>Mehrj\u00e4hrige Schwarzaugen-Suscheln haben tendenziell widerstandsf\u00e4higere Samen, die bei der Lagerung l\u00e4nger haltbar sind. Bei idealen Lagerbedingungen kann dies bis zu vier bis f\u00fcnf Jahre dauern.<\/p>\n<p>Zweij\u00e4hrige oder einj\u00e4hrige Sorten haben m\u00f6glicherweise eine k\u00fcrzere Samenlebensf\u00e4higkeit \u2013 typischerweise etwa zwei bis drei Jahre \u2013, da ihr Lebenszyklus schneller ist und ihre Samen normalerweise schneller abgebaut werden.<\/p>\n<p>Denken Sie daran, dass die Samen der Schwarz\u00e4ugigen Susanne zwar bis zu f\u00fcnf Jahre lang keimf\u00e4hig bleiben k\u00f6nnen, die Keimrate jedoch im Laufe der Zeit im Allgemeinen abnimmt. Den h\u00f6chsten Keimerfolg erzielen Samen, die ein bis zwei Jahre gelagert werden.<\/p>\n<hr>\n<p>Die n\u00e4chste Aufgabe besteht darin, herauszufinden, wann Sie Ihre Samen der Schwarz\u00e4ugigen Susanne pflanzen sollen. Kurz gesagt, es ist am besten, sie so bald wie m\u00f6glich nach der Ernte auszus\u00e4en. Bedenken Sie, dass die Pflanzen m\u00f6glicherweise erst im zweiten Jahr bl\u00fchen. Daher ist Geduld der Schl\u00fcssel zum Erfolg. Mit der richtigen Pflege werden Ihre geernteten Samen viele Jahre lang leuchtende, langlebige Bl\u00fcten hervorbringen.<\/p>\n<\/div>\n","protected":false},"excerpt":{"rendered":"<p>Sammeln von Samen von reifen Schwarzaugen-Susanne oder Rudbeckia hirtaist eine einfache Aufgabe, mit der Sie sich Jahr f\u00fcr Jahr an dieser leuchtenden Bl\u00fctenpracht erfreuen k\u00f6nnen.<\/p>\n","protected":false},"author":1,"featured_media":632,"comment_status":"closed","ping_status":"","sticky":false,"template":"","format":"standard","meta":{"footnotes":""},"categories":[118],"tags":[78,9,1256,416,55,319,1259,1257,165,37,1258],"class_list":["post-631","post","type-post","status-publish","format-standard","has-post-thumbnail","hentry","category-haus-garten","tag-den","tag-die","tag-ernten","tag-expertentipps","tag-fuer","tag-perfekten","tag-samenlagerung","tag-schwarzaugensusanensamen","tag-sie","tag-und","tag-zeitpunkt","generate-columns","tablet-grid-50","mobile-grid-100","grid-parent","grid-50"],"yoast_head":"<!-- This site is optimized with the Yoast SEO plugin v27.3 - https:\/\/yoast.com\/product\/yoast-seo-wordpress\/ -->\n<title>So ernten Sie Schwarzaugen-Susanensamen \u2013 Expertentipps f\u00fcr den perfekten Zeitpunkt und die Samenlagerung - Nachrichten - Stra\u00dfenweb<\/title>\n<meta name=\"robots\" content=\"index, follow, max-snippet:-1, max-image-preview:large, max-video-preview:-1\" \/>\n<link rel=\"canonical\" href=\"https:\/\/www.strassenweb.de\/nachrichten\/so-ernten-sie-schwarzaugen-susanensamen-expertentipps-fuer-den-perfekten-zeitpunkt-und-die-samenlagerung\/\" \/>\n<meta property=\"og:locale\" content=\"de_DE\" \/>\n<meta property=\"og:type\" content=\"article\" \/>\n<meta property=\"og:title\" content=\"So ernten Sie Schwarzaugen-Susanensamen \u2013 Expertentipps f\u00fcr den perfekten Zeitpunkt und die Samenlagerung - Nachrichten - Stra\u00dfenweb\" \/>\n<meta property=\"og:description\" content=\"Sammeln von Samen von reifen Schwarzaugen-Susanne oder Rudbeckia hirtaist eine einfache Aufgabe, mit der Sie sich Jahr f\u00fcr Jahr an dieser leuchtenden Bl\u00fctenpracht erfreuen k\u00f6nnen.\" \/>\n<meta property=\"og:url\" content=\"https:\/\/www.strassenweb.de\/nachrichten\/so-ernten-sie-schwarzaugen-susanensamen-expertentipps-fuer-den-perfekten-zeitpunkt-und-die-samenlagerung\/\" \/>\n<meta property=\"og:site_name\" content=\"Stra\u00dfenweb\" \/>\n<meta property=\"article:publisher\" content=\"https:\/\/www.facebook.com\/strassenweb\/\" \/>\n<meta property=\"article:published_time\" content=\"2024-10-05T14:44:14+00:00\" \/>\n<meta property=\"article:modified_time\" content=\"2024-10-05T14:44:15+00:00\" \/>\n<meta property=\"og:image\" content=\"https:\/\/www.strassenweb.de\/nachrichten\/wp-content\/uploads\/2024\/10\/So-ernten-Sie-Schwarzaugen-Susanensamen-\u2013-Expertentipps-fuer-den-perfekten-Zeitpunkt.jpg\" \/>\n\t<meta property=\"og:image:width\" content=\"1200\" \/>\n\t<meta property=\"og:image:height\" content=\"675\" \/>\n\t<meta property=\"og:image:type\" content=\"image\/jpeg\" \/>\n<meta name=\"author\" content=\"Robert Hoffmann\" \/>\n<meta name=\"twitter:card\" content=\"summary_large_image\" \/>\n<meta name=\"twitter:label1\" content=\"Verfasst von\" \/>\n\t<meta name=\"twitter:data1\" content=\"Robert Hoffmann\" \/>\n\t<meta name=\"twitter:label2\" content=\"Gesch\u00e4tzte Lesezeit\" \/>\n\t<meta name=\"twitter:data2\" content=\"6\u00a0Minuten\" \/>\n<script type=\"application\/ld+json\" class=\"yoast-schema-graph\">{\"@context\":\"https:\\\/\\\/schema.org\",\"@graph\":[{\"@type\":\"Article\",\"@id\":\"https:\\\/\\\/www.strassenweb.de\\\/nachrichten\\\/so-ernten-sie-schwarzaugen-susanensamen-expertentipps-fuer-den-perfekten-zeitpunkt-und-die-samenlagerung\\\/#article\",\"isPartOf\":{\"@id\":\"https:\\\/\\\/www.strassenweb.de\\\/nachrichten\\\/so-ernten-sie-schwarzaugen-susanensamen-expertentipps-fuer-den-perfekten-zeitpunkt-und-die-samenlagerung\\\/\"},\"author\":{\"name\":\"Robert Hoffmann\",\"@id\":\"https:\\\/\\\/www.strassenweb.de\\\/nachrichten\\\/#\\\/schema\\\/person\\\/87c9c9067f1211da429a744dc5a5aa41\"},\"headline\":\"So ernten Sie Schwarzaugen-Susanensamen \u2013 Expertentipps f\u00fcr den perfekten Zeitpunkt und die Samenlagerung\",\"datePublished\":\"2024-10-05T14:44:14+00:00\",\"dateModified\":\"2024-10-05T14:44:15+00:00\",\"mainEntityOfPage\":{\"@id\":\"https:\\\/\\\/www.strassenweb.de\\\/nachrichten\\\/so-ernten-sie-schwarzaugen-susanensamen-expertentipps-fuer-den-perfekten-zeitpunkt-und-die-samenlagerung\\\/\"},\"wordCount\":1144,\"publisher\":{\"@id\":\"https:\\\/\\\/www.strassenweb.de\\\/nachrichten\\\/#organization\"},\"image\":{\"@id\":\"https:\\\/\\\/www.strassenweb.de\\\/nachrichten\\\/so-ernten-sie-schwarzaugen-susanensamen-expertentipps-fuer-den-perfekten-zeitpunkt-und-die-samenlagerung\\\/#primaryimage\"},\"thumbnailUrl\":\"https:\\\/\\\/www.strassenweb.de\\\/nachrichten\\\/wp-content\\\/uploads\\\/2024\\\/10\\\/So-ernten-Sie-Schwarzaugen-Susanensamen-\u2013-Expertentipps-fuer-den-perfekten-Zeitpunkt.jpg\",\"keywords\":[\"den\",\"die\",\"ernten\",\"Expertentipps\",\"f\u00fcr\",\"perfekten\",\"Samenlagerung\",\"SchwarzaugenSusanensamen\",\"Sie\",\"und\",\"Zeitpunkt\"],\"articleSection\":[\"Haus &amp; Garten\"],\"inLanguage\":\"de\"},{\"@type\":\"WebPage\",\"@id\":\"https:\\\/\\\/www.strassenweb.de\\\/nachrichten\\\/so-ernten-sie-schwarzaugen-susanensamen-expertentipps-fuer-den-perfekten-zeitpunkt-und-die-samenlagerung\\\/\",\"url\":\"https:\\\/\\\/www.strassenweb.de\\\/nachrichten\\\/so-ernten-sie-schwarzaugen-susanensamen-expertentipps-fuer-den-perfekten-zeitpunkt-und-die-samenlagerung\\\/\",\"name\":\"So ernten Sie Schwarzaugen-Susanensamen \u2013 Expertentipps f\u00fcr den perfekten Zeitpunkt und die Samenlagerung - Nachrichten - Stra\u00dfenweb\",\"isPartOf\":{\"@id\":\"https:\\\/\\\/www.strassenweb.de\\\/nachrichten\\\/#website\"},\"primaryImageOfPage\":{\"@id\":\"https:\\\/\\\/www.strassenweb.de\\\/nachrichten\\\/so-ernten-sie-schwarzaugen-susanensamen-expertentipps-fuer-den-perfekten-zeitpunkt-und-die-samenlagerung\\\/#primaryimage\"},\"image\":{\"@id\":\"https:\\\/\\\/www.strassenweb.de\\\/nachrichten\\\/so-ernten-sie-schwarzaugen-susanensamen-expertentipps-fuer-den-perfekten-zeitpunkt-und-die-samenlagerung\\\/#primaryimage\"},\"thumbnailUrl\":\"https:\\\/\\\/www.strassenweb.de\\\/nachrichten\\\/wp-content\\\/uploads\\\/2024\\\/10\\\/So-ernten-Sie-Schwarzaugen-Susanensamen-\u2013-Expertentipps-fuer-den-perfekten-Zeitpunkt.jpg\",\"datePublished\":\"2024-10-05T14:44:14+00:00\",\"dateModified\":\"2024-10-05T14:44:15+00:00\",\"breadcrumb\":{\"@id\":\"https:\\\/\\\/www.strassenweb.de\\\/nachrichten\\\/so-ernten-sie-schwarzaugen-susanensamen-expertentipps-fuer-den-perfekten-zeitpunkt-und-die-samenlagerung\\\/#breadcrumb\"},\"inLanguage\":\"de\",\"potentialAction\":[{\"@type\":\"ReadAction\",\"target\":[\"https:\\\/\\\/www.strassenweb.de\\\/nachrichten\\\/so-ernten-sie-schwarzaugen-susanensamen-expertentipps-fuer-den-perfekten-zeitpunkt-und-die-samenlagerung\\\/\"]}]},{\"@type\":\"ImageObject\",\"inLanguage\":\"de\",\"@id\":\"https:\\\/\\\/www.strassenweb.de\\\/nachrichten\\\/so-ernten-sie-schwarzaugen-susanensamen-expertentipps-fuer-den-perfekten-zeitpunkt-und-die-samenlagerung\\\/#primaryimage\",\"url\":\"https:\\\/\\\/www.strassenweb.de\\\/nachrichten\\\/wp-content\\\/uploads\\\/2024\\\/10\\\/So-ernten-Sie-Schwarzaugen-Susanensamen-\u2013-Expertentipps-fuer-den-perfekten-Zeitpunkt.jpg\",\"contentUrl\":\"https:\\\/\\\/www.strassenweb.de\\\/nachrichten\\\/wp-content\\\/uploads\\\/2024\\\/10\\\/So-ernten-Sie-Schwarzaugen-Susanensamen-\u2013-Expertentipps-fuer-den-perfekten-Zeitpunkt.jpg\",\"width\":1200,\"height\":675,\"caption\":\"So ernten Sie Schwarzaugen-Susanensamen \u2013 Expertentipps f\u00fcr den perfekten Zeitpunkt und die Samenlagerung\"},{\"@type\":\"BreadcrumbList\",\"@id\":\"https:\\\/\\\/www.strassenweb.de\\\/nachrichten\\\/so-ernten-sie-schwarzaugen-susanensamen-expertentipps-fuer-den-perfekten-zeitpunkt-und-die-samenlagerung\\\/#breadcrumb\",\"itemListElement\":[{\"@type\":\"ListItem\",\"position\":1,\"name\":\"Home\",\"item\":\"https:\\\/\\\/www.strassenweb.de\\\/nachrichten\\\/\"},{\"@type\":\"ListItem\",\"position\":2,\"name\":\"So ernten Sie Schwarzaugen-Susanensamen \u2013 Expertentipps f\u00fcr den perfekten Zeitpunkt und die Samenlagerung\"}]},{\"@type\":\"WebSite\",\"@id\":\"https:\\\/\\\/www.strassenweb.de\\\/nachrichten\\\/#website\",\"url\":\"https:\\\/\\\/www.strassenweb.de\\\/nachrichten\\\/\",\"name\":\"Stra\u00dfenweb\",\"description\":\"Stra\u00dfenverzeichnis f\u00fcr Deutschland\",\"publisher\":{\"@id\":\"https:\\\/\\\/www.strassenweb.de\\\/nachrichten\\\/#organization\"},\"potentialAction\":[{\"@type\":\"SearchAction\",\"target\":{\"@type\":\"EntryPoint\",\"urlTemplate\":\"https:\\\/\\\/www.strassenweb.de\\\/nachrichten\\\/?s={search_term_string}\"},\"query-input\":{\"@type\":\"PropertyValueSpecification\",\"valueRequired\":true,\"valueName\":\"search_term_string\"}}],\"inLanguage\":\"de\"},{\"@type\":\"Organization\",\"@id\":\"https:\\\/\\\/www.strassenweb.de\\\/nachrichten\\\/#organization\",\"name\":\"Stra\u00dfenweb\",\"url\":\"https:\\\/\\\/www.strassenweb.de\\\/nachrichten\\\/\",\"logo\":{\"@type\":\"ImageObject\",\"inLanguage\":\"de\",\"@id\":\"https:\\\/\\\/www.strassenweb.de\\\/nachrichten\\\/#\\\/schema\\\/logo\\\/image\\\/\",\"url\":\"https:\\\/\\\/www.strassenweb.de\\\/nachrichten\\\/wp-content\\\/uploads\\\/2024\\\/09\\\/cropped-favicon.png\",\"contentUrl\":\"https:\\\/\\\/www.strassenweb.de\\\/nachrichten\\\/wp-content\\\/uploads\\\/2024\\\/09\\\/cropped-favicon.png\",\"width\":512,\"height\":512,\"caption\":\"Stra\u00dfenweb\"},\"image\":{\"@id\":\"https:\\\/\\\/www.strassenweb.de\\\/nachrichten\\\/#\\\/schema\\\/logo\\\/image\\\/\"},\"sameAs\":[\"https:\\\/\\\/www.facebook.com\\\/strassenweb\\\/\"]},{\"@type\":\"Person\",\"@id\":\"https:\\\/\\\/www.strassenweb.de\\\/nachrichten\\\/#\\\/schema\\\/person\\\/87c9c9067f1211da429a744dc5a5aa41\",\"name\":\"Robert Hoffmann\",\"image\":{\"@type\":\"ImageObject\",\"inLanguage\":\"de\",\"@id\":\"https:\\\/\\\/www.strassenweb.de\\\/nachrichten\\\/wp-content\\\/uploads\\\/2024\\\/09\\\/strassenweb-150x150.jpg\",\"url\":\"https:\\\/\\\/www.strassenweb.de\\\/nachrichten\\\/wp-content\\\/uploads\\\/2024\\\/09\\\/strassenweb-150x150.jpg\",\"contentUrl\":\"https:\\\/\\\/www.strassenweb.de\\\/nachrichten\\\/wp-content\\\/uploads\\\/2024\\\/09\\\/strassenweb-150x150.jpg\",\"caption\":\"Robert Hoffmann\"},\"description\":\"Ich hei\u00dfe Robert Hoffmann und ich bin ein leidenschaftlicher Verfechter von \u00d6kologie und Biodiversit\u00e4t. Seit meiner Kindheit in den W\u00e4ldern Bayerns f\u00fchle ich mich mit der Natur verbunden und bin entschlossen, sie zu sch\u00fctzen. Heute widme ich mein Leben der Sensibilisierung anderer f\u00fcr die Bedeutung des Umweltschutzes f\u00fcr zuk\u00fcnftige Generationen.\",\"sameAs\":[\"https:\\\/\\\/www.strassenweb.de\\\/\"]}]}<\/script>\n<!-- \/ Yoast SEO plugin. -->","yoast_head_json":{"title":"So ernten Sie Schwarzaugen-Susanensamen \u2013 Expertentipps f\u00fcr den perfekten Zeitpunkt und die Samenlagerung - Nachrichten - Stra\u00dfenweb","robots":{"index":"index","follow":"follow","max-snippet":"max-snippet:-1","max-image-preview":"max-image-preview:large","max-video-preview":"max-video-preview:-1"},"canonical":"https:\/\/www.strassenweb.de\/nachrichten\/so-ernten-sie-schwarzaugen-susanensamen-expertentipps-fuer-den-perfekten-zeitpunkt-und-die-samenlagerung\/","og_locale":"de_DE","og_type":"article","og_title":"So ernten Sie Schwarzaugen-Susanensamen \u2013 Expertentipps f\u00fcr den perfekten Zeitpunkt und die Samenlagerung - Nachrichten - Stra\u00dfenweb","og_description":"Sammeln von Samen von reifen Schwarzaugen-Susanne oder Rudbeckia hirtaist eine einfache Aufgabe, mit der Sie sich Jahr f\u00fcr Jahr an dieser leuchtenden Bl\u00fctenpracht erfreuen k\u00f6nnen.","og_url":"https:\/\/www.strassenweb.de\/nachrichten\/so-ernten-sie-schwarzaugen-susanensamen-expertentipps-fuer-den-perfekten-zeitpunkt-und-die-samenlagerung\/","og_site_name":"Stra\u00dfenweb","article_publisher":"https:\/\/www.facebook.com\/strassenweb\/","article_published_time":"2024-10-05T14:44:14+00:00","article_modified_time":"2024-10-05T14:44:15+00:00","og_image":[{"width":1200,"height":675,"url":"https:\/\/www.strassenweb.de\/nachrichten\/wp-content\/uploads\/2024\/10\/So-ernten-Sie-Schwarzaugen-Susanensamen-\u2013-Expertentipps-fuer-den-perfekten-Zeitpunkt.jpg","type":"image\/jpeg"}],"author":"Robert Hoffmann","twitter_card":"summary_large_image","twitter_misc":{"Verfasst von":"Robert Hoffmann","Gesch\u00e4tzte Lesezeit":"6\u00a0Minuten"},"schema":{"@context":"https:\/\/schema.org","@graph":[{"@type":"Article","@id":"https:\/\/www.strassenweb.de\/nachrichten\/so-ernten-sie-schwarzaugen-susanensamen-expertentipps-fuer-den-perfekten-zeitpunkt-und-die-samenlagerung\/#article","isPartOf":{"@id":"https:\/\/www.strassenweb.de\/nachrichten\/so-ernten-sie-schwarzaugen-susanensamen-expertentipps-fuer-den-perfekten-zeitpunkt-und-die-samenlagerung\/"},"author":{"name":"Robert Hoffmann","@id":"https:\/\/www.strassenweb.de\/nachrichten\/#\/schema\/person\/87c9c9067f1211da429a744dc5a5aa41"},"headline":"So ernten Sie Schwarzaugen-Susanensamen \u2013 Expertentipps f\u00fcr den perfekten Zeitpunkt und die Samenlagerung","datePublished":"2024-10-05T14:44:14+00:00","dateModified":"2024-10-05T14:44:15+00:00","mainEntityOfPage":{"@id":"https:\/\/www.strassenweb.de\/nachrichten\/so-ernten-sie-schwarzaugen-susanensamen-expertentipps-fuer-den-perfekten-zeitpunkt-und-die-samenlagerung\/"},"wordCount":1144,"publisher":{"@id":"https:\/\/www.strassenweb.de\/nachrichten\/#organization"},"image":{"@id":"https:\/\/www.strassenweb.de\/nachrichten\/so-ernten-sie-schwarzaugen-susanensamen-expertentipps-fuer-den-perfekten-zeitpunkt-und-die-samenlagerung\/#primaryimage"},"thumbnailUrl":"https:\/\/www.strassenweb.de\/nachrichten\/wp-content\/uploads\/2024\/10\/So-ernten-Sie-Schwarzaugen-Susanensamen-\u2013-Expertentipps-fuer-den-perfekten-Zeitpunkt.jpg","keywords":["den","die","ernten","Expertentipps","f\u00fcr","perfekten","Samenlagerung","SchwarzaugenSusanensamen","Sie","und","Zeitpunkt"],"articleSection":["Haus &amp; Garten"],"inLanguage":"de"},{"@type":"WebPage","@id":"https:\/\/www.strassenweb.de\/nachrichten\/so-ernten-sie-schwarzaugen-susanensamen-expertentipps-fuer-den-perfekten-zeitpunkt-und-die-samenlagerung\/","url":"https:\/\/www.strassenweb.de\/nachrichten\/so-ernten-sie-schwarzaugen-susanensamen-expertentipps-fuer-den-perfekten-zeitpunkt-und-die-samenlagerung\/","name":"So ernten Sie Schwarzaugen-Susanensamen \u2013 Expertentipps f\u00fcr den perfekten Zeitpunkt und die Samenlagerung - Nachrichten - Stra\u00dfenweb","isPartOf":{"@id":"https:\/\/www.strassenweb.de\/nachrichten\/#website"},"primaryImageOfPage":{"@id":"https:\/\/www.strassenweb.de\/nachrichten\/so-ernten-sie-schwarzaugen-susanensamen-expertentipps-fuer-den-perfekten-zeitpunkt-und-die-samenlagerung\/#primaryimage"},"image":{"@id":"https:\/\/www.strassenweb.de\/nachrichten\/so-ernten-sie-schwarzaugen-susanensamen-expertentipps-fuer-den-perfekten-zeitpunkt-und-die-samenlagerung\/#primaryimage"},"thumbnailUrl":"https:\/\/www.strassenweb.de\/nachrichten\/wp-content\/uploads\/2024\/10\/So-ernten-Sie-Schwarzaugen-Susanensamen-\u2013-Expertentipps-fuer-den-perfekten-Zeitpunkt.jpg","datePublished":"2024-10-05T14:44:14+00:00","dateModified":"2024-10-05T14:44:15+00:00","breadcrumb":{"@id":"https:\/\/www.strassenweb.de\/nachrichten\/so-ernten-sie-schwarzaugen-susanensamen-expertentipps-fuer-den-perfekten-zeitpunkt-und-die-samenlagerung\/#breadcrumb"},"inLanguage":"de","potentialAction":[{"@type":"ReadAction","target":["https:\/\/www.strassenweb.de\/nachrichten\/so-ernten-sie-schwarzaugen-susanensamen-expertentipps-fuer-den-perfekten-zeitpunkt-und-die-samenlagerung\/"]}]},{"@type":"ImageObject","inLanguage":"de","@id":"https:\/\/www.strassenweb.de\/nachrichten\/so-ernten-sie-schwarzaugen-susanensamen-expertentipps-fuer-den-perfekten-zeitpunkt-und-die-samenlagerung\/#primaryimage","url":"https:\/\/www.strassenweb.de\/nachrichten\/wp-content\/uploads\/2024\/10\/So-ernten-Sie-Schwarzaugen-Susanensamen-\u2013-Expertentipps-fuer-den-perfekten-Zeitpunkt.jpg","contentUrl":"https:\/\/www.strassenweb.de\/nachrichten\/wp-content\/uploads\/2024\/10\/So-ernten-Sie-Schwarzaugen-Susanensamen-\u2013-Expertentipps-fuer-den-perfekten-Zeitpunkt.jpg","width":1200,"height":675,"caption":"So ernten Sie Schwarzaugen-Susanensamen \u2013 Expertentipps f\u00fcr den perfekten Zeitpunkt und die Samenlagerung"},{"@type":"BreadcrumbList","@id":"https:\/\/www.strassenweb.de\/nachrichten\/so-ernten-sie-schwarzaugen-susanensamen-expertentipps-fuer-den-perfekten-zeitpunkt-und-die-samenlagerung\/#breadcrumb","itemListElement":[{"@type":"ListItem","position":1,"name":"Home","item":"https:\/\/www.strassenweb.de\/nachrichten\/"},{"@type":"ListItem","position":2,"name":"So ernten Sie Schwarzaugen-Susanensamen \u2013 Expertentipps f\u00fcr den perfekten Zeitpunkt und die Samenlagerung"}]},{"@type":"WebSite","@id":"https:\/\/www.strassenweb.de\/nachrichten\/#website","url":"https:\/\/www.strassenweb.de\/nachrichten\/","name":"Stra\u00dfenweb","description":"Stra\u00dfenverzeichnis f\u00fcr Deutschland","publisher":{"@id":"https:\/\/www.strassenweb.de\/nachrichten\/#organization"},"potentialAction":[{"@type":"SearchAction","target":{"@type":"EntryPoint","urlTemplate":"https:\/\/www.strassenweb.de\/nachrichten\/?s={search_term_string}"},"query-input":{"@type":"PropertyValueSpecification","valueRequired":true,"valueName":"search_term_string"}}],"inLanguage":"de"},{"@type":"Organization","@id":"https:\/\/www.strassenweb.de\/nachrichten\/#organization","name":"Stra\u00dfenweb","url":"https:\/\/www.strassenweb.de\/nachrichten\/","logo":{"@type":"ImageObject","inLanguage":"de","@id":"https:\/\/www.strassenweb.de\/nachrichten\/#\/schema\/logo\/image\/","url":"https:\/\/www.strassenweb.de\/nachrichten\/wp-content\/uploads\/2024\/09\/cropped-favicon.png","contentUrl":"https:\/\/www.strassenweb.de\/nachrichten\/wp-content\/uploads\/2024\/09\/cropped-favicon.png","width":512,"height":512,"caption":"Stra\u00dfenweb"},"image":{"@id":"https:\/\/www.strassenweb.de\/nachrichten\/#\/schema\/logo\/image\/"},"sameAs":["https:\/\/www.facebook.com\/strassenweb\/"]},{"@type":"Person","@id":"https:\/\/www.strassenweb.de\/nachrichten\/#\/schema\/person\/87c9c9067f1211da429a744dc5a5aa41","name":"Robert Hoffmann","image":{"@type":"ImageObject","inLanguage":"de","@id":"https:\/\/www.strassenweb.de\/nachrichten\/wp-content\/uploads\/2024\/09\/strassenweb-150x150.jpg","url":"https:\/\/www.strassenweb.de\/nachrichten\/wp-content\/uploads\/2024\/09\/strassenweb-150x150.jpg","contentUrl":"https:\/\/www.strassenweb.de\/nachrichten\/wp-content\/uploads\/2024\/09\/strassenweb-150x150.jpg","caption":"Robert Hoffmann"},"description":"Ich hei\u00dfe Robert Hoffmann und ich bin ein leidenschaftlicher Verfechter von \u00d6kologie und Biodiversit\u00e4t. Seit meiner Kindheit in den W\u00e4ldern Bayerns f\u00fchle ich mich mit der Natur verbunden und bin entschlossen, sie zu sch\u00fctzen. Heute widme ich mein Leben der Sensibilisierung anderer f\u00fcr die Bedeutung des Umweltschutzes f\u00fcr zuk\u00fcnftige Generationen.","sameAs":["https:\/\/www.strassenweb.de\/"]}]}},"_links":{"self":[{"href":"https:\/\/www.strassenweb.de\/nachrichten\/wp-json\/wp\/v2\/posts\/631","targetHints":{"allow":["GET"]}}],"collection":[{"href":"https:\/\/www.strassenweb.de\/nachrichten\/wp-json\/wp\/v2\/posts"}],"about":[{"href":"https:\/\/www.strassenweb.de\/nachrichten\/wp-json\/wp\/v2\/types\/post"}],"author":[{"embeddable":true,"href":"https:\/\/www.strassenweb.de\/nachrichten\/wp-json\/wp\/v2\/users\/1"}],"replies":[{"embeddable":true,"href":"https:\/\/www.strassenweb.de\/nachrichten\/wp-json\/wp\/v2\/comments?post=631"}],"version-history":[{"count":0,"href":"https:\/\/www.strassenweb.de\/nachrichten\/wp-json\/wp\/v2\/posts\/631\/revisions"}],"wp:featuredmedia":[{"embeddable":true,"href":"https:\/\/www.strassenweb.de\/nachrichten\/wp-json\/wp\/v2\/media\/632"}],"wp:attachment":[{"href":"https:\/\/www.strassenweb.de\/nachrichten\/wp-json\/wp\/v2\/media?parent=631"}],"wp:term":[{"taxonomy":"category","embeddable":true,"href":"https:\/\/www.strassenweb.de\/nachrichten\/wp-json\/wp\/v2\/categories?post=631"},{"taxonomy":"post_tag","embeddable":true,"href":"https:\/\/www.strassenweb.de\/nachrichten\/wp-json\/wp\/v2\/tags?post=631"}],"curies":[{"name":"wp","href":"https:\/\/api.w.org\/{rel}","templated":true}]}}