{"id":6301,"date":"2025-07-17T14:40:18","date_gmt":"2025-07-17T12:40:18","guid":{"rendered":"https:\/\/www.strassenweb.de\/nachrichten\/duerrestress-der-zur-herausforderung-der-pflege-der-legendaeren-major-eiche-von-sherwood-forest-beitraegt\/"},"modified":"2025-07-17T14:40:19","modified_gmt":"2025-07-17T12:40:19","slug":"duerrestress-der-zur-herausforderung-der-pflege-der-legendaeren-major-eiche-von-sherwood-forest-beitraegt","status":"publish","type":"post","link":"https:\/\/www.strassenweb.de\/nachrichten\/duerrestress-der-zur-herausforderung-der-pflege-der-legendaeren-major-eiche-von-sherwood-forest-beitraegt\/","title":{"rendered":"D\u00fcrrestress, der zur Herausforderung der Pflege der legend\u00e4ren Major Eiche von Sherwood Forest beitr\u00e4gt"},"content":{"rendered":"<p>Pioniertechniken und -techniken werden von Gro\u00dfbritanniens gr\u00f6\u00dfter Naturschutzorganisation eingesetzt, um einem der ber\u00fchmtesten und geliebten B\u00e4ume des Landes ma\u00dfgeschneidert zu sein.<\/p>\n<p>Die j\u00fcngste Heatwave bringt jedoch eine zus\u00e4tzliche Herausforderung, da Versuche weiterhin komplexe Probleme angehen, die die Gesundheit des Baumes beeinflussen.<\/p>\n<p>Die Royal Society for the Scarting of Birds (RSPB) arbeitet eng mit einigen der f\u00fchrenden Spezialisten f\u00fcr Baum- und Bodengesundheit in Gro\u00dfbritannien zusammen, um der Major Eiche in Sherwood Forest, Nottinghamshire, zu helfen.<\/p>\n<p>Der Baum, der auf rund 1.000 Jahre alt ist, hat eine lange Zusammenarbeit mit der Legende von Robin Hood und seiner Gruppe von Outlaws und soll im Wald ein Versteck f\u00fcr sie gewesen sein.<\/p>\n<p>In den letzten 200 Jahren sind Millionen von Besuchern aus der ganzen Welt nach Sherwood gereist, um die Major Oak zu bewundern.<\/p>\n<p>Seine Popularit\u00e4t hat jedoch zur Verdichtung des sandigen sauren Bodens um seine Basis beigetragen, das durch Jahrzehnte von Menschen verursacht wird, die Mitte der 1970er Jahre bis zur Installation eines Zauns gehen-oder sogar reiten und f\u00e4hrten.<\/p>\n<p>Der Zaun trug dazu bei, den Druck auf den Boden zu verringern, aber nicht die anhaltende Bedrohung seiner Gesundheit aufgrund der Verdichtung, die den Wasserfluss, den Sauerstoff und die Verf\u00fcgbarkeit von N\u00e4hrstoffen f\u00fcr die Wurzeln des Baumes weiterhin eingeschr\u00e4nkt hat.<\/p>\n<p>Dar\u00fcber hinaus hat die j\u00fcngste &#8222;Bodenbetrudel&#8220; einer unterirdischen Wurzelradar-Umfrage, die das Ausma\u00df des Wurzelsystems des Baumes gesch\u00e4tzt hatte, die alarmierende Realit\u00e4t eines viel reduzierten Netzwerks von Wurzeln in schlechtem Zustand entdeckt.<\/p>\n<p>Die Analyse der Wurzeln hat einen Mangel an wichtiger Wechselwirkung mit Pilzen und anderen Organismen ergeben.<\/p>\n<p>Im Jahr 2023 startete die Wohlt\u00e4tigkeitsorganisation ein Phased Wurzelwiederherstellungsprogramm, das von Natural England, der Regulierungsbeh\u00f6rde der Regierung f\u00fcr die nat\u00fcrliche Umwelt, genehmigt wurde, mit dem Ziel, die Haupteiche so lange wie m\u00f6glich aufrechtzuerhalten.<\/p>\n<p>Aber der w\u00e4rmste Juni, der jemals in Gro\u00dfbritannien verzeichnet wurde, und Wochen ohne signifikante Niederschlag im Jahr 2025 zur Dringlichkeit der bereits durchgef\u00fchrten Arbeiten f\u00fcr den Baum, um die Auswirkungen der Verdichtung umzukehren.<\/p>\n<p>In den letzten Wochen wurde regelm\u00e4\u00dfig ein Bew\u00e4sserungssystem von Mitarbeitern in der Reserve eingesetzt, als Reaktion auf Informationen, die durch Technologie zur Messung von Feuchtigkeit im Boden bereitgestellt wurden.<\/p>\n<p>Hollie Drake, Senior Site Manager von RSPB bei Sherwood Forest, sagte: \u201eDie Verantwortung f\u00fcr die Betreuung eines so ikonischen Baumes ist ein gro\u00dfes Privileg, ist aber auch eine bedeutende Herausforderung.<\/p>\n<p>\u201eDie Major Eiche hat ein unvergleichliches kulturelles Erbe und bedeutet unserer Gemeinde und der Grafschaft Nottinghamshire so viel, abgesehen von ihrem immensen Wert f\u00fcr die Natur hier in Sherwood.<\/p>\n<p>&#8222;Wir wissen, dass es sehr starkes Gef\u00fchl und Emotionen gibt, die vom Baum erzeugt werden, und viele tausend Menschen auf der ganzen Welt werden interessiert sein, wie es geht. Unsere Mitarbeiter und Freiwilligen teilen sich absolut diese tiefe Zuneigung.&#8220;<\/p>\n<p>Chloe Ryder, Immobilienbetriebsleiter f\u00fcr die RSPB in Sherwood Forest, die die Arbeit geleitet hat, erkl\u00e4rte: \u201eEines unserer Ziele f\u00fcr die Hunderte von alten Eichen hier in Sherwood Forest besteht darin, sie so lange wie m\u00f6glich zu halten und gleichzeitig optimale Bedingungen f\u00fcr j\u00fcngere Oaks zu schaffen, um bis in ihre alten und Veteran -Stages zu leben.<\/p>\n<p>\u201eInsbesondere f\u00fcr die Major Eiche haben wir die besten verf\u00fcgbaren wissenschaftlichen Ratschl\u00e4ge und Beweise von Experten f\u00fcr Baum- und Bodengesundheit beschafft, um einen Plan zur Verbesserung der Gesundheit des Baumes zu liefern, wenn dies zu diesem Zeitpunkt \u00fcberhaupt m\u00f6glich ist.<\/p>\n<p>\u201eDiese betr\u00e4chtliche Aufgabe wird durch den Klimawandel jedoch nicht einfacher.<\/p>\n<p>\u201eWir k\u00f6nnen bereits sehen, dass der Klimawandel verheerende Auswirkungen auf die nat\u00fcrliche Welt hat, und die Warnung aus dem Met -B\u00fcro, dass extremes Wetter die\u201e neue Normalit\u00e4t \u201cf\u00fcr Gro\u00dfbritannien ist, gibt uns echte Anlass zur Sorge.<\/p>\n<p>\u201eDie Major Oak hat drei aufeinanderfolgende Sommer mit l\u00e4ngeren D\u00fcrreperioden w\u00e4hrend seiner Vegetationsperiode und beispiellose hohe Temperaturen von 40 \u00b0 C im Jahr 2022 verzeichnet.<\/p>\n<p>&#8222;In diesem Jahr zeigt seine Blattabdeckung wieder den massiven Stress, unter dem der Baum unterliegt. Ein so altem Baum mit einer solch komplexen Geschichte ist so gigantuaner Herausforderungen, die st\u00e4ndig durch sehr hei\u00dfe und sehr trockene Sommer versch\u00e4rft werden.&#8220;<\/p>\n<p>Abgesehen davon, dass der Baum mit der Auswirkung der D\u00fcrre bei der Bew\u00e4ltigung der D\u00fcrre umgeht, hatte die RSPB bereits begonnen, das Problem der Bodenverdichtung um seine Basis anzugehen.<\/p>\n<p>In den letzten beiden Wintern haben RSPB-Mitarbeiter und Freiwillige, die mit dem in Hampshire ans\u00e4ssigen Bodengesundheitsagentur Soilbiolab zusammengearbeitet haben, den eng gepackten Boden aus rund um Abschnitte der gef\u00e4hrdeten Wurzeln des Baumes sorgf\u00e4ltig aufgebrochen.<\/p>\n<p>Aus dem Wald gesammelte organisches Material wird hinzugef\u00fcgt, um den Boden zu ern\u00e4hren und die biologische Aktivit\u00e4t zu stimulieren, bevor die Erde \u00fcber den Wurzeln ersetzt wird. Die Arbeit wird von Hand erledigt, um das Risiko einer Sch\u00e4digung des Baumes zu minimieren.<\/p>\n<p>Im Rahmen der Wurzelrestaurationsarbeit wird die Vegetation innerhalb des umz\u00e4unten Geh\u00e4uses der Major Eiche gelassen, um ihren vollen Wachstumszyklus zu vervollst\u00e4ndigen. Etablierte Pflanzen werden dazu beitragen, den Boden auf nat\u00fcrliche Weise aufzubrechen und die biologische Vielfalt und die \u00f6kologische Komplexit\u00e4t um den Baum zu erh\u00f6hen.<\/p>\n<p>Gr\u00e4ser und andere Pflanzen halten Feuchtigkeit, \u00fcbertragen N\u00e4hrstoffe und ziehen best\u00e4ubende Insekten an. Das verfallende Holz, das f\u00fcr das \u00d6kosystem von Sherwood ein wesentlicher Bestandteil ist, wird auch verwendet, um die biologische Aktivit\u00e4t im Boden zu verbessern.<\/p>\n<p>Ein junger Eiche, der aus Naturschutzgr\u00fcnden gef\u00e4llt, wurde in das Geh\u00e4use gelegt, um im Laufe der Zeit zu verfallen, wodurch wichtige N\u00e4hrstoffe in den Boden freigesetzt werden, wenn er zusammenbricht, und einen Lebensraum f\u00fcr eine Vielzahl von Wildtieren, einschlie\u00dflich des seltenen saproxylischen Wirbellosen, das den Wald verdient hat, seinen gesch\u00fctzten Status als Ort des besonderen wissenschaftlichen Interesses seit 1954.<\/p>\n<p>Die \u00dcberwachung der Ergebnisse der Arbeit ist f\u00fcr das Ergebnis des Programms von entscheidender Bedeutung. Daher hat die Wohlt\u00e4tigkeitsorganisation die Bodensensoren getestet, um die Temperatur und den Feuchtigkeitsgehalt im Boden zu \u00fcberpr\u00fcfen.<\/p>\n<p>Daten aus diesen Ger\u00e4ten werden in Echtzeit bereitgestellt, um die Verwaltung des Baumes zu informieren.<\/p>\n<p>In Zusammenarbeit mit dem Woodland Trust und Dr. Andy Hirons, einem hochrangigen Dozenten f\u00fcr Arboriculture am University Center Myerscough, hat der RSPB den Baum Dendrometer angeschlossen, um sein Wachstum zu messen und in Bezug auf die Wasseraufnahme zu schrumpfen.<\/p>\n<p>Louise Hackett, Bleescape Development Lead f\u00fcr Sherwood im Woodland Trust, sagte: \u201eDie Dendrometer liefern einzigartige und Echtzeitinformationen \u00fcber den Zustand der Major Oak und wie sie auf Herausforderungen reagiert, wie die langen Trockenzauber, die wir derzeit erleben, sowie auf die Bem\u00fchungen, diese Herausforderungen zu bew\u00e4ltigen.<\/p>\n<p>&#8222;Alles, was wir gerade aus der gro\u00dfen Eiche lernen, f\u00f6rdert unser Verst\u00e4ndnis von alten B\u00e4umen, was uns helfen wird, andere alte und erfahrene B\u00e4ume in Zukunft zu sch\u00fctzen.&#8220;<\/p>\n<p>Hollie Drake sagte: &#8222;W\u00e4hrend niemand definitiv sagen kann, wie lange es weiter leben wird, wird die gro\u00dfe Eiche im Herzen von Sherwood stehen und f\u00fcr immer Teil der Legende von Robin Hood sein.&#8220;<\/p>\n<hr class=\"wp-block-separator has-alpha-channel-opacity\">\n<p><em>Fotokredit: D\u00fcrre betroffene Bl\u00e4tter auf der Major Eiche in Sherwood Forest Juli 2025. Rob James<\/em><\/p><\/p>\n","protected":false},"excerpt":{"rendered":"<p>Pioniertechniken und -techniken werden von Gro\u00dfbritanniens gr\u00f6\u00dfter Naturschutzorganisation eingesetzt, um einem der ber\u00fchmtesten und geliebten B\u00e4ume des Landes ma\u00dfgeschneidert zu sein. Die j\u00fcngste Heatwave bringt<\/p>\n","protected":false},"author":1,"featured_media":6302,"comment_status":"closed","ping_status":"","sticky":false,"template":"","format":"standard","meta":{"footnotes":""},"categories":[101],"tags":[4441,81,8686,8688,1437,508,6295,8687,704,8689,21,99],"class_list":["post-6301","post","type-post","status-publish","format-standard","has-post-thumbnail","hentry","category-oekologie","tag-beitraegt","tag-der","tag-duerrestress","tag-eiche","tag-forest","tag-herausforderung","tag-legendaeren","tag-major","tag-pflege","tag-sherwood","tag-von","tag-zur","generate-columns","tablet-grid-50","mobile-grid-100","grid-parent","grid-50"],"yoast_head":"<!-- This site is optimized with the Yoast SEO plugin v27.3 - https:\/\/yoast.com\/product\/yoast-seo-wordpress\/ -->\n<title>D\u00fcrrestress, der zur Herausforderung der Pflege der legend\u00e4ren Major Eiche von Sherwood Forest beitr\u00e4gt - Nachrichten - Stra\u00dfenweb<\/title>\n<meta name=\"robots\" content=\"index, follow, max-snippet:-1, max-image-preview:large, max-video-preview:-1\" \/>\n<link rel=\"canonical\" href=\"https:\/\/www.strassenweb.de\/nachrichten\/duerrestress-der-zur-herausforderung-der-pflege-der-legendaeren-major-eiche-von-sherwood-forest-beitraegt\/\" \/>\n<meta property=\"og:locale\" content=\"de_DE\" \/>\n<meta property=\"og:type\" content=\"article\" \/>\n<meta property=\"og:title\" content=\"D\u00fcrrestress, der zur Herausforderung der Pflege der legend\u00e4ren Major Eiche von Sherwood Forest beitr\u00e4gt - Nachrichten - Stra\u00dfenweb\" \/>\n<meta property=\"og:description\" content=\"Pioniertechniken und -techniken werden von Gro\u00dfbritanniens gr\u00f6\u00dfter Naturschutzorganisation eingesetzt, um einem der ber\u00fchmtesten und geliebten B\u00e4ume des Landes ma\u00dfgeschneidert zu sein. Die j\u00fcngste Heatwave bringt\" \/>\n<meta property=\"og:url\" content=\"https:\/\/www.strassenweb.de\/nachrichten\/duerrestress-der-zur-herausforderung-der-pflege-der-legendaeren-major-eiche-von-sherwood-forest-beitraegt\/\" \/>\n<meta property=\"og:site_name\" content=\"Stra\u00dfenweb\" \/>\n<meta property=\"article:publisher\" content=\"https:\/\/www.facebook.com\/strassenweb\/\" \/>\n<meta property=\"article:published_time\" content=\"2025-07-17T12:40:18+00:00\" \/>\n<meta property=\"article:modified_time\" content=\"2025-07-17T12:40:19+00:00\" \/>\n<meta property=\"og:image\" content=\"https:\/\/www.strassenweb.de\/nachrichten\/wp-content\/uploads\/2025\/07\/Duerrestress-der-zur-Herausforderung-der-Pflege-der-legendaeren-Major-Eiche.jpg\" \/>\n\t<meta property=\"og:image:width\" content=\"900\" \/>\n\t<meta property=\"og:image:height\" content=\"564\" \/>\n\t<meta property=\"og:image:type\" content=\"image\/jpeg\" \/>\n<meta name=\"author\" content=\"Robert Hoffmann\" \/>\n<meta name=\"twitter:card\" content=\"summary_large_image\" \/>\n<meta name=\"twitter:label1\" content=\"Verfasst von\" \/>\n\t<meta name=\"twitter:data1\" content=\"Robert Hoffmann\" \/>\n\t<meta name=\"twitter:label2\" content=\"Gesch\u00e4tzte Lesezeit\" \/>\n\t<meta name=\"twitter:data2\" content=\"6\u00a0Minuten\" \/>\n<script type=\"application\/ld+json\" class=\"yoast-schema-graph\">{\"@context\":\"https:\\\/\\\/schema.org\",\"@graph\":[{\"@type\":\"Article\",\"@id\":\"https:\\\/\\\/www.strassenweb.de\\\/nachrichten\\\/duerrestress-der-zur-herausforderung-der-pflege-der-legendaeren-major-eiche-von-sherwood-forest-beitraegt\\\/#article\",\"isPartOf\":{\"@id\":\"https:\\\/\\\/www.strassenweb.de\\\/nachrichten\\\/duerrestress-der-zur-herausforderung-der-pflege-der-legendaeren-major-eiche-von-sherwood-forest-beitraegt\\\/\"},\"author\":{\"name\":\"Robert Hoffmann\",\"@id\":\"https:\\\/\\\/www.strassenweb.de\\\/nachrichten\\\/#\\\/schema\\\/person\\\/87c9c9067f1211da429a744dc5a5aa41\"},\"headline\":\"D\u00fcrrestress, der zur Herausforderung der Pflege der legend\u00e4ren Major Eiche von Sherwood Forest beitr\u00e4gt\",\"datePublished\":\"2025-07-17T12:40:18+00:00\",\"dateModified\":\"2025-07-17T12:40:19+00:00\",\"mainEntityOfPage\":{\"@id\":\"https:\\\/\\\/www.strassenweb.de\\\/nachrichten\\\/duerrestress-der-zur-herausforderung-der-pflege-der-legendaeren-major-eiche-von-sherwood-forest-beitraegt\\\/\"},\"wordCount\":1220,\"publisher\":{\"@id\":\"https:\\\/\\\/www.strassenweb.de\\\/nachrichten\\\/#organization\"},\"image\":{\"@id\":\"https:\\\/\\\/www.strassenweb.de\\\/nachrichten\\\/duerrestress-der-zur-herausforderung-der-pflege-der-legendaeren-major-eiche-von-sherwood-forest-beitraegt\\\/#primaryimage\"},\"thumbnailUrl\":\"https:\\\/\\\/www.strassenweb.de\\\/nachrichten\\\/wp-content\\\/uploads\\\/2025\\\/07\\\/Duerrestress-der-zur-Herausforderung-der-Pflege-der-legendaeren-Major-Eiche.jpg\",\"keywords\":[\"beitr\u00e4gt\",\"der\",\"D\u00fcrrestress\",\"Eiche\",\"Forest\",\"Herausforderung\",\"legend\u00e4ren\",\"Major\",\"Pflege\",\"Sherwood\",\"von\",\"zur\"],\"articleSection\":[\"\u00d6kologie\"],\"inLanguage\":\"de\"},{\"@type\":\"WebPage\",\"@id\":\"https:\\\/\\\/www.strassenweb.de\\\/nachrichten\\\/duerrestress-der-zur-herausforderung-der-pflege-der-legendaeren-major-eiche-von-sherwood-forest-beitraegt\\\/\",\"url\":\"https:\\\/\\\/www.strassenweb.de\\\/nachrichten\\\/duerrestress-der-zur-herausforderung-der-pflege-der-legendaeren-major-eiche-von-sherwood-forest-beitraegt\\\/\",\"name\":\"D\u00fcrrestress, der zur Herausforderung der Pflege der legend\u00e4ren Major Eiche von Sherwood Forest beitr\u00e4gt - Nachrichten - Stra\u00dfenweb\",\"isPartOf\":{\"@id\":\"https:\\\/\\\/www.strassenweb.de\\\/nachrichten\\\/#website\"},\"primaryImageOfPage\":{\"@id\":\"https:\\\/\\\/www.strassenweb.de\\\/nachrichten\\\/duerrestress-der-zur-herausforderung-der-pflege-der-legendaeren-major-eiche-von-sherwood-forest-beitraegt\\\/#primaryimage\"},\"image\":{\"@id\":\"https:\\\/\\\/www.strassenweb.de\\\/nachrichten\\\/duerrestress-der-zur-herausforderung-der-pflege-der-legendaeren-major-eiche-von-sherwood-forest-beitraegt\\\/#primaryimage\"},\"thumbnailUrl\":\"https:\\\/\\\/www.strassenweb.de\\\/nachrichten\\\/wp-content\\\/uploads\\\/2025\\\/07\\\/Duerrestress-der-zur-Herausforderung-der-Pflege-der-legendaeren-Major-Eiche.jpg\",\"datePublished\":\"2025-07-17T12:40:18+00:00\",\"dateModified\":\"2025-07-17T12:40:19+00:00\",\"breadcrumb\":{\"@id\":\"https:\\\/\\\/www.strassenweb.de\\\/nachrichten\\\/duerrestress-der-zur-herausforderung-der-pflege-der-legendaeren-major-eiche-von-sherwood-forest-beitraegt\\\/#breadcrumb\"},\"inLanguage\":\"de\",\"potentialAction\":[{\"@type\":\"ReadAction\",\"target\":[\"https:\\\/\\\/www.strassenweb.de\\\/nachrichten\\\/duerrestress-der-zur-herausforderung-der-pflege-der-legendaeren-major-eiche-von-sherwood-forest-beitraegt\\\/\"]}]},{\"@type\":\"ImageObject\",\"inLanguage\":\"de\",\"@id\":\"https:\\\/\\\/www.strassenweb.de\\\/nachrichten\\\/duerrestress-der-zur-herausforderung-der-pflege-der-legendaeren-major-eiche-von-sherwood-forest-beitraegt\\\/#primaryimage\",\"url\":\"https:\\\/\\\/www.strassenweb.de\\\/nachrichten\\\/wp-content\\\/uploads\\\/2025\\\/07\\\/Duerrestress-der-zur-Herausforderung-der-Pflege-der-legendaeren-Major-Eiche.jpg\",\"contentUrl\":\"https:\\\/\\\/www.strassenweb.de\\\/nachrichten\\\/wp-content\\\/uploads\\\/2025\\\/07\\\/Duerrestress-der-zur-Herausforderung-der-Pflege-der-legendaeren-Major-Eiche.jpg\",\"width\":900,\"height\":564,\"caption\":\"Drought stress adding to challenge of caring for Sherwood Forest\u2019s iconic Major Oak\"},{\"@type\":\"BreadcrumbList\",\"@id\":\"https:\\\/\\\/www.strassenweb.de\\\/nachrichten\\\/duerrestress-der-zur-herausforderung-der-pflege-der-legendaeren-major-eiche-von-sherwood-forest-beitraegt\\\/#breadcrumb\",\"itemListElement\":[{\"@type\":\"ListItem\",\"position\":1,\"name\":\"Home\",\"item\":\"https:\\\/\\\/www.strassenweb.de\\\/nachrichten\\\/\"},{\"@type\":\"ListItem\",\"position\":2,\"name\":\"D\u00fcrrestress, der zur Herausforderung der Pflege der legend\u00e4ren Major Eiche von Sherwood Forest beitr\u00e4gt\"}]},{\"@type\":\"WebSite\",\"@id\":\"https:\\\/\\\/www.strassenweb.de\\\/nachrichten\\\/#website\",\"url\":\"https:\\\/\\\/www.strassenweb.de\\\/nachrichten\\\/\",\"name\":\"Stra\u00dfenweb\",\"description\":\"Stra\u00dfenverzeichnis f\u00fcr Deutschland\",\"publisher\":{\"@id\":\"https:\\\/\\\/www.strassenweb.de\\\/nachrichten\\\/#organization\"},\"potentialAction\":[{\"@type\":\"SearchAction\",\"target\":{\"@type\":\"EntryPoint\",\"urlTemplate\":\"https:\\\/\\\/www.strassenweb.de\\\/nachrichten\\\/?s={search_term_string}\"},\"query-input\":{\"@type\":\"PropertyValueSpecification\",\"valueRequired\":true,\"valueName\":\"search_term_string\"}}],\"inLanguage\":\"de\"},{\"@type\":\"Organization\",\"@id\":\"https:\\\/\\\/www.strassenweb.de\\\/nachrichten\\\/#organization\",\"name\":\"Stra\u00dfenweb\",\"url\":\"https:\\\/\\\/www.strassenweb.de\\\/nachrichten\\\/\",\"logo\":{\"@type\":\"ImageObject\",\"inLanguage\":\"de\",\"@id\":\"https:\\\/\\\/www.strassenweb.de\\\/nachrichten\\\/#\\\/schema\\\/logo\\\/image\\\/\",\"url\":\"https:\\\/\\\/www.strassenweb.de\\\/nachrichten\\\/wp-content\\\/uploads\\\/2024\\\/09\\\/cropped-favicon.png\",\"contentUrl\":\"https:\\\/\\\/www.strassenweb.de\\\/nachrichten\\\/wp-content\\\/uploads\\\/2024\\\/09\\\/cropped-favicon.png\",\"width\":512,\"height\":512,\"caption\":\"Stra\u00dfenweb\"},\"image\":{\"@id\":\"https:\\\/\\\/www.strassenweb.de\\\/nachrichten\\\/#\\\/schema\\\/logo\\\/image\\\/\"},\"sameAs\":[\"https:\\\/\\\/www.facebook.com\\\/strassenweb\\\/\"]},{\"@type\":\"Person\",\"@id\":\"https:\\\/\\\/www.strassenweb.de\\\/nachrichten\\\/#\\\/schema\\\/person\\\/87c9c9067f1211da429a744dc5a5aa41\",\"name\":\"Robert Hoffmann\",\"image\":{\"@type\":\"ImageObject\",\"inLanguage\":\"de\",\"@id\":\"https:\\\/\\\/www.strassenweb.de\\\/nachrichten\\\/wp-content\\\/uploads\\\/2024\\\/09\\\/strassenweb-150x150.jpg\",\"url\":\"https:\\\/\\\/www.strassenweb.de\\\/nachrichten\\\/wp-content\\\/uploads\\\/2024\\\/09\\\/strassenweb-150x150.jpg\",\"contentUrl\":\"https:\\\/\\\/www.strassenweb.de\\\/nachrichten\\\/wp-content\\\/uploads\\\/2024\\\/09\\\/strassenweb-150x150.jpg\",\"caption\":\"Robert Hoffmann\"},\"description\":\"Ich hei\u00dfe Robert Hoffmann und ich bin ein leidenschaftlicher Verfechter von \u00d6kologie und Biodiversit\u00e4t. Seit meiner Kindheit in den W\u00e4ldern Bayerns f\u00fchle ich mich mit der Natur verbunden und bin entschlossen, sie zu sch\u00fctzen. Heute widme ich mein Leben der Sensibilisierung anderer f\u00fcr die Bedeutung des Umweltschutzes f\u00fcr zuk\u00fcnftige Generationen.\",\"sameAs\":[\"https:\\\/\\\/www.strassenweb.de\\\/\"]}]}<\/script>\n<!-- \/ Yoast SEO plugin. -->","yoast_head_json":{"title":"D\u00fcrrestress, der zur Herausforderung der Pflege der legend\u00e4ren Major Eiche von Sherwood Forest beitr\u00e4gt - Nachrichten - Stra\u00dfenweb","robots":{"index":"index","follow":"follow","max-snippet":"max-snippet:-1","max-image-preview":"max-image-preview:large","max-video-preview":"max-video-preview:-1"},"canonical":"https:\/\/www.strassenweb.de\/nachrichten\/duerrestress-der-zur-herausforderung-der-pflege-der-legendaeren-major-eiche-von-sherwood-forest-beitraegt\/","og_locale":"de_DE","og_type":"article","og_title":"D\u00fcrrestress, der zur Herausforderung der Pflege der legend\u00e4ren Major Eiche von Sherwood Forest beitr\u00e4gt - Nachrichten - Stra\u00dfenweb","og_description":"Pioniertechniken und -techniken werden von Gro\u00dfbritanniens gr\u00f6\u00dfter Naturschutzorganisation eingesetzt, um einem der ber\u00fchmtesten und geliebten B\u00e4ume des Landes ma\u00dfgeschneidert zu sein. Die j\u00fcngste Heatwave bringt","og_url":"https:\/\/www.strassenweb.de\/nachrichten\/duerrestress-der-zur-herausforderung-der-pflege-der-legendaeren-major-eiche-von-sherwood-forest-beitraegt\/","og_site_name":"Stra\u00dfenweb","article_publisher":"https:\/\/www.facebook.com\/strassenweb\/","article_published_time":"2025-07-17T12:40:18+00:00","article_modified_time":"2025-07-17T12:40:19+00:00","og_image":[{"width":900,"height":564,"url":"https:\/\/www.strassenweb.de\/nachrichten\/wp-content\/uploads\/2025\/07\/Duerrestress-der-zur-Herausforderung-der-Pflege-der-legendaeren-Major-Eiche.jpg","type":"image\/jpeg"}],"author":"Robert Hoffmann","twitter_card":"summary_large_image","twitter_misc":{"Verfasst von":"Robert Hoffmann","Gesch\u00e4tzte Lesezeit":"6\u00a0Minuten"},"schema":{"@context":"https:\/\/schema.org","@graph":[{"@type":"Article","@id":"https:\/\/www.strassenweb.de\/nachrichten\/duerrestress-der-zur-herausforderung-der-pflege-der-legendaeren-major-eiche-von-sherwood-forest-beitraegt\/#article","isPartOf":{"@id":"https:\/\/www.strassenweb.de\/nachrichten\/duerrestress-der-zur-herausforderung-der-pflege-der-legendaeren-major-eiche-von-sherwood-forest-beitraegt\/"},"author":{"name":"Robert Hoffmann","@id":"https:\/\/www.strassenweb.de\/nachrichten\/#\/schema\/person\/87c9c9067f1211da429a744dc5a5aa41"},"headline":"D\u00fcrrestress, der zur Herausforderung der Pflege der legend\u00e4ren Major Eiche von Sherwood Forest beitr\u00e4gt","datePublished":"2025-07-17T12:40:18+00:00","dateModified":"2025-07-17T12:40:19+00:00","mainEntityOfPage":{"@id":"https:\/\/www.strassenweb.de\/nachrichten\/duerrestress-der-zur-herausforderung-der-pflege-der-legendaeren-major-eiche-von-sherwood-forest-beitraegt\/"},"wordCount":1220,"publisher":{"@id":"https:\/\/www.strassenweb.de\/nachrichten\/#organization"},"image":{"@id":"https:\/\/www.strassenweb.de\/nachrichten\/duerrestress-der-zur-herausforderung-der-pflege-der-legendaeren-major-eiche-von-sherwood-forest-beitraegt\/#primaryimage"},"thumbnailUrl":"https:\/\/www.strassenweb.de\/nachrichten\/wp-content\/uploads\/2025\/07\/Duerrestress-der-zur-Herausforderung-der-Pflege-der-legendaeren-Major-Eiche.jpg","keywords":["beitr\u00e4gt","der","D\u00fcrrestress","Eiche","Forest","Herausforderung","legend\u00e4ren","Major","Pflege","Sherwood","von","zur"],"articleSection":["\u00d6kologie"],"inLanguage":"de"},{"@type":"WebPage","@id":"https:\/\/www.strassenweb.de\/nachrichten\/duerrestress-der-zur-herausforderung-der-pflege-der-legendaeren-major-eiche-von-sherwood-forest-beitraegt\/","url":"https:\/\/www.strassenweb.de\/nachrichten\/duerrestress-der-zur-herausforderung-der-pflege-der-legendaeren-major-eiche-von-sherwood-forest-beitraegt\/","name":"D\u00fcrrestress, der zur Herausforderung der Pflege der legend\u00e4ren Major Eiche von Sherwood Forest beitr\u00e4gt - Nachrichten - Stra\u00dfenweb","isPartOf":{"@id":"https:\/\/www.strassenweb.de\/nachrichten\/#website"},"primaryImageOfPage":{"@id":"https:\/\/www.strassenweb.de\/nachrichten\/duerrestress-der-zur-herausforderung-der-pflege-der-legendaeren-major-eiche-von-sherwood-forest-beitraegt\/#primaryimage"},"image":{"@id":"https:\/\/www.strassenweb.de\/nachrichten\/duerrestress-der-zur-herausforderung-der-pflege-der-legendaeren-major-eiche-von-sherwood-forest-beitraegt\/#primaryimage"},"thumbnailUrl":"https:\/\/www.strassenweb.de\/nachrichten\/wp-content\/uploads\/2025\/07\/Duerrestress-der-zur-Herausforderung-der-Pflege-der-legendaeren-Major-Eiche.jpg","datePublished":"2025-07-17T12:40:18+00:00","dateModified":"2025-07-17T12:40:19+00:00","breadcrumb":{"@id":"https:\/\/www.strassenweb.de\/nachrichten\/duerrestress-der-zur-herausforderung-der-pflege-der-legendaeren-major-eiche-von-sherwood-forest-beitraegt\/#breadcrumb"},"inLanguage":"de","potentialAction":[{"@type":"ReadAction","target":["https:\/\/www.strassenweb.de\/nachrichten\/duerrestress-der-zur-herausforderung-der-pflege-der-legendaeren-major-eiche-von-sherwood-forest-beitraegt\/"]}]},{"@type":"ImageObject","inLanguage":"de","@id":"https:\/\/www.strassenweb.de\/nachrichten\/duerrestress-der-zur-herausforderung-der-pflege-der-legendaeren-major-eiche-von-sherwood-forest-beitraegt\/#primaryimage","url":"https:\/\/www.strassenweb.de\/nachrichten\/wp-content\/uploads\/2025\/07\/Duerrestress-der-zur-Herausforderung-der-Pflege-der-legendaeren-Major-Eiche.jpg","contentUrl":"https:\/\/www.strassenweb.de\/nachrichten\/wp-content\/uploads\/2025\/07\/Duerrestress-der-zur-Herausforderung-der-Pflege-der-legendaeren-Major-Eiche.jpg","width":900,"height":564,"caption":"Drought stress adding to challenge of caring for Sherwood Forest\u2019s iconic Major Oak"},{"@type":"BreadcrumbList","@id":"https:\/\/www.strassenweb.de\/nachrichten\/duerrestress-der-zur-herausforderung-der-pflege-der-legendaeren-major-eiche-von-sherwood-forest-beitraegt\/#breadcrumb","itemListElement":[{"@type":"ListItem","position":1,"name":"Home","item":"https:\/\/www.strassenweb.de\/nachrichten\/"},{"@type":"ListItem","position":2,"name":"D\u00fcrrestress, der zur Herausforderung der Pflege der legend\u00e4ren Major Eiche von Sherwood Forest beitr\u00e4gt"}]},{"@type":"WebSite","@id":"https:\/\/www.strassenweb.de\/nachrichten\/#website","url":"https:\/\/www.strassenweb.de\/nachrichten\/","name":"Stra\u00dfenweb","description":"Stra\u00dfenverzeichnis f\u00fcr Deutschland","publisher":{"@id":"https:\/\/www.strassenweb.de\/nachrichten\/#organization"},"potentialAction":[{"@type":"SearchAction","target":{"@type":"EntryPoint","urlTemplate":"https:\/\/www.strassenweb.de\/nachrichten\/?s={search_term_string}"},"query-input":{"@type":"PropertyValueSpecification","valueRequired":true,"valueName":"search_term_string"}}],"inLanguage":"de"},{"@type":"Organization","@id":"https:\/\/www.strassenweb.de\/nachrichten\/#organization","name":"Stra\u00dfenweb","url":"https:\/\/www.strassenweb.de\/nachrichten\/","logo":{"@type":"ImageObject","inLanguage":"de","@id":"https:\/\/www.strassenweb.de\/nachrichten\/#\/schema\/logo\/image\/","url":"https:\/\/www.strassenweb.de\/nachrichten\/wp-content\/uploads\/2024\/09\/cropped-favicon.png","contentUrl":"https:\/\/www.strassenweb.de\/nachrichten\/wp-content\/uploads\/2024\/09\/cropped-favicon.png","width":512,"height":512,"caption":"Stra\u00dfenweb"},"image":{"@id":"https:\/\/www.strassenweb.de\/nachrichten\/#\/schema\/logo\/image\/"},"sameAs":["https:\/\/www.facebook.com\/strassenweb\/"]},{"@type":"Person","@id":"https:\/\/www.strassenweb.de\/nachrichten\/#\/schema\/person\/87c9c9067f1211da429a744dc5a5aa41","name":"Robert Hoffmann","image":{"@type":"ImageObject","inLanguage":"de","@id":"https:\/\/www.strassenweb.de\/nachrichten\/wp-content\/uploads\/2024\/09\/strassenweb-150x150.jpg","url":"https:\/\/www.strassenweb.de\/nachrichten\/wp-content\/uploads\/2024\/09\/strassenweb-150x150.jpg","contentUrl":"https:\/\/www.strassenweb.de\/nachrichten\/wp-content\/uploads\/2024\/09\/strassenweb-150x150.jpg","caption":"Robert Hoffmann"},"description":"Ich hei\u00dfe Robert Hoffmann und ich bin ein leidenschaftlicher Verfechter von \u00d6kologie und Biodiversit\u00e4t. Seit meiner Kindheit in den W\u00e4ldern Bayerns f\u00fchle ich mich mit der Natur verbunden und bin entschlossen, sie zu sch\u00fctzen. Heute widme ich mein Leben der Sensibilisierung anderer f\u00fcr die Bedeutung des Umweltschutzes f\u00fcr zuk\u00fcnftige Generationen.","sameAs":["https:\/\/www.strassenweb.de\/"]}]}},"_links":{"self":[{"href":"https:\/\/www.strassenweb.de\/nachrichten\/wp-json\/wp\/v2\/posts\/6301","targetHints":{"allow":["GET"]}}],"collection":[{"href":"https:\/\/www.strassenweb.de\/nachrichten\/wp-json\/wp\/v2\/posts"}],"about":[{"href":"https:\/\/www.strassenweb.de\/nachrichten\/wp-json\/wp\/v2\/types\/post"}],"author":[{"embeddable":true,"href":"https:\/\/www.strassenweb.de\/nachrichten\/wp-json\/wp\/v2\/users\/1"}],"replies":[{"embeddable":true,"href":"https:\/\/www.strassenweb.de\/nachrichten\/wp-json\/wp\/v2\/comments?post=6301"}],"version-history":[{"count":0,"href":"https:\/\/www.strassenweb.de\/nachrichten\/wp-json\/wp\/v2\/posts\/6301\/revisions"}],"wp:featuredmedia":[{"embeddable":true,"href":"https:\/\/www.strassenweb.de\/nachrichten\/wp-json\/wp\/v2\/media\/6302"}],"wp:attachment":[{"href":"https:\/\/www.strassenweb.de\/nachrichten\/wp-json\/wp\/v2\/media?parent=6301"}],"wp:term":[{"taxonomy":"category","embeddable":true,"href":"https:\/\/www.strassenweb.de\/nachrichten\/wp-json\/wp\/v2\/categories?post=6301"},{"taxonomy":"post_tag","embeddable":true,"href":"https:\/\/www.strassenweb.de\/nachrichten\/wp-json\/wp\/v2\/tags?post=6301"}],"curies":[{"name":"wp","href":"https:\/\/api.w.org\/{rel}","templated":true}]}}