{"id":6298,"date":"2025-07-17T13:40:57","date_gmt":"2025-07-17T11:40:57","guid":{"rendered":"https:\/\/www.strassenweb.de\/nachrichten\/ich-war-am-college-fuer-meinen-wahnsinnig-dekorierten-schlafsaal-bekannt-wenn-mir-die-neueste-schlafsaalkollektion-von-target-zur-verfuegung-gestellt-worden-waere-dann-haette-ich-das-gekauft-was-i\/"},"modified":"2025-07-17T13:40:59","modified_gmt":"2025-07-17T11:40:59","slug":"ich-war-am-college-fuer-meinen-wahnsinnig-dekorierten-schlafsaal-bekannt-wenn-mir-die-neueste-schlafsaalkollektion-von-target-zur-verfuegung-gestellt-worden-waere-dann-haette-ich-das-gekauft-was-i","status":"publish","type":"post","link":"https:\/\/www.strassenweb.de\/nachrichten\/ich-war-am-college-fuer-meinen-wahnsinnig-dekorierten-schlafsaal-bekannt-wenn-mir-die-neueste-schlafsaalkollektion-von-target-zur-verfuegung-gestellt-worden-waere-dann-haette-ich-das-gekauft-was-i\/","title":{"rendered":"Ich war am College f\u00fcr meinen wahnsinnig dekorierten Schlafsaal bekannt &#8211; wenn mir die neueste Schlafsaalkollektion von Target zur Verf\u00fcgung gestellt worden w\u00e4re, dann h\u00e4tte ich das gekauft, was ich gekauft h\u00e4tte"},"content":{"rendered":"<div id=\"article-body\" class=\"article__body \">\n<p>R\u00fcckblick ist 20\/20, und obwohl ich gerne denke, dass ich zumindest zumindest etwas stilvoll vorw\u00e4rts war, gibt es einige fr\u00fche Designentscheidungen (lesen Sie: Fehler). Ich bin jetzt mit meinem erfahrenen Redakteur Brain. Mein Schlafsaalraum ist jedoch nicht einer von ihnen. Nicht so wesentlich: Es war ein <em>Tour de Force<\/em>. Sicher, mein Stil hat sich weiterentwickelt, aber ich habe meine H\u00e4lfte dieses winzigen Zimmers wie zu Hause gef\u00fchlt.<\/p>\n<div id=\"ad-unit-1\" class=\"ad-unit\"><\/div>\n<p>Ich habe am meisten gemacht. Aufkleberform. Vintage -Magazine von Flohm\u00e4rkten, sorgf\u00e4ltig in sogar \u00e4lteren antiken Messings eingerahmt. Ich skizzierte meine Kissenschaft, die ich letztendlich selbst gepolstert habe. Teilweise, weil ich ein Kontrollfreak bin &#8211; aber vor allem, weil es in den Gesch\u00e4ften schwer zu finden war.<\/p>\n<aside data-block-type=\"embed\" data-render-type=\"fte\" data-skip=\"dealsy\" data-widget-type=\"seasonal\" class=\"hawk-base\"><\/aside>\n<p>Wenn ich nur Zugang zu Targets 2025 Wohnheimdekor -Aufstellung h\u00e4tte.<\/p>\n<div class=\"van_vid_carousel\">\n<div class=\"van_vid_carousel__padding\">\n<div class=\"van_vid_carousel__container\"><\/div>\n<\/div>\n<\/div>\n<aside data-component-name=\"Recirculation:ArticleRiver\" data-nosnippet class=\"pt-3 pb-4 mb-4 border-b border-solid border-(#333)\">\n<span class=\"\nafter:content-('') after:flex-1 after:ml-4 after:my-(0.7rem) after:border-t-(#333) after:border-t after:border-solid\nbefore:content-('') before:flex-1 before:mr-4 before:my-(0.7rem) before:border-t-(#333) before:border-t before:border-solid\nfont-article-heading pb-3 !text-base font-bold uppercase sm:text-sm text-(#333) flex\"><\/p>\n<p>Sie m\u00f6gen m\u00f6gen<br \/>\n<\/span><\/p>\n<ul class=\"flex flex-col gap-3 m-0\">\n<li class=\"m-0 list-none\" name=\"recirculation-inline\" data-analytics-id=\"recirculation-inline-1\" analytics-label=\"adviser:related\">\n<picture data-new-v2-image=\"true\" class=\"w-(--article-river-thumbnail-width,60px) flex-shrink-0\"><source type=\"image\/webp\"  ><\/source><\/p>\n<\/picture>\n<span class=\"hover:text-inherit font-article-heading text-base text-(#333) leading-5 content-center\">Shea McGee hat bereits die gr\u00f6\u00dften Trends f\u00fcr den Herbst vorhergesagt-von vintage-inspirierten Wendungen bis hin zu gl\u00e4nzendem Lack, es ist alles in ihrem neuen Zieltropfen<\/span><\/p>\n<\/li>\n<li class=\"m-0 list-none\" name=\"recirculation-inline\" data-analytics-id=\"recirculation-inline-2\" analytics-label=\"adviser:related\">\n<picture data-new-v2-image=\"true\" class=\"w-(--article-river-thumbnail-width,60px) flex-shrink-0\"><source type=\"image\/webp\"  ><\/source><br \/>\n<img decoding=\"async\" alt=\"Schlafzimmer mit putzrosa und gr\u00fcnen W\u00e4nden, bunte Bettw\u00e4sche, h\u00f6lzerne Nachttisch \"   loading=\"lazy\" data-new-v2-image=\"true\" src=\"https:\/\/www.strassenweb.de\/nachrichten\/wp-content\/uploads\/2025\/07\/wFxB9TnYMwyEGjT78Vdk2E.jpg\" data-pin-media=\"https:\/\/www.strassenweb.de\/nachrichten\/wp-content\/uploads\/2025\/07\/wFxB9TnYMwyEGjT78Vdk2E.jpg\" data-pin-nopin=\"true\" class=\"aspect-(--img-listing-aspect-ratio,16\/9) object-cover w-(--article-river-thumbnail-width,60px) flex-shrink-0\">\n<\/picture>\n<span class=\"hover:text-inherit font-article-heading text-base text-(#333) leading-5 content-center\">Ich habe \u00fcber 500 Bettw\u00e4sche -Sets an College -Studenten verkauft &#8211; hier ist der gr\u00f6\u00dfte Einkaufsfehler, den ich sehe, und die Eltern, die stattdessen zu kaufen sind<\/span><\/p>\n<\/li>\n<li class=\"m-0 list-none\" name=\"recirculation-inline\" data-analytics-id=\"recirculation-inline-3\" analytics-label=\"adviser:related\">\n<picture data-new-v2-image=\"true\" class=\"w-(--article-river-thumbnail-width,60px) flex-shrink-0\"><source type=\"image\/webp\"  ><\/source><br \/>\n<img decoding=\"async\" alt=\"Designerin Shea McGee fotografiert f\u00fcr ihre Zielsammlung in einem wei\u00dfen Wohnzimmer im wei\u00dfen Bauernhaus im wei\u00dfen Sessel sa\u00df in einem wei\u00dfen Sessel\"   loading=\"lazy\" data-new-v2-image=\"true\" src=\"https:\/\/www.strassenweb.de\/nachrichten\/wp-content\/uploads\/2025\/05\/G8CzkBQLPZnaGjHoNzEGsR.jpg\" data-pin-media=\"https:\/\/www.strassenweb.de\/nachrichten\/wp-content\/uploads\/2025\/05\/G8CzkBQLPZnaGjHoNzEGsR.jpg\" data-pin-nopin=\"true\" class=\"aspect-(--img-listing-aspect-ratio,16\/9) object-cover w-(--article-river-thumbnail-width,60px) flex-shrink-0\">\n<\/picture>\n<span class=\"hover:text-inherit font-article-heading text-base text-(#333) leading-5 content-center\">Dieser neue Shea McGee X Target Drop hat mich zu einem umrundeten M\u00f6belkonvertieren gemacht. Machen Sie sich bereit, diese St\u00fccke in jedem stilvollen Haus zu sehen<\/span><\/p>\n<\/li>\n<\/ul>\n<\/aside>\n<p>Es ist nicht so lange her, dass ich meinen Abschluss gemacht habe, aber der Schlafsaal -Raum kauft, dass Sie 2025 in die H\u00e4nde bekommen k\u00f6nnen. DIY ist immer noch der Geist dieser jugendlichen Jahre &#8211; aber wenn Sie kuratierte, geschickt skalierte St\u00fccke finden k\u00f6nnen <em>Genau genommen<\/em> fit <em>Und <\/em>Wird die W\u00e4nde nicht besch\u00e4digen? Sag weniger.<\/p>\n<div id=\"ad-unit-2\" class=\"ad-unit\"><\/div>\n<p>Ich denke immer noch an diesen Schlafsaal, aber wenn ich zur\u00fcckgehen k\u00f6nnte, sind dies die neun Zielfunde, die ich in meine Checkliste f\u00fcr Wohnheimzimmer aufnehmen w\u00fcrde. Ich denke, sie w\u00fcrden die Schule ein wenig einfacher machen &#8211; und sicherlich viel schicker.<\/p>\n<div class=\"product-container hero-product-container product-block-no-wrap\">\n<div class=\"product-block-row\"><\/div>\n<div class=\"product-block-row\"><\/div>\n<div class=\"product-block-row\"><\/div>\n<div class=\"product-block-row\"><\/div>\n<div class=\"product-block-row\"><\/div>\n<div class=\"product-block-row\"><\/div>\n<div class=\"product-block-row\"><\/div>\n<div class=\"product-block-row\"><\/div>\n<div class=\"product-block-row\"><\/div>\n<\/div>\n<hr>\n<p>Selbst das stilvollste Wohnheim -Setup kann flach fallen, wenn sich der Raum umkaotisch anf\u00fchlt. Um Ihr Zimmer poliert aussehen zu lassen, finden Sie hier den Schlafsaal -Raum, um Fehler zu organisieren, die Experten um jeden Preis vermeiden m\u00f6chten.<\/p>\n<div id=\"slice-container-newsletterForm-articleInbodyContent-h2Lx64ZFYSeEhUTgnxg9Ka\" class=\"slice-container newsletter-inbodyContent-slice newsletterForm-articleInbodyContent-h2Lx64ZFYSeEhUTgnxg9Ka slice-container-newsletterForm\"><\/div>\n<\/div>\n","protected":false},"excerpt":{"rendered":"<p>R\u00fcckblick ist 20\/20, und obwohl ich gerne denke, dass ich zumindest zumindest etwas stilvoll vorw\u00e4rts war, gibt es einige fr\u00fche Designentscheidungen (lesen Sie: Fehler). Ich<\/p>\n","protected":false},"author":1,"featured_media":6299,"comment_status":"closed","ping_status":"","sticky":false,"template":"","format":"standard","meta":{"footnotes":""},"categories":[118],"tags":[1147,5843,4692,112,8681,9,55,1540,1721,1533,129,1096,603,1568,8682,8683,604,8684,21,8680,1495,8061,1076,8685,99],"class_list":["post-6298","post","type-post","status-publish","format-standard","has-post-thumbnail","hentry","category-haus-garten","tag-bekannt","tag-college","tag-dann","tag-das","tag-dekorierten","tag-die","tag-fuer","tag-gekauft","tag-gestellt","tag-haette","tag-ich","tag-meinen","tag-mir","tag-neueste","tag-schlafsaal","tag-schlafsaalkollektion","tag-target","tag-verfuegung","tag-von","tag-wahnsinnig","tag-war","tag-waere","tag-wenn","tag-worden","tag-zur","generate-columns","tablet-grid-50","mobile-grid-100","grid-parent","grid-50"],"yoast_head":"<!-- This site is optimized with the Yoast SEO plugin v27.3 - https:\/\/yoast.com\/product\/yoast-seo-wordpress\/ -->\n<title>Ich war am College f\u00fcr meinen wahnsinnig dekorierten Schlafsaal bekannt - wenn mir die neueste Schlafsaalkollektion von Target zur Verf\u00fcgung gestellt worden w\u00e4re, dann h\u00e4tte ich das gekauft, was ich gekauft h\u00e4tte - Nachrichten - Stra\u00dfenweb<\/title>\n<meta name=\"robots\" content=\"index, follow, max-snippet:-1, max-image-preview:large, max-video-preview:-1\" \/>\n<link rel=\"canonical\" href=\"https:\/\/www.strassenweb.de\/nachrichten\/ich-war-am-college-fuer-meinen-wahnsinnig-dekorierten-schlafsaal-bekannt-wenn-mir-die-neueste-schlafsaalkollektion-von-target-zur-verfuegung-gestellt-worden-waere-dann-haette-ich-das-gekauft-was-i\/\" \/>\n<meta property=\"og:locale\" content=\"de_DE\" \/>\n<meta property=\"og:type\" content=\"article\" \/>\n<meta property=\"og:title\" content=\"Ich war am College f\u00fcr meinen wahnsinnig dekorierten Schlafsaal bekannt - wenn mir die neueste Schlafsaalkollektion von Target zur Verf\u00fcgung gestellt worden w\u00e4re, dann h\u00e4tte ich das gekauft, was ich gekauft h\u00e4tte - Nachrichten - Stra\u00dfenweb\" \/>\n<meta property=\"og:description\" content=\"R\u00fcckblick ist 20\/20, und obwohl ich gerne denke, dass ich zumindest zumindest etwas stilvoll vorw\u00e4rts war, gibt es einige fr\u00fche Designentscheidungen (lesen Sie: Fehler). Ich\" \/>\n<meta property=\"og:url\" content=\"https:\/\/www.strassenweb.de\/nachrichten\/ich-war-am-college-fuer-meinen-wahnsinnig-dekorierten-schlafsaal-bekannt-wenn-mir-die-neueste-schlafsaalkollektion-von-target-zur-verfuegung-gestellt-worden-waere-dann-haette-ich-das-gekauft-was-i\/\" \/>\n<meta property=\"og:site_name\" content=\"Stra\u00dfenweb\" \/>\n<meta property=\"article:publisher\" content=\"https:\/\/www.facebook.com\/strassenweb\/\" \/>\n<meta property=\"article:published_time\" content=\"2025-07-17T11:40:57+00:00\" \/>\n<meta property=\"article:modified_time\" content=\"2025-07-17T11:40:59+00:00\" \/>\n<meta property=\"og:image\" content=\"https:\/\/www.strassenweb.de\/nachrichten\/wp-content\/uploads\/2025\/07\/Ich-war-am-College-fuer-meinen-wahnsinnig-dekorierten-Schlafsaal-bekannt-scaled.jpg\" \/>\n\t<meta property=\"og:image:width\" content=\"2560\" \/>\n\t<meta property=\"og:image:height\" content=\"1440\" \/>\n\t<meta property=\"og:image:type\" content=\"image\/jpeg\" \/>\n<meta name=\"author\" content=\"Robert Hoffmann\" \/>\n<meta name=\"twitter:card\" content=\"summary_large_image\" \/>\n<meta name=\"twitter:label1\" content=\"Verfasst von\" \/>\n\t<meta name=\"twitter:data1\" content=\"Robert Hoffmann\" \/>\n\t<meta name=\"twitter:label2\" content=\"Gesch\u00e4tzte Lesezeit\" \/>\n\t<meta name=\"twitter:data2\" content=\"2\u00a0Minuten\" \/>\n<script type=\"application\/ld+json\" class=\"yoast-schema-graph\">{\"@context\":\"https:\\\/\\\/schema.org\",\"@graph\":[{\"@type\":\"Article\",\"@id\":\"https:\\\/\\\/www.strassenweb.de\\\/nachrichten\\\/ich-war-am-college-fuer-meinen-wahnsinnig-dekorierten-schlafsaal-bekannt-wenn-mir-die-neueste-schlafsaalkollektion-von-target-zur-verfuegung-gestellt-worden-waere-dann-haette-ich-das-gekauft-was-i\\\/#article\",\"isPartOf\":{\"@id\":\"https:\\\/\\\/www.strassenweb.de\\\/nachrichten\\\/ich-war-am-college-fuer-meinen-wahnsinnig-dekorierten-schlafsaal-bekannt-wenn-mir-die-neueste-schlafsaalkollektion-von-target-zur-verfuegung-gestellt-worden-waere-dann-haette-ich-das-gekauft-was-i\\\/\"},\"author\":{\"name\":\"Robert Hoffmann\",\"@id\":\"https:\\\/\\\/www.strassenweb.de\\\/nachrichten\\\/#\\\/schema\\\/person\\\/87c9c9067f1211da429a744dc5a5aa41\"},\"headline\":\"Ich war am College f\u00fcr meinen wahnsinnig dekorierten Schlafsaal bekannt &#8211; wenn mir die neueste Schlafsaalkollektion von Target zur Verf\u00fcgung gestellt worden w\u00e4re, dann h\u00e4tte ich das gekauft, was ich gekauft h\u00e4tte\",\"datePublished\":\"2025-07-17T11:40:57+00:00\",\"dateModified\":\"2025-07-17T11:40:59+00:00\",\"mainEntityOfPage\":{\"@id\":\"https:\\\/\\\/www.strassenweb.de\\\/nachrichten\\\/ich-war-am-college-fuer-meinen-wahnsinnig-dekorierten-schlafsaal-bekannt-wenn-mir-die-neueste-schlafsaalkollektion-von-target-zur-verfuegung-gestellt-worden-waere-dann-haette-ich-das-gekauft-was-i\\\/\"},\"wordCount\":402,\"publisher\":{\"@id\":\"https:\\\/\\\/www.strassenweb.de\\\/nachrichten\\\/#organization\"},\"image\":{\"@id\":\"https:\\\/\\\/www.strassenweb.de\\\/nachrichten\\\/ich-war-am-college-fuer-meinen-wahnsinnig-dekorierten-schlafsaal-bekannt-wenn-mir-die-neueste-schlafsaalkollektion-von-target-zur-verfuegung-gestellt-worden-waere-dann-haette-ich-das-gekauft-was-i\\\/#primaryimage\"},\"thumbnailUrl\":\"https:\\\/\\\/www.strassenweb.de\\\/nachrichten\\\/wp-content\\\/uploads\\\/2025\\\/07\\\/Ich-war-am-College-fuer-meinen-wahnsinnig-dekorierten-Schlafsaal-bekannt-scaled.jpg\",\"keywords\":[\"bekannt\",\"College\",\"dann\",\"das\",\"dekorierten\",\"die\",\"f\u00fcr\",\"gekauft\",\"gestellt\",\"h\u00e4tte\",\"ich\",\"meinen\",\"mir\",\"Neueste\",\"Schlafsaal\",\"Schlafsaalkollektion\",\"Target\",\"Verf\u00fcgung\",\"von\",\"wahnsinnig\",\"war\",\"w\u00e4re\",\"wenn\",\"worden\",\"zur\"],\"articleSection\":[\"Haus &amp; Garten\"],\"inLanguage\":\"de\"},{\"@type\":\"WebPage\",\"@id\":\"https:\\\/\\\/www.strassenweb.de\\\/nachrichten\\\/ich-war-am-college-fuer-meinen-wahnsinnig-dekorierten-schlafsaal-bekannt-wenn-mir-die-neueste-schlafsaalkollektion-von-target-zur-verfuegung-gestellt-worden-waere-dann-haette-ich-das-gekauft-was-i\\\/\",\"url\":\"https:\\\/\\\/www.strassenweb.de\\\/nachrichten\\\/ich-war-am-college-fuer-meinen-wahnsinnig-dekorierten-schlafsaal-bekannt-wenn-mir-die-neueste-schlafsaalkollektion-von-target-zur-verfuegung-gestellt-worden-waere-dann-haette-ich-das-gekauft-was-i\\\/\",\"name\":\"Ich war am College f\u00fcr meinen wahnsinnig dekorierten Schlafsaal bekannt - wenn mir die neueste Schlafsaalkollektion von Target zur Verf\u00fcgung gestellt worden w\u00e4re, dann h\u00e4tte ich das gekauft, was ich gekauft h\u00e4tte - Nachrichten - Stra\u00dfenweb\",\"isPartOf\":{\"@id\":\"https:\\\/\\\/www.strassenweb.de\\\/nachrichten\\\/#website\"},\"primaryImageOfPage\":{\"@id\":\"https:\\\/\\\/www.strassenweb.de\\\/nachrichten\\\/ich-war-am-college-fuer-meinen-wahnsinnig-dekorierten-schlafsaal-bekannt-wenn-mir-die-neueste-schlafsaalkollektion-von-target-zur-verfuegung-gestellt-worden-waere-dann-haette-ich-das-gekauft-was-i\\\/#primaryimage\"},\"image\":{\"@id\":\"https:\\\/\\\/www.strassenweb.de\\\/nachrichten\\\/ich-war-am-college-fuer-meinen-wahnsinnig-dekorierten-schlafsaal-bekannt-wenn-mir-die-neueste-schlafsaalkollektion-von-target-zur-verfuegung-gestellt-worden-waere-dann-haette-ich-das-gekauft-was-i\\\/#primaryimage\"},\"thumbnailUrl\":\"https:\\\/\\\/www.strassenweb.de\\\/nachrichten\\\/wp-content\\\/uploads\\\/2025\\\/07\\\/Ich-war-am-College-fuer-meinen-wahnsinnig-dekorierten-Schlafsaal-bekannt-scaled.jpg\",\"datePublished\":\"2025-07-17T11:40:57+00:00\",\"dateModified\":\"2025-07-17T11:40:59+00:00\",\"breadcrumb\":{\"@id\":\"https:\\\/\\\/www.strassenweb.de\\\/nachrichten\\\/ich-war-am-college-fuer-meinen-wahnsinnig-dekorierten-schlafsaal-bekannt-wenn-mir-die-neueste-schlafsaalkollektion-von-target-zur-verfuegung-gestellt-worden-waere-dann-haette-ich-das-gekauft-was-i\\\/#breadcrumb\"},\"inLanguage\":\"de\",\"potentialAction\":[{\"@type\":\"ReadAction\",\"target\":[\"https:\\\/\\\/www.strassenweb.de\\\/nachrichten\\\/ich-war-am-college-fuer-meinen-wahnsinnig-dekorierten-schlafsaal-bekannt-wenn-mir-die-neueste-schlafsaalkollektion-von-target-zur-verfuegung-gestellt-worden-waere-dann-haette-ich-das-gekauft-was-i\\\/\"]}]},{\"@type\":\"ImageObject\",\"inLanguage\":\"de\",\"@id\":\"https:\\\/\\\/www.strassenweb.de\\\/nachrichten\\\/ich-war-am-college-fuer-meinen-wahnsinnig-dekorierten-schlafsaal-bekannt-wenn-mir-die-neueste-schlafsaalkollektion-von-target-zur-verfuegung-gestellt-worden-waere-dann-haette-ich-das-gekauft-was-i\\\/#primaryimage\",\"url\":\"https:\\\/\\\/www.strassenweb.de\\\/nachrichten\\\/wp-content\\\/uploads\\\/2025\\\/07\\\/Ich-war-am-College-fuer-meinen-wahnsinnig-dekorierten-Schlafsaal-bekannt-scaled.jpg\",\"contentUrl\":\"https:\\\/\\\/www.strassenweb.de\\\/nachrichten\\\/wp-content\\\/uploads\\\/2025\\\/07\\\/Ich-war-am-College-fuer-meinen-wahnsinnig-dekorierten-Schlafsaal-bekannt-scaled.jpg\",\"width\":2560,\"height\":1440,\"caption\":\"Target dorm essentials, including a cream tufted comforter, blush and floral throw blankets, and gingham sheets, all styled on a twin sized bed next to a window\"},{\"@type\":\"BreadcrumbList\",\"@id\":\"https:\\\/\\\/www.strassenweb.de\\\/nachrichten\\\/ich-war-am-college-fuer-meinen-wahnsinnig-dekorierten-schlafsaal-bekannt-wenn-mir-die-neueste-schlafsaalkollektion-von-target-zur-verfuegung-gestellt-worden-waere-dann-haette-ich-das-gekauft-was-i\\\/#breadcrumb\",\"itemListElement\":[{\"@type\":\"ListItem\",\"position\":1,\"name\":\"Home\",\"item\":\"https:\\\/\\\/www.strassenweb.de\\\/nachrichten\\\/\"},{\"@type\":\"ListItem\",\"position\":2,\"name\":\"Ich war am College f\u00fcr meinen wahnsinnig dekorierten Schlafsaal bekannt &#8211; wenn mir die neueste Schlafsaalkollektion von Target zur Verf\u00fcgung gestellt worden w\u00e4re, dann h\u00e4tte ich das gekauft, was ich gekauft h\u00e4tte\"}]},{\"@type\":\"WebSite\",\"@id\":\"https:\\\/\\\/www.strassenweb.de\\\/nachrichten\\\/#website\",\"url\":\"https:\\\/\\\/www.strassenweb.de\\\/nachrichten\\\/\",\"name\":\"Stra\u00dfenweb\",\"description\":\"Stra\u00dfenverzeichnis f\u00fcr Deutschland\",\"publisher\":{\"@id\":\"https:\\\/\\\/www.strassenweb.de\\\/nachrichten\\\/#organization\"},\"potentialAction\":[{\"@type\":\"SearchAction\",\"target\":{\"@type\":\"EntryPoint\",\"urlTemplate\":\"https:\\\/\\\/www.strassenweb.de\\\/nachrichten\\\/?s={search_term_string}\"},\"query-input\":{\"@type\":\"PropertyValueSpecification\",\"valueRequired\":true,\"valueName\":\"search_term_string\"}}],\"inLanguage\":\"de\"},{\"@type\":\"Organization\",\"@id\":\"https:\\\/\\\/www.strassenweb.de\\\/nachrichten\\\/#organization\",\"name\":\"Stra\u00dfenweb\",\"url\":\"https:\\\/\\\/www.strassenweb.de\\\/nachrichten\\\/\",\"logo\":{\"@type\":\"ImageObject\",\"inLanguage\":\"de\",\"@id\":\"https:\\\/\\\/www.strassenweb.de\\\/nachrichten\\\/#\\\/schema\\\/logo\\\/image\\\/\",\"url\":\"https:\\\/\\\/www.strassenweb.de\\\/nachrichten\\\/wp-content\\\/uploads\\\/2024\\\/09\\\/cropped-favicon.png\",\"contentUrl\":\"https:\\\/\\\/www.strassenweb.de\\\/nachrichten\\\/wp-content\\\/uploads\\\/2024\\\/09\\\/cropped-favicon.png\",\"width\":512,\"height\":512,\"caption\":\"Stra\u00dfenweb\"},\"image\":{\"@id\":\"https:\\\/\\\/www.strassenweb.de\\\/nachrichten\\\/#\\\/schema\\\/logo\\\/image\\\/\"},\"sameAs\":[\"https:\\\/\\\/www.facebook.com\\\/strassenweb\\\/\"]},{\"@type\":\"Person\",\"@id\":\"https:\\\/\\\/www.strassenweb.de\\\/nachrichten\\\/#\\\/schema\\\/person\\\/87c9c9067f1211da429a744dc5a5aa41\",\"name\":\"Robert Hoffmann\",\"image\":{\"@type\":\"ImageObject\",\"inLanguage\":\"de\",\"@id\":\"https:\\\/\\\/www.strassenweb.de\\\/nachrichten\\\/wp-content\\\/uploads\\\/2024\\\/09\\\/strassenweb-150x150.jpg\",\"url\":\"https:\\\/\\\/www.strassenweb.de\\\/nachrichten\\\/wp-content\\\/uploads\\\/2024\\\/09\\\/strassenweb-150x150.jpg\",\"contentUrl\":\"https:\\\/\\\/www.strassenweb.de\\\/nachrichten\\\/wp-content\\\/uploads\\\/2024\\\/09\\\/strassenweb-150x150.jpg\",\"caption\":\"Robert Hoffmann\"},\"description\":\"Ich hei\u00dfe Robert Hoffmann und ich bin ein leidenschaftlicher Verfechter von \u00d6kologie und Biodiversit\u00e4t. Seit meiner Kindheit in den W\u00e4ldern Bayerns f\u00fchle ich mich mit der Natur verbunden und bin entschlossen, sie zu sch\u00fctzen. Heute widme ich mein Leben der Sensibilisierung anderer f\u00fcr die Bedeutung des Umweltschutzes f\u00fcr zuk\u00fcnftige Generationen.\",\"sameAs\":[\"https:\\\/\\\/www.strassenweb.de\\\/\"]}]}<\/script>\n<!-- \/ Yoast SEO plugin. -->","yoast_head_json":{"title":"Ich war am College f\u00fcr meinen wahnsinnig dekorierten Schlafsaal bekannt - wenn mir die neueste Schlafsaalkollektion von Target zur Verf\u00fcgung gestellt worden w\u00e4re, dann h\u00e4tte ich das gekauft, was ich gekauft h\u00e4tte - Nachrichten - Stra\u00dfenweb","robots":{"index":"index","follow":"follow","max-snippet":"max-snippet:-1","max-image-preview":"max-image-preview:large","max-video-preview":"max-video-preview:-1"},"canonical":"https:\/\/www.strassenweb.de\/nachrichten\/ich-war-am-college-fuer-meinen-wahnsinnig-dekorierten-schlafsaal-bekannt-wenn-mir-die-neueste-schlafsaalkollektion-von-target-zur-verfuegung-gestellt-worden-waere-dann-haette-ich-das-gekauft-was-i\/","og_locale":"de_DE","og_type":"article","og_title":"Ich war am College f\u00fcr meinen wahnsinnig dekorierten Schlafsaal bekannt - wenn mir die neueste Schlafsaalkollektion von Target zur Verf\u00fcgung gestellt worden w\u00e4re, dann h\u00e4tte ich das gekauft, was ich gekauft h\u00e4tte - Nachrichten - Stra\u00dfenweb","og_description":"R\u00fcckblick ist 20\/20, und obwohl ich gerne denke, dass ich zumindest zumindest etwas stilvoll vorw\u00e4rts war, gibt es einige fr\u00fche Designentscheidungen (lesen Sie: Fehler). Ich","og_url":"https:\/\/www.strassenweb.de\/nachrichten\/ich-war-am-college-fuer-meinen-wahnsinnig-dekorierten-schlafsaal-bekannt-wenn-mir-die-neueste-schlafsaalkollektion-von-target-zur-verfuegung-gestellt-worden-waere-dann-haette-ich-das-gekauft-was-i\/","og_site_name":"Stra\u00dfenweb","article_publisher":"https:\/\/www.facebook.com\/strassenweb\/","article_published_time":"2025-07-17T11:40:57+00:00","article_modified_time":"2025-07-17T11:40:59+00:00","og_image":[{"width":2560,"height":1440,"url":"https:\/\/www.strassenweb.de\/nachrichten\/wp-content\/uploads\/2025\/07\/Ich-war-am-College-fuer-meinen-wahnsinnig-dekorierten-Schlafsaal-bekannt-scaled.jpg","type":"image\/jpeg"}],"author":"Robert Hoffmann","twitter_card":"summary_large_image","twitter_misc":{"Verfasst von":"Robert Hoffmann","Gesch\u00e4tzte Lesezeit":"2\u00a0Minuten"},"schema":{"@context":"https:\/\/schema.org","@graph":[{"@type":"Article","@id":"https:\/\/www.strassenweb.de\/nachrichten\/ich-war-am-college-fuer-meinen-wahnsinnig-dekorierten-schlafsaal-bekannt-wenn-mir-die-neueste-schlafsaalkollektion-von-target-zur-verfuegung-gestellt-worden-waere-dann-haette-ich-das-gekauft-was-i\/#article","isPartOf":{"@id":"https:\/\/www.strassenweb.de\/nachrichten\/ich-war-am-college-fuer-meinen-wahnsinnig-dekorierten-schlafsaal-bekannt-wenn-mir-die-neueste-schlafsaalkollektion-von-target-zur-verfuegung-gestellt-worden-waere-dann-haette-ich-das-gekauft-was-i\/"},"author":{"name":"Robert Hoffmann","@id":"https:\/\/www.strassenweb.de\/nachrichten\/#\/schema\/person\/87c9c9067f1211da429a744dc5a5aa41"},"headline":"Ich war am College f\u00fcr meinen wahnsinnig dekorierten Schlafsaal bekannt &#8211; wenn mir die neueste Schlafsaalkollektion von Target zur Verf\u00fcgung gestellt worden w\u00e4re, dann h\u00e4tte ich das gekauft, was ich gekauft h\u00e4tte","datePublished":"2025-07-17T11:40:57+00:00","dateModified":"2025-07-17T11:40:59+00:00","mainEntityOfPage":{"@id":"https:\/\/www.strassenweb.de\/nachrichten\/ich-war-am-college-fuer-meinen-wahnsinnig-dekorierten-schlafsaal-bekannt-wenn-mir-die-neueste-schlafsaalkollektion-von-target-zur-verfuegung-gestellt-worden-waere-dann-haette-ich-das-gekauft-was-i\/"},"wordCount":402,"publisher":{"@id":"https:\/\/www.strassenweb.de\/nachrichten\/#organization"},"image":{"@id":"https:\/\/www.strassenweb.de\/nachrichten\/ich-war-am-college-fuer-meinen-wahnsinnig-dekorierten-schlafsaal-bekannt-wenn-mir-die-neueste-schlafsaalkollektion-von-target-zur-verfuegung-gestellt-worden-waere-dann-haette-ich-das-gekauft-was-i\/#primaryimage"},"thumbnailUrl":"https:\/\/www.strassenweb.de\/nachrichten\/wp-content\/uploads\/2025\/07\/Ich-war-am-College-fuer-meinen-wahnsinnig-dekorierten-Schlafsaal-bekannt-scaled.jpg","keywords":["bekannt","College","dann","das","dekorierten","die","f\u00fcr","gekauft","gestellt","h\u00e4tte","ich","meinen","mir","Neueste","Schlafsaal","Schlafsaalkollektion","Target","Verf\u00fcgung","von","wahnsinnig","war","w\u00e4re","wenn","worden","zur"],"articleSection":["Haus &amp; Garten"],"inLanguage":"de"},{"@type":"WebPage","@id":"https:\/\/www.strassenweb.de\/nachrichten\/ich-war-am-college-fuer-meinen-wahnsinnig-dekorierten-schlafsaal-bekannt-wenn-mir-die-neueste-schlafsaalkollektion-von-target-zur-verfuegung-gestellt-worden-waere-dann-haette-ich-das-gekauft-was-i\/","url":"https:\/\/www.strassenweb.de\/nachrichten\/ich-war-am-college-fuer-meinen-wahnsinnig-dekorierten-schlafsaal-bekannt-wenn-mir-die-neueste-schlafsaalkollektion-von-target-zur-verfuegung-gestellt-worden-waere-dann-haette-ich-das-gekauft-was-i\/","name":"Ich war am College f\u00fcr meinen wahnsinnig dekorierten Schlafsaal bekannt - wenn mir die neueste Schlafsaalkollektion von Target zur Verf\u00fcgung gestellt worden w\u00e4re, dann h\u00e4tte ich das gekauft, was ich gekauft h\u00e4tte - Nachrichten - Stra\u00dfenweb","isPartOf":{"@id":"https:\/\/www.strassenweb.de\/nachrichten\/#website"},"primaryImageOfPage":{"@id":"https:\/\/www.strassenweb.de\/nachrichten\/ich-war-am-college-fuer-meinen-wahnsinnig-dekorierten-schlafsaal-bekannt-wenn-mir-die-neueste-schlafsaalkollektion-von-target-zur-verfuegung-gestellt-worden-waere-dann-haette-ich-das-gekauft-was-i\/#primaryimage"},"image":{"@id":"https:\/\/www.strassenweb.de\/nachrichten\/ich-war-am-college-fuer-meinen-wahnsinnig-dekorierten-schlafsaal-bekannt-wenn-mir-die-neueste-schlafsaalkollektion-von-target-zur-verfuegung-gestellt-worden-waere-dann-haette-ich-das-gekauft-was-i\/#primaryimage"},"thumbnailUrl":"https:\/\/www.strassenweb.de\/nachrichten\/wp-content\/uploads\/2025\/07\/Ich-war-am-College-fuer-meinen-wahnsinnig-dekorierten-Schlafsaal-bekannt-scaled.jpg","datePublished":"2025-07-17T11:40:57+00:00","dateModified":"2025-07-17T11:40:59+00:00","breadcrumb":{"@id":"https:\/\/www.strassenweb.de\/nachrichten\/ich-war-am-college-fuer-meinen-wahnsinnig-dekorierten-schlafsaal-bekannt-wenn-mir-die-neueste-schlafsaalkollektion-von-target-zur-verfuegung-gestellt-worden-waere-dann-haette-ich-das-gekauft-was-i\/#breadcrumb"},"inLanguage":"de","potentialAction":[{"@type":"ReadAction","target":["https:\/\/www.strassenweb.de\/nachrichten\/ich-war-am-college-fuer-meinen-wahnsinnig-dekorierten-schlafsaal-bekannt-wenn-mir-die-neueste-schlafsaalkollektion-von-target-zur-verfuegung-gestellt-worden-waere-dann-haette-ich-das-gekauft-was-i\/"]}]},{"@type":"ImageObject","inLanguage":"de","@id":"https:\/\/www.strassenweb.de\/nachrichten\/ich-war-am-college-fuer-meinen-wahnsinnig-dekorierten-schlafsaal-bekannt-wenn-mir-die-neueste-schlafsaalkollektion-von-target-zur-verfuegung-gestellt-worden-waere-dann-haette-ich-das-gekauft-was-i\/#primaryimage","url":"https:\/\/www.strassenweb.de\/nachrichten\/wp-content\/uploads\/2025\/07\/Ich-war-am-College-fuer-meinen-wahnsinnig-dekorierten-Schlafsaal-bekannt-scaled.jpg","contentUrl":"https:\/\/www.strassenweb.de\/nachrichten\/wp-content\/uploads\/2025\/07\/Ich-war-am-College-fuer-meinen-wahnsinnig-dekorierten-Schlafsaal-bekannt-scaled.jpg","width":2560,"height":1440,"caption":"Target dorm essentials, including a cream tufted comforter, blush and floral throw blankets, and gingham sheets, all styled on a twin sized bed next to a window"},{"@type":"BreadcrumbList","@id":"https:\/\/www.strassenweb.de\/nachrichten\/ich-war-am-college-fuer-meinen-wahnsinnig-dekorierten-schlafsaal-bekannt-wenn-mir-die-neueste-schlafsaalkollektion-von-target-zur-verfuegung-gestellt-worden-waere-dann-haette-ich-das-gekauft-was-i\/#breadcrumb","itemListElement":[{"@type":"ListItem","position":1,"name":"Home","item":"https:\/\/www.strassenweb.de\/nachrichten\/"},{"@type":"ListItem","position":2,"name":"Ich war am College f\u00fcr meinen wahnsinnig dekorierten Schlafsaal bekannt &#8211; wenn mir die neueste Schlafsaalkollektion von Target zur Verf\u00fcgung gestellt worden w\u00e4re, dann h\u00e4tte ich das gekauft, was ich gekauft h\u00e4tte"}]},{"@type":"WebSite","@id":"https:\/\/www.strassenweb.de\/nachrichten\/#website","url":"https:\/\/www.strassenweb.de\/nachrichten\/","name":"Stra\u00dfenweb","description":"Stra\u00dfenverzeichnis f\u00fcr Deutschland","publisher":{"@id":"https:\/\/www.strassenweb.de\/nachrichten\/#organization"},"potentialAction":[{"@type":"SearchAction","target":{"@type":"EntryPoint","urlTemplate":"https:\/\/www.strassenweb.de\/nachrichten\/?s={search_term_string}"},"query-input":{"@type":"PropertyValueSpecification","valueRequired":true,"valueName":"search_term_string"}}],"inLanguage":"de"},{"@type":"Organization","@id":"https:\/\/www.strassenweb.de\/nachrichten\/#organization","name":"Stra\u00dfenweb","url":"https:\/\/www.strassenweb.de\/nachrichten\/","logo":{"@type":"ImageObject","inLanguage":"de","@id":"https:\/\/www.strassenweb.de\/nachrichten\/#\/schema\/logo\/image\/","url":"https:\/\/www.strassenweb.de\/nachrichten\/wp-content\/uploads\/2024\/09\/cropped-favicon.png","contentUrl":"https:\/\/www.strassenweb.de\/nachrichten\/wp-content\/uploads\/2024\/09\/cropped-favicon.png","width":512,"height":512,"caption":"Stra\u00dfenweb"},"image":{"@id":"https:\/\/www.strassenweb.de\/nachrichten\/#\/schema\/logo\/image\/"},"sameAs":["https:\/\/www.facebook.com\/strassenweb\/"]},{"@type":"Person","@id":"https:\/\/www.strassenweb.de\/nachrichten\/#\/schema\/person\/87c9c9067f1211da429a744dc5a5aa41","name":"Robert Hoffmann","image":{"@type":"ImageObject","inLanguage":"de","@id":"https:\/\/www.strassenweb.de\/nachrichten\/wp-content\/uploads\/2024\/09\/strassenweb-150x150.jpg","url":"https:\/\/www.strassenweb.de\/nachrichten\/wp-content\/uploads\/2024\/09\/strassenweb-150x150.jpg","contentUrl":"https:\/\/www.strassenweb.de\/nachrichten\/wp-content\/uploads\/2024\/09\/strassenweb-150x150.jpg","caption":"Robert Hoffmann"},"description":"Ich hei\u00dfe Robert Hoffmann und ich bin ein leidenschaftlicher Verfechter von \u00d6kologie und Biodiversit\u00e4t. Seit meiner Kindheit in den W\u00e4ldern Bayerns f\u00fchle ich mich mit der Natur verbunden und bin entschlossen, sie zu sch\u00fctzen. Heute widme ich mein Leben der Sensibilisierung anderer f\u00fcr die Bedeutung des Umweltschutzes f\u00fcr zuk\u00fcnftige Generationen.","sameAs":["https:\/\/www.strassenweb.de\/"]}]}},"_links":{"self":[{"href":"https:\/\/www.strassenweb.de\/nachrichten\/wp-json\/wp\/v2\/posts\/6298","targetHints":{"allow":["GET"]}}],"collection":[{"href":"https:\/\/www.strassenweb.de\/nachrichten\/wp-json\/wp\/v2\/posts"}],"about":[{"href":"https:\/\/www.strassenweb.de\/nachrichten\/wp-json\/wp\/v2\/types\/post"}],"author":[{"embeddable":true,"href":"https:\/\/www.strassenweb.de\/nachrichten\/wp-json\/wp\/v2\/users\/1"}],"replies":[{"embeddable":true,"href":"https:\/\/www.strassenweb.de\/nachrichten\/wp-json\/wp\/v2\/comments?post=6298"}],"version-history":[{"count":0,"href":"https:\/\/www.strassenweb.de\/nachrichten\/wp-json\/wp\/v2\/posts\/6298\/revisions"}],"wp:featuredmedia":[{"embeddable":true,"href":"https:\/\/www.strassenweb.de\/nachrichten\/wp-json\/wp\/v2\/media\/6299"}],"wp:attachment":[{"href":"https:\/\/www.strassenweb.de\/nachrichten\/wp-json\/wp\/v2\/media?parent=6298"}],"wp:term":[{"taxonomy":"category","embeddable":true,"href":"https:\/\/www.strassenweb.de\/nachrichten\/wp-json\/wp\/v2\/categories?post=6298"},{"taxonomy":"post_tag","embeddable":true,"href":"https:\/\/www.strassenweb.de\/nachrichten\/wp-json\/wp\/v2\/tags?post=6298"}],"curies":[{"name":"wp","href":"https:\/\/api.w.org\/{rel}","templated":true}]}}