{"id":6265,"date":"2025-07-15T17:39:33","date_gmt":"2025-07-15T15:39:33","guid":{"rendered":"https:\/\/www.strassenweb.de\/nachrichten\/fandeliers-erinnerten-mich-an-mein-haus-der-90er-jahre-aber-in-einem-verzweifelten-versuch-meine-kleine-wohnung-abzukuehlen-fand-ich-diesen-schicken-rattan-fandlier-der-stilvoll-und-funktional-is\/"},"modified":"2025-07-15T17:39:34","modified_gmt":"2025-07-15T15:39:34","slug":"fandeliers-erinnerten-mich-an-mein-haus-der-90er-jahre-aber-in-einem-verzweifelten-versuch-meine-kleine-wohnung-abzukuehlen-fand-ich-diesen-schicken-rattan-fandlier-der-stilvoll-und-funktional-is","status":"publish","type":"post","link":"https:\/\/www.strassenweb.de\/nachrichten\/fandeliers-erinnerten-mich-an-mein-haus-der-90er-jahre-aber-in-einem-verzweifelten-versuch-meine-kleine-wohnung-abzukuehlen-fand-ich-diesen-schicken-rattan-fandlier-der-stilvoll-und-funktional-is\/","title":{"rendered":"Fandeliers erinnerten mich an mein Haus der 90er Jahre &#8211; aber in einem verzweifelten Versuch, meine kleine Wohnung abzuk\u00fchlen, fand ich diesen schicken Rattan Fandlier, der stilvoll und funktional ist"},"content":{"rendered":"<p><\/p>\n<div id=\"article-body\" class=\"article__body \">\n<p>Ich habe immer an Deckenventilatoren als &#8222;Funktions-Over-Form&#8220; -Detail-Detail gedacht. Da ihr Hauptzweck darin besteht, Luft zu zirkulieren und einen Raum k\u00fchl zu halten, ist der schicke Stil keine Priorit\u00e4t. Fr\u00fcher hatte ich diese in meiner Kindheit zu Hause, und obwohl sie praktisch waren, haben sie nie etwas hinzugef\u00fcgt, wenn es um Stil ging. Ich bin mir sicher, dass Sie sich meine \u00dcberraschung vorstellen k\u00f6nnen, als ich auf diese Kombination aus der stilvollen Deckenl\u00fcfterleuchte von Wayfair stie\u00df &#8211; sie verbindet die Funktion eines L\u00fcfters und die Eleganz eines Candeliers, aber nichts wie die Designs meiner Kindheit aussieht.<\/p>\n<div id=\"ad-unit-1\" class=\"ad-unit\"><\/div>\n<p>Technisch gesehen ist diese Art von Einrichtung als als bekannt <em>Fandelier<\/em>was einfach die W\u00f6rter kombiniert <em>L\u00fcfter <\/em>Und <em>Kronleuchter<\/em>. Genau wie bei normalen Deckenventilatoren sind Fandeliers eine einfache M\u00f6glichkeit, einen Raum zu k\u00fchlen. Der einzige Unterschied? Fandeliers sind in der Regel dekorativer und detaillierter, genau wie ein traditioneller Kronleuchter.<\/p>\n<aside data-block-type=\"embed\" data-render-type=\"fte\" data-skip=\"dealsy\" data-widget-type=\"seasonal\" class=\"hawk-base\"><\/aside>\n<p>Einer der Gr\u00fcnde, warum dieses Modell von Wayfair unter den anderen abhebt <em>H\u00e4user &#038; G\u00e4rten<\/em>: Rattan. Der Rattan -Au\u00dfenschatten, der geschmackvoll um den schwarzen Metallrahmen und die Miniaturklingen gewebt ist, macht diesen Fandelier zu einer l\u00e4ssig eleganten Deckendekoration. Es zirkuliert die Luft, leuchtet den Raum hinauf und sieht dabei gut aus.<\/p>\n<div class=\"van_vid_carousel\">\n<div class=\"van_vid_carousel__padding\">\n<div class=\"van_vid_carousel__container\"><\/div>\n<\/div>\n<\/div>\n<div class=\"product-container horizontal-product-container\">\n<div class=\"product-block-row\"><\/div>\n<\/div>\n<p>Die Rezensenten bewerten diesen Fandelier in hohem Ma\u00dfe und sagen, es sei einfach, sich zu montieren und zu installieren, und trotz seiner geringen Gr\u00f6\u00dfe bemerken sie, wie m\u00e4chtig ein Kinderspiel erzeugt. Einige kommentieren sogar, wie es ein ideales Feature f\u00fcr kleine Schlafzimmer ist, da es zwei Dinge gleichzeitig erledigt &#8211; es beleuchtet den Raum und zirkuliert Luft.<\/p>\n<div id=\"ad-unit-2\" class=\"ad-unit\"><\/div>\n<p>Aufgrund des geschlossenen Rattan -Schattens dieses Fandeliers erzeugt es eine stilvolle Lichtausgabe &#8211; eine, die ein geschmackvolles Ambiente in dem Raum schaffen kann, den Sie sich f\u00fcr den Montieren entscheiden. Abgesehen von der \u00c4sthetik kann die geschlossene Natur von Fandeliers wie dieses Modell auch ideal f\u00fcr die Sicherheit sein. Im Gegensatz zu herk\u00f6mmlichen Deckenventilatorbl\u00e4ttern sind Fandelier -Klingen klein und von Au\u00dfent\u00f6nen umgeben, was es selten macht, dass etwas mit ihnen in Kontakt kommt.<\/p>\n<p>Fandeliers standen nicht auf meiner Liste der Optionen, um meine hei\u00dfe Wohnung abzuk\u00fchlen, aber ich war angenehm \u00fcberrascht, wie weit Designs gekommen sind, und obwohl ja, habe ich viele Optionen gesehen, die so aussehen, als h\u00e4tten sie direkt aus den 1990er Jahren gekommen, es gibt immer mehr schickere Optionen zur Auswahl.<\/p>\n<div class=\"product-container hero-product-container product-block-no-wrap\">\n<div class=\"product-block-row\"><\/div>\n<div class=\"product-block-row\"><\/div>\n<div class=\"product-block-row\"><\/div>\n<\/div>\n<hr>\n<p>So k\u00f6nnen wir der Liste der veralteten 90er -Dekor -Comeback Fandeliers hinzuf\u00fcgen. Sie m\u00fcssen nur ein wenig graben, um die stilvollsten Optionen zu finden. Wenn Sie nach M\u00f6glichkeiten suchen, Ihr Zuhause in diesem Sommer k\u00fchl zu halten, w\u00fcrde ich (unerwartet) einen Fandelier empfehlen, insbesondere wenn der Platz eng ist und Sie ein Doppel -Duty -Design ben\u00f6tigen.<\/p>\n<\/div>\n","protected":false},"excerpt":{"rendered":"<p>Ich habe immer an Deckenventilatoren als &#8222;Funktions-Over-Form&#8220; -Detail-Detail gedacht. Da ihr Hauptzweck darin besteht, Luft zu zirkulieren und einen Raum k\u00fchl zu halten, ist der<\/p>\n","protected":false},"author":1,"featured_media":6266,"comment_status":"closed","ping_status":"","sticky":false,"template":"","format":"standard","meta":{"footnotes":""},"categories":[118],"tags":[8239,357,2401,81,208,22,8647,6459,8646,8650,8651,125,129,15,831,1672,778,1054,1122,8649,6103,1912,37,6607,8648,1125],"class_list":["post-6265","post","type-post","status-publish","format-standard","has-post-thumbnail","hentry","category-haus-garten","tag-90er","tag-aber","tag-abzukuehlen","tag-der","tag-diesen","tag-einem","tag-erinnerten","tag-fand","tag-fandeliers","tag-fandlier","tag-funktional","tag-haus","tag-ich","tag-ist","tag-jahre","tag-kleine","tag-mein","tag-meine","tag-mich","tag-rattan","tag-schicken","tag-stilvoll","tag-und","tag-versuch","tag-verzweifelten","tag-wohnung","generate-columns","tablet-grid-50","mobile-grid-100","grid-parent","grid-50"],"yoast_head":"<!-- This site is optimized with the Yoast SEO plugin v27.3 - https:\/\/yoast.com\/product\/yoast-seo-wordpress\/ -->\n<title>Fandeliers erinnerten mich an mein Haus der 90er Jahre - aber in einem verzweifelten Versuch, meine kleine Wohnung abzuk\u00fchlen, fand ich diesen schicken Rattan Fandlier, der stilvoll und funktional ist - Nachrichten - Stra\u00dfenweb<\/title>\n<meta name=\"robots\" content=\"index, follow, max-snippet:-1, max-image-preview:large, max-video-preview:-1\" \/>\n<link rel=\"canonical\" href=\"https:\/\/www.strassenweb.de\/nachrichten\/fandeliers-erinnerten-mich-an-mein-haus-der-90er-jahre-aber-in-einem-verzweifelten-versuch-meine-kleine-wohnung-abzukuehlen-fand-ich-diesen-schicken-rattan-fandlier-der-stilvoll-und-funktional-is\/\" \/>\n<meta property=\"og:locale\" content=\"de_DE\" \/>\n<meta property=\"og:type\" content=\"article\" \/>\n<meta property=\"og:title\" content=\"Fandeliers erinnerten mich an mein Haus der 90er Jahre - aber in einem verzweifelten Versuch, meine kleine Wohnung abzuk\u00fchlen, fand ich diesen schicken Rattan Fandlier, der stilvoll und funktional ist - Nachrichten - Stra\u00dfenweb\" \/>\n<meta property=\"og:description\" content=\"Ich habe immer an Deckenventilatoren als &#8222;Funktions-Over-Form&#8220; -Detail-Detail gedacht. Da ihr Hauptzweck darin besteht, Luft zu zirkulieren und einen Raum k\u00fchl zu halten, ist der\" \/>\n<meta property=\"og:url\" content=\"https:\/\/www.strassenweb.de\/nachrichten\/fandeliers-erinnerten-mich-an-mein-haus-der-90er-jahre-aber-in-einem-verzweifelten-versuch-meine-kleine-wohnung-abzukuehlen-fand-ich-diesen-schicken-rattan-fandlier-der-stilvoll-und-funktional-is\/\" \/>\n<meta property=\"og:site_name\" content=\"Stra\u00dfenweb\" \/>\n<meta property=\"article:publisher\" content=\"https:\/\/www.facebook.com\/strassenweb\/\" \/>\n<meta property=\"article:published_time\" content=\"2025-07-15T15:39:33+00:00\" \/>\n<meta property=\"article:modified_time\" content=\"2025-07-15T15:39:34+00:00\" \/>\n<meta property=\"og:image\" content=\"https:\/\/www.strassenweb.de\/nachrichten\/wp-content\/uploads\/2025\/07\/Fandeliers-erinnerten-mich-an-mein-Haus-der-90er-Jahre.jpg\" \/>\n\t<meta property=\"og:image:width\" content=\"1600\" \/>\n\t<meta property=\"og:image:height\" content=\"900\" \/>\n\t<meta property=\"og:image:type\" content=\"image\/jpeg\" \/>\n<meta name=\"author\" content=\"Robert Hoffmann\" \/>\n<meta name=\"twitter:card\" content=\"summary_large_image\" \/>\n<meta name=\"twitter:label1\" content=\"Verfasst von\" \/>\n\t<meta name=\"twitter:data1\" content=\"Robert Hoffmann\" \/>\n\t<meta name=\"twitter:label2\" content=\"Gesch\u00e4tzte Lesezeit\" \/>\n\t<meta name=\"twitter:data2\" content=\"2\u00a0Minuten\" \/>\n<script type=\"application\/ld+json\" class=\"yoast-schema-graph\">{\"@context\":\"https:\\\/\\\/schema.org\",\"@graph\":[{\"@type\":\"Article\",\"@id\":\"https:\\\/\\\/www.strassenweb.de\\\/nachrichten\\\/fandeliers-erinnerten-mich-an-mein-haus-der-90er-jahre-aber-in-einem-verzweifelten-versuch-meine-kleine-wohnung-abzukuehlen-fand-ich-diesen-schicken-rattan-fandlier-der-stilvoll-und-funktional-is\\\/#article\",\"isPartOf\":{\"@id\":\"https:\\\/\\\/www.strassenweb.de\\\/nachrichten\\\/fandeliers-erinnerten-mich-an-mein-haus-der-90er-jahre-aber-in-einem-verzweifelten-versuch-meine-kleine-wohnung-abzukuehlen-fand-ich-diesen-schicken-rattan-fandlier-der-stilvoll-und-funktional-is\\\/\"},\"author\":{\"name\":\"Robert Hoffmann\",\"@id\":\"https:\\\/\\\/www.strassenweb.de\\\/nachrichten\\\/#\\\/schema\\\/person\\\/87c9c9067f1211da429a744dc5a5aa41\"},\"headline\":\"Fandeliers erinnerten mich an mein Haus der 90er Jahre &#8211; aber in einem verzweifelten Versuch, meine kleine Wohnung abzuk\u00fchlen, fand ich diesen schicken Rattan Fandlier, der stilvoll und funktional ist\",\"datePublished\":\"2025-07-15T15:39:33+00:00\",\"dateModified\":\"2025-07-15T15:39:34+00:00\",\"mainEntityOfPage\":{\"@id\":\"https:\\\/\\\/www.strassenweb.de\\\/nachrichten\\\/fandeliers-erinnerten-mich-an-mein-haus-der-90er-jahre-aber-in-einem-verzweifelten-versuch-meine-kleine-wohnung-abzukuehlen-fand-ich-diesen-schicken-rattan-fandlier-der-stilvoll-und-funktional-is\\\/\"},\"wordCount\":498,\"publisher\":{\"@id\":\"https:\\\/\\\/www.strassenweb.de\\\/nachrichten\\\/#organization\"},\"image\":{\"@id\":\"https:\\\/\\\/www.strassenweb.de\\\/nachrichten\\\/fandeliers-erinnerten-mich-an-mein-haus-der-90er-jahre-aber-in-einem-verzweifelten-versuch-meine-kleine-wohnung-abzukuehlen-fand-ich-diesen-schicken-rattan-fandlier-der-stilvoll-und-funktional-is\\\/#primaryimage\"},\"thumbnailUrl\":\"https:\\\/\\\/www.strassenweb.de\\\/nachrichten\\\/wp-content\\\/uploads\\\/2025\\\/07\\\/Fandeliers-erinnerten-mich-an-mein-Haus-der-90er-Jahre.jpg\",\"keywords\":[\"90er\",\"aber\",\"abzuk\u00fchlen\",\"der\",\"diesen\",\"einem\",\"erinnerten\",\"fand\",\"Fandeliers\",\"Fandlier\",\"funktional\",\"Haus\",\"ich\",\"ist\",\"Jahre\",\"kleine\",\"mein\",\"meine\",\"mich\",\"Rattan\",\"schicken\",\"stilvoll\",\"und\",\"Versuch\",\"verzweifelten\",\"Wohnung\"],\"articleSection\":[\"Haus &amp; Garten\"],\"inLanguage\":\"de\"},{\"@type\":\"WebPage\",\"@id\":\"https:\\\/\\\/www.strassenweb.de\\\/nachrichten\\\/fandeliers-erinnerten-mich-an-mein-haus-der-90er-jahre-aber-in-einem-verzweifelten-versuch-meine-kleine-wohnung-abzukuehlen-fand-ich-diesen-schicken-rattan-fandlier-der-stilvoll-und-funktional-is\\\/\",\"url\":\"https:\\\/\\\/www.strassenweb.de\\\/nachrichten\\\/fandeliers-erinnerten-mich-an-mein-haus-der-90er-jahre-aber-in-einem-verzweifelten-versuch-meine-kleine-wohnung-abzukuehlen-fand-ich-diesen-schicken-rattan-fandlier-der-stilvoll-und-funktional-is\\\/\",\"name\":\"Fandeliers erinnerten mich an mein Haus der 90er Jahre - aber in einem verzweifelten Versuch, meine kleine Wohnung abzuk\u00fchlen, fand ich diesen schicken Rattan Fandlier, der stilvoll und funktional ist - Nachrichten - Stra\u00dfenweb\",\"isPartOf\":{\"@id\":\"https:\\\/\\\/www.strassenweb.de\\\/nachrichten\\\/#website\"},\"primaryImageOfPage\":{\"@id\":\"https:\\\/\\\/www.strassenweb.de\\\/nachrichten\\\/fandeliers-erinnerten-mich-an-mein-haus-der-90er-jahre-aber-in-einem-verzweifelten-versuch-meine-kleine-wohnung-abzukuehlen-fand-ich-diesen-schicken-rattan-fandlier-der-stilvoll-und-funktional-is\\\/#primaryimage\"},\"image\":{\"@id\":\"https:\\\/\\\/www.strassenweb.de\\\/nachrichten\\\/fandeliers-erinnerten-mich-an-mein-haus-der-90er-jahre-aber-in-einem-verzweifelten-versuch-meine-kleine-wohnung-abzukuehlen-fand-ich-diesen-schicken-rattan-fandlier-der-stilvoll-und-funktional-is\\\/#primaryimage\"},\"thumbnailUrl\":\"https:\\\/\\\/www.strassenweb.de\\\/nachrichten\\\/wp-content\\\/uploads\\\/2025\\\/07\\\/Fandeliers-erinnerten-mich-an-mein-Haus-der-90er-Jahre.jpg\",\"datePublished\":\"2025-07-15T15:39:33+00:00\",\"dateModified\":\"2025-07-15T15:39:34+00:00\",\"breadcrumb\":{\"@id\":\"https:\\\/\\\/www.strassenweb.de\\\/nachrichten\\\/fandeliers-erinnerten-mich-an-mein-haus-der-90er-jahre-aber-in-einem-verzweifelten-versuch-meine-kleine-wohnung-abzukuehlen-fand-ich-diesen-schicken-rattan-fandlier-der-stilvoll-und-funktional-is\\\/#breadcrumb\"},\"inLanguage\":\"de\",\"potentialAction\":[{\"@type\":\"ReadAction\",\"target\":[\"https:\\\/\\\/www.strassenweb.de\\\/nachrichten\\\/fandeliers-erinnerten-mich-an-mein-haus-der-90er-jahre-aber-in-einem-verzweifelten-versuch-meine-kleine-wohnung-abzukuehlen-fand-ich-diesen-schicken-rattan-fandlier-der-stilvoll-und-funktional-is\\\/\"]}]},{\"@type\":\"ImageObject\",\"inLanguage\":\"de\",\"@id\":\"https:\\\/\\\/www.strassenweb.de\\\/nachrichten\\\/fandeliers-erinnerten-mich-an-mein-haus-der-90er-jahre-aber-in-einem-verzweifelten-versuch-meine-kleine-wohnung-abzukuehlen-fand-ich-diesen-schicken-rattan-fandlier-der-stilvoll-und-funktional-is\\\/#primaryimage\",\"url\":\"https:\\\/\\\/www.strassenweb.de\\\/nachrichten\\\/wp-content\\\/uploads\\\/2025\\\/07\\\/Fandeliers-erinnerten-mich-an-mein-Haus-der-90er-Jahre.jpg\",\"contentUrl\":\"https:\\\/\\\/www.strassenweb.de\\\/nachrichten\\\/wp-content\\\/uploads\\\/2025\\\/07\\\/Fandeliers-erinnerten-mich-an-mein-Haus-der-90er-Jahre.jpg\",\"width\":1600,\"height\":900,\"caption\":\"Gray bedroom with rattan light, dog print above the bed and gray headboard\"},{\"@type\":\"BreadcrumbList\",\"@id\":\"https:\\\/\\\/www.strassenweb.de\\\/nachrichten\\\/fandeliers-erinnerten-mich-an-mein-haus-der-90er-jahre-aber-in-einem-verzweifelten-versuch-meine-kleine-wohnung-abzukuehlen-fand-ich-diesen-schicken-rattan-fandlier-der-stilvoll-und-funktional-is\\\/#breadcrumb\",\"itemListElement\":[{\"@type\":\"ListItem\",\"position\":1,\"name\":\"Home\",\"item\":\"https:\\\/\\\/www.strassenweb.de\\\/nachrichten\\\/\"},{\"@type\":\"ListItem\",\"position\":2,\"name\":\"Fandeliers erinnerten mich an mein Haus der 90er Jahre &#8211; aber in einem verzweifelten Versuch, meine kleine Wohnung abzuk\u00fchlen, fand ich diesen schicken Rattan Fandlier, der stilvoll und funktional ist\"}]},{\"@type\":\"WebSite\",\"@id\":\"https:\\\/\\\/www.strassenweb.de\\\/nachrichten\\\/#website\",\"url\":\"https:\\\/\\\/www.strassenweb.de\\\/nachrichten\\\/\",\"name\":\"Stra\u00dfenweb\",\"description\":\"Stra\u00dfenverzeichnis f\u00fcr Deutschland\",\"publisher\":{\"@id\":\"https:\\\/\\\/www.strassenweb.de\\\/nachrichten\\\/#organization\"},\"potentialAction\":[{\"@type\":\"SearchAction\",\"target\":{\"@type\":\"EntryPoint\",\"urlTemplate\":\"https:\\\/\\\/www.strassenweb.de\\\/nachrichten\\\/?s={search_term_string}\"},\"query-input\":{\"@type\":\"PropertyValueSpecification\",\"valueRequired\":true,\"valueName\":\"search_term_string\"}}],\"inLanguage\":\"de\"},{\"@type\":\"Organization\",\"@id\":\"https:\\\/\\\/www.strassenweb.de\\\/nachrichten\\\/#organization\",\"name\":\"Stra\u00dfenweb\",\"url\":\"https:\\\/\\\/www.strassenweb.de\\\/nachrichten\\\/\",\"logo\":{\"@type\":\"ImageObject\",\"inLanguage\":\"de\",\"@id\":\"https:\\\/\\\/www.strassenweb.de\\\/nachrichten\\\/#\\\/schema\\\/logo\\\/image\\\/\",\"url\":\"https:\\\/\\\/www.strassenweb.de\\\/nachrichten\\\/wp-content\\\/uploads\\\/2024\\\/09\\\/cropped-favicon.png\",\"contentUrl\":\"https:\\\/\\\/www.strassenweb.de\\\/nachrichten\\\/wp-content\\\/uploads\\\/2024\\\/09\\\/cropped-favicon.png\",\"width\":512,\"height\":512,\"caption\":\"Stra\u00dfenweb\"},\"image\":{\"@id\":\"https:\\\/\\\/www.strassenweb.de\\\/nachrichten\\\/#\\\/schema\\\/logo\\\/image\\\/\"},\"sameAs\":[\"https:\\\/\\\/www.facebook.com\\\/strassenweb\\\/\"]},{\"@type\":\"Person\",\"@id\":\"https:\\\/\\\/www.strassenweb.de\\\/nachrichten\\\/#\\\/schema\\\/person\\\/87c9c9067f1211da429a744dc5a5aa41\",\"name\":\"Robert Hoffmann\",\"image\":{\"@type\":\"ImageObject\",\"inLanguage\":\"de\",\"@id\":\"https:\\\/\\\/www.strassenweb.de\\\/nachrichten\\\/wp-content\\\/uploads\\\/2024\\\/09\\\/strassenweb-150x150.jpg\",\"url\":\"https:\\\/\\\/www.strassenweb.de\\\/nachrichten\\\/wp-content\\\/uploads\\\/2024\\\/09\\\/strassenweb-150x150.jpg\",\"contentUrl\":\"https:\\\/\\\/www.strassenweb.de\\\/nachrichten\\\/wp-content\\\/uploads\\\/2024\\\/09\\\/strassenweb-150x150.jpg\",\"caption\":\"Robert Hoffmann\"},\"description\":\"Ich hei\u00dfe Robert Hoffmann und ich bin ein leidenschaftlicher Verfechter von \u00d6kologie und Biodiversit\u00e4t. Seit meiner Kindheit in den W\u00e4ldern Bayerns f\u00fchle ich mich mit der Natur verbunden und bin entschlossen, sie zu sch\u00fctzen. Heute widme ich mein Leben der Sensibilisierung anderer f\u00fcr die Bedeutung des Umweltschutzes f\u00fcr zuk\u00fcnftige Generationen.\",\"sameAs\":[\"https:\\\/\\\/www.strassenweb.de\\\/\"]}]}<\/script>\n<!-- \/ Yoast SEO plugin. -->","yoast_head_json":{"title":"Fandeliers erinnerten mich an mein Haus der 90er Jahre - aber in einem verzweifelten Versuch, meine kleine Wohnung abzuk\u00fchlen, fand ich diesen schicken Rattan Fandlier, der stilvoll und funktional ist - Nachrichten - Stra\u00dfenweb","robots":{"index":"index","follow":"follow","max-snippet":"max-snippet:-1","max-image-preview":"max-image-preview:large","max-video-preview":"max-video-preview:-1"},"canonical":"https:\/\/www.strassenweb.de\/nachrichten\/fandeliers-erinnerten-mich-an-mein-haus-der-90er-jahre-aber-in-einem-verzweifelten-versuch-meine-kleine-wohnung-abzukuehlen-fand-ich-diesen-schicken-rattan-fandlier-der-stilvoll-und-funktional-is\/","og_locale":"de_DE","og_type":"article","og_title":"Fandeliers erinnerten mich an mein Haus der 90er Jahre - aber in einem verzweifelten Versuch, meine kleine Wohnung abzuk\u00fchlen, fand ich diesen schicken Rattan Fandlier, der stilvoll und funktional ist - Nachrichten - Stra\u00dfenweb","og_description":"Ich habe immer an Deckenventilatoren als &#8222;Funktions-Over-Form&#8220; -Detail-Detail gedacht. Da ihr Hauptzweck darin besteht, Luft zu zirkulieren und einen Raum k\u00fchl zu halten, ist der","og_url":"https:\/\/www.strassenweb.de\/nachrichten\/fandeliers-erinnerten-mich-an-mein-haus-der-90er-jahre-aber-in-einem-verzweifelten-versuch-meine-kleine-wohnung-abzukuehlen-fand-ich-diesen-schicken-rattan-fandlier-der-stilvoll-und-funktional-is\/","og_site_name":"Stra\u00dfenweb","article_publisher":"https:\/\/www.facebook.com\/strassenweb\/","article_published_time":"2025-07-15T15:39:33+00:00","article_modified_time":"2025-07-15T15:39:34+00:00","og_image":[{"width":1600,"height":900,"url":"https:\/\/www.strassenweb.de\/nachrichten\/wp-content\/uploads\/2025\/07\/Fandeliers-erinnerten-mich-an-mein-Haus-der-90er-Jahre.jpg","type":"image\/jpeg"}],"author":"Robert Hoffmann","twitter_card":"summary_large_image","twitter_misc":{"Verfasst von":"Robert Hoffmann","Gesch\u00e4tzte Lesezeit":"2\u00a0Minuten"},"schema":{"@context":"https:\/\/schema.org","@graph":[{"@type":"Article","@id":"https:\/\/www.strassenweb.de\/nachrichten\/fandeliers-erinnerten-mich-an-mein-haus-der-90er-jahre-aber-in-einem-verzweifelten-versuch-meine-kleine-wohnung-abzukuehlen-fand-ich-diesen-schicken-rattan-fandlier-der-stilvoll-und-funktional-is\/#article","isPartOf":{"@id":"https:\/\/www.strassenweb.de\/nachrichten\/fandeliers-erinnerten-mich-an-mein-haus-der-90er-jahre-aber-in-einem-verzweifelten-versuch-meine-kleine-wohnung-abzukuehlen-fand-ich-diesen-schicken-rattan-fandlier-der-stilvoll-und-funktional-is\/"},"author":{"name":"Robert Hoffmann","@id":"https:\/\/www.strassenweb.de\/nachrichten\/#\/schema\/person\/87c9c9067f1211da429a744dc5a5aa41"},"headline":"Fandeliers erinnerten mich an mein Haus der 90er Jahre &#8211; aber in einem verzweifelten Versuch, meine kleine Wohnung abzuk\u00fchlen, fand ich diesen schicken Rattan Fandlier, der stilvoll und funktional ist","datePublished":"2025-07-15T15:39:33+00:00","dateModified":"2025-07-15T15:39:34+00:00","mainEntityOfPage":{"@id":"https:\/\/www.strassenweb.de\/nachrichten\/fandeliers-erinnerten-mich-an-mein-haus-der-90er-jahre-aber-in-einem-verzweifelten-versuch-meine-kleine-wohnung-abzukuehlen-fand-ich-diesen-schicken-rattan-fandlier-der-stilvoll-und-funktional-is\/"},"wordCount":498,"publisher":{"@id":"https:\/\/www.strassenweb.de\/nachrichten\/#organization"},"image":{"@id":"https:\/\/www.strassenweb.de\/nachrichten\/fandeliers-erinnerten-mich-an-mein-haus-der-90er-jahre-aber-in-einem-verzweifelten-versuch-meine-kleine-wohnung-abzukuehlen-fand-ich-diesen-schicken-rattan-fandlier-der-stilvoll-und-funktional-is\/#primaryimage"},"thumbnailUrl":"https:\/\/www.strassenweb.de\/nachrichten\/wp-content\/uploads\/2025\/07\/Fandeliers-erinnerten-mich-an-mein-Haus-der-90er-Jahre.jpg","keywords":["90er","aber","abzuk\u00fchlen","der","diesen","einem","erinnerten","fand","Fandeliers","Fandlier","funktional","Haus","ich","ist","Jahre","kleine","mein","meine","mich","Rattan","schicken","stilvoll","und","Versuch","verzweifelten","Wohnung"],"articleSection":["Haus &amp; Garten"],"inLanguage":"de"},{"@type":"WebPage","@id":"https:\/\/www.strassenweb.de\/nachrichten\/fandeliers-erinnerten-mich-an-mein-haus-der-90er-jahre-aber-in-einem-verzweifelten-versuch-meine-kleine-wohnung-abzukuehlen-fand-ich-diesen-schicken-rattan-fandlier-der-stilvoll-und-funktional-is\/","url":"https:\/\/www.strassenweb.de\/nachrichten\/fandeliers-erinnerten-mich-an-mein-haus-der-90er-jahre-aber-in-einem-verzweifelten-versuch-meine-kleine-wohnung-abzukuehlen-fand-ich-diesen-schicken-rattan-fandlier-der-stilvoll-und-funktional-is\/","name":"Fandeliers erinnerten mich an mein Haus der 90er Jahre - aber in einem verzweifelten Versuch, meine kleine Wohnung abzuk\u00fchlen, fand ich diesen schicken Rattan Fandlier, der stilvoll und funktional ist - Nachrichten - Stra\u00dfenweb","isPartOf":{"@id":"https:\/\/www.strassenweb.de\/nachrichten\/#website"},"primaryImageOfPage":{"@id":"https:\/\/www.strassenweb.de\/nachrichten\/fandeliers-erinnerten-mich-an-mein-haus-der-90er-jahre-aber-in-einem-verzweifelten-versuch-meine-kleine-wohnung-abzukuehlen-fand-ich-diesen-schicken-rattan-fandlier-der-stilvoll-und-funktional-is\/#primaryimage"},"image":{"@id":"https:\/\/www.strassenweb.de\/nachrichten\/fandeliers-erinnerten-mich-an-mein-haus-der-90er-jahre-aber-in-einem-verzweifelten-versuch-meine-kleine-wohnung-abzukuehlen-fand-ich-diesen-schicken-rattan-fandlier-der-stilvoll-und-funktional-is\/#primaryimage"},"thumbnailUrl":"https:\/\/www.strassenweb.de\/nachrichten\/wp-content\/uploads\/2025\/07\/Fandeliers-erinnerten-mich-an-mein-Haus-der-90er-Jahre.jpg","datePublished":"2025-07-15T15:39:33+00:00","dateModified":"2025-07-15T15:39:34+00:00","breadcrumb":{"@id":"https:\/\/www.strassenweb.de\/nachrichten\/fandeliers-erinnerten-mich-an-mein-haus-der-90er-jahre-aber-in-einem-verzweifelten-versuch-meine-kleine-wohnung-abzukuehlen-fand-ich-diesen-schicken-rattan-fandlier-der-stilvoll-und-funktional-is\/#breadcrumb"},"inLanguage":"de","potentialAction":[{"@type":"ReadAction","target":["https:\/\/www.strassenweb.de\/nachrichten\/fandeliers-erinnerten-mich-an-mein-haus-der-90er-jahre-aber-in-einem-verzweifelten-versuch-meine-kleine-wohnung-abzukuehlen-fand-ich-diesen-schicken-rattan-fandlier-der-stilvoll-und-funktional-is\/"]}]},{"@type":"ImageObject","inLanguage":"de","@id":"https:\/\/www.strassenweb.de\/nachrichten\/fandeliers-erinnerten-mich-an-mein-haus-der-90er-jahre-aber-in-einem-verzweifelten-versuch-meine-kleine-wohnung-abzukuehlen-fand-ich-diesen-schicken-rattan-fandlier-der-stilvoll-und-funktional-is\/#primaryimage","url":"https:\/\/www.strassenweb.de\/nachrichten\/wp-content\/uploads\/2025\/07\/Fandeliers-erinnerten-mich-an-mein-Haus-der-90er-Jahre.jpg","contentUrl":"https:\/\/www.strassenweb.de\/nachrichten\/wp-content\/uploads\/2025\/07\/Fandeliers-erinnerten-mich-an-mein-Haus-der-90er-Jahre.jpg","width":1600,"height":900,"caption":"Gray bedroom with rattan light, dog print above the bed and gray headboard"},{"@type":"BreadcrumbList","@id":"https:\/\/www.strassenweb.de\/nachrichten\/fandeliers-erinnerten-mich-an-mein-haus-der-90er-jahre-aber-in-einem-verzweifelten-versuch-meine-kleine-wohnung-abzukuehlen-fand-ich-diesen-schicken-rattan-fandlier-der-stilvoll-und-funktional-is\/#breadcrumb","itemListElement":[{"@type":"ListItem","position":1,"name":"Home","item":"https:\/\/www.strassenweb.de\/nachrichten\/"},{"@type":"ListItem","position":2,"name":"Fandeliers erinnerten mich an mein Haus der 90er Jahre &#8211; aber in einem verzweifelten Versuch, meine kleine Wohnung abzuk\u00fchlen, fand ich diesen schicken Rattan Fandlier, der stilvoll und funktional ist"}]},{"@type":"WebSite","@id":"https:\/\/www.strassenweb.de\/nachrichten\/#website","url":"https:\/\/www.strassenweb.de\/nachrichten\/","name":"Stra\u00dfenweb","description":"Stra\u00dfenverzeichnis f\u00fcr Deutschland","publisher":{"@id":"https:\/\/www.strassenweb.de\/nachrichten\/#organization"},"potentialAction":[{"@type":"SearchAction","target":{"@type":"EntryPoint","urlTemplate":"https:\/\/www.strassenweb.de\/nachrichten\/?s={search_term_string}"},"query-input":{"@type":"PropertyValueSpecification","valueRequired":true,"valueName":"search_term_string"}}],"inLanguage":"de"},{"@type":"Organization","@id":"https:\/\/www.strassenweb.de\/nachrichten\/#organization","name":"Stra\u00dfenweb","url":"https:\/\/www.strassenweb.de\/nachrichten\/","logo":{"@type":"ImageObject","inLanguage":"de","@id":"https:\/\/www.strassenweb.de\/nachrichten\/#\/schema\/logo\/image\/","url":"https:\/\/www.strassenweb.de\/nachrichten\/wp-content\/uploads\/2024\/09\/cropped-favicon.png","contentUrl":"https:\/\/www.strassenweb.de\/nachrichten\/wp-content\/uploads\/2024\/09\/cropped-favicon.png","width":512,"height":512,"caption":"Stra\u00dfenweb"},"image":{"@id":"https:\/\/www.strassenweb.de\/nachrichten\/#\/schema\/logo\/image\/"},"sameAs":["https:\/\/www.facebook.com\/strassenweb\/"]},{"@type":"Person","@id":"https:\/\/www.strassenweb.de\/nachrichten\/#\/schema\/person\/87c9c9067f1211da429a744dc5a5aa41","name":"Robert Hoffmann","image":{"@type":"ImageObject","inLanguage":"de","@id":"https:\/\/www.strassenweb.de\/nachrichten\/wp-content\/uploads\/2024\/09\/strassenweb-150x150.jpg","url":"https:\/\/www.strassenweb.de\/nachrichten\/wp-content\/uploads\/2024\/09\/strassenweb-150x150.jpg","contentUrl":"https:\/\/www.strassenweb.de\/nachrichten\/wp-content\/uploads\/2024\/09\/strassenweb-150x150.jpg","caption":"Robert Hoffmann"},"description":"Ich hei\u00dfe Robert Hoffmann und ich bin ein leidenschaftlicher Verfechter von \u00d6kologie und Biodiversit\u00e4t. Seit meiner Kindheit in den W\u00e4ldern Bayerns f\u00fchle ich mich mit der Natur verbunden und bin entschlossen, sie zu sch\u00fctzen. Heute widme ich mein Leben der Sensibilisierung anderer f\u00fcr die Bedeutung des Umweltschutzes f\u00fcr zuk\u00fcnftige Generationen.","sameAs":["https:\/\/www.strassenweb.de\/"]}]}},"_links":{"self":[{"href":"https:\/\/www.strassenweb.de\/nachrichten\/wp-json\/wp\/v2\/posts\/6265","targetHints":{"allow":["GET"]}}],"collection":[{"href":"https:\/\/www.strassenweb.de\/nachrichten\/wp-json\/wp\/v2\/posts"}],"about":[{"href":"https:\/\/www.strassenweb.de\/nachrichten\/wp-json\/wp\/v2\/types\/post"}],"author":[{"embeddable":true,"href":"https:\/\/www.strassenweb.de\/nachrichten\/wp-json\/wp\/v2\/users\/1"}],"replies":[{"embeddable":true,"href":"https:\/\/www.strassenweb.de\/nachrichten\/wp-json\/wp\/v2\/comments?post=6265"}],"version-history":[{"count":0,"href":"https:\/\/www.strassenweb.de\/nachrichten\/wp-json\/wp\/v2\/posts\/6265\/revisions"}],"wp:featuredmedia":[{"embeddable":true,"href":"https:\/\/www.strassenweb.de\/nachrichten\/wp-json\/wp\/v2\/media\/6266"}],"wp:attachment":[{"href":"https:\/\/www.strassenweb.de\/nachrichten\/wp-json\/wp\/v2\/media?parent=6265"}],"wp:term":[{"taxonomy":"category","embeddable":true,"href":"https:\/\/www.strassenweb.de\/nachrichten\/wp-json\/wp\/v2\/categories?post=6265"},{"taxonomy":"post_tag","embeddable":true,"href":"https:\/\/www.strassenweb.de\/nachrichten\/wp-json\/wp\/v2\/tags?post=6265"}],"curies":[{"name":"wp","href":"https:\/\/api.w.org\/{rel}","templated":true}]}}