{"id":6254,"date":"2025-07-15T05:39:23","date_gmt":"2025-07-15T03:39:23","guid":{"rendered":"https:\/\/www.strassenweb.de\/nachrichten\/martha-stewart-aendert-diese-kueche-jede-woche-wesentlich-und-ich-habe-gerade-festgestellt-dass-ich-es-auch-tun-sollte\/"},"modified":"2025-07-15T05:39:25","modified_gmt":"2025-07-15T03:39:25","slug":"martha-stewart-aendert-diese-kueche-jede-woche-wesentlich-und-ich-habe-gerade-festgestellt-dass-ich-es-auch-tun-sollte","status":"publish","type":"post","link":"https:\/\/www.strassenweb.de\/nachrichten\/martha-stewart-aendert-diese-kueche-jede-woche-wesentlich-und-ich-habe-gerade-festgestellt-dass-ich-es-auch-tun-sollte\/","title":{"rendered":"Martha Stewart \u00e4ndert diese K\u00fcche jede Woche wesentlich &#8211; und ich habe gerade festgestellt, dass ich es auch tun sollte"},"content":{"rendered":"<div id=\"article-body\" class=\"article__body \">\n<p>Der beste Rat hat kein Ablaufdatum, wie Martha Stewart uns immer wieder erinnert. Unsere j\u00fcngste Entdeckung kommt in Form einer S\u00e4ule, die Martha 2009 in Bezug auf eine ewige K\u00fcche enth\u00e4lt, die essentiell ist: Geschirrt\u00fccher. Oder genauer gesagt ihre kurze Lebensdauer.<\/p>\n<div id=\"ad-unit-1\" class=\"ad-unit\"><\/div>\n<p>Laut Martha sollten wir diese Handt\u00fccher mindestens einmal pro Woche \u00e4ndern, w\u00e4hrend Schw\u00e4mme f\u00fcr nicht l\u00e4nger als zwei Wochen oder fr\u00fcher, wenn sie auseinanderfallen, verwendet werden sollten. Zum Gl\u00fcck sind diese Reinigungsvorr\u00e4te extrem zur Verf\u00fcgung stehen. Wenn Sie also wie ich ihre Lebensdauer um ein paar Tage \u00fcbertreffen lassen, ist es Zeit, im Interesse einer besseren Hygiene zu \u00fcberdenken.<\/p>\n<aside data-block-type=\"embed\" data-render-type=\"fte\" data-skip=\"dealsy\" data-widget-type=\"seasonal\" class=\"hawk-base\"><\/aside>\n<p>In einer Spalte f\u00fcr <em>Der Philadelphia Inquirer<\/em>Martha sprach die Debatte \u00fcber Sch\u00fcsselh\u00e4uschen im Vergleich zu Schw\u00e4mmen und teilte Tipps zur Vorbeugung von Ger\u00fcchen.<\/p>\n<div class=\"van_vid_carousel\">\n<div class=\"van_vid_carousel__padding\">\n<div class=\"van_vid_carousel__container\"><\/div>\n<\/div>\n<\/div>\n<aside data-component-name=\"Recirculation:ArticleRiver\" data-nosnippet class=\"pt-3 pb-4 mb-4 border-b border-solid border-(#333)\">\n<span class=\"\nafter:content-('') after:flex-1 after:ml-4 after:my-(0.7rem) after:border-t-(#333) after:border-t after:border-solid\nbefore:content-('') before:flex-1 before:mr-4 before:my-(0.7rem) before:border-t-(#333) before:border-t before:border-solid\nfont-article-heading pb-3 !text-base font-bold uppercase sm:text-sm text-(#333) flex\"><\/p>\n<p>Sie m\u00f6gen m\u00f6gen<br \/>\n<\/span><\/p>\n<ul class=\"flex flex-col gap-3 m-0\">\n<li class=\"m-0 list-none\" name=\"recirculation-inline\" data-analytics-id=\"recirculation-inline-1\" analytics-label=\"adviser:related\">\n<picture data-new-v2-image=\"true\" class=\"w-(--article-river-thumbnail-width,60px) flex-shrink-0\"><source type=\"image\/webp\"  ><\/source><\/p>\n<\/picture>\n<span class=\"hover:text-inherit font-article-heading text-base text-(#333) leading-5 content-center\">&#8222;Die Ergebnisse sind ziemlich magenverdreht&#8220;-Dies ist die einzige \u00fcbliche K\u00fcchenreinigungsinstrument, die Wissenschaftler warnen m\u00fcssen<\/span><\/p>\n<\/li>\n<li class=\"m-0 list-none\" name=\"recirculation-inline\" data-analytics-id=\"recirculation-inline-2\" analytics-label=\"adviser:related\">\n<picture data-new-v2-image=\"true\" class=\"w-(--article-river-thumbnail-width,60px) flex-shrink-0\"><source type=\"image\/webp\"  ><\/source><br \/>\n<img decoding=\"async\" alt=\"Mix Diamond Knurled Cabinet Knopf mit R\u00fcckplatte auf Duckeggblau -K\u00fcchenschr\u00e4nken\"   loading=\"lazy\" data-new-v2-image=\"true\" src=\"https:\/\/www.strassenweb.de\/nachrichten\/wp-content\/uploads\/2025\/05\/Q4HWfHG9qEkBxVmBimJiwb.jpg\" data-pin-media=\"https:\/\/www.strassenweb.de\/nachrichten\/wp-content\/uploads\/2025\/05\/Q4HWfHG9qEkBxVmBimJiwb.jpg\" data-pin-nopin=\"true\" class=\"aspect-(--img-listing-aspect-ratio,16\/9) object-cover w-(--article-river-thumbnail-width,60px) flex-shrink-0\">\n<\/picture>\n<span class=\"hover:text-inherit font-article-heading text-base text-(#333) leading-5 content-center\">Pro -Reiniger sagen, sie schw\u00f6ren auf diese 1 &#8218;intelligente Alternative&#8216; zu stinkenden K\u00fcchenschw\u00e4mmen &#8211; es hat sich ver\u00e4ndert, wie sie f\u00fcr immer reinigen<\/span><\/p>\n<\/li>\n<\/ul>\n<\/aside>\n<p>\u201eEs ist nicht so sehr das Werkzeug, das der Schuldige bei der Verbreitung von Keimen in einer K\u00fcche ist &#8211; so f\u00fchren Sie es aus. Sch\u00fcsselgerichte und Schw\u00e4mme sind z\u00fcchtungsbedingte Zuchtgebiete f\u00fcr Bakterien, die in Gegenwart von Nahrungsfutterpartikeln und in warmen, feuchten Umgebungen gedeihen \u201c, bemerkt Martha. Deshalb sagt sie, wir sollten &#8222;Sch\u00fcsselgerichte mindestens einmal pro Woche wechseln und ungef\u00e4hr alle zwei Wochen oder sobald sie auseinander fallen, die Schw\u00e4mme ersetzen&#8220;.<\/p>\n<div id=\"ad-unit-2\" class=\"ad-unit\"><\/div>\n<p>Zum Gl\u00fcck werden diese Geschirrt\u00fccher oft in loser Sch\u00fcttung verkauft. Dieser Multi-Pack von Amazon hat genug f\u00fcr 15 Wochen und sie sind eine vielseitige Farbe erg\u00e4nzt, was die Sp\u00fcle dabei erg\u00e4nzt.<\/p>\n<div class=\"product-container horizontal-product-container\">\n<div class=\"product-block-row\"><\/div>\n<\/div>\n<p>Wie Martha bemerkt, geht der Grund f\u00fcr die \u00c4nderung unserer Geschirrt\u00fccher \u00fcber die \u00c4sthetik und unangenehme Ger\u00fcche hinaus. Es ist eine Frage der Hygiene, die sich auf Ihre gesamte K\u00fcche auswirken k\u00f6nnte, einschlie\u00dflich Ihrer Arbeitsplatten, was diese Bakterien leicht ausbreitbar macht.<\/p>\n<p>Millionen von von Lebensmitteln \u00fcbertragenen Krankheitserregern leben m\u00f6glicherweise in einem kleinen Tuch oder Schwamm und k\u00f6nnen leicht vom Schneidebrett bis zur Arbeitsplatte in andere Bereiche der K\u00fcche verteilt werden. Schw\u00e4mme k\u00f6nnen mehr Bakterien als Geschirrt\u00fccher beherbergen, weil sie dicker, langsamer trocken sind und viele L\u00f6cher haben, die kleine Nahrungsmittelpartikel einbinden k\u00f6nnen \u201c, sagt Martha.<\/p>\n<div id=\"slice-container-newsletterForm-articleInbodyContent-LEzzNdyVoXrHfhxHLPP4an\" class=\"slice-container newsletter-inbodyContent-slice newsletterForm-articleInbodyContent-LEzzNdyVoXrHfhxHLPP4an slice-container-newsletterForm\"><\/div>\n<p>Auch wenn Sie Ihr Tuch oder Ihr Schwamm regelm\u00e4\u00dfig ersetzen, ist es wichtig, dass Sie auf Bakterien aufbewahren, indem Sie sie richtig waschen und absp\u00fclen. Nat\u00fcrlich ist der richtige Weg der Martha -Weg.<\/p>\n<p>\u00bbOb Sie ein Tuch oder einen Schwamm verwenden, sp\u00fclen Sie es nach jedem Gebrauch gr\u00fcndlich unter hei\u00dfem flie\u00dfendem Wasser aus und ringen Sie es gut. Bewahren Sie es so auf, dass es schnell trocknet und trocken bleibt. Falten Sie kein Tuch und lassen Sie keinen Schwamm in der Sp\u00fcle. Verwenden Sie Papiert\u00fccher, um Fleisch oder Eier zu wischen \u201c, sagt sie.<\/p>\n<p>Im Folgenden k\u00f6nnen Sie mehr meiner Sp\u00fclfavoriten einkaufen, einschlie\u00dflich einiger subtil stilvoller Handt\u00fccher, um den Prozess abzuschlie\u00dfen.<\/p>\n<div class=\"product-container hero-product-container product-block-no-wrap\">\n<div class=\"product-block-row\"><\/div>\n<div class=\"product-block-row\"><\/div>\n<div class=\"product-block-row\"><\/div>\n<\/div>\n<hr>\n<div class=\"block\" id=\"articleTag\" data-component-name=\"PostArticleLinks\">\n<div class=\"border-b border-b-black border-solid py-2.5 text-black font-bold uppercase\">Themen<\/div>\n<nav class=\"py-2.5 flex gap-2.5 flex-wrap\" data-analytics-id=\"article-tag\">\n<p>Martha Stewart<br \/>\n<\/nav>\n<\/div>\n<\/div>\n","protected":false},"excerpt":{"rendered":"<p>Der beste Rat hat kein Ablaufdatum, wie Martha Stewart uns immer wieder erinnert. Unsere j\u00fcngste Entdeckung kommt in Form einer S\u00e4ule, die Martha 2009 in<\/p>\n","protected":false},"author":1,"featured_media":6255,"comment_status":"closed","ping_status":"","sticky":false,"template":"","format":"standard","meta":{"footnotes":""},"categories":[118],"tags":[7602,436,51,143,3237,495,823,129,2236,468,2894,62,3131,553,37,6179,144],"class_list":["post-6254","post","type-post","status-publish","format-standard","has-post-thumbnail","hentry","category-haus-garten","tag-aendert","tag-auch","tag-dass","tag-diese","tag-festgestellt","tag-gerade","tag-habe","tag-ich","tag-jede","tag-kueche","tag-martha","tag-sollte","tag-stewart","tag-tun","tag-und","tag-wesentlich","tag-woche","generate-columns","tablet-grid-50","mobile-grid-100","grid-parent","grid-50"],"yoast_head":"<!-- This site is optimized with the Yoast SEO plugin v27.3 - https:\/\/yoast.com\/product\/yoast-seo-wordpress\/ -->\n<title>Martha Stewart \u00e4ndert diese K\u00fcche jede Woche wesentlich - und ich habe gerade festgestellt, dass ich es auch tun sollte - Nachrichten - Stra\u00dfenweb<\/title>\n<meta name=\"robots\" content=\"index, follow, max-snippet:-1, max-image-preview:large, max-video-preview:-1\" \/>\n<link rel=\"canonical\" href=\"https:\/\/www.strassenweb.de\/nachrichten\/martha-stewart-aendert-diese-kueche-jede-woche-wesentlich-und-ich-habe-gerade-festgestellt-dass-ich-es-auch-tun-sollte\/\" \/>\n<meta property=\"og:locale\" content=\"de_DE\" \/>\n<meta property=\"og:type\" content=\"article\" \/>\n<meta property=\"og:title\" content=\"Martha Stewart \u00e4ndert diese K\u00fcche jede Woche wesentlich - und ich habe gerade festgestellt, dass ich es auch tun sollte - Nachrichten - Stra\u00dfenweb\" \/>\n<meta property=\"og:description\" content=\"Der beste Rat hat kein Ablaufdatum, wie Martha Stewart uns immer wieder erinnert. Unsere j\u00fcngste Entdeckung kommt in Form einer S\u00e4ule, die Martha 2009 in\" \/>\n<meta property=\"og:url\" content=\"https:\/\/www.strassenweb.de\/nachrichten\/martha-stewart-aendert-diese-kueche-jede-woche-wesentlich-und-ich-habe-gerade-festgestellt-dass-ich-es-auch-tun-sollte\/\" \/>\n<meta property=\"og:site_name\" content=\"Stra\u00dfenweb\" \/>\n<meta property=\"article:publisher\" content=\"https:\/\/www.facebook.com\/strassenweb\/\" \/>\n<meta property=\"article:published_time\" content=\"2025-07-15T03:39:23+00:00\" \/>\n<meta property=\"article:modified_time\" content=\"2025-07-15T03:39:25+00:00\" \/>\n<meta property=\"og:image\" content=\"https:\/\/www.strassenweb.de\/nachrichten\/wp-content\/uploads\/2025\/06\/6cgwpaajdQQ9JAAmkFVZnn.png\" \/>\n\t<meta property=\"og:image:width\" content=\"1600\" \/>\n\t<meta property=\"og:image:height\" content=\"900\" \/>\n\t<meta property=\"og:image:type\" content=\"image\/png\" \/>\n<meta name=\"author\" content=\"Robert Hoffmann\" \/>\n<meta name=\"twitter:card\" content=\"summary_large_image\" \/>\n<meta name=\"twitter:label1\" content=\"Verfasst von\" \/>\n\t<meta name=\"twitter:data1\" content=\"Robert Hoffmann\" \/>\n\t<meta name=\"twitter:label2\" content=\"Gesch\u00e4tzte Lesezeit\" \/>\n\t<meta name=\"twitter:data2\" content=\"3\u00a0Minuten\" \/>\n<script type=\"application\/ld+json\" class=\"yoast-schema-graph\">{\"@context\":\"https:\\\/\\\/schema.org\",\"@graph\":[{\"@type\":\"Article\",\"@id\":\"https:\\\/\\\/www.strassenweb.de\\\/nachrichten\\\/martha-stewart-aendert-diese-kueche-jede-woche-wesentlich-und-ich-habe-gerade-festgestellt-dass-ich-es-auch-tun-sollte\\\/#article\",\"isPartOf\":{\"@id\":\"https:\\\/\\\/www.strassenweb.de\\\/nachrichten\\\/martha-stewart-aendert-diese-kueche-jede-woche-wesentlich-und-ich-habe-gerade-festgestellt-dass-ich-es-auch-tun-sollte\\\/\"},\"author\":{\"name\":\"Robert Hoffmann\",\"@id\":\"https:\\\/\\\/www.strassenweb.de\\\/nachrichten\\\/#\\\/schema\\\/person\\\/87c9c9067f1211da429a744dc5a5aa41\"},\"headline\":\"Martha Stewart \u00e4ndert diese K\u00fcche jede Woche wesentlich &#8211; und ich habe gerade festgestellt, dass ich es auch tun sollte\",\"datePublished\":\"2025-07-15T03:39:23+00:00\",\"dateModified\":\"2025-07-15T03:39:25+00:00\",\"mainEntityOfPage\":{\"@id\":\"https:\\\/\\\/www.strassenweb.de\\\/nachrichten\\\/martha-stewart-aendert-diese-kueche-jede-woche-wesentlich-und-ich-habe-gerade-festgestellt-dass-ich-es-auch-tun-sollte\\\/\"},\"wordCount\":562,\"publisher\":{\"@id\":\"https:\\\/\\\/www.strassenweb.de\\\/nachrichten\\\/#organization\"},\"image\":{\"@id\":\"https:\\\/\\\/www.strassenweb.de\\\/nachrichten\\\/martha-stewart-aendert-diese-kueche-jede-woche-wesentlich-und-ich-habe-gerade-festgestellt-dass-ich-es-auch-tun-sollte\\\/#primaryimage\"},\"thumbnailUrl\":\"https:\\\/\\\/www.strassenweb.de\\\/nachrichten\\\/wp-content\\\/uploads\\\/2025\\\/06\\\/6cgwpaajdQQ9JAAmkFVZnn.png\",\"keywords\":[\"\u00e4ndert\",\"Auch\",\"dass\",\"diese\",\"festgestellt\",\"gerade\",\"habe\",\"ich\",\"jede\",\"K\u00fcche\",\"Martha\",\"Sollte\",\"Stewart\",\"tun\",\"und\",\"wesentlich\",\"Woche\"],\"articleSection\":[\"Haus &amp; Garten\"],\"inLanguage\":\"de\"},{\"@type\":\"WebPage\",\"@id\":\"https:\\\/\\\/www.strassenweb.de\\\/nachrichten\\\/martha-stewart-aendert-diese-kueche-jede-woche-wesentlich-und-ich-habe-gerade-festgestellt-dass-ich-es-auch-tun-sollte\\\/\",\"url\":\"https:\\\/\\\/www.strassenweb.de\\\/nachrichten\\\/martha-stewart-aendert-diese-kueche-jede-woche-wesentlich-und-ich-habe-gerade-festgestellt-dass-ich-es-auch-tun-sollte\\\/\",\"name\":\"Martha Stewart \u00e4ndert diese K\u00fcche jede Woche wesentlich - und ich habe gerade festgestellt, dass ich es auch tun sollte - Nachrichten - Stra\u00dfenweb\",\"isPartOf\":{\"@id\":\"https:\\\/\\\/www.strassenweb.de\\\/nachrichten\\\/#website\"},\"primaryImageOfPage\":{\"@id\":\"https:\\\/\\\/www.strassenweb.de\\\/nachrichten\\\/martha-stewart-aendert-diese-kueche-jede-woche-wesentlich-und-ich-habe-gerade-festgestellt-dass-ich-es-auch-tun-sollte\\\/#primaryimage\"},\"image\":{\"@id\":\"https:\\\/\\\/www.strassenweb.de\\\/nachrichten\\\/martha-stewart-aendert-diese-kueche-jede-woche-wesentlich-und-ich-habe-gerade-festgestellt-dass-ich-es-auch-tun-sollte\\\/#primaryimage\"},\"thumbnailUrl\":\"https:\\\/\\\/www.strassenweb.de\\\/nachrichten\\\/wp-content\\\/uploads\\\/2025\\\/06\\\/6cgwpaajdQQ9JAAmkFVZnn.png\",\"datePublished\":\"2025-07-15T03:39:23+00:00\",\"dateModified\":\"2025-07-15T03:39:25+00:00\",\"breadcrumb\":{\"@id\":\"https:\\\/\\\/www.strassenweb.de\\\/nachrichten\\\/martha-stewart-aendert-diese-kueche-jede-woche-wesentlich-und-ich-habe-gerade-festgestellt-dass-ich-es-auch-tun-sollte\\\/#breadcrumb\"},\"inLanguage\":\"de\",\"potentialAction\":[{\"@type\":\"ReadAction\",\"target\":[\"https:\\\/\\\/www.strassenweb.de\\\/nachrichten\\\/martha-stewart-aendert-diese-kueche-jede-woche-wesentlich-und-ich-habe-gerade-festgestellt-dass-ich-es-auch-tun-sollte\\\/\"]}]},{\"@type\":\"ImageObject\",\"inLanguage\":\"de\",\"@id\":\"https:\\\/\\\/www.strassenweb.de\\\/nachrichten\\\/martha-stewart-aendert-diese-kueche-jede-woche-wesentlich-und-ich-habe-gerade-festgestellt-dass-ich-es-auch-tun-sollte\\\/#primaryimage\",\"url\":\"https:\\\/\\\/www.strassenweb.de\\\/nachrichten\\\/wp-content\\\/uploads\\\/2025\\\/06\\\/6cgwpaajdQQ9JAAmkFVZnn.png\",\"contentUrl\":\"https:\\\/\\\/www.strassenweb.de\\\/nachrichten\\\/wp-content\\\/uploads\\\/2025\\\/06\\\/6cgwpaajdQQ9JAAmkFVZnn.png\",\"width\":1600,\"height\":900,\"caption\":\"Martha Stewart\"},{\"@type\":\"BreadcrumbList\",\"@id\":\"https:\\\/\\\/www.strassenweb.de\\\/nachrichten\\\/martha-stewart-aendert-diese-kueche-jede-woche-wesentlich-und-ich-habe-gerade-festgestellt-dass-ich-es-auch-tun-sollte\\\/#breadcrumb\",\"itemListElement\":[{\"@type\":\"ListItem\",\"position\":1,\"name\":\"Home\",\"item\":\"https:\\\/\\\/www.strassenweb.de\\\/nachrichten\\\/\"},{\"@type\":\"ListItem\",\"position\":2,\"name\":\"Martha Stewart \u00e4ndert diese K\u00fcche jede Woche wesentlich &#8211; und ich habe gerade festgestellt, dass ich es auch tun sollte\"}]},{\"@type\":\"WebSite\",\"@id\":\"https:\\\/\\\/www.strassenweb.de\\\/nachrichten\\\/#website\",\"url\":\"https:\\\/\\\/www.strassenweb.de\\\/nachrichten\\\/\",\"name\":\"Stra\u00dfenweb\",\"description\":\"Stra\u00dfenverzeichnis f\u00fcr Deutschland\",\"publisher\":{\"@id\":\"https:\\\/\\\/www.strassenweb.de\\\/nachrichten\\\/#organization\"},\"potentialAction\":[{\"@type\":\"SearchAction\",\"target\":{\"@type\":\"EntryPoint\",\"urlTemplate\":\"https:\\\/\\\/www.strassenweb.de\\\/nachrichten\\\/?s={search_term_string}\"},\"query-input\":{\"@type\":\"PropertyValueSpecification\",\"valueRequired\":true,\"valueName\":\"search_term_string\"}}],\"inLanguage\":\"de\"},{\"@type\":\"Organization\",\"@id\":\"https:\\\/\\\/www.strassenweb.de\\\/nachrichten\\\/#organization\",\"name\":\"Stra\u00dfenweb\",\"url\":\"https:\\\/\\\/www.strassenweb.de\\\/nachrichten\\\/\",\"logo\":{\"@type\":\"ImageObject\",\"inLanguage\":\"de\",\"@id\":\"https:\\\/\\\/www.strassenweb.de\\\/nachrichten\\\/#\\\/schema\\\/logo\\\/image\\\/\",\"url\":\"https:\\\/\\\/www.strassenweb.de\\\/nachrichten\\\/wp-content\\\/uploads\\\/2024\\\/09\\\/cropped-favicon.png\",\"contentUrl\":\"https:\\\/\\\/www.strassenweb.de\\\/nachrichten\\\/wp-content\\\/uploads\\\/2024\\\/09\\\/cropped-favicon.png\",\"width\":512,\"height\":512,\"caption\":\"Stra\u00dfenweb\"},\"image\":{\"@id\":\"https:\\\/\\\/www.strassenweb.de\\\/nachrichten\\\/#\\\/schema\\\/logo\\\/image\\\/\"},\"sameAs\":[\"https:\\\/\\\/www.facebook.com\\\/strassenweb\\\/\"]},{\"@type\":\"Person\",\"@id\":\"https:\\\/\\\/www.strassenweb.de\\\/nachrichten\\\/#\\\/schema\\\/person\\\/87c9c9067f1211da429a744dc5a5aa41\",\"name\":\"Robert Hoffmann\",\"image\":{\"@type\":\"ImageObject\",\"inLanguage\":\"de\",\"@id\":\"https:\\\/\\\/www.strassenweb.de\\\/nachrichten\\\/wp-content\\\/uploads\\\/2024\\\/09\\\/strassenweb-150x150.jpg\",\"url\":\"https:\\\/\\\/www.strassenweb.de\\\/nachrichten\\\/wp-content\\\/uploads\\\/2024\\\/09\\\/strassenweb-150x150.jpg\",\"contentUrl\":\"https:\\\/\\\/www.strassenweb.de\\\/nachrichten\\\/wp-content\\\/uploads\\\/2024\\\/09\\\/strassenweb-150x150.jpg\",\"caption\":\"Robert Hoffmann\"},\"description\":\"Ich hei\u00dfe Robert Hoffmann und ich bin ein leidenschaftlicher Verfechter von \u00d6kologie und Biodiversit\u00e4t. Seit meiner Kindheit in den W\u00e4ldern Bayerns f\u00fchle ich mich mit der Natur verbunden und bin entschlossen, sie zu sch\u00fctzen. Heute widme ich mein Leben der Sensibilisierung anderer f\u00fcr die Bedeutung des Umweltschutzes f\u00fcr zuk\u00fcnftige Generationen.\",\"sameAs\":[\"https:\\\/\\\/www.strassenweb.de\\\/\"]}]}<\/script>\n<!-- \/ Yoast SEO plugin. -->","yoast_head_json":{"title":"Martha Stewart \u00e4ndert diese K\u00fcche jede Woche wesentlich - und ich habe gerade festgestellt, dass ich es auch tun sollte - Nachrichten - Stra\u00dfenweb","robots":{"index":"index","follow":"follow","max-snippet":"max-snippet:-1","max-image-preview":"max-image-preview:large","max-video-preview":"max-video-preview:-1"},"canonical":"https:\/\/www.strassenweb.de\/nachrichten\/martha-stewart-aendert-diese-kueche-jede-woche-wesentlich-und-ich-habe-gerade-festgestellt-dass-ich-es-auch-tun-sollte\/","og_locale":"de_DE","og_type":"article","og_title":"Martha Stewart \u00e4ndert diese K\u00fcche jede Woche wesentlich - und ich habe gerade festgestellt, dass ich es auch tun sollte - Nachrichten - Stra\u00dfenweb","og_description":"Der beste Rat hat kein Ablaufdatum, wie Martha Stewart uns immer wieder erinnert. Unsere j\u00fcngste Entdeckung kommt in Form einer S\u00e4ule, die Martha 2009 in","og_url":"https:\/\/www.strassenweb.de\/nachrichten\/martha-stewart-aendert-diese-kueche-jede-woche-wesentlich-und-ich-habe-gerade-festgestellt-dass-ich-es-auch-tun-sollte\/","og_site_name":"Stra\u00dfenweb","article_publisher":"https:\/\/www.facebook.com\/strassenweb\/","article_published_time":"2025-07-15T03:39:23+00:00","article_modified_time":"2025-07-15T03:39:25+00:00","og_image":[{"width":1600,"height":900,"url":"https:\/\/www.strassenweb.de\/nachrichten\/wp-content\/uploads\/2025\/06\/6cgwpaajdQQ9JAAmkFVZnn.png","type":"image\/png"}],"author":"Robert Hoffmann","twitter_card":"summary_large_image","twitter_misc":{"Verfasst von":"Robert Hoffmann","Gesch\u00e4tzte Lesezeit":"3\u00a0Minuten"},"schema":{"@context":"https:\/\/schema.org","@graph":[{"@type":"Article","@id":"https:\/\/www.strassenweb.de\/nachrichten\/martha-stewart-aendert-diese-kueche-jede-woche-wesentlich-und-ich-habe-gerade-festgestellt-dass-ich-es-auch-tun-sollte\/#article","isPartOf":{"@id":"https:\/\/www.strassenweb.de\/nachrichten\/martha-stewart-aendert-diese-kueche-jede-woche-wesentlich-und-ich-habe-gerade-festgestellt-dass-ich-es-auch-tun-sollte\/"},"author":{"name":"Robert Hoffmann","@id":"https:\/\/www.strassenweb.de\/nachrichten\/#\/schema\/person\/87c9c9067f1211da429a744dc5a5aa41"},"headline":"Martha Stewart \u00e4ndert diese K\u00fcche jede Woche wesentlich &#8211; und ich habe gerade festgestellt, dass ich es auch tun sollte","datePublished":"2025-07-15T03:39:23+00:00","dateModified":"2025-07-15T03:39:25+00:00","mainEntityOfPage":{"@id":"https:\/\/www.strassenweb.de\/nachrichten\/martha-stewart-aendert-diese-kueche-jede-woche-wesentlich-und-ich-habe-gerade-festgestellt-dass-ich-es-auch-tun-sollte\/"},"wordCount":562,"publisher":{"@id":"https:\/\/www.strassenweb.de\/nachrichten\/#organization"},"image":{"@id":"https:\/\/www.strassenweb.de\/nachrichten\/martha-stewart-aendert-diese-kueche-jede-woche-wesentlich-und-ich-habe-gerade-festgestellt-dass-ich-es-auch-tun-sollte\/#primaryimage"},"thumbnailUrl":"https:\/\/www.strassenweb.de\/nachrichten\/wp-content\/uploads\/2025\/06\/6cgwpaajdQQ9JAAmkFVZnn.png","keywords":["\u00e4ndert","Auch","dass","diese","festgestellt","gerade","habe","ich","jede","K\u00fcche","Martha","Sollte","Stewart","tun","und","wesentlich","Woche"],"articleSection":["Haus &amp; Garten"],"inLanguage":"de"},{"@type":"WebPage","@id":"https:\/\/www.strassenweb.de\/nachrichten\/martha-stewart-aendert-diese-kueche-jede-woche-wesentlich-und-ich-habe-gerade-festgestellt-dass-ich-es-auch-tun-sollte\/","url":"https:\/\/www.strassenweb.de\/nachrichten\/martha-stewart-aendert-diese-kueche-jede-woche-wesentlich-und-ich-habe-gerade-festgestellt-dass-ich-es-auch-tun-sollte\/","name":"Martha Stewart \u00e4ndert diese K\u00fcche jede Woche wesentlich - und ich habe gerade festgestellt, dass ich es auch tun sollte - Nachrichten - Stra\u00dfenweb","isPartOf":{"@id":"https:\/\/www.strassenweb.de\/nachrichten\/#website"},"primaryImageOfPage":{"@id":"https:\/\/www.strassenweb.de\/nachrichten\/martha-stewart-aendert-diese-kueche-jede-woche-wesentlich-und-ich-habe-gerade-festgestellt-dass-ich-es-auch-tun-sollte\/#primaryimage"},"image":{"@id":"https:\/\/www.strassenweb.de\/nachrichten\/martha-stewart-aendert-diese-kueche-jede-woche-wesentlich-und-ich-habe-gerade-festgestellt-dass-ich-es-auch-tun-sollte\/#primaryimage"},"thumbnailUrl":"https:\/\/www.strassenweb.de\/nachrichten\/wp-content\/uploads\/2025\/06\/6cgwpaajdQQ9JAAmkFVZnn.png","datePublished":"2025-07-15T03:39:23+00:00","dateModified":"2025-07-15T03:39:25+00:00","breadcrumb":{"@id":"https:\/\/www.strassenweb.de\/nachrichten\/martha-stewart-aendert-diese-kueche-jede-woche-wesentlich-und-ich-habe-gerade-festgestellt-dass-ich-es-auch-tun-sollte\/#breadcrumb"},"inLanguage":"de","potentialAction":[{"@type":"ReadAction","target":["https:\/\/www.strassenweb.de\/nachrichten\/martha-stewart-aendert-diese-kueche-jede-woche-wesentlich-und-ich-habe-gerade-festgestellt-dass-ich-es-auch-tun-sollte\/"]}]},{"@type":"ImageObject","inLanguage":"de","@id":"https:\/\/www.strassenweb.de\/nachrichten\/martha-stewart-aendert-diese-kueche-jede-woche-wesentlich-und-ich-habe-gerade-festgestellt-dass-ich-es-auch-tun-sollte\/#primaryimage","url":"https:\/\/www.strassenweb.de\/nachrichten\/wp-content\/uploads\/2025\/06\/6cgwpaajdQQ9JAAmkFVZnn.png","contentUrl":"https:\/\/www.strassenweb.de\/nachrichten\/wp-content\/uploads\/2025\/06\/6cgwpaajdQQ9JAAmkFVZnn.png","width":1600,"height":900,"caption":"Martha Stewart"},{"@type":"BreadcrumbList","@id":"https:\/\/www.strassenweb.de\/nachrichten\/martha-stewart-aendert-diese-kueche-jede-woche-wesentlich-und-ich-habe-gerade-festgestellt-dass-ich-es-auch-tun-sollte\/#breadcrumb","itemListElement":[{"@type":"ListItem","position":1,"name":"Home","item":"https:\/\/www.strassenweb.de\/nachrichten\/"},{"@type":"ListItem","position":2,"name":"Martha Stewart \u00e4ndert diese K\u00fcche jede Woche wesentlich &#8211; und ich habe gerade festgestellt, dass ich es auch tun sollte"}]},{"@type":"WebSite","@id":"https:\/\/www.strassenweb.de\/nachrichten\/#website","url":"https:\/\/www.strassenweb.de\/nachrichten\/","name":"Stra\u00dfenweb","description":"Stra\u00dfenverzeichnis f\u00fcr Deutschland","publisher":{"@id":"https:\/\/www.strassenweb.de\/nachrichten\/#organization"},"potentialAction":[{"@type":"SearchAction","target":{"@type":"EntryPoint","urlTemplate":"https:\/\/www.strassenweb.de\/nachrichten\/?s={search_term_string}"},"query-input":{"@type":"PropertyValueSpecification","valueRequired":true,"valueName":"search_term_string"}}],"inLanguage":"de"},{"@type":"Organization","@id":"https:\/\/www.strassenweb.de\/nachrichten\/#organization","name":"Stra\u00dfenweb","url":"https:\/\/www.strassenweb.de\/nachrichten\/","logo":{"@type":"ImageObject","inLanguage":"de","@id":"https:\/\/www.strassenweb.de\/nachrichten\/#\/schema\/logo\/image\/","url":"https:\/\/www.strassenweb.de\/nachrichten\/wp-content\/uploads\/2024\/09\/cropped-favicon.png","contentUrl":"https:\/\/www.strassenweb.de\/nachrichten\/wp-content\/uploads\/2024\/09\/cropped-favicon.png","width":512,"height":512,"caption":"Stra\u00dfenweb"},"image":{"@id":"https:\/\/www.strassenweb.de\/nachrichten\/#\/schema\/logo\/image\/"},"sameAs":["https:\/\/www.facebook.com\/strassenweb\/"]},{"@type":"Person","@id":"https:\/\/www.strassenweb.de\/nachrichten\/#\/schema\/person\/87c9c9067f1211da429a744dc5a5aa41","name":"Robert Hoffmann","image":{"@type":"ImageObject","inLanguage":"de","@id":"https:\/\/www.strassenweb.de\/nachrichten\/wp-content\/uploads\/2024\/09\/strassenweb-150x150.jpg","url":"https:\/\/www.strassenweb.de\/nachrichten\/wp-content\/uploads\/2024\/09\/strassenweb-150x150.jpg","contentUrl":"https:\/\/www.strassenweb.de\/nachrichten\/wp-content\/uploads\/2024\/09\/strassenweb-150x150.jpg","caption":"Robert Hoffmann"},"description":"Ich hei\u00dfe Robert Hoffmann und ich bin ein leidenschaftlicher Verfechter von \u00d6kologie und Biodiversit\u00e4t. Seit meiner Kindheit in den W\u00e4ldern Bayerns f\u00fchle ich mich mit der Natur verbunden und bin entschlossen, sie zu sch\u00fctzen. Heute widme ich mein Leben der Sensibilisierung anderer f\u00fcr die Bedeutung des Umweltschutzes f\u00fcr zuk\u00fcnftige Generationen.","sameAs":["https:\/\/www.strassenweb.de\/"]}]}},"_links":{"self":[{"href":"https:\/\/www.strassenweb.de\/nachrichten\/wp-json\/wp\/v2\/posts\/6254","targetHints":{"allow":["GET"]}}],"collection":[{"href":"https:\/\/www.strassenweb.de\/nachrichten\/wp-json\/wp\/v2\/posts"}],"about":[{"href":"https:\/\/www.strassenweb.de\/nachrichten\/wp-json\/wp\/v2\/types\/post"}],"author":[{"embeddable":true,"href":"https:\/\/www.strassenweb.de\/nachrichten\/wp-json\/wp\/v2\/users\/1"}],"replies":[{"embeddable":true,"href":"https:\/\/www.strassenweb.de\/nachrichten\/wp-json\/wp\/v2\/comments?post=6254"}],"version-history":[{"count":0,"href":"https:\/\/www.strassenweb.de\/nachrichten\/wp-json\/wp\/v2\/posts\/6254\/revisions"}],"wp:featuredmedia":[{"embeddable":true,"href":"https:\/\/www.strassenweb.de\/nachrichten\/wp-json\/wp\/v2\/media\/6255"}],"wp:attachment":[{"href":"https:\/\/www.strassenweb.de\/nachrichten\/wp-json\/wp\/v2\/media?parent=6254"}],"wp:term":[{"taxonomy":"category","embeddable":true,"href":"https:\/\/www.strassenweb.de\/nachrichten\/wp-json\/wp\/v2\/categories?post=6254"},{"taxonomy":"post_tag","embeddable":true,"href":"https:\/\/www.strassenweb.de\/nachrichten\/wp-json\/wp\/v2\/tags?post=6254"}],"curies":[{"name":"wp","href":"https:\/\/api.w.org\/{rel}","templated":true}]}}