{"id":6251,"date":"2025-07-15T01:39:45","date_gmt":"2025-07-14T23:39:45","guid":{"rendered":"https:\/\/www.strassenweb.de\/nachrichten\/der-kunde-liebte-die-seele-des-hauses-und-war-so-klar-ueber-das-leben-das-sie-sich-vorgestellt-hatte\/"},"modified":"2025-07-15T01:39:46","modified_gmt":"2025-07-14T23:39:46","slug":"der-kunde-liebte-die-seele-des-hauses-und-war-so-klar-ueber-das-leben-das-sie-sich-vorgestellt-hatte","status":"publish","type":"post","link":"https:\/\/www.strassenweb.de\/nachrichten\/der-kunde-liebte-die-seele-des-hauses-und-war-so-klar-ueber-das-leben-das-sie-sich-vorgestellt-hatte\/","title":{"rendered":"&#8222;Der Kunde liebte die Seele des Hauses und war so klar \u00fcber das Leben, das sie sich vorgestellt hatte.&#8220;"},"content":{"rendered":"<div id=\"article-body\" class=\"article__body \">\n<p>Dieses Haus in West Vancouver \u00fcbersieht die Gew\u00e4sser des Burrard Inlet und ist Teil einer Gemeinde von Cliffside Homes, die erstmals Mitte des 20. Jahrhunderts entwickelt wurden. Die j\u00fcngste Renovierung brachte zwei fr\u00fchere unzusammenh\u00e4ngende Erg\u00e4nzungen zusammen, konfigurierte den Raum und \u00fcberarbeitete den legend\u00e4ren modernen Hausstil aus der Mitte des Jahrhunderts mit t\u00e4glichem Komfort und entspannten Unterhaltung.<\/p>\n<div id=\"ad-unit-1\" class=\"ad-unit\"><\/div>\n<p>Die Innenarchitekten des in Vancouver ans\u00e4ssigen Farken Reynolds \u00fcbernahmen das Projekt, \u00fcberwachten die Transformation und stellen sicher, dass ihr neuer Look den Urspr\u00fcngen der 1970er Jahre treu bleiben w\u00fcrde. &#8222;Um den Raum mit Glamour und ungezwungener Raffinesse zu versetzen, haben wir die skulpturalen und ausdrucksstarken M\u00f6bel mit einer Stimmung aus den 1970er Jahren und einer Erweiterung der Kunstsammlungen des Kunden kuratiert&#8220;, sagten die Designer.<\/p>\n<p>Machen Sie die Tour, um zu sehen, wie sie ihr Ziel erreicht haben, und machte diese Mitte des Jahrhunderts sowohl modern als auch bedeutungsvoll.<\/p>\n<div class=\"van_vid_carousel\">\n<div class=\"van_vid_carousel__padding\">\n<div class=\"van_vid_carousel__container\"><\/div>\n<\/div>\n<\/div>\n<aside data-component-name=\"Recirculation:ArticleRiver\" data-nosnippet class=\"pt-3 pb-4 mb-4 border-b border-solid border-(#333)\">\n<span class=\"\nafter:content-('') after:flex-1 after:ml-4 after:my-(0.7rem) after:border-t-(#333) after:border-t after:border-solid\nbefore:content-('') before:flex-1 before:mr-4 before:my-(0.7rem) before:border-t-(#333) before:border-t before:border-solid\nfont-article-heading pb-3 !text-base font-bold uppercase sm:text-sm text-(#333) flex\"><\/p>\n<p>Sie m\u00f6gen m\u00f6gen<br \/>\n<\/span><\/p>\n<ul class=\"flex flex-col gap-3 m-0\">\n<li class=\"m-0 list-none\" name=\"recirculation-inline\" data-analytics-id=\"recirculation-inline-1\" analytics-label=\"adviser:related\">\n<picture data-new-v2-image=\"true\" class=\"w-(--article-river-thumbnail-width,60px) flex-shrink-0\"><source type=\"image\/webp\"  ><\/source><\/p>\n<\/picture>\n<span class=\"hover:text-inherit font-article-heading text-base text-(#333) leading-5 content-center\">Ich habe so viele klischeehafte K\u00fcstenh\u00e4user gesehen &#8211; aber dieses beruhigende Strandhaus in Kalifornien ist eine erh\u00f6hte Interpretation des Stils, der so luxuri\u00f6s ist wie es zur\u00fcckgelegt ist<\/span><\/p>\n<\/li>\n<li class=\"m-0 list-none\" name=\"recirculation-inline\" data-analytics-id=\"recirculation-inline-2\" analytics-label=\"adviser:related\">\n<picture data-new-v2-image=\"true\" class=\"w-(--article-river-thumbnail-width,60px) flex-shrink-0\"><source type=\"image\/webp\"  ><\/source><br \/>\n<img decoding=\"async\" alt=\"  Wohnzimmer eingebaute B\u00fccherregale\"   loading=\"lazy\" data-new-v2-image=\"true\" src=\"https:\/\/www.strassenweb.de\/nachrichten\/wp-content\/uploads\/2025\/05\/6sZSi5jG7SWLTRfnSDfRZm.jpg\" data-pin-media=\"https:\/\/www.strassenweb.de\/nachrichten\/wp-content\/uploads\/2025\/05\/6sZSi5jG7SWLTRfnSDfRZm.jpg\" data-pin-nopin=\"true\" class=\"aspect-(--img-listing-aspect-ratio,16\/9) object-cover w-(--article-river-thumbnail-width,60px) flex-shrink-0\">\n<\/picture>\n<span class=\"hover:text-inherit font-article-heading text-base text-(#333) leading-5 content-center\">Dieses 100-j\u00e4hrige Haus im Tudor-\u00dcberarbeitungsstil in Minneapolis wurde nachdenklich, um sowohl seine Geschichte als auch die Forderungen des modernen Familienlebens nachdenklich zu ehren<\/span><\/p>\n<\/li>\n<\/ul>\n<\/aside>\n<figure class=\"van-image-figure inline-layout \" data-bordeaux-image-check>\n<div class=\"image-full-width-wrapper\">\n<div class=\"image-widthsetter\" style=\"max-width:2400px;\"><\/div>\n<\/div>\n<\/figure>\n<p>Als das Haus 1975 erbaut wurde, bestand es aus mehreren kleinen getrennten R\u00e4umen, und obwohl nachfolgender Erg\u00e4nzungen gegeben wurden, war der resultierende Raum unangenehm und fehlte den Fluss. Das Designteam er\u00f6ffnete das Haupt Wohnzimmer und schafft einen offenen Plan, damit die Aussicht auf den Ozean aus allen wichtigen Teilen des Hauses gesch\u00e4tzt werden kann.<\/p>\n<div id=\"ad-unit-2\" class=\"ad-unit\"><\/div>\n<p>&#8222;Die Klientin liebte die Seele des Hauses und war so klar \u00fcber das Leben, das sie sich vorgestellt hatte&#8220;, sagt Kelly Reynolds, Co-Principal von Falken Reynolds. \u201eW\u00e4hrend wir die Raumplanung und die funktionalen Details wirklich beabsichtigt haben, verblassen sie aufgrund der vielseitigen Schicht von Materialien und Formen in den Hintergrund. Das Haus f\u00fchlt sich nicht brandneu an, es hat einen Sinn f\u00fcr Geschichte. Onyx, bronziertes Glas, Vintage-Beleuchtung, die weichen Kurven der M\u00f6bel-insbesondere dieses m\u00e4ffarbene taktile Sofa von Baxter-alle beziehen sich auf die sorglose und gewagte Haltung der 1970er Jahre. &#8218;<\/p>\n<figure class=\"van-image-figure inline-layout \" data-bordeaux-image-check>\n<div class=\"image-full-width-wrapper\">\n<div class=\"image-widthsetter\" style=\"max-width:2000px;\"><\/div>\n<\/div>\n<\/figure>\n<p>In diesem ehrgeizigen Projekt gab es auch Herausforderungen. Um die Renovierung so nachhaltig wie m\u00f6glich zu halten, arbeitete das Designteam eher an ein Prinzip des Updates als an das Ersetzen. Dies wurde auf die Probe gestellt, wenn es um einen alten Kamin ging, der den Blick auf den Ozean blockierte.<\/p>\n<aside data-block-type=\"embed\" data-render-type=\"fte\" data-skip=\"dealsy\" data-widget-type=\"seasonal\" class=\"hawk-base\"><\/aside>\n<p>&#8222;Wir alle haben beschlossen, die Investition zu beseitigen, aber wir wollten wirklich die einzigartige Onyx-Verkleidung von Honig und Bernstein wiederverwenden, weil es auf die Geschichte des Hauses von 1975 hinwies&#8220;, sagt Kelly. &#8222;Zum Gl\u00fcck konnten wir mit Hilfe von Master Stone Mason Robb Webb die Verkleidung entfernen und dann in das neue gebogene Kamindesign neu installieren, das jetzt einen subtilen Schwerpunkt f\u00fcr den gesamten gro\u00dfen Raum schafft &#8211; es ist eines unserer Lieblingsmerkmale des Hauses!&#8220;<\/p>\n<p>In einer zeitgen\u00f6ssischen Wendung verf\u00fcgt der geborgene Steinkamin jetzt \u00fcber einen festen Marmor -Herd. In der N\u00e4he von Vancouver Island, die Marmorplatten, kr\u00fcmmt sich die Marmorplatten in einen gem\u00fctlichen Fenstersitz, der die Aussicht aufnimmt.<\/p>\n<figure class=\"van-image-figure inline-layout \" data-bordeaux-image-check>\n<div class=\"image-full-width-wrapper\">\n<div class=\"image-widthsetter\" style=\"max-width:2400px;\"><\/div>\n<\/div>\n<\/figure>\n<p>Im Familienzimmer bietet eine Glaswand einen atemberaubenden Blick \u00fcber die Salish Sea in Richtung Passage Island. Das \u00fcberarbeitete Layout des Hauptgeschosses des Hauses hat eine lebende Galerie f\u00fcr die Kunstsammlung des Kunden erstellt. &#8222;Wir wollten warme und sinnliche Farben als grundlegende Palette, damit die Kunstwerke gl\u00e4nzen und die M\u00f6bel eine Erweiterung der Kunst sein k\u00f6nnten-sowohl in ihren vielseitigen Formen als auch in ihren k\u00fchnen Farben&#8220;, sagt Chad Falkenberg, Co-Principal von Falken Reynolds.<\/p>\n<p>Die auff\u00e4llige Blue Mon-Cloud-Sektion von Cassina passt neben dem mitte des Jahrhundertprofils sowie in der skulpturalen WO Tum BO 2-St\u00f6belampe von Ingo Maurer und einem Rauchglas-Echino-Couchtisch aus Zanotta.<\/p>\n<figure class=\"van-image-figure inline-layout \" data-bordeaux-image-check>\n<div class=\"image-full-width-wrapper\">\n<div class=\"image-widthsetter\" style=\"max-width:2000px;\"><\/div>\n<\/div>\n<\/figure>\n<p>Mit Ansichten wie diesem aus dem Familienzimmer ist es leicht zu verstehen, warum die \u00dcberarbeitung der Immobilie durch die Designer die Au\u00dfenumgebung genauso ernst genommen hat wie das Innenraum.<\/p>\n<p>&#8218;Die Einstellung erinnert an Santa Barbara &#8211; mit Blick auf das Wasser von oben. Das Gef\u00fchl von Southern California Care-Free Living stand in der Atmosph\u00e4re des Hauses zentral \u201c, sagt Chad.<\/p>\n<p>Und f\u00fcr einen Schwenkstuhl, um jeden gro\u00dfen Blick auf diese weite Aussicht zu genie\u00dfen? Der U-Turn-Stuhl von Bensen ist eine ausgezeichnete Wahl. Seine minimalistischen Linien erm\u00f6glichen es diesen Meeresaussichten leise im Mittelpunkt.<\/p>\n<figure class=\"van-image-figure inline-layout \" data-bordeaux-image-check>\n<div class=\"image-full-width-wrapper\">\n<div class=\"image-widthsetter\" style=\"max-width:2000px;\"><\/div>\n<\/div>\n<\/figure>\n<p>Der alte, abgeschlossene Fu\u00dfabdruck des Hauses hatte das Esszimmer in einem separaten Raum. Mit dem neuen offenen Grundriss steht es jedoch im Mittelpunkt der Aktion, einer Wohnk\u00fcche mit Stil. Der zeitgen\u00f6ssische NVL-Esstisch stammt aus MDF Italia und die Dudet-St\u00fchle aus Cassina passen gut zur \u00c4sthetik der Mitte des Jahrhunderts unter einem antiken Murano-Glas-Kronleuchter.<\/p>\n<p>&#8222;Das Haus ist in seinen Details verfeinert, doch die Schichtung von Farbe und Textur macht es zug\u00e4nglich und einladend&#8220;, sagt Kelly. \u201eEs ist warm und geschichtet, aber das Glas erh\u00f6ht das Gesamtgef\u00fchl im Haus. Vintage -Glas- und Kristallbeleuchtung lassen die R\u00e4ume sehr geschichtet und verleihen einen Hauch von Glamour und Verspieltheit. &#8218;<\/p>\n<figure class=\"van-image-figure inline-layout \" data-bordeaux-image-check>\n<div class=\"image-full-width-wrapper\">\n<div class=\"image-widthsetter\" style=\"max-width:2400px;\"><\/div>\n<\/div>\n<\/figure>\n<p>Die neue K\u00fcche \u00fcberspannt das urspr\u00fcngliche Haus sowie eine Erg\u00e4nzung der 90er Jahre mit einer Gew\u00f6lbedecke. Durch das Entfernen einer Wand und das \u00d6ffnen der K\u00fcche verbindet das neue Layout die K\u00fcche, das Leben und die Essbereiche nachdenklich.<\/p>\n<p>&#8222;Die W\u00e4rme und Pers\u00f6nlichkeit jeder R\u00e4ume machen sie einzigartig, und zusammen schaffen sie ein zusammenh\u00e4ngendes Ganzes&#8220;, sagt Chad. &#8222;Wir haben eine leichtere Strategie zur K\u00fcchendesign verwendet, um die Schr\u00e4nke von der Decke abzuhalten, und die geflieste Basis und die Backsplash verleihen eine unglaubliche Menge an Textur, die an zur\u00fcckgewonnene Ziegel aus einer anderen Zeit erinnert.&#8220;<\/p>\n<p>Das leichte nat\u00fcrliche Hartholz erstreckt sich im ganzen Haus, in M\u00fchlenarbeit in der K\u00fcche und in den Badezimmern. &#8222;Es f\u00fcgt so viel W\u00e4rme hinzu und begr\u00fc\u00dft das Haus im Kontext an der Westk\u00fcste&#8220;, f\u00fcgt Chad hinzu.<\/p>\n<figure class=\"van-image-figure inline-layout \" data-bordeaux-image-check>\n<div class=\"image-full-width-wrapper\">\n<div class=\"image-widthsetter\" style=\"max-width:2000px;\"><\/div>\n<\/div>\n<\/figure>\n<p>F\u00fcnf unabh\u00e4ngige K\u00fcchenkomponenten, auf die M\u00f6belst\u00fccke verweisen, sind mit einer Basis von gestapelten spanischen Porzellanfliesen verbunden, die die Wand als Backsplash hinauft und sich als Sockel auf der Wasserseite umrundet.<\/p>\n<p>&#8222;Corian Solid Oberfl\u00e4che auf der K\u00fccheninselm\u00fchle erm\u00f6glichte es uns, die T\u00fcrfronten zu einer weicheren Kante zu kr\u00fcmmen, die das Licht wunderbar diffundiert&#8220;, erkl\u00e4rt Kelly. &#8222;W\u00e4hrend Kristallwandleuchter der 1970er Jahre die Menge der umgebundenen Beleuchtung verringern und die Decken sauber und \u00fcbersichtlich halten, etwas, das es wert ist, die K\u00fcchenbeleuchtung zu ber\u00fccksichtigen.&#8220;<\/p>\n<figure class=\"van-image-figure inline-layout \" data-bordeaux-image-check>\n<div class=\"image-full-width-wrapper\">\n<div class=\"image-widthsetter\" style=\"max-width:2000px;\"><\/div>\n<\/div>\n<\/figure>\n<p>Es gibt auch eine bemerkenswerte Beleuchtung im Badezimmer, wobei die Wandleuchten in der N\u00e4he der Wanne und die wundersch\u00f6nen, in Retro inspirierten Sepia Bocci 14-Anh\u00e4nger verwendet werden, die die Notwendigkeit einer eingebauten Beleuchtung und des Nickens auf den Stil der 70er Jahre verringern.<\/p>\n<p>Der gr\u00fcne Quarzit -Backsplash um das Becken wird um die gegen\u00fcberliegende Badewanne fortgesetzt, w\u00e4hrend gebogene japanische, geflieste W\u00e4nde (im Spiegel sichtbar) das Bad und die Dusche rahmen.<\/p>\n<h2 id=\"shop-the-look-3\">Kaufen Sie den Look ein<\/h2>\n<div class=\"product-container hero-product-container product-block-no-wrap\">\n<div class=\"product-block-row\"><\/div>\n<div class=\"product-block-row\"><\/div>\n<div class=\"product-block-row\"><\/div>\n<div class=\"product-block-row\"><\/div>\n<div class=\"product-block-row\"><\/div>\n<div class=\"product-block-row\"><\/div>\n<\/div>\n<\/div>\n","protected":false},"excerpt":{"rendered":"<p>Dieses Haus in West Vancouver \u00fcbersieht die Gew\u00e4sser des Burrard Inlet und ist Teil einer Gemeinde von Cliffside Homes, die erstmals Mitte des 20. Jahrhunderts<\/p>\n","protected":false},"author":1,"featured_media":6252,"comment_status":"closed","ping_status":"","sticky":false,"template":"","format":"standard","meta":{"footnotes":""},"categories":[118],"tags":[112,81,281,9,1533,736,6123,8635,1071,8636,6908,142,165,260,37,3673,1495],"class_list":["post-6251","post","type-post","status-publish","format-standard","has-post-thumbnail","hentry","category-haus-garten","tag-das","tag-der","tag-des","tag-die","tag-haette","tag-hauses","tag-klar","tag-kunde","tag-leben","tag-liebte","tag-seele","tag-sich","tag-sie","tag-ueber","tag-und","tag-vorgestellt","tag-war","generate-columns","tablet-grid-50","mobile-grid-100","grid-parent","grid-50"],"yoast_head":"<!-- This site is optimized with the Yoast SEO plugin v27.3 - https:\/\/yoast.com\/product\/yoast-seo-wordpress\/ -->\n<title>&quot;Der Kunde liebte die Seele des Hauses und war so klar \u00fcber das Leben, das sie sich vorgestellt hatte.&quot; - Nachrichten - Stra\u00dfenweb<\/title>\n<meta name=\"robots\" content=\"index, follow, max-snippet:-1, max-image-preview:large, max-video-preview:-1\" \/>\n<link rel=\"canonical\" href=\"https:\/\/www.strassenweb.de\/nachrichten\/der-kunde-liebte-die-seele-des-hauses-und-war-so-klar-ueber-das-leben-das-sie-sich-vorgestellt-hatte\/\" \/>\n<meta property=\"og:locale\" content=\"de_DE\" \/>\n<meta property=\"og:type\" content=\"article\" \/>\n<meta property=\"og:title\" content=\"&quot;Der Kunde liebte die Seele des Hauses und war so klar \u00fcber das Leben, das sie sich vorgestellt hatte.&quot; - Nachrichten - Stra\u00dfenweb\" \/>\n<meta property=\"og:description\" content=\"Dieses Haus in West Vancouver \u00fcbersieht die Gew\u00e4sser des Burrard Inlet und ist Teil einer Gemeinde von Cliffside Homes, die erstmals Mitte des 20. Jahrhunderts\" \/>\n<meta property=\"og:url\" content=\"https:\/\/www.strassenweb.de\/nachrichten\/der-kunde-liebte-die-seele-des-hauses-und-war-so-klar-ueber-das-leben-das-sie-sich-vorgestellt-hatte\/\" \/>\n<meta property=\"og:site_name\" content=\"Stra\u00dfenweb\" \/>\n<meta property=\"article:publisher\" content=\"https:\/\/www.facebook.com\/strassenweb\/\" \/>\n<meta property=\"article:published_time\" content=\"2025-07-14T23:39:45+00:00\" \/>\n<meta property=\"article:modified_time\" content=\"2025-07-14T23:39:46+00:00\" \/>\n<meta property=\"og:image\" content=\"https:\/\/www.strassenweb.de\/nachrichten\/wp-content\/uploads\/2025\/07\/Der-Kunde-liebte-die-Seele-des-Hauses-und-war-so.jpg\" \/>\n\t<meta property=\"og:image:width\" content=\"1600\" \/>\n\t<meta property=\"og:image:height\" content=\"900\" \/>\n\t<meta property=\"og:image:type\" content=\"image\/jpeg\" \/>\n<meta name=\"author\" content=\"Robert Hoffmann\" \/>\n<meta name=\"twitter:card\" content=\"summary_large_image\" \/>\n<meta name=\"twitter:label1\" content=\"Verfasst von\" \/>\n\t<meta name=\"twitter:data1\" content=\"Robert Hoffmann\" \/>\n\t<meta name=\"twitter:label2\" content=\"Gesch\u00e4tzte Lesezeit\" \/>\n\t<meta name=\"twitter:data2\" content=\"6\u00a0Minuten\" \/>\n<script type=\"application\/ld+json\" class=\"yoast-schema-graph\">{\"@context\":\"https:\\\/\\\/schema.org\",\"@graph\":[{\"@type\":\"Article\",\"@id\":\"https:\\\/\\\/www.strassenweb.de\\\/nachrichten\\\/der-kunde-liebte-die-seele-des-hauses-und-war-so-klar-ueber-das-leben-das-sie-sich-vorgestellt-hatte\\\/#article\",\"isPartOf\":{\"@id\":\"https:\\\/\\\/www.strassenweb.de\\\/nachrichten\\\/der-kunde-liebte-die-seele-des-hauses-und-war-so-klar-ueber-das-leben-das-sie-sich-vorgestellt-hatte\\\/\"},\"author\":{\"name\":\"Robert Hoffmann\",\"@id\":\"https:\\\/\\\/www.strassenweb.de\\\/nachrichten\\\/#\\\/schema\\\/person\\\/87c9c9067f1211da429a744dc5a5aa41\"},\"headline\":\"&#8222;Der Kunde liebte die Seele des Hauses und war so klar \u00fcber das Leben, das sie sich vorgestellt hatte.&#8220;\",\"datePublished\":\"2025-07-14T23:39:45+00:00\",\"dateModified\":\"2025-07-14T23:39:46+00:00\",\"mainEntityOfPage\":{\"@id\":\"https:\\\/\\\/www.strassenweb.de\\\/nachrichten\\\/der-kunde-liebte-die-seele-des-hauses-und-war-so-klar-ueber-das-leben-das-sie-sich-vorgestellt-hatte\\\/\"},\"wordCount\":1199,\"publisher\":{\"@id\":\"https:\\\/\\\/www.strassenweb.de\\\/nachrichten\\\/#organization\"},\"image\":{\"@id\":\"https:\\\/\\\/www.strassenweb.de\\\/nachrichten\\\/der-kunde-liebte-die-seele-des-hauses-und-war-so-klar-ueber-das-leben-das-sie-sich-vorgestellt-hatte\\\/#primaryimage\"},\"thumbnailUrl\":\"https:\\\/\\\/www.strassenweb.de\\\/nachrichten\\\/wp-content\\\/uploads\\\/2025\\\/07\\\/Der-Kunde-liebte-die-Seele-des-Hauses-und-war-so.jpg\",\"keywords\":[\"das\",\"der\",\"des\",\"die\",\"h\u00e4tte\",\"Hauses\",\"klar\",\"Kunde\",\"leben\",\"liebte\",\"Seele\",\"sich\",\"Sie\",\"\u00fcber\",\"und\",\"vorgestellt\",\"war\"],\"articleSection\":[\"Haus &amp; Garten\"],\"inLanguage\":\"de\"},{\"@type\":\"WebPage\",\"@id\":\"https:\\\/\\\/www.strassenweb.de\\\/nachrichten\\\/der-kunde-liebte-die-seele-des-hauses-und-war-so-klar-ueber-das-leben-das-sie-sich-vorgestellt-hatte\\\/\",\"url\":\"https:\\\/\\\/www.strassenweb.de\\\/nachrichten\\\/der-kunde-liebte-die-seele-des-hauses-und-war-so-klar-ueber-das-leben-das-sie-sich-vorgestellt-hatte\\\/\",\"name\":\"\\\"Der Kunde liebte die Seele des Hauses und war so klar \u00fcber das Leben, das sie sich vorgestellt hatte.\\\" - Nachrichten - Stra\u00dfenweb\",\"isPartOf\":{\"@id\":\"https:\\\/\\\/www.strassenweb.de\\\/nachrichten\\\/#website\"},\"primaryImageOfPage\":{\"@id\":\"https:\\\/\\\/www.strassenweb.de\\\/nachrichten\\\/der-kunde-liebte-die-seele-des-hauses-und-war-so-klar-ueber-das-leben-das-sie-sich-vorgestellt-hatte\\\/#primaryimage\"},\"image\":{\"@id\":\"https:\\\/\\\/www.strassenweb.de\\\/nachrichten\\\/der-kunde-liebte-die-seele-des-hauses-und-war-so-klar-ueber-das-leben-das-sie-sich-vorgestellt-hatte\\\/#primaryimage\"},\"thumbnailUrl\":\"https:\\\/\\\/www.strassenweb.de\\\/nachrichten\\\/wp-content\\\/uploads\\\/2025\\\/07\\\/Der-Kunde-liebte-die-Seele-des-Hauses-und-war-so.jpg\",\"datePublished\":\"2025-07-14T23:39:45+00:00\",\"dateModified\":\"2025-07-14T23:39:46+00:00\",\"breadcrumb\":{\"@id\":\"https:\\\/\\\/www.strassenweb.de\\\/nachrichten\\\/der-kunde-liebte-die-seele-des-hauses-und-war-so-klar-ueber-das-leben-das-sie-sich-vorgestellt-hatte\\\/#breadcrumb\"},\"inLanguage\":\"de\",\"potentialAction\":[{\"@type\":\"ReadAction\",\"target\":[\"https:\\\/\\\/www.strassenweb.de\\\/nachrichten\\\/der-kunde-liebte-die-seele-des-hauses-und-war-so-klar-ueber-das-leben-das-sie-sich-vorgestellt-hatte\\\/\"]}]},{\"@type\":\"ImageObject\",\"inLanguage\":\"de\",\"@id\":\"https:\\\/\\\/www.strassenweb.de\\\/nachrichten\\\/der-kunde-liebte-die-seele-des-hauses-und-war-so-klar-ueber-das-leben-das-sie-sich-vorgestellt-hatte\\\/#primaryimage\",\"url\":\"https:\\\/\\\/www.strassenweb.de\\\/nachrichten\\\/wp-content\\\/uploads\\\/2025\\\/07\\\/Der-Kunde-liebte-die-Seele-des-Hauses-und-war-so.jpg\",\"contentUrl\":\"https:\\\/\\\/www.strassenweb.de\\\/nachrichten\\\/wp-content\\\/uploads\\\/2025\\\/07\\\/Der-Kunde-liebte-die-Seele-des-Hauses-und-war-so.jpg\",\"width\":1600,\"height\":900,\"caption\":\"sunset view from living room blue couch\"},{\"@type\":\"BreadcrumbList\",\"@id\":\"https:\\\/\\\/www.strassenweb.de\\\/nachrichten\\\/der-kunde-liebte-die-seele-des-hauses-und-war-so-klar-ueber-das-leben-das-sie-sich-vorgestellt-hatte\\\/#breadcrumb\",\"itemListElement\":[{\"@type\":\"ListItem\",\"position\":1,\"name\":\"Home\",\"item\":\"https:\\\/\\\/www.strassenweb.de\\\/nachrichten\\\/\"},{\"@type\":\"ListItem\",\"position\":2,\"name\":\"&#8222;Der Kunde liebte die Seele des Hauses und war so klar \u00fcber das Leben, das sie sich vorgestellt hatte.&#8220;\"}]},{\"@type\":\"WebSite\",\"@id\":\"https:\\\/\\\/www.strassenweb.de\\\/nachrichten\\\/#website\",\"url\":\"https:\\\/\\\/www.strassenweb.de\\\/nachrichten\\\/\",\"name\":\"Stra\u00dfenweb\",\"description\":\"Stra\u00dfenverzeichnis f\u00fcr Deutschland\",\"publisher\":{\"@id\":\"https:\\\/\\\/www.strassenweb.de\\\/nachrichten\\\/#organization\"},\"potentialAction\":[{\"@type\":\"SearchAction\",\"target\":{\"@type\":\"EntryPoint\",\"urlTemplate\":\"https:\\\/\\\/www.strassenweb.de\\\/nachrichten\\\/?s={search_term_string}\"},\"query-input\":{\"@type\":\"PropertyValueSpecification\",\"valueRequired\":true,\"valueName\":\"search_term_string\"}}],\"inLanguage\":\"de\"},{\"@type\":\"Organization\",\"@id\":\"https:\\\/\\\/www.strassenweb.de\\\/nachrichten\\\/#organization\",\"name\":\"Stra\u00dfenweb\",\"url\":\"https:\\\/\\\/www.strassenweb.de\\\/nachrichten\\\/\",\"logo\":{\"@type\":\"ImageObject\",\"inLanguage\":\"de\",\"@id\":\"https:\\\/\\\/www.strassenweb.de\\\/nachrichten\\\/#\\\/schema\\\/logo\\\/image\\\/\",\"url\":\"https:\\\/\\\/www.strassenweb.de\\\/nachrichten\\\/wp-content\\\/uploads\\\/2024\\\/09\\\/cropped-favicon.png\",\"contentUrl\":\"https:\\\/\\\/www.strassenweb.de\\\/nachrichten\\\/wp-content\\\/uploads\\\/2024\\\/09\\\/cropped-favicon.png\",\"width\":512,\"height\":512,\"caption\":\"Stra\u00dfenweb\"},\"image\":{\"@id\":\"https:\\\/\\\/www.strassenweb.de\\\/nachrichten\\\/#\\\/schema\\\/logo\\\/image\\\/\"},\"sameAs\":[\"https:\\\/\\\/www.facebook.com\\\/strassenweb\\\/\"]},{\"@type\":\"Person\",\"@id\":\"https:\\\/\\\/www.strassenweb.de\\\/nachrichten\\\/#\\\/schema\\\/person\\\/87c9c9067f1211da429a744dc5a5aa41\",\"name\":\"Robert Hoffmann\",\"image\":{\"@type\":\"ImageObject\",\"inLanguage\":\"de\",\"@id\":\"https:\\\/\\\/www.strassenweb.de\\\/nachrichten\\\/wp-content\\\/uploads\\\/2024\\\/09\\\/strassenweb-150x150.jpg\",\"url\":\"https:\\\/\\\/www.strassenweb.de\\\/nachrichten\\\/wp-content\\\/uploads\\\/2024\\\/09\\\/strassenweb-150x150.jpg\",\"contentUrl\":\"https:\\\/\\\/www.strassenweb.de\\\/nachrichten\\\/wp-content\\\/uploads\\\/2024\\\/09\\\/strassenweb-150x150.jpg\",\"caption\":\"Robert Hoffmann\"},\"description\":\"Ich hei\u00dfe Robert Hoffmann und ich bin ein leidenschaftlicher Verfechter von \u00d6kologie und Biodiversit\u00e4t. Seit meiner Kindheit in den W\u00e4ldern Bayerns f\u00fchle ich mich mit der Natur verbunden und bin entschlossen, sie zu sch\u00fctzen. Heute widme ich mein Leben der Sensibilisierung anderer f\u00fcr die Bedeutung des Umweltschutzes f\u00fcr zuk\u00fcnftige Generationen.\",\"sameAs\":[\"https:\\\/\\\/www.strassenweb.de\\\/\"]}]}<\/script>\n<!-- \/ Yoast SEO plugin. -->","yoast_head_json":{"title":"\"Der Kunde liebte die Seele des Hauses und war so klar \u00fcber das Leben, das sie sich vorgestellt hatte.\" - Nachrichten - Stra\u00dfenweb","robots":{"index":"index","follow":"follow","max-snippet":"max-snippet:-1","max-image-preview":"max-image-preview:large","max-video-preview":"max-video-preview:-1"},"canonical":"https:\/\/www.strassenweb.de\/nachrichten\/der-kunde-liebte-die-seele-des-hauses-und-war-so-klar-ueber-das-leben-das-sie-sich-vorgestellt-hatte\/","og_locale":"de_DE","og_type":"article","og_title":"\"Der Kunde liebte die Seele des Hauses und war so klar \u00fcber das Leben, das sie sich vorgestellt hatte.\" - Nachrichten - Stra\u00dfenweb","og_description":"Dieses Haus in West Vancouver \u00fcbersieht die Gew\u00e4sser des Burrard Inlet und ist Teil einer Gemeinde von Cliffside Homes, die erstmals Mitte des 20. Jahrhunderts","og_url":"https:\/\/www.strassenweb.de\/nachrichten\/der-kunde-liebte-die-seele-des-hauses-und-war-so-klar-ueber-das-leben-das-sie-sich-vorgestellt-hatte\/","og_site_name":"Stra\u00dfenweb","article_publisher":"https:\/\/www.facebook.com\/strassenweb\/","article_published_time":"2025-07-14T23:39:45+00:00","article_modified_time":"2025-07-14T23:39:46+00:00","og_image":[{"width":1600,"height":900,"url":"https:\/\/www.strassenweb.de\/nachrichten\/wp-content\/uploads\/2025\/07\/Der-Kunde-liebte-die-Seele-des-Hauses-und-war-so.jpg","type":"image\/jpeg"}],"author":"Robert Hoffmann","twitter_card":"summary_large_image","twitter_misc":{"Verfasst von":"Robert Hoffmann","Gesch\u00e4tzte Lesezeit":"6\u00a0Minuten"},"schema":{"@context":"https:\/\/schema.org","@graph":[{"@type":"Article","@id":"https:\/\/www.strassenweb.de\/nachrichten\/der-kunde-liebte-die-seele-des-hauses-und-war-so-klar-ueber-das-leben-das-sie-sich-vorgestellt-hatte\/#article","isPartOf":{"@id":"https:\/\/www.strassenweb.de\/nachrichten\/der-kunde-liebte-die-seele-des-hauses-und-war-so-klar-ueber-das-leben-das-sie-sich-vorgestellt-hatte\/"},"author":{"name":"Robert Hoffmann","@id":"https:\/\/www.strassenweb.de\/nachrichten\/#\/schema\/person\/87c9c9067f1211da429a744dc5a5aa41"},"headline":"&#8222;Der Kunde liebte die Seele des Hauses und war so klar \u00fcber das Leben, das sie sich vorgestellt hatte.&#8220;","datePublished":"2025-07-14T23:39:45+00:00","dateModified":"2025-07-14T23:39:46+00:00","mainEntityOfPage":{"@id":"https:\/\/www.strassenweb.de\/nachrichten\/der-kunde-liebte-die-seele-des-hauses-und-war-so-klar-ueber-das-leben-das-sie-sich-vorgestellt-hatte\/"},"wordCount":1199,"publisher":{"@id":"https:\/\/www.strassenweb.de\/nachrichten\/#organization"},"image":{"@id":"https:\/\/www.strassenweb.de\/nachrichten\/der-kunde-liebte-die-seele-des-hauses-und-war-so-klar-ueber-das-leben-das-sie-sich-vorgestellt-hatte\/#primaryimage"},"thumbnailUrl":"https:\/\/www.strassenweb.de\/nachrichten\/wp-content\/uploads\/2025\/07\/Der-Kunde-liebte-die-Seele-des-Hauses-und-war-so.jpg","keywords":["das","der","des","die","h\u00e4tte","Hauses","klar","Kunde","leben","liebte","Seele","sich","Sie","\u00fcber","und","vorgestellt","war"],"articleSection":["Haus &amp; Garten"],"inLanguage":"de"},{"@type":"WebPage","@id":"https:\/\/www.strassenweb.de\/nachrichten\/der-kunde-liebte-die-seele-des-hauses-und-war-so-klar-ueber-das-leben-das-sie-sich-vorgestellt-hatte\/","url":"https:\/\/www.strassenweb.de\/nachrichten\/der-kunde-liebte-die-seele-des-hauses-und-war-so-klar-ueber-das-leben-das-sie-sich-vorgestellt-hatte\/","name":"\"Der Kunde liebte die Seele des Hauses und war so klar \u00fcber das Leben, das sie sich vorgestellt hatte.\" - Nachrichten - Stra\u00dfenweb","isPartOf":{"@id":"https:\/\/www.strassenweb.de\/nachrichten\/#website"},"primaryImageOfPage":{"@id":"https:\/\/www.strassenweb.de\/nachrichten\/der-kunde-liebte-die-seele-des-hauses-und-war-so-klar-ueber-das-leben-das-sie-sich-vorgestellt-hatte\/#primaryimage"},"image":{"@id":"https:\/\/www.strassenweb.de\/nachrichten\/der-kunde-liebte-die-seele-des-hauses-und-war-so-klar-ueber-das-leben-das-sie-sich-vorgestellt-hatte\/#primaryimage"},"thumbnailUrl":"https:\/\/www.strassenweb.de\/nachrichten\/wp-content\/uploads\/2025\/07\/Der-Kunde-liebte-die-Seele-des-Hauses-und-war-so.jpg","datePublished":"2025-07-14T23:39:45+00:00","dateModified":"2025-07-14T23:39:46+00:00","breadcrumb":{"@id":"https:\/\/www.strassenweb.de\/nachrichten\/der-kunde-liebte-die-seele-des-hauses-und-war-so-klar-ueber-das-leben-das-sie-sich-vorgestellt-hatte\/#breadcrumb"},"inLanguage":"de","potentialAction":[{"@type":"ReadAction","target":["https:\/\/www.strassenweb.de\/nachrichten\/der-kunde-liebte-die-seele-des-hauses-und-war-so-klar-ueber-das-leben-das-sie-sich-vorgestellt-hatte\/"]}]},{"@type":"ImageObject","inLanguage":"de","@id":"https:\/\/www.strassenweb.de\/nachrichten\/der-kunde-liebte-die-seele-des-hauses-und-war-so-klar-ueber-das-leben-das-sie-sich-vorgestellt-hatte\/#primaryimage","url":"https:\/\/www.strassenweb.de\/nachrichten\/wp-content\/uploads\/2025\/07\/Der-Kunde-liebte-die-Seele-des-Hauses-und-war-so.jpg","contentUrl":"https:\/\/www.strassenweb.de\/nachrichten\/wp-content\/uploads\/2025\/07\/Der-Kunde-liebte-die-Seele-des-Hauses-und-war-so.jpg","width":1600,"height":900,"caption":"sunset view from living room blue couch"},{"@type":"BreadcrumbList","@id":"https:\/\/www.strassenweb.de\/nachrichten\/der-kunde-liebte-die-seele-des-hauses-und-war-so-klar-ueber-das-leben-das-sie-sich-vorgestellt-hatte\/#breadcrumb","itemListElement":[{"@type":"ListItem","position":1,"name":"Home","item":"https:\/\/www.strassenweb.de\/nachrichten\/"},{"@type":"ListItem","position":2,"name":"&#8222;Der Kunde liebte die Seele des Hauses und war so klar \u00fcber das Leben, das sie sich vorgestellt hatte.&#8220;"}]},{"@type":"WebSite","@id":"https:\/\/www.strassenweb.de\/nachrichten\/#website","url":"https:\/\/www.strassenweb.de\/nachrichten\/","name":"Stra\u00dfenweb","description":"Stra\u00dfenverzeichnis f\u00fcr Deutschland","publisher":{"@id":"https:\/\/www.strassenweb.de\/nachrichten\/#organization"},"potentialAction":[{"@type":"SearchAction","target":{"@type":"EntryPoint","urlTemplate":"https:\/\/www.strassenweb.de\/nachrichten\/?s={search_term_string}"},"query-input":{"@type":"PropertyValueSpecification","valueRequired":true,"valueName":"search_term_string"}}],"inLanguage":"de"},{"@type":"Organization","@id":"https:\/\/www.strassenweb.de\/nachrichten\/#organization","name":"Stra\u00dfenweb","url":"https:\/\/www.strassenweb.de\/nachrichten\/","logo":{"@type":"ImageObject","inLanguage":"de","@id":"https:\/\/www.strassenweb.de\/nachrichten\/#\/schema\/logo\/image\/","url":"https:\/\/www.strassenweb.de\/nachrichten\/wp-content\/uploads\/2024\/09\/cropped-favicon.png","contentUrl":"https:\/\/www.strassenweb.de\/nachrichten\/wp-content\/uploads\/2024\/09\/cropped-favicon.png","width":512,"height":512,"caption":"Stra\u00dfenweb"},"image":{"@id":"https:\/\/www.strassenweb.de\/nachrichten\/#\/schema\/logo\/image\/"},"sameAs":["https:\/\/www.facebook.com\/strassenweb\/"]},{"@type":"Person","@id":"https:\/\/www.strassenweb.de\/nachrichten\/#\/schema\/person\/87c9c9067f1211da429a744dc5a5aa41","name":"Robert Hoffmann","image":{"@type":"ImageObject","inLanguage":"de","@id":"https:\/\/www.strassenweb.de\/nachrichten\/wp-content\/uploads\/2024\/09\/strassenweb-150x150.jpg","url":"https:\/\/www.strassenweb.de\/nachrichten\/wp-content\/uploads\/2024\/09\/strassenweb-150x150.jpg","contentUrl":"https:\/\/www.strassenweb.de\/nachrichten\/wp-content\/uploads\/2024\/09\/strassenweb-150x150.jpg","caption":"Robert Hoffmann"},"description":"Ich hei\u00dfe Robert Hoffmann und ich bin ein leidenschaftlicher Verfechter von \u00d6kologie und Biodiversit\u00e4t. Seit meiner Kindheit in den W\u00e4ldern Bayerns f\u00fchle ich mich mit der Natur verbunden und bin entschlossen, sie zu sch\u00fctzen. Heute widme ich mein Leben der Sensibilisierung anderer f\u00fcr die Bedeutung des Umweltschutzes f\u00fcr zuk\u00fcnftige Generationen.","sameAs":["https:\/\/www.strassenweb.de\/"]}]}},"_links":{"self":[{"href":"https:\/\/www.strassenweb.de\/nachrichten\/wp-json\/wp\/v2\/posts\/6251","targetHints":{"allow":["GET"]}}],"collection":[{"href":"https:\/\/www.strassenweb.de\/nachrichten\/wp-json\/wp\/v2\/posts"}],"about":[{"href":"https:\/\/www.strassenweb.de\/nachrichten\/wp-json\/wp\/v2\/types\/post"}],"author":[{"embeddable":true,"href":"https:\/\/www.strassenweb.de\/nachrichten\/wp-json\/wp\/v2\/users\/1"}],"replies":[{"embeddable":true,"href":"https:\/\/www.strassenweb.de\/nachrichten\/wp-json\/wp\/v2\/comments?post=6251"}],"version-history":[{"count":0,"href":"https:\/\/www.strassenweb.de\/nachrichten\/wp-json\/wp\/v2\/posts\/6251\/revisions"}],"wp:featuredmedia":[{"embeddable":true,"href":"https:\/\/www.strassenweb.de\/nachrichten\/wp-json\/wp\/v2\/media\/6252"}],"wp:attachment":[{"href":"https:\/\/www.strassenweb.de\/nachrichten\/wp-json\/wp\/v2\/media?parent=6251"}],"wp:term":[{"taxonomy":"category","embeddable":true,"href":"https:\/\/www.strassenweb.de\/nachrichten\/wp-json\/wp\/v2\/categories?post=6251"},{"taxonomy":"post_tag","embeddable":true,"href":"https:\/\/www.strassenweb.de\/nachrichten\/wp-json\/wp\/v2\/tags?post=6251"}],"curies":[{"name":"wp","href":"https:\/\/api.w.org\/{rel}","templated":true}]}}