{"id":6242,"date":"2025-07-14T13:39:52","date_gmt":"2025-07-14T11:39:52","guid":{"rendered":"https:\/\/www.strassenweb.de\/nachrichten\/der-patchwork-quilt-meiner-urgrossmutter-ist-ploetzlich-zum-trendigsten-stueck-in-meinem-zuhause-ich-habe-designer-gefragt-warum-wir-diesen-nostalgischen-trend-in-diesem-sommer-lieben\/"},"modified":"2025-07-14T13:39:54","modified_gmt":"2025-07-14T11:39:54","slug":"der-patchwork-quilt-meiner-urgrossmutter-ist-ploetzlich-zum-trendigsten-stueck-in-meinem-zuhause-ich-habe-designer-gefragt-warum-wir-diesen-nostalgischen-trend-in-diesem-sommer-lieben","status":"publish","type":"post","link":"https:\/\/www.strassenweb.de\/nachrichten\/der-patchwork-quilt-meiner-urgrossmutter-ist-ploetzlich-zum-trendigsten-stueck-in-meinem-zuhause-ich-habe-designer-gefragt-warum-wir-diesen-nostalgischen-trend-in-diesem-sommer-lieben\/","title":{"rendered":"Der Patchwork-Quilt meiner Urgro\u00dfmutter ist pl\u00f6tzlich zum trendigsten St\u00fcck in meinem Zuhause-ich habe Designer gefragt, warum wir diesen nostalgischen Trend in diesem Sommer lieben"},"content":{"rendered":"<div id=\"article-body\" class=\"article__body \">\n<p>Am Fu\u00df meines Bettes sitzt eine blaue und rote Patchwork -Quilt. Es wurde von meiner Urgro\u00dfmutter handgefertigt, die es ihrer Tochter gab, und schlie\u00dflich arbeitete es sich zu mir hinunter. Das ist die Sache mit Patchwork &#8211; es ist mehr als nur Kissen oder Quilts aus Schrott; Es ist eine Ansammlung von Geschichten, die zusammengen\u00e4ht sind.<\/p>\n<div id=\"ad-unit-1\" class=\"ad-unit\"><\/div>\n<p>Sie sehen, der Patchwork -Trend ist reich an der Geschichte. Es ist eine Kunstform, die seit Jahrhunderten praktiziert wird, und f\u00fcr einige wie ich werden Patchwork -Designs zu famili\u00e4ren Andenken, die von Generation zu Generation weitergegeben werden.<\/p>\n<aside data-block-type=\"embed\" data-render-type=\"fte\" data-skip=\"dealsy\" data-widget-type=\"seasonal\" class=\"hawk-base\"><\/aside>\n<p>W\u00e4hrend Pathwork ein bisschen zu pingelig war, um als wirklich stilvoll angesehen zu werden, ist dieser Sommer definitiv ein veralteter Trend, der ein Comeback feiert. Vielleicht liegt das an unserer kollektiven Wertsch\u00e4tzung f\u00fcr alles, was Nostalgie-Kern anerkannt hat, aber laut Adam Greco, Innenarchitektin und Gr\u00fcnder von Grecodeco, sehnen sich die Menschen nach R\u00e4umen, die sich in der Lebewesen f\u00fchlen und Geschichten erz\u00e4hlen. &#8222;Patchwork trifft diesen Nerven perfekt&#8220;, sagt Adam.<\/p>\n<div class=\"van_vid_carousel\">\n<div class=\"van_vid_carousel__padding\">\n<div class=\"van_vid_carousel__container\"><\/div>\n<\/div>\n<\/div>\n<aside data-component-name=\"Recirculation:ArticleRiver\" data-nosnippet class=\"pt-3 pb-4 mb-4 border-b border-solid border-(#333)\">\n<span class=\"\nafter:content-('') after:flex-1 after:ml-4 after:my-(0.7rem) after:border-t-(#333) after:border-t after:border-solid\nbefore:content-('') before:flex-1 before:mr-4 before:my-(0.7rem) before:border-t-(#333) before:border-t before:border-solid\nfont-article-heading pb-3 !text-base font-bold uppercase sm:text-sm text-(#333) flex\"><\/p>\n<p>Sie m\u00f6gen m\u00f6gen<br \/>\n<\/span><\/p>\n<ul class=\"flex flex-col gap-3 m-0\">\n<li class=\"m-0 list-none\" name=\"recirculation-inline\" data-analytics-id=\"recirculation-inline-1\" analytics-label=\"adviser:related\">\n<picture data-new-v2-image=\"true\" class=\"w-(--article-river-thumbnail-width,60px) flex-shrink-0\"><source type=\"image\/webp\"  ><\/source><\/p>\n<\/picture>\n<span class=\"hover:text-inherit font-article-heading text-base text-(#333) leading-5 content-center\">Ich kann offiziell best\u00e4tigen, dass winzige Blumen der &#8222;IT&#8220; -Druck f\u00fcr den Sommer sind &#8211; hier ist, wie ich nostalgische ditsy -Drucke im Jahr 2025 style<\/span><\/p>\n<\/li>\n<li class=\"m-0 list-none\" name=\"recirculation-inline\" data-analytics-id=\"recirculation-inline-2\" analytics-label=\"adviser:related\">\n<picture data-new-v2-image=\"true\" class=\"w-(--article-river-thumbnail-width,60px) flex-shrink-0\"><source type=\"image\/webp\"  ><\/source><br \/>\n<img decoding=\"async\" alt=\"Lee Radziwill auf einfachem Hintergrund\"   loading=\"lazy\" data-new-v2-image=\"true\" src=\"https:\/\/www.strassenweb.de\/nachrichten\/wp-content\/uploads\/2025\/07\/Es-ist-offiziell-Lee-Radziwills-Wohnzimmer-des-60er-Jahre-beweist.jpg\" data-pin-media=\"https:\/\/www.strassenweb.de\/nachrichten\/wp-content\/uploads\/2025\/07\/Es-ist-offiziell-Lee-Radziwills-Wohnzimmer-des-60er-Jahre-beweist.jpg\" data-pin-nopin=\"true\" class=\"aspect-(--img-listing-aspect-ratio,16\/9) object-cover w-(--article-river-thumbnail-width,60px) flex-shrink-0\">\n<\/picture>\n<span class=\"hover:text-inherit font-article-heading text-base text-(#333) leading-5 content-center\">Es ist offiziell: Lee Radziwills Wohnzimmer des 60er Jahre beweist, dass &#8222;Muster-Tempern&#8220; absolut zeitlos ist-es ist immer noch ein halbes Jahrhundert sp\u00e4ter atemberaubend<\/span><\/p>\n<\/li>\n<\/ul>\n<\/aside>\n<p>Adam benutzte den Patchwork-Trend, um die Zimmer im Cottage-Stil im Six Bells Countryside Inn, einem Hotel im New Yorker Hudson Valley, zu entwerfen. Jedes Zimmer wurde vom Geist der englischen und amerikanischen Landschaft inspiriert &#8211; zwei Kulturen, in denen Patchwork -Designs tief verwurzelt sind. Die R\u00e4ume verbinden rustikalen Charme mit einem Gef\u00fchl der Vertrautheit und Nostalgie &#8211; alle erm\u00f6glicht durch die vielen Patchwork -Details.<\/p>\n<div id=\"ad-unit-2\" class=\"ad-unit\"><\/div>\n<figure class=\"van-image-figure inline-layout \" data-bordeaux-image-check>\n<div class=\"image-full-width-wrapper\">\n<div class=\"image-widthsetter\" style=\"max-width:2000px;\"><\/div>\n<\/div>\n<\/figure>\n<p>Wie in den Zimmern des Six Bells Hotel zu sehen ist, kann der Patchwork -Trend in vielen verschiedenen Formen vorliegen. Obwohl es am h\u00e4ufigsten ist, Patchwork als Quilt oder Decke zu sehen, kann es auch zu Kissen, Vorh\u00e4ngen oder Wandklebemaschinen verarbeitet werden.<\/p>\n<p>Da es normalerweise aus \u00fcbersch\u00fcssigem Stoff erzeugt wird, k\u00f6nnen die tats\u00e4chlichen Designs von Patchwork variieren. Meistens sehen wir Patchwork -Designs sich wiederholende Formen oder Muster. Aber Adam erz\u00e4hlt mir von einem anderen Stil, der als &#8222;verr\u00fcckte Quilts&#8220; bekannt ist, ein Patchwork -Stil &#8222;, in dem die Teile nie ganz ausgestattet sind, weil sie aus Offcuts hergestellt werden und nicht nur perfekte Quadrate\u201c, sagt er.<\/p>\n<p>Da Patchwork in Form und Design variieren kann, wird es einzigartig und sehr pers\u00f6nlich &#8211; hinzuzuf\u00fcgen, was Textur, Farbe und Charakter zu jedem Raum hinzuf\u00fcgt. W\u00e4hrend ja, es ist momentan ein gro\u00dfer Innenarchitekturstrend, ist es ein v\u00f6llig zeitloses Muster, das ideal ist, um Ihren R\u00e4umen Pers\u00f6nlichkeit und Charakter zu verleihen.<\/p>\n<figure class=\"van-image-figure inline-layout \" data-bordeaux-image-check>\n<div class=\"image-full-width-wrapper\">\n<div class=\"image-widthsetter\" style=\"max-width:2000px;\"><\/div>\n<\/div>\n<\/figure>\n<p>Jedes Patchwork -Produkt ist von Natur aus ein Statement -St\u00fcck &#8211; nicht nur wegen seines mutigen Designs, sondern auch wegen der Geschichte, die es erz\u00e4hlt. Wie integrieren Sie den Patchwork -Trend in Ihr Zuhause?<\/p>\n<p>Die Innenarchitektin Ashley Stark schl\u00e4gt vor, dass Patchwork zum Star der Show wird. &#8222;Weil es sehr mutig und strukturiert ist, w\u00fcrde ich empfehlen, es als Statement -St\u00fcck zu verwenden und es zum Mittelpunkt eines Raums zu werden&#8220;, sagt sie mir. Nat\u00fcrlich sind traditionelle Charm und nostalgische Anziehungskraft Aussagen an sich, aber aufregende Farben und Muster sind genauso bemerkenswert.<\/p>\n<p>F\u00fcr das Styling r\u00e4t Ashley, sich auf das Gleichgewicht zu konzentrieren. &#8218;Eine Patchwork -Quilt kann mit Dekor in einem Farbschema, das aus seinem Design stammt, gut erg\u00e4nzt werden. Auf der anderen Seite kann ein kr\u00e4ftiges Patchwork -Design am besten mit neutralen Farben ausbalanciert werden, die es ihm abheben k\u00f6nnen. &#8218;<\/p>\n<figure class=\"van-image-figure inline-layout \" data-bordeaux-image-check>\n<div class=\"image-full-width-wrapper\">\n<div class=\"image-widthsetter\" style=\"max-width:2000px;\"><\/div>\n<\/div>\n<\/figure>\n<p>F\u00fcr das Styling empfiehlt Ashley, sich auf das Gleichgewicht zu konzentrieren. &#8218;Eine Patchwork -Quilt kann mit Dekor in einem Farbschema, das aus seinem Design stammt, gut erg\u00e4nzt werden. Auf der anderen Seite kann ein kr\u00e4ftiges Patchwork -Design am besten mit neutralen Farben ausbalanciert werden, die es ihm abheben k\u00f6nnen. &#8218;<\/p>\n<p>Obwohl es sich um einen jahrhundertealten Mustertrend handelt, hat sich Patchwork als zeitloses Design erwiesen, das sich im Innenraum sowohl traditionell als auch frisch anf\u00fchlt. Die sentimentale Anziehungskraft hat diese Sehnsucht fasziniert, R\u00e4ume zu schaffen, die sich vertraut, komfortabel und wirklich aus wie Heimat anf\u00fchlen.<\/p>\n<figure class=\"van-image-figure inline-layout \" data-bordeaux-image-check>\n<div class=\"image-full-width-wrapper\">\n<div class=\"image-widthsetter\" style=\"max-width:2000px;\"><\/div>\n<\/div>\n<\/figure>\n<p>Ich habe das Gl\u00fcck, meine ererbte Decke zu haben, aber mit zunehmendem Popularit\u00e4t bedeutet auch ein Anstieg einiger meiner Lieblingsmarken, die den Trend umfassen, sodass Sie in vielen Fr\u00fchlings-\/Sommerbereichen viele neue Patchwork -St\u00fccke finden werden. Dies sind diejenigen, die ich im Auge habe, um meine Patchwork -Sammlung hinzuzuf\u00fcgen.<\/p>\n<div class=\"product-container hero-product-container product-block-no-wrap\">\n<div class=\"product-block-row\"><\/div>\n<div class=\"product-block-row\"><\/div>\n<div class=\"product-block-row\"><\/div>\n<div class=\"product-block-row\"><\/div>\n<div class=\"product-block-row\"><\/div>\n<div class=\"product-block-row\"><\/div>\n<\/div>\n<hr>\n<p>Unabh\u00e4ngig vom Designstil Ihres Hauses kann es sich sofort um eine Form des Patchwork -Trends handeln, wie sich Ihr Raum so einladend anf\u00fchlt wie ein charmantes Cottage. Wenn Sie dieses Gef\u00fchl lieben, finden Sie mehr H\u00e4uschendekorationsideen, die genauso ansprechend sind wie Patchwork.<\/p>\n<\/div>\n","protected":false},"excerpt":{"rendered":"<p>Am Fu\u00df meines Bettes sitzt eine blaue und rote Patchwork -Quilt. Es wurde von meiner Urgro\u00dfmutter handgefertigt, die es ihrer Tochter gab, und schlie\u00dflich arbeitete<\/p>\n","protected":false},"author":1,"featured_media":6243,"comment_status":"closed","ping_status":"","sticky":false,"template":"","format":"standard","meta":{"footnotes":""},"categories":[118],"tags":[81,216,32,208,3543,823,15,217,1860,1666,2563,8627,6076,385,4183,504,8629,8628,744,411,8630,67],"class_list":["post-6242","post","type-post","status-publish","format-standard","has-post-thumbnail","hentry","category-haus-garten","tag-der","tag-designer","tag-diesem","tag-diesen","tag-gefragt","tag-habe","tag-ist","tag-lieben","tag-meinem","tag-meiner","tag-nostalgischen","tag-patchworkquilt","tag-ploetzlich","tag-sommer","tag-stueck","tag-trend","tag-trendigsten","tag-urgrossmutter","tag-warum","tag-wir","tag-zuhauseich","tag-zum","generate-columns","tablet-grid-50","mobile-grid-100","grid-parent","grid-50"],"yoast_head":"<!-- This site is optimized with the Yoast SEO plugin v27.3 - https:\/\/yoast.com\/product\/yoast-seo-wordpress\/ -->\n<title>Der Patchwork-Quilt meiner Urgro\u00dfmutter ist pl\u00f6tzlich zum trendigsten St\u00fcck in meinem Zuhause-ich habe Designer gefragt, warum wir diesen nostalgischen Trend in diesem Sommer lieben - Nachrichten - Stra\u00dfenweb<\/title>\n<meta name=\"robots\" content=\"index, follow, max-snippet:-1, max-image-preview:large, max-video-preview:-1\" \/>\n<link rel=\"canonical\" href=\"https:\/\/www.strassenweb.de\/nachrichten\/der-patchwork-quilt-meiner-urgrossmutter-ist-ploetzlich-zum-trendigsten-stueck-in-meinem-zuhause-ich-habe-designer-gefragt-warum-wir-diesen-nostalgischen-trend-in-diesem-sommer-lieben\/\" \/>\n<meta property=\"og:locale\" content=\"de_DE\" \/>\n<meta property=\"og:type\" content=\"article\" \/>\n<meta property=\"og:title\" content=\"Der Patchwork-Quilt meiner Urgro\u00dfmutter ist pl\u00f6tzlich zum trendigsten St\u00fcck in meinem Zuhause-ich habe Designer gefragt, warum wir diesen nostalgischen Trend in diesem Sommer lieben - Nachrichten - Stra\u00dfenweb\" \/>\n<meta property=\"og:description\" content=\"Am Fu\u00df meines Bettes sitzt eine blaue und rote Patchwork -Quilt. Es wurde von meiner Urgro\u00dfmutter handgefertigt, die es ihrer Tochter gab, und schlie\u00dflich arbeitete\" \/>\n<meta property=\"og:url\" content=\"https:\/\/www.strassenweb.de\/nachrichten\/der-patchwork-quilt-meiner-urgrossmutter-ist-ploetzlich-zum-trendigsten-stueck-in-meinem-zuhause-ich-habe-designer-gefragt-warum-wir-diesen-nostalgischen-trend-in-diesem-sommer-lieben\/\" \/>\n<meta property=\"og:site_name\" content=\"Stra\u00dfenweb\" \/>\n<meta property=\"article:publisher\" content=\"https:\/\/www.facebook.com\/strassenweb\/\" \/>\n<meta property=\"article:published_time\" content=\"2025-07-14T11:39:52+00:00\" \/>\n<meta property=\"article:modified_time\" content=\"2025-07-14T11:39:54+00:00\" \/>\n<meta property=\"og:image\" content=\"https:\/\/www.strassenweb.de\/nachrichten\/wp-content\/uploads\/2025\/07\/Der-Patchwork-Quilt-meiner-Urgrossmutter-ist-ploetzlich-zum-trendigsten-Stueck-in-1024x576.png\" \/>\n\t<meta property=\"og:image:width\" content=\"1024\" \/>\n\t<meta property=\"og:image:height\" content=\"576\" \/>\n\t<meta property=\"og:image:type\" content=\"image\/png\" \/>\n<meta name=\"author\" content=\"Robert Hoffmann\" \/>\n<meta name=\"twitter:card\" content=\"summary_large_image\" \/>\n<meta name=\"twitter:label1\" content=\"Verfasst von\" \/>\n\t<meta name=\"twitter:data1\" content=\"Robert Hoffmann\" \/>\n\t<meta name=\"twitter:label2\" content=\"Gesch\u00e4tzte Lesezeit\" \/>\n\t<meta name=\"twitter:data2\" content=\"4\u00a0Minuten\" \/>\n<script type=\"application\/ld+json\" class=\"yoast-schema-graph\">{\"@context\":\"https:\\\/\\\/schema.org\",\"@graph\":[{\"@type\":\"Article\",\"@id\":\"https:\\\/\\\/www.strassenweb.de\\\/nachrichten\\\/der-patchwork-quilt-meiner-urgrossmutter-ist-ploetzlich-zum-trendigsten-stueck-in-meinem-zuhause-ich-habe-designer-gefragt-warum-wir-diesen-nostalgischen-trend-in-diesem-sommer-lieben\\\/#article\",\"isPartOf\":{\"@id\":\"https:\\\/\\\/www.strassenweb.de\\\/nachrichten\\\/der-patchwork-quilt-meiner-urgrossmutter-ist-ploetzlich-zum-trendigsten-stueck-in-meinem-zuhause-ich-habe-designer-gefragt-warum-wir-diesen-nostalgischen-trend-in-diesem-sommer-lieben\\\/\"},\"author\":{\"name\":\"Robert Hoffmann\",\"@id\":\"https:\\\/\\\/www.strassenweb.de\\\/nachrichten\\\/#\\\/schema\\\/person\\\/87c9c9067f1211da429a744dc5a5aa41\"},\"headline\":\"Der Patchwork-Quilt meiner Urgro\u00dfmutter ist pl\u00f6tzlich zum trendigsten St\u00fcck in meinem Zuhause-ich habe Designer gefragt, warum wir diesen nostalgischen Trend in diesem Sommer lieben\",\"datePublished\":\"2025-07-14T11:39:52+00:00\",\"dateModified\":\"2025-07-14T11:39:54+00:00\",\"mainEntityOfPage\":{\"@id\":\"https:\\\/\\\/www.strassenweb.de\\\/nachrichten\\\/der-patchwork-quilt-meiner-urgrossmutter-ist-ploetzlich-zum-trendigsten-stueck-in-meinem-zuhause-ich-habe-designer-gefragt-warum-wir-diesen-nostalgischen-trend-in-diesem-sommer-lieben\\\/\"},\"wordCount\":847,\"publisher\":{\"@id\":\"https:\\\/\\\/www.strassenweb.de\\\/nachrichten\\\/#organization\"},\"image\":{\"@id\":\"https:\\\/\\\/www.strassenweb.de\\\/nachrichten\\\/der-patchwork-quilt-meiner-urgrossmutter-ist-ploetzlich-zum-trendigsten-stueck-in-meinem-zuhause-ich-habe-designer-gefragt-warum-wir-diesen-nostalgischen-trend-in-diesem-sommer-lieben\\\/#primaryimage\"},\"thumbnailUrl\":\"https:\\\/\\\/www.strassenweb.de\\\/nachrichten\\\/wp-content\\\/uploads\\\/2025\\\/07\\\/Der-Patchwork-Quilt-meiner-Urgrossmutter-ist-ploetzlich-zum-trendigsten-Stueck-in.png\",\"keywords\":[\"der\",\"Designer\",\"diesem\",\"diesen\",\"gefragt\",\"habe\",\"ist\",\"lieben\",\"meinem\",\"meiner\",\"nostalgischen\",\"PatchworkQuilt\",\"Pl\u00f6tzlich\",\"Sommer\",\"St\u00fcck\",\"Trend\",\"trendigsten\",\"Urgro\u00dfmutter\",\"warum\",\"wir\",\"Zuhauseich\",\"zum\"],\"articleSection\":[\"Haus &amp; Garten\"],\"inLanguage\":\"de\"},{\"@type\":\"WebPage\",\"@id\":\"https:\\\/\\\/www.strassenweb.de\\\/nachrichten\\\/der-patchwork-quilt-meiner-urgrossmutter-ist-ploetzlich-zum-trendigsten-stueck-in-meinem-zuhause-ich-habe-designer-gefragt-warum-wir-diesen-nostalgischen-trend-in-diesem-sommer-lieben\\\/\",\"url\":\"https:\\\/\\\/www.strassenweb.de\\\/nachrichten\\\/der-patchwork-quilt-meiner-urgrossmutter-ist-ploetzlich-zum-trendigsten-stueck-in-meinem-zuhause-ich-habe-designer-gefragt-warum-wir-diesen-nostalgischen-trend-in-diesem-sommer-lieben\\\/\",\"name\":\"Der Patchwork-Quilt meiner Urgro\u00dfmutter ist pl\u00f6tzlich zum trendigsten St\u00fcck in meinem Zuhause-ich habe Designer gefragt, warum wir diesen nostalgischen Trend in diesem Sommer lieben - Nachrichten - Stra\u00dfenweb\",\"isPartOf\":{\"@id\":\"https:\\\/\\\/www.strassenweb.de\\\/nachrichten\\\/#website\"},\"primaryImageOfPage\":{\"@id\":\"https:\\\/\\\/www.strassenweb.de\\\/nachrichten\\\/der-patchwork-quilt-meiner-urgrossmutter-ist-ploetzlich-zum-trendigsten-stueck-in-meinem-zuhause-ich-habe-designer-gefragt-warum-wir-diesen-nostalgischen-trend-in-diesem-sommer-lieben\\\/#primaryimage\"},\"image\":{\"@id\":\"https:\\\/\\\/www.strassenweb.de\\\/nachrichten\\\/der-patchwork-quilt-meiner-urgrossmutter-ist-ploetzlich-zum-trendigsten-stueck-in-meinem-zuhause-ich-habe-designer-gefragt-warum-wir-diesen-nostalgischen-trend-in-diesem-sommer-lieben\\\/#primaryimage\"},\"thumbnailUrl\":\"https:\\\/\\\/www.strassenweb.de\\\/nachrichten\\\/wp-content\\\/uploads\\\/2025\\\/07\\\/Der-Patchwork-Quilt-meiner-Urgrossmutter-ist-ploetzlich-zum-trendigsten-Stueck-in.png\",\"datePublished\":\"2025-07-14T11:39:52+00:00\",\"dateModified\":\"2025-07-14T11:39:54+00:00\",\"breadcrumb\":{\"@id\":\"https:\\\/\\\/www.strassenweb.de\\\/nachrichten\\\/der-patchwork-quilt-meiner-urgrossmutter-ist-ploetzlich-zum-trendigsten-stueck-in-meinem-zuhause-ich-habe-designer-gefragt-warum-wir-diesen-nostalgischen-trend-in-diesem-sommer-lieben\\\/#breadcrumb\"},\"inLanguage\":\"de\",\"potentialAction\":[{\"@type\":\"ReadAction\",\"target\":[\"https:\\\/\\\/www.strassenweb.de\\\/nachrichten\\\/der-patchwork-quilt-meiner-urgrossmutter-ist-ploetzlich-zum-trendigsten-stueck-in-meinem-zuhause-ich-habe-designer-gefragt-warum-wir-diesen-nostalgischen-trend-in-diesem-sommer-lieben\\\/\"]}]},{\"@type\":\"ImageObject\",\"inLanguage\":\"de\",\"@id\":\"https:\\\/\\\/www.strassenweb.de\\\/nachrichten\\\/der-patchwork-quilt-meiner-urgrossmutter-ist-ploetzlich-zum-trendigsten-stueck-in-meinem-zuhause-ich-habe-designer-gefragt-warum-wir-diesen-nostalgischen-trend-in-diesem-sommer-lieben\\\/#primaryimage\",\"url\":\"https:\\\/\\\/www.strassenweb.de\\\/nachrichten\\\/wp-content\\\/uploads\\\/2025\\\/07\\\/Der-Patchwork-Quilt-meiner-Urgrossmutter-ist-ploetzlich-zum-trendigsten-Stueck-in.png\",\"contentUrl\":\"https:\\\/\\\/www.strassenweb.de\\\/nachrichten\\\/wp-content\\\/uploads\\\/2025\\\/07\\\/Der-Patchwork-Quilt-meiner-Urgrossmutter-ist-ploetzlich-zum-trendigsten-Stueck-in.png\",\"width\":1600,\"height\":900,\"caption\":\"a bedroom nook with a patchwork bedspread, several pillows, a wooden dresser, wall sconces, and yellow wallpaper with ivy motifs\"},{\"@type\":\"BreadcrumbList\",\"@id\":\"https:\\\/\\\/www.strassenweb.de\\\/nachrichten\\\/der-patchwork-quilt-meiner-urgrossmutter-ist-ploetzlich-zum-trendigsten-stueck-in-meinem-zuhause-ich-habe-designer-gefragt-warum-wir-diesen-nostalgischen-trend-in-diesem-sommer-lieben\\\/#breadcrumb\",\"itemListElement\":[{\"@type\":\"ListItem\",\"position\":1,\"name\":\"Home\",\"item\":\"https:\\\/\\\/www.strassenweb.de\\\/nachrichten\\\/\"},{\"@type\":\"ListItem\",\"position\":2,\"name\":\"Der Patchwork-Quilt meiner Urgro\u00dfmutter ist pl\u00f6tzlich zum trendigsten St\u00fcck in meinem Zuhause-ich habe Designer gefragt, warum wir diesen nostalgischen Trend in diesem Sommer lieben\"}]},{\"@type\":\"WebSite\",\"@id\":\"https:\\\/\\\/www.strassenweb.de\\\/nachrichten\\\/#website\",\"url\":\"https:\\\/\\\/www.strassenweb.de\\\/nachrichten\\\/\",\"name\":\"Stra\u00dfenweb\",\"description\":\"Stra\u00dfenverzeichnis f\u00fcr Deutschland\",\"publisher\":{\"@id\":\"https:\\\/\\\/www.strassenweb.de\\\/nachrichten\\\/#organization\"},\"potentialAction\":[{\"@type\":\"SearchAction\",\"target\":{\"@type\":\"EntryPoint\",\"urlTemplate\":\"https:\\\/\\\/www.strassenweb.de\\\/nachrichten\\\/?s={search_term_string}\"},\"query-input\":{\"@type\":\"PropertyValueSpecification\",\"valueRequired\":true,\"valueName\":\"search_term_string\"}}],\"inLanguage\":\"de\"},{\"@type\":\"Organization\",\"@id\":\"https:\\\/\\\/www.strassenweb.de\\\/nachrichten\\\/#organization\",\"name\":\"Stra\u00dfenweb\",\"url\":\"https:\\\/\\\/www.strassenweb.de\\\/nachrichten\\\/\",\"logo\":{\"@type\":\"ImageObject\",\"inLanguage\":\"de\",\"@id\":\"https:\\\/\\\/www.strassenweb.de\\\/nachrichten\\\/#\\\/schema\\\/logo\\\/image\\\/\",\"url\":\"https:\\\/\\\/www.strassenweb.de\\\/nachrichten\\\/wp-content\\\/uploads\\\/2024\\\/09\\\/cropped-favicon.png\",\"contentUrl\":\"https:\\\/\\\/www.strassenweb.de\\\/nachrichten\\\/wp-content\\\/uploads\\\/2024\\\/09\\\/cropped-favicon.png\",\"width\":512,\"height\":512,\"caption\":\"Stra\u00dfenweb\"},\"image\":{\"@id\":\"https:\\\/\\\/www.strassenweb.de\\\/nachrichten\\\/#\\\/schema\\\/logo\\\/image\\\/\"},\"sameAs\":[\"https:\\\/\\\/www.facebook.com\\\/strassenweb\\\/\"]},{\"@type\":\"Person\",\"@id\":\"https:\\\/\\\/www.strassenweb.de\\\/nachrichten\\\/#\\\/schema\\\/person\\\/87c9c9067f1211da429a744dc5a5aa41\",\"name\":\"Robert Hoffmann\",\"image\":{\"@type\":\"ImageObject\",\"inLanguage\":\"de\",\"@id\":\"https:\\\/\\\/www.strassenweb.de\\\/nachrichten\\\/wp-content\\\/uploads\\\/2024\\\/09\\\/strassenweb-150x150.jpg\",\"url\":\"https:\\\/\\\/www.strassenweb.de\\\/nachrichten\\\/wp-content\\\/uploads\\\/2024\\\/09\\\/strassenweb-150x150.jpg\",\"contentUrl\":\"https:\\\/\\\/www.strassenweb.de\\\/nachrichten\\\/wp-content\\\/uploads\\\/2024\\\/09\\\/strassenweb-150x150.jpg\",\"caption\":\"Robert Hoffmann\"},\"description\":\"Ich hei\u00dfe Robert Hoffmann und ich bin ein leidenschaftlicher Verfechter von \u00d6kologie und Biodiversit\u00e4t. Seit meiner Kindheit in den W\u00e4ldern Bayerns f\u00fchle ich mich mit der Natur verbunden und bin entschlossen, sie zu sch\u00fctzen. Heute widme ich mein Leben der Sensibilisierung anderer f\u00fcr die Bedeutung des Umweltschutzes f\u00fcr zuk\u00fcnftige Generationen.\",\"sameAs\":[\"https:\\\/\\\/www.strassenweb.de\\\/\"]}]}<\/script>\n<!-- \/ Yoast SEO plugin. -->","yoast_head_json":{"title":"Der Patchwork-Quilt meiner Urgro\u00dfmutter ist pl\u00f6tzlich zum trendigsten St\u00fcck in meinem Zuhause-ich habe Designer gefragt, warum wir diesen nostalgischen Trend in diesem Sommer lieben - Nachrichten - Stra\u00dfenweb","robots":{"index":"index","follow":"follow","max-snippet":"max-snippet:-1","max-image-preview":"max-image-preview:large","max-video-preview":"max-video-preview:-1"},"canonical":"https:\/\/www.strassenweb.de\/nachrichten\/der-patchwork-quilt-meiner-urgrossmutter-ist-ploetzlich-zum-trendigsten-stueck-in-meinem-zuhause-ich-habe-designer-gefragt-warum-wir-diesen-nostalgischen-trend-in-diesem-sommer-lieben\/","og_locale":"de_DE","og_type":"article","og_title":"Der Patchwork-Quilt meiner Urgro\u00dfmutter ist pl\u00f6tzlich zum trendigsten St\u00fcck in meinem Zuhause-ich habe Designer gefragt, warum wir diesen nostalgischen Trend in diesem Sommer lieben - Nachrichten - Stra\u00dfenweb","og_description":"Am Fu\u00df meines Bettes sitzt eine blaue und rote Patchwork -Quilt. Es wurde von meiner Urgro\u00dfmutter handgefertigt, die es ihrer Tochter gab, und schlie\u00dflich arbeitete","og_url":"https:\/\/www.strassenweb.de\/nachrichten\/der-patchwork-quilt-meiner-urgrossmutter-ist-ploetzlich-zum-trendigsten-stueck-in-meinem-zuhause-ich-habe-designer-gefragt-warum-wir-diesen-nostalgischen-trend-in-diesem-sommer-lieben\/","og_site_name":"Stra\u00dfenweb","article_publisher":"https:\/\/www.facebook.com\/strassenweb\/","article_published_time":"2025-07-14T11:39:52+00:00","article_modified_time":"2025-07-14T11:39:54+00:00","og_image":[{"width":1024,"height":576,"url":"https:\/\/www.strassenweb.de\/nachrichten\/wp-content\/uploads\/2025\/07\/Der-Patchwork-Quilt-meiner-Urgrossmutter-ist-ploetzlich-zum-trendigsten-Stueck-in-1024x576.png","type":"image\/png"}],"author":"Robert Hoffmann","twitter_card":"summary_large_image","twitter_misc":{"Verfasst von":"Robert Hoffmann","Gesch\u00e4tzte Lesezeit":"4\u00a0Minuten"},"schema":{"@context":"https:\/\/schema.org","@graph":[{"@type":"Article","@id":"https:\/\/www.strassenweb.de\/nachrichten\/der-patchwork-quilt-meiner-urgrossmutter-ist-ploetzlich-zum-trendigsten-stueck-in-meinem-zuhause-ich-habe-designer-gefragt-warum-wir-diesen-nostalgischen-trend-in-diesem-sommer-lieben\/#article","isPartOf":{"@id":"https:\/\/www.strassenweb.de\/nachrichten\/der-patchwork-quilt-meiner-urgrossmutter-ist-ploetzlich-zum-trendigsten-stueck-in-meinem-zuhause-ich-habe-designer-gefragt-warum-wir-diesen-nostalgischen-trend-in-diesem-sommer-lieben\/"},"author":{"name":"Robert Hoffmann","@id":"https:\/\/www.strassenweb.de\/nachrichten\/#\/schema\/person\/87c9c9067f1211da429a744dc5a5aa41"},"headline":"Der Patchwork-Quilt meiner Urgro\u00dfmutter ist pl\u00f6tzlich zum trendigsten St\u00fcck in meinem Zuhause-ich habe Designer gefragt, warum wir diesen nostalgischen Trend in diesem Sommer lieben","datePublished":"2025-07-14T11:39:52+00:00","dateModified":"2025-07-14T11:39:54+00:00","mainEntityOfPage":{"@id":"https:\/\/www.strassenweb.de\/nachrichten\/der-patchwork-quilt-meiner-urgrossmutter-ist-ploetzlich-zum-trendigsten-stueck-in-meinem-zuhause-ich-habe-designer-gefragt-warum-wir-diesen-nostalgischen-trend-in-diesem-sommer-lieben\/"},"wordCount":847,"publisher":{"@id":"https:\/\/www.strassenweb.de\/nachrichten\/#organization"},"image":{"@id":"https:\/\/www.strassenweb.de\/nachrichten\/der-patchwork-quilt-meiner-urgrossmutter-ist-ploetzlich-zum-trendigsten-stueck-in-meinem-zuhause-ich-habe-designer-gefragt-warum-wir-diesen-nostalgischen-trend-in-diesem-sommer-lieben\/#primaryimage"},"thumbnailUrl":"https:\/\/www.strassenweb.de\/nachrichten\/wp-content\/uploads\/2025\/07\/Der-Patchwork-Quilt-meiner-Urgrossmutter-ist-ploetzlich-zum-trendigsten-Stueck-in.png","keywords":["der","Designer","diesem","diesen","gefragt","habe","ist","lieben","meinem","meiner","nostalgischen","PatchworkQuilt","Pl\u00f6tzlich","Sommer","St\u00fcck","Trend","trendigsten","Urgro\u00dfmutter","warum","wir","Zuhauseich","zum"],"articleSection":["Haus &amp; Garten"],"inLanguage":"de"},{"@type":"WebPage","@id":"https:\/\/www.strassenweb.de\/nachrichten\/der-patchwork-quilt-meiner-urgrossmutter-ist-ploetzlich-zum-trendigsten-stueck-in-meinem-zuhause-ich-habe-designer-gefragt-warum-wir-diesen-nostalgischen-trend-in-diesem-sommer-lieben\/","url":"https:\/\/www.strassenweb.de\/nachrichten\/der-patchwork-quilt-meiner-urgrossmutter-ist-ploetzlich-zum-trendigsten-stueck-in-meinem-zuhause-ich-habe-designer-gefragt-warum-wir-diesen-nostalgischen-trend-in-diesem-sommer-lieben\/","name":"Der Patchwork-Quilt meiner Urgro\u00dfmutter ist pl\u00f6tzlich zum trendigsten St\u00fcck in meinem Zuhause-ich habe Designer gefragt, warum wir diesen nostalgischen Trend in diesem Sommer lieben - Nachrichten - Stra\u00dfenweb","isPartOf":{"@id":"https:\/\/www.strassenweb.de\/nachrichten\/#website"},"primaryImageOfPage":{"@id":"https:\/\/www.strassenweb.de\/nachrichten\/der-patchwork-quilt-meiner-urgrossmutter-ist-ploetzlich-zum-trendigsten-stueck-in-meinem-zuhause-ich-habe-designer-gefragt-warum-wir-diesen-nostalgischen-trend-in-diesem-sommer-lieben\/#primaryimage"},"image":{"@id":"https:\/\/www.strassenweb.de\/nachrichten\/der-patchwork-quilt-meiner-urgrossmutter-ist-ploetzlich-zum-trendigsten-stueck-in-meinem-zuhause-ich-habe-designer-gefragt-warum-wir-diesen-nostalgischen-trend-in-diesem-sommer-lieben\/#primaryimage"},"thumbnailUrl":"https:\/\/www.strassenweb.de\/nachrichten\/wp-content\/uploads\/2025\/07\/Der-Patchwork-Quilt-meiner-Urgrossmutter-ist-ploetzlich-zum-trendigsten-Stueck-in.png","datePublished":"2025-07-14T11:39:52+00:00","dateModified":"2025-07-14T11:39:54+00:00","breadcrumb":{"@id":"https:\/\/www.strassenweb.de\/nachrichten\/der-patchwork-quilt-meiner-urgrossmutter-ist-ploetzlich-zum-trendigsten-stueck-in-meinem-zuhause-ich-habe-designer-gefragt-warum-wir-diesen-nostalgischen-trend-in-diesem-sommer-lieben\/#breadcrumb"},"inLanguage":"de","potentialAction":[{"@type":"ReadAction","target":["https:\/\/www.strassenweb.de\/nachrichten\/der-patchwork-quilt-meiner-urgrossmutter-ist-ploetzlich-zum-trendigsten-stueck-in-meinem-zuhause-ich-habe-designer-gefragt-warum-wir-diesen-nostalgischen-trend-in-diesem-sommer-lieben\/"]}]},{"@type":"ImageObject","inLanguage":"de","@id":"https:\/\/www.strassenweb.de\/nachrichten\/der-patchwork-quilt-meiner-urgrossmutter-ist-ploetzlich-zum-trendigsten-stueck-in-meinem-zuhause-ich-habe-designer-gefragt-warum-wir-diesen-nostalgischen-trend-in-diesem-sommer-lieben\/#primaryimage","url":"https:\/\/www.strassenweb.de\/nachrichten\/wp-content\/uploads\/2025\/07\/Der-Patchwork-Quilt-meiner-Urgrossmutter-ist-ploetzlich-zum-trendigsten-Stueck-in.png","contentUrl":"https:\/\/www.strassenweb.de\/nachrichten\/wp-content\/uploads\/2025\/07\/Der-Patchwork-Quilt-meiner-Urgrossmutter-ist-ploetzlich-zum-trendigsten-Stueck-in.png","width":1600,"height":900,"caption":"a bedroom nook with a patchwork bedspread, several pillows, a wooden dresser, wall sconces, and yellow wallpaper with ivy motifs"},{"@type":"BreadcrumbList","@id":"https:\/\/www.strassenweb.de\/nachrichten\/der-patchwork-quilt-meiner-urgrossmutter-ist-ploetzlich-zum-trendigsten-stueck-in-meinem-zuhause-ich-habe-designer-gefragt-warum-wir-diesen-nostalgischen-trend-in-diesem-sommer-lieben\/#breadcrumb","itemListElement":[{"@type":"ListItem","position":1,"name":"Home","item":"https:\/\/www.strassenweb.de\/nachrichten\/"},{"@type":"ListItem","position":2,"name":"Der Patchwork-Quilt meiner Urgro\u00dfmutter ist pl\u00f6tzlich zum trendigsten St\u00fcck in meinem Zuhause-ich habe Designer gefragt, warum wir diesen nostalgischen Trend in diesem Sommer lieben"}]},{"@type":"WebSite","@id":"https:\/\/www.strassenweb.de\/nachrichten\/#website","url":"https:\/\/www.strassenweb.de\/nachrichten\/","name":"Stra\u00dfenweb","description":"Stra\u00dfenverzeichnis f\u00fcr Deutschland","publisher":{"@id":"https:\/\/www.strassenweb.de\/nachrichten\/#organization"},"potentialAction":[{"@type":"SearchAction","target":{"@type":"EntryPoint","urlTemplate":"https:\/\/www.strassenweb.de\/nachrichten\/?s={search_term_string}"},"query-input":{"@type":"PropertyValueSpecification","valueRequired":true,"valueName":"search_term_string"}}],"inLanguage":"de"},{"@type":"Organization","@id":"https:\/\/www.strassenweb.de\/nachrichten\/#organization","name":"Stra\u00dfenweb","url":"https:\/\/www.strassenweb.de\/nachrichten\/","logo":{"@type":"ImageObject","inLanguage":"de","@id":"https:\/\/www.strassenweb.de\/nachrichten\/#\/schema\/logo\/image\/","url":"https:\/\/www.strassenweb.de\/nachrichten\/wp-content\/uploads\/2024\/09\/cropped-favicon.png","contentUrl":"https:\/\/www.strassenweb.de\/nachrichten\/wp-content\/uploads\/2024\/09\/cropped-favicon.png","width":512,"height":512,"caption":"Stra\u00dfenweb"},"image":{"@id":"https:\/\/www.strassenweb.de\/nachrichten\/#\/schema\/logo\/image\/"},"sameAs":["https:\/\/www.facebook.com\/strassenweb\/"]},{"@type":"Person","@id":"https:\/\/www.strassenweb.de\/nachrichten\/#\/schema\/person\/87c9c9067f1211da429a744dc5a5aa41","name":"Robert Hoffmann","image":{"@type":"ImageObject","inLanguage":"de","@id":"https:\/\/www.strassenweb.de\/nachrichten\/wp-content\/uploads\/2024\/09\/strassenweb-150x150.jpg","url":"https:\/\/www.strassenweb.de\/nachrichten\/wp-content\/uploads\/2024\/09\/strassenweb-150x150.jpg","contentUrl":"https:\/\/www.strassenweb.de\/nachrichten\/wp-content\/uploads\/2024\/09\/strassenweb-150x150.jpg","caption":"Robert Hoffmann"},"description":"Ich hei\u00dfe Robert Hoffmann und ich bin ein leidenschaftlicher Verfechter von \u00d6kologie und Biodiversit\u00e4t. Seit meiner Kindheit in den W\u00e4ldern Bayerns f\u00fchle ich mich mit der Natur verbunden und bin entschlossen, sie zu sch\u00fctzen. Heute widme ich mein Leben der Sensibilisierung anderer f\u00fcr die Bedeutung des Umweltschutzes f\u00fcr zuk\u00fcnftige Generationen.","sameAs":["https:\/\/www.strassenweb.de\/"]}]}},"_links":{"self":[{"href":"https:\/\/www.strassenweb.de\/nachrichten\/wp-json\/wp\/v2\/posts\/6242","targetHints":{"allow":["GET"]}}],"collection":[{"href":"https:\/\/www.strassenweb.de\/nachrichten\/wp-json\/wp\/v2\/posts"}],"about":[{"href":"https:\/\/www.strassenweb.de\/nachrichten\/wp-json\/wp\/v2\/types\/post"}],"author":[{"embeddable":true,"href":"https:\/\/www.strassenweb.de\/nachrichten\/wp-json\/wp\/v2\/users\/1"}],"replies":[{"embeddable":true,"href":"https:\/\/www.strassenweb.de\/nachrichten\/wp-json\/wp\/v2\/comments?post=6242"}],"version-history":[{"count":0,"href":"https:\/\/www.strassenweb.de\/nachrichten\/wp-json\/wp\/v2\/posts\/6242\/revisions"}],"wp:featuredmedia":[{"embeddable":true,"href":"https:\/\/www.strassenweb.de\/nachrichten\/wp-json\/wp\/v2\/media\/6243"}],"wp:attachment":[{"href":"https:\/\/www.strassenweb.de\/nachrichten\/wp-json\/wp\/v2\/media?parent=6242"}],"wp:term":[{"taxonomy":"category","embeddable":true,"href":"https:\/\/www.strassenweb.de\/nachrichten\/wp-json\/wp\/v2\/categories?post=6242"},{"taxonomy":"post_tag","embeddable":true,"href":"https:\/\/www.strassenweb.de\/nachrichten\/wp-json\/wp\/v2\/tags?post=6242"}],"curies":[{"name":"wp","href":"https:\/\/api.w.org\/{rel}","templated":true}]}}