{"id":6193,"date":"2025-07-11T13:40:35","date_gmt":"2025-07-11T11:40:35","guid":{"rendered":"https:\/\/www.strassenweb.de\/nachrichten\/was-wuerde-martha-tun-wir-haben-den-amazon-prime-day-sale-mit-nur-martha-stewarts-sage-ratschlaege-eingekauft\/"},"modified":"2025-07-11T13:40:36","modified_gmt":"2025-07-11T11:40:36","slug":"was-wuerde-martha-tun-wir-haben-den-amazon-prime-day-sale-mit-nur-martha-stewarts-sage-ratschlaege-eingekauft","status":"publish","type":"post","link":"https:\/\/www.strassenweb.de\/nachrichten\/was-wuerde-martha-tun-wir-haben-den-amazon-prime-day-sale-mit-nur-martha-stewarts-sage-ratschlaege-eingekauft\/","title":{"rendered":"Was w\u00fcrde Martha tun? Wir haben den Amazon Prime Day Sale mit nur Martha Stewarts Sage -Ratschl\u00e4ge eingekauft"},"content":{"rendered":"<div id=\"article-body\" class=\"article__body \">\n<p>Wenn Sie sich die Amazon Prime -Angebote analysieren, ist es hilfreich, eine Vision im Sinn zu haben: Welchen Stil m\u00f6chten Sie emulieren? Oder genauer gesagt f\u00fcr das Promi -Style -Team bei <em>H\u00e4user &#038; G\u00e4rten<\/em>Anwesend <em>wessen <\/em>Stil m\u00f6chten Sie nachahmen?<\/p>\n<div id=\"ad-unit-1\" class=\"ad-unit\"><\/div>\n<p>Die st\u00e4ndige Antwort f\u00fcr uns hier ist Martha Stewart. Praktisch und doch schick, Marthas nachdenkliche Dekorentscheidungen, Experten -Ger\u00e4te sowie Zubeh\u00f6r -Picks sind immer auf unserem Radar. Wir haben uns also entschlossen, einige der erm\u00e4\u00dfigten Artikel zusammenzusetzen, von denen sie glauben, dass sie w\u00e4hrend dieser Verkaufszeit ausw\u00e4hlen w\u00fcrde.<\/p>\n<aside data-block-type=\"embed\" data-render-type=\"fte\" data-skip=\"dealsy\" data-widget-type=\"seasonal\" class=\"hawk-base\"><\/aside>\n<p>Von ihrem Lieblings -Standmixer bis hin zu Gartenfu\u00dfg\u00fctern beginnen diese St\u00fccke bei nur 15 US -Dollar &#8211; aber es ist Zeit, schnell zu handeln, da heute der letzte Tag des Prime Day -Events von Amazon ist. Es ist Zeit, Martha am letzten Tag des Verkaufs zu kanalisieren!<\/p>\n<div class=\"van_vid_carousel\">\n<div class=\"van_vid_carousel__padding\">\n<div class=\"van_vid_carousel__container\"><\/div>\n<\/div>\n<\/div>\n<aside data-component-name=\"Recirculation:ArticleRiver\" data-nosnippet class=\"pt-3 pb-4 mb-4 border-b border-solid border-(#333)\">\n<span class=\"\nafter:content-('') after:flex-1 after:ml-4 after:my-(0.7rem) after:border-t-(#333) after:border-t after:border-solid\nbefore:content-('') before:flex-1 before:mr-4 before:my-(0.7rem) before:border-t-(#333) before:border-t before:border-solid\nfont-article-heading pb-3 !text-base font-bold uppercase sm:text-sm text-(#333) flex\"><\/p>\n<p>Sie m\u00f6gen m\u00f6gen<br \/>\n<\/span><\/p>\n<ul class=\"flex flex-col gap-3 m-0\">\n<li class=\"m-0 list-none\" name=\"recirculation-inline\" data-analytics-id=\"recirculation-inline-1\" analytics-label=\"adviser:related\">\n<picture data-new-v2-image=\"true\" class=\"w-(--article-river-thumbnail-width,60px) flex-shrink-0\"><source type=\"image\/webp\"  ><\/source><\/p>\n<\/picture>\n<span class=\"hover:text-inherit font-article-heading text-base text-(#333) leading-5 content-center\">Martha Stewart hat das Hosting-Essentials entworfen, um jeden Tisch teuer aussehen zu lassen-ihre Must-Have-St\u00fccke sind auf Wayfair tief versteckt (f\u00fcr unter 15 US-Dollar).<\/span><\/p>\n<\/li>\n<li class=\"m-0 list-none\" name=\"recirculation-inline\" data-analytics-id=\"recirculation-inline-2\" analytics-label=\"adviser:related\">\n<picture data-new-v2-image=\"true\" class=\"w-(--article-river-thumbnail-width,60px) flex-shrink-0\"><source type=\"image\/webp\"  ><\/source><br \/>\n<img decoding=\"async\" alt=\"Martha Stewart\"   loading=\"lazy\" data-new-v2-image=\"true\" src=\"https:\/\/www.strassenweb.de\/nachrichten\/wp-content\/uploads\/2025\/05\/pYWhpthXmUEM6Z3xfGrQh3.jpg\" data-pin-media=\"https:\/\/www.strassenweb.de\/nachrichten\/wp-content\/uploads\/2025\/05\/pYWhpthXmUEM6Z3xfGrQh3.jpg\" data-pin-nopin=\"true\" class=\"aspect-(--img-listing-aspect-ratio,16\/9) object-cover w-(--article-river-thumbnail-width,60px) flex-shrink-0\">\n<\/picture>\n<span class=\"hover:text-inherit font-article-heading text-base text-(#333) leading-5 content-center\">Das unerwartete Geheimnis meines stilvollen Freundes f\u00fcr atemberaubende Sitzgelegenheiten im Freien: Diese Martha Stewart -Kissen (f\u00fcr unter 43 US -Dollar)<\/span><\/p>\n<\/li>\n<\/ul>\n<\/aside>\n<h3 class=\"article-body__section\" id=\"section-martha-inspired-hosting-essentials\"><span>Martha-inspirierte Hosting Essentials<\/span><\/h3>\n<p>Martha Stewarts Hosting -Philosophie ist einfach und stilvoll, genau wie sie. Es kombiniert strategische Planung mit pers\u00f6nlichem Flair, Humor und wundersch\u00f6nen Tischgeschirr, \u00e4hnlich wie diese Teile unten. Planen Sie bald, bald zu hosten? Diese sch\u00f6nen Produkte geben Ihre G\u00e4ste das Gef\u00fchl, in einem der legend\u00e4ren H\u00e4user von Martha zu speisen.<\/p>\n<div id=\"ad-unit-2\" class=\"ad-unit\"><\/div>\n<div class=\"product-container hero-product-container product-block-no-wrap\">\n<div class=\"product-block-row\"><\/div>\n<div class=\"product-block-row\"><\/div>\n<div class=\"product-block-row\"><\/div>\n<\/div>\n<h3 class=\"article-body__section\" id=\"section-summery-textiles-to-brighten-a-room\"><span>Sommerliche Textilien, um einen Raum aufzuhellen<\/span><\/h3>\n<p>Verschieden gef\u00e4rbte Stoffe und Textilien haben die M\u00f6glichkeit, einen Raum zu verwandeln und ihn von einem sterilen Raum in eine warme, einladende Umgebung zu verwandeln.<\/p>\n<p>Niemand wei\u00df das wie Martha. Zuvor hat sie eine Reihe von strukturierten Wesentlichen entworfen, darunter Vorh\u00e4nge und Kissen, die in ihrer Amazon -Kollektion erh\u00e4ltlich sind. Wir sind jedoch von diesen St\u00fccken von Ratschl\u00e4gen inspiriert, die sie in der Vergangenheit geteilt hat, einschlie\u00dflich ihrer Liebe zu Gray, was unm\u00f6glich ist, in ihrem Haus in Bedford zu ignorieren.<\/p>\n<div class=\"product-container hero-product-container product-block-no-wrap\">\n<div class=\"product-block-row\"><\/div>\n<div class=\"product-block-row\"><\/div>\n<div class=\"product-block-row\"><\/div>\n<\/div>\n<h3 class=\"article-body__section\" id=\"section-martha-s-ultimate-gardening-essentials\"><span>Marthas ultimative Gartenarbeit wesentlich<\/span><\/h3>\n<p>Martha Stewart betrachtet Gartenarbeit sowohl als disziplinierte Praxis als auch als herzlicher Lebensstil.<\/p>\n<div id=\"slice-container-newsletterForm-articleInbodyContent-QQixX2JEnHk2PrgfxVcPAE\" class=\"slice-container newsletter-inbodyContent-slice newsletterForm-articleInbodyContent-QQixX2JEnHk2PrgfxVcPAE slice-container-newsletterForm\"><\/div>\n<p>Sie ist bekannt, eine Routine am fr\u00fchen Morgen zu beherrschen, das Geheimnis ihrer wundersch\u00f6nen Roseng\u00e4rten, Gem\u00fcsediagramme und ihren reichlich vorhandenen Gew\u00e4chsh\u00e4usern. \u00c4hnlich wie bei ihren Tipps f\u00fcr Innenarchitektur und Homecare hat ihre Garten Weisheit \u00fcber Jahrzehnte zugenommen und technisches Know-how, kreatives Flair und emotionale Erf\u00fcllung kombiniert. Diese St\u00fccke sind der ultimative Ausgangspunkt f\u00fcr ihren Erfolg.<\/p>\n<div class=\"product-container hero-product-container product-block-no-wrap\">\n<div class=\"product-block-row\"><\/div>\n<div class=\"product-block-row\"><\/div>\n<div class=\"product-block-row\"><\/div>\n<\/div>\n<hr>\n<p>Wir sind solche Fans von Martha Stewarts Sammlungen, aber diese Tipps sind Ihr Geld genauso wert. Sie sind zeitlos, funktional und stilvoll: drei S\u00e4ulen von Martha Stewart, die sicherstellen, dass sie der urspr\u00fcngliche (und un\u00fcbertroffene) Influencer ist. Viel Spa\u00df beim Einkaufen, der Martha -Weg.<\/p>\n<hr>\n<div class=\"block\" id=\"articleTag\" data-component-name=\"PostArticleLinks\">\n<div class=\"border-b border-b-black border-solid py-2.5 text-black font-bold uppercase\">Themen<\/div>\n<nav class=\"py-2.5 flex gap-2.5 flex-wrap\" data-analytics-id=\"article-tag\">\n<p>Martha Stewart Amazon Prime Day<br \/>\n<\/nav>\n<\/div>\n<\/div>\n","protected":false},"excerpt":{"rendered":"<p>Wenn Sie sich die Amazon Prime -Angebote analysieren, ist es hilfreich, eine Vision im Sinn zu haben: Welchen Stil m\u00f6chten Sie emulieren? Oder genauer gesagt<\/p>\n","protected":false},"author":1,"featured_media":4936,"comment_status":"closed","ping_status":"","sticky":false,"template":"","format":"standard","meta":{"footnotes":""},"categories":[118],"tags":[921,1273,78,8573,469,2894,146,54,1475,2633,8447,6238,2895,553,411,1529],"class_list":["post-6193","post","type-post","status-publish","format-standard","has-post-thumbnail","hentry","category-haus-garten","tag-amazon","tag-day","tag-den","tag-eingekauft","tag-haben","tag-martha","tag-mit","tag-nur","tag-prime","tag-ratschlaege","tag-sage","tag-sale","tag-stewarts","tag-tun","tag-wir","tag-wuerde","generate-columns","tablet-grid-50","mobile-grid-100","grid-parent","grid-50"],"yoast_head":"<!-- This site is optimized with the Yoast SEO plugin v27.3 - https:\/\/yoast.com\/product\/yoast-seo-wordpress\/ -->\n<title>Was w\u00fcrde Martha tun? Wir haben den Amazon Prime Day Sale mit nur Martha Stewarts Sage -Ratschl\u00e4ge eingekauft - Nachrichten - Stra\u00dfenweb<\/title>\n<meta name=\"robots\" content=\"index, follow, max-snippet:-1, max-image-preview:large, max-video-preview:-1\" \/>\n<link rel=\"canonical\" href=\"https:\/\/www.strassenweb.de\/nachrichten\/was-wuerde-martha-tun-wir-haben-den-amazon-prime-day-sale-mit-nur-martha-stewarts-sage-ratschlaege-eingekauft\/\" \/>\n<meta property=\"og:locale\" content=\"de_DE\" \/>\n<meta property=\"og:type\" content=\"article\" \/>\n<meta property=\"og:title\" content=\"Was w\u00fcrde Martha tun? Wir haben den Amazon Prime Day Sale mit nur Martha Stewarts Sage -Ratschl\u00e4ge eingekauft - Nachrichten - Stra\u00dfenweb\" \/>\n<meta property=\"og:description\" content=\"Wenn Sie sich die Amazon Prime -Angebote analysieren, ist es hilfreich, eine Vision im Sinn zu haben: Welchen Stil m\u00f6chten Sie emulieren? Oder genauer gesagt\" \/>\n<meta property=\"og:url\" content=\"https:\/\/www.strassenweb.de\/nachrichten\/was-wuerde-martha-tun-wir-haben-den-amazon-prime-day-sale-mit-nur-martha-stewarts-sage-ratschlaege-eingekauft\/\" \/>\n<meta property=\"og:site_name\" content=\"Stra\u00dfenweb\" \/>\n<meta property=\"article:publisher\" content=\"https:\/\/www.facebook.com\/strassenweb\/\" \/>\n<meta property=\"article:published_time\" content=\"2025-07-11T11:40:35+00:00\" \/>\n<meta property=\"article:modified_time\" content=\"2025-07-11T11:40:36+00:00\" \/>\n<meta property=\"og:image\" content=\"https:\/\/www.strassenweb.de\/nachrichten\/wp-content\/uploads\/2025\/05\/rnzho2YbjY25YLV5MmuttK.jpg\" \/>\n\t<meta property=\"og:image:width\" content=\"1600\" \/>\n\t<meta property=\"og:image:height\" content=\"900\" \/>\n\t<meta property=\"og:image:type\" content=\"image\/jpeg\" \/>\n<meta name=\"author\" content=\"Robert Hoffmann\" \/>\n<meta name=\"twitter:card\" content=\"summary_large_image\" \/>\n<meta name=\"twitter:label1\" content=\"Verfasst von\" \/>\n\t<meta name=\"twitter:data1\" content=\"Robert Hoffmann\" \/>\n\t<meta name=\"twitter:label2\" content=\"Gesch\u00e4tzte Lesezeit\" \/>\n\t<meta name=\"twitter:data2\" content=\"2\u00a0Minuten\" \/>\n<script type=\"application\/ld+json\" class=\"yoast-schema-graph\">{\"@context\":\"https:\\\/\\\/schema.org\",\"@graph\":[{\"@type\":\"Article\",\"@id\":\"https:\\\/\\\/www.strassenweb.de\\\/nachrichten\\\/was-wuerde-martha-tun-wir-haben-den-amazon-prime-day-sale-mit-nur-martha-stewarts-sage-ratschlaege-eingekauft\\\/#article\",\"isPartOf\":{\"@id\":\"https:\\\/\\\/www.strassenweb.de\\\/nachrichten\\\/was-wuerde-martha-tun-wir-haben-den-amazon-prime-day-sale-mit-nur-martha-stewarts-sage-ratschlaege-eingekauft\\\/\"},\"author\":{\"name\":\"Robert Hoffmann\",\"@id\":\"https:\\\/\\\/www.strassenweb.de\\\/nachrichten\\\/#\\\/schema\\\/person\\\/87c9c9067f1211da429a744dc5a5aa41\"},\"headline\":\"Was w\u00fcrde Martha tun? Wir haben den Amazon Prime Day Sale mit nur Martha Stewarts Sage -Ratschl\u00e4ge eingekauft\",\"datePublished\":\"2025-07-11T11:40:35+00:00\",\"dateModified\":\"2025-07-11T11:40:36+00:00\",\"mainEntityOfPage\":{\"@id\":\"https:\\\/\\\/www.strassenweb.de\\\/nachrichten\\\/was-wuerde-martha-tun-wir-haben-den-amazon-prime-day-sale-mit-nur-martha-stewarts-sage-ratschlaege-eingekauft\\\/\"},\"wordCount\":507,\"publisher\":{\"@id\":\"https:\\\/\\\/www.strassenweb.de\\\/nachrichten\\\/#organization\"},\"image\":{\"@id\":\"https:\\\/\\\/www.strassenweb.de\\\/nachrichten\\\/was-wuerde-martha-tun-wir-haben-den-amazon-prime-day-sale-mit-nur-martha-stewarts-sage-ratschlaege-eingekauft\\\/#primaryimage\"},\"thumbnailUrl\":\"https:\\\/\\\/www.strassenweb.de\\\/nachrichten\\\/wp-content\\\/uploads\\\/2025\\\/05\\\/rnzho2YbjY25YLV5MmuttK.jpg\",\"keywords\":[\"Amazon\",\"Day\",\"den\",\"eingekauft\",\"haben\",\"Martha\",\"mit\",\"nur\",\"Prime\",\"Ratschl\u00e4ge\",\"Sage\",\"Sale\",\"Stewarts\",\"tun\",\"wir\",\"w\u00fcrde\"],\"articleSection\":[\"Haus &amp; Garten\"],\"inLanguage\":\"de\"},{\"@type\":\"WebPage\",\"@id\":\"https:\\\/\\\/www.strassenweb.de\\\/nachrichten\\\/was-wuerde-martha-tun-wir-haben-den-amazon-prime-day-sale-mit-nur-martha-stewarts-sage-ratschlaege-eingekauft\\\/\",\"url\":\"https:\\\/\\\/www.strassenweb.de\\\/nachrichten\\\/was-wuerde-martha-tun-wir-haben-den-amazon-prime-day-sale-mit-nur-martha-stewarts-sage-ratschlaege-eingekauft\\\/\",\"name\":\"Was w\u00fcrde Martha tun? Wir haben den Amazon Prime Day Sale mit nur Martha Stewarts Sage -Ratschl\u00e4ge eingekauft - Nachrichten - Stra\u00dfenweb\",\"isPartOf\":{\"@id\":\"https:\\\/\\\/www.strassenweb.de\\\/nachrichten\\\/#website\"},\"primaryImageOfPage\":{\"@id\":\"https:\\\/\\\/www.strassenweb.de\\\/nachrichten\\\/was-wuerde-martha-tun-wir-haben-den-amazon-prime-day-sale-mit-nur-martha-stewarts-sage-ratschlaege-eingekauft\\\/#primaryimage\"},\"image\":{\"@id\":\"https:\\\/\\\/www.strassenweb.de\\\/nachrichten\\\/was-wuerde-martha-tun-wir-haben-den-amazon-prime-day-sale-mit-nur-martha-stewarts-sage-ratschlaege-eingekauft\\\/#primaryimage\"},\"thumbnailUrl\":\"https:\\\/\\\/www.strassenweb.de\\\/nachrichten\\\/wp-content\\\/uploads\\\/2025\\\/05\\\/rnzho2YbjY25YLV5MmuttK.jpg\",\"datePublished\":\"2025-07-11T11:40:35+00:00\",\"dateModified\":\"2025-07-11T11:40:36+00:00\",\"breadcrumb\":{\"@id\":\"https:\\\/\\\/www.strassenweb.de\\\/nachrichten\\\/was-wuerde-martha-tun-wir-haben-den-amazon-prime-day-sale-mit-nur-martha-stewarts-sage-ratschlaege-eingekauft\\\/#breadcrumb\"},\"inLanguage\":\"de\",\"potentialAction\":[{\"@type\":\"ReadAction\",\"target\":[\"https:\\\/\\\/www.strassenweb.de\\\/nachrichten\\\/was-wuerde-martha-tun-wir-haben-den-amazon-prime-day-sale-mit-nur-martha-stewarts-sage-ratschlaege-eingekauft\\\/\"]}]},{\"@type\":\"ImageObject\",\"inLanguage\":\"de\",\"@id\":\"https:\\\/\\\/www.strassenweb.de\\\/nachrichten\\\/was-wuerde-martha-tun-wir-haben-den-amazon-prime-day-sale-mit-nur-martha-stewarts-sage-ratschlaege-eingekauft\\\/#primaryimage\",\"url\":\"https:\\\/\\\/www.strassenweb.de\\\/nachrichten\\\/wp-content\\\/uploads\\\/2025\\\/05\\\/rnzho2YbjY25YLV5MmuttK.jpg\",\"contentUrl\":\"https:\\\/\\\/www.strassenweb.de\\\/nachrichten\\\/wp-content\\\/uploads\\\/2025\\\/05\\\/rnzho2YbjY25YLV5MmuttK.jpg\",\"width\":1600,\"height\":900,\"caption\":\"Martha Stewart\"},{\"@type\":\"BreadcrumbList\",\"@id\":\"https:\\\/\\\/www.strassenweb.de\\\/nachrichten\\\/was-wuerde-martha-tun-wir-haben-den-amazon-prime-day-sale-mit-nur-martha-stewarts-sage-ratschlaege-eingekauft\\\/#breadcrumb\",\"itemListElement\":[{\"@type\":\"ListItem\",\"position\":1,\"name\":\"Home\",\"item\":\"https:\\\/\\\/www.strassenweb.de\\\/nachrichten\\\/\"},{\"@type\":\"ListItem\",\"position\":2,\"name\":\"Was w\u00fcrde Martha tun? Wir haben den Amazon Prime Day Sale mit nur Martha Stewarts Sage -Ratschl\u00e4ge eingekauft\"}]},{\"@type\":\"WebSite\",\"@id\":\"https:\\\/\\\/www.strassenweb.de\\\/nachrichten\\\/#website\",\"url\":\"https:\\\/\\\/www.strassenweb.de\\\/nachrichten\\\/\",\"name\":\"Stra\u00dfenweb\",\"description\":\"Stra\u00dfenverzeichnis f\u00fcr Deutschland\",\"publisher\":{\"@id\":\"https:\\\/\\\/www.strassenweb.de\\\/nachrichten\\\/#organization\"},\"potentialAction\":[{\"@type\":\"SearchAction\",\"target\":{\"@type\":\"EntryPoint\",\"urlTemplate\":\"https:\\\/\\\/www.strassenweb.de\\\/nachrichten\\\/?s={search_term_string}\"},\"query-input\":{\"@type\":\"PropertyValueSpecification\",\"valueRequired\":true,\"valueName\":\"search_term_string\"}}],\"inLanguage\":\"de\"},{\"@type\":\"Organization\",\"@id\":\"https:\\\/\\\/www.strassenweb.de\\\/nachrichten\\\/#organization\",\"name\":\"Stra\u00dfenweb\",\"url\":\"https:\\\/\\\/www.strassenweb.de\\\/nachrichten\\\/\",\"logo\":{\"@type\":\"ImageObject\",\"inLanguage\":\"de\",\"@id\":\"https:\\\/\\\/www.strassenweb.de\\\/nachrichten\\\/#\\\/schema\\\/logo\\\/image\\\/\",\"url\":\"https:\\\/\\\/www.strassenweb.de\\\/nachrichten\\\/wp-content\\\/uploads\\\/2024\\\/09\\\/cropped-favicon.png\",\"contentUrl\":\"https:\\\/\\\/www.strassenweb.de\\\/nachrichten\\\/wp-content\\\/uploads\\\/2024\\\/09\\\/cropped-favicon.png\",\"width\":512,\"height\":512,\"caption\":\"Stra\u00dfenweb\"},\"image\":{\"@id\":\"https:\\\/\\\/www.strassenweb.de\\\/nachrichten\\\/#\\\/schema\\\/logo\\\/image\\\/\"},\"sameAs\":[\"https:\\\/\\\/www.facebook.com\\\/strassenweb\\\/\"]},{\"@type\":\"Person\",\"@id\":\"https:\\\/\\\/www.strassenweb.de\\\/nachrichten\\\/#\\\/schema\\\/person\\\/87c9c9067f1211da429a744dc5a5aa41\",\"name\":\"Robert Hoffmann\",\"image\":{\"@type\":\"ImageObject\",\"inLanguage\":\"de\",\"@id\":\"https:\\\/\\\/www.strassenweb.de\\\/nachrichten\\\/wp-content\\\/uploads\\\/2024\\\/09\\\/strassenweb-150x150.jpg\",\"url\":\"https:\\\/\\\/www.strassenweb.de\\\/nachrichten\\\/wp-content\\\/uploads\\\/2024\\\/09\\\/strassenweb-150x150.jpg\",\"contentUrl\":\"https:\\\/\\\/www.strassenweb.de\\\/nachrichten\\\/wp-content\\\/uploads\\\/2024\\\/09\\\/strassenweb-150x150.jpg\",\"caption\":\"Robert Hoffmann\"},\"description\":\"Ich hei\u00dfe Robert Hoffmann und ich bin ein leidenschaftlicher Verfechter von \u00d6kologie und Biodiversit\u00e4t. Seit meiner Kindheit in den W\u00e4ldern Bayerns f\u00fchle ich mich mit der Natur verbunden und bin entschlossen, sie zu sch\u00fctzen. Heute widme ich mein Leben der Sensibilisierung anderer f\u00fcr die Bedeutung des Umweltschutzes f\u00fcr zuk\u00fcnftige Generationen.\",\"sameAs\":[\"https:\\\/\\\/www.strassenweb.de\\\/\"]}]}<\/script>\n<!-- \/ Yoast SEO plugin. -->","yoast_head_json":{"title":"Was w\u00fcrde Martha tun? Wir haben den Amazon Prime Day Sale mit nur Martha Stewarts Sage -Ratschl\u00e4ge eingekauft - Nachrichten - Stra\u00dfenweb","robots":{"index":"index","follow":"follow","max-snippet":"max-snippet:-1","max-image-preview":"max-image-preview:large","max-video-preview":"max-video-preview:-1"},"canonical":"https:\/\/www.strassenweb.de\/nachrichten\/was-wuerde-martha-tun-wir-haben-den-amazon-prime-day-sale-mit-nur-martha-stewarts-sage-ratschlaege-eingekauft\/","og_locale":"de_DE","og_type":"article","og_title":"Was w\u00fcrde Martha tun? Wir haben den Amazon Prime Day Sale mit nur Martha Stewarts Sage -Ratschl\u00e4ge eingekauft - Nachrichten - Stra\u00dfenweb","og_description":"Wenn Sie sich die Amazon Prime -Angebote analysieren, ist es hilfreich, eine Vision im Sinn zu haben: Welchen Stil m\u00f6chten Sie emulieren? Oder genauer gesagt","og_url":"https:\/\/www.strassenweb.de\/nachrichten\/was-wuerde-martha-tun-wir-haben-den-amazon-prime-day-sale-mit-nur-martha-stewarts-sage-ratschlaege-eingekauft\/","og_site_name":"Stra\u00dfenweb","article_publisher":"https:\/\/www.facebook.com\/strassenweb\/","article_published_time":"2025-07-11T11:40:35+00:00","article_modified_time":"2025-07-11T11:40:36+00:00","og_image":[{"width":1600,"height":900,"url":"https:\/\/www.strassenweb.de\/nachrichten\/wp-content\/uploads\/2025\/05\/rnzho2YbjY25YLV5MmuttK.jpg","type":"image\/jpeg"}],"author":"Robert Hoffmann","twitter_card":"summary_large_image","twitter_misc":{"Verfasst von":"Robert Hoffmann","Gesch\u00e4tzte Lesezeit":"2\u00a0Minuten"},"schema":{"@context":"https:\/\/schema.org","@graph":[{"@type":"Article","@id":"https:\/\/www.strassenweb.de\/nachrichten\/was-wuerde-martha-tun-wir-haben-den-amazon-prime-day-sale-mit-nur-martha-stewarts-sage-ratschlaege-eingekauft\/#article","isPartOf":{"@id":"https:\/\/www.strassenweb.de\/nachrichten\/was-wuerde-martha-tun-wir-haben-den-amazon-prime-day-sale-mit-nur-martha-stewarts-sage-ratschlaege-eingekauft\/"},"author":{"name":"Robert Hoffmann","@id":"https:\/\/www.strassenweb.de\/nachrichten\/#\/schema\/person\/87c9c9067f1211da429a744dc5a5aa41"},"headline":"Was w\u00fcrde Martha tun? Wir haben den Amazon Prime Day Sale mit nur Martha Stewarts Sage -Ratschl\u00e4ge eingekauft","datePublished":"2025-07-11T11:40:35+00:00","dateModified":"2025-07-11T11:40:36+00:00","mainEntityOfPage":{"@id":"https:\/\/www.strassenweb.de\/nachrichten\/was-wuerde-martha-tun-wir-haben-den-amazon-prime-day-sale-mit-nur-martha-stewarts-sage-ratschlaege-eingekauft\/"},"wordCount":507,"publisher":{"@id":"https:\/\/www.strassenweb.de\/nachrichten\/#organization"},"image":{"@id":"https:\/\/www.strassenweb.de\/nachrichten\/was-wuerde-martha-tun-wir-haben-den-amazon-prime-day-sale-mit-nur-martha-stewarts-sage-ratschlaege-eingekauft\/#primaryimage"},"thumbnailUrl":"https:\/\/www.strassenweb.de\/nachrichten\/wp-content\/uploads\/2025\/05\/rnzho2YbjY25YLV5MmuttK.jpg","keywords":["Amazon","Day","den","eingekauft","haben","Martha","mit","nur","Prime","Ratschl\u00e4ge","Sage","Sale","Stewarts","tun","wir","w\u00fcrde"],"articleSection":["Haus &amp; Garten"],"inLanguage":"de"},{"@type":"WebPage","@id":"https:\/\/www.strassenweb.de\/nachrichten\/was-wuerde-martha-tun-wir-haben-den-amazon-prime-day-sale-mit-nur-martha-stewarts-sage-ratschlaege-eingekauft\/","url":"https:\/\/www.strassenweb.de\/nachrichten\/was-wuerde-martha-tun-wir-haben-den-amazon-prime-day-sale-mit-nur-martha-stewarts-sage-ratschlaege-eingekauft\/","name":"Was w\u00fcrde Martha tun? Wir haben den Amazon Prime Day Sale mit nur Martha Stewarts Sage -Ratschl\u00e4ge eingekauft - Nachrichten - Stra\u00dfenweb","isPartOf":{"@id":"https:\/\/www.strassenweb.de\/nachrichten\/#website"},"primaryImageOfPage":{"@id":"https:\/\/www.strassenweb.de\/nachrichten\/was-wuerde-martha-tun-wir-haben-den-amazon-prime-day-sale-mit-nur-martha-stewarts-sage-ratschlaege-eingekauft\/#primaryimage"},"image":{"@id":"https:\/\/www.strassenweb.de\/nachrichten\/was-wuerde-martha-tun-wir-haben-den-amazon-prime-day-sale-mit-nur-martha-stewarts-sage-ratschlaege-eingekauft\/#primaryimage"},"thumbnailUrl":"https:\/\/www.strassenweb.de\/nachrichten\/wp-content\/uploads\/2025\/05\/rnzho2YbjY25YLV5MmuttK.jpg","datePublished":"2025-07-11T11:40:35+00:00","dateModified":"2025-07-11T11:40:36+00:00","breadcrumb":{"@id":"https:\/\/www.strassenweb.de\/nachrichten\/was-wuerde-martha-tun-wir-haben-den-amazon-prime-day-sale-mit-nur-martha-stewarts-sage-ratschlaege-eingekauft\/#breadcrumb"},"inLanguage":"de","potentialAction":[{"@type":"ReadAction","target":["https:\/\/www.strassenweb.de\/nachrichten\/was-wuerde-martha-tun-wir-haben-den-amazon-prime-day-sale-mit-nur-martha-stewarts-sage-ratschlaege-eingekauft\/"]}]},{"@type":"ImageObject","inLanguage":"de","@id":"https:\/\/www.strassenweb.de\/nachrichten\/was-wuerde-martha-tun-wir-haben-den-amazon-prime-day-sale-mit-nur-martha-stewarts-sage-ratschlaege-eingekauft\/#primaryimage","url":"https:\/\/www.strassenweb.de\/nachrichten\/wp-content\/uploads\/2025\/05\/rnzho2YbjY25YLV5MmuttK.jpg","contentUrl":"https:\/\/www.strassenweb.de\/nachrichten\/wp-content\/uploads\/2025\/05\/rnzho2YbjY25YLV5MmuttK.jpg","width":1600,"height":900,"caption":"Martha Stewart"},{"@type":"BreadcrumbList","@id":"https:\/\/www.strassenweb.de\/nachrichten\/was-wuerde-martha-tun-wir-haben-den-amazon-prime-day-sale-mit-nur-martha-stewarts-sage-ratschlaege-eingekauft\/#breadcrumb","itemListElement":[{"@type":"ListItem","position":1,"name":"Home","item":"https:\/\/www.strassenweb.de\/nachrichten\/"},{"@type":"ListItem","position":2,"name":"Was w\u00fcrde Martha tun? Wir haben den Amazon Prime Day Sale mit nur Martha Stewarts Sage -Ratschl\u00e4ge eingekauft"}]},{"@type":"WebSite","@id":"https:\/\/www.strassenweb.de\/nachrichten\/#website","url":"https:\/\/www.strassenweb.de\/nachrichten\/","name":"Stra\u00dfenweb","description":"Stra\u00dfenverzeichnis f\u00fcr Deutschland","publisher":{"@id":"https:\/\/www.strassenweb.de\/nachrichten\/#organization"},"potentialAction":[{"@type":"SearchAction","target":{"@type":"EntryPoint","urlTemplate":"https:\/\/www.strassenweb.de\/nachrichten\/?s={search_term_string}"},"query-input":{"@type":"PropertyValueSpecification","valueRequired":true,"valueName":"search_term_string"}}],"inLanguage":"de"},{"@type":"Organization","@id":"https:\/\/www.strassenweb.de\/nachrichten\/#organization","name":"Stra\u00dfenweb","url":"https:\/\/www.strassenweb.de\/nachrichten\/","logo":{"@type":"ImageObject","inLanguage":"de","@id":"https:\/\/www.strassenweb.de\/nachrichten\/#\/schema\/logo\/image\/","url":"https:\/\/www.strassenweb.de\/nachrichten\/wp-content\/uploads\/2024\/09\/cropped-favicon.png","contentUrl":"https:\/\/www.strassenweb.de\/nachrichten\/wp-content\/uploads\/2024\/09\/cropped-favicon.png","width":512,"height":512,"caption":"Stra\u00dfenweb"},"image":{"@id":"https:\/\/www.strassenweb.de\/nachrichten\/#\/schema\/logo\/image\/"},"sameAs":["https:\/\/www.facebook.com\/strassenweb\/"]},{"@type":"Person","@id":"https:\/\/www.strassenweb.de\/nachrichten\/#\/schema\/person\/87c9c9067f1211da429a744dc5a5aa41","name":"Robert Hoffmann","image":{"@type":"ImageObject","inLanguage":"de","@id":"https:\/\/www.strassenweb.de\/nachrichten\/wp-content\/uploads\/2024\/09\/strassenweb-150x150.jpg","url":"https:\/\/www.strassenweb.de\/nachrichten\/wp-content\/uploads\/2024\/09\/strassenweb-150x150.jpg","contentUrl":"https:\/\/www.strassenweb.de\/nachrichten\/wp-content\/uploads\/2024\/09\/strassenweb-150x150.jpg","caption":"Robert Hoffmann"},"description":"Ich hei\u00dfe Robert Hoffmann und ich bin ein leidenschaftlicher Verfechter von \u00d6kologie und Biodiversit\u00e4t. Seit meiner Kindheit in den W\u00e4ldern Bayerns f\u00fchle ich mich mit der Natur verbunden und bin entschlossen, sie zu sch\u00fctzen. Heute widme ich mein Leben der Sensibilisierung anderer f\u00fcr die Bedeutung des Umweltschutzes f\u00fcr zuk\u00fcnftige Generationen.","sameAs":["https:\/\/www.strassenweb.de\/"]}]}},"_links":{"self":[{"href":"https:\/\/www.strassenweb.de\/nachrichten\/wp-json\/wp\/v2\/posts\/6193","targetHints":{"allow":["GET"]}}],"collection":[{"href":"https:\/\/www.strassenweb.de\/nachrichten\/wp-json\/wp\/v2\/posts"}],"about":[{"href":"https:\/\/www.strassenweb.de\/nachrichten\/wp-json\/wp\/v2\/types\/post"}],"author":[{"embeddable":true,"href":"https:\/\/www.strassenweb.de\/nachrichten\/wp-json\/wp\/v2\/users\/1"}],"replies":[{"embeddable":true,"href":"https:\/\/www.strassenweb.de\/nachrichten\/wp-json\/wp\/v2\/comments?post=6193"}],"version-history":[{"count":0,"href":"https:\/\/www.strassenweb.de\/nachrichten\/wp-json\/wp\/v2\/posts\/6193\/revisions"}],"wp:featuredmedia":[{"embeddable":true,"href":"https:\/\/www.strassenweb.de\/nachrichten\/wp-json\/wp\/v2\/media\/4936"}],"wp:attachment":[{"href":"https:\/\/www.strassenweb.de\/nachrichten\/wp-json\/wp\/v2\/media?parent=6193"}],"wp:term":[{"taxonomy":"category","embeddable":true,"href":"https:\/\/www.strassenweb.de\/nachrichten\/wp-json\/wp\/v2\/categories?post=6193"},{"taxonomy":"post_tag","embeddable":true,"href":"https:\/\/www.strassenweb.de\/nachrichten\/wp-json\/wp\/v2\/tags?post=6193"}],"curies":[{"name":"wp","href":"https:\/\/api.w.org\/{rel}","templated":true}]}}